{"id":4812,"date":"2023-09-28T11:33:34","date_gmt":"2023-09-28T09:33:34","guid":{"rendered":"https:\/\/wia.net.pl\/?p=4812"},"modified":"2023-09-28T11:33:34","modified_gmt":"2023-09-28T09:33:34","slug":"kto-jest-wlascicielem-stanow-zjednoczonych","status":"publish","type":"post","link":"https:\/\/wia.net.pl\/index.php\/2023\/09\/28\/kto-jest-wlascicielem-stanow-zjednoczonych\/","title":{"rendered":"Kto jest w\u0142a\u015bcicielem Stan\u00f3w Zjednoczonych?"},"content":{"rendered":"\n<p><em>Zapytaj ludzi o imieniu Haim Saban i Miriam Adelson<\/em><\/p>\n\n\n\n<p>Autor, <a href=\"https:\/\/www.unz.com\/author\/philip-giraldi\/\">PHILIP GIRALDI\u00a0<\/a><\/p>\n\n\n\n<figure class=\"wp-block-image size-full is-resized\"><img loading=\"lazy\" decoding=\"async\" src=\"https:\/\/wia.net.pl\/wp-content\/uploads\/2023\/09\/Saban-Obama-600x368-1.png\" alt=\"\" class=\"wp-image-4813\" style=\"width:839px;height:515px\" width=\"839\" height=\"515\" srcset=\"https:\/\/wia.net.pl\/wp-content\/uploads\/2023\/09\/Saban-Obama-600x368-1.png 600w, https:\/\/wia.net.pl\/wp-content\/uploads\/2023\/09\/Saban-Obama-600x368-1-300x184.png 300w\" sizes=\"(max-width: 839px) 100vw, 839px\" \/><\/figure>\n\n\n\n<p id=\"p_1_1\">Niedawny sparing pomi\u0119dzy Elonem Muskiem a nikczemnym Jonathanem Greenblattem z Ligi Przeciwko Znies\u0142awieniu (ADL) rzuci\u0142 sporo \u015bwiat\u0142a na skuteczne pr\u00f3by grup \u017cydowskich zdominowania ameryka\u0144skiej polityki zagranicznej, a tak\u017ce niekt\u00f3rych wewn\u0119trznych, cz\u0119\u015bciowo poprzez usuni\u0119cie Pierwszej Poprawki prawo do wolno\u015bci s\u0142owa, aby ich zachowanie nie mog\u0142o by\u0107 kwestionowane.&nbsp;Jak czytelnicy Unza zapewne wiedz\u0105, Musk zagrozi\u0142 pozwaniem ADL na&nbsp;<a href=\"https:\/\/dailystormer.in\/elon-threatens-to-sue-israeli-jew-terrorist-adl-group\/\">kwot\u0119 a\u017c 22 miliard\u00f3w dolar\u00f3w<\/a>&nbsp;za znies\u0142awienie go i wyrz\u0105dzenie materialnej szkody jego interesom biznesowym, a jednocze\u015bnie&nbsp;<a href=\"https:\/\/www.newsweek.com\/adl-has-lost-its-way-elon-musk-right-stand-censorship-opinion-1824691\">fa\u0142szywe oczernianie samego Muska i platformy<\/a>za rzekome zapewnienie antysemickiej przystani dla \u201emowy nienawi\u015bci\u201d.&nbsp;Zdaniem Muska ADL wywar\u0142a presj\u0119 na potencjalnych reklamodawc\u00f3w, aby nie robili z nim interes\u00f3w i ca\u0142kowicie bojkotowali jego portale spo\u0142eczno\u015bciowe.<\/p>\n\n\n\n<p id=\"p_1_2\">Greenblatt argumentuje, \u017ce materia\u0142y, kt\u00f3re uwa\u017ca za antysemickie, nie powinny by\u0107 publikowane na \u017cadnym forum publicznym, w tym na stronie X Muska, znanej wcze\u015bniej jako Twitter.&nbsp;Gdyby Greenblatt zajmowa\u0142 si\u0119 publicznym pod\u017ceganiem do zabijania \u017byd\u00f3w lub niszczenia ich mienia, mo\u017cna by postawi\u0107 spraw\u0119, ale faktem jest, \u017ce takie zachowanie jest ju\u017c karalne.&nbsp;Greenblatt jest o wiele bardziej ekspansywny, pot\u0119piaj\u0105c wszelk\u0105 krytyk\u0119 grupy \u017cydowskiej, a nawet indywidualnego zachowania lub dzia\u0142a\u0144 Izraela, kt\u00f3re obejmuj\u0105 r\u00f3\u017cne zbrodnie wojenne i zbrodnie przeciwko ludzko\u015bci, w tym obieranie za cel i zabijanie palesty\u0144skich dzieci oraz pobieranie narz\u0105d\u00f3w od wi\u0119\u017ani\u00f3w palesty\u0144skich.&nbsp;Izrael jest tak\u017ce narodem coraz bardziej ekskluzywnym etnicznie i wyznaj\u0105cym religi\u0119 pa\u0144stwow\u0105 nietolerancyjn\u0105 i represyjn\u0105 wobec innych wyzna\u0144, w tym mniejszo\u015bci chrze\u015bcija\u0144skich i muzu\u0142man\u00f3w.<\/p>\n\n\n\n<p id=\"p_1_3\">Opr\u00f3cz Muska Greenblatt i ADL r\u00f3wnie\u017c skupi\u0142y si\u0119 na Tuckerze Carlsonie, bior\u0105c pod uwag\u0119 jego wysok\u0105 pozycj\u0119 i popularno\u015b\u0107 w\u015br\u00f3d konserwatyst\u00f3w.&nbsp;<a href=\"https:\/\/twitter.com\/megynkelly\/status\/1441488744771723264\">Greenblatt wielokrotnie \u017c\u0105da\u0142<\/a>&nbsp;, aby Fox News zwolni\u0142 Tuckera za omawianie teorii \u201ewielkiego zast\u0105pienia\u201d, a tak\u017ce innych temat\u00f3w rozm\u00f3w bia\u0142ych nacjonalist\u00f3w.&nbsp;Greenblatt pot\u0119pi\u0142 rzekom\u0105 ch\u0119\u0107 Carlstona: \u201eWykorzystywanie swojej platformy jako megafonu do szerzenia toksycznej, antysemickiej i ksenofobicznej \u201eteorii wielkiego zast\u0105pienia\u201d jest odra\u017caj\u0105cym i niebezpiecznym nadu\u017cyciem jego platformy\u201d.&nbsp;Wezwa\u0142 reklamodawc\u00f3w, aby zaprzestali wspierania swoimi dolarami programu Carlsona i Fox i by\u0142 zachwycony, gdy w kwietniu Carlson zosta\u0142 ostatecznie zwolniony.&nbsp;Wielu uwa\u017ca, \u017ce \u200b\u200bdo strzelanin dosz\u0142o w du\u017cej mierze pod naciskiem ADL i innych grup \u017cydowskich.<\/p>\n\n\n\n<p id=\"p_1_4\">Innymi s\u0142owy, w Ameryce wyobra\u017conej przez Greenblatta i jego przyjaci\u00f3\u0142, kt\u00f3rzy wywieraj\u0105 presj\u0119 na reklamodawc\u00f3w, aby nie wspierali witryn takich jak X i uchwalaj\u0105 przepisy karz\u0105ce lub nawet kryminalizuj\u0105ce ka\u017cdego, kto stara si\u0119 bojkotowa\u0107 Izrael za jego zachowanie, mniej wi\u0119cej mo\u017cliwe b\u0119dzie wypowiada\u0107 si\u0119 swobodnie na ka\u017cdy temat, o ile nie dotyczy on \u017byd\u00f3w.&nbsp;Sugeruje to za\u0142o\u017cenie ADL, \u017ce \u017bydzi maj\u0105 specjalny status, kt\u00f3rym nie cieszy si\u0119 nikt inny.&nbsp;W rezultacie \u017bydzi byli w stanie wykorzysta\u0107 swoje rzekome pojedyncze i ci\u0105g\u0142e bycie ofiar\u0105, aby przyj\u0105\u0107 je&nbsp;<em>de facto<\/em>kontrol\u0119 nad medialnymi \u017ar\u00f3d\u0142ami informacji, a tak\u017ce nad obiema g\u0142\u00f3wnymi partiami politycznymi, korzystaj\u0105c ze starego, wypr\u00f3bowanego mechanizmu, pieni\u0119dzy i nie tylko.&nbsp;Jest to temat sam w sobie nie podlegaj\u0105cy dyskusji i kt\u00f3ry Greenblatt odrzuca jako antysemicki trop r\u00f3wnoznaczny z \u201emow\u0105 nienawi\u015bci\u201d.<\/p>\n\n\n\n<p id=\"p_1_5\">Co ciekawe, gniewu Greenblatta najwyra\u017aniej nie podziela izraelski premier Benjamin Netanjahu, kt\u00f3rego uwa\u017ca si\u0119 za nie kurcz\u0105cego si\u0119 fioletu, je\u015bli chodzi o promowanie interes\u00f3w jego kraju, jego zdaniem, oraz dominacji \u017cydostwa na \u015bwiecie.&nbsp;Netanjahu by\u0142 w zesz\u0142ym tygodniu w Stanach Zjednoczonych na dorocznym posiedzeniu Zgromadzenia Og\u00f3lnego ONZ, ale znalaz\u0142 czas, aby polecie\u0107 do Kalifornii, aby odwiedzi\u0107 fabryk\u0119 samochod\u00f3w Tesla nale\u017c\u0105c\u0105 do Muska.&nbsp;Obaj m\u0119\u017cczy\u017ani usiedli, aby odby\u0107 publiczn\u0105 pogaw\u0119dk\u0119 przed kamerami informacyjnymi i chocia\u017c by\u0142o jasne, \u017ce zachowywali si\u0119 uprzejmie i nieagresywnie, prawd\u0105 by\u0142o r\u00f3wnie\u017c, \u017ce Netanjahu uwa\u017ca\u0142, aby nie oskar\u017cy\u0107 Muska o bycie antysemit\u0105 lub nic podobnego.<\/p>\n\n\n\n<p id=\"p_1_6\">Netanjahu, kt\u00f3ry by\u0107 mo\u017ce lepiej ni\u017c Greenblatt rozumie, w kt\u00f3r\u0105 stron\u0119 wiod\u0105 wiatry w sprawie jego kraju i w\u0142adzy \u017cydowskiej w og\u00f3le, mo\u017ce prowadzi\u0107 sprytn\u0105 gr\u0119, w kt\u00f3rej unika ostrego i niebezpiecznego podej\u015bcia Greenblatta, jednocze\u015bnie post\u0119puj\u0105c spokojnie w kwestiach etnicznych oczyszczenie Palesty\u0144czyk\u00f3w i wywy\u017cszenie si\u0119 u w\u0142adzy poprzez atak na krajowe s\u0105dy.&nbsp;Netanjahu wyra\u017anie rozumie, \u017ce Izrael przekroczy\u0142 pr\u00f3g apartheidu w stosunku do Palestyny \u200b\u200bi jej s\u0105siad\u00f3w oraz \u017ce wi\u0119kszo\u015b\u0107 \u015bwiata gardzi jego krajem, w tym wielu Amerykan\u00f3w, kt\u00f3rzy zaczynaj\u0105 widzie\u0107 \u015bwiat\u0142o na to, \u017ce byli wykorzystywani i maltretowani w przesz\u0142o\u015bci 75 lat.&nbsp;Zdecydowa\u0142 si\u0119 ignorowa\u0107 krytyk\u0119, co jest najm\u0105drzejsz\u0105 drog\u0105 i mo\u017ce mie\u0107 racj\u0119.<\/p>\n\n\n\n<p id=\"p_1_7\">W jaki spos\u00f3b \u017bydzi w Ameryce i Kanadzie, a tak\u017ce w Europie i Australazji stali si\u0119 tak pot\u0119\u017cni politycznie?&nbsp;Teraz, gdy Musk otworzy\u0142 drzwi do nieco szczerej dyskusji na temat kwestii \u017cydowskiej, w mediach zacz\u0119\u0142o pojawia\u0107 si\u0119 wiele artyku\u0142\u00f3w i dyskusji, a niekt\u00f3re uniwersytety rozwin\u0119\u0142y si\u0119 nawet na tyle, aby zacz\u0105\u0107 uczy\u0107 prawdziwych narracji o Bliskim Wschodzie,&nbsp;<a href=\"https:\/\/jewishinsider.com\/2023\/09\/university-of-pennsylvania-anti-defamation-league-elizabeth-magill-jonathan-greenblatt\/\">wspieranych<\/a>&nbsp;przez ksi\u0105\u017cek, kt\u00f3re grupy takie jak ADL chc\u0105 zakaza\u0107.&nbsp;Najbardziej&nbsp;<a href=\"https:\/\/mondoweiss.net\/2023\/09\/bidens-israel-policy-is-scripted-by-saban\/?ml_recipient=99836513206929386&amp;ml_link=99836208683681474&amp;utm_source=newsletter&amp;utm_medium=email&amp;utm_term=2023-09-20&amp;utm_campaign=Daily+Headlines\">wp\u0142ywowy artyku\u0142, jaki ukaza\u0142 si\u0119 ostatnio,<\/a>&nbsp;dotyczy\u0142&nbsp;<em>Mondoweissa<\/em>&nbsp;, zatytu\u0142owany \u201ePolityka izraelska Bidena jest skomponowana przez Sabana\u201d.<\/p>\n\n\n\n<p id=\"p_1_8\"><em>Mondoweissa<\/em> tytu\u0142 nawi\u0105zuje do izraelsko-ameryka\u0144skiego producenta medialnego z Hollywood, Haima Sabana, kt\u00f3ry podsumowuje swoj\u0105 filozofi\u0119 polityczn\u0105 zwi\u0119z\u0142ym stwierdzeniem: \u201eZajmuj\u0119 si\u0119 jedn\u0105 kwesti\u0105, a moj\u0105 spraw\u0105 jest Izrael!\u201d\u00a0Saban by\u0142 najwi\u0119kszym indywidualnym darczy\u0144c\u0105 Partii Demokratycznej od czas\u00f3w Clinton\u00f3w, a jego w\u0142adza zaowocowa\u0142a niezachwian\u0105 wierno\u015bci\u0105 interesom Stan\u00f3w Zjednoczonych, postrzeganym przez pryzmat ich stosunk\u00f3w z pa\u0144stwem \u017cydowskim.\u00a0Jest podobny do nie\u017cyj\u0105cego ju\u017c megadonora Sheldona Adelsona, kt\u00f3ry t\u0119 sam\u0105 przys\u0142ug\u0119 wykona\u0142 dla Partii Republika\u0144skiej.\u00a0\u017bona Sheldona, Miriam, Izraelka, podtrzyma\u0142a dziedzictwo polegaj\u0105ce na utrzymywaniu w\u0142adzy Partii Republika\u0144skiej w ryzach poprzez kontrol\u0119 darowizn na cele polityczne.\u00a0Wed\u0142ug doniesie\u0144 Adelsonowie byli odpowiedzialni za przeniesienie przez Donalda Trumpa ambasady USA w Izraelu z Tel Awiwu do Jerozolimy oraz za inne ust\u0119pstwa wobec Palesty\u0144czyk\u00f3w, Ira\u0144czyk\u00f3w i Syryjczyk\u00f3w.\u00a0Wycofanie si\u0119 Stan\u00f3w Zjednoczonych ze Wsp\u00f3lnego kompleksowego planu dzia\u0142ania (JCPOA) wynika\u0142o z nacisk\u00f3w ze strony Adelsona, co by\u0142o posuni\u0119ciem sprzecznym z faktycznym interesem USA polegaj\u0105cym na monitorowaniu ira\u0144skiego rozwoju technologii nuklearnej.\u00a0Jedyn\u0105 pora\u017ck\u0105 Sheldona by\u0142o to, \u017ce nie uda\u0142o mu si\u0119 przekona\u0107 Trumpa do zbombardowania Iranu.<\/p>\n\n\n\n<p id=\"p_1_9\">Sabana, kt\u00f3ry niedawno sp\u0119dzi\u0142 trzy godziny w Gabinecie Owalnym, doradzaj\u0105c Joe Bidenowi, najlepiej wida\u0107 po jego w\u0142asnych komentarzach na temat stosunk\u00f3w mi\u0119dzy USA i Izraelem.&nbsp;Wskaz\u00f3wka: interesy Izraela zawsze s\u0105 na pierwszym miejscu!&nbsp;Na przyk\u0142ad zlekcewa\u017cy\u0142 krytyk\u0119 dotycz\u0105c\u0105 przekazywania pieni\u0119dzy AIPAC, \u201ekt\u00f3ry wspiera republika\u0144skich zaprzeczaj\u0105cych wyborom, poniewa\u017c jego jedyn\u0105 spraw\u0105 jest Izrael\u201d, m\u00f3wi\u0105c w wywiadzie: \u201eJedynym celem tej organizacji jest zapobieganie sytuacji, w kt\u00f3rej ludzie sprzeciwiaj\u0105cy si\u0119 USA-Izraelowi stosunk\u00f3w mi\u0119dzy Jerozolim\u0105 a Waszyngtonem\u2026 Wielu Demokrat\u00f3w dzwoni\u0142o do mnie i pyta\u0142o: \u201eCzy jeste\u015b g\u0142upi?\u201d.&nbsp;jeste\u015b Demokrat\u0105, kt\u00f3ry wspiera [neguj\u0105cych wybory w 2020 r.]?\u201d&nbsp;Zawsze powtarzam to samo: jest to konkretna, okre\u015blona kwestia, a mianowicie stosunki USA-Izrael.&nbsp;W tym sensie nic innego mnie nie interesuje.\u201d<\/p>\n\n\n\n<p id=\"p_1_10\">Odnosz\u0105c si\u0119 do kierownictwa Partii Demokratycznej i Joe Bidena, Saban zauwa\u017cy\u0142, \u017ce partia jest \u201enadal zdecydowanie proizraelska, a tylko kilkunastu cz\u0142onk\u00f3w Kongresu jest antyizraelskich\u201d.&nbsp;Saban finansowa\u0142 Hillary Clinton w 2008 r., ale zareagowa\u0142 ze z\u0142o\u015bci\u0105, gdy Obama \u201eodm\u00f3wi\u0142 powt\u00f3rzenia wezwania Hillary Clinton do\u201e unicestwienia \u201dIranu, je\u015bli Iran zaatakuje Izrael\u201d.&nbsp;Saban nie ufa\u0142 Obamie w kwestii Izraela i pocz\u0105tkowo spotka\u0142 si\u0119 z odmow\u0105, gdy pr\u00f3bowa\u0142 um\u00f3wi\u0107 si\u0119 na spotkanie w 2010 roku. Powiedzia\u0142 dziennikarzowi, \u017ce \u201emia\u0142em list\u0119 pyta\u0144\u2026 A Chicago\u201d \u2013 siedziba kampanii Obamy \u2013 \u201enie mog\u0142o tego zorganizowa\u0107 spotkanie.&nbsp;\u2026 By\u0142em gotowy i ch\u0119tny do pomocy, ale \u201epomocny\u201d nie oznacza wypisywania czeku na dwa tysi\u0105ce trzysta dolar\u00f3w.&nbsp;Chodzi o zebranie milion\u00f3w, do czego jestem w pe\u0142ni zdolny\u201d.&nbsp;Obama w ko\u0144cu zacz\u0105\u0142 szanowa\u0107 miliony Sabana.&nbsp;\u201eDo 2013 roku, Panie Prezydencie<a href=\"https:\/\/www.newyorker.com\/magazine\/2014\/01\/27\/going-the-distance-david-remnick\">Obama by\u0142 m\u00f3wc\u0105 podczas zbi\u00f3rki pieni\u0119dzy w domu Saban\u00f3w w Los Angeles, w kt\u00f3rej<\/a>&nbsp;wzi\u0119\u0142o udzia\u0142 120 os\u00f3b, kt\u00f3re zap\u0142aci\u0142y za udzia\u0142 od 16 200 do 32 400 dolar\u00f3w ka\u017cda\u201d.<\/p>\n\n\n\n<p id=\"p_1_11\">W rezultacie tej hojno\u015bci polityk\u0119 Bidena na Bliskim Wschodzie pisze obecnie Haim Saban, kt\u00f3rego miliony potrzebuje na nadchodz\u0105c\u0105 kampani\u0119 w 2024 roku.&nbsp;To takie proste, doceni\u0107 fakt, \u017ce przekazanie got\u00f3wki do r\u0119ki jest lepsze ni\u017c frazesy na temat cierpi\u0105cych Palesty\u0144czyk\u00f3w.&nbsp;To w\u0142a\u015bnie stanowi \u201eprawd\u0119\u201d dla obu g\u0142\u00f3wnych partii politycznych, kt\u00f3rymi&nbsp;<em>de facto s\u0105<\/em>w\u0142asno\u015bci\u0105 Adelson\u00f3w i Saba\u0144czyk\u00f3w, kt\u00f3rzy zawsze b\u0119d\u0105 stawia\u0107 Izrael na pierwszym miejscu.&nbsp;Fakt, \u017ce Saban i Adelson (pochowany w Jerozolimie) byli i s\u0105 obywatelami Izraela i pozwolono im sprawowa\u0107 tak\u0105 w\u0142adz\u0119 w imieniu obcego kraju, z kt\u00f3rym Stany Zjednoczone nie maj\u0105 prawie \u017cadnych wsp\u00f3lnych warto\u015bci, je\u015bli chodzi o rzeczywiste warto\u015bci, jest haniebne i jest r\u00f3wnie\u017c technicznie nielegalne lub by\u0107 mo\u017ce nawet zdradliwe, poniewa\u017c dzia\u0142aj\u0105 jako zagraniczni agenci.&nbsp;I to jest co\u015b wi\u0119cej, je\u015bli chodzi o moralno\u015b\u0107 \u2013 to ha\u0144ba.&nbsp;Szczeg\u00f3lnie Joe Biden powinien si\u0119 wstydzi\u0107, \u017ce spasowa\u0142 w konfrontacji z \u017cydowskimi pieni\u0119dzmi, gdy sprawuje w\u0142adz\u0119, ale najwyra\u017aniej nie jest to emocja, kt\u00f3r\u0105 jest mu znany.<\/p>\n\n\n\n<p id=\"p_1_12\"><em>Doktor Philip M. Giraldi jest dyrektorem wykonawczym Council for the National Interest, fundacji edukacyjnej podlegaj\u0105cej odliczeniu od podatku na podstawie ustawy 501(c)3 (federalny numer identyfikacyjny #52-1739023), kt\u00f3rej celem jest polityka zagraniczna USA w wi\u0119kszym stopniu oparta na interesach na Bliskim Wschodzie.\u00a0Strona internetowa to\u00a0<strong>Councilforthenationalinterest.org,<\/strong>\u00a0adres to PO Box 2157, Purcellville VA 20134, a adres e-mail to\u00a0<\/em><a href=\"mailto:inform@cnionline.org\"><strong>inform@cnionline.org<\/strong><\/a><em>\u00a0.<\/em><\/p>\n\n\n\n<p>\u0179r\u00f3d\u0142o <a href=\"https:\/\/www.unz.com\/pgiraldi\/who-owns-the-united-states\/\">https:\/\/www.unz.com\/pgiraldi\/who-owns-the-united-states\/<\/a><\/p>\n","protected":false},"excerpt":{"rendered":"<p>Zapytaj ludzi o imieniu Haim Saban i Miriam Adelson Autor, PHILIP GIRALDI\u00a0 Niedawny sparing pomi\u0119dzy Elonem Muskiem a nikczemnym Jonathanem Greenblattem z Ligi Przeciwko Znies\u0142awieniu (ADL) rzuci\u0142 sporo \u015bwiat\u0142a na skuteczne pr\u00f3by grup \u017cydowskich zdominowania ameryka\u0144skiej polityki zagranicznej, a tak\u017ce&#8230; <\/p>\n","protected":false},"author":2,"featured_media":4813,"comment_status":"open","ping_status":"open","sticky":false,"template":"","format":"standard","meta":{"_acf_changed":false,"_bbp_topic_count":0,"_bbp_reply_count":0,"_bbp_total_topic_count":0,"_bbp_total_reply_count":0,"_bbp_voice_count":0,"_bbp_anonymous_reply_count":0,"_bbp_topic_count_hidden":0,"_bbp_reply_count_hidden":0,"_bbp_forum_subforum_count":0,"om_disable_all_campaigns":false,"_monsterinsights_skip_tracking":false,"footnotes":""},"categories":[93],"tags":[],"class_list":["post-4812","post","type-post","status-publish","format-standard","has-post-thumbnail","hentry","category-artykuly"],"acf":[],"aioseo_notices":[],"aioseo_head":"\n\t\t<!-- All in One SEO 5.0.1.1 - aioseo.com -->\n\t<meta name=\"description\" content=\"Zapytaj ludzi o imieniu Haim Saban i Miriam Adelson Autor, PHILIP GIRALDI Niedawny sparing pomi\u0119dzy Elonem Muskiem a nikczemnym Jonathanem Greenblattem z Ligi Przeciwko Znies\u0142awieniu (ADL) rzuci\u0142 sporo \u015bwiat\u0142a na skuteczne pr\u00f3by grup \u017cydowskich zdominowania ameryka\u0144skiej polityki zagranicznej, a tak\u017ce niekt\u00f3rych wewn\u0119trznych, cz\u0119\u015bciowo poprzez usuni\u0119cie Pierwszej Poprawki prawo do wolno\u015bci s\u0142owa, aby ich zachowanie nie\" \/>\n\t<meta name=\"robots\" content=\"max-image-preview:large\" \/>\n\t<meta name=\"author\" content=\"trinity\"\/>\n\t<link rel=\"canonical\" href=\"https:\/\/wia.net.pl\/index.php\/2023\/09\/28\/kto-jest-wlascicielem-stanow-zjednoczonych\/\" \/>\n\t<meta name=\"generator\" content=\"All in One SEO (AIOSEO) 5.0.1.1\" \/>\n\t\t<meta property=\"og:locale\" content=\"pl_PL\" \/>\n\t\t<meta property=\"og:site_name\" content=\"Wolno\u015b\u0107 i Anarchia - Ka\u017cdy wewn\u0119trznie jest anarchist\u0105.\" \/>\n\t\t<meta property=\"og:type\" content=\"article\" \/>\n\t\t<meta property=\"og:title\" content=\"Kto jest w\u0142a\u015bcicielem Stan\u00f3w Zjednoczonych? - Wolno\u015b\u0107 i Anarchia\" \/>\n\t\t<meta property=\"og:description\" content=\"Zapytaj ludzi o imieniu Haim Saban i Miriam Adelson Autor, PHILIP GIRALDI Niedawny sparing pomi\u0119dzy Elonem Muskiem a nikczemnym Jonathanem Greenblattem z Ligi Przeciwko Znies\u0142awieniu (ADL) rzuci\u0142 sporo \u015bwiat\u0142a na skuteczne pr\u00f3by grup \u017cydowskich zdominowania ameryka\u0144skiej polityki zagranicznej, a tak\u017ce niekt\u00f3rych wewn\u0119trznych, cz\u0119\u015bciowo poprzez usuni\u0119cie Pierwszej Poprawki prawo do wolno\u015bci s\u0142owa, aby ich zachowanie nie\" \/>\n\t\t<meta property=\"og:url\" content=\"https:\/\/wia.net.pl\/index.php\/2023\/09\/28\/kto-jest-wlascicielem-stanow-zjednoczonych\/\" \/>\n\t\t<meta property=\"og:image\" content=\"https:\/\/wia.net.pl\/wp-content\/uploads\/2023\/11\/cropped-freedom-i73367.jpg\" \/>\n\t\t<meta property=\"og:image:secure_url\" content=\"https:\/\/wia.net.pl\/wp-content\/uploads\/2023\/11\/cropped-freedom-i73367.jpg\" \/>\n\t\t<meta property=\"article:published_time\" content=\"2023-09-28T09:33:34+00:00\" \/>\n\t\t<meta property=\"article:modified_time\" content=\"2023-09-28T09:33:34+00:00\" \/>\n\t\t<meta name=\"twitter:card\" content=\"summary_large_image\" \/>\n\t\t<meta name=\"twitter:title\" content=\"Kto jest w\u0142a\u015bcicielem Stan\u00f3w Zjednoczonych? - Wolno\u015b\u0107 i Anarchia\" \/>\n\t\t<meta name=\"twitter:description\" content=\"Zapytaj ludzi o imieniu Haim Saban i Miriam Adelson Autor, PHILIP GIRALDI Niedawny sparing pomi\u0119dzy Elonem Muskiem a nikczemnym Jonathanem Greenblattem z Ligi Przeciwko Znies\u0142awieniu (ADL) rzuci\u0142 sporo \u015bwiat\u0142a na skuteczne pr\u00f3by grup \u017cydowskich zdominowania ameryka\u0144skiej polityki zagranicznej, a tak\u017ce niekt\u00f3rych wewn\u0119trznych, cz\u0119\u015bciowo poprzez usuni\u0119cie Pierwszej Poprawki prawo do wolno\u015bci s\u0142owa, aby ich zachowanie nie\" \/>\n\t\t<meta name=\"twitter:image\" content=\"https:\/\/wia.net.pl\/wp-content\/uploads\/2023\/11\/cropped-freedom-i73367.jpg\" \/>\n\t\t<script type=\"application\/ld+json\" class=\"aioseo-schema\">\n\t\t\t{\"@context\":\"https:\\\/\\\/schema.org\",\"@graph\":[{\"@type\":\"BlogPosting\",\"@id\":\"https:\\\/\\\/wia.net.pl\\\/index.php\\\/2023\\\/09\\\/28\\\/kto-jest-wlascicielem-stanow-zjednoczonych\\\/#blogposting\",\"name\":\"Kto jest w\\u0142a\\u015bcicielem Stan\\u00f3w Zjednoczonych? - Wolno\\u015b\\u0107 i Anarchia\",\"headline\":\"Kto jest w\\u0142a\\u015bcicielem Stan\\u00f3w Zjednoczonych?\",\"author\":{\"@id\":\"https:\\\/\\\/wia.net.pl\\\/index.php\\\/author\\\/trinity\\\/#author\"},\"publisher\":{\"@id\":\"https:\\\/\\\/wia.net.pl\\\/#person\"},\"image\":{\"@type\":\"ImageObject\",\"url\":\"https:\\\/\\\/wia.net.pl\\\/wp-content\\\/uploads\\\/2023\\\/09\\\/Saban-Obama-600x368-1.png\",\"width\":600,\"height\":368},\"datePublished\":\"2023-09-28T11:33:34+02:00\",\"dateModified\":\"2023-09-28T11:33:34+02:00\",\"inLanguage\":\"pl-PL\",\"mainEntityOfPage\":{\"@id\":\"https:\\\/\\\/wia.net.pl\\\/index.php\\\/2023\\\/09\\\/28\\\/kto-jest-wlascicielem-stanow-zjednoczonych\\\/#webpage\"},\"isPartOf\":{\"@id\":\"https:\\\/\\\/wia.net.pl\\\/index.php\\\/2023\\\/09\\\/28\\\/kto-jest-wlascicielem-stanow-zjednoczonych\\\/#webpage\"},\"articleSection\":\"Artyku\\u0142y\"},{\"@type\":\"BreadcrumbList\",\"@id\":\"https:\\\/\\\/wia.net.pl\\\/index.php\\\/2023\\\/09\\\/28\\\/kto-jest-wlascicielem-stanow-zjednoczonych\\\/#breadcrumblist\",\"itemListElement\":[{\"@type\":\"ListItem\",\"@id\":\"https:\\\/\\\/wia.net.pl#listItem\",\"position\":1,\"name\":\"Home\",\"item\":\"https:\\\/\\\/wia.net.pl\",\"nextItem\":{\"@type\":\"ListItem\",\"@id\":\"https:\\\/\\\/wia.net.pl\\\/index.php\\\/category\\\/artykuly\\\/#listItem\",\"name\":\"Artyku\\u0142y\"}},{\"@type\":\"ListItem\",\"@id\":\"https:\\\/\\\/wia.net.pl\\\/index.php\\\/category\\\/artykuly\\\/#listItem\",\"position\":2,\"name\":\"Artyku\\u0142y\",\"item\":\"https:\\\/\\\/wia.net.pl\\\/index.php\\\/category\\\/artykuly\\\/\",\"nextItem\":{\"@type\":\"ListItem\",\"@id\":\"https:\\\/\\\/wia.net.pl\\\/index.php\\\/2023\\\/09\\\/28\\\/kto-jest-wlascicielem-stanow-zjednoczonych\\\/#listItem\",\"name\":\"Kto jest w\\u0142a\\u015bcicielem Stan\\u00f3w Zjednoczonych?\"},\"previousItem\":{\"@type\":\"ListItem\",\"@id\":\"https:\\\/\\\/wia.net.pl#listItem\",\"name\":\"Home\"}},{\"@type\":\"ListItem\",\"@id\":\"https:\\\/\\\/wia.net.pl\\\/index.php\\\/2023\\\/09\\\/28\\\/kto-jest-wlascicielem-stanow-zjednoczonych\\\/#listItem\",\"position\":3,\"name\":\"Kto jest w\\u0142a\\u015bcicielem Stan\\u00f3w Zjednoczonych?\",\"previousItem\":{\"@type\":\"ListItem\",\"@id\":\"https:\\\/\\\/wia.net.pl\\\/index.php\\\/category\\\/artykuly\\\/#listItem\",\"name\":\"Artyku\\u0142y\"}}]},{\"@type\":\"Person\",\"@id\":\"https:\\\/\\\/wia.net.pl\\\/#person\",\"name\":\"Bart\\u0142omiej Talarczyk\",\"image\":{\"@type\":\"ImageObject\",\"@id\":\"https:\\\/\\\/wia.net.pl\\\/index.php\\\/2023\\\/09\\\/28\\\/kto-jest-wlascicielem-stanow-zjednoczonych\\\/#personImage\",\"url\":\"https:\\\/\\\/wia.net.pl\\\/wp-content\\\/uploads\\\/avatar-privacy\\\/cache\\\/user\\\/1\\\/7\\\/176a6b161c58363ff49b5c167264231f519f5c7fa183ca1f61e891769b6b56d5-96.jpg\",\"width\":96,\"height\":96,\"caption\":\"Bart\\u0142omiej Talarczyk\"}},{\"@type\":\"Person\",\"@id\":\"https:\\\/\\\/wia.net.pl\\\/index.php\\\/author\\\/trinity\\\/#author\",\"url\":\"https:\\\/\\\/wia.net.pl\\\/index.php\\\/author\\\/trinity\\\/\",\"name\":\"trinity\",\"image\":{\"@type\":\"ImageObject\",\"@id\":\"https:\\\/\\\/wia.net.pl\\\/index.php\\\/2023\\\/09\\\/28\\\/kto-jest-wlascicielem-stanow-zjednoczonych\\\/#authorImage\",\"url\":\"https:\\\/\\\/wia.net.pl\\\/wp-content\\\/uploads\\\/avatar-privacy\\\/cache\\\/user\\\/5\\\/f\\\/5f6547cf82495eaa10e100a6a45d5dbde2dfdc1be88557de2018fca705bdf6f1-96.jpg\",\"width\":96,\"height\":96,\"caption\":\"trinity\"}},{\"@type\":\"WebPage\",\"@id\":\"https:\\\/\\\/wia.net.pl\\\/index.php\\\/2023\\\/09\\\/28\\\/kto-jest-wlascicielem-stanow-zjednoczonych\\\/#webpage\",\"url\":\"https:\\\/\\\/wia.net.pl\\\/index.php\\\/2023\\\/09\\\/28\\\/kto-jest-wlascicielem-stanow-zjednoczonych\\\/\",\"name\":\"Kto jest w\\u0142a\\u015bcicielem Stan\\u00f3w Zjednoczonych? - Wolno\\u015b\\u0107 i Anarchia\",\"description\":\"Zapytaj ludzi o imieniu Haim Saban i Miriam Adelson Autor, PHILIP GIRALDI Niedawny sparing pomi\\u0119dzy Elonem Muskiem a nikczemnym Jonathanem Greenblattem z Ligi Przeciwko Znies\\u0142awieniu (ADL) rzuci\\u0142 sporo \\u015bwiat\\u0142a na skuteczne pr\\u00f3by grup \\u017cydowskich zdominowania ameryka\\u0144skiej polityki zagranicznej, a tak\\u017ce niekt\\u00f3rych wewn\\u0119trznych, cz\\u0119\\u015bciowo poprzez usuni\\u0119cie Pierwszej Poprawki prawo do wolno\\u015bci s\\u0142owa, aby ich zachowanie nie\",\"inLanguage\":\"pl-PL\",\"isPartOf\":{\"@id\":\"https:\\\/\\\/wia.net.pl\\\/#website\"},\"breadcrumb\":{\"@id\":\"https:\\\/\\\/wia.net.pl\\\/index.php\\\/2023\\\/09\\\/28\\\/kto-jest-wlascicielem-stanow-zjednoczonych\\\/#breadcrumblist\"},\"author\":{\"@id\":\"https:\\\/\\\/wia.net.pl\\\/index.php\\\/author\\\/trinity\\\/#author\"},\"creator\":{\"@id\":\"https:\\\/\\\/wia.net.pl\\\/index.php\\\/author\\\/trinity\\\/#author\"},\"image\":{\"@type\":\"ImageObject\",\"url\":\"https:\\\/\\\/wia.net.pl\\\/wp-content\\\/uploads\\\/2023\\\/09\\\/Saban-Obama-600x368-1.png\",\"@id\":\"https:\\\/\\\/wia.net.pl\\\/index.php\\\/2023\\\/09\\\/28\\\/kto-jest-wlascicielem-stanow-zjednoczonych\\\/#mainImage\",\"width\":600,\"height\":368},\"primaryImageOfPage\":{\"@id\":\"https:\\\/\\\/wia.net.pl\\\/index.php\\\/2023\\\/09\\\/28\\\/kto-jest-wlascicielem-stanow-zjednoczonych\\\/#mainImage\"},\"datePublished\":\"2023-09-28T11:33:34+02:00\",\"dateModified\":\"2023-09-28T11:33:34+02:00\"},{\"@type\":\"WebSite\",\"@id\":\"https:\\\/\\\/wia.net.pl\\\/#website\",\"url\":\"https:\\\/\\\/wia.net.pl\\\/\",\"name\":\"Wolno\\u015b\\u0107 i Anarchia\",\"description\":\"Ka\\u017cdy wewn\\u0119trznie jest anarchist\\u0105.\",\"inLanguage\":\"pl-PL\",\"publisher\":{\"@id\":\"https:\\\/\\\/wia.net.pl\\\/#person\"}}]}\n\t\t<\/script>\n\t\t<!-- All in One SEO -->\n\n","aioseo_head_json":{"title":"Kto jest w\u0142a\u015bcicielem Stan\u00f3w Zjednoczonych? - Wolno\u015b\u0107 i Anarchia","description":"Zapytaj ludzi o imieniu Haim Saban i Miriam Adelson Autor, PHILIP GIRALDI Niedawny sparing pomi\u0119dzy Elonem Muskiem a nikczemnym Jonathanem Greenblattem z Ligi Przeciwko Znies\u0142awieniu (ADL) rzuci\u0142 sporo \u015bwiat\u0142a na skuteczne pr\u00f3by grup \u017cydowskich zdominowania ameryka\u0144skiej polityki zagranicznej, a tak\u017ce niekt\u00f3rych wewn\u0119trznych, cz\u0119\u015bciowo poprzez usuni\u0119cie Pierwszej Poprawki prawo do wolno\u015bci s\u0142owa, aby ich zachowanie nie","canonical_url":"https:\/\/wia.net.pl\/index.php\/2023\/09\/28\/kto-jest-wlascicielem-stanow-zjednoczonych\/","robots":"max-image-preview:large","keywords":"","webmasterTools":{"miscellaneous":""},"schema":{"@context":"https:\/\/schema.org","@graph":[{"@type":"BlogPosting","@id":"https:\/\/wia.net.pl\/index.php\/2023\/09\/28\/kto-jest-wlascicielem-stanow-zjednoczonych\/#blogposting","name":"Kto jest w\u0142a\u015bcicielem Stan\u00f3w Zjednoczonych? - Wolno\u015b\u0107 i Anarchia","headline":"Kto jest w\u0142a\u015bcicielem Stan\u00f3w Zjednoczonych?","author":{"@id":"https:\/\/wia.net.pl\/index.php\/author\/trinity\/#author"},"publisher":{"@id":"https:\/\/wia.net.pl\/#person"},"image":{"@type":"ImageObject","url":"https:\/\/wia.net.pl\/wp-content\/uploads\/2023\/09\/Saban-Obama-600x368-1.png","width":600,"height":368},"datePublished":"2023-09-28T11:33:34+02:00","dateModified":"2023-09-28T11:33:34+02:00","inLanguage":"pl-PL","mainEntityOfPage":{"@id":"https:\/\/wia.net.pl\/index.php\/2023\/09\/28\/kto-jest-wlascicielem-stanow-zjednoczonych\/#webpage"},"isPartOf":{"@id":"https:\/\/wia.net.pl\/index.php\/2023\/09\/28\/kto-jest-wlascicielem-stanow-zjednoczonych\/#webpage"},"articleSection":"Artyku\u0142y"},{"@type":"BreadcrumbList","@id":"https:\/\/wia.net.pl\/index.php\/2023\/09\/28\/kto-jest-wlascicielem-stanow-zjednoczonych\/#breadcrumblist","itemListElement":[{"@type":"ListItem","@id":"https:\/\/wia.net.pl#listItem","position":1,"name":"Home","item":"https:\/\/wia.net.pl","nextItem":{"@type":"ListItem","@id":"https:\/\/wia.net.pl\/index.php\/category\/artykuly\/#listItem","name":"Artyku\u0142y"}},{"@type":"ListItem","@id":"https:\/\/wia.net.pl\/index.php\/category\/artykuly\/#listItem","position":2,"name":"Artyku\u0142y","item":"https:\/\/wia.net.pl\/index.php\/category\/artykuly\/","nextItem":{"@type":"ListItem","@id":"https:\/\/wia.net.pl\/index.php\/2023\/09\/28\/kto-jest-wlascicielem-stanow-zjednoczonych\/#listItem","name":"Kto jest w\u0142a\u015bcicielem Stan\u00f3w Zjednoczonych?"},"previousItem":{"@type":"ListItem","@id":"https:\/\/wia.net.pl#listItem","name":"Home"}},{"@type":"ListItem","@id":"https:\/\/wia.net.pl\/index.php\/2023\/09\/28\/kto-jest-wlascicielem-stanow-zjednoczonych\/#listItem","position":3,"name":"Kto jest w\u0142a\u015bcicielem Stan\u00f3w Zjednoczonych?","previousItem":{"@type":"ListItem","@id":"https:\/\/wia.net.pl\/index.php\/category\/artykuly\/#listItem","name":"Artyku\u0142y"}}]},{"@type":"Person","@id":"https:\/\/wia.net.pl\/#person","name":"Bart\u0142omiej Talarczyk","image":{"@type":"ImageObject","@id":"https:\/\/wia.net.pl\/index.php\/2023\/09\/28\/kto-jest-wlascicielem-stanow-zjednoczonych\/#personImage","url":"https:\/\/wia.net.pl\/wp-content\/uploads\/avatar-privacy\/cache\/user\/1\/7\/176a6b161c58363ff49b5c167264231f519f5c7fa183ca1f61e891769b6b56d5-96.jpg","width":96,"height":96,"caption":"Bart\u0142omiej Talarczyk"}},{"@type":"Person","@id":"https:\/\/wia.net.pl\/index.php\/author\/trinity\/#author","url":"https:\/\/wia.net.pl\/index.php\/author\/trinity\/","name":"trinity","image":{"@type":"ImageObject","@id":"https:\/\/wia.net.pl\/index.php\/2023\/09\/28\/kto-jest-wlascicielem-stanow-zjednoczonych\/#authorImage","url":"https:\/\/wia.net.pl\/wp-content\/uploads\/avatar-privacy\/cache\/user\/5\/f\/5f6547cf82495eaa10e100a6a45d5dbde2dfdc1be88557de2018fca705bdf6f1-96.jpg","width":96,"height":96,"caption":"trinity"}},{"@type":"WebPage","@id":"https:\/\/wia.net.pl\/index.php\/2023\/09\/28\/kto-jest-wlascicielem-stanow-zjednoczonych\/#webpage","url":"https:\/\/wia.net.pl\/index.php\/2023\/09\/28\/kto-jest-wlascicielem-stanow-zjednoczonych\/","name":"Kto jest w\u0142a\u015bcicielem Stan\u00f3w Zjednoczonych? - Wolno\u015b\u0107 i Anarchia","description":"Zapytaj ludzi o imieniu Haim Saban i Miriam Adelson Autor, PHILIP GIRALDI Niedawny sparing pomi\u0119dzy Elonem Muskiem a nikczemnym Jonathanem Greenblattem z Ligi Przeciwko Znies\u0142awieniu (ADL) rzuci\u0142 sporo \u015bwiat\u0142a na skuteczne pr\u00f3by grup \u017cydowskich zdominowania ameryka\u0144skiej polityki zagranicznej, a tak\u017ce niekt\u00f3rych wewn\u0119trznych, cz\u0119\u015bciowo poprzez usuni\u0119cie Pierwszej Poprawki prawo do wolno\u015bci s\u0142owa, aby ich zachowanie nie","inLanguage":"pl-PL","isPartOf":{"@id":"https:\/\/wia.net.pl\/#website"},"breadcrumb":{"@id":"https:\/\/wia.net.pl\/index.php\/2023\/09\/28\/kto-jest-wlascicielem-stanow-zjednoczonych\/#breadcrumblist"},"author":{"@id":"https:\/\/wia.net.pl\/index.php\/author\/trinity\/#author"},"creator":{"@id":"https:\/\/wia.net.pl\/index.php\/author\/trinity\/#author"},"image":{"@type":"ImageObject","url":"https:\/\/wia.net.pl\/wp-content\/uploads\/2023\/09\/Saban-Obama-600x368-1.png","@id":"https:\/\/wia.net.pl\/index.php\/2023\/09\/28\/kto-jest-wlascicielem-stanow-zjednoczonych\/#mainImage","width":600,"height":368},"primaryImageOfPage":{"@id":"https:\/\/wia.net.pl\/index.php\/2023\/09\/28\/kto-jest-wlascicielem-stanow-zjednoczonych\/#mainImage"},"datePublished":"2023-09-28T11:33:34+02:00","dateModified":"2023-09-28T11:33:34+02:00"},{"@type":"WebSite","@id":"https:\/\/wia.net.pl\/#website","url":"https:\/\/wia.net.pl\/","name":"Wolno\u015b\u0107 i Anarchia","description":"Ka\u017cdy wewn\u0119trznie jest anarchist\u0105.","inLanguage":"pl-PL","publisher":{"@id":"https:\/\/wia.net.pl\/#person"}}]},"og:locale":"pl_PL","og:site_name":"Wolno\u015b\u0107 i Anarchia - Ka\u017cdy wewn\u0119trznie jest anarchist\u0105.","og:type":"article","og:title":"Kto jest w\u0142a\u015bcicielem Stan\u00f3w Zjednoczonych? - Wolno\u015b\u0107 i Anarchia","og:description":"Zapytaj ludzi o imieniu Haim Saban i Miriam Adelson Autor, PHILIP GIRALDI Niedawny sparing pomi\u0119dzy Elonem Muskiem a nikczemnym Jonathanem Greenblattem z Ligi Przeciwko Znies\u0142awieniu (ADL) rzuci\u0142 sporo \u015bwiat\u0142a na skuteczne pr\u00f3by grup \u017cydowskich zdominowania ameryka\u0144skiej polityki zagranicznej, a tak\u017ce niekt\u00f3rych wewn\u0119trznych, cz\u0119\u015bciowo poprzez usuni\u0119cie Pierwszej Poprawki prawo do wolno\u015bci s\u0142owa, aby ich zachowanie nie","og:url":"https:\/\/wia.net.pl\/index.php\/2023\/09\/28\/kto-jest-wlascicielem-stanow-zjednoczonych\/","og:image":"https:\/\/wia.net.pl\/wp-content\/uploads\/2023\/11\/cropped-freedom-i73367.jpg","og:image:secure_url":"https:\/\/wia.net.pl\/wp-content\/uploads\/2023\/11\/cropped-freedom-i73367.jpg","article:published_time":"2023-09-28T09:33:34+00:00","article:modified_time":"2023-09-28T09:33:34+00:00","twitter:card":"summary_large_image","twitter:title":"Kto jest w\u0142a\u015bcicielem Stan\u00f3w Zjednoczonych? - Wolno\u015b\u0107 i Anarchia","twitter:description":"Zapytaj ludzi o imieniu Haim Saban i Miriam Adelson Autor, PHILIP GIRALDI Niedawny sparing pomi\u0119dzy Elonem Muskiem a nikczemnym Jonathanem Greenblattem z Ligi Przeciwko Znies\u0142awieniu (ADL) rzuci\u0142 sporo \u015bwiat\u0142a na skuteczne pr\u00f3by grup \u017cydowskich zdominowania ameryka\u0144skiej polityki zagranicznej, a tak\u017ce niekt\u00f3rych wewn\u0119trznych, cz\u0119\u015bciowo poprzez usuni\u0119cie Pierwszej Poprawki prawo do wolno\u015bci s\u0142owa, aby ich zachowanie nie","twitter:image":"https:\/\/wia.net.pl\/wp-content\/uploads\/2023\/11\/cropped-freedom-i73367.jpg"},"aioseo_meta_data":{"post_id":"4812","title":null,"description":null,"keywords":[],"keyphrases":{"focus":{"keyphrase":"","score":0,"analysis":{"keyphraseInTitle":{"score":0,"maxScore":9,"error":1}}},"additional":[]},"primary_term":null,"canonical_url":null,"og_title":null,"og_description":null,"og_object_type":"default","og_image_type":"default","og_image_url":null,"og_image_width":null,"og_image_height":null,"og_image_custom_url":null,"og_image_custom_fields":null,"og_video":"","og_custom_url":null,"og_article_section":null,"og_article_tags":[],"twitter_use_og":false,"twitter_card":"default","twitter_image_type":"default","twitter_image_url":null,"twitter_image_custom_url":null,"twitter_image_custom_fields":null,"twitter_title":null,"twitter_description":null,"schema":{"blockGraphs":[],"customGraphs":[],"default":{"data":{"Article":[],"Course":[],"Dataset":[],"FAQPage":[],"Movie":[],"Person":[],"Product":[],"ProductReview":[],"Car":[],"Recipe":[],"Service":[],"SoftwareApplication":[],"WebPage":[]},"graphName":"BlogPosting","isEnabled":true},"graphs":[]},"schema_type":"default","schema_type_options":null,"pillar_content":false,"robots_default":true,"robots_noindex":false,"robots_noarchive":false,"robots_nosnippet":false,"robots_nofollow":false,"robots_noimageindex":false,"robots_noodp":false,"robots_notranslate":false,"robots_max_snippet":"-1","robots_max_videopreview":"-1","robots_max_imagepreview":"large","priority":null,"frequency":"default","local_seo":null,"breadcrumb_settings":null,"limit_modified_date":false,"ai":null,"created":"2023-09-28 09:33:34","updated":"2025-06-04 09:23:28","seo_analyzer_scan_date":null,"focus_keyword":null,"additional_keywords":null,"truseo_locale":null},"aioseo_breadcrumb":"<div class=\"aioseo-breadcrumbs\"><span class=\"aioseo-breadcrumb\">\n\t\t\t<a href=\"https:\/\/wia.net.pl\" title=\"Home\">Home<\/a>\n\t\t<\/span><span class=\"aioseo-breadcrumb-separator\">&raquo;<\/span><span class=\"aioseo-breadcrumb\">\n\t\t\t<a href=\"https:\/\/wia.net.pl\/index.php\/category\/artykuly\/\" title=\"Artyku\u0142y\">Artyku\u0142y<\/a>\n\t\t<\/span><span class=\"aioseo-breadcrumb-separator\">&raquo;<\/span><span class=\"aioseo-breadcrumb\">\n\t\t\tKto jest w\u0142a\u015bcicielem Stan\u00f3w Zjednoczonych?\n\t\t<\/span><\/div>","aioseo_breadcrumb_json":[{"label":"Home","link":"https:\/\/wia.net.pl"},{"label":"Artyku\u0142y","link":"https:\/\/wia.net.pl\/index.php\/category\/artykuly\/"},{"label":"Kto jest w\u0142a\u015bcicielem Stan\u00f3w Zjednoczonych?","link":"https:\/\/wia.net.pl\/index.php\/2023\/09\/28\/kto-jest-wlascicielem-stanow-zjednoczonych\/"}],"_links":{"self":[{"href":"https:\/\/wia.net.pl\/index.php\/wp-json\/wp\/v2\/posts\/4812"}],"collection":[{"href":"https:\/\/wia.net.pl\/index.php\/wp-json\/wp\/v2\/posts"}],"about":[{"href":"https:\/\/wia.net.pl\/index.php\/wp-json\/wp\/v2\/types\/post"}],"author":[{"embeddable":true,"href":"https:\/\/wia.net.pl\/index.php\/wp-json\/wp\/v2\/users\/2"}],"replies":[{"embeddable":true,"href":"https:\/\/wia.net.pl\/index.php\/wp-json\/wp\/v2\/comments?post=4812"}],"version-history":[{"count":1,"href":"https:\/\/wia.net.pl\/index.php\/wp-json\/wp\/v2\/posts\/4812\/revisions"}],"predecessor-version":[{"id":4814,"href":"https:\/\/wia.net.pl\/index.php\/wp-json\/wp\/v2\/posts\/4812\/revisions\/4814"}],"wp:featuredmedia":[{"embeddable":true,"href":"https:\/\/wia.net.pl\/index.php\/wp-json\/wp\/v2\/media\/4813"}],"wp:attachment":[{"href":"https:\/\/wia.net.pl\/index.php\/wp-json\/wp\/v2\/media?parent=4812"}],"wp:term":[{"taxonomy":"category","embeddable":true,"href":"https:\/\/wia.net.pl\/index.php\/wp-json\/wp\/v2\/categories?post=4812"},{"taxonomy":"post_tag","embeddable":true,"href":"https:\/\/wia.net.pl\/index.php\/wp-json\/wp\/v2\/tags?post=4812"}],"curies":[{"name":"wp","href":"https:\/\/api.w.org\/{rel}","templated":true}]}}