{"id":4851,"date":"2023-09-30T03:54:34","date_gmt":"2023-09-30T01:54:34","guid":{"rendered":"https:\/\/wia.net.pl\/?p=4851"},"modified":"2023-09-30T03:54:34","modified_gmt":"2023-09-30T01:54:34","slug":"podziemne-szlaki-w-polsce-historyczne-labirynty-kopalni","status":"publish","type":"post","link":"https:\/\/wia.net.pl\/index.php\/2023\/09\/30\/podziemne-szlaki-w-polsce-historyczne-labirynty-kopalni\/","title":{"rendered":"Podziemne szlaki w Polsce &#8211; Historyczne labirynty kopalni"},"content":{"rendered":"\n<p>Autor, <\/p>\n\n\n\n<p>Autor:\u00a0<a class=\"\" href=\"https:\/\/culture.pl\/en\/author\/293\">Anna Legierska<\/a> Opublikowano: 28 lipca 2017 r<\/p>\n\n\n\n<p>Culture.pl<\/p>\n\n\n\n<p>Gdzie mo\u017cna znale\u017a\u0107 krzemie\u0144 neolityczny?\u00a0Jaki jest zwi\u0105zek polskiego z\u0142ota z odkryciem Ameryki?\u00a0Culture.pl eksploruje historyczne labirynty kopalni, kilkusetletnie s\u0142one g\u0142\u0119biny i podziemne miasta wykute w kamieniu.<\/p>\n\n\n\n<h2 class=\"wp-block-heading\">Kopalnia srebra w Tarnowskich G\u00f3rach<\/h2>\n\n\n\n<figure class=\"wp-block-image\"><img decoding=\"async\" src=\"https:\/\/api.culture.pl\/sites\/default\/files\/images\/culture.pl\/01_podziemne_wyrobiska_-_trasa_turystyczna_1.jpg\" alt=\"\"\/><figcaption class=\"wp-element-caption\">Wyrobiska podziemne \u2013 trasa turystyczna, fot. dzi\u0119ki uprzejmo\u015bci ZKSwTG<\/figcaption><\/figure>\n\n\n\n<p>Od kilku tygodni ca\u0142y \u015bwiat m\u00f3wi o tej atrakcji turystycznej w Tarnowskich G\u00f3rach.&nbsp;W lipcu 2017 r. w Krakowie komitet UNESCO podj\u0105\u0142 decyzj\u0119 o wpisaniu&nbsp;<a href=\"http:\/\/culture.pl\/en\/article\/new-polish-unesco-heritage-site\">\u015bl\u0105skiej kopalni srebra<\/a>&nbsp;na presti\u017cow\u0105 List\u0119 \u015awiatowego Dziedzictwa UNESCO.&nbsp;Podziemny skarb to niezwyk\u0142y 35-kilometrowy labirynt historycznych dr\u00f3g wodnych, sztolni, szyb\u00f3w i innych obiekt\u00f3w g\u00f3rniczych.&nbsp;\u015al\u0105skie arcydzie\u0142o hydrotechniki podziemnej jest 16.&nbsp;<sup>polskim<\/sup>&nbsp;zabytkiem na li\u015bcie dziedzictwa kulturowego i zosta\u0142o uznane przez komisj\u0119 za przyk\u0142ad ludzkiego geniuszu i kreatywno\u015bci.&nbsp;Wykorzystanie tej wody pokopalnianej jest ewenementem na skal\u0119 \u015bwiatow\u0105.<\/p>\n\n\n\n<h3 class=\"wp-block-heading\"><a href=\"https:\/\/culture.pl\/en\/gallery\/historic-silver-mine-in-tarnowskie-gory-image-gallery\">Zabytkowa Kopalnia Srebra w Tarnowskich G\u00f3rach [galeria].<\/a><\/h3>\n\n\n\n<p>1 \/ 17<\/p>\n\n\n\n<figure class=\"wp-block-image\"><img decoding=\"async\" src=\"https:\/\/api.culture.pl\/sites\/default\/files\/styles\/auto_400\/public\/images\/culture.pl\/28_park_miejski.jpg?itok=Soncsb5n\" alt=\"Park Miejski w Tarnowskich G\u00f3rach;  fot. dzi\u0119ki uprzejmo\u015bci Zabytkowej Kopalni Srebra w Tarnowskich G\u00f3rach\" title=\"Park Miejski w Tarnowskich G\u00f3rach;  fot. dzi\u0119ki uprzejmo\u015bci Zabytkowej Kopalni Srebra w Tarnowskich G\u00f3rach\"\/><\/figure>\n\n\n\n<figure class=\"wp-block-image\"><img decoding=\"async\" src=\"https:\/\/api.culture.pl\/sites\/default\/files\/styles\/auto_400\/public\/images\/culture.pl\/01_podziemne_wyrobiska_-_trasa_turystyczna.jpg?itok=05SaPFpF\" alt=\"Podziemne wykopaliska, trasa turystyczna;  fot. dzi\u0119ki uprzejmo\u015bci Zabytkowej Kopalni Srebra w Tarnowskich G\u00f3rach\" title=\"Podziemne wykopaliska, trasa turystyczna;  fot. dzi\u0119ki uprzejmo\u015bci Zabytkowej Kopalni Srebra w Tarnowskich G\u00f3rach\"\/><\/figure>\n\n\n\n<figure class=\"wp-block-image\"><img decoding=\"async\" src=\"https:\/\/api.culture.pl\/sites\/default\/files\/styles\/auto_400\/public\/images\/culture.pl\/2.1_kolejne.jpg?itok=i5uWJr2_\" alt=\"Zabytkowa Kopalnia Srebra, trasa turystyczna;  fot. dzi\u0119ki uprzejmo\u015bci Zabytkowej Kopalni Srebra w Tarnowskich G\u00f3rach\" title=\"Zabytkowa Kopalnia Srebra, trasa turystyczna;  fot. dzi\u0119ki uprzejmo\u015bci Zabytkowej Kopalni Srebra w Tarnowskich G\u00f3rach\"\/><\/figure>\n\n\n\n<figure class=\"wp-block-image\"><img decoding=\"async\" src=\"https:\/\/api.culture.pl\/sites\/default\/files\/styles\/auto_400\/public\/images\/culture.pl\/026.jpg?itok=H0O7acAw\" alt=\"Zabytkowa Kopalnia Srebra, trasa turystyczna;  fot. dzi\u0119ki uprzejmo\u015bci Zabytkowej Kopalni Srebra w Tarnowskich G\u00f3rach\" title=\"Zabytkowa Kopalnia Srebra, trasa turystyczna;  fot. dzi\u0119ki uprzejmo\u015bci Zabytkowej Kopalni Srebra w Tarnowskich G\u00f3rach\"\/><\/figure>\n\n\n\n<figure class=\"wp-block-image\"><img decoding=\"async\" src=\"https:\/\/api.culture.pl\/sites\/default\/files\/styles\/auto_400\/public\/images\/culture.pl\/046.jpg?itok=zKoKozln\" alt=\"Zabytkowa Kopalnia Srebra, trasa turystyczna;  fot. dzi\u0119ki uprzejmo\u015bci Zabytkowej Kopalni Srebra w Tarnowskich G\u00f3rach\" title=\"Zabytkowa Kopalnia Srebra, trasa turystyczna;  fot. dzi\u0119ki uprzejmo\u015bci Zabytkowej Kopalni Srebra w Tarnowskich G\u00f3rach\"\/><\/figure>\n\n\n\n<figure class=\"wp-block-image\"><img decoding=\"async\" src=\"https:\/\/api.culture.pl\/sites\/default\/files\/styles\/auto_400\/public\/images\/culture.pl\/103.jpg?itok=ECF1T7ff\" alt=\"Zabytkowa Kopalnia Srebra, trasa turystyczna;  fot. dzi\u0119ki uprzejmo\u015bci Zabytkowej Kopalni Srebra w Tarnowskich G\u00f3rach\" title=\"Zabytkowa Kopalnia Srebra, trasa turystyczna;  fot. dzi\u0119ki uprzejmo\u015bci Zabytkowej Kopalni Srebra w Tarnowskich G\u00f3rach\"\/><\/figure>\n\n\n\n<figure class=\"wp-block-image\"><img decoding=\"async\" src=\"https:\/\/api.culture.pl\/sites\/default\/files\/styles\/auto_400\/public\/images\/culture.pl\/indu_2015_kopalnia_srebra_tarnowskie_gory-105.jpg?itok=Fbz2QHoa\" alt=\"Zabytkowa Kopalnia Srebra, trasa turystyczna;  fot. dzi\u0119ki uprzejmo\u015bci Zabytkowej Kopalni Srebra w Tarnowskich G\u00f3rach\" title=\"Zabytkowa Kopalnia Srebra, trasa turystyczna;  fot. dzi\u0119ki uprzejmo\u015bci Zabytkowej Kopalni Srebra w Tarnowskich G\u00f3rach\"\/><\/figure>\n\n\n\n<figure class=\"wp-block-image\"><img decoding=\"async\" src=\"https:\/\/api.culture.pl\/sites\/default\/files\/styles\/auto_400\/public\/images\/culture.pl\/zabytkowa_kopalnia_srebra_-_komora_srebrna_.jpg?itok=mMmjLrw3\" alt=\"Zabytkowa Kopalnia Srebra - Komora srebra;  fot. dzi\u0119ki uprzejmo\u015bci Zabytkowej Kopalni Srebra w Tarnowskich G\u00f3rach\" title=\"Zabytkowa Kopalnia Srebra - Komora srebra;  fot. dzi\u0119ki uprzejmo\u015bci Zabytkowej Kopalni Srebra w Tarnowskich G\u00f3rach\"\/><\/figure>\n\n\n\n<figure class=\"wp-block-image\"><img decoding=\"async\" src=\"https:\/\/api.culture.pl\/sites\/default\/files\/styles\/auto_400\/public\/images\/culture.pl\/zabytkowa_kopalnia_srebra_-_zyla_galeny_czyli_rudy_srebronosnej.jpg?itok=7lzPCK9o\" alt=\"Zabytkowa Kopalnia Srebra - galena, czyli ruda srebra;  fot. dzi\u0119ki uprzejmo\u015bci Zabytkowej Kopalni Srebra w Tarnowskich G\u00f3rach\" title=\"Zabytkowa Kopalnia Srebra - galena, czyli ruda srebra;  fot. dzi\u0119ki uprzejmo\u015bci Zabytkowej Kopalni Srebra w Tarnowskich G\u00f3rach\"\/><\/figure>\n\n\n\n<figure class=\"wp-block-image\"><img decoding=\"async\" src=\"https:\/\/api.culture.pl\/sites\/default\/files\/styles\/auto_400\/public\/images\/culture.pl\/01_podziemne_wyrobiska_-_trasa_turystyczna_1.jpg?itok=RZ_PBj6M\" alt=\"Wykopaliska podziemne \u2013 trasa turystyczna;  fot. dzi\u0119ki uprzejmo\u015bci Zabytkowej Kopalni Srebra w Tarnowskich G\u00f3rach\" title=\"Wykopaliska podziemne \u2013 trasa turystyczna;  fot. dzi\u0119ki uprzejmo\u015bci Zabytkowej Kopalni Srebra w Tarnowskich G\u00f3rach\"\/><\/figure>\n\n\n\n<figure class=\"wp-block-image\"><img decoding=\"async\" src=\"https:\/\/api.culture.pl\/sites\/default\/files\/styles\/auto_400\/public\/images\/culture.pl\/02_sztolnia_gleboka_fryderyk_-_trasa_turystyczna_pn_sztolnia_czarnego_pstraga_1.jpg?itok=ncaCwYku\" alt=\"Galeria Fryderyk - Trasa turystyczna Sztolni Czarnego Pstr\u0105ga;  fot. dzi\u0119ki uprzejmo\u015bci Zabytkowej Kopalni Srebra w Tarnowskich G\u00f3rach\" title=\"Galeria Fryderyk - Trasa turystyczna Sztolni Czarnego Pstr\u0105ga;  fot. dzi\u0119ki uprzejmo\u015bci Zabytkowej Kopalni Srebra w Tarnowskich G\u00f3rach\"\/><\/figure>\n\n\n\n<figure class=\"wp-block-image\"><img decoding=\"async\" src=\"https:\/\/api.culture.pl\/sites\/default\/files\/styles\/auto_400\/public\/images\/culture.pl\/04_szyb_bohr.jpg?itok=_mCSdz4T\" alt=\"Szyb kopalni Bohr;  fot. dzi\u0119ki uprzejmo\u015bci Zabytkowej Kopalni Srebra w Tarnowskich G\u00f3rach\" title=\"Szyb kopalni Bohr;  fot. dzi\u0119ki uprzejmo\u015bci Zabytkowej Kopalni Srebra w Tarnowskich G\u00f3rach\"\/><\/figure>\n\n\n\n<figure class=\"wp-block-image\"><img decoding=\"async\" src=\"https:\/\/api.culture.pl\/sites\/default\/files\/styles\/auto_400\/public\/images\/culture.pl\/12_portal_wylotu_sztolni_glebokiej_fryderyk_1.jpg?itok=j3Bx2ObU\" alt=\"Portal to the Fryderyk gallery; photo: courtesy of the Historic Silver Mine in Tarnowskie G\u00f3ry\" title=\"Portal to the Fryderyk gallery; photo: courtesy of the Historic Silver Mine in Tarnowskie G\u00f3ry\"\/><\/figure>\n\n\n\n<figure class=\"wp-block-image\"><img decoding=\"async\" src=\"https:\/\/api.culture.pl\/sites\/default\/files\/styles\/auto_400\/public\/images\/culture.pl\/16_szyb_zmija_-_czesc_trasy_turystycznej_kopalni_srebra.jpg?itok=Hur05VHB\" alt=\"\u017bmija mine shaft - part of the tourist route; photo: courtesy of the Historic Silver Mine in Tarnowskie G\u00f3ry\" title=\"\u017bmija mine shaft - part of the tourist route; photo: courtesy of the Historic Silver Mine in Tarnowskie G\u00f3ry\"\/><\/figure>\n\n\n\n<figure class=\"wp-block-image\"><img decoding=\"async\" src=\"https:\/\/api.culture.pl\/sites\/default\/files\/styles\/auto_400\/public\/images\/culture.pl\/24_krajobraz_pogorniczy_srebrnej_gory_1.jpg?itok=UE6y0DMQ\" alt=\"Post-mining landscape of Srebrna G\u00f3ra; photo: courtesy of the Historic Silver Mine in Tarnowskie G\u00f3ry\" title=\"Post-mining landscape of Srebrna G\u00f3ra; photo: courtesy of the Historic Silver Mine in Tarnowskie G\u00f3ry\"\/><\/figure>\n\n\n\n<figure class=\"wp-block-image\"><img decoding=\"async\" src=\"https:\/\/api.culture.pl\/sites\/default\/files\/styles\/auto_400\/public\/images\/culture.pl\/24_krajobraz_pogorniczy_srebrnej_gory.jpg?itok=FR3Lq6EE\" alt=\"Post-mining landscape of Srebrna G\u00f3ra; photo: courtesy of the Historic Silver Mine in Tarnowskie G\u00f3ry\" title=\"Post-mining landscape of Srebrna G\u00f3ra; photo: courtesy of the Historic Silver Mine in Tarnowskie G\u00f3ry\"\/><\/figure>\n\n\n\n<figure class=\"wp-block-image\"><img decoding=\"async\" src=\"https:\/\/api.culture.pl\/sites\/default\/files\/styles\/auto_400\/public\/images\/culture.pl\/25_halda_popluczkowa_kopalni_fryderyk.jpg?itok=gyN3vHQS\" alt=\"Slag heap of the Fryderyk mine; photo: courtesy of the Historic Silver Mine in Tarnowskie G\u00f3ry\" title=\"Slag heap of the Fryderyk mine; photo: courtesy of the Historic Silver Mine in Tarnowskie G\u00f3ry\"\/><\/figure>\n\n\n\n<figure class=\"wp-block-image\"><img decoding=\"async\" src=\"https:\/\/api.culture.pl\/sites\/default\/files\/styles\/auto_400\/public\/images\/culture.pl\/28_park_miejski.jpg?itok=Soncsb5n\" alt=\"Park Miejski in Tarnowskie G\u00f3ry; photo: courtesy of the Historic Silver Mine in Tarnowskie G\u00f3ry\" title=\"Park Miejski in Tarnowskie G\u00f3ry; photo: courtesy of the Historic Silver Mine in Tarnowskie G\u00f3ry\"\/><\/figure>\n\n\n\n<figure class=\"wp-block-image\"><img decoding=\"async\" src=\"https:\/\/api.culture.pl\/sites\/default\/files\/styles\/auto_400\/public\/images\/culture.pl\/01_podziemne_wyrobiska_-_trasa_turystyczna.jpg?itok=05SaPFpF\" alt=\"Underground excavations, tourist route; photo: courtesy of the Historic Silver Mine in Tarnowskie G\u00f3ry\" title=\"Underground excavations, tourist route; photo: courtesy of the Historic Silver Mine in Tarnowskie G\u00f3ry\"\/><\/figure>\n\n\n\n<figure class=\"wp-block-image\"><img decoding=\"async\" src=\"https:\/\/api.culture.pl\/sites\/default\/files\/styles\/auto_400\/public\/images\/culture.pl\/2.1_kolejne.jpg?itok=i5uWJr2_\" alt=\"Historic Silver Mine, tourist route; photo: courtesy of the Historic Silver Mine in Tarnowskie G\u00f3ry\" title=\"Historic Silver Mine, tourist route; photo: courtesy of the Historic Silver Mine in Tarnowskie G\u00f3ry\"\/><\/figure>\n\n\n\n<figure class=\"wp-block-image\"><img decoding=\"async\" src=\"https:\/\/api.culture.pl\/sites\/default\/files\/styles\/auto_400\/public\/images\/culture.pl\/026.jpg?itok=H0O7acAw\" alt=\"Historic Silver Mine, tourist route; photo: courtesy of the Historic Silver Mine in Tarnowskie G\u00f3ry\" title=\"Historic Silver Mine, tourist route; photo: courtesy of the Historic Silver Mine in Tarnowskie G\u00f3ry\"\/><\/figure>\n\n\n\n<figure class=\"wp-block-image\"><img decoding=\"async\" src=\"https:\/\/api.culture.pl\/sites\/default\/files\/styles\/auto_400\/public\/images\/culture.pl\/046.jpg?itok=zKoKozln\" alt=\"Historic Silver Mine, tourist route; photo: courtesy of the Historic Silver Mine in Tarnowskie G\u00f3ry\" title=\"Historic Silver Mine, tourist route; photo: courtesy of the Historic Silver Mine in Tarnowskie G\u00f3ry\"\/><\/figure>\n\n\n\n<figure class=\"wp-block-image\"><img decoding=\"async\" src=\"https:\/\/api.culture.pl\/sites\/default\/files\/styles\/auto_400\/public\/images\/culture.pl\/103.jpg?itok=ECF1T7ff\" alt=\"Historic Silver Mine, tourist route; photo: courtesy of the Historic Silver Mine in Tarnowskie G\u00f3ry\" title=\"Historic Silver Mine, tourist route; photo: courtesy of the Historic Silver Mine in Tarnowskie G\u00f3ry\"\/><\/figure>\n\n\n\n<figure class=\"wp-block-image\"><img decoding=\"async\" src=\"https:\/\/api.culture.pl\/sites\/default\/files\/styles\/auto_400\/public\/images\/culture.pl\/indu_2015_kopalnia_srebra_tarnowskie_gory-105.jpg?itok=Fbz2QHoa\" alt=\"Historic Silver Mine, tourist route; photo: courtesy of the Historic Silver Mine in Tarnowskie G\u00f3ry\" title=\"Historic Silver Mine, tourist route; photo: courtesy of the Historic Silver Mine in Tarnowskie G\u00f3ry\"\/><\/figure>\n\n\n\n<figure class=\"wp-block-image\"><img decoding=\"async\" src=\"https:\/\/api.culture.pl\/sites\/default\/files\/styles\/auto_400\/public\/images\/culture.pl\/zabytkowa_kopalnia_srebra_-_komora_srebrna_.jpg?itok=mMmjLrw3\" alt=\"Historic Silver Mine - Silver chamber; photo: courtesy of the Historic Silver Mine in Tarnowskie G\u00f3ry\" title=\"Historic Silver Mine - Silver chamber; photo: courtesy of the Historic Silver Mine in Tarnowskie G\u00f3ry\"\/><\/figure>\n\n\n\n<figure class=\"wp-block-image\"><img decoding=\"async\" src=\"https:\/\/api.culture.pl\/sites\/default\/files\/styles\/auto_400\/public\/images\/culture.pl\/zabytkowa_kopalnia_srebra_-_zyla_galeny_czyli_rudy_srebronosnej.jpg?itok=7lzPCK9o\" alt=\"Historic Silver Mine - galena, or silver ore; photo: courtesy of the Historic Silver Mine in Tarnowskie G\u00f3ry\" title=\"Historic Silver Mine - galena, or silver ore; photo: courtesy of the Historic Silver Mine in Tarnowskie G\u00f3ry\"\/><\/figure>\n\n\n\n<figure class=\"wp-block-image\"><img decoding=\"async\" src=\"https:\/\/api.culture.pl\/sites\/default\/files\/styles\/auto_400\/public\/images\/culture.pl\/01_podziemne_wyrobiska_-_trasa_turystyczna_1.jpg?itok=RZ_PBj6M\" alt=\"Underground excavations - tourist route; photo: courtesy of the Historic Silver Mine in Tarnowskie G\u00f3ry\" title=\"Underground excavations - tourist route; photo: courtesy of the Historic Silver Mine in Tarnowskie G\u00f3ry\"\/><\/figure>\n\n\n\n<figure class=\"wp-block-image\"><img decoding=\"async\" src=\"https:\/\/api.culture.pl\/sites\/default\/files\/styles\/auto_400\/public\/images\/culture.pl\/02_sztolnia_gleboka_fryderyk_-_trasa_turystyczna_pn_sztolnia_czarnego_pstraga_1.jpg?itok=ncaCwYku\" alt=\"Fryderyk gallery - Black Trout Adit tourist route; photo: courtesy of the Historic Silver Mine in Tarnowskie G\u00f3ry\" title=\"Fryderyk gallery - Black Trout Adit tourist route; photo: courtesy of the Historic Silver Mine in Tarnowskie G\u00f3ry\"\/><\/figure>\n\n\n\n<figure class=\"wp-block-image\"><img decoding=\"async\" src=\"https:\/\/api.culture.pl\/sites\/default\/files\/styles\/auto_400\/public\/images\/culture.pl\/04_szyb_bohr.jpg?itok=_mCSdz4T\" alt=\"Bohr mine shaft; photo: courtesy of the Historic Silver Mine in Tarnowskie G\u00f3ry\" title=\"Bohr mine shaft; photo: courtesy of the Historic Silver Mine in Tarnowskie G\u00f3ry\"\/><\/figure>\n\n\n\n<figure class=\"wp-block-image\"><img decoding=\"async\" src=\"https:\/\/api.culture.pl\/sites\/default\/files\/styles\/auto_400\/public\/images\/culture.pl\/12_portal_wylotu_sztolni_glebokiej_fryderyk_1.jpg?itok=j3Bx2ObU\" alt=\"Portal to the Fryderyk gallery; photo: courtesy of the Historic Silver Mine in Tarnowskie G\u00f3ry\" title=\"Portal to the Fryderyk gallery; photo: courtesy of the Historic Silver Mine in Tarnowskie G\u00f3ry\"\/><\/figure>\n\n\n\n<figure class=\"wp-block-image\"><img decoding=\"async\" src=\"https:\/\/api.culture.pl\/sites\/default\/files\/styles\/auto_400\/public\/images\/culture.pl\/16_szyb_zmija_-_czesc_trasy_turystycznej_kopalni_srebra.jpg?itok=Hur05VHB\" alt=\"\u017bmija mine shaft - part of the tourist route; photo: courtesy of the Historic Silver Mine in Tarnowskie G\u00f3ry\" title=\"\u017bmija mine shaft - part of the tourist route; photo: courtesy of the Historic Silver Mine in Tarnowskie G\u00f3ry\"\/><\/figure>\n\n\n\n<figure class=\"wp-block-image\"><img decoding=\"async\" src=\"https:\/\/api.culture.pl\/sites\/default\/files\/styles\/auto_400\/public\/images\/culture.pl\/24_krajobraz_pogorniczy_srebrnej_gory_1.jpg?itok=UE6y0DMQ\" alt=\"Post-mining landscape of Srebrna G\u00f3ra; photo: courtesy of the Historic Silver Mine in Tarnowskie G\u00f3ry\" title=\"Post-mining landscape of Srebrna G\u00f3ra; photo: courtesy of the Historic Silver Mine in Tarnowskie G\u00f3ry\"\/><\/figure>\n\n\n\n<figure class=\"wp-block-image\"><img decoding=\"async\" src=\"https:\/\/api.culture.pl\/sites\/default\/files\/styles\/auto_400\/public\/images\/culture.pl\/24_krajobraz_pogorniczy_srebrnej_gory.jpg?itok=FR3Lq6EE\" alt=\"Post-mining landscape of Srebrna G\u00f3ra; photo: courtesy of the Historic Silver Mine in Tarnowskie G\u00f3ry\" title=\"Post-mining landscape of Srebrna G\u00f3ra; photo: courtesy of the Historic Silver Mine in Tarnowskie G\u00f3ry\"\/><\/figure>\n\n\n\n<figure class=\"wp-block-image\"><img decoding=\"async\" src=\"https:\/\/api.culture.pl\/sites\/default\/files\/styles\/auto_400\/public\/images\/culture.pl\/25_halda_popluczkowa_kopalni_fryderyk.jpg?itok=gyN3vHQS\" alt=\"Slag heap of the Fryderyk mine; photo: courtesy of the Historic Silver Mine in Tarnowskie G\u00f3ry\" title=\"Slag heap of the Fryderyk mine; photo: courtesy of the Historic Silver Mine in Tarnowskie G\u00f3ry\"\/><\/figure>\n\n\n\n<figure class=\"wp-block-image\"><img decoding=\"async\" src=\"https:\/\/api.culture.pl\/sites\/default\/files\/styles\/auto_400\/public\/images\/culture.pl\/28_park_miejski.jpg?itok=Soncsb5n\" alt=\"Park Miejski w Tarnowskich G\u00f3rach;  fot. dzi\u0119ki uprzejmo\u015bci Zabytkowej Kopalni Srebra w Tarnowskich G\u00f3rach\" title=\"Park Miejski w Tarnowskich G\u00f3rach;  fot. dzi\u0119ki uprzejmo\u015bci Zabytkowej Kopalni Srebra w Tarnowskich G\u00f3rach\"\/><\/figure>\n\n\n\n<p>Cz\u0119\u015b\u0107 kompleksu udost\u0119pniona jest turystom, kt\u00f3rzy mog\u0105 do niej dotrze\u0107 schodz\u0105c 40-metrowym szybem&nbsp;<em>Anio\u0142<\/em>&nbsp;.&nbsp;Unikalna trasa prowadzi do zrekonstruowanej komory g\u00f3rniczej.&nbsp;Tury\u015bci znajduj\u0105 tam ma\u0142e jeziorko z pozosta\u0142o\u015bciami galeny, oryginalnymi narz\u0119dziami i pe\u0142nymi drewnianych w\u00f3zk\u00f3w z ko\u0144ca XVIII&nbsp;<sup>wieku<\/sup>&nbsp;.&nbsp;Kopalnia oferuje wycieczki \u0142odzi\u0105 po drogach wodnych i \u017ar\u00f3d\u0142o krystalicznie czystej wody.<\/p>\n\n\n\n<h2 class=\"wp-block-heading\">Che\u0142mskie Tunele Kredowe<\/h2>\n\n\n\n<figure class=\"wp-block-image\"><img decoding=\"async\" src=\"https:\/\/api.culture.pl\/sites\/default\/files\/images\/imported\/architektura\/instytucje%20i%20budynki\/KOPALNIE\/chelmskie_podziemia_kredowe_pap.jpg\" alt=\"Che\u0142mskie poddziemi kredowe, fot.  Miros\u0142awa Trembecki\/AG\"\/><figcaption class=\"wp-element-caption\">Che\u0142mskie Tunele Kredowe, fot. Miros\u0142aw Trembecki\/Agencja Gazeta<\/figcaption><\/figure>\n\n\n\n<p>Pod che\u0142msk\u0105 star\u00f3wk\u0105 rozci\u0105ga\u0142a si\u0119 jedyna w Europie kopalnia kredy.&nbsp;Nikt nie wie dok\u0142adnie, jak d\u0142ugie s\u0105 podziemne tunele \u2013 do niekt\u00f3rych z nich dotrze\u0107 mo\u017ce jedynie specjalnie przeszkolona za\u0142oga ratownictwa g\u00f3rniczego.<\/p>\n\n\n\n<p>Wed\u0142ug niekt\u00f3rych \u017ar\u00f3de\u0142 wielopoziomowe labirynty kredowe docieraj\u0105 do Sto\u0142pia, miasteczka oddalonego o pi\u0119tna\u015bcie kilometr\u00f3w od Che\u0142ma.&nbsp;Najstarsze pochodz\u0105 z XIII&nbsp;<sup>wieku<\/sup>&nbsp;.&nbsp;W Che\u0142mskich Tunelach Kredowych czytamy:<\/p>\n\n\n\n<blockquote class=\"wp-block-quote is-layout-flow wp-block-quote-is-layout-flow\">\n<p>M\u00f3wi si\u0119, \u017ce w kredowych murach kry\u0142y si\u0119 bogactwa ksi\u0105\u017c\u0105t i skarby che\u0142mia\u0144skich mieszczan, za\u015b lochy pod starym ratuszem s\u0142u\u017cy\u0142y nie tylko jako skarbiec, ale tak\u017ce wi\u0119zienie, w kt\u00f3rym umierali z g\u0142odu skaza\u0144cy.&nbsp;Cz\u0119\u015b\u0107 z nich by\u0142a je\u0144cami wojennymi.&nbsp;Starsi mieszka\u0144cy Che\u0142ma znaj\u0105 wiele przekazywanych z pokolenia na pokolenie opowie\u015bci i legend o bia\u0142ej kopalni.<\/p>\n<\/blockquote>\n\n\n\n<p>Wed\u0142ug legend ukrytego bogactwa strze\u017ce Duch Bieluch.&nbsp;Prace archeologiczne ods\u0142oni\u0142y w kopalni zabytkow\u0105 bro\u0144, p\u0142ytki, monety i narz\u0119dzia \u017celazne.&nbsp;Na trasie turystycznej znajduje si\u0119 tak\u017ce doskonale zachowany odcinek z unikalnymi krasami kredowymi i p\u0142askorze\u017ab\u0105 przedstawiaj\u0105c\u0105 or\u0142a.<\/p>\n\n\n\n<h2 class=\"wp-block-heading\">Kopalnia Guido i Muzeum G\u00f3rnictwa W\u0119glowego w Zabrzu<\/h2>\n\n\n\n<figure class=\"wp-block-image\"><img decoding=\"async\" src=\"https:\/\/api.culture.pl\/sites\/default\/files\/images\/imported\/architektura\/instytucje%20i%20budynki\/KOPALNIE\/kopalnia_guido_forum.jpg\" alt=\"Kopalnia w\u0119gla kamiennego Guido w Zabrzu, fot.  Daniel Dmitriew\/Forum\"\/><figcaption class=\"wp-element-caption\">Kopalnia Guido i Muzeum G\u00f3rnictwa W\u0119glowego w Zabrzu, fot. Daniel Dmitriew\/Forum<\/figcaption><\/figure>\n\n\n\n<p>Jak wygl\u0105da\u0142o g\u00f3rnictwo na pocz\u0105tku XX&nbsp;<sup>wieku<\/sup>&nbsp;?&nbsp;Jak\u0105 rol\u0119 w historii g\u00f3rnictwa odegra\u0142y konie?&nbsp;Muzeum Kopalni i G\u00f3rnictwa W\u0119glowego Guido w Zabrzu wygl\u0105da dok\u0142adnie tak samo, jak ponad dwie\u015bcie lat temu, kiedy zosta\u0142o opuszczone przez g\u00f3rnik\u00f3w.&nbsp;Ka\u017cdy z trzech poziom\u00f3w opowiada inn\u0105 histori\u0119: o kulcie \u015bw. Barbary, realiach codziennej pracy w kopalniach czy o ogromnych maszynach.&nbsp;Aby do nich dotrze\u0107, tury\u015bci musz\u0105 przemierza\u0107 w\u0105skie i strome \u015bcie\u017cki.&nbsp;Ci, kt\u00f3rym si\u0119 uda\u0142o, zapewniaj\u0105, \u017ce by\u0142o warto!<\/p>\n\n\n\n<p>Opr\u00f3cz podziemnej ciemno\u015bci i podziemnego muzeum, jedn\u0105 z najwi\u0119kszych atrakcji Guido jest podwieszana kolej elektryczna, jedyna w swoim rodzaju na \u015bwiecie udost\u0119pniona turystom.<\/p>\n\n\n\n<h2 class=\"wp-block-heading\">Kopalnie soli: Wieliczka, Bochnia, K\u0142odawa<\/h2>\n\n\n\n<figure class=\"wp-block-image\"><img decoding=\"async\" src=\"https:\/\/api.culture.pl\/sites\/default\/files\/images\/culture.pl\/komora_saurau_muzeum_zup_krakowskich_wieliczka_fot._artur_grzybowski.jpg\" alt=\"Komora Saurau, Muzeum \u017bup Krakowskich Wieliczka, fot.  Artura Grzybowskiego\"\/><figcaption class=\"wp-element-caption\">Komora Saurau, Muzeum \u017bup Krakowskich, fot. Artur Grzybowski<\/figcaption><\/figure>\n\n\n\n<p>To zabytek \u015bwiatowej klasy i licz\u0105cy 700 lat najstarszy polski przedsi\u0119biorca.&nbsp;To podziemne miasto, wyrze\u017abione w solnych ska\u0142ach, przyci\u0105ga co roku ponad milion turyst\u00f3w swoimi b\u0142yszcz\u0105cymi rze\u017abami, kaplicami i kr\u0119tymi korytarzami.&nbsp;Odwiedzali go Goethe,&nbsp;<a href=\"http:\/\/culture.pl\/en\/artist\/fryderyk-chopin-frederic-chopin\">Chopin<\/a>&nbsp;,&nbsp;<a href=\"http:\/\/culture.pl\/en\/artist\/jan-matejko\">Matejko<\/a>&nbsp;,&nbsp;<a href=\"http:\/\/culture.pl\/en\/artist\/boleslaw-prus-aleksander-glowacki\">Prus<\/a>&nbsp;i&nbsp;<a href=\"http:\/\/culture.pl\/en\/artist\/henryk-sienkiewicz\">Sienkiewicz<\/a>&nbsp;, lecz pierwsi tury\u015bci eksplorowali s\u0142one g\u0142\u0119biny ju\u017c w XV&nbsp;<sup>wieku<\/sup>&nbsp;.&nbsp;Czy wiesz, \u017ce s\u00f3l z kopalni soli w Wieliczce ma prawie 14 milion\u00f3w lat?<\/p>\n\n\n\n<h3 class=\"wp-block-heading\"><a href=\"https:\/\/culture.pl\/en\/gallery\/historic-salt-mine-in-wieliczka-and-the-krakow-saltworks-museum-image-gallery\">Zabytkowa Kopalnia Soli w Wieliczce i Muzeum \u017bup Krakowskich [galeria].<\/a><\/h3>\n\n\n\n<p>1 \/ 12<\/p>\n\n\n\n<figure class=\"wp-block-image\"><img decoding=\"async\" src=\"https:\/\/api.culture.pl\/sites\/default\/files\/styles\/auto_400\/public\/images\/culture.pl\/zamek_zupny_muzeum_zup_krakowskich_wieliczka_fot._bogdan_pasek.jpg?itok=ihwjHeCQ\" alt=\"Zamek \u017bupny, Muzeum \u017bup Krakowskich Wieliczka, fot. Bartek Papie\u017c\" title=\"Zamek \u017bupny, Muzeum \u017bup Krakowskich Wieliczka, fot. Bartek Papie\u017c\"\/><\/figure>\n\n\n\n<figure class=\"wp-block-image\"><img decoding=\"async\" src=\"https:\/\/api.culture.pl\/sites\/default\/files\/styles\/auto_400\/public\/images\/culture.pl\/kierat_polski_xvii_w._muzeum_zup_krakowskich_wieliczka_fot._bartek_papiez.jpg?itok=hBkkYk26\" alt=\"Bie\u017cnia polska, XVII w., Muzeum \u017bup Krakowskich Wieliczka, fot. Bartek Papie\u017c\" title=\"Bie\u017cnia polska, XVII w., Muzeum \u017bup Krakowskich Wieliczka, fot. Bartek Papie\u017c\"\/><\/figure>\n\n\n\n<figure class=\"wp-block-image\"><img decoding=\"async\" src=\"https:\/\/api.culture.pl\/sites\/default\/files\/styles\/auto_400\/public\/images\/culture.pl\/kolejka_turystyczna_xix_w._muzeum_zup_krakowskich_wieliczka_w_kopalni_soli_fot._bartek_papiez.jpg?itok=t7CoSqme\" alt=\"Kolej turystyczna, XIX w., Muzeum \u017bup Krakowskich Wieliczka w kopalni soli, fot. Bartek Papie\u017c\" title=\"Kolej turystyczna, XIX w., Muzeum \u017bup Krakowskich Wieliczka w kopalni soli, fot. Bartek Papie\u017c\"\/><\/figure>\n\n\n\n<figure class=\"wp-block-image\"><img decoding=\"async\" src=\"https:\/\/api.culture.pl\/sites\/default\/files\/styles\/auto_400\/public\/images\/culture.pl\/komora_maria_teresa_ii_-_rezerwat_gorniczy_muzeum_zup_krakowskich_wieliczka_fot._artur_grzybowski.jpg?itok=n0jvDIT1\" alt=\"Komora Maria Teresa II \u2013 rezerwat g\u00f3rniczy, Muzeum \u017bup Krakowskich Wieliczka, fot. Artur Grzybowski\" title=\"Komora Maria Teresa II \u2013 rezerwat g\u00f3rniczy, Muzeum \u017bup Krakowskich Wieliczka, fot. Artur Grzybowski\"\/><\/figure>\n\n\n\n<figure class=\"wp-block-image\"><img decoding=\"async\" src=\"https:\/\/api.culture.pl\/sites\/default\/files\/styles\/auto_400\/public\/images\/culture.pl\/komora_saurau_muzeum_zup_krakowskich_wieliczka_fot._artur_grzybowski.jpg?itok=UNwca-OK\" alt=\"Komora Saurau, Muzeum \u017bup Krakowskich Wieliczka, fot. Artur Grzybowski\" title=\"Komora Saurau, Muzeum \u017bup Krakowskich Wieliczka, fot. Artur Grzybowski\"\/><\/figure>\n\n\n\n<figure class=\"wp-block-image\"><img decoding=\"async\" src=\"https:\/\/api.culture.pl\/sites\/default\/files\/styles\/auto_400\/public\/images\/culture.pl\/rog_bractwa_kopaczy_1534_r._muzeum_zup_krakowskich_wieliczka_fot._boguslaw_switala.jpg?itok=47gRDjl8\" alt=\"Saltdiggers\u2019 Horn, 1534 Krak\u00f3w Saltworks Museum Wieliczka, photo: Bogus\u0142aw \u015awita\u0142a\" title=\"Saltdiggers\u2019 Horn, 1534 Krak\u00f3w Saltworks Museum Wieliczka, photo: Bogus\u0142aw \u015awita\u0142a\"\/><\/figure>\n\n\n\n<figure class=\"wp-block-image\"><img decoding=\"async\" src=\"https:\/\/api.culture.pl\/sites\/default\/files\/styles\/auto_400\/public\/images\/culture.pl\/wystawa_geologia_zloz_solnych_muzeum_zup_krakowskich_wieliczka_fot._bartek_papiez.jpg?itok=rioEZ4JG\" alt=\"Geology of Salt Deposits exhibition, Krak\u00f3w Saltworks Museum Wieliczka, photo: Bartek Papie\u017c\" title=\"Geology of Salt Deposits exhibition, Krak\u00f3w Saltworks Museum Wieliczka, photo: Bartek Papie\u017c\"\/><\/figure>\n\n\n\n<figure class=\"wp-block-image\"><img decoding=\"async\" src=\"https:\/\/api.culture.pl\/sites\/default\/files\/styles\/auto_400\/public\/images\/culture.pl\/wystawa_sacrum_w_dziedzictwie_solnym_muzeum_zup_krakowskich_wieliczka_fot._bartek_papiez.jpg?itok=DBTX6UG6\" alt=\"Sacrum in Saltworking Heritage exhibition, Krak\u00f3w Saltworks Museum Wieliczka, photo: Bartek Papie\u017c\" title=\"Sacrum in Saltworking Heritage exhibition, Krak\u00f3w Saltworks Museum Wieliczka, photo: Bartek Papie\u017c\"\/><\/figure>\n\n\n\n<figure class=\"wp-block-image\"><img decoding=\"async\" src=\"https:\/\/api.culture.pl\/sites\/default\/files\/styles\/auto_400\/public\/images\/culture.pl\/wystawa_zupy_krakowskie_-_przedsiebiorstwo_krolewskie_muzeum_zup_krakowskich_wieliczka_fot._artur_grzybowski.jpg?itok=zqWcNt9E\" alt=\"Krak\u00f3w Saltworks \u2013 Royal Enterprise exhibition, Krak\u00f3w Saltworks Museum Wieliczka, photo: Artur Grzybowski\" title=\"Krak\u00f3w Saltworks \u2013 Royal Enterprise exhibition, Krak\u00f3w Saltworks Museum Wieliczka, photo: Artur Grzybowski\"\/><\/figure>\n\n\n\n<figure class=\"wp-block-image\"><img decoding=\"async\" src=\"https:\/\/api.culture.pl\/sites\/default\/files\/styles\/auto_400\/public\/images\/culture.pl\/zamek_zupny_baszta_xiv_w._muzeum_zup_krakowskich_wieliczka_fot_bartek_papiez.jpg?itok=2UhPPY9w\" alt=\"Saltworks Castle, tower, 14th century, Krak\u00f3w Saltworks Museum Wieliczka, photo: Bartek Papie\u017c\" title=\"Saltworks Castle, tower, 14th century, Krak\u00f3w Saltworks Museum Wieliczka, photo: Bartek Papie\u017c\"\/><\/figure>\n\n\n\n<figure class=\"wp-block-image\"><img decoding=\"async\" src=\"https:\/\/api.culture.pl\/sites\/default\/files\/styles\/auto_400\/public\/images\/culture.pl\/zamek_zupny_muzeum_zup_krakowksich_wieliczka_fot._bartek_papiez.jpg?itok=N5eNmzLV\" alt=\"Saltworks Castle, Krak\u00f3w Saltworks Museum Wieliczka, photo: Bartek Papie\u017c\" title=\"Saltworks Castle, Krak\u00f3w Saltworks Museum Wieliczka, photo: Bartek Papie\u017c\"\/><\/figure>\n\n\n\n<figure class=\"wp-block-image\"><img decoding=\"async\" src=\"https:\/\/api.culture.pl\/sites\/default\/files\/styles\/auto_400\/public\/images\/culture.pl\/zamek_zupny_muzeum_zup_krakowskich_wieliczka_fot_bartek_papiez.jpg?itok=7L1xPiA4\" alt=\"Saltworks Castle, Krak\u00f3w Saltworks Museum Wieliczka, photo: Bartek Papie\u017c\" title=\"Saltworks Castle, Krak\u00f3w Saltworks Museum Wieliczka, photo: Bartek Papie\u017c\"\/><\/figure>\n\n\n\n<figure class=\"wp-block-image\"><img decoding=\"async\" src=\"https:\/\/api.culture.pl\/sites\/default\/files\/styles\/auto_400\/public\/images\/culture.pl\/zamek_zupny_muzeum_zup_krakowskich_wieliczka_fot._bogdan_pasek.jpg?itok=ihwjHeCQ\" alt=\"Saltworks Castle, Krak\u00f3w Saltworks Museum Wieliczka, photo: Bartek Papie\u017c\" title=\"Saltworks Castle, Krak\u00f3w Saltworks Museum Wieliczka, photo: Bartek Papie\u017c\"\/><\/figure>\n\n\n\n<figure class=\"wp-block-image\"><img decoding=\"async\" src=\"https:\/\/api.culture.pl\/sites\/default\/files\/styles\/auto_400\/public\/images\/culture.pl\/kierat_polski_xvii_w._muzeum_zup_krakowskich_wieliczka_fot._bartek_papiez.jpg?itok=hBkkYk26\" alt=\"A Polish treadmill, 17th century, Krak\u00f3w Saltworks Museum Wieliczka, photo: Bartek Papie\u017c\" title=\"A Polish treadmill, 17th century, Krak\u00f3w Saltworks Museum Wieliczka, photo: Bartek Papie\u017c\"\/><\/figure>\n\n\n\n<figure class=\"wp-block-image\"><img decoding=\"async\" src=\"https:\/\/api.culture.pl\/sites\/default\/files\/styles\/auto_400\/public\/images\/culture.pl\/kolejka_turystyczna_xix_w._muzeum_zup_krakowskich_wieliczka_w_kopalni_soli_fot._bartek_papiez.jpg?itok=t7CoSqme\" alt=\"Tourist railway, 19th century, Krak\u00f3w Saltworks Museum Wieliczka in the salt mine, photo: Bartek Papie\u017c\" title=\"Tourist railway, 19th century, Krak\u00f3w Saltworks Museum Wieliczka in the salt mine, photo: Bartek Papie\u017c\"\/><\/figure>\n\n\n\n<figure class=\"wp-block-image\"><img decoding=\"async\" src=\"https:\/\/api.culture.pl\/sites\/default\/files\/styles\/auto_400\/public\/images\/culture.pl\/komora_maria_teresa_ii_-_rezerwat_gorniczy_muzeum_zup_krakowskich_wieliczka_fot._artur_grzybowski.jpg?itok=n0jvDIT1\" alt=\"Maria Teresa II Chamber \u2013 a mining reserve, Krak\u00f3w Saltworks Museum Wieliczka, photo: Artur Grzybowski\" title=\"Maria Teresa II Chamber \u2013 a mining reserve, Krak\u00f3w Saltworks Museum Wieliczka, photo: Artur Grzybowski\"\/><\/figure>\n\n\n\n<figure class=\"wp-block-image\"><img decoding=\"async\" src=\"https:\/\/api.culture.pl\/sites\/default\/files\/styles\/auto_400\/public\/images\/culture.pl\/komora_saurau_muzeum_zup_krakowskich_wieliczka_fot._artur_grzybowski.jpg?itok=UNwca-OK\" alt=\"Komora Saurau, Muzeum \u017bup Krakowskich Wieliczka, fot. Artur Grzybowski\" title=\"Komora Saurau, Muzeum \u017bup Krakowskich Wieliczka, fot. Artur Grzybowski\"\/><\/figure>\n\n\n\n<figure class=\"wp-block-image\"><img decoding=\"async\" src=\"https:\/\/api.culture.pl\/sites\/default\/files\/styles\/auto_400\/public\/images\/culture.pl\/rog_bractwa_kopaczy_1534_r._muzeum_zup_krakowskich_wieliczka_fot._boguslaw_switala.jpg?itok=47gRDjl8\" alt=\"R\u00f3g Kopaczy Soli, 1534 Muzeum \u017bup Krakowskich Wieliczka, fot. Bogus\u0142aw \u015awita\u0142a\" title=\"R\u00f3g Kopaczy Soli, 1534 Muzeum \u017bup Krakowskich Wieliczka, fot. Bogus\u0142aw \u015awita\u0142a\"\/><\/figure>\n\n\n\n<figure class=\"wp-block-image\"><img decoding=\"async\" src=\"https:\/\/api.culture.pl\/sites\/default\/files\/styles\/auto_400\/public\/images\/culture.pl\/wystawa_geologia_zloz_solnych_muzeum_zup_krakowskich_wieliczka_fot._bartek_papiez.jpg?itok=rioEZ4JG\" alt=\"Wystawa Geologia z\u0142\u00f3\u017c soli, Muzeum \u017bup Krakowskich Wieliczka, fot. Bartek Papie\u017c\" title=\"Wystawa Geologia z\u0142\u00f3\u017c soli, Muzeum \u017bup Krakowskich Wieliczka, fot. Bartek Papie\u017c\"\/><\/figure>\n\n\n\n<figure class=\"wp-block-image\"><img decoding=\"async\" src=\"https:\/\/api.culture.pl\/sites\/default\/files\/styles\/auto_400\/public\/images\/culture.pl\/wystawa_sacrum_w_dziedzictwie_solnym_muzeum_zup_krakowskich_wieliczka_fot._bartek_papiez.jpg?itok=DBTX6UG6\" alt=\"Wystawa Sacrum w Dziedzictwie \u017bupnym, Muzeum \u017bup Krakowskich Wieliczka, fot. Bartek Papie\u017c\" title=\"Wystawa Sacrum w Dziedzictwie \u017bupnym, Muzeum \u017bup Krakowskich Wieliczka, fot. Bartek Papie\u017c\"\/><\/figure>\n\n\n\n<figure class=\"wp-block-image\"><img decoding=\"async\" src=\"https:\/\/api.culture.pl\/sites\/default\/files\/styles\/auto_400\/public\/images\/culture.pl\/wystawa_zupy_krakowskie_-_przedsiebiorstwo_krolewskie_muzeum_zup_krakowskich_wieliczka_fot._artur_grzybowski.jpg?itok=zqWcNt9E\" alt=\"Wystawa \u017bupy Krakowskie \u2013 Przedsi\u0119biorstwo Kr\u00f3lewskie, Muzeum \u017bup Krakowskich Wieliczka, fot. Artur Grzybowski\" title=\"Wystawa \u017bupy Krakowskie \u2013 Przedsi\u0119biorstwo Kr\u00f3lewskie, Muzeum \u017bup Krakowskich Wieliczka, fot. Artur Grzybowski\"\/><\/figure>\n\n\n\n<figure class=\"wp-block-image\"><img decoding=\"async\" src=\"https:\/\/api.culture.pl\/sites\/default\/files\/styles\/auto_400\/public\/images\/culture.pl\/zamek_zupny_baszta_xiv_w._muzeum_zup_krakowskich_wieliczka_fot_bartek_papiez.jpg?itok=2UhPPY9w\" alt=\"Zamek \u017bupny, wie\u017ca, XIV w., Muzeum \u017bup Krakowskich Wieliczka, fot. Bartek Papie\u017c\" title=\"Zamek \u017bupny, wie\u017ca, XIV w., Muzeum \u017bup Krakowskich Wieliczka, fot. Bartek Papie\u017c\"\/><\/figure>\n\n\n\n<figure class=\"wp-block-image\"><img decoding=\"async\" src=\"https:\/\/api.culture.pl\/sites\/default\/files\/styles\/auto_400\/public\/images\/culture.pl\/zamek_zupny_muzeum_zup_krakowksich_wieliczka_fot._bartek_papiez.jpg?itok=N5eNmzLV\" alt=\"Zamek \u017bupny, Muzeum \u017bup Krakowskich Wieliczka, fot. Bartek Papie\u017c\" title=\"Zamek \u017bupny, Muzeum \u017bup Krakowskich Wieliczka, fot. Bartek Papie\u017c\"\/><\/figure>\n\n\n\n<figure class=\"wp-block-image\"><img decoding=\"async\" src=\"https:\/\/api.culture.pl\/sites\/default\/files\/styles\/auto_400\/public\/images\/culture.pl\/zamek_zupny_muzeum_zup_krakowskich_wieliczka_fot_bartek_papiez.jpg?itok=7L1xPiA4\" alt=\"Zamek \u017bupny, Muzeum \u017bup Krakowskich Wieliczka, fot. Bartek Papie\u017c\" title=\"Zamek \u017bupny, Muzeum \u017bup Krakowskich Wieliczka, fot. Bartek Papie\u017c\"\/><\/figure>\n\n\n\n<figure class=\"wp-block-image\"><img decoding=\"async\" src=\"https:\/\/api.culture.pl\/sites\/default\/files\/styles\/auto_400\/public\/images\/culture.pl\/zamek_zupny_muzeum_zup_krakowskich_wieliczka_fot._bogdan_pasek.jpg?itok=ihwjHeCQ\" alt=\"Zamek \u017bupny, Muzeum \u017bup Krakowskich Wieliczka, fot. Bartek Papie\u017c\" title=\"Zamek \u017bupny, Muzeum \u017bup Krakowskich Wieliczka, fot. Bartek Papie\u017c\"\/><\/figure>\n\n\n\n<p>Dzi\u015b kopalnia to tak\u017ce nowoczesny obiekt kulturalny, w kt\u00f3rym odbywaj\u0105 si\u0119 podziemne koncerty, wystawy i pokazy filmowe.&nbsp;Obiekt wraz z kopalni\u0105 soli w Bochni wpisany jest na List\u0119 \u015awiatowego Dziedzictwa UNESCO.&nbsp;Warto tak\u017ce zwiedzi\u0107 najwi\u0119ksz\u0105 i najg\u0142\u0119biej dzia\u0142aj\u0105c\u0105 kopalni\u0119 soli w K\u0142odawie.<\/p>\n\n\n\n<figure class=\"wp-block-image\"><img decoding=\"async\" src=\"https:\/\/api.culture.pl\/sites\/default\/files\/images\/imported\/architektura\/instytucje%20i%20budynki\/KOPALNIE\/kopalnia_soli_w_klodawie_forum.jpg\" alt=\"Kopalnia Soli K\u0142odawa, fot.  Joanna Borowska\/Forum\"\/><figcaption class=\"wp-element-caption\">Kopalnia Soli w K\u0142odawie, fot. Joanna Borowska\/Forum<\/figcaption><\/figure>\n\n\n\n<p>M\u00f3wi si\u0119, \u017ce zjazd wind\u0105 na g\u0142\u0119boko\u015b\u0107 600 metr\u00f3w pod ziemi\u0119 z pr\u0119dko\u015bci\u0105 sze\u015bciu metr\u00f3w na sekund\u0119 pozostawia niezapomniane wra\u017cenia.&nbsp;Zwiedzanie obejmuje spacer wydr\u0105\u017conymi sztolniami, podziemn\u0105 kaplic\u0105 \u015bw. Kingi \u2013 patronki solnych g\u00f3rnik\u00f3w oraz szeregiem kom\u00f3r solnych.<\/p>\n\n\n\n<h2 class=\"wp-block-heading\">Podziemne miasto na wyspie Wolin<\/h2>\n\n\n\n<figure class=\"wp-block-image\"><img decoding=\"async\" src=\"https:\/\/api.culture.pl\/sites\/default\/files\/images\/imported\/architektura\/instytucje%20i%20budynki\/KOPALNIE\/podziemne_miasto_na_wyspie_wolin.jpeg\" alt=\"Podziemne miasto na wyspie Wolin, fot.materia\u0142y prasowe\"\/><figcaption class=\"wp-element-caption\">Podziemne miasto na wyspie Wolin, fot.&nbsp;<a href=\"http:\/\/podziemne-miasto.pl\/\">http:\/\/podziemne-miasto.pl<\/a><\/figcaption><\/figure>\n\n\n\n<p>A teraz co\u015b dla fan\u00f3w militari\u00f3w.&nbsp;Utrzymywany przez dziesi\u0119ciolecia w \u015bcis\u0142ej tajemnicy Vineta, zesp\u00f3\u0142 bunkr\u00f3w, barak\u00f3w, magazyn\u00f3w amunicji i kilometrowych podziemnych \u015bcie\u017cek, powsta\u0142 w \u015awinouj\u015bciu tu\u017c przed II wojn\u0105 \u015bwiatow\u0105.<\/p>\n\n\n\n<p>Armaty ukryte pod tonami zbrojonego betonu mia\u0142y zabezpiecza\u0107 nazistowsk\u0105 baz\u0119 marynarki wojennej Kriegsmarine.&nbsp;Po wojnie baz\u0119 przej\u0119\u0142y wojska radzieckie, a p\u00f3\u017aniej polskie.&nbsp;W czasach komunistycznych polscy genera\u0142owie mieli nadzorowa\u0107 l\u0105dowanie polskich wojsk w Skandynawii.&nbsp;Ze \u015awinouj\u015bcia do Szczecina ju\u017c niedaleko \u2013 warto zobaczy\u0107 podziemne \u015bcie\u017cki w schronach przeciwlotniczych pozostawionych przez wycofuj\u0105ce si\u0119 wojska niemieckie.<\/p>\n\n\n\n<h2 class=\"wp-block-heading\">Podziemia Rynku G\u0142\u00f3wnego w Krakowie<\/h2>\n\n\n\n<figure class=\"wp-block-image\"><img decoding=\"async\" src=\"https:\/\/api.culture.pl\/sites\/default\/files\/images\/imported\/architektura\/instytucje%20i%20budynki\/KOPALNIE\/podziemia_rynku_krakowskiego_ag.jpg\" alt=\"Podziemie rynku handlowego w Krakowie, fot.  Micha\u0142 \u0141epecki\/AG\"\/><figcaption class=\"wp-element-caption\">Podziemia Rynku G\u0142\u00f3wnego w Krakowie, fot. Micha\u0142 \u0141epecki\/Agencja Gazeta<\/figcaption><\/figure>\n\n\n\n<p>XIII&nbsp;<sup>&#8211;<\/sup>&nbsp;wieczny rynek w Krakowie jest wszystkim dobrze znany, ale ile os\u00f3b wie, jak wygl\u0105da\u0142 w czasach Miko\u0142aja Kopernika?&nbsp;Krak\u00f3w p\u00f3\u017anego \u015bredniowiecza pozostaje do odkrycia dla podr\u00f3\u017cnik\u00f3w w czasie, kt\u00f3rzy odwa\u017c\u0105 si\u0119 zej\u015b\u0107 do podziemi otaczaj\u0105cych Sukiennice.&nbsp;Ich strona internetowa wyja\u015bnia:<\/p>\n\n\n\n<blockquote class=\"wp-block-quote is-layout-flow wp-block-quote-is-layout-flow\">\n<p>Podziemia krakowskiego Rynku G\u0142\u00f3wnego to odyseja w przesz\u0142o\u015b\u0107, o\u017cywiona wieki p\u00f3\u017aniej przez grup\u0119 archeolog\u00f3w.&nbsp;To sanktuarium pe\u0142ne zabytkowych budowli i relikt\u00f3w architektury, kamiennych chodnik\u00f3w z rowkami wytartymi przez ko\u0142a kr\u00f3lewskich powoz\u00f3w;&nbsp;najstarsze budynki handlu ceglanego;&nbsp;ozdoby, monety i wiele innych przedmiot\u00f3w \u2013 zagubionych lub pozostawionych tu celowo przez osoby odwiedzaj\u0105ce to miejsce wieki temu. Zwiedzanie podziemnego Krakowa odbywa si\u0119 po szklanych rampach i wiaduktach zawieszonych nad zachowanymi \u015bredniowiecznymi drogami, z kt\u00f3rych najstarsze pochodz\u0105 z a\u017c do XI&nbsp;<\/p>\n\n\n\n<p><sup>wieku<\/sup>&nbsp;.&nbsp;Podobna budowla znajduje si\u0119 pod Rzeszowem \u2013 w podziemiach Rynku G\u0142\u00f3wnego kryje si\u0119 40 piwnic, z kt\u00f3rych najstarsze powsta\u0142y w XIV&nbsp;<\/p>\n\n\n\n<p><sup>wieku<\/sup>&nbsp;.<\/p>\n<\/blockquote>\n\n\n\n<h2 class=\"wp-block-heading\">Kopalnia z\u0142ota Z\u0142oty Stok<\/h2>\n\n\n\n<figure class=\"wp-block-image\"><img decoding=\"async\" src=\"https:\/\/api.culture.pl\/sites\/default\/files\/images\/imported\/architektura\/instytucje%20i%20budynki\/KOPALNIE\/kopalnia_zlota_en.jpg\" alt=\"Kopalnia Z\u0142ota \u201eZ\u0142oty Stok\u201d, fot.  Adrian Sl\u0105zok\/Reporter\"\/><figcaption class=\"wp-element-caption\">Kopalnia z\u0142ota Z\u0142oty Stok, fot. Adrian Sl\u0105zok\/Reporter<\/figcaption><\/figure>\n\n\n\n<p>Stare mapy i plany kopal\u0144, narz\u0119dzia i lampy g\u00f3rnicze, minera\u0142y, piece do wytopu z\u0142ota i w\u00f3zki s\u0142u\u017c\u0105ce do jego transportu.&nbsp;Kopalnia z\u0142ota Z\u0142oty Stok wype\u0142niona jest po brzegi najr\u00f3\u017cniejszymi artefaktami.&nbsp;Z atrakcjami turystycznymi wi\u0105\u017ce si\u0119 niesamowita historia.<\/p>\n\n\n\n<p>Dlaczego?&nbsp;M\u00f3wi si\u0119, \u017ce polskie z\u0142oto odegra\u0142o rol\u0119 w odkryciu Ameryki.&nbsp;Jak?&nbsp;Okazuje si\u0119, \u017ce rodzina Fugger\u00f3w (g\u0142\u00f3wni akcjonariusze kopalni) finansowa\u0142a hiszpa\u0144sk\u0105 kr\u00f3low\u0105 Izabel\u0119 I, kt\u00f3ra w 1492 roku przeprowadzi\u0142a s\u0142ynn\u0105 wypraw\u0119 pod wodz\u0105 Krzysztofa Kolumba. Muzeum skrywa tak\u017ce wiele innych tajemnic.&nbsp;W odga\u0142\u0119zieniu tuneli, jednym z magazyn\u00f3w materia\u0142\u00f3w wybuchowych, J. Sch\u00e4rfenberg za\u0142o\u017cy\u0142 laboratorium.&nbsp;By\u0142 cz\u0142owiekiem, kt\u00f3ry wydoby\u0142 pot\u0119\u017cn\u0105 trucizn\u0119 z rud arsenu.&nbsp;Legenda g\u0142osi, \u017ce Napoleona cz\u0119sto truto substancjami pochodz\u0105cymi ze Z\u0142otego Stoku.<\/p>\n\n\n\n<figure class=\"wp-block-image\"><img decoding=\"async\" src=\"https:\/\/api.culture.pl\/sites\/default\/files\/images\/imported\/architektura\/instytucje%20i%20budynki\/KOPALNIE\/kopalnia_zlota_forum_45.jpg\" alt=\"Kopalnia Z\u0142ota \u201eZ\u0142oty Stok\u201d, fot.  K.Kobus\/Forum\"\/><figcaption class=\"wp-element-caption\">Kopalnia z\u0142ota Z\u0142oty Stok, fot. K.Kobus\/Forum<\/figcaption><\/figure>\n\n\n\n<p>Najstarsze wydobycia prowadzono w okolicach Z\u0142otego Stoku oko\u0142o 2000 roku p.n.e.&nbsp;Od tego czasu kopalnia zosta\u0142a rozbudowana o dodatkowe 300 km sztolni, szyb\u00f3w i sztolni na dwudziestu jeden poziomach.&nbsp;Pierwsza wzmianka o dzia\u0142alno\u015bci g\u00f3rniczej pochodzi z 1273 roku. Z kolei najwi\u0119kszy rozw\u00f3j wydobycia z\u0142ota nast\u0105pi\u0142 w kopalni w XVI&nbsp;<sup>wieku<\/sup>&nbsp;.&nbsp;W ci\u0105gu 1000 lat swojej dzia\u0142alno\u015bci wydobyto szesna\u015bcie ton czystego z\u0142ota.&nbsp;Dodatkowo na terenie kopalni znajduje si\u0119 jedyny w Polsce podziemny wodospad.<\/p>\n\n\n\n<h2 class=\"wp-block-heading\">Kopalnia krzemienia w Krzemionkach<\/h2>\n\n\n\n<figure class=\"wp-block-image\"><img decoding=\"async\" src=\"https:\/\/api.culture.pl\/sites\/default\/files\/images\/imported\/architektura\/instytucje%20i%20budynki\/KOPALNIE\/kopalnia_krzemionki_.jpg\" alt=\"Kopalnie krzemienia Krzemionki, fot.  P\u0119czalskiego\"\/><figcaption class=\"wp-element-caption\">Kopalnie krzemienia w Krzemionkach, fot. K. P\u0119czalski<\/figcaption><\/figure>\n\n\n\n<p>155 milion\u00f3w lat temu znajdowa\u0142a si\u0119 tu zatoka ciep\u0142ego oceanu Tetydy, dzi\u015b jest to najwi\u0119kszy na \u015bwiecie kompleks kopalni krzemienia z okresu neolitu i wczesnej epoki br\u0105zu.<\/p>\n\n\n\n<p>Opr\u00f3cz 1,5-kilometrowej trasy podziemnej, na kt\u00f3rej znajduj\u0105 si\u0119 oryginalne wyrobiska kopal\u0144 neolitycznych, ha\u0142dy i wyrobiska szybowe, w kopalni znajduje si\u0119 dawna osada g\u00f3rnicza, kt\u00f3ra zosta\u0142a zrekonstruowana na podstawie znalezisk archeologicznych.&nbsp;Wszystko to sk\u0142ada si\u0119 na niepowtarzalny krajobraz przemys\u0142owy sprzed 5000 lat.<\/p>\n\n\n\n<h2 class=\"wp-block-heading\">Stara Kopalnia w Wa\u0142brzychu<\/h2>\n\n\n\n<figure class=\"wp-block-image\"><img decoding=\"async\" src=\"https:\/\/api.culture.pl\/sites\/default\/files\/images\/imported\/architektura\/instytucje%20i%20budynki\/KOPALNIE\/stara-kopalnia_.jpg\" alt=\"Stara Kopalnia, fot.  Dariusza Gdesza\"\/><figcaption class=\"wp-element-caption\">Stara Kopalnia, fot. Dariusz Gdesz<\/figcaption><\/figure>\n\n\n\n<p>Wizyt\u00f3wka miasta podkre\u015bla rol\u0119 \u201eczarnego z\u0142ota\u201d w historii Wa\u0142brzycha.&nbsp;Zwiedzaj\u0105cych zrewitalizowan\u0105 Kopalni\u0119 W\u0119gla Kamiennego&nbsp;<strong>Julia<\/strong>&nbsp;zapraszamy do zapoznania si\u0119 z czterema tysi\u0105cami metr\u00f3w kwadratowych dawnej \u015bl\u0105skiej architektury przemys\u0142owej z prze\u0142omu XIX&nbsp;<sup>i<\/sup>&nbsp;XX&nbsp;<sup>wieku<\/sup>&nbsp;.&nbsp;podziemne korytarze kopalni \u2013 namacalna lekcja geologii i archeologii.&nbsp;W zbiorach muzeum znajduj\u0105 si\u0119 stare maszyny i narz\u0119dzia g\u00f3rnicze, podziemna sztolnia, \u0142a\u017ania, ku\u017ania, a tak\u017ce lampownia i maszynownie.&nbsp;Dzi\u015b w budynku mie\u015bci si\u0119 nowoczesne Centrum Nauki i Sztuki.&nbsp;Ale czekaj \u2013 Wa\u0142brzych ma do zaoferowania o wiele wi\u0119cej!<\/p>\n\n\n\n<p>Spektakularne podziemia Zamku Ksi\u0105\u017c i G\u00f3r Sowich pobudzaj\u0105 wyobra\u017ani\u0119 poszukiwaczy skarb\u00f3w.&nbsp;Ich wojenne tajemnice wci\u0105\u017c nie zosta\u0142y rozwi\u0105zane.<\/p>\n\n\n\n<h2 class=\"wp-block-heading\">Projekt Riese we W\u0142odarzu<\/h2>\n\n\n\n<figure class=\"wp-block-image\"><img decoding=\"async\" src=\"https:\/\/api.culture.pl\/sites\/default\/files\/images\/imported\/architektura\/instytucje%20i%20budynki\/KOPALNIE\/wlodarz.pl_.jpg\" alt=\"\u201eW\u0142odarz\u201d, fot.  materia\u0142y prasowe\"\/><figcaption class=\"wp-element-caption\">W\u0142odarz, fot.&nbsp;<a href=\"http:\/\/wlodarz.pl\/\">http:\/\/wlodarz.pl<\/a><\/figcaption><\/figure>\n\n\n\n<p>Historycy i badacze II wojny \u015bwiatowej s\u0105 pewni, \u017ce g\u0142\u0119boko w G\u00f3rach Sowich kryje si\u0119 ogromne, ukryte podziemne miasto.&nbsp;Mo\u017ce kryje sprz\u0119t wojenny?&nbsp;A mo\u017ce depozyty bankowe i muzealne?&nbsp;A mo\u017ce laboratoria nuklearne, podziemne fabryki lub s\u0142ynny z\u0142oty poci\u0105g wype\u0142niony kosztowno\u015bciami i dzie\u0142ami sztuki, kt\u00f3re pod koniec wojny pospiesznie wywieziono z Wroc\u0142awia?<\/p>\n\n\n\n<p>Sporadyczne zaskakuj\u0105ce wiadomo\u015bci, tropy i badania od lat rozpalaj\u0105 wyobra\u017ani\u0119 poszukiwaczy skarb\u00f3w.&nbsp;Jednocze\u015bnie podsycaj\u0105 zainteresowanie odkopanymi ju\u017c obiektami, takimi jak masyw W\u0142odarza.&nbsp;Jest to jeden z najwi\u0119kszych znanych obiekt\u00f3w podziemnych projektu Riese z labiryntem sal, korytarzy i zalanych tuneli.&nbsp;\u0141atwo jest poczu\u0107 si\u0119 jak Indiana Jones!&nbsp;Konto w serwisie rodzinna-turystyka.pl opisuje prze\u017cycie nast\u0119puj\u0105co:<\/p>\n\n\n\n<blockquote class=\"wp-block-quote is-layout-flow wp-block-quote-is-layout-flow\">\n<p>Przechodzimy przez wykute w kamieniu podziemne korytarze, kt\u00f3re wci\u0105\u017c si\u0119 rozga\u0142\u0119ziaj\u0105.&nbsp;Docieramy do tamy oddzielaj\u0105cej nas od zalanej cz\u0119\u015bci podziemnego budynku.&nbsp;Wsiadamy na \u0142\u00f3dk\u0119, \u017ceby zwiedza\u0107 zalane sztolnie.&nbsp;To wyj\u0105tkowe prze\u017cycie.&nbsp;Pod krystalicznie czyst\u0105 wod\u0105 wida\u0107 dno tunelu z zalegaj\u0105cymi w g\u0142\u0119bi belkami, rurami, sprz\u0119tem i innymi pozosta\u0142o\u015bciami konstrukcji.&nbsp;P\u0142yniemy do ogromnej zalanej sali.&nbsp;To tutaj w ciszy, siedz\u0105c w ko\u0142ysz\u0105cej si\u0119 \u0142\u00f3dce, puszczamy wodze fantazji.<\/p>\n<\/blockquote>\n\n\n\n<p>Riese, po niemiecku \u201egigant\u201d, by\u0142o \u015bci\u015ble tajnym nazistowskim przedsi\u0119wzi\u0119ciem, kt\u00f3rego celem by\u0142o schronienie oko\u0142o 20 000 os\u00f3b \u2013 w tym Hitlera i jego \u015bwity.&nbsp;Do budowy Riese zu\u017cyto wi\u0119cej betonu, ni\u017c ca\u0142a ludno\u015b\u0107 otrzyma\u0142a na budow\u0119 schron\u00f3w w 1944 roku. Dzi\u015b poza W\u0142odarzem znamy siedem podziemnych kompleks\u00f3w \u2013 Os\u00f3wk\u0119, Rzeczk\u0119, Jugowice, Sobo\u0144, Zamek Ksi\u0105\u017c i Gontow\u0105.&nbsp;Ale jeszcze wiele pozostaje do odkrycia.<\/p>\n\n\n\n<h2 class=\"wp-block-heading\">Kana\u0142y \u0142\u00f3dzkie<\/h2>\n\n\n\n<figure class=\"wp-block-image\"><img decoding=\"async\" src=\"https:\/\/api.culture.pl\/sites\/default\/files\/images\/imported\/film\/galerie%20filmowe\/gl%20w%20ciemnosci%20holland\/w%20ciemnosci%20film%2010_6138214.jpg\" alt=\"Zdj\u0119cia z planu filmowego &quot;W ciemno\u015bci&quot; w re\u017cyserii Agnieszki Holland.\"\/><figcaption class=\"wp-element-caption\">Zdj\u0119cia z planu filmu W ciemno\u015bci Agnieszki Holland.<\/figcaption><\/figure>\n\n\n\n<p>Zbudowany w latach dwudziestych i trzydziestych XX wieku prawie cztery tysi\u0105ce kilometr\u00f3w rur i kana\u0142\u00f3w tworzy podziemny labirynt \u0141odzi.&nbsp;Jest to pierwszy kana\u0142 w Polsce udost\u0119pniony publiczno\u015bci.&nbsp;Krzysztof Wardecki pom\u00f3g\u0142 w adaptacji Muzeum Rury Kana\u0142\u00f3w dla zwiedzaj\u0105cych, a wystaw\u0119, znajduj\u0105c\u0105 si\u0119 obecnie w Muzeum Miasta \u0141odzi, przygotowa\u0142 wybitny artysta&nbsp;<a href=\"http:\/\/culture.pl\/en\/artist\/robert-kusmirowski\">Robert Ku\u015bmirowski<\/a>&nbsp;.<\/p>\n\n\n\n<p>Metro zlokalizowane jest pod Placem Wolno\u015bci, wewn\u0105trz starego owalnego zbiornika na wod\u0119 deszczow\u0105, zbudowanego w 1926 roku w celu p\u0142ukania miejskich \u015bciek\u00f3w.&nbsp;Jedn\u0105 z pierwszych sekcji systemu zaprojektowa\u0142 brytyjski in\u017cynier William Heerlein Lindley, kt\u00f3ry zbudowa\u0142 tak\u017ce star\u0105 Stacj\u0119 Filtr\u00f3w w Warszawie.&nbsp;\u0141\u00f3dzkie kana\u0142y (rzeka \u0141\u00f3dka) s\u0105 najbardziej znane z roli w&nbsp;nagrodzonym Oscarem filmie&nbsp;<a href=\"http:\/\/culture.pl\/en\/artist\/agnieszka-holland\">Agnieszki Holland&nbsp;<\/a><strong>W ciemno\u015bci<\/strong>&nbsp;.<\/p>\n\n\n\n<p><em>\u0179r\u00f3d\u0142a: podziemia.pl, wlodarz.pl, rodzinna-turystyka.pl, wikipedia, Stara Kopalnia w Wa\u0142brzychu, krzemionki.pl, kopalniazlota.pl, podziemiakredowe.pl, kopalniaguido.pl, kopalnia.pl, oprac. AL, lipiec 2017, przet\u0142umaczone przez AP 25 lipca 2017 r<\/em>.<\/p>\n\n\n\n<p>\u0179r\u00f3d\u0142o <a href=\"https:\/\/culture.pl\/en\/article\/going-under-polands-11-most-breath-taking-underground-trails\">https:\/\/culture.pl\/en\/article\/going-under-polands-11-most-breath-taking-underground-trails<\/a><\/p>\n","protected":false},"excerpt":{"rendered":"<p>Autor, Autor:\u00a0Anna Legierska Opublikowano: 28 lipca 2017 r Culture.pl Gdzie mo\u017cna znale\u017a\u0107 krzemie\u0144 neolityczny?\u00a0Jaki jest zwi\u0105zek polskiego z\u0142ota z odkryciem Ameryki?\u00a0Culture.pl eksploruje historyczne labirynty kopalni, kilkusetletnie s\u0142one g\u0142\u0119biny i podziemne miasta wykute w kamieniu. Kopalnia srebra w Tarnowskich G\u00f3rach Od&#8230; <\/p>\n","protected":false},"author":2,"featured_media":4852,"comment_status":"open","ping_status":"open","sticky":false,"template":"","format":"standard","meta":{"_acf_changed":false,"_bbp_topic_count":0,"_bbp_reply_count":0,"_bbp_total_topic_count":0,"_bbp_total_reply_count":0,"_bbp_voice_count":0,"_bbp_anonymous_reply_count":0,"_bbp_topic_count_hidden":0,"_bbp_reply_count_hidden":0,"_bbp_forum_subforum_count":0,"om_disable_all_campaigns":false,"_monsterinsights_skip_tracking":false,"footnotes":""},"categories":[93],"tags":[],"class_list":["post-4851","post","type-post","status-publish","format-standard","has-post-thumbnail","hentry","category-artykuly"],"acf":[],"aioseo_notices":[],"aioseo_head":"\n\t\t<!-- All in One SEO 5.0.1.1 - aioseo.com -->\n\t<meta name=\"description\" content=\"Autor, Autor: Anna Legierska Opublikowano: 28 lipca 2017 r Culture.pl Gdzie mo\u017cna znale\u017a\u0107 krzemie\u0144 neolityczny? Jaki jest zwi\u0105zek polskiego z\u0142ota z odkryciem Ameryki? Culture.pl eksploruje historyczne labirynty kopalni, kilkusetletnie s\u0142one g\u0142\u0119biny i podziemne miasta wykute w kamieniu. Kopalnia srebra w Tarnowskich G\u00f3rach Od kilku tygodni ca\u0142y \u015bwiat m\u00f3wi o tej atrakcji turystycznej w Tarnowskich G\u00f3rach. W lipcu 2017 r.\" \/>\n\t<meta name=\"robots\" content=\"max-image-preview:large\" \/>\n\t<meta name=\"author\" content=\"trinity\"\/>\n\t<link rel=\"canonical\" href=\"https:\/\/wia.net.pl\/index.php\/2023\/09\/30\/podziemne-szlaki-w-polsce-historyczne-labirynty-kopalni\/\" \/>\n\t<meta name=\"generator\" content=\"All in One SEO (AIOSEO) 5.0.1.1\" \/>\n\t\t<meta property=\"og:locale\" content=\"pl_PL\" \/>\n\t\t<meta property=\"og:site_name\" content=\"Wolno\u015b\u0107 i Anarchia - Ka\u017cdy wewn\u0119trznie jest anarchist\u0105.\" \/>\n\t\t<meta property=\"og:type\" content=\"article\" \/>\n\t\t<meta property=\"og:title\" content=\"Podziemne szlaki w Polsce \u2013 Historyczne labirynty kopalni - Wolno\u015b\u0107 i Anarchia\" \/>\n\t\t<meta property=\"og:description\" content=\"Autor, Autor: Anna Legierska Opublikowano: 28 lipca 2017 r Culture.pl Gdzie mo\u017cna znale\u017a\u0107 krzemie\u0144 neolityczny? Jaki jest zwi\u0105zek polskiego z\u0142ota z odkryciem Ameryki? Culture.pl eksploruje historyczne labirynty kopalni, kilkusetletnie s\u0142one g\u0142\u0119biny i podziemne miasta wykute w kamieniu. Kopalnia srebra w Tarnowskich G\u00f3rach Od kilku tygodni ca\u0142y \u015bwiat m\u00f3wi o tej atrakcji turystycznej w Tarnowskich G\u00f3rach. W lipcu 2017 r.\" \/>\n\t\t<meta property=\"og:url\" content=\"https:\/\/wia.net.pl\/index.php\/2023\/09\/30\/podziemne-szlaki-w-polsce-historyczne-labirynty-kopalni\/\" \/>\n\t\t<meta property=\"og:image\" content=\"https:\/\/wia.net.pl\/wp-content\/uploads\/2023\/11\/cropped-freedom-i73367.jpg\" \/>\n\t\t<meta property=\"og:image:secure_url\" content=\"https:\/\/wia.net.pl\/wp-content\/uploads\/2023\/11\/cropped-freedom-i73367.jpg\" \/>\n\t\t<meta property=\"article:published_time\" content=\"2023-09-30T01:54:34+00:00\" \/>\n\t\t<meta property=\"article:modified_time\" content=\"2023-09-30T01:54:34+00:00\" \/>\n\t\t<meta name=\"twitter:card\" content=\"summary_large_image\" \/>\n\t\t<meta name=\"twitter:title\" content=\"Podziemne szlaki w Polsce \u2013 Historyczne labirynty kopalni - Wolno\u015b\u0107 i Anarchia\" \/>\n\t\t<meta name=\"twitter:description\" content=\"Autor, Autor: Anna Legierska Opublikowano: 28 lipca 2017 r Culture.pl Gdzie mo\u017cna znale\u017a\u0107 krzemie\u0144 neolityczny? Jaki jest zwi\u0105zek polskiego z\u0142ota z odkryciem Ameryki? Culture.pl eksploruje historyczne labirynty kopalni, kilkusetletnie s\u0142one g\u0142\u0119biny i podziemne miasta wykute w kamieniu. Kopalnia srebra w Tarnowskich G\u00f3rach Od kilku tygodni ca\u0142y \u015bwiat m\u00f3wi o tej atrakcji turystycznej w Tarnowskich G\u00f3rach. W lipcu 2017 r.\" \/>\n\t\t<meta name=\"twitter:image\" content=\"https:\/\/wia.net.pl\/wp-content\/uploads\/2023\/11\/cropped-freedom-i73367.jpg\" \/>\n\t\t<script type=\"application\/ld+json\" class=\"aioseo-schema\">\n\t\t\t{\"@context\":\"https:\\\/\\\/schema.org\",\"@graph\":[{\"@type\":\"BlogPosting\",\"@id\":\"https:\\\/\\\/wia.net.pl\\\/index.php\\\/2023\\\/09\\\/30\\\/podziemne-szlaki-w-polsce-historyczne-labirynty-kopalni\\\/#blogposting\",\"name\":\"Podziemne szlaki w Polsce \\u2013 Historyczne labirynty kopalni - Wolno\\u015b\\u0107 i Anarchia\",\"headline\":\"Podziemne szlaki w Polsce &#8211; Historyczne labirynty kopalni\",\"author\":{\"@id\":\"https:\\\/\\\/wia.net.pl\\\/index.php\\\/author\\\/trinity\\\/#author\"},\"publisher\":{\"@id\":\"https:\\\/\\\/wia.net.pl\\\/#person\"},\"image\":{\"@type\":\"ImageObject\",\"url\":\"https:\\\/\\\/wia.net.pl\\\/wp-content\\\/uploads\\\/2023\\\/09\\\/kopalnia-zlota-w-zlotym-stoku-sztolnie-podziemia_large.jpg\",\"width\":800,\"height\":600},\"datePublished\":\"2023-09-30T03:54:34+02:00\",\"dateModified\":\"2023-09-30T03:54:34+02:00\",\"inLanguage\":\"pl-PL\",\"mainEntityOfPage\":{\"@id\":\"https:\\\/\\\/wia.net.pl\\\/index.php\\\/2023\\\/09\\\/30\\\/podziemne-szlaki-w-polsce-historyczne-labirynty-kopalni\\\/#webpage\"},\"isPartOf\":{\"@id\":\"https:\\\/\\\/wia.net.pl\\\/index.php\\\/2023\\\/09\\\/30\\\/podziemne-szlaki-w-polsce-historyczne-labirynty-kopalni\\\/#webpage\"},\"articleSection\":\"Artyku\\u0142y\"},{\"@type\":\"BreadcrumbList\",\"@id\":\"https:\\\/\\\/wia.net.pl\\\/index.php\\\/2023\\\/09\\\/30\\\/podziemne-szlaki-w-polsce-historyczne-labirynty-kopalni\\\/#breadcrumblist\",\"itemListElement\":[{\"@type\":\"ListItem\",\"@id\":\"https:\\\/\\\/wia.net.pl#listItem\",\"position\":1,\"name\":\"Home\",\"item\":\"https:\\\/\\\/wia.net.pl\",\"nextItem\":{\"@type\":\"ListItem\",\"@id\":\"https:\\\/\\\/wia.net.pl\\\/index.php\\\/category\\\/artykuly\\\/#listItem\",\"name\":\"Artyku\\u0142y\"}},{\"@type\":\"ListItem\",\"@id\":\"https:\\\/\\\/wia.net.pl\\\/index.php\\\/category\\\/artykuly\\\/#listItem\",\"position\":2,\"name\":\"Artyku\\u0142y\",\"item\":\"https:\\\/\\\/wia.net.pl\\\/index.php\\\/category\\\/artykuly\\\/\",\"nextItem\":{\"@type\":\"ListItem\",\"@id\":\"https:\\\/\\\/wia.net.pl\\\/index.php\\\/2023\\\/09\\\/30\\\/podziemne-szlaki-w-polsce-historyczne-labirynty-kopalni\\\/#listItem\",\"name\":\"Podziemne szlaki w Polsce &#8211; Historyczne labirynty kopalni\"},\"previousItem\":{\"@type\":\"ListItem\",\"@id\":\"https:\\\/\\\/wia.net.pl#listItem\",\"name\":\"Home\"}},{\"@type\":\"ListItem\",\"@id\":\"https:\\\/\\\/wia.net.pl\\\/index.php\\\/2023\\\/09\\\/30\\\/podziemne-szlaki-w-polsce-historyczne-labirynty-kopalni\\\/#listItem\",\"position\":3,\"name\":\"Podziemne szlaki w Polsce &#8211; Historyczne labirynty kopalni\",\"previousItem\":{\"@type\":\"ListItem\",\"@id\":\"https:\\\/\\\/wia.net.pl\\\/index.php\\\/category\\\/artykuly\\\/#listItem\",\"name\":\"Artyku\\u0142y\"}}]},{\"@type\":\"Person\",\"@id\":\"https:\\\/\\\/wia.net.pl\\\/#person\",\"name\":\"Bart\\u0142omiej Talarczyk\",\"image\":{\"@type\":\"ImageObject\",\"@id\":\"https:\\\/\\\/wia.net.pl\\\/index.php\\\/2023\\\/09\\\/30\\\/podziemne-szlaki-w-polsce-historyczne-labirynty-kopalni\\\/#personImage\",\"url\":\"https:\\\/\\\/wia.net.pl\\\/wp-content\\\/uploads\\\/avatar-privacy\\\/cache\\\/user\\\/1\\\/7\\\/176a6b161c58363ff49b5c167264231f519f5c7fa183ca1f61e891769b6b56d5-96.jpg\",\"width\":96,\"height\":96,\"caption\":\"Bart\\u0142omiej Talarczyk\"}},{\"@type\":\"Person\",\"@id\":\"https:\\\/\\\/wia.net.pl\\\/index.php\\\/author\\\/trinity\\\/#author\",\"url\":\"https:\\\/\\\/wia.net.pl\\\/index.php\\\/author\\\/trinity\\\/\",\"name\":\"trinity\",\"image\":{\"@type\":\"ImageObject\",\"@id\":\"https:\\\/\\\/wia.net.pl\\\/index.php\\\/2023\\\/09\\\/30\\\/podziemne-szlaki-w-polsce-historyczne-labirynty-kopalni\\\/#authorImage\",\"url\":\"https:\\\/\\\/wia.net.pl\\\/wp-content\\\/uploads\\\/avatar-privacy\\\/cache\\\/user\\\/5\\\/f\\\/5f6547cf82495eaa10e100a6a45d5dbde2dfdc1be88557de2018fca705bdf6f1-96.jpg\",\"width\":96,\"height\":96,\"caption\":\"trinity\"}},{\"@type\":\"WebPage\",\"@id\":\"https:\\\/\\\/wia.net.pl\\\/index.php\\\/2023\\\/09\\\/30\\\/podziemne-szlaki-w-polsce-historyczne-labirynty-kopalni\\\/#webpage\",\"url\":\"https:\\\/\\\/wia.net.pl\\\/index.php\\\/2023\\\/09\\\/30\\\/podziemne-szlaki-w-polsce-historyczne-labirynty-kopalni\\\/\",\"name\":\"Podziemne szlaki w Polsce \\u2013 Historyczne labirynty kopalni - Wolno\\u015b\\u0107 i Anarchia\",\"description\":\"Autor, Autor: Anna Legierska Opublikowano: 28 lipca 2017 r Culture.pl Gdzie mo\\u017cna znale\\u017a\\u0107 krzemie\\u0144 neolityczny? Jaki jest zwi\\u0105zek polskiego z\\u0142ota z odkryciem Ameryki? Culture.pl eksploruje historyczne labirynty kopalni, kilkusetletnie s\\u0142one g\\u0142\\u0119biny i podziemne miasta wykute w kamieniu. Kopalnia srebra w Tarnowskich G\\u00f3rach Od kilku tygodni ca\\u0142y \\u015bwiat m\\u00f3wi o tej atrakcji turystycznej w Tarnowskich G\\u00f3rach. W lipcu 2017 r.\",\"inLanguage\":\"pl-PL\",\"isPartOf\":{\"@id\":\"https:\\\/\\\/wia.net.pl\\\/#website\"},\"breadcrumb\":{\"@id\":\"https:\\\/\\\/wia.net.pl\\\/index.php\\\/2023\\\/09\\\/30\\\/podziemne-szlaki-w-polsce-historyczne-labirynty-kopalni\\\/#breadcrumblist\"},\"author\":{\"@id\":\"https:\\\/\\\/wia.net.pl\\\/index.php\\\/author\\\/trinity\\\/#author\"},\"creator\":{\"@id\":\"https:\\\/\\\/wia.net.pl\\\/index.php\\\/author\\\/trinity\\\/#author\"},\"image\":{\"@type\":\"ImageObject\",\"url\":\"https:\\\/\\\/wia.net.pl\\\/wp-content\\\/uploads\\\/2023\\\/09\\\/kopalnia-zlota-w-zlotym-stoku-sztolnie-podziemia_large.jpg\",\"@id\":\"https:\\\/\\\/wia.net.pl\\\/index.php\\\/2023\\\/09\\\/30\\\/podziemne-szlaki-w-polsce-historyczne-labirynty-kopalni\\\/#mainImage\",\"width\":800,\"height\":600},\"primaryImageOfPage\":{\"@id\":\"https:\\\/\\\/wia.net.pl\\\/index.php\\\/2023\\\/09\\\/30\\\/podziemne-szlaki-w-polsce-historyczne-labirynty-kopalni\\\/#mainImage\"},\"datePublished\":\"2023-09-30T03:54:34+02:00\",\"dateModified\":\"2023-09-30T03:54:34+02:00\"},{\"@type\":\"WebSite\",\"@id\":\"https:\\\/\\\/wia.net.pl\\\/#website\",\"url\":\"https:\\\/\\\/wia.net.pl\\\/\",\"name\":\"Wolno\\u015b\\u0107 i Anarchia\",\"description\":\"Ka\\u017cdy wewn\\u0119trznie jest anarchist\\u0105.\",\"inLanguage\":\"pl-PL\",\"publisher\":{\"@id\":\"https:\\\/\\\/wia.net.pl\\\/#person\"}}]}\n\t\t<\/script>\n\t\t<!-- All in One SEO -->\n\n","aioseo_head_json":{"title":"Podziemne szlaki w Polsce \u2013 Historyczne labirynty kopalni - Wolno\u015b\u0107 i Anarchia","description":"Autor, Autor: Anna Legierska Opublikowano: 28 lipca 2017 r Culture.pl Gdzie mo\u017cna znale\u017a\u0107 krzemie\u0144 neolityczny? Jaki jest zwi\u0105zek polskiego z\u0142ota z odkryciem Ameryki? Culture.pl eksploruje historyczne labirynty kopalni, kilkusetletnie s\u0142one g\u0142\u0119biny i podziemne miasta wykute w kamieniu. Kopalnia srebra w Tarnowskich G\u00f3rach Od kilku tygodni ca\u0142y \u015bwiat m\u00f3wi o tej atrakcji turystycznej w Tarnowskich G\u00f3rach. W lipcu 2017 r.","canonical_url":"https:\/\/wia.net.pl\/index.php\/2023\/09\/30\/podziemne-szlaki-w-polsce-historyczne-labirynty-kopalni\/","robots":"max-image-preview:large","keywords":"","webmasterTools":{"miscellaneous":""},"schema":{"@context":"https:\/\/schema.org","@graph":[{"@type":"BlogPosting","@id":"https:\/\/wia.net.pl\/index.php\/2023\/09\/30\/podziemne-szlaki-w-polsce-historyczne-labirynty-kopalni\/#blogposting","name":"Podziemne szlaki w Polsce \u2013 Historyczne labirynty kopalni - Wolno\u015b\u0107 i Anarchia","headline":"Podziemne szlaki w Polsce &#8211; Historyczne labirynty kopalni","author":{"@id":"https:\/\/wia.net.pl\/index.php\/author\/trinity\/#author"},"publisher":{"@id":"https:\/\/wia.net.pl\/#person"},"image":{"@type":"ImageObject","url":"https:\/\/wia.net.pl\/wp-content\/uploads\/2023\/09\/kopalnia-zlota-w-zlotym-stoku-sztolnie-podziemia_large.jpg","width":800,"height":600},"datePublished":"2023-09-30T03:54:34+02:00","dateModified":"2023-09-30T03:54:34+02:00","inLanguage":"pl-PL","mainEntityOfPage":{"@id":"https:\/\/wia.net.pl\/index.php\/2023\/09\/30\/podziemne-szlaki-w-polsce-historyczne-labirynty-kopalni\/#webpage"},"isPartOf":{"@id":"https:\/\/wia.net.pl\/index.php\/2023\/09\/30\/podziemne-szlaki-w-polsce-historyczne-labirynty-kopalni\/#webpage"},"articleSection":"Artyku\u0142y"},{"@type":"BreadcrumbList","@id":"https:\/\/wia.net.pl\/index.php\/2023\/09\/30\/podziemne-szlaki-w-polsce-historyczne-labirynty-kopalni\/#breadcrumblist","itemListElement":[{"@type":"ListItem","@id":"https:\/\/wia.net.pl#listItem","position":1,"name":"Home","item":"https:\/\/wia.net.pl","nextItem":{"@type":"ListItem","@id":"https:\/\/wia.net.pl\/index.php\/category\/artykuly\/#listItem","name":"Artyku\u0142y"}},{"@type":"ListItem","@id":"https:\/\/wia.net.pl\/index.php\/category\/artykuly\/#listItem","position":2,"name":"Artyku\u0142y","item":"https:\/\/wia.net.pl\/index.php\/category\/artykuly\/","nextItem":{"@type":"ListItem","@id":"https:\/\/wia.net.pl\/index.php\/2023\/09\/30\/podziemne-szlaki-w-polsce-historyczne-labirynty-kopalni\/#listItem","name":"Podziemne szlaki w Polsce &#8211; Historyczne labirynty kopalni"},"previousItem":{"@type":"ListItem","@id":"https:\/\/wia.net.pl#listItem","name":"Home"}},{"@type":"ListItem","@id":"https:\/\/wia.net.pl\/index.php\/2023\/09\/30\/podziemne-szlaki-w-polsce-historyczne-labirynty-kopalni\/#listItem","position":3,"name":"Podziemne szlaki w Polsce &#8211; Historyczne labirynty kopalni","previousItem":{"@type":"ListItem","@id":"https:\/\/wia.net.pl\/index.php\/category\/artykuly\/#listItem","name":"Artyku\u0142y"}}]},{"@type":"Person","@id":"https:\/\/wia.net.pl\/#person","name":"Bart\u0142omiej Talarczyk","image":{"@type":"ImageObject","@id":"https:\/\/wia.net.pl\/index.php\/2023\/09\/30\/podziemne-szlaki-w-polsce-historyczne-labirynty-kopalni\/#personImage","url":"https:\/\/wia.net.pl\/wp-content\/uploads\/avatar-privacy\/cache\/user\/1\/7\/176a6b161c58363ff49b5c167264231f519f5c7fa183ca1f61e891769b6b56d5-96.jpg","width":96,"height":96,"caption":"Bart\u0142omiej Talarczyk"}},{"@type":"Person","@id":"https:\/\/wia.net.pl\/index.php\/author\/trinity\/#author","url":"https:\/\/wia.net.pl\/index.php\/author\/trinity\/","name":"trinity","image":{"@type":"ImageObject","@id":"https:\/\/wia.net.pl\/index.php\/2023\/09\/30\/podziemne-szlaki-w-polsce-historyczne-labirynty-kopalni\/#authorImage","url":"https:\/\/wia.net.pl\/wp-content\/uploads\/avatar-privacy\/cache\/user\/5\/f\/5f6547cf82495eaa10e100a6a45d5dbde2dfdc1be88557de2018fca705bdf6f1-96.jpg","width":96,"height":96,"caption":"trinity"}},{"@type":"WebPage","@id":"https:\/\/wia.net.pl\/index.php\/2023\/09\/30\/podziemne-szlaki-w-polsce-historyczne-labirynty-kopalni\/#webpage","url":"https:\/\/wia.net.pl\/index.php\/2023\/09\/30\/podziemne-szlaki-w-polsce-historyczne-labirynty-kopalni\/","name":"Podziemne szlaki w Polsce \u2013 Historyczne labirynty kopalni - Wolno\u015b\u0107 i Anarchia","description":"Autor, Autor: Anna Legierska Opublikowano: 28 lipca 2017 r Culture.pl Gdzie mo\u017cna znale\u017a\u0107 krzemie\u0144 neolityczny? Jaki jest zwi\u0105zek polskiego z\u0142ota z odkryciem Ameryki? Culture.pl eksploruje historyczne labirynty kopalni, kilkusetletnie s\u0142one g\u0142\u0119biny i podziemne miasta wykute w kamieniu. Kopalnia srebra w Tarnowskich G\u00f3rach Od kilku tygodni ca\u0142y \u015bwiat m\u00f3wi o tej atrakcji turystycznej w Tarnowskich G\u00f3rach. W lipcu 2017 r.","inLanguage":"pl-PL","isPartOf":{"@id":"https:\/\/wia.net.pl\/#website"},"breadcrumb":{"@id":"https:\/\/wia.net.pl\/index.php\/2023\/09\/30\/podziemne-szlaki-w-polsce-historyczne-labirynty-kopalni\/#breadcrumblist"},"author":{"@id":"https:\/\/wia.net.pl\/index.php\/author\/trinity\/#author"},"creator":{"@id":"https:\/\/wia.net.pl\/index.php\/author\/trinity\/#author"},"image":{"@type":"ImageObject","url":"https:\/\/wia.net.pl\/wp-content\/uploads\/2023\/09\/kopalnia-zlota-w-zlotym-stoku-sztolnie-podziemia_large.jpg","@id":"https:\/\/wia.net.pl\/index.php\/2023\/09\/30\/podziemne-szlaki-w-polsce-historyczne-labirynty-kopalni\/#mainImage","width":800,"height":600},"primaryImageOfPage":{"@id":"https:\/\/wia.net.pl\/index.php\/2023\/09\/30\/podziemne-szlaki-w-polsce-historyczne-labirynty-kopalni\/#mainImage"},"datePublished":"2023-09-30T03:54:34+02:00","dateModified":"2023-09-30T03:54:34+02:00"},{"@type":"WebSite","@id":"https:\/\/wia.net.pl\/#website","url":"https:\/\/wia.net.pl\/","name":"Wolno\u015b\u0107 i Anarchia","description":"Ka\u017cdy wewn\u0119trznie jest anarchist\u0105.","inLanguage":"pl-PL","publisher":{"@id":"https:\/\/wia.net.pl\/#person"}}]},"og:locale":"pl_PL","og:site_name":"Wolno\u015b\u0107 i Anarchia - Ka\u017cdy wewn\u0119trznie jest anarchist\u0105.","og:type":"article","og:title":"Podziemne szlaki w Polsce \u2013 Historyczne labirynty kopalni - Wolno\u015b\u0107 i Anarchia","og:description":"Autor, Autor: Anna Legierska Opublikowano: 28 lipca 2017 r Culture.pl Gdzie mo\u017cna znale\u017a\u0107 krzemie\u0144 neolityczny? Jaki jest zwi\u0105zek polskiego z\u0142ota z odkryciem Ameryki? Culture.pl eksploruje historyczne labirynty kopalni, kilkusetletnie s\u0142one g\u0142\u0119biny i podziemne miasta wykute w kamieniu. Kopalnia srebra w Tarnowskich G\u00f3rach Od kilku tygodni ca\u0142y \u015bwiat m\u00f3wi o tej atrakcji turystycznej w Tarnowskich G\u00f3rach. W lipcu 2017 r.","og:url":"https:\/\/wia.net.pl\/index.php\/2023\/09\/30\/podziemne-szlaki-w-polsce-historyczne-labirynty-kopalni\/","og:image":"https:\/\/wia.net.pl\/wp-content\/uploads\/2023\/11\/cropped-freedom-i73367.jpg","og:image:secure_url":"https:\/\/wia.net.pl\/wp-content\/uploads\/2023\/11\/cropped-freedom-i73367.jpg","article:published_time":"2023-09-30T01:54:34+00:00","article:modified_time":"2023-09-30T01:54:34+00:00","twitter:card":"summary_large_image","twitter:title":"Podziemne szlaki w Polsce \u2013 Historyczne labirynty kopalni - Wolno\u015b\u0107 i Anarchia","twitter:description":"Autor, Autor: Anna Legierska Opublikowano: 28 lipca 2017 r Culture.pl Gdzie mo\u017cna znale\u017a\u0107 krzemie\u0144 neolityczny? Jaki jest zwi\u0105zek polskiego z\u0142ota z odkryciem Ameryki? Culture.pl eksploruje historyczne labirynty kopalni, kilkusetletnie s\u0142one g\u0142\u0119biny i podziemne miasta wykute w kamieniu. Kopalnia srebra w Tarnowskich G\u00f3rach Od kilku tygodni ca\u0142y \u015bwiat m\u00f3wi o tej atrakcji turystycznej w Tarnowskich G\u00f3rach. W lipcu 2017 r.","twitter:image":"https:\/\/wia.net.pl\/wp-content\/uploads\/2023\/11\/cropped-freedom-i73367.jpg"},"aioseo_meta_data":{"post_id":"4851","title":null,"description":null,"keywords":[],"keyphrases":{"focus":{"keyphrase":"","score":0,"analysis":{"keyphraseInTitle":{"score":0,"maxScore":9,"error":1}}},"additional":[]},"primary_term":null,"canonical_url":null,"og_title":null,"og_description":null,"og_object_type":"default","og_image_type":"default","og_image_url":null,"og_image_width":null,"og_image_height":null,"og_image_custom_url":null,"og_image_custom_fields":null,"og_video":"","og_custom_url":null,"og_article_section":null,"og_article_tags":[],"twitter_use_og":false,"twitter_card":"default","twitter_image_type":"default","twitter_image_url":null,"twitter_image_custom_url":null,"twitter_image_custom_fields":null,"twitter_title":null,"twitter_description":null,"schema":{"blockGraphs":[],"customGraphs":[],"default":{"data":{"Article":[],"Course":[],"Dataset":[],"FAQPage":[],"Movie":[],"Person":[],"Product":[],"ProductReview":[],"Car":[],"Recipe":[],"Service":[],"SoftwareApplication":[],"WebPage":[]},"graphName":"BlogPosting","isEnabled":true},"graphs":[]},"schema_type":"default","schema_type_options":null,"pillar_content":false,"robots_default":true,"robots_noindex":false,"robots_noarchive":false,"robots_nosnippet":false,"robots_nofollow":false,"robots_noimageindex":false,"robots_noodp":false,"robots_notranslate":false,"robots_max_snippet":"-1","robots_max_videopreview":"-1","robots_max_imagepreview":"large","priority":null,"frequency":"default","local_seo":null,"breadcrumb_settings":null,"limit_modified_date":false,"ai":null,"created":"2023-09-30 01:54:35","updated":"2025-06-04 09:24:32","seo_analyzer_scan_date":null,"focus_keyword":null,"additional_keywords":null,"truseo_locale":null},"aioseo_breadcrumb":"<div class=\"aioseo-breadcrumbs\"><span class=\"aioseo-breadcrumb\">\n\t\t\t<a href=\"https:\/\/wia.net.pl\" title=\"Home\">Home<\/a>\n\t\t<\/span><span class=\"aioseo-breadcrumb-separator\">&raquo;<\/span><span class=\"aioseo-breadcrumb\">\n\t\t\t<a href=\"https:\/\/wia.net.pl\/index.php\/category\/artykuly\/\" title=\"Artyku\u0142y\">Artyku\u0142y<\/a>\n\t\t<\/span><span class=\"aioseo-breadcrumb-separator\">&raquo;<\/span><span class=\"aioseo-breadcrumb\">\n\t\t\tPodziemne szlaki w Polsce \u2013 Historyczne labirynty kopalni\n\t\t<\/span><\/div>","aioseo_breadcrumb_json":[{"label":"Home","link":"https:\/\/wia.net.pl"},{"label":"Artyku\u0142y","link":"https:\/\/wia.net.pl\/index.php\/category\/artykuly\/"},{"label":"Podziemne szlaki w Polsce &#8211; Historyczne labirynty kopalni","link":"https:\/\/wia.net.pl\/index.php\/2023\/09\/30\/podziemne-szlaki-w-polsce-historyczne-labirynty-kopalni\/"}],"_links":{"self":[{"href":"https:\/\/wia.net.pl\/index.php\/wp-json\/wp\/v2\/posts\/4851"}],"collection":[{"href":"https:\/\/wia.net.pl\/index.php\/wp-json\/wp\/v2\/posts"}],"about":[{"href":"https:\/\/wia.net.pl\/index.php\/wp-json\/wp\/v2\/types\/post"}],"author":[{"embeddable":true,"href":"https:\/\/wia.net.pl\/index.php\/wp-json\/wp\/v2\/users\/2"}],"replies":[{"embeddable":true,"href":"https:\/\/wia.net.pl\/index.php\/wp-json\/wp\/v2\/comments?post=4851"}],"version-history":[{"count":1,"href":"https:\/\/wia.net.pl\/index.php\/wp-json\/wp\/v2\/posts\/4851\/revisions"}],"predecessor-version":[{"id":4853,"href":"https:\/\/wia.net.pl\/index.php\/wp-json\/wp\/v2\/posts\/4851\/revisions\/4853"}],"wp:featuredmedia":[{"embeddable":true,"href":"https:\/\/wia.net.pl\/index.php\/wp-json\/wp\/v2\/media\/4852"}],"wp:attachment":[{"href":"https:\/\/wia.net.pl\/index.php\/wp-json\/wp\/v2\/media?parent=4851"}],"wp:term":[{"taxonomy":"category","embeddable":true,"href":"https:\/\/wia.net.pl\/index.php\/wp-json\/wp\/v2\/categories?post=4851"},{"taxonomy":"post_tag","embeddable":true,"href":"https:\/\/wia.net.pl\/index.php\/wp-json\/wp\/v2\/tags?post=4851"}],"curies":[{"name":"wp","href":"https:\/\/api.w.org\/{rel}","templated":true}]}}