{"id":4873,"date":"2023-09-30T18:23:08","date_gmt":"2023-09-30T16:23:08","guid":{"rendered":"https:\/\/wia.net.pl\/?p=4873"},"modified":"2023-09-30T18:23:08","modified_gmt":"2023-09-30T16:23:08","slug":"krysztalowa-gora-moc-w-kraskowie","status":"publish","type":"post","link":"https:\/\/wia.net.pl\/index.php\/2023\/09\/30\/krysztalowa-gora-moc-w-kraskowie\/","title":{"rendered":"KRYSZTA\u0141OWA G\u00d3RA \u2013  MOC W KRASKOWIE"},"content":{"rendered":"\n<p>Miejsce Mocy w\u00a0Polsce &#8211; Kr\u00f3lestwo Kryszta\u0142\u00f3w<\/p>\n\n\n\n<p><\/p>\n\n\n\n<figure class=\"wp-block-image size-full\"><img loading=\"lazy\" decoding=\"async\" width=\"960\" height=\"445\" src=\"https:\/\/wia.net.pl\/wp-content\/uploads\/2023\/09\/KRASKOW2.jpg\" alt=\"\" class=\"wp-image-4874\" srcset=\"https:\/\/wia.net.pl\/wp-content\/uploads\/2023\/09\/KRASKOW2.jpg 960w, https:\/\/wia.net.pl\/wp-content\/uploads\/2023\/09\/KRASKOW2-300x139.jpg 300w, https:\/\/wia.net.pl\/wp-content\/uploads\/2023\/09\/KRASKOW2-768x356.jpg 768w\" sizes=\"(max-width: 960px) 100vw, 960px\" \/><\/figure>\n\n\n\n<p>Kryszta\u0142owa G\u00f3ra w\u00a0Kraskowie to\u00a0gigantyczny Kryszta\u0142 Kwarcu o\u00a0d\u0142ugo\u015bci 500 m. i\u00a0szer. 80-90 m. wyniesiony ponad 30 m. nad\u00a0teren i\u00a0posiadaj\u0105cy sw\u0105 cz\u0119\u015b\u0107 podziemn\u0105 o\u00a0g\u0142\u0119boko\u015bci powy\u017cej 50 m. Wg\u00a0naszych szacunk\u00f3w jego masa to\u00a0ponad 4,5 mln. ton kwarcu w\u00a0postaci jednej \u017cy\u0142y tego minera\u0142u. To\u00a0masa tego Kryszta\u0142u w\u00a0postaci wzniesienia powoduje \u017ce\u00a0na\u00a0Kryszta\u0142owej G\u00f3rze w\u00a0Krasowie mamy do\u00a0czynienia z\u00a0Miejscem Mocy emanuj\u0105cym dobroczynn\u0105 uzdrawiaj\u0105c\u0105 energi\u0105. Miejsce to\u00a0odwiedzi\u0142o do\u00a0roku 2017 oko\u0142o 3 500 os\u00f3b, kt\u00f3re przybywaj\u0105 do\u00a0tej\u00a0G\u00f3ry po\u00a0jej Moc, Oczyszczenie i\u00a0Uzdrowienie na\u00a0poziomie Dusza, Umys\u0142 i\u00a0Cia\u0142o. Odwiedzi\u0142o nas setki os\u00f3b pracuj\u0105cych z\u00a0energiami, potrafi\u0105cych po\u0142\u0105czy\u0107 si\u0119 z\u00a0energi\u0105 tego Miejsca i\u00a0por\u00f3wna\u0107 jej energi\u0119 z\u00a0innymi Miejscami Mocy w\u00a0Polsce. To\u00a0od\u00a0tych os\u00f3b p\u0142yn\u0105 informacje, \u017ce\u00a0tutaj na\u00a0Kryszta\u0142owej G\u00f3rze w\u00a0Kraskowie mamy obecnie Miejsce Mocy o\u00a0niespotykanej w\u00a0Polsce energii, kt\u00f3rego\u00a0wibracje mog\u0105 wspom\u00f3c procesy transformacji, oczyszczenia i\u00a0uzdrowienia odwiedzaj\u0105cych na\u00a0poziomie Dusza, Umys\u0142 i\u00a0Cia\u0142o.<\/p>\n\n\n\n<figure class=\"wp-block-image size-large\"><img loading=\"lazy\" decoding=\"async\" width=\"1024\" height=\"534\" src=\"https:\/\/wia.net.pl\/wp-content\/uploads\/2023\/09\/slider1-1024x534.jpg\" alt=\"\" class=\"wp-image-4875\" srcset=\"https:\/\/wia.net.pl\/wp-content\/uploads\/2023\/09\/slider1-1024x534.jpg 1024w, https:\/\/wia.net.pl\/wp-content\/uploads\/2023\/09\/slider1-300x156.jpg 300w, https:\/\/wia.net.pl\/wp-content\/uploads\/2023\/09\/slider1-768x400.jpg 768w, https:\/\/wia.net.pl\/wp-content\/uploads\/2023\/09\/slider1.jpg 1122w\" sizes=\"(max-width: 1024px) 100vw, 1024px\" \/><\/figure>\n\n\n\n<p><strong>Wszyscy, kt\u00f3rzy przybywaj\u0105 do Kraskowa, znajduj\u0105 si\u0119 w polu oddzia\u0142ywania gigantycznego kryszta\u0142u.<\/strong>\u00a0<strong>Jego masa wynosi ponad 5 milion\u00f3w ton kwarcu w postaci jednej \u017cy\u0142y tego minera\u0142u. Ma d\u0142ugo\u015b\u0107 500 metr\u00f3w i szeroko\u015b\u0107 80-90 metr\u00f3w. Jest on r\u00f3wnie\u017c wyniesiony 30 metr\u00f3w nad ziemi\u0119 i to w\u0142a\u015bnie czyni go wyj\u0105tkowo aktywnym. Kryszta\u0142owa G\u00f3ra emanuje sw\u0105 dobroczynn\u0105, uzdrawiaj\u0105c\u0105 energi\u0105 z niezwyk\u0142\u0105 moc\u0105, przywo\u0142uj\u0105c coraz wi\u0119ksz\u0105 liczb\u0119 os\u00f3b pragn\u0105cych pozna\u0107 i poczu\u0107 to niezwyk\u0142e miejsce.<\/strong><\/p>\n\n\n\n<figure class=\"wp-block-image size-large\"><img loading=\"lazy\" decoding=\"async\" width=\"1024\" height=\"1024\" src=\"https:\/\/wia.net.pl\/wp-content\/uploads\/2023\/09\/obraz-z-krysztalami-z-Kraskowa-1024x1024.jpg\" alt=\"\" class=\"wp-image-4876\" srcset=\"https:\/\/wia.net.pl\/wp-content\/uploads\/2023\/09\/obraz-z-krysztalami-z-Kraskowa-1024x1024.jpg 1024w, https:\/\/wia.net.pl\/wp-content\/uploads\/2023\/09\/obraz-z-krysztalami-z-Kraskowa-300x300.jpg 300w, https:\/\/wia.net.pl\/wp-content\/uploads\/2023\/09\/obraz-z-krysztalami-z-Kraskowa-150x150.jpg 150w, https:\/\/wia.net.pl\/wp-content\/uploads\/2023\/09\/obraz-z-krysztalami-z-Kraskowa-768x768.jpg 768w, https:\/\/wia.net.pl\/wp-content\/uploads\/2023\/09\/obraz-z-krysztalami-z-Kraskowa.jpg 1070w\" sizes=\"(max-width: 1024px) 100vw, 1024px\" \/><\/figure>\n\n\n\n<p>Obraz z kryszta\u0142ami z Kraskowa \/ Autor: Magdalena G\u0142owacka<\/p>\n\n\n\n<p><strong>Moje pierwsze spotkanie z opiekunem Kryszta\u0142owej G\u00f3ry<\/strong><\/p>\n\n\n\n<p>Jestem malark\u0105. Moje obrazy nie odzwierciedlaj\u0105 jedynie rzeczywistego \u015bwiata, lecz tak\u017ce to, co dostrzegam moim wewn\u0119trznym widzeniem. Kilka lat temu zorientowa\u0142am si\u0119, \u017ce media, kt\u00f3rymi dysponuj\u0119 nie s\u0105 wystarczaj\u0105ce, aby w pe\u0142ni odda\u0107 bogactwo i si\u0142\u0119 wyrazu tego, co rejestruj\u0119. Zacz\u0119\u0142am eksperymentowa\u0107 z r\u00f3\u017cnymi masami plastycznymi, elementami z drewna i gliny. Kt\u00f3rego\u015b razu pojawi\u0142 si\u0119 jednak obraz, kt\u00f3ry sobie \u201eza\u017cyczy\u0142\u201d obecno\u015bci piasku kwarcowego i tym oto sposobem nawi\u0105za\u0142am kontakt z opiekunem tajemniczej Kryszta\u0142owej G\u00f3ry \u2013 Ryszardem Walczakiem.<\/p>\n\n\n\n<p>Do 2008 roku na terenie Kraskowa dzia\u0142a\u0142a kopalnia kwarcu, kt\u00f3ry wykorzystywany by\u0142 do cel\u00f3w przemys\u0142owych. Wraz z zaprzestaniem wydobywania surowca, Kryszta\u0142owa G\u00f3ra zacz\u0119\u0142a ods\u0142ania\u0107 stopniowo skrywane w niej od wiek\u00f3w tajemnice. Pojawi\u0142a si\u0119 r\u00f3wnie\u017c \u015bwiadomo\u015b\u0107 wagi skarb\u00f3w, kt\u00f3re ma do zaoferowania. Nic zatem dziwnego, \u017ce w\u0142a\u015bnie to miejsce przyci\u0105gn\u0119\u0142o mnie ca\u0142\u0105 swoj\u0105 Moc\u0105 \u2013 jestem mu za to ogromnie wdzi\u0119czna.Moja pierwsza rozmowa z Ryszardem trwa\u0142a blisko dwie godziny, cho\u0107 wydawa\u0142o mi si\u0119, \u017ce zadzwoni\u0142am tylko z jednym pytaniem. Ju\u017c po kilku zdaniach zacz\u0119li\u015bmy m\u00f3wi\u0107 sobie po imieniu i okaza\u0142o si\u0119, \u017ce mamy wiele wsp\u00f3lnych zainteresowa\u0144. Um\u00f3wili\u015bmy si\u0119 te\u017c na spotkanie.<\/p>\n\n\n\n<p>To, czym zosta\u0142am obdarowana, dalekie by\u0142o od kwarcowego piasku. W istocie kryszta\u0142y, kt\u00f3re przywi\u00f3z\u0142 Ryszard okaza\u0142y si\u0119 du\u017ce, lecz jednocze\u015bnie tak pi\u0119kne, \u017ce trzyma\u0142am je w d\u0142oniach przez ca\u0142\u0105 nasz\u0105 rozmow\u0119. Mia\u0142 ze sob\u0105 r\u00f3wnie\u017c dwie reklam\u00f3wki drobniejszego kwarcu i butelki z Wod\u0105 \u017bycia, pochodz\u0105c\u0105 ze \u017ar\u00f3d\u0142a w Kraskowie. Przy osobistym poznaniu, Ryszard jeszcze bardziej zyska\u0142 w moich oczach. Okaza\u0142 si\u0119 cz\u0142owiekiem bardzo otwartym i szczerym z czystymi intencjami oraz szlachetnymi idea\u0142ami. Kiedy wyj\u0119\u0142am m\u00f3j portfel \u2013 od razu mnie powstrzyma\u0142. Nie chcia\u0142 \u017cadnych pieni\u0119dzy. W zamian za wszystkie cudowne dary poprosi\u0142 tylko o jedno, \u017cebym podzieli\u0142a si\u0119 z innymi wszystkim, co otrzyma\u0142am. Co te\u017c uczyni\u0142am. Ryszard powiedzia\u0142 mi, jak energi\u0119 Wody \u017bycia wprowadzi\u0107 do sieci wodoci\u0105gowej, \u017ceby zmieni\u0107 jej wibracje, i jak kryszta\u0142y mog\u0105 uzdrawia\u0107 przestrze\u0144, w kt\u00f3rej \u017cyj\u0119.<\/p>\n\n\n\n<p>Tak woda, jak i kryszta\u0142y pow\u0119drowa\u0142y do moich bliskich. Moc kwarcu z Kraskowa jest te\u017c obecna w wielu moich obrazach. Ka\u017cdy, kto je widzia\u0142 potwierdza, \u017ce zyska\u0142y one dzi\u0119ki nim szczeg\u00f3lne w\u0142a\u015bciwo\u015bci. Nie jest \u0142atwo opisa\u0107 je s\u0142owami \u2013 trzeba po prostu do\u015bwiadczy\u0107 ich g\u0142\u0119bi i prawdy. Jedno jest pewne i wsp\u00f3lne wszystkim kryszta\u0142owym dzie\u0142om \u2013 trafiaj\u0105 one prosto do naszych serc i otwieraj\u0105 je na mi\u0142o\u015b\u0107.<\/p>\n\n\n\n<p><strong>Miejsce, kt\u00f3re pokazuje Prawd\u0119<\/strong><\/p>\n\n\n\n<p>Kryszta\u0142owa G\u00f3ra znajduje si\u0119 we wsi Krask\u00f3w, w gminie Marcinowice, oddalonej 43 km od Wroc\u0142awia i oko\u0142o 10 km od g\u00f3ry \u015al\u0119\u017cy. Od roku 2009 miejsce to odwiedzi\u0142o oko\u0142o 3&nbsp;500 os\u00f3b z ca\u0142ej Polski, a&nbsp;tak\u017ce spoza jej granic. Ka\u017cdy z przyby\u0142ych do\u015bwiadcza tutaj swoistego odnowienia, opuszcza to miejsce hojnie obdarowany i zdumiony. Zadziwiaj\u0105cy jest fakt, \u017ce oczyszczenie i uzdrowienie dokonuje si\u0119 na wszystkich poziomach ludzkiego istnienia i staje si\u0119 zmian\u0105 nieodwracaln\u0105.<\/p>\n\n\n\n<p>Kiedy po raz pierwszy odwiedzi\u0142am to miejsce wraz ze znajomymi, us\u0142ysza\u0142am: \u201eCzy jeste\u015bcie gotowi zobaczy\u0107 siebie takimi, jakimi jeste\u015bcie naprawd\u0119?\u201d. Wszyscy \u2013 \u0142\u0105cznie ze mn\u0105 \u2013 bardzo entuzjastycznie podj\u0119li to wyzwanie, nie maj\u0105c poj\u0119cia jak g\u0142\u0119boki proces rozpocz\u0105\u0142 si\u0119 w ka\u017cdym z nas.<\/p>\n\n\n\n<p>Wewn\u0105trz z\u0142o\u017ca kwarcu znajduje si\u0119 \u017ar\u00f3d\u0142o, z kt\u00f3rego wyp\u0142ywa Wod\u0105 \u017bycia o&nbsp;niespotykanej energii, strukturze&nbsp;oraz&nbsp;przebogatym sk\u0142adzie chemicznym. To w\u0142a\u015bnie ona wraz ze wszechobecnie odczuwaln\u0105 b\u0142og\u0105 energi\u0105 kryszta\u0142u o wyj\u0105tkowo \u017ce\u0144skich atrybutach, stanowi cudowne, boskie narz\u0119dzie do transformacji i wzrastania. Przebywaj\u0105c w Kraskowie, mamy mo\u017cliwo\u015b\u0107 napicia si\u0119 jej, b\u0105d\u017a te\u017c op\u0142ukania ni\u0105 swojego cia\u0142a. Dla mnie zanurzenie si\u0119 w niej \u2013 cho\u0107 tylko cz\u0119\u015bciowe \u2013 sta\u0142o si\u0119 momentem prze\u0142omowym na drodze do rozpoznania siebie.<\/p>\n\n\n\n<p>Smak Wody \u017bycia zapami\u0119ta\u0142am od pierwszego \u0142yku. Jej wibracja zapisa\u0142a si\u0119 we mnie na subtelnych poziomach i ustanowi\u0142a swoistego rodzaju wi\u0119\u017a. Z energi\u0105 Kryszta\u0142u z Kraskowa jest podobnie. Mam wielu znajomych, kt\u00f3rzy uwielbiaj\u0105 minera\u0142y i posiadaj\u0105 ich ogromne zbiory. Budz\u0105 one m\u00f3j wielki zachwyt. Jednak zawsze najbardziej wzruszaj\u0105ce s\u0105 dla mnie chwile, kiedy z ca\u0142ej wielkiej kolekcji, jak spod ziemi potrafi wyskoczy\u0107 jeden, cz\u0119sto ma\u0142y i niepozorny kryszta\u0142ek i ucieszy\u0107 moje serce. U\u015bmiecham si\u0119 wtedy i pytam: \u201eBy\u0142e\u015b w Kraskowie?\u201d i s\u0142ysz\u0119 zdziwion\u0105 odpowied\u017a: \u201eSk\u0105d wiedzia\u0142a\u015b? Jak rozpozna\u0142a\u015b ten kamyk?\u201d.<\/p>\n\n\n\n<p>Kiedy wyruszysz na spotkanie z Kryszta\u0142ow\u0105 G\u00f3r\u0105, kiedy ci\u0119 ona przywo\u0142a, to jest to podr\u00f3\u017c, kt\u00f3ra b\u0119dzie w tobie trwa\u0107. B\u0119dziesz pami\u0119ta\u0107 smak jej wody, do\u015bwiadcza\u0107 jej m\u0105dro\u015bci i odczuwa\u0107 ogromn\u0105 wdzi\u0119czno\u015b\u0107 za ka\u017cdym razem, gdy sobie o niej przypomnisz.<\/p>\n\n\n\n<p><strong>Kryszta\u0142owe Centrum Holistycznych Terapii<\/strong><\/p>\n\n\n\n<p>Kryszta\u0142owa G\u00f3ra jest miejscem, kt\u00f3re szczerze zaprasza \u2013 po wcze\u015bniejszym uprzedzeniu o swojej wizycie \u2013 wszystkich chc\u0105cych si\u0119 zregenerowa\u0107 fizycznie i duchowo oraz pragn\u0105cych odkry\u0107 sw\u00f3j wewn\u0119trzny potencja\u0142. Na terenie Miejsca Mocy odbywaj\u0105 si\u0119 r\u00f3wnie\u017c cyklicznie spotkania z ciekawymi lud\u017ami, warsztaty osobistego rozwoju, medytacje, czy te\u017c koncerty.<\/p>\n\n\n\n<p>W chwili obecnej trwaj\u0105 tak\u017ce prace przygotowawcze do uruchomienia w Kraskowie Kryszta\u0142owego Centrum Holistycznych Terapii opartych o dary przyrody, kt\u00f3re s\u0105 tutaj zgromadzone. Mo\u017cna przy\u0142\u0105czy\u0107 si\u0119 do wspierania tego szczytnego projektu na wszystkich etapach jego realizacji. Pocz\u0105wszy od prac koncepcyjnych, projektowych, dokumentacyjnych, budowlanych a\u017c do stworzenia mo\u017cliwo\u015bci do ca\u0142orocznego udost\u0119pnienia Centrum do dyspozycji wszystkich zainteresowanych os\u00f3b. Jest to idea warta wcielenia w \u017cycie, gdy\u017c dobro p\u0142yn\u0105ce z jej manifestacji jest nieocenion\u0105 warto\u015bci\u0105 dla wspierania rozwoju nas wszystkich.<\/p>\n\n\n\n<p>Wi\u0119cej informacji jest dost\u0119pnych na stronie:\u00a0<a href=\"http:\/\/www.cristallica.pl\/\">www.cristallica.pl<\/a><\/p>\n\n\n\n<figure class=\"wp-block-embed is-type-video is-provider-youtube wp-block-embed-youtube wp-embed-aspect-16-9 wp-has-aspect-ratio\"><div class=\"wp-block-embed__wrapper\">\n<iframe loading=\"lazy\" title=\"O Miejscu Mocy - Cristallica\" width=\"858\" height=\"483\" src=\"https:\/\/www.youtube.com\/embed\/jxAEJ6PcAYU?start=1&#038;feature=oembed\" frameborder=\"0\" allow=\"accelerometer; autoplay; clipboard-write; encrypted-media; gyroscope; picture-in-picture; web-share\" allowfullscreen><\/iframe>\n<\/div><\/figure>\n\n\n\n<p><\/p>\n\n\n\n<p>Serdecznie dzi\u0119kujemy wszystkim odwiedzaj\u0105cym strony kana\u0142u Wolno\u015b\u0107 i Anarchia za pomys\u0142y i inspiracj\u0119 do publikowania nowych i ciekawych artyku\u0142\u00f3w. <\/p>\n\n\n\n<p>\u0179r\u00f3d\u0142o <a href=\"https:\/\/www.wodazycia.com\/miejsce-mocy-w-kraskowie\/\">https:\/\/www.wodazycia.com\/miejsce-mocy-w-kraskowie\/<\/a><\/p>\n\n\n\n<p>\u0179r\u00f3d\u0142o <a href=\"https:\/\/akademiaducha.pl\/krysztalowa-gora\/\">https:\/\/akademiaducha.pl\/krysztalowa-gora\/<\/a><\/p>\n\n\n\n<p>\u0179r\u00f3d\u0142o <a href=\"https:\/\/www.youtube.com\/watch?v=jxAEJ6PcAYU&amp;t=1s\">https:\/\/www.youtube.com\/watch?v=jxAEJ6PcAYU&amp;t=1s<\/a><\/p>\n\n\n\n<p><\/p>\n","protected":false},"excerpt":{"rendered":"<p>Miejsce Mocy w\u00a0Polsce &#8211; Kr\u00f3lestwo Kryszta\u0142\u00f3w Kryszta\u0142owa G\u00f3ra w\u00a0Kraskowie to\u00a0gigantyczny Kryszta\u0142 Kwarcu o\u00a0d\u0142ugo\u015bci 500 m. i\u00a0szer. 80-90 m. wyniesiony ponad 30 m. nad\u00a0teren i\u00a0posiadaj\u0105cy sw\u0105 cz\u0119\u015b\u0107 podziemn\u0105 o\u00a0g\u0142\u0119boko\u015bci powy\u017cej 50 m. Wg\u00a0naszych szacunk\u00f3w jego masa to\u00a0ponad 4,5 mln. ton kwarcu&#8230; <\/p>\n","protected":false},"author":2,"featured_media":4878,"comment_status":"open","ping_status":"open","sticky":false,"template":"","format":"standard","meta":{"_acf_changed":false,"_bbp_topic_count":0,"_bbp_reply_count":0,"_bbp_total_topic_count":0,"_bbp_total_reply_count":0,"_bbp_voice_count":0,"_bbp_anonymous_reply_count":0,"_bbp_topic_count_hidden":0,"_bbp_reply_count_hidden":0,"_bbp_forum_subforum_count":0,"om_disable_all_campaigns":false,"_monsterinsights_skip_tracking":false,"footnotes":""},"categories":[93],"tags":[],"class_list":["post-4873","post","type-post","status-publish","format-standard","has-post-thumbnail","hentry","category-artykuly"],"acf":[],"aioseo_notices":[],"aioseo_head":"\n\t\t<!-- All in One SEO 5.0.1.1 - aioseo.com -->\n\t<meta name=\"description\" content=\"Miejsce Mocy w Polsce - Kr\u00f3lestwo Kryszta\u0142\u00f3w Kryszta\u0142owa G\u00f3ra w Kraskowie to gigantyczny Kryszta\u0142 Kwarcu o d\u0142ugo\u015bci 500 m. i szer. 80-90 m. wyniesiony ponad 30 m. nad teren i posiadaj\u0105cy sw\u0105 cz\u0119\u015b\u0107 podziemn\u0105 o g\u0142\u0119boko\u015bci powy\u017cej 50 m. Wg naszych szacunk\u00f3w jego masa to ponad 4,5 mln. ton kwarcu w postaci jednej \u017cy\u0142y tego minera\u0142u. To masa tego Kryszta\u0142u w postaci wzniesienia powoduje \u017ce na Kryszta\u0142owej G\u00f3rze w Krasowie mamy\" \/>\n\t<meta name=\"robots\" content=\"max-image-preview:large\" \/>\n\t<meta name=\"author\" content=\"trinity\"\/>\n\t<link rel=\"canonical\" href=\"https:\/\/wia.net.pl\/index.php\/2023\/09\/30\/krysztalowa-gora-moc-w-kraskowie\/\" \/>\n\t<meta name=\"generator\" content=\"All in One SEO (AIOSEO) 5.0.1.1\" \/>\n\t\t<meta property=\"og:locale\" content=\"pl_PL\" \/>\n\t\t<meta property=\"og:site_name\" content=\"Wolno\u015b\u0107 i Anarchia - Ka\u017cdy wewn\u0119trznie jest anarchist\u0105.\" \/>\n\t\t<meta property=\"og:type\" content=\"article\" \/>\n\t\t<meta property=\"og:title\" content=\"KRYSZTA\u0141OWA G\u00d3RA \u2013 MOC W KRASKOWIE - Wolno\u015b\u0107 i Anarchia\" \/>\n\t\t<meta property=\"og:description\" content=\"Miejsce Mocy w Polsce - Kr\u00f3lestwo Kryszta\u0142\u00f3w Kryszta\u0142owa G\u00f3ra w Kraskowie to gigantyczny Kryszta\u0142 Kwarcu o d\u0142ugo\u015bci 500 m. i szer. 80-90 m. wyniesiony ponad 30 m. nad teren i posiadaj\u0105cy sw\u0105 cz\u0119\u015b\u0107 podziemn\u0105 o g\u0142\u0119boko\u015bci powy\u017cej 50 m. Wg naszych szacunk\u00f3w jego masa to ponad 4,5 mln. ton kwarcu w postaci jednej \u017cy\u0142y tego minera\u0142u. To masa tego Kryszta\u0142u w postaci wzniesienia powoduje \u017ce na Kryszta\u0142owej G\u00f3rze w Krasowie mamy\" \/>\n\t\t<meta property=\"og:url\" content=\"https:\/\/wia.net.pl\/index.php\/2023\/09\/30\/krysztalowa-gora-moc-w-kraskowie\/\" \/>\n\t\t<meta property=\"og:image\" content=\"https:\/\/wia.net.pl\/wp-content\/uploads\/2023\/11\/cropped-freedom-i73367.jpg\" \/>\n\t\t<meta property=\"og:image:secure_url\" content=\"https:\/\/wia.net.pl\/wp-content\/uploads\/2023\/11\/cropped-freedom-i73367.jpg\" \/>\n\t\t<meta property=\"article:published_time\" content=\"2023-09-30T16:23:08+00:00\" \/>\n\t\t<meta property=\"article:modified_time\" content=\"2023-09-30T16:23:08+00:00\" \/>\n\t\t<meta name=\"twitter:card\" content=\"summary_large_image\" \/>\n\t\t<meta name=\"twitter:title\" content=\"KRYSZTA\u0141OWA G\u00d3RA \u2013 MOC W KRASKOWIE - Wolno\u015b\u0107 i Anarchia\" \/>\n\t\t<meta name=\"twitter:description\" content=\"Miejsce Mocy w Polsce - Kr\u00f3lestwo Kryszta\u0142\u00f3w Kryszta\u0142owa G\u00f3ra w Kraskowie to gigantyczny Kryszta\u0142 Kwarcu o d\u0142ugo\u015bci 500 m. i szer. 80-90 m. wyniesiony ponad 30 m. nad teren i posiadaj\u0105cy sw\u0105 cz\u0119\u015b\u0107 podziemn\u0105 o g\u0142\u0119boko\u015bci powy\u017cej 50 m. Wg naszych szacunk\u00f3w jego masa to ponad 4,5 mln. ton kwarcu w postaci jednej \u017cy\u0142y tego minera\u0142u. To masa tego Kryszta\u0142u w postaci wzniesienia powoduje \u017ce na Kryszta\u0142owej G\u00f3rze w Krasowie mamy\" \/>\n\t\t<meta name=\"twitter:image\" content=\"https:\/\/wia.net.pl\/wp-content\/uploads\/2023\/11\/cropped-freedom-i73367.jpg\" \/>\n\t\t<script type=\"application\/ld+json\" class=\"aioseo-schema\">\n\t\t\t{\"@context\":\"https:\\\/\\\/schema.org\",\"@graph\":[{\"@type\":\"BlogPosting\",\"@id\":\"https:\\\/\\\/wia.net.pl\\\/index.php\\\/2023\\\/09\\\/30\\\/krysztalowa-gora-moc-w-kraskowie\\\/#blogposting\",\"name\":\"KRYSZTA\\u0141OWA G\\u00d3RA \\u2013 MOC W KRASKOWIE - Wolno\\u015b\\u0107 i Anarchia\",\"headline\":\"KRYSZTA\\u0141OWA G\\u00d3RA \\u2013  MOC W KRASKOWIE\",\"author\":{\"@id\":\"https:\\\/\\\/wia.net.pl\\\/index.php\\\/author\\\/trinity\\\/#author\"},\"publisher\":{\"@id\":\"https:\\\/\\\/wia.net.pl\\\/#person\"},\"image\":{\"@type\":\"ImageObject\",\"url\":\"https:\\\/\\\/wia.net.pl\\\/wp-content\\\/uploads\\\/2023\\\/09\\\/slider6-1024x534-1.jpg\",\"width\":1024,\"height\":534},\"datePublished\":\"2023-09-30T18:23:08+02:00\",\"dateModified\":\"2023-09-30T18:23:08+02:00\",\"inLanguage\":\"pl-PL\",\"mainEntityOfPage\":{\"@id\":\"https:\\\/\\\/wia.net.pl\\\/index.php\\\/2023\\\/09\\\/30\\\/krysztalowa-gora-moc-w-kraskowie\\\/#webpage\"},\"isPartOf\":{\"@id\":\"https:\\\/\\\/wia.net.pl\\\/index.php\\\/2023\\\/09\\\/30\\\/krysztalowa-gora-moc-w-kraskowie\\\/#webpage\"},\"articleSection\":\"Artyku\\u0142y\"},{\"@type\":\"BreadcrumbList\",\"@id\":\"https:\\\/\\\/wia.net.pl\\\/index.php\\\/2023\\\/09\\\/30\\\/krysztalowa-gora-moc-w-kraskowie\\\/#breadcrumblist\",\"itemListElement\":[{\"@type\":\"ListItem\",\"@id\":\"https:\\\/\\\/wia.net.pl#listItem\",\"position\":1,\"name\":\"Home\",\"item\":\"https:\\\/\\\/wia.net.pl\",\"nextItem\":{\"@type\":\"ListItem\",\"@id\":\"https:\\\/\\\/wia.net.pl\\\/index.php\\\/category\\\/artykuly\\\/#listItem\",\"name\":\"Artyku\\u0142y\"}},{\"@type\":\"ListItem\",\"@id\":\"https:\\\/\\\/wia.net.pl\\\/index.php\\\/category\\\/artykuly\\\/#listItem\",\"position\":2,\"name\":\"Artyku\\u0142y\",\"item\":\"https:\\\/\\\/wia.net.pl\\\/index.php\\\/category\\\/artykuly\\\/\",\"nextItem\":{\"@type\":\"ListItem\",\"@id\":\"https:\\\/\\\/wia.net.pl\\\/index.php\\\/2023\\\/09\\\/30\\\/krysztalowa-gora-moc-w-kraskowie\\\/#listItem\",\"name\":\"KRYSZTA\\u0141OWA G\\u00d3RA \\u2013  MOC W KRASKOWIE\"},\"previousItem\":{\"@type\":\"ListItem\",\"@id\":\"https:\\\/\\\/wia.net.pl#listItem\",\"name\":\"Home\"}},{\"@type\":\"ListItem\",\"@id\":\"https:\\\/\\\/wia.net.pl\\\/index.php\\\/2023\\\/09\\\/30\\\/krysztalowa-gora-moc-w-kraskowie\\\/#listItem\",\"position\":3,\"name\":\"KRYSZTA\\u0141OWA G\\u00d3RA \\u2013  MOC W KRASKOWIE\",\"previousItem\":{\"@type\":\"ListItem\",\"@id\":\"https:\\\/\\\/wia.net.pl\\\/index.php\\\/category\\\/artykuly\\\/#listItem\",\"name\":\"Artyku\\u0142y\"}}]},{\"@type\":\"Person\",\"@id\":\"https:\\\/\\\/wia.net.pl\\\/#person\",\"name\":\"Bart\\u0142omiej Talarczyk\",\"image\":{\"@type\":\"ImageObject\",\"@id\":\"https:\\\/\\\/wia.net.pl\\\/index.php\\\/2023\\\/09\\\/30\\\/krysztalowa-gora-moc-w-kraskowie\\\/#personImage\",\"url\":\"https:\\\/\\\/wia.net.pl\\\/wp-content\\\/uploads\\\/avatar-privacy\\\/cache\\\/user\\\/1\\\/7\\\/176a6b161c58363ff49b5c167264231f519f5c7fa183ca1f61e891769b6b56d5-96.jpg\",\"width\":96,\"height\":96,\"caption\":\"Bart\\u0142omiej Talarczyk\"}},{\"@type\":\"Person\",\"@id\":\"https:\\\/\\\/wia.net.pl\\\/index.php\\\/author\\\/trinity\\\/#author\",\"url\":\"https:\\\/\\\/wia.net.pl\\\/index.php\\\/author\\\/trinity\\\/\",\"name\":\"trinity\",\"image\":{\"@type\":\"ImageObject\",\"@id\":\"https:\\\/\\\/wia.net.pl\\\/index.php\\\/2023\\\/09\\\/30\\\/krysztalowa-gora-moc-w-kraskowie\\\/#authorImage\",\"url\":\"https:\\\/\\\/wia.net.pl\\\/wp-content\\\/uploads\\\/avatar-privacy\\\/cache\\\/user\\\/5\\\/f\\\/5f6547cf82495eaa10e100a6a45d5dbde2dfdc1be88557de2018fca705bdf6f1-96.jpg\",\"width\":96,\"height\":96,\"caption\":\"trinity\"}},{\"@type\":\"WebPage\",\"@id\":\"https:\\\/\\\/wia.net.pl\\\/index.php\\\/2023\\\/09\\\/30\\\/krysztalowa-gora-moc-w-kraskowie\\\/#webpage\",\"url\":\"https:\\\/\\\/wia.net.pl\\\/index.php\\\/2023\\\/09\\\/30\\\/krysztalowa-gora-moc-w-kraskowie\\\/\",\"name\":\"KRYSZTA\\u0141OWA G\\u00d3RA \\u2013 MOC W KRASKOWIE - Wolno\\u015b\\u0107 i Anarchia\",\"description\":\"Miejsce Mocy w Polsce - Kr\\u00f3lestwo Kryszta\\u0142\\u00f3w Kryszta\\u0142owa G\\u00f3ra w Kraskowie to gigantyczny Kryszta\\u0142 Kwarcu o d\\u0142ugo\\u015bci 500 m. i szer. 80-90 m. wyniesiony ponad 30 m. nad teren i posiadaj\\u0105cy sw\\u0105 cz\\u0119\\u015b\\u0107 podziemn\\u0105 o g\\u0142\\u0119boko\\u015bci powy\\u017cej 50 m. Wg naszych szacunk\\u00f3w jego masa to ponad 4,5 mln. ton kwarcu w postaci jednej \\u017cy\\u0142y tego minera\\u0142u. To masa tego Kryszta\\u0142u w postaci wzniesienia powoduje \\u017ce na Kryszta\\u0142owej G\\u00f3rze w Krasowie mamy\",\"inLanguage\":\"pl-PL\",\"isPartOf\":{\"@id\":\"https:\\\/\\\/wia.net.pl\\\/#website\"},\"breadcrumb\":{\"@id\":\"https:\\\/\\\/wia.net.pl\\\/index.php\\\/2023\\\/09\\\/30\\\/krysztalowa-gora-moc-w-kraskowie\\\/#breadcrumblist\"},\"author\":{\"@id\":\"https:\\\/\\\/wia.net.pl\\\/index.php\\\/author\\\/trinity\\\/#author\"},\"creator\":{\"@id\":\"https:\\\/\\\/wia.net.pl\\\/index.php\\\/author\\\/trinity\\\/#author\"},\"image\":{\"@type\":\"ImageObject\",\"url\":\"https:\\\/\\\/wia.net.pl\\\/wp-content\\\/uploads\\\/2023\\\/09\\\/slider6-1024x534-1.jpg\",\"@id\":\"https:\\\/\\\/wia.net.pl\\\/index.php\\\/2023\\\/09\\\/30\\\/krysztalowa-gora-moc-w-kraskowie\\\/#mainImage\",\"width\":1024,\"height\":534},\"primaryImageOfPage\":{\"@id\":\"https:\\\/\\\/wia.net.pl\\\/index.php\\\/2023\\\/09\\\/30\\\/krysztalowa-gora-moc-w-kraskowie\\\/#mainImage\"},\"datePublished\":\"2023-09-30T18:23:08+02:00\",\"dateModified\":\"2023-09-30T18:23:08+02:00\"},{\"@type\":\"WebSite\",\"@id\":\"https:\\\/\\\/wia.net.pl\\\/#website\",\"url\":\"https:\\\/\\\/wia.net.pl\\\/\",\"name\":\"Wolno\\u015b\\u0107 i Anarchia\",\"description\":\"Ka\\u017cdy wewn\\u0119trznie jest anarchist\\u0105.\",\"inLanguage\":\"pl-PL\",\"publisher\":{\"@id\":\"https:\\\/\\\/wia.net.pl\\\/#person\"}}]}\n\t\t<\/script>\n\t\t<!-- All in One SEO -->\n\n","aioseo_head_json":{"title":"KRYSZTA\u0141OWA G\u00d3RA \u2013 MOC W KRASKOWIE - Wolno\u015b\u0107 i Anarchia","description":"Miejsce Mocy w Polsce - Kr\u00f3lestwo Kryszta\u0142\u00f3w Kryszta\u0142owa G\u00f3ra w Kraskowie to gigantyczny Kryszta\u0142 Kwarcu o d\u0142ugo\u015bci 500 m. i szer. 80-90 m. wyniesiony ponad 30 m. nad teren i posiadaj\u0105cy sw\u0105 cz\u0119\u015b\u0107 podziemn\u0105 o g\u0142\u0119boko\u015bci powy\u017cej 50 m. Wg naszych szacunk\u00f3w jego masa to ponad 4,5 mln. ton kwarcu w postaci jednej \u017cy\u0142y tego minera\u0142u. To masa tego Kryszta\u0142u w postaci wzniesienia powoduje \u017ce na Kryszta\u0142owej G\u00f3rze w Krasowie mamy","canonical_url":"https:\/\/wia.net.pl\/index.php\/2023\/09\/30\/krysztalowa-gora-moc-w-kraskowie\/","robots":"max-image-preview:large","keywords":"","webmasterTools":{"miscellaneous":""},"schema":{"@context":"https:\/\/schema.org","@graph":[{"@type":"BlogPosting","@id":"https:\/\/wia.net.pl\/index.php\/2023\/09\/30\/krysztalowa-gora-moc-w-kraskowie\/#blogposting","name":"KRYSZTA\u0141OWA G\u00d3RA \u2013 MOC W KRASKOWIE - Wolno\u015b\u0107 i Anarchia","headline":"KRYSZTA\u0141OWA G\u00d3RA \u2013  MOC W KRASKOWIE","author":{"@id":"https:\/\/wia.net.pl\/index.php\/author\/trinity\/#author"},"publisher":{"@id":"https:\/\/wia.net.pl\/#person"},"image":{"@type":"ImageObject","url":"https:\/\/wia.net.pl\/wp-content\/uploads\/2023\/09\/slider6-1024x534-1.jpg","width":1024,"height":534},"datePublished":"2023-09-30T18:23:08+02:00","dateModified":"2023-09-30T18:23:08+02:00","inLanguage":"pl-PL","mainEntityOfPage":{"@id":"https:\/\/wia.net.pl\/index.php\/2023\/09\/30\/krysztalowa-gora-moc-w-kraskowie\/#webpage"},"isPartOf":{"@id":"https:\/\/wia.net.pl\/index.php\/2023\/09\/30\/krysztalowa-gora-moc-w-kraskowie\/#webpage"},"articleSection":"Artyku\u0142y"},{"@type":"BreadcrumbList","@id":"https:\/\/wia.net.pl\/index.php\/2023\/09\/30\/krysztalowa-gora-moc-w-kraskowie\/#breadcrumblist","itemListElement":[{"@type":"ListItem","@id":"https:\/\/wia.net.pl#listItem","position":1,"name":"Home","item":"https:\/\/wia.net.pl","nextItem":{"@type":"ListItem","@id":"https:\/\/wia.net.pl\/index.php\/category\/artykuly\/#listItem","name":"Artyku\u0142y"}},{"@type":"ListItem","@id":"https:\/\/wia.net.pl\/index.php\/category\/artykuly\/#listItem","position":2,"name":"Artyku\u0142y","item":"https:\/\/wia.net.pl\/index.php\/category\/artykuly\/","nextItem":{"@type":"ListItem","@id":"https:\/\/wia.net.pl\/index.php\/2023\/09\/30\/krysztalowa-gora-moc-w-kraskowie\/#listItem","name":"KRYSZTA\u0141OWA G\u00d3RA \u2013  MOC W KRASKOWIE"},"previousItem":{"@type":"ListItem","@id":"https:\/\/wia.net.pl#listItem","name":"Home"}},{"@type":"ListItem","@id":"https:\/\/wia.net.pl\/index.php\/2023\/09\/30\/krysztalowa-gora-moc-w-kraskowie\/#listItem","position":3,"name":"KRYSZTA\u0141OWA G\u00d3RA \u2013  MOC W KRASKOWIE","previousItem":{"@type":"ListItem","@id":"https:\/\/wia.net.pl\/index.php\/category\/artykuly\/#listItem","name":"Artyku\u0142y"}}]},{"@type":"Person","@id":"https:\/\/wia.net.pl\/#person","name":"Bart\u0142omiej Talarczyk","image":{"@type":"ImageObject","@id":"https:\/\/wia.net.pl\/index.php\/2023\/09\/30\/krysztalowa-gora-moc-w-kraskowie\/#personImage","url":"https:\/\/wia.net.pl\/wp-content\/uploads\/avatar-privacy\/cache\/user\/1\/7\/176a6b161c58363ff49b5c167264231f519f5c7fa183ca1f61e891769b6b56d5-96.jpg","width":96,"height":96,"caption":"Bart\u0142omiej Talarczyk"}},{"@type":"Person","@id":"https:\/\/wia.net.pl\/index.php\/author\/trinity\/#author","url":"https:\/\/wia.net.pl\/index.php\/author\/trinity\/","name":"trinity","image":{"@type":"ImageObject","@id":"https:\/\/wia.net.pl\/index.php\/2023\/09\/30\/krysztalowa-gora-moc-w-kraskowie\/#authorImage","url":"https:\/\/wia.net.pl\/wp-content\/uploads\/avatar-privacy\/cache\/user\/5\/f\/5f6547cf82495eaa10e100a6a45d5dbde2dfdc1be88557de2018fca705bdf6f1-96.jpg","width":96,"height":96,"caption":"trinity"}},{"@type":"WebPage","@id":"https:\/\/wia.net.pl\/index.php\/2023\/09\/30\/krysztalowa-gora-moc-w-kraskowie\/#webpage","url":"https:\/\/wia.net.pl\/index.php\/2023\/09\/30\/krysztalowa-gora-moc-w-kraskowie\/","name":"KRYSZTA\u0141OWA G\u00d3RA \u2013 MOC W KRASKOWIE - Wolno\u015b\u0107 i Anarchia","description":"Miejsce Mocy w Polsce - Kr\u00f3lestwo Kryszta\u0142\u00f3w Kryszta\u0142owa G\u00f3ra w Kraskowie to gigantyczny Kryszta\u0142 Kwarcu o d\u0142ugo\u015bci 500 m. i szer. 80-90 m. wyniesiony ponad 30 m. nad teren i posiadaj\u0105cy sw\u0105 cz\u0119\u015b\u0107 podziemn\u0105 o g\u0142\u0119boko\u015bci powy\u017cej 50 m. Wg naszych szacunk\u00f3w jego masa to ponad 4,5 mln. ton kwarcu w postaci jednej \u017cy\u0142y tego minera\u0142u. To masa tego Kryszta\u0142u w postaci wzniesienia powoduje \u017ce na Kryszta\u0142owej G\u00f3rze w Krasowie mamy","inLanguage":"pl-PL","isPartOf":{"@id":"https:\/\/wia.net.pl\/#website"},"breadcrumb":{"@id":"https:\/\/wia.net.pl\/index.php\/2023\/09\/30\/krysztalowa-gora-moc-w-kraskowie\/#breadcrumblist"},"author":{"@id":"https:\/\/wia.net.pl\/index.php\/author\/trinity\/#author"},"creator":{"@id":"https:\/\/wia.net.pl\/index.php\/author\/trinity\/#author"},"image":{"@type":"ImageObject","url":"https:\/\/wia.net.pl\/wp-content\/uploads\/2023\/09\/slider6-1024x534-1.jpg","@id":"https:\/\/wia.net.pl\/index.php\/2023\/09\/30\/krysztalowa-gora-moc-w-kraskowie\/#mainImage","width":1024,"height":534},"primaryImageOfPage":{"@id":"https:\/\/wia.net.pl\/index.php\/2023\/09\/30\/krysztalowa-gora-moc-w-kraskowie\/#mainImage"},"datePublished":"2023-09-30T18:23:08+02:00","dateModified":"2023-09-30T18:23:08+02:00"},{"@type":"WebSite","@id":"https:\/\/wia.net.pl\/#website","url":"https:\/\/wia.net.pl\/","name":"Wolno\u015b\u0107 i Anarchia","description":"Ka\u017cdy wewn\u0119trznie jest anarchist\u0105.","inLanguage":"pl-PL","publisher":{"@id":"https:\/\/wia.net.pl\/#person"}}]},"og:locale":"pl_PL","og:site_name":"Wolno\u015b\u0107 i Anarchia - Ka\u017cdy wewn\u0119trznie jest anarchist\u0105.","og:type":"article","og:title":"KRYSZTA\u0141OWA G\u00d3RA \u2013 MOC W KRASKOWIE - Wolno\u015b\u0107 i Anarchia","og:description":"Miejsce Mocy w Polsce - Kr\u00f3lestwo Kryszta\u0142\u00f3w Kryszta\u0142owa G\u00f3ra w Kraskowie to gigantyczny Kryszta\u0142 Kwarcu o d\u0142ugo\u015bci 500 m. i szer. 80-90 m. wyniesiony ponad 30 m. nad teren i posiadaj\u0105cy sw\u0105 cz\u0119\u015b\u0107 podziemn\u0105 o g\u0142\u0119boko\u015bci powy\u017cej 50 m. Wg naszych szacunk\u00f3w jego masa to ponad 4,5 mln. ton kwarcu w postaci jednej \u017cy\u0142y tego minera\u0142u. To masa tego Kryszta\u0142u w postaci wzniesienia powoduje \u017ce na Kryszta\u0142owej G\u00f3rze w Krasowie mamy","og:url":"https:\/\/wia.net.pl\/index.php\/2023\/09\/30\/krysztalowa-gora-moc-w-kraskowie\/","og:image":"https:\/\/wia.net.pl\/wp-content\/uploads\/2023\/11\/cropped-freedom-i73367.jpg","og:image:secure_url":"https:\/\/wia.net.pl\/wp-content\/uploads\/2023\/11\/cropped-freedom-i73367.jpg","article:published_time":"2023-09-30T16:23:08+00:00","article:modified_time":"2023-09-30T16:23:08+00:00","twitter:card":"summary_large_image","twitter:title":"KRYSZTA\u0141OWA G\u00d3RA \u2013 MOC W KRASKOWIE - Wolno\u015b\u0107 i Anarchia","twitter:description":"Miejsce Mocy w Polsce - Kr\u00f3lestwo Kryszta\u0142\u00f3w Kryszta\u0142owa G\u00f3ra w Kraskowie to gigantyczny Kryszta\u0142 Kwarcu o d\u0142ugo\u015bci 500 m. i szer. 80-90 m. wyniesiony ponad 30 m. nad teren i posiadaj\u0105cy sw\u0105 cz\u0119\u015b\u0107 podziemn\u0105 o g\u0142\u0119boko\u015bci powy\u017cej 50 m. Wg naszych szacunk\u00f3w jego masa to ponad 4,5 mln. ton kwarcu w postaci jednej \u017cy\u0142y tego minera\u0142u. To masa tego Kryszta\u0142u w postaci wzniesienia powoduje \u017ce na Kryszta\u0142owej G\u00f3rze w Krasowie mamy","twitter:image":"https:\/\/wia.net.pl\/wp-content\/uploads\/2023\/11\/cropped-freedom-i73367.jpg"},"aioseo_meta_data":{"post_id":"4873","title":null,"description":null,"keywords":[],"keyphrases":{"focus":{"keyphrase":"","score":0,"analysis":{"keyphraseInTitle":{"score":0,"maxScore":9,"error":1}}},"additional":[]},"primary_term":null,"canonical_url":null,"og_title":null,"og_description":null,"og_object_type":"default","og_image_type":"default","og_image_url":null,"og_image_width":null,"og_image_height":null,"og_image_custom_url":null,"og_image_custom_fields":null,"og_video":"","og_custom_url":null,"og_article_section":null,"og_article_tags":[],"twitter_use_og":false,"twitter_card":"default","twitter_image_type":"default","twitter_image_url":null,"twitter_image_custom_url":null,"twitter_image_custom_fields":null,"twitter_title":null,"twitter_description":null,"schema":{"blockGraphs":[],"customGraphs":[],"default":{"data":{"Article":[],"Course":[],"Dataset":[],"FAQPage":[],"Movie":[],"Person":[],"Product":[],"ProductReview":[],"Car":[],"Recipe":[],"Service":[],"SoftwareApplication":[],"WebPage":[]},"graphName":"BlogPosting","isEnabled":true},"graphs":[]},"schema_type":"default","schema_type_options":null,"pillar_content":false,"robots_default":true,"robots_noindex":false,"robots_noarchive":false,"robots_nosnippet":false,"robots_nofollow":false,"robots_noimageindex":false,"robots_noodp":false,"robots_notranslate":false,"robots_max_snippet":"-1","robots_max_videopreview":"-1","robots_max_imagepreview":"large","priority":null,"frequency":"default","local_seo":null,"breadcrumb_settings":null,"limit_modified_date":false,"ai":null,"created":"2023-09-30 16:16:35","updated":"2025-06-04 09:24:32","seo_analyzer_scan_date":null,"focus_keyword":null,"additional_keywords":null,"truseo_locale":null},"aioseo_breadcrumb":"<div class=\"aioseo-breadcrumbs\"><span class=\"aioseo-breadcrumb\">\n\t\t\t<a href=\"https:\/\/wia.net.pl\" title=\"Home\">Home<\/a>\n\t\t<\/span><span class=\"aioseo-breadcrumb-separator\">&raquo;<\/span><span class=\"aioseo-breadcrumb\">\n\t\t\t<a href=\"https:\/\/wia.net.pl\/index.php\/category\/artykuly\/\" title=\"Artyku\u0142y\">Artyku\u0142y<\/a>\n\t\t<\/span><span class=\"aioseo-breadcrumb-separator\">&raquo;<\/span><span class=\"aioseo-breadcrumb\">\n\t\t\tKRYSZTA\u0141OWA G\u00d3RA \u2013  MOC W KRASKOWIE\n\t\t<\/span><\/div>","aioseo_breadcrumb_json":[{"label":"Home","link":"https:\/\/wia.net.pl"},{"label":"Artyku\u0142y","link":"https:\/\/wia.net.pl\/index.php\/category\/artykuly\/"},{"label":"KRYSZTA\u0141OWA G\u00d3RA \u2013  MOC W KRASKOWIE","link":"https:\/\/wia.net.pl\/index.php\/2023\/09\/30\/krysztalowa-gora-moc-w-kraskowie\/"}],"_links":{"self":[{"href":"https:\/\/wia.net.pl\/index.php\/wp-json\/wp\/v2\/posts\/4873"}],"collection":[{"href":"https:\/\/wia.net.pl\/index.php\/wp-json\/wp\/v2\/posts"}],"about":[{"href":"https:\/\/wia.net.pl\/index.php\/wp-json\/wp\/v2\/types\/post"}],"author":[{"embeddable":true,"href":"https:\/\/wia.net.pl\/index.php\/wp-json\/wp\/v2\/users\/2"}],"replies":[{"embeddable":true,"href":"https:\/\/wia.net.pl\/index.php\/wp-json\/wp\/v2\/comments?post=4873"}],"version-history":[{"count":2,"href":"https:\/\/wia.net.pl\/index.php\/wp-json\/wp\/v2\/posts\/4873\/revisions"}],"predecessor-version":[{"id":4879,"href":"https:\/\/wia.net.pl\/index.php\/wp-json\/wp\/v2\/posts\/4873\/revisions\/4879"}],"wp:featuredmedia":[{"embeddable":true,"href":"https:\/\/wia.net.pl\/index.php\/wp-json\/wp\/v2\/media\/4878"}],"wp:attachment":[{"href":"https:\/\/wia.net.pl\/index.php\/wp-json\/wp\/v2\/media?parent=4873"}],"wp:term":[{"taxonomy":"category","embeddable":true,"href":"https:\/\/wia.net.pl\/index.php\/wp-json\/wp\/v2\/categories?post=4873"},{"taxonomy":"post_tag","embeddable":true,"href":"https:\/\/wia.net.pl\/index.php\/wp-json\/wp\/v2\/tags?post=4873"}],"curies":[{"name":"wp","href":"https:\/\/api.w.org\/{rel}","templated":true}]}}