{"id":4954,"date":"2023-10-17T16:21:04","date_gmt":"2023-10-17T14:21:04","guid":{"rendered":"https:\/\/wia.net.pl\/?p=4954"},"modified":"2023-10-17T16:21:05","modified_gmt":"2023-10-17T14:21:05","slug":"system-identyfikacji-cyfrowej-id-austria-od-5-grudnia","status":"publish","type":"post","link":"https:\/\/wia.net.pl\/index.php\/2023\/10\/17\/system-identyfikacji-cyfrowej-id-austria-od-5-grudnia\/","title":{"rendered":"System identyfikacji cyfrowej\u00a0ID Austria od 5 grudnia"},"content":{"rendered":"\n<p>Austriacy przygotowuj\u0105 si\u0119 do pe\u0142nego przej\u015bcia na nowy system identyfikacji cyfrowej 5 grudnia<\/p>\n\n\n\n<figure class=\"wp-block-image size-full\"><img loading=\"lazy\" decoding=\"async\" width=\"1024\" height=\"595\" src=\"https:\/\/wia.net.pl\/wp-content\/uploads\/2023\/10\/id-austria-1024x595-1.jpg\" alt=\"\" class=\"wp-image-4955\" srcset=\"https:\/\/wia.net.pl\/wp-content\/uploads\/2023\/10\/id-austria-1024x595-1.jpg 1024w, https:\/\/wia.net.pl\/wp-content\/uploads\/2023\/10\/id-austria-1024x595-1-300x174.jpg 300w, https:\/\/wia.net.pl\/wp-content\/uploads\/2023\/10\/id-austria-1024x595-1-768x446.jpg 768w\" sizes=\"(max-width: 1024px) 100vw, 1024px\" \/><\/figure>\n\n\n\n<p>Oczekuje si\u0119, \u017ce Austriacy podejm\u0105 kroki w celu zarejestrowania si\u0119 w nowym krajowym systemie identyfikacji cyfrowej&nbsp;<a href=\"https:\/\/www.oesterreich.gv.at\/en\/id-austria.html\" target=\"_blank\" rel=\"noreferrer noopener\">ID Austria<\/a>&nbsp;, poniewa\u017c rz\u0105dowy termin ca\u0142kowitego przej\u015bcia ze starej ery up\u0142ywa 5 grudnia.<\/p>\n\n\n\n<p>Handy-Signatur, platforma identyfikacji, z kt\u00f3rej obecnie korzystaj\u0105 obywatele w celu uzyskania dost\u0119pu do szeregu us\u0142ug rz\u0105dowych w Internecie, zostanie wycofana, poniewa\u017c kraj patrzy w przysz\u0142o\u015b\u0107 z systemem, kt\u00f3ry zapewni bardziej p\u0142ynny i bezpieczny dost\u0119p do szeregu us\u0142ug rz\u0105dowych, The Local pisze w&nbsp;<a href=\"https:\/\/www.thelocal.at\/20231011\/explained-what-you-need-to-know-about-austrias-new-digital-id\" target=\"_blank\" rel=\"noreferrer noopener\">wyja\u015bnieniu<\/a>&nbsp;.&nbsp;Funkcja Handy-Signatur, popularnie nazywana podpisem telefonu kom\u00f3rkowego, dzia\u0142a na telefonie z dost\u0119pem do Internetu, kt\u00f3ry mo\u017ce odbiera\u0107 kr\u00f3tkie wiadomo\u015bci serwisowe (SMS).<\/p>\n\n\n\n<p>W danej plac\u00f3wce 1,5 miliona os\u00f3b korzysta obecnie z ID Austria, a oko\u0142o 2,8 miliona innych os\u00f3b nadal korzystaj\u0105cych z Handy-Signatur b\u0119dzie musia\u0142o zmieni\u0107 numer najp\u00f3\u017aniej do 5 grudnia, aby m\u00f3c nadal korzysta\u0107 z niekt\u00f3rych us\u0142ug rz\u0105dowych drog\u0105 cyfrow\u0105.&nbsp;ID Austria, przeznaczony dla os\u00f3b w wieku 14 lat i starszych, spe\u0142nia najwy\u017csze standardy bezpiecze\u0144stwa i ochrony danych oraz stanowi podstaw\u0119 krajowej platformy identyfikacji cyfrowej i wielu innych aplikacji \u2013 twierdzi rz\u0105d.<\/p>\n\n\n\n<p>Zmiana b\u0119dzie \u0142atwiejsza dla tych, kt\u00f3rzy ju\u017c zarejestrowali si\u0119 w Handy-Signatur, poniewa\u017c b\u0119d\u0105 u\u017cywa\u0107 tego samego profilu do rejestracji w ID Austria za po\u015brednictwem aplikacji mobilnej o nazwie \u201eDigitales Amt\u201d (Digital Office).<\/p>\n\n\n\n<p>Jednak zalogowanie si\u0119 za pomoc\u0105 Handy-Signatur umo\u017cliwi im dost\u0119p jedynie do podstawowych funkcji dokumentu ID Austria, a nie do pe\u0142nego zakresu us\u0142ug, do kt\u00f3rych mog\u0105 uzyska\u0107 dost\u0119p r\u00f3wnie\u017c obywatele spoza Austrii.<\/p>\n\n\n\n<p>Osoby nieposiadaj\u0105ce podpisu Handy-Signatur mog\u0105 go utworzy\u0107 przed zarejestrowaniem si\u0119 w ID Austria lub mog\u0105 zarejestrowa\u0107 si\u0119 bezpo\u015brednio w ID Austria.&nbsp;Taka bezpo\u015brednia rejestracja b\u0119dzie wymaga\u0107 od rejestruj\u0105cego stawienia si\u0119 w fizycznym biurze rejestracyjnym w celu potwierdzenia swojej to\u017csamo\u015bci.&nbsp;Wymagany jest do tego paszport, zezwolenie na pobyt, prawo jazdy lub zdj\u0119cie paszportowe.<\/p>\n\n\n\n<p>Rz\u0105d twierdzi, \u017ce ID Austria u\u0142atwi weryfikacj\u0119 to\u017csamo\u015bci w kilku sytuacjach i w dowolnym miejscu w kraju oraz zast\u0105pi fizyczne kopie dokument\u00f3w to\u017csamo\u015bci, takich jak mobilne prawo jazdy.&nbsp;W zesz\u0142ym roku Austria&nbsp;<a href=\"https:\/\/www.biometricupdate.com\/202210\/austria-launches-digital-driving-licenses-its-first-digital-id-as-us-states-align\">wprowadzi\u0142a<\/a>&nbsp;mDL i identyfikator cyfrowy.<\/p>\n\n\n\n<p>ID Austria ma na celu zapewnienie u\u017cytkownikom wysoce bezpiecznego dost\u0119pu do us\u0142ug rz\u0105dowych i komercyjnych oraz szybkiego i \u0142atwego sposobu podpisywania dokument\u00f3w cyfrowych.&nbsp;Wkr\u00f3tce z identyfikatora b\u0119d\u0105 mogli korzysta\u0107 tak\u017ce w ca\u0142ej Unii Europejskiej.<\/p>\n\n\n\n<p>Nad projektem ID Austria czuwaj\u0105 Federalne Ministerstwa Finans\u00f3w i Spraw Wewn\u0119trznych.<\/p>\n\n\n\n<p>\u0179r\u00f3d\u0142o <a href=\"https:\/\/www.biometricupdate.com\/202310\/austrians-prepare-for-full-switch-to-new-digital-id-system-dec-5\">https:\/\/www.biometricupdate.com\/202310\/austrians-prepare-for-full-switch-to-new-digital-id-system-dec-5<\/a><\/p>\n","protected":false},"excerpt":{"rendered":"<p>Austriacy przygotowuj\u0105 si\u0119 do pe\u0142nego przej\u015bcia na nowy system identyfikacji cyfrowej 5 grudnia Oczekuje si\u0119, \u017ce Austriacy podejm\u0105 kroki w celu zarejestrowania si\u0119 w nowym krajowym systemie identyfikacji cyfrowej&nbsp;ID Austria&nbsp;, poniewa\u017c rz\u0105dowy termin ca\u0142kowitego przej\u015bcia ze starej ery up\u0142ywa 5&#8230; <\/p>\n","protected":false},"author":2,"featured_media":4955,"comment_status":"open","ping_status":"open","sticky":false,"template":"","format":"standard","meta":{"_acf_changed":false,"_bbp_topic_count":0,"_bbp_reply_count":0,"_bbp_total_topic_count":0,"_bbp_total_reply_count":0,"_bbp_voice_count":0,"_bbp_anonymous_reply_count":0,"_bbp_topic_count_hidden":0,"_bbp_reply_count_hidden":0,"_bbp_forum_subforum_count":0,"om_disable_all_campaigns":false,"_monsterinsights_skip_tracking":false,"footnotes":""},"categories":[93],"tags":[],"class_list":["post-4954","post","type-post","status-publish","format-standard","has-post-thumbnail","hentry","category-artykuly"],"acf":[],"aioseo_notices":[],"aioseo_head":"\n\t\t<!-- All in One SEO 5.0.1.1 - aioseo.com -->\n\t<meta name=\"description\" content=\"Austriacy przygotowuj\u0105 si\u0119 do pe\u0142nego przej\u015bcia na nowy system identyfikacji cyfrowej 5 grudnia Oczekuje si\u0119, \u017ce Austriacy podejm\u0105 kroki w celu zarejestrowania si\u0119 w nowym krajowym systemie identyfikacji cyfrowej ID Austria , poniewa\u017c rz\u0105dowy termin ca\u0142kowitego przej\u015bcia ze starej ery up\u0142ywa 5 grudnia. Handy-Signatur, platforma identyfikacji, z kt\u00f3rej obecnie korzystaj\u0105 obywatele w celu uzyskania dost\u0119pu do szeregu\" \/>\n\t<meta name=\"robots\" content=\"max-image-preview:large\" \/>\n\t<meta name=\"author\" content=\"trinity\"\/>\n\t<link rel=\"canonical\" href=\"https:\/\/wia.net.pl\/index.php\/2023\/10\/17\/system-identyfikacji-cyfrowej-id-austria-od-5-grudnia\/\" \/>\n\t<meta name=\"generator\" content=\"All in One SEO (AIOSEO) 5.0.1.1\" \/>\n\t\t<meta property=\"og:locale\" content=\"pl_PL\" \/>\n\t\t<meta property=\"og:site_name\" content=\"Wolno\u015b\u0107 i Anarchia - Ka\u017cdy wewn\u0119trznie jest anarchist\u0105.\" \/>\n\t\t<meta property=\"og:type\" content=\"article\" \/>\n\t\t<meta property=\"og:title\" content=\"System identyfikacji cyfrowej ID Austria od 5 grudnia - Wolno\u015b\u0107 i Anarchia\" \/>\n\t\t<meta property=\"og:description\" content=\"Austriacy przygotowuj\u0105 si\u0119 do pe\u0142nego przej\u015bcia na nowy system identyfikacji cyfrowej 5 grudnia Oczekuje si\u0119, \u017ce Austriacy podejm\u0105 kroki w celu zarejestrowania si\u0119 w nowym krajowym systemie identyfikacji cyfrowej ID Austria , poniewa\u017c rz\u0105dowy termin ca\u0142kowitego przej\u015bcia ze starej ery up\u0142ywa 5 grudnia. Handy-Signatur, platforma identyfikacji, z kt\u00f3rej obecnie korzystaj\u0105 obywatele w celu uzyskania dost\u0119pu do szeregu\" \/>\n\t\t<meta property=\"og:url\" content=\"https:\/\/wia.net.pl\/index.php\/2023\/10\/17\/system-identyfikacji-cyfrowej-id-austria-od-5-grudnia\/\" \/>\n\t\t<meta property=\"og:image\" content=\"https:\/\/wia.net.pl\/wp-content\/uploads\/2023\/11\/cropped-freedom-i73367.jpg\" \/>\n\t\t<meta property=\"og:image:secure_url\" content=\"https:\/\/wia.net.pl\/wp-content\/uploads\/2023\/11\/cropped-freedom-i73367.jpg\" \/>\n\t\t<meta property=\"article:published_time\" content=\"2023-10-17T14:21:04+00:00\" \/>\n\t\t<meta property=\"article:modified_time\" content=\"2023-10-17T14:21:05+00:00\" \/>\n\t\t<meta name=\"twitter:card\" content=\"summary_large_image\" \/>\n\t\t<meta name=\"twitter:title\" content=\"System identyfikacji cyfrowej ID Austria od 5 grudnia - Wolno\u015b\u0107 i Anarchia\" \/>\n\t\t<meta name=\"twitter:description\" content=\"Austriacy przygotowuj\u0105 si\u0119 do pe\u0142nego przej\u015bcia na nowy system identyfikacji cyfrowej 5 grudnia Oczekuje si\u0119, \u017ce Austriacy podejm\u0105 kroki w celu zarejestrowania si\u0119 w nowym krajowym systemie identyfikacji cyfrowej ID Austria , poniewa\u017c rz\u0105dowy termin ca\u0142kowitego przej\u015bcia ze starej ery up\u0142ywa 5 grudnia. Handy-Signatur, platforma identyfikacji, z kt\u00f3rej obecnie korzystaj\u0105 obywatele w celu uzyskania dost\u0119pu do szeregu\" \/>\n\t\t<meta name=\"twitter:image\" content=\"https:\/\/wia.net.pl\/wp-content\/uploads\/2023\/11\/cropped-freedom-i73367.jpg\" \/>\n\t\t<script type=\"application\/ld+json\" class=\"aioseo-schema\">\n\t\t\t{\"@context\":\"https:\\\/\\\/schema.org\",\"@graph\":[{\"@type\":\"BlogPosting\",\"@id\":\"https:\\\/\\\/wia.net.pl\\\/index.php\\\/2023\\\/10\\\/17\\\/system-identyfikacji-cyfrowej-id-austria-od-5-grudnia\\\/#blogposting\",\"name\":\"System identyfikacji cyfrowej ID Austria od 5 grudnia - Wolno\\u015b\\u0107 i Anarchia\",\"headline\":\"System identyfikacji cyfrowej\\u00a0ID Austria od 5 grudnia\",\"author\":{\"@id\":\"https:\\\/\\\/wia.net.pl\\\/index.php\\\/author\\\/trinity\\\/#author\"},\"publisher\":{\"@id\":\"https:\\\/\\\/wia.net.pl\\\/#person\"},\"image\":{\"@type\":\"ImageObject\",\"url\":\"https:\\\/\\\/wia.net.pl\\\/wp-content\\\/uploads\\\/2023\\\/10\\\/id-austria-1024x595-1.jpg\",\"width\":1024,\"height\":595},\"datePublished\":\"2023-10-17T16:21:04+02:00\",\"dateModified\":\"2023-10-17T16:21:05+02:00\",\"inLanguage\":\"pl-PL\",\"mainEntityOfPage\":{\"@id\":\"https:\\\/\\\/wia.net.pl\\\/index.php\\\/2023\\\/10\\\/17\\\/system-identyfikacji-cyfrowej-id-austria-od-5-grudnia\\\/#webpage\"},\"isPartOf\":{\"@id\":\"https:\\\/\\\/wia.net.pl\\\/index.php\\\/2023\\\/10\\\/17\\\/system-identyfikacji-cyfrowej-id-austria-od-5-grudnia\\\/#webpage\"},\"articleSection\":\"Artyku\\u0142y\"},{\"@type\":\"BreadcrumbList\",\"@id\":\"https:\\\/\\\/wia.net.pl\\\/index.php\\\/2023\\\/10\\\/17\\\/system-identyfikacji-cyfrowej-id-austria-od-5-grudnia\\\/#breadcrumblist\",\"itemListElement\":[{\"@type\":\"ListItem\",\"@id\":\"https:\\\/\\\/wia.net.pl#listItem\",\"position\":1,\"name\":\"Home\",\"item\":\"https:\\\/\\\/wia.net.pl\",\"nextItem\":{\"@type\":\"ListItem\",\"@id\":\"https:\\\/\\\/wia.net.pl\\\/index.php\\\/category\\\/artykuly\\\/#listItem\",\"name\":\"Artyku\\u0142y\"}},{\"@type\":\"ListItem\",\"@id\":\"https:\\\/\\\/wia.net.pl\\\/index.php\\\/category\\\/artykuly\\\/#listItem\",\"position\":2,\"name\":\"Artyku\\u0142y\",\"item\":\"https:\\\/\\\/wia.net.pl\\\/index.php\\\/category\\\/artykuly\\\/\",\"nextItem\":{\"@type\":\"ListItem\",\"@id\":\"https:\\\/\\\/wia.net.pl\\\/index.php\\\/2023\\\/10\\\/17\\\/system-identyfikacji-cyfrowej-id-austria-od-5-grudnia\\\/#listItem\",\"name\":\"System identyfikacji cyfrowej\\u00a0ID Austria od 5 grudnia\"},\"previousItem\":{\"@type\":\"ListItem\",\"@id\":\"https:\\\/\\\/wia.net.pl#listItem\",\"name\":\"Home\"}},{\"@type\":\"ListItem\",\"@id\":\"https:\\\/\\\/wia.net.pl\\\/index.php\\\/2023\\\/10\\\/17\\\/system-identyfikacji-cyfrowej-id-austria-od-5-grudnia\\\/#listItem\",\"position\":3,\"name\":\"System identyfikacji cyfrowej\\u00a0ID Austria od 5 grudnia\",\"previousItem\":{\"@type\":\"ListItem\",\"@id\":\"https:\\\/\\\/wia.net.pl\\\/index.php\\\/category\\\/artykuly\\\/#listItem\",\"name\":\"Artyku\\u0142y\"}}]},{\"@type\":\"Person\",\"@id\":\"https:\\\/\\\/wia.net.pl\\\/#person\",\"name\":\"Bart\\u0142omiej Talarczyk\",\"image\":{\"@type\":\"ImageObject\",\"@id\":\"https:\\\/\\\/wia.net.pl\\\/index.php\\\/2023\\\/10\\\/17\\\/system-identyfikacji-cyfrowej-id-austria-od-5-grudnia\\\/#personImage\",\"url\":\"https:\\\/\\\/wia.net.pl\\\/wp-content\\\/uploads\\\/avatar-privacy\\\/cache\\\/user\\\/1\\\/7\\\/176a6b161c58363ff49b5c167264231f519f5c7fa183ca1f61e891769b6b56d5-96.jpg\",\"width\":96,\"height\":96,\"caption\":\"Bart\\u0142omiej Talarczyk\"}},{\"@type\":\"Person\",\"@id\":\"https:\\\/\\\/wia.net.pl\\\/index.php\\\/author\\\/trinity\\\/#author\",\"url\":\"https:\\\/\\\/wia.net.pl\\\/index.php\\\/author\\\/trinity\\\/\",\"name\":\"trinity\",\"image\":{\"@type\":\"ImageObject\",\"@id\":\"https:\\\/\\\/wia.net.pl\\\/index.php\\\/2023\\\/10\\\/17\\\/system-identyfikacji-cyfrowej-id-austria-od-5-grudnia\\\/#authorImage\",\"url\":\"https:\\\/\\\/wia.net.pl\\\/wp-content\\\/uploads\\\/avatar-privacy\\\/cache\\\/user\\\/5\\\/f\\\/5f6547cf82495eaa10e100a6a45d5dbde2dfdc1be88557de2018fca705bdf6f1-96.jpg\",\"width\":96,\"height\":96,\"caption\":\"trinity\"}},{\"@type\":\"WebPage\",\"@id\":\"https:\\\/\\\/wia.net.pl\\\/index.php\\\/2023\\\/10\\\/17\\\/system-identyfikacji-cyfrowej-id-austria-od-5-grudnia\\\/#webpage\",\"url\":\"https:\\\/\\\/wia.net.pl\\\/index.php\\\/2023\\\/10\\\/17\\\/system-identyfikacji-cyfrowej-id-austria-od-5-grudnia\\\/\",\"name\":\"System identyfikacji cyfrowej ID Austria od 5 grudnia - Wolno\\u015b\\u0107 i Anarchia\",\"description\":\"Austriacy przygotowuj\\u0105 si\\u0119 do pe\\u0142nego przej\\u015bcia na nowy system identyfikacji cyfrowej 5 grudnia Oczekuje si\\u0119, \\u017ce Austriacy podejm\\u0105 kroki w celu zarejestrowania si\\u0119 w nowym krajowym systemie identyfikacji cyfrowej ID Austria , poniewa\\u017c rz\\u0105dowy termin ca\\u0142kowitego przej\\u015bcia ze starej ery up\\u0142ywa 5 grudnia. Handy-Signatur, platforma identyfikacji, z kt\\u00f3rej obecnie korzystaj\\u0105 obywatele w celu uzyskania dost\\u0119pu do szeregu\",\"inLanguage\":\"pl-PL\",\"isPartOf\":{\"@id\":\"https:\\\/\\\/wia.net.pl\\\/#website\"},\"breadcrumb\":{\"@id\":\"https:\\\/\\\/wia.net.pl\\\/index.php\\\/2023\\\/10\\\/17\\\/system-identyfikacji-cyfrowej-id-austria-od-5-grudnia\\\/#breadcrumblist\"},\"author\":{\"@id\":\"https:\\\/\\\/wia.net.pl\\\/index.php\\\/author\\\/trinity\\\/#author\"},\"creator\":{\"@id\":\"https:\\\/\\\/wia.net.pl\\\/index.php\\\/author\\\/trinity\\\/#author\"},\"image\":{\"@type\":\"ImageObject\",\"url\":\"https:\\\/\\\/wia.net.pl\\\/wp-content\\\/uploads\\\/2023\\\/10\\\/id-austria-1024x595-1.jpg\",\"@id\":\"https:\\\/\\\/wia.net.pl\\\/index.php\\\/2023\\\/10\\\/17\\\/system-identyfikacji-cyfrowej-id-austria-od-5-grudnia\\\/#mainImage\",\"width\":1024,\"height\":595},\"primaryImageOfPage\":{\"@id\":\"https:\\\/\\\/wia.net.pl\\\/index.php\\\/2023\\\/10\\\/17\\\/system-identyfikacji-cyfrowej-id-austria-od-5-grudnia\\\/#mainImage\"},\"datePublished\":\"2023-10-17T16:21:04+02:00\",\"dateModified\":\"2023-10-17T16:21:05+02:00\"},{\"@type\":\"WebSite\",\"@id\":\"https:\\\/\\\/wia.net.pl\\\/#website\",\"url\":\"https:\\\/\\\/wia.net.pl\\\/\",\"name\":\"Wolno\\u015b\\u0107 i Anarchia\",\"description\":\"Ka\\u017cdy wewn\\u0119trznie jest anarchist\\u0105.\",\"inLanguage\":\"pl-PL\",\"publisher\":{\"@id\":\"https:\\\/\\\/wia.net.pl\\\/#person\"}}]}\n\t\t<\/script>\n\t\t<!-- All in One SEO -->\n\n","aioseo_head_json":{"title":"System identyfikacji cyfrowej ID Austria od 5 grudnia - Wolno\u015b\u0107 i Anarchia","description":"Austriacy przygotowuj\u0105 si\u0119 do pe\u0142nego przej\u015bcia na nowy system identyfikacji cyfrowej 5 grudnia Oczekuje si\u0119, \u017ce Austriacy podejm\u0105 kroki w celu zarejestrowania si\u0119 w nowym krajowym systemie identyfikacji cyfrowej ID Austria , poniewa\u017c rz\u0105dowy termin ca\u0142kowitego przej\u015bcia ze starej ery up\u0142ywa 5 grudnia. Handy-Signatur, platforma identyfikacji, z kt\u00f3rej obecnie korzystaj\u0105 obywatele w celu uzyskania dost\u0119pu do szeregu","canonical_url":"https:\/\/wia.net.pl\/index.php\/2023\/10\/17\/system-identyfikacji-cyfrowej-id-austria-od-5-grudnia\/","robots":"max-image-preview:large","keywords":"","webmasterTools":{"miscellaneous":""},"schema":{"@context":"https:\/\/schema.org","@graph":[{"@type":"BlogPosting","@id":"https:\/\/wia.net.pl\/index.php\/2023\/10\/17\/system-identyfikacji-cyfrowej-id-austria-od-5-grudnia\/#blogposting","name":"System identyfikacji cyfrowej ID Austria od 5 grudnia - Wolno\u015b\u0107 i Anarchia","headline":"System identyfikacji cyfrowej\u00a0ID Austria od 5 grudnia","author":{"@id":"https:\/\/wia.net.pl\/index.php\/author\/trinity\/#author"},"publisher":{"@id":"https:\/\/wia.net.pl\/#person"},"image":{"@type":"ImageObject","url":"https:\/\/wia.net.pl\/wp-content\/uploads\/2023\/10\/id-austria-1024x595-1.jpg","width":1024,"height":595},"datePublished":"2023-10-17T16:21:04+02:00","dateModified":"2023-10-17T16:21:05+02:00","inLanguage":"pl-PL","mainEntityOfPage":{"@id":"https:\/\/wia.net.pl\/index.php\/2023\/10\/17\/system-identyfikacji-cyfrowej-id-austria-od-5-grudnia\/#webpage"},"isPartOf":{"@id":"https:\/\/wia.net.pl\/index.php\/2023\/10\/17\/system-identyfikacji-cyfrowej-id-austria-od-5-grudnia\/#webpage"},"articleSection":"Artyku\u0142y"},{"@type":"BreadcrumbList","@id":"https:\/\/wia.net.pl\/index.php\/2023\/10\/17\/system-identyfikacji-cyfrowej-id-austria-od-5-grudnia\/#breadcrumblist","itemListElement":[{"@type":"ListItem","@id":"https:\/\/wia.net.pl#listItem","position":1,"name":"Home","item":"https:\/\/wia.net.pl","nextItem":{"@type":"ListItem","@id":"https:\/\/wia.net.pl\/index.php\/category\/artykuly\/#listItem","name":"Artyku\u0142y"}},{"@type":"ListItem","@id":"https:\/\/wia.net.pl\/index.php\/category\/artykuly\/#listItem","position":2,"name":"Artyku\u0142y","item":"https:\/\/wia.net.pl\/index.php\/category\/artykuly\/","nextItem":{"@type":"ListItem","@id":"https:\/\/wia.net.pl\/index.php\/2023\/10\/17\/system-identyfikacji-cyfrowej-id-austria-od-5-grudnia\/#listItem","name":"System identyfikacji cyfrowej\u00a0ID Austria od 5 grudnia"},"previousItem":{"@type":"ListItem","@id":"https:\/\/wia.net.pl#listItem","name":"Home"}},{"@type":"ListItem","@id":"https:\/\/wia.net.pl\/index.php\/2023\/10\/17\/system-identyfikacji-cyfrowej-id-austria-od-5-grudnia\/#listItem","position":3,"name":"System identyfikacji cyfrowej\u00a0ID Austria od 5 grudnia","previousItem":{"@type":"ListItem","@id":"https:\/\/wia.net.pl\/index.php\/category\/artykuly\/#listItem","name":"Artyku\u0142y"}}]},{"@type":"Person","@id":"https:\/\/wia.net.pl\/#person","name":"Bart\u0142omiej Talarczyk","image":{"@type":"ImageObject","@id":"https:\/\/wia.net.pl\/index.php\/2023\/10\/17\/system-identyfikacji-cyfrowej-id-austria-od-5-grudnia\/#personImage","url":"https:\/\/wia.net.pl\/wp-content\/uploads\/avatar-privacy\/cache\/user\/1\/7\/176a6b161c58363ff49b5c167264231f519f5c7fa183ca1f61e891769b6b56d5-96.jpg","width":96,"height":96,"caption":"Bart\u0142omiej Talarczyk"}},{"@type":"Person","@id":"https:\/\/wia.net.pl\/index.php\/author\/trinity\/#author","url":"https:\/\/wia.net.pl\/index.php\/author\/trinity\/","name":"trinity","image":{"@type":"ImageObject","@id":"https:\/\/wia.net.pl\/index.php\/2023\/10\/17\/system-identyfikacji-cyfrowej-id-austria-od-5-grudnia\/#authorImage","url":"https:\/\/wia.net.pl\/wp-content\/uploads\/avatar-privacy\/cache\/user\/5\/f\/5f6547cf82495eaa10e100a6a45d5dbde2dfdc1be88557de2018fca705bdf6f1-96.jpg","width":96,"height":96,"caption":"trinity"}},{"@type":"WebPage","@id":"https:\/\/wia.net.pl\/index.php\/2023\/10\/17\/system-identyfikacji-cyfrowej-id-austria-od-5-grudnia\/#webpage","url":"https:\/\/wia.net.pl\/index.php\/2023\/10\/17\/system-identyfikacji-cyfrowej-id-austria-od-5-grudnia\/","name":"System identyfikacji cyfrowej ID Austria od 5 grudnia - Wolno\u015b\u0107 i Anarchia","description":"Austriacy przygotowuj\u0105 si\u0119 do pe\u0142nego przej\u015bcia na nowy system identyfikacji cyfrowej 5 grudnia Oczekuje si\u0119, \u017ce Austriacy podejm\u0105 kroki w celu zarejestrowania si\u0119 w nowym krajowym systemie identyfikacji cyfrowej ID Austria , poniewa\u017c rz\u0105dowy termin ca\u0142kowitego przej\u015bcia ze starej ery up\u0142ywa 5 grudnia. Handy-Signatur, platforma identyfikacji, z kt\u00f3rej obecnie korzystaj\u0105 obywatele w celu uzyskania dost\u0119pu do szeregu","inLanguage":"pl-PL","isPartOf":{"@id":"https:\/\/wia.net.pl\/#website"},"breadcrumb":{"@id":"https:\/\/wia.net.pl\/index.php\/2023\/10\/17\/system-identyfikacji-cyfrowej-id-austria-od-5-grudnia\/#breadcrumblist"},"author":{"@id":"https:\/\/wia.net.pl\/index.php\/author\/trinity\/#author"},"creator":{"@id":"https:\/\/wia.net.pl\/index.php\/author\/trinity\/#author"},"image":{"@type":"ImageObject","url":"https:\/\/wia.net.pl\/wp-content\/uploads\/2023\/10\/id-austria-1024x595-1.jpg","@id":"https:\/\/wia.net.pl\/index.php\/2023\/10\/17\/system-identyfikacji-cyfrowej-id-austria-od-5-grudnia\/#mainImage","width":1024,"height":595},"primaryImageOfPage":{"@id":"https:\/\/wia.net.pl\/index.php\/2023\/10\/17\/system-identyfikacji-cyfrowej-id-austria-od-5-grudnia\/#mainImage"},"datePublished":"2023-10-17T16:21:04+02:00","dateModified":"2023-10-17T16:21:05+02:00"},{"@type":"WebSite","@id":"https:\/\/wia.net.pl\/#website","url":"https:\/\/wia.net.pl\/","name":"Wolno\u015b\u0107 i Anarchia","description":"Ka\u017cdy wewn\u0119trznie jest anarchist\u0105.","inLanguage":"pl-PL","publisher":{"@id":"https:\/\/wia.net.pl\/#person"}}]},"og:locale":"pl_PL","og:site_name":"Wolno\u015b\u0107 i Anarchia - Ka\u017cdy wewn\u0119trznie jest anarchist\u0105.","og:type":"article","og:title":"System identyfikacji cyfrowej ID Austria od 5 grudnia - Wolno\u015b\u0107 i Anarchia","og:description":"Austriacy przygotowuj\u0105 si\u0119 do pe\u0142nego przej\u015bcia na nowy system identyfikacji cyfrowej 5 grudnia Oczekuje si\u0119, \u017ce Austriacy podejm\u0105 kroki w celu zarejestrowania si\u0119 w nowym krajowym systemie identyfikacji cyfrowej ID Austria , poniewa\u017c rz\u0105dowy termin ca\u0142kowitego przej\u015bcia ze starej ery up\u0142ywa 5 grudnia. Handy-Signatur, platforma identyfikacji, z kt\u00f3rej obecnie korzystaj\u0105 obywatele w celu uzyskania dost\u0119pu do szeregu","og:url":"https:\/\/wia.net.pl\/index.php\/2023\/10\/17\/system-identyfikacji-cyfrowej-id-austria-od-5-grudnia\/","og:image":"https:\/\/wia.net.pl\/wp-content\/uploads\/2023\/11\/cropped-freedom-i73367.jpg","og:image:secure_url":"https:\/\/wia.net.pl\/wp-content\/uploads\/2023\/11\/cropped-freedom-i73367.jpg","article:published_time":"2023-10-17T14:21:04+00:00","article:modified_time":"2023-10-17T14:21:05+00:00","twitter:card":"summary_large_image","twitter:title":"System identyfikacji cyfrowej ID Austria od 5 grudnia - Wolno\u015b\u0107 i Anarchia","twitter:description":"Austriacy przygotowuj\u0105 si\u0119 do pe\u0142nego przej\u015bcia na nowy system identyfikacji cyfrowej 5 grudnia Oczekuje si\u0119, \u017ce Austriacy podejm\u0105 kroki w celu zarejestrowania si\u0119 w nowym krajowym systemie identyfikacji cyfrowej ID Austria , poniewa\u017c rz\u0105dowy termin ca\u0142kowitego przej\u015bcia ze starej ery up\u0142ywa 5 grudnia. Handy-Signatur, platforma identyfikacji, z kt\u00f3rej obecnie korzystaj\u0105 obywatele w celu uzyskania dost\u0119pu do szeregu","twitter:image":"https:\/\/wia.net.pl\/wp-content\/uploads\/2023\/11\/cropped-freedom-i73367.jpg"},"aioseo_meta_data":{"post_id":"4954","title":null,"description":null,"keywords":[],"keyphrases":{"focus":{"keyphrase":"","score":0,"analysis":{"keyphraseInTitle":{"score":0,"maxScore":9,"error":1}}},"additional":[]},"primary_term":null,"canonical_url":null,"og_title":null,"og_description":null,"og_object_type":"default","og_image_type":"default","og_image_url":null,"og_image_width":null,"og_image_height":null,"og_image_custom_url":null,"og_image_custom_fields":null,"og_video":"","og_custom_url":null,"og_article_section":null,"og_article_tags":[],"twitter_use_og":false,"twitter_card":"default","twitter_image_type":"default","twitter_image_url":null,"twitter_image_custom_url":null,"twitter_image_custom_fields":null,"twitter_title":null,"twitter_description":null,"schema":{"blockGraphs":[],"customGraphs":[],"default":{"data":{"Article":[],"Course":[],"Dataset":[],"FAQPage":[],"Movie":[],"Person":[],"Product":[],"ProductReview":[],"Car":[],"Recipe":[],"Service":[],"SoftwareApplication":[],"WebPage":[]},"graphName":"BlogPosting","isEnabled":true},"graphs":[]},"schema_type":"default","schema_type_options":null,"pillar_content":false,"robots_default":true,"robots_noindex":false,"robots_noarchive":false,"robots_nosnippet":false,"robots_nofollow":false,"robots_noimageindex":false,"robots_noodp":false,"robots_notranslate":false,"robots_max_snippet":"-1","robots_max_videopreview":"-1","robots_max_imagepreview":"large","priority":null,"frequency":"default","local_seo":null,"breadcrumb_settings":null,"limit_modified_date":false,"ai":null,"created":"2023-10-17 14:21:05","updated":"2025-06-04 09:30:12","seo_analyzer_scan_date":null,"focus_keyword":null,"additional_keywords":null,"truseo_locale":null},"aioseo_breadcrumb":"<div class=\"aioseo-breadcrumbs\"><span class=\"aioseo-breadcrumb\">\n\t\t\t<a href=\"https:\/\/wia.net.pl\" title=\"Home\">Home<\/a>\n\t\t<\/span><span class=\"aioseo-breadcrumb-separator\">&raquo;<\/span><span class=\"aioseo-breadcrumb\">\n\t\t\t<a href=\"https:\/\/wia.net.pl\/index.php\/category\/artykuly\/\" title=\"Artyku\u0142y\">Artyku\u0142y<\/a>\n\t\t<\/span><span class=\"aioseo-breadcrumb-separator\">&raquo;<\/span><span class=\"aioseo-breadcrumb\">\n\t\t\tSystem identyfikacji cyfrowej ID Austria od 5 grudnia\n\t\t<\/span><\/div>","aioseo_breadcrumb_json":[{"label":"Home","link":"https:\/\/wia.net.pl"},{"label":"Artyku\u0142y","link":"https:\/\/wia.net.pl\/index.php\/category\/artykuly\/"},{"label":"System identyfikacji cyfrowej\u00a0ID Austria od 5 grudnia","link":"https:\/\/wia.net.pl\/index.php\/2023\/10\/17\/system-identyfikacji-cyfrowej-id-austria-od-5-grudnia\/"}],"_links":{"self":[{"href":"https:\/\/wia.net.pl\/index.php\/wp-json\/wp\/v2\/posts\/4954"}],"collection":[{"href":"https:\/\/wia.net.pl\/index.php\/wp-json\/wp\/v2\/posts"}],"about":[{"href":"https:\/\/wia.net.pl\/index.php\/wp-json\/wp\/v2\/types\/post"}],"author":[{"embeddable":true,"href":"https:\/\/wia.net.pl\/index.php\/wp-json\/wp\/v2\/users\/2"}],"replies":[{"embeddable":true,"href":"https:\/\/wia.net.pl\/index.php\/wp-json\/wp\/v2\/comments?post=4954"}],"version-history":[{"count":1,"href":"https:\/\/wia.net.pl\/index.php\/wp-json\/wp\/v2\/posts\/4954\/revisions"}],"predecessor-version":[{"id":4956,"href":"https:\/\/wia.net.pl\/index.php\/wp-json\/wp\/v2\/posts\/4954\/revisions\/4956"}],"wp:featuredmedia":[{"embeddable":true,"href":"https:\/\/wia.net.pl\/index.php\/wp-json\/wp\/v2\/media\/4955"}],"wp:attachment":[{"href":"https:\/\/wia.net.pl\/index.php\/wp-json\/wp\/v2\/media?parent=4954"}],"wp:term":[{"taxonomy":"category","embeddable":true,"href":"https:\/\/wia.net.pl\/index.php\/wp-json\/wp\/v2\/categories?post=4954"},{"taxonomy":"post_tag","embeddable":true,"href":"https:\/\/wia.net.pl\/index.php\/wp-json\/wp\/v2\/tags?post=4954"}],"curies":[{"name":"wp","href":"https:\/\/api.w.org\/{rel}","templated":true}]}}