{"id":4988,"date":"2023-10-18T01:36:12","date_gmt":"2023-10-17T23:36:12","guid":{"rendered":"https:\/\/wia.net.pl\/?p=4988"},"modified":"2023-10-18T01:36:13","modified_gmt":"2023-10-17T23:36:13","slug":"jesli-nie-mozemy-posiadac-wlasnosci-stajemy-sie-wlasnoscia","status":"publish","type":"post","link":"https:\/\/wia.net.pl\/index.php\/2023\/10\/18\/jesli-nie-mozemy-posiadac-wlasnosci-stajemy-sie-wlasnoscia\/","title":{"rendered":"Je\u015bli nie mo\u017cemy posiada\u0107 w\u0142asno\u015bci, stajemy si\u0119 w\u0142asno\u015bci\u0105"},"content":{"rendered":"\n<p>Celem Agendy 2030 jest \u201ebez rolnik\u00f3w, bez \u017cywno\u015bci\u201d \u2013 je\u015bli nie mo\u017cemy posiada\u0107 w\u0142asno\u015bci, stajemy si\u0119 w\u0142asno\u015bci\u0105<\/p>\n\n\n\n<p>AUTOR:\u00a0RHODA\u00a0<a href=\"https:\/\/expose-news.com\/author\/rhoda-wilson\/\">WILSON<\/a><\/p>\n\n\n\n<figure class=\"wp-block-image size-large\"><img loading=\"lazy\" decoding=\"async\" width=\"1024\" height=\"704\" src=\"https:\/\/wia.net.pl\/wp-content\/uploads\/2023\/10\/Co-nas-czeka-w-2030-1024x704.jpg\" alt=\"\" class=\"wp-image-4989\" srcset=\"https:\/\/wia.net.pl\/wp-content\/uploads\/2023\/10\/Co-nas-czeka-w-2030-1024x704.jpg 1024w, https:\/\/wia.net.pl\/wp-content\/uploads\/2023\/10\/Co-nas-czeka-w-2030-300x206.jpg 300w, https:\/\/wia.net.pl\/wp-content\/uploads\/2023\/10\/Co-nas-czeka-w-2030-768x528.jpg 768w, https:\/\/wia.net.pl\/wp-content\/uploads\/2023\/10\/Co-nas-czeka-w-2030-1536x1056.jpg 1536w, https:\/\/wia.net.pl\/wp-content\/uploads\/2023\/10\/Co-nas-czeka-w-2030.jpg 1600w\" sizes=\"(max-width: 1024px) 100vw, 1024px\" \/><\/figure>\n\n\n\n<p><strong>Najnowszy raport ONZ na temat g\u0142odu na \u015bwiecie pokazuje, \u017ce cofamy si\u0119.&nbsp;W ubieg\u0142ym roku co najmniej 828 milion\u00f3w ludzi codziennie w taki czy inny spos\u00f3b odczuwa\u0142o g\u0142\u00f3d.&nbsp;Ceny pszenicy i innych zb\u00f3\u017c gwa\u0142townie wzros\u0142y.&nbsp;<\/strong><strong>Si\u0142a nabywcza spo\u0142ecze\u0144stwa maleje.&nbsp;Jeste\u015bmy coraz biedniejsi, wi\u0119c jemy mniej.<\/strong><\/p>\n\n\n\n<p><strong>Wybuch\u0142a wojna przeciwko rolnikom, gro\u017c\u0105ca wypchni\u0119ciem ich z ziemi, kt\u00f3r\u0105 uprawiali od pokole\u0144.&nbsp;<\/strong><strong>Ci, kt\u00f3rzy kontroluj\u0105 ziemi\u0119, kontroluj\u0105 dostawy \u017cywno\u015bci, a wraz z ni\u0105 ludzi.&nbsp;<\/strong><strong>&nbsp;Wiele z tych zagro\u017ce\u0144 jest ukrytych pod Agend\u0105 2030, kt\u00f3r\u0105 staraj\u0105 si\u0119 narzuci\u0107 na ca\u0142ym \u015bwiecie, w ka\u017cdym kraju, do roku 2030<\/strong><\/p>\n\n\n\n<p><strong>Znajdujemy si\u0119 w sytuacji, w kt\u00f3rej nie ma lepszego okre\u015blenia ni\u017c nazwa\u0107 j\u0105 kryzysem.<\/strong><\/p>\n\n\n\n<p>Program Facts Matter w EpochTV po\u015bwi\u0119ca du\u017co czasu na relacjonowanie \u015bwiatowego kryzysu \u017cywno\u015bciowego.&nbsp;W dokumencie opublikowanym w zesz\u0142ym miesi\u0105cu Roman Balmakov zbada\u0142 szybko zmieniaj\u0105cy si\u0119 krajobraz naszego globalnego \u017ar\u00f3d\u0142a \u017cywno\u015bci \u2013 przemys\u0142u rolnego \u2013 poprzez wywiady z rolnikami z Holandii, Sri Lanki i Stan\u00f3w Zjednoczonych.&nbsp;To kolejny globalny kryzys ignorowany przez \u015bwiatowe media.<\/p>\n\n\n\n<p>\u201e&nbsp;<a href=\"https:\/\/nofarmersnofood.com\/\">Nie ma rolnik\u00f3w, nie ma jedzenia: czy zjesz robaki?\u201d&nbsp;<\/a>&#8217; to dokument Epoch Original obna\u017caj\u0105cy ukryte plany stoj\u0105ce za globaln\u0105 \u201ezielon\u0105 polityk\u0105\u201d, niezliczone historie rolnik\u00f3w zmuszonych do wycofania si\u0119 z dzia\u0142alno\u015bci, zak\u0142\u00f3cenia, jakie b\u0119dzie to mia\u0142o dla naszych dostaw \u017cywno\u015bci oraz dlaczego jadalne robaki nagle wysuwaj\u0105 si\u0119 na pierwszy plan jako \u201eGlobalne zielone rozwi\u0105zanie\u201d.<\/p>\n\n\n\n<p>Ca\u0142y godzinny dokument mo\u017cesz obejrze\u0107&nbsp;<a href=\"https:\/\/www.theepochtimes.com\/epochtv\/nofarmersnofood-5390883\">TUTAJ<\/a>&nbsp;, a kopi\u0119 transkrypcji pobra\u0107&nbsp;<a href=\"https:\/\/www.epochoriginal.com\/nfnfscript\">TUTAJ<\/a>&nbsp;.&nbsp;Aby obejrze\u0107 dokument, je\u015bli jeszcze tego nie zrobi\u0142e\u015b, musisz za\u0142o\u017cy\u0107 konto, podaj\u0105c adres e-mail, kt\u00f3ry zapewni Ci dost\u0119p do ograniczonej liczby artyku\u0142\u00f3w i program\u00f3w.&nbsp;B\u0119dziesz musia\u0142 zap\u0142aci\u0107 niewielk\u0105 subskrypcj\u0119, aby uzyska\u0107 dost\u0119p do nieograniczonego materia\u0142u.<\/p>\n\n\n\n<p>Je\u015bli nie mo\u017cesz uzyska\u0107 dost\u0119pu do filmu dokumentalnego w EpochTV, mo\u017cesz go obejrze\u0107\u00a0<a href=\"https:\/\/app.frame.io\/reviews\/57bc36c2-1977-4345-affe-d9b2bc4c20dd\/172ada6a-8fdb-4c29-a335-954ba1191457\">TUTAJ<\/a>\u00a0.<\/p>\n\n\n\n<p>\u0179r\u00f3d\u0142o <a href=\"https:\/\/expose-news.com\/2023\/10\/15\/agenda-2030s-goal-is-no-farmers-no-food\/\">https:\/\/expose-news.com\/2023\/10\/15\/agenda-2030s-goal-is-no-farmers-no-food\/<\/a><\/p>\n","protected":false},"excerpt":{"rendered":"<p>Celem Agendy 2030 jest \u201ebez rolnik\u00f3w, bez \u017cywno\u015bci\u201d \u2013 je\u015bli nie mo\u017cemy posiada\u0107 w\u0142asno\u015bci, stajemy si\u0119 w\u0142asno\u015bci\u0105 AUTOR:\u00a0RHODA\u00a0WILSON Najnowszy raport ONZ na temat g\u0142odu na \u015bwiecie pokazuje, \u017ce cofamy si\u0119.&nbsp;W ubieg\u0142ym roku co najmniej 828 milion\u00f3w ludzi codziennie w taki&#8230; <\/p>\n","protected":false},"author":2,"featured_media":4989,"comment_status":"open","ping_status":"open","sticky":false,"template":"","format":"standard","meta":{"_acf_changed":false,"_bbp_topic_count":0,"_bbp_reply_count":0,"_bbp_total_topic_count":0,"_bbp_total_reply_count":0,"_bbp_voice_count":0,"_bbp_anonymous_reply_count":0,"_bbp_topic_count_hidden":0,"_bbp_reply_count_hidden":0,"_bbp_forum_subforum_count":0,"om_disable_all_campaigns":false,"_monsterinsights_skip_tracking":false,"footnotes":""},"categories":[93],"tags":[],"class_list":["post-4988","post","type-post","status-publish","format-standard","has-post-thumbnail","hentry","category-artykuly"],"acf":[],"aioseo_notices":[],"aioseo_head":"\n\t\t<!-- All in One SEO 5.0.1.1 - aioseo.com -->\n\t<meta name=\"description\" content=\"Celem Agendy 2030 jest \u201ebez rolnik\u00f3w, bez \u017cywno\u015bci\u201d \u2013 je\u015bli nie mo\u017cemy posiada\u0107 w\u0142asno\u015bci, stajemy si\u0119 w\u0142asno\u015bci\u0105 AUTOR: RHODA WILSON Najnowszy raport ONZ na temat g\u0142odu na \u015bwiecie pokazuje, \u017ce cofamy si\u0119. W ubieg\u0142ym roku co najmniej 828 milion\u00f3w ludzi codziennie w taki czy inny spos\u00f3b odczuwa\u0142o g\u0142\u00f3d. Ceny pszenicy i innych zb\u00f3\u017c gwa\u0142townie wzros\u0142y. Si\u0142a nabywcza spo\u0142ecze\u0144stwa maleje. Jeste\u015bmy coraz\" \/>\n\t<meta name=\"robots\" content=\"max-image-preview:large\" \/>\n\t<meta name=\"author\" content=\"trinity\"\/>\n\t<link rel=\"canonical\" href=\"https:\/\/wia.net.pl\/index.php\/2023\/10\/18\/jesli-nie-mozemy-posiadac-wlasnosci-stajemy-sie-wlasnoscia\/\" \/>\n\t<meta name=\"generator\" content=\"All in One SEO (AIOSEO) 5.0.1.1\" \/>\n\t\t<meta property=\"og:locale\" content=\"pl_PL\" \/>\n\t\t<meta property=\"og:site_name\" content=\"Wolno\u015b\u0107 i Anarchia - Ka\u017cdy wewn\u0119trznie jest anarchist\u0105.\" \/>\n\t\t<meta property=\"og:type\" content=\"article\" \/>\n\t\t<meta property=\"og:title\" content=\"Je\u015bli nie mo\u017cemy posiada\u0107 w\u0142asno\u015bci, stajemy si\u0119 w\u0142asno\u015bci\u0105 - Wolno\u015b\u0107 i Anarchia\" \/>\n\t\t<meta property=\"og:description\" content=\"Celem Agendy 2030 jest \u201ebez rolnik\u00f3w, bez \u017cywno\u015bci\u201d \u2013 je\u015bli nie mo\u017cemy posiada\u0107 w\u0142asno\u015bci, stajemy si\u0119 w\u0142asno\u015bci\u0105 AUTOR: RHODA WILSON Najnowszy raport ONZ na temat g\u0142odu na \u015bwiecie pokazuje, \u017ce cofamy si\u0119. W ubieg\u0142ym roku co najmniej 828 milion\u00f3w ludzi codziennie w taki czy inny spos\u00f3b odczuwa\u0142o g\u0142\u00f3d. Ceny pszenicy i innych zb\u00f3\u017c gwa\u0142townie wzros\u0142y. Si\u0142a nabywcza spo\u0142ecze\u0144stwa maleje. Jeste\u015bmy coraz\" \/>\n\t\t<meta property=\"og:url\" content=\"https:\/\/wia.net.pl\/index.php\/2023\/10\/18\/jesli-nie-mozemy-posiadac-wlasnosci-stajemy-sie-wlasnoscia\/\" \/>\n\t\t<meta property=\"og:image\" content=\"https:\/\/wia.net.pl\/wp-content\/uploads\/2023\/11\/cropped-freedom-i73367.jpg\" \/>\n\t\t<meta property=\"og:image:secure_url\" content=\"https:\/\/wia.net.pl\/wp-content\/uploads\/2023\/11\/cropped-freedom-i73367.jpg\" \/>\n\t\t<meta property=\"article:published_time\" content=\"2023-10-17T23:36:12+00:00\" \/>\n\t\t<meta property=\"article:modified_time\" content=\"2023-10-17T23:36:13+00:00\" \/>\n\t\t<meta name=\"twitter:card\" content=\"summary_large_image\" \/>\n\t\t<meta name=\"twitter:title\" content=\"Je\u015bli nie mo\u017cemy posiada\u0107 w\u0142asno\u015bci, stajemy si\u0119 w\u0142asno\u015bci\u0105 - Wolno\u015b\u0107 i Anarchia\" \/>\n\t\t<meta name=\"twitter:description\" content=\"Celem Agendy 2030 jest \u201ebez rolnik\u00f3w, bez \u017cywno\u015bci\u201d \u2013 je\u015bli nie mo\u017cemy posiada\u0107 w\u0142asno\u015bci, stajemy si\u0119 w\u0142asno\u015bci\u0105 AUTOR: RHODA WILSON Najnowszy raport ONZ na temat g\u0142odu na \u015bwiecie pokazuje, \u017ce cofamy si\u0119. W ubieg\u0142ym roku co najmniej 828 milion\u00f3w ludzi codziennie w taki czy inny spos\u00f3b odczuwa\u0142o g\u0142\u00f3d. Ceny pszenicy i innych zb\u00f3\u017c gwa\u0142townie wzros\u0142y. Si\u0142a nabywcza spo\u0142ecze\u0144stwa maleje. Jeste\u015bmy coraz\" \/>\n\t\t<meta name=\"twitter:image\" content=\"https:\/\/wia.net.pl\/wp-content\/uploads\/2023\/11\/cropped-freedom-i73367.jpg\" \/>\n\t\t<script type=\"application\/ld+json\" class=\"aioseo-schema\">\n\t\t\t{\"@context\":\"https:\\\/\\\/schema.org\",\"@graph\":[{\"@type\":\"BlogPosting\",\"@id\":\"https:\\\/\\\/wia.net.pl\\\/index.php\\\/2023\\\/10\\\/18\\\/jesli-nie-mozemy-posiadac-wlasnosci-stajemy-sie-wlasnoscia\\\/#blogposting\",\"name\":\"Je\\u015bli nie mo\\u017cemy posiada\\u0107 w\\u0142asno\\u015bci, stajemy si\\u0119 w\\u0142asno\\u015bci\\u0105 - Wolno\\u015b\\u0107 i Anarchia\",\"headline\":\"Je\\u015bli nie mo\\u017cemy posiada\\u0107 w\\u0142asno\\u015bci, stajemy si\\u0119 w\\u0142asno\\u015bci\\u0105\",\"author\":{\"@id\":\"https:\\\/\\\/wia.net.pl\\\/index.php\\\/author\\\/trinity\\\/#author\"},\"publisher\":{\"@id\":\"https:\\\/\\\/wia.net.pl\\\/#person\"},\"image\":{\"@type\":\"ImageObject\",\"url\":\"https:\\\/\\\/wia.net.pl\\\/wp-content\\\/uploads\\\/2023\\\/10\\\/Co-nas-czeka-w-2030.jpg\",\"width\":1600,\"height\":1100},\"datePublished\":\"2023-10-18T01:36:12+02:00\",\"dateModified\":\"2023-10-18T01:36:13+02:00\",\"inLanguage\":\"pl-PL\",\"mainEntityOfPage\":{\"@id\":\"https:\\\/\\\/wia.net.pl\\\/index.php\\\/2023\\\/10\\\/18\\\/jesli-nie-mozemy-posiadac-wlasnosci-stajemy-sie-wlasnoscia\\\/#webpage\"},\"isPartOf\":{\"@id\":\"https:\\\/\\\/wia.net.pl\\\/index.php\\\/2023\\\/10\\\/18\\\/jesli-nie-mozemy-posiadac-wlasnosci-stajemy-sie-wlasnoscia\\\/#webpage\"},\"articleSection\":\"Artyku\\u0142y\"},{\"@type\":\"BreadcrumbList\",\"@id\":\"https:\\\/\\\/wia.net.pl\\\/index.php\\\/2023\\\/10\\\/18\\\/jesli-nie-mozemy-posiadac-wlasnosci-stajemy-sie-wlasnoscia\\\/#breadcrumblist\",\"itemListElement\":[{\"@type\":\"ListItem\",\"@id\":\"https:\\\/\\\/wia.net.pl#listItem\",\"position\":1,\"name\":\"Home\",\"item\":\"https:\\\/\\\/wia.net.pl\",\"nextItem\":{\"@type\":\"ListItem\",\"@id\":\"https:\\\/\\\/wia.net.pl\\\/index.php\\\/category\\\/artykuly\\\/#listItem\",\"name\":\"Artyku\\u0142y\"}},{\"@type\":\"ListItem\",\"@id\":\"https:\\\/\\\/wia.net.pl\\\/index.php\\\/category\\\/artykuly\\\/#listItem\",\"position\":2,\"name\":\"Artyku\\u0142y\",\"item\":\"https:\\\/\\\/wia.net.pl\\\/index.php\\\/category\\\/artykuly\\\/\",\"nextItem\":{\"@type\":\"ListItem\",\"@id\":\"https:\\\/\\\/wia.net.pl\\\/index.php\\\/2023\\\/10\\\/18\\\/jesli-nie-mozemy-posiadac-wlasnosci-stajemy-sie-wlasnoscia\\\/#listItem\",\"name\":\"Je\\u015bli nie mo\\u017cemy posiada\\u0107 w\\u0142asno\\u015bci, stajemy si\\u0119 w\\u0142asno\\u015bci\\u0105\"},\"previousItem\":{\"@type\":\"ListItem\",\"@id\":\"https:\\\/\\\/wia.net.pl#listItem\",\"name\":\"Home\"}},{\"@type\":\"ListItem\",\"@id\":\"https:\\\/\\\/wia.net.pl\\\/index.php\\\/2023\\\/10\\\/18\\\/jesli-nie-mozemy-posiadac-wlasnosci-stajemy-sie-wlasnoscia\\\/#listItem\",\"position\":3,\"name\":\"Je\\u015bli nie mo\\u017cemy posiada\\u0107 w\\u0142asno\\u015bci, stajemy si\\u0119 w\\u0142asno\\u015bci\\u0105\",\"previousItem\":{\"@type\":\"ListItem\",\"@id\":\"https:\\\/\\\/wia.net.pl\\\/index.php\\\/category\\\/artykuly\\\/#listItem\",\"name\":\"Artyku\\u0142y\"}}]},{\"@type\":\"Person\",\"@id\":\"https:\\\/\\\/wia.net.pl\\\/#person\",\"name\":\"Bart\\u0142omiej Talarczyk\",\"image\":{\"@type\":\"ImageObject\",\"@id\":\"https:\\\/\\\/wia.net.pl\\\/index.php\\\/2023\\\/10\\\/18\\\/jesli-nie-mozemy-posiadac-wlasnosci-stajemy-sie-wlasnoscia\\\/#personImage\",\"url\":\"https:\\\/\\\/wia.net.pl\\\/wp-content\\\/uploads\\\/avatar-privacy\\\/cache\\\/user\\\/1\\\/7\\\/176a6b161c58363ff49b5c167264231f519f5c7fa183ca1f61e891769b6b56d5-96.jpg\",\"width\":96,\"height\":96,\"caption\":\"Bart\\u0142omiej Talarczyk\"}},{\"@type\":\"Person\",\"@id\":\"https:\\\/\\\/wia.net.pl\\\/index.php\\\/author\\\/trinity\\\/#author\",\"url\":\"https:\\\/\\\/wia.net.pl\\\/index.php\\\/author\\\/trinity\\\/\",\"name\":\"trinity\",\"image\":{\"@type\":\"ImageObject\",\"@id\":\"https:\\\/\\\/wia.net.pl\\\/index.php\\\/2023\\\/10\\\/18\\\/jesli-nie-mozemy-posiadac-wlasnosci-stajemy-sie-wlasnoscia\\\/#authorImage\",\"url\":\"https:\\\/\\\/wia.net.pl\\\/wp-content\\\/uploads\\\/avatar-privacy\\\/cache\\\/user\\\/5\\\/f\\\/5f6547cf82495eaa10e100a6a45d5dbde2dfdc1be88557de2018fca705bdf6f1-96.jpg\",\"width\":96,\"height\":96,\"caption\":\"trinity\"}},{\"@type\":\"WebPage\",\"@id\":\"https:\\\/\\\/wia.net.pl\\\/index.php\\\/2023\\\/10\\\/18\\\/jesli-nie-mozemy-posiadac-wlasnosci-stajemy-sie-wlasnoscia\\\/#webpage\",\"url\":\"https:\\\/\\\/wia.net.pl\\\/index.php\\\/2023\\\/10\\\/18\\\/jesli-nie-mozemy-posiadac-wlasnosci-stajemy-sie-wlasnoscia\\\/\",\"name\":\"Je\\u015bli nie mo\\u017cemy posiada\\u0107 w\\u0142asno\\u015bci, stajemy si\\u0119 w\\u0142asno\\u015bci\\u0105 - Wolno\\u015b\\u0107 i Anarchia\",\"description\":\"Celem Agendy 2030 jest \\u201ebez rolnik\\u00f3w, bez \\u017cywno\\u015bci\\u201d \\u2013 je\\u015bli nie mo\\u017cemy posiada\\u0107 w\\u0142asno\\u015bci, stajemy si\\u0119 w\\u0142asno\\u015bci\\u0105 AUTOR: RHODA WILSON Najnowszy raport ONZ na temat g\\u0142odu na \\u015bwiecie pokazuje, \\u017ce cofamy si\\u0119. W ubieg\\u0142ym roku co najmniej 828 milion\\u00f3w ludzi codziennie w taki czy inny spos\\u00f3b odczuwa\\u0142o g\\u0142\\u00f3d. Ceny pszenicy i innych zb\\u00f3\\u017c gwa\\u0142townie wzros\\u0142y. Si\\u0142a nabywcza spo\\u0142ecze\\u0144stwa maleje. Jeste\\u015bmy coraz\",\"inLanguage\":\"pl-PL\",\"isPartOf\":{\"@id\":\"https:\\\/\\\/wia.net.pl\\\/#website\"},\"breadcrumb\":{\"@id\":\"https:\\\/\\\/wia.net.pl\\\/index.php\\\/2023\\\/10\\\/18\\\/jesli-nie-mozemy-posiadac-wlasnosci-stajemy-sie-wlasnoscia\\\/#breadcrumblist\"},\"author\":{\"@id\":\"https:\\\/\\\/wia.net.pl\\\/index.php\\\/author\\\/trinity\\\/#author\"},\"creator\":{\"@id\":\"https:\\\/\\\/wia.net.pl\\\/index.php\\\/author\\\/trinity\\\/#author\"},\"image\":{\"@type\":\"ImageObject\",\"url\":\"https:\\\/\\\/wia.net.pl\\\/wp-content\\\/uploads\\\/2023\\\/10\\\/Co-nas-czeka-w-2030.jpg\",\"@id\":\"https:\\\/\\\/wia.net.pl\\\/index.php\\\/2023\\\/10\\\/18\\\/jesli-nie-mozemy-posiadac-wlasnosci-stajemy-sie-wlasnoscia\\\/#mainImage\",\"width\":1600,\"height\":1100},\"primaryImageOfPage\":{\"@id\":\"https:\\\/\\\/wia.net.pl\\\/index.php\\\/2023\\\/10\\\/18\\\/jesli-nie-mozemy-posiadac-wlasnosci-stajemy-sie-wlasnoscia\\\/#mainImage\"},\"datePublished\":\"2023-10-18T01:36:12+02:00\",\"dateModified\":\"2023-10-18T01:36:13+02:00\"},{\"@type\":\"WebSite\",\"@id\":\"https:\\\/\\\/wia.net.pl\\\/#website\",\"url\":\"https:\\\/\\\/wia.net.pl\\\/\",\"name\":\"Wolno\\u015b\\u0107 i Anarchia\",\"description\":\"Ka\\u017cdy wewn\\u0119trznie jest anarchist\\u0105.\",\"inLanguage\":\"pl-PL\",\"publisher\":{\"@id\":\"https:\\\/\\\/wia.net.pl\\\/#person\"}}]}\n\t\t<\/script>\n\t\t<!-- All in One SEO -->\n\n","aioseo_head_json":{"title":"Je\u015bli nie mo\u017cemy posiada\u0107 w\u0142asno\u015bci, stajemy si\u0119 w\u0142asno\u015bci\u0105 - Wolno\u015b\u0107 i Anarchia","description":"Celem Agendy 2030 jest \u201ebez rolnik\u00f3w, bez \u017cywno\u015bci\u201d \u2013 je\u015bli nie mo\u017cemy posiada\u0107 w\u0142asno\u015bci, stajemy si\u0119 w\u0142asno\u015bci\u0105 AUTOR: RHODA WILSON Najnowszy raport ONZ na temat g\u0142odu na \u015bwiecie pokazuje, \u017ce cofamy si\u0119. W ubieg\u0142ym roku co najmniej 828 milion\u00f3w ludzi codziennie w taki czy inny spos\u00f3b odczuwa\u0142o g\u0142\u00f3d. Ceny pszenicy i innych zb\u00f3\u017c gwa\u0142townie wzros\u0142y. Si\u0142a nabywcza spo\u0142ecze\u0144stwa maleje. Jeste\u015bmy coraz","canonical_url":"https:\/\/wia.net.pl\/index.php\/2023\/10\/18\/jesli-nie-mozemy-posiadac-wlasnosci-stajemy-sie-wlasnoscia\/","robots":"max-image-preview:large","keywords":"","webmasterTools":{"miscellaneous":""},"schema":{"@context":"https:\/\/schema.org","@graph":[{"@type":"BlogPosting","@id":"https:\/\/wia.net.pl\/index.php\/2023\/10\/18\/jesli-nie-mozemy-posiadac-wlasnosci-stajemy-sie-wlasnoscia\/#blogposting","name":"Je\u015bli nie mo\u017cemy posiada\u0107 w\u0142asno\u015bci, stajemy si\u0119 w\u0142asno\u015bci\u0105 - Wolno\u015b\u0107 i Anarchia","headline":"Je\u015bli nie mo\u017cemy posiada\u0107 w\u0142asno\u015bci, stajemy si\u0119 w\u0142asno\u015bci\u0105","author":{"@id":"https:\/\/wia.net.pl\/index.php\/author\/trinity\/#author"},"publisher":{"@id":"https:\/\/wia.net.pl\/#person"},"image":{"@type":"ImageObject","url":"https:\/\/wia.net.pl\/wp-content\/uploads\/2023\/10\/Co-nas-czeka-w-2030.jpg","width":1600,"height":1100},"datePublished":"2023-10-18T01:36:12+02:00","dateModified":"2023-10-18T01:36:13+02:00","inLanguage":"pl-PL","mainEntityOfPage":{"@id":"https:\/\/wia.net.pl\/index.php\/2023\/10\/18\/jesli-nie-mozemy-posiadac-wlasnosci-stajemy-sie-wlasnoscia\/#webpage"},"isPartOf":{"@id":"https:\/\/wia.net.pl\/index.php\/2023\/10\/18\/jesli-nie-mozemy-posiadac-wlasnosci-stajemy-sie-wlasnoscia\/#webpage"},"articleSection":"Artyku\u0142y"},{"@type":"BreadcrumbList","@id":"https:\/\/wia.net.pl\/index.php\/2023\/10\/18\/jesli-nie-mozemy-posiadac-wlasnosci-stajemy-sie-wlasnoscia\/#breadcrumblist","itemListElement":[{"@type":"ListItem","@id":"https:\/\/wia.net.pl#listItem","position":1,"name":"Home","item":"https:\/\/wia.net.pl","nextItem":{"@type":"ListItem","@id":"https:\/\/wia.net.pl\/index.php\/category\/artykuly\/#listItem","name":"Artyku\u0142y"}},{"@type":"ListItem","@id":"https:\/\/wia.net.pl\/index.php\/category\/artykuly\/#listItem","position":2,"name":"Artyku\u0142y","item":"https:\/\/wia.net.pl\/index.php\/category\/artykuly\/","nextItem":{"@type":"ListItem","@id":"https:\/\/wia.net.pl\/index.php\/2023\/10\/18\/jesli-nie-mozemy-posiadac-wlasnosci-stajemy-sie-wlasnoscia\/#listItem","name":"Je\u015bli nie mo\u017cemy posiada\u0107 w\u0142asno\u015bci, stajemy si\u0119 w\u0142asno\u015bci\u0105"},"previousItem":{"@type":"ListItem","@id":"https:\/\/wia.net.pl#listItem","name":"Home"}},{"@type":"ListItem","@id":"https:\/\/wia.net.pl\/index.php\/2023\/10\/18\/jesli-nie-mozemy-posiadac-wlasnosci-stajemy-sie-wlasnoscia\/#listItem","position":3,"name":"Je\u015bli nie mo\u017cemy posiada\u0107 w\u0142asno\u015bci, stajemy si\u0119 w\u0142asno\u015bci\u0105","previousItem":{"@type":"ListItem","@id":"https:\/\/wia.net.pl\/index.php\/category\/artykuly\/#listItem","name":"Artyku\u0142y"}}]},{"@type":"Person","@id":"https:\/\/wia.net.pl\/#person","name":"Bart\u0142omiej Talarczyk","image":{"@type":"ImageObject","@id":"https:\/\/wia.net.pl\/index.php\/2023\/10\/18\/jesli-nie-mozemy-posiadac-wlasnosci-stajemy-sie-wlasnoscia\/#personImage","url":"https:\/\/wia.net.pl\/wp-content\/uploads\/avatar-privacy\/cache\/user\/1\/7\/176a6b161c58363ff49b5c167264231f519f5c7fa183ca1f61e891769b6b56d5-96.jpg","width":96,"height":96,"caption":"Bart\u0142omiej Talarczyk"}},{"@type":"Person","@id":"https:\/\/wia.net.pl\/index.php\/author\/trinity\/#author","url":"https:\/\/wia.net.pl\/index.php\/author\/trinity\/","name":"trinity","image":{"@type":"ImageObject","@id":"https:\/\/wia.net.pl\/index.php\/2023\/10\/18\/jesli-nie-mozemy-posiadac-wlasnosci-stajemy-sie-wlasnoscia\/#authorImage","url":"https:\/\/wia.net.pl\/wp-content\/uploads\/avatar-privacy\/cache\/user\/5\/f\/5f6547cf82495eaa10e100a6a45d5dbde2dfdc1be88557de2018fca705bdf6f1-96.jpg","width":96,"height":96,"caption":"trinity"}},{"@type":"WebPage","@id":"https:\/\/wia.net.pl\/index.php\/2023\/10\/18\/jesli-nie-mozemy-posiadac-wlasnosci-stajemy-sie-wlasnoscia\/#webpage","url":"https:\/\/wia.net.pl\/index.php\/2023\/10\/18\/jesli-nie-mozemy-posiadac-wlasnosci-stajemy-sie-wlasnoscia\/","name":"Je\u015bli nie mo\u017cemy posiada\u0107 w\u0142asno\u015bci, stajemy si\u0119 w\u0142asno\u015bci\u0105 - Wolno\u015b\u0107 i Anarchia","description":"Celem Agendy 2030 jest \u201ebez rolnik\u00f3w, bez \u017cywno\u015bci\u201d \u2013 je\u015bli nie mo\u017cemy posiada\u0107 w\u0142asno\u015bci, stajemy si\u0119 w\u0142asno\u015bci\u0105 AUTOR: RHODA WILSON Najnowszy raport ONZ na temat g\u0142odu na \u015bwiecie pokazuje, \u017ce cofamy si\u0119. W ubieg\u0142ym roku co najmniej 828 milion\u00f3w ludzi codziennie w taki czy inny spos\u00f3b odczuwa\u0142o g\u0142\u00f3d. Ceny pszenicy i innych zb\u00f3\u017c gwa\u0142townie wzros\u0142y. Si\u0142a nabywcza spo\u0142ecze\u0144stwa maleje. Jeste\u015bmy coraz","inLanguage":"pl-PL","isPartOf":{"@id":"https:\/\/wia.net.pl\/#website"},"breadcrumb":{"@id":"https:\/\/wia.net.pl\/index.php\/2023\/10\/18\/jesli-nie-mozemy-posiadac-wlasnosci-stajemy-sie-wlasnoscia\/#breadcrumblist"},"author":{"@id":"https:\/\/wia.net.pl\/index.php\/author\/trinity\/#author"},"creator":{"@id":"https:\/\/wia.net.pl\/index.php\/author\/trinity\/#author"},"image":{"@type":"ImageObject","url":"https:\/\/wia.net.pl\/wp-content\/uploads\/2023\/10\/Co-nas-czeka-w-2030.jpg","@id":"https:\/\/wia.net.pl\/index.php\/2023\/10\/18\/jesli-nie-mozemy-posiadac-wlasnosci-stajemy-sie-wlasnoscia\/#mainImage","width":1600,"height":1100},"primaryImageOfPage":{"@id":"https:\/\/wia.net.pl\/index.php\/2023\/10\/18\/jesli-nie-mozemy-posiadac-wlasnosci-stajemy-sie-wlasnoscia\/#mainImage"},"datePublished":"2023-10-18T01:36:12+02:00","dateModified":"2023-10-18T01:36:13+02:00"},{"@type":"WebSite","@id":"https:\/\/wia.net.pl\/#website","url":"https:\/\/wia.net.pl\/","name":"Wolno\u015b\u0107 i Anarchia","description":"Ka\u017cdy wewn\u0119trznie jest anarchist\u0105.","inLanguage":"pl-PL","publisher":{"@id":"https:\/\/wia.net.pl\/#person"}}]},"og:locale":"pl_PL","og:site_name":"Wolno\u015b\u0107 i Anarchia - Ka\u017cdy wewn\u0119trznie jest anarchist\u0105.","og:type":"article","og:title":"Je\u015bli nie mo\u017cemy posiada\u0107 w\u0142asno\u015bci, stajemy si\u0119 w\u0142asno\u015bci\u0105 - Wolno\u015b\u0107 i Anarchia","og:description":"Celem Agendy 2030 jest \u201ebez rolnik\u00f3w, bez \u017cywno\u015bci\u201d \u2013 je\u015bli nie mo\u017cemy posiada\u0107 w\u0142asno\u015bci, stajemy si\u0119 w\u0142asno\u015bci\u0105 AUTOR: RHODA WILSON Najnowszy raport ONZ na temat g\u0142odu na \u015bwiecie pokazuje, \u017ce cofamy si\u0119. W ubieg\u0142ym roku co najmniej 828 milion\u00f3w ludzi codziennie w taki czy inny spos\u00f3b odczuwa\u0142o g\u0142\u00f3d. Ceny pszenicy i innych zb\u00f3\u017c gwa\u0142townie wzros\u0142y. Si\u0142a nabywcza spo\u0142ecze\u0144stwa maleje. Jeste\u015bmy coraz","og:url":"https:\/\/wia.net.pl\/index.php\/2023\/10\/18\/jesli-nie-mozemy-posiadac-wlasnosci-stajemy-sie-wlasnoscia\/","og:image":"https:\/\/wia.net.pl\/wp-content\/uploads\/2023\/11\/cropped-freedom-i73367.jpg","og:image:secure_url":"https:\/\/wia.net.pl\/wp-content\/uploads\/2023\/11\/cropped-freedom-i73367.jpg","article:published_time":"2023-10-17T23:36:12+00:00","article:modified_time":"2023-10-17T23:36:13+00:00","twitter:card":"summary_large_image","twitter:title":"Je\u015bli nie mo\u017cemy posiada\u0107 w\u0142asno\u015bci, stajemy si\u0119 w\u0142asno\u015bci\u0105 - Wolno\u015b\u0107 i Anarchia","twitter:description":"Celem Agendy 2030 jest \u201ebez rolnik\u00f3w, bez \u017cywno\u015bci\u201d \u2013 je\u015bli nie mo\u017cemy posiada\u0107 w\u0142asno\u015bci, stajemy si\u0119 w\u0142asno\u015bci\u0105 AUTOR: RHODA WILSON Najnowszy raport ONZ na temat g\u0142odu na \u015bwiecie pokazuje, \u017ce cofamy si\u0119. W ubieg\u0142ym roku co najmniej 828 milion\u00f3w ludzi codziennie w taki czy inny spos\u00f3b odczuwa\u0142o g\u0142\u00f3d. Ceny pszenicy i innych zb\u00f3\u017c gwa\u0142townie wzros\u0142y. Si\u0142a nabywcza spo\u0142ecze\u0144stwa maleje. Jeste\u015bmy coraz","twitter:image":"https:\/\/wia.net.pl\/wp-content\/uploads\/2023\/11\/cropped-freedom-i73367.jpg"},"aioseo_meta_data":{"post_id":"4988","title":null,"description":null,"keywords":[],"keyphrases":{"focus":{"keyphrase":"","score":0,"analysis":{"keyphraseInTitle":{"score":0,"maxScore":9,"error":1}}},"additional":[]},"primary_term":null,"canonical_url":null,"og_title":null,"og_description":null,"og_object_type":"default","og_image_type":"default","og_image_url":null,"og_image_width":null,"og_image_height":null,"og_image_custom_url":null,"og_image_custom_fields":null,"og_video":"","og_custom_url":null,"og_article_section":null,"og_article_tags":[],"twitter_use_og":false,"twitter_card":"default","twitter_image_type":"default","twitter_image_url":null,"twitter_image_custom_url":null,"twitter_image_custom_fields":null,"twitter_title":null,"twitter_description":null,"schema":{"blockGraphs":[],"customGraphs":[],"default":{"data":{"Article":[],"Course":[],"Dataset":[],"FAQPage":[],"Movie":[],"Person":[],"Product":[],"ProductReview":[],"Car":[],"Recipe":[],"Service":[],"SoftwareApplication":[],"WebPage":[]},"graphName":"BlogPosting","isEnabled":true},"graphs":[]},"schema_type":"default","schema_type_options":null,"pillar_content":false,"robots_default":true,"robots_noindex":false,"robots_noarchive":false,"robots_nosnippet":false,"robots_nofollow":false,"robots_noimageindex":false,"robots_noodp":false,"robots_notranslate":false,"robots_max_snippet":"-1","robots_max_videopreview":"-1","robots_max_imagepreview":"large","priority":null,"frequency":"default","local_seo":null,"breadcrumb_settings":null,"limit_modified_date":false,"ai":null,"created":"2023-10-17 23:36:13","updated":"2025-06-04 09:32:15","seo_analyzer_scan_date":null,"focus_keyword":null,"additional_keywords":null,"truseo_locale":null},"aioseo_breadcrumb":"<div class=\"aioseo-breadcrumbs\"><span class=\"aioseo-breadcrumb\">\n\t\t\t<a href=\"https:\/\/wia.net.pl\" title=\"Home\">Home<\/a>\n\t\t<\/span><span class=\"aioseo-breadcrumb-separator\">&raquo;<\/span><span class=\"aioseo-breadcrumb\">\n\t\t\t<a href=\"https:\/\/wia.net.pl\/index.php\/category\/artykuly\/\" title=\"Artyku\u0142y\">Artyku\u0142y<\/a>\n\t\t<\/span><span class=\"aioseo-breadcrumb-separator\">&raquo;<\/span><span class=\"aioseo-breadcrumb\">\n\t\t\tJe\u015bli nie mo\u017cemy posiada\u0107 w\u0142asno\u015bci, stajemy si\u0119 w\u0142asno\u015bci\u0105\n\t\t<\/span><\/div>","aioseo_breadcrumb_json":[{"label":"Home","link":"https:\/\/wia.net.pl"},{"label":"Artyku\u0142y","link":"https:\/\/wia.net.pl\/index.php\/category\/artykuly\/"},{"label":"Je\u015bli nie mo\u017cemy posiada\u0107 w\u0142asno\u015bci, stajemy si\u0119 w\u0142asno\u015bci\u0105","link":"https:\/\/wia.net.pl\/index.php\/2023\/10\/18\/jesli-nie-mozemy-posiadac-wlasnosci-stajemy-sie-wlasnoscia\/"}],"_links":{"self":[{"href":"https:\/\/wia.net.pl\/index.php\/wp-json\/wp\/v2\/posts\/4988"}],"collection":[{"href":"https:\/\/wia.net.pl\/index.php\/wp-json\/wp\/v2\/posts"}],"about":[{"href":"https:\/\/wia.net.pl\/index.php\/wp-json\/wp\/v2\/types\/post"}],"author":[{"embeddable":true,"href":"https:\/\/wia.net.pl\/index.php\/wp-json\/wp\/v2\/users\/2"}],"replies":[{"embeddable":true,"href":"https:\/\/wia.net.pl\/index.php\/wp-json\/wp\/v2\/comments?post=4988"}],"version-history":[{"count":1,"href":"https:\/\/wia.net.pl\/index.php\/wp-json\/wp\/v2\/posts\/4988\/revisions"}],"predecessor-version":[{"id":4990,"href":"https:\/\/wia.net.pl\/index.php\/wp-json\/wp\/v2\/posts\/4988\/revisions\/4990"}],"wp:featuredmedia":[{"embeddable":true,"href":"https:\/\/wia.net.pl\/index.php\/wp-json\/wp\/v2\/media\/4989"}],"wp:attachment":[{"href":"https:\/\/wia.net.pl\/index.php\/wp-json\/wp\/v2\/media?parent=4988"}],"wp:term":[{"taxonomy":"category","embeddable":true,"href":"https:\/\/wia.net.pl\/index.php\/wp-json\/wp\/v2\/categories?post=4988"},{"taxonomy":"post_tag","embeddable":true,"href":"https:\/\/wia.net.pl\/index.php\/wp-json\/wp\/v2\/tags?post=4988"}],"curies":[{"name":"wp","href":"https:\/\/api.w.org\/{rel}","templated":true}]}}