{"id":503,"date":"2023-05-31T15:07:43","date_gmt":"2023-05-31T13:07:43","guid":{"rendered":"https:\/\/wia.net.pl\/?p=503"},"modified":"2023-05-31T15:07:43","modified_gmt":"2023-05-31T13:07:43","slug":"sladem-jezuitow-rodzina-de-medici-wladcy-florencji","status":"publish","type":"post","link":"https:\/\/wia.net.pl\/index.php\/2023\/05\/31\/sladem-jezuitow-rodzina-de-medici-wladcy-florencji\/","title":{"rendered":"\u015aladem Jezuit\u00f3w &#8211; Rodzina De Medici &#8211; W\u0142adcy Florencji"},"content":{"rendered":"\n<p><\/p>\n\n\n\n<p>Prze\u015bledzimy czasy pocz\u0105tk\u00f3w Jezuit\u00f3w &#8211; p\u00f3\u017ane \u015bredniowiecze i renesans, aby lepiej zrozumie\u0107 otaczaj\u0105c\u0105 nas rzeczywisto\u015b\u0107. <\/p>\n\n\n\n<p>Dzisiaj przygl\u0105damy si\u0119 rodzinie De Medici. <\/p>\n\n\n\n<p>Baldassarre Cossa, cz\u0142owiek okre\u015blany w filmie jako &#8222;papie\u017c Jan XXIII&#8221; jest obecnie uznawany przez ko\u015bci\u00f3\u0142 katolicki za Antypapie\u017ca. Dlatego w XX wieku mia\u0142e\u015b innego Jana XXIII (1958-1963), kt\u00f3ry jest uznawany za papie\u017ca.<\/p>\n\n\n\n<p>\u0179r\u00f3d\u0142o: https:\/\/www.youtube.com\/@UsefulCharts<\/p>\n\n\n\n<figure class=\"wp-block-video\"><video controls src=\"https:\/\/wia.net.pl\/wp-content\/uploads\/2023\/05\/sladem-Jezuitow-Rodzina-Medici-Wladcy-Florencji.mp4\"><\/video><\/figure>\n","protected":false},"excerpt":{"rendered":"<p>Prze\u015bledzimy czasy pocz\u0105tk\u00f3w Jezuit\u00f3w &#8211; p\u00f3\u017ane \u015bredniowiecze i renesans, aby lepiej zrozumie\u0107 otaczaj\u0105c\u0105 nas rzeczywisto\u015b\u0107. Dzisiaj przygl\u0105damy si\u0119 rodzinie De Medici. Baldassarre Cossa, cz\u0142owiek okre\u015blany w filmie jako &#8222;papie\u017c Jan XXIII&#8221; jest obecnie uznawany przez ko\u015bci\u00f3\u0142 katolicki za Antypapie\u017ca. Dlatego&#8230; <\/p>\n","protected":false},"author":3,"featured_media":508,"comment_status":"open","ping_status":"open","sticky":false,"template":"","format":"standard","meta":{"_acf_changed":false,"_bbp_topic_count":0,"_bbp_reply_count":0,"_bbp_total_topic_count":0,"_bbp_total_reply_count":0,"_bbp_voice_count":0,"_bbp_anonymous_reply_count":0,"_bbp_topic_count_hidden":0,"_bbp_reply_count_hidden":0,"_bbp_forum_subforum_count":0,"om_disable_all_campaigns":false,"_monsterinsights_skip_tracking":false,"footnotes":""},"categories":[13],"tags":[68,69,71,26,23,67,22,70],"class_list":["post-503","post","type-post","status-publish","format-standard","has-post-thumbnail","hentry","category-prawdaoswiecie","tag-cesarstwo-rzymskie","tag-jezuici","tag-kosciol-katolicki","tag-ludzkosc","tag-niewolnictwo","tag-religie","tag-satanizm","tag-tajne-stowarzyszenia"],"acf":[],"aioseo_notices":[],"aioseo_head":"\n\t\t<!-- All in One SEO 5.0.1.1 - aioseo.com -->\n\t<meta name=\"description\" content=\"Prze\u015bledzimy czasy pocz\u0105tk\u00f3w Jezuit\u00f3w - p\u00f3\u017ane \u015bredniowiecze i renesans, aby lepiej zrozumie\u0107 otaczaj\u0105c\u0105 nas rzeczywisto\u015b\u0107. Dzisiaj przygl\u0105damy si\u0119 rodzinie De Medici. Baldassarre Cossa, cz\u0142owiek okre\u015blany w filmie jako &quot;papie\u017c Jan XXIII&quot; jest obecnie uznawany przez ko\u015bci\u00f3\u0142 katolicki za Antypapie\u017ca. Dlatego w XX wieku mia\u0142e\u015b innego Jana XXIII (1958-1963), kt\u00f3ry jest uznawany za papie\u017ca. \u0179r\u00f3d\u0142o: https:\/\/www.youtube.com\/@UsefulCharts\" \/>\n\t<meta name=\"robots\" content=\"max-image-preview:large\" \/>\n\t<meta name=\"author\" content=\"Bart\u0142omiej Talarczyk\"\/>\n\t<link rel=\"canonical\" href=\"https:\/\/wia.net.pl\/index.php\/2023\/05\/31\/sladem-jezuitow-rodzina-de-medici-wladcy-florencji\/\" \/>\n\t<meta name=\"generator\" content=\"All in One SEO (AIOSEO) 5.0.1.1\" \/>\n\t\t<meta property=\"og:locale\" content=\"pl_PL\" \/>\n\t\t<meta property=\"og:site_name\" content=\"Wolno\u015b\u0107 i Anarchia - Ka\u017cdy wewn\u0119trznie jest anarchist\u0105.\" \/>\n\t\t<meta property=\"og:type\" content=\"article\" \/>\n\t\t<meta property=\"og:title\" content=\"\u015aladem Jezuit\u00f3w \u2013 Rodzina De Medici \u2013 W\u0142adcy Florencji - Wolno\u015b\u0107 i Anarchia\" \/>\n\t\t<meta property=\"og:description\" content=\"Prze\u015bledzimy czasy pocz\u0105tk\u00f3w Jezuit\u00f3w - p\u00f3\u017ane \u015bredniowiecze i renesans, aby lepiej zrozumie\u0107 otaczaj\u0105c\u0105 nas rzeczywisto\u015b\u0107. Dzisiaj przygl\u0105damy si\u0119 rodzinie De Medici. Baldassarre Cossa, cz\u0142owiek okre\u015blany w filmie jako &quot;papie\u017c Jan XXIII&quot; jest obecnie uznawany przez ko\u015bci\u00f3\u0142 katolicki za Antypapie\u017ca. Dlatego w XX wieku mia\u0142e\u015b innego Jana XXIII (1958-1963), kt\u00f3ry jest uznawany za papie\u017ca. \u0179r\u00f3d\u0142o: https:\/\/www.youtube.com\/@UsefulCharts\" \/>\n\t\t<meta property=\"og:url\" content=\"https:\/\/wia.net.pl\/index.php\/2023\/05\/31\/sladem-jezuitow-rodzina-de-medici-wladcy-florencji\/\" \/>\n\t\t<meta property=\"og:image\" content=\"https:\/\/wia.net.pl\/wp-content\/uploads\/2023\/11\/cropped-freedom-i73367.jpg\" \/>\n\t\t<meta property=\"og:image:secure_url\" content=\"https:\/\/wia.net.pl\/wp-content\/uploads\/2023\/11\/cropped-freedom-i73367.jpg\" \/>\n\t\t<meta property=\"article:published_time\" content=\"2023-05-31T13:07:43+00:00\" \/>\n\t\t<meta property=\"article:modified_time\" content=\"2023-05-31T13:07:43+00:00\" \/>\n\t\t<meta name=\"twitter:card\" content=\"summary_large_image\" \/>\n\t\t<meta name=\"twitter:title\" content=\"\u015aladem Jezuit\u00f3w \u2013 Rodzina De Medici \u2013 W\u0142adcy Florencji - Wolno\u015b\u0107 i Anarchia\" \/>\n\t\t<meta name=\"twitter:description\" content=\"Prze\u015bledzimy czasy pocz\u0105tk\u00f3w Jezuit\u00f3w - p\u00f3\u017ane \u015bredniowiecze i renesans, aby lepiej zrozumie\u0107 otaczaj\u0105c\u0105 nas rzeczywisto\u015b\u0107. Dzisiaj przygl\u0105damy si\u0119 rodzinie De Medici. Baldassarre Cossa, cz\u0142owiek okre\u015blany w filmie jako &quot;papie\u017c Jan XXIII&quot; jest obecnie uznawany przez ko\u015bci\u00f3\u0142 katolicki za Antypapie\u017ca. Dlatego w XX wieku mia\u0142e\u015b innego Jana XXIII (1958-1963), kt\u00f3ry jest uznawany za papie\u017ca. \u0179r\u00f3d\u0142o: https:\/\/www.youtube.com\/@UsefulCharts\" \/>\n\t\t<meta name=\"twitter:image\" content=\"https:\/\/wia.net.pl\/wp-content\/uploads\/2023\/11\/cropped-freedom-i73367.jpg\" \/>\n\t\t<script type=\"application\/ld+json\" class=\"aioseo-schema\">\n\t\t\t{\"@context\":\"https:\\\/\\\/schema.org\",\"@graph\":[{\"@type\":\"BlogPosting\",\"@id\":\"https:\\\/\\\/wia.net.pl\\\/index.php\\\/2023\\\/05\\\/31\\\/sladem-jezuitow-rodzina-de-medici-wladcy-florencji\\\/#blogposting\",\"name\":\"\\u015aladem Jezuit\\u00f3w \\u2013 Rodzina De Medici \\u2013 W\\u0142adcy Florencji - Wolno\\u015b\\u0107 i Anarchia\",\"headline\":\"\\u015aladem Jezuit\\u00f3w &#8211; Rodzina De Medici &#8211; W\\u0142adcy Florencji\",\"author\":{\"@id\":\"https:\\\/\\\/wia.net.pl\\\/index.php\\\/author\\\/talar\\\/#author\"},\"publisher\":{\"@id\":\"https:\\\/\\\/wia.net.pl\\\/#person\"},\"image\":{\"@type\":\"ImageObject\",\"url\":\"https:\\\/\\\/wia.net.pl\\\/wp-content\\\/uploads\\\/2023\\\/05\\\/rodzina-de-medici.jpg\",\"width\":1920,\"height\":1080},\"datePublished\":\"2023-05-31T15:07:43+02:00\",\"dateModified\":\"2023-05-31T15:07:43+02:00\",\"inLanguage\":\"pl-PL\",\"mainEntityOfPage\":{\"@id\":\"https:\\\/\\\/wia.net.pl\\\/index.php\\\/2023\\\/05\\\/31\\\/sladem-jezuitow-rodzina-de-medici-wladcy-florencji\\\/#webpage\"},\"isPartOf\":{\"@id\":\"https:\\\/\\\/wia.net.pl\\\/index.php\\\/2023\\\/05\\\/31\\\/sladem-jezuitow-rodzina-de-medici-wladcy-florencji\\\/#webpage\"},\"articleSection\":\"Prawda o \\u015bwiecie, Cesarstwo Rzymskie, Jezuici, Ko\\u015bci\\u00f3\\u0142 katolicki, Ludzko\\u015b\\u0107, Niewolnictwo, Religie, Satanizm, Tajne stowarzyszenia\"},{\"@type\":\"BreadcrumbList\",\"@id\":\"https:\\\/\\\/wia.net.pl\\\/index.php\\\/2023\\\/05\\\/31\\\/sladem-jezuitow-rodzina-de-medici-wladcy-florencji\\\/#breadcrumblist\",\"itemListElement\":[{\"@type\":\"ListItem\",\"@id\":\"https:\\\/\\\/wia.net.pl#listItem\",\"position\":1,\"name\":\"Home\",\"item\":\"https:\\\/\\\/wia.net.pl\",\"nextItem\":{\"@type\":\"ListItem\",\"@id\":\"https:\\\/\\\/wia.net.pl\\\/index.php\\\/category\\\/prawdaoswiecie\\\/#listItem\",\"name\":\"Prawda o \\u015bwiecie\"}},{\"@type\":\"ListItem\",\"@id\":\"https:\\\/\\\/wia.net.pl\\\/index.php\\\/category\\\/prawdaoswiecie\\\/#listItem\",\"position\":2,\"name\":\"Prawda o \\u015bwiecie\",\"item\":\"https:\\\/\\\/wia.net.pl\\\/index.php\\\/category\\\/prawdaoswiecie\\\/\",\"nextItem\":{\"@type\":\"ListItem\",\"@id\":\"https:\\\/\\\/wia.net.pl\\\/index.php\\\/2023\\\/05\\\/31\\\/sladem-jezuitow-rodzina-de-medici-wladcy-florencji\\\/#listItem\",\"name\":\"\\u015aladem Jezuit\\u00f3w &#8211; Rodzina De Medici &#8211; W\\u0142adcy Florencji\"},\"previousItem\":{\"@type\":\"ListItem\",\"@id\":\"https:\\\/\\\/wia.net.pl#listItem\",\"name\":\"Home\"}},{\"@type\":\"ListItem\",\"@id\":\"https:\\\/\\\/wia.net.pl\\\/index.php\\\/2023\\\/05\\\/31\\\/sladem-jezuitow-rodzina-de-medici-wladcy-florencji\\\/#listItem\",\"position\":3,\"name\":\"\\u015aladem Jezuit\\u00f3w &#8211; Rodzina De Medici &#8211; W\\u0142adcy Florencji\",\"previousItem\":{\"@type\":\"ListItem\",\"@id\":\"https:\\\/\\\/wia.net.pl\\\/index.php\\\/category\\\/prawdaoswiecie\\\/#listItem\",\"name\":\"Prawda o \\u015bwiecie\"}}]},{\"@type\":\"Person\",\"@id\":\"https:\\\/\\\/wia.net.pl\\\/#person\",\"name\":\"Bart\\u0142omiej Talarczyk\",\"image\":{\"@type\":\"ImageObject\",\"@id\":\"https:\\\/\\\/wia.net.pl\\\/index.php\\\/2023\\\/05\\\/31\\\/sladem-jezuitow-rodzina-de-medici-wladcy-florencji\\\/#personImage\",\"url\":\"https:\\\/\\\/wia.net.pl\\\/wp-content\\\/uploads\\\/avatar-privacy\\\/cache\\\/user\\\/1\\\/7\\\/176a6b161c58363ff49b5c167264231f519f5c7fa183ca1f61e891769b6b56d5-96.jpg\",\"width\":96,\"height\":96,\"caption\":\"Bart\\u0142omiej Talarczyk\"}},{\"@type\":\"Person\",\"@id\":\"https:\\\/\\\/wia.net.pl\\\/index.php\\\/author\\\/talar\\\/#author\",\"url\":\"https:\\\/\\\/wia.net.pl\\\/index.php\\\/author\\\/talar\\\/\",\"name\":\"Bart\\u0142omiej Talarczyk\",\"image\":{\"@type\":\"ImageObject\",\"@id\":\"https:\\\/\\\/wia.net.pl\\\/index.php\\\/2023\\\/05\\\/31\\\/sladem-jezuitow-rodzina-de-medici-wladcy-florencji\\\/#authorImage\",\"url\":\"https:\\\/\\\/wia.net.pl\\\/wp-content\\\/uploads\\\/avatar-privacy\\\/cache\\\/user\\\/1\\\/7\\\/176a6b161c58363ff49b5c167264231f519f5c7fa183ca1f61e891769b6b56d5-96.jpg\",\"width\":96,\"height\":96,\"caption\":\"Bart\\u0142omiej Talarczyk\"}},{\"@type\":\"WebPage\",\"@id\":\"https:\\\/\\\/wia.net.pl\\\/index.php\\\/2023\\\/05\\\/31\\\/sladem-jezuitow-rodzina-de-medici-wladcy-florencji\\\/#webpage\",\"url\":\"https:\\\/\\\/wia.net.pl\\\/index.php\\\/2023\\\/05\\\/31\\\/sladem-jezuitow-rodzina-de-medici-wladcy-florencji\\\/\",\"name\":\"\\u015aladem Jezuit\\u00f3w \\u2013 Rodzina De Medici \\u2013 W\\u0142adcy Florencji - Wolno\\u015b\\u0107 i Anarchia\",\"description\":\"Prze\\u015bledzimy czasy pocz\\u0105tk\\u00f3w Jezuit\\u00f3w - p\\u00f3\\u017ane \\u015bredniowiecze i renesans, aby lepiej zrozumie\\u0107 otaczaj\\u0105c\\u0105 nas rzeczywisto\\u015b\\u0107. Dzisiaj przygl\\u0105damy si\\u0119 rodzinie De Medici. Baldassarre Cossa, cz\\u0142owiek okre\\u015blany w filmie jako \\\"papie\\u017c Jan XXIII\\\" jest obecnie uznawany przez ko\\u015bci\\u00f3\\u0142 katolicki za Antypapie\\u017ca. Dlatego w XX wieku mia\\u0142e\\u015b innego Jana XXIII (1958-1963), kt\\u00f3ry jest uznawany za papie\\u017ca. \\u0179r\\u00f3d\\u0142o: https:\\\/\\\/www.youtube.com\\\/@UsefulCharts\",\"inLanguage\":\"pl-PL\",\"isPartOf\":{\"@id\":\"https:\\\/\\\/wia.net.pl\\\/#website\"},\"breadcrumb\":{\"@id\":\"https:\\\/\\\/wia.net.pl\\\/index.php\\\/2023\\\/05\\\/31\\\/sladem-jezuitow-rodzina-de-medici-wladcy-florencji\\\/#breadcrumblist\"},\"author\":{\"@id\":\"https:\\\/\\\/wia.net.pl\\\/index.php\\\/author\\\/talar\\\/#author\"},\"creator\":{\"@id\":\"https:\\\/\\\/wia.net.pl\\\/index.php\\\/author\\\/talar\\\/#author\"},\"image\":{\"@type\":\"ImageObject\",\"url\":\"https:\\\/\\\/wia.net.pl\\\/wp-content\\\/uploads\\\/2023\\\/05\\\/rodzina-de-medici.jpg\",\"@id\":\"https:\\\/\\\/wia.net.pl\\\/index.php\\\/2023\\\/05\\\/31\\\/sladem-jezuitow-rodzina-de-medici-wladcy-florencji\\\/#mainImage\",\"width\":1920,\"height\":1080},\"primaryImageOfPage\":{\"@id\":\"https:\\\/\\\/wia.net.pl\\\/index.php\\\/2023\\\/05\\\/31\\\/sladem-jezuitow-rodzina-de-medici-wladcy-florencji\\\/#mainImage\"},\"datePublished\":\"2023-05-31T15:07:43+02:00\",\"dateModified\":\"2023-05-31T15:07:43+02:00\"},{\"@type\":\"WebSite\",\"@id\":\"https:\\\/\\\/wia.net.pl\\\/#website\",\"url\":\"https:\\\/\\\/wia.net.pl\\\/\",\"name\":\"Wolno\\u015b\\u0107 i Anarchia\",\"description\":\"Ka\\u017cdy wewn\\u0119trznie jest anarchist\\u0105.\",\"inLanguage\":\"pl-PL\",\"publisher\":{\"@id\":\"https:\\\/\\\/wia.net.pl\\\/#person\"}}]}\n\t\t<\/script>\n\t\t<!-- All in One SEO -->\n\n","aioseo_head_json":{"title":"\u015aladem Jezuit\u00f3w \u2013 Rodzina De Medici \u2013 W\u0142adcy Florencji - Wolno\u015b\u0107 i Anarchia","description":"Prze\u015bledzimy czasy pocz\u0105tk\u00f3w Jezuit\u00f3w - p\u00f3\u017ane \u015bredniowiecze i renesans, aby lepiej zrozumie\u0107 otaczaj\u0105c\u0105 nas rzeczywisto\u015b\u0107. Dzisiaj przygl\u0105damy si\u0119 rodzinie De Medici. Baldassarre Cossa, cz\u0142owiek okre\u015blany w filmie jako \"papie\u017c Jan XXIII\" jest obecnie uznawany przez ko\u015bci\u00f3\u0142 katolicki za Antypapie\u017ca. Dlatego w XX wieku mia\u0142e\u015b innego Jana XXIII (1958-1963), kt\u00f3ry jest uznawany za papie\u017ca. \u0179r\u00f3d\u0142o: https:\/\/www.youtube.com\/@UsefulCharts","canonical_url":"https:\/\/wia.net.pl\/index.php\/2023\/05\/31\/sladem-jezuitow-rodzina-de-medici-wladcy-florencji\/","robots":"max-image-preview:large","keywords":"","webmasterTools":{"miscellaneous":""},"schema":{"@context":"https:\/\/schema.org","@graph":[{"@type":"BlogPosting","@id":"https:\/\/wia.net.pl\/index.php\/2023\/05\/31\/sladem-jezuitow-rodzina-de-medici-wladcy-florencji\/#blogposting","name":"\u015aladem Jezuit\u00f3w \u2013 Rodzina De Medici \u2013 W\u0142adcy Florencji - Wolno\u015b\u0107 i Anarchia","headline":"\u015aladem Jezuit\u00f3w &#8211; Rodzina De Medici &#8211; W\u0142adcy Florencji","author":{"@id":"https:\/\/wia.net.pl\/index.php\/author\/talar\/#author"},"publisher":{"@id":"https:\/\/wia.net.pl\/#person"},"image":{"@type":"ImageObject","url":"https:\/\/wia.net.pl\/wp-content\/uploads\/2023\/05\/rodzina-de-medici.jpg","width":1920,"height":1080},"datePublished":"2023-05-31T15:07:43+02:00","dateModified":"2023-05-31T15:07:43+02:00","inLanguage":"pl-PL","mainEntityOfPage":{"@id":"https:\/\/wia.net.pl\/index.php\/2023\/05\/31\/sladem-jezuitow-rodzina-de-medici-wladcy-florencji\/#webpage"},"isPartOf":{"@id":"https:\/\/wia.net.pl\/index.php\/2023\/05\/31\/sladem-jezuitow-rodzina-de-medici-wladcy-florencji\/#webpage"},"articleSection":"Prawda o \u015bwiecie, Cesarstwo Rzymskie, Jezuici, Ko\u015bci\u00f3\u0142 katolicki, Ludzko\u015b\u0107, Niewolnictwo, Religie, Satanizm, Tajne stowarzyszenia"},{"@type":"BreadcrumbList","@id":"https:\/\/wia.net.pl\/index.php\/2023\/05\/31\/sladem-jezuitow-rodzina-de-medici-wladcy-florencji\/#breadcrumblist","itemListElement":[{"@type":"ListItem","@id":"https:\/\/wia.net.pl#listItem","position":1,"name":"Home","item":"https:\/\/wia.net.pl","nextItem":{"@type":"ListItem","@id":"https:\/\/wia.net.pl\/index.php\/category\/prawdaoswiecie\/#listItem","name":"Prawda o \u015bwiecie"}},{"@type":"ListItem","@id":"https:\/\/wia.net.pl\/index.php\/category\/prawdaoswiecie\/#listItem","position":2,"name":"Prawda o \u015bwiecie","item":"https:\/\/wia.net.pl\/index.php\/category\/prawdaoswiecie\/","nextItem":{"@type":"ListItem","@id":"https:\/\/wia.net.pl\/index.php\/2023\/05\/31\/sladem-jezuitow-rodzina-de-medici-wladcy-florencji\/#listItem","name":"\u015aladem Jezuit\u00f3w &#8211; Rodzina De Medici &#8211; W\u0142adcy Florencji"},"previousItem":{"@type":"ListItem","@id":"https:\/\/wia.net.pl#listItem","name":"Home"}},{"@type":"ListItem","@id":"https:\/\/wia.net.pl\/index.php\/2023\/05\/31\/sladem-jezuitow-rodzina-de-medici-wladcy-florencji\/#listItem","position":3,"name":"\u015aladem Jezuit\u00f3w &#8211; Rodzina De Medici &#8211; W\u0142adcy Florencji","previousItem":{"@type":"ListItem","@id":"https:\/\/wia.net.pl\/index.php\/category\/prawdaoswiecie\/#listItem","name":"Prawda o \u015bwiecie"}}]},{"@type":"Person","@id":"https:\/\/wia.net.pl\/#person","name":"Bart\u0142omiej Talarczyk","image":{"@type":"ImageObject","@id":"https:\/\/wia.net.pl\/index.php\/2023\/05\/31\/sladem-jezuitow-rodzina-de-medici-wladcy-florencji\/#personImage","url":"https:\/\/wia.net.pl\/wp-content\/uploads\/avatar-privacy\/cache\/user\/1\/7\/176a6b161c58363ff49b5c167264231f519f5c7fa183ca1f61e891769b6b56d5-96.jpg","width":96,"height":96,"caption":"Bart\u0142omiej Talarczyk"}},{"@type":"Person","@id":"https:\/\/wia.net.pl\/index.php\/author\/talar\/#author","url":"https:\/\/wia.net.pl\/index.php\/author\/talar\/","name":"Bart\u0142omiej Talarczyk","image":{"@type":"ImageObject","@id":"https:\/\/wia.net.pl\/index.php\/2023\/05\/31\/sladem-jezuitow-rodzina-de-medici-wladcy-florencji\/#authorImage","url":"https:\/\/wia.net.pl\/wp-content\/uploads\/avatar-privacy\/cache\/user\/1\/7\/176a6b161c58363ff49b5c167264231f519f5c7fa183ca1f61e891769b6b56d5-96.jpg","width":96,"height":96,"caption":"Bart\u0142omiej Talarczyk"}},{"@type":"WebPage","@id":"https:\/\/wia.net.pl\/index.php\/2023\/05\/31\/sladem-jezuitow-rodzina-de-medici-wladcy-florencji\/#webpage","url":"https:\/\/wia.net.pl\/index.php\/2023\/05\/31\/sladem-jezuitow-rodzina-de-medici-wladcy-florencji\/","name":"\u015aladem Jezuit\u00f3w \u2013 Rodzina De Medici \u2013 W\u0142adcy Florencji - Wolno\u015b\u0107 i Anarchia","description":"Prze\u015bledzimy czasy pocz\u0105tk\u00f3w Jezuit\u00f3w - p\u00f3\u017ane \u015bredniowiecze i renesans, aby lepiej zrozumie\u0107 otaczaj\u0105c\u0105 nas rzeczywisto\u015b\u0107. Dzisiaj przygl\u0105damy si\u0119 rodzinie De Medici. Baldassarre Cossa, cz\u0142owiek okre\u015blany w filmie jako \"papie\u017c Jan XXIII\" jest obecnie uznawany przez ko\u015bci\u00f3\u0142 katolicki za Antypapie\u017ca. Dlatego w XX wieku mia\u0142e\u015b innego Jana XXIII (1958-1963), kt\u00f3ry jest uznawany za papie\u017ca. \u0179r\u00f3d\u0142o: https:\/\/www.youtube.com\/@UsefulCharts","inLanguage":"pl-PL","isPartOf":{"@id":"https:\/\/wia.net.pl\/#website"},"breadcrumb":{"@id":"https:\/\/wia.net.pl\/index.php\/2023\/05\/31\/sladem-jezuitow-rodzina-de-medici-wladcy-florencji\/#breadcrumblist"},"author":{"@id":"https:\/\/wia.net.pl\/index.php\/author\/talar\/#author"},"creator":{"@id":"https:\/\/wia.net.pl\/index.php\/author\/talar\/#author"},"image":{"@type":"ImageObject","url":"https:\/\/wia.net.pl\/wp-content\/uploads\/2023\/05\/rodzina-de-medici.jpg","@id":"https:\/\/wia.net.pl\/index.php\/2023\/05\/31\/sladem-jezuitow-rodzina-de-medici-wladcy-florencji\/#mainImage","width":1920,"height":1080},"primaryImageOfPage":{"@id":"https:\/\/wia.net.pl\/index.php\/2023\/05\/31\/sladem-jezuitow-rodzina-de-medici-wladcy-florencji\/#mainImage"},"datePublished":"2023-05-31T15:07:43+02:00","dateModified":"2023-05-31T15:07:43+02:00"},{"@type":"WebSite","@id":"https:\/\/wia.net.pl\/#website","url":"https:\/\/wia.net.pl\/","name":"Wolno\u015b\u0107 i Anarchia","description":"Ka\u017cdy wewn\u0119trznie jest anarchist\u0105.","inLanguage":"pl-PL","publisher":{"@id":"https:\/\/wia.net.pl\/#person"}}]},"og:locale":"pl_PL","og:site_name":"Wolno\u015b\u0107 i Anarchia - Ka\u017cdy wewn\u0119trznie jest anarchist\u0105.","og:type":"article","og:title":"\u015aladem Jezuit\u00f3w \u2013 Rodzina De Medici \u2013 W\u0142adcy Florencji - Wolno\u015b\u0107 i Anarchia","og:description":"Prze\u015bledzimy czasy pocz\u0105tk\u00f3w Jezuit\u00f3w - p\u00f3\u017ane \u015bredniowiecze i renesans, aby lepiej zrozumie\u0107 otaczaj\u0105c\u0105 nas rzeczywisto\u015b\u0107. Dzisiaj przygl\u0105damy si\u0119 rodzinie De Medici. Baldassarre Cossa, cz\u0142owiek okre\u015blany w filmie jako &quot;papie\u017c Jan XXIII&quot; jest obecnie uznawany przez ko\u015bci\u00f3\u0142 katolicki za Antypapie\u017ca. Dlatego w XX wieku mia\u0142e\u015b innego Jana XXIII (1958-1963), kt\u00f3ry jest uznawany za papie\u017ca. \u0179r\u00f3d\u0142o: https:\/\/www.youtube.com\/@UsefulCharts","og:url":"https:\/\/wia.net.pl\/index.php\/2023\/05\/31\/sladem-jezuitow-rodzina-de-medici-wladcy-florencji\/","og:image":"https:\/\/wia.net.pl\/wp-content\/uploads\/2023\/11\/cropped-freedom-i73367.jpg","og:image:secure_url":"https:\/\/wia.net.pl\/wp-content\/uploads\/2023\/11\/cropped-freedom-i73367.jpg","article:published_time":"2023-05-31T13:07:43+00:00","article:modified_time":"2023-05-31T13:07:43+00:00","twitter:card":"summary_large_image","twitter:title":"\u015aladem Jezuit\u00f3w \u2013 Rodzina De Medici \u2013 W\u0142adcy Florencji - Wolno\u015b\u0107 i Anarchia","twitter:description":"Prze\u015bledzimy czasy pocz\u0105tk\u00f3w Jezuit\u00f3w - p\u00f3\u017ane \u015bredniowiecze i renesans, aby lepiej zrozumie\u0107 otaczaj\u0105c\u0105 nas rzeczywisto\u015b\u0107. Dzisiaj przygl\u0105damy si\u0119 rodzinie De Medici. Baldassarre Cossa, cz\u0142owiek okre\u015blany w filmie jako &quot;papie\u017c Jan XXIII&quot; jest obecnie uznawany przez ko\u015bci\u00f3\u0142 katolicki za Antypapie\u017ca. Dlatego w XX wieku mia\u0142e\u015b innego Jana XXIII (1958-1963), kt\u00f3ry jest uznawany za papie\u017ca. \u0179r\u00f3d\u0142o: https:\/\/www.youtube.com\/@UsefulCharts","twitter:image":"https:\/\/wia.net.pl\/wp-content\/uploads\/2023\/11\/cropped-freedom-i73367.jpg"},"aioseo_meta_data":{"post_id":"503","title":null,"description":null,"keywords":null,"keyphrases":null,"primary_term":null,"canonical_url":null,"og_title":null,"og_description":null,"og_object_type":"default","og_image_type":"default","og_image_url":null,"og_image_width":null,"og_image_height":null,"og_image_custom_url":null,"og_image_custom_fields":null,"og_video":null,"og_custom_url":null,"og_article_section":null,"og_article_tags":null,"twitter_use_og":false,"twitter_card":"default","twitter_image_type":"default","twitter_image_url":null,"twitter_image_custom_url":null,"twitter_image_custom_fields":null,"twitter_title":null,"twitter_description":null,"schema":{"blockGraphs":[],"customGraphs":[],"default":{"data":{"Article":[],"Course":[],"Dataset":[],"FAQPage":[],"Movie":[],"Person":[],"Product":[],"ProductReview":[],"Car":[],"Recipe":[],"Service":[],"SoftwareApplication":[],"WebPage":[]},"graphName":"","isEnabled":true},"graphs":[]},"schema_type":"default","schema_type_options":null,"pillar_content":false,"robots_default":true,"robots_noindex":false,"robots_noarchive":false,"robots_nosnippet":false,"robots_nofollow":false,"robots_noimageindex":false,"robots_noodp":false,"robots_notranslate":false,"robots_max_snippet":null,"robots_max_videopreview":null,"robots_max_imagepreview":"large","priority":null,"frequency":null,"local_seo":null,"breadcrumb_settings":null,"limit_modified_date":false,"ai":null,"created":"2023-06-06 13:20:14","updated":"2025-06-04 07:11:48","seo_analyzer_scan_date":null,"focus_keyword":null,"additional_keywords":null,"truseo_locale":null},"aioseo_breadcrumb":"<div class=\"aioseo-breadcrumbs\"><span class=\"aioseo-breadcrumb\">\n\t\t\t<a href=\"https:\/\/wia.net.pl\" title=\"Home\">Home<\/a>\n\t\t<\/span><span class=\"aioseo-breadcrumb-separator\">&raquo;<\/span><span class=\"aioseo-breadcrumb\">\n\t\t\t<a href=\"https:\/\/wia.net.pl\/index.php\/category\/prawdaoswiecie\/\" title=\"Prawda o \u015bwiecie\">Prawda o \u015bwiecie<\/a>\n\t\t<\/span><span class=\"aioseo-breadcrumb-separator\">&raquo;<\/span><span class=\"aioseo-breadcrumb\">\n\t\t\t\u015aladem Jezuit\u00f3w \u2013 Rodzina De Medici \u2013 W\u0142adcy Florencji\n\t\t<\/span><\/div>","aioseo_breadcrumb_json":[{"label":"Home","link":"https:\/\/wia.net.pl"},{"label":"Prawda o \u015bwiecie","link":"https:\/\/wia.net.pl\/index.php\/category\/prawdaoswiecie\/"},{"label":"\u015aladem Jezuit\u00f3w &#8211; Rodzina De Medici &#8211; W\u0142adcy Florencji","link":"https:\/\/wia.net.pl\/index.php\/2023\/05\/31\/sladem-jezuitow-rodzina-de-medici-wladcy-florencji\/"}],"_links":{"self":[{"href":"https:\/\/wia.net.pl\/index.php\/wp-json\/wp\/v2\/posts\/503"}],"collection":[{"href":"https:\/\/wia.net.pl\/index.php\/wp-json\/wp\/v2\/posts"}],"about":[{"href":"https:\/\/wia.net.pl\/index.php\/wp-json\/wp\/v2\/types\/post"}],"author":[{"embeddable":true,"href":"https:\/\/wia.net.pl\/index.php\/wp-json\/wp\/v2\/users\/3"}],"replies":[{"embeddable":true,"href":"https:\/\/wia.net.pl\/index.php\/wp-json\/wp\/v2\/comments?post=503"}],"version-history":[{"count":1,"href":"https:\/\/wia.net.pl\/index.php\/wp-json\/wp\/v2\/posts\/503\/revisions"}],"predecessor-version":[{"id":509,"href":"https:\/\/wia.net.pl\/index.php\/wp-json\/wp\/v2\/posts\/503\/revisions\/509"}],"wp:featuredmedia":[{"embeddable":true,"href":"https:\/\/wia.net.pl\/index.php\/wp-json\/wp\/v2\/media\/508"}],"wp:attachment":[{"href":"https:\/\/wia.net.pl\/index.php\/wp-json\/wp\/v2\/media?parent=503"}],"wp:term":[{"taxonomy":"category","embeddable":true,"href":"https:\/\/wia.net.pl\/index.php\/wp-json\/wp\/v2\/categories?post=503"},{"taxonomy":"post_tag","embeddable":true,"href":"https:\/\/wia.net.pl\/index.php\/wp-json\/wp\/v2\/tags?post=503"}],"curies":[{"name":"wp","href":"https:\/\/api.w.org\/{rel}","templated":true}]}}