{"id":503,"date":"2023-05-31T15:07:43","date_gmt":"2023-05-31T13:07:43","guid":{"rendered":"https:\/\/wia.net.pl\/?p=503"},"modified":"2023-05-31T15:07:43","modified_gmt":"2023-05-31T13:07:43","slug":"sladem-jezuitow-rodzina-de-medici-wladcy-florencji","status":"publish","type":"post","link":"https:\/\/wia.net.pl\/index.php\/2023\/05\/31\/sladem-jezuitow-rodzina-de-medici-wladcy-florencji\/","title":{"rendered":"\u015aladem Jezuit\u00f3w &#8211; Rodzina De Medici &#8211; W\u0142adcy Florencji"},"content":{"rendered":"\n<p><\/p>\n\n\n\n<p>Prze\u015bledzimy czasy pocz\u0105tk\u00f3w Jezuit\u00f3w &#8211; p\u00f3\u017ane \u015bredniowiecze i renesans, aby lepiej zrozumie\u0107 otaczaj\u0105c\u0105 nas rzeczywisto\u015b\u0107. <\/p>\n\n\n\n<p>Dzisiaj przygl\u0105damy si\u0119 rodzinie De Medici. <\/p>\n\n\n\n<p>Baldassarre Cossa, cz\u0142owiek okre\u015blany w filmie jako &#8222;papie\u017c Jan XXIII&#8221; jest obecnie uznawany przez ko\u015bci\u00f3\u0142 katolicki za Antypapie\u017ca. Dlatego w XX wieku mia\u0142e\u015b innego Jana XXIII (1958-1963), kt\u00f3ry jest uznawany za papie\u017ca.<\/p>\n\n\n\n<p>\u0179r\u00f3d\u0142o: https:\/\/www.youtube.com\/@UsefulCharts<\/p>\n\n\n\n<figure class=\"wp-block-video\"><video controls src=\"https:\/\/wia.net.pl\/wp-content\/uploads\/2023\/05\/sladem-Jezuitow-Rodzina-Medici-Wladcy-Florencji.mp4\"><\/video><\/figure>\n<div class=\"remoji_bar\"><div class=\"remoji_add_container\" data-remoji-id=\"503\" data-remoji-type=\"post\"><div class=\"remoji_add_icon\"><\/div><\/div><div class=\"remoji_error_bar\" data-remoji-id=\"503\" data-remoji-type=\"post\" style=\"display: none;\">Error happened.<\/div><\/div>","protected":false},"excerpt":{"rendered":"<p>Prze\u015bledzimy czasy pocz\u0105tk\u00f3w Jezuit\u00f3w &#8211; p\u00f3\u017ane \u015bredniowiecze i renesans, aby lepiej zrozumie\u0107 otaczaj\u0105c\u0105 nas rzeczywisto\u015b\u0107. Dzisiaj przygl\u0105damy si\u0119 rodzinie De Medici. Baldassarre Cossa, cz\u0142owiek okre\u015blany w filmie jako &#8222;papie\u017c Jan XXIII&#8221; jest obecnie uznawany przez ko\u015bci\u00f3\u0142 katolicki za Antypapie\u017ca. Dlatego&#8230; <\/p>\n","protected":false},"author":3,"featured_media":508,"comment_status":"open","ping_status":"open","sticky":false,"template":"","format":"standard","meta":{"_acf_changed":false,"_bbp_topic_count":0,"_bbp_reply_count":0,"_bbp_total_topic_count":0,"_bbp_total_reply_count":0,"_bbp_voice_count":0,"_bbp_anonymous_reply_count":0,"_bbp_topic_count_hidden":0,"_bbp_reply_count_hidden":0,"_bbp_forum_subforum_count":0,"om_disable_all_campaigns":false,"_monsterinsights_skip_tracking":false,"_monsterinsights_sitenote_active":false,"_monsterinsights_sitenote_note":"","_monsterinsights_sitenote_category":0,"footnotes":""},"categories":[13],"tags":[68,69,71,26,23,67,22,70],"class_list":["post-503","post","type-post","status-publish","format-standard","has-post-thumbnail","hentry","category-prawdaoswiecie","tag-cesarstwo-rzymskie","tag-jezuici","tag-kosciol-katolicki","tag-ludzkosc","tag-niewolnictwo","tag-religie","tag-satanizm","tag-tajne-stowarzyszenia"],"acf":[],"aioseo_notices":[],"_links":{"self":[{"href":"https:\/\/wia.net.pl\/index.php\/wp-json\/wp\/v2\/posts\/503"}],"collection":[{"href":"https:\/\/wia.net.pl\/index.php\/wp-json\/wp\/v2\/posts"}],"about":[{"href":"https:\/\/wia.net.pl\/index.php\/wp-json\/wp\/v2\/types\/post"}],"author":[{"embeddable":true,"href":"https:\/\/wia.net.pl\/index.php\/wp-json\/wp\/v2\/users\/3"}],"replies":[{"embeddable":true,"href":"https:\/\/wia.net.pl\/index.php\/wp-json\/wp\/v2\/comments?post=503"}],"version-history":[{"count":1,"href":"https:\/\/wia.net.pl\/index.php\/wp-json\/wp\/v2\/posts\/503\/revisions"}],"predecessor-version":[{"id":509,"href":"https:\/\/wia.net.pl\/index.php\/wp-json\/wp\/v2\/posts\/503\/revisions\/509"}],"wp:featuredmedia":[{"embeddable":true,"href":"https:\/\/wia.net.pl\/index.php\/wp-json\/wp\/v2\/media\/508"}],"wp:attachment":[{"href":"https:\/\/wia.net.pl\/index.php\/wp-json\/wp\/v2\/media?parent=503"}],"wp:term":[{"taxonomy":"category","embeddable":true,"href":"https:\/\/wia.net.pl\/index.php\/wp-json\/wp\/v2\/categories?post=503"},{"taxonomy":"post_tag","embeddable":true,"href":"https:\/\/wia.net.pl\/index.php\/wp-json\/wp\/v2\/tags?post=503"}],"curies":[{"name":"wp","href":"https:\/\/api.w.org\/{rel}","templated":true}]}}