{"id":5035,"date":"2023-10-20T13:56:34","date_gmt":"2023-10-20T11:56:34","guid":{"rendered":"https:\/\/wia.net.pl\/?p=5035"},"modified":"2023-10-20T13:56:34","modified_gmt":"2023-10-20T11:56:34","slug":"czy-walka-gazy-i-izraela-to-falszywa-flaga","status":"publish","type":"post","link":"https:\/\/wia.net.pl\/index.php\/2023\/10\/20\/czy-walka-gazy-i-izraela-to-falszywa-flaga\/","title":{"rendered":"Czy walka Gazy i Izraela to \u201efa\u0142szywa flaga\u201d?\u00a0"},"content":{"rendered":"\n<p>Czy walka Gazy i Izraela to \u201efa\u0142szywa flaga\u201d?\u00a0Pozwolili, \u017ceby to si\u0119 wydarzy\u0142o?\u00a0Ich celem jest \u201ewymazanie Gazy z mapy\u201d?<\/p>\n\n\n\n<p>Autorzy:\u00a0<a href=\"https:\/\/www.globalresearch.ca\/author\/philip-giraldi\">Philip Giraldi<\/a>\u00a0i\u00a0<a href=\"https:\/\/www.globalresearch.ca\/author\/michel-chossudovsky\">profesor Michel Chossudovsky<\/a><\/p>\n\n\n\n<p><\/p>\n\n\n\n<h2 class=\"wp-block-heading has-text-align-center\"><strong>Aktualizacja (14 pa\u017adziernika 2023 r.)<\/strong><\/h2>\n\n\n\n<h2 class=\"wp-block-heading has-text-align-center\"><strong>To ludob\u00f3jstwo, absolutna rze\u017a.\u00a0\u201eWycieraj\u0105 Gaz\u0119 z mapy\u201d \u00a0<\/strong><\/h2>\n\n\n\n<p>\u201e[Izraelska armia] o\u015bwiadczy\u0142a, \u017ce \u200b\u200bwkr\u00f3tce rozpocznie&nbsp;<strong>szeroko zakrojon\u0105 ofensyw\u0119 w p\u00f3\u0142nocnej Strefie Gazy<\/strong>&nbsp;\u2013 ostrze\u017cenie, kt\u00f3re nadesz\u0142o dzie\u0144 po tym, jak Izrael nakaza\u0142 oko\u0142o milionowi cywil\u00f3w opu\u015bci\u0107 ten obszar.<\/p>\n\n\n\n<p>Na odci\u0119tym terytorium rz\u0105dzonym przez Hamas panowa\u0142o w sobot\u0119 zamieszanie w zwi\u0105zku z nakazem ewakuacji, kt\u00f3ry obj\u0105\u0142 oko\u0142o po\u0142ow\u0119 populacji Gazy.&nbsp;<strong>Gaza stoi tak\u017ce w obliczu rosn\u0105cego kryzysu wodnego, poniewa\u017c Palesty\u0144czycy&nbsp;<a href=\"https:\/\/www.usatoday.com\/story\/news\/world\/2023\/10\/13\/palestinians-flee-gaza-israel-ground-attack\/71169928007\/\" target=\"_blank\" rel=\"noreferrer noopener\">usi\u0142owali ewakuowa\u0107 p\u00f3\u0142nocn\u0105 Gaz\u0119 pieszo, samochodem i wozem na osio\u0142ku<\/a>&nbsp;.<\/strong><\/p>\n\n\n\n<p><strong>Organizacje humanitarne stwierdzi\u0142y, \u017ce ewakuowani nie maj\u0105 dok\u0105d p\u00f3j\u015b\u0107.&nbsp;<\/strong><strong>Drugi spos\u00f3b opuszczenia Gazy, do Egiptu, r\u00f3wnie\u017c wydawa\u0142 si\u0119 zamkni\u0119ty w obliczu zamieszania co do tego, czy s\u0105siedni kraj zezwoli ka\u017cdemu na opuszczenie Gazy.<\/strong><\/p>\n\n\n\n<p>Ofensywa jeszcze pot\u0119\u017cniejsza ni\u017c poprzedni ostrza\u0142 Gazy przez Izrael wydawa\u0142a si\u0119 nieunikniona.\u00a0<strong>\u201eWkr\u00f3tce zaatakujemy miasto Gaza na szerok\u0105 skal\u0119\u201d \u2013<\/strong>\u00a0powiedzia\u0142 g\u0142\u00f3wny rzecznik wojskowy Izraela, kontradmira\u0142 Daniel Hagari w og\u00f3lnokrajowym przem\u00f3wieniu,\u00a0<strong>nie podaj\u0105c harmonogramu ataku<\/strong>\u00a0.\u00a0(\u00a0<a href=\"https:\/\/www.aol.com\/blinken-calls-protecting-civilians-gaza-150029945.html\">AOL.com<\/a>\u00a0, 14 pa\u017adziernika 2023 r.)<\/p>\n\n\n\n<figure class=\"wp-block-image size-full\"><img loading=\"lazy\" decoding=\"async\" width=\"768\" height=\"432\" src=\"https:\/\/wia.net.pl\/wp-content\/uploads\/2023\/10\/2023-09-22T134028Z_348244383_RC2PD3A8WAP8_RTRMADP_3_UN-ASSEMBLY-1-768x432-1.webp\" alt=\"\" class=\"wp-image-5036\" srcset=\"https:\/\/wia.net.pl\/wp-content\/uploads\/2023\/10\/2023-09-22T134028Z_348244383_RC2PD3A8WAP8_RTRMADP_3_UN-ASSEMBLY-1-768x432-1.webp 768w, https:\/\/wia.net.pl\/wp-content\/uploads\/2023\/10\/2023-09-22T134028Z_348244383_RC2PD3A8WAP8_RTRMADP_3_UN-ASSEMBLY-1-768x432-1-300x169.webp 300w, https:\/\/wia.net.pl\/wp-content\/uploads\/2023\/10\/2023-09-22T134028Z_348244383_RC2PD3A8WAP8_RTRMADP_3_UN-ASSEMBLY-1-768x432-1-480x270.webp 480w\" sizes=\"(max-width: 768px) 100vw, 768px\" \/><\/figure>\n\n\n\n<h1 class=\"wp-block-heading\">                                          <\/h1>\n\n\n\n<h1 class=\"wp-block-heading has-text-align-center\"><strong>Wst\u0119p<\/strong><\/h1>\n\n\n\n<p><em>Wczesn\u0105 sobot\u0119 7 pa\u017adziernika 2023 r. Hamas&nbsp;&nbsp;<strong>rozpocz\u0105\u0142 \u201eOperacj\u0119 Burza Al-Aksa\u201d<\/strong>&nbsp;pod przewodnictwem szefa wojskowego Hamasu&nbsp;&nbsp;<strong>Mohammeda Deifa.&nbsp;<\/strong>Tego samego dnia Netanjahu potwierdzi\u0142 tak zwany \u201e&nbsp;<strong>stan gotowo\u015bci do wojny\u201d.&nbsp;<\/strong><strong>&nbsp;<\/strong><\/em><\/p>\n\n\n\n<p><em>Operacje wojskowe s\u0105 niezmiennie planowane z du\u017cym wyprzedzeniem (zob. o\u015bwiadczenie Netanjahu ze stycznia 2023 r. poni\u017cej).&nbsp;Czy \u201eOperacja Al-Aksa Burza\u201d by\u0142a \u201eatakiem z zaskoczenia\u201d?<\/em><\/p>\n\n\n\n<p><em>Wywiad USA twierdzi, \u017ce nie by\u0142 \u015bwiadomy zbli\u017caj\u0105cego si\u0119 ataku Hamasu.&nbsp;<\/em><\/p>\n\n\n\n<p><a href=\"https:\/\/www.globalresearch.ca\/no-hamas-invasion-not-israeli-intelligence-failure\/5835433\">\u201eTrzeba by by\u0107 niemal beznadziejnie naiwnym,<\/a>&nbsp;by uwierzy\u0107 w pogl\u0105d korporacyjnych medi\u00f3w pa\u0144stwowych, \u017ce inwazja Hamasu by\u0142a izraelsk\u0105 \u201epora\u017ck\u0105 wywiadu\u201d.&nbsp;Mossad jest jedn\u0105 z najpot\u0119\u017cniejszych agencji wywiadowczych na \u015bwiecie, je\u015bli nie najpot\u0119\u017cniejsz\u0105.<\/p>\n\n\n\n<p>Czy Netanjahu i jego rozleg\u0142y aparat wojskowy i wywiadowczy (Mossad i in.) wiedzieli wcze\u015bniej o ataku Hamasu, kt\u00f3ry doprowadzi\u0142 do niezliczonej \u015bmierci Izraelczyk\u00f3w i Palesty\u0144czyk\u00f3w?<\/p>\n\n\n\n<p><strong>Czy przed<\/strong>&nbsp;rozpocz\u0119ciem przez Hamas \u201eOperacji Burza Al-Aksa\u201d&nbsp;&nbsp;przewidywano&nbsp;starannie opracowany izraelski plan prowadzenia&nbsp;<strong>totalnej wojny przeciwko Palesty\u0144czykom ?&nbsp;<\/strong>Nie by\u0142a to pora\u017cka izraelskiego wywiadu, jak przekazuj\u0105 media.&nbsp;Wr\u0119cz przeciwnie.&nbsp;<strong><\/strong><\/p>\n\n\n\n<p>Dowody i zeznania sugeruj\u0105, \u017ce&nbsp;<strong>rz\u0105d Netanjahu wiedzia\u0142 z wyprzedzeniem<\/strong>&nbsp;o dzia\u0142aniach Hamasu, w&nbsp;<strong>&nbsp;wyniku kt\u00f3rych zgin\u0119\u0142y setki Izraelczyk\u00f3w i Palesty\u0144czyk\u00f3w.&nbsp;Oraz \u201ePozwolili, \u017ceby to si\u0119 sta\u0142o\u201d<\/strong>&nbsp;:<\/p>\n\n\n\n<p>\u201e&nbsp;Hamas wystrzeli\u0142 w stron\u0119 Izraela od 2 do 5 tysi\u0119cy rakiet, w wyniku czego zgin\u0119\u0142y setki Izraelczyk\u00f3w, a dziesi\u0105tki Izraelczyk\u00f3w zosta\u0142o wzi\u0119tych do niewoli jako je\u0144cy wojenni.&nbsp;W wyniku izraelskiej reakcji powietrznej w Gazie zgin\u0119\u0142o setki Palesty\u0144czyk\u00f3w\u201d.&nbsp;(&nbsp;<a href=\"https:\/\/www.mideastdiscourse.com\/2023\/10\/09\/palestinians-demand-an-end-to-occupation-in-a-massive-attack-on-israel\/\">Stefan Sahiounie<\/a>&nbsp;) &nbsp;<\/p>\n\n\n\n<p>Po operacji sztormowej w Al Aksa, kt\u00f3ra mia\u0142a miejsce 7 pa\u017adziernika, izraelski minister obrony okre\u015bli\u0142 Palesty\u0144czyk\u00f3w jako \u201eludzkie zwierz\u0119ta\u201d i przyrzek\u0142 \u201eodpowiednio post\u0119powa\u0107\u201d, gdy my\u015bliwce rozp\u0119ta\u0142y masowy bombardowanie domu w Strefie Gazy, w kt\u00f3rym \u017cyje 2,3 miliona Palesty\u0144czyk\u00f3w\u2026\u201d (Middle East Eye ).&nbsp;Ca\u0142kowit\u0105&nbsp;<strong>&nbsp;blokad\u0119 Strefy Gazy<\/strong>&nbsp;&nbsp;rozpocz\u0119to 9 pa\u017adziernika 2023 roku, polegaj\u0105c\u0105 na blokowaniu i utrudnianiu importu \u017cywno\u015bci, wody, paliwa i podstawowych towar\u00f3w do 2,3 miliona Palesty\u0144czyk\u00f3w.&nbsp;To jawna zbrodnia przeciwko ludzko\u015bci.&nbsp;To ludob\u00f3jstwo.&nbsp;<\/p>\n\n\n\n<p>Warto zauwa\u017cy\u0107, \u017ce dzia\u0142ania wojskowe Netanjahu nie s\u0105 wymierzone w HAMAS, wr\u0119cz przeciwnie:&nbsp;<strong>jego celem jest 2,3 miliona niewinnych palesty\u0144skich cywil\u00f3w, co stanowi ra\u017c\u0105ce naruszenie&nbsp;<a href=\"https:\/\/loacblog.com\/loac-basics\/4-basic-principles\/\">Czterech Podstawowych Zasad Prawa Konflikt\u00f3w Zbrojnych (LOAC)<\/a>&nbsp;:&nbsp;<\/strong><\/p>\n\n\n\n<p>\u201e\u2026.szanuj\u0105c i chroni\u0105c&nbsp;<strong>ludno\u015b\u0107 cywiln\u0105 i obiekty cywilne<\/strong>&nbsp;[szko\u0142y, szpitale i obszary mieszkalne], Strony konfliktu b\u0119d\u0105 w ka\u017cdym czasie dokonywa\u0107 rozr\u00f3\u017cnienia pomi\u0119dzy ludno\u015bci\u0105 cywiln\u0105 a walcz\u0105cymi oraz pomi\u0119dzy obiektami cywilnymi a celami wojskowymi i odpowiednio b\u0119d\u0105 kierowa\u0107 ich dzia\u0142ania wy\u0142\u0105cznie przeciwko celom wojskowym.\u201d&nbsp;[Protok\u00f3\u0142 dodatkowy nr 1, art. 48]<\/p>\n\n\n\n<p>Jak na ironi\u0119,&nbsp;&nbsp;<a href=\"https:\/\/www.globalresearch.ca\/hamas-fighters-using-american-weapons-meant-ukraine-scott-ritter\/5835608\">wed\u0142ug Scotta Rittera<\/a>&nbsp;, Hamas zdoby\u0142 ameryka\u0144sk\u0105 bro\u0144 na Ukrainie.&nbsp;<\/p>\n\n\n\n<p>.<\/p>\n\n\n\n<h1 class=\"wp-block-heading has-text-align-center\"><strong>To nie by\u0142 \u201eatak z zaskoczenia\u201d<\/strong><\/h1>\n\n\n\n<p><\/p>\n\n\n\n<p>Czy atak Hamasu by\u0142&nbsp;<strong>\u201efa\u0142szyw\u0105 flag\u0105\u201d?&nbsp;<\/strong><\/p>\n\n\n\n<p>\u201eS\u0142u\u017cy\u0142em w IDF 25 lat temu, w si\u0142ach wywiadu.&nbsp;<strong>Nie ma mowy, \u017ceby Izrael nie wiedzia\u0142 o tym, co nadchodzi<\/strong>&nbsp;.<\/p>\n\n\n\n<p><strong>Kot poruszaj\u0105cy si\u0119 wzd\u0142u\u017c p\u0142otu uruchamia wszystkie si\u0142y.&nbsp;Wi\u0119c to??<\/strong><\/p>\n\n\n\n<p>Co si\u0119 sta\u0142o z \u201enajsilniejsz\u0105 armi\u0105 \u015bwiata\u201d?<\/p>\n\n\n\n<p>Jak to si\u0119 sta\u0142o, \u017ce przej\u015bcia graniczne by\u0142y szeroko otwarte?&nbsp;Co\u015b tu jest BARDZO NIE TAK, co\u015b jest bardzo dziwnego, ten ci\u0105g zdarze\u0144 jest bardzo nietypowy i nietypowy dla izraelskiego systemu obronnego.<\/p>\n\n\n\n<p><strong>Dla mnie ten atak z zaskoczenia wygl\u0105da na zaplanowan\u0105 operacj\u0119.&nbsp;Na wszystkich frontach.&nbsp;<\/strong><\/p>\n\n\n\n<p>Gdybym by\u0142 teoretykiem spiskowym, powiedzia\u0142bym, \u017ce wygl\u0105da to na&nbsp;<strong>dzie\u0142o Deep State.<\/strong>&nbsp;&nbsp;<\/p>\n\n\n\n<p><strong>Mam wra\u017cenie, \u017ce nar\u00f3d Izraela i Palestyny \u200b\u200bzosta\u0142 po raz kolejny sprzedany wy\u017cszym si\u0142om.&nbsp;<\/strong><\/p>\n\n\n\n<p>(O\u015bwiadczenie&nbsp;<strong><a href=\"https:\/\/efrat.substack.com\/p\/israel-hamas-war-an-update\">Efrata Fenigsona<\/a><\/strong>&nbsp;, by\u0142ego wywiadu IDF, 7 pa\u017adziernika 2023 r., podkre\u015blenie dodane)<strong>&nbsp;<a href=\"https:\/\/efrat.substack.com\/p\/israel-hamas-war-an-update\"><\/a><\/strong><\/p>\n\n\n\n<p>Jak na ironi\u0119, media (NBC) twierdz\u0105 obecnie, \u017ce\u00a0<a href=\"https:\/\/www.nbcnews.com\/news\/hamas-attack-bears-hallmarks-iranian-involvement-former-us-officials-s-rcna119400\">\u201eatak Hamasu nosi znamiona zaanga\u017cowania Iranu\u201d<\/a><\/p>\n\n\n\n<p><\/p>\n\n\n\n<h2 class=\"wp-block-heading has-text-align-center\"><strong>Historia: stosunki mi\u0119dzy Mossadem a Hamasem<\/strong><\/h2>\n\n\n\n<p><\/p>\n\n\n\n<p>Jakie s\u0105 relacje mi\u0119dzy Mossadem a Hamasem?&nbsp;Czy Hamas jest \u201ezasobem wywiadu\u201d?&nbsp;Istnieje d\u0142uga historia.&nbsp;<\/p>\n\n\n\n<p>Hamas (Harakat al-Muqawama al-Islamiyya) (Islamski Ruch Oporu) zosta\u0142 za\u0142o\u017cony w 1987 roku przez&nbsp;<strong>szejka Ahmeda Yassina<\/strong>&nbsp;.&nbsp;Na pocz\u0105tku by\u0142 wspierany przez izraelski wywiad jako spos\u00f3b na os\u0142abienie Autonomii Palesty\u0144skiej:<\/p>\n\n\n\n<p>\u201eDzi\u0119ki Mossadowi (izraelskiemu \u201eInstytutowi Wywiadu i Zada\u0144 Specjalnych\u201d) Hamasowi pozwolono wzmocni\u0107 swoj\u0105 obecno\u015b\u0107 na terytoriach okupowanych.&nbsp;W mi\u0119dzyczasie Ruch Wyzwolenia Narodowego Arafata oraz lewica palesty\u0144ska zosta\u0142y poddane najbardziej brutalnej formie represji i zastraszania.<\/p>\n\n\n\n<p><strong>Nie zapominajmy, \u017ce to Izrael tak naprawd\u0119 stworzy\u0142 Hamas.&nbsp;<\/strong>Wed\u0142ug&nbsp;<strong>Zeeva Sternella<\/strong>&nbsp;, historyka z Uniwersytetu Hebrajskiego w Jerozolimie,&nbsp;<strong>\u201eIzrael uwa\u017ca\u0142, \u017ce by\u0142 to sprytny chwyt, maj\u0105cy na celu popchni\u0119cie islamist\u00f3w przeciwko Organizacji Wyzwolenia Palestyny \u200b\u200b(OWP)<\/strong>&nbsp;\u201d.&nbsp;(&nbsp;<a href=\"https:\/\/www.globalresearch.ca\/hamas-is-a-creation-of-mossad\/1818\">L&#8217;Humanit\u00e9,<\/a>&nbsp;przet\u0142umaczone z francuskiego)<\/p>\n\n\n\n<p>Powi\u0105zania Hamasu z Mossadem i wywiadem USA potwierdzi\u0142&nbsp;&nbsp;<strong>kongresmen Ron Paul<\/strong>&nbsp;w o\u015bwiadczeniu dla Kongresu USA:&nbsp;&nbsp;<strong>\u201eHamas zosta\u0142 za\u0142o\u017cony przez Izrael\u201d?<\/strong><\/p>\n\n\n\n<p>\u201eZnacie Hamas, je\u015bli spojrzycie na histori\u0119, dowiecie si\u0119, \u017ce&nbsp;<strong>Izrael zach\u0119ca\u0142 Hamas i tak naprawd\u0119 go rozpocz\u0105\u0142<\/strong>&nbsp;, poniewa\u017c chcia\u0142, aby Hamas przeciwdzia\u0142a\u0142 Jaserowi Arafatowi\u2026 (Rep.&nbsp;&nbsp;<a href=\"https:\/\/www.globalresearch.ca\/flashback-ron-paul-hamas-started-israel\/5835470\">Ron Paul<\/a>&nbsp;, 2011)<\/p>\n\n\n\n<p>Z tego o\u015bwiadczenia wynika, \u017ce \u200b\u200bHamas jest i pozostaje \u201ezasobem wywiadu\u201d, a mianowicie \u201eaktywem\u201d agencji wywiadowczych\u201d.<\/p>\n\n\n\n<p><a href=\"http:\/\/online.wsj.com\/article\/SB123275572295011847.html\">Zobacz tak\u017ce WSJ (<\/a>&nbsp;24 stycznia 2009) \u201e&nbsp;<strong>Jak Izrael pom\u00f3g\u0142 w powstaniu Hamasu\u201d.&nbsp;<\/strong><\/p>\n\n\n\n<p>Zamiast od samego pocz\u0105tku pr\u00f3bowa\u0107 powstrzyma\u0107 islamist\u00f3w w Gazie, m\u00f3wi pan Cohen, Izrael przez lata tolerowa\u0142 ich, a w niekt\u00f3rych przypadkach&nbsp;<strong>zach\u0119ca\u0142 ich jako przeciwwag\u0119 dla \u015bwieckich nacjonalist\u00f3w Organizacji Wyzwolenia Palestyny<\/strong>&nbsp;\u200b\u200bi jej dominuj\u0105cej frakcji, Fatahu Jasera Arafata.&nbsp;(WSJ, podkre\u015blenie dodane)<\/p>\n\n\n<div class=\"wp-block-image\">\n<figure class=\"aligncenter\"><a href=\"http:\/\/online.wsj.com\/article\/SB123275572295011847.html\"><img decoding=\"async\" src=\"https:\/\/www.globalresearch.ca\/wp-content\/uploads\/2023\/10\/hamas-wsj.png\" alt=\"\" class=\"wp-image-5835555\"\/><\/a><\/figure><\/div>\n\n\n<h1 class=\"wp-block-heading\"><\/h1>\n\n\n\n<h1 class=\"wp-block-heading\"><strong>Netanjahu potwierdza Partnerstwo Hamasu<\/strong><\/h1>\n\n\n\n<h2 class=\"wp-block-heading\"><\/h2>\n\n\n\n<h2 class=\"wp-block-heading has-text-align-center\"><strong>\u201eKot wyszed\u0142 z worka\u201d<\/strong><\/h2>\n\n\n\n<p>\u201eKa\u017cdy, kto chce udaremni\u0107 utworzenie pa\u0144stwa palesty\u0144skiego,&nbsp;<strong>musi wspiera\u0107 wzmocnienie Hamasu i przekazywanie Hamasowi pieni\u0119dzy\u201d \u2013<\/strong>&nbsp;powiedzia\u0142&nbsp;<strong>[Netanjahu]<\/strong>&nbsp;na spotkaniu cz\u0142onk\u00f3w Knesetu swojej partii Likud w marcu 2019 r. \u201eTo cz\u0119\u015b\u0107 naszej strategii \u2013 izolowa\u0107 Palesty\u0144czyk\u00f3w w Gazie od Palesty\u0144czyk\u00f3w na Zachodnim Brzegu\u201d.&nbsp;(&nbsp;<a href=\"https:\/\/archive.md\/2023.10.10-030658\/https:\/\/www.haaretz.com\/israel-news\/2023-10-09\/ty-article\/.premium\/another-concept-implodes-israel-cant-be-managed-by-a-criminal-defendant\/0000018b-1382-d2fc-a59f-d39b5dbf0000#selection-453.0-453.73\">Haaretz<\/a>&nbsp;, 9 pa\u017adziernika 2023, podkre\u015blenie dodane)<\/p>\n\n\n\n<p>Czy to stwierdzenie nie sugeruje, \u017ce&nbsp;<strong>Netanjahu i jego aparat wywiadu wojskowego s\u0105 odpowiedzialni za zab\u00f3jstwa niewinnych izraelskich cywil\u00f3w?&nbsp;<\/strong><\/p>\n\n\n\n<h2 class=\"wp-block-heading has-text-align-center\">\u201eWsparcie\u201d i \u201epieni\u0105dze\u201d dla Hamasu.&nbsp;<\/h2>\n\n\n\n<p><strong>\u201ePrzekazywanie pieni\u0119dzy Hamasowi\u201d<\/strong>&nbsp;&nbsp;w imieniu Netanjahu potwierdza raport Times of Israel z 8 pa\u017adziernika 2023 r.:&nbsp;<\/p>\n\n\n\n<p>\u201eHamas by\u0142 traktowany jak partner na szkod\u0119 Autonomii Palesty\u0144skiej, aby uniemo\u017cliwi\u0107 Abbasowi podj\u0119cie dzia\u0142a\u0144 w kierunku utworzenia pa\u0144stwa palesty\u0144skiego.&nbsp;Hamas awansowa\u0142 z grupy terrorystycznej do organizacji, z kt\u00f3r\u0105 Izrael prowadzi\u0142 negocjacje przez Egipt&nbsp;<strong>i kt\u00f3rej pozwolono na przyjmowanie przez przej\u015bcia graniczne Gazy walizek zawieraj\u0105cych miliony dolar\u00f3w z Kataru\u201d.&nbsp;<\/strong>(podkre\u015blenie dodane)<\/p>\n\n\n\n<p>.<\/p>\n\n\n\n<h1 class=\"wp-block-heading has-text-align-center\"><strong>Niebezpiecze\u0144stwa eskalacji militarnej?<\/strong><\/h1>\n\n\n\n<p>Nie miejmy z\u0142udze\u0144, ta operacja \u201efa\u0142szywej flagi\u201d jest z\u0142o\u017conym przedsi\u0119wzi\u0119ciem wojskowo-wywiadowczym, starannie zaplanowanym na kilka lat, we wsp\u00f3\u0142pracy i koordynacji z wywiadem USA, Pentagonem i NATO.&nbsp;<\/p>\n\n\n\n<p>Z kolei ta akcja przeciwko Palestynie ju\u017c sprzyja procesowi eskalacji militarnej, kt\u00f3ry potencjalnie mo\u017ce ogarn\u0105\u0107 du\u017c\u0105 cz\u0119\u015b\u0107 Bliskiego Wschodu.<\/p>\n\n\n\n<p>Izrael jest de facto cz\u0142onkiem NATO (ze specjalnym statusem) od 2004 roku, co obejmuje aktywn\u0105 koordynacj\u0119 wojskow\u0105 i wywiadowcz\u0105 oraz&nbsp;<strong>konsultacje dotycz\u0105ce terytori\u00f3w okupowanych.<\/strong><\/p>\n\n\n\n<p>Wsp\u00f3\u0142praca wojskowa zar\u00f3wno z Pentagonem, jak i NATO jest postrzegana przez&nbsp;<strong>Si\u0142y Obronne Izraela (IDF)<\/strong>&nbsp;jako spos\u00f3b na&nbsp;<strong>\u201ewzmocnienie zdolno\u015bci Izraela do odstraszania wobec potencjalnych wrog\u00f3w mu zagra\u017caj\u0105cych, g\u0142\u00f3wnie Iranu i Syrii\u201d.<\/strong><\/p>\n\n\n\n<p>Za\u0142o\u017ceniem wsp\u00f3\u0142pracy wojskowej NATO-Izrael jest stwierdzenie, \u017ce \u201eIzrael jest atakowany\u201d.&nbsp;Czy porozumienie Izraela z Sojuszem Atlantyckim \u201ezobowi\u0105zuje\u201d NATO&nbsp;<strong>do \u201eprzybycia na ratunek Izraelowi\u201d<\/strong>&nbsp;w ramach doktryny \u201ebezpiecze\u0144stwa zbiorowego\u201d (art. 5 Traktatu Waszyngto\u0144skiego)?<\/p>\n\n\n\n<p>Z ostatnich wydarze\u0144 wynika, \u017ce \u200b\u200brozmieszczenie wojsk ameryka\u0144skich na Bliskim Wschodzie rzekomo ma na celu unikni\u0119cie eskalacji.<\/p>\n\n\n\n<p>Wed\u0142ug&nbsp;<strong>Sekretarza Generalnego NATO Jensa Stoltenberga<\/strong>&nbsp;:<\/p>\n\n\n\n<p><strong>Zawsze istnieje ryzyko, \u017ce narody i\/lub organizacje wrogie Izraelowi spr\u00f3buj\u0105 to wykorzysta\u0107<\/strong>\u00a0.\u00a0Dotyczy to na przyk\u0142ad organizacji takich jak Hezbollah lub kraj taki jak Iran.\u00a0Jest to zatem wiadomo\u015b\u0107 dla kraj\u00f3w i organizacji wrogich Izraelowi, aby nie pr\u00f3bowa\u0142y wykorzystywa\u0107 tej sytuacji.\u00a0Stany\u00a0<strong>Zjednoczone rozmie\u015bci\u0142y lub rozmie\u015bci\u0142y wi\u0119cej si\u0142 zbrojnych w regionie, zw\u0142aszcza po to, aby powstrzyma\u0107 jak\u0105kolwiek eskalacj\u0119 lub zapobiec jakiejkolwiek eskalacji sytuacji.\u00a0<\/strong>(\u00a0<a href=\"https:\/\/www.nato.int\/cps\/en\/natohq\/opinions_219139.htm\">Konferencja prasowa NATO<\/a>\u00a0, Bruksela, 12 pa\u017adziernika 2023 r., podkre\u015blenie dodane)<\/p>\n\n\n\n<p>\u00a0<\/p>\n\n\n\n<h1 class=\"wp-block-heading has-text-align-center\"><strong>\u201eNowa scena\u201d Netanjahu<\/strong><\/h1>\n\n\n\n<h1 class=\"wp-block-heading has-text-align-center\"><strong>\u201eD\u0142uga wojna\u201d z Palestyn\u0105<\/strong><\/h1>\n\n\n\n<p><\/p>\n\n\n\n<p>Wyznaczony przez Netanjahu cel, kt\u00f3ry stanowi&nbsp;<strong>nowy etap<\/strong>&nbsp;trwaj\u0105cej 75 lat wojny (od Nakby w 1948 r.) przeciwko narodowi Palestyny, nie opiera si\u0119 ju\u017c na \u201eapartheidzie\u201d czy \u201eseparacji\u201d.&nbsp;Ten nowy etap \u2013 kt\u00f3ry jest r\u00f3wnie\u017c skierowany przeciwko&nbsp;<strong>Izraelczykom pragn\u0105cym pokoju<\/strong>&nbsp;\u2013 polega&nbsp;<strong>&nbsp;na \u201e&nbsp;<\/strong><strong>ca\u0142kowitym zaw\u0142aszczeniu\u201d,<\/strong>&nbsp;jak r\u00f3wnie\u017c&nbsp;<strong>ca\u0142kowitym wykluczeniu narodu palesty\u0144skiego z jego ojczyzny:<\/strong><\/p>\n\n\n\n<p>\u201eOto podstawowe za\u0142o\u017cenia rz\u0105du krajowego, na kt\u00f3rego czele stoj\u0119 [Netanjahu]:&nbsp;<strong>Nar\u00f3d \u017cydowski ma wy\u0142\u0105czne i niekwestionowane prawo do wszystkich obszar\u00f3w Ziemi Izraela<\/strong>&nbsp;.&nbsp;Rz\u0105d b\u0119dzie promowa\u0142 i rozwija\u0142 osadnictwo we wszystkich cz\u0119\u015bciach Ziemi Izraela \u2013 w Galilei, na Negewie, na Golan, w Judei i Samarii\u201d.&nbsp;(Netanjahu,&nbsp;&nbsp;<a href=\"https:\/\/www.middleeastmonitor.com\/20230103-jewish-supremacy-is-state-policy-says-netanyahu\/\">stycze\u0144 2023 r<\/a>&nbsp;., podkre\u015blenie dodane)<\/p>\n\n\n\n<p>Zwracamy uwag\u0119 naszych czytelnik\u00f3w na wnikliw\u0105 analiz\u0119 &nbsp;&nbsp;<strong>doktora Philipa Giraldiego<\/strong>&nbsp;&nbsp;wskazuj\u0105c\u0105 na prawdopodobie\u0144stwo&nbsp;<strong>\u201efa\u0142szywej flagi\u201d.&nbsp;<\/strong><\/p>\n\n\n\n<p><strong>Michel Chossudovsky<\/strong>&nbsp;, Global Research, 8 pa\u017adziernika 2023 r., Powy\u017cszy tekst zaktualizowano 12 pa\u017adziernika 2023 r.<\/p>\n\n\n\n<p>.<\/p>\n\n\n<div class=\"wp-block-image\">\n<figure class=\"aligncenter\"><img decoding=\"async\" src=\"https:\/\/www.globalresearch.ca\/wp-content\/uploads\/2023\/10\/israel-palestine-war.png\" alt=\"\" class=\"wp-image-5835314\"\/><\/figure><\/div>\n\n\n<p><em>Przeczytaj poni\u017cej wnikliw\u0105 analiz\u0119 przeprowadzon\u0105 przez&nbsp;<strong>dr Philipa Giraldiego.&nbsp;<\/strong><\/em><\/p>\n\n\n\n<h1 class=\"wp-block-heading has-text-align-center\"><strong>Czy walka Gazy i Izraela to \u201efa\u0142szywa flaga\u201d?<\/strong><\/h1>\n\n\n\n<h1 class=\"wp-block-heading has-text-align-center\"><strong>Pozwolili, \u017ceby to si\u0119 wydarzy\u0142o?<\/strong><\/h1>\n\n\n\n<h1 class=\"wp-block-heading has-text-align-center\"><strong>Ich celem jest \u201ewymazanie Gazy z mapy\u201d?<\/strong><\/h1>\n\n\n\n<p><\/p>\n\n\n\n<h2 class=\"wp-block-heading\"><strong>autorstwa dr Philipa Giraldiego\u00a0<\/strong><\/h2>\n\n\n\n<p>8 pa\u017adziernika 2023 r<\/p>\n\n\n\n<p><em>Czy tylko ja przeczyta\u0142em o przem\u00f3wieniu Netanjahu lub kogo\u015b z jego gabinetu oko\u0142o tydzie\u0144 temu, w kt\u00f3rym on\/oni mimochodem odnie\u015bli si\u0119 do \u201erozwijaj\u0105cej si\u0119 sytuacji w zakresie bezpiecze\u0144stwa\u201d,&nbsp;<strong>co<\/strong>&nbsp;raczej sugeruje (dla mnie), \u017ce mogli wiedzie\u0107 o rozwoju sytuacji w Gazie i zdecydowali si\u0119 na&nbsp;<strong>to pozwoli\u0107, aby<\/strong>&nbsp;w odwecie wymaza\u0107 Gaz\u0119 z mapy i prawdopodobnie opieraj\u0105c si\u0119 na obietnicy Stan\u00f3w Zjednoczonych, \u017ce b\u0119d\u0105 mie\u0107 \u201epowroty\u201d Izraela, a nast\u0119pnie wpl\u0105ta\u0107 w to Iran i zaatakowa\u0107 ten kraj.<\/em><\/p>\n\n\n\n<p>Nie mog\u0119 znale\u017a\u0107 do tego linku, ale do\u015b\u0107 dobrze pami\u0119tam to, co przeczyta\u0142em, bo wtedy my\u015bla\u0142em, \u017ce pos\u0142u\u017cy to za pretekst do kolejnej masakry Palesty\u0144czyk\u00f3w.<\/p>\n\n\n\n<p>Jako by\u0142y oficer wywiadu&nbsp;<strong>nie mog\u0119 uwierzy\u0107, \u017ce Izrael nie mia\u0142 wielu informator\u00f3w w Gazie, a tak\u017ce elektronicznych urz\u0105dze\u0144 pods\u0142uchowych wzd\u0142u\u017c muru granicznego, kt\u00f3re rejestrowa\u0142yby ruchy grup i pojazd\u00f3w.<\/strong><\/p>\n\n\n\n<p>Innymi s\u0142owy, ca\u0142a sprawa mo\u017ce by\u0107 splotem k\u0142amstw, jak to cz\u0119sto bywa.<\/p>\n\n\n\n<p>I jak ZAWSZE tak jest,&nbsp;<strong>Joe Biden przygotowuje si\u0119 do wys\u0142ania kilku miliard\u00f3w dolar\u00f3w biednemu ma\u0142emu Izraelowi, aby zap\u0142aci\u0142 za \u201eobron\u0119\u201d.<\/strong><\/p>\n\n\n\n<h2 class=\"wp-block-heading\"><strong>* * *<\/strong><\/h2>\n\n\n\n<p>Zobacz kolejny artyku\u0142 Philipa Giraldiego.&nbsp;<strong>Szczeg\u00f3\u0142owa analiza:<\/strong><\/p>\n\n\n<div class=\"wp-block-image\">\n<figure class=\"alignleft\"><a href=\"https:\/\/www.globalresearch.ca\/gaza-strikes-back-another-911-pearl-harbor\/5836435\"><img decoding=\"async\" src=\"https:\/\/www.globalresearch.ca\/wp-content\/uploads\/2023\/10\/F06EB532-D938-4365-8E40-C90CF11E6046-51x46.jpeg\" alt=\"\"\/><\/a><\/figure><\/div>\n\n\n<p><strong><a href=\"https:\/\/www.globalresearch.ca\/gaza-strikes-back-another-911-pearl-harbor\/5836435\">Gaza kontratakuje.&nbsp;To kolejny 11 wrze\u015bnia lub Pearl Harbor, ale kto w\u0142a\u015bciwie komu zrobi\u0142?&nbsp;\u201eTo by\u0142a bardziej prawdopodobna operacja pod fa\u0142szyw\u0105 flag\u0105\u201d<\/a><\/strong><\/p>\n\n\n\n<p><em>Philip&nbsp;<a href=\"https:\/\/www.globalresearch.ca\/author\/philip-giraldi\">Giraldi<\/a>&nbsp;, 16 pa\u017adziernika 2023 r<\/em><\/p>\n\n\n\n<p>***<\/p>\n\n\n\n<p>Uwaga dla czytelnik\u00f3w: kliknij przycisk udost\u0119pniania powy\u017cej.&nbsp;\u015aled\u017a nas na Instagramie i Twitterze oraz subskrybuj nasz kana\u0142 na Telegramie.&nbsp;Zach\u0119camy do ponownego publikowania i szerokiego udost\u0119pniania artyku\u0142\u00f3w Global Research.<\/p>\n\n\n\n<p><em><strong>Doktor Philip M. Giraldi<\/strong>&nbsp;jest dyrektorem wykonawczym Council for the National Interest, fundacji edukacyjnej podlegaj\u0105cej odliczeniu od podatku na podstawie ustawy 501(c)3 (federalny numer identyfikacyjny #52-1739023), kt\u00f3rej celem jest polityka zagraniczna USA w wi\u0119kszym stopniu oparta na interesach na Bliskim Wschodzie.&nbsp;Strona internetowa to Councilforthenationalinterest.org, adres to PO Box 2157, Purcellville VA 20134, a adres e-mail to&nbsp;<a href=\"mailto:inform@cnionline.org\">inform@cnionline.org<\/a>&nbsp;.<\/em><\/p>\n\n\n\n<p><em>Jest sta\u0142ym wsp\u00f3\u0142pracownikiem Global Research.<\/em>Oryginalnym \u017ar\u00f3d\u0142em tego artyku\u0142u jest Global ResearchPrawa autorskie \u00a9&nbsp;<\/p>\n\n\n\n<p><a href=\"https:\/\/www.globalresearch.ca\/author\/philip-giraldi\">Philip Giraldi<\/a>&nbsp;i&nbsp;<\/p>\n\n\n\n<p><a href=\"https:\/\/www.globalresearch.ca\/author\/michel-chossudovsky\">prof. Michel Chossudovsky<\/a>\u00a0, Global Research, 2023<\/p>\n\n\n\n<p>\u0179r\u00f3d\u0142o <a href=\"https:\/\/www.globalresearch.ca\/is-the-gaza-israel-fighting-a-false-flag-they-let-it-happen-their-objective-is-to-wipe-gaza-off-the-map\/5835310\">https:\/\/www.globalresearch.ca\/is-the-gaza-israel-fighting-a-false-flag-they-let-it-happen-their-objective-is-to-wipe-gaza-off-the-map\/5835310<\/a><\/p>\n","protected":false},"excerpt":{"rendered":"<p>Czy walka Gazy i Izraela to \u201efa\u0142szywa flaga\u201d?\u00a0Pozwolili, \u017ceby to si\u0119 wydarzy\u0142o?\u00a0Ich celem jest \u201ewymazanie Gazy z mapy\u201d? Autorzy:\u00a0Philip Giraldi\u00a0i\u00a0profesor Michel Chossudovsky Aktualizacja (14 pa\u017adziernika 2023 r.) To ludob\u00f3jstwo, absolutna rze\u017a.\u00a0\u201eWycieraj\u0105 Gaz\u0119 z mapy\u201d \u00a0 \u201e[Izraelska armia] o\u015bwiadczy\u0142a, \u017ce \u200b\u200bwkr\u00f3tce&#8230; <\/p>\n","protected":false},"author":2,"featured_media":5036,"comment_status":"open","ping_status":"open","sticky":false,"template":"","format":"standard","meta":{"_acf_changed":false,"_bbp_topic_count":0,"_bbp_reply_count":0,"_bbp_total_topic_count":0,"_bbp_total_reply_count":0,"_bbp_voice_count":0,"_bbp_anonymous_reply_count":0,"_bbp_topic_count_hidden":0,"_bbp_reply_count_hidden":0,"_bbp_forum_subforum_count":0,"om_disable_all_campaigns":false,"_monsterinsights_skip_tracking":false,"footnotes":""},"categories":[93],"tags":[],"class_list":["post-5035","post","type-post","status-publish","format-standard","has-post-thumbnail","hentry","category-artykuly"],"acf":[],"aioseo_notices":[],"aioseo_head":"\n\t\t<!-- All in One SEO 5.0.1.1 - aioseo.com -->\n\t<meta name=\"description\" content=\"Czy walka Gazy i Izraela to \u201efa\u0142szywa flaga\u201d? Pozwolili, \u017ceby to si\u0119 wydarzy\u0142o? Ich celem jest \u201ewymazanie Gazy z mapy\u201d? Autorzy: Philip Giraldi i profesor Michel Chossudovsky Aktualizacja (14 pa\u017adziernika 2023 r.) To ludob\u00f3jstwo, absolutna rze\u017a. \u201eWycieraj\u0105 Gaz\u0119 z mapy\u201d \u201e[Izraelska armia] o\u015bwiadczy\u0142a, \u017ce \u200b\u200bwkr\u00f3tce rozpocznie szeroko zakrojon\u0105 ofensyw\u0119 w p\u00f3\u0142nocnej Strefie Gazy \u2013 ostrze\u017cenie, kt\u00f3re nadesz\u0142o dzie\u0144 po tym, jak Izrael\" \/>\n\t<meta name=\"robots\" content=\"max-image-preview:large\" \/>\n\t<meta name=\"author\" content=\"trinity\"\/>\n\t<link rel=\"canonical\" href=\"https:\/\/wia.net.pl\/index.php\/2023\/10\/20\/czy-walka-gazy-i-izraela-to-falszywa-flaga\/\" \/>\n\t<meta name=\"generator\" content=\"All in One SEO (AIOSEO) 5.0.1.1\" \/>\n\t\t<meta property=\"og:locale\" content=\"pl_PL\" \/>\n\t\t<meta property=\"og:site_name\" content=\"Wolno\u015b\u0107 i Anarchia - Ka\u017cdy wewn\u0119trznie jest anarchist\u0105.\" \/>\n\t\t<meta property=\"og:type\" content=\"article\" \/>\n\t\t<meta property=\"og:title\" content=\"Czy walka Gazy i Izraela to \u201efa\u0142szywa flaga\u201d? - Wolno\u015b\u0107 i Anarchia\" \/>\n\t\t<meta property=\"og:description\" content=\"Czy walka Gazy i Izraela to \u201efa\u0142szywa flaga\u201d? Pozwolili, \u017ceby to si\u0119 wydarzy\u0142o? Ich celem jest \u201ewymazanie Gazy z mapy\u201d? Autorzy: Philip Giraldi i profesor Michel Chossudovsky Aktualizacja (14 pa\u017adziernika 2023 r.) To ludob\u00f3jstwo, absolutna rze\u017a. \u201eWycieraj\u0105 Gaz\u0119 z mapy\u201d \u201e[Izraelska armia] o\u015bwiadczy\u0142a, \u017ce \u200b\u200bwkr\u00f3tce rozpocznie szeroko zakrojon\u0105 ofensyw\u0119 w p\u00f3\u0142nocnej Strefie Gazy \u2013 ostrze\u017cenie, kt\u00f3re nadesz\u0142o dzie\u0144 po tym, jak Izrael\" \/>\n\t\t<meta property=\"og:url\" content=\"https:\/\/wia.net.pl\/index.php\/2023\/10\/20\/czy-walka-gazy-i-izraela-to-falszywa-flaga\/\" \/>\n\t\t<meta property=\"og:image\" content=\"https:\/\/wia.net.pl\/wp-content\/uploads\/2023\/11\/cropped-freedom-i73367.jpg\" \/>\n\t\t<meta property=\"og:image:secure_url\" content=\"https:\/\/wia.net.pl\/wp-content\/uploads\/2023\/11\/cropped-freedom-i73367.jpg\" \/>\n\t\t<meta property=\"article:published_time\" content=\"2023-10-20T11:56:34+00:00\" \/>\n\t\t<meta property=\"article:modified_time\" content=\"2023-10-20T11:56:34+00:00\" \/>\n\t\t<meta name=\"twitter:card\" content=\"summary_large_image\" \/>\n\t\t<meta name=\"twitter:title\" content=\"Czy walka Gazy i Izraela to \u201efa\u0142szywa flaga\u201d? - Wolno\u015b\u0107 i Anarchia\" \/>\n\t\t<meta name=\"twitter:description\" content=\"Czy walka Gazy i Izraela to \u201efa\u0142szywa flaga\u201d? Pozwolili, \u017ceby to si\u0119 wydarzy\u0142o? Ich celem jest \u201ewymazanie Gazy z mapy\u201d? Autorzy: Philip Giraldi i profesor Michel Chossudovsky Aktualizacja (14 pa\u017adziernika 2023 r.) To ludob\u00f3jstwo, absolutna rze\u017a. \u201eWycieraj\u0105 Gaz\u0119 z mapy\u201d \u201e[Izraelska armia] o\u015bwiadczy\u0142a, \u017ce \u200b\u200bwkr\u00f3tce rozpocznie szeroko zakrojon\u0105 ofensyw\u0119 w p\u00f3\u0142nocnej Strefie Gazy \u2013 ostrze\u017cenie, kt\u00f3re nadesz\u0142o dzie\u0144 po tym, jak Izrael\" \/>\n\t\t<meta name=\"twitter:image\" content=\"https:\/\/wia.net.pl\/wp-content\/uploads\/2023\/11\/cropped-freedom-i73367.jpg\" \/>\n\t\t<script type=\"application\/ld+json\" class=\"aioseo-schema\">\n\t\t\t{\"@context\":\"https:\\\/\\\/schema.org\",\"@graph\":[{\"@type\":\"BlogPosting\",\"@id\":\"https:\\\/\\\/wia.net.pl\\\/index.php\\\/2023\\\/10\\\/20\\\/czy-walka-gazy-i-izraela-to-falszywa-flaga\\\/#blogposting\",\"name\":\"Czy walka Gazy i Izraela to \\u201efa\\u0142szywa flaga\\u201d? - Wolno\\u015b\\u0107 i Anarchia\",\"headline\":\"Czy walka Gazy i Izraela to \\u201efa\\u0142szywa flaga\\u201d?\\u00a0\",\"author\":{\"@id\":\"https:\\\/\\\/wia.net.pl\\\/index.php\\\/author\\\/trinity\\\/#author\"},\"publisher\":{\"@id\":\"https:\\\/\\\/wia.net.pl\\\/#person\"},\"image\":{\"@type\":\"ImageObject\",\"url\":\"https:\\\/\\\/wia.net.pl\\\/wp-content\\\/uploads\\\/2023\\\/10\\\/2023-09-22T134028Z_348244383_RC2PD3A8WAP8_RTRMADP_3_UN-ASSEMBLY-1-768x432-1.webp\",\"width\":768,\"height\":432},\"datePublished\":\"2023-10-20T13:56:34+02:00\",\"dateModified\":\"2023-10-20T13:56:34+02:00\",\"inLanguage\":\"pl-PL\",\"mainEntityOfPage\":{\"@id\":\"https:\\\/\\\/wia.net.pl\\\/index.php\\\/2023\\\/10\\\/20\\\/czy-walka-gazy-i-izraela-to-falszywa-flaga\\\/#webpage\"},\"isPartOf\":{\"@id\":\"https:\\\/\\\/wia.net.pl\\\/index.php\\\/2023\\\/10\\\/20\\\/czy-walka-gazy-i-izraela-to-falszywa-flaga\\\/#webpage\"},\"articleSection\":\"Artyku\\u0142y\"},{\"@type\":\"BreadcrumbList\",\"@id\":\"https:\\\/\\\/wia.net.pl\\\/index.php\\\/2023\\\/10\\\/20\\\/czy-walka-gazy-i-izraela-to-falszywa-flaga\\\/#breadcrumblist\",\"itemListElement\":[{\"@type\":\"ListItem\",\"@id\":\"https:\\\/\\\/wia.net.pl#listItem\",\"position\":1,\"name\":\"Home\",\"item\":\"https:\\\/\\\/wia.net.pl\",\"nextItem\":{\"@type\":\"ListItem\",\"@id\":\"https:\\\/\\\/wia.net.pl\\\/index.php\\\/category\\\/artykuly\\\/#listItem\",\"name\":\"Artyku\\u0142y\"}},{\"@type\":\"ListItem\",\"@id\":\"https:\\\/\\\/wia.net.pl\\\/index.php\\\/category\\\/artykuly\\\/#listItem\",\"position\":2,\"name\":\"Artyku\\u0142y\",\"item\":\"https:\\\/\\\/wia.net.pl\\\/index.php\\\/category\\\/artykuly\\\/\",\"nextItem\":{\"@type\":\"ListItem\",\"@id\":\"https:\\\/\\\/wia.net.pl\\\/index.php\\\/2023\\\/10\\\/20\\\/czy-walka-gazy-i-izraela-to-falszywa-flaga\\\/#listItem\",\"name\":\"Czy walka Gazy i Izraela to \\u201efa\\u0142szywa flaga\\u201d?\\u00a0\"},\"previousItem\":{\"@type\":\"ListItem\",\"@id\":\"https:\\\/\\\/wia.net.pl#listItem\",\"name\":\"Home\"}},{\"@type\":\"ListItem\",\"@id\":\"https:\\\/\\\/wia.net.pl\\\/index.php\\\/2023\\\/10\\\/20\\\/czy-walka-gazy-i-izraela-to-falszywa-flaga\\\/#listItem\",\"position\":3,\"name\":\"Czy walka Gazy i Izraela to \\u201efa\\u0142szywa flaga\\u201d?\\u00a0\",\"previousItem\":{\"@type\":\"ListItem\",\"@id\":\"https:\\\/\\\/wia.net.pl\\\/index.php\\\/category\\\/artykuly\\\/#listItem\",\"name\":\"Artyku\\u0142y\"}}]},{\"@type\":\"Person\",\"@id\":\"https:\\\/\\\/wia.net.pl\\\/#person\",\"name\":\"Bart\\u0142omiej Talarczyk\",\"image\":{\"@type\":\"ImageObject\",\"@id\":\"https:\\\/\\\/wia.net.pl\\\/index.php\\\/2023\\\/10\\\/20\\\/czy-walka-gazy-i-izraela-to-falszywa-flaga\\\/#personImage\",\"url\":\"https:\\\/\\\/wia.net.pl\\\/wp-content\\\/uploads\\\/avatar-privacy\\\/cache\\\/user\\\/1\\\/7\\\/176a6b161c58363ff49b5c167264231f519f5c7fa183ca1f61e891769b6b56d5-96.jpg\",\"width\":96,\"height\":96,\"caption\":\"Bart\\u0142omiej Talarczyk\"}},{\"@type\":\"Person\",\"@id\":\"https:\\\/\\\/wia.net.pl\\\/index.php\\\/author\\\/trinity\\\/#author\",\"url\":\"https:\\\/\\\/wia.net.pl\\\/index.php\\\/author\\\/trinity\\\/\",\"name\":\"trinity\",\"image\":{\"@type\":\"ImageObject\",\"@id\":\"https:\\\/\\\/wia.net.pl\\\/index.php\\\/2023\\\/10\\\/20\\\/czy-walka-gazy-i-izraela-to-falszywa-flaga\\\/#authorImage\",\"url\":\"https:\\\/\\\/wia.net.pl\\\/wp-content\\\/uploads\\\/avatar-privacy\\\/cache\\\/user\\\/5\\\/f\\\/5f6547cf82495eaa10e100a6a45d5dbde2dfdc1be88557de2018fca705bdf6f1-96.jpg\",\"width\":96,\"height\":96,\"caption\":\"trinity\"}},{\"@type\":\"WebPage\",\"@id\":\"https:\\\/\\\/wia.net.pl\\\/index.php\\\/2023\\\/10\\\/20\\\/czy-walka-gazy-i-izraela-to-falszywa-flaga\\\/#webpage\",\"url\":\"https:\\\/\\\/wia.net.pl\\\/index.php\\\/2023\\\/10\\\/20\\\/czy-walka-gazy-i-izraela-to-falszywa-flaga\\\/\",\"name\":\"Czy walka Gazy i Izraela to \\u201efa\\u0142szywa flaga\\u201d? - Wolno\\u015b\\u0107 i Anarchia\",\"description\":\"Czy walka Gazy i Izraela to \\u201efa\\u0142szywa flaga\\u201d? Pozwolili, \\u017ceby to si\\u0119 wydarzy\\u0142o? Ich celem jest \\u201ewymazanie Gazy z mapy\\u201d? Autorzy: Philip Giraldi i profesor Michel Chossudovsky Aktualizacja (14 pa\\u017adziernika 2023 r.) To ludob\\u00f3jstwo, absolutna rze\\u017a. \\u201eWycieraj\\u0105 Gaz\\u0119 z mapy\\u201d \\u201e[Izraelska armia] o\\u015bwiadczy\\u0142a, \\u017ce \\u200b\\u200bwkr\\u00f3tce rozpocznie szeroko zakrojon\\u0105 ofensyw\\u0119 w p\\u00f3\\u0142nocnej Strefie Gazy \\u2013 ostrze\\u017cenie, kt\\u00f3re nadesz\\u0142o dzie\\u0144 po tym, jak Izrael\",\"inLanguage\":\"pl-PL\",\"isPartOf\":{\"@id\":\"https:\\\/\\\/wia.net.pl\\\/#website\"},\"breadcrumb\":{\"@id\":\"https:\\\/\\\/wia.net.pl\\\/index.php\\\/2023\\\/10\\\/20\\\/czy-walka-gazy-i-izraela-to-falszywa-flaga\\\/#breadcrumblist\"},\"author\":{\"@id\":\"https:\\\/\\\/wia.net.pl\\\/index.php\\\/author\\\/trinity\\\/#author\"},\"creator\":{\"@id\":\"https:\\\/\\\/wia.net.pl\\\/index.php\\\/author\\\/trinity\\\/#author\"},\"image\":{\"@type\":\"ImageObject\",\"url\":\"https:\\\/\\\/wia.net.pl\\\/wp-content\\\/uploads\\\/2023\\\/10\\\/2023-09-22T134028Z_348244383_RC2PD3A8WAP8_RTRMADP_3_UN-ASSEMBLY-1-768x432-1.webp\",\"@id\":\"https:\\\/\\\/wia.net.pl\\\/index.php\\\/2023\\\/10\\\/20\\\/czy-walka-gazy-i-izraela-to-falszywa-flaga\\\/#mainImage\",\"width\":768,\"height\":432},\"primaryImageOfPage\":{\"@id\":\"https:\\\/\\\/wia.net.pl\\\/index.php\\\/2023\\\/10\\\/20\\\/czy-walka-gazy-i-izraela-to-falszywa-flaga\\\/#mainImage\"},\"datePublished\":\"2023-10-20T13:56:34+02:00\",\"dateModified\":\"2023-10-20T13:56:34+02:00\"},{\"@type\":\"WebSite\",\"@id\":\"https:\\\/\\\/wia.net.pl\\\/#website\",\"url\":\"https:\\\/\\\/wia.net.pl\\\/\",\"name\":\"Wolno\\u015b\\u0107 i Anarchia\",\"description\":\"Ka\\u017cdy wewn\\u0119trznie jest anarchist\\u0105.\",\"inLanguage\":\"pl-PL\",\"publisher\":{\"@id\":\"https:\\\/\\\/wia.net.pl\\\/#person\"}}]}\n\t\t<\/script>\n\t\t<!-- All in One SEO -->\n\n","aioseo_head_json":{"title":"Czy walka Gazy i Izraela to \u201efa\u0142szywa flaga\u201d? - Wolno\u015b\u0107 i Anarchia","description":"Czy walka Gazy i Izraela to \u201efa\u0142szywa flaga\u201d? Pozwolili, \u017ceby to si\u0119 wydarzy\u0142o? Ich celem jest \u201ewymazanie Gazy z mapy\u201d? Autorzy: Philip Giraldi i profesor Michel Chossudovsky Aktualizacja (14 pa\u017adziernika 2023 r.) To ludob\u00f3jstwo, absolutna rze\u017a. \u201eWycieraj\u0105 Gaz\u0119 z mapy\u201d \u201e[Izraelska armia] o\u015bwiadczy\u0142a, \u017ce \u200b\u200bwkr\u00f3tce rozpocznie szeroko zakrojon\u0105 ofensyw\u0119 w p\u00f3\u0142nocnej Strefie Gazy \u2013 ostrze\u017cenie, kt\u00f3re nadesz\u0142o dzie\u0144 po tym, jak Izrael","canonical_url":"https:\/\/wia.net.pl\/index.php\/2023\/10\/20\/czy-walka-gazy-i-izraela-to-falszywa-flaga\/","robots":"max-image-preview:large","keywords":"","webmasterTools":{"miscellaneous":""},"schema":{"@context":"https:\/\/schema.org","@graph":[{"@type":"BlogPosting","@id":"https:\/\/wia.net.pl\/index.php\/2023\/10\/20\/czy-walka-gazy-i-izraela-to-falszywa-flaga\/#blogposting","name":"Czy walka Gazy i Izraela to \u201efa\u0142szywa flaga\u201d? - Wolno\u015b\u0107 i Anarchia","headline":"Czy walka Gazy i Izraela to \u201efa\u0142szywa flaga\u201d?\u00a0","author":{"@id":"https:\/\/wia.net.pl\/index.php\/author\/trinity\/#author"},"publisher":{"@id":"https:\/\/wia.net.pl\/#person"},"image":{"@type":"ImageObject","url":"https:\/\/wia.net.pl\/wp-content\/uploads\/2023\/10\/2023-09-22T134028Z_348244383_RC2PD3A8WAP8_RTRMADP_3_UN-ASSEMBLY-1-768x432-1.webp","width":768,"height":432},"datePublished":"2023-10-20T13:56:34+02:00","dateModified":"2023-10-20T13:56:34+02:00","inLanguage":"pl-PL","mainEntityOfPage":{"@id":"https:\/\/wia.net.pl\/index.php\/2023\/10\/20\/czy-walka-gazy-i-izraela-to-falszywa-flaga\/#webpage"},"isPartOf":{"@id":"https:\/\/wia.net.pl\/index.php\/2023\/10\/20\/czy-walka-gazy-i-izraela-to-falszywa-flaga\/#webpage"},"articleSection":"Artyku\u0142y"},{"@type":"BreadcrumbList","@id":"https:\/\/wia.net.pl\/index.php\/2023\/10\/20\/czy-walka-gazy-i-izraela-to-falszywa-flaga\/#breadcrumblist","itemListElement":[{"@type":"ListItem","@id":"https:\/\/wia.net.pl#listItem","position":1,"name":"Home","item":"https:\/\/wia.net.pl","nextItem":{"@type":"ListItem","@id":"https:\/\/wia.net.pl\/index.php\/category\/artykuly\/#listItem","name":"Artyku\u0142y"}},{"@type":"ListItem","@id":"https:\/\/wia.net.pl\/index.php\/category\/artykuly\/#listItem","position":2,"name":"Artyku\u0142y","item":"https:\/\/wia.net.pl\/index.php\/category\/artykuly\/","nextItem":{"@type":"ListItem","@id":"https:\/\/wia.net.pl\/index.php\/2023\/10\/20\/czy-walka-gazy-i-izraela-to-falszywa-flaga\/#listItem","name":"Czy walka Gazy i Izraela to \u201efa\u0142szywa flaga\u201d?\u00a0"},"previousItem":{"@type":"ListItem","@id":"https:\/\/wia.net.pl#listItem","name":"Home"}},{"@type":"ListItem","@id":"https:\/\/wia.net.pl\/index.php\/2023\/10\/20\/czy-walka-gazy-i-izraela-to-falszywa-flaga\/#listItem","position":3,"name":"Czy walka Gazy i Izraela to \u201efa\u0142szywa flaga\u201d?\u00a0","previousItem":{"@type":"ListItem","@id":"https:\/\/wia.net.pl\/index.php\/category\/artykuly\/#listItem","name":"Artyku\u0142y"}}]},{"@type":"Person","@id":"https:\/\/wia.net.pl\/#person","name":"Bart\u0142omiej Talarczyk","image":{"@type":"ImageObject","@id":"https:\/\/wia.net.pl\/index.php\/2023\/10\/20\/czy-walka-gazy-i-izraela-to-falszywa-flaga\/#personImage","url":"https:\/\/wia.net.pl\/wp-content\/uploads\/avatar-privacy\/cache\/user\/1\/7\/176a6b161c58363ff49b5c167264231f519f5c7fa183ca1f61e891769b6b56d5-96.jpg","width":96,"height":96,"caption":"Bart\u0142omiej Talarczyk"}},{"@type":"Person","@id":"https:\/\/wia.net.pl\/index.php\/author\/trinity\/#author","url":"https:\/\/wia.net.pl\/index.php\/author\/trinity\/","name":"trinity","image":{"@type":"ImageObject","@id":"https:\/\/wia.net.pl\/index.php\/2023\/10\/20\/czy-walka-gazy-i-izraela-to-falszywa-flaga\/#authorImage","url":"https:\/\/wia.net.pl\/wp-content\/uploads\/avatar-privacy\/cache\/user\/5\/f\/5f6547cf82495eaa10e100a6a45d5dbde2dfdc1be88557de2018fca705bdf6f1-96.jpg","width":96,"height":96,"caption":"trinity"}},{"@type":"WebPage","@id":"https:\/\/wia.net.pl\/index.php\/2023\/10\/20\/czy-walka-gazy-i-izraela-to-falszywa-flaga\/#webpage","url":"https:\/\/wia.net.pl\/index.php\/2023\/10\/20\/czy-walka-gazy-i-izraela-to-falszywa-flaga\/","name":"Czy walka Gazy i Izraela to \u201efa\u0142szywa flaga\u201d? - Wolno\u015b\u0107 i Anarchia","description":"Czy walka Gazy i Izraela to \u201efa\u0142szywa flaga\u201d? Pozwolili, \u017ceby to si\u0119 wydarzy\u0142o? Ich celem jest \u201ewymazanie Gazy z mapy\u201d? Autorzy: Philip Giraldi i profesor Michel Chossudovsky Aktualizacja (14 pa\u017adziernika 2023 r.) To ludob\u00f3jstwo, absolutna rze\u017a. \u201eWycieraj\u0105 Gaz\u0119 z mapy\u201d \u201e[Izraelska armia] o\u015bwiadczy\u0142a, \u017ce \u200b\u200bwkr\u00f3tce rozpocznie szeroko zakrojon\u0105 ofensyw\u0119 w p\u00f3\u0142nocnej Strefie Gazy \u2013 ostrze\u017cenie, kt\u00f3re nadesz\u0142o dzie\u0144 po tym, jak Izrael","inLanguage":"pl-PL","isPartOf":{"@id":"https:\/\/wia.net.pl\/#website"},"breadcrumb":{"@id":"https:\/\/wia.net.pl\/index.php\/2023\/10\/20\/czy-walka-gazy-i-izraela-to-falszywa-flaga\/#breadcrumblist"},"author":{"@id":"https:\/\/wia.net.pl\/index.php\/author\/trinity\/#author"},"creator":{"@id":"https:\/\/wia.net.pl\/index.php\/author\/trinity\/#author"},"image":{"@type":"ImageObject","url":"https:\/\/wia.net.pl\/wp-content\/uploads\/2023\/10\/2023-09-22T134028Z_348244383_RC2PD3A8WAP8_RTRMADP_3_UN-ASSEMBLY-1-768x432-1.webp","@id":"https:\/\/wia.net.pl\/index.php\/2023\/10\/20\/czy-walka-gazy-i-izraela-to-falszywa-flaga\/#mainImage","width":768,"height":432},"primaryImageOfPage":{"@id":"https:\/\/wia.net.pl\/index.php\/2023\/10\/20\/czy-walka-gazy-i-izraela-to-falszywa-flaga\/#mainImage"},"datePublished":"2023-10-20T13:56:34+02:00","dateModified":"2023-10-20T13:56:34+02:00"},{"@type":"WebSite","@id":"https:\/\/wia.net.pl\/#website","url":"https:\/\/wia.net.pl\/","name":"Wolno\u015b\u0107 i Anarchia","description":"Ka\u017cdy wewn\u0119trznie jest anarchist\u0105.","inLanguage":"pl-PL","publisher":{"@id":"https:\/\/wia.net.pl\/#person"}}]},"og:locale":"pl_PL","og:site_name":"Wolno\u015b\u0107 i Anarchia - Ka\u017cdy wewn\u0119trznie jest anarchist\u0105.","og:type":"article","og:title":"Czy walka Gazy i Izraela to \u201efa\u0142szywa flaga\u201d? - Wolno\u015b\u0107 i Anarchia","og:description":"Czy walka Gazy i Izraela to \u201efa\u0142szywa flaga\u201d? Pozwolili, \u017ceby to si\u0119 wydarzy\u0142o? Ich celem jest \u201ewymazanie Gazy z mapy\u201d? Autorzy: Philip Giraldi i profesor Michel Chossudovsky Aktualizacja (14 pa\u017adziernika 2023 r.) To ludob\u00f3jstwo, absolutna rze\u017a. \u201eWycieraj\u0105 Gaz\u0119 z mapy\u201d \u201e[Izraelska armia] o\u015bwiadczy\u0142a, \u017ce \u200b\u200bwkr\u00f3tce rozpocznie szeroko zakrojon\u0105 ofensyw\u0119 w p\u00f3\u0142nocnej Strefie Gazy \u2013 ostrze\u017cenie, kt\u00f3re nadesz\u0142o dzie\u0144 po tym, jak Izrael","og:url":"https:\/\/wia.net.pl\/index.php\/2023\/10\/20\/czy-walka-gazy-i-izraela-to-falszywa-flaga\/","og:image":"https:\/\/wia.net.pl\/wp-content\/uploads\/2023\/11\/cropped-freedom-i73367.jpg","og:image:secure_url":"https:\/\/wia.net.pl\/wp-content\/uploads\/2023\/11\/cropped-freedom-i73367.jpg","article:published_time":"2023-10-20T11:56:34+00:00","article:modified_time":"2023-10-20T11:56:34+00:00","twitter:card":"summary_large_image","twitter:title":"Czy walka Gazy i Izraela to \u201efa\u0142szywa flaga\u201d? - Wolno\u015b\u0107 i Anarchia","twitter:description":"Czy walka Gazy i Izraela to \u201efa\u0142szywa flaga\u201d? Pozwolili, \u017ceby to si\u0119 wydarzy\u0142o? Ich celem jest \u201ewymazanie Gazy z mapy\u201d? Autorzy: Philip Giraldi i profesor Michel Chossudovsky Aktualizacja (14 pa\u017adziernika 2023 r.) To ludob\u00f3jstwo, absolutna rze\u017a. \u201eWycieraj\u0105 Gaz\u0119 z mapy\u201d \u201e[Izraelska armia] o\u015bwiadczy\u0142a, \u017ce \u200b\u200bwkr\u00f3tce rozpocznie szeroko zakrojon\u0105 ofensyw\u0119 w p\u00f3\u0142nocnej Strefie Gazy \u2013 ostrze\u017cenie, kt\u00f3re nadesz\u0142o dzie\u0144 po tym, jak Izrael","twitter:image":"https:\/\/wia.net.pl\/wp-content\/uploads\/2023\/11\/cropped-freedom-i73367.jpg"},"aioseo_meta_data":{"post_id":"5035","title":null,"description":null,"keywords":[],"keyphrases":{"focus":{"keyphrase":"","score":0,"analysis":{"keyphraseInTitle":{"score":0,"maxScore":9,"error":1}}},"additional":[]},"primary_term":null,"canonical_url":null,"og_title":null,"og_description":null,"og_object_type":"default","og_image_type":"default","og_image_url":null,"og_image_width":null,"og_image_height":null,"og_image_custom_url":null,"og_image_custom_fields":null,"og_video":"","og_custom_url":null,"og_article_section":null,"og_article_tags":[],"twitter_use_og":false,"twitter_card":"default","twitter_image_type":"default","twitter_image_url":null,"twitter_image_custom_url":null,"twitter_image_custom_fields":null,"twitter_title":null,"twitter_description":null,"schema":{"blockGraphs":[],"customGraphs":[],"default":{"data":{"Article":[],"Course":[],"Dataset":[],"FAQPage":[],"Movie":[],"Person":[],"Product":[],"ProductReview":[],"Car":[],"Recipe":[],"Service":[],"SoftwareApplication":[],"WebPage":[]},"graphName":"BlogPosting","isEnabled":true},"graphs":[]},"schema_type":"default","schema_type_options":null,"pillar_content":false,"robots_default":true,"robots_noindex":false,"robots_noarchive":false,"robots_nosnippet":false,"robots_nofollow":false,"robots_noimageindex":false,"robots_noodp":false,"robots_notranslate":false,"robots_max_snippet":"-1","robots_max_videopreview":"-1","robots_max_imagepreview":"large","priority":null,"frequency":"default","local_seo":null,"breadcrumb_settings":null,"limit_modified_date":false,"ai":null,"created":"2023-10-20 11:56:34","updated":"2025-06-04 09:34:07","seo_analyzer_scan_date":null,"focus_keyword":null,"additional_keywords":null,"truseo_locale":null},"aioseo_breadcrumb":"<div class=\"aioseo-breadcrumbs\"><span class=\"aioseo-breadcrumb\">\n\t\t\t<a href=\"https:\/\/wia.net.pl\" title=\"Home\">Home<\/a>\n\t\t<\/span><span class=\"aioseo-breadcrumb-separator\">&raquo;<\/span><span class=\"aioseo-breadcrumb\">\n\t\t\t<a href=\"https:\/\/wia.net.pl\/index.php\/category\/artykuly\/\" title=\"Artyku\u0142y\">Artyku\u0142y<\/a>\n\t\t<\/span><span class=\"aioseo-breadcrumb-separator\">&raquo;<\/span><span class=\"aioseo-breadcrumb\">\n\t\t\tCzy walka Gazy i Izraela to \u201efa\u0142szywa flaga\u201d? \n\t\t<\/span><\/div>","aioseo_breadcrumb_json":[{"label":"Home","link":"https:\/\/wia.net.pl"},{"label":"Artyku\u0142y","link":"https:\/\/wia.net.pl\/index.php\/category\/artykuly\/"},{"label":"Czy walka Gazy i Izraela to \u201efa\u0142szywa flaga\u201d?\u00a0","link":"https:\/\/wia.net.pl\/index.php\/2023\/10\/20\/czy-walka-gazy-i-izraela-to-falszywa-flaga\/"}],"_links":{"self":[{"href":"https:\/\/wia.net.pl\/index.php\/wp-json\/wp\/v2\/posts\/5035"}],"collection":[{"href":"https:\/\/wia.net.pl\/index.php\/wp-json\/wp\/v2\/posts"}],"about":[{"href":"https:\/\/wia.net.pl\/index.php\/wp-json\/wp\/v2\/types\/post"}],"author":[{"embeddable":true,"href":"https:\/\/wia.net.pl\/index.php\/wp-json\/wp\/v2\/users\/2"}],"replies":[{"embeddable":true,"href":"https:\/\/wia.net.pl\/index.php\/wp-json\/wp\/v2\/comments?post=5035"}],"version-history":[{"count":1,"href":"https:\/\/wia.net.pl\/index.php\/wp-json\/wp\/v2\/posts\/5035\/revisions"}],"predecessor-version":[{"id":5037,"href":"https:\/\/wia.net.pl\/index.php\/wp-json\/wp\/v2\/posts\/5035\/revisions\/5037"}],"wp:featuredmedia":[{"embeddable":true,"href":"https:\/\/wia.net.pl\/index.php\/wp-json\/wp\/v2\/media\/5036"}],"wp:attachment":[{"href":"https:\/\/wia.net.pl\/index.php\/wp-json\/wp\/v2\/media?parent=5035"}],"wp:term":[{"taxonomy":"category","embeddable":true,"href":"https:\/\/wia.net.pl\/index.php\/wp-json\/wp\/v2\/categories?post=5035"},{"taxonomy":"post_tag","embeddable":true,"href":"https:\/\/wia.net.pl\/index.php\/wp-json\/wp\/v2\/tags?post=5035"}],"curies":[{"name":"wp","href":"https:\/\/api.w.org\/{rel}","templated":true}]}}