{"id":5056,"date":"2023-10-21T13:01:20","date_gmt":"2023-10-21T11:01:20","guid":{"rendered":"https:\/\/wia.net.pl\/?p=5056"},"modified":"2023-10-21T13:01:56","modified_gmt":"2023-10-21T11:01:56","slug":"john-kerry-ludzkosc-jest-nieublaganie-zagrozona-przez-sama-ludzkosc","status":"publish","type":"post","link":"https:\/\/wia.net.pl\/index.php\/2023\/10\/21\/john-kerry-ludzkosc-jest-nieublaganie-zagrozona-przez-sama-ludzkosc\/","title":{"rendered":"\u201eLudzko\u015b\u0107 jest nieub\u0142aganie zagro\u017cona przez sam\u0105 ludzko\u015b\u0107\u201d"},"content":{"rendered":"\n<p>John Kerry: \u201eLudzko\u015b\u0107 jest nieub\u0142aganie zagro\u017cona przez sam\u0105 ludzko\u015b\u0107\u201d<\/p>\n\n\n\n<p>Autor, RHODA&nbsp;<a href=\"https:\/\/expose-news.com\/author\/rhoda-wilson\/\">WILSON<\/a><\/p>\n\n\n\n<p>The Expose<\/p>\n\n\n\n<figure class=\"wp-block-image size-large\"><img loading=\"lazy\" decoding=\"async\" width=\"1024\" height=\"576\" src=\"https:\/\/wia.net.pl\/wp-content\/uploads\/2023\/10\/glo-1024x576.jpg\" alt=\"\" class=\"wp-image-5057\" srcset=\"https:\/\/wia.net.pl\/wp-content\/uploads\/2023\/10\/glo-1024x576.jpg 1024w, https:\/\/wia.net.pl\/wp-content\/uploads\/2023\/10\/glo-300x169.jpg 300w, https:\/\/wia.net.pl\/wp-content\/uploads\/2023\/10\/glo-768x432.jpg 768w, https:\/\/wia.net.pl\/wp-content\/uploads\/2023\/10\/glo-1536x864.jpg 1536w, https:\/\/wia.net.pl\/wp-content\/uploads\/2023\/10\/glo-480x270.jpg 480w, https:\/\/wia.net.pl\/wp-content\/uploads\/2023\/10\/glo.jpg 1920w\" sizes=\"(max-width: 1024px) 100vw, 1024px\" \/><\/figure>\n\n\n\n<p><strong>W sierpniu specjalny wys\u0142annik prezydenta USA ds. klimatu John Kerry wyg\u0142osi\u0142 wyst\u0105pienie w ramach szkockich globalnych dialog\u00f3w na temat \u201ekryzysu klimatycznego\u201d.&nbsp;Przywo\u0142a\u0142 ducha publikacji Klubu Rzymskiego z 1991 roku, w kt\u00f3rym nieuczciwie stwierdzono, \u017ce \u201ewsp\u00f3lnym wrogiem ludzko\u015bci jest cz\u0142owiek\u201d.<\/strong><\/p>\n\n\n\n<p><strong>Ekstremistyczne pogl\u0105dy Kerry&#8217;ego zosta\u0142y z zadowoleniem przyj\u0119te przez pierwszego ministra Szkocji, kt\u00f3ry docenia wysi\u0142ki Kerry&#8217;ego na rzecz zag\u0142ady ludzko\u015bci.<\/strong><\/p>\n\n\n\n<p>Przedstawiaj\u0105c Kerry&#8217;ego podczas Szkockich Globalnych Dialog\u00f3w,&nbsp;<a href=\"https:\/\/www.gov.scot\/publications\/first-ministers-speech-first-scottish-global-dialogues-lecture\/\">pierwszy minister Szkocji Humza Yousaf powiedzia\u0142<\/a>&nbsp;: \u201eSzkocja\u2026 zawsze b\u0119dzie ceni\u0107 i wita\u0107 wysi\u0142ki takich os\u00f3b jak sekretarz Kerry.&nbsp;Sekretarzu Kerry, to dla mnie prawdziwy zaszczyt i prawdziwa przyjemno\u015b\u0107 powita\u0107 pana dzisiaj tutaj.&nbsp;Wszyscy z niecierpliwo\u015bci\u0105 czekamy na to, co masz do powiedzenia\u201d.<\/p>\n\n\n\n<p>Ka\u017cdy, kto wita Kerry&#8217;ego, z zadowoleniem przyjmuje tak\u017ce propagowan\u0105 przez niego ideologi\u0119 i przez to jest tak samo winny jak sam Kerry.&nbsp;A zatem, co Yousaf zawsze b\u0119dzie mile widziany?<\/p>\n\n\n\n<h3 class=\"wp-block-heading\"><strong>Pierwsza globalna rewolucja<\/strong><\/h3>\n\n\n\n<p>Zanim przejdziemy do szczeg\u00f3\u0142\u00f3w tego, co Kerry wyg\u0142osi\u0142 podczas Scottish Global Dialogues, powinni\u015bmy od\u015bwie\u017cy\u0107 nasze wspomnienia co do tre\u015bci ksi\u0105\u017cki opublikowanej przez globalistyczny zesp\u00f3\u0142 doradc\u00f3w Club of Rome w 1991 roku: \u201ePierwsza globalna rewolucja&nbsp;<a href=\"https:\/\/ia801702.us.archive.org\/34\/items\/the-first-global-revolution-a-report-by-the-council-of-the-club-of-rome-alexande\/The%20First%20Global%20Revolution_%20A%20Report%20by%20the%20Council%20of%20the%20Club%20of%20Rome%20-%20Alexander%20King%2C%20Bertrand%20Schneider%20-%20-%20Random%20House%2C%20Inc.%20_%20Pantheon%20Books%20%281991%29.pdf\"><em>\u201d<\/em><\/a>&nbsp;.&nbsp;By\u0142o to kontynuacj\u0105 wcze\u015bniejszego raportu Klubu Rzymskiego z 1972 r. zatytu\u0142owanego \u201e&nbsp;<a href=\"https:\/\/expose-news.com\/2023\/05\/13\/the-limits-to-growth-is-deeply-flawed\/\"><em>Granice wzrostu<\/em><\/a><em>&nbsp;\u201d<\/em>&nbsp;.<\/p>\n\n\n\n<p>(Powi\u0105zane:&nbsp;<a href=\"https:\/\/expose-news.com\/2023\/05\/02\/club-of-rome-genocide-of-the-worlds-population\/\">Autor ksi\u0105\u017cki \u201eThe Limits to Growth\u201d promuje ludob\u00f3jstwo 86% \u015bwiatowej populacji,<\/a>&nbsp;a&nbsp;<a href=\"https:\/\/expose-news.com\/2023\/07\/25\/uk-local-councils-climate-emergency-dystopian-control-public-life\/\">samorz\u0105dy lokalne Wielkiej Brytanii wszczynaj\u0105 \u201ekryzys klimatyczny\u201d, aby wdro\u017cy\u0107 dystopijn\u0105 kontrol\u0119 \u017cycia publicznego<\/a>&nbsp;)<\/p>\n\n\n\n<p><em>Pierwsza Globalna Rewolucja<\/em>&nbsp;rozpocz\u0119\u0142a si\u0119 wkr\u00f3tce po upadku komunizmu.&nbsp;W nim emerytowany prezydent Klubu Rzymskiego Alexander King i sekretarz generalny Bertrand Schneider opisali problemy \u015bwiata tak, jak je postrzegaj\u0105, oraz podej\u015bcie do mo\u017cliwego rozwi\u0105zania.<\/p>\n\n\n\n<p><a href=\"https:\/\/www.clubofrome.org\/publication\/the-first-global-revolution-1991\/\">Tematy poruszone w ksi\u0105\u017cce<\/a>&nbsp;obejmowa\u0142y \u201epotrzeb\u0119 przej\u015bcia \u015bwiata z gospodarki wojskowej na gospodark\u0119 cywiln\u0105, uznanie katastrofalnych, kr\u00f3tkoterminowych skutk\u00f3w wyzysku biedy i potrzeb Trzeciego \u015awiata przez kraje Pierwszego \u015awiata oraz powstrzymanie globalnego ocieplenia : potrzeba ograniczenia globalnej emisji dwutlenku w\u0119gla, zach\u0119cania do ponownego zalesiania, ochrony tradycyjnych form energii i opracowania rozwi\u0105za\u0144 alternatywnych.\u201d<\/p>\n\n\n\n<p>Co najwa\u017cniejsze, w ksi\u0105\u017cce uznano \u201eglobalne ocieplenie\u201d za nowy pretekst do prowadzenia wojny z ludzko\u015bci\u0105 pod pozorem \u201eratowania planety\u201d.<\/p>\n\n\n\n<blockquote class=\"wp-block-quote is-layout-flow wp-block-quote-is-layout-flow\">\n<p><strong>PROBLEM: PR\u00d3\u017bNIA<\/strong><\/p>\n\n\n\n<p>Potrzeba wrog\u00f3w wydaje si\u0119 by\u0107 powszechnym czynnikiem historycznym.&nbsp;Pa\u0144stwa stara\u0142y si\u0119 przezwyci\u0119\u017cy\u0107 niepowodzenia wewn\u0119trzne i wewn\u0119trzne sprzeczno\u015bci poprzez wyznaczanie wrog\u00f3w zewn\u0119trznych.&nbsp;Praktyka koz\u0142a ofiarnego jest tak stara jak sama ludzko\u015b\u0107.&nbsp;Kiedy w domu sprawy staj\u0105 si\u0119 zbyt trudne, odwr\u00f3\u0107 uwag\u0119 przygodami za granic\u0105.&nbsp;Zjednoczcie podzielony nar\u00f3d, aby stawi\u0107 czo\u0142a wrogowi zewn\u0119trznemu, prawdziwemu lub wymy\u015blonemu w tym celu.&nbsp;[str.&nbsp;108]<\/p>\n\n\n\n<p>Czy mo\u017cemy \u017cy\u0107 bez wrog\u00f3w?&nbsp;Ka\u017cde pa\u0144stwo tak przyzwyczai\u0142o si\u0119 do klasyfikowania swoich s\u0105siad\u00f3w jako przyjaciela lub wroga, \u017ce \u200b\u200bnag\u0142a nieobecno\u015b\u0107 tradycyjnych przeciwnik\u00f3w pozostawi\u0142a rz\u0105dy i opini\u0119 publiczn\u0105 z wielk\u0105 pustk\u0105.&nbsp;Nale\u017cy zatem zidentyfikowa\u0107 nowych wrog\u00f3w, wyobrazi\u0107 sobie nowe strategie i opracowa\u0107 now\u0105 bro\u0144.&nbsp;Nowi wrogowie mogli zmieni\u0107 sw\u00f3j charakter i lokalizacj\u0119, ale s\u0105 nie mniej prawdziwi.&nbsp;Zagra\u017caj\u0105 ca\u0142emu rodzajowi ludzkiemu, a ich nazwy to zanieczyszczenie, niedob\u00f3r wody, g\u0142\u00f3d, niedo\u017cywienie, analfabetyzm, bezrobocie.&nbsp;Okazuje si\u0119 jednak, \u017ce \u015bwiadomo\u015b\u0107<\/p>\n\n\n\n<p>nowych wrog\u00f3w jest jak dot\u0105d niewystarczaj\u0105ce, aby wzbudzi\u0107 sp\u00f3jno\u015b\u0107 \u015bwiata i solidarno\u015b\u0107 w walce.&nbsp;[str.108]<\/p>\n\n\n\n<p><strong>Wsp\u00f3lnym wrogiem ludzko\u015bci jest cz\u0142owiek<\/strong><\/p>\n\n\n\n<p>Szukaj\u0105c nowego wroga, kt\u00f3ry by nas zjednoczy\u0142, wpadli\u015bmy na pomys\u0142, \u017ce zanieczyszczenie, zagro\u017cenie globalnym ociepleniem, niedobory wody, g\u0142\u00f3d i tym podobne b\u0119d\u0105 odpowiednie.&nbsp;Wszystkie te zagro\u017cenia s\u0105 spowodowane interwencj\u0105 cz\u0142owieka i tylko poprzez zmian\u0119 postaw i zachowa\u0144 mo\u017cna je pokona\u0107.&nbsp;Zatem prawdziwym wrogiem jest sama ludzko\u015b\u0107.&nbsp;[str.&nbsp;115]<a href=\"https:\/\/ia801702.us.archive.org\/34\/items\/the-first-global-revolution-a-report-by-the-council-of-the-club-of-rome-alexande\/The%20First%20Global%20Revolution_%20A%20Report%20by%20the%20Council%20of%20the%20Club%20of%20Rome%20-%20Alexander%20King%2C%20Bertrand%20Schneider%20-%20-%20Random%20House%2C%20Inc.%20_%20Pantheon%20Books%20%281991%29.pdf\">Pierwsza globalna rewolucja<\/a>&nbsp;, raport Rady Klubu Rzymskiego, 1991<\/p>\n<\/blockquote>\n\n\n\n<h3 class=\"wp-block-heading\"><strong>Ludzie tacy jak&nbsp;<\/strong><strong>John Kerry s\u0105 wrogiem ludzko\u015bci<\/strong><\/h3>\n\n\n\n<p>Teraz, gdy ju\u017c wiemy, sk\u0105d bierze si\u0119 ideologia \u201ezmian klimatycznych\u201d, przyjrzyjmy si\u0119, co przyj\u0119\u0142a pierwsza minister Szkocji podczas szkockich globalnych dialog\u00f3w.<\/p>\n\n\n\n<p>Oto co Kerry mia\u0142a do powiedzenia:<\/p>\n\n\n\n<p>\u201eWidz\u0119 wiele znajomych twarzy.&nbsp;Wspaniale jest by\u0107 w\u015br\u00f3d przyjaci\u00f3\u0142, zar\u00f3wno starych, jak i nowych.\u201d<\/p>\n\n\n\n<p>Nast\u0119pnie og\u0142osi\u0142 Jamesa Huttona \u201epierwszym na \u015bwiecie klimatologiem\u201d.<\/p>\n\n\n\n<p><a href=\"https:\/\/www.britannica.com\/biography\/James-Hutton\">James Hutton<\/a>&nbsp;by\u0142 szkockim geologiem, rolnikiem, producentem \u015brodk\u00f3w chemicznych, przyrodnikiem, lekarzem i filozofem, kt\u00f3ry odegra\u0142 kluczow\u0105 rol\u0119 w ustanowieniu geologii jako nowoczesnej nauki.&nbsp;Wni\u00f3s\u0142&nbsp;<a href=\"https:\/\/www.edinburghgeolsoc.org\/edinburghs-geology\/geological-pioneers\/james-hutton\/\">istotny wk\u0142ad<\/a>&nbsp;w szkockie o\u015bwiecenie i lubi\u0142 towarzystwo takich ludzi jak Sir James Hall z Dunglass, James Watt, Adam Smith i Joseph Black.<\/p>\n\n\n\n<p>\u201eO\u015bwiecenie zmieni\u0142o spos\u00f3b my\u015blenia, aby zyska\u0107 akceptacj\u0119 zasady, \u017ce dowody oparte na nauce, a nie nadana w\u0142adza g\u0142osz\u0105ca w\u0142asn\u0105 tradycj\u0119, stanowi\u0105 podstaw\u0119 praw wszech\u015bwiata\u201d \u2013 stwierdzi\u0142 Kerry.&nbsp;<\/p>\n\n\n\n<p>\u201eNaukowo\u201d?&nbsp;Czy to to samo, co oparte na dowodach?&nbsp;Nie, nie jest.&nbsp;To, co m\u00f3wi \u201enauka\u201d, mo\u017cna zmanipulowa\u0107 za pomoc\u0105 pieni\u0119dzy i cenzury, aby uzyska\u0107 po\u017c\u0105dane rezultaty.&nbsp;A szkockie o\u015bwiecenie by\u0142o&nbsp;<a href=\"https:\/\/www.historic-uk.com\/HistoryUK\/HistoryofScotland\/The-Scottish-Enlightenment\/\">ruchem intelektualnym i filozoficznym,<\/a>&nbsp;a nie ruchem opartym na dowodach.<\/p>\n\n\n\n<p>David Hume, szkocki filozof, by\u0142 jednym z czo\u0142owych przedstawicieli tego ruchu.&nbsp;Mo\u017ce nie nazwa\u0142by tego stosunkami kulturowymi czy mi\u0119kk\u0105 si\u0142\u0105, ale&nbsp;<a href=\"https:\/\/www.britishcouncil.org\/research-insight\/scottish-enlightenment\">dobrze rozumia\u0142 warto\u015b\u0107 internacjonalizmu<\/a>&nbsp;, wsp\u00f3\u0142pracy i zaufania w budowaniu lepszej przysz\u0142o\u015bci dla ludzko\u015bci.&nbsp;Pocz\u0105tk\u00f3w wsp\u00f3\u0142czesnej ekonomii, socjologii i lingwistyki mo\u017cna doszukiwa\u0107 si\u0119 w szkockim o\u015bwieceniu.<\/p>\n\n\n\n<p>Przypomniawszy nazwiska i osi\u0105gni\u0119cia tych \u201eopartych na nauce\u201d filozof\u00f3w z przesz\u0142o\u015bci, Kerry odwraca prawd\u0119:<\/p>\n\n\n\n<blockquote class=\"wp-block-quote is-layout-flow wp-block-quote-is-layout-flow\">\n<p>Pomimo szerokiego wachlarza fakt\u00f3w empirycznych nie budz\u0105cych \u017cadnych w\u0105tpliwo\u015bci, pomimo pracy tysi\u0119cy naukowc\u00f3w gromadz\u0105cej przez ca\u0142e \u017cycie twarde dane i bez ani jednej recenzowanej dokumentacji ani dokumentacji \u015bwiadcz\u0105cej o czym\u015b przeciwnym, zn\u00f3w jeste\u015bmy \u015bwiadkami kolejnego momentu, w kt\u00f3rym si\u0142a perswazji dowod\u00f3w, a wraz z nim przysz\u0142o\u015b\u0107 Ziemi wisi na w\u0142osku.<\/p>\n\n\n\n<p>Wszystko dlatego, \u017ce niekt\u00f3re ekstremistyczne g\u0142osy polityczne, oporne narody i bardzo partykularne interesy wypowiedzia\u0142y wojn\u0119 faktom i nauce.&nbsp;Wszystko dlatego, \u017ce dla korzy\u015bci politycznych lub osobistych zniekszta\u0142caj\u0105 to, co nauka i zdrowy rozs\u0105dek nakazuj\u0105 nam, ludziom, aby zaprowadzi\u0107 porz\u0105dek w naszym domu.<\/p>\n\n\n\n<p>Pod\u017cegaj\u0105 do ruchu przeciwko temu, co fa\u0142szywie nazywaj\u0105 \u201efanatyzmem dotycz\u0105cym zmian klimatycznych\u201d, wygodnie zapominaj\u0105c, \u017ce s\u0142ownikowa definicja sekty to odrzucanie fakt\u00f3w w imi\u0119 k\u0142amstwa.<\/p>\n\n\n\n<p>Chocia\u017c nie chc\u0105 zaakceptowa\u0107 fakt\u00f3w stoj\u0105cych za coraz bardziej oczywistymi szkodami kryzysu klimatycznego, atakuj\u0105 osoby m\u00f3wi\u0105ce prawd\u0119 i nazywaj\u0105 bezsporne dowody histeri\u0105.<a href=\"https:\/\/www.state.gov\/spec-remarks-at-scottish-global-dialogues-in-edinburg-scotland\/\">Specjalny wys\u0142annik prezydenta ds. klimatu John Kerry podczas Scottish Global Dialogues w Edynburgu, Szkocja<\/a>&nbsp;, Departament Stanu USA, 24 sierpnia 2023 r.<\/p>\n<\/blockquote>\n\n\n\n<p>A potem, jakby trzyma\u0142 na nocnym stoliku egzemplarz \u201e&nbsp;<em>Pierwszej globalnej rewolucji<\/em>&nbsp;\u201d Klubu Rzymskiego i pr\u00f3bowa\u0142 przywo\u0142a\u0107 demony drzemi\u0105ce na jego stronach, powiedzia\u0142: \u201eTeraz ludzko\u015b\u0107 jest nieub\u0142aganie zagro\u017cona przez sam\u0105 ludzko\u015b\u0107 .\u201d<\/p>\n\n\n\n<p>Kerry odwr\u00f3ci\u0142 prawd\u0119 w swoim przem\u00f3wieniu poprzedzaj\u0105cym to o\u015bwiadczenie, mo\u017cna wi\u0119c bezpiecznie za\u0142o\u017cy\u0107, \u017ce zrobi\u0142 to ponownie \u2013 w zgodnym z prawd\u0105 o\u015bwiadczeniu czytamy: \u201eTeraz ludzko\u015b\u0107 jest zagro\u017cona przez wysi\u0142ki ludzi takich jak Sekretarz Kerry\u201d.<\/p>\n\n\n\n<p>Miejmy nadziej\u0119, \u017ce zanim Kerry b\u0119dzie m\u00f3g\u0142 wyrz\u0105dzi\u0107 wi\u0119cej krzywdy, zostanie odwo\u0142any.&nbsp;Izba Reprezentant\u00f3w USA przedstawi\u0142a&nbsp;<a href=\"https:\/\/expose-news.com\/2023\/10\/05\/us-cuts-funding-to-un-who-wef\/\">projekt ustawy bud\u017cetowej Departamentu Stanu USA<\/a>&nbsp;, kt\u00f3ry odcina finansowanie, a tym samym eliminuje 33 specjalnych wys\u0142annik\u00f3w i specjalnych przedstawicieli, w tym kultyst\u0119 klimatycznego dnia zag\u0142ady Johna Kerry\u2019ego.&nbsp;Zabrania tak\u017ce finansowania jego wsp\u00f3\u0142pracownik\u00f3w alarmuj\u0105cych klimat w Organizacji Narod\u00f3w Zjednoczonych, kt\u00f3rzy finansuj\u0105 programy klimatyczne przynosz\u0105ce efekt przeciwny do zamierzonego, szkodz\u0105ce bezpiecze\u0144stwu energetycznemu i rozwojowi gospodarczemu w krajach s\u0142abo rozwini\u0119tych.&nbsp;Projekt&nbsp;<a href=\"https:\/\/www.congress.gov\/bill\/118th-congress\/house-bill\/4665\/all-actions\">ustawy by\u0142 dwukrotnie czytany,<\/a>&nbsp;ale nadal oczekuje na przyj\u0119cie przez Senat USA.<\/p>\n\n\n\n<p>\u0179r\u00f3d\u0142o <a href=\"https:\/\/expose-news.com\/2023\/10\/21\/kerry-humanity-is-threatened-by-humanity-itself\/\">https:\/\/expose-news.com\/2023\/10\/21\/kerry-humanity-is-threatened-by-humanity-itself\/<\/a><\/p>\n","protected":false},"excerpt":{"rendered":"<p>John Kerry: \u201eLudzko\u015b\u0107 jest nieub\u0142aganie zagro\u017cona przez sam\u0105 ludzko\u015b\u0107\u201d Autor, RHODA&nbsp;WILSON The Expose W sierpniu specjalny wys\u0142annik prezydenta USA ds. klimatu John Kerry wyg\u0142osi\u0142 wyst\u0105pienie w ramach szkockich globalnych dialog\u00f3w na temat \u201ekryzysu klimatycznego\u201d.&nbsp;Przywo\u0142a\u0142 ducha publikacji Klubu Rzymskiego z 1991&#8230; <\/p>\n","protected":false},"author":2,"featured_media":5057,"comment_status":"open","ping_status":"open","sticky":false,"template":"","format":"standard","meta":{"_acf_changed":false,"_bbp_topic_count":0,"_bbp_reply_count":0,"_bbp_total_topic_count":0,"_bbp_total_reply_count":0,"_bbp_voice_count":0,"_bbp_anonymous_reply_count":0,"_bbp_topic_count_hidden":0,"_bbp_reply_count_hidden":0,"_bbp_forum_subforum_count":0,"om_disable_all_campaigns":false,"_monsterinsights_skip_tracking":false,"footnotes":""},"categories":[93],"tags":[],"class_list":["post-5056","post","type-post","status-publish","format-standard","has-post-thumbnail","hentry","category-artykuly"],"acf":[],"aioseo_notices":[],"aioseo_head":"\n\t\t<!-- All in One SEO 5.0.1.1 - aioseo.com -->\n\t<meta name=\"description\" content=\"John Kerry: \u201eLudzko\u015b\u0107 jest nieub\u0142aganie zagro\u017cona przez sam\u0105 ludzko\u015b\u0107\u201d Autor, RHODA WILSON The Expose W sierpniu specjalny wys\u0142annik prezydenta USA ds. klimatu John Kerry wyg\u0142osi\u0142 wyst\u0105pienie w ramach szkockich globalnych dialog\u00f3w na temat \u201ekryzysu klimatycznego\u201d. Przywo\u0142a\u0142 ducha publikacji Klubu Rzymskiego z 1991 roku, w kt\u00f3rym nieuczciwie stwierdzono, \u017ce \u201ewsp\u00f3lnym wrogiem ludzko\u015bci jest cz\u0142owiek\u201d. Ekstremistyczne pogl\u0105dy Kerry&#039;ego zosta\u0142y\" \/>\n\t<meta name=\"robots\" content=\"max-image-preview:large\" \/>\n\t<meta name=\"author\" content=\"trinity\"\/>\n\t<link rel=\"canonical\" href=\"https:\/\/wia.net.pl\/index.php\/2023\/10\/21\/john-kerry-ludzkosc-jest-nieublaganie-zagrozona-przez-sama-ludzkosc\/\" \/>\n\t<meta name=\"generator\" content=\"All in One SEO (AIOSEO) 5.0.1.1\" \/>\n\t\t<meta property=\"og:locale\" content=\"pl_PL\" \/>\n\t\t<meta property=\"og:site_name\" content=\"Wolno\u015b\u0107 i Anarchia - Ka\u017cdy wewn\u0119trznie jest anarchist\u0105.\" \/>\n\t\t<meta property=\"og:type\" content=\"article\" \/>\n\t\t<meta property=\"og:title\" content=\"\u201eLudzko\u015b\u0107 jest nieub\u0142aganie zagro\u017cona przez sam\u0105 ludzko\u015b\u0107\u201d - Wolno\u015b\u0107 i Anarchia\" \/>\n\t\t<meta property=\"og:description\" content=\"John Kerry: \u201eLudzko\u015b\u0107 jest nieub\u0142aganie zagro\u017cona przez sam\u0105 ludzko\u015b\u0107\u201d Autor, RHODA WILSON The Expose W sierpniu specjalny wys\u0142annik prezydenta USA ds. klimatu John Kerry wyg\u0142osi\u0142 wyst\u0105pienie w ramach szkockich globalnych dialog\u00f3w na temat \u201ekryzysu klimatycznego\u201d. Przywo\u0142a\u0142 ducha publikacji Klubu Rzymskiego z 1991 roku, w kt\u00f3rym nieuczciwie stwierdzono, \u017ce \u201ewsp\u00f3lnym wrogiem ludzko\u015bci jest cz\u0142owiek\u201d. Ekstremistyczne pogl\u0105dy Kerry&#039;ego zosta\u0142y\" \/>\n\t\t<meta property=\"og:url\" content=\"https:\/\/wia.net.pl\/index.php\/2023\/10\/21\/john-kerry-ludzkosc-jest-nieublaganie-zagrozona-przez-sama-ludzkosc\/\" \/>\n\t\t<meta property=\"og:image\" content=\"https:\/\/wia.net.pl\/wp-content\/uploads\/2023\/11\/cropped-freedom-i73367.jpg\" \/>\n\t\t<meta property=\"og:image:secure_url\" content=\"https:\/\/wia.net.pl\/wp-content\/uploads\/2023\/11\/cropped-freedom-i73367.jpg\" \/>\n\t\t<meta property=\"article:published_time\" content=\"2023-10-21T11:01:20+00:00\" \/>\n\t\t<meta property=\"article:modified_time\" content=\"2023-10-21T11:01:56+00:00\" \/>\n\t\t<meta name=\"twitter:card\" content=\"summary_large_image\" \/>\n\t\t<meta name=\"twitter:title\" content=\"\u201eLudzko\u015b\u0107 jest nieub\u0142aganie zagro\u017cona przez sam\u0105 ludzko\u015b\u0107\u201d - Wolno\u015b\u0107 i Anarchia\" \/>\n\t\t<meta name=\"twitter:description\" content=\"John Kerry: \u201eLudzko\u015b\u0107 jest nieub\u0142aganie zagro\u017cona przez sam\u0105 ludzko\u015b\u0107\u201d Autor, RHODA WILSON The Expose W sierpniu specjalny wys\u0142annik prezydenta USA ds. klimatu John Kerry wyg\u0142osi\u0142 wyst\u0105pienie w ramach szkockich globalnych dialog\u00f3w na temat \u201ekryzysu klimatycznego\u201d. Przywo\u0142a\u0142 ducha publikacji Klubu Rzymskiego z 1991 roku, w kt\u00f3rym nieuczciwie stwierdzono, \u017ce \u201ewsp\u00f3lnym wrogiem ludzko\u015bci jest cz\u0142owiek\u201d. Ekstremistyczne pogl\u0105dy Kerry&#039;ego zosta\u0142y\" \/>\n\t\t<meta name=\"twitter:image\" content=\"https:\/\/wia.net.pl\/wp-content\/uploads\/2023\/11\/cropped-freedom-i73367.jpg\" \/>\n\t\t<script type=\"application\/ld+json\" class=\"aioseo-schema\">\n\t\t\t{\"@context\":\"https:\\\/\\\/schema.org\",\"@graph\":[{\"@type\":\"BlogPosting\",\"@id\":\"https:\\\/\\\/wia.net.pl\\\/index.php\\\/2023\\\/10\\\/21\\\/john-kerry-ludzkosc-jest-nieublaganie-zagrozona-przez-sama-ludzkosc\\\/#blogposting\",\"name\":\"\\u201eLudzko\\u015b\\u0107 jest nieub\\u0142aganie zagro\\u017cona przez sam\\u0105 ludzko\\u015b\\u0107\\u201d - Wolno\\u015b\\u0107 i Anarchia\",\"headline\":\"\\u201eLudzko\\u015b\\u0107 jest nieub\\u0142aganie zagro\\u017cona przez sam\\u0105 ludzko\\u015b\\u0107\\u201d\",\"author\":{\"@id\":\"https:\\\/\\\/wia.net.pl\\\/index.php\\\/author\\\/trinity\\\/#author\"},\"publisher\":{\"@id\":\"https:\\\/\\\/wia.net.pl\\\/#person\"},\"image\":{\"@type\":\"ImageObject\",\"url\":\"https:\\\/\\\/wia.net.pl\\\/wp-content\\\/uploads\\\/2023\\\/10\\\/glo.jpg\",\"width\":1920,\"height\":1080},\"datePublished\":\"2023-10-21T13:01:20+02:00\",\"dateModified\":\"2023-10-21T13:01:56+02:00\",\"inLanguage\":\"pl-PL\",\"mainEntityOfPage\":{\"@id\":\"https:\\\/\\\/wia.net.pl\\\/index.php\\\/2023\\\/10\\\/21\\\/john-kerry-ludzkosc-jest-nieublaganie-zagrozona-przez-sama-ludzkosc\\\/#webpage\"},\"isPartOf\":{\"@id\":\"https:\\\/\\\/wia.net.pl\\\/index.php\\\/2023\\\/10\\\/21\\\/john-kerry-ludzkosc-jest-nieublaganie-zagrozona-przez-sama-ludzkosc\\\/#webpage\"},\"articleSection\":\"Artyku\\u0142y\"},{\"@type\":\"BreadcrumbList\",\"@id\":\"https:\\\/\\\/wia.net.pl\\\/index.php\\\/2023\\\/10\\\/21\\\/john-kerry-ludzkosc-jest-nieublaganie-zagrozona-przez-sama-ludzkosc\\\/#breadcrumblist\",\"itemListElement\":[{\"@type\":\"ListItem\",\"@id\":\"https:\\\/\\\/wia.net.pl#listItem\",\"position\":1,\"name\":\"Home\",\"item\":\"https:\\\/\\\/wia.net.pl\",\"nextItem\":{\"@type\":\"ListItem\",\"@id\":\"https:\\\/\\\/wia.net.pl\\\/index.php\\\/category\\\/artykuly\\\/#listItem\",\"name\":\"Artyku\\u0142y\"}},{\"@type\":\"ListItem\",\"@id\":\"https:\\\/\\\/wia.net.pl\\\/index.php\\\/category\\\/artykuly\\\/#listItem\",\"position\":2,\"name\":\"Artyku\\u0142y\",\"item\":\"https:\\\/\\\/wia.net.pl\\\/index.php\\\/category\\\/artykuly\\\/\",\"nextItem\":{\"@type\":\"ListItem\",\"@id\":\"https:\\\/\\\/wia.net.pl\\\/index.php\\\/2023\\\/10\\\/21\\\/john-kerry-ludzkosc-jest-nieublaganie-zagrozona-przez-sama-ludzkosc\\\/#listItem\",\"name\":\"\\u201eLudzko\\u015b\\u0107 jest nieub\\u0142aganie zagro\\u017cona przez sam\\u0105 ludzko\\u015b\\u0107\\u201d\"},\"previousItem\":{\"@type\":\"ListItem\",\"@id\":\"https:\\\/\\\/wia.net.pl#listItem\",\"name\":\"Home\"}},{\"@type\":\"ListItem\",\"@id\":\"https:\\\/\\\/wia.net.pl\\\/index.php\\\/2023\\\/10\\\/21\\\/john-kerry-ludzkosc-jest-nieublaganie-zagrozona-przez-sama-ludzkosc\\\/#listItem\",\"position\":3,\"name\":\"\\u201eLudzko\\u015b\\u0107 jest nieub\\u0142aganie zagro\\u017cona przez sam\\u0105 ludzko\\u015b\\u0107\\u201d\",\"previousItem\":{\"@type\":\"ListItem\",\"@id\":\"https:\\\/\\\/wia.net.pl\\\/index.php\\\/category\\\/artykuly\\\/#listItem\",\"name\":\"Artyku\\u0142y\"}}]},{\"@type\":\"Person\",\"@id\":\"https:\\\/\\\/wia.net.pl\\\/#person\",\"name\":\"Bart\\u0142omiej Talarczyk\",\"image\":{\"@type\":\"ImageObject\",\"@id\":\"https:\\\/\\\/wia.net.pl\\\/index.php\\\/2023\\\/10\\\/21\\\/john-kerry-ludzkosc-jest-nieublaganie-zagrozona-przez-sama-ludzkosc\\\/#personImage\",\"url\":\"https:\\\/\\\/wia.net.pl\\\/wp-content\\\/uploads\\\/avatar-privacy\\\/cache\\\/user\\\/1\\\/7\\\/176a6b161c58363ff49b5c167264231f519f5c7fa183ca1f61e891769b6b56d5-96.jpg\",\"width\":96,\"height\":96,\"caption\":\"Bart\\u0142omiej Talarczyk\"}},{\"@type\":\"Person\",\"@id\":\"https:\\\/\\\/wia.net.pl\\\/index.php\\\/author\\\/trinity\\\/#author\",\"url\":\"https:\\\/\\\/wia.net.pl\\\/index.php\\\/author\\\/trinity\\\/\",\"name\":\"trinity\",\"image\":{\"@type\":\"ImageObject\",\"@id\":\"https:\\\/\\\/wia.net.pl\\\/index.php\\\/2023\\\/10\\\/21\\\/john-kerry-ludzkosc-jest-nieublaganie-zagrozona-przez-sama-ludzkosc\\\/#authorImage\",\"url\":\"https:\\\/\\\/wia.net.pl\\\/wp-content\\\/uploads\\\/avatar-privacy\\\/cache\\\/user\\\/5\\\/f\\\/5f6547cf82495eaa10e100a6a45d5dbde2dfdc1be88557de2018fca705bdf6f1-96.jpg\",\"width\":96,\"height\":96,\"caption\":\"trinity\"}},{\"@type\":\"WebPage\",\"@id\":\"https:\\\/\\\/wia.net.pl\\\/index.php\\\/2023\\\/10\\\/21\\\/john-kerry-ludzkosc-jest-nieublaganie-zagrozona-przez-sama-ludzkosc\\\/#webpage\",\"url\":\"https:\\\/\\\/wia.net.pl\\\/index.php\\\/2023\\\/10\\\/21\\\/john-kerry-ludzkosc-jest-nieublaganie-zagrozona-przez-sama-ludzkosc\\\/\",\"name\":\"\\u201eLudzko\\u015b\\u0107 jest nieub\\u0142aganie zagro\\u017cona przez sam\\u0105 ludzko\\u015b\\u0107\\u201d - Wolno\\u015b\\u0107 i Anarchia\",\"description\":\"John Kerry: \\u201eLudzko\\u015b\\u0107 jest nieub\\u0142aganie zagro\\u017cona przez sam\\u0105 ludzko\\u015b\\u0107\\u201d Autor, RHODA WILSON The Expose W sierpniu specjalny wys\\u0142annik prezydenta USA ds. klimatu John Kerry wyg\\u0142osi\\u0142 wyst\\u0105pienie w ramach szkockich globalnych dialog\\u00f3w na temat \\u201ekryzysu klimatycznego\\u201d. Przywo\\u0142a\\u0142 ducha publikacji Klubu Rzymskiego z 1991 roku, w kt\\u00f3rym nieuczciwie stwierdzono, \\u017ce \\u201ewsp\\u00f3lnym wrogiem ludzko\\u015bci jest cz\\u0142owiek\\u201d. Ekstremistyczne pogl\\u0105dy Kerry'ego zosta\\u0142y\",\"inLanguage\":\"pl-PL\",\"isPartOf\":{\"@id\":\"https:\\\/\\\/wia.net.pl\\\/#website\"},\"breadcrumb\":{\"@id\":\"https:\\\/\\\/wia.net.pl\\\/index.php\\\/2023\\\/10\\\/21\\\/john-kerry-ludzkosc-jest-nieublaganie-zagrozona-przez-sama-ludzkosc\\\/#breadcrumblist\"},\"author\":{\"@id\":\"https:\\\/\\\/wia.net.pl\\\/index.php\\\/author\\\/trinity\\\/#author\"},\"creator\":{\"@id\":\"https:\\\/\\\/wia.net.pl\\\/index.php\\\/author\\\/trinity\\\/#author\"},\"image\":{\"@type\":\"ImageObject\",\"url\":\"https:\\\/\\\/wia.net.pl\\\/wp-content\\\/uploads\\\/2023\\\/10\\\/glo.jpg\",\"@id\":\"https:\\\/\\\/wia.net.pl\\\/index.php\\\/2023\\\/10\\\/21\\\/john-kerry-ludzkosc-jest-nieublaganie-zagrozona-przez-sama-ludzkosc\\\/#mainImage\",\"width\":1920,\"height\":1080},\"primaryImageOfPage\":{\"@id\":\"https:\\\/\\\/wia.net.pl\\\/index.php\\\/2023\\\/10\\\/21\\\/john-kerry-ludzkosc-jest-nieublaganie-zagrozona-przez-sama-ludzkosc\\\/#mainImage\"},\"datePublished\":\"2023-10-21T13:01:20+02:00\",\"dateModified\":\"2023-10-21T13:01:56+02:00\"},{\"@type\":\"WebSite\",\"@id\":\"https:\\\/\\\/wia.net.pl\\\/#website\",\"url\":\"https:\\\/\\\/wia.net.pl\\\/\",\"name\":\"Wolno\\u015b\\u0107 i Anarchia\",\"description\":\"Ka\\u017cdy wewn\\u0119trznie jest anarchist\\u0105.\",\"inLanguage\":\"pl-PL\",\"publisher\":{\"@id\":\"https:\\\/\\\/wia.net.pl\\\/#person\"}}]}\n\t\t<\/script>\n\t\t<!-- All in One SEO -->\n\n","aioseo_head_json":{"title":"\u201eLudzko\u015b\u0107 jest nieub\u0142aganie zagro\u017cona przez sam\u0105 ludzko\u015b\u0107\u201d - Wolno\u015b\u0107 i Anarchia","description":"John Kerry: \u201eLudzko\u015b\u0107 jest nieub\u0142aganie zagro\u017cona przez sam\u0105 ludzko\u015b\u0107\u201d Autor, RHODA WILSON The Expose W sierpniu specjalny wys\u0142annik prezydenta USA ds. klimatu John Kerry wyg\u0142osi\u0142 wyst\u0105pienie w ramach szkockich globalnych dialog\u00f3w na temat \u201ekryzysu klimatycznego\u201d. Przywo\u0142a\u0142 ducha publikacji Klubu Rzymskiego z 1991 roku, w kt\u00f3rym nieuczciwie stwierdzono, \u017ce \u201ewsp\u00f3lnym wrogiem ludzko\u015bci jest cz\u0142owiek\u201d. Ekstremistyczne pogl\u0105dy Kerry'ego zosta\u0142y","canonical_url":"https:\/\/wia.net.pl\/index.php\/2023\/10\/21\/john-kerry-ludzkosc-jest-nieublaganie-zagrozona-przez-sama-ludzkosc\/","robots":"max-image-preview:large","keywords":"","webmasterTools":{"miscellaneous":""},"schema":{"@context":"https:\/\/schema.org","@graph":[{"@type":"BlogPosting","@id":"https:\/\/wia.net.pl\/index.php\/2023\/10\/21\/john-kerry-ludzkosc-jest-nieublaganie-zagrozona-przez-sama-ludzkosc\/#blogposting","name":"\u201eLudzko\u015b\u0107 jest nieub\u0142aganie zagro\u017cona przez sam\u0105 ludzko\u015b\u0107\u201d - Wolno\u015b\u0107 i Anarchia","headline":"\u201eLudzko\u015b\u0107 jest nieub\u0142aganie zagro\u017cona przez sam\u0105 ludzko\u015b\u0107\u201d","author":{"@id":"https:\/\/wia.net.pl\/index.php\/author\/trinity\/#author"},"publisher":{"@id":"https:\/\/wia.net.pl\/#person"},"image":{"@type":"ImageObject","url":"https:\/\/wia.net.pl\/wp-content\/uploads\/2023\/10\/glo.jpg","width":1920,"height":1080},"datePublished":"2023-10-21T13:01:20+02:00","dateModified":"2023-10-21T13:01:56+02:00","inLanguage":"pl-PL","mainEntityOfPage":{"@id":"https:\/\/wia.net.pl\/index.php\/2023\/10\/21\/john-kerry-ludzkosc-jest-nieublaganie-zagrozona-przez-sama-ludzkosc\/#webpage"},"isPartOf":{"@id":"https:\/\/wia.net.pl\/index.php\/2023\/10\/21\/john-kerry-ludzkosc-jest-nieublaganie-zagrozona-przez-sama-ludzkosc\/#webpage"},"articleSection":"Artyku\u0142y"},{"@type":"BreadcrumbList","@id":"https:\/\/wia.net.pl\/index.php\/2023\/10\/21\/john-kerry-ludzkosc-jest-nieublaganie-zagrozona-przez-sama-ludzkosc\/#breadcrumblist","itemListElement":[{"@type":"ListItem","@id":"https:\/\/wia.net.pl#listItem","position":1,"name":"Home","item":"https:\/\/wia.net.pl","nextItem":{"@type":"ListItem","@id":"https:\/\/wia.net.pl\/index.php\/category\/artykuly\/#listItem","name":"Artyku\u0142y"}},{"@type":"ListItem","@id":"https:\/\/wia.net.pl\/index.php\/category\/artykuly\/#listItem","position":2,"name":"Artyku\u0142y","item":"https:\/\/wia.net.pl\/index.php\/category\/artykuly\/","nextItem":{"@type":"ListItem","@id":"https:\/\/wia.net.pl\/index.php\/2023\/10\/21\/john-kerry-ludzkosc-jest-nieublaganie-zagrozona-przez-sama-ludzkosc\/#listItem","name":"\u201eLudzko\u015b\u0107 jest nieub\u0142aganie zagro\u017cona przez sam\u0105 ludzko\u015b\u0107\u201d"},"previousItem":{"@type":"ListItem","@id":"https:\/\/wia.net.pl#listItem","name":"Home"}},{"@type":"ListItem","@id":"https:\/\/wia.net.pl\/index.php\/2023\/10\/21\/john-kerry-ludzkosc-jest-nieublaganie-zagrozona-przez-sama-ludzkosc\/#listItem","position":3,"name":"\u201eLudzko\u015b\u0107 jest nieub\u0142aganie zagro\u017cona przez sam\u0105 ludzko\u015b\u0107\u201d","previousItem":{"@type":"ListItem","@id":"https:\/\/wia.net.pl\/index.php\/category\/artykuly\/#listItem","name":"Artyku\u0142y"}}]},{"@type":"Person","@id":"https:\/\/wia.net.pl\/#person","name":"Bart\u0142omiej Talarczyk","image":{"@type":"ImageObject","@id":"https:\/\/wia.net.pl\/index.php\/2023\/10\/21\/john-kerry-ludzkosc-jest-nieublaganie-zagrozona-przez-sama-ludzkosc\/#personImage","url":"https:\/\/wia.net.pl\/wp-content\/uploads\/avatar-privacy\/cache\/user\/1\/7\/176a6b161c58363ff49b5c167264231f519f5c7fa183ca1f61e891769b6b56d5-96.jpg","width":96,"height":96,"caption":"Bart\u0142omiej Talarczyk"}},{"@type":"Person","@id":"https:\/\/wia.net.pl\/index.php\/author\/trinity\/#author","url":"https:\/\/wia.net.pl\/index.php\/author\/trinity\/","name":"trinity","image":{"@type":"ImageObject","@id":"https:\/\/wia.net.pl\/index.php\/2023\/10\/21\/john-kerry-ludzkosc-jest-nieublaganie-zagrozona-przez-sama-ludzkosc\/#authorImage","url":"https:\/\/wia.net.pl\/wp-content\/uploads\/avatar-privacy\/cache\/user\/5\/f\/5f6547cf82495eaa10e100a6a45d5dbde2dfdc1be88557de2018fca705bdf6f1-96.jpg","width":96,"height":96,"caption":"trinity"}},{"@type":"WebPage","@id":"https:\/\/wia.net.pl\/index.php\/2023\/10\/21\/john-kerry-ludzkosc-jest-nieublaganie-zagrozona-przez-sama-ludzkosc\/#webpage","url":"https:\/\/wia.net.pl\/index.php\/2023\/10\/21\/john-kerry-ludzkosc-jest-nieublaganie-zagrozona-przez-sama-ludzkosc\/","name":"\u201eLudzko\u015b\u0107 jest nieub\u0142aganie zagro\u017cona przez sam\u0105 ludzko\u015b\u0107\u201d - Wolno\u015b\u0107 i Anarchia","description":"John Kerry: \u201eLudzko\u015b\u0107 jest nieub\u0142aganie zagro\u017cona przez sam\u0105 ludzko\u015b\u0107\u201d Autor, RHODA WILSON The Expose W sierpniu specjalny wys\u0142annik prezydenta USA ds. klimatu John Kerry wyg\u0142osi\u0142 wyst\u0105pienie w ramach szkockich globalnych dialog\u00f3w na temat \u201ekryzysu klimatycznego\u201d. Przywo\u0142a\u0142 ducha publikacji Klubu Rzymskiego z 1991 roku, w kt\u00f3rym nieuczciwie stwierdzono, \u017ce \u201ewsp\u00f3lnym wrogiem ludzko\u015bci jest cz\u0142owiek\u201d. Ekstremistyczne pogl\u0105dy Kerry'ego zosta\u0142y","inLanguage":"pl-PL","isPartOf":{"@id":"https:\/\/wia.net.pl\/#website"},"breadcrumb":{"@id":"https:\/\/wia.net.pl\/index.php\/2023\/10\/21\/john-kerry-ludzkosc-jest-nieublaganie-zagrozona-przez-sama-ludzkosc\/#breadcrumblist"},"author":{"@id":"https:\/\/wia.net.pl\/index.php\/author\/trinity\/#author"},"creator":{"@id":"https:\/\/wia.net.pl\/index.php\/author\/trinity\/#author"},"image":{"@type":"ImageObject","url":"https:\/\/wia.net.pl\/wp-content\/uploads\/2023\/10\/glo.jpg","@id":"https:\/\/wia.net.pl\/index.php\/2023\/10\/21\/john-kerry-ludzkosc-jest-nieublaganie-zagrozona-przez-sama-ludzkosc\/#mainImage","width":1920,"height":1080},"primaryImageOfPage":{"@id":"https:\/\/wia.net.pl\/index.php\/2023\/10\/21\/john-kerry-ludzkosc-jest-nieublaganie-zagrozona-przez-sama-ludzkosc\/#mainImage"},"datePublished":"2023-10-21T13:01:20+02:00","dateModified":"2023-10-21T13:01:56+02:00"},{"@type":"WebSite","@id":"https:\/\/wia.net.pl\/#website","url":"https:\/\/wia.net.pl\/","name":"Wolno\u015b\u0107 i Anarchia","description":"Ka\u017cdy wewn\u0119trznie jest anarchist\u0105.","inLanguage":"pl-PL","publisher":{"@id":"https:\/\/wia.net.pl\/#person"}}]},"og:locale":"pl_PL","og:site_name":"Wolno\u015b\u0107 i Anarchia - Ka\u017cdy wewn\u0119trznie jest anarchist\u0105.","og:type":"article","og:title":"\u201eLudzko\u015b\u0107 jest nieub\u0142aganie zagro\u017cona przez sam\u0105 ludzko\u015b\u0107\u201d - Wolno\u015b\u0107 i Anarchia","og:description":"John Kerry: \u201eLudzko\u015b\u0107 jest nieub\u0142aganie zagro\u017cona przez sam\u0105 ludzko\u015b\u0107\u201d Autor, RHODA WILSON The Expose W sierpniu specjalny wys\u0142annik prezydenta USA ds. klimatu John Kerry wyg\u0142osi\u0142 wyst\u0105pienie w ramach szkockich globalnych dialog\u00f3w na temat \u201ekryzysu klimatycznego\u201d. Przywo\u0142a\u0142 ducha publikacji Klubu Rzymskiego z 1991 roku, w kt\u00f3rym nieuczciwie stwierdzono, \u017ce \u201ewsp\u00f3lnym wrogiem ludzko\u015bci jest cz\u0142owiek\u201d. Ekstremistyczne pogl\u0105dy Kerry'ego zosta\u0142y","og:url":"https:\/\/wia.net.pl\/index.php\/2023\/10\/21\/john-kerry-ludzkosc-jest-nieublaganie-zagrozona-przez-sama-ludzkosc\/","og:image":"https:\/\/wia.net.pl\/wp-content\/uploads\/2023\/11\/cropped-freedom-i73367.jpg","og:image:secure_url":"https:\/\/wia.net.pl\/wp-content\/uploads\/2023\/11\/cropped-freedom-i73367.jpg","article:published_time":"2023-10-21T11:01:20+00:00","article:modified_time":"2023-10-21T11:01:56+00:00","twitter:card":"summary_large_image","twitter:title":"\u201eLudzko\u015b\u0107 jest nieub\u0142aganie zagro\u017cona przez sam\u0105 ludzko\u015b\u0107\u201d - Wolno\u015b\u0107 i Anarchia","twitter:description":"John Kerry: \u201eLudzko\u015b\u0107 jest nieub\u0142aganie zagro\u017cona przez sam\u0105 ludzko\u015b\u0107\u201d Autor, RHODA WILSON The Expose W sierpniu specjalny wys\u0142annik prezydenta USA ds. klimatu John Kerry wyg\u0142osi\u0142 wyst\u0105pienie w ramach szkockich globalnych dialog\u00f3w na temat \u201ekryzysu klimatycznego\u201d. Przywo\u0142a\u0142 ducha publikacji Klubu Rzymskiego z 1991 roku, w kt\u00f3rym nieuczciwie stwierdzono, \u017ce \u201ewsp\u00f3lnym wrogiem ludzko\u015bci jest cz\u0142owiek\u201d. Ekstremistyczne pogl\u0105dy Kerry'ego zosta\u0142y","twitter:image":"https:\/\/wia.net.pl\/wp-content\/uploads\/2023\/11\/cropped-freedom-i73367.jpg"},"aioseo_meta_data":{"post_id":"5056","title":null,"description":null,"keywords":[],"keyphrases":{"focus":{"keyphrase":"","score":0,"analysis":{"keyphraseInTitle":{"score":0,"maxScore":9,"error":1}}},"additional":[]},"primary_term":null,"canonical_url":null,"og_title":null,"og_description":null,"og_object_type":"default","og_image_type":"default","og_image_url":null,"og_image_width":null,"og_image_height":null,"og_image_custom_url":null,"og_image_custom_fields":null,"og_video":"","og_custom_url":null,"og_article_section":null,"og_article_tags":[],"twitter_use_og":false,"twitter_card":"default","twitter_image_type":"default","twitter_image_url":null,"twitter_image_custom_url":null,"twitter_image_custom_fields":null,"twitter_title":null,"twitter_description":null,"schema":{"blockGraphs":[],"customGraphs":[],"default":{"data":{"Article":[],"Course":[],"Dataset":[],"FAQPage":[],"Movie":[],"Person":[],"Product":[],"ProductReview":[],"Car":[],"Recipe":[],"Service":[],"SoftwareApplication":[],"WebPage":[]},"graphName":"BlogPosting","isEnabled":true},"graphs":[]},"schema_type":"default","schema_type_options":null,"pillar_content":false,"robots_default":true,"robots_noindex":false,"robots_noarchive":false,"robots_nosnippet":false,"robots_nofollow":false,"robots_noimageindex":false,"robots_noodp":false,"robots_notranslate":false,"robots_max_snippet":"-1","robots_max_videopreview":"-1","robots_max_imagepreview":"large","priority":null,"frequency":"default","local_seo":null,"breadcrumb_settings":null,"limit_modified_date":false,"ai":null,"created":"2023-10-21 11:01:21","updated":"2025-06-04 09:34:07","seo_analyzer_scan_date":null,"focus_keyword":null,"additional_keywords":null,"truseo_locale":null},"aioseo_breadcrumb":"<div class=\"aioseo-breadcrumbs\"><span class=\"aioseo-breadcrumb\">\n\t\t\t<a href=\"https:\/\/wia.net.pl\" title=\"Home\">Home<\/a>\n\t\t<\/span><span class=\"aioseo-breadcrumb-separator\">&raquo;<\/span><span class=\"aioseo-breadcrumb\">\n\t\t\t<a href=\"https:\/\/wia.net.pl\/index.php\/category\/artykuly\/\" title=\"Artyku\u0142y\">Artyku\u0142y<\/a>\n\t\t<\/span><span class=\"aioseo-breadcrumb-separator\">&raquo;<\/span><span class=\"aioseo-breadcrumb\">\n\t\t\t\u201eLudzko\u015b\u0107 jest nieub\u0142aganie zagro\u017cona przez sam\u0105 ludzko\u015b\u0107\u201d\n\t\t<\/span><\/div>","aioseo_breadcrumb_json":[{"label":"Home","link":"https:\/\/wia.net.pl"},{"label":"Artyku\u0142y","link":"https:\/\/wia.net.pl\/index.php\/category\/artykuly\/"},{"label":"\u201eLudzko\u015b\u0107 jest nieub\u0142aganie zagro\u017cona przez sam\u0105 ludzko\u015b\u0107\u201d","link":"https:\/\/wia.net.pl\/index.php\/2023\/10\/21\/john-kerry-ludzkosc-jest-nieublaganie-zagrozona-przez-sama-ludzkosc\/"}],"_links":{"self":[{"href":"https:\/\/wia.net.pl\/index.php\/wp-json\/wp\/v2\/posts\/5056"}],"collection":[{"href":"https:\/\/wia.net.pl\/index.php\/wp-json\/wp\/v2\/posts"}],"about":[{"href":"https:\/\/wia.net.pl\/index.php\/wp-json\/wp\/v2\/types\/post"}],"author":[{"embeddable":true,"href":"https:\/\/wia.net.pl\/index.php\/wp-json\/wp\/v2\/users\/2"}],"replies":[{"embeddable":true,"href":"https:\/\/wia.net.pl\/index.php\/wp-json\/wp\/v2\/comments?post=5056"}],"version-history":[{"count":2,"href":"https:\/\/wia.net.pl\/index.php\/wp-json\/wp\/v2\/posts\/5056\/revisions"}],"predecessor-version":[{"id":5059,"href":"https:\/\/wia.net.pl\/index.php\/wp-json\/wp\/v2\/posts\/5056\/revisions\/5059"}],"wp:featuredmedia":[{"embeddable":true,"href":"https:\/\/wia.net.pl\/index.php\/wp-json\/wp\/v2\/media\/5057"}],"wp:attachment":[{"href":"https:\/\/wia.net.pl\/index.php\/wp-json\/wp\/v2\/media?parent=5056"}],"wp:term":[{"taxonomy":"category","embeddable":true,"href":"https:\/\/wia.net.pl\/index.php\/wp-json\/wp\/v2\/categories?post=5056"},{"taxonomy":"post_tag","embeddable":true,"href":"https:\/\/wia.net.pl\/index.php\/wp-json\/wp\/v2\/tags?post=5056"}],"curies":[{"name":"wp","href":"https:\/\/api.w.org\/{rel}","templated":true}]}}