{"id":5080,"date":"2023-10-22T12:07:18","date_gmt":"2023-10-22T10:07:18","guid":{"rendered":"https:\/\/wia.net.pl\/?p=5080"},"modified":"2023-10-22T12:07:18","modified_gmt":"2023-10-22T10:07:18","slug":"cenzura-internetu-wszedzie-i-na-raz","status":"publish","type":"post","link":"https:\/\/wia.net.pl\/index.php\/2023\/10\/22\/cenzura-internetu-wszedzie-i-na-raz\/","title":{"rendered":"Cenzura Internetu, wsz\u0119dzie i na raz"},"content":{"rendered":"\n<p>Autorstwa <a href=\"https:\/\/brownstone.org\/author\/debbie-lerman\/\">DEBBIE LERMAN<\/a><\/p>\n\n\n\n<p>Brownstone Institute<\/p>\n\n\n\n<figure class=\"wp-block-image size-large\"><img loading=\"lazy\" decoding=\"async\" width=\"1024\" height=\"682\" src=\"https:\/\/wia.net.pl\/wp-content\/uploads\/2023\/10\/censorship-610101_1280-1024x682.jpg\" alt=\"\" class=\"wp-image-5081\" srcset=\"https:\/\/wia.net.pl\/wp-content\/uploads\/2023\/10\/censorship-610101_1280-1024x682.jpg 1024w, https:\/\/wia.net.pl\/wp-content\/uploads\/2023\/10\/censorship-610101_1280-300x200.jpg 300w, https:\/\/wia.net.pl\/wp-content\/uploads\/2023\/10\/censorship-610101_1280-768x512.jpg 768w, https:\/\/wia.net.pl\/wp-content\/uploads\/2023\/10\/censorship-610101_1280.jpg 1280w\" sizes=\"(max-width: 1024px) 100vw, 1024px\" \/><\/figure>\n\n\n\n<p>Kiedy\u015b prawd\u0105 powszechnie uznawan\u0105 przez obywateli kraj\u00f3w demokratycznych by\u0142o to, \u017ce wolno\u015b\u0107 s\u0142owa by\u0142a podstaw\u0105 nie tylko demokracji, ale wszystkich praw cz\u0142owieka.<\/p>\n\n\n\n<p>Kiedy osoba lub grupa mo\u017ce cenzurowa\u0107 mow\u0119 innych, z definicji wyst\u0119puje brak r\u00f3wnowagi si\u0142.&nbsp;Sprawuj\u0105cy w\u0142adz\u0119 mog\u0105 decydowa\u0107, jakie informacje i jakie opinie s\u0105 dozwolone, a kt\u00f3re nale\u017cy ukrywa\u0107.&nbsp;Aby utrzyma\u0107 swoj\u0105 w\u0142adz\u0119, b\u0119d\u0105 w naturalny spos\u00f3b t\u0142umi\u0107 informacje i pogl\u0105dy, kt\u00f3re podwa\u017caj\u0105 ich stanowisko.&nbsp;<\/p>\n\n\n\n<p>Wolno\u015b\u0107 s\u0142owa to jedyny pokojowy spos\u00f3b na poci\u0105gni\u0119cie sprawuj\u0105cych w\u0142adz\u0119 do odpowiedzialno\u015bci, zakwestionowanie potencjalnie szkodliwej polityki i ujawnienie korupcji.&nbsp;Ci z nas, kt\u00f3rzy maj\u0105 przywilej \u017cycia w demokracjach, instynktownie rozumiej\u0105 t\u0119 niemal \u015bwi\u0119t\u0105 warto\u015b\u0107 wolno\u015bci s\u0142owa w utrzymaniu naszych wolnych i otwartych spo\u0142ecze\u0144stw.<\/p>\n\n\n\n<p>Albo my?<\/p>\n\n\n\n<p>Niepokoj\u0105ce jest to, \u017ce wiele os\u00f3b w tak zwanych krajach demokratycznych traci to zrozumienie.&nbsp;I wydaj\u0105 si\u0119 sk\u0142onni odda\u0107 swoj\u0105 wolno\u015b\u0107 s\u0142owa rz\u0105dom, organizacjom i firmom z bran\u017cy Big Tech, kt\u00f3re rzekomo musz\u0105 kontrolowa\u0107 przep\u0142yw informacji, aby wszyscy byli \u201ebezpieczni\u201d.<\/p>\n\n\n\n<p>Miejscem niepokoj\u0105cego odej\u015bcia od wolno\u015bci s\u0142owa jest globalny plac publiczny XXI wieku: Internet.&nbsp;A g\u0142oszone powody, dla kt\u00f3rych pozwalamy rz\u0105dz\u0105cym ogranicza\u0107 nasz\u0105 wolno\u015b\u0107 s\u0142owa w Internecie to: \u201edezinformacja\u201d i \u201emowa nienawi\u015bci\u201d.<\/p>\n\n\n\n<p>W tym artykule dokonam przegl\u0105du trzyetapowego procesu wprowadzania przepis\u00f3w przeciwdzia\u0142aj\u0105cych dezinformacji.&nbsp;Nast\u0119pnie dokonam przegl\u0105du niekt\u00f3rych przepis\u00f3w prawnych wdra\u017canych niemal jednocze\u015bnie w wielu krajach oraz tego, co takie przepisy poci\u0105gaj\u0105 za sob\u0105, je\u015bli chodzi o znaczne zwi\u0119kszenie potencja\u0142u cenzury globalnego przep\u0142ywu informacji.<\/p>\n\n\n\n<p><strong>Jak uchwali\u0107 przepisy dotycz\u0105ce cenzury<\/strong><\/p>\n\n\n\n<p><strong><em>Krok 1: Og\u0142o\u015b egzystencjalne zagro\u017cenie dla demokracji i praw cz\u0142owieka&nbsp;<\/em><\/strong><\/p>\n\n\n\n<p><strong><em>Krok 2: Zapewnij, \u017ce rozwi\u0105zanie b\u0119dzie chroni\u0107 demokracj\u0119 i prawa cz\u0142owieka<\/em><\/strong><\/p>\n\n\n\n<p><strong><em>Krok 3: Szybko i jednomy\u015blnie wprowad\u017a antydemokratyczn\u0105 i sprzeczn\u0105 z prawami cz\u0142owieka cenzur\u0119<\/em><\/strong><\/p>\n\n\n\n<p>K\u0142amstwa, propaganda, \u201eg\u0142\u0119bokie podr\u00f3bki\u201d i wszelkiego rodzaju wprowadzaj\u0105ce w b\u0142\u0105d informacje by\u0142y zawsze obecne w Internecie.&nbsp;Ogromny globalny w\u0119ze\u0142 informacyjny, jakim jest sie\u0107 WWW, nieuchronnie stwarza mo\u017cliwo\u015bci dla przest\u0119pc\u00f3w i innych niegodziwych podmiot\u00f3w, w tym handlarzy dzie\u0107mi w celach seksualnych i z\u0142ych dyktator\u00f3w.&nbsp;<\/p>\n\n\n\n<p>Jednocze\u015bnie Internet sta\u0142 si\u0119 centralnym miejscem otwartego dyskursu ludno\u015bci \u015bwiata, demokratyzuj\u0105cego dost\u0119p do informacji i mo\u017cliwo\u015b\u0107 publikowania swoich pogl\u0105d\u00f3w globalnej publiczno\u015bci.<\/p>\n\n\n\n<p>Dobro i z\u0142o w Internecie odzwierciedlaj\u0105 dobro i z\u0142o w prawdziwym \u015bwiecie.&nbsp;A kiedy regulujemy przep\u0142yw informacji w Internecie, musi obowi\u0105zywa\u0107 ta sama ostro\u017cna r\u00f3wnowaga mi\u0119dzy blokowaniem naprawd\u0119 niebezpiecznych aktor\u00f3w, a zachowaniem maksymalnej wolno\u015bci i demokracji.<\/p>\n\n\n\n<p>Niepokoj\u0105ce jest to, \u017ce niedawny zbi\u00f3r przepis\u00f3w reguluj\u0105cych informacje w Internecie jest znacz\u0105co wypaczony w kierunku ograniczania wolno\u015bci s\u0142owa i zwi\u0119kszania cenzury.&nbsp;Organy regulacyjne twierdz\u0105, \u017ce powodem jest to, \u017ce fa\u0142szywe wiadomo\u015bci, dezinformacja i mowa nienawi\u015bci stanowi\u0105 egzystencjalne zagro\u017cenie dla demokracji i praw cz\u0142owieka.<\/p>\n\n\n\n<p>Oto przyk\u0142ady drastycznych ostrze\u017ce\u0144 wydawanych przez wiod\u0105ce organizacje mi\u0119dzynarodowe dotycz\u0105ce katastrofalnych zagro\u017ce\u0144 dla naszego istnienia rzekomo stwarzanych przez dezinformacj\u0119:<\/p>\n\n\n\n<blockquote class=\"wp-block-quote is-layout-flow wp-block-quote-is-layout-flow\">\n<p><em>Propaganda, dezinformacja i fa\u0142szywe wiadomo\u015bci mog\u0105 potencjalnie polaryzowa\u0107 opini\u0119 publiczn\u0105, promowa\u0107 brutalny ekstremizm i mow\u0119 nienawi\u015bci, a ostatecznie podwa\u017ca\u0107 demokracje i zmniejsza\u0107 zaufanie do proces\u00f3w demokratycznych.&nbsp;<\/em><em>\u2013&nbsp;<\/em><a href=\"https:\/\/www.coe.int\/en\/web\/campaign-free-to-speak-safe-to-learn\/dealing-with-propaganda-misinformation-and-fake-news\">Rada Europy<\/a><\/p>\n<\/blockquote>\n\n\n\n<blockquote class=\"wp-block-quote is-layout-flow wp-block-quote-is-layout-flow\">\n<p><em>\u015awiat musi zaj\u0105\u0107 si\u0119 powa\u017cnymi globalnymi szkodami powodowanymi przez szerzenie si\u0119 nienawi\u015bci i k\u0142amstw w przestrzeni cyfrowej. \u2013&nbsp;<\/em><a href=\"https:\/\/www.un.org\/africarenewal\/magazine\/june-2023\/guardrails-urgently-needed-contain-%E2%80%9Cclear-and-present-global-threat%E2%80%9D-online-mis\">Organizacja Narod\u00f3w Zjednoczonych<\/a><\/p>\n<\/blockquote>\n\n\n\n<blockquote class=\"wp-block-quote is-layout-flow wp-block-quote-is-layout-flow\">\n<p><em>Mowa nienawi\u015bci i dezinformacja w Internecie od dawna pod\u017cegaj\u0105 do przemocy, a czasem do masowych okrucie\u0144stw.&nbsp;<\/em>\u2013&nbsp;<a href=\"https:\/\/intelligence.weforum.org\/monitor\/latest-knowledge\/a3be7e89777243db9b966208eacb336c\">\u015awiatowe Forum Ekonomiczne (WEF)\/Nowy Humanitaryzm<\/a><\/p>\n<\/blockquote>\n\n\n\n<p>Bior\u0105c pod uwag\u0119 egzystencjalne ryzyko dezinformacji i mowy nienawi\u015bci, te same grupy twierdz\u0105, \u017ce ka\u017cde rozwi\u0105zanie b\u0119dzie w oczywisty spos\u00f3b promowa\u0107 co\u015b przeciwnego:<\/p>\n\n\n\n<blockquote class=\"wp-block-quote is-layout-flow wp-block-quote-is-layout-flow\">\n<p><em>Bior\u0105c pod uwag\u0119 tak globalne zagro\u017cenie, wyra\u017anie potrzebujemy globalnego rozwi\u0105zania.&nbsp;I oczywi\u015bcie takie rozwi\u0105zanie zwi\u0119kszy demokracj\u0119, ochroni prawa bezbronnych grup spo\u0142ecznych i poszanuje prawa cz\u0142owieka.&nbsp;<\/em><em>\u2013&nbsp;<\/em><a href=\"https:\/\/www.weforum.org\/events\/world-economic-forum-annual-meeting-2023\/sessions\/the-clear-and-present-danger-of-disinformation\">WEF<\/a><\/p>\n<\/blockquote>\n\n\n\n<p>Co wi\u0119cej, poza zwyk\u0142ym twierdzeniem, \u017ce wzrost demokracji i poszanowanie praw cz\u0142owieka s\u0105 nieod\u0142\u0105cznym elementem zwalczania dezinformacji, nale\u017cy powo\u0142a\u0107 si\u0119 na prawo mi\u0119dzynarodowe.&nbsp;<\/p>\n\n\n\n<p>W swoim dokumencie dotycz\u0105cym wsp\u00f3lnej agendy z czerwca 2023 r. pt.&nbsp;<a href=\"https:\/\/www.un.org\/sites\/un2.un.org\/files\/our-common-agenda-policy-brief-information-integrity-en.pdf\">Integralno\u015b\u0107 informacji na platformach cyfrowych<\/a>&nbsp;ONZ szczeg\u00f3\u0142owo opisuje mi\u0119dzynarodowe ramy prawne dotycz\u0105ce wysi\u0142k\u00f3w na rzecz zwalczania mowy nienawi\u015bci i dezinformacji.&nbsp;<\/p>\n\n\n\n<p>Po pierwsze, przypomina nam, \u017ce wolno\u015b\u0107 s\u0142owa i informacji to podstawowe prawa cz\u0142owieka:<\/p>\n\n\n\n<blockquote class=\"wp-block-quote is-layout-flow wp-block-quote-is-layout-flow\">\n<p><em>Artyku\u0142 19 Powszechnej Deklaracji Praw Cz\u0142owieka i artyku\u0142 19 (2) Paktu chroni\u0105 prawo do wolno\u015bci wypowiedzi, w tym wolno\u015b\u0107 poszukiwania, otrzymywania i rozpowszechniania wszelkiego rodzaju informacji i idei, bez wzgl\u0119du na granice i za po\u015brednictwem wszelkich \u015brodk\u00f3w przekazu .&nbsp;<\/em><\/p>\n\n\n\n<p><em>Powi\u0105zana z wolno\u015bci\u0105 s\u0142owa wolno\u015b\u0107 informacji sama w sobie jest prawem.&nbsp;Zgromadzenie Og\u00f3lne stwierdzi\u0142o: \u201eWolno\u015b\u0107 informacji jest podstawowym prawem cz\u0142owieka i kamieniem probierczym wszystkich swob\u00f3d, kt\u00f3rym po\u015bwi\u0119cona jest Organizacja Narod\u00f3w Zjednoczonych.&nbsp;<\/em>\u201d (s. 9)<\/p>\n<\/blockquote>\n\n\n\n<p>Nast\u0119pnie w dokumencie ONZ wyja\u015bniono, \u017ce dezinformacja i mowa nienawi\u015bci s\u0105 tak kolosalnym, wszechobejmuj\u0105cym z\u0142em, \u017ce samo ich istnienie stoi w sprzeczno\u015bci z mo\u017cliwo\u015bci\u0105 korzystania z jakichkolwiek praw cz\u0142owieka:<\/p>\n\n\n\n<blockquote class=\"wp-block-quote is-layout-flow wp-block-quote-is-layout-flow\">\n<p><em>Mowa nienawi\u015bci by\u0142a prekursorem okrucie\u0144stw, w tym ludob\u00f3jstwa.&nbsp;Konwencja o zapobieganiu i karaniu zbrodni ludob\u00f3jstwa z 1948 r. zabrania \u201ebezpo\u015bredniego i publicznego nawo\u0142ywania do pope\u0142nienia ludob\u00f3jstwa\u201d.&nbsp;<\/em><\/p>\n\n\n\n<p><em>W przyj\u0119tej w 2021 r. uchwale nr 76\/227 Zgromadzenie Og\u00f3lne podkre\u015bli\u0142o, \u017ce wszelkie formy dezinformacji mog\u0105 negatywnie wp\u0142yn\u0105\u0107 na korzystanie z praw cz\u0142owieka i podstawowych wolno\u015bci, a tak\u017ce na realizacj\u0119 Cel\u00f3w Zr\u00f3wnowa\u017conego Rozwoju.&nbsp;Podobnie w swojej rezolucji 49\/21 przyj\u0119tej w 2022 r. Rada Praw Cz\u0142owieka stwierdzi\u0142a, \u017ce \u200b\u200bdezinformacja mo\u017ce negatywnie wp\u0142yn\u0105\u0107 na korzystanie i realizacj\u0119 wszystkich praw cz\u0142owieka.<\/em><\/p>\n<\/blockquote>\n\n\n\n<p>Ten zawi\u0142y labirynt prawniczy prowadzi do absurdalnej, wewn\u0119trznie sprzecznej sekwencji nielogicznych zda\u0144:<\/p>\n\n\n\n<ul class=\"wp-block-list\">\n<li>Wszystko, co ONZ ma chroni\u0107, opiera si\u0119 na wolno\u015bci informacji, kt\u00f3ra obok wolno\u015bci s\u0142owa jest podstawowym prawem cz\u0142owieka.<\/li>\n\n\n\n<li>ONZ uwa\u017ca, \u017ce \u200b\u200bmowa nienawi\u015bci i dezinformacja niszcz\u0105 wszelkie prawa cz\u0142owieka.<\/li>\n\n\n\n<li>DLATEGO wszystko, co robimy, aby zwalcza\u0107 mow\u0119 nienawi\u015bci i dezinformacj\u0119, chroni wszystkie prawa cz\u0142owieka, nawet je\u015bli uniewa\u017cnia podstawowe prawa cz\u0142owieka, takie jak wolno\u015b\u0107 s\u0142owa i informacji, od kt\u00f3rych zale\u017c\u0105 wszystkie inne prawa.&nbsp;<\/li>\n\n\n\n<li>Poniewa\u017c: ludob\u00f3jstwo!<\/li>\n<\/ul>\n\n\n\n<p>W praktyce oznacza to, \u017ce chocia\u017c ONZ w pewnym momencie swojej historii uwa\u017ca\u0142a wolno\u015b\u0107 s\u0142owa i informacji za fundamentaln\u0105 dla wszystkich innych praw, obecnie uwa\u017ca, \u017ce \u200b\u200bniebezpiecze\u0144stwa zwi\u0105zane z mow\u0105 nienawi\u015bci i dezinformacj\u0105 przy\u0107miewaj\u0105 znaczenie ochrony tych praw.<\/p>\n\n\n\n<p>To samo wypaczenie warto\u015bci demokratycznych, jakie nakre\u015bli\u0142 nasz mi\u0119dzynarodowy organ zarz\u0105dzaj\u0105cy, ma obecnie miejsce w demokracjach na ca\u0142ym \u015bwiecie.&nbsp;<\/p>\n\n\n\n<h3 class=\"wp-block-heading\" id=\"h-censorship-laws-and-actions-all-happening-now\">Prawa i dzia\u0142ania cenzury, kt\u00f3re maj\u0105 miejsce teraz<\/h3>\n\n\n\n<p>Je\u015bli mowa nienawi\u015bci i dezinformacja s\u0105 prekursorami nieuniknionych ludob\u00f3jczych okropno\u015bci, jedynym sposobem ochrony \u015bwiata jest skoordynowany wysi\u0142ek mi\u0119dzynarodowy.&nbsp;Kto powinien przewodzi\u0107 tej kampanii?<\/p>\n\n\n\n<p><a href=\"https:\/\/www.weforum.org\/agenda\/2022\/10\/how-to-address-disinformation\/\">Wed\u0142ug WEF<\/a>&nbsp;\u201eRz\u0105dy mog\u0105 zapewni\u0107 jedne z najwa\u017cniejszych rozwi\u0105za\u0144 kryzysu poprzez uchwalenie daleko id\u0105cych przepis\u00f3w\u201d.<\/p>\n\n\n\n<p>I w\u0142a\u015bnie to robi\u0105.<\/p>\n\n\n\n<h3 class=\"wp-block-heading\" id=\"h-united-states\">Stany Zjednoczone<\/h3>\n\n\n\n<p>W USA wolno\u015b\u0107 s\u0142owa jest zapisana w konstytucji, wi\u0119c trudno uchwala\u0107 ustawy, kt\u00f3re mog\u0142yby j\u0105 narusza\u0107.<\/p>\n\n\n\n<p>Zamiast tego rz\u0105d mo\u017ce wsp\u00f3\u0142pracowa\u0107 z organizacjami akademickimi i pozarz\u0105dowymi, aby zmusi\u0107 firmy z medi\u00f3w spo\u0142eczno\u015bciowych do cenzurowania nieprzychylnych tre\u015bci.&nbsp;Rezultatem jest&nbsp;<a href=\"https:\/\/www.racket.news\/p\/report-on-the-censorship-industrial-74b\">Kompleks Cenzura-Przemys\u0142<\/a>&nbsp;, rozleg\u0142a sie\u0107 s\u0105siaduj\u0105cych z rz\u0105dem jednostek akademickich i organizacji non-profit \u201eprzeciwdzia\u0142aj\u0105cych dezinformacji\u201d, wszystkie rzekomo zmobilizowane do kontrolowania wypowiedzi w Internecie w celu ochrony nas przed tym, co uwa\u017caj\u0105 za kolejn\u0105 katastrof\u0119 unicestwiaj\u0105c\u0105 cywilizacj\u0119 .<\/p>\n\n\n\n<p>Z akt Twittera i niedawnych spraw s\u0105dowych wynika, \u017ce \u200b\u200brz\u0105d USA wykorzystuje te grupy do wywierania presji na platformy internetowe, aby cenzurowa\u0142y tre\u015bci, kt\u00f3re mu si\u0119 nie podobaj\u0105:<\/p>\n\n\n\n<ul class=\"wp-block-list\">\n<li><a href=\"https:\/\/twitter.com\/davidzweig\/status\/1607378386338340867\">Pliki Twittera na Covid<\/a><\/li>\n\n\n\n<li><a href=\"https:\/\/brownstone.org\/articles\/censors-are-exposed-major-update-to-missouri-v-biden\/\">Odkrycie w&nbsp;procesie cenzury&nbsp;<em>Missouri przeciwko Biden Covid<\/em><\/a><\/li>\n\n\n\n<li><a href=\"https:\/\/brownstone.org\/articles\/berenson-v-biden-potential-significance\/\">Potencjalne odkrycie w&nbsp;sprawie&nbsp;<em>Berenson przeciwko Bidenowi<\/em><\/a><\/li>\n<\/ul>\n\n\n\n<h3 class=\"wp-block-heading\" id=\"h-google\">Google<\/h3>\n\n\n\n<p>W niekt\u00f3rych przypadkach firmy mog\u0105 nawet podj\u0105\u0107 si\u0119 kontrolowania narracji zgodnie z w\u0142asn\u0105 polityk\u0105 i wyznawanymi warto\u015bciami, bez potrzeby interwencji rz\u0105du.&nbsp;Na przyk\u0142ad: Zg\u0142oszono, \u017ce Google, najpot\u0119\u017cniejsza firma informacyjna na \u015bwiecie, naprawi\u0142a swoje algorytmy w celu promowania, degradowania i znikania tre\u015bci zgodnie z nieujawnionymi wewn\u0119trznymi wytycznymi dotycz\u0105cymi \u201euczciwo\u015bci\u201d.<\/p>\n\n\n\n<p>Zosta\u0142o to ujawnione przez sygnalist\u0119&nbsp;<a href=\"https:\/\/www.zachvorhies.com\/\">Zacha Vorhiesa<\/a>&nbsp;w jego niemal ca\u0142kowicie ignorowanej ksi\u0105\u017cce&nbsp;<a href=\"https:\/\/archive.org\/details\/google-leaks-zach-vorhies-z-library\"><em>Google Leaks<\/em><\/a><em>&nbsp;oraz<\/em>&nbsp;przez Project Veritas w ramach&nbsp;<a href=\"https:\/\/www.bitchute.com\/video\/MxDBX0Pf0sGC\/\">ostrej operacji przeciwko Jen Gennai<\/a>&nbsp;, szefowej ds. odpowiedzialnych innowacji w Google.&nbsp;<em><\/em><a href=\"https:\/\/archive.org\/details\/google-leaks-zach-vorhies-z-library\"><em><\/em><\/a><em><\/em><a href=\"https:\/\/www.bitchute.com\/video\/MxDBX0Pf0sGC\/\"><\/a><\/p>\n\n\n\n<p>W swojej \u017cyczliwej ch\u0119ci ochrony przed mow\u0105 nienawi\u015bci i dezinformacj\u0105 Google\/YouTube&nbsp;<a href=\"https:\/\/www.allsides.com\/story\/youtube-removes-project-veritas-video-google-bias\">natychmiast usun\u0105\u0142<\/a>&nbsp;z Internetu oryginalny film Project Veritas.<\/p>\n\n\n\n<h3 class=\"wp-block-heading\" id=\"h-european-union\">Unia Europejska<\/h3>\n\n\n\n<p>Ustawa&nbsp;<a href=\"https:\/\/digital-strategy.ec.europa.eu\/en\/policies\/digital-services-act-package\">o us\u0142ugach cyfrowych<\/a>&nbsp;wesz\u0142a w \u017cycie 16 listopada 2022 r.&nbsp;<a href=\"https:\/\/commission.europa.eu\/strategy-and-policy\/priorities-2019-2024\/europe-fit-digital-age\/digital-services-act-ensuring-safe-and-accountable-online-environment_en#what-are-the-key-goals-of-the-digital-services-act\">Komisja Europejska<\/a>&nbsp;z rado\u015bci\u0105 przyj\u0119\u0142a fakt, \u017ce \u201eobowi\u0105zki u\u017cytkownik\u00f3w, platform i organ\u00f3w publicznych zosta\u0142y ponownie zr\u00f3wnowa\u017cone zgodnie z warto\u015bciami europejskimi\u201d.&nbsp;Kto decyduje o tym, jakie s\u0105 obowi\u0105zki i jakie s\u0105 \u201ewarto\u015bci europejskie\u201d?&nbsp;<\/p>\n\n\n\n<ul class=\"wp-block-list\">\n<li><em>bardzo du\u017ce platformy i bardzo du\u017ce wyszukiwarki internetowe [s\u0105 zobowi\u0105zane] do zapobiegania niew\u0142a\u015bciwemu wykorzystaniu swoich system\u00f3w poprzez podejmowanie dzia\u0142a\u0144 opartych na ryzyku i niezale\u017cne audyty swoich system\u00f3w zarz\u0105dzania ryzykiem<\/em><\/li>\n\n\n\n<li><em>Kraje UE b\u0119d\u0105 pe\u0142ni\u0107 g\u0142\u00f3wn\u0105 rol\u0119 [nadzorcz\u0105], wspieran\u0105 przez now\u0105 Europejsk\u0105 Rad\u0119 ds. Us\u0142ug Cyfrowych<\/em><\/li>\n<\/ul>\n\n\n\n<p>Wsp\u00f3\u0142pracownik Brownstone,&nbsp;<a href=\"https:\/\/brownstone.org\/articles\/you-should-be-very-worried-about-the-digital-services-act\/\">David Thunder, wyja\u015bnia<\/a>&nbsp;, w jaki spos\u00f3b ustawa zapewnia zasadniczo nieograniczony potencja\u0142 cenzury:<\/p>\n\n\n\n<blockquote class=\"wp-block-quote is-layout-flow wp-block-quote-is-layout-flow\">\n<p><em>Ten akt prawny czyni wolno\u015b\u0107 s\u0142owa zak\u0142adnikiem ideologicznych sk\u0142onno\u015bci niewybranych urz\u0119dnik\u00f3w europejskich i ich armii \u201ezaufanych sygnalist\u00f3w\u201d.&nbsp;<\/em><\/p>\n\n\n\n<p><em>Komisja Europejska przyznaje sobie r\u00f3wnie\u017c uprawnienia do og\u0142oszenia og\u00f3lnoeuropejskiego stanu nadzwyczajnego, co umo\u017cliwi\u0142oby jej za\u017c\u0105danie dodatkowych interwencji ze strony platform cyfrowych w celu przeciwdzia\u0142ania zagro\u017ceniu publicznemu.&nbsp;<\/em><\/p>\n<\/blockquote>\n\n\n\n<h3 class=\"wp-block-heading\" id=\"h-uk\">Wielka Brytania<\/h3>\n\n\n\n<p>Ustaw\u0119&nbsp;<a href=\"https:\/\/www.gov.uk\/guidance\/a-guide-to-the-online-safety-bill\">o bezpiecze\u0144stwie w Internecie<\/a>&nbsp;przyj\u0119to 19 wrze\u015bnia 2023 r. Rz\u0105d Wielkiej Brytanii twierdzi, \u017ce \u201edzi\u0119ki niej firmy z bran\u017cy medi\u00f3w spo\u0142eczno\u015bciowych b\u0119d\u0105 bardziej odpowiedzialne za bezpiecze\u0144stwo swoich u\u017cytkownik\u00f3w na swoich platformach\u201d.<strong><\/strong><a href=\"https:\/\/www.gov.uk\/guidance\/a-guide-to-the-online-safety-bill\"><\/a><\/p>\n\n\n\n<p><a href=\"https:\/\/reclaimthenet.org\/the-uk-passes-the-online-safety-bill\">Wed\u0142ug organizacji nadzoruj\u0105cej Internet Reclaim the Net<\/a>&nbsp;ustawa ta stanowi jeden z najpowszechniejszych atak\u00f3w na prywatno\u015b\u0107 i wolno\u015b\u0107 s\u0142owa w zachodniej demokracji:<\/p>\n\n\n\n<blockquote class=\"wp-block-quote is-layout-flow wp-block-quote-is-layout-flow\">\n<p><em>Ustawa daje rz\u0105dowi ogromn\u0105 w\u0142adz\u0119;&nbsp;mo\u017cliwo\u015b\u0107 \u017c\u0105dania, aby us\u0142ugi online wykorzystywa\u0142y oprogramowanie zatwierdzone przez rz\u0105d do skanowania tre\u015bci u\u017cytkownik\u00f3w, w tym zdj\u0119\u0107, plik\u00f3w i wiadomo\u015bci, w celu identyfikacji nielegalnych tre\u015bci.&nbsp;<\/em><\/p>\n<\/blockquote>\n\n\n\n<p>Electronic&nbsp;<a href=\"https:\/\/www.eff.org\/pages\/uk-online-safety-bill-massive-threat-online-privacy-security-and-speech\">Frontier Foundation<\/a>&nbsp;, organizacja non-profit zajmuj\u0105ca si\u0119 obron\u0105 swob\u00f3d obywatelskich w cyfrowym \u015bwiecie, ostrzega: \u201eto prawo stworzy\u0142oby&nbsp;<a href=\"https:\/\/www.article19.org\/resources\/blog-uk-online-safety-bill-risks-emboldening-digital-authoritarians-around-the-world\/\">plan represji na ca\u0142ym \u015bwiecie<\/a>&nbsp;\u201d.<\/p>\n\n\n\n<h3 class=\"wp-block-heading\" id=\"h-australia\">Australia<\/h3>\n\n\n\n<p>Poprawka&nbsp;<a href=\"https:\/\/www.infrastructure.gov.au\/have-your-say\/new-acma-powers-combat-misinformation-and-disinformation\">do przepis\u00f3w dotycz\u0105cych komunikacji (zwalczanie dezinformacji i dezinformacji) Bill 2023<\/a>&nbsp;zosta\u0142a opublikowana w wersji roboczej 25 czerwca 2023 r. i oczekuje si\u0119, \u017ce zostanie uchwalona do ko\u0144ca 2023 r. Rz\u0105d australijski twierdzi:<strong><\/strong><a href=\"https:\/\/www.infrastructure.gov.au\/have-your-say\/new-acma-powers-combat-misinformation-and-disinformation\"><\/a><\/p>\n\n\n\n<blockquote class=\"wp-block-quote is-layout-flow wp-block-quote-is-layout-flow\">\n<p><em>Nowe uprawnienia umo\u017cliwi\u0105 ACMA [Australijskiemu Urz\u0119dowi ds. Komunikacji i Medi\u00f3w] monitorowanie wysi\u0142k\u00f3w i wymaganie od platform cyfrowych podj\u0119cia dalszych dzia\u0142a\u0144, dzi\u0119ki czemu Australia stanie si\u0119 liderem w zwalczaniu szkodliwych dezinformacji i dezinformacji w Internecie, przy jednoczesnym r\u00f3wnowa\u017ceniu wolno\u015bci s\u0142owa.<\/em><\/p>\n<\/blockquote>\n\n\n\n<p>Reclaim the Net&nbsp;<a href=\"https:\/\/reclaimthenet.org\/tv-networks-join-the-pushback-against-australias-proposed-anti-misinformation-law\">wyja\u015bnia<\/a>&nbsp;:<\/p>\n\n\n\n<blockquote class=\"wp-block-quote is-layout-flow wp-block-quote-is-layout-flow\">\n<p><em>To ustawodawstwo przyznaje ACMA szeroki zakres nowych uprawnie\u0144, kt\u00f3re obejmuj\u0105 egzekwowanie og\u00f3lnobran\u017cowego \u201estandardu\u201d, kt\u00f3ry zobowi\u0105\u017ce platformy cyfrowe do usuwania tego, co uznaj\u0105 za dezinformacj\u0119 lub dezinformacj\u0119.&nbsp;<\/em><\/p>\n<\/blockquote>\n\n\n\n<p>Rebeka Barnett, specjalistka od Brownstone,&nbsp;<a href=\"https:\/\/brownstone.org\/articles\/australias-misinfo-bill-paves-way-for-soviet-style-censorship\/\">wyja\u015bnia<\/a>&nbsp;:<\/p>\n\n\n\n<blockquote class=\"wp-block-quote is-layout-flow wp-block-quote-is-layout-flow\">\n<p><em>Kontrowersje budzi fakt, \u017ce rz\u0105d b\u0119dzie wy\u0142\u0105czony z proponowanych przepis\u00f3w, podobnie jak profesjonalne serwisy informacyjne, co oznacza, \u017ce \u200b\u200bACMA nie b\u0119dzie zmusza\u0107 platform do stosowania przez policj\u0119 dezinformacji i dezinformacji rozpowszechnianej przez oficjalny rz\u0105d lub \u017ar\u00f3d\u0142a wiadomo\u015bci.&nbsp;<\/em><\/p>\n<\/blockquote>\n\n\n\n<blockquote class=\"wp-block-quote is-layout-flow wp-block-quote-is-layout-flow\">\n<p><em>Ustawodawstwo umo\u017cliwi rozpowszechnianie oficjalnych narracji, zar\u00f3wno prawdziwych, fa\u0142szywych, jak i wprowadzaj\u0105cych w b\u0142\u0105d, jednocze\u015bnie eliminuj\u0105c mo\u017cliwo\u015b\u0107 konkurowania narracji o odmiennych pogl\u0105dach.&nbsp;<\/em><\/p>\n<\/blockquote>\n\n\n\n<h3 class=\"wp-block-heading\" id=\"h-canada\">Kanada<\/h3>\n\n\n\n<p><a href=\"https:\/\/www.canada.ca\/en\/canadian-heritage\/services\/modernization-broadcasting-act.html\">Ustawa o transmisji strumieniowej w Internecie (ustawa C-10)<\/a>&nbsp;wesz\u0142a w \u017cycie 27 kwietnia 2023 r. Oto jak opisuje j\u0105 rz\u0105d Kanady w odniesieniu do Kanadyjskiej Komisji ds. Radia, Telewizji i Telekomunikacji (CRTC):<\/p>\n\n\n\n<blockquote class=\"wp-block-quote is-layout-flow wp-block-quote-is-layout-flow\">\n<p><em>Przepisy wyja\u015bniaj\u0105, \u017ce us\u0142ugi transmisji strumieniowej online podlegaj\u0105 ustawie o radiofonii i telewizji, i zapewniaj\u0105 CRTC odpowiednie narz\u0119dzia do wprowadzenia nowoczesnych i elastycznych ram regulacyjnych w zakresie nadawania.&nbsp;Narz\u0119dzia te obejmuj\u0105 mo\u017cliwo\u015b\u0107 tworzenia regu\u0142, gromadzenia informacji i wyznaczania kar za ich nieprzestrzeganie.<\/em><\/p>\n<\/blockquote>\n\n\n\n<p><a href=\"https:\/\/openmedia.org\/article\/item\/whats-wrong-with-bill-c-11-an-faq\">Wed\u0142ug Open Media<\/a>&nbsp;, organizacji dzia\u0142aj\u0105cej na rzecz spo\u0142eczno\u015bci, zajmuj\u0105cej si\u0119 prawami cyfrowymi,<\/p>\n\n\n\n<blockquote class=\"wp-block-quote is-layout-flow wp-block-quote-is-layout-flow\">\n<p><em>Ustawa C-11 przyznaje CRTC bezprecedensowe uprawnienia regulacyjne do monitorowania wszystkich tre\u015bci audiowizualnych w Internecie.&nbsp;Uprawnienie to rozci\u0105ga si\u0119 na karanie tw\u00f3rc\u00f3w tre\u015bci i platform, a za ich po\u015brednictwem tw\u00f3rc\u00f3w tre\u015bci, kt\u00f3rzy nie przestrzegaj\u0105 tych zasad.&nbsp;<\/em><\/p>\n<\/blockquote>\n\n\n\n<h3 class=\"wp-block-heading\" id=\"h-world-health-organization\">\u015awiatowa Organizacja Zdrowia<\/h3>\n\n\n\n<p>W proponowanym przez siebie nowym Traktacie dotycz\u0105cym pandemii oraz w poprawkach do mi\u0119dzynarodowych przepis\u00f3w zdrowotnych, kt\u00f3re ma nadziej\u0119 przyj\u0105\u0107 w 2024 r.,&nbsp;<a href=\"https:\/\/www.who.int\/news\/item\/20-09-2023-who-welcomes-historic-commitment-by-world-leaders-for-greater-collaboration--governance-and-investment-to-prevent--prepare-for-and-respond-to-future-pandemics\">WHO stara si\u0119<\/a>&nbsp;nak\u0142oni\u0107 rz\u0105dy cz\u0142onkowskie do<\/p>\n\n\n\n<blockquote class=\"wp-block-quote is-layout-flow wp-block-quote-is-layout-flow\">\n<p><em>Przeciwdzia\u0142anie negatywnemu wp\u0142ywowi dezinformacji, dezinformacji, mowy nienawi\u015bci i stygmatyzacji zwi\u0105zanej ze zdrowiem i eliminowanie ich negatywnego wp\u0142ywu na zdrowie fizyczne i psychiczne ludzi, zw\u0142aszcza na platformach medi\u00f3w spo\u0142eczno\u015bciowych, w celu wzmocnienia zapobiegania pandemii, gotowo\u015bci i reagowania na ni\u0105 oraz zwi\u0119kszania zaufania do system\u00f3w zdrowia publicznego i w\u0142adze.<\/em><\/p>\n<\/blockquote>\n\n\n\n<p>Wsp\u00f3\u0142pracownik Brownstone,&nbsp;<a href=\"https:\/\/brownstone.org\/articles\/amendments-who-ihr-annotated-guide\/\">David Bell, pisze<\/a>&nbsp;, \u017ce zasadniczo umo\u017cliwi to WHO, niewybieralnemu organowi mi\u0119dzynarodowemu,<\/p>\n\n\n\n<blockquote class=\"wp-block-quote is-layout-flow wp-block-quote-is-layout-flow\">\n<p><em>uprawnienia do oznaczania opinii lub informacji jako \u201eb\u0142\u0119dnych informacji lub dezinformacji\u201d oraz \u017c\u0105dania od rz\u0105d\u00f3w kraj\u00f3w interwencji i zaprzestania takiego wyra\u017cania i rozpowszechniania.&nbsp;To\u2026 jest oczywi\u015bcie niezgodne z&nbsp;<\/em><a href=\"https:\/\/www.un.org\/en\/about-us\/universal-declaration-of-human-rights\"><em>Powszechn\u0105 Deklaracj\u0105 Praw Cz\u0142owieka<\/em><\/a><em>&nbsp;, ale wydaje si\u0119, \u017ce nie s\u0105 one ju\u017c zasadami przewodnimi WHO.<\/em><\/p>\n<\/blockquote>\n\n\n\n<h3 class=\"wp-block-heading\" id=\"h-conclusion\">Wniosek<\/h3>\n\n\n\n<p>Jeste\u015bmy w kluczowym momencie w historii zachodnich demokracji.&nbsp;Rz\u0105dy, organizacje i firmy maj\u0105 wi\u0119ksz\u0105 ni\u017c kiedykolwiek w\u0142adz\u0119 w zakresie decydowania, jakie informacje i pogl\u0105dy s\u0105 wyra\u017cane w Internecie, globalnym publicznym placu informacji i idei.<\/p>\n\n\n\n<p>To naturalne, \u017ce rz\u0105dz\u0105cy powinni chcie\u0107 ograniczy\u0107 wyra\u017canie idei i rozpowszechnianie informacji, kt\u00f3re mog\u0142yby podwa\u017cy\u0107 ich stanowisko.&nbsp;Mog\u0105 wierzy\u0107, \u017ce u\u017cywaj\u0105 cenzury, aby chroni\u0107 nas przed powa\u017cnymi szkodami wynikaj\u0105cymi z dezinformacji i mowy nienawi\u015bci, lub mog\u0105 cynicznie wykorzystywa\u0107 te powody, aby umocni\u0107 swoj\u0105 kontrol\u0119 nad przep\u0142ywem informacji.&nbsp;<\/p>\n\n\n\n<p>Tak czy inaczej, cenzura nieuchronnie poci\u0105ga za sob\u0105 t\u0142umienie wolno\u015bci s\u0142owa i informacji, bez kt\u00f3rych demokracja nie mo\u017ce istnie\u0107.<\/p>\n\n\n\n<p>Dlaczego obywatele narod\u00f3w demokratycznych godz\u0105 si\u0119 na uzurpacj\u0119 swoich podstawowych praw cz\u0142owieka?&nbsp;Jednym z powod\u00f3w mo\u017ce by\u0107 stosunkowo abstrakcyjny charakter praw i wolno\u015bci w sferze cyfrowej.<\/p>\n\n\n\n<p>W przesz\u0142o\u015bci, gdy cenzorzy palili ksi\u0105\u017cki lub wi\u0119zili dysydent\u00f3w, obywatele mogli z \u0142atwo\u015bci\u0105 rozpozna\u0107 te krzywdy i wyobrazi\u0107 sobie, jak okropne by\u0142oby, gdyby takie negatywne dzia\u0142ania zosta\u0142y zwr\u00f3cone przeciwko nim.&nbsp;Mogliby tak\u017ce rozwa\u017cy\u0107 bardzo osobisty i nieuchronny negatywny wp\u0142yw powszechnej cenzury na znacznie mniej powszechne zagro\u017cenia, takie jak handel dzie\u0107mi w celach seksualnych czy ludob\u00f3jstwo.&nbsp;Nie oznacza to, \u017ce zagro\u017cenia te zostan\u0105 zignorowane lub bagatelizowane, ale by\u0142oby jasne, \u017ce \u015brodki zwalczania takich zagro\u017ce\u0144 nie powinny obejmowa\u0107 powszechnego palenia ksi\u0105\u017cek lub wi\u0119zienia przeciwnik\u00f3w re\u017cimu.<\/p>\n\n\n\n<p>W wirtualnym \u015bwiecie, je\u015bli to nie Tw\u00f3j post zostanie usuni\u0119ty lub Tw\u00f3j film zostanie zablokowany, mo\u017ce by\u0107 trudno zrozumie\u0107 daleko id\u0105ce szkody wynikaj\u0105ce z masowej kontroli i cenzury informacji w Internecie.&nbsp;W Internecie znacznie \u0142atwiej jest te\u017c wyolbrzymia\u0107 niebezpiecze\u0144stwa, jakie nios\u0105 ze sob\u0105 stosunkowo rzadkie zagro\u017cenia, jak pandemie czy obca ingerencja w procesy demokratyczne.&nbsp;Ci sami pot\u0119\u017cni ludzie, rz\u0105dy i firmy, kt\u00f3re mog\u0105 cenzurowa\u0107 informacje w Internecie, mog\u0105 r\u00f3wnie\u017c zala\u0107 przestrze\u0144 internetow\u0105 propagand\u0105&nbsp;<a href=\"https:\/\/brownstone.org\/articles\/propaganda-and-the-us-government\/\">,<\/a>&nbsp;przera\u017caj\u0105c obywateli w przestrzeni wirtualnej, tak aby zrzekli si\u0119 swoich praw w \u015bwiecie rzeczywistym.<\/p>\n\n\n\n<p>Zagadka dotycz\u0105ca wolnych i otwartych spo\u0142ecze\u0144stw zawsze by\u0142a taka sama: jak chroni\u0107 prawa cz\u0142owieka i demokracj\u0119 przed mow\u0105 nienawi\u015bci i dezinformacj\u0105, nie niszcz\u0105c przy tym praw cz\u0142owieka i demokracji.<\/p>\n\n\n\n<p>Odpowied\u017a zawarta w niedawnym skoordynowanym uchwaleniu \u015bwiatowych przepis\u00f3w dotycz\u0105cych cenzury nie napawa optymizmem dla przysz\u0142o\u015bci wolnych i otwartych spo\u0142ecze\u0144stw.<\/p>\n\n\n\n<hr class=\"wp-block-separator has-alpha-channel-opacity\"\/>\n\n\n\n<h2 class=\"wp-block-heading\">Autor<\/h2>\n\n\n\n<ul class=\"wp-block-list\">\n<li><img loading=\"lazy\" decoding=\"async\" height=\"150\" width=\"150\" srcset=\"https:\/\/brownstone.org\/wp-content\/uploads\/2022\/03\/Debbie-Lerman-head-shot.jpg\" src=\"https:\/\/brownstone.org\/wp-content\/uploads\/2022\/03\/Debbie-Lerman-head-shot.jpg\" alt=\"Debbie Lerman\"><a href=\"https:\/\/brownstone.org\/author\/debbie-lerman\/\">Debbie Lerman<\/a>Debbie Lerman, stypendystka Brownstone 2023, posiada dyplom z filologii angielskiej uzyskany na Harvardzie.\u00a0Jest emerytowan\u0105 pisark\u0105 naukow\u0105 i praktykuj\u0105c\u0105 artystk\u0105 w Filadelfii w Pensylwanii.<\/li>\n<\/ul>\n\n\n\n<p>\u0179r\u00f3d\u0142o <a href=\"https:\/\/brownstone.org\/articles\/internet-censorship-everywhere-all-at-once\/\">https:\/\/brownstone.org\/articles\/internet-censorship-everywhere-all-at-once\/<\/a><\/p>\n","protected":false},"excerpt":{"rendered":"<p>Autorstwa DEBBIE LERMAN Brownstone Institute Kiedy\u015b prawd\u0105 powszechnie uznawan\u0105 przez obywateli kraj\u00f3w demokratycznych by\u0142o to, \u017ce wolno\u015b\u0107 s\u0142owa by\u0142a podstaw\u0105 nie tylko demokracji, ale wszystkich praw cz\u0142owieka. Kiedy osoba lub grupa mo\u017ce cenzurowa\u0107 mow\u0119 innych, z definicji wyst\u0119puje brak r\u00f3wnowagi&#8230; <\/p>\n","protected":false},"author":2,"featured_media":5081,"comment_status":"open","ping_status":"open","sticky":false,"template":"","format":"standard","meta":{"_acf_changed":false,"_bbp_topic_count":0,"_bbp_reply_count":0,"_bbp_total_topic_count":0,"_bbp_total_reply_count":0,"_bbp_voice_count":0,"_bbp_anonymous_reply_count":0,"_bbp_topic_count_hidden":0,"_bbp_reply_count_hidden":0,"_bbp_forum_subforum_count":0,"om_disable_all_campaigns":false,"_monsterinsights_skip_tracking":false,"footnotes":""},"categories":[93],"tags":[],"class_list":["post-5080","post","type-post","status-publish","format-standard","has-post-thumbnail","hentry","category-artykuly"],"acf":[],"aioseo_notices":[],"aioseo_head":"\n\t\t<!-- All in One SEO 5.0.1.1 - aioseo.com -->\n\t<meta name=\"description\" content=\"Autorstwa DEBBIE LERMAN Brownstone Institute Kiedy\u015b prawd\u0105 powszechnie uznawan\u0105 przez obywateli kraj\u00f3w demokratycznych by\u0142o to, \u017ce wolno\u015b\u0107 s\u0142owa by\u0142a podstaw\u0105 nie tylko demokracji, ale wszystkich praw cz\u0142owieka. Kiedy osoba lub grupa mo\u017ce cenzurowa\u0107 mow\u0119 innych, z definicji wyst\u0119puje brak r\u00f3wnowagi si\u0142. Sprawuj\u0105cy w\u0142adz\u0119 mog\u0105 decydowa\u0107, jakie informacje i jakie opinie s\u0105 dozwolone, a kt\u00f3re nale\u017cy ukrywa\u0107. Aby\" \/>\n\t<meta name=\"robots\" content=\"max-image-preview:large\" \/>\n\t<meta name=\"author\" content=\"trinity\"\/>\n\t<link rel=\"canonical\" href=\"https:\/\/wia.net.pl\/index.php\/2023\/10\/22\/cenzura-internetu-wszedzie-i-na-raz\/\" \/>\n\t<meta name=\"generator\" content=\"All in One SEO (AIOSEO) 5.0.1.1\" \/>\n\t\t<meta property=\"og:locale\" content=\"pl_PL\" \/>\n\t\t<meta property=\"og:site_name\" content=\"Wolno\u015b\u0107 i Anarchia - Ka\u017cdy wewn\u0119trznie jest anarchist\u0105.\" \/>\n\t\t<meta property=\"og:type\" content=\"article\" \/>\n\t\t<meta property=\"og:title\" content=\"Cenzura Internetu, wsz\u0119dzie i na raz - Wolno\u015b\u0107 i Anarchia\" \/>\n\t\t<meta property=\"og:description\" content=\"Autorstwa DEBBIE LERMAN Brownstone Institute Kiedy\u015b prawd\u0105 powszechnie uznawan\u0105 przez obywateli kraj\u00f3w demokratycznych by\u0142o to, \u017ce wolno\u015b\u0107 s\u0142owa by\u0142a podstaw\u0105 nie tylko demokracji, ale wszystkich praw cz\u0142owieka. Kiedy osoba lub grupa mo\u017ce cenzurowa\u0107 mow\u0119 innych, z definicji wyst\u0119puje brak r\u00f3wnowagi si\u0142. Sprawuj\u0105cy w\u0142adz\u0119 mog\u0105 decydowa\u0107, jakie informacje i jakie opinie s\u0105 dozwolone, a kt\u00f3re nale\u017cy ukrywa\u0107. Aby\" \/>\n\t\t<meta property=\"og:url\" content=\"https:\/\/wia.net.pl\/index.php\/2023\/10\/22\/cenzura-internetu-wszedzie-i-na-raz\/\" \/>\n\t\t<meta property=\"og:image\" content=\"https:\/\/wia.net.pl\/wp-content\/uploads\/2023\/11\/cropped-freedom-i73367.jpg\" \/>\n\t\t<meta property=\"og:image:secure_url\" content=\"https:\/\/wia.net.pl\/wp-content\/uploads\/2023\/11\/cropped-freedom-i73367.jpg\" \/>\n\t\t<meta property=\"article:published_time\" content=\"2023-10-22T10:07:18+00:00\" \/>\n\t\t<meta property=\"article:modified_time\" content=\"2023-10-22T10:07:18+00:00\" \/>\n\t\t<meta name=\"twitter:card\" content=\"summary_large_image\" \/>\n\t\t<meta name=\"twitter:title\" content=\"Cenzura Internetu, wsz\u0119dzie i na raz - Wolno\u015b\u0107 i Anarchia\" \/>\n\t\t<meta name=\"twitter:description\" content=\"Autorstwa DEBBIE LERMAN Brownstone Institute Kiedy\u015b prawd\u0105 powszechnie uznawan\u0105 przez obywateli kraj\u00f3w demokratycznych by\u0142o to, \u017ce wolno\u015b\u0107 s\u0142owa by\u0142a podstaw\u0105 nie tylko demokracji, ale wszystkich praw cz\u0142owieka. Kiedy osoba lub grupa mo\u017ce cenzurowa\u0107 mow\u0119 innych, z definicji wyst\u0119puje brak r\u00f3wnowagi si\u0142. Sprawuj\u0105cy w\u0142adz\u0119 mog\u0105 decydowa\u0107, jakie informacje i jakie opinie s\u0105 dozwolone, a kt\u00f3re nale\u017cy ukrywa\u0107. Aby\" \/>\n\t\t<meta name=\"twitter:image\" content=\"https:\/\/wia.net.pl\/wp-content\/uploads\/2023\/11\/cropped-freedom-i73367.jpg\" \/>\n\t\t<script type=\"application\/ld+json\" class=\"aioseo-schema\">\n\t\t\t{\"@context\":\"https:\\\/\\\/schema.org\",\"@graph\":[{\"@type\":\"BlogPosting\",\"@id\":\"https:\\\/\\\/wia.net.pl\\\/index.php\\\/2023\\\/10\\\/22\\\/cenzura-internetu-wszedzie-i-na-raz\\\/#blogposting\",\"name\":\"Cenzura Internetu, wsz\\u0119dzie i na raz - Wolno\\u015b\\u0107 i Anarchia\",\"headline\":\"Cenzura Internetu, wsz\\u0119dzie i na raz\",\"author\":{\"@id\":\"https:\\\/\\\/wia.net.pl\\\/index.php\\\/author\\\/trinity\\\/#author\"},\"publisher\":{\"@id\":\"https:\\\/\\\/wia.net.pl\\\/#person\"},\"image\":{\"@type\":\"ImageObject\",\"url\":\"https:\\\/\\\/wia.net.pl\\\/wp-content\\\/uploads\\\/2023\\\/10\\\/censorship-610101_1280.jpg\",\"width\":1280,\"height\":853},\"datePublished\":\"2023-10-22T12:07:18+02:00\",\"dateModified\":\"2023-10-22T12:07:18+02:00\",\"inLanguage\":\"pl-PL\",\"mainEntityOfPage\":{\"@id\":\"https:\\\/\\\/wia.net.pl\\\/index.php\\\/2023\\\/10\\\/22\\\/cenzura-internetu-wszedzie-i-na-raz\\\/#webpage\"},\"isPartOf\":{\"@id\":\"https:\\\/\\\/wia.net.pl\\\/index.php\\\/2023\\\/10\\\/22\\\/cenzura-internetu-wszedzie-i-na-raz\\\/#webpage\"},\"articleSection\":\"Artyku\\u0142y\"},{\"@type\":\"BreadcrumbList\",\"@id\":\"https:\\\/\\\/wia.net.pl\\\/index.php\\\/2023\\\/10\\\/22\\\/cenzura-internetu-wszedzie-i-na-raz\\\/#breadcrumblist\",\"itemListElement\":[{\"@type\":\"ListItem\",\"@id\":\"https:\\\/\\\/wia.net.pl#listItem\",\"position\":1,\"name\":\"Home\",\"item\":\"https:\\\/\\\/wia.net.pl\",\"nextItem\":{\"@type\":\"ListItem\",\"@id\":\"https:\\\/\\\/wia.net.pl\\\/index.php\\\/category\\\/artykuly\\\/#listItem\",\"name\":\"Artyku\\u0142y\"}},{\"@type\":\"ListItem\",\"@id\":\"https:\\\/\\\/wia.net.pl\\\/index.php\\\/category\\\/artykuly\\\/#listItem\",\"position\":2,\"name\":\"Artyku\\u0142y\",\"item\":\"https:\\\/\\\/wia.net.pl\\\/index.php\\\/category\\\/artykuly\\\/\",\"nextItem\":{\"@type\":\"ListItem\",\"@id\":\"https:\\\/\\\/wia.net.pl\\\/index.php\\\/2023\\\/10\\\/22\\\/cenzura-internetu-wszedzie-i-na-raz\\\/#listItem\",\"name\":\"Cenzura Internetu, wsz\\u0119dzie i na raz\"},\"previousItem\":{\"@type\":\"ListItem\",\"@id\":\"https:\\\/\\\/wia.net.pl#listItem\",\"name\":\"Home\"}},{\"@type\":\"ListItem\",\"@id\":\"https:\\\/\\\/wia.net.pl\\\/index.php\\\/2023\\\/10\\\/22\\\/cenzura-internetu-wszedzie-i-na-raz\\\/#listItem\",\"position\":3,\"name\":\"Cenzura Internetu, wsz\\u0119dzie i na raz\",\"previousItem\":{\"@type\":\"ListItem\",\"@id\":\"https:\\\/\\\/wia.net.pl\\\/index.php\\\/category\\\/artykuly\\\/#listItem\",\"name\":\"Artyku\\u0142y\"}}]},{\"@type\":\"Person\",\"@id\":\"https:\\\/\\\/wia.net.pl\\\/#person\",\"name\":\"Bart\\u0142omiej Talarczyk\",\"image\":{\"@type\":\"ImageObject\",\"@id\":\"https:\\\/\\\/wia.net.pl\\\/index.php\\\/2023\\\/10\\\/22\\\/cenzura-internetu-wszedzie-i-na-raz\\\/#personImage\",\"url\":\"https:\\\/\\\/wia.net.pl\\\/wp-content\\\/uploads\\\/avatar-privacy\\\/cache\\\/user\\\/1\\\/7\\\/176a6b161c58363ff49b5c167264231f519f5c7fa183ca1f61e891769b6b56d5-96.jpg\",\"width\":96,\"height\":96,\"caption\":\"Bart\\u0142omiej Talarczyk\"}},{\"@type\":\"Person\",\"@id\":\"https:\\\/\\\/wia.net.pl\\\/index.php\\\/author\\\/trinity\\\/#author\",\"url\":\"https:\\\/\\\/wia.net.pl\\\/index.php\\\/author\\\/trinity\\\/\",\"name\":\"trinity\",\"image\":{\"@type\":\"ImageObject\",\"@id\":\"https:\\\/\\\/wia.net.pl\\\/index.php\\\/2023\\\/10\\\/22\\\/cenzura-internetu-wszedzie-i-na-raz\\\/#authorImage\",\"url\":\"https:\\\/\\\/wia.net.pl\\\/wp-content\\\/uploads\\\/avatar-privacy\\\/cache\\\/user\\\/5\\\/f\\\/5f6547cf82495eaa10e100a6a45d5dbde2dfdc1be88557de2018fca705bdf6f1-96.jpg\",\"width\":96,\"height\":96,\"caption\":\"trinity\"}},{\"@type\":\"WebPage\",\"@id\":\"https:\\\/\\\/wia.net.pl\\\/index.php\\\/2023\\\/10\\\/22\\\/cenzura-internetu-wszedzie-i-na-raz\\\/#webpage\",\"url\":\"https:\\\/\\\/wia.net.pl\\\/index.php\\\/2023\\\/10\\\/22\\\/cenzura-internetu-wszedzie-i-na-raz\\\/\",\"name\":\"Cenzura Internetu, wsz\\u0119dzie i na raz - Wolno\\u015b\\u0107 i Anarchia\",\"description\":\"Autorstwa DEBBIE LERMAN Brownstone Institute Kiedy\\u015b prawd\\u0105 powszechnie uznawan\\u0105 przez obywateli kraj\\u00f3w demokratycznych by\\u0142o to, \\u017ce wolno\\u015b\\u0107 s\\u0142owa by\\u0142a podstaw\\u0105 nie tylko demokracji, ale wszystkich praw cz\\u0142owieka. Kiedy osoba lub grupa mo\\u017ce cenzurowa\\u0107 mow\\u0119 innych, z definicji wyst\\u0119puje brak r\\u00f3wnowagi si\\u0142. Sprawuj\\u0105cy w\\u0142adz\\u0119 mog\\u0105 decydowa\\u0107, jakie informacje i jakie opinie s\\u0105 dozwolone, a kt\\u00f3re nale\\u017cy ukrywa\\u0107. Aby\",\"inLanguage\":\"pl-PL\",\"isPartOf\":{\"@id\":\"https:\\\/\\\/wia.net.pl\\\/#website\"},\"breadcrumb\":{\"@id\":\"https:\\\/\\\/wia.net.pl\\\/index.php\\\/2023\\\/10\\\/22\\\/cenzura-internetu-wszedzie-i-na-raz\\\/#breadcrumblist\"},\"author\":{\"@id\":\"https:\\\/\\\/wia.net.pl\\\/index.php\\\/author\\\/trinity\\\/#author\"},\"creator\":{\"@id\":\"https:\\\/\\\/wia.net.pl\\\/index.php\\\/author\\\/trinity\\\/#author\"},\"image\":{\"@type\":\"ImageObject\",\"url\":\"https:\\\/\\\/wia.net.pl\\\/wp-content\\\/uploads\\\/2023\\\/10\\\/censorship-610101_1280.jpg\",\"@id\":\"https:\\\/\\\/wia.net.pl\\\/index.php\\\/2023\\\/10\\\/22\\\/cenzura-internetu-wszedzie-i-na-raz\\\/#mainImage\",\"width\":1280,\"height\":853},\"primaryImageOfPage\":{\"@id\":\"https:\\\/\\\/wia.net.pl\\\/index.php\\\/2023\\\/10\\\/22\\\/cenzura-internetu-wszedzie-i-na-raz\\\/#mainImage\"},\"datePublished\":\"2023-10-22T12:07:18+02:00\",\"dateModified\":\"2023-10-22T12:07:18+02:00\"},{\"@type\":\"WebSite\",\"@id\":\"https:\\\/\\\/wia.net.pl\\\/#website\",\"url\":\"https:\\\/\\\/wia.net.pl\\\/\",\"name\":\"Wolno\\u015b\\u0107 i Anarchia\",\"description\":\"Ka\\u017cdy wewn\\u0119trznie jest anarchist\\u0105.\",\"inLanguage\":\"pl-PL\",\"publisher\":{\"@id\":\"https:\\\/\\\/wia.net.pl\\\/#person\"}}]}\n\t\t<\/script>\n\t\t<!-- All in One SEO -->\n\n","aioseo_head_json":{"title":"Cenzura Internetu, wsz\u0119dzie i na raz - Wolno\u015b\u0107 i Anarchia","description":"Autorstwa DEBBIE LERMAN Brownstone Institute Kiedy\u015b prawd\u0105 powszechnie uznawan\u0105 przez obywateli kraj\u00f3w demokratycznych by\u0142o to, \u017ce wolno\u015b\u0107 s\u0142owa by\u0142a podstaw\u0105 nie tylko demokracji, ale wszystkich praw cz\u0142owieka. Kiedy osoba lub grupa mo\u017ce cenzurowa\u0107 mow\u0119 innych, z definicji wyst\u0119puje brak r\u00f3wnowagi si\u0142. Sprawuj\u0105cy w\u0142adz\u0119 mog\u0105 decydowa\u0107, jakie informacje i jakie opinie s\u0105 dozwolone, a kt\u00f3re nale\u017cy ukrywa\u0107. Aby","canonical_url":"https:\/\/wia.net.pl\/index.php\/2023\/10\/22\/cenzura-internetu-wszedzie-i-na-raz\/","robots":"max-image-preview:large","keywords":"","webmasterTools":{"miscellaneous":""},"schema":{"@context":"https:\/\/schema.org","@graph":[{"@type":"BlogPosting","@id":"https:\/\/wia.net.pl\/index.php\/2023\/10\/22\/cenzura-internetu-wszedzie-i-na-raz\/#blogposting","name":"Cenzura Internetu, wsz\u0119dzie i na raz - Wolno\u015b\u0107 i Anarchia","headline":"Cenzura Internetu, wsz\u0119dzie i na raz","author":{"@id":"https:\/\/wia.net.pl\/index.php\/author\/trinity\/#author"},"publisher":{"@id":"https:\/\/wia.net.pl\/#person"},"image":{"@type":"ImageObject","url":"https:\/\/wia.net.pl\/wp-content\/uploads\/2023\/10\/censorship-610101_1280.jpg","width":1280,"height":853},"datePublished":"2023-10-22T12:07:18+02:00","dateModified":"2023-10-22T12:07:18+02:00","inLanguage":"pl-PL","mainEntityOfPage":{"@id":"https:\/\/wia.net.pl\/index.php\/2023\/10\/22\/cenzura-internetu-wszedzie-i-na-raz\/#webpage"},"isPartOf":{"@id":"https:\/\/wia.net.pl\/index.php\/2023\/10\/22\/cenzura-internetu-wszedzie-i-na-raz\/#webpage"},"articleSection":"Artyku\u0142y"},{"@type":"BreadcrumbList","@id":"https:\/\/wia.net.pl\/index.php\/2023\/10\/22\/cenzura-internetu-wszedzie-i-na-raz\/#breadcrumblist","itemListElement":[{"@type":"ListItem","@id":"https:\/\/wia.net.pl#listItem","position":1,"name":"Home","item":"https:\/\/wia.net.pl","nextItem":{"@type":"ListItem","@id":"https:\/\/wia.net.pl\/index.php\/category\/artykuly\/#listItem","name":"Artyku\u0142y"}},{"@type":"ListItem","@id":"https:\/\/wia.net.pl\/index.php\/category\/artykuly\/#listItem","position":2,"name":"Artyku\u0142y","item":"https:\/\/wia.net.pl\/index.php\/category\/artykuly\/","nextItem":{"@type":"ListItem","@id":"https:\/\/wia.net.pl\/index.php\/2023\/10\/22\/cenzura-internetu-wszedzie-i-na-raz\/#listItem","name":"Cenzura Internetu, wsz\u0119dzie i na raz"},"previousItem":{"@type":"ListItem","@id":"https:\/\/wia.net.pl#listItem","name":"Home"}},{"@type":"ListItem","@id":"https:\/\/wia.net.pl\/index.php\/2023\/10\/22\/cenzura-internetu-wszedzie-i-na-raz\/#listItem","position":3,"name":"Cenzura Internetu, wsz\u0119dzie i na raz","previousItem":{"@type":"ListItem","@id":"https:\/\/wia.net.pl\/index.php\/category\/artykuly\/#listItem","name":"Artyku\u0142y"}}]},{"@type":"Person","@id":"https:\/\/wia.net.pl\/#person","name":"Bart\u0142omiej Talarczyk","image":{"@type":"ImageObject","@id":"https:\/\/wia.net.pl\/index.php\/2023\/10\/22\/cenzura-internetu-wszedzie-i-na-raz\/#personImage","url":"https:\/\/wia.net.pl\/wp-content\/uploads\/avatar-privacy\/cache\/user\/1\/7\/176a6b161c58363ff49b5c167264231f519f5c7fa183ca1f61e891769b6b56d5-96.jpg","width":96,"height":96,"caption":"Bart\u0142omiej Talarczyk"}},{"@type":"Person","@id":"https:\/\/wia.net.pl\/index.php\/author\/trinity\/#author","url":"https:\/\/wia.net.pl\/index.php\/author\/trinity\/","name":"trinity","image":{"@type":"ImageObject","@id":"https:\/\/wia.net.pl\/index.php\/2023\/10\/22\/cenzura-internetu-wszedzie-i-na-raz\/#authorImage","url":"https:\/\/wia.net.pl\/wp-content\/uploads\/avatar-privacy\/cache\/user\/5\/f\/5f6547cf82495eaa10e100a6a45d5dbde2dfdc1be88557de2018fca705bdf6f1-96.jpg","width":96,"height":96,"caption":"trinity"}},{"@type":"WebPage","@id":"https:\/\/wia.net.pl\/index.php\/2023\/10\/22\/cenzura-internetu-wszedzie-i-na-raz\/#webpage","url":"https:\/\/wia.net.pl\/index.php\/2023\/10\/22\/cenzura-internetu-wszedzie-i-na-raz\/","name":"Cenzura Internetu, wsz\u0119dzie i na raz - Wolno\u015b\u0107 i Anarchia","description":"Autorstwa DEBBIE LERMAN Brownstone Institute Kiedy\u015b prawd\u0105 powszechnie uznawan\u0105 przez obywateli kraj\u00f3w demokratycznych by\u0142o to, \u017ce wolno\u015b\u0107 s\u0142owa by\u0142a podstaw\u0105 nie tylko demokracji, ale wszystkich praw cz\u0142owieka. Kiedy osoba lub grupa mo\u017ce cenzurowa\u0107 mow\u0119 innych, z definicji wyst\u0119puje brak r\u00f3wnowagi si\u0142. Sprawuj\u0105cy w\u0142adz\u0119 mog\u0105 decydowa\u0107, jakie informacje i jakie opinie s\u0105 dozwolone, a kt\u00f3re nale\u017cy ukrywa\u0107. Aby","inLanguage":"pl-PL","isPartOf":{"@id":"https:\/\/wia.net.pl\/#website"},"breadcrumb":{"@id":"https:\/\/wia.net.pl\/index.php\/2023\/10\/22\/cenzura-internetu-wszedzie-i-na-raz\/#breadcrumblist"},"author":{"@id":"https:\/\/wia.net.pl\/index.php\/author\/trinity\/#author"},"creator":{"@id":"https:\/\/wia.net.pl\/index.php\/author\/trinity\/#author"},"image":{"@type":"ImageObject","url":"https:\/\/wia.net.pl\/wp-content\/uploads\/2023\/10\/censorship-610101_1280.jpg","@id":"https:\/\/wia.net.pl\/index.php\/2023\/10\/22\/cenzura-internetu-wszedzie-i-na-raz\/#mainImage","width":1280,"height":853},"primaryImageOfPage":{"@id":"https:\/\/wia.net.pl\/index.php\/2023\/10\/22\/cenzura-internetu-wszedzie-i-na-raz\/#mainImage"},"datePublished":"2023-10-22T12:07:18+02:00","dateModified":"2023-10-22T12:07:18+02:00"},{"@type":"WebSite","@id":"https:\/\/wia.net.pl\/#website","url":"https:\/\/wia.net.pl\/","name":"Wolno\u015b\u0107 i Anarchia","description":"Ka\u017cdy wewn\u0119trznie jest anarchist\u0105.","inLanguage":"pl-PL","publisher":{"@id":"https:\/\/wia.net.pl\/#person"}}]},"og:locale":"pl_PL","og:site_name":"Wolno\u015b\u0107 i Anarchia - Ka\u017cdy wewn\u0119trznie jest anarchist\u0105.","og:type":"article","og:title":"Cenzura Internetu, wsz\u0119dzie i na raz - Wolno\u015b\u0107 i Anarchia","og:description":"Autorstwa DEBBIE LERMAN Brownstone Institute Kiedy\u015b prawd\u0105 powszechnie uznawan\u0105 przez obywateli kraj\u00f3w demokratycznych by\u0142o to, \u017ce wolno\u015b\u0107 s\u0142owa by\u0142a podstaw\u0105 nie tylko demokracji, ale wszystkich praw cz\u0142owieka. Kiedy osoba lub grupa mo\u017ce cenzurowa\u0107 mow\u0119 innych, z definicji wyst\u0119puje brak r\u00f3wnowagi si\u0142. Sprawuj\u0105cy w\u0142adz\u0119 mog\u0105 decydowa\u0107, jakie informacje i jakie opinie s\u0105 dozwolone, a kt\u00f3re nale\u017cy ukrywa\u0107. Aby","og:url":"https:\/\/wia.net.pl\/index.php\/2023\/10\/22\/cenzura-internetu-wszedzie-i-na-raz\/","og:image":"https:\/\/wia.net.pl\/wp-content\/uploads\/2023\/11\/cropped-freedom-i73367.jpg","og:image:secure_url":"https:\/\/wia.net.pl\/wp-content\/uploads\/2023\/11\/cropped-freedom-i73367.jpg","article:published_time":"2023-10-22T10:07:18+00:00","article:modified_time":"2023-10-22T10:07:18+00:00","twitter:card":"summary_large_image","twitter:title":"Cenzura Internetu, wsz\u0119dzie i na raz - Wolno\u015b\u0107 i Anarchia","twitter:description":"Autorstwa DEBBIE LERMAN Brownstone Institute Kiedy\u015b prawd\u0105 powszechnie uznawan\u0105 przez obywateli kraj\u00f3w demokratycznych by\u0142o to, \u017ce wolno\u015b\u0107 s\u0142owa by\u0142a podstaw\u0105 nie tylko demokracji, ale wszystkich praw cz\u0142owieka. Kiedy osoba lub grupa mo\u017ce cenzurowa\u0107 mow\u0119 innych, z definicji wyst\u0119puje brak r\u00f3wnowagi si\u0142. Sprawuj\u0105cy w\u0142adz\u0119 mog\u0105 decydowa\u0107, jakie informacje i jakie opinie s\u0105 dozwolone, a kt\u00f3re nale\u017cy ukrywa\u0107. Aby","twitter:image":"https:\/\/wia.net.pl\/wp-content\/uploads\/2023\/11\/cropped-freedom-i73367.jpg"},"aioseo_meta_data":{"post_id":"5080","title":null,"description":null,"keywords":[],"keyphrases":{"focus":{"keyphrase":"","score":0,"analysis":{"keyphraseInTitle":{"score":0,"maxScore":9,"error":1}}},"additional":[]},"primary_term":null,"canonical_url":null,"og_title":null,"og_description":null,"og_object_type":"default","og_image_type":"default","og_image_url":null,"og_image_width":null,"og_image_height":null,"og_image_custom_url":null,"og_image_custom_fields":null,"og_video":"","og_custom_url":null,"og_article_section":null,"og_article_tags":[],"twitter_use_og":false,"twitter_card":"default","twitter_image_type":"default","twitter_image_url":null,"twitter_image_custom_url":null,"twitter_image_custom_fields":null,"twitter_title":null,"twitter_description":null,"schema":{"blockGraphs":[],"customGraphs":[],"default":{"data":{"Article":[],"Course":[],"Dataset":[],"FAQPage":[],"Movie":[],"Person":[],"Product":[],"ProductReview":[],"Car":[],"Recipe":[],"Service":[],"SoftwareApplication":[],"WebPage":[]},"graphName":"BlogPosting","isEnabled":true},"graphs":[]},"schema_type":"default","schema_type_options":null,"pillar_content":false,"robots_default":true,"robots_noindex":false,"robots_noarchive":false,"robots_nosnippet":false,"robots_nofollow":false,"robots_noimageindex":false,"robots_noodp":false,"robots_notranslate":false,"robots_max_snippet":"-1","robots_max_videopreview":"-1","robots_max_imagepreview":"large","priority":null,"frequency":"default","local_seo":null,"breadcrumb_settings":null,"limit_modified_date":false,"ai":null,"created":"2023-10-22 10:07:18","updated":"2025-06-04 09:34:08","seo_analyzer_scan_date":null,"focus_keyword":null,"additional_keywords":null,"truseo_locale":null},"aioseo_breadcrumb":"<div class=\"aioseo-breadcrumbs\"><span class=\"aioseo-breadcrumb\">\n\t\t\t<a href=\"https:\/\/wia.net.pl\" title=\"Home\">Home<\/a>\n\t\t<\/span><span class=\"aioseo-breadcrumb-separator\">&raquo;<\/span><span class=\"aioseo-breadcrumb\">\n\t\t\t<a href=\"https:\/\/wia.net.pl\/index.php\/category\/artykuly\/\" title=\"Artyku\u0142y\">Artyku\u0142y<\/a>\n\t\t<\/span><span class=\"aioseo-breadcrumb-separator\">&raquo;<\/span><span class=\"aioseo-breadcrumb\">\n\t\t\tCenzura Internetu, wsz\u0119dzie i na raz\n\t\t<\/span><\/div>","aioseo_breadcrumb_json":[{"label":"Home","link":"https:\/\/wia.net.pl"},{"label":"Artyku\u0142y","link":"https:\/\/wia.net.pl\/index.php\/category\/artykuly\/"},{"label":"Cenzura Internetu, wsz\u0119dzie i na raz","link":"https:\/\/wia.net.pl\/index.php\/2023\/10\/22\/cenzura-internetu-wszedzie-i-na-raz\/"}],"_links":{"self":[{"href":"https:\/\/wia.net.pl\/index.php\/wp-json\/wp\/v2\/posts\/5080"}],"collection":[{"href":"https:\/\/wia.net.pl\/index.php\/wp-json\/wp\/v2\/posts"}],"about":[{"href":"https:\/\/wia.net.pl\/index.php\/wp-json\/wp\/v2\/types\/post"}],"author":[{"embeddable":true,"href":"https:\/\/wia.net.pl\/index.php\/wp-json\/wp\/v2\/users\/2"}],"replies":[{"embeddable":true,"href":"https:\/\/wia.net.pl\/index.php\/wp-json\/wp\/v2\/comments?post=5080"}],"version-history":[{"count":1,"href":"https:\/\/wia.net.pl\/index.php\/wp-json\/wp\/v2\/posts\/5080\/revisions"}],"predecessor-version":[{"id":5082,"href":"https:\/\/wia.net.pl\/index.php\/wp-json\/wp\/v2\/posts\/5080\/revisions\/5082"}],"wp:featuredmedia":[{"embeddable":true,"href":"https:\/\/wia.net.pl\/index.php\/wp-json\/wp\/v2\/media\/5081"}],"wp:attachment":[{"href":"https:\/\/wia.net.pl\/index.php\/wp-json\/wp\/v2\/media?parent=5080"}],"wp:term":[{"taxonomy":"category","embeddable":true,"href":"https:\/\/wia.net.pl\/index.php\/wp-json\/wp\/v2\/categories?post=5080"},{"taxonomy":"post_tag","embeddable":true,"href":"https:\/\/wia.net.pl\/index.php\/wp-json\/wp\/v2\/tags?post=5080"}],"curies":[{"name":"wp","href":"https:\/\/api.w.org\/{rel}","templated":true}]}}