{"id":5083,"date":"2023-10-22T12:14:04","date_gmt":"2023-10-22T10:14:04","guid":{"rendered":"https:\/\/wia.net.pl\/?p=5083"},"modified":"2023-10-22T12:14:05","modified_gmt":"2023-10-22T10:14:05","slug":"kontrowersyjna-budowa-trzeciej-swiatyni","status":"publish","type":"post","link":"https:\/\/wia.net.pl\/index.php\/2023\/10\/22\/kontrowersyjna-budowa-trzeciej-swiatyni\/","title":{"rendered":"Kontrowersyjna budowa Trzeciej \u015awi\u0105tyni"},"content":{"rendered":"\n<p><a href=\"https:\/\/leozagami.com\/2023\/10\/21\/the-controversial-building-of-the-third-temple-and-the-roots-of-the-israeli-palestinian-conflict\/\">Kontrowersyjna budowa Trzeciej \u015awi\u0105tyni i korzenie konfliktu izraelsko-palesty\u0144skiego<\/a><\/p>\n\n\n\n<p>Autor, Leo Zagami<\/p>\n\n\n\n<figure class=\"wp-block-image size-full\"><img loading=\"lazy\" decoding=\"async\" width=\"1024\" height=\"577\" src=\"https:\/\/wia.net.pl\/wp-content\/uploads\/2023\/10\/Untitled-design-64-1024x577-1.jpg\" alt=\"\" class=\"wp-image-5085\" srcset=\"https:\/\/wia.net.pl\/wp-content\/uploads\/2023\/10\/Untitled-design-64-1024x577-1.jpg 1024w, https:\/\/wia.net.pl\/wp-content\/uploads\/2023\/10\/Untitled-design-64-1024x577-1-300x169.jpg 300w, https:\/\/wia.net.pl\/wp-content\/uploads\/2023\/10\/Untitled-design-64-1024x577-1-768x433.jpg 768w, https:\/\/wia.net.pl\/wp-content\/uploads\/2023\/10\/Untitled-design-64-1024x577-1-480x270.jpg 480w\" sizes=\"(max-width: 1024px) 100vw, 1024px\" \/><\/figure>\n\n\n\n<p><em>Artyku\u0142 autorstwa Leo Zagamiego<\/em><\/p>\n\n\n\n<p>Wzg\u00f3rze \u015awi\u0105tynne w Jerozolimie jest przedmiotem ci\u0105g\u0142ej historii i proroctw biblijnych, ale tak\u017ce nieko\u0144cz\u0105cych si\u0119 kontrowersji mi\u0119dzy muzu\u0142manami i \u017bydami.&nbsp;Jest to centrum \u015bwiata religii abrahamowych, gdzie Abraham ofiarowa\u0142 swego syna Izaaka, kr\u00f3l Dawid kupi\u0142 ziemi\u0119, a jego syn Salomon zbudowa\u0142 Pierwsz\u0105 \u015awi\u0105tyni\u0119, ale jest to tak\u017ce miejsce, kt\u00f3re wyznacza pierwszy sp\u00f3r mi\u0119dzy \u017bydami i muzu\u0142manami, jak ten ostatni wierzy\u0142, \u017ce to Izmael mia\u0142 zosta\u0107 z\u0142o\u017cony w ofierze, a nie Izaak.&nbsp;Izmael jest uwa\u017cany za proroka i przodka Izmaelit\u00f3w (Hagarenes lub Arab\u00f3w) oraz przodka kilku prominentnych plemion arabskich z p\u00f3\u0142nocy, a tak\u017ce przodka Adnana, przodka Mahometa.&nbsp;<\/p>\n\n\n\n<p>Druga \u015awi\u0105tynia to miejsce, w kt\u00f3rym Jezus oczy\u015bci\u0142 \u015awi\u0105tyni\u0119, a uboga wdowa z\u0142o\u017cy\u0142a ofiar\u0119 w postaci dw\u00f3ch miedzianych monet, kt\u00f3ra wed\u0142ug Jezusa by\u0142a wi\u0119ksza ni\u017c wszystkie ekstrawaganckie datki.&nbsp;W proroczej odprawie Jezusa (znanej jako Przem\u00f3wienie Oliwne) powiedzia\u0142, \u017ce Jerozolima ponownie znajdzie si\u0119 w r\u0119kach narodu \u017cydowskiego i dlatego Jerozolima b\u0119dzie g\u0142\u00f3wnym o\u015brodkiem przewrot\u00f3w.&nbsp;W Ewangelii \u0141ukasza 21:24 Jezus prorokowa\u0142, \u017ce Jerozolima b\u0119dzie \u201edeptana przez pogan, a\u017c dope\u0142ni\u0105 si\u0119 czasy pogan\u201d.&nbsp;Zatem znakiem wszystkich znak\u00f3w, kt\u00f3rych nie by\u0142o dotychczas w \u017cadnym pokoleniu, jest ponowne pojawienie si\u0119 pa\u0144stwa Izrael w 1948 roku. Biblia m\u00f3wi\u0142a, \u017ce \u200b\u200b\u017bydzi powr\u00f3c\u0105 i rzeczywi\u015bcie powr\u00f3cili po prawie 1900 latach \u2013 taki powr\u00f3t do ojczyzny nigdy wcze\u015bniej w historii nie by\u0142o.&nbsp;Co wi\u0119cej, wed\u0142ug proroctw biblijnych w dniach ostatnich Bliski Wsch\u00f3d b\u0119dzie pogr\u0105\u017cony w kryzysie.&nbsp;Jezus powiedzia\u0142 w Ewangelii Mateusza 24:34, \u017ce pokolenie \u017cyj\u0105ce w tym czasie \u201ena pewno nie przeminie, a\u017c si\u0119 to wszystko stanie\u201d.&nbsp;&nbsp;<\/p>\n\n\n\n<p>&nbsp;&nbsp;&nbsp;&nbsp;&nbsp;&nbsp;&nbsp;W maju tego roku Itamar Ben-Gvir, izraelski prawnik i polityk, kt\u00f3ry pe\u0142ni funkcj\u0119 Ministra Bezpiecze\u0144stwa Narodowego, odwiedzi\u0142 Wzg\u00f3rze \u015awi\u0105tynne i powiedzia\u0142: \u201eCiesz\u0119 si\u0119, \u017ce mog\u0119 uda\u0107 si\u0119 na Wzg\u00f3rze \u015awi\u0105tynne, najwa\u017cniejsze miejsce dla narodu Izraela .&nbsp;Trzeba powiedzie\u0107, \u017ce policja wykonuje tu wspania\u0142\u0105 robot\u0119 i po raz kolejny udowadnia, kto rz\u0105dzi w Jerozolimie.&nbsp;\u017badne gro\u017aby Hamasu [niczego nie zmieni\u0105], my rz\u0105dzimy Jerozolim\u0105 i ca\u0142\u0105 Ziemi\u0105 Izraela\u201d.&nbsp;Wizyta wywo\u0142a\u0142a pot\u0119pienie ze strony Palesty\u0144czyk\u00f3w i kraj\u00f3w w regionie i na ca\u0142ym \u015bwiecie.&nbsp;Wed\u0142ug palesty\u0144skiej agencji prasowej WAFA rzecznik Autonomii Palesty\u0144skiej Nabil Abu Rudeineh nazwa\u0142 t\u0119 wizyt\u0119 \u201era\u017c\u0105cym atakiem na Al-Aksa\u201d, ostrzegaj\u0105c, \u017ce b\u0119dzie ona mia\u0142a \u201epowa\u017cne konsekwencje\u201d.&nbsp;Premier Benjamin Netanjahu wielokrotnie podkre\u015bla\u0142, \u017ce Izrael dzia\u0142a na rzecz utrzymania status quo na Wzg\u00f3rzu \u015awi\u0105tynnym\u201d.<\/p>\n\n\n\n<p>&nbsp;&nbsp;&nbsp;&nbsp;&nbsp;&nbsp;&nbsp;Izrael jest zaanga\u017cowany w utrzymanie wolno\u015bci wyznania, swobodnego dost\u0119pu dla wszystkich wyzna\u0144 oraz status quo na Wzg\u00f3rzu \u015awi\u0105tynnym i nie pozwoli, aby brutalni ekstremi\u015bci to zmienili\u201d \u2013 powiedzia\u0142 Netanjahu w kwietniu.&nbsp;<a href=\"applewebdata:\/\/C745F416-58CC-47A9-9E7A-198F68AF5A10#_ftn1\"><sup>[1]<\/sup><\/a>&nbsp;&nbsp;Jednak rok wcze\u015bniej, w maju 2022 r., wybuch\u0142y starcia, gdy prawie 1000 \u017byd\u00f3w odwiedzi\u0142o Wzg\u00f3rze \u015awi\u0105tynne w Dzie\u0144 Niepodleg\u0142o\u015bci.&nbsp;Dziesi\u0105tki palesty\u0144skich uczestnik\u00f3w zamieszek rzuca\u0142o kamieniami i innymi przedmiotami w funkcjonariuszy policji zabezpieczaj\u0105cych grupowe wizyty na Wzg\u00f3rzu \u015awi\u0105tynnym, lekko rani\u0105c jednego z nich.&nbsp;W tamtym czasie rzecznik Hamasu Abdel Latif Al-Qanou ostrzeg\u0142, \u017ce gdyby pozwolono \u017bydom wej\u015b\u0107 na to miejsce, by\u0142by to \u201edetonator nowej konfrontacji\u201d z Izraelem.&nbsp;Wezwa\u0142 Arab\u00f3w i Palesty\u0144czyk\u00f3w, aby przybyli na Wzg\u00f3rze \u015awi\u0105tynne i spotkali si\u0119 z \u017cydowskimi go\u015b\u0107mi.&nbsp;Hamas ostrzeg\u0142, \u017ce Izrael&nbsp;<strong>&nbsp;\u201eigra z ogniem i wci\u0105ga region w eskalacj\u0119, za kt\u00f3r\u0105 pe\u0142n\u0105 odpowiedzialno\u015b\u0107 ponosi okupant\u201d.&nbsp;<a href=\"applewebdata:\/\/C745F416-58CC-47A9-9E7A-198F68AF5A10#_ftn2\"><sup><strong>[2]<\/strong><\/sup><\/a><\/strong><\/p>\n\n\n\n<p>&nbsp;&nbsp;&nbsp;&nbsp;&nbsp;&nbsp;&nbsp;Od 1967 roku Jordania i Izrael zgodzi\u0142y si\u0119, \u017ce Waqf, czyli islamski trust, b\u0119dzie sprawowa\u0142 kontrol\u0119 nad sprawami wewn\u0105trz kompleksu, podczas gdy Izrael b\u0119dzie kontrolowa\u0142 bezpiecze\u0144stwo zewn\u0119trzne.&nbsp;Niemuzu\u0142manie b\u0119d\u0105 mogli przebywa\u0107 na terenie \u015bwi\u0105tyni w godzinach zwiedzania, ale nie b\u0119d\u0105 mogli si\u0119 tam modli\u0107.&nbsp;W 2000 r. izraelski polityk Ariel Szaron wszed\u0142 do \u015bwi\u0119tego miejsca w towarzystwie oko\u0142o 1000 izraelskiej policji, celowo powtarzaj\u0105c izraelskie roszczenia do spornego obszaru, bior\u0105c pod uwag\u0119 negocjacje pokojowe prowadzone przez \u00f3wczesnego premiera Ehuda Baraka za po\u015brednictwem USA z palesty\u0144skim przyw\u00f3dc\u0105 Jaserem Arafatem, kt\u00f3re obejmowa\u0142y dyskusje na temat sposobu, w jaki dwie strony mog\u0142y dzieli\u0107 Jerozolim\u0119.&nbsp;Wej\u015bcie Sharon na teren kompleksu rozp\u0119ta\u0142o drug\u0105 intifad\u0119, w kt\u00f3rej zgin\u0119\u0142o ponad 3000 Palesty\u0144czyk\u00f3w i oko\u0142o 1000 Izraelczyk\u00f3w.&nbsp;W maju 2017 r. izraelski rz\u0105d odbywa\u0142 cotygodniowe posiedzenie w tunelach pod meczetem Al-Aksa z okazji 50. rocznicy izraelskiej okupacji Wschodniej Jerozolimy, \u201eaby uczci\u0107 wyzwolenie i zjednoczenie Jerozolimy\u201d \u2013 co doprowadzi\u0142o do w\u015bciek\u0142o\u015bci Palesty\u0144czyk\u00f3w.&nbsp;<a href=\"applewebdata:\/\/C745F416-58CC-47A9-9E7A-198F68AF5A10#_ftn3\"><sup>[3]<\/sup><\/a><\/p>\n\n\n\n<p>&nbsp;&nbsp;&nbsp;&nbsp;&nbsp;&nbsp;&nbsp;Ruchy Rising Temple, takie jak&nbsp;&nbsp;&nbsp;<a href=\"https:\/\/en.wikipedia.org\/wiki\/The_Temple_Institute\">Instytut \u015awi\u0105tynny<\/a>&nbsp;, samozwa\u0144czy \u201e&nbsp;<a href=\"https:\/\/en.wikipedia.org\/wiki\/Temple_Mount_Administration\">Administracja Wzg\u00f3rza \u015awi\u0105tynnego<\/a>&nbsp;\u201d oraz&nbsp;&nbsp;<a href=\"https:\/\/en.wikipedia.org\/wiki\/Temple_Mount_and_Eretz_Yisrael_Faithful_Movement\">Ruch Wiernych Wzg\u00f3rza \u015awi\u0105tynnego i Ruch Wiernych Eretz Yisrael,<\/a>&nbsp;&nbsp;twierdz\u0105, \u017ce ich celem jest zbudowanie Trzeciej \u015awi\u0105tyni na Wzg\u00f3rzu \u015awi\u0105tynnym (G\u00f3ra&nbsp;&nbsp;<a href=\"https:\/\/en.wikipedia.org\/wiki\/Moriah\">Moria<\/a>&nbsp;).&nbsp;Instytut \u015awi\u0105tynny przygotowa\u0142 kilka przedmiot\u00f3w do wykorzystania w Trzeciej \u015awi\u0105tyni, a nawet przygotowa\u0142&nbsp;&nbsp;<a href=\"https:\/\/www.jpost.com\/kabbalah\/article-707160\" target=\"_blank\" rel=\"noreferrer noopener\">czerwone ja\u0142\u00f3wki<\/a>&nbsp;, kt\u00f3rych popio\u0142y, zgodnie z fragmentami Ksi\u0119gi Liczb, s\u0105 potrzebne do oczyszczenia kap\u0142an\u00f3w \u015awi\u0105tyni i o\u0142tarzy \u015awi\u0105tyni, kt\u00f3rzy przybyli do Izraela z rancza w Teksasie we wrze\u015bniu 2022 r., podczas gdy Instytut \u015awi\u0105tynny kontynuuje przygotowania do przygotowania gruntu pod budow\u0119 Trzeciej \u015awi\u0105tyni w Jerozolimie.&nbsp;<a href=\"applewebdata:\/\/C745F416-58CC-47A9-9E7A-198F68AF5A10#_ftn4\"><sup>[4]<\/sup><\/a><\/p>\n\n\n\n<p>&nbsp;&nbsp;&nbsp;&nbsp;&nbsp;&nbsp;&nbsp;Termin \u201eTrzecia \u015awi\u0105tynia\u201d odnosi si\u0119 do hipotetycznej odbudowanej \u015awi\u0105tyni Jerozolimskiej.&nbsp;Od czasu zniszczenia Drugiej \u015awi\u0105tyni w 70 roku n.e. religijni \u017bydzi wyra\u017cali ch\u0119\u0107 zobaczenia budowy Trzeciej \u015awi\u0105tyni na Wzg\u00f3rzu \u015awi\u0105tynnym.&nbsp;Modlitwa o to jest formaln\u0105 cz\u0119\u015bci\u0105 \u017cydowskiej tradycji modlitwy Amida, kt\u00f3ra odbywa si\u0119 trzy razy dziennie.&nbsp;Chocia\u017c pozostaje ona niezabudowana, koncepcja i pragnienie posiadania Trzeciej \u015awi\u0105tyni s\u0105 \u015bwi\u0119te w judaizmie, zw\u0142aszcza w judaizmie ortodoksyjnym, i s\u0105 oczekiwane jako miejsce kultu, kt\u00f3re wkr\u00f3tce ma zosta\u0107 zbudowane.&nbsp;Pocz\u0105tkowo cesarz Hadrian udzieli\u0142 pozwolenia na odbudow\u0119 \u015bwi\u0105tyni, ale potem zmieni\u0142 zdanie.&nbsp;<\/p>\n\n\n\n<p>Za czas\u00f3w cesarza rzymskiego Juliana (361\u2013363 n.e.) projekt maj\u0105cy na celu odbudow\u0119 \u015awi\u0105tyni zosta\u0142 przerwany.&nbsp;Julian jest tradycyjnie nazywany Julianem Apostat\u0105 ze wzgl\u0119du na jego polityk\u0119 odwracania kampanii chrystianizacyjnej cesarza Konstantyna poprzez przywr\u00f3cenie tradycyjnych praktyk religijnych i \u015bwi\u0119tych miejsc w ca\u0142ym Cesarstwie.<\/p>\n\n\n\n<p>&nbsp;&nbsp;&nbsp;&nbsp;&nbsp;&nbsp;&nbsp;W&nbsp;&nbsp;<em>Historii rzymskiej<\/em>&nbsp;&nbsp;Ammianusa Marcellinusa, ksi\u0119ga 23 rozdz.&nbsp;1 Wiersz 3 znajdujemy napisane:<\/p>\n\n\n\n<p>&nbsp;&nbsp;&nbsp;&nbsp;&nbsp;&nbsp;&nbsp;<em>Julian pomy\u015bla\u0142, \u017ce kiedy\u015b w Jerozolimie odbuduje dumn\u0105 \u015awi\u0105tyni\u0119 kosztownym wydatkiem i powierzy\u0142 to zadanie Alipiuszowi z Antiochii.&nbsp;Alipiusz zabra\u0142 si\u0119 energicznie do pracy i zosta\u0142 oddelegowany przez namiestnika prowincji;&nbsp;kiedy straszliwe kule ognia, wybuchaj\u0105ce w pobli\u017cu fundament\u00f3w, kontynuowa\u0142y ataki, a\u017c robotnicy po wielokrotnych przypaleniach nie mogli ju\u017c si\u0119 zbli\u017ca\u0107: i zrezygnowa\u0142 z tej pr\u00f3by.<\/em><\/p>\n\n\n\n<p>&nbsp;&nbsp;&nbsp;&nbsp;&nbsp;&nbsp;&nbsp;Niepowodzenie odbudowy \u015awi\u0105tyni przez cesarza Juliana przypisuje si\u0119 trz\u0119sieniu ziemi w Galilei w 363 r. n.e. oraz ambiwalencji \u017byd\u00f3w co do tego projektu.&nbsp;<strong>Rabin Hilkiyah<\/strong>&nbsp;, jeden z czo\u0142owych rabin\u00f3w tamtych czas\u00f3w,&nbsp;&nbsp;<strong>wzgardzi\u0142 pieni\u0119dzmi Juliana, argumentuj\u0105c, \u017ce Goje nie powinni bra\u0107 udzia\u0142u w odbudowie \u015bwi\u0105tyni<\/strong>&nbsp;.&nbsp;Jako mo\u017cliwo\u015b\u0107 wskazuje si\u0119 r\u00f3wnie\u017c sabota\u017c, podobnie jak przypadkowy po\u017car, ale Boska interwencja by\u0142a powszechnym pogl\u0105dem w\u015br\u00f3d \u00f3wczesnych historyk\u00f3w chrze\u015bcija\u0144skich i pogl\u0105d ten r\u00f3wnie\u017c w pe\u0142ni podziela\u0142.<\/p>\n\n\n\n<p>&nbsp;&nbsp;&nbsp;&nbsp;&nbsp;&nbsp;&nbsp;Kronika ormia\u0144ska z VII wieku n.e., napisana przez biskupa Sebeosa, podaje, \u017ce \u017bydzi i Arabowie k\u0142\u00f3cili si\u0119 z powodu r\u00f3\u017cnic wyznaniowych podczas obl\u0119\u017cenia Jerozolimy w 637 roku n.e., ale \u201ecz\u0142owiek z syn\u00f3w Izmaela imieniem Mahomet\u201d da\u0142 \u201ekazanie Drogi Prawdy, rzekomo na rozkaz Boga\u201d, m\u00f3wi\u0105c im, \u017ce zar\u00f3wno \u017bydzi, jak i Arabowie powinni zjednoczy\u0107 si\u0119 pod sztandarem swego ojca Abrahama i wej\u015b\u0107 do Ziemi \u015awi\u0119tej.&nbsp;Sebeos donosi r\u00f3wnie\u017c, \u017ce \u017bydzi rozpocz\u0119li odbudow\u0119 \u015bwi\u0105tyni, ale Arabowie wyp\u0119dzili ich i ponownie przeznaczyli to miejsce na w\u0142asne modlitwy.&nbsp;<a href=\"applewebdata:\/\/C745F416-58CC-47A9-9E7A-198F68AF5A10#_ftn5\"><sup>[5]<\/sup><\/a>&nbsp;&nbsp;Za czas\u00f3w kalifatu Rashidun i wczesnych kalifat\u00f3w Umajjad\u00f3w po zdobyciu miasta w 637 roku n.e. wzniesiono dwie monumentalne budowle: g\u0142\u00f3wn\u0105 sal\u0119 modlitewn\u0105 meczetu&nbsp;&nbsp;<strong>Al-Aksa<\/strong>&nbsp;&nbsp;oraz&nbsp;&nbsp;<strong>Kopu\u0142\u0119 na Skale<\/strong>&nbsp;, w pobli\u017cu centrum wzg\u00f3rza, kt\u00f3ra jest najstarsz\u0105 istniej\u0105ca na \u015bwiecie struktura islamska wyznaczaj\u0105ca miejsce, w kt\u00f3rym wed\u0142ug muzu\u0142man\u00f3w Mahomet wst\u0105pi\u0142 do nieba, nawet je\u015bli Mahomet zmar\u0142 pi\u0119\u0107 lat wcze\u015bniej, w roku 632 naszej ery, a Koran nie wspomina, \u017ce \u200b\u200bkiedykolwiek uda\u0142 si\u0119 do Jerozolimy.&nbsp;<\/p>\n\n\n\n<p>Jak wi\u0119c dochodz\u0105 do tego wniosku?&nbsp;Polityczne i strategiczne implikacje przej\u0119cia tego miejsca kultu od \u017byd\u00f3w zmusi\u0142y uczonych muzu\u0142ma\u0144skich do reinterpretacji 17 rozdzia\u0142u (s\u016brah) Koranu na swoj\u0105 korzy\u015b\u0107, gdzie w\u015br\u00f3d 111 werset\u00f3w (\u0101y\u0101t) znajdujemy s\u0142owo \u201eIsra\u201d odnosi si\u0119 to do&nbsp;&nbsp;<strong>Nocnej Podr\u00f3\u017cy&nbsp;<\/strong>&nbsp;islamskiego proroka Mahometa, natomiast szczeg\u00f3\u0142y tej historii mo\u017cna znale\u017a\u0107 w hadisach (p\u00f3\u017aniejszych zbiorach raport\u00f3w, nauk, czyn\u00f3w i powiedze\u0144 Mahometa), kt\u00f3re stanowi\u0105 suplementy do Koranu.&nbsp;<a href=\"applewebdata:\/\/C745F416-58CC-47A9-9E7A-198F68AF5A10#_ftn6\"><sup>[6]<\/sup><\/a>&nbsp;Dwa \u017ar\u00f3d\u0142a hadis\u00f3w na temat&nbsp;&nbsp;<em>Isry<\/em>&nbsp;&nbsp;i&nbsp;&nbsp;<em>Mi\u02bfraj&nbsp;<\/em>&nbsp;(Wniebowst\u0105pienia), uwa\u017cane za najbardziej wiarygodne, to Anas ibn Malik i Ibn \u02bfAbbas.&nbsp;Obaj s\u0105 uwa\u017cani za \u1e63ah\u0101ba, czyli \u201etowarzyszy Proroka\u201d, ale w czasie podr\u00f3\u017cy Mahometa do Mi&#8217;raj byli jeszcze m\u0142odymi ch\u0142opcami.&nbsp;W Isra\u02be (\u201eNocna podr\u00f3\u017c\u201d) m\u00f3wi si\u0119, \u017ce Mahomet podr\u00f3\u017cowa\u0142 na grzbiecie Buraka (skrzydlatego zwierz\u0119cia) do Al-Aksa (tj. Wzg\u00f3rza \u015awi\u0105tynnego), gdzie prowadzi\u0142 innych prorok\u00f3w, w tym Ibrahima (Abrahama), Mus\u0119 (Moj\u017cesz) i Iza (Jezus) w modlitwie.&nbsp;Nast\u0119pnie wst\u0105pi\u0142 do nieba podczas Mi\u02bfraj (Wniebowst\u0105pienia), gdzie indywidualnie wita\u0142 prorok\u00f3w, a p\u00f3\u017aniej rozmawia\u0142 z Bogiem, kt\u00f3ry zgodzi\u0142 si\u0119 obni\u017cy\u0107 liczb\u0119 wymaganych \u1e63al\u0101t (modlitw rytualnych) z 50 dziennie do pi\u0119ciu.&nbsp;Podr\u00f3\u017c i wej\u015bcie na szczyt s\u0105 uwa\u017cane za jedn\u0105 z najbardziej znanych dat w kalendarzu islamskim \u2013 27 dzie\u0144 islamskiego miesi\u0105ca rad\u017cab, ale problem w tym, \u017ce nigdy do tego nie dosz\u0142o, poniewa\u017c muzu\u0142manie nie podbili Jerozolimy przez kolejne 5 lat.&nbsp;<a href=\"applewebdata:\/\/C745F416-58CC-47A9-9E7A-198F68AF5A10#_ftn7\"><sup>[7]<\/sup><\/a><\/p>\n\n\n\n<figure class=\"wp-block-image\"><img decoding=\"async\" src=\"http:\/\/leozagami.com\/wp-content\/uploads\/2023\/10\/129280303_temple_mount_v2_640-2x-nc-1024x674.png\" alt=\"\" class=\"wp-image-9422\"\/><\/figure>\n\n\n\n<p>&nbsp;&nbsp;&nbsp;&nbsp;&nbsp;&nbsp;&nbsp;Jednak\u017ce dzisiaj wi\u0119kszo\u015b\u0107 muzu\u0142man\u00f3w postrzega ruch na rzecz budowy Trzeciej \u015awi\u0105tyni na Wzg\u00f3rzu \u015awi\u0105tynnym jako obraz\u0119 islamu ze wzgl\u0119du na sam\u0105 obecno\u015b\u0107 meczetu&nbsp;&nbsp;<strong>Al-Aksa<\/strong>&nbsp;&nbsp;i&nbsp;&nbsp;<strong>Kopu\u0142y na Skale<\/strong>&nbsp;&nbsp;zbudowanej na terenie dawnej \u015awi\u0119tej \u015awi\u0105tyni .&nbsp;Obszar ten jest uwa\u017cany przez muzu\u0142man\u00f3w za trzecie naj\u015bwi\u0119tsze miejsce w islamie, nawet je\u015bli przypuszczalny zwi\u0105zek ich Proroka z tym miejscem wydaje si\u0119 fa\u0142szywy i wynika g\u0142\u00f3wnie z interes\u00f3w politycznych, a nie z religii.&nbsp;Powiedziawszy to, muzu\u0142manie zdecydowanie wzywaj\u0105 do uznania ich wy\u0142\u0105cznych praw do tego miejsca i \u017c\u0105daj\u0105 ca\u0142kowitego przekazania go muzu\u0142ma\u0144skiej suwerenno\u015bci;&nbsp;co wi\u0119cej, niekt\u00f3rzy muzu\u0142manie posuwaj\u0105 si\u0119 a\u017c do zaprzeczenia jakiemukolwiek skojarzeniu z G\u00f3r\u0105 dawnych \u015bwi\u0105ty\u0144 \u017cydowskich, kt\u00f3re znajdowa\u0142y si\u0119 w tym miejscu, daj\u0105c pocz\u0105tek w\u0142asnemu ruchowi \u201ezaprzeczania \u015bwi\u0105tyni\u201d, kt\u00f3ry twierdzi, \u017ce kolejne \u015awi\u0105tynie w Jerozolimie albo nie istnia\u0142y, albo istnia\u0142y, ale nie zosta\u0142y zbudowane na miejscu Wzg\u00f3rza \u015awi\u0105tynnego, co wysun\u0119li palesty\u0144scy przyw\u00f3dcy polityczni, osobisto\u015bci religijne, intelektuali\u015bci i autorzy. Icchak Reiter, izraelski politolog i profesor islamu, Bliskiego Wschodu i Izraela Studia, opisuje rosn\u0105c\u0105 tendencj\u0119 w\u0142adz islamskich do zaprzeczania istnieniu \u015bwi\u0105ty\u0144 \u017cydowskich na Wzg\u00f3rzu \u015awi\u0105tynnym, charakteryzuj\u0105c to jako cz\u0119\u015b\u0107 kampanii na rzecz podniesienia statusu Jerozolimy, a Wzg\u00f3rza \u015awi\u0105tynnego w islamie jako cz\u0119\u015b\u0107 wysi\u0142k\u00f3w na rzecz przekszta\u0142cenia Jerozolimy do muzu\u0142ma\u0144skiego miasta pod rz\u0105dami arabskimi.&nbsp;<a href=\"applewebdata:\/\/C745F416-58CC-47A9-9E7A-198F68AF5A10#_ftn8\"><sup>[8]<\/sup><\/a><\/p>\n\n\n\n<p>&nbsp;&nbsp;&nbsp;&nbsp;&nbsp;&nbsp;&nbsp;W sierpniu 1967 r., po zdobyciu G\u00f3ry przez Izrael, rabin Szlomo Goren, Naczelny Rabin Izraelskich Si\u0142 Obronnych (IDF) (a p\u00f3\u017aniej Naczelny Rabin Pa\u0144stwa Izrael), zacz\u0105\u0142 organizowa\u0107 publiczne modlitwy za \u017byd\u00f3w na Wzg\u00f3rzu \u015awi\u0105tynnym.&nbsp;Rabin Goren by\u0142 r\u00f3wnie\u017c dobrze znany ze swoich kontrowersyjnych stanowisk dotycz\u0105cych \u017cydowskiej suwerenno\u015bci nad Wzg\u00f3rzem \u015awi\u0105tynnym.&nbsp;15 sierpnia 1967 roku, wkr\u00f3tce po wojnie sze\u015bciodniowej, Goren poprowadzi\u0142 grup\u0119 pi\u0119\u0107dziesi\u0119ciu \u017byd\u00f3w na Wzg\u00f3rze \u015awi\u0105tynne, gdzie, walcz\u0105c z protestuj\u0105cymi muzu\u0142ma\u0144skimi stra\u017cnikami i izraelsk\u0105 policj\u0105, wyzywaj\u0105co odprawili nabo\u017ce\u0144stwo modlitewne.&nbsp;Goren nadal modli\u0142 si\u0119 przez wiele lat w budynku Makhkame z widokiem na Wzg\u00f3rze \u015awi\u0105tynne, gdzie co roku odprawia\u0142 nabo\u017ce\u0144stwa z okazji Wielkich \u015awi\u0105t.&nbsp;Jego wezwanie do za\u0142o\u017cenia synagogi na Wzg\u00f3rzu \u015awi\u0105tynnym zosta\u0142o nast\u0119pnie powt\u00f3rzone przez jego szwagra, g\u0142\u00f3wnego rabina Hajfy, She&#8217;ara Yashuva Cohena.&nbsp;Goren zosta\u0142 ostro skrytykowany przez izraelskie Ministerstwo Obrony, kt\u00f3re, zwracaj\u0105c uwag\u0119 na wy\u017csz\u0105 rang\u0119 Gorena, okre\u015bli\u0142o jego zachowanie jako niew\u0142a\u015bciwe.&nbsp;Wydarzenie to sk\u0142oni\u0142o \u00f3wczesnych naczelnych rabin\u00f3w do ponownego przedstawienia przyj\u0119tych praw judaizmu, m\u00f3wi\u0105cych, \u017ce \u017bydom nie wolno wchodzi\u0107 na g\u00f3r\u0119 ze wzgl\u0119du na nieczysto\u015b\u0107 rytualn\u0105.&nbsp;W\u0142adze \u015bwieckie z rado\u015bci\u0105 przyj\u0119\u0142y to orzeczenie, poniewa\u017c zachowa\u0142o ono status quo z islamskim Waqf w Jerozolimie.&nbsp;Nie zgadzaj\u0105c si\u0119 ze swoimi kolegami, Goren nieustannie utrzymywa\u0142, \u017ce \u017bydom nie tylko pozwolono, ale wr\u0119cz nakazano, wspina\u0107 si\u0119 i modli\u0107 na g\u00f3rze.&nbsp;<a href=\"applewebdata:\/\/C745F416-58CC-47A9-9E7A-198F68AF5A10#_ftn9\"><sup>[9]<\/sup><\/a>&nbsp;&nbsp;Chocia\u017c w\u015br\u00f3d chrze\u015bcija\u0144stwa istnieje kilka odmiennych pogl\u0105d\u00f3w na temat znaczenia lub wymogu budowy Trzeciej \u015awi\u0105tyni w Jerozolimie, wed\u0142ug autor\u00f3w Nowego Testamentu, Nowe Przymierze charakteryzuje si\u0119 zamieszkaniem Ducha \u015awi\u0119tego w ciele wierz\u0105cego. cia\u0142o i ka\u017cde zgromadzenie wiernych symbolicznie jednoczy \u015awi\u0105tyni\u0119 i z tego powodu pomys\u0142 odbudowy fizycznej Trzeciej \u015awi\u0105tyni zosta\u0142 w ich oczach wyparty.&nbsp;Ale s\u0105 te\u017c protestanccy dyspensacjoni\u015bci, kt\u00f3rzy zamiast tego wierz\u0105 w znaczenie odbudowy \u015awi\u0105tyni, a tak\u017ce masoni, temat kt\u00f3ry szczeg\u00f3\u0142owo om\u00f3wi\u0142em w&nbsp;&nbsp;<em>Wyznaniach Iluminat\u00f3w, tom II.<\/em><\/p>\n\n\n\n<p>&nbsp;&nbsp;&nbsp;&nbsp;&nbsp;&nbsp;&nbsp;Dyspensacjonali\u015bci wierz\u0105, \u017ce po okresie powa\u017cnych ucisk\u00f3w na ziemi Pan Jezus Chrystus w spos\u00f3b widzialny i cielesny powr\u00f3ci na ziemi\u0119 (Jego Drugie Przyj\u015bcie\/Adwent lub Paruzja) i zawsze wierzyli w trwa\u0142e przysz\u0142e odrodzenie narodu izraelskiego.&nbsp;Wierz\u0105 jednak tak\u017ce w pochwycenie Ko\u015bcio\u0142a, kt\u00f3re nast\u0105pi przed Drugim Przyj\u015bciem, og\u00f3lnie postrzegane jako maj\u0105ce miejsce przed okresem ucisku, z czym si\u0119 nie zgadzam, ale jest to wiara wyznawana przez wielu ameryka\u0144skich ewangelikalizm\u00f3w.&nbsp;<a href=\"applewebdata:\/\/C745F416-58CC-47A9-9E7A-198F68AF5A10#_ftn10\"><sup>[10]<\/sup><\/a><\/p>\n\n\n\n<p>&nbsp;&nbsp;&nbsp;&nbsp;&nbsp;&nbsp;&nbsp;Na pocz\u0105tku tego roku rozmowy o normalizacji stosunk\u00f3w mi\u0119dzy Izraelem a Arabi\u0105 Saudyjsk\u0105 ponownie podsun\u0119\u0142y pomys\u0142 powo\u0142ania organu administracyjnego, kt\u00f3ry mia\u0142by zarz\u0105dza\u0107 Wzg\u00f3rzem \u015awi\u0105tynnym, pokazuj\u0105c po raz kolejny kluczow\u0105 rol\u0119 Wzg\u00f3rza \u015awi\u0105tynnego w przysz\u0142o\u015bci Bliskiego Wschodu.&nbsp;A\u017c do wojny sze\u015bciodniowej Jordania rz\u0105dzi\u0142a Jude\u0105 i Samari\u0105, Wschodni\u0105 Jerozolim\u0105 i Wzg\u00f3rzem \u015awi\u0105tynnym.&nbsp;Nadal utrzymywa\u0142a muzu\u0142ma\u0144sk\u0105 opiek\u0119 nad G\u00f3r\u0105 nawet po 1967 r. (wraz z suwerenno\u015bci\u0105 Izraela), a nawet po og\u0142oszeniu w 1988 r. wycofania si\u0119 z Zachodniego Brzegu.&nbsp;W traktacie pokojowym z Izraelem z 1994 r. Jordanii przyznano oficjalny status na G\u00f3rze i okre\u015blono, \u017ce \u201eIzrael szanuje obecn\u0105 szczeg\u00f3ln\u0105 rol\u0119 Jorda\u0144skiego Kr\u00f3lestwa Haszymidzkiego w muzu\u0142ma\u0144skich \u015bwi\u0119tych sanktuariach w Jerozolimie\u201d oraz \u017ce \u201eKiedy negocjacje w sprawie status ten b\u0119dzie mia\u0142 miejsce, Izrael nada wysoki priorytet historycznej roli Jordanii w tych \u015bwi\u0105tyniach\u201d.&nbsp;Szczeg\u00f3lne stosunki z Jordani\u0105, obejmuj\u0105ce bezpiecze\u0144stwo, wywiad i wsp\u00f3lne interesy gospodarcze, na przestrzeni lat zmieni\u0142y Amman w cichego partnera Izraela w zarz\u0105dzaniu Wzg\u00f3rzem \u015awi\u0105tynnym.&nbsp;Dlatego powierzono mu prace nad renowacj\u0105 po\u0142udniowych i wschodnich \u015bcian \u015awi\u0105tyni (Kotel), gdy zacz\u0119\u0142y one opada\u0107.&nbsp;W zwi\u0105zku z tym Izrael ponownie zgodzi\u0142 si\u0119 na jorda\u0144skie \u017c\u0105danie, aby nie wymienia\u0107 chwiejnego, niestabilnego mostu Mughrabi prowadz\u0105cego do Bramy Mughrabi, jedynej bramy wej\u015bciowej na Wzg\u00f3rze \u015awi\u0105tynne dla niemuzu\u0142man\u00f3w.<\/p>\n\n\n\n<p>&nbsp;W podobnym duchu Izrael r\u00f3wnie\u017c wykazuje du\u017c\u0105 wag\u0119 dla stanowiska Jordanii w wielu dodatkowych kwestiach zwi\u0105zanych z ustaleniami, a nawet bezpiecze\u0144stwem wewn\u0119trznym na Wzg\u00f3rzu \u015awi\u0105tynnym i otaczaj\u0105cym go obszarze.&nbsp;Pomys\u0142 powo\u0142ania mi\u0119dzywyznaniowej rady\/dyrekcji muzu\u0142ma\u0144skiej, kt\u00f3rego wznowienie Amerykanie rozwa\u017cali przed rozpocz\u0119ciem trwaj\u0105cego konfliktu zbrojnego mi\u0119dzy Hamasem a Izraelem 7 pa\u017adziernika 2023 r., da\u0142by Arabii Saudyjskiej wy\u017cszy status na Wzg\u00f3rzu \u015awi\u0105tynnym obok Jordanii , kt\u00f3re w dalszym ci\u0105gu utrzyma sw\u00f3j nadrz\u0119dny status w tym miejscu, cho\u0107 nie wy\u0142\u0105cznie tym razem wraz z rozszerzeniem takich przywilej\u00f3w na Maroko, Autonomi\u0119 Palesty\u0144sk\u0105, a by\u0107 mo\u017ce nawet Turcj\u0119, co nie spodoba\u0142o si\u0119 szyickiemu islamowi i Iranowi , kt\u00f3ry natychmiast nakaza\u0142 niedawne akcje terrorystyczne Hamasu, do kt\u00f3rych zach\u0119ca\u0142 tak\u017ce chi\u0144sko-rosyjski Nowy Porz\u0105dek \u015awiata, kt\u00f3rego cele ujawni\u0142em w&nbsp;&nbsp;<em>Wyznaniach iluminat\u00f3w, tom 7: Od okultystycznych korzeni wielkiego resetu do populistycznych korzeni wielkiego odrzucenia<\/em>&nbsp;.<\/p>\n\n\n\n<hr class=\"wp-block-separator has-alpha-channel-opacity\"\/>\n\n\n\n<p><a href=\"applewebdata:\/\/C745F416-58CC-47A9-9E7A-198F68AF5A10#_ftnref1\"><sup>[1]<\/sup><\/a>&nbsp;&nbsp;&nbsp;&nbsp;&nbsp;&nbsp;&nbsp;<a href=\"https:\/\/www.jpost.com\/israel-news\/politics-and-diplomacy\/article-743833\">&nbsp;https:\/\/www.jpost.com\/israel-news\/politics-and-diplomacy\/article-743833<\/a><\/p>\n\n\n\n<p><a href=\"applewebdata:\/\/C745F416-58CC-47A9-9E7A-198F68AF5A10#_ftnref2\"><sup>[2]<\/sup><\/a>&nbsp;&nbsp;&nbsp;&nbsp;&nbsp;&nbsp;&nbsp;<a href=\"https:\/\/www.jpost.com\/breaking-news\/article-705904\">&nbsp;https:\/\/www.jpost.com\/breaking-news\/article-705904<\/a><\/p>\n\n\n\n<p><a href=\"applewebdata:\/\/C745F416-58CC-47A9-9E7A-198F68AF5A10#_ftnref3\"><sup>[3]<\/sup><\/a>&nbsp;&nbsp;&nbsp;&nbsp;&nbsp;&nbsp;&nbsp;<a href=\"https:\/\/www.aljazeera.com\/features\/2017\/12\/6\/al-aqsa-mosque-five-things-you-need-to-know#:~:text=For%20Muslims%2C%20the%20Noble%20Sanctuary,Prophet%20Muhammad%20ascended%20to%20heaven\">&nbsp;https:\/\/www.aljazeera.com\/features\/2017\/12\/6\/al-aqsa-mosque-five-things-you-need-to-know#:~:text=For%20Muslims%2C% 20the%20Noble%20Sanktuarium,Prorok%20Mahomet%20wniebowst\u0105piony%20do%20nieba<\/a>&nbsp;.<\/p>\n\n\n\n<p><a href=\"applewebdata:\/\/C745F416-58CC-47A9-9E7A-198F68AF5A10#_ftnref4\"><sup>[4]<\/sup><\/a>&nbsp;&nbsp;&nbsp;&nbsp;&nbsp;&nbsp;&nbsp;<a href=\"https:\/\/www.jpost.com\/judaism\/article-717650\">&nbsp;https:\/\/www.jpost.com\/judaism\/article-717650<\/a><\/p>\n\n\n\n<p><a href=\"applewebdata:\/\/C745F416-58CC-47A9-9E7A-198F68AF5A10#_ftnref5\"><sup>[5]<\/sup><\/a>&nbsp;&nbsp;&nbsp;&nbsp;&nbsp;&nbsp;&nbsp;<a href=\"https:\/\/en.wikipedia.org\/wiki\/Third_Temple\">&nbsp;https:\/\/en.wikipedia.org\/wiki\/Third_Temple<\/a><\/p>\n\n\n\n<p><a href=\"applewebdata:\/\/C745F416-58CC-47A9-9E7A-198F68AF5A10#_ftnref6\"><sup>[6]<\/sup><\/a>&nbsp;&nbsp;&nbsp;&nbsp;&nbsp;&nbsp;&nbsp;<a href=\"https:\/\/en.wikipedia.org\/wiki\/Muhammad\">&nbsp;https:\/\/en.wikipedia.org\/wiki\/Muhammad<\/a><\/p>\n\n\n\n<p><a href=\"applewebdata:\/\/C745F416-58CC-47A9-9E7A-198F68AF5A10#_ftnref7\"><sup>[7]<\/sup><\/a>&nbsp;&nbsp;&nbsp;&nbsp;&nbsp;&nbsp;&nbsp;<a href=\"https:\/\/en.wikipedia.org\/wiki\/Isra%27_and_Mi%27raj\">&nbsp;https:\/\/en.wikipedia.org\/wiki\/Isra%27_and_Mi%27raj<\/a><\/p>\n\n\n\n<p><a href=\"applewebdata:\/\/C745F416-58CC-47A9-9E7A-198F68AF5A10#_ftnref8\"><sup>[8]<\/sup><\/a>&nbsp;&nbsp;&nbsp;&nbsp;&nbsp;&nbsp;&nbsp;<a href=\"https:\/\/en.wikipedia.org\/wiki\/Temple_denial\">&nbsp;https:\/\/en.wikipedia.org\/wiki\/Temple_denial<\/a><\/p>\n\n\n\n<p><a href=\"applewebdata:\/\/C745F416-58CC-47A9-9E7A-198F68AF5A10#_ftnref9\"><sup>[9]<\/sup><\/a>&nbsp;&nbsp;&nbsp;&nbsp;&nbsp;&nbsp;&nbsp;&nbsp;wiki\/Third_Temple\/&nbsp;<em>&nbsp;Tam\u017ce<\/em>&nbsp;.<\/p>\n\n\n\n<p><a href=\"applewebdata:\/\/C745F416-58CC-47A9-9E7A-198F68AF5A10#_ftnref10\"><sup>[10]<\/sup><\/a>&nbsp;&nbsp;&nbsp;&nbsp;&nbsp;&nbsp;&nbsp;<a href=\"https:\/\/en.wikipedia.org\/wiki\/Dispensationalism\">&nbsp;https:\/\/en.wikipedia.org\/wiki\/Dispensationalism<\/a><\/p>\n\n\n\n<p>UWAGA Najwa\u017cniejsza ksi\u0105\u017cka Leo Zagamiego jest ju\u017c dost\u0119pna!\u00a0<em><strong>Wyznania iluminat\u00f3w, tom 9: Siedem krok\u00f3w do tajemnic chaosu Nowego \u015awiata, od transhumanizmu i nie\u015bmiertelno\u015bci do gnostyckiego Jezusa, UFO i czar\u00f3w owad\u00f3w<\/strong><\/em><\/p>\n\n\n\n<p>\u0179r\u00f3d\u0142o <a href=\"https:\/\/leozagami.com\/\">https:\/\/leozagami.com\/<\/a><\/p>\n","protected":false},"excerpt":{"rendered":"<p>Kontrowersyjna budowa Trzeciej \u015awi\u0105tyni i korzenie konfliktu izraelsko-palesty\u0144skiego Autor, Leo Zagami Artyku\u0142 autorstwa Leo Zagamiego Wzg\u00f3rze \u015awi\u0105tynne w Jerozolimie jest przedmiotem ci\u0105g\u0142ej historii i proroctw biblijnych, ale tak\u017ce nieko\u0144cz\u0105cych si\u0119 kontrowersji mi\u0119dzy muzu\u0142manami i \u017bydami.&nbsp;Jest to centrum \u015bwiata religii abrahamowych,&#8230; <\/p>\n","protected":false},"author":2,"featured_media":5085,"comment_status":"open","ping_status":"open","sticky":false,"template":"","format":"standard","meta":{"_acf_changed":false,"_bbp_topic_count":0,"_bbp_reply_count":0,"_bbp_total_topic_count":0,"_bbp_total_reply_count":0,"_bbp_voice_count":0,"_bbp_anonymous_reply_count":0,"_bbp_topic_count_hidden":0,"_bbp_reply_count_hidden":0,"_bbp_forum_subforum_count":0,"om_disable_all_campaigns":false,"_monsterinsights_skip_tracking":false,"footnotes":""},"categories":[93],"tags":[],"class_list":["post-5083","post","type-post","status-publish","format-standard","has-post-thumbnail","hentry","category-artykuly"],"acf":[],"aioseo_notices":[],"aioseo_head":"\n\t\t<!-- All in One SEO 5.0.1.1 - aioseo.com -->\n\t<meta name=\"description\" content=\"Kontrowersyjna budowa Trzeciej \u015awi\u0105tyni i korzenie konfliktu izraelsko-palesty\u0144skiego Autor, Leo Zagami Artyku\u0142 autorstwa Leo Zagamiego Wzg\u00f3rze \u015awi\u0105tynne w Jerozolimie jest przedmiotem ci\u0105g\u0142ej historii i proroctw biblijnych, ale tak\u017ce nieko\u0144cz\u0105cych si\u0119 kontrowersji mi\u0119dzy muzu\u0142manami i \u017bydami. Jest to centrum \u015bwiata religii abrahamowych, gdzie Abraham ofiarowa\u0142 swego syna Izaaka, kr\u00f3l Dawid kupi\u0142 ziemi\u0119, a jego syn Salomon zbudowa\u0142\" \/>\n\t<meta name=\"robots\" content=\"max-image-preview:large\" \/>\n\t<meta name=\"author\" content=\"trinity\"\/>\n\t<link rel=\"canonical\" href=\"https:\/\/wia.net.pl\/index.php\/2023\/10\/22\/kontrowersyjna-budowa-trzeciej-swiatyni\/\" \/>\n\t<meta name=\"generator\" content=\"All in One SEO (AIOSEO) 5.0.1.1\" \/>\n\t\t<meta property=\"og:locale\" content=\"pl_PL\" \/>\n\t\t<meta property=\"og:site_name\" content=\"Wolno\u015b\u0107 i Anarchia - Ka\u017cdy wewn\u0119trznie jest anarchist\u0105.\" \/>\n\t\t<meta property=\"og:type\" content=\"article\" \/>\n\t\t<meta property=\"og:title\" content=\"Kontrowersyjna budowa Trzeciej \u015awi\u0105tyni - Wolno\u015b\u0107 i Anarchia\" \/>\n\t\t<meta property=\"og:description\" content=\"Kontrowersyjna budowa Trzeciej \u015awi\u0105tyni i korzenie konfliktu izraelsko-palesty\u0144skiego Autor, Leo Zagami Artyku\u0142 autorstwa Leo Zagamiego Wzg\u00f3rze \u015awi\u0105tynne w Jerozolimie jest przedmiotem ci\u0105g\u0142ej historii i proroctw biblijnych, ale tak\u017ce nieko\u0144cz\u0105cych si\u0119 kontrowersji mi\u0119dzy muzu\u0142manami i \u017bydami. Jest to centrum \u015bwiata religii abrahamowych, gdzie Abraham ofiarowa\u0142 swego syna Izaaka, kr\u00f3l Dawid kupi\u0142 ziemi\u0119, a jego syn Salomon zbudowa\u0142\" \/>\n\t\t<meta property=\"og:url\" content=\"https:\/\/wia.net.pl\/index.php\/2023\/10\/22\/kontrowersyjna-budowa-trzeciej-swiatyni\/\" \/>\n\t\t<meta property=\"og:image\" content=\"https:\/\/wia.net.pl\/wp-content\/uploads\/2023\/11\/cropped-freedom-i73367.jpg\" \/>\n\t\t<meta property=\"og:image:secure_url\" content=\"https:\/\/wia.net.pl\/wp-content\/uploads\/2023\/11\/cropped-freedom-i73367.jpg\" \/>\n\t\t<meta property=\"article:published_time\" content=\"2023-10-22T10:14:04+00:00\" \/>\n\t\t<meta property=\"article:modified_time\" content=\"2023-10-22T10:14:05+00:00\" \/>\n\t\t<meta name=\"twitter:card\" content=\"summary_large_image\" \/>\n\t\t<meta name=\"twitter:title\" content=\"Kontrowersyjna budowa Trzeciej \u015awi\u0105tyni - Wolno\u015b\u0107 i Anarchia\" \/>\n\t\t<meta name=\"twitter:description\" content=\"Kontrowersyjna budowa Trzeciej \u015awi\u0105tyni i korzenie konfliktu izraelsko-palesty\u0144skiego Autor, Leo Zagami Artyku\u0142 autorstwa Leo Zagamiego Wzg\u00f3rze \u015awi\u0105tynne w Jerozolimie jest przedmiotem ci\u0105g\u0142ej historii i proroctw biblijnych, ale tak\u017ce nieko\u0144cz\u0105cych si\u0119 kontrowersji mi\u0119dzy muzu\u0142manami i \u017bydami. Jest to centrum \u015bwiata religii abrahamowych, gdzie Abraham ofiarowa\u0142 swego syna Izaaka, kr\u00f3l Dawid kupi\u0142 ziemi\u0119, a jego syn Salomon zbudowa\u0142\" \/>\n\t\t<meta name=\"twitter:image\" content=\"https:\/\/wia.net.pl\/wp-content\/uploads\/2023\/11\/cropped-freedom-i73367.jpg\" \/>\n\t\t<script type=\"application\/ld+json\" class=\"aioseo-schema\">\n\t\t\t{\"@context\":\"https:\\\/\\\/schema.org\",\"@graph\":[{\"@type\":\"BlogPosting\",\"@id\":\"https:\\\/\\\/wia.net.pl\\\/index.php\\\/2023\\\/10\\\/22\\\/kontrowersyjna-budowa-trzeciej-swiatyni\\\/#blogposting\",\"name\":\"Kontrowersyjna budowa Trzeciej \\u015awi\\u0105tyni - Wolno\\u015b\\u0107 i Anarchia\",\"headline\":\"Kontrowersyjna budowa Trzeciej \\u015awi\\u0105tyni\",\"author\":{\"@id\":\"https:\\\/\\\/wia.net.pl\\\/index.php\\\/author\\\/trinity\\\/#author\"},\"publisher\":{\"@id\":\"https:\\\/\\\/wia.net.pl\\\/#person\"},\"image\":{\"@type\":\"ImageObject\",\"url\":\"https:\\\/\\\/wia.net.pl\\\/wp-content\\\/uploads\\\/2023\\\/10\\\/Untitled-design-64-1024x577-1.jpg\",\"width\":1024,\"height\":577},\"datePublished\":\"2023-10-22T12:14:04+02:00\",\"dateModified\":\"2023-10-22T12:14:05+02:00\",\"inLanguage\":\"pl-PL\",\"mainEntityOfPage\":{\"@id\":\"https:\\\/\\\/wia.net.pl\\\/index.php\\\/2023\\\/10\\\/22\\\/kontrowersyjna-budowa-trzeciej-swiatyni\\\/#webpage\"},\"isPartOf\":{\"@id\":\"https:\\\/\\\/wia.net.pl\\\/index.php\\\/2023\\\/10\\\/22\\\/kontrowersyjna-budowa-trzeciej-swiatyni\\\/#webpage\"},\"articleSection\":\"Artyku\\u0142y\"},{\"@type\":\"BreadcrumbList\",\"@id\":\"https:\\\/\\\/wia.net.pl\\\/index.php\\\/2023\\\/10\\\/22\\\/kontrowersyjna-budowa-trzeciej-swiatyni\\\/#breadcrumblist\",\"itemListElement\":[{\"@type\":\"ListItem\",\"@id\":\"https:\\\/\\\/wia.net.pl#listItem\",\"position\":1,\"name\":\"Home\",\"item\":\"https:\\\/\\\/wia.net.pl\",\"nextItem\":{\"@type\":\"ListItem\",\"@id\":\"https:\\\/\\\/wia.net.pl\\\/index.php\\\/category\\\/artykuly\\\/#listItem\",\"name\":\"Artyku\\u0142y\"}},{\"@type\":\"ListItem\",\"@id\":\"https:\\\/\\\/wia.net.pl\\\/index.php\\\/category\\\/artykuly\\\/#listItem\",\"position\":2,\"name\":\"Artyku\\u0142y\",\"item\":\"https:\\\/\\\/wia.net.pl\\\/index.php\\\/category\\\/artykuly\\\/\",\"nextItem\":{\"@type\":\"ListItem\",\"@id\":\"https:\\\/\\\/wia.net.pl\\\/index.php\\\/2023\\\/10\\\/22\\\/kontrowersyjna-budowa-trzeciej-swiatyni\\\/#listItem\",\"name\":\"Kontrowersyjna budowa Trzeciej \\u015awi\\u0105tyni\"},\"previousItem\":{\"@type\":\"ListItem\",\"@id\":\"https:\\\/\\\/wia.net.pl#listItem\",\"name\":\"Home\"}},{\"@type\":\"ListItem\",\"@id\":\"https:\\\/\\\/wia.net.pl\\\/index.php\\\/2023\\\/10\\\/22\\\/kontrowersyjna-budowa-trzeciej-swiatyni\\\/#listItem\",\"position\":3,\"name\":\"Kontrowersyjna budowa Trzeciej \\u015awi\\u0105tyni\",\"previousItem\":{\"@type\":\"ListItem\",\"@id\":\"https:\\\/\\\/wia.net.pl\\\/index.php\\\/category\\\/artykuly\\\/#listItem\",\"name\":\"Artyku\\u0142y\"}}]},{\"@type\":\"Person\",\"@id\":\"https:\\\/\\\/wia.net.pl\\\/#person\",\"name\":\"Bart\\u0142omiej Talarczyk\",\"image\":{\"@type\":\"ImageObject\",\"@id\":\"https:\\\/\\\/wia.net.pl\\\/index.php\\\/2023\\\/10\\\/22\\\/kontrowersyjna-budowa-trzeciej-swiatyni\\\/#personImage\",\"url\":\"https:\\\/\\\/wia.net.pl\\\/wp-content\\\/uploads\\\/avatar-privacy\\\/cache\\\/user\\\/1\\\/7\\\/176a6b161c58363ff49b5c167264231f519f5c7fa183ca1f61e891769b6b56d5-96.jpg\",\"width\":96,\"height\":96,\"caption\":\"Bart\\u0142omiej Talarczyk\"}},{\"@type\":\"Person\",\"@id\":\"https:\\\/\\\/wia.net.pl\\\/index.php\\\/author\\\/trinity\\\/#author\",\"url\":\"https:\\\/\\\/wia.net.pl\\\/index.php\\\/author\\\/trinity\\\/\",\"name\":\"trinity\",\"image\":{\"@type\":\"ImageObject\",\"@id\":\"https:\\\/\\\/wia.net.pl\\\/index.php\\\/2023\\\/10\\\/22\\\/kontrowersyjna-budowa-trzeciej-swiatyni\\\/#authorImage\",\"url\":\"https:\\\/\\\/wia.net.pl\\\/wp-content\\\/uploads\\\/avatar-privacy\\\/cache\\\/user\\\/5\\\/f\\\/5f6547cf82495eaa10e100a6a45d5dbde2dfdc1be88557de2018fca705bdf6f1-96.jpg\",\"width\":96,\"height\":96,\"caption\":\"trinity\"}},{\"@type\":\"WebPage\",\"@id\":\"https:\\\/\\\/wia.net.pl\\\/index.php\\\/2023\\\/10\\\/22\\\/kontrowersyjna-budowa-trzeciej-swiatyni\\\/#webpage\",\"url\":\"https:\\\/\\\/wia.net.pl\\\/index.php\\\/2023\\\/10\\\/22\\\/kontrowersyjna-budowa-trzeciej-swiatyni\\\/\",\"name\":\"Kontrowersyjna budowa Trzeciej \\u015awi\\u0105tyni - Wolno\\u015b\\u0107 i Anarchia\",\"description\":\"Kontrowersyjna budowa Trzeciej \\u015awi\\u0105tyni i korzenie konfliktu izraelsko-palesty\\u0144skiego Autor, Leo Zagami Artyku\\u0142 autorstwa Leo Zagamiego Wzg\\u00f3rze \\u015awi\\u0105tynne w Jerozolimie jest przedmiotem ci\\u0105g\\u0142ej historii i proroctw biblijnych, ale tak\\u017ce nieko\\u0144cz\\u0105cych si\\u0119 kontrowersji mi\\u0119dzy muzu\\u0142manami i \\u017bydami. Jest to centrum \\u015bwiata religii abrahamowych, gdzie Abraham ofiarowa\\u0142 swego syna Izaaka, kr\\u00f3l Dawid kupi\\u0142 ziemi\\u0119, a jego syn Salomon zbudowa\\u0142\",\"inLanguage\":\"pl-PL\",\"isPartOf\":{\"@id\":\"https:\\\/\\\/wia.net.pl\\\/#website\"},\"breadcrumb\":{\"@id\":\"https:\\\/\\\/wia.net.pl\\\/index.php\\\/2023\\\/10\\\/22\\\/kontrowersyjna-budowa-trzeciej-swiatyni\\\/#breadcrumblist\"},\"author\":{\"@id\":\"https:\\\/\\\/wia.net.pl\\\/index.php\\\/author\\\/trinity\\\/#author\"},\"creator\":{\"@id\":\"https:\\\/\\\/wia.net.pl\\\/index.php\\\/author\\\/trinity\\\/#author\"},\"image\":{\"@type\":\"ImageObject\",\"url\":\"https:\\\/\\\/wia.net.pl\\\/wp-content\\\/uploads\\\/2023\\\/10\\\/Untitled-design-64-1024x577-1.jpg\",\"@id\":\"https:\\\/\\\/wia.net.pl\\\/index.php\\\/2023\\\/10\\\/22\\\/kontrowersyjna-budowa-trzeciej-swiatyni\\\/#mainImage\",\"width\":1024,\"height\":577},\"primaryImageOfPage\":{\"@id\":\"https:\\\/\\\/wia.net.pl\\\/index.php\\\/2023\\\/10\\\/22\\\/kontrowersyjna-budowa-trzeciej-swiatyni\\\/#mainImage\"},\"datePublished\":\"2023-10-22T12:14:04+02:00\",\"dateModified\":\"2023-10-22T12:14:05+02:00\"},{\"@type\":\"WebSite\",\"@id\":\"https:\\\/\\\/wia.net.pl\\\/#website\",\"url\":\"https:\\\/\\\/wia.net.pl\\\/\",\"name\":\"Wolno\\u015b\\u0107 i Anarchia\",\"description\":\"Ka\\u017cdy wewn\\u0119trznie jest anarchist\\u0105.\",\"inLanguage\":\"pl-PL\",\"publisher\":{\"@id\":\"https:\\\/\\\/wia.net.pl\\\/#person\"}}]}\n\t\t<\/script>\n\t\t<!-- All in One SEO -->\n\n","aioseo_head_json":{"title":"Kontrowersyjna budowa Trzeciej \u015awi\u0105tyni - Wolno\u015b\u0107 i Anarchia","description":"Kontrowersyjna budowa Trzeciej \u015awi\u0105tyni i korzenie konfliktu izraelsko-palesty\u0144skiego Autor, Leo Zagami Artyku\u0142 autorstwa Leo Zagamiego Wzg\u00f3rze \u015awi\u0105tynne w Jerozolimie jest przedmiotem ci\u0105g\u0142ej historii i proroctw biblijnych, ale tak\u017ce nieko\u0144cz\u0105cych si\u0119 kontrowersji mi\u0119dzy muzu\u0142manami i \u017bydami. Jest to centrum \u015bwiata religii abrahamowych, gdzie Abraham ofiarowa\u0142 swego syna Izaaka, kr\u00f3l Dawid kupi\u0142 ziemi\u0119, a jego syn Salomon zbudowa\u0142","canonical_url":"https:\/\/wia.net.pl\/index.php\/2023\/10\/22\/kontrowersyjna-budowa-trzeciej-swiatyni\/","robots":"max-image-preview:large","keywords":"","webmasterTools":{"miscellaneous":""},"schema":{"@context":"https:\/\/schema.org","@graph":[{"@type":"BlogPosting","@id":"https:\/\/wia.net.pl\/index.php\/2023\/10\/22\/kontrowersyjna-budowa-trzeciej-swiatyni\/#blogposting","name":"Kontrowersyjna budowa Trzeciej \u015awi\u0105tyni - Wolno\u015b\u0107 i Anarchia","headline":"Kontrowersyjna budowa Trzeciej \u015awi\u0105tyni","author":{"@id":"https:\/\/wia.net.pl\/index.php\/author\/trinity\/#author"},"publisher":{"@id":"https:\/\/wia.net.pl\/#person"},"image":{"@type":"ImageObject","url":"https:\/\/wia.net.pl\/wp-content\/uploads\/2023\/10\/Untitled-design-64-1024x577-1.jpg","width":1024,"height":577},"datePublished":"2023-10-22T12:14:04+02:00","dateModified":"2023-10-22T12:14:05+02:00","inLanguage":"pl-PL","mainEntityOfPage":{"@id":"https:\/\/wia.net.pl\/index.php\/2023\/10\/22\/kontrowersyjna-budowa-trzeciej-swiatyni\/#webpage"},"isPartOf":{"@id":"https:\/\/wia.net.pl\/index.php\/2023\/10\/22\/kontrowersyjna-budowa-trzeciej-swiatyni\/#webpage"},"articleSection":"Artyku\u0142y"},{"@type":"BreadcrumbList","@id":"https:\/\/wia.net.pl\/index.php\/2023\/10\/22\/kontrowersyjna-budowa-trzeciej-swiatyni\/#breadcrumblist","itemListElement":[{"@type":"ListItem","@id":"https:\/\/wia.net.pl#listItem","position":1,"name":"Home","item":"https:\/\/wia.net.pl","nextItem":{"@type":"ListItem","@id":"https:\/\/wia.net.pl\/index.php\/category\/artykuly\/#listItem","name":"Artyku\u0142y"}},{"@type":"ListItem","@id":"https:\/\/wia.net.pl\/index.php\/category\/artykuly\/#listItem","position":2,"name":"Artyku\u0142y","item":"https:\/\/wia.net.pl\/index.php\/category\/artykuly\/","nextItem":{"@type":"ListItem","@id":"https:\/\/wia.net.pl\/index.php\/2023\/10\/22\/kontrowersyjna-budowa-trzeciej-swiatyni\/#listItem","name":"Kontrowersyjna budowa Trzeciej \u015awi\u0105tyni"},"previousItem":{"@type":"ListItem","@id":"https:\/\/wia.net.pl#listItem","name":"Home"}},{"@type":"ListItem","@id":"https:\/\/wia.net.pl\/index.php\/2023\/10\/22\/kontrowersyjna-budowa-trzeciej-swiatyni\/#listItem","position":3,"name":"Kontrowersyjna budowa Trzeciej \u015awi\u0105tyni","previousItem":{"@type":"ListItem","@id":"https:\/\/wia.net.pl\/index.php\/category\/artykuly\/#listItem","name":"Artyku\u0142y"}}]},{"@type":"Person","@id":"https:\/\/wia.net.pl\/#person","name":"Bart\u0142omiej Talarczyk","image":{"@type":"ImageObject","@id":"https:\/\/wia.net.pl\/index.php\/2023\/10\/22\/kontrowersyjna-budowa-trzeciej-swiatyni\/#personImage","url":"https:\/\/wia.net.pl\/wp-content\/uploads\/avatar-privacy\/cache\/user\/1\/7\/176a6b161c58363ff49b5c167264231f519f5c7fa183ca1f61e891769b6b56d5-96.jpg","width":96,"height":96,"caption":"Bart\u0142omiej Talarczyk"}},{"@type":"Person","@id":"https:\/\/wia.net.pl\/index.php\/author\/trinity\/#author","url":"https:\/\/wia.net.pl\/index.php\/author\/trinity\/","name":"trinity","image":{"@type":"ImageObject","@id":"https:\/\/wia.net.pl\/index.php\/2023\/10\/22\/kontrowersyjna-budowa-trzeciej-swiatyni\/#authorImage","url":"https:\/\/wia.net.pl\/wp-content\/uploads\/avatar-privacy\/cache\/user\/5\/f\/5f6547cf82495eaa10e100a6a45d5dbde2dfdc1be88557de2018fca705bdf6f1-96.jpg","width":96,"height":96,"caption":"trinity"}},{"@type":"WebPage","@id":"https:\/\/wia.net.pl\/index.php\/2023\/10\/22\/kontrowersyjna-budowa-trzeciej-swiatyni\/#webpage","url":"https:\/\/wia.net.pl\/index.php\/2023\/10\/22\/kontrowersyjna-budowa-trzeciej-swiatyni\/","name":"Kontrowersyjna budowa Trzeciej \u015awi\u0105tyni - Wolno\u015b\u0107 i Anarchia","description":"Kontrowersyjna budowa Trzeciej \u015awi\u0105tyni i korzenie konfliktu izraelsko-palesty\u0144skiego Autor, Leo Zagami Artyku\u0142 autorstwa Leo Zagamiego Wzg\u00f3rze \u015awi\u0105tynne w Jerozolimie jest przedmiotem ci\u0105g\u0142ej historii i proroctw biblijnych, ale tak\u017ce nieko\u0144cz\u0105cych si\u0119 kontrowersji mi\u0119dzy muzu\u0142manami i \u017bydami. Jest to centrum \u015bwiata religii abrahamowych, gdzie Abraham ofiarowa\u0142 swego syna Izaaka, kr\u00f3l Dawid kupi\u0142 ziemi\u0119, a jego syn Salomon zbudowa\u0142","inLanguage":"pl-PL","isPartOf":{"@id":"https:\/\/wia.net.pl\/#website"},"breadcrumb":{"@id":"https:\/\/wia.net.pl\/index.php\/2023\/10\/22\/kontrowersyjna-budowa-trzeciej-swiatyni\/#breadcrumblist"},"author":{"@id":"https:\/\/wia.net.pl\/index.php\/author\/trinity\/#author"},"creator":{"@id":"https:\/\/wia.net.pl\/index.php\/author\/trinity\/#author"},"image":{"@type":"ImageObject","url":"https:\/\/wia.net.pl\/wp-content\/uploads\/2023\/10\/Untitled-design-64-1024x577-1.jpg","@id":"https:\/\/wia.net.pl\/index.php\/2023\/10\/22\/kontrowersyjna-budowa-trzeciej-swiatyni\/#mainImage","width":1024,"height":577},"primaryImageOfPage":{"@id":"https:\/\/wia.net.pl\/index.php\/2023\/10\/22\/kontrowersyjna-budowa-trzeciej-swiatyni\/#mainImage"},"datePublished":"2023-10-22T12:14:04+02:00","dateModified":"2023-10-22T12:14:05+02:00"},{"@type":"WebSite","@id":"https:\/\/wia.net.pl\/#website","url":"https:\/\/wia.net.pl\/","name":"Wolno\u015b\u0107 i Anarchia","description":"Ka\u017cdy wewn\u0119trznie jest anarchist\u0105.","inLanguage":"pl-PL","publisher":{"@id":"https:\/\/wia.net.pl\/#person"}}]},"og:locale":"pl_PL","og:site_name":"Wolno\u015b\u0107 i Anarchia - Ka\u017cdy wewn\u0119trznie jest anarchist\u0105.","og:type":"article","og:title":"Kontrowersyjna budowa Trzeciej \u015awi\u0105tyni - Wolno\u015b\u0107 i Anarchia","og:description":"Kontrowersyjna budowa Trzeciej \u015awi\u0105tyni i korzenie konfliktu izraelsko-palesty\u0144skiego Autor, Leo Zagami Artyku\u0142 autorstwa Leo Zagamiego Wzg\u00f3rze \u015awi\u0105tynne w Jerozolimie jest przedmiotem ci\u0105g\u0142ej historii i proroctw biblijnych, ale tak\u017ce nieko\u0144cz\u0105cych si\u0119 kontrowersji mi\u0119dzy muzu\u0142manami i \u017bydami. Jest to centrum \u015bwiata religii abrahamowych, gdzie Abraham ofiarowa\u0142 swego syna Izaaka, kr\u00f3l Dawid kupi\u0142 ziemi\u0119, a jego syn Salomon zbudowa\u0142","og:url":"https:\/\/wia.net.pl\/index.php\/2023\/10\/22\/kontrowersyjna-budowa-trzeciej-swiatyni\/","og:image":"https:\/\/wia.net.pl\/wp-content\/uploads\/2023\/11\/cropped-freedom-i73367.jpg","og:image:secure_url":"https:\/\/wia.net.pl\/wp-content\/uploads\/2023\/11\/cropped-freedom-i73367.jpg","article:published_time":"2023-10-22T10:14:04+00:00","article:modified_time":"2023-10-22T10:14:05+00:00","twitter:card":"summary_large_image","twitter:title":"Kontrowersyjna budowa Trzeciej \u015awi\u0105tyni - Wolno\u015b\u0107 i Anarchia","twitter:description":"Kontrowersyjna budowa Trzeciej \u015awi\u0105tyni i korzenie konfliktu izraelsko-palesty\u0144skiego Autor, Leo Zagami Artyku\u0142 autorstwa Leo Zagamiego Wzg\u00f3rze \u015awi\u0105tynne w Jerozolimie jest przedmiotem ci\u0105g\u0142ej historii i proroctw biblijnych, ale tak\u017ce nieko\u0144cz\u0105cych si\u0119 kontrowersji mi\u0119dzy muzu\u0142manami i \u017bydami. Jest to centrum \u015bwiata religii abrahamowych, gdzie Abraham ofiarowa\u0142 swego syna Izaaka, kr\u00f3l Dawid kupi\u0142 ziemi\u0119, a jego syn Salomon zbudowa\u0142","twitter:image":"https:\/\/wia.net.pl\/wp-content\/uploads\/2023\/11\/cropped-freedom-i73367.jpg"},"aioseo_meta_data":{"post_id":"5083","title":null,"description":null,"keywords":[],"keyphrases":{"focus":{"keyphrase":"","score":0,"analysis":{"keyphraseInTitle":{"score":0,"maxScore":9,"error":1}}},"additional":[]},"primary_term":null,"canonical_url":null,"og_title":null,"og_description":null,"og_object_type":"default","og_image_type":"default","og_image_url":null,"og_image_width":null,"og_image_height":null,"og_image_custom_url":null,"og_image_custom_fields":null,"og_video":"","og_custom_url":null,"og_article_section":null,"og_article_tags":[],"twitter_use_og":false,"twitter_card":"default","twitter_image_type":"default","twitter_image_url":null,"twitter_image_custom_url":null,"twitter_image_custom_fields":null,"twitter_title":null,"twitter_description":null,"schema":{"blockGraphs":[],"customGraphs":[],"default":{"data":{"Article":[],"Course":[],"Dataset":[],"FAQPage":[],"Movie":[],"Person":[],"Product":[],"ProductReview":[],"Car":[],"Recipe":[],"Service":[],"SoftwareApplication":[],"WebPage":[]},"graphName":"BlogPosting","isEnabled":true},"graphs":[]},"schema_type":"default","schema_type_options":null,"pillar_content":false,"robots_default":true,"robots_noindex":false,"robots_noarchive":false,"robots_nosnippet":false,"robots_nofollow":false,"robots_noimageindex":false,"robots_noodp":false,"robots_notranslate":false,"robots_max_snippet":"-1","robots_max_videopreview":"-1","robots_max_imagepreview":"large","priority":null,"frequency":"default","local_seo":null,"breadcrumb_settings":null,"limit_modified_date":false,"ai":null,"created":"2023-10-22 10:14:05","updated":"2025-06-04 09:35:52","seo_analyzer_scan_date":null,"focus_keyword":null,"additional_keywords":null,"truseo_locale":null},"aioseo_breadcrumb":"<div class=\"aioseo-breadcrumbs\"><span class=\"aioseo-breadcrumb\">\n\t\t\t<a href=\"https:\/\/wia.net.pl\" title=\"Home\">Home<\/a>\n\t\t<\/span><span class=\"aioseo-breadcrumb-separator\">&raquo;<\/span><span class=\"aioseo-breadcrumb\">\n\t\t\t<a href=\"https:\/\/wia.net.pl\/index.php\/category\/artykuly\/\" title=\"Artyku\u0142y\">Artyku\u0142y<\/a>\n\t\t<\/span><span class=\"aioseo-breadcrumb-separator\">&raquo;<\/span><span class=\"aioseo-breadcrumb\">\n\t\t\tKontrowersyjna budowa Trzeciej \u015awi\u0105tyni\n\t\t<\/span><\/div>","aioseo_breadcrumb_json":[{"label":"Home","link":"https:\/\/wia.net.pl"},{"label":"Artyku\u0142y","link":"https:\/\/wia.net.pl\/index.php\/category\/artykuly\/"},{"label":"Kontrowersyjna budowa Trzeciej \u015awi\u0105tyni","link":"https:\/\/wia.net.pl\/index.php\/2023\/10\/22\/kontrowersyjna-budowa-trzeciej-swiatyni\/"}],"_links":{"self":[{"href":"https:\/\/wia.net.pl\/index.php\/wp-json\/wp\/v2\/posts\/5083"}],"collection":[{"href":"https:\/\/wia.net.pl\/index.php\/wp-json\/wp\/v2\/posts"}],"about":[{"href":"https:\/\/wia.net.pl\/index.php\/wp-json\/wp\/v2\/types\/post"}],"author":[{"embeddable":true,"href":"https:\/\/wia.net.pl\/index.php\/wp-json\/wp\/v2\/users\/2"}],"replies":[{"embeddable":true,"href":"https:\/\/wia.net.pl\/index.php\/wp-json\/wp\/v2\/comments?post=5083"}],"version-history":[{"count":1,"href":"https:\/\/wia.net.pl\/index.php\/wp-json\/wp\/v2\/posts\/5083\/revisions"}],"predecessor-version":[{"id":5086,"href":"https:\/\/wia.net.pl\/index.php\/wp-json\/wp\/v2\/posts\/5083\/revisions\/5086"}],"wp:featuredmedia":[{"embeddable":true,"href":"https:\/\/wia.net.pl\/index.php\/wp-json\/wp\/v2\/media\/5085"}],"wp:attachment":[{"href":"https:\/\/wia.net.pl\/index.php\/wp-json\/wp\/v2\/media?parent=5083"}],"wp:term":[{"taxonomy":"category","embeddable":true,"href":"https:\/\/wia.net.pl\/index.php\/wp-json\/wp\/v2\/categories?post=5083"},{"taxonomy":"post_tag","embeddable":true,"href":"https:\/\/wia.net.pl\/index.php\/wp-json\/wp\/v2\/tags?post=5083"}],"curies":[{"name":"wp","href":"https:\/\/api.w.org\/{rel}","templated":true}]}}