{"id":5087,"date":"2023-10-22T12:29:46","date_gmt":"2023-10-22T10:29:46","guid":{"rendered":"https:\/\/wia.net.pl\/?p=5087"},"modified":"2023-10-22T12:29:46","modified_gmt":"2023-10-22T10:29:46","slug":"trzecie-forum-pasa-i-szlaku-w-pekinie","status":"publish","type":"post","link":"https:\/\/wia.net.pl\/index.php\/2023\/10\/22\/trzecie-forum-pasa-i-szlaku-w-pekinie\/","title":{"rendered":"Trzecie forum \u201ePasa i Szlaku\u201d w Pekinie"},"content":{"rendered":"\n<p>Trzecie forum \u201ePasa i Szlaku\u201d w Pekinie: projektowanie \u201espo\u0142eczno\u015bci ludzkiej ze wsp\u00f3ln\u0105 przysz\u0142o\u015bci\u0105\u201d<\/p>\n\n\n\n<p>autorstwa\u00a0<a href=\"https:\/\/www.globalresearch.ca\/author\/peter-koenig\">Petera Koeniga<\/a><\/p>\n\n\n\n<figure class=\"wp-block-image size-full\"><img loading=\"lazy\" decoding=\"async\" width=\"768\" height=\"432\" src=\"https:\/\/wia.net.pl\/wp-content\/uploads\/2023\/10\/belt-road-forum-2023-768x432-1.jpeg\" alt=\"\" class=\"wp-image-5088\" srcset=\"https:\/\/wia.net.pl\/wp-content\/uploads\/2023\/10\/belt-road-forum-2023-768x432-1.jpeg 768w, https:\/\/wia.net.pl\/wp-content\/uploads\/2023\/10\/belt-road-forum-2023-768x432-1-300x169.jpeg 300w, https:\/\/wia.net.pl\/wp-content\/uploads\/2023\/10\/belt-road-forum-2023-768x432-1-480x270.jpeg 480w\" sizes=\"(max-width: 768px) 100vw, 768px\" \/><\/figure>\n\n\n\n<p><em>Prezydent Chin&nbsp;<strong>Xi Jinping<\/strong>&nbsp;w swoim o\u015bwiadczeniu otwieraj\u0105cym III&nbsp;<sup>Forum<\/sup>&nbsp;Pasa i Szlaku w Pekinie stwierdzi\u0142, \u017ce \u201eChiny radz\u0105 sobie dobrze tylko wtedy, gdy dobrze radzi sobie \u015bwiat, a je\u015bli Chiny radz\u0105 sobie dobrze, \u015bwiat radzi sobie jeszcze lepiej\u201d.<\/em><\/p>\n\n\n\n<p><em>Przewidywa\u0142&nbsp;<\/em><em>&nbsp;ludzko\u015b\u0107 jako wsp\u00f3lnot\u0119 ze wsp\u00f3ln\u0105 przysz\u0142o\u015bci\u0105.<\/em><\/p>\n\n\n\n<p>Kontynuuj\u0105c swoje uwagi wst\u0119pne, Xi powiedzia\u0142:<\/p>\n\n\n\n<p>\u201eJednym z najwa\u017cniejszych aspekt\u00f3w [BRI] jest nacisk na projekty zwi\u0105zane z zielon\u0105 infrastruktur\u0105 i rozw\u00f3j energii odnawialnej.&nbsp;Promowanie ducha pokoju i wsp\u00f3\u0142pracy, wzajemnego uczenia si\u0119 i wzajemnych korzy\u015bci, otwarto\u015bci i korzy\u015bci dla obu stron, panuj\u0105cych na staro\u017cytnym Jedwabnym Szlaku, jest najwa\u017cniejszym \u017ar\u00f3d\u0142em si\u0142y wsp\u00f3\u0142pracy w ramach Pasa i Szlaku\u201d.<\/p>\n\n\n\n<p>Forum odby\u0142o si\u0119 w dniach 17\u201318 pa\u017adziernika 2023 r. w Pekinie z okazji 10.&nbsp;<sup>rocznicy<\/sup>&nbsp;Inicjatywy Pasa i Szlaku (BRI), kt\u00f3r\u0105 prezydent Xi zapocz\u0105tkowa\u0142 we wrze\u015bniu 2013 r. podczas wizyty pa\u0144stwowej w Kazachstanie.&nbsp;&nbsp;<\/p>\n\n\n<div class=\"wp-block-image\">\n<figure class=\"aligncenter\"><a href=\"https:\/\/www.globalresearch.ca\/wp-content\/uploads\/2022\/07\/China-Belt-Road-Initiative-2.jpg\"><img decoding=\"async\" src=\"https:\/\/www.globalresearch.ca\/wp-content\/uploads\/2022\/07\/China-Belt-Road-Initiative-2.jpg\" alt=\"\" class=\"wp-image-5786222\"\/><\/a><\/figure><\/div>\n\n\n<p>W preambule do opisu&nbsp;przysz\u0142o\u015bciowego spojrzenia na \u015bwiat&nbsp;<sup>III Forum&nbsp;<\/sup><em>\u201eThe China Daily\u201d<\/em>&nbsp;(19 pa\u017adziernika 2023 r.) przedstawi\u0142 Forum BRI z jego historyczn\u0105 przesz\u0142o\u015bci\u0105:&nbsp;<\/p>\n\n\n\n<p>\u201ePonad dwa tysi\u0105ce lat temu, zainspirowani szczerym pragnieniem przyja\u017ani, nasi przodkowie przemierzali \u0142\u0105ki i pustynie, aby stworzy\u0107 l\u0105dowy Jedwabny Szlak \u0142\u0105cz\u0105cy Azj\u0119, Europ\u0119 i Afryk\u0119, wprowadzaj\u0105c \u015bwiat w er\u0119 rozleg\u0142ej wymiany kulturalnej.&nbsp;Ponad 1000 lat temu nasi przodkowie wyp\u0142yn\u0119li w rejs i stawili czo\u0142a falom, aby otworzy\u0107 morski Jedwabny Szlak \u0142\u0105cz\u0105cy Wsch\u00f3d i Zach\u00f3d, rozpoczynaj\u0105c nowy etap bli\u017cszej komunikacji mi\u0119dzy narodami.<\/p>\n\n\n\n<p>\u201eStaro\u017cytne szlaki jedwabne, rozci\u0105gaj\u0105ce si\u0119 na tysi\u0105ce mil i lata, by\u0142y nie tylko szlakami handlowymi, ale tak\u017ce drogami wymiany kulturalnej.&nbsp;Wnie\u015bli ogromny wk\u0142ad w post\u0119p ludzko\u015bci.&nbsp;W latach osiemdziesi\u0105tych Organizacja Narod\u00f3w Zjednoczonych i niekt\u00f3re kraje zacz\u0119\u0142y rozwa\u017ca\u0107 utworzenie Eurazjatyckiego Mostu L\u0105dowego, Inicjatywy Jedwabnego Szlaku i inne plany, odzwierciedlaj\u0105c wsp\u00f3ln\u0105 ch\u0119\u0107 zaanga\u017cowania si\u0119 w komunikacj\u0119 i wsp\u00f3\u0142prac\u0119.<\/p>\n\n\n\n<p>\u201eW marcu 2013 r. Prezydent Xi Jinping zaproponowa\u0142 wizj\u0119 globalnej spo\u0142eczno\u015bci wsp\u00f3lnej przysz\u0142o\u015bci.&nbsp;We wrze\u015bniu i pa\u017adzierniku tego samego roku podj\u0105\u0142 inicjatywy po\u0142\u0105czenia si\u0119 z innymi w celu budowy Pasa Gospodarczego Jedwabnego Szlaku i Morskiego Jedwabnego Szlaku XXI wieku (Inicjatywa Pasa i Szlaku, w skr\u00f3cie BRI).\u201d<\/p>\n\n\n\n<p>W forum wzi\u0119\u0142o udzia\u0142 130 kraj\u00f3w, z czego 24 by\u0142y reprezentowane przez swoich przyw\u00f3dc\u00f3w.&nbsp;Ra\u017c\u0105co nieobecni byli dygnitarze ze Stan\u00f3w Zjednoczonych i Europy, z wyj\u0105tkiem w\u0119gierskiego Viktora Orbana.&nbsp;Innymi obecnymi g\u0142owami pa\u0144stw byli prezydent Kazachstanu Kassym-Jomart Tokajew, Indonezyjczyk Joko Widodo, a tak\u017ce wielu przedstawicieli Afryki, Azji i Ameryki \u0141aci\u0144skiej.&nbsp;Nawet talibowie, quasi-przedstawiciele rz\u0105du Afganistanu, wys\u0142ali delegacj\u0119.&nbsp;<\/p>\n\n\n\n<p>Co istotne, w\u015br\u00f3d uczestnik\u00f3w III&nbsp;<sup>Forum<\/sup>&nbsp;Pasa i Szlaku znalaz\u0142 si\u0119&nbsp;<strong>Sekretarz Generalny ONZ Antonio Guterres.<\/strong>&nbsp;<\/p>\n\n\n\n<p>Z kolei w forum 2019 wzi\u0119\u0142o udzia\u0142 37 \u015bwiatowych przyw\u00f3dc\u00f3w, w tym 5 z Europy, W\u0142och, Grecji, Austrii, Portugalii i Czech.<\/p>\n\n\n\n<p><a href=\"https:\/\/www.globalresearch.ca\/china-belt-road-diplomacy-towards-economic-cooperation-peace\/5820643\">Chi\u0144ska dyplomacja \u201ePasa i Szlaku\u201d.&nbsp;W stron\u0119 wsp\u00f3\u0142pracy gospodarczej i pokoju<\/a><\/p>\n\n\n\n<p>W\u0142ochy, wa\u017cny cz\u0142onek UE i jedyny cz\u0142onek G7, s\u0105 obecnie cz\u0119\u015bci\u0105 Pasa i Szlaku.&nbsp;W\u0142ochy nie uczestniczy\u0142y jednak w forum.<\/p>\n\n\n\n<p>Zaledwie rok temu premier W\u0142och&nbsp;<strong>Giorgia Meloni&nbsp;<\/strong>&nbsp;pochwali\u0142a wsp\u00f3\u0142prac\u0119 w ramach BRI mi\u0119dzy jej krajem a Chinami.&nbsp;W mi\u0119dzyczasie, pod siln\u0105 presj\u0105 Waszyngtonu i UE, rozwa\u017ca opuszczenie \u201ePasa i Szlaku\u201d po wyga\u015bni\u0119ciu obecnego paktu w marcu 2024 r. Nie jest to jeszcze zako\u0144czone, gdy\u017c najprawdopodobniej pani Meloni wnioskuje o g\u0142osowanie w parlamencie w sprawie BRI cz\u0142onkostwo.<\/p>\n\n\n\n<p>Zobacz to,&nbsp;&nbsp;<a href=\"https:\/\/www.globalresearch.ca\/italy-us-pressure-exit-chinese-belt-road\/5826783?doing_wp_cron=1690314122.7051219940185546875000\"><strong>W\u0142ochy: Naciski USA na opuszczenie chi\u0144skiego \u201epasa i drogi\u201d.&nbsp;Zosta\u0107 czy nie zosta\u0107 w BRI?&nbsp;<\/strong><\/a>(25 lipca 2023 r.)&nbsp;.<\/p>\n\n\n\n<p>Poni\u017cszy klip wideo z wywiadu CNN z premierem Melonim i pani\u0105 Zoe Liu, stypendystk\u0105 ds. studi\u00f3w chi\u0144skich w Council on Foreign Relations, wiele m\u00f3wi na temat wypaczonego stylu wywiad\u00f3w i sposobu formu\u0142owania opinii \u2013 w zachodnich mediach.<\/p>\n\n\n<div class=\"wp-block-image\">\n<figure class=\"aligncenter\"><a href=\"https:\/\/edition.cnn.com\/videos\/world\/2023\/08\/01\/exp-china-belt-road-initiative-italy-liu-church-intv-01083aseg2-cnni-world.cnn\"><img decoding=\"async\" src=\"https:\/\/www.globalresearch.ca\/wp-content\/uploads\/2023\/10\/Screenshot-2023-10-20-at-5.33.58-PM-1024x566.png\" alt=\"\" class=\"wp-image-5837090\"\/><\/a><\/figure><\/div>\n\n\n<p><a href=\"https:\/\/edition.cnn.com\/videos\/world\/2023\/08\/01\/exp-china-belt-road-initiative-italy-liu-church-intv-01083aseg2-cnni-world.cnn\">Kliknij tutaj, aby zobaczy\u0107 wideo<\/a><\/p>\n\n\n\n<p>Nieobecno\u015b\u0107 europejskich i innych \u015bwiatowych przyw\u00f3dc\u00f3w, a tak\u017ce silnie zaznaczony sojusz mi\u0119dzy prezydentami Xi i Putinem, demonstruj\u0105cy ca\u0142\u0105 blisk\u0105 solidarno\u015b\u0107, uwypukli\u0142 rosn\u0105cy podzia\u0142 mi\u0119dzy Wschodem a Zachodem lub mi\u0119dzy Globalnym Po\u0142udniem a Globaln\u0105 P\u00f3\u0142noc\u0105.<\/p>\n\n\n\n<p>Innymi s\u0142owy, pog\u0142\u0119biaj\u0105ca si\u0119 przepa\u015b\u0107 pomi\u0119dzy dwoma biegunami w\u0142adzy na \u015bwiecie, Wschodem i Zachodem, jest widoczna podczas ka\u017cdego wa\u017cnego \u015bwiatowego wydarzenia, podczas kt\u00f3rego omawiane s\u0105 kwestie o znaczeniu globalnym.<\/p>\n\n\n\n<p>Na przyk\u0142ad Xi i Putin przewodzili ma\u0142ej grupie delegacji krajowych, kt\u00f3ra nie pot\u0119pia\u0142a Hamasu za atak na Izrael, wiedz\u0105c dobrze, \u017ce przez ostatnie siedem dekad Izrael w coraz wi\u0119kszym stopniu i w spos\u00f3b przypadkowy mordowa\u0142 Palesty\u0144czyk\u00f3w, coraz bardziej uciska\u0142 Palestyn\u0119, a w 2007 r. Gaz\u0119 w najwi\u0119ksze na \u015bwiecie wi\u0119zienie na \u015bwie\u017cym powietrzu, w kt\u00f3rym przebywa 2,3 miliona os\u00f3b.<\/p>\n\n\n\n<p>Chiny od wielu lat s\u0105 zdecydowanym zwolennikiem wolno\u015bci Palestyny \u200b\u200bi rozwi\u0105zania dwupa\u0144stwowego.&nbsp;Ale Izrael, przy wsparciu Waszyngtonu, nie jest zainteresowany tym, co wygl\u0105da na jedyne wyj\u015bcie, do pokoju i, miejmy nadziej\u0119, z czasem, harmonijnego wsp\u00f3\u0142\u017cycia dw\u00f3ch s\u0105siaduj\u0105cych suwerennych kraj\u00f3w.<\/p>\n\n\n\n<p>Najprawdopodobniej&nbsp;<strong>Chiny i Rosja wiedz\u0105, \u017ce za atakiem Hamasu sta\u0142 sam Izrael.&nbsp;Izrael jest domniemanym tw\u00f3rc\u0105 i za\u0142o\u017cycielem Hamasu.&nbsp;Przekszta\u0142cenie ataku Hamasu z 7 pa\u017adziernika w \u201efa\u0142szyw\u0105 flag\u0119\u201d<\/strong>&nbsp;\u2013 prowadz\u0105c do tysi\u0119cy ofiar \u015bmiertelnych po obu stronach, ale g\u0142\u00f3wnie Palesty\u0144czyk\u00f3w.&nbsp;A konflikt jeszcze si\u0119 nie sko\u0144czy\u0142.<\/p>\n\n\n\n<p><strong>Zamiast rzuca\u0107 oskar\u017cenia, Rosja i Chiny wezwa\u0142y do \u200b\u200bzawieszenia broni i negocjacji pokojowych.<\/strong><\/p>\n\n\n\n<p>Nie mo\u017cna wykluczy\u0107, \u017ce w ramach propozycji pokojowej Chiny i Rosja mog\u0105 wysun\u0105\u0107 pomys\u0142 odbudowy Gazy i Zachodniego Brzegu w ramach Inicjatywy Pasa i Szlaku.&nbsp;Mo\u017ce to by\u0107 plan, kt\u00f3ry znajdzie aprobat\u0119 Globalnego Po\u0142udnia.<\/p>\n\n\n\n<p>Na wszelki wypadek ciekawie by\u0142oby zobaczy\u0107 reakcj\u0119 Zachodu na tak pozytywn\u0105 i konstruktywn\u0105 sugesti\u0119 \u2013 znacznie wi\u0119ksz\u0105, ni\u017c Zach\u00f3d przedstawi\u0142 w ci\u0105gu ostatnich 75 lat, podczas kt\u00f3rych Izrael systematycznie pr\u00f3bowa\u0142 unicestwi\u0107 Palestyn\u0119.&nbsp;<\/p>\n\n\n\n<p>Okazanie solidarno\u015bci Xi z Putinem na Forum Pasa i Szlaku podkre\u015bli\u0142o tak\u017ce pog\u0142\u0119biaj\u0105cy si\u0119 podzia\u0142 mi\u0119dzy g\u0142\u00f3wnymi mocarstwami \u015bwiata.&nbsp;Pokazuje \u015bwiatu, \u017ce wsp\u00f3\u0142praca z Zachodem \u2013 \u015bwiat w harmonii \u2013 nie jest cz\u0119\u015bci\u0105 programu globalist\u00f3w.<\/p>\n\n\n\n<p>*<\/p>\n\n\n\n<p>Gwoli refleksji \u2013 czy kto\u015b naprawd\u0119 wierzy, \u017ce zachodni tak zwani przyw\u00f3dcy, kt\u00f3rzy otwarcie kibicuj\u0105 izraelskiej agresji od pokole\u0144, a obecnie ludob\u00f3jstwu, nie znaj\u0105 prawdy?<\/p>\n\n\n\n<p>\u017be nie wiedz\u0105, kto jest prawdziwym agresorem w tym odwiecznym konflikcie?<\/p>\n\n\n\n<p>W nocy, przed p\u00f3j\u015bciem spa\u0107, niekt\u00f3rzy z nich mog\u0105 nawet potajemnie modli\u0107 si\u0119 za Palestyn\u0119.&nbsp;<\/p>\n\n\n\n<p><strong>Nie maj\u0105 jednak odwagi otwarcie broni\u0107 sprawiedliwo\u015bci i pokoju.&nbsp;Dlaczego nie?<\/strong><\/p>\n\n\n\n<p>S\u0105 jedynie \u017c\u0105dnymi w\u0142adzy marionetkami&nbsp;<strong>ogromnego potwora finansowego, wojskowego, IT, medi\u00f3w i farmacji<\/strong>&nbsp;, kt\u00f3ry poci\u0105ga za sznurki wszystkich widocznych przyw\u00f3dc\u00f3w, dyrektor\u00f3w generalnych korporacji, \u015awiatowego Forum Ekonomicznego (WEF), WHO \u2013 i tak, tak\u017ce Waszyngtonu.&nbsp;<\/p>\n\n\n\n<p>Kiedy wi\u0119kszo\u015b\u0107 tych marionetek b\u0119dzie mia\u0142a odwag\u0119 wsta\u0107 i wyj\u015b\u0107 z Matrixa, wojna mo\u017ce przekszta\u0142ci\u0107 si\u0119 w prawdziwy pok\u00f3j.<\/p>\n\n\n\n<p>W mi\u0119dzyczasie najlepsze, co mamy, to Pas i Szlak, kt\u00f3rego celem jest zjednoczenie ludzko\u015bci dla wsp\u00f3lnej przysz\u0142o\u015bci w dobrobycie.&nbsp;<\/p>\n\n\n\n<p>Od chwili uruchomienia w 2013 r. Inicjatywa Pasa i Szlaku przekaza\u0142a r\u00f3wnowarto\u015b\u0107 setek miliard\u00f3w dolar\u00f3w w rozw\u00f3j gospodarczy BRI, g\u0142\u00f3wnie projekty infrastrukturalne, takie jak budowa most\u00f3w, port\u00f3w, autostrad, elektrowni i telekomunikacji, w Azji, Ameryce \u0141aci\u0144skiej i Afryce i cz\u0119\u015bci Europy.<\/p>\n\n\n\n<p>Nie uwzgl\u0119dnia to nawet wymiany kulturalnej, edukacyjnej i naukowej mi\u0119dzy krajami, promowanej przez BRI.&nbsp;Ka\u017cda interakcja mi\u0119dzy krajami i spo\u0142ecze\u0144stwami jest krokiem w stron\u0119 lepszego zrozumienia, w kierunku pokojowego wsp\u00f3\u0142\u017cycia.<\/p>\n\n\n\n<p>Minister spraw zagranicznych Chin&nbsp;<strong>Wang Yi<\/strong>&nbsp;na konferencji prasowej dla medi\u00f3w chi\u0144skich i zagranicznych podsumowa\u0142 perspektywy Chin dotycz\u0105ce wsp\u00f3\u0142pracy w zakresie Pasa i Szlaku jako nowego etapu wysokiej jako\u015bci rozwoju.<\/p>\n\n\n\n<p>Yi wskaza\u0142 na cztery nowe obszary rozwoju i wsp\u00f3\u0142pracy \u2013 kt\u00f3re zosta\u0142y r\u00f3wnie\u017c poruszone w przem\u00f3wieniu otwieraj\u0105cym prezydenta Xi.<\/p>\n\n\n\n<p><strong>Po pierwsze<\/strong>&nbsp;, promowanie wielowymiarowej \u0142\u0105czno\u015bci kontynentu euroazjatyckiego.&nbsp;Chiny zaproponowa\u0142y wsparcie budowy wielowymiarowej sieci po\u0142\u0105cze\u0144 kontynentu eurazjatyckiego z pi\u0119ciu aspekt\u00f3w, m.in. wzmocnienie po\u0142\u0105cze\u0144 kolejowych w oparciu o China-Europe Railway Express, budow\u0119 nowego korytarza logistycznego przez kontynent euroazjatycki, po\u0142\u0105czonego bezpo\u015brednim transportem drogowym, budow\u0119 sieci trans -Kaspijski mi\u0119dzynarodowy korytarz transportowy, rozw\u00f3j morskiego \u201eJedwabnego Szlaku\u201d i Nowego Mi\u0119dzynarodowego Korytarza Handlu L\u0105dowo-morskiego oraz budowa Powietrznego Jedwabnego Szlaku pomi\u0119dzy Chinami a Europ\u0105.<\/p>\n\n\n\n<p><strong>Po drugie<\/strong>&nbsp;, nowym etapem BRI poprowadzi Zielony Jedwabny Szlak.&nbsp;Chiny pog\u0142\u0119bi\u0105 wsp\u00f3\u0142prac\u0119 ze wszystkimi stronami w obszarach takich jak zielona infrastruktura, zielona energia, zielone finanse i ekologiczny transport, zwi\u0119ksz\u0105 wsparcie dla Mi\u0119dzynarodowej Koalicji na rzecz Zielonego Rozwoju BRI, wdro\u017c\u0105 Zasady Zielonych Inwestycji dla Pasa i Szlaku oraz zapewni\u0105 ekologiczny rozw\u00f3j wielki sztandar Pasa i Szlaku.<\/p>\n\n\n\n<p><strong>Po trzecie<\/strong>&nbsp;, nowy etap zostanie wzmocniony Cyfrowym Jedwabnym Szlakiem.&nbsp;Chiny b\u0119d\u0105 wsp\u00f3\u0142pracowa\u0107 ze wszystkimi stronami, aby wspiera\u0107 otwarte, sprawiedliwe i niedyskryminacyjne \u015brodowisko dla rozwoju gospodarki cyfrowej, promowa\u0107 g\u0142\u0119bok\u0105 integracj\u0119 technologii cyfrowej z gospodark\u0105 realn\u0105 oraz zmniejsza\u0107 przepa\u015b\u0107 cyfrow\u0105.&nbsp;Chiny wysun\u0119\u0142y tak\u017ce Globaln\u0105 Inicjatyw\u0119 na rzecz Zarz\u0105dzania Sztuczn\u0105 Inteligencj\u0105, kt\u00f3ra ma ogromne znaczenie dla usprawnienia i wzmocnienia globalnego systemu zarz\u0105dzania cyfrowego;&nbsp;I<\/p>\n\n\n\n<p><strong>Po czwarte<\/strong>&nbsp;, ten nowy etap dla Chin oznacza po\u0142\u0105czenie r\u0105k z innymi krajami w realizacji globalnej modernizacji.&nbsp;Dzi\u0119ki wsp\u00f3\u0142pracy w ramach Pasa i Szlaku Chiny pog\u0142\u0119bi\u0105 integracj\u0119 gospodarki chi\u0144skiej z gospodark\u0105 \u015bwiatow\u0105.&nbsp;Chiny s\u0105 mocno zaanga\u017cowane w budow\u0119 otwartej gospodarki \u015bwiatowej, wsp\u00f3lnie realizuj\u0105c modernizacj\u0119 obejmuj\u0105c\u0105 pokojowy rozw\u00f3j, wzajemnie korzystn\u0105 wsp\u00f3\u0142prac\u0119 i dobrobyt dla wszystkich, wdra\u017caj\u0105c Inicjatyw\u0119 Globalnego Rozwoju, Globaln\u0105 Inicjatyw\u0119 Bezpiecze\u0144stwa i Globaln\u0105 Inicjatyw\u0119 Cywilizacyjn\u0105 zaproponowane przez Prezydenta Xi Jinpinga, oraz budowanie wsp\u00f3lnoty ludzkiej ze wsp\u00f3ln\u0105 przysz\u0142o\u015bci\u0105.<\/p>\n\n\n\n<p>Podsumowuj\u0105c, Minister Wang Yi podkre\u015bli\u0142, \u017ce wsp\u00f3\u0142praca w zakresie Pasa i Szlaku oznacza post\u0119p czas\u00f3w i jest w\u0142a\u015bciw\u0105 drog\u0105 naprz\u00f3d.&nbsp;Do\u0142\u0105cza do Prezydenta Xi Jinpinga, wskazuj\u0105c na Pas i Szlak jako istotny instrument dzia\u0142aj\u0105cy na rzecz spo\u0142eczno\u015bci maj\u0105cej wsp\u00f3ln\u0105 przysz\u0142o\u015b\u0107 dla ludzko\u015bci i wsp\u00f3lny dobrobyt.<\/p>\n\n\n\n<p>*<\/p>\n\n\n\n<p>Uwaga dla czytelnik\u00f3w: kliknij przycisk udost\u0119pniania powy\u017cej.&nbsp;\u015aled\u017a nas na Instagramie i Twitterze oraz subskrybuj nasz kana\u0142 na Telegramie.&nbsp;Zach\u0119camy do ponownego publikowania i szerokiego udost\u0119pniania artyku\u0142\u00f3w Global Research.<\/p>\n\n\n\n<p><em><strong>Peter Koenig<\/strong>&nbsp;&nbsp;jest analitykiem geopolitycznym i by\u0142ym starszym ekonomist\u0105 w Banku \u015awiatowym i \u015awiatowej Organizacji Zdrowia (WHO), gdzie przez ponad 30 lat pracowa\u0142 na ca\u0142ym \u015bwiecie.&nbsp;Jest autorem ksi\u0105\u017cki&nbsp;&nbsp;<a href=\"http:\/\/www.amazon.com\/Implosion-Economic-Environmental-Destruction-Corporate\/dp\/059545349X\" target=\"_blank\" rel=\"noreferrer noopener\">Implozja \u2013 thriller ekonomiczny o wojnie, zniszczeniu \u015brodowiska i chciwo\u015bci korporacji;&nbsp;i<\/a>&nbsp;&nbsp;wsp\u00f3\u0142autorka ksi\u0105\u017cki Cynthii McKinney \u201eWhen China Sneezes:&nbsp;&nbsp;From the Crown Lockdown to the Global Politico-Economic Crisis\u201d (&nbsp;Clarity Press \u2013 1 listopada 2020 r.).<\/em><\/p>\n\n\n\n<p><em>Peter jest pracownikiem naukowym Centrum Bada\u0144 nad Globalizacj\u0105 (CRG).&nbsp;Jest tak\u017ce starszym cz\u0142onkiem nierezydentem Instytutu Chongyang Uniwersytetu Renmin w Pekinie.<\/em><\/p>\n\n\n\n<p><em>Wyr\u00f3\u017cnione zdj\u0119cie pochodzi z\u00a0<a href=\"https:\/\/radio.cgtn.com\/podcast\/news\/1\/World-leaders-gather-in-Beijing-for-3rd-BRI-forum\/444679\">CGTN<\/a><\/em><\/p>\n\n\n\n<p>Oryginalnym \u017ar\u00f3d\u0142em tego artyku\u0142u jest Global Research<\/p>\n\n\n\n<p>Prawa autorskie \u00a9\u00a0<a href=\"https:\/\/www.globalresearch.ca\/author\/peter-koenig\">Peter Koenig<\/a>\u00a0, Global Research, 2023<\/p>\n\n\n\n<p>\u0179r\u00f3d\u0142o <a href=\"https:\/\/www.globalresearch.ca\/beijings-third-belt-road-forum-projecting-human-kind-community-shared-future\/5837086\">https:\/\/www.globalresearch.ca\/beijings-third-belt-road-forum-projecting-human-kind-community-shared-future\/5837086<\/a><\/p>\n","protected":false},"excerpt":{"rendered":"<p>Trzecie forum \u201ePasa i Szlaku\u201d w Pekinie: projektowanie \u201espo\u0142eczno\u015bci ludzkiej ze wsp\u00f3ln\u0105 przysz\u0142o\u015bci\u0105\u201d autorstwa\u00a0Petera Koeniga Prezydent Chin&nbsp;Xi Jinping&nbsp;w swoim o\u015bwiadczeniu otwieraj\u0105cym III&nbsp;Forum&nbsp;Pasa i Szlaku w Pekinie stwierdzi\u0142, \u017ce \u201eChiny radz\u0105 sobie dobrze tylko wtedy, gdy dobrze radzi sobie \u015bwiat, a&#8230; <\/p>\n","protected":false},"author":2,"featured_media":5088,"comment_status":"open","ping_status":"open","sticky":false,"template":"","format":"standard","meta":{"_acf_changed":false,"_bbp_topic_count":0,"_bbp_reply_count":0,"_bbp_total_topic_count":0,"_bbp_total_reply_count":0,"_bbp_voice_count":0,"_bbp_anonymous_reply_count":0,"_bbp_topic_count_hidden":0,"_bbp_reply_count_hidden":0,"_bbp_forum_subforum_count":0,"om_disable_all_campaigns":false,"_monsterinsights_skip_tracking":false,"footnotes":""},"categories":[93],"tags":[],"class_list":["post-5087","post","type-post","status-publish","format-standard","has-post-thumbnail","hentry","category-artykuly"],"acf":[],"aioseo_notices":[],"aioseo_head":"\n\t\t<!-- All in One SEO 5.0.1.1 - aioseo.com -->\n\t<meta name=\"description\" content=\"Trzecie forum \u201ePasa i Szlaku\u201d w Pekinie: projektowanie \u201espo\u0142eczno\u015bci ludzkiej ze wsp\u00f3ln\u0105 przysz\u0142o\u015bci\u0105\u201d autorstwa Petera Koeniga Prezydent Chin Xi Jinping w swoim o\u015bwiadczeniu otwieraj\u0105cym III Forum Pasa i Szlaku w Pekinie stwierdzi\u0142, \u017ce \u201eChiny radz\u0105 sobie dobrze tylko wtedy, gdy dobrze radzi sobie \u015bwiat, a je\u015bli Chiny radz\u0105 sobie dobrze, \u015bwiat radzi sobie jeszcze lepiej\u201d. Przewidywa\u0142 ludzko\u015b\u0107 jako wsp\u00f3lnot\u0119 ze wsp\u00f3ln\u0105\" \/>\n\t<meta name=\"robots\" content=\"max-image-preview:large\" \/>\n\t<meta name=\"author\" content=\"trinity\"\/>\n\t<link rel=\"canonical\" href=\"https:\/\/wia.net.pl\/index.php\/2023\/10\/22\/trzecie-forum-pasa-i-szlaku-w-pekinie\/\" \/>\n\t<meta name=\"generator\" content=\"All in One SEO (AIOSEO) 5.0.1.1\" \/>\n\t\t<meta property=\"og:locale\" content=\"pl_PL\" \/>\n\t\t<meta property=\"og:site_name\" content=\"Wolno\u015b\u0107 i Anarchia - Ka\u017cdy wewn\u0119trznie jest anarchist\u0105.\" \/>\n\t\t<meta property=\"og:type\" content=\"article\" \/>\n\t\t<meta property=\"og:title\" content=\"Trzecie forum \u201ePasa i Szlaku\u201d w Pekinie - Wolno\u015b\u0107 i Anarchia\" \/>\n\t\t<meta property=\"og:description\" content=\"Trzecie forum \u201ePasa i Szlaku\u201d w Pekinie: projektowanie \u201espo\u0142eczno\u015bci ludzkiej ze wsp\u00f3ln\u0105 przysz\u0142o\u015bci\u0105\u201d autorstwa Petera Koeniga Prezydent Chin Xi Jinping w swoim o\u015bwiadczeniu otwieraj\u0105cym III Forum Pasa i Szlaku w Pekinie stwierdzi\u0142, \u017ce \u201eChiny radz\u0105 sobie dobrze tylko wtedy, gdy dobrze radzi sobie \u015bwiat, a je\u015bli Chiny radz\u0105 sobie dobrze, \u015bwiat radzi sobie jeszcze lepiej\u201d. Przewidywa\u0142 ludzko\u015b\u0107 jako wsp\u00f3lnot\u0119 ze wsp\u00f3ln\u0105\" \/>\n\t\t<meta property=\"og:url\" content=\"https:\/\/wia.net.pl\/index.php\/2023\/10\/22\/trzecie-forum-pasa-i-szlaku-w-pekinie\/\" \/>\n\t\t<meta property=\"og:image\" content=\"https:\/\/wia.net.pl\/wp-content\/uploads\/2023\/11\/cropped-freedom-i73367.jpg\" \/>\n\t\t<meta property=\"og:image:secure_url\" content=\"https:\/\/wia.net.pl\/wp-content\/uploads\/2023\/11\/cropped-freedom-i73367.jpg\" \/>\n\t\t<meta property=\"article:published_time\" content=\"2023-10-22T10:29:46+00:00\" \/>\n\t\t<meta property=\"article:modified_time\" content=\"2023-10-22T10:29:46+00:00\" \/>\n\t\t<meta name=\"twitter:card\" content=\"summary_large_image\" \/>\n\t\t<meta name=\"twitter:title\" content=\"Trzecie forum \u201ePasa i Szlaku\u201d w Pekinie - Wolno\u015b\u0107 i Anarchia\" \/>\n\t\t<meta name=\"twitter:description\" content=\"Trzecie forum \u201ePasa i Szlaku\u201d w Pekinie: projektowanie \u201espo\u0142eczno\u015bci ludzkiej ze wsp\u00f3ln\u0105 przysz\u0142o\u015bci\u0105\u201d autorstwa Petera Koeniga Prezydent Chin Xi Jinping w swoim o\u015bwiadczeniu otwieraj\u0105cym III Forum Pasa i Szlaku w Pekinie stwierdzi\u0142, \u017ce \u201eChiny radz\u0105 sobie dobrze tylko wtedy, gdy dobrze radzi sobie \u015bwiat, a je\u015bli Chiny radz\u0105 sobie dobrze, \u015bwiat radzi sobie jeszcze lepiej\u201d. Przewidywa\u0142 ludzko\u015b\u0107 jako wsp\u00f3lnot\u0119 ze wsp\u00f3ln\u0105\" \/>\n\t\t<meta name=\"twitter:image\" content=\"https:\/\/wia.net.pl\/wp-content\/uploads\/2023\/11\/cropped-freedom-i73367.jpg\" \/>\n\t\t<script type=\"application\/ld+json\" class=\"aioseo-schema\">\n\t\t\t{\"@context\":\"https:\\\/\\\/schema.org\",\"@graph\":[{\"@type\":\"BlogPosting\",\"@id\":\"https:\\\/\\\/wia.net.pl\\\/index.php\\\/2023\\\/10\\\/22\\\/trzecie-forum-pasa-i-szlaku-w-pekinie\\\/#blogposting\",\"name\":\"Trzecie forum \\u201ePasa i Szlaku\\u201d w Pekinie - Wolno\\u015b\\u0107 i Anarchia\",\"headline\":\"Trzecie forum \\u201ePasa i Szlaku\\u201d w Pekinie\",\"author\":{\"@id\":\"https:\\\/\\\/wia.net.pl\\\/index.php\\\/author\\\/trinity\\\/#author\"},\"publisher\":{\"@id\":\"https:\\\/\\\/wia.net.pl\\\/#person\"},\"image\":{\"@type\":\"ImageObject\",\"url\":\"https:\\\/\\\/wia.net.pl\\\/wp-content\\\/uploads\\\/2023\\\/10\\\/belt-road-forum-2023-768x432-1.jpeg\",\"width\":768,\"height\":432},\"datePublished\":\"2023-10-22T12:29:46+02:00\",\"dateModified\":\"2023-10-22T12:29:46+02:00\",\"inLanguage\":\"pl-PL\",\"mainEntityOfPage\":{\"@id\":\"https:\\\/\\\/wia.net.pl\\\/index.php\\\/2023\\\/10\\\/22\\\/trzecie-forum-pasa-i-szlaku-w-pekinie\\\/#webpage\"},\"isPartOf\":{\"@id\":\"https:\\\/\\\/wia.net.pl\\\/index.php\\\/2023\\\/10\\\/22\\\/trzecie-forum-pasa-i-szlaku-w-pekinie\\\/#webpage\"},\"articleSection\":\"Artyku\\u0142y\"},{\"@type\":\"BreadcrumbList\",\"@id\":\"https:\\\/\\\/wia.net.pl\\\/index.php\\\/2023\\\/10\\\/22\\\/trzecie-forum-pasa-i-szlaku-w-pekinie\\\/#breadcrumblist\",\"itemListElement\":[{\"@type\":\"ListItem\",\"@id\":\"https:\\\/\\\/wia.net.pl#listItem\",\"position\":1,\"name\":\"Home\",\"item\":\"https:\\\/\\\/wia.net.pl\",\"nextItem\":{\"@type\":\"ListItem\",\"@id\":\"https:\\\/\\\/wia.net.pl\\\/index.php\\\/category\\\/artykuly\\\/#listItem\",\"name\":\"Artyku\\u0142y\"}},{\"@type\":\"ListItem\",\"@id\":\"https:\\\/\\\/wia.net.pl\\\/index.php\\\/category\\\/artykuly\\\/#listItem\",\"position\":2,\"name\":\"Artyku\\u0142y\",\"item\":\"https:\\\/\\\/wia.net.pl\\\/index.php\\\/category\\\/artykuly\\\/\",\"nextItem\":{\"@type\":\"ListItem\",\"@id\":\"https:\\\/\\\/wia.net.pl\\\/index.php\\\/2023\\\/10\\\/22\\\/trzecie-forum-pasa-i-szlaku-w-pekinie\\\/#listItem\",\"name\":\"Trzecie forum \\u201ePasa i Szlaku\\u201d w Pekinie\"},\"previousItem\":{\"@type\":\"ListItem\",\"@id\":\"https:\\\/\\\/wia.net.pl#listItem\",\"name\":\"Home\"}},{\"@type\":\"ListItem\",\"@id\":\"https:\\\/\\\/wia.net.pl\\\/index.php\\\/2023\\\/10\\\/22\\\/trzecie-forum-pasa-i-szlaku-w-pekinie\\\/#listItem\",\"position\":3,\"name\":\"Trzecie forum \\u201ePasa i Szlaku\\u201d w Pekinie\",\"previousItem\":{\"@type\":\"ListItem\",\"@id\":\"https:\\\/\\\/wia.net.pl\\\/index.php\\\/category\\\/artykuly\\\/#listItem\",\"name\":\"Artyku\\u0142y\"}}]},{\"@type\":\"Person\",\"@id\":\"https:\\\/\\\/wia.net.pl\\\/#person\",\"name\":\"Bart\\u0142omiej Talarczyk\",\"image\":{\"@type\":\"ImageObject\",\"@id\":\"https:\\\/\\\/wia.net.pl\\\/index.php\\\/2023\\\/10\\\/22\\\/trzecie-forum-pasa-i-szlaku-w-pekinie\\\/#personImage\",\"url\":\"https:\\\/\\\/wia.net.pl\\\/wp-content\\\/uploads\\\/avatar-privacy\\\/cache\\\/user\\\/1\\\/7\\\/176a6b161c58363ff49b5c167264231f519f5c7fa183ca1f61e891769b6b56d5-96.jpg\",\"width\":96,\"height\":96,\"caption\":\"Bart\\u0142omiej Talarczyk\"}},{\"@type\":\"Person\",\"@id\":\"https:\\\/\\\/wia.net.pl\\\/index.php\\\/author\\\/trinity\\\/#author\",\"url\":\"https:\\\/\\\/wia.net.pl\\\/index.php\\\/author\\\/trinity\\\/\",\"name\":\"trinity\",\"image\":{\"@type\":\"ImageObject\",\"@id\":\"https:\\\/\\\/wia.net.pl\\\/index.php\\\/2023\\\/10\\\/22\\\/trzecie-forum-pasa-i-szlaku-w-pekinie\\\/#authorImage\",\"url\":\"https:\\\/\\\/wia.net.pl\\\/wp-content\\\/uploads\\\/avatar-privacy\\\/cache\\\/user\\\/5\\\/f\\\/5f6547cf82495eaa10e100a6a45d5dbde2dfdc1be88557de2018fca705bdf6f1-96.jpg\",\"width\":96,\"height\":96,\"caption\":\"trinity\"}},{\"@type\":\"WebPage\",\"@id\":\"https:\\\/\\\/wia.net.pl\\\/index.php\\\/2023\\\/10\\\/22\\\/trzecie-forum-pasa-i-szlaku-w-pekinie\\\/#webpage\",\"url\":\"https:\\\/\\\/wia.net.pl\\\/index.php\\\/2023\\\/10\\\/22\\\/trzecie-forum-pasa-i-szlaku-w-pekinie\\\/\",\"name\":\"Trzecie forum \\u201ePasa i Szlaku\\u201d w Pekinie - Wolno\\u015b\\u0107 i Anarchia\",\"description\":\"Trzecie forum \\u201ePasa i Szlaku\\u201d w Pekinie: projektowanie \\u201espo\\u0142eczno\\u015bci ludzkiej ze wsp\\u00f3ln\\u0105 przysz\\u0142o\\u015bci\\u0105\\u201d autorstwa Petera Koeniga Prezydent Chin Xi Jinping w swoim o\\u015bwiadczeniu otwieraj\\u0105cym III Forum Pasa i Szlaku w Pekinie stwierdzi\\u0142, \\u017ce \\u201eChiny radz\\u0105 sobie dobrze tylko wtedy, gdy dobrze radzi sobie \\u015bwiat, a je\\u015bli Chiny radz\\u0105 sobie dobrze, \\u015bwiat radzi sobie jeszcze lepiej\\u201d. Przewidywa\\u0142 ludzko\\u015b\\u0107 jako wsp\\u00f3lnot\\u0119 ze wsp\\u00f3ln\\u0105\",\"inLanguage\":\"pl-PL\",\"isPartOf\":{\"@id\":\"https:\\\/\\\/wia.net.pl\\\/#website\"},\"breadcrumb\":{\"@id\":\"https:\\\/\\\/wia.net.pl\\\/index.php\\\/2023\\\/10\\\/22\\\/trzecie-forum-pasa-i-szlaku-w-pekinie\\\/#breadcrumblist\"},\"author\":{\"@id\":\"https:\\\/\\\/wia.net.pl\\\/index.php\\\/author\\\/trinity\\\/#author\"},\"creator\":{\"@id\":\"https:\\\/\\\/wia.net.pl\\\/index.php\\\/author\\\/trinity\\\/#author\"},\"image\":{\"@type\":\"ImageObject\",\"url\":\"https:\\\/\\\/wia.net.pl\\\/wp-content\\\/uploads\\\/2023\\\/10\\\/belt-road-forum-2023-768x432-1.jpeg\",\"@id\":\"https:\\\/\\\/wia.net.pl\\\/index.php\\\/2023\\\/10\\\/22\\\/trzecie-forum-pasa-i-szlaku-w-pekinie\\\/#mainImage\",\"width\":768,\"height\":432},\"primaryImageOfPage\":{\"@id\":\"https:\\\/\\\/wia.net.pl\\\/index.php\\\/2023\\\/10\\\/22\\\/trzecie-forum-pasa-i-szlaku-w-pekinie\\\/#mainImage\"},\"datePublished\":\"2023-10-22T12:29:46+02:00\",\"dateModified\":\"2023-10-22T12:29:46+02:00\"},{\"@type\":\"WebSite\",\"@id\":\"https:\\\/\\\/wia.net.pl\\\/#website\",\"url\":\"https:\\\/\\\/wia.net.pl\\\/\",\"name\":\"Wolno\\u015b\\u0107 i Anarchia\",\"description\":\"Ka\\u017cdy wewn\\u0119trznie jest anarchist\\u0105.\",\"inLanguage\":\"pl-PL\",\"publisher\":{\"@id\":\"https:\\\/\\\/wia.net.pl\\\/#person\"}}]}\n\t\t<\/script>\n\t\t<!-- All in One SEO -->\n\n","aioseo_head_json":{"title":"Trzecie forum \u201ePasa i Szlaku\u201d w Pekinie - Wolno\u015b\u0107 i Anarchia","description":"Trzecie forum \u201ePasa i Szlaku\u201d w Pekinie: projektowanie \u201espo\u0142eczno\u015bci ludzkiej ze wsp\u00f3ln\u0105 przysz\u0142o\u015bci\u0105\u201d autorstwa Petera Koeniga Prezydent Chin Xi Jinping w swoim o\u015bwiadczeniu otwieraj\u0105cym III Forum Pasa i Szlaku w Pekinie stwierdzi\u0142, \u017ce \u201eChiny radz\u0105 sobie dobrze tylko wtedy, gdy dobrze radzi sobie \u015bwiat, a je\u015bli Chiny radz\u0105 sobie dobrze, \u015bwiat radzi sobie jeszcze lepiej\u201d. Przewidywa\u0142 ludzko\u015b\u0107 jako wsp\u00f3lnot\u0119 ze wsp\u00f3ln\u0105","canonical_url":"https:\/\/wia.net.pl\/index.php\/2023\/10\/22\/trzecie-forum-pasa-i-szlaku-w-pekinie\/","robots":"max-image-preview:large","keywords":"","webmasterTools":{"miscellaneous":""},"schema":{"@context":"https:\/\/schema.org","@graph":[{"@type":"BlogPosting","@id":"https:\/\/wia.net.pl\/index.php\/2023\/10\/22\/trzecie-forum-pasa-i-szlaku-w-pekinie\/#blogposting","name":"Trzecie forum \u201ePasa i Szlaku\u201d w Pekinie - Wolno\u015b\u0107 i Anarchia","headline":"Trzecie forum \u201ePasa i Szlaku\u201d w Pekinie","author":{"@id":"https:\/\/wia.net.pl\/index.php\/author\/trinity\/#author"},"publisher":{"@id":"https:\/\/wia.net.pl\/#person"},"image":{"@type":"ImageObject","url":"https:\/\/wia.net.pl\/wp-content\/uploads\/2023\/10\/belt-road-forum-2023-768x432-1.jpeg","width":768,"height":432},"datePublished":"2023-10-22T12:29:46+02:00","dateModified":"2023-10-22T12:29:46+02:00","inLanguage":"pl-PL","mainEntityOfPage":{"@id":"https:\/\/wia.net.pl\/index.php\/2023\/10\/22\/trzecie-forum-pasa-i-szlaku-w-pekinie\/#webpage"},"isPartOf":{"@id":"https:\/\/wia.net.pl\/index.php\/2023\/10\/22\/trzecie-forum-pasa-i-szlaku-w-pekinie\/#webpage"},"articleSection":"Artyku\u0142y"},{"@type":"BreadcrumbList","@id":"https:\/\/wia.net.pl\/index.php\/2023\/10\/22\/trzecie-forum-pasa-i-szlaku-w-pekinie\/#breadcrumblist","itemListElement":[{"@type":"ListItem","@id":"https:\/\/wia.net.pl#listItem","position":1,"name":"Home","item":"https:\/\/wia.net.pl","nextItem":{"@type":"ListItem","@id":"https:\/\/wia.net.pl\/index.php\/category\/artykuly\/#listItem","name":"Artyku\u0142y"}},{"@type":"ListItem","@id":"https:\/\/wia.net.pl\/index.php\/category\/artykuly\/#listItem","position":2,"name":"Artyku\u0142y","item":"https:\/\/wia.net.pl\/index.php\/category\/artykuly\/","nextItem":{"@type":"ListItem","@id":"https:\/\/wia.net.pl\/index.php\/2023\/10\/22\/trzecie-forum-pasa-i-szlaku-w-pekinie\/#listItem","name":"Trzecie forum \u201ePasa i Szlaku\u201d w Pekinie"},"previousItem":{"@type":"ListItem","@id":"https:\/\/wia.net.pl#listItem","name":"Home"}},{"@type":"ListItem","@id":"https:\/\/wia.net.pl\/index.php\/2023\/10\/22\/trzecie-forum-pasa-i-szlaku-w-pekinie\/#listItem","position":3,"name":"Trzecie forum \u201ePasa i Szlaku\u201d w Pekinie","previousItem":{"@type":"ListItem","@id":"https:\/\/wia.net.pl\/index.php\/category\/artykuly\/#listItem","name":"Artyku\u0142y"}}]},{"@type":"Person","@id":"https:\/\/wia.net.pl\/#person","name":"Bart\u0142omiej Talarczyk","image":{"@type":"ImageObject","@id":"https:\/\/wia.net.pl\/index.php\/2023\/10\/22\/trzecie-forum-pasa-i-szlaku-w-pekinie\/#personImage","url":"https:\/\/wia.net.pl\/wp-content\/uploads\/avatar-privacy\/cache\/user\/1\/7\/176a6b161c58363ff49b5c167264231f519f5c7fa183ca1f61e891769b6b56d5-96.jpg","width":96,"height":96,"caption":"Bart\u0142omiej Talarczyk"}},{"@type":"Person","@id":"https:\/\/wia.net.pl\/index.php\/author\/trinity\/#author","url":"https:\/\/wia.net.pl\/index.php\/author\/trinity\/","name":"trinity","image":{"@type":"ImageObject","@id":"https:\/\/wia.net.pl\/index.php\/2023\/10\/22\/trzecie-forum-pasa-i-szlaku-w-pekinie\/#authorImage","url":"https:\/\/wia.net.pl\/wp-content\/uploads\/avatar-privacy\/cache\/user\/5\/f\/5f6547cf82495eaa10e100a6a45d5dbde2dfdc1be88557de2018fca705bdf6f1-96.jpg","width":96,"height":96,"caption":"trinity"}},{"@type":"WebPage","@id":"https:\/\/wia.net.pl\/index.php\/2023\/10\/22\/trzecie-forum-pasa-i-szlaku-w-pekinie\/#webpage","url":"https:\/\/wia.net.pl\/index.php\/2023\/10\/22\/trzecie-forum-pasa-i-szlaku-w-pekinie\/","name":"Trzecie forum \u201ePasa i Szlaku\u201d w Pekinie - Wolno\u015b\u0107 i Anarchia","description":"Trzecie forum \u201ePasa i Szlaku\u201d w Pekinie: projektowanie \u201espo\u0142eczno\u015bci ludzkiej ze wsp\u00f3ln\u0105 przysz\u0142o\u015bci\u0105\u201d autorstwa Petera Koeniga Prezydent Chin Xi Jinping w swoim o\u015bwiadczeniu otwieraj\u0105cym III Forum Pasa i Szlaku w Pekinie stwierdzi\u0142, \u017ce \u201eChiny radz\u0105 sobie dobrze tylko wtedy, gdy dobrze radzi sobie \u015bwiat, a je\u015bli Chiny radz\u0105 sobie dobrze, \u015bwiat radzi sobie jeszcze lepiej\u201d. Przewidywa\u0142 ludzko\u015b\u0107 jako wsp\u00f3lnot\u0119 ze wsp\u00f3ln\u0105","inLanguage":"pl-PL","isPartOf":{"@id":"https:\/\/wia.net.pl\/#website"},"breadcrumb":{"@id":"https:\/\/wia.net.pl\/index.php\/2023\/10\/22\/trzecie-forum-pasa-i-szlaku-w-pekinie\/#breadcrumblist"},"author":{"@id":"https:\/\/wia.net.pl\/index.php\/author\/trinity\/#author"},"creator":{"@id":"https:\/\/wia.net.pl\/index.php\/author\/trinity\/#author"},"image":{"@type":"ImageObject","url":"https:\/\/wia.net.pl\/wp-content\/uploads\/2023\/10\/belt-road-forum-2023-768x432-1.jpeg","@id":"https:\/\/wia.net.pl\/index.php\/2023\/10\/22\/trzecie-forum-pasa-i-szlaku-w-pekinie\/#mainImage","width":768,"height":432},"primaryImageOfPage":{"@id":"https:\/\/wia.net.pl\/index.php\/2023\/10\/22\/trzecie-forum-pasa-i-szlaku-w-pekinie\/#mainImage"},"datePublished":"2023-10-22T12:29:46+02:00","dateModified":"2023-10-22T12:29:46+02:00"},{"@type":"WebSite","@id":"https:\/\/wia.net.pl\/#website","url":"https:\/\/wia.net.pl\/","name":"Wolno\u015b\u0107 i Anarchia","description":"Ka\u017cdy wewn\u0119trznie jest anarchist\u0105.","inLanguage":"pl-PL","publisher":{"@id":"https:\/\/wia.net.pl\/#person"}}]},"og:locale":"pl_PL","og:site_name":"Wolno\u015b\u0107 i Anarchia - Ka\u017cdy wewn\u0119trznie jest anarchist\u0105.","og:type":"article","og:title":"Trzecie forum \u201ePasa i Szlaku\u201d w Pekinie - Wolno\u015b\u0107 i Anarchia","og:description":"Trzecie forum \u201ePasa i Szlaku\u201d w Pekinie: projektowanie \u201espo\u0142eczno\u015bci ludzkiej ze wsp\u00f3ln\u0105 przysz\u0142o\u015bci\u0105\u201d autorstwa Petera Koeniga Prezydent Chin Xi Jinping w swoim o\u015bwiadczeniu otwieraj\u0105cym III Forum Pasa i Szlaku w Pekinie stwierdzi\u0142, \u017ce \u201eChiny radz\u0105 sobie dobrze tylko wtedy, gdy dobrze radzi sobie \u015bwiat, a je\u015bli Chiny radz\u0105 sobie dobrze, \u015bwiat radzi sobie jeszcze lepiej\u201d. Przewidywa\u0142 ludzko\u015b\u0107 jako wsp\u00f3lnot\u0119 ze wsp\u00f3ln\u0105","og:url":"https:\/\/wia.net.pl\/index.php\/2023\/10\/22\/trzecie-forum-pasa-i-szlaku-w-pekinie\/","og:image":"https:\/\/wia.net.pl\/wp-content\/uploads\/2023\/11\/cropped-freedom-i73367.jpg","og:image:secure_url":"https:\/\/wia.net.pl\/wp-content\/uploads\/2023\/11\/cropped-freedom-i73367.jpg","article:published_time":"2023-10-22T10:29:46+00:00","article:modified_time":"2023-10-22T10:29:46+00:00","twitter:card":"summary_large_image","twitter:title":"Trzecie forum \u201ePasa i Szlaku\u201d w Pekinie - Wolno\u015b\u0107 i Anarchia","twitter:description":"Trzecie forum \u201ePasa i Szlaku\u201d w Pekinie: projektowanie \u201espo\u0142eczno\u015bci ludzkiej ze wsp\u00f3ln\u0105 przysz\u0142o\u015bci\u0105\u201d autorstwa Petera Koeniga Prezydent Chin Xi Jinping w swoim o\u015bwiadczeniu otwieraj\u0105cym III Forum Pasa i Szlaku w Pekinie stwierdzi\u0142, \u017ce \u201eChiny radz\u0105 sobie dobrze tylko wtedy, gdy dobrze radzi sobie \u015bwiat, a je\u015bli Chiny radz\u0105 sobie dobrze, \u015bwiat radzi sobie jeszcze lepiej\u201d. Przewidywa\u0142 ludzko\u015b\u0107 jako wsp\u00f3lnot\u0119 ze wsp\u00f3ln\u0105","twitter:image":"https:\/\/wia.net.pl\/wp-content\/uploads\/2023\/11\/cropped-freedom-i73367.jpg"},"aioseo_meta_data":{"post_id":"5087","title":null,"description":null,"keywords":[],"keyphrases":{"focus":{"keyphrase":"","score":0,"analysis":{"keyphraseInTitle":{"score":0,"maxScore":9,"error":1}}},"additional":[]},"primary_term":null,"canonical_url":null,"og_title":null,"og_description":null,"og_object_type":"default","og_image_type":"default","og_image_url":null,"og_image_width":null,"og_image_height":null,"og_image_custom_url":null,"og_image_custom_fields":null,"og_video":"","og_custom_url":null,"og_article_section":null,"og_article_tags":[],"twitter_use_og":false,"twitter_card":"default","twitter_image_type":"default","twitter_image_url":null,"twitter_image_custom_url":null,"twitter_image_custom_fields":null,"twitter_title":null,"twitter_description":null,"schema":{"blockGraphs":[],"customGraphs":[],"default":{"data":{"Article":[],"Course":[],"Dataset":[],"FAQPage":[],"Movie":[],"Person":[],"Product":[],"ProductReview":[],"Car":[],"Recipe":[],"Service":[],"SoftwareApplication":[],"WebPage":[]},"graphName":"BlogPosting","isEnabled":true},"graphs":[]},"schema_type":"default","schema_type_options":null,"pillar_content":false,"robots_default":true,"robots_noindex":false,"robots_noarchive":false,"robots_nosnippet":false,"robots_nofollow":false,"robots_noimageindex":false,"robots_noodp":false,"robots_notranslate":false,"robots_max_snippet":"-1","robots_max_videopreview":"-1","robots_max_imagepreview":"large","priority":null,"frequency":"default","local_seo":null,"breadcrumb_settings":null,"limit_modified_date":false,"ai":null,"created":"2023-10-22 10:29:46","updated":"2025-06-04 09:35:52","seo_analyzer_scan_date":null,"focus_keyword":null,"additional_keywords":null,"truseo_locale":null},"aioseo_breadcrumb":"<div class=\"aioseo-breadcrumbs\"><span class=\"aioseo-breadcrumb\">\n\t\t\t<a href=\"https:\/\/wia.net.pl\" title=\"Home\">Home<\/a>\n\t\t<\/span><span class=\"aioseo-breadcrumb-separator\">&raquo;<\/span><span class=\"aioseo-breadcrumb\">\n\t\t\t<a href=\"https:\/\/wia.net.pl\/index.php\/category\/artykuly\/\" title=\"Artyku\u0142y\">Artyku\u0142y<\/a>\n\t\t<\/span><span class=\"aioseo-breadcrumb-separator\">&raquo;<\/span><span class=\"aioseo-breadcrumb\">\n\t\t\tTrzecie forum \u201ePasa i Szlaku\u201d w Pekinie\n\t\t<\/span><\/div>","aioseo_breadcrumb_json":[{"label":"Home","link":"https:\/\/wia.net.pl"},{"label":"Artyku\u0142y","link":"https:\/\/wia.net.pl\/index.php\/category\/artykuly\/"},{"label":"Trzecie forum \u201ePasa i Szlaku\u201d w Pekinie","link":"https:\/\/wia.net.pl\/index.php\/2023\/10\/22\/trzecie-forum-pasa-i-szlaku-w-pekinie\/"}],"_links":{"self":[{"href":"https:\/\/wia.net.pl\/index.php\/wp-json\/wp\/v2\/posts\/5087"}],"collection":[{"href":"https:\/\/wia.net.pl\/index.php\/wp-json\/wp\/v2\/posts"}],"about":[{"href":"https:\/\/wia.net.pl\/index.php\/wp-json\/wp\/v2\/types\/post"}],"author":[{"embeddable":true,"href":"https:\/\/wia.net.pl\/index.php\/wp-json\/wp\/v2\/users\/2"}],"replies":[{"embeddable":true,"href":"https:\/\/wia.net.pl\/index.php\/wp-json\/wp\/v2\/comments?post=5087"}],"version-history":[{"count":1,"href":"https:\/\/wia.net.pl\/index.php\/wp-json\/wp\/v2\/posts\/5087\/revisions"}],"predecessor-version":[{"id":5089,"href":"https:\/\/wia.net.pl\/index.php\/wp-json\/wp\/v2\/posts\/5087\/revisions\/5089"}],"wp:featuredmedia":[{"embeddable":true,"href":"https:\/\/wia.net.pl\/index.php\/wp-json\/wp\/v2\/media\/5088"}],"wp:attachment":[{"href":"https:\/\/wia.net.pl\/index.php\/wp-json\/wp\/v2\/media?parent=5087"}],"wp:term":[{"taxonomy":"category","embeddable":true,"href":"https:\/\/wia.net.pl\/index.php\/wp-json\/wp\/v2\/categories?post=5087"},{"taxonomy":"post_tag","embeddable":true,"href":"https:\/\/wia.net.pl\/index.php\/wp-json\/wp\/v2\/tags?post=5087"}],"curies":[{"name":"wp","href":"https:\/\/api.w.org\/{rel}","templated":true}]}}