{"id":5090,"date":"2023-10-22T12:43:47","date_gmt":"2023-10-22T10:43:47","guid":{"rendered":"https:\/\/wia.net.pl\/?p=5090"},"modified":"2023-10-22T12:43:48","modified_gmt":"2023-10-22T10:43:48","slug":"potezne-stacje-5g-i-globalny-zasieg-ptasiego-armagedonu","status":"publish","type":"post","link":"https:\/\/wia.net.pl\/index.php\/2023\/10\/22\/potezne-stacje-5g-i-globalny-zasieg-ptasiego-armagedonu\/","title":{"rendered":"Pot\u0119\u017cne stacje 5G i globalny zasi\u0119g \u201eptasiego armagedonu\u201d"},"content":{"rendered":"\n<p>5G, pot\u0119\u017cne stacje radarowe, pola elektromagnetyczne: globalny zasi\u0119g \u201eptasiego armagedonu\u201d<\/p>\n\n\n\n<p>Autor, Arthura\u00a0<a href=\"https:\/\/www.globalresearch.ca\/author\/arthur-firstenberg\">Firstenberga<\/a><\/p>\n\n\n\n<figure class=\"wp-block-image size-full is-resized\"><img loading=\"lazy\" decoding=\"async\" width=\"650\" height=\"366\" src=\"https:\/\/wia.net.pl\/wp-content\/uploads\/2023\/10\/mail-4.jpeg\" alt=\"\" class=\"wp-image-5094\" style=\"aspect-ratio:1.7759562841530054;width:840px;height:auto\" srcset=\"https:\/\/wia.net.pl\/wp-content\/uploads\/2023\/10\/mail-4.jpeg 650w, https:\/\/wia.net.pl\/wp-content\/uploads\/2023\/10\/mail-4-300x169.jpeg 300w, https:\/\/wia.net.pl\/wp-content\/uploads\/2023\/10\/mail-4-480x270.jpeg 480w\" sizes=\"(max-width: 650px) 100vw, 650px\" \/><\/figure>\n\n\n\n<p><em>Anders Brunstad ostrzeg\u0142 mnie o zainstalowaniu&nbsp;<strong>jednej z najpot\u0119\u017cniejszych stacji radarowych na \u015bwiecie na p\u00f3\u0142wyspie Varanger w Finnmark w Norwegii tu\u017c przed tym, jak na ca\u0142ym p\u00f3\u0142wyspie pad\u0142y martwe dziesi\u0105tki tysi\u0119cy ptak\u00f3w.&nbsp;<\/strong>Po\u0142udniowe i wschodnie wybrze\u017ca p\u00f3\u0142wyspu r\u00f3wnie\u017c maj\u0105 niedawno dodan\u0105 us\u0142ug\u0119 4G+ i coraz cz\u0119\u015bciej 5G.<\/em><\/p>\n\n\n\n<p>W rezerwacie przyrody Ekker\u00f8y, na po\u0142udniowym wybrze\u017cu p\u00f3\u0142wyspu, na prze\u0142omie lipca i sierpnia 2023 r. zgin\u0119\u0142o co najmniej 15 000 zagro\u017conych kociak\u00f3w. Gniazduj\u0105 tam latem na wysokich klifach, gdzie znajduj\u0105 si\u0119 bezpo\u015brednio na linii ognia radar, kt\u00f3ry jest oddalony o 50 kilometr\u00f3w.&nbsp;Restauracja w Ekker\u00f8y zosta\u0142a zmuszona do zamkni\u0119cia na lato, poniewa\u017c \u201epada\u0142 deszcz\u201d martwych ptak\u00f3w.&nbsp;Ca\u0142kowita populacja tych ptak\u00f3w morskich w Norwegii wynosi\u0142a zaledwie oko\u0142o 50 000 osobnik\u00f3w.&nbsp;Od\u0142owiono tak\u017ce martwe rybitwy i inne gatunki mew.&nbsp;Po\u0142owa \u017curawi w Ekker\u00f8y nie \u017cyje.<\/p>\n\n\n\n<p>Radar o nazwie Globus III zosta\u0142 zbudowany przez Stany Zjednoczone na wyspie Vard\u00f8ya w Vard\u00f8, najbardziej na wsch\u00f3d wysuni\u0119tym mie\u015bcie Norwegii, po\u0142o\u017conym po drugiej stronie zatoki od p\u00f3\u0142nocnej Rosji.&nbsp;Wygl\u0105da na to, \u017ce jest cz\u0119\u015bci\u0105 sieci obrony cywilnej zwanej Ogrodzeniem Kosmicznym.&nbsp;Szczeg\u00f3\u0142y dotycz\u0105ce tej witryny s\u0105 utrzymywane w tajemnicy, ale znalaz\u0142em&nbsp;<a href=\"http:\/\/r.mail.cellphonetaskforce.org\/mk\/cl\/f\/sh\/7nVU1aA2nfsTTCo14UFUzahp9b6857i\/35DzqbicWqaR\" target=\"_blank\" rel=\"noreferrer noopener\">pro\u015bb\u0119 o informacje<\/a>&nbsp;&nbsp;opublikowan\u0105 22 lutego 2022 r. na stronie internetowej rz\u0105du USA, SAM.gov.&nbsp;W Stanach:&nbsp;<\/p>\n\n\n\n<p>\u201eTen system to jedyny w swoim rodzaju projekt, kt\u00f3ry zostanie wprowadzony do u\u017cytku w 2023 roku. Program to dwunarodowy, oparty na wsp\u00f3\u0142pracy wyspecjalizowany system zbi\u00f3rki.&nbsp;Program GLOBUS to dwuzakresowy naziemny system radarowy sk\u0142adaj\u0105cy si\u0119 z p\u00f3\u0142przewodnikowego uk\u0142adu fazowanego w pa\u015bmie S, anteny talerzowej w pa\u015bmie X, zintegrowanego kontrolera systemu (ISC) i pakietu Mission Communications Suite (MCS) zlokalizowanego w zewn\u0119trznej lokalizacji. Lokalizacja w kontynentalnych Stanach Zjednoczonych (OCONUS).\u201d<\/p>\n\n\n\n<p>Inne radary Space Fence znajduj\u0105 si\u0119 na wyspie Kwajalein na Wyspach Marshalla oraz w Australii Zachodniej.&nbsp;Ka\u017cdy z tych radar\u00f3w z uk\u0142adem fazowanym dzia\u0142aj\u0105cym w pa\u015bmie S (2 GHz do 4 GHz) ma 36 000 anten nadawczych, ich moc szczytowa wynosi 2,7 MW, a po skupieniu na w\u0105skiej wi\u0105zce skanuj\u0105cej niebo we wszystkich kierunkach szczytowa efektywna moc wypromieniowana wynosi kilka miliard\u00f3w wat\u00f3w .&nbsp;<\/p>\n\n\n\n<p>Po\u017car nie ogranicza si\u0119 do Finnmarku i Norwegii.&nbsp;Zesz\u0142ego lata donios\u0142em o masowych wymieraniach gniazduj\u0105cych ptak\u00f3w morskich w lokalizacjach w pobli\u017cu nowych anten w Holandii i Francji (&nbsp;<a href=\"http:\/\/r.mail.cellphonetaskforce.org\/mk\/cl\/f\/sh\/7nVU1aA2nfuMSjJK33Tx1x1dJxaup4E\/w62I0rPzetO0\" target=\"_blank\" rel=\"noreferrer noopener\">Ptaki na wyspie Texel<\/a>&nbsp;;&nbsp;<a href=\"http:\/\/r.mail.cellphonetaskforce.org\/mk\/cl\/f\/sh\/7nVU1aA2nfwFSFod1ciP4JLRUK5hZ0k\/Z3Rk9boPRz9i\" target=\"_blank\" rel=\"noreferrer noopener\">Ostatnie schronienia ptak\u00f3w morskich<\/a>&nbsp;).&nbsp;Latem sytuacja jest znacznie gorsza.&nbsp;Ci\u0105g\u0142e rozprzestrzenianie si\u0119 na ca\u0142ym \u015bwiecie maszt\u00f3w i anten kom\u00f3rkowych 4G i 5G, a tak\u017ce morskich farm wiatrowych, spowodowa\u0142o \u015bmier\u0107 milion\u00f3w dzikich ptak\u00f3w na pi\u0119ciu kontynentach, w tym lis\u00f3w, skunks\u00f3w, szop\u00f3w, rybak\u00f3w, borsuk\u00f3w, kun, nied\u017awiedzi czarnych&nbsp;<a href=\"http:\/\/r.mail.cellphonetaskforce.org\/mk\/cl\/f\/sh\/7nVU1aA2nfy8RmJw0Bwr6ffFegaUIxG\/2z2UIIrS_Nm9\" target=\"_blank\" rel=\"noreferrer noopener\">,<\/a>&nbsp;grizzly nied\u017awiedzie, rysie, rysie, lwy g\u00f3rskie, dziki, wydry, oposy z Wirginii, foki, pingwiny i inne zwierz\u0119ta.<\/p>\n\n\n\n<p><strong>W zesz\u0142ym roku zgin\u0119\u0142o 40% pelikan\u00f3w dalmaty\u0144skich gniazduj\u0105cych w Grecji, 20% pelikan\u00f3w w Rumunii oraz du\u017ce liczby w Czarnog\u00f3rze i Albanii<\/strong>&nbsp;.&nbsp;Do maja 2023 r. zg\u0142oszono ponad 50 000 wszelkiego rodzaju martwych dzikich ptak\u00f3w w Wielkiej Brytanii, 40 000 we wschodniej Kanadzie i dziesi\u0105tki tysi\u0119cy w Stanach Zjednoczonych.&nbsp;Do 31 lipca 2023 r. Chiny zg\u0142osi\u0142y liczb\u0119 5100 martwych ptak\u00f3w w Tybecie.<\/p>\n\n\n\n<p><strong>Ze wszystkich stan\u00f3w USA nadesz\u0142y raporty o \u015bmiertelno\u015bci 129 gatunk\u00f3w ptak\u00f3w.&nbsp;Zgin\u0119\u0142a ogromna liczba bielik\u00f3w.&nbsp;<\/strong>Tylko w listopadzie i grudniu 2022 r. wzd\u0142u\u017c wybrze\u017ca Peru zgin\u0119\u0142o ponad 50 000 ptak\u00f3w morskich, w tym 16 890 pelikan\u00f3w peruwia\u0144skich i 4324 g\u0142uptak\u00f3w brunatnych \u2013 oba zagro\u017cone w Peru.&nbsp;W Chile do 1 stycznia 2023 r. zgin\u0119\u0142o oko\u0142o 10 000 ptak\u00f3w morskich, w tym pelikany, mewy wodorostowe, mewy Belchera, mewy szare, kormorany guanay, g\u0142uptaki peruwia\u0144skie, rybitwy eleganckie i s\u0119py indycze.<\/p>\n\n\n\n<p>9 maja 2023 r. rz\u0105d chilijski zg\u0142osi\u0142 \u015bmier\u0107 27 977 ptak\u00f3w morskich, a 21 lipca 2023 r. rz\u0105d peruwia\u0144ski zg\u0142osi\u0142 \u015bmier\u0107 519 541 ptak\u00f3w morskich.&nbsp;Reprezentowa\u0142y one ptaki 65 gatunk\u00f3w.&nbsp;Ponadto Chile zg\u0142osi\u0142o \u015bmier\u0107 2517 pingwin\u00f3w Humboldta, 460 pingwin\u00f3w Magellana, 16 856 lw\u00f3w morskich oraz mniejsz\u0105 liczb\u0119 delfin\u00f3w, mor\u015bwin\u00f3w, wydr i innych gatunk\u00f3w fok, natomiast Peru zg\u0142osi\u0142o \u015bmier\u0107 9314 lw\u00f3w morskich i 100 innych ssak\u00f3w morskich.&nbsp;Wed\u0142ug&nbsp;<a href=\"http:\/\/r.mail.cellphonetaskforce.org\/mk\/cl\/f\/sh\/7nVU1aA2ng01RIpEylBJ91z3p35H2tm\/uHFnpeY-Q0P-\" target=\"_blank\" rel=\"noreferrer noopener\">raportu OFFLU<\/a>&nbsp;, globalnej sieci ekspert\u00f3w ds. grypy zwierz\u0119cej, Chile straci\u0142o co najmniej 13% populacji pingwin\u00f3w Humboldta, Peru co najmniej 36% swoich peruwia\u0144skich pelikan\u00f3w, a Chile i Peru \u0142\u0105cznie straci\u0142y co najmniej co najmniej 9% ich lw\u00f3w morskich.<\/p>\n\n\n\n<p>Wszyscy ornitolodzy obwiniaj\u0105 za t\u0119 katastrof\u0119 ptasi\u0105 gryp\u0119, mimo \u017ce wi\u0119kszo\u015b\u0107 martwych ptak\u00f3w ma negatywny wynik testu na obecno\u015b\u0107 jakiegokolwiek wirusa grypy, a te, kt\u00f3re uzyska\u0142y pozytywny wynik, maj\u0105 r\u00f3\u017cne warianty wirusa, wi\u0119c nie mog\u0105 przenosi\u0107 wirusa na \u017cadne inne inny, nie m\u00f3wi\u0105c ju\u017c o nied\u017awiedziach i pingwinach.&nbsp;Na przyk\u0142ad Norweski Instytut Weterynaryjny zbada\u0142 na przyk\u0142ad 233 martwe ptaki pod k\u0105tem wirusa grypy w okresie od 14 sierpnia do 1 pa\u017adziernika 2023 r. Znaleziono wysoce zjadliwego wirusa H5N1 u 8 ptak\u00f3w, wysoce zjadliwego H5N5 u 2 ptak\u00f3w, wysoce zjadliwego H5Nx (inne podtypy&nbsp;<a href=\"http:\/\/r.mail.cellphonetaskforce.org\/mk\/cl\/f\/sh\/7nVU1aA2ng1uQpKXxKPlBOIrzPa3mqI\/gZoRa8VRNem_\" target=\"_blank\" rel=\"noreferrer noopener\">)<\/a>&nbsp;u&nbsp;2 ptaki, nisko zjadliwy H5Nx u 6 ptak\u00f3w, \u201einny wirus grypy A\u201d u 8 ptak\u00f3w i brak wirusa u 207 ptak\u00f3w.<\/p>\n\n\n\n<p>Jednak&nbsp;<a href=\"http:\/\/r.mail.cellphonetaskforce.org\/mk\/cl\/f\/sh\/7nVU1aA2ng3nQLpqvteDDkcg9m4qWmo\/cvo13vA_EuVc\" target=\"_blank\" rel=\"noreferrer noopener\">Stany Zjednoczone gromadz\u0105 ju\u017c zapasy szczepionki<\/a>&nbsp;przeciwko wirusowi H5N1 na wypadek, gdyby rozprzestrzeni\u0142 si\u0119 on na ludzi i spowodowa\u0142 pandemi\u0119.<\/p>\n\n\n\n<p><strong>W wiadomo\u015bciach pojawia si\u0119 tak\u017ce informacja o znikni\u0119ciu b\u0142\u0119d\u00f3w.&nbsp;<\/strong>Doktor Norman Leppla, profesor entomologii na Uniwersytecie Florydy, powiedzia\u0142, \u017ce plaga nieroz\u0142\u0105czek w tym stanie ca\u0142kowicie znikn\u0119\u0142a.&nbsp;Zwykle przybywali masowo wiosn\u0105 i jesieni\u0105 w okolicach maja i wrze\u015bnia, z niewielkimi r\u00f3\u017cnicami w zale\u017cno\u015bci od tego, czy jeste\u015b w p\u00f3\u0142nocnej, czy po\u0142udniowej cz\u0119\u015bci stanu.&nbsp;\u201eTo nie jest subtelne, naprawd\u0119 ich tu nie ma w tym sezonie\u201d \u2013 powiedzia\u0142 w wywiadzie&nbsp;<a href=\"http:\/\/r.mail.cellphonetaskforce.org\/mk\/cl\/f\/sh\/7nVU1aA2ng5gPsL9uSsfG6wUK8ZdGjK\/9EP_j2s5so53\" target=\"_blank\" rel=\"noreferrer noopener\">opublikowanym 5 pa\u017adziernika 2023 roku<\/a>&nbsp;.&nbsp;Ale nikt nie obwinia za to \u201eptasiej grypy\u201d.<\/p>\n\n\n\n<p>Farmy wiatrowe to tak\u017ce niszczycielskie ptaki, co udokumentowali niemieccy naukowcy w&nbsp;<a href=\"http:\/\/r.mail.cellphonetaskforce.org\/mk\/cl\/f\/sh\/7nVU1aA2ng7ZPOqSt277ITGIUV4Q0fq\/MxWzNet9ri6A\" target=\"_blank\" rel=\"noreferrer noopener\">artykule<\/a>&nbsp;opublikowanym w&nbsp;<em>Nature<\/em>&nbsp;13 kwietnia 2023 r. Odkryli, \u017ce populacja nur\u00f3w rdzawoszyich gwa\u0142townie spad\u0142a w Morzu P\u00f3\u0142nocnym po wybudowaniu tam w latach 2010 pi\u0119ciu skupisk morskich farm wiatrowych. i 2014. Ich populacja spad\u0142a \u015brednio o 94% w promieniu 1 kilometra od farmy wiatrowej i o 52% w promieniu 10 kilometr\u00f3w, przy pewnym spadku populacji w odleg\u0142o\u015bciach do 24 kilometr\u00f3w.<\/p>\n\n\n\n<p>Farmy wiatrowe zabijaj\u0105 tak\u017ce wieloryby.&nbsp;W ostatnich miesi\u0105cach co najmniej 32 martwe wieloryby wyrzuci\u0142y na wschodnie wybrze\u017ce Stan\u00f3w Zjednoczonych, co sk\u0142oni\u0142o grup\u0119 legislator\u00f3w z New Jersey do&nbsp;<a href=\"http:\/\/r.mail.cellphonetaskforce.org\/mk\/cl\/f\/sh\/7nVU1aA2ng9SOvLlrbLZKpa6erZCkcM\/2f4dwFxjWko5\" target=\"_blank\" rel=\"noreferrer noopener\">wezwania do natychmiastowego moratorium<\/a>&nbsp;na morskie farmy wiatrowe na tym obszarze.<\/p>\n\n\n<div class=\"wp-block-image\">\n<figure class=\"aligncenter\"><a href=\"https:\/\/www.globalresearch.ca\/global-extent-bird-armageddon\/5836931\/mail-2-69\"><img decoding=\"async\" src=\"https:\/\/www.globalresearch.ca\/wp-content\/uploads\/2023\/10\/mail-2-1.jpeg\" alt=\"\" class=\"wp-image-5836937\"\/><\/a><\/figure><\/div>\n\n\n<h2 class=\"wp-block-heading\"><strong>Spo\u0142eczno\u015bci, kt\u00f3re si\u0119 budz\u0105<\/strong><\/h2>\n\n\n\n<p>W dystrykcie Gariaband w Chhattisgarh, w indyjskiej wiosce Lachkera, w kt\u00f3rej mieszka 600 rodzin, zapanowa\u0142 zdrowy rozs\u0105dek.&nbsp;Uchwa\u0142a wsi zabrania instalowania jakichkolwiek maszt\u00f3w kom\u00f3rkowych w celu ochrony ptak\u00f3w.&nbsp;\u201eDowiedzieli\u015bmy si\u0119, \u017ce wie\u017ce transmisyjne powoduj\u0105 szkodliwe promieniowanie;&nbsp;woleliby\u015bmy mieszka\u0107 ze s\u0142ab\u0105 \u0142\u0105czno\u015bci\u0105 sieciow\u0105 z s\u0105siednich lokalizacji.&nbsp;Mi\u0142o jest powita\u0107 bociany Openbill wraz z nadej\u015bciem monsunu.&nbsp;Gniazduj\u0105 na drzewach naszej wioski i nikt im nie przeszkadza.&nbsp;Nie pozwalamy \u017cadnemu dostawcy us\u0142ug telefonii kom\u00f3rkowej na budow\u0119 swojej wie\u017cy pomimo nacisk\u00f3w i pokus z jego strony\u201d \u2013 powiedzia\u0142 Uday Nishad, wybrany na szefa samorz\u0105du wiejskiego.<\/p>\n\n\n\n<p>Dowiedzieli si\u0119 tego z&nbsp;<a href=\"http:\/\/r.mail.cellphonetaskforce.org\/mk\/cl\/f\/sh\/WCPzyXJTZ6vLwu5UQYcxIZbuxaUXmtX8\/FKapie-tqNWA\" target=\"_blank\" rel=\"noreferrer noopener\">badania terenowego<\/a>&nbsp;przeprowadzonego przez naukowc\u00f3w z CV Raman University w 2017 roku w\u015br\u00f3d ptak\u00f3w w pobli\u017cu 9 wie\u017c kom\u00f3rkowych w dystrykcie Bijapur.&nbsp;Przegl\u0105daj\u0105c 113 bada\u0144 dotycz\u0105cych ekologicznych skutk\u00f3w promieniowania RF, autorzy napisali:<\/p>\n\n\n\n<p>\u201eKiedy ptaki s\u0105 wystawione na dzia\u0142anie s\u0142abych p\u00f3l elektromagnetycznych, dezorientuj\u0105 si\u0119 i lataj\u0105 we wszystkich kierunkach, co szkodzi ich naturalnym zdolno\u015bciom nawigacyjnym.&nbsp;Du\u017ca liczba ptak\u00f3w, takich jak go\u0142\u0119bie, wr\u00f3ble, \u0142ab\u0119dzie, ginie z powodu ingerencji \u201eniewidzialnego wroga\u201d, czyli mobilnej wie\u017cy.&nbsp;Ostatnio zauwa\u017cono r\u00f3wnie\u017c, \u017ce zwierz\u0119ta wykorzystywane w pobli\u017cu ruchomych wie\u017c s\u0105 podatne na r\u00f3\u017cne niebezpiecze\u0144stwa i zagro\u017cenia \u017cycia, w tym martwe porody, samoistne poronienia, deformacje wrodzone, problemy behawioralne i og\u00f3lny pogorszenie og\u00f3lnego stanu zdrowia.&nbsp;Zanieczyszczenie elektromagnetyczne jest r\u00f3wnie\u017c mo\u017cliw\u0105 przyczyn\u0105 deformacji i spadku liczebno\u015bci niekt\u00f3rych populacji p\u0142az\u00f3w.&nbsp;Opr\u00f3cz ptak\u00f3w i zwierz\u0105t promieniowanie elektromagnetyczne emitowane przez maszty kom\u00f3rkowe mo\u017ce r\u00f3wnie\u017c wp\u0142ywa\u0107 na warzywa, uprawy i ro\u015bliny w ich pobli\u017cu\u201d.<\/p>\n\n\n\n<p>Odwiedzali obszary, w kt\u00f3rych znajdowa\u0142a si\u0119 ka\u017cda wie\u017ca kom\u00f3rkowa, przez 2\u20133 godziny rano i 2\u20133 godziny wieczorem, codziennie przez 6 miesi\u0119cy, i liczyli ptaki \u2014 pawie, dzikie kaczki, wrony, papugi, kuku\u0142ki, wr\u00f3ble, dzikie go\u0142\u0119bie, or\u0142y i dzi\u0119cio\u0142y.&nbsp;W 2017 r. by\u0142o znacznie mniej ptak\u00f3w wszystkich gatunk\u00f3w ni\u017c w badaniu przeprowadzonym w 2006 r. przed wzniesieniem wie\u017c.<\/p>\n\n\n\n<p>Warto jeszcze raz powt\u00f3rzy\u0107, \u017ce grypa, czy to u ludzi, zwierz\u0105t, czy ptak\u00f3w, nie jest wywo\u0142ywana przez wirusa i nigdy nie wykazano, \u017ce jest chorob\u0105 zaka\u017an\u0105.\u00a0W roku 1918, w szczytowym okresie epidemii grypy hiszpanki, podejmowane przez zespo\u0142y medyczne w Bostonie i San Francisco pr\u00f3by wykazania zara\u017aliwego charakteru grypy zako\u0144czy\u0142y si\u0119 ca\u0142kowitym i ra\u017c\u0105cym niepowodzeniem.\u00a0Takie eksperymenty na ludziach opublikowano w\u00a0<em><a href=\"http:\/\/r.mail.cellphonetaskforce.org\/mk\/cl\/f\/sh\/WCPzyXJTZ7390wIkme6d4Jli6NNf2b9G\/yQZpfjbYeuB5\" target=\"_blank\" rel=\"noreferrer noopener\">Journal of the American Medical Association<\/a><\/em>\u00a0,\u00a0<em><a href=\"http:\/\/r.mail.cellphonetaskforce.org\/mk\/cl\/f\/sh\/WCPzyXJTZ7Aw4yW18jaIq3vVFAGmIIlO\/RUcCFBtuZlZ6\" target=\"_blank\" rel=\"noreferrer noopener\">Boston Medical and Surgical Journal<\/a><\/em>\u00a0i\u00a0<em><a href=\"http:\/\/r.mail.cellphonetaskforce.org\/mk\/cl\/f\/sh\/WCPzyXJTZ7Ij90jHUp3ybo5INx9tY0NW\/T8hSsUCxJPww\" target=\"_blank\" rel=\"noreferrer noopener\">Public Health Reports<\/a><\/em>\u00a0.\u00a0Takie eksperymenty na koniach opublikowano w\u00a0<em><a href=\"http:\/\/r.mail.cellphonetaskforce.org\/mk\/cl\/f\/sh\/WCPzyXJTZ7QWD2wXquXeNYF5Wk30nhze\/E_Z2DiHVwDHH\" target=\"_blank\" rel=\"noreferrer noopener\">czasopi\u015bmie Veterinary Journal<\/a><\/em>\u00a0.\u00a0Rozdzia\u0142y 7, 8 i 9 mojej ksi\u0105\u017cki \u201e\u00a0<em><a href=\"http:\/\/r.mail.cellphonetaskforce.org\/mk\/cl\/f\/sh\/WCPzyXJTZ7YJH59oD01K9IOsfWw83Pbm\/IWTjaPZKs08o\" target=\"_blank\" rel=\"noreferrer noopener\">The Invisible Rainbow: A History of Electricity and Life<\/a><\/em>\u00a0\u201d po\u015bwi\u0119cone s\u0105 kompletnemu, szczeg\u00f3\u0142owemu badaniu historii i nauki o grypie.\u00a0Rozdzia\u0142 16, najd\u0142u\u017cszy w ksi\u0105\u017cce, po\u015bwi\u0119cony jest cz\u0119\u015bciowo wp\u0142ywowi promieniowania elektromagnetycznego na ptaki.\u00a0Niekt\u00f3re choroby wywo\u0142ywane s\u0105 przez wirusy, ale grypa do nich nie nale\u017cy.\u00a0Jeszcze raz sugeruj\u0119, aby wszystkie organizacje zajmuj\u0105ce si\u0119 ochron\u0105 ptak\u00f3w zaopatrzy\u0142y si\u0119 w moj\u0105 ksi\u0105\u017ck\u0119 i uwa\u017cnie j\u0105 przeczyta\u0142y.\u00a0<\/p>\n\n\n\n<p><em><strong>Arthur Firstenberg<\/strong>&nbsp;, prezes&nbsp;&nbsp;<a href=\"http:\/\/r.mail.cellphonetaskforce.org\/mk\/cl\/f\/8NpZJQI0uyMLra9JIX-IXQTamOqLrtPFj35bEg7jHm5DXI5ePayxH4UXAacIcqdFLx9GHYMvK20YYjI-if6A6u-dYnUSJdf1oPOYJRA5zNUdchzJ979kHARIEib7OoKSff2gSLrFaGvCncNRLMOTnnnSP2pG5GRoOgvxbDI7miEnZLk6CRoUSHQZTwlWsbvjQfjyBJp3avjMq5dDT84xM6TyaLii\" target=\"_blank\" rel=\"noreferrer noopener\">grupy zadaniowej ds. telefonii kom\u00f3rkowej<\/a>&nbsp;, autor,&nbsp;&nbsp;<a href=\"http:\/\/r.mail.cellphonetaskforce.org\/mk\/cl\/f\/-PseQcxUOumY_7qf_EwUzAn5OATAYNEoworGC6fvldA-u0qU0wkzifeqwQO_st0tIG6LXKa2wlh47dBZjsohfC4M2-F9tKU2iqryI1QJgquNzVVT4A08bxs10UZtQ2aE7tYgnSYt4s4NkTO5MP_MT8JLcw2yD2-jGUeEu20qVjwTbZZ6-k2z-DrVufPANm2ioUi5mBob60sF1I69nmlZZxzCjWAZst2Tr0iC5u7uAfb2Uy4xS3fLcTYiEu8Vw9TH3xPacg\" target=\"_blank\" rel=\"noreferrer noopener\">The Invisible Rainbow: A History of Electricity and Life<\/a>&nbsp;, administrator,&nbsp;&nbsp;<a href=\"http:\/\/r.mail.cellphonetaskforce.org\/mk\/cl\/f\/fsYSIBWyTyeZ9-Bqf1486siQpgU89IuLldCYdztWaonWI09VuOCbm0hnF4caAhVS8QFwYenf3jpMs_qfCpgm1y0nW6AZBPOf5pVp61w_ixPBFWt-tmAjBlxpyPsJdwVnaYKCmU8fdhXEfBlFzAHWW6bKJ4SaL760a1F8XG_kyxjoER-bOY95Xi0ygnSzgmqIia2rR6egC37BX1ZCvxZTIA\" target=\"_blank\" rel=\"noreferrer noopener\">Mi\u0119dzynarodowy apel o zatrzymanie 5G na Ziemi i w kosmosie<\/a>&nbsp;, opiekun,&nbsp;<a href=\"http:\/\/r.mail.cellphonetaskforce.org\/mk\/cl\/f\/PreKEDEgFFvJD4I11ADTqXUuQNtZy4VlyWyf6Au8wscVxh4U5_s3_HiBs6ghvBByOBgvKHrpNW7dmdjF6w718KXGZvmKaVCypjoea47XAVpMRjFCHHXaHlSDCijzucY-_SVEx3VfObSR29G3MeXclM9b7fq1edsClSaePCA3EV2OLT_e_7-5A01gNIGY5yk2Pp-F80hsUaqkSfr6\" target=\"_blank\" rel=\"noreferrer noopener\">ECHOEarch.org<\/a>&nbsp;(Zako\u0144cz telefony kom\u00f3rkowe tutaj na ziemi)<\/em><\/p>\n\n\n\n<p><em>Wszystkie zdj\u0119cia w tym artykule pochodz\u0105 z grupy zadaniowej ds. telefon\u00f3w kom\u00f3rkowych<\/em><\/p>\n\n\n\n<hr class=\"wp-block-separator has-alpha-channel-opacity\"\/>\n\n\n<div class=\"wp-block-image\">\n<figure class=\"alignleft\"><img decoding=\"async\" src=\"https:\/\/www.chelseagreen.com\/wp-content\/uploads\/9781645020097.jpg\" alt=\"Ok\u0142adka Niewidzialna t\u0119cza\" class=\"wp-image-1717960\"\/><\/figure><\/div>\n\n\n<h2 class=\"wp-block-heading\">Niewidzialna t\u0119cza: historia elektryczno\u015bci i \u017cycia<\/h2>\n\n\n\n<p><a href=\"https:\/\/www.globalresearch.ca\/sea-birds-last-refuges\/5823293\">Ostatnie schronienia ptak\u00f3w morskich: choroba popromienna 4G i 5G z wie\u017c kom\u00f3rkowych<\/a><\/p>\n\n\n\n<p>Arthura&nbsp;<strong>&nbsp;Firstenberga<\/strong><\/p>\n\n\n\n<p><strong>Strony:<\/strong>&nbsp;576<\/p>\n\n\n\n<p><strong>Wydawca<\/strong>&nbsp;: Chelsea Green Publishing<\/p>\n\n\n\n<p><strong>Data publikacji<\/strong>&nbsp;: 9 marca 2020 r<\/p>\n\n\n\n<p><strong>ISBN<\/strong>&nbsp;: 9781645020097<\/p>\n\n\n\n<p><strong>Sie\u0107 5g jest wdra\u017cana w ca\u0142ym kraju pomimo coraz wi\u0119kszej liczby dowod\u00f3w na to, \u017ce ma ona szkodliwy wp\u0142yw na nasze zdrowie, bezpiecze\u0144stwo i \u015brodowisko.&nbsp;<em>Niewidzialna t\u0119cza<\/em>&nbsp;to prze\u0142omowa historia elektryczno\u015bci, jakiej nigdy wcze\u015bniej nie opowiadano \u2013 ukazuj\u0105ca jej realny wp\u0142yw na biosfer\u0119 i zdrowie ludzkie.<\/strong><\/p>\n\n\n\n<p>W ci\u0105gu ostatnich 220 lat w spo\u0142ecze\u0144stwie wykszta\u0142ci\u0142o si\u0119 powszechne przekonanie, \u017ce energia elektryczna jest \u201ebezpieczna\u201d dla ludzko\u015bci i planety.&nbsp;Naukowiec i dziennikarz Arthur Firstenberg podwa\u017ca to przekonanie, opowiadaj\u0105c histori\u0119 elektryczno\u015bci w spos\u00f3b, jakiego nigdy wcze\u015bniej nie opowiadano \u2013 z ekologicznego punktu widzenia \u2013 opisuj\u0105c szczeg\u00f3\u0142owo wp\u0142yw, jaki ten podstawowy element spo\u0142ecze\u0144stwa ma na nasze zdrowie i nasz\u0105 planet\u0119.<\/p>\n\n\n\n<p>W&nbsp;<em>Niewidzialnej&nbsp;<\/em><em>t\u0119czy<\/em>&nbsp;Firstenberg \u015bledzi histori\u0119 elektryczno\u015bci od pocz\u0105tk\u00f3w XVIII wieku do wsp\u00f3\u0142czesno\u015bci, przedstawiaj\u0105c przekonuj\u0105cy dow\u00f3d na to, \u017ce wiele problem\u00f3w \u015brodowiskowych, a tak\u017ce g\u0142\u00f3wne choroby cywilizacji uprzemys\u0142owionej \u2013 choroby serca, cukrzyca i nowotwory \u2013 s\u0105 powi\u0105zane z zanieczyszczenie elektryczne.<\/p>\n\n\n\n<p>Oryginalnym \u017ar\u00f3d\u0142em tego artyku\u0142u jest Global Research<\/p>\n\n\n\n<p>Prawa autorskie \u00a9\u00a0<a href=\"https:\/\/www.globalresearch.ca\/author\/arthur-firstenberg\">Arthur Firstenberg<\/a>\u00a0, Global Research, 2023<\/p>\n\n\n\n<p>\u0179r\u00f3d\u0142o <a href=\"https:\/\/www.globalresearch.ca\/global-extent-bird-armageddon\/5836931\">https:\/\/www.globalresearch.ca\/global-extent-bird-armageddon\/5836931<\/a><\/p>\n","protected":false},"excerpt":{"rendered":"<p>5G, pot\u0119\u017cne stacje radarowe, pola elektromagnetyczne: globalny zasi\u0119g \u201eptasiego armagedonu\u201d Autor, Arthura\u00a0Firstenberga Anders Brunstad ostrzeg\u0142 mnie o zainstalowaniu&nbsp;jednej z najpot\u0119\u017cniejszych stacji radarowych na \u015bwiecie na p\u00f3\u0142wyspie Varanger w Finnmark w Norwegii tu\u017c przed tym, jak na ca\u0142ym p\u00f3\u0142wyspie pad\u0142y martwe&#8230; <\/p>\n","protected":false},"author":2,"featured_media":5094,"comment_status":"open","ping_status":"open","sticky":false,"template":"","format":"standard","meta":{"_acf_changed":false,"_bbp_topic_count":0,"_bbp_reply_count":0,"_bbp_total_topic_count":0,"_bbp_total_reply_count":0,"_bbp_voice_count":0,"_bbp_anonymous_reply_count":0,"_bbp_topic_count_hidden":0,"_bbp_reply_count_hidden":0,"_bbp_forum_subforum_count":0,"om_disable_all_campaigns":false,"_monsterinsights_skip_tracking":false,"footnotes":""},"categories":[93],"tags":[],"class_list":["post-5090","post","type-post","status-publish","format-standard","has-post-thumbnail","hentry","category-artykuly"],"acf":[],"aioseo_notices":[],"aioseo_head":"\n\t\t<!-- All in One SEO 5.0.1.1 - aioseo.com -->\n\t<meta name=\"description\" content=\"5G, pot\u0119\u017cne stacje radarowe, pola elektromagnetyczne: globalny zasi\u0119g \u201eptasiego armagedonu\u201d Autor, Arthura Firstenberga Anders Brunstad ostrzeg\u0142 mnie o zainstalowaniu jednej z najpot\u0119\u017cniejszych stacji radarowych na \u015bwiecie na p\u00f3\u0142wyspie Varanger w Finnmark w Norwegii tu\u017c przed tym, jak na ca\u0142ym p\u00f3\u0142wyspie pad\u0142y martwe dziesi\u0105tki tysi\u0119cy ptak\u00f3w. Po\u0142udniowe i wschodnie wybrze\u017ca p\u00f3\u0142wyspu r\u00f3wnie\u017c maj\u0105 niedawno dodan\u0105 us\u0142ug\u0119 4G+ i coraz\" \/>\n\t<meta name=\"robots\" content=\"max-image-preview:large\" \/>\n\t<meta name=\"author\" content=\"trinity\"\/>\n\t<link rel=\"canonical\" href=\"https:\/\/wia.net.pl\/index.php\/2023\/10\/22\/potezne-stacje-5g-i-globalny-zasieg-ptasiego-armagedonu\/\" \/>\n\t<meta name=\"generator\" content=\"All in One SEO (AIOSEO) 5.0.1.1\" \/>\n\t\t<meta property=\"og:locale\" content=\"pl_PL\" \/>\n\t\t<meta property=\"og:site_name\" content=\"Wolno\u015b\u0107 i Anarchia - Ka\u017cdy wewn\u0119trznie jest anarchist\u0105.\" \/>\n\t\t<meta property=\"og:type\" content=\"article\" \/>\n\t\t<meta property=\"og:title\" content=\"Pot\u0119\u017cne stacje 5G i globalny zasi\u0119g \u201eptasiego armagedonu\u201d - Wolno\u015b\u0107 i Anarchia\" \/>\n\t\t<meta property=\"og:description\" content=\"5G, pot\u0119\u017cne stacje radarowe, pola elektromagnetyczne: globalny zasi\u0119g \u201eptasiego armagedonu\u201d Autor, Arthura Firstenberga Anders Brunstad ostrzeg\u0142 mnie o zainstalowaniu jednej z najpot\u0119\u017cniejszych stacji radarowych na \u015bwiecie na p\u00f3\u0142wyspie Varanger w Finnmark w Norwegii tu\u017c przed tym, jak na ca\u0142ym p\u00f3\u0142wyspie pad\u0142y martwe dziesi\u0105tki tysi\u0119cy ptak\u00f3w. Po\u0142udniowe i wschodnie wybrze\u017ca p\u00f3\u0142wyspu r\u00f3wnie\u017c maj\u0105 niedawno dodan\u0105 us\u0142ug\u0119 4G+ i coraz\" \/>\n\t\t<meta property=\"og:url\" content=\"https:\/\/wia.net.pl\/index.php\/2023\/10\/22\/potezne-stacje-5g-i-globalny-zasieg-ptasiego-armagedonu\/\" \/>\n\t\t<meta property=\"og:image\" content=\"https:\/\/wia.net.pl\/wp-content\/uploads\/2023\/11\/cropped-freedom-i73367.jpg\" \/>\n\t\t<meta property=\"og:image:secure_url\" content=\"https:\/\/wia.net.pl\/wp-content\/uploads\/2023\/11\/cropped-freedom-i73367.jpg\" \/>\n\t\t<meta property=\"article:published_time\" content=\"2023-10-22T10:43:47+00:00\" \/>\n\t\t<meta property=\"article:modified_time\" content=\"2023-10-22T10:43:48+00:00\" \/>\n\t\t<meta name=\"twitter:card\" content=\"summary_large_image\" \/>\n\t\t<meta name=\"twitter:title\" content=\"Pot\u0119\u017cne stacje 5G i globalny zasi\u0119g \u201eptasiego armagedonu\u201d - Wolno\u015b\u0107 i Anarchia\" \/>\n\t\t<meta name=\"twitter:description\" content=\"5G, pot\u0119\u017cne stacje radarowe, pola elektromagnetyczne: globalny zasi\u0119g \u201eptasiego armagedonu\u201d Autor, Arthura Firstenberga Anders Brunstad ostrzeg\u0142 mnie o zainstalowaniu jednej z najpot\u0119\u017cniejszych stacji radarowych na \u015bwiecie na p\u00f3\u0142wyspie Varanger w Finnmark w Norwegii tu\u017c przed tym, jak na ca\u0142ym p\u00f3\u0142wyspie pad\u0142y martwe dziesi\u0105tki tysi\u0119cy ptak\u00f3w. Po\u0142udniowe i wschodnie wybrze\u017ca p\u00f3\u0142wyspu r\u00f3wnie\u017c maj\u0105 niedawno dodan\u0105 us\u0142ug\u0119 4G+ i coraz\" \/>\n\t\t<meta name=\"twitter:image\" content=\"https:\/\/wia.net.pl\/wp-content\/uploads\/2023\/11\/cropped-freedom-i73367.jpg\" \/>\n\t\t<script type=\"application\/ld+json\" class=\"aioseo-schema\">\n\t\t\t{\"@context\":\"https:\\\/\\\/schema.org\",\"@graph\":[{\"@type\":\"BlogPosting\",\"@id\":\"https:\\\/\\\/wia.net.pl\\\/index.php\\\/2023\\\/10\\\/22\\\/potezne-stacje-5g-i-globalny-zasieg-ptasiego-armagedonu\\\/#blogposting\",\"name\":\"Pot\\u0119\\u017cne stacje 5G i globalny zasi\\u0119g \\u201eptasiego armagedonu\\u201d - Wolno\\u015b\\u0107 i Anarchia\",\"headline\":\"Pot\\u0119\\u017cne stacje 5G i globalny zasi\\u0119g \\u201eptasiego armagedonu\\u201d\",\"author\":{\"@id\":\"https:\\\/\\\/wia.net.pl\\\/index.php\\\/author\\\/trinity\\\/#author\"},\"publisher\":{\"@id\":\"https:\\\/\\\/wia.net.pl\\\/#person\"},\"image\":{\"@type\":\"ImageObject\",\"url\":\"https:\\\/\\\/wia.net.pl\\\/wp-content\\\/uploads\\\/2023\\\/10\\\/mail-4.jpeg\",\"width\":650,\"height\":366},\"datePublished\":\"2023-10-22T12:43:47+02:00\",\"dateModified\":\"2023-10-22T12:43:48+02:00\",\"inLanguage\":\"pl-PL\",\"mainEntityOfPage\":{\"@id\":\"https:\\\/\\\/wia.net.pl\\\/index.php\\\/2023\\\/10\\\/22\\\/potezne-stacje-5g-i-globalny-zasieg-ptasiego-armagedonu\\\/#webpage\"},\"isPartOf\":{\"@id\":\"https:\\\/\\\/wia.net.pl\\\/index.php\\\/2023\\\/10\\\/22\\\/potezne-stacje-5g-i-globalny-zasieg-ptasiego-armagedonu\\\/#webpage\"},\"articleSection\":\"Artyku\\u0142y\"},{\"@type\":\"BreadcrumbList\",\"@id\":\"https:\\\/\\\/wia.net.pl\\\/index.php\\\/2023\\\/10\\\/22\\\/potezne-stacje-5g-i-globalny-zasieg-ptasiego-armagedonu\\\/#breadcrumblist\",\"itemListElement\":[{\"@type\":\"ListItem\",\"@id\":\"https:\\\/\\\/wia.net.pl#listItem\",\"position\":1,\"name\":\"Home\",\"item\":\"https:\\\/\\\/wia.net.pl\",\"nextItem\":{\"@type\":\"ListItem\",\"@id\":\"https:\\\/\\\/wia.net.pl\\\/index.php\\\/category\\\/artykuly\\\/#listItem\",\"name\":\"Artyku\\u0142y\"}},{\"@type\":\"ListItem\",\"@id\":\"https:\\\/\\\/wia.net.pl\\\/index.php\\\/category\\\/artykuly\\\/#listItem\",\"position\":2,\"name\":\"Artyku\\u0142y\",\"item\":\"https:\\\/\\\/wia.net.pl\\\/index.php\\\/category\\\/artykuly\\\/\",\"nextItem\":{\"@type\":\"ListItem\",\"@id\":\"https:\\\/\\\/wia.net.pl\\\/index.php\\\/2023\\\/10\\\/22\\\/potezne-stacje-5g-i-globalny-zasieg-ptasiego-armagedonu\\\/#listItem\",\"name\":\"Pot\\u0119\\u017cne stacje 5G i globalny zasi\\u0119g \\u201eptasiego armagedonu\\u201d\"},\"previousItem\":{\"@type\":\"ListItem\",\"@id\":\"https:\\\/\\\/wia.net.pl#listItem\",\"name\":\"Home\"}},{\"@type\":\"ListItem\",\"@id\":\"https:\\\/\\\/wia.net.pl\\\/index.php\\\/2023\\\/10\\\/22\\\/potezne-stacje-5g-i-globalny-zasieg-ptasiego-armagedonu\\\/#listItem\",\"position\":3,\"name\":\"Pot\\u0119\\u017cne stacje 5G i globalny zasi\\u0119g \\u201eptasiego armagedonu\\u201d\",\"previousItem\":{\"@type\":\"ListItem\",\"@id\":\"https:\\\/\\\/wia.net.pl\\\/index.php\\\/category\\\/artykuly\\\/#listItem\",\"name\":\"Artyku\\u0142y\"}}]},{\"@type\":\"Person\",\"@id\":\"https:\\\/\\\/wia.net.pl\\\/#person\",\"name\":\"Bart\\u0142omiej Talarczyk\",\"image\":{\"@type\":\"ImageObject\",\"@id\":\"https:\\\/\\\/wia.net.pl\\\/index.php\\\/2023\\\/10\\\/22\\\/potezne-stacje-5g-i-globalny-zasieg-ptasiego-armagedonu\\\/#personImage\",\"url\":\"https:\\\/\\\/wia.net.pl\\\/wp-content\\\/uploads\\\/avatar-privacy\\\/cache\\\/user\\\/1\\\/7\\\/176a6b161c58363ff49b5c167264231f519f5c7fa183ca1f61e891769b6b56d5-96.jpg\",\"width\":96,\"height\":96,\"caption\":\"Bart\\u0142omiej Talarczyk\"}},{\"@type\":\"Person\",\"@id\":\"https:\\\/\\\/wia.net.pl\\\/index.php\\\/author\\\/trinity\\\/#author\",\"url\":\"https:\\\/\\\/wia.net.pl\\\/index.php\\\/author\\\/trinity\\\/\",\"name\":\"trinity\",\"image\":{\"@type\":\"ImageObject\",\"@id\":\"https:\\\/\\\/wia.net.pl\\\/index.php\\\/2023\\\/10\\\/22\\\/potezne-stacje-5g-i-globalny-zasieg-ptasiego-armagedonu\\\/#authorImage\",\"url\":\"https:\\\/\\\/wia.net.pl\\\/wp-content\\\/uploads\\\/avatar-privacy\\\/cache\\\/user\\\/5\\\/f\\\/5f6547cf82495eaa10e100a6a45d5dbde2dfdc1be88557de2018fca705bdf6f1-96.jpg\",\"width\":96,\"height\":96,\"caption\":\"trinity\"}},{\"@type\":\"WebPage\",\"@id\":\"https:\\\/\\\/wia.net.pl\\\/index.php\\\/2023\\\/10\\\/22\\\/potezne-stacje-5g-i-globalny-zasieg-ptasiego-armagedonu\\\/#webpage\",\"url\":\"https:\\\/\\\/wia.net.pl\\\/index.php\\\/2023\\\/10\\\/22\\\/potezne-stacje-5g-i-globalny-zasieg-ptasiego-armagedonu\\\/\",\"name\":\"Pot\\u0119\\u017cne stacje 5G i globalny zasi\\u0119g \\u201eptasiego armagedonu\\u201d - Wolno\\u015b\\u0107 i Anarchia\",\"description\":\"5G, pot\\u0119\\u017cne stacje radarowe, pola elektromagnetyczne: globalny zasi\\u0119g \\u201eptasiego armagedonu\\u201d Autor, Arthura Firstenberga Anders Brunstad ostrzeg\\u0142 mnie o zainstalowaniu jednej z najpot\\u0119\\u017cniejszych stacji radarowych na \\u015bwiecie na p\\u00f3\\u0142wyspie Varanger w Finnmark w Norwegii tu\\u017c przed tym, jak na ca\\u0142ym p\\u00f3\\u0142wyspie pad\\u0142y martwe dziesi\\u0105tki tysi\\u0119cy ptak\\u00f3w. Po\\u0142udniowe i wschodnie wybrze\\u017ca p\\u00f3\\u0142wyspu r\\u00f3wnie\\u017c maj\\u0105 niedawno dodan\\u0105 us\\u0142ug\\u0119 4G+ i coraz\",\"inLanguage\":\"pl-PL\",\"isPartOf\":{\"@id\":\"https:\\\/\\\/wia.net.pl\\\/#website\"},\"breadcrumb\":{\"@id\":\"https:\\\/\\\/wia.net.pl\\\/index.php\\\/2023\\\/10\\\/22\\\/potezne-stacje-5g-i-globalny-zasieg-ptasiego-armagedonu\\\/#breadcrumblist\"},\"author\":{\"@id\":\"https:\\\/\\\/wia.net.pl\\\/index.php\\\/author\\\/trinity\\\/#author\"},\"creator\":{\"@id\":\"https:\\\/\\\/wia.net.pl\\\/index.php\\\/author\\\/trinity\\\/#author\"},\"image\":{\"@type\":\"ImageObject\",\"url\":\"https:\\\/\\\/wia.net.pl\\\/wp-content\\\/uploads\\\/2023\\\/10\\\/mail-4.jpeg\",\"@id\":\"https:\\\/\\\/wia.net.pl\\\/index.php\\\/2023\\\/10\\\/22\\\/potezne-stacje-5g-i-globalny-zasieg-ptasiego-armagedonu\\\/#mainImage\",\"width\":650,\"height\":366},\"primaryImageOfPage\":{\"@id\":\"https:\\\/\\\/wia.net.pl\\\/index.php\\\/2023\\\/10\\\/22\\\/potezne-stacje-5g-i-globalny-zasieg-ptasiego-armagedonu\\\/#mainImage\"},\"datePublished\":\"2023-10-22T12:43:47+02:00\",\"dateModified\":\"2023-10-22T12:43:48+02:00\"},{\"@type\":\"WebSite\",\"@id\":\"https:\\\/\\\/wia.net.pl\\\/#website\",\"url\":\"https:\\\/\\\/wia.net.pl\\\/\",\"name\":\"Wolno\\u015b\\u0107 i Anarchia\",\"description\":\"Ka\\u017cdy wewn\\u0119trznie jest anarchist\\u0105.\",\"inLanguage\":\"pl-PL\",\"publisher\":{\"@id\":\"https:\\\/\\\/wia.net.pl\\\/#person\"}}]}\n\t\t<\/script>\n\t\t<!-- All in One SEO -->\n\n","aioseo_head_json":{"title":"Pot\u0119\u017cne stacje 5G i globalny zasi\u0119g \u201eptasiego armagedonu\u201d - Wolno\u015b\u0107 i Anarchia","description":"5G, pot\u0119\u017cne stacje radarowe, pola elektromagnetyczne: globalny zasi\u0119g \u201eptasiego armagedonu\u201d Autor, Arthura Firstenberga Anders Brunstad ostrzeg\u0142 mnie o zainstalowaniu jednej z najpot\u0119\u017cniejszych stacji radarowych na \u015bwiecie na p\u00f3\u0142wyspie Varanger w Finnmark w Norwegii tu\u017c przed tym, jak na ca\u0142ym p\u00f3\u0142wyspie pad\u0142y martwe dziesi\u0105tki tysi\u0119cy ptak\u00f3w. Po\u0142udniowe i wschodnie wybrze\u017ca p\u00f3\u0142wyspu r\u00f3wnie\u017c maj\u0105 niedawno dodan\u0105 us\u0142ug\u0119 4G+ i coraz","canonical_url":"https:\/\/wia.net.pl\/index.php\/2023\/10\/22\/potezne-stacje-5g-i-globalny-zasieg-ptasiego-armagedonu\/","robots":"max-image-preview:large","keywords":"","webmasterTools":{"miscellaneous":""},"schema":{"@context":"https:\/\/schema.org","@graph":[{"@type":"BlogPosting","@id":"https:\/\/wia.net.pl\/index.php\/2023\/10\/22\/potezne-stacje-5g-i-globalny-zasieg-ptasiego-armagedonu\/#blogposting","name":"Pot\u0119\u017cne stacje 5G i globalny zasi\u0119g \u201eptasiego armagedonu\u201d - Wolno\u015b\u0107 i Anarchia","headline":"Pot\u0119\u017cne stacje 5G i globalny zasi\u0119g \u201eptasiego armagedonu\u201d","author":{"@id":"https:\/\/wia.net.pl\/index.php\/author\/trinity\/#author"},"publisher":{"@id":"https:\/\/wia.net.pl\/#person"},"image":{"@type":"ImageObject","url":"https:\/\/wia.net.pl\/wp-content\/uploads\/2023\/10\/mail-4.jpeg","width":650,"height":366},"datePublished":"2023-10-22T12:43:47+02:00","dateModified":"2023-10-22T12:43:48+02:00","inLanguage":"pl-PL","mainEntityOfPage":{"@id":"https:\/\/wia.net.pl\/index.php\/2023\/10\/22\/potezne-stacje-5g-i-globalny-zasieg-ptasiego-armagedonu\/#webpage"},"isPartOf":{"@id":"https:\/\/wia.net.pl\/index.php\/2023\/10\/22\/potezne-stacje-5g-i-globalny-zasieg-ptasiego-armagedonu\/#webpage"},"articleSection":"Artyku\u0142y"},{"@type":"BreadcrumbList","@id":"https:\/\/wia.net.pl\/index.php\/2023\/10\/22\/potezne-stacje-5g-i-globalny-zasieg-ptasiego-armagedonu\/#breadcrumblist","itemListElement":[{"@type":"ListItem","@id":"https:\/\/wia.net.pl#listItem","position":1,"name":"Home","item":"https:\/\/wia.net.pl","nextItem":{"@type":"ListItem","@id":"https:\/\/wia.net.pl\/index.php\/category\/artykuly\/#listItem","name":"Artyku\u0142y"}},{"@type":"ListItem","@id":"https:\/\/wia.net.pl\/index.php\/category\/artykuly\/#listItem","position":2,"name":"Artyku\u0142y","item":"https:\/\/wia.net.pl\/index.php\/category\/artykuly\/","nextItem":{"@type":"ListItem","@id":"https:\/\/wia.net.pl\/index.php\/2023\/10\/22\/potezne-stacje-5g-i-globalny-zasieg-ptasiego-armagedonu\/#listItem","name":"Pot\u0119\u017cne stacje 5G i globalny zasi\u0119g \u201eptasiego armagedonu\u201d"},"previousItem":{"@type":"ListItem","@id":"https:\/\/wia.net.pl#listItem","name":"Home"}},{"@type":"ListItem","@id":"https:\/\/wia.net.pl\/index.php\/2023\/10\/22\/potezne-stacje-5g-i-globalny-zasieg-ptasiego-armagedonu\/#listItem","position":3,"name":"Pot\u0119\u017cne stacje 5G i globalny zasi\u0119g \u201eptasiego armagedonu\u201d","previousItem":{"@type":"ListItem","@id":"https:\/\/wia.net.pl\/index.php\/category\/artykuly\/#listItem","name":"Artyku\u0142y"}}]},{"@type":"Person","@id":"https:\/\/wia.net.pl\/#person","name":"Bart\u0142omiej Talarczyk","image":{"@type":"ImageObject","@id":"https:\/\/wia.net.pl\/index.php\/2023\/10\/22\/potezne-stacje-5g-i-globalny-zasieg-ptasiego-armagedonu\/#personImage","url":"https:\/\/wia.net.pl\/wp-content\/uploads\/avatar-privacy\/cache\/user\/1\/7\/176a6b161c58363ff49b5c167264231f519f5c7fa183ca1f61e891769b6b56d5-96.jpg","width":96,"height":96,"caption":"Bart\u0142omiej Talarczyk"}},{"@type":"Person","@id":"https:\/\/wia.net.pl\/index.php\/author\/trinity\/#author","url":"https:\/\/wia.net.pl\/index.php\/author\/trinity\/","name":"trinity","image":{"@type":"ImageObject","@id":"https:\/\/wia.net.pl\/index.php\/2023\/10\/22\/potezne-stacje-5g-i-globalny-zasieg-ptasiego-armagedonu\/#authorImage","url":"https:\/\/wia.net.pl\/wp-content\/uploads\/avatar-privacy\/cache\/user\/5\/f\/5f6547cf82495eaa10e100a6a45d5dbde2dfdc1be88557de2018fca705bdf6f1-96.jpg","width":96,"height":96,"caption":"trinity"}},{"@type":"WebPage","@id":"https:\/\/wia.net.pl\/index.php\/2023\/10\/22\/potezne-stacje-5g-i-globalny-zasieg-ptasiego-armagedonu\/#webpage","url":"https:\/\/wia.net.pl\/index.php\/2023\/10\/22\/potezne-stacje-5g-i-globalny-zasieg-ptasiego-armagedonu\/","name":"Pot\u0119\u017cne stacje 5G i globalny zasi\u0119g \u201eptasiego armagedonu\u201d - Wolno\u015b\u0107 i Anarchia","description":"5G, pot\u0119\u017cne stacje radarowe, pola elektromagnetyczne: globalny zasi\u0119g \u201eptasiego armagedonu\u201d Autor, Arthura Firstenberga Anders Brunstad ostrzeg\u0142 mnie o zainstalowaniu jednej z najpot\u0119\u017cniejszych stacji radarowych na \u015bwiecie na p\u00f3\u0142wyspie Varanger w Finnmark w Norwegii tu\u017c przed tym, jak na ca\u0142ym p\u00f3\u0142wyspie pad\u0142y martwe dziesi\u0105tki tysi\u0119cy ptak\u00f3w. Po\u0142udniowe i wschodnie wybrze\u017ca p\u00f3\u0142wyspu r\u00f3wnie\u017c maj\u0105 niedawno dodan\u0105 us\u0142ug\u0119 4G+ i coraz","inLanguage":"pl-PL","isPartOf":{"@id":"https:\/\/wia.net.pl\/#website"},"breadcrumb":{"@id":"https:\/\/wia.net.pl\/index.php\/2023\/10\/22\/potezne-stacje-5g-i-globalny-zasieg-ptasiego-armagedonu\/#breadcrumblist"},"author":{"@id":"https:\/\/wia.net.pl\/index.php\/author\/trinity\/#author"},"creator":{"@id":"https:\/\/wia.net.pl\/index.php\/author\/trinity\/#author"},"image":{"@type":"ImageObject","url":"https:\/\/wia.net.pl\/wp-content\/uploads\/2023\/10\/mail-4.jpeg","@id":"https:\/\/wia.net.pl\/index.php\/2023\/10\/22\/potezne-stacje-5g-i-globalny-zasieg-ptasiego-armagedonu\/#mainImage","width":650,"height":366},"primaryImageOfPage":{"@id":"https:\/\/wia.net.pl\/index.php\/2023\/10\/22\/potezne-stacje-5g-i-globalny-zasieg-ptasiego-armagedonu\/#mainImage"},"datePublished":"2023-10-22T12:43:47+02:00","dateModified":"2023-10-22T12:43:48+02:00"},{"@type":"WebSite","@id":"https:\/\/wia.net.pl\/#website","url":"https:\/\/wia.net.pl\/","name":"Wolno\u015b\u0107 i Anarchia","description":"Ka\u017cdy wewn\u0119trznie jest anarchist\u0105.","inLanguage":"pl-PL","publisher":{"@id":"https:\/\/wia.net.pl\/#person"}}]},"og:locale":"pl_PL","og:site_name":"Wolno\u015b\u0107 i Anarchia - Ka\u017cdy wewn\u0119trznie jest anarchist\u0105.","og:type":"article","og:title":"Pot\u0119\u017cne stacje 5G i globalny zasi\u0119g \u201eptasiego armagedonu\u201d - Wolno\u015b\u0107 i Anarchia","og:description":"5G, pot\u0119\u017cne stacje radarowe, pola elektromagnetyczne: globalny zasi\u0119g \u201eptasiego armagedonu\u201d Autor, Arthura Firstenberga Anders Brunstad ostrzeg\u0142 mnie o zainstalowaniu jednej z najpot\u0119\u017cniejszych stacji radarowych na \u015bwiecie na p\u00f3\u0142wyspie Varanger w Finnmark w Norwegii tu\u017c przed tym, jak na ca\u0142ym p\u00f3\u0142wyspie pad\u0142y martwe dziesi\u0105tki tysi\u0119cy ptak\u00f3w. Po\u0142udniowe i wschodnie wybrze\u017ca p\u00f3\u0142wyspu r\u00f3wnie\u017c maj\u0105 niedawno dodan\u0105 us\u0142ug\u0119 4G+ i coraz","og:url":"https:\/\/wia.net.pl\/index.php\/2023\/10\/22\/potezne-stacje-5g-i-globalny-zasieg-ptasiego-armagedonu\/","og:image":"https:\/\/wia.net.pl\/wp-content\/uploads\/2023\/11\/cropped-freedom-i73367.jpg","og:image:secure_url":"https:\/\/wia.net.pl\/wp-content\/uploads\/2023\/11\/cropped-freedom-i73367.jpg","article:published_time":"2023-10-22T10:43:47+00:00","article:modified_time":"2023-10-22T10:43:48+00:00","twitter:card":"summary_large_image","twitter:title":"Pot\u0119\u017cne stacje 5G i globalny zasi\u0119g \u201eptasiego armagedonu\u201d - Wolno\u015b\u0107 i Anarchia","twitter:description":"5G, pot\u0119\u017cne stacje radarowe, pola elektromagnetyczne: globalny zasi\u0119g \u201eptasiego armagedonu\u201d Autor, Arthura Firstenberga Anders Brunstad ostrzeg\u0142 mnie o zainstalowaniu jednej z najpot\u0119\u017cniejszych stacji radarowych na \u015bwiecie na p\u00f3\u0142wyspie Varanger w Finnmark w Norwegii tu\u017c przed tym, jak na ca\u0142ym p\u00f3\u0142wyspie pad\u0142y martwe dziesi\u0105tki tysi\u0119cy ptak\u00f3w. Po\u0142udniowe i wschodnie wybrze\u017ca p\u00f3\u0142wyspu r\u00f3wnie\u017c maj\u0105 niedawno dodan\u0105 us\u0142ug\u0119 4G+ i coraz","twitter:image":"https:\/\/wia.net.pl\/wp-content\/uploads\/2023\/11\/cropped-freedom-i73367.jpg"},"aioseo_meta_data":{"post_id":"5090","title":null,"description":null,"keywords":[],"keyphrases":{"focus":{"keyphrase":"","score":0,"analysis":{"keyphraseInTitle":{"score":0,"maxScore":9,"error":1}}},"additional":[]},"primary_term":null,"canonical_url":null,"og_title":null,"og_description":null,"og_object_type":"default","og_image_type":"default","og_image_url":null,"og_image_width":null,"og_image_height":null,"og_image_custom_url":null,"og_image_custom_fields":null,"og_video":"","og_custom_url":null,"og_article_section":null,"og_article_tags":[],"twitter_use_og":false,"twitter_card":"default","twitter_image_type":"default","twitter_image_url":null,"twitter_image_custom_url":null,"twitter_image_custom_fields":null,"twitter_title":null,"twitter_description":null,"schema":{"blockGraphs":[],"customGraphs":[],"default":{"data":{"Article":[],"Course":[],"Dataset":[],"FAQPage":[],"Movie":[],"Person":[],"Product":[],"ProductReview":[],"Car":[],"Recipe":[],"Service":[],"SoftwareApplication":[],"WebPage":[]},"graphName":"BlogPosting","isEnabled":true},"graphs":[]},"schema_type":"default","schema_type_options":null,"pillar_content":false,"robots_default":true,"robots_noindex":false,"robots_noarchive":false,"robots_nosnippet":false,"robots_nofollow":false,"robots_noimageindex":false,"robots_noodp":false,"robots_notranslate":false,"robots_max_snippet":"-1","robots_max_videopreview":"-1","robots_max_imagepreview":"large","priority":null,"frequency":"default","local_seo":null,"breadcrumb_settings":null,"limit_modified_date":false,"ai":null,"created":"2023-10-22 10:43:48","updated":"2025-06-04 09:35:52","seo_analyzer_scan_date":null,"focus_keyword":null,"additional_keywords":null,"truseo_locale":null},"aioseo_breadcrumb":"<div class=\"aioseo-breadcrumbs\"><span class=\"aioseo-breadcrumb\">\n\t\t\t<a href=\"https:\/\/wia.net.pl\" title=\"Home\">Home<\/a>\n\t\t<\/span><span class=\"aioseo-breadcrumb-separator\">&raquo;<\/span><span class=\"aioseo-breadcrumb\">\n\t\t\t<a href=\"https:\/\/wia.net.pl\/index.php\/category\/artykuly\/\" title=\"Artyku\u0142y\">Artyku\u0142y<\/a>\n\t\t<\/span><span class=\"aioseo-breadcrumb-separator\">&raquo;<\/span><span class=\"aioseo-breadcrumb\">\n\t\t\tPot\u0119\u017cne stacje 5G i globalny zasi\u0119g \u201eptasiego armagedonu\u201d\n\t\t<\/span><\/div>","aioseo_breadcrumb_json":[{"label":"Home","link":"https:\/\/wia.net.pl"},{"label":"Artyku\u0142y","link":"https:\/\/wia.net.pl\/index.php\/category\/artykuly\/"},{"label":"Pot\u0119\u017cne stacje 5G i globalny zasi\u0119g \u201eptasiego armagedonu\u201d","link":"https:\/\/wia.net.pl\/index.php\/2023\/10\/22\/potezne-stacje-5g-i-globalny-zasieg-ptasiego-armagedonu\/"}],"_links":{"self":[{"href":"https:\/\/wia.net.pl\/index.php\/wp-json\/wp\/v2\/posts\/5090"}],"collection":[{"href":"https:\/\/wia.net.pl\/index.php\/wp-json\/wp\/v2\/posts"}],"about":[{"href":"https:\/\/wia.net.pl\/index.php\/wp-json\/wp\/v2\/types\/post"}],"author":[{"embeddable":true,"href":"https:\/\/wia.net.pl\/index.php\/wp-json\/wp\/v2\/users\/2"}],"replies":[{"embeddable":true,"href":"https:\/\/wia.net.pl\/index.php\/wp-json\/wp\/v2\/comments?post=5090"}],"version-history":[{"count":1,"href":"https:\/\/wia.net.pl\/index.php\/wp-json\/wp\/v2\/posts\/5090\/revisions"}],"predecessor-version":[{"id":5095,"href":"https:\/\/wia.net.pl\/index.php\/wp-json\/wp\/v2\/posts\/5090\/revisions\/5095"}],"wp:featuredmedia":[{"embeddable":true,"href":"https:\/\/wia.net.pl\/index.php\/wp-json\/wp\/v2\/media\/5094"}],"wp:attachment":[{"href":"https:\/\/wia.net.pl\/index.php\/wp-json\/wp\/v2\/media?parent=5090"}],"wp:term":[{"taxonomy":"category","embeddable":true,"href":"https:\/\/wia.net.pl\/index.php\/wp-json\/wp\/v2\/categories?post=5090"},{"taxonomy":"post_tag","embeddable":true,"href":"https:\/\/wia.net.pl\/index.php\/wp-json\/wp\/v2\/tags?post=5090"}],"curies":[{"name":"wp","href":"https:\/\/api.w.org\/{rel}","templated":true}]}}