{"id":5108,"date":"2023-10-23T15:35:42","date_gmt":"2023-10-23T13:35:42","guid":{"rendered":"https:\/\/wia.net.pl\/?p=5108"},"modified":"2023-10-23T15:36:33","modified_gmt":"2023-10-23T13:36:33","slug":"bezbozny-sojusz-miedzy-sorosem-a-papiezem-franciszkiem","status":"publish","type":"post","link":"https:\/\/wia.net.pl\/index.php\/2023\/10\/23\/bezbozny-sojusz-miedzy-sorosem-a-papiezem-franciszkiem\/","title":{"rendered":"Bezbo\u017cny sojusz mi\u0119dzy Sorosem a papie\u017cem Franciszkiem"},"content":{"rendered":"\n<p>Autor, George Neumayr<br><a href=\"https:\/\/spectator.org\/\">The American Spectator<\/a><\/p>\n\n\n\n<figure class=\"wp-block-image size-full is-resized\"><img loading=\"lazy\" decoding=\"async\" width=\"633\" height=\"354\" src=\"https:\/\/wia.net.pl\/wp-content\/uploads\/2023\/10\/pope-and-soros.jpg\" alt=\"\" class=\"wp-image-5109\" style=\"aspect-ratio:1.7881355932203389;width:840px;height:auto\" srcset=\"https:\/\/wia.net.pl\/wp-content\/uploads\/2023\/10\/pope-and-soros.jpg 633w, https:\/\/wia.net.pl\/wp-content\/uploads\/2023\/10\/pope-and-soros-300x168.jpg 300w\" sizes=\"(max-width: 633px) 100vw, 633px\" \/><\/figure>\n\n\n\n<p>Wyb\u00f3r liberalnego jezuity na papie\u017ca zachwyci\u0142 Demokrat\u00f3w w Stanach Zjednoczonych, kt\u00f3rych bezbo\u017cny sojusz z lewic\u0105 katolick\u0105 si\u0119ga wielu dziesi\u0119cioleci.&nbsp;Barack Obama, jeden z najwybitniejszych zwolennik\u00f3w papie\u017ca, od dawna jest beneficjentem tego sojuszu.&nbsp;Wydzia\u0142 Jezuit\u00f3w Georgetown University w Waszyngtonie zosta\u0142 uznany za jednego z g\u0142\u00f3wnych darczy\u0144c\u00f3w jego kampanii.<\/p>\n\n\n\n<p>Jak na ponur\u0105 ironi\u0119, Obama, kt\u00f3rego prezydentura znacz\u0105co podkopa\u0142a wolno\u015b\u0107 religijn\u0105 w Ameryce, doszed\u0142 do w\u0142adzy nie pomimo Ko\u015bcio\u0142a katolickiego, ale dzi\u0119ki niemu.&nbsp;Archidiecezja Chicago pomog\u0142a sfinansowa\u0107 jego radykalizm w latach 80.&nbsp;Jak wspomina w swoich wspomnieniach, swoj\u0105 prac\u0119 jako animator wsp\u00f3lnotowy rozpoczyna\u0142 w salach plebani parafii \u015awi\u0119tego R\u00f3\u017ca\u0144ca w po\u0142udniowej cz\u0119\u015bci Chicago.&nbsp;Organizacja ali\u0144ska, dla kt\u00f3rej pracowa\u0142 \u2013 Developing Communities Project \u2013 otrzyma\u0142a dziesi\u0105tki tysi\u0119cy dolar\u00f3w od Katolickiej Kampanii na rzecz Rozwoju Cz\u0142owieka.<\/p>\n\n\n\n<p>Obama by\u0142 blisko zmar\u0142ego kardyna\u0142a Chicago Josepha Bernardina.&nbsp;Bernardin, b\u0119d\u0105cy zwolennikiem ruchu \u201eBezszwowej odzie\u017cy\u201d w Ko\u015bciele katolickim w latach 80. XX w., ruchu bagatelizuj\u0105cego aborcj\u0119 i k\u0142ad\u0105cego nacisk na liberalizm polityczny, Bernardin poci\u0105ga\u0142 socjalizm i relatywizm elity liberalnej.&nbsp;By\u0142 tak \u201eprzyjazny gejom\u201d, \u017ce poprosi\u0142 o wyst\u0119p \u201eWindy City Gay Chorus\u201d na jego pogrzebie.&nbsp;Uciele\u015bnia\u0142 koncepcj\u0119 \u201edobrego\u201d biskupa Obamy, a w jego domieszce lewicowej polityki i relatywistycznej, nieoceniaj\u0105cej teologii mo\u017cna dostrzec zapowied\u017a awansu papie\u017ca Franciszka.<\/p>\n\n\n\n<p>Kardyna\u0142 Bernardin wywiera\u0142 presj\u0119 na swoich ksi\u0119\u017cy, aby wsp\u00f3\u0142pracowali z Obam\u0105, a nawet zap\u0142aci\u0142 za bilet lotniczy Obamy na sesj\u0119 szkoleniow\u0105 w Los Angeles w 1980 r. zorganizowan\u0105 przez Fundacj\u0119 Obszar\u00f3w Przemys\u0142owych Saula Alinsky&#8217;ego.&nbsp;Konferencja odby\u0142a si\u0119 w katolickiej uczelni w po\u0142udniowej Kalifornii, Mount St. Mary&#8217;s, kt\u00f3ra od dawna jest zwi\u0105zana z grup\u0105 Alinsky&#8217;ego.<\/p>\n\n\n\n<p>Ten sojusz pomi\u0119dzy lewic\u0105 katolick\u0105 i lewic\u0105 demokratyczn\u0105 wyja\u015bnia honorowy stopie\u0144, jaki Obama otrzyma\u0142 od Notre Dame w 2009 roku, mimo \u017ce spiskowa\u0142 maj\u0105cy na celu prze\u015bladowanie Ko\u015bcio\u0142a w ramach mandatu Obamacare w zakresie antykoncepcji i \u015brodk\u00f3w poronnych.&nbsp;By\u0142y prezydent Notre Dame, ks.&nbsp;Theodore Hesburgh, kt\u00f3ry popiera\u0142 uhonorowanie Obamy, by\u0142 blisko pra\u0142ata Johna Egana, socjalisty, kt\u00f3ry zapocz\u0105tkowa\u0142 Katolick\u0105 Kampani\u0119 na rzecz Rozwoju Cz\u0142owieka i zasiada\u0142 w zarz\u0105dzie Fundacji Teren\u00f3w Przemys\u0142owych Saula Alinsky&#8217;ego.<\/p>\n\n\n\n<p>Ten bezbo\u017cny sojusz wyja\u015bnia r\u00f3wnie\u017c, w jaki spos\u00f3b Partia Demokratyczna, pomimo swojego poparcia dla aborcji i ma\u0142\u017ce\u0144stw homoseksualnych, zdoby\u0142a wi\u0119kszo\u015b\u0107 g\u0142os\u00f3w katolik\u00f3w w dw\u00f3ch wyborach prezydenckich Obamy.&nbsp;Na konwencji Demokrat\u00f3w w Charlotte w 2012 r. zakonnice takie jak siostra Simone Campbell dzieli\u0142y scen\u0119 z dzia\u0142aczami aborcyjnymi z Planned Parenthood.&nbsp;Liberalna dziekan katolickiego uniwersytetu, siostra Marguerite Kloos, zosta\u0142a w tym roku z\u0142apana nawet na akcie oszustwa wyborczego, polegaj\u0105cego na sfa\u0142szowaniu podpisu zmar\u0142ej zakonnicy na karcie do g\u0142osowania.&nbsp;Jak pisze Thomas Pauken w&nbsp;<em>Wojnie trzydziestoletniej<\/em>&nbsp;, \u201eradykalizacja element\u00f3w duchowie\u0144stwa katolickiego okaza\u0142a si\u0119 jednym z najwa\u017cniejszych osi\u0105gni\u0119\u0107 Saula Alinsky\u2019ego\u201d.<\/p>\n\n\n\n<p>Wyb\u00f3r papie\u017ca Franciszka by\u0142 postrzegany przez dzia\u0142aczy alinskijskich jako spe\u0142nienie marze\u0144.&nbsp;\u201eMy\u015bl\u0119, \u017ce papie\u017c Franciszek jest do\u015b\u0107 inspiruj\u0105c\u0105 postaci\u0105\u201d \u2013 powiedzia\u0142 Al Gore na Uniwersytecie Kalifornijskim w Berkeley na pocz\u0105tku 2015 r. By\u0142y wiceprezydent, kt\u00f3ry sta\u0142 si\u0119 radykalnym dzia\u0142aczem na rzecz ochrony \u015brodowiska, nazwa\u0142 papie\u017ca Franciszka \u201efenomenem\u201d i \u015bmia\u0142 si\u0119 z jego liberalizmu: \u201eCzy papie\u017c jest katolikiem? \u201d&nbsp;Gore powiedzia\u0142, \u017ce jest dla mnie tak \u201einspiruj\u0105cy\u201d, \u017ce \u201emog\u0119 zosta\u0107 katolikiem\u201d.<\/p>\n\n\n\n<p>Lewacy cz\u0119sto pojawiaj\u0105 si\u0119 w Watykanie, cz\u0119sto zapraszani przez jednego z najbli\u017cszych doradc\u00f3w papie\u017ca Franciszka, socjalistycznego kardyna\u0142a z Hondurasu Oscara Rodrigueza Maradiag\u0119.&nbsp;Przed wizyt\u0105 papie\u017ca w USA grupa lewicowych dzia\u0142aczy oraz urz\u0119dnik\u00f3w zwi\u0105zk\u00f3w zawodowych i organizacji, takich jak SEIU i PICO (grupa alinskijska za\u0142o\u017cona przez liberalnego jezuit\u0119, ksi\u0119dza Johna Baumanna) przyby\u0142a do Watykanu, aby naradzi\u0107 si\u0119 z urz\u0119dnikami kurii w sprawie podr\u00f3\u017c.&nbsp;Mniej wi\u0119cej w tym samym czasie ponad 90 cz\u0142onk\u00f3w Kongresu USA wys\u0142a\u0142o papie\u017cowi Franciszkowi list, wzywaj\u0105c go do skupienia si\u0119 na kwestiach politycznie liberalnych.&nbsp;Liderk\u0105 tej grupy by\u0142a Rosa DeLauro, katoliczka opowiadaj\u0105ca si\u0119 za prawem do aborcji.<\/p>\n\n\n\n<p>W 2016 roku WikiLeaks ujawni\u0142o, \u017ce wi\u0119kszo\u015b\u0107 tego lobbingu sfinansowa\u0142 miliarder-socjalista George Soros.&nbsp;Wyda\u0142 setki tysi\u0119cy dolar\u00f3w, pr\u00f3buj\u0105c ukszta\u0142towa\u0107 wizyt\u0119 papie\u017ca w USA. Wed\u0142ug dokument\u00f3w, kt\u00f3re wyciek\u0142y, Fundacja Spo\u0142ecze\u0144stwa Otwartego Sorosa stara\u0142a si\u0119 stworzy\u0107 \u201emas\u0119 krytyczn\u0105\u201d ameryka\u0144skich biskup\u00f3w i \u015bwieckich katolik\u00f3w popieraj\u0105cych priorytety papie\u017ca.&nbsp;W dokumentach w spos\u00f3b szczeg\u00f3lny wspomniano o Maradiadze, or\u0119downiku PICO, jako o u\u017cytecznym sojuszniku zapewniaj\u0105cym, \u017ce przem\u00f3wienia papie\u017ca w USA popchn\u0105 socjalizm.<\/p>\n\n\n\n<p>Zhakowane e-maile ujawni\u0142y g\u0142\u0119boko\u015b\u0107 spisku:<\/p>\n\n\n\n<blockquote class=\"wp-block-quote is-layout-flow wp-block-quote-is-layout-flow\">\n<p>Pierwsza wrze\u015bniowa wizyta papie\u017ca Franciszka w Stanach Zjednoczonych obejmie historyczne przem\u00f3wienie przed Kongresem, przem\u00f3wienie przed Narodami Zjednoczonymi oraz wizyt\u0119 w Filadelfii w ramach \u201e\u015awiatowego Spotkania Rodzin\u201d.&nbsp;Aby wykorzysta\u0107 ten moment, my (Spo\u0142ecze\u0144stwo Otwarte) b\u0119dziemy wspiera\u0107 dzia\u0142ania organizacyjne PICO maj\u0105ce na celu zaanga\u017cowanie Papie\u017ca w kwestie sprawiedliwo\u015bci gospodarczej i rasowej, w tym wykorzystuj\u0105c wp\u0142yw kardyna\u0142a Rodrigueza, starszego doradcy Papie\u017ca, i wysy\u0142aj\u0105c delegacj\u0119 z wizyt\u0105 do Watykanu w wiosn\u0105 lub latem, aby m\u00f3g\u0142 wys\u0142ucha\u0107 bezpo\u015brednio katolik\u00f3w o niskich dochodach w Ameryce.<\/p>\n<\/blockquote>\n\n\n\n<p>W e-mailach agenci Sorosa wyra\u017anie daj\u0105 do zrozumienia, \u017ce \u200b\u200bpostrzegaj\u0105 papie\u017ca Franciszka jako propagandyst\u0119 swoich spraw:<\/p>\n\n\n\n<blockquote class=\"wp-block-quote is-layout-flow wp-block-quote-is-layout-flow\">\n<p>Ostatecznie nasza wizyta potwierdzi\u0142a og\u00f3ln\u0105 strategi\u0119: papie\u017c Franciszek, jako przyw\u00f3dca o randze \u015bwiatowej, rzuci wyzwanie \u201eba\u0142wochwalstwu rynku\u201d w USA i wyra\u017anie wezwie do zmiany polityki promuj\u0105cej wykluczenie i oboj\u0119tno\u015b\u0107 do tych najbardziej marginalizowanych.&nbsp;Wierzymy, \u017ce ten pokoleniowy moment mo\u017ce zapocz\u0105tkowa\u0107 niezwyk\u0142\u0105 organizacj\u0119, kt\u00f3ra promuje wybory moralne i pomaga ustali\u0107 kompas moralny.&nbsp;Wierzymy, \u017ce wizyta papieska i praca, kt\u00f3r\u0105 wsp\u00f3lnie wok\u00f3\u0142 niej wykonujemy, mog\u0105 pom\u00f3c wielu mieszka\u0144com naszego kraju wyj\u015b\u0107 poza przestarza\u0142e konflikty ideologiczne, kt\u00f3re dominuj\u0105 w naszych debatach politycznych, i wykorzysta\u0107 nowe mo\u017cliwo\u015bci dzia\u0142ania na rzecz dobra wsp\u00f3lnego.<\/p>\n<\/blockquote>\n\n\n\n<p>Po spotkaniu cieszyli si\u0119 z jego powodzenia, informuj\u0105c Johna Podest\u0119, przewodnicz\u0105cego kampanii Hillary Clinton:<\/p>\n\n\n\n<blockquote class=\"wp-block-quote is-layout-flow wp-block-quote-is-layout-flow\">\n<p>Nasze wizyty by\u0142y dialogiem.&nbsp;Przekazali\u015bmy nasz pogl\u0105d, \u017ce Papie\u017c jest \u015bwiatowym przyw\u00f3dc\u0105 o znaczeniu historycznym;&nbsp;\u017ce jego przes\u0142anie dotycz\u0105ce wykluczenia, niepokoju w zwi\u0105zku z rosn\u0105cymi nier\u00f3wno\u015bciami i troski zwi\u0105zanej z globaln\u0105 oboj\u0119tno\u015bci\u0105 jest wa\u017cne, aby Stany Zjednoczone mog\u0142y je us\u0142ysze\u0107 i o\u017cywi\u0107 podczas jego wizyty;&nbsp;oraz \u017ce zamierzamy wzmocni\u0107 jego uwagi, aby\u015bmy mogli prowadzi\u0107 g\u0142\u0119bszy dialog moralny na temat wybor\u00f3w politycznych w cyklu wyborczym w 2016 r. Podczas naszych spotka\u0144 z w\u0142a\u015bciwymi urz\u0119dnikami zdecydowanie zalecali\u015bmy, aby Papie\u017c podkre\u015bla\u0142 \u2013 s\u0142owami i czynami \u2013 potrzeb\u0119 skonfrontowa\u0107 si\u0119 z rasizmem i hierarchi\u0105 rasow\u0105 w USA\u2026<\/p>\n\n\n\n<p>Rozmowy, kt\u00f3re pierwotnie mia\u0142y trwa\u0107 trzydzie\u015bci minut, rozci\u0105gn\u0119\u0142y si\u0119 na dwugodzinne dialogi.&nbsp;Podobnie jak podczas naszej rozmowy przy \u015bniadaniu z kardyna\u0142em Rodr\u00edguezem, wy\u017csi urz\u0119dnicy Watykanu podzielili si\u0119 g\u0142\u0119bokimi spostrze\u017ceniami, \u015bwiadcz\u0105cymi o \u015bwiadomo\u015bci klimatu moralnego, gospodarczego i politycznego w Ameryce.&nbsp;Zach\u0119cano nas do wiary, \u017ce Papie\u017c skonfrontuje ras\u0119 za pomoc\u0105 ram moralnych.<\/p>\n<\/blockquote>\n\n\n\n<p>Dalsze ujawnienia WikiLeaks potwierdzi\u0142y spisek urz\u0119dnik\u00f3w Demokrat\u00f3w maj\u0105cy na celu infiltracj\u0119 Ko\u015bcio\u0142a katolickiego w celu \u201ewzniecenia rewolucji\u201d korzystnej dla ich radykalnych cel\u00f3w.&nbsp;W 2012 roku, po\u015br\u00f3d ostrej reakcji katolik\u00f3w na mandat antykoncepcyjny Obamy, John Podesta otrzyma\u0142 notatk\u0119 od Sandy Newman, prezes Voices for Progress.<\/p>\n\n\n\n<p>\u201ePotrzebna jest katolicka wiosna, podczas kt\u00f3rej sami katolicy \u017c\u0105daj\u0105 ko\u0144ca \u015bredniowiecznej dyktatury i pocz\u0105tku odrobiny demokracji i poszanowania r\u00f3wno\u015bci p\u0142ci w ko\u015bciele katolickim\u201d \u2013 Newman napisa\u0142 do Podesty.&nbsp;\u201eNie kwalifikuj\u0119 si\u0119 do zaanga\u017cowania i w og\u00f3le nie zastanawia\u0142em si\u0119, w jaki spos\u00f3b mo\u017cna \u201ezasia\u0107 nasiona rewolucji\u201d ani kto je zasieje\u201d.&nbsp;Podesta odpowiedzia\u0142, \u017ce Demokraci utworzyli katolickie grupy frontowe, aby zasia\u0107 te nasiona: \u201eStworzyli\u015bmy katolik\u00f3w w Sojuszu na rzecz Dobra Wsp\u00f3lnego, aby organizowa\u0107 si\u0119 w takiej chwili.&nbsp;Uwa\u017cam jednak, \u017ce obecnie brakuje jej przyw\u00f3dztwa, aby to zrobi\u0107.&nbsp;Podobnie Katolicy Zjednoczeni.&nbsp;Jak wi\u0119kszo\u015b\u0107 wiosennych moment\u00f3w, my\u015bl\u0119, \u017ce i ten b\u0119dzie musia\u0142 by\u0107 przeprowadzony od do\u0142u do g\u00f3ry\u201d.&nbsp;Podesta si\u0119 myli\u0142.&nbsp;Mia\u0142o to przyj\u015b\u0107 z g\u00f3ry na d\u00f3\u0142, gdy w nast\u0119pnym roku Franciszek obj\u0105\u0142 urz\u0105d papieski i zacz\u0105\u0142 upolitycznia\u0107 Ko\u015bci\u00f3\u0142 dok\u0142adnie w spos\u00f3b, jaki sobie wyobra\u017cali post\u0119powcy.&nbsp;Rzeczywi\u015bcie, Podesta zach\u0119ca\u0142 p\u00f3\u017aniej Hillary Clinton, aby w\u0142\u0105czy\u0142a papiesk\u0105 lewic\u0119 do swojej kampanii.&nbsp;W jednym zhakowanych e-mailach poradzi\u0142 jej, aby wys\u0142a\u0142a tweeta, w kt\u00f3rym \u201epodzi\u0119kuje mu za zwr\u00f3cenie uwagi, \u017ce zmiany klimatyczne najbardziej ucierpi\u0105 na ludziach na dole\u201d.<\/p>\n\n\n\n<p>Podesta i jego wsp\u00f3\u0142pracownicy rozmawiali tak\u017ce o tym, jak mogliby wykorzysta\u0107 wsparcie papie\u017ca Franciszka dla porozumienia Obamy z Iranem.&nbsp;Do Podesty przes\u0142ano raport, w kt\u00f3rym Christopher Hale z Katolik\u00f3w w Sojuszu na rzecz Dobra Wsp\u00f3lnego proponuje, aby biskupi i kardyna\u0142owie oparli si\u0119 na senatorach zwlekaj\u0105cych z umow\u0105.<\/p>\n\n\n\n<p>W innym e-mailu, kt\u00f3ry podkre\u015bla, jak media i Demokraci po\u0142\u0105czyli si\u0142y, aby w\u0142\u0105czy\u0107 papie\u017ca Franciszka do swojej polityki, liberalny felietonista Brent Budowsky radzi Podestie: \u201eJohn, HRC powinna wyprzedzi\u0107 post\u0119pow\u0105 krzyw\u0105 przed podr\u00f3\u017c\u0105 papie\u017ca do w USA we wrze\u015bniu, co b\u0119dzie wielk\u0105 spraw\u0105 przez tydzie\u0144, nasycenie zasi\u0119gu, silny post\u0119powy populista, wp\u0142yw po jego odej\u015bciu wp\u0142ywaj\u0105cy na trajektori\u0119 kampanii.&nbsp;Oto moje zdanie, napisane bardziej w stylu analizy wiadomo\u015bci\u2026 Brent\u201d W za\u0142\u0105czonym felietonie Budowsky pisze: \u201eWizyta tak popularnego papie\u017ca prawie na pewno podniesie na duchu Demokrat\u00f3w i libera\u0142\u00f3w, kt\u00f3rzy kibicuj\u0105 Franciszkowi i ponownie po\u015bwi\u0119caj\u0105 si\u0119 warto\u015bci i wizje, kt\u00f3re reprezentuje.\u201d<\/p>\n\n\n\n<p>Na papie\u017ca Franciszka wp\u0142yn\u0119\u0142a&nbsp;<em>Pedagogika uciskanych<\/em>&nbsp;, ksi\u0105\u017cka, kt\u00f3rej celem by\u0142o szerzenie marksizmu w\u015br\u00f3d ch\u0142op\u00f3w Ameryki \u0141aci\u0144skiej.&nbsp;Alinskijczyk lewicowy w Ameryce uwa\u017ca t\u0119 ksi\u0105\u017ck\u0119 za klasyczn\u0105.&nbsp;Autorem ksi\u0105\u017cki jest nie\u017cyj\u0105cy ju\u017c Paulo Freire, a papie\u017c Franciszek postanowi\u0142 odwiedzi\u0107 wdow\u0119 po Freire.&nbsp;Spotkanie zosta\u0142o zorganizowane przez kardyna\u0142a Hummesa, Brazylijczyka, kt\u00f3remu Franciszek przypisuje inspiracj\u0119 do nadania sobie imienia \u015bw. Franciszka.&nbsp;Papie\u017c Franciszek \u201erozwa\u017cy\u0142 spotkanie ze mn\u0105 ze wzgl\u0119du na pisma Paula, ze wzgl\u0119du na znaczenie Paula dla edukacji ludzi uciskanych, biednych, czarnych, kobiet i mniejszo\u015bci\u201d \u2013 powiedzia\u0142a Ana Freire.<\/p>\n\n\n\n<p><strong><em>Artyku\u0142 ten pochodzi z nowej ksi\u0105\u017cki George&#8217;a Neumayra pt.&nbsp;<a href=\"https:\/\/www.amazon.com\/Political-Pope-Delighting-Abandoning-Conservatives\/dp\/1455570168\/ref=sr_1_1?ie=UTF8&amp;qid=1493742098&amp;sr=8-1&amp;keywords=The+Political+Pope\">The Political Pope<\/a>&nbsp;.<\/em><\/strong><\/p>\n\n\n\n<p>\u0179r\u00f3d\u0142o <a href=\"https:\/\/spectator.org\/the-unholy-alliance-between-george-soros-and-pope-francis\/\">https:\/\/spectator.org\/the-unholy-alliance-between-george-soros-and-pope-francis\/<\/a><\/p>\n","protected":false},"excerpt":{"rendered":"<p>Autor, George NeumayrThe American Spectator Wyb\u00f3r liberalnego jezuity na papie\u017ca zachwyci\u0142 Demokrat\u00f3w w Stanach Zjednoczonych, kt\u00f3rych bezbo\u017cny sojusz z lewic\u0105 katolick\u0105 si\u0119ga wielu dziesi\u0119cioleci.&nbsp;Barack Obama, jeden z najwybitniejszych zwolennik\u00f3w papie\u017ca, od dawna jest beneficjentem tego sojuszu.&nbsp;Wydzia\u0142 Jezuit\u00f3w Georgetown University w&#8230; <\/p>\n","protected":false},"author":2,"featured_media":5109,"comment_status":"open","ping_status":"open","sticky":false,"template":"","format":"standard","meta":{"_acf_changed":false,"_bbp_topic_count":0,"_bbp_reply_count":0,"_bbp_total_topic_count":0,"_bbp_total_reply_count":0,"_bbp_voice_count":0,"_bbp_anonymous_reply_count":0,"_bbp_topic_count_hidden":0,"_bbp_reply_count_hidden":0,"_bbp_forum_subforum_count":0,"om_disable_all_campaigns":false,"_monsterinsights_skip_tracking":false,"footnotes":""},"categories":[93],"tags":[],"class_list":["post-5108","post","type-post","status-publish","format-standard","has-post-thumbnail","hentry","category-artykuly"],"acf":[],"aioseo_notices":[],"aioseo_head":"\n\t\t<!-- All in One SEO 5.0.1.1 - aioseo.com -->\n\t<meta name=\"description\" content=\"Autor, George NeumayrThe American Spectator Wyb\u00f3r liberalnego jezuity na papie\u017ca zachwyci\u0142 Demokrat\u00f3w w Stanach Zjednoczonych, kt\u00f3rych bezbo\u017cny sojusz z lewic\u0105 katolick\u0105 si\u0119ga wielu dziesi\u0119cioleci. Barack Obama, jeden z najwybitniejszych zwolennik\u00f3w papie\u017ca, od dawna jest beneficjentem tego sojuszu. Wydzia\u0142 Jezuit\u00f3w Georgetown University w Waszyngtonie zosta\u0142 uznany za jednego z g\u0142\u00f3wnych darczy\u0144c\u00f3w jego kampanii. Jak na ponur\u0105 ironi\u0119, Obama,\" \/>\n\t<meta name=\"robots\" content=\"max-image-preview:large\" \/>\n\t<meta name=\"author\" content=\"trinity\"\/>\n\t<link rel=\"canonical\" href=\"https:\/\/wia.net.pl\/index.php\/2023\/10\/23\/bezbozny-sojusz-miedzy-sorosem-a-papiezem-franciszkiem\/\" \/>\n\t<meta name=\"generator\" content=\"All in One SEO (AIOSEO) 5.0.1.1\" \/>\n\t\t<meta property=\"og:locale\" content=\"pl_PL\" \/>\n\t\t<meta property=\"og:site_name\" content=\"Wolno\u015b\u0107 i Anarchia - Ka\u017cdy wewn\u0119trznie jest anarchist\u0105.\" \/>\n\t\t<meta property=\"og:type\" content=\"article\" \/>\n\t\t<meta property=\"og:title\" content=\"Bezbo\u017cny sojusz mi\u0119dzy Sorosem a papie\u017cem Franciszkiem - Wolno\u015b\u0107 i Anarchia\" \/>\n\t\t<meta property=\"og:description\" content=\"Autor, George NeumayrThe American Spectator Wyb\u00f3r liberalnego jezuity na papie\u017ca zachwyci\u0142 Demokrat\u00f3w w Stanach Zjednoczonych, kt\u00f3rych bezbo\u017cny sojusz z lewic\u0105 katolick\u0105 si\u0119ga wielu dziesi\u0119cioleci. Barack Obama, jeden z najwybitniejszych zwolennik\u00f3w papie\u017ca, od dawna jest beneficjentem tego sojuszu. Wydzia\u0142 Jezuit\u00f3w Georgetown University w Waszyngtonie zosta\u0142 uznany za jednego z g\u0142\u00f3wnych darczy\u0144c\u00f3w jego kampanii. Jak na ponur\u0105 ironi\u0119, Obama,\" \/>\n\t\t<meta property=\"og:url\" content=\"https:\/\/wia.net.pl\/index.php\/2023\/10\/23\/bezbozny-sojusz-miedzy-sorosem-a-papiezem-franciszkiem\/\" \/>\n\t\t<meta property=\"og:image\" content=\"https:\/\/wia.net.pl\/wp-content\/uploads\/2023\/11\/cropped-freedom-i73367.jpg\" \/>\n\t\t<meta property=\"og:image:secure_url\" content=\"https:\/\/wia.net.pl\/wp-content\/uploads\/2023\/11\/cropped-freedom-i73367.jpg\" \/>\n\t\t<meta property=\"article:published_time\" content=\"2023-10-23T13:35:42+00:00\" \/>\n\t\t<meta property=\"article:modified_time\" content=\"2023-10-23T13:36:33+00:00\" \/>\n\t\t<meta name=\"twitter:card\" content=\"summary_large_image\" \/>\n\t\t<meta name=\"twitter:title\" content=\"Bezbo\u017cny sojusz mi\u0119dzy Sorosem a papie\u017cem Franciszkiem - Wolno\u015b\u0107 i Anarchia\" \/>\n\t\t<meta name=\"twitter:description\" content=\"Autor, George NeumayrThe American Spectator Wyb\u00f3r liberalnego jezuity na papie\u017ca zachwyci\u0142 Demokrat\u00f3w w Stanach Zjednoczonych, kt\u00f3rych bezbo\u017cny sojusz z lewic\u0105 katolick\u0105 si\u0119ga wielu dziesi\u0119cioleci. Barack Obama, jeden z najwybitniejszych zwolennik\u00f3w papie\u017ca, od dawna jest beneficjentem tego sojuszu. Wydzia\u0142 Jezuit\u00f3w Georgetown University w Waszyngtonie zosta\u0142 uznany za jednego z g\u0142\u00f3wnych darczy\u0144c\u00f3w jego kampanii. Jak na ponur\u0105 ironi\u0119, Obama,\" \/>\n\t\t<meta name=\"twitter:image\" content=\"https:\/\/wia.net.pl\/wp-content\/uploads\/2023\/11\/cropped-freedom-i73367.jpg\" \/>\n\t\t<script type=\"application\/ld+json\" class=\"aioseo-schema\">\n\t\t\t{\"@context\":\"https:\\\/\\\/schema.org\",\"@graph\":[{\"@type\":\"BlogPosting\",\"@id\":\"https:\\\/\\\/wia.net.pl\\\/index.php\\\/2023\\\/10\\\/23\\\/bezbozny-sojusz-miedzy-sorosem-a-papiezem-franciszkiem\\\/#blogposting\",\"name\":\"Bezbo\\u017cny sojusz mi\\u0119dzy Sorosem a papie\\u017cem Franciszkiem - Wolno\\u015b\\u0107 i Anarchia\",\"headline\":\"Bezbo\\u017cny sojusz mi\\u0119dzy Sorosem a papie\\u017cem Franciszkiem\",\"author\":{\"@id\":\"https:\\\/\\\/wia.net.pl\\\/index.php\\\/author\\\/trinity\\\/#author\"},\"publisher\":{\"@id\":\"https:\\\/\\\/wia.net.pl\\\/#person\"},\"image\":{\"@type\":\"ImageObject\",\"url\":\"https:\\\/\\\/wia.net.pl\\\/wp-content\\\/uploads\\\/2023\\\/10\\\/pope-and-soros.jpg\",\"width\":633,\"height\":354},\"datePublished\":\"2023-10-23T15:35:42+02:00\",\"dateModified\":\"2023-10-23T15:36:33+02:00\",\"inLanguage\":\"pl-PL\",\"mainEntityOfPage\":{\"@id\":\"https:\\\/\\\/wia.net.pl\\\/index.php\\\/2023\\\/10\\\/23\\\/bezbozny-sojusz-miedzy-sorosem-a-papiezem-franciszkiem\\\/#webpage\"},\"isPartOf\":{\"@id\":\"https:\\\/\\\/wia.net.pl\\\/index.php\\\/2023\\\/10\\\/23\\\/bezbozny-sojusz-miedzy-sorosem-a-papiezem-franciszkiem\\\/#webpage\"},\"articleSection\":\"Artyku\\u0142y\"},{\"@type\":\"BreadcrumbList\",\"@id\":\"https:\\\/\\\/wia.net.pl\\\/index.php\\\/2023\\\/10\\\/23\\\/bezbozny-sojusz-miedzy-sorosem-a-papiezem-franciszkiem\\\/#breadcrumblist\",\"itemListElement\":[{\"@type\":\"ListItem\",\"@id\":\"https:\\\/\\\/wia.net.pl#listItem\",\"position\":1,\"name\":\"Home\",\"item\":\"https:\\\/\\\/wia.net.pl\",\"nextItem\":{\"@type\":\"ListItem\",\"@id\":\"https:\\\/\\\/wia.net.pl\\\/index.php\\\/category\\\/artykuly\\\/#listItem\",\"name\":\"Artyku\\u0142y\"}},{\"@type\":\"ListItem\",\"@id\":\"https:\\\/\\\/wia.net.pl\\\/index.php\\\/category\\\/artykuly\\\/#listItem\",\"position\":2,\"name\":\"Artyku\\u0142y\",\"item\":\"https:\\\/\\\/wia.net.pl\\\/index.php\\\/category\\\/artykuly\\\/\",\"nextItem\":{\"@type\":\"ListItem\",\"@id\":\"https:\\\/\\\/wia.net.pl\\\/index.php\\\/2023\\\/10\\\/23\\\/bezbozny-sojusz-miedzy-sorosem-a-papiezem-franciszkiem\\\/#listItem\",\"name\":\"Bezbo\\u017cny sojusz mi\\u0119dzy Sorosem a papie\\u017cem Franciszkiem\"},\"previousItem\":{\"@type\":\"ListItem\",\"@id\":\"https:\\\/\\\/wia.net.pl#listItem\",\"name\":\"Home\"}},{\"@type\":\"ListItem\",\"@id\":\"https:\\\/\\\/wia.net.pl\\\/index.php\\\/2023\\\/10\\\/23\\\/bezbozny-sojusz-miedzy-sorosem-a-papiezem-franciszkiem\\\/#listItem\",\"position\":3,\"name\":\"Bezbo\\u017cny sojusz mi\\u0119dzy Sorosem a papie\\u017cem Franciszkiem\",\"previousItem\":{\"@type\":\"ListItem\",\"@id\":\"https:\\\/\\\/wia.net.pl\\\/index.php\\\/category\\\/artykuly\\\/#listItem\",\"name\":\"Artyku\\u0142y\"}}]},{\"@type\":\"Person\",\"@id\":\"https:\\\/\\\/wia.net.pl\\\/#person\",\"name\":\"Bart\\u0142omiej Talarczyk\",\"image\":{\"@type\":\"ImageObject\",\"@id\":\"https:\\\/\\\/wia.net.pl\\\/index.php\\\/2023\\\/10\\\/23\\\/bezbozny-sojusz-miedzy-sorosem-a-papiezem-franciszkiem\\\/#personImage\",\"url\":\"https:\\\/\\\/wia.net.pl\\\/wp-content\\\/uploads\\\/avatar-privacy\\\/cache\\\/user\\\/1\\\/7\\\/176a6b161c58363ff49b5c167264231f519f5c7fa183ca1f61e891769b6b56d5-96.jpg\",\"width\":96,\"height\":96,\"caption\":\"Bart\\u0142omiej Talarczyk\"}},{\"@type\":\"Person\",\"@id\":\"https:\\\/\\\/wia.net.pl\\\/index.php\\\/author\\\/trinity\\\/#author\",\"url\":\"https:\\\/\\\/wia.net.pl\\\/index.php\\\/author\\\/trinity\\\/\",\"name\":\"trinity\",\"image\":{\"@type\":\"ImageObject\",\"@id\":\"https:\\\/\\\/wia.net.pl\\\/index.php\\\/2023\\\/10\\\/23\\\/bezbozny-sojusz-miedzy-sorosem-a-papiezem-franciszkiem\\\/#authorImage\",\"url\":\"https:\\\/\\\/wia.net.pl\\\/wp-content\\\/uploads\\\/avatar-privacy\\\/cache\\\/user\\\/5\\\/f\\\/5f6547cf82495eaa10e100a6a45d5dbde2dfdc1be88557de2018fca705bdf6f1-96.jpg\",\"width\":96,\"height\":96,\"caption\":\"trinity\"}},{\"@type\":\"WebPage\",\"@id\":\"https:\\\/\\\/wia.net.pl\\\/index.php\\\/2023\\\/10\\\/23\\\/bezbozny-sojusz-miedzy-sorosem-a-papiezem-franciszkiem\\\/#webpage\",\"url\":\"https:\\\/\\\/wia.net.pl\\\/index.php\\\/2023\\\/10\\\/23\\\/bezbozny-sojusz-miedzy-sorosem-a-papiezem-franciszkiem\\\/\",\"name\":\"Bezbo\\u017cny sojusz mi\\u0119dzy Sorosem a papie\\u017cem Franciszkiem - Wolno\\u015b\\u0107 i Anarchia\",\"description\":\"Autor, George NeumayrThe American Spectator Wyb\\u00f3r liberalnego jezuity na papie\\u017ca zachwyci\\u0142 Demokrat\\u00f3w w Stanach Zjednoczonych, kt\\u00f3rych bezbo\\u017cny sojusz z lewic\\u0105 katolick\\u0105 si\\u0119ga wielu dziesi\\u0119cioleci. Barack Obama, jeden z najwybitniejszych zwolennik\\u00f3w papie\\u017ca, od dawna jest beneficjentem tego sojuszu. Wydzia\\u0142 Jezuit\\u00f3w Georgetown University w Waszyngtonie zosta\\u0142 uznany za jednego z g\\u0142\\u00f3wnych darczy\\u0144c\\u00f3w jego kampanii. Jak na ponur\\u0105 ironi\\u0119, Obama,\",\"inLanguage\":\"pl-PL\",\"isPartOf\":{\"@id\":\"https:\\\/\\\/wia.net.pl\\\/#website\"},\"breadcrumb\":{\"@id\":\"https:\\\/\\\/wia.net.pl\\\/index.php\\\/2023\\\/10\\\/23\\\/bezbozny-sojusz-miedzy-sorosem-a-papiezem-franciszkiem\\\/#breadcrumblist\"},\"author\":{\"@id\":\"https:\\\/\\\/wia.net.pl\\\/index.php\\\/author\\\/trinity\\\/#author\"},\"creator\":{\"@id\":\"https:\\\/\\\/wia.net.pl\\\/index.php\\\/author\\\/trinity\\\/#author\"},\"image\":{\"@type\":\"ImageObject\",\"url\":\"https:\\\/\\\/wia.net.pl\\\/wp-content\\\/uploads\\\/2023\\\/10\\\/pope-and-soros.jpg\",\"@id\":\"https:\\\/\\\/wia.net.pl\\\/index.php\\\/2023\\\/10\\\/23\\\/bezbozny-sojusz-miedzy-sorosem-a-papiezem-franciszkiem\\\/#mainImage\",\"width\":633,\"height\":354},\"primaryImageOfPage\":{\"@id\":\"https:\\\/\\\/wia.net.pl\\\/index.php\\\/2023\\\/10\\\/23\\\/bezbozny-sojusz-miedzy-sorosem-a-papiezem-franciszkiem\\\/#mainImage\"},\"datePublished\":\"2023-10-23T15:35:42+02:00\",\"dateModified\":\"2023-10-23T15:36:33+02:00\"},{\"@type\":\"WebSite\",\"@id\":\"https:\\\/\\\/wia.net.pl\\\/#website\",\"url\":\"https:\\\/\\\/wia.net.pl\\\/\",\"name\":\"Wolno\\u015b\\u0107 i Anarchia\",\"description\":\"Ka\\u017cdy wewn\\u0119trznie jest anarchist\\u0105.\",\"inLanguage\":\"pl-PL\",\"publisher\":{\"@id\":\"https:\\\/\\\/wia.net.pl\\\/#person\"}}]}\n\t\t<\/script>\n\t\t<!-- All in One SEO -->\n\n","aioseo_head_json":{"title":"Bezbo\u017cny sojusz mi\u0119dzy Sorosem a papie\u017cem Franciszkiem - Wolno\u015b\u0107 i Anarchia","description":"Autor, George NeumayrThe American Spectator Wyb\u00f3r liberalnego jezuity na papie\u017ca zachwyci\u0142 Demokrat\u00f3w w Stanach Zjednoczonych, kt\u00f3rych bezbo\u017cny sojusz z lewic\u0105 katolick\u0105 si\u0119ga wielu dziesi\u0119cioleci. Barack Obama, jeden z najwybitniejszych zwolennik\u00f3w papie\u017ca, od dawna jest beneficjentem tego sojuszu. Wydzia\u0142 Jezuit\u00f3w Georgetown University w Waszyngtonie zosta\u0142 uznany za jednego z g\u0142\u00f3wnych darczy\u0144c\u00f3w jego kampanii. Jak na ponur\u0105 ironi\u0119, Obama,","canonical_url":"https:\/\/wia.net.pl\/index.php\/2023\/10\/23\/bezbozny-sojusz-miedzy-sorosem-a-papiezem-franciszkiem\/","robots":"max-image-preview:large","keywords":"","webmasterTools":{"miscellaneous":""},"schema":{"@context":"https:\/\/schema.org","@graph":[{"@type":"BlogPosting","@id":"https:\/\/wia.net.pl\/index.php\/2023\/10\/23\/bezbozny-sojusz-miedzy-sorosem-a-papiezem-franciszkiem\/#blogposting","name":"Bezbo\u017cny sojusz mi\u0119dzy Sorosem a papie\u017cem Franciszkiem - Wolno\u015b\u0107 i Anarchia","headline":"Bezbo\u017cny sojusz mi\u0119dzy Sorosem a papie\u017cem Franciszkiem","author":{"@id":"https:\/\/wia.net.pl\/index.php\/author\/trinity\/#author"},"publisher":{"@id":"https:\/\/wia.net.pl\/#person"},"image":{"@type":"ImageObject","url":"https:\/\/wia.net.pl\/wp-content\/uploads\/2023\/10\/pope-and-soros.jpg","width":633,"height":354},"datePublished":"2023-10-23T15:35:42+02:00","dateModified":"2023-10-23T15:36:33+02:00","inLanguage":"pl-PL","mainEntityOfPage":{"@id":"https:\/\/wia.net.pl\/index.php\/2023\/10\/23\/bezbozny-sojusz-miedzy-sorosem-a-papiezem-franciszkiem\/#webpage"},"isPartOf":{"@id":"https:\/\/wia.net.pl\/index.php\/2023\/10\/23\/bezbozny-sojusz-miedzy-sorosem-a-papiezem-franciszkiem\/#webpage"},"articleSection":"Artyku\u0142y"},{"@type":"BreadcrumbList","@id":"https:\/\/wia.net.pl\/index.php\/2023\/10\/23\/bezbozny-sojusz-miedzy-sorosem-a-papiezem-franciszkiem\/#breadcrumblist","itemListElement":[{"@type":"ListItem","@id":"https:\/\/wia.net.pl#listItem","position":1,"name":"Home","item":"https:\/\/wia.net.pl","nextItem":{"@type":"ListItem","@id":"https:\/\/wia.net.pl\/index.php\/category\/artykuly\/#listItem","name":"Artyku\u0142y"}},{"@type":"ListItem","@id":"https:\/\/wia.net.pl\/index.php\/category\/artykuly\/#listItem","position":2,"name":"Artyku\u0142y","item":"https:\/\/wia.net.pl\/index.php\/category\/artykuly\/","nextItem":{"@type":"ListItem","@id":"https:\/\/wia.net.pl\/index.php\/2023\/10\/23\/bezbozny-sojusz-miedzy-sorosem-a-papiezem-franciszkiem\/#listItem","name":"Bezbo\u017cny sojusz mi\u0119dzy Sorosem a papie\u017cem Franciszkiem"},"previousItem":{"@type":"ListItem","@id":"https:\/\/wia.net.pl#listItem","name":"Home"}},{"@type":"ListItem","@id":"https:\/\/wia.net.pl\/index.php\/2023\/10\/23\/bezbozny-sojusz-miedzy-sorosem-a-papiezem-franciszkiem\/#listItem","position":3,"name":"Bezbo\u017cny sojusz mi\u0119dzy Sorosem a papie\u017cem Franciszkiem","previousItem":{"@type":"ListItem","@id":"https:\/\/wia.net.pl\/index.php\/category\/artykuly\/#listItem","name":"Artyku\u0142y"}}]},{"@type":"Person","@id":"https:\/\/wia.net.pl\/#person","name":"Bart\u0142omiej Talarczyk","image":{"@type":"ImageObject","@id":"https:\/\/wia.net.pl\/index.php\/2023\/10\/23\/bezbozny-sojusz-miedzy-sorosem-a-papiezem-franciszkiem\/#personImage","url":"https:\/\/wia.net.pl\/wp-content\/uploads\/avatar-privacy\/cache\/user\/1\/7\/176a6b161c58363ff49b5c167264231f519f5c7fa183ca1f61e891769b6b56d5-96.jpg","width":96,"height":96,"caption":"Bart\u0142omiej Talarczyk"}},{"@type":"Person","@id":"https:\/\/wia.net.pl\/index.php\/author\/trinity\/#author","url":"https:\/\/wia.net.pl\/index.php\/author\/trinity\/","name":"trinity","image":{"@type":"ImageObject","@id":"https:\/\/wia.net.pl\/index.php\/2023\/10\/23\/bezbozny-sojusz-miedzy-sorosem-a-papiezem-franciszkiem\/#authorImage","url":"https:\/\/wia.net.pl\/wp-content\/uploads\/avatar-privacy\/cache\/user\/5\/f\/5f6547cf82495eaa10e100a6a45d5dbde2dfdc1be88557de2018fca705bdf6f1-96.jpg","width":96,"height":96,"caption":"trinity"}},{"@type":"WebPage","@id":"https:\/\/wia.net.pl\/index.php\/2023\/10\/23\/bezbozny-sojusz-miedzy-sorosem-a-papiezem-franciszkiem\/#webpage","url":"https:\/\/wia.net.pl\/index.php\/2023\/10\/23\/bezbozny-sojusz-miedzy-sorosem-a-papiezem-franciszkiem\/","name":"Bezbo\u017cny sojusz mi\u0119dzy Sorosem a papie\u017cem Franciszkiem - Wolno\u015b\u0107 i Anarchia","description":"Autor, George NeumayrThe American Spectator Wyb\u00f3r liberalnego jezuity na papie\u017ca zachwyci\u0142 Demokrat\u00f3w w Stanach Zjednoczonych, kt\u00f3rych bezbo\u017cny sojusz z lewic\u0105 katolick\u0105 si\u0119ga wielu dziesi\u0119cioleci. Barack Obama, jeden z najwybitniejszych zwolennik\u00f3w papie\u017ca, od dawna jest beneficjentem tego sojuszu. Wydzia\u0142 Jezuit\u00f3w Georgetown University w Waszyngtonie zosta\u0142 uznany za jednego z g\u0142\u00f3wnych darczy\u0144c\u00f3w jego kampanii. Jak na ponur\u0105 ironi\u0119, Obama,","inLanguage":"pl-PL","isPartOf":{"@id":"https:\/\/wia.net.pl\/#website"},"breadcrumb":{"@id":"https:\/\/wia.net.pl\/index.php\/2023\/10\/23\/bezbozny-sojusz-miedzy-sorosem-a-papiezem-franciszkiem\/#breadcrumblist"},"author":{"@id":"https:\/\/wia.net.pl\/index.php\/author\/trinity\/#author"},"creator":{"@id":"https:\/\/wia.net.pl\/index.php\/author\/trinity\/#author"},"image":{"@type":"ImageObject","url":"https:\/\/wia.net.pl\/wp-content\/uploads\/2023\/10\/pope-and-soros.jpg","@id":"https:\/\/wia.net.pl\/index.php\/2023\/10\/23\/bezbozny-sojusz-miedzy-sorosem-a-papiezem-franciszkiem\/#mainImage","width":633,"height":354},"primaryImageOfPage":{"@id":"https:\/\/wia.net.pl\/index.php\/2023\/10\/23\/bezbozny-sojusz-miedzy-sorosem-a-papiezem-franciszkiem\/#mainImage"},"datePublished":"2023-10-23T15:35:42+02:00","dateModified":"2023-10-23T15:36:33+02:00"},{"@type":"WebSite","@id":"https:\/\/wia.net.pl\/#website","url":"https:\/\/wia.net.pl\/","name":"Wolno\u015b\u0107 i Anarchia","description":"Ka\u017cdy wewn\u0119trznie jest anarchist\u0105.","inLanguage":"pl-PL","publisher":{"@id":"https:\/\/wia.net.pl\/#person"}}]},"og:locale":"pl_PL","og:site_name":"Wolno\u015b\u0107 i Anarchia - Ka\u017cdy wewn\u0119trznie jest anarchist\u0105.","og:type":"article","og:title":"Bezbo\u017cny sojusz mi\u0119dzy Sorosem a papie\u017cem Franciszkiem - Wolno\u015b\u0107 i Anarchia","og:description":"Autor, George NeumayrThe American Spectator Wyb\u00f3r liberalnego jezuity na papie\u017ca zachwyci\u0142 Demokrat\u00f3w w Stanach Zjednoczonych, kt\u00f3rych bezbo\u017cny sojusz z lewic\u0105 katolick\u0105 si\u0119ga wielu dziesi\u0119cioleci. Barack Obama, jeden z najwybitniejszych zwolennik\u00f3w papie\u017ca, od dawna jest beneficjentem tego sojuszu. Wydzia\u0142 Jezuit\u00f3w Georgetown University w Waszyngtonie zosta\u0142 uznany za jednego z g\u0142\u00f3wnych darczy\u0144c\u00f3w jego kampanii. Jak na ponur\u0105 ironi\u0119, Obama,","og:url":"https:\/\/wia.net.pl\/index.php\/2023\/10\/23\/bezbozny-sojusz-miedzy-sorosem-a-papiezem-franciszkiem\/","og:image":"https:\/\/wia.net.pl\/wp-content\/uploads\/2023\/11\/cropped-freedom-i73367.jpg","og:image:secure_url":"https:\/\/wia.net.pl\/wp-content\/uploads\/2023\/11\/cropped-freedom-i73367.jpg","article:published_time":"2023-10-23T13:35:42+00:00","article:modified_time":"2023-10-23T13:36:33+00:00","twitter:card":"summary_large_image","twitter:title":"Bezbo\u017cny sojusz mi\u0119dzy Sorosem a papie\u017cem Franciszkiem - Wolno\u015b\u0107 i Anarchia","twitter:description":"Autor, George NeumayrThe American Spectator Wyb\u00f3r liberalnego jezuity na papie\u017ca zachwyci\u0142 Demokrat\u00f3w w Stanach Zjednoczonych, kt\u00f3rych bezbo\u017cny sojusz z lewic\u0105 katolick\u0105 si\u0119ga wielu dziesi\u0119cioleci. Barack Obama, jeden z najwybitniejszych zwolennik\u00f3w papie\u017ca, od dawna jest beneficjentem tego sojuszu. Wydzia\u0142 Jezuit\u00f3w Georgetown University w Waszyngtonie zosta\u0142 uznany za jednego z g\u0142\u00f3wnych darczy\u0144c\u00f3w jego kampanii. Jak na ponur\u0105 ironi\u0119, Obama,","twitter:image":"https:\/\/wia.net.pl\/wp-content\/uploads\/2023\/11\/cropped-freedom-i73367.jpg"},"aioseo_meta_data":{"post_id":"5108","title":null,"description":null,"keywords":[],"keyphrases":{"focus":{"keyphrase":"","score":0,"analysis":{"keyphraseInTitle":{"score":0,"maxScore":9,"error":1}}},"additional":[]},"primary_term":null,"canonical_url":null,"og_title":null,"og_description":null,"og_object_type":"default","og_image_type":"default","og_image_url":null,"og_image_width":null,"og_image_height":null,"og_image_custom_url":null,"og_image_custom_fields":null,"og_video":"","og_custom_url":null,"og_article_section":null,"og_article_tags":[],"twitter_use_og":false,"twitter_card":"default","twitter_image_type":"default","twitter_image_url":null,"twitter_image_custom_url":null,"twitter_image_custom_fields":null,"twitter_title":null,"twitter_description":null,"schema":{"blockGraphs":[],"customGraphs":[],"default":{"data":{"Article":[],"Course":[],"Dataset":[],"FAQPage":[],"Movie":[],"Person":[],"Product":[],"ProductReview":[],"Car":[],"Recipe":[],"Service":[],"SoftwareApplication":[],"WebPage":[]},"graphName":"BlogPosting","isEnabled":true},"graphs":[]},"schema_type":"default","schema_type_options":null,"pillar_content":false,"robots_default":true,"robots_noindex":false,"robots_noarchive":false,"robots_nosnippet":false,"robots_nofollow":false,"robots_noimageindex":false,"robots_noodp":false,"robots_notranslate":false,"robots_max_snippet":"-1","robots_max_videopreview":"-1","robots_max_imagepreview":"large","priority":null,"frequency":"default","local_seo":null,"breadcrumb_settings":null,"limit_modified_date":false,"ai":null,"created":"2023-10-23 13:35:43","updated":"2025-06-04 09:35:52","seo_analyzer_scan_date":null,"focus_keyword":null,"additional_keywords":null,"truseo_locale":null},"aioseo_breadcrumb":"<div class=\"aioseo-breadcrumbs\"><span class=\"aioseo-breadcrumb\">\n\t\t\t<a href=\"https:\/\/wia.net.pl\" title=\"Home\">Home<\/a>\n\t\t<\/span><span class=\"aioseo-breadcrumb-separator\">&raquo;<\/span><span class=\"aioseo-breadcrumb\">\n\t\t\t<a href=\"https:\/\/wia.net.pl\/index.php\/category\/artykuly\/\" title=\"Artyku\u0142y\">Artyku\u0142y<\/a>\n\t\t<\/span><span class=\"aioseo-breadcrumb-separator\">&raquo;<\/span><span class=\"aioseo-breadcrumb\">\n\t\t\tBezbo\u017cny sojusz mi\u0119dzy Sorosem a papie\u017cem Franciszkiem\n\t\t<\/span><\/div>","aioseo_breadcrumb_json":[{"label":"Home","link":"https:\/\/wia.net.pl"},{"label":"Artyku\u0142y","link":"https:\/\/wia.net.pl\/index.php\/category\/artykuly\/"},{"label":"Bezbo\u017cny sojusz mi\u0119dzy Sorosem a papie\u017cem Franciszkiem","link":"https:\/\/wia.net.pl\/index.php\/2023\/10\/23\/bezbozny-sojusz-miedzy-sorosem-a-papiezem-franciszkiem\/"}],"_links":{"self":[{"href":"https:\/\/wia.net.pl\/index.php\/wp-json\/wp\/v2\/posts\/5108"}],"collection":[{"href":"https:\/\/wia.net.pl\/index.php\/wp-json\/wp\/v2\/posts"}],"about":[{"href":"https:\/\/wia.net.pl\/index.php\/wp-json\/wp\/v2\/types\/post"}],"author":[{"embeddable":true,"href":"https:\/\/wia.net.pl\/index.php\/wp-json\/wp\/v2\/users\/2"}],"replies":[{"embeddable":true,"href":"https:\/\/wia.net.pl\/index.php\/wp-json\/wp\/v2\/comments?post=5108"}],"version-history":[{"count":2,"href":"https:\/\/wia.net.pl\/index.php\/wp-json\/wp\/v2\/posts\/5108\/revisions"}],"predecessor-version":[{"id":5111,"href":"https:\/\/wia.net.pl\/index.php\/wp-json\/wp\/v2\/posts\/5108\/revisions\/5111"}],"wp:featuredmedia":[{"embeddable":true,"href":"https:\/\/wia.net.pl\/index.php\/wp-json\/wp\/v2\/media\/5109"}],"wp:attachment":[{"href":"https:\/\/wia.net.pl\/index.php\/wp-json\/wp\/v2\/media?parent=5108"}],"wp:term":[{"taxonomy":"category","embeddable":true,"href":"https:\/\/wia.net.pl\/index.php\/wp-json\/wp\/v2\/categories?post=5108"},{"taxonomy":"post_tag","embeddable":true,"href":"https:\/\/wia.net.pl\/index.php\/wp-json\/wp\/v2\/tags?post=5108"}],"curies":[{"name":"wp","href":"https:\/\/api.w.org\/{rel}","templated":true}]}}