{"id":5115,"date":"2023-10-24T11:19:40","date_gmt":"2023-10-24T09:19:40","guid":{"rendered":"https:\/\/wia.net.pl\/?p=5115"},"modified":"2023-10-24T13:03:58","modified_gmt":"2023-10-24T11:03:58","slug":"rabin-finkelstein-rzeczywistosc-i-agenda-syjonistyczna","status":"publish","type":"post","link":"https:\/\/wia.net.pl\/index.php\/2023\/10\/24\/rabin-finkelstein-rzeczywistosc-i-agenda-syjonistyczna\/","title":{"rendered":"Rabin Finkelstein &#8211; Rzeczywisto\u015b\u0107 i Agenda Syjonistyczna"},"content":{"rendered":"<p><iframe loading=\"lazy\" id=\"odysee-iframe\" width=\"560\" height=\"315\" src=\"https:\/\/odysee.com\/$\/embed\/@wolnoscanarchia:d\/Rabin-Final-Final:5?r=DWauvCpEiJR4DKxA1zwS5TPk72zxrrm9\" allowfullscreen><\/iframe><\/p>\n\n\n\n<p>Wywiad z rabinem Abe Finkelsteinem z 2015 roku.<br>Rabin Finkelstein m\u00f3wi, \u017ce ich tradycja krwawych ofiar trwa od tysi\u0119cy lat. \u201eZabieramy dzieci wroga, kt\u00f3rym jest rasa bia\u0142a, sprowadzamy je do piwnic synagog, gdzie je osuszamy, na wz\u00f3r koszernego rzezi. Nast\u0119pnie wysy\u0142amy je do maszyn do mielenia mi\u0119sa, gdzie trafiaj\u0105 do hamburger\u00f3w i kie\u0142basek w McDonald\u2019s.\u201d Wyja\u015bnia, \u017ce te dzieci s\u0105 wysy\u0142ane do maszyn do mielenia mi\u0119sa i sprzedawane McDonald\u2019s z zyskiem. Poniewa\u017c wi\u0119kszo\u015b\u0107 tych zak\u0142ad\u00f3w mielenia mi\u0119sa znajduje si\u0119 na granicy z Meksykiem, wielu pracownik\u00f3w to nielegalni imigranci i s\u0105 sk\u0142onni trzyma\u0107 buzi\u0119 na k\u0142\u00f3dk\u0119 na temat tych informacji, poniewa\u017c dobrze zarabiaj\u0105, wysy\u0142aj\u0105c je do domu, do swoich rodzin.<br>Rabin Finkelstein nie ma problemu z powiedzeniem ankieterowi: \u201eKa\u017cdego dnia zjadasz swoje dzieci\u201d. W jakim niepokoj\u0105cym, chorym \u015bwiecie \u017cyjemy, gdzie jest to do zaakceptowania cho\u0107by przez jednego cz\u0142owieka.<br>\u0179r\u00f3d\u0142o <a href=\"https:\/\/rumble.com\/v30uo1e-rabbi-abe-finkelstein-and-james-wickstrom.-the-rabbi-speaks-about-blood-sac.html\">https:\/\/rumble.com\/v30uo1e-rabbi-abe-finkelstein-and-james-wickstrom.-the-rabbi-speaks-about-blood-sac.html<\/a><br><\/p>\n\n\n\n<p>Je\u015bli uwa\u017casz, \u017ce nasze materia\u0142y s\u0105 warto\u015bciowe dla ciebie wesprzyj nasz\u0105 dzia\u0142alno\u015b\u0107:<\/p>\n\n\n\n<p>PKO BANK POLSKI SA<br>16 1020 1811 0000 0602 0352 2836<br>Bart\u0142omiej Talarczyk<br>Tytu\u0142em: Darowizna<\/p>\n\n\n\n<p>Dla zagranicy:<\/p>\n\n\n\n<p>BIC: BPKOPLPW<br>IBAN: PL 16 1020 1811 0000 0602 0352 2836<br>Bart\u0142omiej Talarczyk<br>Tytu\u0142em: Darowizna<\/p>\n\n\n\n<p>Lub:<\/p>\n\n\n\n<p>http:\/\/revolut.me\/bartom8xgl<\/p>\n\n\n\n<p>BIC: REVOLT21<br>IBAN: LT363250084896211187<br>Bart\u0142omiej Talarczyk<br>Tytu\u0142em: Darowizna<\/p>\n\n\n\n<p>PayPal:<\/p>\n\n\n\n<p>tbfordv8@gmail.com<\/p>\n","protected":false},"excerpt":{"rendered":"<p>Wywiad z rabinem Abe Finkelsteinem z 2015 roku.Rabin Finkelstein m\u00f3wi, \u017ce ich tradycja krwawych ofiar trwa od tysi\u0119cy lat. \u201eZabieramy dzieci wroga, kt\u00f3rym jest rasa bia\u0142a, sprowadzamy je do piwnic synagog, gdzie je osuszamy, na wz\u00f3r koszernego rzezi. Nast\u0119pnie wysy\u0142amy&#8230; <\/p>\n","protected":false},"author":2,"featured_media":5116,"comment_status":"open","ping_status":"open","sticky":false,"template":"","format":"standard","meta":{"_acf_changed":false,"_bbp_topic_count":0,"_bbp_reply_count":0,"_bbp_total_topic_count":0,"_bbp_total_reply_count":0,"_bbp_voice_count":0,"_bbp_anonymous_reply_count":0,"_bbp_topic_count_hidden":0,"_bbp_reply_count_hidden":0,"_bbp_forum_subforum_count":0,"om_disable_all_campaigns":false,"_monsterinsights_skip_tracking":false,"footnotes":""},"categories":[13],"tags":[],"class_list":["post-5115","post","type-post","status-publish","format-standard","has-post-thumbnail","hentry","category-prawdaoswiecie"],"acf":[],"aioseo_notices":[],"aioseo_head":"\n\t\t<!-- All in One SEO 5.0.1.1 - aioseo.com -->\n\t<meta name=\"description\" content=\"Wywiad z rabinem Abe Finkelsteinem z 2015 roku.Rabin Finkelstein m\u00f3wi, \u017ce ich tradycja krwawych ofiar trwa od tysi\u0119cy lat. \u201eZabieramy dzieci wroga, kt\u00f3rym jest rasa bia\u0142a, sprowadzamy je do piwnic synagog, gdzie je osuszamy, na wz\u00f3r koszernego rzezi. Nast\u0119pnie wysy\u0142amy je do maszyn do mielenia mi\u0119sa, gdzie trafiaj\u0105 do hamburger\u00f3w i kie\u0142basek w McDonald\u2019s.\u201d Wyja\u015bnia,\" \/>\n\t<meta name=\"robots\" content=\"max-image-preview:large\" \/>\n\t<meta name=\"author\" content=\"trinity\"\/>\n\t<link rel=\"canonical\" href=\"https:\/\/wia.net.pl\/index.php\/2023\/10\/24\/rabin-finkelstein-rzeczywistosc-i-agenda-syjonistyczna\/\" \/>\n\t<meta name=\"generator\" content=\"All in One SEO (AIOSEO) 5.0.1.1\" \/>\n\t\t<meta property=\"og:locale\" content=\"pl_PL\" \/>\n\t\t<meta property=\"og:site_name\" content=\"Wolno\u015b\u0107 i Anarchia - Ka\u017cdy wewn\u0119trznie jest anarchist\u0105.\" \/>\n\t\t<meta property=\"og:type\" content=\"article\" \/>\n\t\t<meta property=\"og:title\" content=\"Rabin Finkelstein \u2013 Rzeczywisto\u015b\u0107 i Agenda Syjonistyczna - Wolno\u015b\u0107 i Anarchia\" \/>\n\t\t<meta property=\"og:description\" content=\"Wywiad z rabinem Abe Finkelsteinem z 2015 roku.Rabin Finkelstein m\u00f3wi, \u017ce ich tradycja krwawych ofiar trwa od tysi\u0119cy lat. \u201eZabieramy dzieci wroga, kt\u00f3rym jest rasa bia\u0142a, sprowadzamy je do piwnic synagog, gdzie je osuszamy, na wz\u00f3r koszernego rzezi. Nast\u0119pnie wysy\u0142amy je do maszyn do mielenia mi\u0119sa, gdzie trafiaj\u0105 do hamburger\u00f3w i kie\u0142basek w McDonald\u2019s.\u201d Wyja\u015bnia,\" \/>\n\t\t<meta property=\"og:url\" content=\"https:\/\/wia.net.pl\/index.php\/2023\/10\/24\/rabin-finkelstein-rzeczywistosc-i-agenda-syjonistyczna\/\" \/>\n\t\t<meta property=\"og:image\" content=\"https:\/\/wia.net.pl\/wp-content\/uploads\/2023\/11\/cropped-freedom-i73367.jpg\" \/>\n\t\t<meta property=\"og:image:secure_url\" content=\"https:\/\/wia.net.pl\/wp-content\/uploads\/2023\/11\/cropped-freedom-i73367.jpg\" \/>\n\t\t<meta property=\"article:published_time\" content=\"2023-10-24T09:19:40+00:00\" \/>\n\t\t<meta property=\"article:modified_time\" content=\"2023-10-24T11:03:58+00:00\" \/>\n\t\t<meta name=\"twitter:card\" content=\"summary_large_image\" \/>\n\t\t<meta name=\"twitter:title\" content=\"Rabin Finkelstein \u2013 Rzeczywisto\u015b\u0107 i Agenda Syjonistyczna - Wolno\u015b\u0107 i Anarchia\" \/>\n\t\t<meta name=\"twitter:description\" content=\"Wywiad z rabinem Abe Finkelsteinem z 2015 roku.Rabin Finkelstein m\u00f3wi, \u017ce ich tradycja krwawych ofiar trwa od tysi\u0119cy lat. \u201eZabieramy dzieci wroga, kt\u00f3rym jest rasa bia\u0142a, sprowadzamy je do piwnic synagog, gdzie je osuszamy, na wz\u00f3r koszernego rzezi. Nast\u0119pnie wysy\u0142amy je do maszyn do mielenia mi\u0119sa, gdzie trafiaj\u0105 do hamburger\u00f3w i kie\u0142basek w McDonald\u2019s.\u201d Wyja\u015bnia,\" \/>\n\t\t<meta name=\"twitter:image\" content=\"https:\/\/wia.net.pl\/wp-content\/uploads\/2023\/11\/cropped-freedom-i73367.jpg\" \/>\n\t\t<script type=\"application\/ld+json\" class=\"aioseo-schema\">\n\t\t\t{\"@context\":\"https:\\\/\\\/schema.org\",\"@graph\":[{\"@type\":\"BlogPosting\",\"@id\":\"https:\\\/\\\/wia.net.pl\\\/index.php\\\/2023\\\/10\\\/24\\\/rabin-finkelstein-rzeczywistosc-i-agenda-syjonistyczna\\\/#blogposting\",\"name\":\"Rabin Finkelstein \\u2013 Rzeczywisto\\u015b\\u0107 i Agenda Syjonistyczna - Wolno\\u015b\\u0107 i Anarchia\",\"headline\":\"Rabin Finkelstein &#8211; Rzeczywisto\\u015b\\u0107 i Agenda Syjonistyczna\",\"author\":{\"@id\":\"https:\\\/\\\/wia.net.pl\\\/index.php\\\/author\\\/trinity\\\/#author\"},\"publisher\":{\"@id\":\"https:\\\/\\\/wia.net.pl\\\/#person\"},\"image\":{\"@type\":\"ImageObject\",\"url\":\"https:\\\/\\\/wia.net.pl\\\/wp-content\\\/uploads\\\/2023\\\/10\\\/photo_5888483687501250916_y.jpg\",\"width\":1280,\"height\":720},\"datePublished\":\"2023-10-24T11:19:40+02:00\",\"dateModified\":\"2023-10-24T13:03:58+02:00\",\"inLanguage\":\"pl-PL\",\"commentCount\":5,\"mainEntityOfPage\":{\"@id\":\"https:\\\/\\\/wia.net.pl\\\/index.php\\\/2023\\\/10\\\/24\\\/rabin-finkelstein-rzeczywistosc-i-agenda-syjonistyczna\\\/#webpage\"},\"isPartOf\":{\"@id\":\"https:\\\/\\\/wia.net.pl\\\/index.php\\\/2023\\\/10\\\/24\\\/rabin-finkelstein-rzeczywistosc-i-agenda-syjonistyczna\\\/#webpage\"},\"articleSection\":\"Prawda o \\u015bwiecie\"},{\"@type\":\"BreadcrumbList\",\"@id\":\"https:\\\/\\\/wia.net.pl\\\/index.php\\\/2023\\\/10\\\/24\\\/rabin-finkelstein-rzeczywistosc-i-agenda-syjonistyczna\\\/#breadcrumblist\",\"itemListElement\":[{\"@type\":\"ListItem\",\"@id\":\"https:\\\/\\\/wia.net.pl#listItem\",\"position\":1,\"name\":\"Home\",\"item\":\"https:\\\/\\\/wia.net.pl\",\"nextItem\":{\"@type\":\"ListItem\",\"@id\":\"https:\\\/\\\/wia.net.pl\\\/index.php\\\/category\\\/prawdaoswiecie\\\/#listItem\",\"name\":\"Prawda o \\u015bwiecie\"}},{\"@type\":\"ListItem\",\"@id\":\"https:\\\/\\\/wia.net.pl\\\/index.php\\\/category\\\/prawdaoswiecie\\\/#listItem\",\"position\":2,\"name\":\"Prawda o \\u015bwiecie\",\"item\":\"https:\\\/\\\/wia.net.pl\\\/index.php\\\/category\\\/prawdaoswiecie\\\/\",\"nextItem\":{\"@type\":\"ListItem\",\"@id\":\"https:\\\/\\\/wia.net.pl\\\/index.php\\\/2023\\\/10\\\/24\\\/rabin-finkelstein-rzeczywistosc-i-agenda-syjonistyczna\\\/#listItem\",\"name\":\"Rabin Finkelstein &#8211; Rzeczywisto\\u015b\\u0107 i Agenda Syjonistyczna\"},\"previousItem\":{\"@type\":\"ListItem\",\"@id\":\"https:\\\/\\\/wia.net.pl#listItem\",\"name\":\"Home\"}},{\"@type\":\"ListItem\",\"@id\":\"https:\\\/\\\/wia.net.pl\\\/index.php\\\/2023\\\/10\\\/24\\\/rabin-finkelstein-rzeczywistosc-i-agenda-syjonistyczna\\\/#listItem\",\"position\":3,\"name\":\"Rabin Finkelstein &#8211; Rzeczywisto\\u015b\\u0107 i Agenda Syjonistyczna\",\"previousItem\":{\"@type\":\"ListItem\",\"@id\":\"https:\\\/\\\/wia.net.pl\\\/index.php\\\/category\\\/prawdaoswiecie\\\/#listItem\",\"name\":\"Prawda o \\u015bwiecie\"}}]},{\"@type\":\"Person\",\"@id\":\"https:\\\/\\\/wia.net.pl\\\/#person\",\"name\":\"Bart\\u0142omiej Talarczyk\",\"image\":{\"@type\":\"ImageObject\",\"@id\":\"https:\\\/\\\/wia.net.pl\\\/index.php\\\/2023\\\/10\\\/24\\\/rabin-finkelstein-rzeczywistosc-i-agenda-syjonistyczna\\\/#personImage\",\"url\":\"https:\\\/\\\/wia.net.pl\\\/wp-content\\\/uploads\\\/avatar-privacy\\\/cache\\\/user\\\/1\\\/7\\\/176a6b161c58363ff49b5c167264231f519f5c7fa183ca1f61e891769b6b56d5-96.jpg\",\"width\":96,\"height\":96,\"caption\":\"Bart\\u0142omiej Talarczyk\"}},{\"@type\":\"Person\",\"@id\":\"https:\\\/\\\/wia.net.pl\\\/index.php\\\/author\\\/trinity\\\/#author\",\"url\":\"https:\\\/\\\/wia.net.pl\\\/index.php\\\/author\\\/trinity\\\/\",\"name\":\"trinity\",\"image\":{\"@type\":\"ImageObject\",\"@id\":\"https:\\\/\\\/wia.net.pl\\\/index.php\\\/2023\\\/10\\\/24\\\/rabin-finkelstein-rzeczywistosc-i-agenda-syjonistyczna\\\/#authorImage\",\"url\":\"https:\\\/\\\/wia.net.pl\\\/wp-content\\\/uploads\\\/avatar-privacy\\\/cache\\\/user\\\/5\\\/f\\\/5f6547cf82495eaa10e100a6a45d5dbde2dfdc1be88557de2018fca705bdf6f1-96.jpg\",\"width\":96,\"height\":96,\"caption\":\"trinity\"}},{\"@type\":\"WebPage\",\"@id\":\"https:\\\/\\\/wia.net.pl\\\/index.php\\\/2023\\\/10\\\/24\\\/rabin-finkelstein-rzeczywistosc-i-agenda-syjonistyczna\\\/#webpage\",\"url\":\"https:\\\/\\\/wia.net.pl\\\/index.php\\\/2023\\\/10\\\/24\\\/rabin-finkelstein-rzeczywistosc-i-agenda-syjonistyczna\\\/\",\"name\":\"Rabin Finkelstein \\u2013 Rzeczywisto\\u015b\\u0107 i Agenda Syjonistyczna - Wolno\\u015b\\u0107 i Anarchia\",\"description\":\"Wywiad z rabinem Abe Finkelsteinem z 2015 roku.Rabin Finkelstein m\\u00f3wi, \\u017ce ich tradycja krwawych ofiar trwa od tysi\\u0119cy lat. \\u201eZabieramy dzieci wroga, kt\\u00f3rym jest rasa bia\\u0142a, sprowadzamy je do piwnic synagog, gdzie je osuszamy, na wz\\u00f3r koszernego rzezi. Nast\\u0119pnie wysy\\u0142amy je do maszyn do mielenia mi\\u0119sa, gdzie trafiaj\\u0105 do hamburger\\u00f3w i kie\\u0142basek w McDonald\\u2019s.\\u201d Wyja\\u015bnia,\",\"inLanguage\":\"pl-PL\",\"isPartOf\":{\"@id\":\"https:\\\/\\\/wia.net.pl\\\/#website\"},\"breadcrumb\":{\"@id\":\"https:\\\/\\\/wia.net.pl\\\/index.php\\\/2023\\\/10\\\/24\\\/rabin-finkelstein-rzeczywistosc-i-agenda-syjonistyczna\\\/#breadcrumblist\"},\"author\":{\"@id\":\"https:\\\/\\\/wia.net.pl\\\/index.php\\\/author\\\/trinity\\\/#author\"},\"creator\":{\"@id\":\"https:\\\/\\\/wia.net.pl\\\/index.php\\\/author\\\/trinity\\\/#author\"},\"image\":{\"@type\":\"ImageObject\",\"url\":\"https:\\\/\\\/wia.net.pl\\\/wp-content\\\/uploads\\\/2023\\\/10\\\/photo_5888483687501250916_y.jpg\",\"@id\":\"https:\\\/\\\/wia.net.pl\\\/index.php\\\/2023\\\/10\\\/24\\\/rabin-finkelstein-rzeczywistosc-i-agenda-syjonistyczna\\\/#mainImage\",\"width\":1280,\"height\":720},\"primaryImageOfPage\":{\"@id\":\"https:\\\/\\\/wia.net.pl\\\/index.php\\\/2023\\\/10\\\/24\\\/rabin-finkelstein-rzeczywistosc-i-agenda-syjonistyczna\\\/#mainImage\"},\"datePublished\":\"2023-10-24T11:19:40+02:00\",\"dateModified\":\"2023-10-24T13:03:58+02:00\"},{\"@type\":\"WebSite\",\"@id\":\"https:\\\/\\\/wia.net.pl\\\/#website\",\"url\":\"https:\\\/\\\/wia.net.pl\\\/\",\"name\":\"Wolno\\u015b\\u0107 i Anarchia\",\"description\":\"Ka\\u017cdy wewn\\u0119trznie jest anarchist\\u0105.\",\"inLanguage\":\"pl-PL\",\"publisher\":{\"@id\":\"https:\\\/\\\/wia.net.pl\\\/#person\"}}]}\n\t\t<\/script>\n\t\t<!-- All in One SEO -->\n\n","aioseo_head_json":{"title":"Rabin Finkelstein \u2013 Rzeczywisto\u015b\u0107 i Agenda Syjonistyczna - Wolno\u015b\u0107 i Anarchia","description":"Wywiad z rabinem Abe Finkelsteinem z 2015 roku.Rabin Finkelstein m\u00f3wi, \u017ce ich tradycja krwawych ofiar trwa od tysi\u0119cy lat. \u201eZabieramy dzieci wroga, kt\u00f3rym jest rasa bia\u0142a, sprowadzamy je do piwnic synagog, gdzie je osuszamy, na wz\u00f3r koszernego rzezi. Nast\u0119pnie wysy\u0142amy je do maszyn do mielenia mi\u0119sa, gdzie trafiaj\u0105 do hamburger\u00f3w i kie\u0142basek w McDonald\u2019s.\u201d Wyja\u015bnia,","canonical_url":"https:\/\/wia.net.pl\/index.php\/2023\/10\/24\/rabin-finkelstein-rzeczywistosc-i-agenda-syjonistyczna\/","robots":"max-image-preview:large","keywords":"","webmasterTools":{"miscellaneous":""},"schema":{"@context":"https:\/\/schema.org","@graph":[{"@type":"BlogPosting","@id":"https:\/\/wia.net.pl\/index.php\/2023\/10\/24\/rabin-finkelstein-rzeczywistosc-i-agenda-syjonistyczna\/#blogposting","name":"Rabin Finkelstein \u2013 Rzeczywisto\u015b\u0107 i Agenda Syjonistyczna - Wolno\u015b\u0107 i Anarchia","headline":"Rabin Finkelstein &#8211; Rzeczywisto\u015b\u0107 i Agenda Syjonistyczna","author":{"@id":"https:\/\/wia.net.pl\/index.php\/author\/trinity\/#author"},"publisher":{"@id":"https:\/\/wia.net.pl\/#person"},"image":{"@type":"ImageObject","url":"https:\/\/wia.net.pl\/wp-content\/uploads\/2023\/10\/photo_5888483687501250916_y.jpg","width":1280,"height":720},"datePublished":"2023-10-24T11:19:40+02:00","dateModified":"2023-10-24T13:03:58+02:00","inLanguage":"pl-PL","commentCount":5,"mainEntityOfPage":{"@id":"https:\/\/wia.net.pl\/index.php\/2023\/10\/24\/rabin-finkelstein-rzeczywistosc-i-agenda-syjonistyczna\/#webpage"},"isPartOf":{"@id":"https:\/\/wia.net.pl\/index.php\/2023\/10\/24\/rabin-finkelstein-rzeczywistosc-i-agenda-syjonistyczna\/#webpage"},"articleSection":"Prawda o \u015bwiecie"},{"@type":"BreadcrumbList","@id":"https:\/\/wia.net.pl\/index.php\/2023\/10\/24\/rabin-finkelstein-rzeczywistosc-i-agenda-syjonistyczna\/#breadcrumblist","itemListElement":[{"@type":"ListItem","@id":"https:\/\/wia.net.pl#listItem","position":1,"name":"Home","item":"https:\/\/wia.net.pl","nextItem":{"@type":"ListItem","@id":"https:\/\/wia.net.pl\/index.php\/category\/prawdaoswiecie\/#listItem","name":"Prawda o \u015bwiecie"}},{"@type":"ListItem","@id":"https:\/\/wia.net.pl\/index.php\/category\/prawdaoswiecie\/#listItem","position":2,"name":"Prawda o \u015bwiecie","item":"https:\/\/wia.net.pl\/index.php\/category\/prawdaoswiecie\/","nextItem":{"@type":"ListItem","@id":"https:\/\/wia.net.pl\/index.php\/2023\/10\/24\/rabin-finkelstein-rzeczywistosc-i-agenda-syjonistyczna\/#listItem","name":"Rabin Finkelstein &#8211; Rzeczywisto\u015b\u0107 i Agenda Syjonistyczna"},"previousItem":{"@type":"ListItem","@id":"https:\/\/wia.net.pl#listItem","name":"Home"}},{"@type":"ListItem","@id":"https:\/\/wia.net.pl\/index.php\/2023\/10\/24\/rabin-finkelstein-rzeczywistosc-i-agenda-syjonistyczna\/#listItem","position":3,"name":"Rabin Finkelstein &#8211; Rzeczywisto\u015b\u0107 i Agenda Syjonistyczna","previousItem":{"@type":"ListItem","@id":"https:\/\/wia.net.pl\/index.php\/category\/prawdaoswiecie\/#listItem","name":"Prawda o \u015bwiecie"}}]},{"@type":"Person","@id":"https:\/\/wia.net.pl\/#person","name":"Bart\u0142omiej Talarczyk","image":{"@type":"ImageObject","@id":"https:\/\/wia.net.pl\/index.php\/2023\/10\/24\/rabin-finkelstein-rzeczywistosc-i-agenda-syjonistyczna\/#personImage","url":"https:\/\/wia.net.pl\/wp-content\/uploads\/avatar-privacy\/cache\/user\/1\/7\/176a6b161c58363ff49b5c167264231f519f5c7fa183ca1f61e891769b6b56d5-96.jpg","width":96,"height":96,"caption":"Bart\u0142omiej Talarczyk"}},{"@type":"Person","@id":"https:\/\/wia.net.pl\/index.php\/author\/trinity\/#author","url":"https:\/\/wia.net.pl\/index.php\/author\/trinity\/","name":"trinity","image":{"@type":"ImageObject","@id":"https:\/\/wia.net.pl\/index.php\/2023\/10\/24\/rabin-finkelstein-rzeczywistosc-i-agenda-syjonistyczna\/#authorImage","url":"https:\/\/wia.net.pl\/wp-content\/uploads\/avatar-privacy\/cache\/user\/5\/f\/5f6547cf82495eaa10e100a6a45d5dbde2dfdc1be88557de2018fca705bdf6f1-96.jpg","width":96,"height":96,"caption":"trinity"}},{"@type":"WebPage","@id":"https:\/\/wia.net.pl\/index.php\/2023\/10\/24\/rabin-finkelstein-rzeczywistosc-i-agenda-syjonistyczna\/#webpage","url":"https:\/\/wia.net.pl\/index.php\/2023\/10\/24\/rabin-finkelstein-rzeczywistosc-i-agenda-syjonistyczna\/","name":"Rabin Finkelstein \u2013 Rzeczywisto\u015b\u0107 i Agenda Syjonistyczna - Wolno\u015b\u0107 i Anarchia","description":"Wywiad z rabinem Abe Finkelsteinem z 2015 roku.Rabin Finkelstein m\u00f3wi, \u017ce ich tradycja krwawych ofiar trwa od tysi\u0119cy lat. \u201eZabieramy dzieci wroga, kt\u00f3rym jest rasa bia\u0142a, sprowadzamy je do piwnic synagog, gdzie je osuszamy, na wz\u00f3r koszernego rzezi. Nast\u0119pnie wysy\u0142amy je do maszyn do mielenia mi\u0119sa, gdzie trafiaj\u0105 do hamburger\u00f3w i kie\u0142basek w McDonald\u2019s.\u201d Wyja\u015bnia,","inLanguage":"pl-PL","isPartOf":{"@id":"https:\/\/wia.net.pl\/#website"},"breadcrumb":{"@id":"https:\/\/wia.net.pl\/index.php\/2023\/10\/24\/rabin-finkelstein-rzeczywistosc-i-agenda-syjonistyczna\/#breadcrumblist"},"author":{"@id":"https:\/\/wia.net.pl\/index.php\/author\/trinity\/#author"},"creator":{"@id":"https:\/\/wia.net.pl\/index.php\/author\/trinity\/#author"},"image":{"@type":"ImageObject","url":"https:\/\/wia.net.pl\/wp-content\/uploads\/2023\/10\/photo_5888483687501250916_y.jpg","@id":"https:\/\/wia.net.pl\/index.php\/2023\/10\/24\/rabin-finkelstein-rzeczywistosc-i-agenda-syjonistyczna\/#mainImage","width":1280,"height":720},"primaryImageOfPage":{"@id":"https:\/\/wia.net.pl\/index.php\/2023\/10\/24\/rabin-finkelstein-rzeczywistosc-i-agenda-syjonistyczna\/#mainImage"},"datePublished":"2023-10-24T11:19:40+02:00","dateModified":"2023-10-24T13:03:58+02:00"},{"@type":"WebSite","@id":"https:\/\/wia.net.pl\/#website","url":"https:\/\/wia.net.pl\/","name":"Wolno\u015b\u0107 i Anarchia","description":"Ka\u017cdy wewn\u0119trznie jest anarchist\u0105.","inLanguage":"pl-PL","publisher":{"@id":"https:\/\/wia.net.pl\/#person"}}]},"og:locale":"pl_PL","og:site_name":"Wolno\u015b\u0107 i Anarchia - Ka\u017cdy wewn\u0119trznie jest anarchist\u0105.","og:type":"article","og:title":"Rabin Finkelstein \u2013 Rzeczywisto\u015b\u0107 i Agenda Syjonistyczna - Wolno\u015b\u0107 i Anarchia","og:description":"Wywiad z rabinem Abe Finkelsteinem z 2015 roku.Rabin Finkelstein m\u00f3wi, \u017ce ich tradycja krwawych ofiar trwa od tysi\u0119cy lat. \u201eZabieramy dzieci wroga, kt\u00f3rym jest rasa bia\u0142a, sprowadzamy je do piwnic synagog, gdzie je osuszamy, na wz\u00f3r koszernego rzezi. Nast\u0119pnie wysy\u0142amy je do maszyn do mielenia mi\u0119sa, gdzie trafiaj\u0105 do hamburger\u00f3w i kie\u0142basek w McDonald\u2019s.\u201d Wyja\u015bnia,","og:url":"https:\/\/wia.net.pl\/index.php\/2023\/10\/24\/rabin-finkelstein-rzeczywistosc-i-agenda-syjonistyczna\/","og:image":"https:\/\/wia.net.pl\/wp-content\/uploads\/2023\/11\/cropped-freedom-i73367.jpg","og:image:secure_url":"https:\/\/wia.net.pl\/wp-content\/uploads\/2023\/11\/cropped-freedom-i73367.jpg","article:published_time":"2023-10-24T09:19:40+00:00","article:modified_time":"2023-10-24T11:03:58+00:00","twitter:card":"summary_large_image","twitter:title":"Rabin Finkelstein \u2013 Rzeczywisto\u015b\u0107 i Agenda Syjonistyczna - Wolno\u015b\u0107 i Anarchia","twitter:description":"Wywiad z rabinem Abe Finkelsteinem z 2015 roku.Rabin Finkelstein m\u00f3wi, \u017ce ich tradycja krwawych ofiar trwa od tysi\u0119cy lat. \u201eZabieramy dzieci wroga, kt\u00f3rym jest rasa bia\u0142a, sprowadzamy je do piwnic synagog, gdzie je osuszamy, na wz\u00f3r koszernego rzezi. Nast\u0119pnie wysy\u0142amy je do maszyn do mielenia mi\u0119sa, gdzie trafiaj\u0105 do hamburger\u00f3w i kie\u0142basek w McDonald\u2019s.\u201d Wyja\u015bnia,","twitter:image":"https:\/\/wia.net.pl\/wp-content\/uploads\/2023\/11\/cropped-freedom-i73367.jpg"},"aioseo_meta_data":{"post_id":"5115","title":null,"description":null,"keywords":[],"keyphrases":{"focus":{"keyphrase":"","score":0,"analysis":{"keyphraseInTitle":{"score":0,"maxScore":9,"error":1}}},"additional":[]},"primary_term":null,"canonical_url":null,"og_title":null,"og_description":null,"og_object_type":"default","og_image_type":"default","og_image_url":null,"og_image_width":null,"og_image_height":null,"og_image_custom_url":null,"og_image_custom_fields":null,"og_video":"","og_custom_url":null,"og_article_section":null,"og_article_tags":[],"twitter_use_og":false,"twitter_card":"default","twitter_image_type":"default","twitter_image_url":null,"twitter_image_custom_url":null,"twitter_image_custom_fields":null,"twitter_title":null,"twitter_description":null,"schema":{"blockGraphs":[],"customGraphs":[],"default":{"data":{"Article":[],"Course":[],"Dataset":[],"FAQPage":[],"Movie":[],"Person":[],"Product":[],"ProductReview":[],"Car":[],"Recipe":[],"Service":[],"SoftwareApplication":[],"WebPage":[]},"graphName":"BlogPosting","isEnabled":true},"graphs":[]},"schema_type":"default","schema_type_options":null,"pillar_content":false,"robots_default":true,"robots_noindex":false,"robots_noarchive":false,"robots_nosnippet":false,"robots_nofollow":false,"robots_noimageindex":false,"robots_noodp":false,"robots_notranslate":false,"robots_max_snippet":"-1","robots_max_videopreview":"-1","robots_max_imagepreview":"large","priority":null,"frequency":"default","local_seo":null,"breadcrumb_settings":null,"limit_modified_date":false,"ai":null,"created":"2023-10-24 09:19:40","updated":"2025-06-04 09:35:52","seo_analyzer_scan_date":null,"focus_keyword":null,"additional_keywords":null,"truseo_locale":null},"aioseo_breadcrumb":"<div class=\"aioseo-breadcrumbs\"><span class=\"aioseo-breadcrumb\">\n\t\t\t<a href=\"https:\/\/wia.net.pl\" title=\"Home\">Home<\/a>\n\t\t<\/span><span class=\"aioseo-breadcrumb-separator\">&raquo;<\/span><span class=\"aioseo-breadcrumb\">\n\t\t\t<a href=\"https:\/\/wia.net.pl\/index.php\/category\/prawdaoswiecie\/\" title=\"Prawda o \u015bwiecie\">Prawda o \u015bwiecie<\/a>\n\t\t<\/span><span class=\"aioseo-breadcrumb-separator\">&raquo;<\/span><span class=\"aioseo-breadcrumb\">\n\t\t\tRabin Finkelstein \u2013 Rzeczywisto\u015b\u0107 i Agenda Syjonistyczna\n\t\t<\/span><\/div>","aioseo_breadcrumb_json":[{"label":"Home","link":"https:\/\/wia.net.pl"},{"label":"Prawda o \u015bwiecie","link":"https:\/\/wia.net.pl\/index.php\/category\/prawdaoswiecie\/"},{"label":"Rabin Finkelstein &#8211; Rzeczywisto\u015b\u0107 i Agenda Syjonistyczna","link":"https:\/\/wia.net.pl\/index.php\/2023\/10\/24\/rabin-finkelstein-rzeczywistosc-i-agenda-syjonistyczna\/"}],"_links":{"self":[{"href":"https:\/\/wia.net.pl\/index.php\/wp-json\/wp\/v2\/posts\/5115"}],"collection":[{"href":"https:\/\/wia.net.pl\/index.php\/wp-json\/wp\/v2\/posts"}],"about":[{"href":"https:\/\/wia.net.pl\/index.php\/wp-json\/wp\/v2\/types\/post"}],"author":[{"embeddable":true,"href":"https:\/\/wia.net.pl\/index.php\/wp-json\/wp\/v2\/users\/2"}],"replies":[{"embeddable":true,"href":"https:\/\/wia.net.pl\/index.php\/wp-json\/wp\/v2\/comments?post=5115"}],"version-history":[{"count":2,"href":"https:\/\/wia.net.pl\/index.php\/wp-json\/wp\/v2\/posts\/5115\/revisions"}],"predecessor-version":[{"id":5126,"href":"https:\/\/wia.net.pl\/index.php\/wp-json\/wp\/v2\/posts\/5115\/revisions\/5126"}],"wp:featuredmedia":[{"embeddable":true,"href":"https:\/\/wia.net.pl\/index.php\/wp-json\/wp\/v2\/media\/5116"}],"wp:attachment":[{"href":"https:\/\/wia.net.pl\/index.php\/wp-json\/wp\/v2\/media?parent=5115"}],"wp:term":[{"taxonomy":"category","embeddable":true,"href":"https:\/\/wia.net.pl\/index.php\/wp-json\/wp\/v2\/categories?post=5115"},{"taxonomy":"post_tag","embeddable":true,"href":"https:\/\/wia.net.pl\/index.php\/wp-json\/wp\/v2\/tags?post=5115"}],"curies":[{"name":"wp","href":"https:\/\/api.w.org\/{rel}","templated":true}]}}