{"id":5149,"date":"2023-10-25T10:30:32","date_gmt":"2023-10-25T08:30:32","guid":{"rendered":"https:\/\/wia.net.pl\/?p=5149"},"modified":"2023-10-25T10:30:32","modified_gmt":"2023-10-25T08:30:32","slug":"deklaracja-balfoura-syjonisci-jako-terrorysci","status":"publish","type":"post","link":"https:\/\/wia.net.pl\/index.php\/2023\/10\/25\/deklaracja-balfoura-syjonisci-jako-terrorysci\/","title":{"rendered":"Deklaracja Balfoura &#8211; Syjoni\u015bci jako terrory\u015bci"},"content":{"rendered":"\n<p>Deklaracja Balfoura pozwoli\u0142a syjonistycznym \u017bydom dzia\u0142a\u0107 jako terrory\u015bci: spojrzenie z bliska<\/p>\n\n\n\n<p><a href=\"https:\/\/expose-news.com\/author\/the-expose\/\">THE EXPOS\u00c9<\/a><\/p>\n\n\n\n<figure class=\"wp-block-image size-large\"><img loading=\"lazy\" decoding=\"async\" width=\"1024\" height=\"408\" src=\"https:\/\/wia.net.pl\/wp-content\/uploads\/2023\/10\/image-242-1024x408.webp\" alt=\"\" class=\"wp-image-5150\" srcset=\"https:\/\/wia.net.pl\/wp-content\/uploads\/2023\/10\/image-242-1024x408.webp 1024w, https:\/\/wia.net.pl\/wp-content\/uploads\/2023\/10\/image-242-300x120.webp 300w, https:\/\/wia.net.pl\/wp-content\/uploads\/2023\/10\/image-242-768x306.webp 768w, https:\/\/wia.net.pl\/wp-content\/uploads\/2023\/10\/image-242.webp 1200w\" sizes=\"(max-width: 1024px) 100vw, 1024px\" \/><\/figure>\n\n\n\n<p><strong>Deklaracja Balfoura jest dokumentem krytycznym w historii Bliskiego Wschodu, Izraela i narodu palesty\u0144skiego.&nbsp;Ten kr\u00f3tki list, wydany 2 listopada 1917 r., oznacza\u0142 brytyjskie wsparcie dla ustanowienia \u201enarodowego domu narodu \u017cydowskiego\u201d w Palestynie i tak si\u0119 z\u0142o\u017cy\u0142o, \u017ce zosta\u0142 wys\u0142any do syjonistycznego lorda Rothschilda.<\/strong><\/p>\n\n\n\n<p><strong>Jednak dokument ten i jego nast\u0119pstwa s\u0105 przesi\u0105kni\u0119te kontrowersjami.\u00a0Zag\u0142\u0119bmy si\u0119 w szczeg\u00f3\u0142y dotycz\u0105ce Deklaracji Balfoura, jej konsekwencji i debaty wok\u00f3\u0142 jej interpretacji i wdro\u017cenia.<\/strong><\/p>\n\n\n\n<h2 class=\"wp-block-heading\"><em>Deklaracja Balfoura: kontekst i tre\u015b\u0107<\/em><\/h2>\n\n\n\n<p>Deklaracja Balfoura by\u0142a wynikiem r\u00f3\u017cnych wydarze\u0144 politycznych i historycznych.&nbsp;W kontek\u015bcie I wojny \u015bwiatowej Brytyjczycy chcieli pozyska\u0107 poparcie \u015bwiatowej spo\u0142eczno\u015bci \u017cydowskiej, szczeg\u00f3lnie w Rosji i USA, aby wywrze\u0107 presj\u0119 na swoje rz\u0105dy, aby albo pozosta\u0142y w wysi\u0142kach wojennych przeciwko pa\u0144stwom centralnym, albo przy\u0142\u0105czy\u0142y si\u0119 do nich.&nbsp;Co wi\u0119cej, Brytyjczycy byli r\u00f3wnie\u017c zainteresowani przej\u0119ciem kontroli nad Palestyn\u0105 ze wzgl\u0119du na jej strategiczne po\u0142o\u017cenie.<\/p>\n\n\n\n<p>Deklaracja skierowana do Lorda Rothschilda, czo\u0142owego brytyjskiego \u017byda, brzmia\u0142a:<\/p>\n\n\n\n<blockquote class=\"wp-block-quote is-layout-flow wp-block-quote-is-layout-flow\">\n<p>\u201eRz\u0105d Jego Kr\u00f3lewskiej Mo\u015bci pozytywnie ocenia utworzenie w Palestynie narodowej siedziby narodu \u017cydowskiego i do\u0142o\u017cy wszelkich stara\u0144, aby u\u0142atwi\u0107 osi\u0105gni\u0119cie tego celu, przy czym jest jasno zrozumia\u0142e, \u017ce nie nale\u017cy czyni\u0107 nic, co mog\u0142oby zaszkodzi\u0107 spo\u0142ecze\u0144stwu cywilnemu i religijnemu praw istniej\u0105cych spo\u0142eczno\u015bci nie\u017cydowskich w Palestynie lub praw i statusu politycznego, z jakiego korzystaj\u0105 \u017bydzi w jakimkolwiek innym kraju\u201d.<\/p>\n<\/blockquote>\n\n\n\n<p>Sformu\u0142owanie to by\u0142o celowo niejednoznaczne.&nbsp;Wyra\u017caj\u0105c poparcie dla \u017cydowskiego domu narodowego, nie okre\u015bli\u0142 jednak parametr\u00f3w tego domu ani sposob\u00f3w jego utworzenia.<\/p>\n\n\n\n<h2 class=\"wp-block-heading\"><em>Nast\u0119pstwa i mandat<\/em><\/h2>\n\n\n\n<p>Po zako\u0144czeniu I wojny \u015bwiatowej Liga Narod\u00f3w przyzna\u0142a Wielkiej Brytanii mandat do rz\u0105dzenia Palestyn\u0105.&nbsp;Brytyjczycy musieli teraz upora\u0107 si\u0119 ze sprzecznymi nacjonalistycznymi aspiracjami zar\u00f3wno Arab\u00f3w, jak i \u017byd\u00f3w w regionie.&nbsp;Wydali seri\u0119 bia\u0142ych ksi\u0105g, czyli o\u015bwiadcze\u0144 politycznych, maj\u0105cych na celu wyja\u015bnienie ich stanowiska w tej kwestii, ale napi\u0119cia tylko wzros\u0142y.<\/p>\n\n\n\n<p>W latach trzydziestych i czterdziestych XX wieku imigracja \u017byd\u00f3w do Palestyny \u200b\u200bznacznie wzros\u0142a, do czego przyczyni\u0142a si\u0119 polityka antysemicka i prze\u015bladowania w Europie.&nbsp;Ta zwi\u0119kszona obecno\u015b\u0107 \u017byd\u00f3w w po\u0142\u0105czeniu z zakupami ziemi, kt\u00f3re czasami powodowa\u0142y wysiedlenie arabskich dzier\u017cawc\u00f3w, doprowadzi\u0142a do wzmo\u017conych napi\u0119\u0107 i brutalnych konfrontacji.<\/p>\n\n\n\n<h2 class=\"wp-block-heading\"><em>\u201eKontrakt\u201d i zarzuty narusze\u0144 syjonizmu<\/em><\/h2>\n\n\n\n<p>Wielu Palesty\u0144czyk\u00f3w postrzega\u0142o tre\u015b\u0107 Deklaracji Balfoura jako obietnic\u0119 ochrony swoich praw.&nbsp;Dlatego uwa\u017cali, \u017ce masowa imigracja \u017byd\u00f3w i utworzenie pa\u0144stwa z wi\u0119kszo\u015bci\u0105 \u017cydowsk\u0105 by\u0142o zdrad\u0105 tej obietnicy.&nbsp;Z tej perspektywy niekt\u00f3rzy twierdz\u0105, \u017ce syjoni\u015bci \u201ez\u0142amali umow\u0119\u201d.<\/p>\n\n\n\n<p>Do okre\u015blenia \u201eumowa\u201d nale\u017cy jednak podchodzi\u0107 z ostro\u017cno\u015bci\u0105.&nbsp;Deklaracja Balfoura nie by\u0142a prawnie wi\u0105\u017c\u0105cym traktatem, ale raczej o\u015bwiadczeniem woli.&nbsp;Niemniej jednak nie mo\u017cna zaprzeczy\u0107, \u017ce wielu Palesty\u0144czyk\u00f3w zosta\u0142o wysiedlonych podczas i po izraelskiej wojnie o niepodleg\u0142o\u015b\u0107 w 1948 roku.<\/p>\n\n\n\n<p>Wydarzenie to, nazywane przez Palesty\u0144czyk\u00f3w Nakb\u0105 (lub \u201ekatastrof\u0105\u201d), doprowadzi\u0142o do wysiedlenia oko\u0142o 700 000 Palesty\u0144czyk\u00f3w.<\/p>\n\n\n\n<h2 class=\"wp-block-heading\"><em>Syjoni\u015bci jako \u201eterrory\u015bci\u201d?<\/em><\/h2>\n\n\n\n<p>Etykieta \u201eterrorysty\u201d jest kontrowersyjna i obci\u0105\u017cona politycznie.&nbsp;Nie mo\u017cna zaprzeczy\u0107, \u017ce niekt\u00f3re \u017cydowskie grupy paramilitarne, takie jak Irgun i Gang Sterna, stosowa\u0142y brutaln\u0105, a czasem masow\u0105 taktyk\u0119 zar\u00f3wno wobec brytyjskich urz\u0119dnik\u00f3w, jak i arabskich cywil\u00f3w w okresie przed powstaniem pa\u0144stwa.<\/p>\n\n\n\n<p>Takie dzia\u0142ania budzi\u0142y kontrowersje nawet w ruchu syjonistycznym.&nbsp;Jednak\u017ce szerokie przedstawianie ca\u0142ego ruchu syjonistycznego lub p\u00f3\u017aniejszego Pa\u0144stwa Izrael jako \u201eterrorystycznego\u201d nadmiernie upraszcza z\u0142o\u017con\u0105 narracj\u0119 historyczn\u0105.<\/p>\n\n\n\n<h3 class=\"wp-block-heading\"><em>Irgun (Etzel)<\/em><\/h3>\n\n\n\n<p>Irgun, czyli Etzel, by\u0142a syjonistyczn\u0105 grup\u0105 paramilitarn\u0105, kt\u00f3ra dzia\u0142a\u0142a w Brytyjskim Mandacie Palestyny \u200b\u200bod 1931 do 1948. Powsta\u0142a jako frakcja oderwana od g\u0142\u00f3wnej \u017cydowskiej organizacji obronnej, Hagany, z powodu r\u00f3\u017cnic ideologicznych co do sposobu reagowania na ataki Arab\u00f3w ataki i polityk\u0119 brytyjsk\u0105.<\/p>\n\n\n\n<ol class=\"wp-block-list\">\n<li><strong>Bombardowanie hotelu King David (1946)<\/strong>&nbsp;: Jedn\u0105 z najbardziej nies\u0142awnych akcji podj\u0119tych przez Irgun by\u0142o zbombardowanie hotelu King David w Jerozolimie, w kt\u00f3rym mie\u015bci\u0142a si\u0119 siedziba administracji brytyjskiej.&nbsp;W wyniku ataku zgin\u0119\u0142o 91 os\u00f3b, w tym \u017byd\u00f3w, Arab\u00f3w i personel brytyjski.&nbsp;Irgun twierdzi\u0142, \u017ce wyda\u0142 ostrze\u017cenie o konieczno\u015bci ewakuacji budynku, ale pozostaje to kwesti\u0105 sporn\u0105.<\/li>\n\n\n\n<li><strong>Masakra w Deir Yassin (1948)<\/strong>&nbsp;: Kolejnym kontrowersyjnym wydarzeniem by\u0142 atak na wiosk\u0119 Deir Yassin, przeprowadzony wsp\u00f3lnie przez Irgun i inn\u0105 grup\u0119 ekstremistyczn\u0105 Lehi.&nbsp;W wyniku ataku zgin\u0119\u0142o ponad 100 arabskich mieszka\u0144c\u00f3w wsi.&nbsp;Wydarzenia w Dajr Yassin by\u0142y przedmiotem gor\u0105cej debaty, ale masakra wywar\u0142a g\u0142\u0119boki wp\u0142yw psychologiczny na populacj\u0119 palesty\u0144skich Arab\u00f3w, przyczyniaj\u0105c si\u0119 do masowego exodusu z ich dom\u00f3w w czasie wojny.<\/li>\n<\/ol>\n\n\n\n<h3 class=\"wp-block-heading\"><em>Lehi (Gang Sterna)<\/em><\/h3>\n\n\n\n<p>Lehi, cz\u0119sto nazywana Gangiem Sterna od nazwiska jej za\u0142o\u017cyciela, Abrahama Sterna, by\u0142a kolejn\u0105 radykaln\u0105 syjonistyczn\u0105 grup\u0105 paramilitarn\u0105.&nbsp;Wierzyli w zdecydowane utworzenie pa\u0144stwa \u017cydowskiego po obu stronach rzeki Jordan i byli znani ze swojej bezkompromisowej postawy wobec Brytyjczyk\u00f3w i tych, kt\u00f3rych postrzegali jako wrog\u00f3w pa\u0144stwa \u017cydowskiego.<\/p>\n\n\n\n<ol class=\"wp-block-list\">\n<li><strong>Zab\u00f3jstwo Lorda Moyne&#8217;a (1944)<\/strong>&nbsp;: Jedn\u0105 z g\u0142o\u015bnych akcji przeprowadzonych przez Lehiego by\u0142o zab\u00f3jstwo Lorda Moyne&#8217;a, brytyjskiego ministra-rezydenta na Bliskim Wschodzie.&nbsp;Grupa postrzega\u0142a go jako wroga sprawy syjonistycznej.<\/li>\n\n\n\n<li><strong>Zab\u00f3jstwo hrabiego Bernadotte (1948)<\/strong>&nbsp;: Lehi zaaran\u017cowa\u0142 tak\u017ce zab\u00f3jstwo hrabiego Folke Bernadotte, mediatora ONZ, poniewa\u017c uwa\u017cali, \u017ce jego propozycje dotycz\u0105ce przysz\u0142o\u015bci Palestyny \u200b\u200bs\u0105 szkodliwe dla interes\u00f3w pa\u0144stwa \u017cydowskiego.<\/li>\n<\/ol>\n\n\n\n<p>Warto zauwa\u017cy\u0107, \u017ce przyw\u00f3dcy \u017cydowskiego g\u0142\u00f3wnego nurtu, w tym David Ben-Gurion, pierwszy premier Izraela, cz\u0119sto pot\u0119piali dzia\u0142ania tych grup ekstremistycznych.&nbsp;Nowo utworzony rz\u0105d izraelski rozpocz\u0105\u0142 nawet w 1948 roku operacj\u0119 wojskow\u0105 przeciwko Irgunowi, znan\u0105 jako \u201eafera Altaleny\u201d, co odzwierciedla g\u0142\u0119bokie podzia\u0142y wewn\u0105trz spo\u0142eczno\u015bci \u017cydowskiej w sprawie stosowania przemocy i wizji nowego pa\u0144stwa.<\/p>\n\n\n\n<p>Zastanawiaj\u0105c si\u0119 nad dzia\u0142aniami tych grup, nale\u017cy pami\u0119ta\u0107 o szerszym kontek\u015bcie geopolitycznym i mnogo\u015bci zaanga\u017cowanych aktor\u00f3w.&nbsp;Chocia\u017c brutalne akty takich grup jak Irgun i Lehi by\u0142y niezaprzeczalne, etykietowanie ca\u0142ego ruchu narodowego lub kolejnego pa\u0144stwa w oparciu o dzia\u0142ania frakcji mo\u017ce by\u0107 redukcjonistyczne.<\/p>\n\n\n\n<p>Jednak uznanie i zrozumienie tych wydarze\u0144 ma kluczowe znaczenie dla pe\u0142nego zrozumienia historii regionu.<\/p>\n\n\n\n<h2 class=\"wp-block-heading\"><em>Wniosek<\/em><\/h2>\n\n\n\n<p>Deklaracja Balfoura jest niezaprzeczalnie prze\u0142omowym dokumentem w historii Izraela i Palestyny.\u00a0Jego dwuznaczny charakter po\u0142o\u017cy\u0142 podwaliny pod dziesi\u0119ciolecia konflikt\u00f3w i kontrowersji.<br><br>Chocia\u017c nale\u017cy rozpozna\u0107 b\u00f3l i \u017cale narodu palesty\u0144skiego i zaj\u0105\u0107 si\u0119 nimi, wa\u017cne jest r\u00f3wnie\u017c, aby podej\u015b\u0107 do tematu z niuansami, unika\u0107 nadmiernych uog\u00f3lnie\u0144 i zrozumie\u0107 wieloaspektowy charakter wydarze\u0144 historycznych.#<\/p>\n\n\n\n<p>\u0179r\u00f3d\u0142o <a href=\"https:\/\/expose-news.com\/2023\/10\/25\/zionists-jews-turned-into-terrorists\/\">https:\/\/expose-news.com\/2023\/10\/25\/zionists-jews-turned-into-terrorists\/<\/a><\/p>\n","protected":false},"excerpt":{"rendered":"<p>Deklaracja Balfoura pozwoli\u0142a syjonistycznym \u017bydom dzia\u0142a\u0107 jako terrory\u015bci: spojrzenie z bliska THE EXPOS\u00c9 Deklaracja Balfoura jest dokumentem krytycznym w historii Bliskiego Wschodu, Izraela i narodu palesty\u0144skiego.&nbsp;Ten kr\u00f3tki list, wydany 2 listopada 1917 r., oznacza\u0142 brytyjskie wsparcie dla ustanowienia \u201enarodowego domu&#8230; <\/p>\n","protected":false},"author":2,"featured_media":5150,"comment_status":"open","ping_status":"open","sticky":false,"template":"","format":"standard","meta":{"_acf_changed":false,"_bbp_topic_count":0,"_bbp_reply_count":0,"_bbp_total_topic_count":0,"_bbp_total_reply_count":0,"_bbp_voice_count":0,"_bbp_anonymous_reply_count":0,"_bbp_topic_count_hidden":0,"_bbp_reply_count_hidden":0,"_bbp_forum_subforum_count":0,"om_disable_all_campaigns":false,"_monsterinsights_skip_tracking":false,"footnotes":""},"categories":[93],"tags":[],"class_list":["post-5149","post","type-post","status-publish","format-standard","has-post-thumbnail","hentry","category-artykuly"],"acf":[],"aioseo_notices":[],"aioseo_head":"\n\t\t<!-- All in One SEO 5.0.1.1 - aioseo.com -->\n\t<meta name=\"description\" content=\"Deklaracja Balfoura pozwoli\u0142a syjonistycznym \u017bydom dzia\u0142a\u0107 jako terrory\u015bci: spojrzenie z bliska THE EXPOS\u00c9 Deklaracja Balfoura jest dokumentem krytycznym w historii Bliskiego Wschodu, Izraela i narodu palesty\u0144skiego. Ten kr\u00f3tki list, wydany 2 listopada 1917 r., oznacza\u0142 brytyjskie wsparcie dla ustanowienia \u201enarodowego domu narodu \u017cydowskiego\u201d w Palestynie i tak si\u0119 z\u0142o\u017cy\u0142o, \u017ce zosta\u0142 wys\u0142any do syjonistycznego lorda Rothschilda.\" \/>\n\t<meta name=\"robots\" content=\"max-image-preview:large\" \/>\n\t<meta name=\"author\" content=\"trinity\"\/>\n\t<link rel=\"canonical\" href=\"https:\/\/wia.net.pl\/index.php\/2023\/10\/25\/deklaracja-balfoura-syjonisci-jako-terrorysci\/\" \/>\n\t<meta name=\"generator\" content=\"All in One SEO (AIOSEO) 5.0.1.1\" \/>\n\t\t<meta property=\"og:locale\" content=\"pl_PL\" \/>\n\t\t<meta property=\"og:site_name\" content=\"Wolno\u015b\u0107 i Anarchia - Ka\u017cdy wewn\u0119trznie jest anarchist\u0105.\" \/>\n\t\t<meta property=\"og:type\" content=\"article\" \/>\n\t\t<meta property=\"og:title\" content=\"Deklaracja Balfoura \u2013 Syjoni\u015bci jako terrory\u015bci - Wolno\u015b\u0107 i Anarchia\" \/>\n\t\t<meta property=\"og:description\" content=\"Deklaracja Balfoura pozwoli\u0142a syjonistycznym \u017bydom dzia\u0142a\u0107 jako terrory\u015bci: spojrzenie z bliska THE EXPOS\u00c9 Deklaracja Balfoura jest dokumentem krytycznym w historii Bliskiego Wschodu, Izraela i narodu palesty\u0144skiego. Ten kr\u00f3tki list, wydany 2 listopada 1917 r., oznacza\u0142 brytyjskie wsparcie dla ustanowienia \u201enarodowego domu narodu \u017cydowskiego\u201d w Palestynie i tak si\u0119 z\u0142o\u017cy\u0142o, \u017ce zosta\u0142 wys\u0142any do syjonistycznego lorda Rothschilda.\" \/>\n\t\t<meta property=\"og:url\" content=\"https:\/\/wia.net.pl\/index.php\/2023\/10\/25\/deklaracja-balfoura-syjonisci-jako-terrorysci\/\" \/>\n\t\t<meta property=\"og:image\" content=\"https:\/\/wia.net.pl\/wp-content\/uploads\/2023\/11\/cropped-freedom-i73367.jpg\" \/>\n\t\t<meta property=\"og:image:secure_url\" content=\"https:\/\/wia.net.pl\/wp-content\/uploads\/2023\/11\/cropped-freedom-i73367.jpg\" \/>\n\t\t<meta property=\"article:published_time\" content=\"2023-10-25T08:30:32+00:00\" \/>\n\t\t<meta property=\"article:modified_time\" content=\"2023-10-25T08:30:32+00:00\" \/>\n\t\t<meta name=\"twitter:card\" content=\"summary_large_image\" \/>\n\t\t<meta name=\"twitter:title\" content=\"Deklaracja Balfoura \u2013 Syjoni\u015bci jako terrory\u015bci - Wolno\u015b\u0107 i Anarchia\" \/>\n\t\t<meta name=\"twitter:description\" content=\"Deklaracja Balfoura pozwoli\u0142a syjonistycznym \u017bydom dzia\u0142a\u0107 jako terrory\u015bci: spojrzenie z bliska THE EXPOS\u00c9 Deklaracja Balfoura jest dokumentem krytycznym w historii Bliskiego Wschodu, Izraela i narodu palesty\u0144skiego. Ten kr\u00f3tki list, wydany 2 listopada 1917 r., oznacza\u0142 brytyjskie wsparcie dla ustanowienia \u201enarodowego domu narodu \u017cydowskiego\u201d w Palestynie i tak si\u0119 z\u0142o\u017cy\u0142o, \u017ce zosta\u0142 wys\u0142any do syjonistycznego lorda Rothschilda.\" \/>\n\t\t<meta name=\"twitter:image\" content=\"https:\/\/wia.net.pl\/wp-content\/uploads\/2023\/11\/cropped-freedom-i73367.jpg\" \/>\n\t\t<script type=\"application\/ld+json\" class=\"aioseo-schema\">\n\t\t\t{\"@context\":\"https:\\\/\\\/schema.org\",\"@graph\":[{\"@type\":\"BlogPosting\",\"@id\":\"https:\\\/\\\/wia.net.pl\\\/index.php\\\/2023\\\/10\\\/25\\\/deklaracja-balfoura-syjonisci-jako-terrorysci\\\/#blogposting\",\"name\":\"Deklaracja Balfoura \\u2013 Syjoni\\u015bci jako terrory\\u015bci - Wolno\\u015b\\u0107 i Anarchia\",\"headline\":\"Deklaracja Balfoura &#8211; Syjoni\\u015bci jako terrory\\u015bci\",\"author\":{\"@id\":\"https:\\\/\\\/wia.net.pl\\\/index.php\\\/author\\\/trinity\\\/#author\"},\"publisher\":{\"@id\":\"https:\\\/\\\/wia.net.pl\\\/#person\"},\"image\":{\"@type\":\"ImageObject\",\"url\":\"https:\\\/\\\/wia.net.pl\\\/wp-content\\\/uploads\\\/2023\\\/10\\\/image-242.webp\",\"width\":1200,\"height\":478},\"datePublished\":\"2023-10-25T10:30:32+02:00\",\"dateModified\":\"2023-10-25T10:30:32+02:00\",\"inLanguage\":\"pl-PL\",\"mainEntityOfPage\":{\"@id\":\"https:\\\/\\\/wia.net.pl\\\/index.php\\\/2023\\\/10\\\/25\\\/deklaracja-balfoura-syjonisci-jako-terrorysci\\\/#webpage\"},\"isPartOf\":{\"@id\":\"https:\\\/\\\/wia.net.pl\\\/index.php\\\/2023\\\/10\\\/25\\\/deklaracja-balfoura-syjonisci-jako-terrorysci\\\/#webpage\"},\"articleSection\":\"Artyku\\u0142y\"},{\"@type\":\"BreadcrumbList\",\"@id\":\"https:\\\/\\\/wia.net.pl\\\/index.php\\\/2023\\\/10\\\/25\\\/deklaracja-balfoura-syjonisci-jako-terrorysci\\\/#breadcrumblist\",\"itemListElement\":[{\"@type\":\"ListItem\",\"@id\":\"https:\\\/\\\/wia.net.pl#listItem\",\"position\":1,\"name\":\"Home\",\"item\":\"https:\\\/\\\/wia.net.pl\",\"nextItem\":{\"@type\":\"ListItem\",\"@id\":\"https:\\\/\\\/wia.net.pl\\\/index.php\\\/category\\\/artykuly\\\/#listItem\",\"name\":\"Artyku\\u0142y\"}},{\"@type\":\"ListItem\",\"@id\":\"https:\\\/\\\/wia.net.pl\\\/index.php\\\/category\\\/artykuly\\\/#listItem\",\"position\":2,\"name\":\"Artyku\\u0142y\",\"item\":\"https:\\\/\\\/wia.net.pl\\\/index.php\\\/category\\\/artykuly\\\/\",\"nextItem\":{\"@type\":\"ListItem\",\"@id\":\"https:\\\/\\\/wia.net.pl\\\/index.php\\\/2023\\\/10\\\/25\\\/deklaracja-balfoura-syjonisci-jako-terrorysci\\\/#listItem\",\"name\":\"Deklaracja Balfoura &#8211; Syjoni\\u015bci jako terrory\\u015bci\"},\"previousItem\":{\"@type\":\"ListItem\",\"@id\":\"https:\\\/\\\/wia.net.pl#listItem\",\"name\":\"Home\"}},{\"@type\":\"ListItem\",\"@id\":\"https:\\\/\\\/wia.net.pl\\\/index.php\\\/2023\\\/10\\\/25\\\/deklaracja-balfoura-syjonisci-jako-terrorysci\\\/#listItem\",\"position\":3,\"name\":\"Deklaracja Balfoura &#8211; Syjoni\\u015bci jako terrory\\u015bci\",\"previousItem\":{\"@type\":\"ListItem\",\"@id\":\"https:\\\/\\\/wia.net.pl\\\/index.php\\\/category\\\/artykuly\\\/#listItem\",\"name\":\"Artyku\\u0142y\"}}]},{\"@type\":\"Person\",\"@id\":\"https:\\\/\\\/wia.net.pl\\\/#person\",\"name\":\"Bart\\u0142omiej Talarczyk\",\"image\":{\"@type\":\"ImageObject\",\"@id\":\"https:\\\/\\\/wia.net.pl\\\/index.php\\\/2023\\\/10\\\/25\\\/deklaracja-balfoura-syjonisci-jako-terrorysci\\\/#personImage\",\"url\":\"https:\\\/\\\/wia.net.pl\\\/wp-content\\\/uploads\\\/avatar-privacy\\\/cache\\\/user\\\/1\\\/7\\\/176a6b161c58363ff49b5c167264231f519f5c7fa183ca1f61e891769b6b56d5-96.jpg\",\"width\":96,\"height\":96,\"caption\":\"Bart\\u0142omiej Talarczyk\"}},{\"@type\":\"Person\",\"@id\":\"https:\\\/\\\/wia.net.pl\\\/index.php\\\/author\\\/trinity\\\/#author\",\"url\":\"https:\\\/\\\/wia.net.pl\\\/index.php\\\/author\\\/trinity\\\/\",\"name\":\"trinity\",\"image\":{\"@type\":\"ImageObject\",\"@id\":\"https:\\\/\\\/wia.net.pl\\\/index.php\\\/2023\\\/10\\\/25\\\/deklaracja-balfoura-syjonisci-jako-terrorysci\\\/#authorImage\",\"url\":\"https:\\\/\\\/wia.net.pl\\\/wp-content\\\/uploads\\\/avatar-privacy\\\/cache\\\/user\\\/5\\\/f\\\/5f6547cf82495eaa10e100a6a45d5dbde2dfdc1be88557de2018fca705bdf6f1-96.jpg\",\"width\":96,\"height\":96,\"caption\":\"trinity\"}},{\"@type\":\"WebPage\",\"@id\":\"https:\\\/\\\/wia.net.pl\\\/index.php\\\/2023\\\/10\\\/25\\\/deklaracja-balfoura-syjonisci-jako-terrorysci\\\/#webpage\",\"url\":\"https:\\\/\\\/wia.net.pl\\\/index.php\\\/2023\\\/10\\\/25\\\/deklaracja-balfoura-syjonisci-jako-terrorysci\\\/\",\"name\":\"Deklaracja Balfoura \\u2013 Syjoni\\u015bci jako terrory\\u015bci - Wolno\\u015b\\u0107 i Anarchia\",\"description\":\"Deklaracja Balfoura pozwoli\\u0142a syjonistycznym \\u017bydom dzia\\u0142a\\u0107 jako terrory\\u015bci: spojrzenie z bliska THE EXPOS\\u00c9 Deklaracja Balfoura jest dokumentem krytycznym w historii Bliskiego Wschodu, Izraela i narodu palesty\\u0144skiego. Ten kr\\u00f3tki list, wydany 2 listopada 1917 r., oznacza\\u0142 brytyjskie wsparcie dla ustanowienia \\u201enarodowego domu narodu \\u017cydowskiego\\u201d w Palestynie i tak si\\u0119 z\\u0142o\\u017cy\\u0142o, \\u017ce zosta\\u0142 wys\\u0142any do syjonistycznego lorda Rothschilda.\",\"inLanguage\":\"pl-PL\",\"isPartOf\":{\"@id\":\"https:\\\/\\\/wia.net.pl\\\/#website\"},\"breadcrumb\":{\"@id\":\"https:\\\/\\\/wia.net.pl\\\/index.php\\\/2023\\\/10\\\/25\\\/deklaracja-balfoura-syjonisci-jako-terrorysci\\\/#breadcrumblist\"},\"author\":{\"@id\":\"https:\\\/\\\/wia.net.pl\\\/index.php\\\/author\\\/trinity\\\/#author\"},\"creator\":{\"@id\":\"https:\\\/\\\/wia.net.pl\\\/index.php\\\/author\\\/trinity\\\/#author\"},\"image\":{\"@type\":\"ImageObject\",\"url\":\"https:\\\/\\\/wia.net.pl\\\/wp-content\\\/uploads\\\/2023\\\/10\\\/image-242.webp\",\"@id\":\"https:\\\/\\\/wia.net.pl\\\/index.php\\\/2023\\\/10\\\/25\\\/deklaracja-balfoura-syjonisci-jako-terrorysci\\\/#mainImage\",\"width\":1200,\"height\":478},\"primaryImageOfPage\":{\"@id\":\"https:\\\/\\\/wia.net.pl\\\/index.php\\\/2023\\\/10\\\/25\\\/deklaracja-balfoura-syjonisci-jako-terrorysci\\\/#mainImage\"},\"datePublished\":\"2023-10-25T10:30:32+02:00\",\"dateModified\":\"2023-10-25T10:30:32+02:00\"},{\"@type\":\"WebSite\",\"@id\":\"https:\\\/\\\/wia.net.pl\\\/#website\",\"url\":\"https:\\\/\\\/wia.net.pl\\\/\",\"name\":\"Wolno\\u015b\\u0107 i Anarchia\",\"description\":\"Ka\\u017cdy wewn\\u0119trznie jest anarchist\\u0105.\",\"inLanguage\":\"pl-PL\",\"publisher\":{\"@id\":\"https:\\\/\\\/wia.net.pl\\\/#person\"}}]}\n\t\t<\/script>\n\t\t<!-- All in One SEO -->\n\n","aioseo_head_json":{"title":"Deklaracja Balfoura \u2013 Syjoni\u015bci jako terrory\u015bci - Wolno\u015b\u0107 i Anarchia","description":"Deklaracja Balfoura pozwoli\u0142a syjonistycznym \u017bydom dzia\u0142a\u0107 jako terrory\u015bci: spojrzenie z bliska THE EXPOS\u00c9 Deklaracja Balfoura jest dokumentem krytycznym w historii Bliskiego Wschodu, Izraela i narodu palesty\u0144skiego. Ten kr\u00f3tki list, wydany 2 listopada 1917 r., oznacza\u0142 brytyjskie wsparcie dla ustanowienia \u201enarodowego domu narodu \u017cydowskiego\u201d w Palestynie i tak si\u0119 z\u0142o\u017cy\u0142o, \u017ce zosta\u0142 wys\u0142any do syjonistycznego lorda Rothschilda.","canonical_url":"https:\/\/wia.net.pl\/index.php\/2023\/10\/25\/deklaracja-balfoura-syjonisci-jako-terrorysci\/","robots":"max-image-preview:large","keywords":"","webmasterTools":{"miscellaneous":""},"schema":{"@context":"https:\/\/schema.org","@graph":[{"@type":"BlogPosting","@id":"https:\/\/wia.net.pl\/index.php\/2023\/10\/25\/deklaracja-balfoura-syjonisci-jako-terrorysci\/#blogposting","name":"Deklaracja Balfoura \u2013 Syjoni\u015bci jako terrory\u015bci - Wolno\u015b\u0107 i Anarchia","headline":"Deklaracja Balfoura &#8211; Syjoni\u015bci jako terrory\u015bci","author":{"@id":"https:\/\/wia.net.pl\/index.php\/author\/trinity\/#author"},"publisher":{"@id":"https:\/\/wia.net.pl\/#person"},"image":{"@type":"ImageObject","url":"https:\/\/wia.net.pl\/wp-content\/uploads\/2023\/10\/image-242.webp","width":1200,"height":478},"datePublished":"2023-10-25T10:30:32+02:00","dateModified":"2023-10-25T10:30:32+02:00","inLanguage":"pl-PL","mainEntityOfPage":{"@id":"https:\/\/wia.net.pl\/index.php\/2023\/10\/25\/deklaracja-balfoura-syjonisci-jako-terrorysci\/#webpage"},"isPartOf":{"@id":"https:\/\/wia.net.pl\/index.php\/2023\/10\/25\/deklaracja-balfoura-syjonisci-jako-terrorysci\/#webpage"},"articleSection":"Artyku\u0142y"},{"@type":"BreadcrumbList","@id":"https:\/\/wia.net.pl\/index.php\/2023\/10\/25\/deklaracja-balfoura-syjonisci-jako-terrorysci\/#breadcrumblist","itemListElement":[{"@type":"ListItem","@id":"https:\/\/wia.net.pl#listItem","position":1,"name":"Home","item":"https:\/\/wia.net.pl","nextItem":{"@type":"ListItem","@id":"https:\/\/wia.net.pl\/index.php\/category\/artykuly\/#listItem","name":"Artyku\u0142y"}},{"@type":"ListItem","@id":"https:\/\/wia.net.pl\/index.php\/category\/artykuly\/#listItem","position":2,"name":"Artyku\u0142y","item":"https:\/\/wia.net.pl\/index.php\/category\/artykuly\/","nextItem":{"@type":"ListItem","@id":"https:\/\/wia.net.pl\/index.php\/2023\/10\/25\/deklaracja-balfoura-syjonisci-jako-terrorysci\/#listItem","name":"Deklaracja Balfoura &#8211; Syjoni\u015bci jako terrory\u015bci"},"previousItem":{"@type":"ListItem","@id":"https:\/\/wia.net.pl#listItem","name":"Home"}},{"@type":"ListItem","@id":"https:\/\/wia.net.pl\/index.php\/2023\/10\/25\/deklaracja-balfoura-syjonisci-jako-terrorysci\/#listItem","position":3,"name":"Deklaracja Balfoura &#8211; Syjoni\u015bci jako terrory\u015bci","previousItem":{"@type":"ListItem","@id":"https:\/\/wia.net.pl\/index.php\/category\/artykuly\/#listItem","name":"Artyku\u0142y"}}]},{"@type":"Person","@id":"https:\/\/wia.net.pl\/#person","name":"Bart\u0142omiej Talarczyk","image":{"@type":"ImageObject","@id":"https:\/\/wia.net.pl\/index.php\/2023\/10\/25\/deklaracja-balfoura-syjonisci-jako-terrorysci\/#personImage","url":"https:\/\/wia.net.pl\/wp-content\/uploads\/avatar-privacy\/cache\/user\/1\/7\/176a6b161c58363ff49b5c167264231f519f5c7fa183ca1f61e891769b6b56d5-96.jpg","width":96,"height":96,"caption":"Bart\u0142omiej Talarczyk"}},{"@type":"Person","@id":"https:\/\/wia.net.pl\/index.php\/author\/trinity\/#author","url":"https:\/\/wia.net.pl\/index.php\/author\/trinity\/","name":"trinity","image":{"@type":"ImageObject","@id":"https:\/\/wia.net.pl\/index.php\/2023\/10\/25\/deklaracja-balfoura-syjonisci-jako-terrorysci\/#authorImage","url":"https:\/\/wia.net.pl\/wp-content\/uploads\/avatar-privacy\/cache\/user\/5\/f\/5f6547cf82495eaa10e100a6a45d5dbde2dfdc1be88557de2018fca705bdf6f1-96.jpg","width":96,"height":96,"caption":"trinity"}},{"@type":"WebPage","@id":"https:\/\/wia.net.pl\/index.php\/2023\/10\/25\/deklaracja-balfoura-syjonisci-jako-terrorysci\/#webpage","url":"https:\/\/wia.net.pl\/index.php\/2023\/10\/25\/deklaracja-balfoura-syjonisci-jako-terrorysci\/","name":"Deklaracja Balfoura \u2013 Syjoni\u015bci jako terrory\u015bci - Wolno\u015b\u0107 i Anarchia","description":"Deklaracja Balfoura pozwoli\u0142a syjonistycznym \u017bydom dzia\u0142a\u0107 jako terrory\u015bci: spojrzenie z bliska THE EXPOS\u00c9 Deklaracja Balfoura jest dokumentem krytycznym w historii Bliskiego Wschodu, Izraela i narodu palesty\u0144skiego. Ten kr\u00f3tki list, wydany 2 listopada 1917 r., oznacza\u0142 brytyjskie wsparcie dla ustanowienia \u201enarodowego domu narodu \u017cydowskiego\u201d w Palestynie i tak si\u0119 z\u0142o\u017cy\u0142o, \u017ce zosta\u0142 wys\u0142any do syjonistycznego lorda Rothschilda.","inLanguage":"pl-PL","isPartOf":{"@id":"https:\/\/wia.net.pl\/#website"},"breadcrumb":{"@id":"https:\/\/wia.net.pl\/index.php\/2023\/10\/25\/deklaracja-balfoura-syjonisci-jako-terrorysci\/#breadcrumblist"},"author":{"@id":"https:\/\/wia.net.pl\/index.php\/author\/trinity\/#author"},"creator":{"@id":"https:\/\/wia.net.pl\/index.php\/author\/trinity\/#author"},"image":{"@type":"ImageObject","url":"https:\/\/wia.net.pl\/wp-content\/uploads\/2023\/10\/image-242.webp","@id":"https:\/\/wia.net.pl\/index.php\/2023\/10\/25\/deklaracja-balfoura-syjonisci-jako-terrorysci\/#mainImage","width":1200,"height":478},"primaryImageOfPage":{"@id":"https:\/\/wia.net.pl\/index.php\/2023\/10\/25\/deklaracja-balfoura-syjonisci-jako-terrorysci\/#mainImage"},"datePublished":"2023-10-25T10:30:32+02:00","dateModified":"2023-10-25T10:30:32+02:00"},{"@type":"WebSite","@id":"https:\/\/wia.net.pl\/#website","url":"https:\/\/wia.net.pl\/","name":"Wolno\u015b\u0107 i Anarchia","description":"Ka\u017cdy wewn\u0119trznie jest anarchist\u0105.","inLanguage":"pl-PL","publisher":{"@id":"https:\/\/wia.net.pl\/#person"}}]},"og:locale":"pl_PL","og:site_name":"Wolno\u015b\u0107 i Anarchia - Ka\u017cdy wewn\u0119trznie jest anarchist\u0105.","og:type":"article","og:title":"Deklaracja Balfoura \u2013 Syjoni\u015bci jako terrory\u015bci - Wolno\u015b\u0107 i Anarchia","og:description":"Deklaracja Balfoura pozwoli\u0142a syjonistycznym \u017bydom dzia\u0142a\u0107 jako terrory\u015bci: spojrzenie z bliska THE EXPOS\u00c9 Deklaracja Balfoura jest dokumentem krytycznym w historii Bliskiego Wschodu, Izraela i narodu palesty\u0144skiego. Ten kr\u00f3tki list, wydany 2 listopada 1917 r., oznacza\u0142 brytyjskie wsparcie dla ustanowienia \u201enarodowego domu narodu \u017cydowskiego\u201d w Palestynie i tak si\u0119 z\u0142o\u017cy\u0142o, \u017ce zosta\u0142 wys\u0142any do syjonistycznego lorda Rothschilda.","og:url":"https:\/\/wia.net.pl\/index.php\/2023\/10\/25\/deklaracja-balfoura-syjonisci-jako-terrorysci\/","og:image":"https:\/\/wia.net.pl\/wp-content\/uploads\/2023\/11\/cropped-freedom-i73367.jpg","og:image:secure_url":"https:\/\/wia.net.pl\/wp-content\/uploads\/2023\/11\/cropped-freedom-i73367.jpg","article:published_time":"2023-10-25T08:30:32+00:00","article:modified_time":"2023-10-25T08:30:32+00:00","twitter:card":"summary_large_image","twitter:title":"Deklaracja Balfoura \u2013 Syjoni\u015bci jako terrory\u015bci - Wolno\u015b\u0107 i Anarchia","twitter:description":"Deklaracja Balfoura pozwoli\u0142a syjonistycznym \u017bydom dzia\u0142a\u0107 jako terrory\u015bci: spojrzenie z bliska THE EXPOS\u00c9 Deklaracja Balfoura jest dokumentem krytycznym w historii Bliskiego Wschodu, Izraela i narodu palesty\u0144skiego. Ten kr\u00f3tki list, wydany 2 listopada 1917 r., oznacza\u0142 brytyjskie wsparcie dla ustanowienia \u201enarodowego domu narodu \u017cydowskiego\u201d w Palestynie i tak si\u0119 z\u0142o\u017cy\u0142o, \u017ce zosta\u0142 wys\u0142any do syjonistycznego lorda Rothschilda.","twitter:image":"https:\/\/wia.net.pl\/wp-content\/uploads\/2023\/11\/cropped-freedom-i73367.jpg"},"aioseo_meta_data":{"post_id":"5149","title":null,"description":null,"keywords":[],"keyphrases":{"focus":{"keyphrase":"","score":0,"analysis":{"keyphraseInTitle":{"score":0,"maxScore":9,"error":1}}},"additional":[]},"primary_term":null,"canonical_url":null,"og_title":null,"og_description":null,"og_object_type":"default","og_image_type":"default","og_image_url":null,"og_image_width":null,"og_image_height":null,"og_image_custom_url":null,"og_image_custom_fields":null,"og_video":"","og_custom_url":null,"og_article_section":null,"og_article_tags":[],"twitter_use_og":false,"twitter_card":"default","twitter_image_type":"default","twitter_image_url":null,"twitter_image_custom_url":null,"twitter_image_custom_fields":null,"twitter_title":null,"twitter_description":null,"schema":{"blockGraphs":[],"customGraphs":[],"default":{"data":{"Article":[],"Course":[],"Dataset":[],"FAQPage":[],"Movie":[],"Person":[],"Product":[],"ProductReview":[],"Car":[],"Recipe":[],"Service":[],"SoftwareApplication":[],"WebPage":[]},"graphName":"BlogPosting","isEnabled":true},"graphs":[]},"schema_type":"default","schema_type_options":null,"pillar_content":false,"robots_default":true,"robots_noindex":false,"robots_noarchive":false,"robots_nosnippet":false,"robots_nofollow":false,"robots_noimageindex":false,"robots_noodp":false,"robots_notranslate":false,"robots_max_snippet":"-1","robots_max_videopreview":"-1","robots_max_imagepreview":"large","priority":null,"frequency":"default","local_seo":null,"breadcrumb_settings":null,"limit_modified_date":false,"ai":null,"created":"2023-10-25 08:30:32","updated":"2025-06-04 09:36:29","seo_analyzer_scan_date":null,"focus_keyword":null,"additional_keywords":null,"truseo_locale":null},"aioseo_breadcrumb":"<div class=\"aioseo-breadcrumbs\"><span class=\"aioseo-breadcrumb\">\n\t\t\t<a href=\"https:\/\/wia.net.pl\" title=\"Home\">Home<\/a>\n\t\t<\/span><span class=\"aioseo-breadcrumb-separator\">&raquo;<\/span><span class=\"aioseo-breadcrumb\">\n\t\t\t<a href=\"https:\/\/wia.net.pl\/index.php\/category\/artykuly\/\" title=\"Artyku\u0142y\">Artyku\u0142y<\/a>\n\t\t<\/span><span class=\"aioseo-breadcrumb-separator\">&raquo;<\/span><span class=\"aioseo-breadcrumb\">\n\t\t\tDeklaracja Balfoura \u2013 Syjoni\u015bci jako terrory\u015bci\n\t\t<\/span><\/div>","aioseo_breadcrumb_json":[{"label":"Home","link":"https:\/\/wia.net.pl"},{"label":"Artyku\u0142y","link":"https:\/\/wia.net.pl\/index.php\/category\/artykuly\/"},{"label":"Deklaracja Balfoura &#8211; Syjoni\u015bci jako terrory\u015bci","link":"https:\/\/wia.net.pl\/index.php\/2023\/10\/25\/deklaracja-balfoura-syjonisci-jako-terrorysci\/"}],"_links":{"self":[{"href":"https:\/\/wia.net.pl\/index.php\/wp-json\/wp\/v2\/posts\/5149"}],"collection":[{"href":"https:\/\/wia.net.pl\/index.php\/wp-json\/wp\/v2\/posts"}],"about":[{"href":"https:\/\/wia.net.pl\/index.php\/wp-json\/wp\/v2\/types\/post"}],"author":[{"embeddable":true,"href":"https:\/\/wia.net.pl\/index.php\/wp-json\/wp\/v2\/users\/2"}],"replies":[{"embeddable":true,"href":"https:\/\/wia.net.pl\/index.php\/wp-json\/wp\/v2\/comments?post=5149"}],"version-history":[{"count":1,"href":"https:\/\/wia.net.pl\/index.php\/wp-json\/wp\/v2\/posts\/5149\/revisions"}],"predecessor-version":[{"id":5151,"href":"https:\/\/wia.net.pl\/index.php\/wp-json\/wp\/v2\/posts\/5149\/revisions\/5151"}],"wp:featuredmedia":[{"embeddable":true,"href":"https:\/\/wia.net.pl\/index.php\/wp-json\/wp\/v2\/media\/5150"}],"wp:attachment":[{"href":"https:\/\/wia.net.pl\/index.php\/wp-json\/wp\/v2\/media?parent=5149"}],"wp:term":[{"taxonomy":"category","embeddable":true,"href":"https:\/\/wia.net.pl\/index.php\/wp-json\/wp\/v2\/categories?post=5149"},{"taxonomy":"post_tag","embeddable":true,"href":"https:\/\/wia.net.pl\/index.php\/wp-json\/wp\/v2\/tags?post=5149"}],"curies":[{"name":"wp","href":"https:\/\/api.w.org\/{rel}","templated":true}]}}