{"id":5195,"date":"2023-10-28T17:00:51","date_gmt":"2023-10-28T15:00:51","guid":{"rendered":"https:\/\/wia.net.pl\/?p=5195"},"modified":"2023-10-28T17:02:58","modified_gmt":"2023-10-28T15:02:58","slug":"norymberga-rozprawa-w-sprawie-covid-9-listopada","status":"publish","type":"post","link":"https:\/\/wia.net.pl\/index.php\/2023\/10\/28\/norymberga-rozprawa-w-sprawie-covid-9-listopada\/","title":{"rendered":"Norymberga &#8211; Rozprawa w sprawie COVID &#8211; 9 Listopada"},"content":{"rendered":"\n<p>Dwa tygodnie do rozprawy publicznej w Norymberdze, kt\u00f3ra odb\u0119dzie si\u0119 9 listopada, s\u0105d NAKAZA\u0141 s\u0119dziemu, kt\u00f3ry mo\u017ce powstrzyma\u0107 eksperymentalne strza\u0142y Covid!<\/p>\n\n\n\n<p>Tik tak&#8230; dni, w kt\u00f3rych eksperymenty na ludziach s\u0105 w porz\u0105dku i eleganckie, s\u0105 policzone.<\/p>\n\n\n\n<p>Dwa tygodnie i odliczamy do czasu, a\u017c s\u0119dzia wys\u0142ucha nas w sprawie narusze\u0144 Kodeksu Norymberskiego w zakresie szczepionek na Covid.<\/p>\n\n\n\n<p><a href=\"https:\/\/substack.com\/profile\/85796547-interest-of-justice\" target=\"_blank\" rel=\"noreferrer noopener\"><\/a> Autor, <a href=\"https:\/\/substack.com\/@interestofjustice\">INTEREST OF JUSTICE<\/a>, 25.10.2023<\/p>\n\n\n\n<p>Ta pr\u00f3ba jest wa\u017cna dla ca\u0142ego \u015bwiata. Decyzja ta jest podejmowana przez \u201eAdministracyjny Sporny S\u0105d Apelacyjny i s\u0119dziego maj\u0105cego w\u0142adz\u0119 nad nielegalnymi aktami administracyjnymi i nadu\u017cyciem w\u0142adzy\u201d. Szanowny s\u0119dzia zadecyduje, czy nale\u017cy w ko\u0144cu przyzna\u0107 \u015brodek zapobiegawczy maj\u0105cy na celu ca\u0142kowite wycofanie szczepionek przeciw Covidowi z rynku.\u201d Ma to mi\u0119dzynarodowe znaczenie i warto\u015b\u0107. Prosimy o wsparcie tych wysi\u0142k\u00f3w. Mo\u017ce to spowodowa\u0107 potoczenie si\u0119 kuli \u015bnie\u017cnej sprawiedliwo\u015bci w USA i na ca\u0142ym \u015bwiecie ! Zr\u00f3bmy z tego lawin\u0119! Zapisz si\u0119 na rozpraw\u0119 transmitowan\u0105 na \u017cywo, to te\u017c ma znaczenie. Poka\u017c s\u0105dowi, \u017ce patrzy \u015bwiat. Wszystkie oczy zwr\u00f3cone na Kostaryk\u0119! \u2013 dr Ana Maria Mihalcea, dr hab.<\/p>\n\n\n\n<p>Aktualizacja s\u0105du w Kostaryce:<\/p>\n\n\n\n<p>Do Wielkiej rozprawy pozosta\u0142y dwa tygodnie<br>Poni\u017cej znajduje si\u0119 wi\u0119cej informacji na temat sprawy INTERES SPRAWIEDLIWO\u015aCI PRZECIWKO PA\u0143STWU KOSTARYKA oraz ich skorumpowanych organ\u00f3w regulacyjnych i w\u0142adz odpowiedzialnych za opiek\u0119 zdrowotn\u0105, w kt\u00f3rej prosimy o wycofanie z rynku eksperyment\u00f3w w zakresie terapii genowej innych ni\u017c szczepionki.<\/p>\n\n\n\n<figure class=\"wp-block-image size-large is-resized\"><img loading=\"lazy\" decoding=\"async\" width=\"1024\" height=\"768\" src=\"https:\/\/wia.net.pl\/wp-content\/uploads\/2023\/10\/0489bfde-ba56-403f-91e2-5d1ec6faf34c_2000x1500-1024x768.webp\" alt=\"\" class=\"wp-image-5196\" style=\"aspect-ratio:1.3333333333333333;width:840px;height:auto\" srcset=\"https:\/\/wia.net.pl\/wp-content\/uploads\/2023\/10\/0489bfde-ba56-403f-91e2-5d1ec6faf34c_2000x1500-1024x768.webp 1024w, https:\/\/wia.net.pl\/wp-content\/uploads\/2023\/10\/0489bfde-ba56-403f-91e2-5d1ec6faf34c_2000x1500-300x225.webp 300w, https:\/\/wia.net.pl\/wp-content\/uploads\/2023\/10\/0489bfde-ba56-403f-91e2-5d1ec6faf34c_2000x1500-768x576.webp 768w, https:\/\/wia.net.pl\/wp-content\/uploads\/2023\/10\/0489bfde-ba56-403f-91e2-5d1ec6faf34c_2000x1500.webp 1456w\" sizes=\"(max-width: 1024px) 100vw, 1024px\" \/><\/figure>\n\n\n\n<p>Sprawa zosta\u0142a wniesiona rok temu i doczeka\u0142a si\u0119 wielu op\u00f3\u017anie\u0144, zanim dotar\u0142a do tego etapu.<br><br>S\u0119dziemu s\u0105du ni\u017cszej instancji przedstawiono dow\u00f3d potwierdzaj\u0105cy 12 zarejestrowanych eksperyment\u00f3w ze szczepionk\u0105 na Covid-19 oraz potwierdzaj\u0105cy, \u017ce pa\u0144stwo przyzna\u0142o, \u017ce ma to charakter eksperymentalny, co zignorowa\u0142.<br>S\u0119dzia zignorowa\u0142 tak\u017ce zawarte w aktach o\u015bwiadczenia doktora Yeadona (by\u0142ego wiceprezesa Pfizera), w kt\u00f3rych obala\u0142 on ka\u017cde k\u0142amstwo, na kt\u00f3rym si\u0119 opiera\u0142.<br>Pa\u0144stwo k\u0142ama\u0142o na temat w\u0142asnych dowod\u00f3w CDC dotycz\u0105cych bezpiecze\u0144stwa szczepionek, udaj\u0105c, \u017ce dzieci nie odnios\u0142y powa\u017cnych obra\u017ce\u0144, a s\u0119dzia zignorowa\u0142 nasz dow\u00f3d. Z\u0142o\u017cyli fa\u0142szywe zeznania, aby fa\u0142szywie przedstawi\u0107 dane CDC, udaj\u0105c, \u017ce istnieje korzystny stosunek ryzyka do korzy\u015bci<br>Jeste\u015bmy teraz w Apelacyjnym S\u0105dzie Administracyjnym i s\u0119dzi\u0105 maj\u0105cym w\u0142adz\u0119 nad nielegalnymi aktami administracyjnymi i nadu\u017cyciem w\u0142adzy.<br><br>Honorowy s\u0119dzia zadecyduje, czy ostatecznie nale\u017cy zastosowa\u0107 \u015brodek zapobiegawczy maj\u0105cy na celu ca\u0142kowite wycofanie szczepionek przeciwko Covid-19 z rynku. Wierzymy, \u017ce zwyci\u0119\u017cymy.<\/p>\n\n\n\n<figure class=\"wp-block-image size-large\"><img loading=\"lazy\" decoding=\"async\" width=\"1024\" height=\"283\" src=\"https:\/\/wia.net.pl\/wp-content\/uploads\/2023\/10\/d88dd9c8-be9d-4c8e-8708-d1c396fc44af_4129x1139-1024x283.webp\" alt=\"\" class=\"wp-image-5197\" srcset=\"https:\/\/wia.net.pl\/wp-content\/uploads\/2023\/10\/d88dd9c8-be9d-4c8e-8708-d1c396fc44af_4129x1139-1024x283.webp 1024w, https:\/\/wia.net.pl\/wp-content\/uploads\/2023\/10\/d88dd9c8-be9d-4c8e-8708-d1c396fc44af_4129x1139-300x83.webp 300w, https:\/\/wia.net.pl\/wp-content\/uploads\/2023\/10\/d88dd9c8-be9d-4c8e-8708-d1c396fc44af_4129x1139-768x212.webp 768w, https:\/\/wia.net.pl\/wp-content\/uploads\/2023\/10\/d88dd9c8-be9d-4c8e-8708-d1c396fc44af_4129x1139.webp 1456w\" sizes=\"(max-width: 1024px) 100vw, 1024px\" \/><\/figure>\n\n\n\n<p>Interes wymiaru sprawiedliwo\u015bci przeciwko Kostaryce<\/p>\n\n\n\n<p>Wi\u0119cej o tym s\u0105dzie:<br><br>S\u0105d ten zosta\u0142 utworzony konstytucyjnie, aby utrzyma\u0107 administracj\u0119 w granicach prawa i przynajmniej broni\u0107 naszych praw cz\u0142owieka.<br><br>Konstytucja Kostaryki ARTYKU\u0141 49. Niniejszym ustanawia si\u0119 jurysdykcj\u0119 sporno-administracyjn\u0105 jako funkcj\u0119 w\u0142adzy s\u0105downiczej w celu zagwarantowania legalno\u015bci funkcji administracyjnej pa\u0144stwa, jego instytucji i wszelkich innych podmiot\u00f3w prawa publicznego.<br><br>Nadu\u017cycie w\u0142adzy stanowi podstaw\u0119 do zaskar\u017cenia akt\u00f3w administracyjnych.<br><br>Prawo chroni przynajmniej prawa osobiste i uzasadnione interesy rz\u0105dzonych.<br><br>Przypomnieli\u015bmy Trybuna\u0142owi, \u017ce wszyscy ludzie maj\u0105 prawo do wolno\u015bci od eksperyment\u00f3w medycznych lub naukowych i \u017ce masowe stosowanie niepotwierdzonej nowatorskiej interwencji [nie]szczepionkowej poza badaniami klinicznymi jest ZABRONIONE JAKO NIEETYCZNE, NAWET JE\u015aLI LEGALNE, CO NIE JEST LEGALNE. S\u0105d uwzgl\u0119dni\u0142 apelacj\u0119 do rozpoznania w dniu 9 listopada 2023 r.<br><br>Problem w tym, \u017ce wszystkie s\u0105dy zosta\u0142y ok\u0142amane przez administracj\u0119, \u017ce szczepionki na Covid-19 NIE s\u0105 EKSPERYMENTALNE. Wygl\u0105da na to, \u017ce jest to problem na ca\u0142ym \u015bwiecie.<\/p>\n\n\n\n<p>Jako jedyni w kraju uda\u0142o nam si\u0119 uzyska\u0107 odpowied\u017a od najwy\u017cszego urz\u0119dnika komisji ds. szczepie\u0144 i Ministra Zdrowia w post\u0119powaniu administracyjnym, podczas kt\u00f3rego nieodwo\u0142alnie przyznali si\u0119 na pi\u015bmie pod przysi\u0119g\u0105, \u017ce JEST TO DOCHODZENIE, co w \u015bwietle prawa oznacza eksperyment.<br><br>Je\u015bli to udowodnimy, b\u0119dzie to wielka sprawa dla ca\u0142ego \u015bwiata!<br>Rozstrzygni\u0119cie wielu kwestii merytorycznych zajmie ca\u0142y, zwyk\u0142y, administracyjny proces sporny, kt\u00f3ry b\u0119dzie d\u0142ugi, prawdopodobnie kilka lat.<br><br>S\u0105d Najwy\u017cszy wys\u0142a\u0142 nas do tego s\u0105du na \u201ed\u0142ug\u0105 dyskusj\u0119\u201d, aby rozwi\u0105za\u0107 wiele kwestii.<br><br>Tocz\u0105ce si\u0119 post\u0119powanie, kt\u00f3re zako\u0144czy\u0142o si\u0119 rozpraw\u0105 ZAM\u00d3WION\u0104 na 9 listopada, ma na celu wydanie pe\u0142nego nakazu zaprzestania eksperyment\u00f3w ze szczepionk\u0105 na covid-19 [nie] bez \u015bwiadomej zgody i ca\u0142kowitego usuni\u0119cia czynnika biologicznego z rynku.<\/p>\n\n\n\n<p>Poinformowali\u015bmy S\u0105d Apelacyjny o nowych dowodach dotycz\u0105cych:<br>Nowe o\u015bwiadczenie FDA, \u017ce szczepionki na covid \u201enie s\u0105 zatwierdzone do zapobiegania przenoszeniu sars-cov-2, a jedynie do zapobiegania covid-19\u201d nie pokrywaj\u0105 si\u0119 z tym, co twierdzi Kontroler: \u017ce zakupili je \u201ew celu ograniczenia rozprzestrzeniania si\u0119 i przenoszenia\u201d.<br><br>29 marca 2023 r. FDA wyda\u0142a nam uchwa\u0142\u0119 o odrzuceniu poprawki do petycji naszych obywateli, jednak bez jakiejkolwiek motywacji i powodu oraz nie odnosz\u0105c si\u0119 do g\u0142\u00f3wnych punkt\u00f3w bagatelizowania przez firm\u0119 Pfizer urazu Maddie De Garay jako \u0142agodnego, mimo \u017ce zgodnie z prawem spe\u0142nia on kryteria powa\u017cnego urazu. (co oznacza, \u017ce FDA pomaga firmie Pfizer pope\u0142ni\u0107 niew\u0142a\u015bciwe post\u0119powanie badawcze), a tak\u017ce nie monitoruje nasilenia chor\u00f3b zwi\u0105zanych ze szczepionkami i ukrywania przez FDA 1223 zmar\u0142ych w badaniach ko\u0144cowych (dow\u00f3d na istnienie czynnika biologicznego \u2013 definiowanego jako \u201ezdolnego\u201d do spowodowania \u015bmierci lub uszkodzenia cia\u0142a funkcjonowanie biologiczne i zamiar pope\u0142nienia powa\u017cnych, nieuzasadnionych eksperyment\u00f3w)<br><br>CONIS wyda\u0142 nam uchwa\u0142\u0119 z 27 marca 2023 r., w kt\u00f3rej k\u0142amie, \u017ce szczepionki na covid-19 s\u0105 w pe\u0142ni zatwierdzone, a zatem nie s\u0105 eksperymentalne i przyznaj\u0105, \u017ce w og\u00f3le NIE REGULUJ\u0104 produktu. (ca\u0142kowite naruszenie funkcji \u2013 maj\u0105 by\u0107 krajow\u0105 zapor\u0105 ogniow\u0105, aby FDA i globalne b\u0142\u0119dy regulacyjne nie mia\u0142y wp\u0142ywu na zdrowie narodowe)<br><br>HHS pisze, \u017ce potrzebuje wi\u0119cej czasu na przedstawienie Departamentowi Obrony raport\u00f3w na temat \u201eeksperymentalnego \u015brodka biologicznego zwanego szczepionk\u0105 na Covid-19\u201d. (wi\u0119cej na ten temat w nast\u0119pnym Substacku &#8211; robi si\u0119 naprawd\u0119 ciekawie i mo\u017ce by\u0107 przyczyn\u0105 wygranej)<br><br>Kontroler wszczyna dochodzenie w sprawie nieprawid\u0142owo\u015bci firmy Pfizer<br><br>Prokurator Generalny zamyka dwuletnie dochodzenie i potwierdza, \u017ce by\u0142y Minister Zdrowia w 6 naszych sprawach sk\u0142ama\u0142 pod przysi\u0119g\u0105, w tym w sprawie zatwierdzenia firmy Pfizer, co jest nieprawdziwe, poniewa\u017c zatwierdzono jedynie Corminarty<br><br>Stwierdzono zanieczyszczenie sekwencji DNA SV40, a wi\u0119c produkt zafa\u0142szowany, niezgodny z wymaganiami organ\u00f3w regulacyjnych<br><br>Kwestia siewstwa zosta\u0142a dopuszczona w dokumentach firmy Pfizer i dokumencie rz\u0105du Australii dotycz\u0105cym zamierzonego uwalniania GMO ze szczepionek na Covid-19 do \u015brodowiska, ale najpierw nie przeprowadzono bada\u0144 \u015brodowiskowych<br><br>Jest tego wi\u0119cej, ale wkr\u00f3tce zajmiemy si\u0119 tym i b\u0119dziemy Pa\u0144stwa informowa\u0107, odliczaj\u0105c dwa tygodnie do Przes\u0142uchania publicznego, kt\u00f3re odb\u0119dzie si\u0119 9 listopada 2023 r.<\/p>\n\n\n\n<p>Teraz s\u0105d ma wszystko, aby udowodni\u0107, \u017ce mamy prima facie i bardzo solidne argumenty za ca\u0142kowit\u0105 niewa\u017cno\u015bci\u0105 szczepionek na Covid-19 i ca\u0142kowitym wycofaniem ich z rynku.<br>Nast\u0119pnymi krokami b\u0119dzie wycofanie go z rynku na ca\u0142ym \u015bwiecie, co mo\u017cna zrobi\u0107 w ramach tej pojedynczej sprawy ze wzgl\u0119du na nasz status organizacji mi\u0119dzynarodowej.<br>To przes\u0142uchanie jest pierwszym etapem. Zeznania ekspert\u00f3w zachwyc\u0105 s\u0119dzi\u00f3w, a w\u015br\u00f3d nich zostan\u0105 og\u0142oszeni mi\u0119dzy innymi dr Yeadon i dr Ana Mihalcea.<br><br>Krok 2 to pe\u0142ny proces, nad kt\u00f3rym obecnie pracujemy i kt\u00f3ry musi zosta\u0107 z\u0142o\u017cony na pocz\u0105tku grudnia, po wydaniu wyroku przez s\u0119dziego (istotny pow\u00f3d, dla kt\u00f3rego nadal musimy zbiera\u0107 fundusze).<br><br>Krok 3 to procesy karne w sprawie zbrodni przeciwko ludzko\u015bci, kt\u00f3re mo\u017cna toczy\u0107 zgodnie z naszymi przepisami dotycz\u0105cymi jurysdykcji uniwersalnej, po udowodnieniu pewnych rzeczy w spornym s\u0105dzie administracyjnym, przed kt\u00f3rym si\u0119 obecnie znajdujemy.<\/p>\n\n\n\n<p>Sprawiedliwo\u015b\u0107 nadchodzi. Przywracanie lepszego: to wielki reset praworz\u0105dno\u015bci.<\/p>\n\n\n\n<p>\u0179r\u00f3d\u0142o <a href=\"https:\/\/anamihalceamdphd.substack.com\/cp\/138311210\">https:\/\/anamihalceamdphd.substack.com\/cp\/138311210<\/a><\/p>\n","protected":false},"excerpt":{"rendered":"<p>Dwa tygodnie do rozprawy publicznej w Norymberdze, kt\u00f3ra odb\u0119dzie si\u0119 9 listopada, s\u0105d NAKAZA\u0141 s\u0119dziemu, kt\u00f3ry mo\u017ce powstrzyma\u0107 eksperymentalne strza\u0142y Covid! Tik tak&#8230; dni, w kt\u00f3rych eksperymenty na ludziach s\u0105 w porz\u0105dku i eleganckie, s\u0105 policzone. Dwa tygodnie i odliczamy&#8230; <\/p>\n","protected":false},"author":2,"featured_media":5200,"comment_status":"open","ping_status":"open","sticky":false,"template":"","format":"standard","meta":{"_acf_changed":false,"_bbp_topic_count":0,"_bbp_reply_count":0,"_bbp_total_topic_count":0,"_bbp_total_reply_count":0,"_bbp_voice_count":0,"_bbp_anonymous_reply_count":0,"_bbp_topic_count_hidden":0,"_bbp_reply_count_hidden":0,"_bbp_forum_subforum_count":0,"om_disable_all_campaigns":false,"_monsterinsights_skip_tracking":false,"footnotes":""},"categories":[93],"tags":[],"class_list":["post-5195","post","type-post","status-publish","format-standard","has-post-thumbnail","hentry","category-artykuly"],"acf":[],"aioseo_notices":[],"aioseo_head":"\n\t\t<!-- All in One SEO 5.0.1.1 - aioseo.com -->\n\t<meta name=\"description\" content=\"Dwa tygodnie do rozprawy publicznej w Norymberdze, kt\u00f3ra odb\u0119dzie si\u0119 9 listopada, s\u0105d NAKAZA\u0141 s\u0119dziemu, kt\u00f3ry mo\u017ce powstrzyma\u0107 eksperymentalne strza\u0142y Covid! Tik tak... dni, w kt\u00f3rych eksperymenty na ludziach s\u0105 w porz\u0105dku i eleganckie, s\u0105 policzone. Dwa tygodnie i odliczamy do czasu, a\u017c s\u0119dzia wys\u0142ucha nas w sprawie narusze\u0144 Kodeksu Norymberskiego w zakresie szczepionek na\" \/>\n\t<meta name=\"robots\" content=\"max-image-preview:large\" \/>\n\t<meta name=\"author\" content=\"trinity\"\/>\n\t<link rel=\"canonical\" href=\"https:\/\/wia.net.pl\/index.php\/2023\/10\/28\/norymberga-rozprawa-w-sprawie-covid-9-listopada\/\" \/>\n\t<meta name=\"generator\" content=\"All in One SEO (AIOSEO) 5.0.1.1\" \/>\n\t\t<meta property=\"og:locale\" content=\"pl_PL\" \/>\n\t\t<meta property=\"og:site_name\" content=\"Wolno\u015b\u0107 i Anarchia - Ka\u017cdy wewn\u0119trznie jest anarchist\u0105.\" \/>\n\t\t<meta property=\"og:type\" content=\"article\" \/>\n\t\t<meta property=\"og:title\" content=\"Norymberga \u2013 Rozprawa w sprawie COVID \u2013 9 Listopada - Wolno\u015b\u0107 i Anarchia\" \/>\n\t\t<meta property=\"og:description\" content=\"Dwa tygodnie do rozprawy publicznej w Norymberdze, kt\u00f3ra odb\u0119dzie si\u0119 9 listopada, s\u0105d NAKAZA\u0141 s\u0119dziemu, kt\u00f3ry mo\u017ce powstrzyma\u0107 eksperymentalne strza\u0142y Covid! Tik tak... dni, w kt\u00f3rych eksperymenty na ludziach s\u0105 w porz\u0105dku i eleganckie, s\u0105 policzone. Dwa tygodnie i odliczamy do czasu, a\u017c s\u0119dzia wys\u0142ucha nas w sprawie narusze\u0144 Kodeksu Norymberskiego w zakresie szczepionek na\" \/>\n\t\t<meta property=\"og:url\" content=\"https:\/\/wia.net.pl\/index.php\/2023\/10\/28\/norymberga-rozprawa-w-sprawie-covid-9-listopada\/\" \/>\n\t\t<meta property=\"og:image\" content=\"https:\/\/wia.net.pl\/wp-content\/uploads\/2023\/11\/cropped-freedom-i73367.jpg\" \/>\n\t\t<meta property=\"og:image:secure_url\" content=\"https:\/\/wia.net.pl\/wp-content\/uploads\/2023\/11\/cropped-freedom-i73367.jpg\" \/>\n\t\t<meta property=\"article:published_time\" content=\"2023-10-28T15:00:51+00:00\" \/>\n\t\t<meta property=\"article:modified_time\" content=\"2023-10-28T15:02:58+00:00\" \/>\n\t\t<meta name=\"twitter:card\" content=\"summary_large_image\" \/>\n\t\t<meta name=\"twitter:title\" content=\"Norymberga \u2013 Rozprawa w sprawie COVID \u2013 9 Listopada - Wolno\u015b\u0107 i Anarchia\" \/>\n\t\t<meta name=\"twitter:description\" content=\"Dwa tygodnie do rozprawy publicznej w Norymberdze, kt\u00f3ra odb\u0119dzie si\u0119 9 listopada, s\u0105d NAKAZA\u0141 s\u0119dziemu, kt\u00f3ry mo\u017ce powstrzyma\u0107 eksperymentalne strza\u0142y Covid! Tik tak... dni, w kt\u00f3rych eksperymenty na ludziach s\u0105 w porz\u0105dku i eleganckie, s\u0105 policzone. Dwa tygodnie i odliczamy do czasu, a\u017c s\u0119dzia wys\u0142ucha nas w sprawie narusze\u0144 Kodeksu Norymberskiego w zakresie szczepionek na\" \/>\n\t\t<meta name=\"twitter:image\" content=\"https:\/\/wia.net.pl\/wp-content\/uploads\/2023\/11\/cropped-freedom-i73367.jpg\" \/>\n\t\t<script type=\"application\/ld+json\" class=\"aioseo-schema\">\n\t\t\t{\"@context\":\"https:\\\/\\\/schema.org\",\"@graph\":[{\"@type\":\"BlogPosting\",\"@id\":\"https:\\\/\\\/wia.net.pl\\\/index.php\\\/2023\\\/10\\\/28\\\/norymberga-rozprawa-w-sprawie-covid-9-listopada\\\/#blogposting\",\"name\":\"Norymberga \\u2013 Rozprawa w sprawie COVID \\u2013 9 Listopada - Wolno\\u015b\\u0107 i Anarchia\",\"headline\":\"Norymberga &#8211; Rozprawa w sprawie COVID &#8211; 9 Listopada\",\"author\":{\"@id\":\"https:\\\/\\\/wia.net.pl\\\/index.php\\\/author\\\/trinity\\\/#author\"},\"publisher\":{\"@id\":\"https:\\\/\\\/wia.net.pl\\\/#person\"},\"image\":{\"@type\":\"ImageObject\",\"url\":\"https:\\\/\\\/wia.net.pl\\\/wp-content\\\/uploads\\\/2023\\\/10\\\/NORYN.jpg\",\"width\":1920,\"height\":1080},\"datePublished\":\"2023-10-28T17:00:51+02:00\",\"dateModified\":\"2023-10-28T17:02:58+02:00\",\"inLanguage\":\"pl-PL\",\"commentCount\":5,\"mainEntityOfPage\":{\"@id\":\"https:\\\/\\\/wia.net.pl\\\/index.php\\\/2023\\\/10\\\/28\\\/norymberga-rozprawa-w-sprawie-covid-9-listopada\\\/#webpage\"},\"isPartOf\":{\"@id\":\"https:\\\/\\\/wia.net.pl\\\/index.php\\\/2023\\\/10\\\/28\\\/norymberga-rozprawa-w-sprawie-covid-9-listopada\\\/#webpage\"},\"articleSection\":\"Artyku\\u0142y\"},{\"@type\":\"BreadcrumbList\",\"@id\":\"https:\\\/\\\/wia.net.pl\\\/index.php\\\/2023\\\/10\\\/28\\\/norymberga-rozprawa-w-sprawie-covid-9-listopada\\\/#breadcrumblist\",\"itemListElement\":[{\"@type\":\"ListItem\",\"@id\":\"https:\\\/\\\/wia.net.pl#listItem\",\"position\":1,\"name\":\"Home\",\"item\":\"https:\\\/\\\/wia.net.pl\",\"nextItem\":{\"@type\":\"ListItem\",\"@id\":\"https:\\\/\\\/wia.net.pl\\\/index.php\\\/category\\\/artykuly\\\/#listItem\",\"name\":\"Artyku\\u0142y\"}},{\"@type\":\"ListItem\",\"@id\":\"https:\\\/\\\/wia.net.pl\\\/index.php\\\/category\\\/artykuly\\\/#listItem\",\"position\":2,\"name\":\"Artyku\\u0142y\",\"item\":\"https:\\\/\\\/wia.net.pl\\\/index.php\\\/category\\\/artykuly\\\/\",\"nextItem\":{\"@type\":\"ListItem\",\"@id\":\"https:\\\/\\\/wia.net.pl\\\/index.php\\\/2023\\\/10\\\/28\\\/norymberga-rozprawa-w-sprawie-covid-9-listopada\\\/#listItem\",\"name\":\"Norymberga &#8211; Rozprawa w sprawie COVID &#8211; 9 Listopada\"},\"previousItem\":{\"@type\":\"ListItem\",\"@id\":\"https:\\\/\\\/wia.net.pl#listItem\",\"name\":\"Home\"}},{\"@type\":\"ListItem\",\"@id\":\"https:\\\/\\\/wia.net.pl\\\/index.php\\\/2023\\\/10\\\/28\\\/norymberga-rozprawa-w-sprawie-covid-9-listopada\\\/#listItem\",\"position\":3,\"name\":\"Norymberga &#8211; Rozprawa w sprawie COVID &#8211; 9 Listopada\",\"previousItem\":{\"@type\":\"ListItem\",\"@id\":\"https:\\\/\\\/wia.net.pl\\\/index.php\\\/category\\\/artykuly\\\/#listItem\",\"name\":\"Artyku\\u0142y\"}}]},{\"@type\":\"Person\",\"@id\":\"https:\\\/\\\/wia.net.pl\\\/#person\",\"name\":\"Bart\\u0142omiej Talarczyk\",\"image\":{\"@type\":\"ImageObject\",\"@id\":\"https:\\\/\\\/wia.net.pl\\\/index.php\\\/2023\\\/10\\\/28\\\/norymberga-rozprawa-w-sprawie-covid-9-listopada\\\/#personImage\",\"url\":\"https:\\\/\\\/wia.net.pl\\\/wp-content\\\/uploads\\\/avatar-privacy\\\/cache\\\/user\\\/1\\\/7\\\/176a6b161c58363ff49b5c167264231f519f5c7fa183ca1f61e891769b6b56d5-96.jpg\",\"width\":96,\"height\":96,\"caption\":\"Bart\\u0142omiej Talarczyk\"}},{\"@type\":\"Person\",\"@id\":\"https:\\\/\\\/wia.net.pl\\\/index.php\\\/author\\\/trinity\\\/#author\",\"url\":\"https:\\\/\\\/wia.net.pl\\\/index.php\\\/author\\\/trinity\\\/\",\"name\":\"trinity\",\"image\":{\"@type\":\"ImageObject\",\"@id\":\"https:\\\/\\\/wia.net.pl\\\/index.php\\\/2023\\\/10\\\/28\\\/norymberga-rozprawa-w-sprawie-covid-9-listopada\\\/#authorImage\",\"url\":\"https:\\\/\\\/wia.net.pl\\\/wp-content\\\/uploads\\\/avatar-privacy\\\/cache\\\/user\\\/5\\\/f\\\/5f6547cf82495eaa10e100a6a45d5dbde2dfdc1be88557de2018fca705bdf6f1-96.jpg\",\"width\":96,\"height\":96,\"caption\":\"trinity\"}},{\"@type\":\"WebPage\",\"@id\":\"https:\\\/\\\/wia.net.pl\\\/index.php\\\/2023\\\/10\\\/28\\\/norymberga-rozprawa-w-sprawie-covid-9-listopada\\\/#webpage\",\"url\":\"https:\\\/\\\/wia.net.pl\\\/index.php\\\/2023\\\/10\\\/28\\\/norymberga-rozprawa-w-sprawie-covid-9-listopada\\\/\",\"name\":\"Norymberga \\u2013 Rozprawa w sprawie COVID \\u2013 9 Listopada - Wolno\\u015b\\u0107 i Anarchia\",\"description\":\"Dwa tygodnie do rozprawy publicznej w Norymberdze, kt\\u00f3ra odb\\u0119dzie si\\u0119 9 listopada, s\\u0105d NAKAZA\\u0141 s\\u0119dziemu, kt\\u00f3ry mo\\u017ce powstrzyma\\u0107 eksperymentalne strza\\u0142y Covid! Tik tak... dni, w kt\\u00f3rych eksperymenty na ludziach s\\u0105 w porz\\u0105dku i eleganckie, s\\u0105 policzone. Dwa tygodnie i odliczamy do czasu, a\\u017c s\\u0119dzia wys\\u0142ucha nas w sprawie narusze\\u0144 Kodeksu Norymberskiego w zakresie szczepionek na\",\"inLanguage\":\"pl-PL\",\"isPartOf\":{\"@id\":\"https:\\\/\\\/wia.net.pl\\\/#website\"},\"breadcrumb\":{\"@id\":\"https:\\\/\\\/wia.net.pl\\\/index.php\\\/2023\\\/10\\\/28\\\/norymberga-rozprawa-w-sprawie-covid-9-listopada\\\/#breadcrumblist\"},\"author\":{\"@id\":\"https:\\\/\\\/wia.net.pl\\\/index.php\\\/author\\\/trinity\\\/#author\"},\"creator\":{\"@id\":\"https:\\\/\\\/wia.net.pl\\\/index.php\\\/author\\\/trinity\\\/#author\"},\"image\":{\"@type\":\"ImageObject\",\"url\":\"https:\\\/\\\/wia.net.pl\\\/wp-content\\\/uploads\\\/2023\\\/10\\\/NORYN.jpg\",\"@id\":\"https:\\\/\\\/wia.net.pl\\\/index.php\\\/2023\\\/10\\\/28\\\/norymberga-rozprawa-w-sprawie-covid-9-listopada\\\/#mainImage\",\"width\":1920,\"height\":1080},\"primaryImageOfPage\":{\"@id\":\"https:\\\/\\\/wia.net.pl\\\/index.php\\\/2023\\\/10\\\/28\\\/norymberga-rozprawa-w-sprawie-covid-9-listopada\\\/#mainImage\"},\"datePublished\":\"2023-10-28T17:00:51+02:00\",\"dateModified\":\"2023-10-28T17:02:58+02:00\"},{\"@type\":\"WebSite\",\"@id\":\"https:\\\/\\\/wia.net.pl\\\/#website\",\"url\":\"https:\\\/\\\/wia.net.pl\\\/\",\"name\":\"Wolno\\u015b\\u0107 i Anarchia\",\"description\":\"Ka\\u017cdy wewn\\u0119trznie jest anarchist\\u0105.\",\"inLanguage\":\"pl-PL\",\"publisher\":{\"@id\":\"https:\\\/\\\/wia.net.pl\\\/#person\"}}]}\n\t\t<\/script>\n\t\t<!-- All in One SEO -->\n\n","aioseo_head_json":{"title":"Norymberga \u2013 Rozprawa w sprawie COVID \u2013 9 Listopada - Wolno\u015b\u0107 i Anarchia","description":"Dwa tygodnie do rozprawy publicznej w Norymberdze, kt\u00f3ra odb\u0119dzie si\u0119 9 listopada, s\u0105d NAKAZA\u0141 s\u0119dziemu, kt\u00f3ry mo\u017ce powstrzyma\u0107 eksperymentalne strza\u0142y Covid! Tik tak... dni, w kt\u00f3rych eksperymenty na ludziach s\u0105 w porz\u0105dku i eleganckie, s\u0105 policzone. Dwa tygodnie i odliczamy do czasu, a\u017c s\u0119dzia wys\u0142ucha nas w sprawie narusze\u0144 Kodeksu Norymberskiego w zakresie szczepionek na","canonical_url":"https:\/\/wia.net.pl\/index.php\/2023\/10\/28\/norymberga-rozprawa-w-sprawie-covid-9-listopada\/","robots":"max-image-preview:large","keywords":"","webmasterTools":{"miscellaneous":""},"schema":{"@context":"https:\/\/schema.org","@graph":[{"@type":"BlogPosting","@id":"https:\/\/wia.net.pl\/index.php\/2023\/10\/28\/norymberga-rozprawa-w-sprawie-covid-9-listopada\/#blogposting","name":"Norymberga \u2013 Rozprawa w sprawie COVID \u2013 9 Listopada - Wolno\u015b\u0107 i Anarchia","headline":"Norymberga &#8211; Rozprawa w sprawie COVID &#8211; 9 Listopada","author":{"@id":"https:\/\/wia.net.pl\/index.php\/author\/trinity\/#author"},"publisher":{"@id":"https:\/\/wia.net.pl\/#person"},"image":{"@type":"ImageObject","url":"https:\/\/wia.net.pl\/wp-content\/uploads\/2023\/10\/NORYN.jpg","width":1920,"height":1080},"datePublished":"2023-10-28T17:00:51+02:00","dateModified":"2023-10-28T17:02:58+02:00","inLanguage":"pl-PL","commentCount":5,"mainEntityOfPage":{"@id":"https:\/\/wia.net.pl\/index.php\/2023\/10\/28\/norymberga-rozprawa-w-sprawie-covid-9-listopada\/#webpage"},"isPartOf":{"@id":"https:\/\/wia.net.pl\/index.php\/2023\/10\/28\/norymberga-rozprawa-w-sprawie-covid-9-listopada\/#webpage"},"articleSection":"Artyku\u0142y"},{"@type":"BreadcrumbList","@id":"https:\/\/wia.net.pl\/index.php\/2023\/10\/28\/norymberga-rozprawa-w-sprawie-covid-9-listopada\/#breadcrumblist","itemListElement":[{"@type":"ListItem","@id":"https:\/\/wia.net.pl#listItem","position":1,"name":"Home","item":"https:\/\/wia.net.pl","nextItem":{"@type":"ListItem","@id":"https:\/\/wia.net.pl\/index.php\/category\/artykuly\/#listItem","name":"Artyku\u0142y"}},{"@type":"ListItem","@id":"https:\/\/wia.net.pl\/index.php\/category\/artykuly\/#listItem","position":2,"name":"Artyku\u0142y","item":"https:\/\/wia.net.pl\/index.php\/category\/artykuly\/","nextItem":{"@type":"ListItem","@id":"https:\/\/wia.net.pl\/index.php\/2023\/10\/28\/norymberga-rozprawa-w-sprawie-covid-9-listopada\/#listItem","name":"Norymberga &#8211; Rozprawa w sprawie COVID &#8211; 9 Listopada"},"previousItem":{"@type":"ListItem","@id":"https:\/\/wia.net.pl#listItem","name":"Home"}},{"@type":"ListItem","@id":"https:\/\/wia.net.pl\/index.php\/2023\/10\/28\/norymberga-rozprawa-w-sprawie-covid-9-listopada\/#listItem","position":3,"name":"Norymberga &#8211; Rozprawa w sprawie COVID &#8211; 9 Listopada","previousItem":{"@type":"ListItem","@id":"https:\/\/wia.net.pl\/index.php\/category\/artykuly\/#listItem","name":"Artyku\u0142y"}}]},{"@type":"Person","@id":"https:\/\/wia.net.pl\/#person","name":"Bart\u0142omiej Talarczyk","image":{"@type":"ImageObject","@id":"https:\/\/wia.net.pl\/index.php\/2023\/10\/28\/norymberga-rozprawa-w-sprawie-covid-9-listopada\/#personImage","url":"https:\/\/wia.net.pl\/wp-content\/uploads\/avatar-privacy\/cache\/user\/1\/7\/176a6b161c58363ff49b5c167264231f519f5c7fa183ca1f61e891769b6b56d5-96.jpg","width":96,"height":96,"caption":"Bart\u0142omiej Talarczyk"}},{"@type":"Person","@id":"https:\/\/wia.net.pl\/index.php\/author\/trinity\/#author","url":"https:\/\/wia.net.pl\/index.php\/author\/trinity\/","name":"trinity","image":{"@type":"ImageObject","@id":"https:\/\/wia.net.pl\/index.php\/2023\/10\/28\/norymberga-rozprawa-w-sprawie-covid-9-listopada\/#authorImage","url":"https:\/\/wia.net.pl\/wp-content\/uploads\/avatar-privacy\/cache\/user\/5\/f\/5f6547cf82495eaa10e100a6a45d5dbde2dfdc1be88557de2018fca705bdf6f1-96.jpg","width":96,"height":96,"caption":"trinity"}},{"@type":"WebPage","@id":"https:\/\/wia.net.pl\/index.php\/2023\/10\/28\/norymberga-rozprawa-w-sprawie-covid-9-listopada\/#webpage","url":"https:\/\/wia.net.pl\/index.php\/2023\/10\/28\/norymberga-rozprawa-w-sprawie-covid-9-listopada\/","name":"Norymberga \u2013 Rozprawa w sprawie COVID \u2013 9 Listopada - Wolno\u015b\u0107 i Anarchia","description":"Dwa tygodnie do rozprawy publicznej w Norymberdze, kt\u00f3ra odb\u0119dzie si\u0119 9 listopada, s\u0105d NAKAZA\u0141 s\u0119dziemu, kt\u00f3ry mo\u017ce powstrzyma\u0107 eksperymentalne strza\u0142y Covid! Tik tak... dni, w kt\u00f3rych eksperymenty na ludziach s\u0105 w porz\u0105dku i eleganckie, s\u0105 policzone. Dwa tygodnie i odliczamy do czasu, a\u017c s\u0119dzia wys\u0142ucha nas w sprawie narusze\u0144 Kodeksu Norymberskiego w zakresie szczepionek na","inLanguage":"pl-PL","isPartOf":{"@id":"https:\/\/wia.net.pl\/#website"},"breadcrumb":{"@id":"https:\/\/wia.net.pl\/index.php\/2023\/10\/28\/norymberga-rozprawa-w-sprawie-covid-9-listopada\/#breadcrumblist"},"author":{"@id":"https:\/\/wia.net.pl\/index.php\/author\/trinity\/#author"},"creator":{"@id":"https:\/\/wia.net.pl\/index.php\/author\/trinity\/#author"},"image":{"@type":"ImageObject","url":"https:\/\/wia.net.pl\/wp-content\/uploads\/2023\/10\/NORYN.jpg","@id":"https:\/\/wia.net.pl\/index.php\/2023\/10\/28\/norymberga-rozprawa-w-sprawie-covid-9-listopada\/#mainImage","width":1920,"height":1080},"primaryImageOfPage":{"@id":"https:\/\/wia.net.pl\/index.php\/2023\/10\/28\/norymberga-rozprawa-w-sprawie-covid-9-listopada\/#mainImage"},"datePublished":"2023-10-28T17:00:51+02:00","dateModified":"2023-10-28T17:02:58+02:00"},{"@type":"WebSite","@id":"https:\/\/wia.net.pl\/#website","url":"https:\/\/wia.net.pl\/","name":"Wolno\u015b\u0107 i Anarchia","description":"Ka\u017cdy wewn\u0119trznie jest anarchist\u0105.","inLanguage":"pl-PL","publisher":{"@id":"https:\/\/wia.net.pl\/#person"}}]},"og:locale":"pl_PL","og:site_name":"Wolno\u015b\u0107 i Anarchia - Ka\u017cdy wewn\u0119trznie jest anarchist\u0105.","og:type":"article","og:title":"Norymberga \u2013 Rozprawa w sprawie COVID \u2013 9 Listopada - Wolno\u015b\u0107 i Anarchia","og:description":"Dwa tygodnie do rozprawy publicznej w Norymberdze, kt\u00f3ra odb\u0119dzie si\u0119 9 listopada, s\u0105d NAKAZA\u0141 s\u0119dziemu, kt\u00f3ry mo\u017ce powstrzyma\u0107 eksperymentalne strza\u0142y Covid! Tik tak... dni, w kt\u00f3rych eksperymenty na ludziach s\u0105 w porz\u0105dku i eleganckie, s\u0105 policzone. Dwa tygodnie i odliczamy do czasu, a\u017c s\u0119dzia wys\u0142ucha nas w sprawie narusze\u0144 Kodeksu Norymberskiego w zakresie szczepionek na","og:url":"https:\/\/wia.net.pl\/index.php\/2023\/10\/28\/norymberga-rozprawa-w-sprawie-covid-9-listopada\/","og:image":"https:\/\/wia.net.pl\/wp-content\/uploads\/2023\/11\/cropped-freedom-i73367.jpg","og:image:secure_url":"https:\/\/wia.net.pl\/wp-content\/uploads\/2023\/11\/cropped-freedom-i73367.jpg","article:published_time":"2023-10-28T15:00:51+00:00","article:modified_time":"2023-10-28T15:02:58+00:00","twitter:card":"summary_large_image","twitter:title":"Norymberga \u2013 Rozprawa w sprawie COVID \u2013 9 Listopada - Wolno\u015b\u0107 i Anarchia","twitter:description":"Dwa tygodnie do rozprawy publicznej w Norymberdze, kt\u00f3ra odb\u0119dzie si\u0119 9 listopada, s\u0105d NAKAZA\u0141 s\u0119dziemu, kt\u00f3ry mo\u017ce powstrzyma\u0107 eksperymentalne strza\u0142y Covid! Tik tak... dni, w kt\u00f3rych eksperymenty na ludziach s\u0105 w porz\u0105dku i eleganckie, s\u0105 policzone. Dwa tygodnie i odliczamy do czasu, a\u017c s\u0119dzia wys\u0142ucha nas w sprawie narusze\u0144 Kodeksu Norymberskiego w zakresie szczepionek na","twitter:image":"https:\/\/wia.net.pl\/wp-content\/uploads\/2023\/11\/cropped-freedom-i73367.jpg"},"aioseo_meta_data":{"post_id":"5195","title":null,"description":null,"keywords":[],"keyphrases":{"focus":{"keyphrase":"","score":0,"analysis":{"keyphraseInTitle":{"score":0,"maxScore":9,"error":1}}},"additional":[]},"primary_term":null,"canonical_url":null,"og_title":null,"og_description":null,"og_object_type":"default","og_image_type":"default","og_image_url":null,"og_image_width":null,"og_image_height":null,"og_image_custom_url":null,"og_image_custom_fields":null,"og_video":"","og_custom_url":null,"og_article_section":null,"og_article_tags":[],"twitter_use_og":false,"twitter_card":"default","twitter_image_type":"default","twitter_image_url":null,"twitter_image_custom_url":null,"twitter_image_custom_fields":null,"twitter_title":null,"twitter_description":null,"schema":{"blockGraphs":[],"customGraphs":[],"default":{"data":{"Article":[],"Course":[],"Dataset":[],"FAQPage":[],"Movie":[],"Person":[],"Product":[],"ProductReview":[],"Car":[],"Recipe":[],"Service":[],"SoftwareApplication":[],"WebPage":[]},"graphName":"BlogPosting","isEnabled":true},"graphs":[]},"schema_type":"default","schema_type_options":null,"pillar_content":false,"robots_default":true,"robots_noindex":false,"robots_noarchive":false,"robots_nosnippet":false,"robots_nofollow":false,"robots_noimageindex":false,"robots_noodp":false,"robots_notranslate":false,"robots_max_snippet":"-1","robots_max_videopreview":"-1","robots_max_imagepreview":"large","priority":null,"frequency":"default","local_seo":null,"breadcrumb_settings":null,"limit_modified_date":false,"ai":null,"created":"2023-10-28 15:00:52","updated":"2025-06-04 09:38:23","seo_analyzer_scan_date":null,"focus_keyword":null,"additional_keywords":null,"truseo_locale":null},"aioseo_breadcrumb":"<div class=\"aioseo-breadcrumbs\"><span class=\"aioseo-breadcrumb\">\n\t\t\t<a href=\"https:\/\/wia.net.pl\" title=\"Home\">Home<\/a>\n\t\t<\/span><span class=\"aioseo-breadcrumb-separator\">&raquo;<\/span><span class=\"aioseo-breadcrumb\">\n\t\t\t<a href=\"https:\/\/wia.net.pl\/index.php\/category\/artykuly\/\" title=\"Artyku\u0142y\">Artyku\u0142y<\/a>\n\t\t<\/span><span class=\"aioseo-breadcrumb-separator\">&raquo;<\/span><span class=\"aioseo-breadcrumb\">\n\t\t\tNorymberga \u2013 Rozprawa w sprawie COVID \u2013 9 Listopada\n\t\t<\/span><\/div>","aioseo_breadcrumb_json":[{"label":"Home","link":"https:\/\/wia.net.pl"},{"label":"Artyku\u0142y","link":"https:\/\/wia.net.pl\/index.php\/category\/artykuly\/"},{"label":"Norymberga &#8211; Rozprawa w sprawie COVID &#8211; 9 Listopada","link":"https:\/\/wia.net.pl\/index.php\/2023\/10\/28\/norymberga-rozprawa-w-sprawie-covid-9-listopada\/"}],"_links":{"self":[{"href":"https:\/\/wia.net.pl\/index.php\/wp-json\/wp\/v2\/posts\/5195"}],"collection":[{"href":"https:\/\/wia.net.pl\/index.php\/wp-json\/wp\/v2\/posts"}],"about":[{"href":"https:\/\/wia.net.pl\/index.php\/wp-json\/wp\/v2\/types\/post"}],"author":[{"embeddable":true,"href":"https:\/\/wia.net.pl\/index.php\/wp-json\/wp\/v2\/users\/2"}],"replies":[{"embeddable":true,"href":"https:\/\/wia.net.pl\/index.php\/wp-json\/wp\/v2\/comments?post=5195"}],"version-history":[{"count":1,"href":"https:\/\/wia.net.pl\/index.php\/wp-json\/wp\/v2\/posts\/5195\/revisions"}],"predecessor-version":[{"id":5199,"href":"https:\/\/wia.net.pl\/index.php\/wp-json\/wp\/v2\/posts\/5195\/revisions\/5199"}],"wp:featuredmedia":[{"embeddable":true,"href":"https:\/\/wia.net.pl\/index.php\/wp-json\/wp\/v2\/media\/5200"}],"wp:attachment":[{"href":"https:\/\/wia.net.pl\/index.php\/wp-json\/wp\/v2\/media?parent=5195"}],"wp:term":[{"taxonomy":"category","embeddable":true,"href":"https:\/\/wia.net.pl\/index.php\/wp-json\/wp\/v2\/categories?post=5195"},{"taxonomy":"post_tag","embeddable":true,"href":"https:\/\/wia.net.pl\/index.php\/wp-json\/wp\/v2\/tags?post=5195"}],"curies":[{"name":"wp","href":"https:\/\/api.w.org\/{rel}","templated":true}]}}