{"id":5210,"date":"2023-10-28T18:29:06","date_gmt":"2023-10-28T16:29:06","guid":{"rendered":"https:\/\/wia.net.pl\/?p=5210"},"modified":"2023-10-28T18:29:07","modified_gmt":"2023-10-28T16:29:07","slug":"ai-rozwiazaniem-na-przestepczosc-w-szwecji","status":"publish","type":"post","link":"https:\/\/wia.net.pl\/index.php\/2023\/10\/28\/ai-rozwiazaniem-na-przestepczosc-w-szwecji\/","title":{"rendered":"AI rozwi\u0105zaniem na przest\u0119pczo\u015b\u0107 w Szwecji"},"content":{"rendered":"\n<p>Szwedzki organ ds. ochrony prywatno\u015bci sprzeciwia si\u0119 propozycji policji dotycz\u0105cej stosowania danych biometrycznych w paszportach<\/p>\n\n\n\n<p>Autor, <a href=\"https:\/\/www.biometricupdate.com\/author\/mashaborak\">Masha Borak<\/a>, 26.10.2023<\/p>\n\n\n\n<figure class=\"wp-block-image size-full is-resized\"><img loading=\"lazy\" decoding=\"async\" width=\"733\" height=\"314\" src=\"https:\/\/wia.net.pl\/wp-content\/uploads\/2023\/10\/melker_dahlstrand-the_swedish_border-8358-1.webp\" alt=\"\" class=\"wp-image-5212\" style=\"aspect-ratio:2.3343949044585988;width:838px;height:auto\" srcset=\"https:\/\/wia.net.pl\/wp-content\/uploads\/2023\/10\/melker_dahlstrand-the_swedish_border-8358-1.webp 733w, https:\/\/wia.net.pl\/wp-content\/uploads\/2023\/10\/melker_dahlstrand-the_swedish_border-8358-1-300x129.webp 300w\" sizes=\"(max-width: 733px) 100vw, 733px\" \/><\/figure>\n\n\n\n<p>Szwedzkie organy \u015bcigania naciskaj\u0105&nbsp;<a href=\"https:\/\/www.biometricupdate.com\/202310\/gang-violence-pushes-sweden-to-consider-face-biometrics-as-surveillance-cameras-multiply\">na<\/a>&nbsp;zwi\u0119kszenie wykorzystania danych biometrycznych w swojej pracy po fali przemocy zwi\u0105zanej z gangami, kt\u00f3ra wstrz\u0105sn\u0119\u0142a krajem nordyckim.&nbsp;Krajowy organ nadzoruj\u0105cy prywatno\u015b\u0107 danych opublikowa\u0142 obecnie opini\u0119 na temat propozycji policji dotycz\u0105cej wykorzystania danych biometrycznych przechowywanych w szwedzkim rejestrze paszport\u00f3w do zwalczania przest\u0119pczo\u015bci.<\/p>\n\n\n\n<p>W&nbsp;<a href=\"https:\/\/www.imy.se\/globalassets\/dokument\/remissvar\/2023\/yttrande-biometri-for-en-effektivare-brottsbekampning.pdf\">raporcie<\/a>&nbsp;opublikowanym w zesz\u0142ym tygodniu szwedzki Urz\u0105d ds. Ochrony Prywatno\u015bci (IMY) stwierdzi\u0142, \u017ce propozycje te s\u0105 \u201ebardzo dalekosi\u0119\u017cne\u201d i nios\u0105 ze sob\u0105 znaczne ryzyko dla prywatno\u015bci.&nbsp;Zdaniem agencji wykorzystywanie danych z rejestru paszport\u00f3w do cel\u00f3w egzekwowania prawa by\u0142oby \u201epowa\u017cn\u0105 i fundamentaln\u0105 zmian\u0105\u201d sprzeczn\u0105 zar\u00f3wno ze szwedzk\u0105 konstytucj\u0105, jak i prawem UE.<\/p>\n\n\n\n<p>Agencja twierdzi, \u017ce nadmierne przechowywanie takich danych biometrycznych stwarza\u0142oby powa\u017cne ryzyko dla prywatno\u015bci, w tym ryzyko nadu\u017cy\u0107 i nieuprawnionego u\u017cycia, a tak\u017ce mo\u017cliwo\u015b\u0107 dyskryminacji lub b\u0142\u0119dnej identyfikacji.<\/p>\n\n\n\n<p>\u201eIstnieje ogromne zapotrzebowanie na skuteczne narz\u0119dzia egzekwowania prawa, aby upora\u0107 si\u0119 z powa\u017cn\u0105 przest\u0119pczo\u015bci\u0105, kt\u00f3ra rozwin\u0119\u0142a si\u0119 w Szwecji\u201d \u2013 m\u00f3wi zast\u0119pca dyrektora organizacji nadzorczej Karin L\u00f6nnheden.&nbsp;\u201eJednak propozycje s\u0105 w niekt\u00f3rych obszarach bardzo daleko id\u0105ce.&nbsp;Dotyczy to w szczeg\u00f3lno\u015bci propozycji, aby rejestr paszportowy sta\u0142 si\u0119 rejestrem biometrycznym, kt\u00f3ry mo\u017cna wykorzysta\u0107 do cel\u00f3w egzekwowania prawa.\u201d<\/p>\n\n\n\n<p>Policja zaproponowa\u0142a tak\u017ce rozszerzenie zakresu rozpoznawania twarzy i monitoringu CCTV, w tym czterokrotne zwi\u0119kszenie liczby kamer, z kt\u00f3rych mo\u017ce korzysta\u0107 policja.&nbsp;Wzrost liczby incydent\u00f3w zwi\u0105zanych z gangami, w tym z broni\u0105 paln\u0105 i materia\u0142ami wybuchowymi, zmusi\u0142 rz\u0105d i inne strony do zbadania proponowanej zmiany w zakresie nadzoru w ramach przyspieszonego dochodzenia.&nbsp;<a href=\"https:\/\/www.biometricupdate.com\/202310\/gang-violence-pushes-sweden-to-consider-face-biometrics-as-surveillance-cameras-multiply\">\u015aledztwo mo\u017ce zosta\u0107 zako\u0144czone ju\u017c wiosn\u0105 \u2013 oznajmi\u0142<\/a>&nbsp;na pocz\u0105tku pa\u017adziernika&nbsp;minister sprawiedliwo\u015bci .<\/p>\n\n\n\n<p>Szwedzki Urz\u0105d Ochrony Prywatno\u015bci ostrzega jednak, \u017ce kontynuacja tworzenia rejestru danych biometrycznych twarzy obejmuj\u0105cego wi\u0119kszo\u015b\u0107 szwedzkiej populacji spowoduje ryzyko identyfikacji wi\u0119kszo\u015bci os\u00f3b w przestrzeni publicznej.<\/p>\n\n\n\n<p>\u201eNa d\u0142u\u017csz\u0105 met\u0119 zagro\u017cenia te zagra\u017caj\u0105 nie tylko prywatno\u015bci, ale tak\u017ce innym prawom podstawowym, takim jak wolno\u015b\u0107 demonstracji i wolno\u015b\u0107 s\u0142owa\u201d \u2013 m\u00f3wi Lisa Zettervall, specjalistka ds. prawnych agencji.<\/p>\n\n\n\n<p>W\u0142adze policyjne proponuj\u0105, aby do grudnia 2023 r. pod\u0142\u0105czy\u0107 2500 nowych i istniej\u0105cych kamer do policyjnych algorytm\u00f3w rozpoznawania twarzy, czyli o 900 wi\u0119cej ni\u017c wcze\u015bniej planowano.&nbsp;Ta sama propozycja zwi\u0119kszy\u0142aby r\u00f3wnie\u017c wykorzystanie przez policj\u0119 automatycznego rozpoznawania tablic rejestracyjnych.&nbsp;Do sieci mog\u0105 tak\u017ce do\u0142\u0105czy\u0107 drony i kamery drogowe obs\u0142ugiwane przez szwedzki Urz\u0105d Transportu.<\/p>\n\n\n\n<p>Na pocz\u0105tku miesi\u0105ca szwedzka policja otrzyma\u0142a szersze uprawnienia w zakresie inwigilacji, w tym stosowania identyfikator\u00f3w biometrycznych.\u00a0Wcze\u015bniej wi\u0119kszo\u015b\u0107 uprawnie\u0144 w zakresie nadzoru publicznego posiada\u0142a s\u0142u\u017cba bezpiecze\u0144stwa narodowego S\u00e4po.<\/p>\n\n\n\n<p><em>Masza Borak jest dziennikark\u0105 technologiczn\u0105.\u00a0Jej prace pojawia\u0142y si\u0119 w Wired, Business Insider, Rest of World i innych mediach.\u00a0Wcze\u015bniej pracowa\u0142a dla South China Morning Post w Hongkongu.\u00a0Skontaktuj si\u0119 z ni\u0105 pod adresem masha@biometricupdate.com.<\/em><\/p>\n\n\n\n<p><em><strong>Source:\u00a0<a href=\"https:\/\/www.biometricupdate.com\/202310\/swedish-privacy-watchdog-opposes-police-proposal-to-use-passport-biometrics\">Biometric Update<\/a><\/strong><\/em><\/p>\n\n\n\n<p>\u0179r\u00f3d\u0142o <a href=\"https:\/\/www.activistpost.com\/2023\/10\/swedish-privacy-watchdog-opposes-police-proposal-to-use-passport-biometrics.html\">https:\/\/www.activistpost.com\/2023\/10\/swedish-privacy-watchdog-opposes-police-proposal-to-use-passport-biometrics.html<\/a><\/p>\n","protected":false},"excerpt":{"rendered":"<p>Szwedzki organ ds. ochrony prywatno\u015bci sprzeciwia si\u0119 propozycji policji dotycz\u0105cej stosowania danych biometrycznych w paszportach Autor, Masha Borak, 26.10.2023 Szwedzkie organy \u015bcigania naciskaj\u0105&nbsp;na&nbsp;zwi\u0119kszenie wykorzystania danych biometrycznych w swojej pracy po fali przemocy zwi\u0105zanej z gangami, kt\u00f3ra wstrz\u0105sn\u0119\u0142a krajem nordyckim.&nbsp;Krajowy organ&#8230; <\/p>\n","protected":false},"author":2,"featured_media":5212,"comment_status":"open","ping_status":"open","sticky":false,"template":"","format":"standard","meta":{"_acf_changed":false,"_bbp_topic_count":0,"_bbp_reply_count":0,"_bbp_total_topic_count":0,"_bbp_total_reply_count":0,"_bbp_voice_count":0,"_bbp_anonymous_reply_count":0,"_bbp_topic_count_hidden":0,"_bbp_reply_count_hidden":0,"_bbp_forum_subforum_count":0,"om_disable_all_campaigns":false,"_monsterinsights_skip_tracking":false,"footnotes":""},"categories":[93],"tags":[],"class_list":["post-5210","post","type-post","status-publish","format-standard","has-post-thumbnail","hentry","category-artykuly"],"acf":[],"aioseo_notices":[],"aioseo_head":"\n\t\t<!-- All in One SEO 5.0.1.1 - aioseo.com -->\n\t<meta name=\"description\" content=\"Szwedzki organ ds. ochrony prywatno\u015bci sprzeciwia si\u0119 propozycji policji dotycz\u0105cej stosowania danych biometrycznych w paszportach Autor, Masha Borak, 26.10.2023 Szwedzkie organy \u015bcigania naciskaj\u0105 na zwi\u0119kszenie wykorzystania danych biometrycznych w swojej pracy po fali przemocy zwi\u0105zanej z gangami, kt\u00f3ra wstrz\u0105sn\u0119\u0142a krajem nordyckim. Krajowy organ nadzoruj\u0105cy prywatno\u015b\u0107 danych opublikowa\u0142 obecnie opini\u0119 na temat propozycji policji dotycz\u0105cej wykorzystania danych biometrycznych przechowywanych\" \/>\n\t<meta name=\"robots\" content=\"max-image-preview:large\" \/>\n\t<meta name=\"author\" content=\"trinity\"\/>\n\t<link rel=\"canonical\" href=\"https:\/\/wia.net.pl\/index.php\/2023\/10\/28\/ai-rozwiazaniem-na-przestepczosc-w-szwecji\/\" \/>\n\t<meta name=\"generator\" content=\"All in One SEO (AIOSEO) 5.0.1.1\" \/>\n\t\t<meta property=\"og:locale\" content=\"pl_PL\" \/>\n\t\t<meta property=\"og:site_name\" content=\"Wolno\u015b\u0107 i Anarchia - Ka\u017cdy wewn\u0119trznie jest anarchist\u0105.\" \/>\n\t\t<meta property=\"og:type\" content=\"article\" \/>\n\t\t<meta property=\"og:title\" content=\"AI rozwi\u0105zaniem na przest\u0119pczo\u015b\u0107 w Szwecji - Wolno\u015b\u0107 i Anarchia\" \/>\n\t\t<meta property=\"og:description\" content=\"Szwedzki organ ds. ochrony prywatno\u015bci sprzeciwia si\u0119 propozycji policji dotycz\u0105cej stosowania danych biometrycznych w paszportach Autor, Masha Borak, 26.10.2023 Szwedzkie organy \u015bcigania naciskaj\u0105 na zwi\u0119kszenie wykorzystania danych biometrycznych w swojej pracy po fali przemocy zwi\u0105zanej z gangami, kt\u00f3ra wstrz\u0105sn\u0119\u0142a krajem nordyckim. Krajowy organ nadzoruj\u0105cy prywatno\u015b\u0107 danych opublikowa\u0142 obecnie opini\u0119 na temat propozycji policji dotycz\u0105cej wykorzystania danych biometrycznych przechowywanych\" \/>\n\t\t<meta property=\"og:url\" content=\"https:\/\/wia.net.pl\/index.php\/2023\/10\/28\/ai-rozwiazaniem-na-przestepczosc-w-szwecji\/\" \/>\n\t\t<meta property=\"og:image\" content=\"https:\/\/wia.net.pl\/wp-content\/uploads\/2023\/11\/cropped-freedom-i73367.jpg\" \/>\n\t\t<meta property=\"og:image:secure_url\" content=\"https:\/\/wia.net.pl\/wp-content\/uploads\/2023\/11\/cropped-freedom-i73367.jpg\" \/>\n\t\t<meta property=\"article:published_time\" content=\"2023-10-28T16:29:06+00:00\" \/>\n\t\t<meta property=\"article:modified_time\" content=\"2023-10-28T16:29:07+00:00\" \/>\n\t\t<meta name=\"twitter:card\" content=\"summary_large_image\" \/>\n\t\t<meta name=\"twitter:title\" content=\"AI rozwi\u0105zaniem na przest\u0119pczo\u015b\u0107 w Szwecji - Wolno\u015b\u0107 i Anarchia\" \/>\n\t\t<meta name=\"twitter:description\" content=\"Szwedzki organ ds. ochrony prywatno\u015bci sprzeciwia si\u0119 propozycji policji dotycz\u0105cej stosowania danych biometrycznych w paszportach Autor, Masha Borak, 26.10.2023 Szwedzkie organy \u015bcigania naciskaj\u0105 na zwi\u0119kszenie wykorzystania danych biometrycznych w swojej pracy po fali przemocy zwi\u0105zanej z gangami, kt\u00f3ra wstrz\u0105sn\u0119\u0142a krajem nordyckim. Krajowy organ nadzoruj\u0105cy prywatno\u015b\u0107 danych opublikowa\u0142 obecnie opini\u0119 na temat propozycji policji dotycz\u0105cej wykorzystania danych biometrycznych przechowywanych\" \/>\n\t\t<meta name=\"twitter:image\" content=\"https:\/\/wia.net.pl\/wp-content\/uploads\/2023\/11\/cropped-freedom-i73367.jpg\" \/>\n\t\t<script type=\"application\/ld+json\" class=\"aioseo-schema\">\n\t\t\t{\"@context\":\"https:\\\/\\\/schema.org\",\"@graph\":[{\"@type\":\"BlogPosting\",\"@id\":\"https:\\\/\\\/wia.net.pl\\\/index.php\\\/2023\\\/10\\\/28\\\/ai-rozwiazaniem-na-przestepczosc-w-szwecji\\\/#blogposting\",\"name\":\"AI rozwi\\u0105zaniem na przest\\u0119pczo\\u015b\\u0107 w Szwecji - Wolno\\u015b\\u0107 i Anarchia\",\"headline\":\"AI rozwi\\u0105zaniem na przest\\u0119pczo\\u015b\\u0107 w Szwecji\",\"author\":{\"@id\":\"https:\\\/\\\/wia.net.pl\\\/index.php\\\/author\\\/trinity\\\/#author\"},\"publisher\":{\"@id\":\"https:\\\/\\\/wia.net.pl\\\/#person\"},\"image\":{\"@type\":\"ImageObject\",\"url\":\"https:\\\/\\\/wia.net.pl\\\/wp-content\\\/uploads\\\/2023\\\/10\\\/melker_dahlstrand-the_swedish_border-8358-1.webp\",\"width\":733,\"height\":314},\"datePublished\":\"2023-10-28T18:29:06+02:00\",\"dateModified\":\"2023-10-28T18:29:07+02:00\",\"inLanguage\":\"pl-PL\",\"mainEntityOfPage\":{\"@id\":\"https:\\\/\\\/wia.net.pl\\\/index.php\\\/2023\\\/10\\\/28\\\/ai-rozwiazaniem-na-przestepczosc-w-szwecji\\\/#webpage\"},\"isPartOf\":{\"@id\":\"https:\\\/\\\/wia.net.pl\\\/index.php\\\/2023\\\/10\\\/28\\\/ai-rozwiazaniem-na-przestepczosc-w-szwecji\\\/#webpage\"},\"articleSection\":\"Artyku\\u0142y\"},{\"@type\":\"BreadcrumbList\",\"@id\":\"https:\\\/\\\/wia.net.pl\\\/index.php\\\/2023\\\/10\\\/28\\\/ai-rozwiazaniem-na-przestepczosc-w-szwecji\\\/#breadcrumblist\",\"itemListElement\":[{\"@type\":\"ListItem\",\"@id\":\"https:\\\/\\\/wia.net.pl#listItem\",\"position\":1,\"name\":\"Home\",\"item\":\"https:\\\/\\\/wia.net.pl\",\"nextItem\":{\"@type\":\"ListItem\",\"@id\":\"https:\\\/\\\/wia.net.pl\\\/index.php\\\/category\\\/artykuly\\\/#listItem\",\"name\":\"Artyku\\u0142y\"}},{\"@type\":\"ListItem\",\"@id\":\"https:\\\/\\\/wia.net.pl\\\/index.php\\\/category\\\/artykuly\\\/#listItem\",\"position\":2,\"name\":\"Artyku\\u0142y\",\"item\":\"https:\\\/\\\/wia.net.pl\\\/index.php\\\/category\\\/artykuly\\\/\",\"nextItem\":{\"@type\":\"ListItem\",\"@id\":\"https:\\\/\\\/wia.net.pl\\\/index.php\\\/2023\\\/10\\\/28\\\/ai-rozwiazaniem-na-przestepczosc-w-szwecji\\\/#listItem\",\"name\":\"AI rozwi\\u0105zaniem na przest\\u0119pczo\\u015b\\u0107 w Szwecji\"},\"previousItem\":{\"@type\":\"ListItem\",\"@id\":\"https:\\\/\\\/wia.net.pl#listItem\",\"name\":\"Home\"}},{\"@type\":\"ListItem\",\"@id\":\"https:\\\/\\\/wia.net.pl\\\/index.php\\\/2023\\\/10\\\/28\\\/ai-rozwiazaniem-na-przestepczosc-w-szwecji\\\/#listItem\",\"position\":3,\"name\":\"AI rozwi\\u0105zaniem na przest\\u0119pczo\\u015b\\u0107 w Szwecji\",\"previousItem\":{\"@type\":\"ListItem\",\"@id\":\"https:\\\/\\\/wia.net.pl\\\/index.php\\\/category\\\/artykuly\\\/#listItem\",\"name\":\"Artyku\\u0142y\"}}]},{\"@type\":\"Person\",\"@id\":\"https:\\\/\\\/wia.net.pl\\\/#person\",\"name\":\"Bart\\u0142omiej Talarczyk\",\"image\":{\"@type\":\"ImageObject\",\"@id\":\"https:\\\/\\\/wia.net.pl\\\/index.php\\\/2023\\\/10\\\/28\\\/ai-rozwiazaniem-na-przestepczosc-w-szwecji\\\/#personImage\",\"url\":\"https:\\\/\\\/wia.net.pl\\\/wp-content\\\/uploads\\\/avatar-privacy\\\/cache\\\/user\\\/1\\\/7\\\/176a6b161c58363ff49b5c167264231f519f5c7fa183ca1f61e891769b6b56d5-96.jpg\",\"width\":96,\"height\":96,\"caption\":\"Bart\\u0142omiej Talarczyk\"}},{\"@type\":\"Person\",\"@id\":\"https:\\\/\\\/wia.net.pl\\\/index.php\\\/author\\\/trinity\\\/#author\",\"url\":\"https:\\\/\\\/wia.net.pl\\\/index.php\\\/author\\\/trinity\\\/\",\"name\":\"trinity\",\"image\":{\"@type\":\"ImageObject\",\"@id\":\"https:\\\/\\\/wia.net.pl\\\/index.php\\\/2023\\\/10\\\/28\\\/ai-rozwiazaniem-na-przestepczosc-w-szwecji\\\/#authorImage\",\"url\":\"https:\\\/\\\/wia.net.pl\\\/wp-content\\\/uploads\\\/avatar-privacy\\\/cache\\\/user\\\/5\\\/f\\\/5f6547cf82495eaa10e100a6a45d5dbde2dfdc1be88557de2018fca705bdf6f1-96.jpg\",\"width\":96,\"height\":96,\"caption\":\"trinity\"}},{\"@type\":\"WebPage\",\"@id\":\"https:\\\/\\\/wia.net.pl\\\/index.php\\\/2023\\\/10\\\/28\\\/ai-rozwiazaniem-na-przestepczosc-w-szwecji\\\/#webpage\",\"url\":\"https:\\\/\\\/wia.net.pl\\\/index.php\\\/2023\\\/10\\\/28\\\/ai-rozwiazaniem-na-przestepczosc-w-szwecji\\\/\",\"name\":\"AI rozwi\\u0105zaniem na przest\\u0119pczo\\u015b\\u0107 w Szwecji - Wolno\\u015b\\u0107 i Anarchia\",\"description\":\"Szwedzki organ ds. ochrony prywatno\\u015bci sprzeciwia si\\u0119 propozycji policji dotycz\\u0105cej stosowania danych biometrycznych w paszportach Autor, Masha Borak, 26.10.2023 Szwedzkie organy \\u015bcigania naciskaj\\u0105 na zwi\\u0119kszenie wykorzystania danych biometrycznych w swojej pracy po fali przemocy zwi\\u0105zanej z gangami, kt\\u00f3ra wstrz\\u0105sn\\u0119\\u0142a krajem nordyckim. Krajowy organ nadzoruj\\u0105cy prywatno\\u015b\\u0107 danych opublikowa\\u0142 obecnie opini\\u0119 na temat propozycji policji dotycz\\u0105cej wykorzystania danych biometrycznych przechowywanych\",\"inLanguage\":\"pl-PL\",\"isPartOf\":{\"@id\":\"https:\\\/\\\/wia.net.pl\\\/#website\"},\"breadcrumb\":{\"@id\":\"https:\\\/\\\/wia.net.pl\\\/index.php\\\/2023\\\/10\\\/28\\\/ai-rozwiazaniem-na-przestepczosc-w-szwecji\\\/#breadcrumblist\"},\"author\":{\"@id\":\"https:\\\/\\\/wia.net.pl\\\/index.php\\\/author\\\/trinity\\\/#author\"},\"creator\":{\"@id\":\"https:\\\/\\\/wia.net.pl\\\/index.php\\\/author\\\/trinity\\\/#author\"},\"image\":{\"@type\":\"ImageObject\",\"url\":\"https:\\\/\\\/wia.net.pl\\\/wp-content\\\/uploads\\\/2023\\\/10\\\/melker_dahlstrand-the_swedish_border-8358-1.webp\",\"@id\":\"https:\\\/\\\/wia.net.pl\\\/index.php\\\/2023\\\/10\\\/28\\\/ai-rozwiazaniem-na-przestepczosc-w-szwecji\\\/#mainImage\",\"width\":733,\"height\":314},\"primaryImageOfPage\":{\"@id\":\"https:\\\/\\\/wia.net.pl\\\/index.php\\\/2023\\\/10\\\/28\\\/ai-rozwiazaniem-na-przestepczosc-w-szwecji\\\/#mainImage\"},\"datePublished\":\"2023-10-28T18:29:06+02:00\",\"dateModified\":\"2023-10-28T18:29:07+02:00\"},{\"@type\":\"WebSite\",\"@id\":\"https:\\\/\\\/wia.net.pl\\\/#website\",\"url\":\"https:\\\/\\\/wia.net.pl\\\/\",\"name\":\"Wolno\\u015b\\u0107 i Anarchia\",\"description\":\"Ka\\u017cdy wewn\\u0119trznie jest anarchist\\u0105.\",\"inLanguage\":\"pl-PL\",\"publisher\":{\"@id\":\"https:\\\/\\\/wia.net.pl\\\/#person\"}}]}\n\t\t<\/script>\n\t\t<!-- All in One SEO -->\n\n","aioseo_head_json":{"title":"AI rozwi\u0105zaniem na przest\u0119pczo\u015b\u0107 w Szwecji - Wolno\u015b\u0107 i Anarchia","description":"Szwedzki organ ds. ochrony prywatno\u015bci sprzeciwia si\u0119 propozycji policji dotycz\u0105cej stosowania danych biometrycznych w paszportach Autor, Masha Borak, 26.10.2023 Szwedzkie organy \u015bcigania naciskaj\u0105 na zwi\u0119kszenie wykorzystania danych biometrycznych w swojej pracy po fali przemocy zwi\u0105zanej z gangami, kt\u00f3ra wstrz\u0105sn\u0119\u0142a krajem nordyckim. Krajowy organ nadzoruj\u0105cy prywatno\u015b\u0107 danych opublikowa\u0142 obecnie opini\u0119 na temat propozycji policji dotycz\u0105cej wykorzystania danych biometrycznych przechowywanych","canonical_url":"https:\/\/wia.net.pl\/index.php\/2023\/10\/28\/ai-rozwiazaniem-na-przestepczosc-w-szwecji\/","robots":"max-image-preview:large","keywords":"","webmasterTools":{"miscellaneous":""},"schema":{"@context":"https:\/\/schema.org","@graph":[{"@type":"BlogPosting","@id":"https:\/\/wia.net.pl\/index.php\/2023\/10\/28\/ai-rozwiazaniem-na-przestepczosc-w-szwecji\/#blogposting","name":"AI rozwi\u0105zaniem na przest\u0119pczo\u015b\u0107 w Szwecji - Wolno\u015b\u0107 i Anarchia","headline":"AI rozwi\u0105zaniem na przest\u0119pczo\u015b\u0107 w Szwecji","author":{"@id":"https:\/\/wia.net.pl\/index.php\/author\/trinity\/#author"},"publisher":{"@id":"https:\/\/wia.net.pl\/#person"},"image":{"@type":"ImageObject","url":"https:\/\/wia.net.pl\/wp-content\/uploads\/2023\/10\/melker_dahlstrand-the_swedish_border-8358-1.webp","width":733,"height":314},"datePublished":"2023-10-28T18:29:06+02:00","dateModified":"2023-10-28T18:29:07+02:00","inLanguage":"pl-PL","mainEntityOfPage":{"@id":"https:\/\/wia.net.pl\/index.php\/2023\/10\/28\/ai-rozwiazaniem-na-przestepczosc-w-szwecji\/#webpage"},"isPartOf":{"@id":"https:\/\/wia.net.pl\/index.php\/2023\/10\/28\/ai-rozwiazaniem-na-przestepczosc-w-szwecji\/#webpage"},"articleSection":"Artyku\u0142y"},{"@type":"BreadcrumbList","@id":"https:\/\/wia.net.pl\/index.php\/2023\/10\/28\/ai-rozwiazaniem-na-przestepczosc-w-szwecji\/#breadcrumblist","itemListElement":[{"@type":"ListItem","@id":"https:\/\/wia.net.pl#listItem","position":1,"name":"Home","item":"https:\/\/wia.net.pl","nextItem":{"@type":"ListItem","@id":"https:\/\/wia.net.pl\/index.php\/category\/artykuly\/#listItem","name":"Artyku\u0142y"}},{"@type":"ListItem","@id":"https:\/\/wia.net.pl\/index.php\/category\/artykuly\/#listItem","position":2,"name":"Artyku\u0142y","item":"https:\/\/wia.net.pl\/index.php\/category\/artykuly\/","nextItem":{"@type":"ListItem","@id":"https:\/\/wia.net.pl\/index.php\/2023\/10\/28\/ai-rozwiazaniem-na-przestepczosc-w-szwecji\/#listItem","name":"AI rozwi\u0105zaniem na przest\u0119pczo\u015b\u0107 w Szwecji"},"previousItem":{"@type":"ListItem","@id":"https:\/\/wia.net.pl#listItem","name":"Home"}},{"@type":"ListItem","@id":"https:\/\/wia.net.pl\/index.php\/2023\/10\/28\/ai-rozwiazaniem-na-przestepczosc-w-szwecji\/#listItem","position":3,"name":"AI rozwi\u0105zaniem na przest\u0119pczo\u015b\u0107 w Szwecji","previousItem":{"@type":"ListItem","@id":"https:\/\/wia.net.pl\/index.php\/category\/artykuly\/#listItem","name":"Artyku\u0142y"}}]},{"@type":"Person","@id":"https:\/\/wia.net.pl\/#person","name":"Bart\u0142omiej Talarczyk","image":{"@type":"ImageObject","@id":"https:\/\/wia.net.pl\/index.php\/2023\/10\/28\/ai-rozwiazaniem-na-przestepczosc-w-szwecji\/#personImage","url":"https:\/\/wia.net.pl\/wp-content\/uploads\/avatar-privacy\/cache\/user\/1\/7\/176a6b161c58363ff49b5c167264231f519f5c7fa183ca1f61e891769b6b56d5-96.jpg","width":96,"height":96,"caption":"Bart\u0142omiej Talarczyk"}},{"@type":"Person","@id":"https:\/\/wia.net.pl\/index.php\/author\/trinity\/#author","url":"https:\/\/wia.net.pl\/index.php\/author\/trinity\/","name":"trinity","image":{"@type":"ImageObject","@id":"https:\/\/wia.net.pl\/index.php\/2023\/10\/28\/ai-rozwiazaniem-na-przestepczosc-w-szwecji\/#authorImage","url":"https:\/\/wia.net.pl\/wp-content\/uploads\/avatar-privacy\/cache\/user\/5\/f\/5f6547cf82495eaa10e100a6a45d5dbde2dfdc1be88557de2018fca705bdf6f1-96.jpg","width":96,"height":96,"caption":"trinity"}},{"@type":"WebPage","@id":"https:\/\/wia.net.pl\/index.php\/2023\/10\/28\/ai-rozwiazaniem-na-przestepczosc-w-szwecji\/#webpage","url":"https:\/\/wia.net.pl\/index.php\/2023\/10\/28\/ai-rozwiazaniem-na-przestepczosc-w-szwecji\/","name":"AI rozwi\u0105zaniem na przest\u0119pczo\u015b\u0107 w Szwecji - Wolno\u015b\u0107 i Anarchia","description":"Szwedzki organ ds. ochrony prywatno\u015bci sprzeciwia si\u0119 propozycji policji dotycz\u0105cej stosowania danych biometrycznych w paszportach Autor, Masha Borak, 26.10.2023 Szwedzkie organy \u015bcigania naciskaj\u0105 na zwi\u0119kszenie wykorzystania danych biometrycznych w swojej pracy po fali przemocy zwi\u0105zanej z gangami, kt\u00f3ra wstrz\u0105sn\u0119\u0142a krajem nordyckim. Krajowy organ nadzoruj\u0105cy prywatno\u015b\u0107 danych opublikowa\u0142 obecnie opini\u0119 na temat propozycji policji dotycz\u0105cej wykorzystania danych biometrycznych przechowywanych","inLanguage":"pl-PL","isPartOf":{"@id":"https:\/\/wia.net.pl\/#website"},"breadcrumb":{"@id":"https:\/\/wia.net.pl\/index.php\/2023\/10\/28\/ai-rozwiazaniem-na-przestepczosc-w-szwecji\/#breadcrumblist"},"author":{"@id":"https:\/\/wia.net.pl\/index.php\/author\/trinity\/#author"},"creator":{"@id":"https:\/\/wia.net.pl\/index.php\/author\/trinity\/#author"},"image":{"@type":"ImageObject","url":"https:\/\/wia.net.pl\/wp-content\/uploads\/2023\/10\/melker_dahlstrand-the_swedish_border-8358-1.webp","@id":"https:\/\/wia.net.pl\/index.php\/2023\/10\/28\/ai-rozwiazaniem-na-przestepczosc-w-szwecji\/#mainImage","width":733,"height":314},"primaryImageOfPage":{"@id":"https:\/\/wia.net.pl\/index.php\/2023\/10\/28\/ai-rozwiazaniem-na-przestepczosc-w-szwecji\/#mainImage"},"datePublished":"2023-10-28T18:29:06+02:00","dateModified":"2023-10-28T18:29:07+02:00"},{"@type":"WebSite","@id":"https:\/\/wia.net.pl\/#website","url":"https:\/\/wia.net.pl\/","name":"Wolno\u015b\u0107 i Anarchia","description":"Ka\u017cdy wewn\u0119trznie jest anarchist\u0105.","inLanguage":"pl-PL","publisher":{"@id":"https:\/\/wia.net.pl\/#person"}}]},"og:locale":"pl_PL","og:site_name":"Wolno\u015b\u0107 i Anarchia - Ka\u017cdy wewn\u0119trznie jest anarchist\u0105.","og:type":"article","og:title":"AI rozwi\u0105zaniem na przest\u0119pczo\u015b\u0107 w Szwecji - Wolno\u015b\u0107 i Anarchia","og:description":"Szwedzki organ ds. ochrony prywatno\u015bci sprzeciwia si\u0119 propozycji policji dotycz\u0105cej stosowania danych biometrycznych w paszportach Autor, Masha Borak, 26.10.2023 Szwedzkie organy \u015bcigania naciskaj\u0105 na zwi\u0119kszenie wykorzystania danych biometrycznych w swojej pracy po fali przemocy zwi\u0105zanej z gangami, kt\u00f3ra wstrz\u0105sn\u0119\u0142a krajem nordyckim. Krajowy organ nadzoruj\u0105cy prywatno\u015b\u0107 danych opublikowa\u0142 obecnie opini\u0119 na temat propozycji policji dotycz\u0105cej wykorzystania danych biometrycznych przechowywanych","og:url":"https:\/\/wia.net.pl\/index.php\/2023\/10\/28\/ai-rozwiazaniem-na-przestepczosc-w-szwecji\/","og:image":"https:\/\/wia.net.pl\/wp-content\/uploads\/2023\/11\/cropped-freedom-i73367.jpg","og:image:secure_url":"https:\/\/wia.net.pl\/wp-content\/uploads\/2023\/11\/cropped-freedom-i73367.jpg","article:published_time":"2023-10-28T16:29:06+00:00","article:modified_time":"2023-10-28T16:29:07+00:00","twitter:card":"summary_large_image","twitter:title":"AI rozwi\u0105zaniem na przest\u0119pczo\u015b\u0107 w Szwecji - Wolno\u015b\u0107 i Anarchia","twitter:description":"Szwedzki organ ds. ochrony prywatno\u015bci sprzeciwia si\u0119 propozycji policji dotycz\u0105cej stosowania danych biometrycznych w paszportach Autor, Masha Borak, 26.10.2023 Szwedzkie organy \u015bcigania naciskaj\u0105 na zwi\u0119kszenie wykorzystania danych biometrycznych w swojej pracy po fali przemocy zwi\u0105zanej z gangami, kt\u00f3ra wstrz\u0105sn\u0119\u0142a krajem nordyckim. Krajowy organ nadzoruj\u0105cy prywatno\u015b\u0107 danych opublikowa\u0142 obecnie opini\u0119 na temat propozycji policji dotycz\u0105cej wykorzystania danych biometrycznych przechowywanych","twitter:image":"https:\/\/wia.net.pl\/wp-content\/uploads\/2023\/11\/cropped-freedom-i73367.jpg"},"aioseo_meta_data":{"post_id":"5210","title":null,"description":null,"keywords":[],"keyphrases":{"focus":{"keyphrase":"","score":0,"analysis":{"keyphraseInTitle":{"score":0,"maxScore":9,"error":1}}},"additional":[]},"primary_term":null,"canonical_url":null,"og_title":null,"og_description":null,"og_object_type":"default","og_image_type":"default","og_image_url":null,"og_image_width":null,"og_image_height":null,"og_image_custom_url":null,"og_image_custom_fields":null,"og_video":"","og_custom_url":null,"og_article_section":null,"og_article_tags":[],"twitter_use_og":false,"twitter_card":"default","twitter_image_type":"default","twitter_image_url":null,"twitter_image_custom_url":null,"twitter_image_custom_fields":null,"twitter_title":null,"twitter_description":null,"schema":{"blockGraphs":[],"customGraphs":[],"default":{"data":{"Article":[],"Course":[],"Dataset":[],"FAQPage":[],"Movie":[],"Person":[],"Product":[],"ProductReview":[],"Car":[],"Recipe":[],"Service":[],"SoftwareApplication":[],"WebPage":[]},"graphName":"BlogPosting","isEnabled":true},"graphs":[]},"schema_type":"default","schema_type_options":null,"pillar_content":false,"robots_default":true,"robots_noindex":false,"robots_noarchive":false,"robots_nosnippet":false,"robots_nofollow":false,"robots_noimageindex":false,"robots_noodp":false,"robots_notranslate":false,"robots_max_snippet":"-1","robots_max_videopreview":"-1","robots_max_imagepreview":"large","priority":null,"frequency":"default","local_seo":null,"breadcrumb_settings":null,"limit_modified_date":false,"ai":null,"created":"2023-10-28 16:29:07","updated":"2025-06-04 09:39:53","seo_analyzer_scan_date":null,"focus_keyword":null,"additional_keywords":null,"truseo_locale":null},"aioseo_breadcrumb":"<div class=\"aioseo-breadcrumbs\"><span class=\"aioseo-breadcrumb\">\n\t\t\t<a href=\"https:\/\/wia.net.pl\" title=\"Home\">Home<\/a>\n\t\t<\/span><span class=\"aioseo-breadcrumb-separator\">&raquo;<\/span><span class=\"aioseo-breadcrumb\">\n\t\t\t<a href=\"https:\/\/wia.net.pl\/index.php\/category\/artykuly\/\" title=\"Artyku\u0142y\">Artyku\u0142y<\/a>\n\t\t<\/span><span class=\"aioseo-breadcrumb-separator\">&raquo;<\/span><span class=\"aioseo-breadcrumb\">\n\t\t\tAI rozwi\u0105zaniem na przest\u0119pczo\u015b\u0107 w Szwecji\n\t\t<\/span><\/div>","aioseo_breadcrumb_json":[{"label":"Home","link":"https:\/\/wia.net.pl"},{"label":"Artyku\u0142y","link":"https:\/\/wia.net.pl\/index.php\/category\/artykuly\/"},{"label":"AI rozwi\u0105zaniem na przest\u0119pczo\u015b\u0107 w Szwecji","link":"https:\/\/wia.net.pl\/index.php\/2023\/10\/28\/ai-rozwiazaniem-na-przestepczosc-w-szwecji\/"}],"_links":{"self":[{"href":"https:\/\/wia.net.pl\/index.php\/wp-json\/wp\/v2\/posts\/5210"}],"collection":[{"href":"https:\/\/wia.net.pl\/index.php\/wp-json\/wp\/v2\/posts"}],"about":[{"href":"https:\/\/wia.net.pl\/index.php\/wp-json\/wp\/v2\/types\/post"}],"author":[{"embeddable":true,"href":"https:\/\/wia.net.pl\/index.php\/wp-json\/wp\/v2\/users\/2"}],"replies":[{"embeddable":true,"href":"https:\/\/wia.net.pl\/index.php\/wp-json\/wp\/v2\/comments?post=5210"}],"version-history":[{"count":1,"href":"https:\/\/wia.net.pl\/index.php\/wp-json\/wp\/v2\/posts\/5210\/revisions"}],"predecessor-version":[{"id":5213,"href":"https:\/\/wia.net.pl\/index.php\/wp-json\/wp\/v2\/posts\/5210\/revisions\/5213"}],"wp:featuredmedia":[{"embeddable":true,"href":"https:\/\/wia.net.pl\/index.php\/wp-json\/wp\/v2\/media\/5212"}],"wp:attachment":[{"href":"https:\/\/wia.net.pl\/index.php\/wp-json\/wp\/v2\/media?parent=5210"}],"wp:term":[{"taxonomy":"category","embeddable":true,"href":"https:\/\/wia.net.pl\/index.php\/wp-json\/wp\/v2\/categories?post=5210"},{"taxonomy":"post_tag","embeddable":true,"href":"https:\/\/wia.net.pl\/index.php\/wp-json\/wp\/v2\/tags?post=5210"}],"curies":[{"name":"wp","href":"https:\/\/api.w.org\/{rel}","templated":true}]}}