{"id":5217,"date":"2023-10-28T18:58:05","date_gmt":"2023-10-28T16:58:05","guid":{"rendered":"https:\/\/wia.net.pl\/?p=5217"},"modified":"2023-10-28T18:58:05","modified_gmt":"2023-10-28T16:58:05","slug":"nowy-cykl-wojenny-i-smierc-2-mld-ludzi","status":"publish","type":"post","link":"https:\/\/wia.net.pl\/index.php\/2023\/10\/28\/nowy-cykl-wojenny-i-smierc-2-mld-ludzi\/","title":{"rendered":"Nowy cykl wojenny i \u015bmier\u0107 2 mld ludzi"},"content":{"rendered":"\n<p><a href=\"https:\/\/leozagami.com\/2023\/10\/27\/legendary-technical-analyst-predicts-2-billion-will-die-in-new-war-cycle-in-the-age-of-the-antichrist\/\">Legendarny analityk techniczny przewiduje, \u017ce w epoce antychrysta w wyniku nowego cyklu wojennego zgin\u0105 2 miliardy ludzi<\/a><\/p>\n\n\n\n<p>Autor, Leo Zagami<\/p>\n\n\n\n<figure class=\"wp-block-image size-full is-resized\"><img loading=\"lazy\" decoding=\"async\" width=\"700\" height=\"467\" src=\"https:\/\/wia.net.pl\/wp-content\/uploads\/2023\/10\/antichrist.jpg\" alt=\"\" class=\"wp-image-5218\" style=\"aspect-ratio:1.4989293361884368;width:840px;height:auto\" srcset=\"https:\/\/wia.net.pl\/wp-content\/uploads\/2023\/10\/antichrist.jpg 700w, https:\/\/wia.net.pl\/wp-content\/uploads\/2023\/10\/antichrist-300x200.jpg 300w\" sizes=\"(max-width: 700px) 100vw, 700px\" \/><\/figure>\n\n\n\n<p><\/p>\n\n\n\n<p><em>Artyku\u0142 autorstwa Leo Zagamiego<\/em><\/p>\n\n\n\n<p>Napisa\u0142em w&nbsp;<strong><em>Wyznaniach iluminat\u00f3w, tom 9: Siedem krok\u00f3w do tajemnic chaosu Nowego \u015awiata od transhumanizmu i nie\u015bmiertelno\u015bci do gnostycznego Jezusa, UFO i czar\u00f3w owad\u00f3w<\/em><\/strong>&nbsp;:<strong>&nbsp;<em><\/em><\/strong><strong><\/strong><\/p>\n\n\n\n<p><em>\u2026 zawsze stwierdzamy, \u017ce ludzko\u015b\u0107 traci \u0142ask\u0119 u swoich bog\u00f3w lub przestaje \u017cy\u0107 w odpowiedni spos\u00f3b wobec Boga.&nbsp;Wszystkich \u0142\u0105czy wsp\u00f3lny temat: wielka pow\u00f3d\u017a i zniszczenie, kt\u00f3re na zawsze zmieni\u0105 cywilizacj\u0119 ludzk\u0105 i unicestwi\u0105 poprzedni\u0105 er\u0119 ludzi, kt\u00f3rzy sprowadzili na siebie t\u0119 zag\u0142ad\u0119, tak jak to robi\u0105 dzisiaj, codziennie rzucaj\u0105c wyzwanie naszemu Stw\u00f3rcy;&nbsp;nie tylko z ich post\u0119pem w technologii sztucznej inteligencji i wszystkimi tocz\u0105cymi si\u0119 wojnami, ale tak\u017ce z ich nieko\u0144cz\u0105c\u0105 si\u0119 \u201edum\u0105\u201d i ich nonsensownymi priorytetami \u201ePrzebudzonymi\u201d.<\/em><\/p>\n\n\n\n<p><strong>Dodanie w innym miejscu tej samej ksi\u0105\u017cki:<\/strong><\/p>\n\n\n\n<p><em>Okropno\u015bci, a tak\u017ce paradoks\u00f3w \u017cycia w trzecim&nbsp;<sup>tysi\u0105cleciu<\/sup>&nbsp;&nbsp;w tej sytuacji jest oczywi\u015bcie o wiele wi\u0119cej, zbyt wiele, aby w og\u00f3le zawraca\u0107 sobie g\u0142ow\u0119 podsumowaniem ich na moich wst\u0119pnych stronach.&nbsp;Niemniej jednak wi\u0119kszo\u015b\u0107 z nas zauwa\u017ca je codziennie, nawet na talerzach, poniewa\u017c chc\u0105 nas stale na si\u0142\u0119 karmi\u0107 owadami i mi\u0119sem wyhodowanym w laboratorium, twierdz\u0105c, \u017ce w swoim \u201eKodeksie \u017bywno\u015bciowym\u201d wyst\u0119puj\u0105 problemy zwi\u0105zane ze zr\u00f3wnowa\u017conym rozwojem, podczas gdy oni nadal korzystaj\u0105 z naszych podatk\u00f3w i bezu\u017cytecznych wojen w miejscach takich jak Ukraina.&nbsp;<\/em><\/p>\n\n\n\n<p><strong>&nbsp;&nbsp;&nbsp;&nbsp;&nbsp;&nbsp;Charles Nenner<\/strong>&nbsp;&nbsp;jest opisywany przez \u201eForbes\u201d jako jeden z legendarnych&nbsp;&nbsp;<a href=\"http:\/\/en.wikipedia.org\/wiki\/Technical_analysis\" target=\"_blank\" rel=\"noreferrer noopener\">analityk\u00f3w technicznych<\/a>&nbsp;&nbsp;.&nbsp;<a href=\"applewebdata:\/\/E76720C6-2927-43D6-8C51-48AFB9A1BC00#_ftn1\"><sup>[1]<\/sup><\/a>&nbsp;&nbsp;Nenner, lekarz medycyny, jest analitykiem od ponad 30 lat, w tym od prawie 15 lat dostarcza analizy swoich unikalnych modeli dla&nbsp;&nbsp;<a href=\"http:\/\/finance.yahoo.com\/q?s=GS\" target=\"_blank\" rel=\"noreferrer noopener\">Goldman Sachs<\/a>&nbsp;&nbsp;.&nbsp;Teraz znany ekspert ds. cykl\u00f3w geopolitycznych i finansowych Charles Nenner ostrzega nas przed nadej\u015bciem cyklu wojennego, kt\u00f3ry zdarza si\u0119 raz na 120 lat, a bior\u0105c pod uwag\u0119 dzia\u0142ania wojenne na Bliskim Wschodzie, wyra\u017anie to wida\u0107.<\/p>\n\n\n\n<p><strong>&nbsp;&nbsp;&nbsp;&nbsp;&nbsp;&nbsp;<\/strong>Ten cykl dotyczy wielkich wojen, takich jak I i II wojna \u015bwiatowa.&nbsp;Wed\u0142ug Nennera te dwie wojny by\u0142y cz\u0119\u015bci\u0105 jednego wielkiego cyklu wojennego i historia si\u0119 teraz powtarza.&nbsp;Nale\u017cy pami\u0119ta\u0107, \u017ce ten cykl wojenny wi\u0105\u017ce si\u0119 z posiadaniem przez wiele kraj\u00f3w arsena\u0142\u00f3w nuklearnych.&nbsp;Nenner wyja\u015bnia w wywiadzie dla&nbsp;&nbsp;<strong>Grega Huntera na&nbsp;&nbsp;<a href=\"https:\/\/usawatchdog.com\/\">USAWatchdog.com<\/a><\/strong>&nbsp;: \u201eJe\u015bli wykonasz cykle dotycz\u0105ce gier wojennych i cykli wojennych, mo\u017cesz obliczy\u0107, ilu ludzi zginie w takiej wojnie.&nbsp;Rozmawiali\u015bmy o tym w przesz\u0142o\u015bci i teraz wygl\u0105da to brzydko.&nbsp;M\u00f3wimy o wielu osobach.&nbsp;Na \u015bwiecie dzieje si\u0119 tyle z\u0142ego, \u017ce nie chc\u0119 podawa\u0107 liczby\u201d.<\/p>\n\n\n\n<p><strong>&nbsp;&nbsp;&nbsp;&nbsp;&nbsp;&nbsp;<\/strong>Nenner powiedzia\u0142 r\u00f3wnie\u017c, \u017ce ten cykl wojenny przewy\u017cszy wszystkie inne cykle wojenne pod wzgl\u0119dem liczby ofiar.&nbsp;Nenner przewiduje: \u201eTen cykl wojenny b\u0119dzie gorszy ni\u017c II wojna \u015bwiatowa.&nbsp;Pytanie wi\u0119c brzmi: co robimy i dok\u0105d zmierzamy?&nbsp;Wielu moich klient\u00f3w nie jest zainteresowanych tym, \u201ejak zarabia\u0107 pieni\u0105dze\u201d, ale gdzie powinni\u015bmy si\u0119 uda\u0107?&nbsp;Studiuj\u0119 wi\u0119c, gdzie s\u0105 najlepsze miejsca do odwiedzenia.&nbsp;W\u0142a\u015bnie tego pr\u00f3buj\u0119 si\u0119 dowiedzie\u0107 i jestem tym bardzo zaj\u0119ty.<\/p>\n\n\n\n<p><strong>&nbsp;&nbsp;&nbsp;&nbsp;&nbsp;&nbsp;<\/strong>Wracaj\u0105c do liczby ofiar \u015bmiertelnych, o kt\u00f3rych Nenner wie, \u017ce nadejd\u0105.&nbsp;Zatem Greg Hunter pyta ponownie: \u201eile os\u00f3b umrze w obecnym cyklu wojennym?\u201d&nbsp;Nenner wyrzuca z siebie: \u201eMo\u017ce to by\u0107 jedna czwarta populacji \u015bwiata\u201d.&nbsp;To oko\u0142o 2 miliardy ludzi, kt\u00f3rzy mog\u0105 zgin\u0105\u0107 w obecnym cyklu wojennym.&nbsp;Nenner m\u00f3wi dalej: \u201eBy\u0107 mo\u017ce nie nast\u0105pi to podczas nast\u0119pnej wojny, poniewa\u017c b\u0119dzie to trwa\u0142o przez wiele lat.&nbsp;Mo\u017ce to nast\u0105pi\u0107 po wojnie.&nbsp;Teraz widz\u0119, \u017ce Chi\u0144czycy jad\u0105 na Bliski Wsch\u00f3d, a Stany Zjednoczone pomagaj\u0105 Izraelowi, poniewa\u017c gdyby tego nie zrobili, nikt ju\u017c nie ufa\u0142by Stanom Zjednoczonym.&nbsp;My\u015bl\u0119, \u017ce Chi\u0144czycy b\u0119d\u0105 patrze\u0107, jak twarde b\u0119d\u0105 Stany Zjednoczone, bo w przeciwnym razie tak po prostu przejm\u0105 Tajwan.&nbsp;Mog\u0105 to nadal robi\u0107, bo wszyscy s\u0105 zaj\u0119ci Ukrain\u0105 i Izraelem\u2026.&nbsp;Stany Zjednoczone b\u0119d\u0105 musia\u0142y si\u0119 wykaza\u0107, w przeciwnym razie \u015bwiat ich wy\u015bmieje\u201d.<\/p>\n\n\n\n<p><strong>&nbsp;&nbsp;&nbsp;&nbsp;&nbsp;&nbsp;<\/strong>Nenner widzi tak\u017ce cykl wojenny zbli\u017caj\u0105cy si\u0119 do Ameryki przez po\u0142udniow\u0105 granic\u0119 Stan\u00f3w Zjednoczonych.&nbsp;Ameryka zostanie zaatakowana jak nigdy dot\u0105d w tym cyklu wojennym.&nbsp;Nenner m\u00f3wi: \u201eW USA b\u0119d\u0105 ataki terrorystyczne, a mo\u017ce b\u0119dzie ich znacznie wi\u0119cej, poniewa\u017c nie wiem, ilu ich ju\u017c tam ma miejsce.&nbsp;\u0141api\u0105 Ira\u0144czyk\u00f3w znajduj\u0105cych si\u0119 na li\u015bcie terroryst\u00f3w.&nbsp;Jak Ira\u0144czycy dotarli do Meksyku?\u201d<\/p>\n\n\n\n<p><strong>\u00a0\u00a0\u00a0\u00a0\u00a0\u00a0<\/strong>Nenner uwa\u017ca, \u017ce \u200b\u200bdolar jest na razie stabilny.\u00a0Stopy procentowe b\u0119d\u0105 nadal ros\u0142y, ale w najbli\u017cszej przysz\u0142o\u015bci p\u00f3jd\u0105 w d\u00f3\u0142.\u00a0Inflacja wkr\u00f3tce powr\u00f3ci do g\u00f3ry.\u00a0Nenner nie jest d\u0142ugoterminowym nabywc\u0105 akcji i nadal uwa\u017ca, \u017ce \u200b\u200bindeks Dow jest na minusie 5000, a wojna \u015bwiatowa mo\u017ce go szybko doprowadzi\u0107 do takiego stanu.\u00a0Najwi\u0119kszy kryzys w historii dopiero za kilka lat, ale Nenner jest w 100% pewien, \u017ce nadejdzie.\u00a0Cykle Nennera m\u00f3wi\u0105, \u017ce stanie si\u0119 to najprawdopodobniej w latach 2027\u20132028.\u00a0Nenner lubi z\u0142oto i srebro i uwa\u017ca, \u017ce \u200b\u200bw ci\u0105gu p\u00f3\u0142tora roku cena z\u0142ota za uncj\u0119 przekroczy znacznie ponad 2500 dolar\u00f3w.\u00a0Najlepsza rada finansowa Nennera brzmi: \u201ekup dwuletnie obligacje skarbowe\u201d i zapewnij sobie 5% zwrotu przy zerowym ryzyku.\u00a0<a href=\"applewebdata:\/\/E76720C6-2927-43D6-8C51-48AFB9A1BC00#_ftn2\"><sup>[2]<\/sup><\/a><\/p>\n\n\n\n<p><strong>&nbsp;&nbsp;&nbsp;&nbsp;&nbsp;&nbsp;<\/strong>Najnowsze spostrze\u017cenia i wywiady z Charlesem Nennerem na temat rynk\u00f3w finansowych, towar\u00f3w, akcji, walut, wska\u017anik\u00f3w ekonomicznych, obligacji i obligacji mo\u017cna znale\u017a\u0107 na stronie&nbsp;&nbsp;<a href=\"https:\/\/www.charlesnenner.com\/video\">https:\/\/www.charlesnenner.com\/video<\/a><\/p>\n\n\n\n<p><strong>&nbsp;&nbsp;&nbsp;&nbsp;&nbsp;&nbsp;<\/strong>Podsumowuj\u0105c ten artyku\u0142, pami\u0119tajcie, co napisa\u0142em w&nbsp;&nbsp;<strong><em>\u201eWyznaniach iluminat\u00f3w\u201d, tom 7: Od okultystycznych korzeni wielkiego resetu do populistycznych korzeni wielkiego odrzucenia:<\/em><\/strong><\/p>\n\n\n\n<p><em>Chocia\u017c rz\u0105d federalny tak bardzo ukrywa swoje wydatki na obron\u0119, \u017ce trudno uzyska\u0107 dok\u0142adne liczby, wiemy, \u017ce od 2001 roku rz\u0105d USA wyda\u0142 ponad 1,8 biliona dolar\u00f3w na wojny w Afganistanie i Iraku (co daje 8,3 miliona dolar\u00f3w na godzin\u0119). .&nbsp;Nie obejmuje to wojen i \u0107wicze\u0144 wojskowych prowadzonych na ca\u0142ym \u015bwiecie, kt\u00f3re, jak si\u0119 oczekuje, podnios\u0105 ca\u0142kowity rachunek do 12 bilion\u00f3w dolar\u00f3w do 2053 roku. Nielegalna fuzja \u015bwiatowego przemys\u0142u zbrojeniowego i Pentagonu, przed kt\u00f3r\u0105 ostrzega\u0142 nas prezydent Dwight D.&nbsp;&nbsp;<strong>Eisenhower<\/strong>&nbsp;&nbsp;wi\u0119cej ponad 50 lat temu, stanowi by\u0107 mo\u017ce najwi\u0119ksze zagro\u017cenie dla dzisiejszej kruchej infrastruktury kraju.&nbsp;<\/em><\/p>\n\n\n\n<p><strong>\u00a0\u00a0\u00a0\u00a0\u00a0\u00a0<\/strong>Wojna Antychrysta z cywilizacj\u0105 chrze\u015bcija\u0144sk\u0105 w\u0142a\u015bnie si\u0119 rozpocz\u0119\u0142a.\u00a0S\u0142owo \u201eantychryst\u201d pojawia si\u0119 zaledwie w trzech fragmentach Biblii (w listach Nowego Testamentu znanych jako 1 i 2 Jana);\u00a0w og\u00f3le nie pojawia si\u0119 w Ksi\u0119dze Apokalipsy.\u00a0Niemniej jednak idea Antychrysta ma kluczowe znaczenie dla apokaliptycznej rzeczywisto\u015bci, kt\u00f3ra rozwinie si\u0119 w nadchodz\u0105cych latach.<\/p>\n\n\n\n<p><a href=\"applewebdata:\/\/E76720C6-2927-43D6-8C51-48AFB9A1BC00#_ftnref1\"><sup>[1]<\/sup><\/a><a href=\"https:\/\/www.forbes.com\/sites\/johnnavin\/2012\/03\/25\/an-interview-with-technical-analyst-charles-nenner\/?sh=1cfa400ff544\">&nbsp;https:\/\/www.forbes.com\/sites\/johnnavin\/2012\/03\/25\/an-interview-with-technical-analyst-charles-nenner\/?sh=1cfa400ff544<\/a><strong>&nbsp;&nbsp;&nbsp;&nbsp;&nbsp;&nbsp;<\/strong><a href=\"https:\/\/www.forbes.com\/sites\/johnnavin\/2012\/03\/25\/an-interview-with-technical-analyst-charles-nenner\/?sh=1cfa400ff544\"><\/a><\/p>\n\n\n\n<p><a href=\"applewebdata:\/\/E76720C6-2927-43D6-8C51-48AFB9A1BC00#_ftnref2\"><sup>[2]<\/sup><\/a><a href=\"https:\/\/usawatchdog.com\/2-billion-will-die-in-new-war-cycle-charles-nenner\/\">&nbsp;https:\/\/usawatchdog.com\/2-billion-will-die-in-new-war-cycle-charles-nenner\/<\/a><strong>&nbsp;&nbsp;&nbsp;&nbsp;&nbsp;&nbsp;<\/strong><a href=\"https:\/\/usawatchdog.com\/2-billion-will-die-in-new-war-cycle-charles-nenner\/\"><\/a><\/p>\n\n\n\n<p>UWAGA Najwa\u017cniejsza ksi\u0105\u017cka Leo Zagamiego jest ju\u017c dost\u0119pna!\u00a0<em><strong>Wyznania iluminat\u00f3w, tom 9: Siedem krok\u00f3w do tajemnic chaosu Nowego \u015awiata, od transhumanizmu i nie\u015bmiertelno\u015bci do gnostyckiego Jezusa, UFO i czar\u00f3w owad\u00f3w<\/strong><\/em><\/p>\n\n\n\n<p>\u0179r\u00f3d\u0142o <a href=\"https:\/\/leozagami.com\/\">https:\/\/leozagami.com\/<\/a><\/p>\n","protected":false},"excerpt":{"rendered":"<p>Legendarny analityk techniczny przewiduje, \u017ce w epoce antychrysta w wyniku nowego cyklu wojennego zgin\u0105 2 miliardy ludzi Autor, Leo Zagami Artyku\u0142 autorstwa Leo Zagamiego Napisa\u0142em w&nbsp;Wyznaniach iluminat\u00f3w, tom 9: Siedem krok\u00f3w do tajemnic chaosu Nowego \u015awiata od transhumanizmu i nie\u015bmiertelno\u015bci&#8230; <\/p>\n","protected":false},"author":2,"featured_media":5218,"comment_status":"open","ping_status":"open","sticky":false,"template":"","format":"standard","meta":{"_acf_changed":false,"_bbp_topic_count":0,"_bbp_reply_count":0,"_bbp_total_topic_count":0,"_bbp_total_reply_count":0,"_bbp_voice_count":0,"_bbp_anonymous_reply_count":0,"_bbp_topic_count_hidden":0,"_bbp_reply_count_hidden":0,"_bbp_forum_subforum_count":0,"om_disable_all_campaigns":false,"_monsterinsights_skip_tracking":false,"footnotes":""},"categories":[93],"tags":[],"class_list":["post-5217","post","type-post","status-publish","format-standard","has-post-thumbnail","hentry","category-artykuly"],"acf":[],"aioseo_notices":[],"aioseo_head":"\n\t\t<!-- All in One SEO 5.0.1.1 - aioseo.com -->\n\t<meta name=\"description\" content=\"Legendarny analityk techniczny przewiduje, \u017ce w epoce antychrysta w wyniku nowego cyklu wojennego zgin\u0105 2 miliardy ludzi Autor, Leo Zagami Artyku\u0142 autorstwa Leo Zagamiego Napisa\u0142em w Wyznaniach iluminat\u00f3w, tom 9: Siedem krok\u00f3w do tajemnic chaosu Nowego \u015awiata od transhumanizmu i nie\u015bmiertelno\u015bci do gnostycznego Jezusa, UFO i czar\u00f3w owad\u00f3w : \u2026 zawsze stwierdzamy, \u017ce ludzko\u015b\u0107 traci \u0142ask\u0119 u\" \/>\n\t<meta name=\"robots\" content=\"max-image-preview:large\" \/>\n\t<meta name=\"author\" content=\"trinity\"\/>\n\t<link rel=\"canonical\" href=\"https:\/\/wia.net.pl\/index.php\/2023\/10\/28\/nowy-cykl-wojenny-i-smierc-2-mld-ludzi\/\" \/>\n\t<meta name=\"generator\" content=\"All in One SEO (AIOSEO) 5.0.1.1\" \/>\n\t\t<meta property=\"og:locale\" content=\"pl_PL\" \/>\n\t\t<meta property=\"og:site_name\" content=\"Wolno\u015b\u0107 i Anarchia - Ka\u017cdy wewn\u0119trznie jest anarchist\u0105.\" \/>\n\t\t<meta property=\"og:type\" content=\"article\" \/>\n\t\t<meta property=\"og:title\" content=\"Nowy cykl wojenny i \u015bmier\u0107 2 mld ludzi - Wolno\u015b\u0107 i Anarchia\" \/>\n\t\t<meta property=\"og:description\" content=\"Legendarny analityk techniczny przewiduje, \u017ce w epoce antychrysta w wyniku nowego cyklu wojennego zgin\u0105 2 miliardy ludzi Autor, Leo Zagami Artyku\u0142 autorstwa Leo Zagamiego Napisa\u0142em w Wyznaniach iluminat\u00f3w, tom 9: Siedem krok\u00f3w do tajemnic chaosu Nowego \u015awiata od transhumanizmu i nie\u015bmiertelno\u015bci do gnostycznego Jezusa, UFO i czar\u00f3w owad\u00f3w : \u2026 zawsze stwierdzamy, \u017ce ludzko\u015b\u0107 traci \u0142ask\u0119 u\" \/>\n\t\t<meta property=\"og:url\" content=\"https:\/\/wia.net.pl\/index.php\/2023\/10\/28\/nowy-cykl-wojenny-i-smierc-2-mld-ludzi\/\" \/>\n\t\t<meta property=\"og:image\" content=\"https:\/\/wia.net.pl\/wp-content\/uploads\/2023\/11\/cropped-freedom-i73367.jpg\" \/>\n\t\t<meta property=\"og:image:secure_url\" content=\"https:\/\/wia.net.pl\/wp-content\/uploads\/2023\/11\/cropped-freedom-i73367.jpg\" \/>\n\t\t<meta property=\"article:published_time\" content=\"2023-10-28T16:58:05+00:00\" \/>\n\t\t<meta property=\"article:modified_time\" content=\"2023-10-28T16:58:05+00:00\" \/>\n\t\t<meta name=\"twitter:card\" content=\"summary_large_image\" \/>\n\t\t<meta name=\"twitter:title\" content=\"Nowy cykl wojenny i \u015bmier\u0107 2 mld ludzi - Wolno\u015b\u0107 i Anarchia\" \/>\n\t\t<meta name=\"twitter:description\" content=\"Legendarny analityk techniczny przewiduje, \u017ce w epoce antychrysta w wyniku nowego cyklu wojennego zgin\u0105 2 miliardy ludzi Autor, Leo Zagami Artyku\u0142 autorstwa Leo Zagamiego Napisa\u0142em w Wyznaniach iluminat\u00f3w, tom 9: Siedem krok\u00f3w do tajemnic chaosu Nowego \u015awiata od transhumanizmu i nie\u015bmiertelno\u015bci do gnostycznego Jezusa, UFO i czar\u00f3w owad\u00f3w : \u2026 zawsze stwierdzamy, \u017ce ludzko\u015b\u0107 traci \u0142ask\u0119 u\" \/>\n\t\t<meta name=\"twitter:image\" content=\"https:\/\/wia.net.pl\/wp-content\/uploads\/2023\/11\/cropped-freedom-i73367.jpg\" \/>\n\t\t<script type=\"application\/ld+json\" class=\"aioseo-schema\">\n\t\t\t{\"@context\":\"https:\\\/\\\/schema.org\",\"@graph\":[{\"@type\":\"BlogPosting\",\"@id\":\"https:\\\/\\\/wia.net.pl\\\/index.php\\\/2023\\\/10\\\/28\\\/nowy-cykl-wojenny-i-smierc-2-mld-ludzi\\\/#blogposting\",\"name\":\"Nowy cykl wojenny i \\u015bmier\\u0107 2 mld ludzi - Wolno\\u015b\\u0107 i Anarchia\",\"headline\":\"Nowy cykl wojenny i \\u015bmier\\u0107 2 mld ludzi\",\"author\":{\"@id\":\"https:\\\/\\\/wia.net.pl\\\/index.php\\\/author\\\/trinity\\\/#author\"},\"publisher\":{\"@id\":\"https:\\\/\\\/wia.net.pl\\\/#person\"},\"image\":{\"@type\":\"ImageObject\",\"url\":\"https:\\\/\\\/wia.net.pl\\\/wp-content\\\/uploads\\\/2023\\\/10\\\/antichrist.jpg\",\"width\":700,\"height\":467,\"caption\":\"many people are praising the holy lord\"},\"datePublished\":\"2023-10-28T18:58:05+02:00\",\"dateModified\":\"2023-10-28T18:58:05+02:00\",\"inLanguage\":\"pl-PL\",\"mainEntityOfPage\":{\"@id\":\"https:\\\/\\\/wia.net.pl\\\/index.php\\\/2023\\\/10\\\/28\\\/nowy-cykl-wojenny-i-smierc-2-mld-ludzi\\\/#webpage\"},\"isPartOf\":{\"@id\":\"https:\\\/\\\/wia.net.pl\\\/index.php\\\/2023\\\/10\\\/28\\\/nowy-cykl-wojenny-i-smierc-2-mld-ludzi\\\/#webpage\"},\"articleSection\":\"Artyku\\u0142y\"},{\"@type\":\"BreadcrumbList\",\"@id\":\"https:\\\/\\\/wia.net.pl\\\/index.php\\\/2023\\\/10\\\/28\\\/nowy-cykl-wojenny-i-smierc-2-mld-ludzi\\\/#breadcrumblist\",\"itemListElement\":[{\"@type\":\"ListItem\",\"@id\":\"https:\\\/\\\/wia.net.pl#listItem\",\"position\":1,\"name\":\"Home\",\"item\":\"https:\\\/\\\/wia.net.pl\",\"nextItem\":{\"@type\":\"ListItem\",\"@id\":\"https:\\\/\\\/wia.net.pl\\\/index.php\\\/category\\\/artykuly\\\/#listItem\",\"name\":\"Artyku\\u0142y\"}},{\"@type\":\"ListItem\",\"@id\":\"https:\\\/\\\/wia.net.pl\\\/index.php\\\/category\\\/artykuly\\\/#listItem\",\"position\":2,\"name\":\"Artyku\\u0142y\",\"item\":\"https:\\\/\\\/wia.net.pl\\\/index.php\\\/category\\\/artykuly\\\/\",\"nextItem\":{\"@type\":\"ListItem\",\"@id\":\"https:\\\/\\\/wia.net.pl\\\/index.php\\\/2023\\\/10\\\/28\\\/nowy-cykl-wojenny-i-smierc-2-mld-ludzi\\\/#listItem\",\"name\":\"Nowy cykl wojenny i \\u015bmier\\u0107 2 mld ludzi\"},\"previousItem\":{\"@type\":\"ListItem\",\"@id\":\"https:\\\/\\\/wia.net.pl#listItem\",\"name\":\"Home\"}},{\"@type\":\"ListItem\",\"@id\":\"https:\\\/\\\/wia.net.pl\\\/index.php\\\/2023\\\/10\\\/28\\\/nowy-cykl-wojenny-i-smierc-2-mld-ludzi\\\/#listItem\",\"position\":3,\"name\":\"Nowy cykl wojenny i \\u015bmier\\u0107 2 mld ludzi\",\"previousItem\":{\"@type\":\"ListItem\",\"@id\":\"https:\\\/\\\/wia.net.pl\\\/index.php\\\/category\\\/artykuly\\\/#listItem\",\"name\":\"Artyku\\u0142y\"}}]},{\"@type\":\"Person\",\"@id\":\"https:\\\/\\\/wia.net.pl\\\/#person\",\"name\":\"Bart\\u0142omiej Talarczyk\",\"image\":{\"@type\":\"ImageObject\",\"@id\":\"https:\\\/\\\/wia.net.pl\\\/index.php\\\/2023\\\/10\\\/28\\\/nowy-cykl-wojenny-i-smierc-2-mld-ludzi\\\/#personImage\",\"url\":\"https:\\\/\\\/wia.net.pl\\\/wp-content\\\/uploads\\\/avatar-privacy\\\/cache\\\/user\\\/1\\\/7\\\/176a6b161c58363ff49b5c167264231f519f5c7fa183ca1f61e891769b6b56d5-96.jpg\",\"width\":96,\"height\":96,\"caption\":\"Bart\\u0142omiej Talarczyk\"}},{\"@type\":\"Person\",\"@id\":\"https:\\\/\\\/wia.net.pl\\\/index.php\\\/author\\\/trinity\\\/#author\",\"url\":\"https:\\\/\\\/wia.net.pl\\\/index.php\\\/author\\\/trinity\\\/\",\"name\":\"trinity\",\"image\":{\"@type\":\"ImageObject\",\"@id\":\"https:\\\/\\\/wia.net.pl\\\/index.php\\\/2023\\\/10\\\/28\\\/nowy-cykl-wojenny-i-smierc-2-mld-ludzi\\\/#authorImage\",\"url\":\"https:\\\/\\\/wia.net.pl\\\/wp-content\\\/uploads\\\/avatar-privacy\\\/cache\\\/user\\\/5\\\/f\\\/5f6547cf82495eaa10e100a6a45d5dbde2dfdc1be88557de2018fca705bdf6f1-96.jpg\",\"width\":96,\"height\":96,\"caption\":\"trinity\"}},{\"@type\":\"WebPage\",\"@id\":\"https:\\\/\\\/wia.net.pl\\\/index.php\\\/2023\\\/10\\\/28\\\/nowy-cykl-wojenny-i-smierc-2-mld-ludzi\\\/#webpage\",\"url\":\"https:\\\/\\\/wia.net.pl\\\/index.php\\\/2023\\\/10\\\/28\\\/nowy-cykl-wojenny-i-smierc-2-mld-ludzi\\\/\",\"name\":\"Nowy cykl wojenny i \\u015bmier\\u0107 2 mld ludzi - Wolno\\u015b\\u0107 i Anarchia\",\"description\":\"Legendarny analityk techniczny przewiduje, \\u017ce w epoce antychrysta w wyniku nowego cyklu wojennego zgin\\u0105 2 miliardy ludzi Autor, Leo Zagami Artyku\\u0142 autorstwa Leo Zagamiego Napisa\\u0142em w Wyznaniach iluminat\\u00f3w, tom 9: Siedem krok\\u00f3w do tajemnic chaosu Nowego \\u015awiata od transhumanizmu i nie\\u015bmiertelno\\u015bci do gnostycznego Jezusa, UFO i czar\\u00f3w owad\\u00f3w : \\u2026 zawsze stwierdzamy, \\u017ce ludzko\\u015b\\u0107 traci \\u0142ask\\u0119 u\",\"inLanguage\":\"pl-PL\",\"isPartOf\":{\"@id\":\"https:\\\/\\\/wia.net.pl\\\/#website\"},\"breadcrumb\":{\"@id\":\"https:\\\/\\\/wia.net.pl\\\/index.php\\\/2023\\\/10\\\/28\\\/nowy-cykl-wojenny-i-smierc-2-mld-ludzi\\\/#breadcrumblist\"},\"author\":{\"@id\":\"https:\\\/\\\/wia.net.pl\\\/index.php\\\/author\\\/trinity\\\/#author\"},\"creator\":{\"@id\":\"https:\\\/\\\/wia.net.pl\\\/index.php\\\/author\\\/trinity\\\/#author\"},\"image\":{\"@type\":\"ImageObject\",\"url\":\"https:\\\/\\\/wia.net.pl\\\/wp-content\\\/uploads\\\/2023\\\/10\\\/antichrist.jpg\",\"@id\":\"https:\\\/\\\/wia.net.pl\\\/index.php\\\/2023\\\/10\\\/28\\\/nowy-cykl-wojenny-i-smierc-2-mld-ludzi\\\/#mainImage\",\"width\":700,\"height\":467,\"caption\":\"many people are praising the holy lord\"},\"primaryImageOfPage\":{\"@id\":\"https:\\\/\\\/wia.net.pl\\\/index.php\\\/2023\\\/10\\\/28\\\/nowy-cykl-wojenny-i-smierc-2-mld-ludzi\\\/#mainImage\"},\"datePublished\":\"2023-10-28T18:58:05+02:00\",\"dateModified\":\"2023-10-28T18:58:05+02:00\"},{\"@type\":\"WebSite\",\"@id\":\"https:\\\/\\\/wia.net.pl\\\/#website\",\"url\":\"https:\\\/\\\/wia.net.pl\\\/\",\"name\":\"Wolno\\u015b\\u0107 i Anarchia\",\"description\":\"Ka\\u017cdy wewn\\u0119trznie jest anarchist\\u0105.\",\"inLanguage\":\"pl-PL\",\"publisher\":{\"@id\":\"https:\\\/\\\/wia.net.pl\\\/#person\"}}]}\n\t\t<\/script>\n\t\t<!-- All in One SEO -->\n\n","aioseo_head_json":{"title":"Nowy cykl wojenny i \u015bmier\u0107 2 mld ludzi - Wolno\u015b\u0107 i Anarchia","description":"Legendarny analityk techniczny przewiduje, \u017ce w epoce antychrysta w wyniku nowego cyklu wojennego zgin\u0105 2 miliardy ludzi Autor, Leo Zagami Artyku\u0142 autorstwa Leo Zagamiego Napisa\u0142em w Wyznaniach iluminat\u00f3w, tom 9: Siedem krok\u00f3w do tajemnic chaosu Nowego \u015awiata od transhumanizmu i nie\u015bmiertelno\u015bci do gnostycznego Jezusa, UFO i czar\u00f3w owad\u00f3w : \u2026 zawsze stwierdzamy, \u017ce ludzko\u015b\u0107 traci \u0142ask\u0119 u","canonical_url":"https:\/\/wia.net.pl\/index.php\/2023\/10\/28\/nowy-cykl-wojenny-i-smierc-2-mld-ludzi\/","robots":"max-image-preview:large","keywords":"","webmasterTools":{"miscellaneous":""},"schema":{"@context":"https:\/\/schema.org","@graph":[{"@type":"BlogPosting","@id":"https:\/\/wia.net.pl\/index.php\/2023\/10\/28\/nowy-cykl-wojenny-i-smierc-2-mld-ludzi\/#blogposting","name":"Nowy cykl wojenny i \u015bmier\u0107 2 mld ludzi - Wolno\u015b\u0107 i Anarchia","headline":"Nowy cykl wojenny i \u015bmier\u0107 2 mld ludzi","author":{"@id":"https:\/\/wia.net.pl\/index.php\/author\/trinity\/#author"},"publisher":{"@id":"https:\/\/wia.net.pl\/#person"},"image":{"@type":"ImageObject","url":"https:\/\/wia.net.pl\/wp-content\/uploads\/2023\/10\/antichrist.jpg","width":700,"height":467,"caption":"many people are praising the holy lord"},"datePublished":"2023-10-28T18:58:05+02:00","dateModified":"2023-10-28T18:58:05+02:00","inLanguage":"pl-PL","mainEntityOfPage":{"@id":"https:\/\/wia.net.pl\/index.php\/2023\/10\/28\/nowy-cykl-wojenny-i-smierc-2-mld-ludzi\/#webpage"},"isPartOf":{"@id":"https:\/\/wia.net.pl\/index.php\/2023\/10\/28\/nowy-cykl-wojenny-i-smierc-2-mld-ludzi\/#webpage"},"articleSection":"Artyku\u0142y"},{"@type":"BreadcrumbList","@id":"https:\/\/wia.net.pl\/index.php\/2023\/10\/28\/nowy-cykl-wojenny-i-smierc-2-mld-ludzi\/#breadcrumblist","itemListElement":[{"@type":"ListItem","@id":"https:\/\/wia.net.pl#listItem","position":1,"name":"Home","item":"https:\/\/wia.net.pl","nextItem":{"@type":"ListItem","@id":"https:\/\/wia.net.pl\/index.php\/category\/artykuly\/#listItem","name":"Artyku\u0142y"}},{"@type":"ListItem","@id":"https:\/\/wia.net.pl\/index.php\/category\/artykuly\/#listItem","position":2,"name":"Artyku\u0142y","item":"https:\/\/wia.net.pl\/index.php\/category\/artykuly\/","nextItem":{"@type":"ListItem","@id":"https:\/\/wia.net.pl\/index.php\/2023\/10\/28\/nowy-cykl-wojenny-i-smierc-2-mld-ludzi\/#listItem","name":"Nowy cykl wojenny i \u015bmier\u0107 2 mld ludzi"},"previousItem":{"@type":"ListItem","@id":"https:\/\/wia.net.pl#listItem","name":"Home"}},{"@type":"ListItem","@id":"https:\/\/wia.net.pl\/index.php\/2023\/10\/28\/nowy-cykl-wojenny-i-smierc-2-mld-ludzi\/#listItem","position":3,"name":"Nowy cykl wojenny i \u015bmier\u0107 2 mld ludzi","previousItem":{"@type":"ListItem","@id":"https:\/\/wia.net.pl\/index.php\/category\/artykuly\/#listItem","name":"Artyku\u0142y"}}]},{"@type":"Person","@id":"https:\/\/wia.net.pl\/#person","name":"Bart\u0142omiej Talarczyk","image":{"@type":"ImageObject","@id":"https:\/\/wia.net.pl\/index.php\/2023\/10\/28\/nowy-cykl-wojenny-i-smierc-2-mld-ludzi\/#personImage","url":"https:\/\/wia.net.pl\/wp-content\/uploads\/avatar-privacy\/cache\/user\/1\/7\/176a6b161c58363ff49b5c167264231f519f5c7fa183ca1f61e891769b6b56d5-96.jpg","width":96,"height":96,"caption":"Bart\u0142omiej Talarczyk"}},{"@type":"Person","@id":"https:\/\/wia.net.pl\/index.php\/author\/trinity\/#author","url":"https:\/\/wia.net.pl\/index.php\/author\/trinity\/","name":"trinity","image":{"@type":"ImageObject","@id":"https:\/\/wia.net.pl\/index.php\/2023\/10\/28\/nowy-cykl-wojenny-i-smierc-2-mld-ludzi\/#authorImage","url":"https:\/\/wia.net.pl\/wp-content\/uploads\/avatar-privacy\/cache\/user\/5\/f\/5f6547cf82495eaa10e100a6a45d5dbde2dfdc1be88557de2018fca705bdf6f1-96.jpg","width":96,"height":96,"caption":"trinity"}},{"@type":"WebPage","@id":"https:\/\/wia.net.pl\/index.php\/2023\/10\/28\/nowy-cykl-wojenny-i-smierc-2-mld-ludzi\/#webpage","url":"https:\/\/wia.net.pl\/index.php\/2023\/10\/28\/nowy-cykl-wojenny-i-smierc-2-mld-ludzi\/","name":"Nowy cykl wojenny i \u015bmier\u0107 2 mld ludzi - Wolno\u015b\u0107 i Anarchia","description":"Legendarny analityk techniczny przewiduje, \u017ce w epoce antychrysta w wyniku nowego cyklu wojennego zgin\u0105 2 miliardy ludzi Autor, Leo Zagami Artyku\u0142 autorstwa Leo Zagamiego Napisa\u0142em w Wyznaniach iluminat\u00f3w, tom 9: Siedem krok\u00f3w do tajemnic chaosu Nowego \u015awiata od transhumanizmu i nie\u015bmiertelno\u015bci do gnostycznego Jezusa, UFO i czar\u00f3w owad\u00f3w : \u2026 zawsze stwierdzamy, \u017ce ludzko\u015b\u0107 traci \u0142ask\u0119 u","inLanguage":"pl-PL","isPartOf":{"@id":"https:\/\/wia.net.pl\/#website"},"breadcrumb":{"@id":"https:\/\/wia.net.pl\/index.php\/2023\/10\/28\/nowy-cykl-wojenny-i-smierc-2-mld-ludzi\/#breadcrumblist"},"author":{"@id":"https:\/\/wia.net.pl\/index.php\/author\/trinity\/#author"},"creator":{"@id":"https:\/\/wia.net.pl\/index.php\/author\/trinity\/#author"},"image":{"@type":"ImageObject","url":"https:\/\/wia.net.pl\/wp-content\/uploads\/2023\/10\/antichrist.jpg","@id":"https:\/\/wia.net.pl\/index.php\/2023\/10\/28\/nowy-cykl-wojenny-i-smierc-2-mld-ludzi\/#mainImage","width":700,"height":467,"caption":"many people are praising the holy lord"},"primaryImageOfPage":{"@id":"https:\/\/wia.net.pl\/index.php\/2023\/10\/28\/nowy-cykl-wojenny-i-smierc-2-mld-ludzi\/#mainImage"},"datePublished":"2023-10-28T18:58:05+02:00","dateModified":"2023-10-28T18:58:05+02:00"},{"@type":"WebSite","@id":"https:\/\/wia.net.pl\/#website","url":"https:\/\/wia.net.pl\/","name":"Wolno\u015b\u0107 i Anarchia","description":"Ka\u017cdy wewn\u0119trznie jest anarchist\u0105.","inLanguage":"pl-PL","publisher":{"@id":"https:\/\/wia.net.pl\/#person"}}]},"og:locale":"pl_PL","og:site_name":"Wolno\u015b\u0107 i Anarchia - Ka\u017cdy wewn\u0119trznie jest anarchist\u0105.","og:type":"article","og:title":"Nowy cykl wojenny i \u015bmier\u0107 2 mld ludzi - Wolno\u015b\u0107 i Anarchia","og:description":"Legendarny analityk techniczny przewiduje, \u017ce w epoce antychrysta w wyniku nowego cyklu wojennego zgin\u0105 2 miliardy ludzi Autor, Leo Zagami Artyku\u0142 autorstwa Leo Zagamiego Napisa\u0142em w Wyznaniach iluminat\u00f3w, tom 9: Siedem krok\u00f3w do tajemnic chaosu Nowego \u015awiata od transhumanizmu i nie\u015bmiertelno\u015bci do gnostycznego Jezusa, UFO i czar\u00f3w owad\u00f3w : \u2026 zawsze stwierdzamy, \u017ce ludzko\u015b\u0107 traci \u0142ask\u0119 u","og:url":"https:\/\/wia.net.pl\/index.php\/2023\/10\/28\/nowy-cykl-wojenny-i-smierc-2-mld-ludzi\/","og:image":"https:\/\/wia.net.pl\/wp-content\/uploads\/2023\/11\/cropped-freedom-i73367.jpg","og:image:secure_url":"https:\/\/wia.net.pl\/wp-content\/uploads\/2023\/11\/cropped-freedom-i73367.jpg","article:published_time":"2023-10-28T16:58:05+00:00","article:modified_time":"2023-10-28T16:58:05+00:00","twitter:card":"summary_large_image","twitter:title":"Nowy cykl wojenny i \u015bmier\u0107 2 mld ludzi - Wolno\u015b\u0107 i Anarchia","twitter:description":"Legendarny analityk techniczny przewiduje, \u017ce w epoce antychrysta w wyniku nowego cyklu wojennego zgin\u0105 2 miliardy ludzi Autor, Leo Zagami Artyku\u0142 autorstwa Leo Zagamiego Napisa\u0142em w Wyznaniach iluminat\u00f3w, tom 9: Siedem krok\u00f3w do tajemnic chaosu Nowego \u015awiata od transhumanizmu i nie\u015bmiertelno\u015bci do gnostycznego Jezusa, UFO i czar\u00f3w owad\u00f3w : \u2026 zawsze stwierdzamy, \u017ce ludzko\u015b\u0107 traci \u0142ask\u0119 u","twitter:image":"https:\/\/wia.net.pl\/wp-content\/uploads\/2023\/11\/cropped-freedom-i73367.jpg"},"aioseo_meta_data":{"post_id":"5217","title":null,"description":null,"keywords":[],"keyphrases":{"focus":{"keyphrase":"","score":0,"analysis":{"keyphraseInTitle":{"score":0,"maxScore":9,"error":1}}},"additional":[]},"primary_term":null,"canonical_url":null,"og_title":null,"og_description":null,"og_object_type":"default","og_image_type":"default","og_image_url":null,"og_image_width":null,"og_image_height":null,"og_image_custom_url":null,"og_image_custom_fields":null,"og_video":"","og_custom_url":null,"og_article_section":null,"og_article_tags":[],"twitter_use_og":false,"twitter_card":"default","twitter_image_type":"default","twitter_image_url":null,"twitter_image_custom_url":null,"twitter_image_custom_fields":null,"twitter_title":null,"twitter_description":null,"schema":{"blockGraphs":[],"customGraphs":[],"default":{"data":{"Article":[],"Course":[],"Dataset":[],"FAQPage":[],"Movie":[],"Person":[],"Product":[],"ProductReview":[],"Car":[],"Recipe":[],"Service":[],"SoftwareApplication":[],"WebPage":[]},"graphName":"BlogPosting","isEnabled":true},"graphs":[]},"schema_type":"default","schema_type_options":null,"pillar_content":false,"robots_default":true,"robots_noindex":false,"robots_noarchive":false,"robots_nosnippet":false,"robots_nofollow":false,"robots_noimageindex":false,"robots_noodp":false,"robots_notranslate":false,"robots_max_snippet":"-1","robots_max_videopreview":"-1","robots_max_imagepreview":"large","priority":null,"frequency":"default","local_seo":null,"breadcrumb_settings":null,"limit_modified_date":false,"ai":null,"created":"2023-10-28 16:53:33","updated":"2025-06-04 09:39:53","seo_analyzer_scan_date":null,"focus_keyword":null,"additional_keywords":null,"truseo_locale":null},"aioseo_breadcrumb":"<div class=\"aioseo-breadcrumbs\"><span class=\"aioseo-breadcrumb\">\n\t\t\t<a href=\"https:\/\/wia.net.pl\" title=\"Home\">Home<\/a>\n\t\t<\/span><span class=\"aioseo-breadcrumb-separator\">&raquo;<\/span><span class=\"aioseo-breadcrumb\">\n\t\t\t<a href=\"https:\/\/wia.net.pl\/index.php\/category\/artykuly\/\" title=\"Artyku\u0142y\">Artyku\u0142y<\/a>\n\t\t<\/span><span class=\"aioseo-breadcrumb-separator\">&raquo;<\/span><span class=\"aioseo-breadcrumb\">\n\t\t\tNowy cykl wojenny i \u015bmier\u0107 2 mld ludzi\n\t\t<\/span><\/div>","aioseo_breadcrumb_json":[{"label":"Home","link":"https:\/\/wia.net.pl"},{"label":"Artyku\u0142y","link":"https:\/\/wia.net.pl\/index.php\/category\/artykuly\/"},{"label":"Nowy cykl wojenny i \u015bmier\u0107 2 mld ludzi","link":"https:\/\/wia.net.pl\/index.php\/2023\/10\/28\/nowy-cykl-wojenny-i-smierc-2-mld-ludzi\/"}],"_links":{"self":[{"href":"https:\/\/wia.net.pl\/index.php\/wp-json\/wp\/v2\/posts\/5217"}],"collection":[{"href":"https:\/\/wia.net.pl\/index.php\/wp-json\/wp\/v2\/posts"}],"about":[{"href":"https:\/\/wia.net.pl\/index.php\/wp-json\/wp\/v2\/types\/post"}],"author":[{"embeddable":true,"href":"https:\/\/wia.net.pl\/index.php\/wp-json\/wp\/v2\/users\/2"}],"replies":[{"embeddable":true,"href":"https:\/\/wia.net.pl\/index.php\/wp-json\/wp\/v2\/comments?post=5217"}],"version-history":[{"count":2,"href":"https:\/\/wia.net.pl\/index.php\/wp-json\/wp\/v2\/posts\/5217\/revisions"}],"predecessor-version":[{"id":5220,"href":"https:\/\/wia.net.pl\/index.php\/wp-json\/wp\/v2\/posts\/5217\/revisions\/5220"}],"wp:featuredmedia":[{"embeddable":true,"href":"https:\/\/wia.net.pl\/index.php\/wp-json\/wp\/v2\/media\/5218"}],"wp:attachment":[{"href":"https:\/\/wia.net.pl\/index.php\/wp-json\/wp\/v2\/media?parent=5217"}],"wp:term":[{"taxonomy":"category","embeddable":true,"href":"https:\/\/wia.net.pl\/index.php\/wp-json\/wp\/v2\/categories?post=5217"},{"taxonomy":"post_tag","embeddable":true,"href":"https:\/\/wia.net.pl\/index.php\/wp-json\/wp\/v2\/tags?post=5217"}],"curies":[{"name":"wp","href":"https:\/\/api.w.org\/{rel}","templated":true}]}}