{"id":5230,"date":"2023-10-29T18:25:00","date_gmt":"2023-10-29T17:25:00","guid":{"rendered":"https:\/\/wia.net.pl\/?p=5230"},"modified":"2023-10-29T18:25:01","modified_gmt":"2023-10-29T17:25:01","slug":"interwencja-w-projekt-czlowiek","status":"publish","type":"post","link":"https:\/\/wia.net.pl\/index.php\/2023\/10\/29\/interwencja-w-projekt-czlowiek\/","title":{"rendered":"Interwencja w projekt cz\u0142owiek"},"content":{"rendered":"\n<p>Od czas\u00f3w Darwina pytania dotycz\u0105ce ewolucji cz\u0142owieka fascynuj\u0105 naukowc\u00f3w. Kiedy ludzie nauczyli si\u0119 m\u00f3wi\u0107 i zadawa\u0107 pytania? My\u015ble\u0107 abstrakcyjnie i dokonywa\u0107 wyczyn\u00f3w in\u017cynieryjnych?<br>Kiedy ludzie nauczyli si\u0119 archiwizowa\u0107 i budowa\u0107 swoj\u0105 kolektywn\u0105 wiedz\u0119? Czy ludzie zostali genetycznie zmodyfikowani przez ras\u0119 pozaziemsk\u0105?<\/p>\n\n\n\n<p>\u0179r\u00f3d\u0142o:&nbsp;<a href=\"https:\/\/www.youtube.com\/@The5thKind\" rel=\"noreferrer noopener\" target=\"_blank\">https:\/\/www.youtube.com\/@The5thKind<\/a><\/p>\n\n\n\n<p><\/p>\n\n\n<p><iframe loading=\"lazy\" class=\"rumble\" width=\"640\" height=\"360\" src=\"https:\/\/rumble.com\/embed\/v3pvjtm\/?pub=1e2p21\" frameborder=\"0\" allowfullscreen><\/iframe><\/p>\n<div class=\"remoji_bar\"><div class=\"remoji_add_container\" data-remoji-id=\"5230\" data-remoji-type=\"post\"><div class=\"remoji_add_icon\"><\/div><\/div><div class=\"remoji_error_bar\" data-remoji-id=\"5230\" data-remoji-type=\"post\" style=\"display: none;\">Error happened.<\/div><\/div>","protected":false},"excerpt":{"rendered":"<p>Od czas\u00f3w Darwina pytania dotycz\u0105ce ewolucji cz\u0142owieka fascynuj\u0105 naukowc\u00f3w. Kiedy ludzie nauczyli si\u0119 m\u00f3wi\u0107 i zadawa\u0107 pytania? My\u015ble\u0107 abstrakcyjnie i dokonywa\u0107 wyczyn\u00f3w in\u017cynieryjnych?Kiedy ludzie nauczyli si\u0119 archiwizowa\u0107 i budowa\u0107 swoj\u0105 kolektywn\u0105 wiedz\u0119? Czy ludzie zostali genetycznie zmodyfikowani przez ras\u0119 pozaziemsk\u0105?&#8230; <\/p>\n","protected":false},"author":3,"featured_media":5231,"comment_status":"open","ping_status":"open","sticky":false,"template":"","format":"standard","meta":{"_acf_changed":false,"_bbp_topic_count":0,"_bbp_reply_count":0,"_bbp_total_topic_count":0,"_bbp_total_reply_count":0,"_bbp_voice_count":0,"_bbp_anonymous_reply_count":0,"_bbp_topic_count_hidden":0,"_bbp_reply_count_hidden":0,"_bbp_forum_subforum_count":0,"om_disable_all_campaigns":false,"_monsterinsights_skip_tracking":false,"_monsterinsights_sitenote_active":false,"_monsterinsights_sitenote_note":"","_monsterinsights_sitenote_category":0,"footnotes":""},"categories":[11,96],"tags":[68,63,42,71,26,23,32,22,70,62],"class_list":["post-5230","post","type-post","status-publish","format-standard","has-post-thumbnail","hentry","category-antropologia","category-religie","tag-cesarstwo-rzymskie","tag-historia-ziemi","tag-illuminati","tag-kosciol-katolicki","tag-ludzkosc","tag-niewolnictwo","tag-rzad","tag-satanizm","tag-tajne-stowarzyszenia","tag-wszechswiat"],"acf":[],"aioseo_notices":[],"_links":{"self":[{"href":"https:\/\/wia.net.pl\/index.php\/wp-json\/wp\/v2\/posts\/5230"}],"collection":[{"href":"https:\/\/wia.net.pl\/index.php\/wp-json\/wp\/v2\/posts"}],"about":[{"href":"https:\/\/wia.net.pl\/index.php\/wp-json\/wp\/v2\/types\/post"}],"author":[{"embeddable":true,"href":"https:\/\/wia.net.pl\/index.php\/wp-json\/wp\/v2\/users\/3"}],"replies":[{"embeddable":true,"href":"https:\/\/wia.net.pl\/index.php\/wp-json\/wp\/v2\/comments?post=5230"}],"version-history":[{"count":1,"href":"https:\/\/wia.net.pl\/index.php\/wp-json\/wp\/v2\/posts\/5230\/revisions"}],"predecessor-version":[{"id":5232,"href":"https:\/\/wia.net.pl\/index.php\/wp-json\/wp\/v2\/posts\/5230\/revisions\/5232"}],"wp:featuredmedia":[{"embeddable":true,"href":"https:\/\/wia.net.pl\/index.php\/wp-json\/wp\/v2\/media\/5231"}],"wp:attachment":[{"href":"https:\/\/wia.net.pl\/index.php\/wp-json\/wp\/v2\/media?parent=5230"}],"wp:term":[{"taxonomy":"category","embeddable":true,"href":"https:\/\/wia.net.pl\/index.php\/wp-json\/wp\/v2\/categories?post=5230"},{"taxonomy":"post_tag","embeddable":true,"href":"https:\/\/wia.net.pl\/index.php\/wp-json\/wp\/v2\/tags?post=5230"}],"curies":[{"name":"wp","href":"https:\/\/api.w.org\/{rel}","templated":true}]}}