{"id":5278,"date":"2023-11-03T00:56:16","date_gmt":"2023-11-02T23:56:16","guid":{"rendered":"https:\/\/wia.net.pl\/?p=5278"},"modified":"2023-11-04T11:13:32","modified_gmt":"2023-11-04T10:13:32","slug":"ahnenerbe-i-okultystyczna-wyprawa-po-swietego-graala","status":"publish","type":"post","link":"https:\/\/wia.net.pl\/index.php\/2023\/11\/03\/ahnenerbe-i-okultystyczna-wyprawa-po-swietego-graala\/","title":{"rendered":"Ahnenerbe i okultystyczna wyprawa po \u015bwi\u0119tego Graala"},"content":{"rendered":"\n<p>Fabu\u0142y film\u00f3w Indiana Jones i ostatnia krucjata oraz Poszukiwacze zaginionej arki odzwierciedlaj\u0105 niesamowite przygody niemieckiego archeologa Otto Rahna na po\u0142udniu Francji na pocz\u0105tku lat trzydziestych XX wieku. Rahn doszed\u0142 do wniosku, \u017ce niemieckie tradycje chrze\u015bcija\u0144skie zachowa\u0142y wiele element\u00f3w z przedchrze\u015bcija\u0144skiej poga\u0144skiej przesz\u0142o\u015bci. By\u0142 przekonany, \u017ce katarzy, \u015bredniowieczna &#8222;heretycka&#8221; sekta chrze\u015bcija\u0144ska, posiada\u0142a sekret \u015awi\u0119tego Graala.<\/p>\n\n\n\n<p>\u0179R\u00d3D\u0141O:<br>Kana\u0142 Atlantean gardens \u2013&nbsp;<a href=\"https:\/\/www.youtube.com\/c\/AtlanteangardensOrg\" target=\"_blank\" rel=\"noreferrer noopener\">https:\/\/www.youtube.com\/c\/AtlanteangardensOrg<\/a><br>Kana\u0142 Robert Sepehr \u2013&nbsp;<a href=\"https:\/\/www.youtube.com\/user\/818encino\" target=\"_blank\" rel=\"noreferrer noopener\">https:\/\/www.youtube.com\/user\/818encino<\/a><\/p>\n\n\n<p><iframe loading=\"lazy\" id=\"odysee-iframe\" width=\"560\" height=\"315\" src=\"https:\/\/odysee.com\/$\/embed\/@wolnoscanarchia:d\/Robert-Sepehr---Ahnenerbe-i-okultystyczna-wyprawa-po-\u015bwi\u0119tego-Graala:8?r=DWauvCpEiJR4DKxA1zwS5TPk72zxrrm9\" allowfullscreen><\/iframe><\/p>\n","protected":false},"excerpt":{"rendered":"<p>Fabu\u0142y film\u00f3w Indiana Jones i ostatnia krucjata oraz Poszukiwacze zaginionej arki odzwierciedlaj\u0105 niesamowite przygody niemieckiego archeologa Otto Rahna na po\u0142udniu Francji na pocz\u0105tku lat trzydziestych XX wieku. Rahn doszed\u0142 do wniosku, \u017ce niemieckie tradycje chrze\u015bcija\u0144skie zachowa\u0142y wiele element\u00f3w z przedchrze\u015bcija\u0144skiej&#8230; <\/p>\n","protected":false},"author":3,"featured_media":5279,"comment_status":"open","ping_status":"open","sticky":false,"template":"","format":"standard","meta":{"_acf_changed":false,"_bbp_topic_count":0,"_bbp_reply_count":0,"_bbp_total_topic_count":0,"_bbp_total_reply_count":0,"_bbp_voice_count":0,"_bbp_anonymous_reply_count":0,"_bbp_topic_count_hidden":0,"_bbp_reply_count_hidden":0,"_bbp_forum_subforum_count":0,"om_disable_all_campaigns":false,"_monsterinsights_skip_tracking":false,"footnotes":""},"categories":[11],"tags":[68,63,42,71,26,23,32,22,70,62],"class_list":["post-5278","post","type-post","status-publish","format-standard","has-post-thumbnail","hentry","category-antropologia","tag-cesarstwo-rzymskie","tag-historia-ziemi","tag-illuminati","tag-kosciol-katolicki","tag-ludzkosc","tag-niewolnictwo","tag-rzad","tag-satanizm","tag-tajne-stowarzyszenia","tag-wszechswiat"],"acf":[],"aioseo_notices":[],"aioseo_head":"\n\t\t<!-- All in One SEO 5.0.1.1 - aioseo.com -->\n\t<meta name=\"description\" content=\"Fabu\u0142y film\u00f3w Indiana Jones i ostatnia krucjata oraz Poszukiwacze zaginionej arki odzwierciedlaj\u0105 niesamowite przygody niemieckiego archeologa Otto Rahna na po\u0142udniu Francji na pocz\u0105tku lat trzydziestych XX wieku. Rahn doszed\u0142 do wniosku, \u017ce niemieckie tradycje chrze\u015bcija\u0144skie zachowa\u0142y wiele element\u00f3w z przedchrze\u015bcija\u0144skiej poga\u0144skiej przesz\u0142o\u015bci. By\u0142 przekonany, \u017ce katarzy, \u015bredniowieczna &quot;heretycka&quot; sekta chrze\u015bcija\u0144ska, posiada\u0142a sekret \u015awi\u0119tego Graala. \u0179R\u00d3D\u0141O:Kana\u0142\" \/>\n\t<meta name=\"robots\" content=\"max-image-preview:large\" \/>\n\t<meta name=\"author\" content=\"Bart\u0142omiej Talarczyk\"\/>\n\t<link rel=\"canonical\" href=\"https:\/\/wia.net.pl\/index.php\/2023\/11\/03\/ahnenerbe-i-okultystyczna-wyprawa-po-swietego-graala\/\" \/>\n\t<meta name=\"generator\" content=\"All in One SEO (AIOSEO) 5.0.1.1\" \/>\n\t\t<meta property=\"og:locale\" content=\"pl_PL\" \/>\n\t\t<meta property=\"og:site_name\" content=\"Wolno\u015b\u0107 i Anarchia - Ka\u017cdy wewn\u0119trznie jest anarchist\u0105.\" \/>\n\t\t<meta property=\"og:type\" content=\"article\" \/>\n\t\t<meta property=\"og:title\" content=\"Ahnenerbe i okultystyczna wyprawa po \u015bwi\u0119tego Graala - Wolno\u015b\u0107 i Anarchia\" \/>\n\t\t<meta property=\"og:description\" content=\"Fabu\u0142y film\u00f3w Indiana Jones i ostatnia krucjata oraz Poszukiwacze zaginionej arki odzwierciedlaj\u0105 niesamowite przygody niemieckiego archeologa Otto Rahna na po\u0142udniu Francji na pocz\u0105tku lat trzydziestych XX wieku. Rahn doszed\u0142 do wniosku, \u017ce niemieckie tradycje chrze\u015bcija\u0144skie zachowa\u0142y wiele element\u00f3w z przedchrze\u015bcija\u0144skiej poga\u0144skiej przesz\u0142o\u015bci. By\u0142 przekonany, \u017ce katarzy, \u015bredniowieczna &quot;heretycka&quot; sekta chrze\u015bcija\u0144ska, posiada\u0142a sekret \u015awi\u0119tego Graala. \u0179R\u00d3D\u0141O:Kana\u0142\" \/>\n\t\t<meta property=\"og:url\" content=\"https:\/\/wia.net.pl\/index.php\/2023\/11\/03\/ahnenerbe-i-okultystyczna-wyprawa-po-swietego-graala\/\" \/>\n\t\t<meta property=\"og:image\" content=\"https:\/\/wia.net.pl\/wp-content\/uploads\/2023\/11\/cropped-freedom-i73367.jpg\" \/>\n\t\t<meta property=\"og:image:secure_url\" content=\"https:\/\/wia.net.pl\/wp-content\/uploads\/2023\/11\/cropped-freedom-i73367.jpg\" \/>\n\t\t<meta property=\"article:published_time\" content=\"2023-11-02T23:56:16+00:00\" \/>\n\t\t<meta property=\"article:modified_time\" content=\"2023-11-04T10:13:32+00:00\" \/>\n\t\t<meta name=\"twitter:card\" content=\"summary_large_image\" \/>\n\t\t<meta name=\"twitter:title\" content=\"Ahnenerbe i okultystyczna wyprawa po \u015bwi\u0119tego Graala - Wolno\u015b\u0107 i Anarchia\" \/>\n\t\t<meta name=\"twitter:description\" content=\"Fabu\u0142y film\u00f3w Indiana Jones i ostatnia krucjata oraz Poszukiwacze zaginionej arki odzwierciedlaj\u0105 niesamowite przygody niemieckiego archeologa Otto Rahna na po\u0142udniu Francji na pocz\u0105tku lat trzydziestych XX wieku. Rahn doszed\u0142 do wniosku, \u017ce niemieckie tradycje chrze\u015bcija\u0144skie zachowa\u0142y wiele element\u00f3w z przedchrze\u015bcija\u0144skiej poga\u0144skiej przesz\u0142o\u015bci. By\u0142 przekonany, \u017ce katarzy, \u015bredniowieczna &quot;heretycka&quot; sekta chrze\u015bcija\u0144ska, posiada\u0142a sekret \u015awi\u0119tego Graala. \u0179R\u00d3D\u0141O:Kana\u0142\" \/>\n\t\t<meta name=\"twitter:image\" content=\"https:\/\/wia.net.pl\/wp-content\/uploads\/2023\/11\/cropped-freedom-i73367.jpg\" \/>\n\t\t<script type=\"application\/ld+json\" class=\"aioseo-schema\">\n\t\t\t{\"@context\":\"https:\\\/\\\/schema.org\",\"@graph\":[{\"@type\":\"BlogPosting\",\"@id\":\"https:\\\/\\\/wia.net.pl\\\/index.php\\\/2023\\\/11\\\/03\\\/ahnenerbe-i-okultystyczna-wyprawa-po-swietego-graala\\\/#blogposting\",\"name\":\"Ahnenerbe i okultystyczna wyprawa po \\u015bwi\\u0119tego Graala - Wolno\\u015b\\u0107 i Anarchia\",\"headline\":\"Ahnenerbe i okultystyczna wyprawa po \\u015bwi\\u0119tego Graala\",\"author\":{\"@id\":\"https:\\\/\\\/wia.net.pl\\\/index.php\\\/author\\\/talar\\\/#author\"},\"publisher\":{\"@id\":\"https:\\\/\\\/wia.net.pl\\\/#person\"},\"image\":{\"@type\":\"ImageObject\",\"url\":\"https:\\\/\\\/wia.net.pl\\\/wp-content\\\/uploads\\\/2023\\\/11\\\/ahnenerbe-okultystyczna-wyprawa-po-swieteg-o-graala.jpg\",\"width\":1920,\"height\":1080},\"datePublished\":\"2023-11-03T00:56:16+01:00\",\"dateModified\":\"2023-11-04T11:13:32+01:00\",\"inLanguage\":\"pl-PL\",\"mainEntityOfPage\":{\"@id\":\"https:\\\/\\\/wia.net.pl\\\/index.php\\\/2023\\\/11\\\/03\\\/ahnenerbe-i-okultystyczna-wyprawa-po-swietego-graala\\\/#webpage\"},\"isPartOf\":{\"@id\":\"https:\\\/\\\/wia.net.pl\\\/index.php\\\/2023\\\/11\\\/03\\\/ahnenerbe-i-okultystyczna-wyprawa-po-swietego-graala\\\/#webpage\"},\"articleSection\":\"Antropologia, Cesarstwo Rzymskie, Historia ziemi, Illuminati, Ko\\u015bci\\u00f3\\u0142 katolicki, Ludzko\\u015b\\u0107, Niewolnictwo, Rz\\u0105d, Satanizm, Tajne stowarzyszenia, Wszech\\u015bwiat\"},{\"@type\":\"BreadcrumbList\",\"@id\":\"https:\\\/\\\/wia.net.pl\\\/index.php\\\/2023\\\/11\\\/03\\\/ahnenerbe-i-okultystyczna-wyprawa-po-swietego-graala\\\/#breadcrumblist\",\"itemListElement\":[{\"@type\":\"ListItem\",\"@id\":\"https:\\\/\\\/wia.net.pl#listItem\",\"position\":1,\"name\":\"Home\",\"item\":\"https:\\\/\\\/wia.net.pl\",\"nextItem\":{\"@type\":\"ListItem\",\"@id\":\"https:\\\/\\\/wia.net.pl\\\/index.php\\\/category\\\/antropologia\\\/#listItem\",\"name\":\"Antropologia\"}},{\"@type\":\"ListItem\",\"@id\":\"https:\\\/\\\/wia.net.pl\\\/index.php\\\/category\\\/antropologia\\\/#listItem\",\"position\":2,\"name\":\"Antropologia\",\"item\":\"https:\\\/\\\/wia.net.pl\\\/index.php\\\/category\\\/antropologia\\\/\",\"nextItem\":{\"@type\":\"ListItem\",\"@id\":\"https:\\\/\\\/wia.net.pl\\\/index.php\\\/2023\\\/11\\\/03\\\/ahnenerbe-i-okultystyczna-wyprawa-po-swietego-graala\\\/#listItem\",\"name\":\"Ahnenerbe i okultystyczna wyprawa po \\u015bwi\\u0119tego Graala\"},\"previousItem\":{\"@type\":\"ListItem\",\"@id\":\"https:\\\/\\\/wia.net.pl#listItem\",\"name\":\"Home\"}},{\"@type\":\"ListItem\",\"@id\":\"https:\\\/\\\/wia.net.pl\\\/index.php\\\/2023\\\/11\\\/03\\\/ahnenerbe-i-okultystyczna-wyprawa-po-swietego-graala\\\/#listItem\",\"position\":3,\"name\":\"Ahnenerbe i okultystyczna wyprawa po \\u015bwi\\u0119tego Graala\",\"previousItem\":{\"@type\":\"ListItem\",\"@id\":\"https:\\\/\\\/wia.net.pl\\\/index.php\\\/category\\\/antropologia\\\/#listItem\",\"name\":\"Antropologia\"}}]},{\"@type\":\"Person\",\"@id\":\"https:\\\/\\\/wia.net.pl\\\/#person\",\"name\":\"Bart\\u0142omiej Talarczyk\",\"image\":{\"@type\":\"ImageObject\",\"@id\":\"https:\\\/\\\/wia.net.pl\\\/index.php\\\/2023\\\/11\\\/03\\\/ahnenerbe-i-okultystyczna-wyprawa-po-swietego-graala\\\/#personImage\",\"url\":\"https:\\\/\\\/wia.net.pl\\\/wp-content\\\/uploads\\\/avatar-privacy\\\/cache\\\/user\\\/1\\\/7\\\/176a6b161c58363ff49b5c167264231f519f5c7fa183ca1f61e891769b6b56d5-96.jpg\",\"width\":96,\"height\":96,\"caption\":\"Bart\\u0142omiej Talarczyk\"}},{\"@type\":\"Person\",\"@id\":\"https:\\\/\\\/wia.net.pl\\\/index.php\\\/author\\\/talar\\\/#author\",\"url\":\"https:\\\/\\\/wia.net.pl\\\/index.php\\\/author\\\/talar\\\/\",\"name\":\"Bart\\u0142omiej Talarczyk\",\"image\":{\"@type\":\"ImageObject\",\"@id\":\"https:\\\/\\\/wia.net.pl\\\/index.php\\\/2023\\\/11\\\/03\\\/ahnenerbe-i-okultystyczna-wyprawa-po-swietego-graala\\\/#authorImage\",\"url\":\"https:\\\/\\\/wia.net.pl\\\/wp-content\\\/uploads\\\/avatar-privacy\\\/cache\\\/user\\\/1\\\/7\\\/176a6b161c58363ff49b5c167264231f519f5c7fa183ca1f61e891769b6b56d5-96.jpg\",\"width\":96,\"height\":96,\"caption\":\"Bart\\u0142omiej Talarczyk\"}},{\"@type\":\"WebPage\",\"@id\":\"https:\\\/\\\/wia.net.pl\\\/index.php\\\/2023\\\/11\\\/03\\\/ahnenerbe-i-okultystyczna-wyprawa-po-swietego-graala\\\/#webpage\",\"url\":\"https:\\\/\\\/wia.net.pl\\\/index.php\\\/2023\\\/11\\\/03\\\/ahnenerbe-i-okultystyczna-wyprawa-po-swietego-graala\\\/\",\"name\":\"Ahnenerbe i okultystyczna wyprawa po \\u015bwi\\u0119tego Graala - Wolno\\u015b\\u0107 i Anarchia\",\"description\":\"Fabu\\u0142y film\\u00f3w Indiana Jones i ostatnia krucjata oraz Poszukiwacze zaginionej arki odzwierciedlaj\\u0105 niesamowite przygody niemieckiego archeologa Otto Rahna na po\\u0142udniu Francji na pocz\\u0105tku lat trzydziestych XX wieku. Rahn doszed\\u0142 do wniosku, \\u017ce niemieckie tradycje chrze\\u015bcija\\u0144skie zachowa\\u0142y wiele element\\u00f3w z przedchrze\\u015bcija\\u0144skiej poga\\u0144skiej przesz\\u0142o\\u015bci. By\\u0142 przekonany, \\u017ce katarzy, \\u015bredniowieczna \\\"heretycka\\\" sekta chrze\\u015bcija\\u0144ska, posiada\\u0142a sekret \\u015awi\\u0119tego Graala. \\u0179R\\u00d3D\\u0141O:Kana\\u0142\",\"inLanguage\":\"pl-PL\",\"isPartOf\":{\"@id\":\"https:\\\/\\\/wia.net.pl\\\/#website\"},\"breadcrumb\":{\"@id\":\"https:\\\/\\\/wia.net.pl\\\/index.php\\\/2023\\\/11\\\/03\\\/ahnenerbe-i-okultystyczna-wyprawa-po-swietego-graala\\\/#breadcrumblist\"},\"author\":{\"@id\":\"https:\\\/\\\/wia.net.pl\\\/index.php\\\/author\\\/talar\\\/#author\"},\"creator\":{\"@id\":\"https:\\\/\\\/wia.net.pl\\\/index.php\\\/author\\\/talar\\\/#author\"},\"image\":{\"@type\":\"ImageObject\",\"url\":\"https:\\\/\\\/wia.net.pl\\\/wp-content\\\/uploads\\\/2023\\\/11\\\/ahnenerbe-okultystyczna-wyprawa-po-swieteg-o-graala.jpg\",\"@id\":\"https:\\\/\\\/wia.net.pl\\\/index.php\\\/2023\\\/11\\\/03\\\/ahnenerbe-i-okultystyczna-wyprawa-po-swietego-graala\\\/#mainImage\",\"width\":1920,\"height\":1080},\"primaryImageOfPage\":{\"@id\":\"https:\\\/\\\/wia.net.pl\\\/index.php\\\/2023\\\/11\\\/03\\\/ahnenerbe-i-okultystyczna-wyprawa-po-swietego-graala\\\/#mainImage\"},\"datePublished\":\"2023-11-03T00:56:16+01:00\",\"dateModified\":\"2023-11-04T11:13:32+01:00\"},{\"@type\":\"WebSite\",\"@id\":\"https:\\\/\\\/wia.net.pl\\\/#website\",\"url\":\"https:\\\/\\\/wia.net.pl\\\/\",\"name\":\"Wolno\\u015b\\u0107 i Anarchia\",\"description\":\"Ka\\u017cdy wewn\\u0119trznie jest anarchist\\u0105.\",\"inLanguage\":\"pl-PL\",\"publisher\":{\"@id\":\"https:\\\/\\\/wia.net.pl\\\/#person\"}}]}\n\t\t<\/script>\n\t\t<!-- All in One SEO -->\n\n","aioseo_head_json":{"title":"Ahnenerbe i okultystyczna wyprawa po \u015bwi\u0119tego Graala - Wolno\u015b\u0107 i Anarchia","description":"Fabu\u0142y film\u00f3w Indiana Jones i ostatnia krucjata oraz Poszukiwacze zaginionej arki odzwierciedlaj\u0105 niesamowite przygody niemieckiego archeologa Otto Rahna na po\u0142udniu Francji na pocz\u0105tku lat trzydziestych XX wieku. Rahn doszed\u0142 do wniosku, \u017ce niemieckie tradycje chrze\u015bcija\u0144skie zachowa\u0142y wiele element\u00f3w z przedchrze\u015bcija\u0144skiej poga\u0144skiej przesz\u0142o\u015bci. By\u0142 przekonany, \u017ce katarzy, \u015bredniowieczna \"heretycka\" sekta chrze\u015bcija\u0144ska, posiada\u0142a sekret \u015awi\u0119tego Graala. \u0179R\u00d3D\u0141O:Kana\u0142","canonical_url":"https:\/\/wia.net.pl\/index.php\/2023\/11\/03\/ahnenerbe-i-okultystyczna-wyprawa-po-swietego-graala\/","robots":"max-image-preview:large","keywords":"","webmasterTools":{"miscellaneous":""},"schema":{"@context":"https:\/\/schema.org","@graph":[{"@type":"BlogPosting","@id":"https:\/\/wia.net.pl\/index.php\/2023\/11\/03\/ahnenerbe-i-okultystyczna-wyprawa-po-swietego-graala\/#blogposting","name":"Ahnenerbe i okultystyczna wyprawa po \u015bwi\u0119tego Graala - Wolno\u015b\u0107 i Anarchia","headline":"Ahnenerbe i okultystyczna wyprawa po \u015bwi\u0119tego Graala","author":{"@id":"https:\/\/wia.net.pl\/index.php\/author\/talar\/#author"},"publisher":{"@id":"https:\/\/wia.net.pl\/#person"},"image":{"@type":"ImageObject","url":"https:\/\/wia.net.pl\/wp-content\/uploads\/2023\/11\/ahnenerbe-okultystyczna-wyprawa-po-swieteg-o-graala.jpg","width":1920,"height":1080},"datePublished":"2023-11-03T00:56:16+01:00","dateModified":"2023-11-04T11:13:32+01:00","inLanguage":"pl-PL","mainEntityOfPage":{"@id":"https:\/\/wia.net.pl\/index.php\/2023\/11\/03\/ahnenerbe-i-okultystyczna-wyprawa-po-swietego-graala\/#webpage"},"isPartOf":{"@id":"https:\/\/wia.net.pl\/index.php\/2023\/11\/03\/ahnenerbe-i-okultystyczna-wyprawa-po-swietego-graala\/#webpage"},"articleSection":"Antropologia, Cesarstwo Rzymskie, Historia ziemi, Illuminati, Ko\u015bci\u00f3\u0142 katolicki, Ludzko\u015b\u0107, Niewolnictwo, Rz\u0105d, Satanizm, Tajne stowarzyszenia, Wszech\u015bwiat"},{"@type":"BreadcrumbList","@id":"https:\/\/wia.net.pl\/index.php\/2023\/11\/03\/ahnenerbe-i-okultystyczna-wyprawa-po-swietego-graala\/#breadcrumblist","itemListElement":[{"@type":"ListItem","@id":"https:\/\/wia.net.pl#listItem","position":1,"name":"Home","item":"https:\/\/wia.net.pl","nextItem":{"@type":"ListItem","@id":"https:\/\/wia.net.pl\/index.php\/category\/antropologia\/#listItem","name":"Antropologia"}},{"@type":"ListItem","@id":"https:\/\/wia.net.pl\/index.php\/category\/antropologia\/#listItem","position":2,"name":"Antropologia","item":"https:\/\/wia.net.pl\/index.php\/category\/antropologia\/","nextItem":{"@type":"ListItem","@id":"https:\/\/wia.net.pl\/index.php\/2023\/11\/03\/ahnenerbe-i-okultystyczna-wyprawa-po-swietego-graala\/#listItem","name":"Ahnenerbe i okultystyczna wyprawa po \u015bwi\u0119tego Graala"},"previousItem":{"@type":"ListItem","@id":"https:\/\/wia.net.pl#listItem","name":"Home"}},{"@type":"ListItem","@id":"https:\/\/wia.net.pl\/index.php\/2023\/11\/03\/ahnenerbe-i-okultystyczna-wyprawa-po-swietego-graala\/#listItem","position":3,"name":"Ahnenerbe i okultystyczna wyprawa po \u015bwi\u0119tego Graala","previousItem":{"@type":"ListItem","@id":"https:\/\/wia.net.pl\/index.php\/category\/antropologia\/#listItem","name":"Antropologia"}}]},{"@type":"Person","@id":"https:\/\/wia.net.pl\/#person","name":"Bart\u0142omiej Talarczyk","image":{"@type":"ImageObject","@id":"https:\/\/wia.net.pl\/index.php\/2023\/11\/03\/ahnenerbe-i-okultystyczna-wyprawa-po-swietego-graala\/#personImage","url":"https:\/\/wia.net.pl\/wp-content\/uploads\/avatar-privacy\/cache\/user\/1\/7\/176a6b161c58363ff49b5c167264231f519f5c7fa183ca1f61e891769b6b56d5-96.jpg","width":96,"height":96,"caption":"Bart\u0142omiej Talarczyk"}},{"@type":"Person","@id":"https:\/\/wia.net.pl\/index.php\/author\/talar\/#author","url":"https:\/\/wia.net.pl\/index.php\/author\/talar\/","name":"Bart\u0142omiej Talarczyk","image":{"@type":"ImageObject","@id":"https:\/\/wia.net.pl\/index.php\/2023\/11\/03\/ahnenerbe-i-okultystyczna-wyprawa-po-swietego-graala\/#authorImage","url":"https:\/\/wia.net.pl\/wp-content\/uploads\/avatar-privacy\/cache\/user\/1\/7\/176a6b161c58363ff49b5c167264231f519f5c7fa183ca1f61e891769b6b56d5-96.jpg","width":96,"height":96,"caption":"Bart\u0142omiej Talarczyk"}},{"@type":"WebPage","@id":"https:\/\/wia.net.pl\/index.php\/2023\/11\/03\/ahnenerbe-i-okultystyczna-wyprawa-po-swietego-graala\/#webpage","url":"https:\/\/wia.net.pl\/index.php\/2023\/11\/03\/ahnenerbe-i-okultystyczna-wyprawa-po-swietego-graala\/","name":"Ahnenerbe i okultystyczna wyprawa po \u015bwi\u0119tego Graala - Wolno\u015b\u0107 i Anarchia","description":"Fabu\u0142y film\u00f3w Indiana Jones i ostatnia krucjata oraz Poszukiwacze zaginionej arki odzwierciedlaj\u0105 niesamowite przygody niemieckiego archeologa Otto Rahna na po\u0142udniu Francji na pocz\u0105tku lat trzydziestych XX wieku. Rahn doszed\u0142 do wniosku, \u017ce niemieckie tradycje chrze\u015bcija\u0144skie zachowa\u0142y wiele element\u00f3w z przedchrze\u015bcija\u0144skiej poga\u0144skiej przesz\u0142o\u015bci. By\u0142 przekonany, \u017ce katarzy, \u015bredniowieczna \"heretycka\" sekta chrze\u015bcija\u0144ska, posiada\u0142a sekret \u015awi\u0119tego Graala. \u0179R\u00d3D\u0141O:Kana\u0142","inLanguage":"pl-PL","isPartOf":{"@id":"https:\/\/wia.net.pl\/#website"},"breadcrumb":{"@id":"https:\/\/wia.net.pl\/index.php\/2023\/11\/03\/ahnenerbe-i-okultystyczna-wyprawa-po-swietego-graala\/#breadcrumblist"},"author":{"@id":"https:\/\/wia.net.pl\/index.php\/author\/talar\/#author"},"creator":{"@id":"https:\/\/wia.net.pl\/index.php\/author\/talar\/#author"},"image":{"@type":"ImageObject","url":"https:\/\/wia.net.pl\/wp-content\/uploads\/2023\/11\/ahnenerbe-okultystyczna-wyprawa-po-swieteg-o-graala.jpg","@id":"https:\/\/wia.net.pl\/index.php\/2023\/11\/03\/ahnenerbe-i-okultystyczna-wyprawa-po-swietego-graala\/#mainImage","width":1920,"height":1080},"primaryImageOfPage":{"@id":"https:\/\/wia.net.pl\/index.php\/2023\/11\/03\/ahnenerbe-i-okultystyczna-wyprawa-po-swietego-graala\/#mainImage"},"datePublished":"2023-11-03T00:56:16+01:00","dateModified":"2023-11-04T11:13:32+01:00"},{"@type":"WebSite","@id":"https:\/\/wia.net.pl\/#website","url":"https:\/\/wia.net.pl\/","name":"Wolno\u015b\u0107 i Anarchia","description":"Ka\u017cdy wewn\u0119trznie jest anarchist\u0105.","inLanguage":"pl-PL","publisher":{"@id":"https:\/\/wia.net.pl\/#person"}}]},"og:locale":"pl_PL","og:site_name":"Wolno\u015b\u0107 i Anarchia - Ka\u017cdy wewn\u0119trznie jest anarchist\u0105.","og:type":"article","og:title":"Ahnenerbe i okultystyczna wyprawa po \u015bwi\u0119tego Graala - Wolno\u015b\u0107 i Anarchia","og:description":"Fabu\u0142y film\u00f3w Indiana Jones i ostatnia krucjata oraz Poszukiwacze zaginionej arki odzwierciedlaj\u0105 niesamowite przygody niemieckiego archeologa Otto Rahna na po\u0142udniu Francji na pocz\u0105tku lat trzydziestych XX wieku. Rahn doszed\u0142 do wniosku, \u017ce niemieckie tradycje chrze\u015bcija\u0144skie zachowa\u0142y wiele element\u00f3w z przedchrze\u015bcija\u0144skiej poga\u0144skiej przesz\u0142o\u015bci. By\u0142 przekonany, \u017ce katarzy, \u015bredniowieczna &quot;heretycka&quot; sekta chrze\u015bcija\u0144ska, posiada\u0142a sekret \u015awi\u0119tego Graala. \u0179R\u00d3D\u0141O:Kana\u0142","og:url":"https:\/\/wia.net.pl\/index.php\/2023\/11\/03\/ahnenerbe-i-okultystyczna-wyprawa-po-swietego-graala\/","og:image":"https:\/\/wia.net.pl\/wp-content\/uploads\/2023\/11\/cropped-freedom-i73367.jpg","og:image:secure_url":"https:\/\/wia.net.pl\/wp-content\/uploads\/2023\/11\/cropped-freedom-i73367.jpg","article:published_time":"2023-11-02T23:56:16+00:00","article:modified_time":"2023-11-04T10:13:32+00:00","twitter:card":"summary_large_image","twitter:title":"Ahnenerbe i okultystyczna wyprawa po \u015bwi\u0119tego Graala - Wolno\u015b\u0107 i Anarchia","twitter:description":"Fabu\u0142y film\u00f3w Indiana Jones i ostatnia krucjata oraz Poszukiwacze zaginionej arki odzwierciedlaj\u0105 niesamowite przygody niemieckiego archeologa Otto Rahna na po\u0142udniu Francji na pocz\u0105tku lat trzydziestych XX wieku. Rahn doszed\u0142 do wniosku, \u017ce niemieckie tradycje chrze\u015bcija\u0144skie zachowa\u0142y wiele element\u00f3w z przedchrze\u015bcija\u0144skiej poga\u0144skiej przesz\u0142o\u015bci. By\u0142 przekonany, \u017ce katarzy, \u015bredniowieczna &quot;heretycka&quot; sekta chrze\u015bcija\u0144ska, posiada\u0142a sekret \u015awi\u0119tego Graala. \u0179R\u00d3D\u0141O:Kana\u0142","twitter:image":"https:\/\/wia.net.pl\/wp-content\/uploads\/2023\/11\/cropped-freedom-i73367.jpg"},"aioseo_meta_data":{"post_id":"5278","title":null,"description":null,"keywords":[],"keyphrases":{"focus":{"keyphrase":"","score":0,"analysis":{"keyphraseInTitle":{"score":0,"maxScore":9,"error":1}}},"additional":[]},"primary_term":null,"canonical_url":null,"og_title":null,"og_description":null,"og_object_type":"default","og_image_type":"default","og_image_url":null,"og_image_width":null,"og_image_height":null,"og_image_custom_url":null,"og_image_custom_fields":null,"og_video":"","og_custom_url":null,"og_article_section":null,"og_article_tags":[],"twitter_use_og":false,"twitter_card":"default","twitter_image_type":"default","twitter_image_url":null,"twitter_image_custom_url":null,"twitter_image_custom_fields":null,"twitter_title":null,"twitter_description":null,"schema":{"blockGraphs":[],"customGraphs":[],"default":{"data":{"Article":[],"Course":[],"Dataset":[],"FAQPage":[],"Movie":[],"Person":[],"Product":[],"ProductReview":[],"Car":[],"Recipe":[],"Service":[],"SoftwareApplication":[],"WebPage":[]},"graphName":"BlogPosting","isEnabled":true},"graphs":[]},"schema_type":"default","schema_type_options":null,"pillar_content":false,"robots_default":true,"robots_noindex":false,"robots_noarchive":false,"robots_nosnippet":false,"robots_nofollow":false,"robots_noimageindex":false,"robots_noodp":false,"robots_notranslate":false,"robots_max_snippet":"-1","robots_max_videopreview":"-1","robots_max_imagepreview":"large","priority":null,"frequency":"default","local_seo":null,"breadcrumb_settings":null,"limit_modified_date":false,"ai":null,"created":"2023-11-02 23:56:17","updated":"2025-06-04 09:40:26","seo_analyzer_scan_date":null,"focus_keyword":null,"additional_keywords":null,"truseo_locale":null},"aioseo_breadcrumb":"<div class=\"aioseo-breadcrumbs\"><span class=\"aioseo-breadcrumb\">\n\t\t\t<a href=\"https:\/\/wia.net.pl\" title=\"Home\">Home<\/a>\n\t\t<\/span><span class=\"aioseo-breadcrumb-separator\">&raquo;<\/span><span class=\"aioseo-breadcrumb\">\n\t\t\t<a href=\"https:\/\/wia.net.pl\/index.php\/category\/antropologia\/\" title=\"Antropologia\">Antropologia<\/a>\n\t\t<\/span><span class=\"aioseo-breadcrumb-separator\">&raquo;<\/span><span class=\"aioseo-breadcrumb\">\n\t\t\tAhnenerbe i okultystyczna wyprawa po \u015bwi\u0119tego Graala\n\t\t<\/span><\/div>","aioseo_breadcrumb_json":[{"label":"Home","link":"https:\/\/wia.net.pl"},{"label":"Antropologia","link":"https:\/\/wia.net.pl\/index.php\/category\/antropologia\/"},{"label":"Ahnenerbe i okultystyczna wyprawa po \u015bwi\u0119tego Graala","link":"https:\/\/wia.net.pl\/index.php\/2023\/11\/03\/ahnenerbe-i-okultystyczna-wyprawa-po-swietego-graala\/"}],"_links":{"self":[{"href":"https:\/\/wia.net.pl\/index.php\/wp-json\/wp\/v2\/posts\/5278"}],"collection":[{"href":"https:\/\/wia.net.pl\/index.php\/wp-json\/wp\/v2\/posts"}],"about":[{"href":"https:\/\/wia.net.pl\/index.php\/wp-json\/wp\/v2\/types\/post"}],"author":[{"embeddable":true,"href":"https:\/\/wia.net.pl\/index.php\/wp-json\/wp\/v2\/users\/3"}],"replies":[{"embeddable":true,"href":"https:\/\/wia.net.pl\/index.php\/wp-json\/wp\/v2\/comments?post=5278"}],"version-history":[{"count":2,"href":"https:\/\/wia.net.pl\/index.php\/wp-json\/wp\/v2\/posts\/5278\/revisions"}],"predecessor-version":[{"id":5286,"href":"https:\/\/wia.net.pl\/index.php\/wp-json\/wp\/v2\/posts\/5278\/revisions\/5286"}],"wp:featuredmedia":[{"embeddable":true,"href":"https:\/\/wia.net.pl\/index.php\/wp-json\/wp\/v2\/media\/5279"}],"wp:attachment":[{"href":"https:\/\/wia.net.pl\/index.php\/wp-json\/wp\/v2\/media?parent=5278"}],"wp:term":[{"taxonomy":"category","embeddable":true,"href":"https:\/\/wia.net.pl\/index.php\/wp-json\/wp\/v2\/categories?post=5278"},{"taxonomy":"post_tag","embeddable":true,"href":"https:\/\/wia.net.pl\/index.php\/wp-json\/wp\/v2\/tags?post=5278"}],"curies":[{"name":"wp","href":"https:\/\/api.w.org\/{rel}","templated":true}]}}