{"id":5374,"date":"2023-11-16T23:30:39","date_gmt":"2023-11-16T22:30:39","guid":{"rendered":"https:\/\/wia.net.pl\/?p=5374"},"modified":"2023-11-16T23:30:40","modified_gmt":"2023-11-16T22:30:40","slug":"swiatowe-forum-ekonomiczne-rozebrane-do-naga","status":"publish","type":"post","link":"https:\/\/wia.net.pl\/index.php\/2023\/11\/16\/swiatowe-forum-ekonomiczne-rozebrane-do-naga\/","title":{"rendered":"\u015awiatowe Forum Ekonomiczne Rozebrane do Naga"},"content":{"rendered":"\n<p>AUTOR:\u00a0RHODA\u00a0<a href=\"https:\/\/expose-news.com\/author\/rhoda-wilson\/\">WILSON<\/a><\/p>\n\n\n\n<p><strong>\u015awiatowe Forum Ekonomiczne (\u201eWEF\u201d) bardzo przypomina dr Vernonowi Colemanowi kult scjentologii \u2013 chocia\u017c jako zamiennik Grupy Bilderberg i organizacja promocyjna Unii Europejskiej i Organizacji Narod\u00f3w Zjednoczonych jest niesko\u0144czenie bardziej niebezpieczna i ma wp\u0142yw znacznie wi\u0119kszy, ni\u017c mog\u0142oby si\u0119 wydawa\u0107 uzasadnione.<\/strong><\/p>\n\n\n\n<figure class=\"wp-block-image size-large\"><img loading=\"lazy\" decoding=\"async\" width=\"1024\" height=\"576\" src=\"https:\/\/wia.net.pl\/wp-content\/uploads\/2023\/11\/coleman-1024x576.jpg\" alt=\"\" class=\"wp-image-5375\" srcset=\"https:\/\/wia.net.pl\/wp-content\/uploads\/2023\/11\/coleman-1024x576.jpg 1024w, https:\/\/wia.net.pl\/wp-content\/uploads\/2023\/11\/coleman-300x169.jpg 300w, https:\/\/wia.net.pl\/wp-content\/uploads\/2023\/11\/coleman-768x432.jpg 768w, https:\/\/wia.net.pl\/wp-content\/uploads\/2023\/11\/coleman-1536x864.jpg 1536w, https:\/\/wia.net.pl\/wp-content\/uploads\/2023\/11\/coleman-480x270.jpg 480w, https:\/\/wia.net.pl\/wp-content\/uploads\/2023\/11\/coleman.jpg 1920w\" sizes=\"(max-width: 1024px) 100vw, 1024px\" \/><\/figure>\n\n\n\n<p>Autorstwa&nbsp;<a href=\"https:\/\/www.vernoncoleman.com\/\">doktora Vernona Colemana<\/a><\/p>\n\n\n\n<p>\u015awiatowe Forum Ekonomiczne ( pompatycznie i arogancko og\u0142oszone jako \u201eZaanga\u017cowane w popraw\u0119 stanu \u015bwiata\u201d) zosta\u0142o za\u0142o\u017cone w 1971 roku przez niejakiego Klausa Schwaba, chocia\u017c wtedy nie nazywano tej organizacji.&nbsp;Kiedy Schwab rozpoczyna\u0142 dzia\u0142alno\u015b\u0107, kt\u00f3ra mia\u0142a sta\u0107 si\u0119 WEF, mia\u0142 na koncie bankowym fundusz w wysoko\u015bci zaledwie 25 000 frank\u00f3w szwajcarskich.<br><br>Pierwsze spotkanie w Davos w ramach tak zwanego w\u00f3wczas Europejskiego Sympozjum Zarz\u0105dzania trwa\u0142o dwa tygodnie i wzi\u0119\u0142o w nim udzia\u0142 450 uczestnik\u00f3w, w tym dyrektorzy naczelni i mened\u017cerowie wy\u017cszego szczebla z najlepszych firm oraz 50 wyk\u0142adowc\u00f3w ze szk\u00f3\u0142 biznesu.&nbsp;Potem sprawy potoczy\u0142y si\u0119 szybko.<br><br>Przewodnicz\u0105cym drugiego spotkania w Davos mia\u0142 by\u0107 Herman J.Abs, kt\u00f3ry musia\u0142 odwo\u0142a\u0107 spotkanie w ostatniej chwili, ale ten link daje nam jasny wgl\u0105d w t\u0142o WEF.<br><br>Jak wyja\u015bnia Zina Cohen w swojej ksi\u0105\u017cce \u201e&nbsp;<em>Szokuj\u0105ca historia UE\u201d<\/em>&nbsp;, Abs by\u0142 dyrektorem banku, kt\u00f3ry ogromnie pom\u00f3g\u0142 Hitlerowi, przymusowo wykupuj\u0105c \u017cydowskie banki po niskich cenach.&nbsp;Pieni\u0105dze te zosta\u0142y nast\u0119pnie wykorzystane na budow\u0119 nazistowskiej machiny wojennej.<br><br>Podczas II wojny \u015bwiatowej Abs by\u0142 cz\u0142onkiem utworzonej w 1943 r. tajnej grupy zwanej Komitetem ds. Gospodarki Zagranicznej \u2013 grupy bankier\u00f3w i biznesmen\u00f3w, kt\u00f3ra spotka\u0142a si\u0119, aby om\u00f3wi\u0107 przysz\u0142o\u015b\u0107 Niemiec po zako\u0144czeniu wojny.<br><br>Po wojnie jego przyjaciel, Charles Gunston z Banku Anglii, poprosi\u0142 Absa o pomoc w odbudowie niemieckiej bankowo\u015bci \u2013 chocia\u017c Abs zosta\u0142 aresztowany jako zbrodniarz wojenny i skazany na \u015bmier\u0107 pod jego nieobecno\u015b\u0107.&nbsp;Gunston pracowa\u0142 w Banku Anglii jako kierownik biura niemieckiego, a po wojnie by\u0142 wy\u017cszym urz\u0119dnikiem w brytyjskich w\u0142adzach okupacyjnych.&nbsp;Gunstona nie obchodzi\u0142y okrucie\u0144stwa pope\u0142niane przez nazist\u00f3w.&nbsp;Chcia\u0142 jedynie pom\u00f3c w odbudowie niemieckich bank\u00f3w.&nbsp;W tym celu zwerbowa\u0142 Absa, kt\u00f3ry znajdowa\u0142 si\u0119 wysoko na li\u015bcie nazistowskich urz\u0119dnik\u00f3w poszukiwanych za zbrodnie wojenne.&nbsp;Gunston chroni\u0142 Abs, aby pom\u00f3c Niemcom odbudowa\u0107 system bankowy gotowy do kontynuowania dzie\u0142a Hitlera.&nbsp;Dzi\u0119ki pomocy przyjaci\u00f3\u0142 z Banku Anglii Abs nie zosta\u0142 stracony ani nawet uwi\u0119ziony, a do 1948 roku by\u0142 zast\u0119pc\u0105 szefa Korporacji Po\u017cyczkowej Rekonstrukcji i prezesem Banku Deutsche Lander.&nbsp;Niewiarygodne, \u017ce to w\u0142a\u015bnie Abs zdecydowa\u0142, kt\u00f3re niemieckie firmy powinny otrzyma\u0107 miliardy dolar\u00f3w przekazane w ramach pomocy Marshalla.&nbsp;Przez dziesi\u0119ciolecia Abs odgrywa\u0142 pot\u0119\u017cn\u0105 rol\u0119 w Niemczech.&nbsp;By\u0142 jednym z wielu by\u0142ych nazist\u00f3w, kt\u00f3rzy pomogli stworzy\u0107 organizacj\u0119, kt\u00f3ra sta\u0142a si\u0119 Uni\u0105 Europejsk\u0105.&nbsp;(Wi\u0119cej szczeg\u00f3\u0142\u00f3w na temat powstania Unii Europejskiej mo\u017cna znale\u017a\u0107 w \u201e&nbsp;<em>Szokuj\u0105cej historii UE<\/em>&nbsp;\u201d Ziny Cohen).<br><br>Do po\u0142owy lat 90. Abs by\u0142 prezesem Deutsche Bank, a jego nazistowska przesz\u0142o\u015b\u0107 by\u0142a ignorowana.&nbsp;<em>Niezale\u017cny<\/em>, brytyjska gazeta, okre\u015bli\u0142a Absa jako wybitnego niemieckiego bankiera swoich czas\u00f3w i po cichu zignorowa\u0142a jego wsp\u00f3\u0142prac\u0119 z IG Farben i Kontinental-Ol, gdzie \u015bwiadomie zatrudnia\u0142 niewolnicz\u0105 si\u0142\u0119 robocz\u0105 w obozach koncentracyjnych.&nbsp;Nie wspomnieli te\u017c o pieni\u0105dzach, kt\u00f3re pom\u00f3g\u0142 ukra\u015b\u0107 \u017bydom i bankom.&nbsp;I tego w\u0142a\u015bnie cz\u0142owieka Schwab poprosi\u0142 o przewodniczenie drugiemu spotkaniu jego nowej organizacji w Davos.&nbsp;Cz\u0119sto kr\u0105\u017cy\u0142y pog\u0142oski, \u017ce ojciec Schwaba by\u0142 nazist\u0105 i wsp\u00f3\u0142pracownikiem Hitlera, ale weryfikatorzy oczywi\u015bcie temu zaprzeczaj\u0105.<br><br>Honorowym sponsorem trzeciego spotkania w Davos w 1973 r. by\u0142 ksi\u0105\u017c\u0119 Bernhard z Holandii (by\u0142y nazista i za\u0142o\u017cyciel spotka\u0144 Grupy Bilderberger), a Komisja Wsp\u00f3lnot Europejskich \u201eodnowi\u0142a sw\u00f3j patronat\u201d.&nbsp;W\u0142oski przemys\u0142owiec wyg\u0142osi\u0142 przem\u00f3wienie podsumowuj\u0105ce \u201e&nbsp;<em>Granice wzrostu\u201d<\/em>&nbsp;\u2013 ksi\u0105\u017ck\u0119 zam\u00f3wion\u0105 przez Klub Rzymski i opublikowan\u0105 w 1972 r. Uczestnicy opracowali kodeks etyczny oparty na koncepcji interesariuszy Klausa Schwaba.<br><br>Od pocz\u0105tku by\u0142o jasne, \u017ce WEF jest bardzo blisko Komisji Europejskiej UE dzi\u0119ki dw\u00f3m spotkaniom zorganizowanym w Komisji Europejskiej w Brukseli.<br><br>Obecnie WEF okre\u015bla si\u0119 jako organizacja non-profit interesu publicznego z siedzib\u0105 w Szwajcarii.&nbsp;Posiada biura w Nowym Jorku (USA), San Francisco (USA), Tokio (Japonia), Bombaju (Indie) i Pekinie (Chiny).&nbsp;W 2022 r. WEF odnotowa\u0142o doch\u00f3d w wysoko\u015bci 383 000 000 frank\u00f3w szwajcarskich z tytu\u0142u op\u0142at i innych funduszy.&nbsp;Z tego 130 milion\u00f3w frank\u00f3w szwajcarskich wydano na personel, a sam Schwab podobno zarabia\u0142 ponad 1 000 000 dolar\u00f3w rocznie (plus rzekomo nagrody od powi\u0105zanych firm).&nbsp;Na \u201ebiuro i dzia\u0142alno\u015b\u0107\u201d wydano oko\u0142o 252 miliony frank\u00f3w szwajcarskich.&nbsp;(To ciekawe, \u017ce wiele os\u00f3b wsp\u00f3\u0142pracuj\u0105cych ze spiskowcami w jaki\u015b spos\u00f3b sta\u0142o si\u0119 niezwykle bogatych. Na przyk\u0142ad Tony Blair przez wi\u0119kszo\u015b\u0107 swojego \u017cycia zawodowego by\u0142 skromnie op\u0142acanym politykiem, ale obecnie jest multimilionerem. Pracownicy dzia\u0142\u00f3w ochrony \u015brodowiska i Organizacje charytatywne zajmuj\u0105ce si\u0119 proekologi\u0105 cz\u0119sto otrzymuj\u0105 ogromne zarobki i ciesz\u0105 si\u0119 podr\u00f3\u017cami po ca\u0142ym \u015bwiecie pierwsz\u0105 klas\u0105.) WEF nie p\u0142aci \u017cadnych podatk\u00f3w federalnych.<br><br>Organizacja, kt\u00f3ra jeszcze kilkana\u015bcie lat temu uchodzi\u0142a za niemaj\u0105c\u0105 wp\u0142ywu i by\u0142a znana jedynie jako organizator corocznej imprezy, podczas kt\u00f3rej mog\u0142y rami\u0119 w rami\u0119 z politykami i przemys\u0142owcami, pragn\u0105cymi fotografowa\u0107 si\u0119 ze s\u0142awnymi osobisto\u015bciami, a kt\u00f3re przez wiele os\u00f3b nie by\u0142o traktowane powa\u017cnie, jest obecnie jedn\u0105 z najpot\u0119\u017cniejszych instytucji na \u015bwiecie.&nbsp;Przej\u0119\u0142a rol\u0119 twarzy (i g\u0142osu) spiskowc\u00f3w od znacznie bardziej skrytych cz\u0142onk\u00f3w Grupy Bilderberg.<br><br>Sam Schwab urodzi\u0142 si\u0119 w Niemczech w 1938 r. i zdoby\u0142 r\u00f3\u017cnorodne kwalifikacje akademickie, zanim za\u0142o\u017cy\u0142 WEF w 1971 r., gdy mia\u0142 zaledwie 33 lata.&nbsp;WEF pierwotnie nosi\u0142o nazw\u0119 Europejskie Forum Zarz\u0105dzania, ale w 1987 r. zmieni\u0142o nazw\u0119 na raczej wspanialsze i bardziej ambitne \u015awiatowe Forum Ekonomiczne.<br><br>Tu\u017c przed za\u0142o\u017ceniem Europejskiego Forum Zarz\u0105dzania Schwab by\u0142 cz\u0142onkiem zarz\u0105du \u015bredniej wielko\u015bci szwajcarskiej firmy przedsi\u0119biorstwa produkcyjnego, z kt\u00f3rym, jak si\u0119 wydaje, jego ojciec by\u0142 powi\u0105zany.&nbsp;Dzi\u015b WEF twierdzi, \u017ce zatrudnia ponad 600 pracownik\u00f3w, ale okre\u015bli\u0142bym Schwaba \u2013 podobnie jak Karola III i Tony\u2019ego Blaira \u2013 jako naprawiacza i alfonsa spiskowc\u00f3w.&nbsp;\u017baden z nich nie wydaje mi si\u0119 powa\u017cnym graczem.<br><br>Na stronie internetowej WEF nie ma wzmianki o tym, w jaki spos\u00f3b Schwab zdoby\u0142 pieni\u0105dze na za\u0142o\u017cenie czego\u015b, co okre\u015bla si\u0119 (na jego w\u0142asnej stronie internetowej) jako \u201ewiod\u0105c\u0105 globaln\u0105 organizacj\u0119 skupiaj\u0105c\u0105 wiele zainteresowanych stron\u201d, ani nie jest jasne, w jaki spos\u00f3b w ci\u0105gu trzech lat jego organizacja zosta\u0142a przekszta\u0142cona w w stanie zaprosi\u0107 przyw\u00f3dc\u00f3w politycznych z ca\u0142ego \u015bwiata na konferencj\u0119 w Davos.<br><br>W 1971 roku, w tym samym roku, w kt\u00f3rym za\u0142o\u017cy\u0142 poprzednika WEF, Schwab napisa\u0142 ksi\u0105\u017ck\u0119 zatytu\u0142owan\u0105 Nowoczesne zarz\u0105dzanie przedsi\u0119biorstwem w in\u017cynierii mechanicznej (wydaje si\u0119 ma\u0142o prawdopodobne, aby tantiemy z tej tytu\u0142u umo\u017cliwi\u0142y mu za\u0142o\u017cenie WEF).&nbsp;Kr\u0105\u017c\u0105 pog\u0142oski, \u017ce jego matka by\u0142a spokrewniona z rodzin\u0105 Rothschild\u00f3w, a ojciec by\u0142 blisko z Adolfem Hitlerem, ale obie te sugestie zosta\u0142y odrzucone przez weryfikator\u00f3w fakt\u00f3w (cho\u0107 powinni\u015bmy pami\u0119ta\u0107, \u017ce weryfikatorzy fakt\u00f3w twierdzili, \u017ce szczepionka na covid jest skuteczna i ca\u0142kowicie bezpieczne).&nbsp;W tej wczesnej ksi\u0105\u017cce Schwab argumentowa\u0142, \u017ce zarz\u0105dzanie nowoczesnym przedsi\u0119biorstwem musi s\u0142u\u017cy\u0107 zar\u00f3wno akcjonariuszom, jak i interesariuszom korporacyjnym \u2013 w\u015br\u00f3d interesariuszy, w tym pracownik\u00f3w, klient\u00f3w, rz\u0105du, wierzycieli, spo\u0142eczno\u015bci lokalnych i finansist\u00f3w.&nbsp;Schwab wsp\u00f3\u0142pracuje z Organizacj\u0105 Narod\u00f3w Zjednoczonych od wielu dziesi\u0119cioleci i doradza r\u00f3\u017cnym organom ONZ w kwestiach zr\u00f3wnowa\u017conego rozwoju.&nbsp;Schwab ostrzeg\u0142, \u017ce w miar\u0119 realizacji plan\u00f3w spiskowc\u00f3w na \u015bwiecie b\u0119dzie wiele gniewu i jest najbardziej znany z ostrzegania obywateli na ca\u0142ym \u015bwiecie: \u201enic nie b\u0119dziecie posiada\u0107 i b\u0119dziecie szcz\u0119\u015bliwi\u201d.<br><br>A tak na marginesie, ciekawe, czy\u017c nie jest tak, jak sformu\u0142owanie \u201enie b\u0119dziesz posiada\u0107 niczego i b\u0119dziesz szcz\u0119\u015bliwy\u201d, kt\u00f3re, jak si\u0119 uwa\u017ca, wywodzi si\u0119 ze \u015awiatowego Forum Ekonomicznego, mo\u017cna por\u00f3wna\u0107 do zasad rewolucji komunistycznej opisanych przez Karla \u201eManifest komunistyczny\u201d Marksa?&nbsp;Marks pisa\u0142, \u017ce aby ustanowi\u0107 dyktatur\u0119 socjalistyczn\u0105 i uzyska\u0107 ca\u0142kowit\u0105 kontrol\u0119 nad proletariatem, komuni\u015bci musieliby wyeliminowa\u0107 wszelkie prawa do w\u0142asno\u015bci prywatnej, zniszczy\u0107 ca\u0142\u0105 religi\u0119, kt\u00f3r\u0105 Marks s\u0142ynnie okre\u015bli\u0142 jako \u201eopium dla ludu\u201d oraz rozwi\u0105za\u0107 jednostki rodzinnej, co by\u0142o postrzegane jako zagro\u017cenie dla zdolno\u015bci pa\u0144stwa do uzyskania ca\u0142kowitej kontroli nad \u017cyciem ludzi.&nbsp;(Dzisiaj, w ramach Wielkiego Resetu, tradycyjne religie zostan\u0105 zast\u0105pione wiar\u0105 w natur\u0119 zdefiniowan\u0105 przez ONZ i promowan\u0105 przez konsorcjum bankier\u00f3w zarz\u0105dzaj\u0105cych \u015bwiatow\u0105 gospodark\u0105. Co zaskakuj\u0105ce, przyw\u00f3dcy tradycyjnych religii zaakceptowali t\u0119 zmian\u0119, a Papie\u017c i arcybiskup Canterbury wydaj\u0105 si\u0119 szcz\u0119\u015bliwi, mog\u0105c zaanga\u017cowa\u0107 siebie i swoich zwolennik\u00f3w w pseudonauk\u0119 zamiast w tradycyjne nauczanie, za kt\u00f3rym opowiadaj\u0105 si\u0119 ich religie. Nie wydaje si\u0119 dla nich mie\u0107 znaczenia, \u017ce \u200b\u200bnauka o zmianach klimatycznych jest w oczywisty spos\u00f3b fa\u0142szywa; s\u0105 oddani blu\u017anierstwom promowanym przez w\u015bciek\u0142ych ekolog\u00f3w i ch\u0119tnie na nie wp\u0142ywaj\u0105. W 2023 r. doradca WEF i entuzjasta establishmentu Yuval Noah Harari stwierdzi\u0142, \u017ce sztuczna inteligencja mo\u017ce stworzy\u0107 now\u0105 religi\u0119 i now\u0105 Bibli\u0119, czyni\u0105c w ten spos\u00f3b sztuczn\u0105 inteligencj\u0119 nowym bogiem. Jest to prawdopodobnie proponowany zamiennik ortodoksyjnej, tradycyjnej religii. Wiemy ju\u017c, \u017ce AI wprowadzi do Internetu nieko\u0144cz\u0105c\u0105 si\u0119 encyklopedi\u0119 k\u0142amstw, teraz wygl\u0105da na to, \u017ce AI przyniesie nam tak\u017ce zupe\u0142nie now\u0105 fa\u0142szyw\u0105 religi\u0119.) W\u0142a\u015bciwie,<br><br>jak Gary Allen i Larry Abraham w swojej znakomitej ksi\u0105\u017cce \u201e&nbsp;<em>Nikt nie \u015bmie nazwa\u0107 tego spiskiem<\/em>&nbsp;\u201d, opublikowanej w 1971 r., Manifest Komunistyczny by\u0142 jedynie aktualizacj\u0105 rewolucyjnych plan\u00f3w zaproponowanych 70 lat wcze\u015bniej przez Adama Weishaupta, za\u0142o\u017cyciela Zakonu Iluminaci.&nbsp;Dzi\u015b mo\u017cemy zobaczy\u0107, \u017ce WEF, cz\u0142onkowie Grupy Bilderberg i inni spiskowcy post\u0119puj\u0105 zgodnie z zaleceniami Marksa, a wcze\u015bniej Zakonu Iluminat\u00f3w.<br><br>Spotkania WEF odbywaj\u0105 si\u0119 co roku w Davos, a ich uczestnicy przylatuj\u0105 z ca\u0142ego \u015bwiata (wiele z nich prywatnymi odrzutowcami), aby dyskutowa\u0107 o zagro\u017ceniu zmianami klimatycznymi.<br><br>By\u0107 mo\u017ce najbardziej niebezpieczne jest to, \u017ce WEF ma to, co pompatycznie nazywa \u201eProgramem M\u0142odych Globalnych Lider\u00f3w\u201d, kt\u00f3ry szkoli bezwzgl\u0119dnych m\u0142odych m\u0119\u017cczyzn i kobiety, aby byli marionetkami kliki.&nbsp;Wielu absolwent\u00f3w dostaje prac\u0119 w polityce, ruchu ekologicznym, zarz\u0105dzaniu organizacjami charytatywnymi itd., a Schwab przechwala si\u0119, \u017ce \u201eabsolwent\u00f3w\u201d czego\u015b, co przez niekt\u00f3rych mo\u017ce by\u0107 postrzegane jako program prania m\u00f3zgu, mo\u017cna spotka\u0107 wsz\u0119dzie na wysokich stanowiskach.&nbsp;Pochwa\u0142y s\u0105 uzasadnione, a zwolennik\u00f3w WEF mo\u017cna znale\u017a\u0107 w wielu rz\u0105dach: Sunak w Wielkiej Brytanii, Trudeau w Kanadzie i Macron we Francji \u2013 wszyscy maj\u0105 powi\u0105zania z WEF.<br><br>Ca\u0142a organizacja bardzo przypomina mi kult scjentologii, cho\u0107 jako zamiennik Bilderberger\u00f3w i organizacja promocyjna Unii Europejskiej i Organizacji Narod\u00f3w Zjednoczonych jest niesko\u0144czenie bardziej niebezpieczna i ma wp\u0142yw znacznie wi\u0119kszy, ni\u017c mog\u0142oby si\u0119 wydawa\u0107 uzasadnione.<br><br><em>Powy\u017csze informacje pochodz\u0105 z ksi\u0105\u017cki \u201eIch przera\u017caj\u0105cy plan\u201d Vernona Colemana \u2013 aby kupi\u0107 egzemplarz,&nbsp;&nbsp;<a href=\"https:\/\/www.amazon.co.uk\/Their-Terrifying-Plan-Vernon-Coleman\/dp\/B0CC4K5H94\/ref=sr_1_1?crid=3K4D88D4SFYG9&amp;keywords=their+terrifying+plan+vernon+coleman&amp;qid=1699915879&amp;sprefix=their+terri%2Caps%2C253&amp;sr=8-1\" target=\"_blank\" rel=\"noreferrer noopener\">KLIKNIJ TUTAJ<\/a><\/em><\/p>\n\n\n\n<p>Wyr\u00f3\u017cnione zdj\u0119cie: Hermann J. Abs.\u00a0\u017ar\u00f3d\u0142o:\u00a0<a href=\"https:\/\/alchetron.com\/Hermann-Josef-Abs\">Alchetron<\/a><\/p>\n\n\n\n<p>\u0179r\u00f3d\u0142o <a href=\"https:\/\/expose-news.com\/2023\/11\/16\/world-economic-forum-stripped-naked\/\">https:\/\/expose-news.com\/2023\/11\/16\/world-economic-forum-stripped-naked\/<\/a><\/p>\n","protected":false},"excerpt":{"rendered":"<p>AUTOR:\u00a0RHODA\u00a0WILSON \u015awiatowe Forum Ekonomiczne (\u201eWEF\u201d) bardzo przypomina dr Vernonowi Colemanowi kult scjentologii \u2013 chocia\u017c jako zamiennik Grupy Bilderberg i organizacja promocyjna Unii Europejskiej i Organizacji Narod\u00f3w Zjednoczonych jest niesko\u0144czenie bardziej niebezpieczna i ma wp\u0142yw znacznie wi\u0119kszy, ni\u017c mog\u0142oby si\u0119 wydawa\u0107&#8230; <\/p>\n","protected":false},"author":2,"featured_media":5375,"comment_status":"open","ping_status":"open","sticky":false,"template":"","format":"standard","meta":{"_acf_changed":false,"_bbp_topic_count":0,"_bbp_reply_count":0,"_bbp_total_topic_count":0,"_bbp_total_reply_count":0,"_bbp_voice_count":0,"_bbp_anonymous_reply_count":0,"_bbp_topic_count_hidden":0,"_bbp_reply_count_hidden":0,"_bbp_forum_subforum_count":0,"om_disable_all_campaigns":false,"_monsterinsights_skip_tracking":false,"footnotes":""},"categories":[93],"tags":[],"class_list":["post-5374","post","type-post","status-publish","format-standard","has-post-thumbnail","hentry","category-artykuly"],"acf":[],"aioseo_notices":[],"aioseo_head":"\n\t\t<!-- All in One SEO 5.0.1.1 - aioseo.com -->\n\t<meta name=\"description\" content=\"AUTOR: RHODA WILSON \u015awiatowe Forum Ekonomiczne (\u201eWEF\u201d) bardzo przypomina dr Vernonowi Colemanowi kult scjentologii \u2013 chocia\u017c jako zamiennik Grupy Bilderberg i organizacja promocyjna Unii Europejskiej i Organizacji Narod\u00f3w Zjednoczonych jest niesko\u0144czenie bardziej niebezpieczna i ma wp\u0142yw znacznie wi\u0119kszy, ni\u017c mog\u0142oby si\u0119 wydawa\u0107 uzasadnione. Autorstwa doktora Vernona Colemana \u015awiatowe Forum Ekonomiczne ( pompatycznie i arogancko og\u0142oszone jako \u201eZaanga\u017cowane w\" \/>\n\t<meta name=\"robots\" content=\"max-image-preview:large\" \/>\n\t<meta name=\"author\" content=\"trinity\"\/>\n\t<link rel=\"canonical\" href=\"https:\/\/wia.net.pl\/index.php\/2023\/11\/16\/swiatowe-forum-ekonomiczne-rozebrane-do-naga\/\" \/>\n\t<meta name=\"generator\" content=\"All in One SEO (AIOSEO) 5.0.1.1\" \/>\n\t\t<meta property=\"og:locale\" content=\"pl_PL\" \/>\n\t\t<meta property=\"og:site_name\" content=\"Wolno\u015b\u0107 i Anarchia - Ka\u017cdy wewn\u0119trznie jest anarchist\u0105.\" \/>\n\t\t<meta property=\"og:type\" content=\"article\" \/>\n\t\t<meta property=\"og:title\" content=\"\u015awiatowe Forum Ekonomiczne Rozebrane do Naga - Wolno\u015b\u0107 i Anarchia\" \/>\n\t\t<meta property=\"og:description\" content=\"AUTOR: RHODA WILSON \u015awiatowe Forum Ekonomiczne (\u201eWEF\u201d) bardzo przypomina dr Vernonowi Colemanowi kult scjentologii \u2013 chocia\u017c jako zamiennik Grupy Bilderberg i organizacja promocyjna Unii Europejskiej i Organizacji Narod\u00f3w Zjednoczonych jest niesko\u0144czenie bardziej niebezpieczna i ma wp\u0142yw znacznie wi\u0119kszy, ni\u017c mog\u0142oby si\u0119 wydawa\u0107 uzasadnione. Autorstwa doktora Vernona Colemana \u015awiatowe Forum Ekonomiczne ( pompatycznie i arogancko og\u0142oszone jako \u201eZaanga\u017cowane w\" \/>\n\t\t<meta property=\"og:url\" content=\"https:\/\/wia.net.pl\/index.php\/2023\/11\/16\/swiatowe-forum-ekonomiczne-rozebrane-do-naga\/\" \/>\n\t\t<meta property=\"og:image\" content=\"https:\/\/wia.net.pl\/wp-content\/uploads\/2023\/11\/cropped-freedom-i73367.jpg\" \/>\n\t\t<meta property=\"og:image:secure_url\" content=\"https:\/\/wia.net.pl\/wp-content\/uploads\/2023\/11\/cropped-freedom-i73367.jpg\" \/>\n\t\t<meta property=\"article:published_time\" content=\"2023-11-16T22:30:39+00:00\" \/>\n\t\t<meta property=\"article:modified_time\" content=\"2023-11-16T22:30:40+00:00\" \/>\n\t\t<meta name=\"twitter:card\" content=\"summary_large_image\" \/>\n\t\t<meta name=\"twitter:title\" content=\"\u015awiatowe Forum Ekonomiczne Rozebrane do Naga - Wolno\u015b\u0107 i Anarchia\" \/>\n\t\t<meta name=\"twitter:description\" content=\"AUTOR: RHODA WILSON \u015awiatowe Forum Ekonomiczne (\u201eWEF\u201d) bardzo przypomina dr Vernonowi Colemanowi kult scjentologii \u2013 chocia\u017c jako zamiennik Grupy Bilderberg i organizacja promocyjna Unii Europejskiej i Organizacji Narod\u00f3w Zjednoczonych jest niesko\u0144czenie bardziej niebezpieczna i ma wp\u0142yw znacznie wi\u0119kszy, ni\u017c mog\u0142oby si\u0119 wydawa\u0107 uzasadnione. Autorstwa doktora Vernona Colemana \u015awiatowe Forum Ekonomiczne ( pompatycznie i arogancko og\u0142oszone jako \u201eZaanga\u017cowane w\" \/>\n\t\t<meta name=\"twitter:image\" content=\"https:\/\/wia.net.pl\/wp-content\/uploads\/2023\/11\/cropped-freedom-i73367.jpg\" \/>\n\t\t<script type=\"application\/ld+json\" class=\"aioseo-schema\">\n\t\t\t{\"@context\":\"https:\\\/\\\/schema.org\",\"@graph\":[{\"@type\":\"BlogPosting\",\"@id\":\"https:\\\/\\\/wia.net.pl\\\/index.php\\\/2023\\\/11\\\/16\\\/swiatowe-forum-ekonomiczne-rozebrane-do-naga\\\/#blogposting\",\"name\":\"\\u015awiatowe Forum Ekonomiczne Rozebrane do Naga - Wolno\\u015b\\u0107 i Anarchia\",\"headline\":\"\\u015awiatowe Forum Ekonomiczne Rozebrane do Naga\",\"author\":{\"@id\":\"https:\\\/\\\/wia.net.pl\\\/index.php\\\/author\\\/trinity\\\/#author\"},\"publisher\":{\"@id\":\"https:\\\/\\\/wia.net.pl\\\/#person\"},\"image\":{\"@type\":\"ImageObject\",\"url\":\"https:\\\/\\\/wia.net.pl\\\/wp-content\\\/uploads\\\/2023\\\/11\\\/coleman.jpg\",\"width\":1920,\"height\":1080},\"datePublished\":\"2023-11-16T23:30:39+01:00\",\"dateModified\":\"2023-11-16T23:30:40+01:00\",\"inLanguage\":\"pl-PL\",\"mainEntityOfPage\":{\"@id\":\"https:\\\/\\\/wia.net.pl\\\/index.php\\\/2023\\\/11\\\/16\\\/swiatowe-forum-ekonomiczne-rozebrane-do-naga\\\/#webpage\"},\"isPartOf\":{\"@id\":\"https:\\\/\\\/wia.net.pl\\\/index.php\\\/2023\\\/11\\\/16\\\/swiatowe-forum-ekonomiczne-rozebrane-do-naga\\\/#webpage\"},\"articleSection\":\"Artyku\\u0142y\"},{\"@type\":\"BreadcrumbList\",\"@id\":\"https:\\\/\\\/wia.net.pl\\\/index.php\\\/2023\\\/11\\\/16\\\/swiatowe-forum-ekonomiczne-rozebrane-do-naga\\\/#breadcrumblist\",\"itemListElement\":[{\"@type\":\"ListItem\",\"@id\":\"https:\\\/\\\/wia.net.pl#listItem\",\"position\":1,\"name\":\"Home\",\"item\":\"https:\\\/\\\/wia.net.pl\",\"nextItem\":{\"@type\":\"ListItem\",\"@id\":\"https:\\\/\\\/wia.net.pl\\\/index.php\\\/category\\\/artykuly\\\/#listItem\",\"name\":\"Artyku\\u0142y\"}},{\"@type\":\"ListItem\",\"@id\":\"https:\\\/\\\/wia.net.pl\\\/index.php\\\/category\\\/artykuly\\\/#listItem\",\"position\":2,\"name\":\"Artyku\\u0142y\",\"item\":\"https:\\\/\\\/wia.net.pl\\\/index.php\\\/category\\\/artykuly\\\/\",\"nextItem\":{\"@type\":\"ListItem\",\"@id\":\"https:\\\/\\\/wia.net.pl\\\/index.php\\\/2023\\\/11\\\/16\\\/swiatowe-forum-ekonomiczne-rozebrane-do-naga\\\/#listItem\",\"name\":\"\\u015awiatowe Forum Ekonomiczne Rozebrane do Naga\"},\"previousItem\":{\"@type\":\"ListItem\",\"@id\":\"https:\\\/\\\/wia.net.pl#listItem\",\"name\":\"Home\"}},{\"@type\":\"ListItem\",\"@id\":\"https:\\\/\\\/wia.net.pl\\\/index.php\\\/2023\\\/11\\\/16\\\/swiatowe-forum-ekonomiczne-rozebrane-do-naga\\\/#listItem\",\"position\":3,\"name\":\"\\u015awiatowe Forum Ekonomiczne Rozebrane do Naga\",\"previousItem\":{\"@type\":\"ListItem\",\"@id\":\"https:\\\/\\\/wia.net.pl\\\/index.php\\\/category\\\/artykuly\\\/#listItem\",\"name\":\"Artyku\\u0142y\"}}]},{\"@type\":\"Person\",\"@id\":\"https:\\\/\\\/wia.net.pl\\\/#person\",\"name\":\"Bart\\u0142omiej Talarczyk\",\"image\":{\"@type\":\"ImageObject\",\"@id\":\"https:\\\/\\\/wia.net.pl\\\/index.php\\\/2023\\\/11\\\/16\\\/swiatowe-forum-ekonomiczne-rozebrane-do-naga\\\/#personImage\",\"url\":\"https:\\\/\\\/wia.net.pl\\\/wp-content\\\/uploads\\\/avatar-privacy\\\/cache\\\/user\\\/1\\\/7\\\/176a6b161c58363ff49b5c167264231f519f5c7fa183ca1f61e891769b6b56d5-96.jpg\",\"width\":96,\"height\":96,\"caption\":\"Bart\\u0142omiej Talarczyk\"}},{\"@type\":\"Person\",\"@id\":\"https:\\\/\\\/wia.net.pl\\\/index.php\\\/author\\\/trinity\\\/#author\",\"url\":\"https:\\\/\\\/wia.net.pl\\\/index.php\\\/author\\\/trinity\\\/\",\"name\":\"trinity\",\"image\":{\"@type\":\"ImageObject\",\"@id\":\"https:\\\/\\\/wia.net.pl\\\/index.php\\\/2023\\\/11\\\/16\\\/swiatowe-forum-ekonomiczne-rozebrane-do-naga\\\/#authorImage\",\"url\":\"https:\\\/\\\/wia.net.pl\\\/wp-content\\\/uploads\\\/avatar-privacy\\\/cache\\\/user\\\/5\\\/f\\\/5f6547cf82495eaa10e100a6a45d5dbde2dfdc1be88557de2018fca705bdf6f1-96.jpg\",\"width\":96,\"height\":96,\"caption\":\"trinity\"}},{\"@type\":\"WebPage\",\"@id\":\"https:\\\/\\\/wia.net.pl\\\/index.php\\\/2023\\\/11\\\/16\\\/swiatowe-forum-ekonomiczne-rozebrane-do-naga\\\/#webpage\",\"url\":\"https:\\\/\\\/wia.net.pl\\\/index.php\\\/2023\\\/11\\\/16\\\/swiatowe-forum-ekonomiczne-rozebrane-do-naga\\\/\",\"name\":\"\\u015awiatowe Forum Ekonomiczne Rozebrane do Naga - Wolno\\u015b\\u0107 i Anarchia\",\"description\":\"AUTOR: RHODA WILSON \\u015awiatowe Forum Ekonomiczne (\\u201eWEF\\u201d) bardzo przypomina dr Vernonowi Colemanowi kult scjentologii \\u2013 chocia\\u017c jako zamiennik Grupy Bilderberg i organizacja promocyjna Unii Europejskiej i Organizacji Narod\\u00f3w Zjednoczonych jest niesko\\u0144czenie bardziej niebezpieczna i ma wp\\u0142yw znacznie wi\\u0119kszy, ni\\u017c mog\\u0142oby si\\u0119 wydawa\\u0107 uzasadnione. Autorstwa doktora Vernona Colemana \\u015awiatowe Forum Ekonomiczne ( pompatycznie i arogancko og\\u0142oszone jako \\u201eZaanga\\u017cowane w\",\"inLanguage\":\"pl-PL\",\"isPartOf\":{\"@id\":\"https:\\\/\\\/wia.net.pl\\\/#website\"},\"breadcrumb\":{\"@id\":\"https:\\\/\\\/wia.net.pl\\\/index.php\\\/2023\\\/11\\\/16\\\/swiatowe-forum-ekonomiczne-rozebrane-do-naga\\\/#breadcrumblist\"},\"author\":{\"@id\":\"https:\\\/\\\/wia.net.pl\\\/index.php\\\/author\\\/trinity\\\/#author\"},\"creator\":{\"@id\":\"https:\\\/\\\/wia.net.pl\\\/index.php\\\/author\\\/trinity\\\/#author\"},\"image\":{\"@type\":\"ImageObject\",\"url\":\"https:\\\/\\\/wia.net.pl\\\/wp-content\\\/uploads\\\/2023\\\/11\\\/coleman.jpg\",\"@id\":\"https:\\\/\\\/wia.net.pl\\\/index.php\\\/2023\\\/11\\\/16\\\/swiatowe-forum-ekonomiczne-rozebrane-do-naga\\\/#mainImage\",\"width\":1920,\"height\":1080},\"primaryImageOfPage\":{\"@id\":\"https:\\\/\\\/wia.net.pl\\\/index.php\\\/2023\\\/11\\\/16\\\/swiatowe-forum-ekonomiczne-rozebrane-do-naga\\\/#mainImage\"},\"datePublished\":\"2023-11-16T23:30:39+01:00\",\"dateModified\":\"2023-11-16T23:30:40+01:00\"},{\"@type\":\"WebSite\",\"@id\":\"https:\\\/\\\/wia.net.pl\\\/#website\",\"url\":\"https:\\\/\\\/wia.net.pl\\\/\",\"name\":\"Wolno\\u015b\\u0107 i Anarchia\",\"description\":\"Ka\\u017cdy wewn\\u0119trznie jest anarchist\\u0105.\",\"inLanguage\":\"pl-PL\",\"publisher\":{\"@id\":\"https:\\\/\\\/wia.net.pl\\\/#person\"}}]}\n\t\t<\/script>\n\t\t<!-- All in One SEO -->\n\n","aioseo_head_json":{"title":"\u015awiatowe Forum Ekonomiczne Rozebrane do Naga - Wolno\u015b\u0107 i Anarchia","description":"AUTOR: RHODA WILSON \u015awiatowe Forum Ekonomiczne (\u201eWEF\u201d) bardzo przypomina dr Vernonowi Colemanowi kult scjentologii \u2013 chocia\u017c jako zamiennik Grupy Bilderberg i organizacja promocyjna Unii Europejskiej i Organizacji Narod\u00f3w Zjednoczonych jest niesko\u0144czenie bardziej niebezpieczna i ma wp\u0142yw znacznie wi\u0119kszy, ni\u017c mog\u0142oby si\u0119 wydawa\u0107 uzasadnione. Autorstwa doktora Vernona Colemana \u015awiatowe Forum Ekonomiczne ( pompatycznie i arogancko og\u0142oszone jako \u201eZaanga\u017cowane w","canonical_url":"https:\/\/wia.net.pl\/index.php\/2023\/11\/16\/swiatowe-forum-ekonomiczne-rozebrane-do-naga\/","robots":"max-image-preview:large","keywords":"","webmasterTools":{"miscellaneous":""},"schema":{"@context":"https:\/\/schema.org","@graph":[{"@type":"BlogPosting","@id":"https:\/\/wia.net.pl\/index.php\/2023\/11\/16\/swiatowe-forum-ekonomiczne-rozebrane-do-naga\/#blogposting","name":"\u015awiatowe Forum Ekonomiczne Rozebrane do Naga - Wolno\u015b\u0107 i Anarchia","headline":"\u015awiatowe Forum Ekonomiczne Rozebrane do Naga","author":{"@id":"https:\/\/wia.net.pl\/index.php\/author\/trinity\/#author"},"publisher":{"@id":"https:\/\/wia.net.pl\/#person"},"image":{"@type":"ImageObject","url":"https:\/\/wia.net.pl\/wp-content\/uploads\/2023\/11\/coleman.jpg","width":1920,"height":1080},"datePublished":"2023-11-16T23:30:39+01:00","dateModified":"2023-11-16T23:30:40+01:00","inLanguage":"pl-PL","mainEntityOfPage":{"@id":"https:\/\/wia.net.pl\/index.php\/2023\/11\/16\/swiatowe-forum-ekonomiczne-rozebrane-do-naga\/#webpage"},"isPartOf":{"@id":"https:\/\/wia.net.pl\/index.php\/2023\/11\/16\/swiatowe-forum-ekonomiczne-rozebrane-do-naga\/#webpage"},"articleSection":"Artyku\u0142y"},{"@type":"BreadcrumbList","@id":"https:\/\/wia.net.pl\/index.php\/2023\/11\/16\/swiatowe-forum-ekonomiczne-rozebrane-do-naga\/#breadcrumblist","itemListElement":[{"@type":"ListItem","@id":"https:\/\/wia.net.pl#listItem","position":1,"name":"Home","item":"https:\/\/wia.net.pl","nextItem":{"@type":"ListItem","@id":"https:\/\/wia.net.pl\/index.php\/category\/artykuly\/#listItem","name":"Artyku\u0142y"}},{"@type":"ListItem","@id":"https:\/\/wia.net.pl\/index.php\/category\/artykuly\/#listItem","position":2,"name":"Artyku\u0142y","item":"https:\/\/wia.net.pl\/index.php\/category\/artykuly\/","nextItem":{"@type":"ListItem","@id":"https:\/\/wia.net.pl\/index.php\/2023\/11\/16\/swiatowe-forum-ekonomiczne-rozebrane-do-naga\/#listItem","name":"\u015awiatowe Forum Ekonomiczne Rozebrane do Naga"},"previousItem":{"@type":"ListItem","@id":"https:\/\/wia.net.pl#listItem","name":"Home"}},{"@type":"ListItem","@id":"https:\/\/wia.net.pl\/index.php\/2023\/11\/16\/swiatowe-forum-ekonomiczne-rozebrane-do-naga\/#listItem","position":3,"name":"\u015awiatowe Forum Ekonomiczne Rozebrane do Naga","previousItem":{"@type":"ListItem","@id":"https:\/\/wia.net.pl\/index.php\/category\/artykuly\/#listItem","name":"Artyku\u0142y"}}]},{"@type":"Person","@id":"https:\/\/wia.net.pl\/#person","name":"Bart\u0142omiej Talarczyk","image":{"@type":"ImageObject","@id":"https:\/\/wia.net.pl\/index.php\/2023\/11\/16\/swiatowe-forum-ekonomiczne-rozebrane-do-naga\/#personImage","url":"https:\/\/wia.net.pl\/wp-content\/uploads\/avatar-privacy\/cache\/user\/1\/7\/176a6b161c58363ff49b5c167264231f519f5c7fa183ca1f61e891769b6b56d5-96.jpg","width":96,"height":96,"caption":"Bart\u0142omiej Talarczyk"}},{"@type":"Person","@id":"https:\/\/wia.net.pl\/index.php\/author\/trinity\/#author","url":"https:\/\/wia.net.pl\/index.php\/author\/trinity\/","name":"trinity","image":{"@type":"ImageObject","@id":"https:\/\/wia.net.pl\/index.php\/2023\/11\/16\/swiatowe-forum-ekonomiczne-rozebrane-do-naga\/#authorImage","url":"https:\/\/wia.net.pl\/wp-content\/uploads\/avatar-privacy\/cache\/user\/5\/f\/5f6547cf82495eaa10e100a6a45d5dbde2dfdc1be88557de2018fca705bdf6f1-96.jpg","width":96,"height":96,"caption":"trinity"}},{"@type":"WebPage","@id":"https:\/\/wia.net.pl\/index.php\/2023\/11\/16\/swiatowe-forum-ekonomiczne-rozebrane-do-naga\/#webpage","url":"https:\/\/wia.net.pl\/index.php\/2023\/11\/16\/swiatowe-forum-ekonomiczne-rozebrane-do-naga\/","name":"\u015awiatowe Forum Ekonomiczne Rozebrane do Naga - Wolno\u015b\u0107 i Anarchia","description":"AUTOR: RHODA WILSON \u015awiatowe Forum Ekonomiczne (\u201eWEF\u201d) bardzo przypomina dr Vernonowi Colemanowi kult scjentologii \u2013 chocia\u017c jako zamiennik Grupy Bilderberg i organizacja promocyjna Unii Europejskiej i Organizacji Narod\u00f3w Zjednoczonych jest niesko\u0144czenie bardziej niebezpieczna i ma wp\u0142yw znacznie wi\u0119kszy, ni\u017c mog\u0142oby si\u0119 wydawa\u0107 uzasadnione. Autorstwa doktora Vernona Colemana \u015awiatowe Forum Ekonomiczne ( pompatycznie i arogancko og\u0142oszone jako \u201eZaanga\u017cowane w","inLanguage":"pl-PL","isPartOf":{"@id":"https:\/\/wia.net.pl\/#website"},"breadcrumb":{"@id":"https:\/\/wia.net.pl\/index.php\/2023\/11\/16\/swiatowe-forum-ekonomiczne-rozebrane-do-naga\/#breadcrumblist"},"author":{"@id":"https:\/\/wia.net.pl\/index.php\/author\/trinity\/#author"},"creator":{"@id":"https:\/\/wia.net.pl\/index.php\/author\/trinity\/#author"},"image":{"@type":"ImageObject","url":"https:\/\/wia.net.pl\/wp-content\/uploads\/2023\/11\/coleman.jpg","@id":"https:\/\/wia.net.pl\/index.php\/2023\/11\/16\/swiatowe-forum-ekonomiczne-rozebrane-do-naga\/#mainImage","width":1920,"height":1080},"primaryImageOfPage":{"@id":"https:\/\/wia.net.pl\/index.php\/2023\/11\/16\/swiatowe-forum-ekonomiczne-rozebrane-do-naga\/#mainImage"},"datePublished":"2023-11-16T23:30:39+01:00","dateModified":"2023-11-16T23:30:40+01:00"},{"@type":"WebSite","@id":"https:\/\/wia.net.pl\/#website","url":"https:\/\/wia.net.pl\/","name":"Wolno\u015b\u0107 i Anarchia","description":"Ka\u017cdy wewn\u0119trznie jest anarchist\u0105.","inLanguage":"pl-PL","publisher":{"@id":"https:\/\/wia.net.pl\/#person"}}]},"og:locale":"pl_PL","og:site_name":"Wolno\u015b\u0107 i Anarchia - Ka\u017cdy wewn\u0119trznie jest anarchist\u0105.","og:type":"article","og:title":"\u015awiatowe Forum Ekonomiczne Rozebrane do Naga - Wolno\u015b\u0107 i Anarchia","og:description":"AUTOR: RHODA WILSON \u015awiatowe Forum Ekonomiczne (\u201eWEF\u201d) bardzo przypomina dr Vernonowi Colemanowi kult scjentologii \u2013 chocia\u017c jako zamiennik Grupy Bilderberg i organizacja promocyjna Unii Europejskiej i Organizacji Narod\u00f3w Zjednoczonych jest niesko\u0144czenie bardziej niebezpieczna i ma wp\u0142yw znacznie wi\u0119kszy, ni\u017c mog\u0142oby si\u0119 wydawa\u0107 uzasadnione. Autorstwa doktora Vernona Colemana \u015awiatowe Forum Ekonomiczne ( pompatycznie i arogancko og\u0142oszone jako \u201eZaanga\u017cowane w","og:url":"https:\/\/wia.net.pl\/index.php\/2023\/11\/16\/swiatowe-forum-ekonomiczne-rozebrane-do-naga\/","og:image":"https:\/\/wia.net.pl\/wp-content\/uploads\/2023\/11\/cropped-freedom-i73367.jpg","og:image:secure_url":"https:\/\/wia.net.pl\/wp-content\/uploads\/2023\/11\/cropped-freedom-i73367.jpg","article:published_time":"2023-11-16T22:30:39+00:00","article:modified_time":"2023-11-16T22:30:40+00:00","twitter:card":"summary_large_image","twitter:title":"\u015awiatowe Forum Ekonomiczne Rozebrane do Naga - Wolno\u015b\u0107 i Anarchia","twitter:description":"AUTOR: RHODA WILSON \u015awiatowe Forum Ekonomiczne (\u201eWEF\u201d) bardzo przypomina dr Vernonowi Colemanowi kult scjentologii \u2013 chocia\u017c jako zamiennik Grupy Bilderberg i organizacja promocyjna Unii Europejskiej i Organizacji Narod\u00f3w Zjednoczonych jest niesko\u0144czenie bardziej niebezpieczna i ma wp\u0142yw znacznie wi\u0119kszy, ni\u017c mog\u0142oby si\u0119 wydawa\u0107 uzasadnione. Autorstwa doktora Vernona Colemana \u015awiatowe Forum Ekonomiczne ( pompatycznie i arogancko og\u0142oszone jako \u201eZaanga\u017cowane w","twitter:image":"https:\/\/wia.net.pl\/wp-content\/uploads\/2023\/11\/cropped-freedom-i73367.jpg"},"aioseo_meta_data":{"post_id":"5374","title":null,"description":null,"keywords":[],"keyphrases":{"focus":{"keyphrase":"","score":0,"analysis":{"keyphraseInTitle":{"score":0,"maxScore":9,"error":1}}},"additional":[]},"primary_term":null,"canonical_url":null,"og_title":null,"og_description":null,"og_object_type":"default","og_image_type":"default","og_image_url":null,"og_image_width":null,"og_image_height":null,"og_image_custom_url":null,"og_image_custom_fields":null,"og_video":"","og_custom_url":null,"og_article_section":null,"og_article_tags":[],"twitter_use_og":false,"twitter_card":"default","twitter_image_type":"default","twitter_image_url":null,"twitter_image_custom_url":null,"twitter_image_custom_fields":null,"twitter_title":null,"twitter_description":null,"schema":{"blockGraphs":[],"customGraphs":[],"default":{"data":{"Article":[],"Course":[],"Dataset":[],"FAQPage":[],"Movie":[],"Person":[],"Product":[],"ProductReview":[],"Car":[],"Recipe":[],"Service":[],"SoftwareApplication":[],"WebPage":[]},"graphName":"BlogPosting","isEnabled":true},"graphs":[]},"schema_type":"default","schema_type_options":null,"pillar_content":false,"robots_default":true,"robots_noindex":false,"robots_noarchive":false,"robots_nosnippet":false,"robots_nofollow":false,"robots_noimageindex":false,"robots_noodp":false,"robots_notranslate":false,"robots_max_snippet":"-1","robots_max_videopreview":"-1","robots_max_imagepreview":"large","priority":null,"frequency":"default","local_seo":null,"breadcrumb_settings":null,"limit_modified_date":false,"ai":null,"created":"2023-11-16 22:30:40","updated":"2025-06-04 09:42:15","seo_analyzer_scan_date":null,"focus_keyword":null,"additional_keywords":null,"truseo_locale":null},"aioseo_breadcrumb":"<div class=\"aioseo-breadcrumbs\"><span class=\"aioseo-breadcrumb\">\n\t\t\t<a href=\"https:\/\/wia.net.pl\" title=\"Home\">Home<\/a>\n\t\t<\/span><span class=\"aioseo-breadcrumb-separator\">&raquo;<\/span><span class=\"aioseo-breadcrumb\">\n\t\t\t<a href=\"https:\/\/wia.net.pl\/index.php\/category\/artykuly\/\" title=\"Artyku\u0142y\">Artyku\u0142y<\/a>\n\t\t<\/span><span class=\"aioseo-breadcrumb-separator\">&raquo;<\/span><span class=\"aioseo-breadcrumb\">\n\t\t\t\u015awiatowe Forum Ekonomiczne Rozebrane do Naga\n\t\t<\/span><\/div>","aioseo_breadcrumb_json":[{"label":"Home","link":"https:\/\/wia.net.pl"},{"label":"Artyku\u0142y","link":"https:\/\/wia.net.pl\/index.php\/category\/artykuly\/"},{"label":"\u015awiatowe Forum Ekonomiczne Rozebrane do Naga","link":"https:\/\/wia.net.pl\/index.php\/2023\/11\/16\/swiatowe-forum-ekonomiczne-rozebrane-do-naga\/"}],"_links":{"self":[{"href":"https:\/\/wia.net.pl\/index.php\/wp-json\/wp\/v2\/posts\/5374"}],"collection":[{"href":"https:\/\/wia.net.pl\/index.php\/wp-json\/wp\/v2\/posts"}],"about":[{"href":"https:\/\/wia.net.pl\/index.php\/wp-json\/wp\/v2\/types\/post"}],"author":[{"embeddable":true,"href":"https:\/\/wia.net.pl\/index.php\/wp-json\/wp\/v2\/users\/2"}],"replies":[{"embeddable":true,"href":"https:\/\/wia.net.pl\/index.php\/wp-json\/wp\/v2\/comments?post=5374"}],"version-history":[{"count":1,"href":"https:\/\/wia.net.pl\/index.php\/wp-json\/wp\/v2\/posts\/5374\/revisions"}],"predecessor-version":[{"id":5376,"href":"https:\/\/wia.net.pl\/index.php\/wp-json\/wp\/v2\/posts\/5374\/revisions\/5376"}],"wp:featuredmedia":[{"embeddable":true,"href":"https:\/\/wia.net.pl\/index.php\/wp-json\/wp\/v2\/media\/5375"}],"wp:attachment":[{"href":"https:\/\/wia.net.pl\/index.php\/wp-json\/wp\/v2\/media?parent=5374"}],"wp:term":[{"taxonomy":"category","embeddable":true,"href":"https:\/\/wia.net.pl\/index.php\/wp-json\/wp\/v2\/categories?post=5374"},{"taxonomy":"post_tag","embeddable":true,"href":"https:\/\/wia.net.pl\/index.php\/wp-json\/wp\/v2\/tags?post=5374"}],"curies":[{"name":"wp","href":"https:\/\/api.w.org\/{rel}","templated":true}]}}