{"id":5377,"date":"2023-11-17T01:44:42","date_gmt":"2023-11-17T00:44:42","guid":{"rendered":"https:\/\/wia.net.pl\/?p=5377"},"modified":"2023-11-17T01:44:43","modified_gmt":"2023-11-17T00:44:43","slug":"artemis-nasa-i-elon-musk-nowy-program-i-rakieta","status":"publish","type":"post","link":"https:\/\/wia.net.pl\/index.php\/2023\/11\/17\/artemis-nasa-i-elon-musk-nowy-program-i-rakieta\/","title":{"rendered":"Artemis NASA i Elon Musk &#8211; nowy program i rakieta"},"content":{"rendered":"\n<p>Co kryje si\u0119 w nowej mega rakiecie Elona Muska?\u00a0Poznaj nowy program kosmiczny masonerii Artemis NASA<\/p>\n\n\n\n<p>autor :\u00a0<strong>Brian Shilhavy<\/strong><br><strong>Health Impact News<\/strong><\/p>\n\n\n\n<figure class=\"wp-block-image size-large\"><img loading=\"lazy\" decoding=\"async\" width=\"1024\" height=\"724\" src=\"https:\/\/wia.net.pl\/wp-content\/uploads\/2023\/11\/NASA-Freemason-Artemis-Space-Program-1024x724.jpg\" alt=\"\" class=\"wp-image-5378\" srcset=\"https:\/\/wia.net.pl\/wp-content\/uploads\/2023\/11\/NASA-Freemason-Artemis-Space-Program-1024x724.jpg 1024w, https:\/\/wia.net.pl\/wp-content\/uploads\/2023\/11\/NASA-Freemason-Artemis-Space-Program-300x212.jpg 300w, https:\/\/wia.net.pl\/wp-content\/uploads\/2023\/11\/NASA-Freemason-Artemis-Space-Program-768x543.jpg 768w, https:\/\/wia.net.pl\/wp-content\/uploads\/2023\/11\/NASA-Freemason-Artemis-Space-Program.jpg 1135w\" sizes=\"(max-width: 1024px) 100vw, 1024px\" \/><\/figure>\n\n\n\n<p>W pi\u0105tek, 17 listopada 2023 r., najwi\u0119ksza rakieta SpaceX, \u201eStarship\u201d, kt\u00f3ra jest jednocze\u015bnie najwi\u0119ksz\u0105 na \u015bwiecie rakiet\u0105 i systemem startowym, odb\u0119dzie sw\u00f3j drugi testowy start i lot.<\/p>\n\n\n\n<figure class=\"wp-block-image size-large\"><img loading=\"lazy\" decoding=\"async\" width=\"1024\" height=\"576\" src=\"https:\/\/wia.net.pl\/wp-content\/uploads\/2023\/11\/SpaceX-Starship-1024x576.png\" alt=\"\" class=\"wp-image-5379\" srcset=\"https:\/\/wia.net.pl\/wp-content\/uploads\/2023\/11\/SpaceX-Starship-1024x576.png 1024w, https:\/\/wia.net.pl\/wp-content\/uploads\/2023\/11\/SpaceX-Starship-300x169.png 300w, https:\/\/wia.net.pl\/wp-content\/uploads\/2023\/11\/SpaceX-Starship-768x432.png 768w, https:\/\/wia.net.pl\/wp-content\/uploads\/2023\/11\/SpaceX-Starship-1536x864.png 1536w, https:\/\/wia.net.pl\/wp-content\/uploads\/2023\/11\/SpaceX-Starship-480x270.png 480w, https:\/\/wia.net.pl\/wp-content\/uploads\/2023\/11\/SpaceX-Starship.png 1920w\" sizes=\"(max-width: 1024px) 100vw, 1024px\" \/><\/figure>\n\n\n\n<blockquote class=\"wp-block-quote is-layout-flow wp-block-quote-is-layout-flow\">\n<p>Nast\u0119pny start statku kosmicznego SpaceX mo\u017ce rozpocz\u0105\u0107 si\u0119 ju\u017c 17 listopada, w oczekiwaniu na zgod\u0119 organ\u00f3w regulacyjnych Federalnej Administracji Lotniczej i innych agencji.<\/p>\n\n\n\n<p>Potencjalny start z poligonu testowego SpaceX Starbase na pla\u017cy Boca Chica niedaleko Brownsville w Teksasie b\u0119dzie drugim lotem testowym firmy SpaceX ze statkiem kosmicznym klasy orbitalnej i wzmacniaczem Super Heavy \u2013 najwi\u0119ksz\u0105 i najpot\u0119\u017cniejsz\u0105 rakiet\u0105, jak\u0105 kiedykolwiek zbudowano.&nbsp;SpaceX wykona\u0142 sw\u00f3j pierwszy lot testowy statku kosmicznego w kwietniu, ale statek eksplodowa\u0142 wkr\u00f3tce po starcie.<\/p>\n\n\n\n<p>\u201eStatek kosmiczny przygotowuje si\u0119 do startu ju\u017c 17 listopada, do czasu ostatecznego zatwierdzenia przez organy regulacyjne\u201d \u2013 napisa\u0142a SpaceX na X, wcze\u015bniej znanym jako Twitter, w pi\u0105tek (10 listopada).<\/p>\n\n\n\n<p>System startowy Starship i Super Heavy to najwy\u017csza i najpot\u0119\u017cniejsza rakieta na \u015bwiecie.&nbsp;Ma prawie 400 st\u00f3p wysoko\u015bci (121 metr\u00f3w), reklamowany ud\u017awig 165 ton (150 ton metrycznych) i jest zaprojektowany tak, aby w pe\u0142ni nadawa\u0142 si\u0119 do ponownego u\u017cycia.&nbsp;SpaceX zamierza wykorzysta\u0107 Starship jako ci\u0119\u017ck\u0105 wyrzutni\u0119, a tak\u017ce do misji w g\u0142\u0119bokim kosmosie i ju\u017c sprzeda\u0142 loty wok\u00f3\u0142 Ksi\u0119\u017cyca turystom kosmicznym.&nbsp;NASA planuje tak\u017ce u\u017cy\u0107 rakiety Starship do wyl\u0105dowania astronaut\u00f3w Artemis 3 na Ksi\u0119\u017cycu.&nbsp;(&nbsp;<a href=\"https:\/\/www.space.com\/spacex-starship-launch-date-november-2023\" target=\"_blank\" rel=\"noreferrer noopener\">Pe\u0142ny artyku\u0142<\/a>&nbsp;.)<\/p>\n<\/blockquote>\n\n\n\n<p>Do czego b\u0119dzie u\u017cywana ta megarakieta?&nbsp;Wystrzel wi\u0119cej satelit\u00f3w, do\u0142\u0105czaj\u0105c do ponad 8800 dzia\u0142aj\u0105cych satelit\u00f3w znajduj\u0105cych si\u0119 obecnie na orbicie, emituj\u0105cych promieniowanie Ziemi i patrz\u0105cych, kto wie co?<\/p>\n\n\n\n<blockquote class=\"wp-block-quote is-layout-flow wp-block-quote-is-layout-flow\">\n<p>W niedziel\u0119 SpaceX wystrzeli\u0142o rano 23 satelity z Cape Canaveral i 22 kolejne z bazy si\u0142 powietrznych Vandenberg wieczorem.&nbsp;Dzi\u0119ki temu \u0142\u0105czna liczba dzia\u0142aj\u0105cych satelit\u00f3w napromieniaj\u0105cych Ziemi\u0119 wzros\u0142a do oko\u0142o 8800.<\/p>\n\n\n\n<p>W tym roku SpaceX co kilka dni wysy\u0142a rakiety z satelitami, chc\u0105c w po\u015bpiechu zaspokoi\u0107 niezaspokojone zapotrzebowanie na przepustowo\u015b\u0107 miliard\u00f3w ludzi korzystaj\u0105cych z telefon\u00f3w kom\u00f3rkowych.&nbsp;Ale SpaceX nie jest jedyny.&nbsp;Setki firm konkuruj\u0105 o udzia\u0142 w \u015bwiatowym rynku dostarczania Internetu z nieba dla ludno\u015bci \u015bwiata.<\/p>\n\n\n\n<p>5 stycznia 2022 r. wys\u0142a\u0142em biuletyn zawieraj\u0105cy list\u0119 147 firm i agencji rz\u0105dowych z 34 kraj\u00f3w, kt\u00f3re obs\u0142ugiwa\u0142y, wystrzeliwa\u0142y lub planowa\u0142y floty satelit\u00f3w, kt\u00f3rych liczba, gdyby wszystkie zosta\u0142y wystrzelone, wynosi\u0142aby w sumie oko\u0142o p\u00f3\u0142 miliona na naszym niebie, daleko od przewy\u017cszaj\u0105ce liczb\u0119 widocznych gwiazd.&nbsp;(&nbsp;<a href=\"https:\/\/cellphonetaskforce.org\/wp-content\/uploads\/2023\/10\/One-million-satellites-planned-4.pdf\" target=\"_blank\" rel=\"noreferrer noopener\">Pe\u0142ny artyku\u0142<\/a>&nbsp;.)<\/p>\n<\/blockquote>\n\n\n\n<p>Prawdopodobnie, ale ta rakieta jest zbudowana do wi\u0119kszych cel\u00f3w.<\/p>\n\n\n\n<p>Czy wkraczamy w now\u0105 faz\u0119 wojny, w kt\u00f3rej zagro\u017cenie ze strony rzekomych \u201ebomb nuklearnych\u201d staje si\u0119 niczym w por\u00f3wnaniu z broni\u0105 energetyczn\u0105, kt\u00f3ra mo\u017ce potencjalnie wp\u0142ywa\u0107 na pogod\u0119, powodowa\u0107 trz\u0119sienia ziemi i powodowa\u0107 ogromne po\u017cary, kt\u00f3re natychmiast spalaj\u0105 wszystko na swojej drodze?<\/p>\n\n\n\n<p>Tak masowe zniszczenie mog\u0142oby sprawi\u0107, \u017ce ludzcy \u017co\u0142nierze byliby niepotrzebni, poniewa\u017c wsp\u00f3\u0142czesny wojownik siedzia\u0142by w\u00f3wczas gdzie\u015b za komputerem i by\u0142 gotowy \u201epoci\u0105gn\u0105\u0107 za spust\u201d.<\/p>\n\n\n\n<p>C\u00f3\u017c, jedno wiemy na pewno: nowy program kosmiczny NASA,&nbsp;<strong>Artemis<\/strong>&nbsp;, zawar\u0142 ju\u017c umow\u0119 z Muskiem i jego \u201eStarship\u201d SpaceX, aby sta\u0107 si\u0119 cz\u0119\u015bci\u0105 programu kosmicznego Artemis.<\/p>\n\n\n\n<p>Od samego pocz\u0105tku ameryka\u0144ska agencja kosmiczna NASA u\u017cywa\u0142a nazw \u201egreckich bog\u00f3w i bogi\u0144\u201d, kt\u00f3rych Biblia okre\u015bla jako \u201edemony\u201d, do nazywania swoich statk\u00f3w kosmicznych i program\u00f3w \u201eeksploracji\u201d przestrzeni kosmicznej.&nbsp;\u201eApollo\u201d by\u0142o jednym z pierwszych u\u017cywanych imion.<\/p>\n\n\n\n<figure class=\"wp-block-image size-full\"><img loading=\"lazy\" decoding=\"async\" width=\"733\" height=\"713\" src=\"https:\/\/wia.net.pl\/wp-content\/uploads\/2023\/11\/Apollo-logo-and-commerative-coins-moon-landing.jpg\" alt=\"\" class=\"wp-image-5380\" srcset=\"https:\/\/wia.net.pl\/wp-content\/uploads\/2023\/11\/Apollo-logo-and-commerative-coins-moon-landing.jpg 733w, https:\/\/wia.net.pl\/wp-content\/uploads\/2023\/11\/Apollo-logo-and-commerative-coins-moon-landing-300x292.jpg 300w\" sizes=\"(max-width: 733px) 100vw, 733px\" \/><\/figure>\n\n\n\n<p>A to dlatego, \u017ce NASA jest organizacj\u0105 maso\u0144sk\u0105.<\/p>\n\n\n\n<p>Masoneria jest tajnym stowarzyszeniem i nazywana jest&nbsp;<em>najstarsz\u0105 religi\u0105 \u015bwiata<\/em>&nbsp;.&nbsp;To po prostu inna nazwa \u201esatanizmu\u201d, ale wszystko odbywa si\u0119 w tajemnicy, chocia\u017c u\u017cywaj\u0105 w\u0142asnych symboli do komunikowania si\u0119 ze sob\u0105 na zwyk\u0142ym miejscu.&nbsp;Aby dowiedzie\u0107 si\u0119 wi\u0119cej zobacz:<\/p>\n\n\n\n<h3 class=\"wp-block-heading\"><a href=\"https:\/\/healthimpactnews.com\/2021\/insider-exposes-freemasonry-as-the-worlds-oldest-secret-religion-and-the-luciferian-plans-for-the-new-world-order\/\" target=\"_blank\" rel=\"noreferrer noopener\">Insider demaskuje masoneri\u0119 jako najstarsz\u0105 tajn\u0105 religi\u0119 \u015bwiata i lucyferia\u0144skie plany dotycz\u0105ce Nowego Porz\u0105dku \u015awiata<\/a><\/h3>\n\n\n\n<p>NASA zosta\u0142a wyra\u017anie za\u0142o\u017cona jako maso\u0144skie, szata\u0144skie przedsi\u0119wzi\u0119cie, co jasno wynika z symboli i nazw, kt\u00f3rych u\u017cywa\u0142a od pocz\u0105tku.\u00a0Bardzo niewielu by to kwestionowa\u0142o, tak mocne s\u0105 dowody, kt\u00f3re s\u0105 wyra\u017anie widoczne dla ka\u017cdego.<\/p>\n\n\n\n<figure class=\"wp-block-image size-large\"><img loading=\"lazy\" decoding=\"async\" width=\"1024\" height=\"605\" src=\"https:\/\/wia.net.pl\/wp-content\/uploads\/2023\/11\/Buzz-Aldrin-Moon-Landing-Never-happened-1024x605.jpg\" alt=\"\" class=\"wp-image-5381\" srcset=\"https:\/\/wia.net.pl\/wp-content\/uploads\/2023\/11\/Buzz-Aldrin-Moon-Landing-Never-happened-1024x605.jpg 1024w, https:\/\/wia.net.pl\/wp-content\/uploads\/2023\/11\/Buzz-Aldrin-Moon-Landing-Never-happened-300x177.jpg 300w, https:\/\/wia.net.pl\/wp-content\/uploads\/2023\/11\/Buzz-Aldrin-Moon-Landing-Never-happened-768x453.jpg 768w, https:\/\/wia.net.pl\/wp-content\/uploads\/2023\/11\/Buzz-Aldrin-Moon-Landing-Never-happened-1536x907.jpg 1536w, https:\/\/wia.net.pl\/wp-content\/uploads\/2023\/11\/Buzz-Aldrin-Moon-Landing-Never-happened.jpg 1748w\" sizes=\"(max-width: 1024px) 100vw, 1024px\" \/><\/figure>\n\n\n\n<p>Jednym z najs\u0142ynniejszych mason\u00f3w zwi\u0105zanych z agencj\u0105 masonerii NASA jest Edwin Eugene Aldrin Jr., lepiej znany jako \u201eBuzz Aldrin\u201d, jeden z dw\u00f3ch pierwszych ludzi, kt\u00f3rzy rzekomo wyl\u0105dowali na Ksi\u0119\u017cycu.<\/p>\n\n\n\n<p>Przez lata wiele os\u00f3b kwestionowa\u0142o, czy ludzie kiedykolwiek faktycznie wyl\u0105dowali na Ksi\u0119\u017cycu, dlatego Buzz Aldrin przez lata zaprzecza\u0142, jakoby dosz\u0142o do inscenizacji, m.in. w wywiadzie dla Alexa Jonesa z 2009 roku.<\/p>\n\n\n\n<p>Jednak w ostatnich latach w sieci pojawi\u0142o si\u0119 wideo, na kt\u00f3rym Aldrin rzekomo przyzna\u0142 si\u0119 8-letniej dziewczynce, \u017ce do zdarzenia nigdy nie dosz\u0142o.<\/p>\n\n\n\n<p>Jestem pewien, \u017ce wielu z Was, kt\u00f3rzy to czytaj\u0105, nie \u017cy\u0142o w 1969 roku, kiedy mia\u0142o miejsce to rzekome wydarzenie, a je\u015bli przeszukacie Internet, znajdziecie wielu \u201eweryfikator\u00f3w fakt\u00f3w\u201d, kt\u00f3rzy pr\u00f3buj\u0105 obali\u0107 fakt, \u017ce Aldrin rzeczywi\u015bcie to przyzna\u0142.<\/p>\n\n\n\n<p>Jednak gdy to si\u0119 wydarzy\u0142o, \u017cy\u0142em jeszcze jako dziecko i doskonale pami\u0119tam, jak ogl\u0105da\u0142em to \u201ena \u017cywo\u201d w telewizji.&nbsp;By\u0142o to cz\u0119\u015bci\u0105 ery przemys\u0142owej po II wojnie \u015bwiatowej, kiedy technologia gwa\u0142townie przyspiesza\u0142a, a opini\u0119 publiczn\u0105 \u0142atwo by\u0142o przekona\u0107 (tak jak dzisiaj w przypadku \u201eAI\u201d!) co do rzekomego zaawansowania tej technologii, tak \u017ce wiele os\u00f3b uwierzy\u0142o, \u017ce jest to prawdziwy wydarzenie.<\/p>\n\n\n\n<p>Wi\u0119kszo\u015b\u0107 z Was, kt\u00f3rzy to czytacie, dorasta\u0142a w epoce \u201etechnologii komputerowej\u201d, kt\u00f3ra rozpocz\u0119\u0142a si\u0119 w latach 80. XX wieku, a kt\u00f3ra naprawd\u0119 zacz\u0119\u0142a si\u0119 rozwija\u0107 tu\u017c po roku 2000.<\/p>\n\n\n\n<p>To era \u201ecyfrowa\u201d, kt\u00f3ra nie istnia\u0142a w 1969 r., kiedy rzekomo mia\u0142o miejsce l\u0105dowanie na Ksi\u0119\u017cycu.&nbsp;Wszystko by\u0142o wtedy analogowe.<\/p>\n\n\n\n<p>Niedawno rozmawia\u0142em z osob\u0105 po 80. roku \u017cycia, kt\u00f3ra przed przej\u015bciem na emerytur\u0119 zajmowa\u0142a si\u0119 komunikacj\u0105 i elektronik\u0105.&nbsp;Kiedy wydarzy\u0142o si\u0119 to w 1969 roku, by\u0142 m\u0142odym doros\u0142ym.<\/p>\n\n\n\n<p>Zapyta\u0142em go, jak to mo\u017cliwe, \u017ce w 1969 roku mogli\u015bmy mie\u0107 t\u0119 technologi\u0119?&nbsp;By\u0142 pewien, \u017ce tak, bo wszyscy ogl\u0105dali to \u201ena \u017cywo\u201d w telewizji.<\/p>\n\n\n\n<p>Wi\u0119c zapyta\u0142em:<\/p>\n\n\n\n<blockquote class=\"wp-block-quote is-layout-flow wp-block-quote-is-layout-flow\">\n<p>W ci\u0105gu ostatnich kilku dekad zajmowa\u0142em si\u0119 produkcj\u0105 wideo i do utworzenia p\u0142ynnego wideo potrzeba oko\u0142o 30 klatek na sekund\u0119 (fps), chocia\u017c mo\u017cesz zadowoli\u0107 si\u0119 oko\u0142o 15 fps, aby uzyska\u0107 wideo, kt\u00f3re jest nadal wystarczaj\u0105co wyra\u017ane, aby je ogl\u0105da\u0107 , chocia\u017c mo\u017ce bardziej wzburzony.<\/p>\n\n\n\n<p>Ale w 1969 roku \u017cadna z tych technologii nie by\u0142a dost\u0119pna, wi\u0119c jakim cudem w tamtych czasach transmitowano materia\u0142y wideo z Ksi\u0119\u017cyca a\u017c na Ziemi\u0119 \u201ena \u017cywo\u201d, u\u017cywaj\u0105c analogowych cz\u0119stotliwo\u015bci radiowych do generowania co najmniej 15 klatek na sekund\u0119?<\/p>\n<\/blockquote>\n\n\n\n<p>Przyzna\u0142, \u017ce nie wie, ale nie wydawa\u0142o si\u0119, aby mia\u0142o to wp\u0142yw na jego wiar\u0119.<\/p>\n\n\n\n<p>Rzeczywi\u015bcie s\u0105dz\u0119, \u017ce w 1969 r. sfilmowano i wyemitowano w\u015br\u00f3d Amerykan\u00f3w pewne wydarzenie, przedstawiaj\u0105ce l\u0105dowanie na Ksi\u0119\u017cycu, ale mog\u0119 niemal zagwarantowa\u0107, \u017ce NIE zosta\u0142o ono sfilmowane na okr\u0105g\u0142ym obiekcie na niebie, kt\u00f3ry przelatuje co 30 minut. dni, zwany tak\u017ce \u201eksi\u0119\u017cycem\u201d.<\/p>\n\n\n\n<p>Wiele os\u00f3b \u015bledzi histori\u0119 NASA od\u00a0<em>Operacji Paper Clip<\/em>\u00a0, kt\u00f3ra by\u0142a programem, kt\u00f3ry po II wojnie \u015bwiatowej sprowadzi\u0142 nazistowskich naukowc\u00f3w z Niemiec do Stan\u00f3w Zjednoczonych, kt\u00f3re nast\u0119pnie za\u0142o\u017cy\u0142y tak\u017ce CIA.<\/p>\n\n\n\n<figure class=\"wp-block-image size-large\"><img loading=\"lazy\" decoding=\"async\" width=\"1024\" height=\"590\" src=\"https:\/\/wia.net.pl\/wp-content\/uploads\/2023\/11\/image-2-1024x590.png\" alt=\"\" class=\"wp-image-5382\" srcset=\"https:\/\/wia.net.pl\/wp-content\/uploads\/2023\/11\/image-2-1024x590.png 1024w, https:\/\/wia.net.pl\/wp-content\/uploads\/2023\/11\/image-2-300x173.png 300w, https:\/\/wia.net.pl\/wp-content\/uploads\/2023\/11\/image-2-768x443.png 768w, https:\/\/wia.net.pl\/wp-content\/uploads\/2023\/11\/image-2-1536x886.png 1536w, https:\/\/wia.net.pl\/wp-content\/uploads\/2023\/11\/image-2.png 1951w\" sizes=\"(max-width: 1024px) 100vw, 1024px\" \/><\/figure>\n\n\n\n<p>Pami\u0105tkowy znaczek wydany przez Urz\u0105d Pocztowy Stan\u00f3w Zjednoczonych w 1969 r. i sponsorowany przez \u201eThe Masonic Stamp Club of New York\u201d.<\/p>\n\n\n\n<p>Wed\u0142ug doniesie\u0144 Buzz Aldrin jest masonem 33 stopnia rytu szkockiego i templariuszy.<\/p>\n\n\n\n<p>Oto dobry artyku\u0142 dokumentuj\u0105cy wiele innych powi\u0105za\u0144 maso\u0144skich z l\u0105dowaniem Apollo 11 na Ksi\u0119\u017cycu, chocia\u017c autor wydaje si\u0119 uwa\u017ca\u0107 l\u0105dowanie na Ksi\u0119\u017cycu za wydarzenie historyczne, a nie mistyfikacj\u0119.<\/p>\n\n\n\n<figure class=\"wp-block-image size-large\"><img loading=\"lazy\" decoding=\"async\" width=\"1024\" height=\"498\" src=\"https:\/\/wia.net.pl\/wp-content\/uploads\/2023\/11\/image-3-1024x498.png\" alt=\"\" class=\"wp-image-5383\" srcset=\"https:\/\/wia.net.pl\/wp-content\/uploads\/2023\/11\/image-3-1024x498.png 1024w, https:\/\/wia.net.pl\/wp-content\/uploads\/2023\/11\/image-3-300x146.png 300w, https:\/\/wia.net.pl\/wp-content\/uploads\/2023\/11\/image-3-768x373.png 768w, https:\/\/wia.net.pl\/wp-content\/uploads\/2023\/11\/image-3.png 1490w\" sizes=\"(max-width: 1024px) 100vw, 1024px\" \/><\/figure>\n\n\n\n<p>Dzi\u015b, tutaj, w 2023 roku, g\u0142\u00f3wn\u0105 misj\u0105 agencji Freemason NASA jest&nbsp;<strong>Program Artemis<\/strong>&nbsp;i rzekomy cel powrotu cz\u0142owieka na Ksi\u0119\u017cyc, a tak\u017ce na Marsa.<\/p>\n\n\n\n<p>Program Artemis, jak r\u00f3wnie\u017c nowy oddzia\u0142&nbsp;<strong>Si\u0142 Kosmicznych<\/strong>&nbsp;Stan\u00f3w Zjednoczonych , zosta\u0142 zapocz\u0105tkowany przez&nbsp;<a href=\"https:\/\/healthimpactnews.com\/2022\/is-donald-trump-a-freemason-is-trump-tower-in-new-york-a-satanic-temple\/\" target=\"_blank\" rel=\"noreferrer noopener\">masona Donalda Trumpa<\/a>&nbsp;podczas jego prezydentury.<\/p>\n\n\n\n<blockquote class=\"wp-block-quote is-layout-flow wp-block-quote-is-layout-flow\">\n<p>Program Artemis to program eksploracji Ksi\u0119\u017cyca za pomoc\u0105 robot\u00f3w i ludzi, prowadzony przez Narodow\u0105 Agencj\u0119 Aeronautyki i Przestrzeni Kosmicznej Stan\u00f3w Zjednoczonych (NASA) wraz z sze\u015bcioma g\u0142\u00f3wnymi agencjami partnerskimi \u2014 Europejsk\u0105 Agencj\u0105 Kosmiczn\u0105 (ESA), Niemieckim Centrum Lotnictwa i Kosmonautyki (DLR), Japoni\u0105 Agencja Bada\u0144 Kosmicznych (JAXA), Kanadyjska Agencja Kosmiczna (CSA), Izraelska Agencja Kosmiczna (ISA) i W\u0142oska Agencja Kosmiczna (ASI).<\/p>\n\n\n\n<p>Program Artemis ma na celu przywr\u00f3cenie obecno\u015bci cz\u0142owieka na Ksi\u0119\u017cycu po raz pierwszy od czasu misji Apollo 17 w 1972 r. G\u0142\u00f3wne cz\u0119\u015bci programu to Space Launch System (SLS), statek kosmiczny Orion, stacja kosmiczna Lunar Gateway, oraz komercyjne systemy l\u0105dowania ludzi.<\/p>\n\n\n\n<p>D\u0142ugoterminowym celem programu jest utworzenie sta\u0142ej bazy na Ksi\u0119\u017cycu, aby u\u0142atwi\u0107 realizacj\u0119 misji za\u0142ogowych na Marsa.<\/p>\n\n\n\n<p>Program Artemis to wsp\u00f3\u0142praca rz\u0105dowych agencji kosmicznych i prywatnych firm zajmuj\u0105cych si\u0119 lotami kosmicznymi, po\u0142\u0105czonych Porozumieniami Artemis i umowami pomocniczymi.<\/p>\n\n\n\n<p>Wed\u0142ug stanu na wrzesie\u0144 2023 r. porozumienia podpisa\u0142o dwadzie\u015bcia dziewi\u0119\u0107 kraj\u00f3w i jedno terytorium, w tym tradycyjni ameryka\u0144scy partnerzy kosmiczni (tacy jak Europejska Agencja Kosmiczna i agencje z Indii, Kanady, Japonii i Wielkiej Brytanii) oraz wschodz\u0105ce pot\u0119gi kosmiczne (takie jak Brazylia, Korea Po\u0142udniowa, Meksyk i Zjednoczone Emiraty Arabskie).<\/p>\n\n\n\n<p>Program Artemis zosta\u0142 formalnie powo\u0142any w 2017 roku, za czas\u00f3w administracji Trumpa.&nbsp;(&nbsp;<a href=\"https:\/\/web.archive.org\/web\/20231007000146\/https:\/\/en.wikipedia.org\/wiki\/Artemis_program\" target=\"_blank\" rel=\"noreferrer noopener\">\u0179r\u00f3d\u0142o<\/a>&nbsp;.)<\/p>\n<\/blockquote>\n\n\n\n<p>Niedawno przedstawi\u0142em naszym czytelnikom, kim jest \u201eArtemida\u201d, poniewa\u017c jest to jeden z najwy\u017cszych rang\u0105 demon\u00f3w s\u0142u\u017c\u0105cych Szatanowi, znany w Starym Testamencie jako \u201eb\u00f3g p\u0142odno\u015bci\u201d, najcz\u0119\u015bciej nazywany \u201eAsztoret\u201d.<\/p>\n\n\n\n<figure class=\"wp-block-image size-full\"><img loading=\"lazy\" decoding=\"async\" width=\"450\" height=\"281\" src=\"https:\/\/wia.net.pl\/wp-content\/uploads\/2023\/11\/image-4.png\" alt=\"\" class=\"wp-image-5384\" srcset=\"https:\/\/wia.net.pl\/wp-content\/uploads\/2023\/11\/image-4.png 450w, https:\/\/wia.net.pl\/wp-content\/uploads\/2023\/11\/image-4-300x187.png 300w\" sizes=\"(max-width: 450px) 100vw, 450px\" \/><\/figure>\n\n\n\n<p id=\"caption-attachment-17028\">Ilustracja przedstawiaj\u0105ca \u015awi\u0105tyni\u0119 Artemidy w Efezie.<\/p>\n\n\n\n<p>W czasach Nowego Testamentu w I wieku nazywano j\u0105 \u201eArtemid\u0105\u201d i mieszka\u0142a w\u00f3wczas w mie\u015bcie Efez.&nbsp;Jej \u015bwi\u0105tynia by\u0142a podobno jednym z \u201e7 cud\u00f3w \u015bwiata\u201d w tamtym czasie, poniewa\u017c ludzie z ca\u0142ego \u015bwiata przybywali do Efezu, aby j\u0105 zobaczy\u0107, poniewa\u017c by\u0142a \u017ar\u00f3d\u0142em \u201euzdrowienia\u201d.<\/p>\n\n\n\n<p>Kiedy Pawe\u0142 uda\u0142 si\u0119 tam, aby g\u0142osi\u0107 Dobr\u0105 Nowin\u0119 o Jezusie, spowodowa\u0142o to powa\u017cne zak\u0142\u00f3cenia w systemie gospodarczym miasta zbudowanym wok\u00f3\u0142 Artemidy.<\/p>\n\n\n\n<blockquote class=\"wp-block-quote is-layout-flow wp-block-quote-is-layout-flow\">\n<p>Mniej wi\u0119cej w tym czasie powsta\u0142o wielkie zamieszanie na Drodze.&nbsp;Z\u0142otnik imieniem Demetriusz, kt\u00f3ry wykona\u0142 srebrne kapliczki Artemidy, przyni\u00f3s\u0142 rzemie\u015blnikom niema\u0142y interes.<\/p>\n\n\n\n<p>Zwo\u0142a\u0142 ich wraz z robotnikami z pokrewnych zawod\u00f3w i powiedzia\u0142: \u201eM\u0119\u017cowie, wiecie, \u017ce nie\u017ale zarabiamy na tym biznesie.&nbsp;Widzicie i s\u0142yszycie, jak ten Pawe\u0142 przekona\u0142 i sprowadzi\u0142 na manowce du\u017c\u0105 liczb\u0119 ludzi tutaj, w Efezie i praktycznie w ca\u0142ej prowincji Azji.&nbsp;M\u00f3wi, \u017ce bogowie stworzeni przez cz\u0142owieka wcale nie s\u0105 bogami.&nbsp;Istnieje niebezpiecze\u0144stwo, \u017ce nie tylko nasz handel straci swoje dobre imi\u0119, ale tak\u017ce, \u017ce \u015bwi\u0105tynia wielkiej bogini Artemidy zostanie zdyskredytowana, a sama bogini, czczona w ca\u0142ej prowincji Azji i \u015bwiata, zostanie z niej okradziona boski majestat.\u201d<\/p>\n\n\n\n<p>Gdy to us\u0142yszeli, wpadli we w\u015bciek\u0142o\u015b\u0107 i zacz\u0119li krzycze\u0107: \u201eWielka jest Artemida Efeska!\u201d&nbsp;Wkr\u00f3tce w ca\u0142ym mie\u015bcie zawrza\u0142o.&nbsp;(Dzieje 19:23-29)<\/p>\n<\/blockquote>\n\n\n\n<p>Efez le\u017cy dzi\u015b w ruinach we wsp\u00f3\u0142czesnej Turcji, ale jak niedawno napisa\u0142em, wygl\u0105da na to, \u017ce Artemida przenios\u0142a si\u0119 teraz do Stan\u00f3w Zjednoczonych pod nazw\u0105 \u201eKolumbia\u201d.&nbsp;Widzie\u0107:<\/p>\n\n\n<div class=\"wp-block-image\">\n<figure class=\"aligncenter\"><a href=\"https:\/\/healthimpactnews.com\/2023\/is-the-spirit-of-columbia-the-head-demon-over-the-united-states-is-this-demon-referenced-in-biblical-prophecy\/\" target=\"_blank\" rel=\"noreferrer noopener\"><img decoding=\"async\" src=\"https:\/\/healthimpactnews.com\/wp-content\/uploads\/sites\/2\/2023\/11\/Columbia-Head-U.S.-Demon.jpg\" alt=\"\" class=\"wp-image-85688\"\/><\/a><\/figure><\/div>\n\n\n<h3 class=\"wp-block-heading\"><a href=\"https:\/\/healthimpactnews.com\/2023\/is-the-spirit-of-columbia-the-head-demon-over-the-united-states-is-this-demon-referenced-in-biblical-prophecy\/\" target=\"_blank\" rel=\"noreferrer noopener\">Czy Spirit of Columbia jest g\u0142\u00f3wnym demonem w Stanach Zjednoczonych?&nbsp;Czy ten demon jest wspomniany w proroctwach biblijnych?<\/a><\/h3>\n\n\n\n<p>W ca\u0142ym Pi\u015bmie \u015awi\u0119tym \u201eprzestrze\u0144 kosmiczna\u201d nazywana jest \u201eniebiosami\u201d, a \u017cyj\u0105ce tam si\u0142y anielskie i demoniczne okre\u015blane s\u0105 angielskimi s\u0142owami, takimi jak \u201eautorytety\u201d, \u201emoce\u201d itp.<\/p>\n\n\n\n<blockquote class=\"wp-block-quote is-layout-flow wp-block-quote-is-layout-flow\">\n<p>Za\u0142\u00f3\u017ccie pe\u0142n\u0105 zbroj\u0119 Bo\u017c\u0105, aby\u015bcie mogli przeciwstawi\u0107 si\u0119 planom diab\u0142a.&nbsp;Nasza walka nie toczy si\u0119 przeciwko cia\u0142u i krwi, ale przeciwko&nbsp;<strong>w\u0142adcom<\/strong>&nbsp;, przeciwko&nbsp;<strong>w\u0142adzom<\/strong>&nbsp;, przeciwko&nbsp;<strong>mocom tego ciemnego \u015bwiata<\/strong>&nbsp;i przeciwko&nbsp;<strong>duchowym si\u0142om z\u0142a&nbsp;<\/strong><em><strong>w niebia\u0144skich kr\u00f3lestwach<\/strong><\/em>&nbsp;.&nbsp;(Efezjan 6:11-12)<\/p>\n<\/blockquote>\n\n\n\n<p>Jezus Chrystus najwyra\u017aniej wy\u015bmia\u0142 i wyszydzi\u0142 te demoniczne moce, gdy umar\u0142 \u015bmierci\u0105 fizyczn\u0105, a trzy dni p\u00f3\u017aniej \u017cywy wyszed\u0142 z grobowca.<\/p>\n\n\n\n<blockquote class=\"wp-block-quote is-layout-flow wp-block-quote-is-layout-flow\">\n<p>Kiedy byli\u015bcie martwi w swoich grzechach i w nieobrzezaniu waszej grzesznej natury, B\u00f3g o\u017cywi\u0142 was z Chrystusem.&nbsp;On przebaczy\u0142 nam wszystkie nasze grzechy, uniewa\u017cniaj\u0105c spisany kodeks wraz z jego przepisami, kt\u00f3ry by\u0142 przeciwko nam i kt\u00f3ry nam si\u0119 sprzeciwia\u0142;&nbsp;zabra\u0142 go i przybi\u0142 do krzy\u017ca.<\/p>\n\n\n\n<p>A&nbsp;&nbsp;<strong>rozbrajaj\u0105c w\u0142adze i w\u0142adze, zrobi\u0142 z nich publiczny spektakl<\/strong>&nbsp;, odnosz\u0105c nad nimi triumf na krzy\u017cu.&nbsp;(Kolosan 2:13-15)<\/p>\n<\/blockquote>\n\n\n\n<p>Ka\u017cda z tych demonicznych mocy i w\u0142adz, \u0142\u0105cznie z samym Szatanem, podlega obecnie rz\u0105dom Jezusa Chrystusa, kt\u00f3ry wkr\u00f3tce powr\u00f3ci, aby wykona\u0107 na nich wyrok, gdy\u017c zostali ju\u017c uznani za \u201ewinnych\u201d przez niebia\u0144ski s\u0105d.<\/p>\n\n\n\n<blockquote class=\"wp-block-quote is-layout-flow wp-block-quote-is-layout-flow\">\n<p>Jezus Chrystus\u2026 wst\u0105pi\u0142 do nieba i jest po prawicy Boga, a anio\u0142owie, w\u0142adze i moce&nbsp;<strong>zosta\u0142y mu poddane<\/strong>&nbsp;.&nbsp;(1 Piotra 3:21-22)<\/p>\n<\/blockquote>\n\n\n\n<p>I tak na marginesie, poniewa\u017c NIE jest to tematem tego artyku\u0142u, greckie s\u0142owa u\u017cyte tutaj w Nowym Testamencie w odniesieniu do \u201e&nbsp;<em>w\u0142adz i mocy<\/em>&nbsp;\u201d, a tak\u017ce \u201e&nbsp;<em>podporz\u0105dkowany<\/em>&nbsp;\u201d, to te same greckie s\u0142owa u\u017cyte w 13 rozdziale Listu do Rzymian , kt\u00f3rego wi\u0119kszo\u015b\u0107 syjonistycznych chrze\u015bcija\u0144skich pastor\u00f3w i nauczycieli u\u017cywa, aby usprawiedliwi\u0107 poddanie si\u0119 rz\u0105dowi USA, tak jak to mia\u0142o miejsce podczas Covid.<\/p>\n\n\n\n<blockquote class=\"wp-block-quote is-layout-flow wp-block-quote-is-layout-flow\">\n<p>Niech ka\u017cdy cz\u0142owiek&nbsp;<strong>b\u0119dzie poddany&nbsp;<\/strong><strong>w\u0142adzom<\/strong>&nbsp;rz\u0105dz\u0105cym&nbsp;.&nbsp;Nie ma bowiem \u017cadnej w\u0142adzy, jak tylko od Boga, a te, kt\u00f3re istniej\u0105, zosta\u0142y ustanowione przez Boga.&nbsp;Dlatego ka\u017cdy, kto przeciwstawia si\u0119&nbsp;<strong>w\u0142adzom,<\/strong>&nbsp;sprzeciwia si\u0119 temu, co B\u00f3g postanowi\u0142, a ci, kt\u00f3rzy si\u0119 sprzeciwiaj\u0105, ponios\u0105 kar\u0119.&nbsp;(Rzymian 13:1-2)<\/p>\n<\/blockquote>\n\n\n\n<p>I cho\u0107 nie twierdz\u0119, \u017ce w tym fragmencie nie ma zastosowania do ludzkiego rz\u0105du cywilnego, bardzo cz\u0119sto jest on b\u0142\u0119dnie u\u017cywany przez syjonistycznych chrze\u015bcijan, aby przekona\u0107 ludzi, aby zawsze byli pos\u0142uszni i poddawali si\u0119 urz\u0119dnikom ludzkiego rz\u0105du.<\/p>\n\n\n\n<p>Ale wyra\u017anie NIE to by\u0142o zamierzone w przypadku takich werset\u00f3w, poniewa\u017c nawet autorzy Nowego Testamentu, kt\u00f3rzy to napisali, nie zawsze byli pos\u0142uszni w\u0142adzom rz\u0105du cywilnego, ale stale stawiali im op\u00f3r i cz\u0119sto byli wi\u0119zieni za ich op\u00f3r.<\/p>\n\n\n\n<p>Jezus jest dla nas NAJLEPSZYM przyk\u0142adem przeciwstawiania si\u0119 w\u0142adzom rz\u0105dowym, gdy\u017c cz\u0119sto \u0142ama\u0142 ich prawa, chodz\u0105c po ziemi w ludzkiej postaci.&nbsp;Widzie\u0107:<\/p>\n\n\n\n<h3 class=\"wp-block-heading\"><a href=\"https:\/\/created4health.org\/jesus-repeatedly-broke-the-law-and-told-others-to-do-the-same-thing-the-biblical-basis-for-righteous-resistance\/\" target=\"_blank\" rel=\"noreferrer noopener\">Jezus wielokrotnie \u0142ama\u0142 prawo i nakazywa\u0142 innym czyni\u0107 to samo \u2013 biblijne podstawy sprawiedliwego oporu<\/a><\/h3>\n\n\n<div class=\"wp-block-image\">\n<figure class=\"aligncenter\"><img decoding=\"async\" src=\"https:\/\/healthimpactnews.com\/wp-content\/uploads\/sites\/2\/2023\/11\/Artemis-Accords_2.jpg\" alt=\"\" class=\"wp-image-85781\"\/><\/figure><\/div>\n\n\n<p>Oto wi\u0119cej informacji na temat maso\u0144skich \u201ePorozumie\u0144 z Artemid\u0105\u201d, kt\u00f3re&nbsp;<a href=\"https:\/\/oig.nasa.gov\/docs\/IG-22-003.pdf\" target=\"_blank\" rel=\"noreferrer noopener\">obecnie dysponuj\u0105 bud\u017cetem wynosz\u0105cym 53 miliardy dolar\u00f3w<\/a>&nbsp;.<\/p>\n\n\n\n<blockquote class=\"wp-block-quote is-layout-flow wp-block-quote-is-layout-flow\">\n<p>5 maja 2020 r. agencja Reuters opublikowa\u0142a ekskluzywny raport, w kt\u00f3rym stwierdzono, \u017ce administracja Donalda Trumpa pracuje nad nowym mi\u0119dzynarodowym porozumieniem w sprawie wydobycia na Ksi\u0119\u017cycu, nawi\u0105zuj\u0105cym do Traktatu o przestrzeni kosmicznej z 1967 r.<\/p>\n\n\n\n<p>Dziesi\u0119\u0107 dni p\u00f3\u017aniej \u00f3wczesny administrator NASA Jim Bridenstine oficjalnie og\u0142osi\u0142 Porozumienia Artemis, seri\u0119 porozumie\u0144 z krajami partnerskimi, kt\u00f3rych celem jest ustanowienie ram reguluj\u0105cych badanie i wydobywanie Ksi\u0119\u017cyca.<\/p>\n\n\n\n<p>Porozumienia wywodz\u0105 si\u0119 z tytu\u0142owego Programu Artemis, ameryka\u0144skiego planu rozpocz\u0119tego w 2017 r., maj\u0105cego na celu wys\u0142anie pierwszej kobiety i kolejnego m\u0119\u017cczyzny na Ksi\u0119\u017cyc do 2024 r. Bridenstine stwierdzi\u0142a, \u017ce \u200b\u200bporozumienia mia\u0142y na celu stworzenie jednolitego zestawu wytycznych dla kraj\u00f3w, aby unikn\u0105\u0107 potencjalnego konfliktu lub nieporozumienia w przysz\u0142ych przedsi\u0119wzi\u0119ciach kosmicznych;&nbsp;rz\u0105dy, kt\u00f3re podpisz\u0105 Porozumienia, mog\u0105 formalnie wzi\u0105\u0107 udzia\u0142 w Programie Artemis.<\/p>\n\n\n\n<p>Porozumienia zosta\u0142y opracowane przez NASA, Departament Stanu USA i nowo utworzon\u0105 Narodow\u0105 Rad\u0119 ds. Przestrzeni Kosmicznej;&nbsp;projekt przekazano kilku rz\u0105dom do konsultacji przed og\u0142oszeniem ostatecznej wersji dokumentu w maju 2020 r.<\/p>\n\n\n\n<p>W dniu 13 pa\u017adziernika 2020 r. podczas nagranej i transmitowanej na \u017cywo ceremonii Porozumienia zosta\u0142y podpisane przez dyrektor\u00f3w krajowych agencji kosmicznych Stan\u00f3w Zjednoczonych, Australii, Kanady, Japonii, Luksemburga, W\u0142och, Wielkiej Brytanii i Zjednoczonych Emirat\u00f3w Arabskich.&nbsp;Szef ukrai\u0144skiej Narodowej Agencji Kosmicznej podpisa\u0142 Porozumienia dok\u0142adnie miesi\u0105c p\u00f3\u017aniej.<\/p>\n\n\n\n<p>Porozumienia Artemis to niewi\u0105\u017c\u0105ce wielostronne porozumienie pomi\u0119dzy rz\u0105dem Stan\u00f3w Zjednoczonych a innymi rz\u0105dami \u015bwiata uczestnicz\u0105cymi w programie Artemis \u2013 kierowanym przez Amerykan\u00f3w wysi\u0142ku maj\u0105cym na celu powr\u00f3t ludzi na Ksi\u0119\u017cyc do roku 2025, kt\u00f3rego ostatecznym celem jest rozszerzenie eksploracji kosmosu na Marsa i poza.<\/p>\n\n\n\n<p>Wed\u0142ug stanu na 16 wrze\u015bnia 2023 r. porozumienia podpisa\u0142o dwadzie\u015bcia dziewi\u0119\u0107 kraj\u00f3w i jedno terytorium, w tym dziesi\u0119\u0107 w Europie, osiem w Azji, trzy w Ameryce P\u00f3\u0142nocnej, cztery w Ameryce Po\u0142udniowej, dwa w Oceanii i dwa w Afryce.&nbsp;(&nbsp;<a href=\"https:\/\/web.archive.org\/web\/20231008130705\/https:\/\/en.wikipedia.org\/wiki\/Artemis_Accords\" target=\"_blank\" rel=\"noreferrer noopener\">\u0179r\u00f3d\u0142o<\/a>&nbsp;.)<\/p>\n<\/blockquote>\n\n\n\n<p>Program masonerii&nbsp;<em>Artemis<\/em>&nbsp;w oczywisty spos\u00f3b jeszcze bardziej wzbogaci ameryka\u0144skich wykonawc\u00f3w z bran\u017cy obronnej, kt\u00f3rzy ju\u017c buduj\u0105 bro\u0144 wojenn\u0105, w tym bro\u0144 powietrzn\u0105 i energetyczn\u0105.<\/p>\n\n\n\n<p><strong><img decoding=\"async\" src=\"https:\/\/healthimpactnews.com\/wp-content\/uploads\/sites\/2\/2023\/11\/Orion_Artemis_I_Selfie_1.jpg\" alt=\"\" style=\"\"><\/strong><\/p>\n\n\n\n<p id=\"caption-attachment-85782\"><a href=\"https:\/\/en.wikipedia.org\/wiki\/Orion_(spacecraft)\" target=\"_blank\" rel=\"noreferrer noopener\">\u0179r\u00f3d\u0142o obrazu<\/a>&nbsp;.<\/p>\n\n\n\n<p>Statek kosmiczny Orion wyprodukowany przez firm\u0119 Lockheed Martin (na zdj\u0119ciu powy\u017cej) jest jednym z nowych statk\u00f3w kosmicznych Artemis, podobnie jak rakieta SpaceX Elona Muska The Starship&nbsp;<strong>,<\/strong>&nbsp;\u201e&nbsp;<em>najwy\u017csza i najpot\u0119\u017cniejsza rakieta na \u015bwiecie<\/em>&nbsp;\u201d, kt\u00f3ra mo\u017ce podj\u0105\u0107 drug\u0105 pr\u00f3b\u0119 startu jeszcze w tym tygodniu .<\/p>\n\n\n\n<p>W ci\u0105gu ostatnich kilku lat wydarzy\u0142o si\u0119 wiele wydarze\u0144, kt\u00f3re mo\u017cna zinterpretowa\u0107 jako powi\u0105zane ze sob\u0105, zmierzaj\u0105cych do ostatecznego punktu kulminacyjnego, kt\u00f3ry mo\u017ce wype\u0142ni\u0107 proroctwa biblijne, poniewa\u017c Stany Zjednoczone s\u0105 centrum dzia\u0142alno\u015bci masonerii od czasu naszego za\u0142o\u017cenia, b\u0119d\u0105c centrum \u015bwiata mason\u00f3w satanistycznych od za\u0142o\u017cenia w 1776 r. Zobacz:<\/p>\n\n\n\n<h3 class=\"wp-block-heading\"><a href=\"https:\/\/healthimpactnews.com\/2023\/the-united-states-has-been-the-center-of-the-new-world-order-controlled-by-satan-for-250-years\/\" target=\"_blank\" rel=\"noreferrer noopener\">Stany Zjednoczone s\u0105 centrum Nowego Porz\u0105dku \u015awiata kontrolowanego przez szatana od 250 lat<\/a><\/h3>\n\n\n\n<p>Wielki&nbsp;<em>Reset<\/em>&nbsp;z pewno\u015bci\u0105 nadchodzi i Stany Zjednoczone pokazuj\u0105 teraz swoje prawdziwe oblicze, otwarcie u\u017cywaj\u0105c imion szata\u0144skich demon\u00f3w wysokiej rangi, takich jak \u201eArtemida\u201d, w ramach \u201eProgramu kosmicznego\u201d, kt\u00f3ry nie ma nic wsp\u00f3lnego z eksploracj\u0105 kosmosu, a wszystkim, co ma na celu wsp\u00f3lnego ze \u015bmierci\u0105, wojn\u0105 i broni\u0105 masowego ra\u017cenia.<\/p>\n\n\n\n<p>Wi\u0119kszo\u015b\u0107 tych program\u00f3w rozpocz\u0119\u0142a si\u0119 za prezydentury Donalda Trumpa, wraz z nie tylko utworzeniem oddzia\u0142u&nbsp;<strong>wojskowego Si\u0142 Kosmicznych<\/strong>&nbsp;,&nbsp;<strong>Programu Kosmicznego Masona Artemis<\/strong>&nbsp;, ale tak\u017ce operacj\u0105 wojskow\u0105 \u201e&nbsp;<em>Operacja Warp Speed<\/em>&nbsp;\u201d, kt\u00f3ra zamordowa\u0142a i okaleczy\u0142a miliony Amerykan\u00f3w, dziesi\u0105tkuj\u0105c wi\u0119kszo\u015b\u0107 nasze wojsko.<\/p>\n\n\n\n<p>Je\u015bli ten demoniczny,&nbsp;<a href=\"https:\/\/healthimpactnews.com\/2023\/child-sex-trafficking-with-the-rich-and-powerful-the-jennifer-guskin-story\/\" target=\"_blank\" rel=\"noreferrer noopener\">kryminalny pedofil<\/a>&nbsp;zostanie przywr\u00f3cony do w\u0142adzy przy wsparciu wi\u0119kszo\u015bci ameryka\u0144skiego spo\u0142ecze\u0144stwa, zw\u0142aszcza syjonistycznych chrze\u015bcijan, faktycznie b\u0119dziemy \u015bwiadkami powstania biblijnego Antychrysta.<\/p>\n\n\n\n<blockquote class=\"wp-block-quote is-layout-flow wp-block-quote-is-layout-flow\">\n<p>Gdy otworzy\u0142 sz\u00f3st\u0105 piecz\u0119\u0107, spojrza\u0142em, a oto nast\u0105pi\u0142o wielkie trz\u0119sienie ziemi i s\u0142o\u0144ce sta\u0142o si\u0119 czarne jak w\u00f3r, ksi\u0119\u017cyc w&nbsp;<strong>pe\u0142ni sta\u0142 si\u0119 jak krew<\/strong>&nbsp;, a&nbsp;<strong>gwiazdy z nieba spad\u0142y na ziemi\u0119<\/strong>&nbsp;(satelity i statki kosmiczne? ?) jak drzewo figowe zrzuca swoje zimowe owoce, potrz\u0105\u015bni\u0119te przez wichur\u0119.<\/p>\n\n\n\n<p>Niebo znikn\u0119\u0142o jak zwijany zw\u00f3j, a ka\u017cda g\u00f3ra i wyspa zosta\u0142y usuni\u0119te ze swoich miejsc.<\/p>\n\n\n\n<p>Wtedy kr\u00f3lowie ziemi i&nbsp;<strong>wielcy, i wodzowie, bogaci i mo\u017cni<\/strong>&nbsp;, i wszyscy, niewolnicy i wolni, ukryli si\u0119 w jaskiniach i mi\u0119dzy ska\u0142ami g\u00f3rskimi, wo\u0142aj\u0105c do g\u00f3r i ska\u0142: \u201ePadnijcie na nas i zakryj nas przed obliczem Zasiadaj\u0105cego na tronie i przed gniewem Baranka, bo nadszed\u0142 wielki dzie\u0144 ich gniewu i kt\u00f3\u017c si\u0119 ostoi?\u201d&nbsp;(Objawienie 6:12-17)<\/p>\n<\/blockquote>\n\n\n\n<p>\u0179r\u00f3d\u0142o <a href=\"https:\/\/healthimpactnews.com\/2023\/what-is-in-elon-musks-new-mega-rocket-get-to-know-nasas-new-artemis-freemason-space-program\/\">https:\/\/healthimpactnews.com\/2023\/what-is-in-elon-musks-new-mega-rocket-get-to-know-nasas-new-artemis-freemason-space-program\/<\/a><\/p>\n\n\n\n<p><\/p>\n","protected":false},"excerpt":{"rendered":"<p>Co kryje si\u0119 w nowej mega rakiecie Elona Muska?\u00a0Poznaj nowy program kosmiczny masonerii Artemis NASA autor :\u00a0Brian ShilhavyHealth Impact News W pi\u0105tek, 17 listopada 2023 r., najwi\u0119ksza rakieta SpaceX, \u201eStarship\u201d, kt\u00f3ra jest jednocze\u015bnie najwi\u0119ksz\u0105 na \u015bwiecie rakiet\u0105 i systemem startowym,&#8230; <\/p>\n","protected":false},"author":2,"featured_media":5378,"comment_status":"open","ping_status":"open","sticky":false,"template":"","format":"standard","meta":{"_acf_changed":false,"_bbp_topic_count":0,"_bbp_reply_count":0,"_bbp_total_topic_count":0,"_bbp_total_reply_count":0,"_bbp_voice_count":0,"_bbp_anonymous_reply_count":0,"_bbp_topic_count_hidden":0,"_bbp_reply_count_hidden":0,"_bbp_forum_subforum_count":0,"om_disable_all_campaigns":false,"_monsterinsights_skip_tracking":false,"footnotes":""},"categories":[93],"tags":[],"class_list":["post-5377","post","type-post","status-publish","format-standard","has-post-thumbnail","hentry","category-artykuly"],"acf":[],"aioseo_notices":[],"aioseo_head":"\n\t\t<!-- All in One SEO 5.0.1.1 - aioseo.com -->\n\t<meta name=\"description\" content=\"Co kryje si\u0119 w nowej mega rakiecie Elona Muska? Poznaj nowy program kosmiczny masonerii Artemis NASA autor : Brian ShilhavyHealth Impact News W pi\u0105tek, 17 listopada 2023 r., najwi\u0119ksza rakieta SpaceX, \u201eStarship\u201d, kt\u00f3ra jest jednocze\u015bnie najwi\u0119ksz\u0105 na \u015bwiecie rakiet\u0105 i systemem startowym, odb\u0119dzie sw\u00f3j drugi testowy start i lot. Nast\u0119pny start statku kosmicznego SpaceX mo\u017ce rozpocz\u0105\u0107 si\u0119\" \/>\n\t<meta name=\"robots\" content=\"max-image-preview:large\" \/>\n\t<meta name=\"author\" content=\"trinity\"\/>\n\t<link rel=\"canonical\" href=\"https:\/\/wia.net.pl\/index.php\/2023\/11\/17\/artemis-nasa-i-elon-musk-nowy-program-i-rakieta\/\" \/>\n\t<meta name=\"generator\" content=\"All in One SEO (AIOSEO) 5.0.1.1\" \/>\n\t\t<meta property=\"og:locale\" content=\"pl_PL\" \/>\n\t\t<meta property=\"og:site_name\" content=\"Wolno\u015b\u0107 i Anarchia - Ka\u017cdy wewn\u0119trznie jest anarchist\u0105.\" \/>\n\t\t<meta property=\"og:type\" content=\"article\" \/>\n\t\t<meta property=\"og:title\" content=\"Artemis NASA i Elon Musk \u2013 nowy program i rakieta - Wolno\u015b\u0107 i Anarchia\" \/>\n\t\t<meta property=\"og:description\" content=\"Co kryje si\u0119 w nowej mega rakiecie Elona Muska? Poznaj nowy program kosmiczny masonerii Artemis NASA autor : Brian ShilhavyHealth Impact News W pi\u0105tek, 17 listopada 2023 r., najwi\u0119ksza rakieta SpaceX, \u201eStarship\u201d, kt\u00f3ra jest jednocze\u015bnie najwi\u0119ksz\u0105 na \u015bwiecie rakiet\u0105 i systemem startowym, odb\u0119dzie sw\u00f3j drugi testowy start i lot. Nast\u0119pny start statku kosmicznego SpaceX mo\u017ce rozpocz\u0105\u0107 si\u0119\" \/>\n\t\t<meta property=\"og:url\" content=\"https:\/\/wia.net.pl\/index.php\/2023\/11\/17\/artemis-nasa-i-elon-musk-nowy-program-i-rakieta\/\" \/>\n\t\t<meta property=\"og:image\" content=\"https:\/\/wia.net.pl\/wp-content\/uploads\/2023\/11\/cropped-freedom-i73367.jpg\" \/>\n\t\t<meta property=\"og:image:secure_url\" content=\"https:\/\/wia.net.pl\/wp-content\/uploads\/2023\/11\/cropped-freedom-i73367.jpg\" \/>\n\t\t<meta property=\"article:published_time\" content=\"2023-11-17T00:44:42+00:00\" \/>\n\t\t<meta property=\"article:modified_time\" content=\"2023-11-17T00:44:43+00:00\" \/>\n\t\t<meta name=\"twitter:card\" content=\"summary_large_image\" \/>\n\t\t<meta name=\"twitter:title\" content=\"Artemis NASA i Elon Musk \u2013 nowy program i rakieta - Wolno\u015b\u0107 i Anarchia\" \/>\n\t\t<meta name=\"twitter:description\" content=\"Co kryje si\u0119 w nowej mega rakiecie Elona Muska? Poznaj nowy program kosmiczny masonerii Artemis NASA autor : Brian ShilhavyHealth Impact News W pi\u0105tek, 17 listopada 2023 r., najwi\u0119ksza rakieta SpaceX, \u201eStarship\u201d, kt\u00f3ra jest jednocze\u015bnie najwi\u0119ksz\u0105 na \u015bwiecie rakiet\u0105 i systemem startowym, odb\u0119dzie sw\u00f3j drugi testowy start i lot. Nast\u0119pny start statku kosmicznego SpaceX mo\u017ce rozpocz\u0105\u0107 si\u0119\" \/>\n\t\t<meta name=\"twitter:image\" content=\"https:\/\/wia.net.pl\/wp-content\/uploads\/2023\/11\/cropped-freedom-i73367.jpg\" \/>\n\t\t<script type=\"application\/ld+json\" class=\"aioseo-schema\">\n\t\t\t{\"@context\":\"https:\\\/\\\/schema.org\",\"@graph\":[{\"@type\":\"BlogPosting\",\"@id\":\"https:\\\/\\\/wia.net.pl\\\/index.php\\\/2023\\\/11\\\/17\\\/artemis-nasa-i-elon-musk-nowy-program-i-rakieta\\\/#blogposting\",\"name\":\"Artemis NASA i Elon Musk \\u2013 nowy program i rakieta - Wolno\\u015b\\u0107 i Anarchia\",\"headline\":\"Artemis NASA i Elon Musk &#8211; nowy program i rakieta\",\"author\":{\"@id\":\"https:\\\/\\\/wia.net.pl\\\/index.php\\\/author\\\/trinity\\\/#author\"},\"publisher\":{\"@id\":\"https:\\\/\\\/wia.net.pl\\\/#person\"},\"image\":{\"@type\":\"ImageObject\",\"url\":\"https:\\\/\\\/wia.net.pl\\\/wp-content\\\/uploads\\\/2023\\\/11\\\/NASA-Freemason-Artemis-Space-Program.jpg\",\"width\":1135,\"height\":803},\"datePublished\":\"2023-11-17T01:44:42+01:00\",\"dateModified\":\"2023-11-17T01:44:43+01:00\",\"inLanguage\":\"pl-PL\",\"mainEntityOfPage\":{\"@id\":\"https:\\\/\\\/wia.net.pl\\\/index.php\\\/2023\\\/11\\\/17\\\/artemis-nasa-i-elon-musk-nowy-program-i-rakieta\\\/#webpage\"},\"isPartOf\":{\"@id\":\"https:\\\/\\\/wia.net.pl\\\/index.php\\\/2023\\\/11\\\/17\\\/artemis-nasa-i-elon-musk-nowy-program-i-rakieta\\\/#webpage\"},\"articleSection\":\"Artyku\\u0142y\"},{\"@type\":\"BreadcrumbList\",\"@id\":\"https:\\\/\\\/wia.net.pl\\\/index.php\\\/2023\\\/11\\\/17\\\/artemis-nasa-i-elon-musk-nowy-program-i-rakieta\\\/#breadcrumblist\",\"itemListElement\":[{\"@type\":\"ListItem\",\"@id\":\"https:\\\/\\\/wia.net.pl#listItem\",\"position\":1,\"name\":\"Home\",\"item\":\"https:\\\/\\\/wia.net.pl\",\"nextItem\":{\"@type\":\"ListItem\",\"@id\":\"https:\\\/\\\/wia.net.pl\\\/index.php\\\/category\\\/artykuly\\\/#listItem\",\"name\":\"Artyku\\u0142y\"}},{\"@type\":\"ListItem\",\"@id\":\"https:\\\/\\\/wia.net.pl\\\/index.php\\\/category\\\/artykuly\\\/#listItem\",\"position\":2,\"name\":\"Artyku\\u0142y\",\"item\":\"https:\\\/\\\/wia.net.pl\\\/index.php\\\/category\\\/artykuly\\\/\",\"nextItem\":{\"@type\":\"ListItem\",\"@id\":\"https:\\\/\\\/wia.net.pl\\\/index.php\\\/2023\\\/11\\\/17\\\/artemis-nasa-i-elon-musk-nowy-program-i-rakieta\\\/#listItem\",\"name\":\"Artemis NASA i Elon Musk &#8211; nowy program i rakieta\"},\"previousItem\":{\"@type\":\"ListItem\",\"@id\":\"https:\\\/\\\/wia.net.pl#listItem\",\"name\":\"Home\"}},{\"@type\":\"ListItem\",\"@id\":\"https:\\\/\\\/wia.net.pl\\\/index.php\\\/2023\\\/11\\\/17\\\/artemis-nasa-i-elon-musk-nowy-program-i-rakieta\\\/#listItem\",\"position\":3,\"name\":\"Artemis NASA i Elon Musk &#8211; nowy program i rakieta\",\"previousItem\":{\"@type\":\"ListItem\",\"@id\":\"https:\\\/\\\/wia.net.pl\\\/index.php\\\/category\\\/artykuly\\\/#listItem\",\"name\":\"Artyku\\u0142y\"}}]},{\"@type\":\"Person\",\"@id\":\"https:\\\/\\\/wia.net.pl\\\/#person\",\"name\":\"Bart\\u0142omiej Talarczyk\",\"image\":{\"@type\":\"ImageObject\",\"@id\":\"https:\\\/\\\/wia.net.pl\\\/index.php\\\/2023\\\/11\\\/17\\\/artemis-nasa-i-elon-musk-nowy-program-i-rakieta\\\/#personImage\",\"url\":\"https:\\\/\\\/wia.net.pl\\\/wp-content\\\/uploads\\\/avatar-privacy\\\/cache\\\/user\\\/1\\\/7\\\/176a6b161c58363ff49b5c167264231f519f5c7fa183ca1f61e891769b6b56d5-96.jpg\",\"width\":96,\"height\":96,\"caption\":\"Bart\\u0142omiej Talarczyk\"}},{\"@type\":\"Person\",\"@id\":\"https:\\\/\\\/wia.net.pl\\\/index.php\\\/author\\\/trinity\\\/#author\",\"url\":\"https:\\\/\\\/wia.net.pl\\\/index.php\\\/author\\\/trinity\\\/\",\"name\":\"trinity\",\"image\":{\"@type\":\"ImageObject\",\"@id\":\"https:\\\/\\\/wia.net.pl\\\/index.php\\\/2023\\\/11\\\/17\\\/artemis-nasa-i-elon-musk-nowy-program-i-rakieta\\\/#authorImage\",\"url\":\"https:\\\/\\\/wia.net.pl\\\/wp-content\\\/uploads\\\/avatar-privacy\\\/cache\\\/user\\\/5\\\/f\\\/5f6547cf82495eaa10e100a6a45d5dbde2dfdc1be88557de2018fca705bdf6f1-96.jpg\",\"width\":96,\"height\":96,\"caption\":\"trinity\"}},{\"@type\":\"WebPage\",\"@id\":\"https:\\\/\\\/wia.net.pl\\\/index.php\\\/2023\\\/11\\\/17\\\/artemis-nasa-i-elon-musk-nowy-program-i-rakieta\\\/#webpage\",\"url\":\"https:\\\/\\\/wia.net.pl\\\/index.php\\\/2023\\\/11\\\/17\\\/artemis-nasa-i-elon-musk-nowy-program-i-rakieta\\\/\",\"name\":\"Artemis NASA i Elon Musk \\u2013 nowy program i rakieta - Wolno\\u015b\\u0107 i Anarchia\",\"description\":\"Co kryje si\\u0119 w nowej mega rakiecie Elona Muska? Poznaj nowy program kosmiczny masonerii Artemis NASA autor : Brian ShilhavyHealth Impact News W pi\\u0105tek, 17 listopada 2023 r., najwi\\u0119ksza rakieta SpaceX, \\u201eStarship\\u201d, kt\\u00f3ra jest jednocze\\u015bnie najwi\\u0119ksz\\u0105 na \\u015bwiecie rakiet\\u0105 i systemem startowym, odb\\u0119dzie sw\\u00f3j drugi testowy start i lot. Nast\\u0119pny start statku kosmicznego SpaceX mo\\u017ce rozpocz\\u0105\\u0107 si\\u0119\",\"inLanguage\":\"pl-PL\",\"isPartOf\":{\"@id\":\"https:\\\/\\\/wia.net.pl\\\/#website\"},\"breadcrumb\":{\"@id\":\"https:\\\/\\\/wia.net.pl\\\/index.php\\\/2023\\\/11\\\/17\\\/artemis-nasa-i-elon-musk-nowy-program-i-rakieta\\\/#breadcrumblist\"},\"author\":{\"@id\":\"https:\\\/\\\/wia.net.pl\\\/index.php\\\/author\\\/trinity\\\/#author\"},\"creator\":{\"@id\":\"https:\\\/\\\/wia.net.pl\\\/index.php\\\/author\\\/trinity\\\/#author\"},\"image\":{\"@type\":\"ImageObject\",\"url\":\"https:\\\/\\\/wia.net.pl\\\/wp-content\\\/uploads\\\/2023\\\/11\\\/NASA-Freemason-Artemis-Space-Program.jpg\",\"@id\":\"https:\\\/\\\/wia.net.pl\\\/index.php\\\/2023\\\/11\\\/17\\\/artemis-nasa-i-elon-musk-nowy-program-i-rakieta\\\/#mainImage\",\"width\":1135,\"height\":803},\"primaryImageOfPage\":{\"@id\":\"https:\\\/\\\/wia.net.pl\\\/index.php\\\/2023\\\/11\\\/17\\\/artemis-nasa-i-elon-musk-nowy-program-i-rakieta\\\/#mainImage\"},\"datePublished\":\"2023-11-17T01:44:42+01:00\",\"dateModified\":\"2023-11-17T01:44:43+01:00\"},{\"@type\":\"WebSite\",\"@id\":\"https:\\\/\\\/wia.net.pl\\\/#website\",\"url\":\"https:\\\/\\\/wia.net.pl\\\/\",\"name\":\"Wolno\\u015b\\u0107 i Anarchia\",\"description\":\"Ka\\u017cdy wewn\\u0119trznie jest anarchist\\u0105.\",\"inLanguage\":\"pl-PL\",\"publisher\":{\"@id\":\"https:\\\/\\\/wia.net.pl\\\/#person\"}}]}\n\t\t<\/script>\n\t\t<!-- All in One SEO -->\n\n","aioseo_head_json":{"title":"Artemis NASA i Elon Musk \u2013 nowy program i rakieta - Wolno\u015b\u0107 i Anarchia","description":"Co kryje si\u0119 w nowej mega rakiecie Elona Muska? Poznaj nowy program kosmiczny masonerii Artemis NASA autor : Brian ShilhavyHealth Impact News W pi\u0105tek, 17 listopada 2023 r., najwi\u0119ksza rakieta SpaceX, \u201eStarship\u201d, kt\u00f3ra jest jednocze\u015bnie najwi\u0119ksz\u0105 na \u015bwiecie rakiet\u0105 i systemem startowym, odb\u0119dzie sw\u00f3j drugi testowy start i lot. Nast\u0119pny start statku kosmicznego SpaceX mo\u017ce rozpocz\u0105\u0107 si\u0119","canonical_url":"https:\/\/wia.net.pl\/index.php\/2023\/11\/17\/artemis-nasa-i-elon-musk-nowy-program-i-rakieta\/","robots":"max-image-preview:large","keywords":"","webmasterTools":{"miscellaneous":""},"schema":{"@context":"https:\/\/schema.org","@graph":[{"@type":"BlogPosting","@id":"https:\/\/wia.net.pl\/index.php\/2023\/11\/17\/artemis-nasa-i-elon-musk-nowy-program-i-rakieta\/#blogposting","name":"Artemis NASA i Elon Musk \u2013 nowy program i rakieta - Wolno\u015b\u0107 i Anarchia","headline":"Artemis NASA i Elon Musk &#8211; nowy program i rakieta","author":{"@id":"https:\/\/wia.net.pl\/index.php\/author\/trinity\/#author"},"publisher":{"@id":"https:\/\/wia.net.pl\/#person"},"image":{"@type":"ImageObject","url":"https:\/\/wia.net.pl\/wp-content\/uploads\/2023\/11\/NASA-Freemason-Artemis-Space-Program.jpg","width":1135,"height":803},"datePublished":"2023-11-17T01:44:42+01:00","dateModified":"2023-11-17T01:44:43+01:00","inLanguage":"pl-PL","mainEntityOfPage":{"@id":"https:\/\/wia.net.pl\/index.php\/2023\/11\/17\/artemis-nasa-i-elon-musk-nowy-program-i-rakieta\/#webpage"},"isPartOf":{"@id":"https:\/\/wia.net.pl\/index.php\/2023\/11\/17\/artemis-nasa-i-elon-musk-nowy-program-i-rakieta\/#webpage"},"articleSection":"Artyku\u0142y"},{"@type":"BreadcrumbList","@id":"https:\/\/wia.net.pl\/index.php\/2023\/11\/17\/artemis-nasa-i-elon-musk-nowy-program-i-rakieta\/#breadcrumblist","itemListElement":[{"@type":"ListItem","@id":"https:\/\/wia.net.pl#listItem","position":1,"name":"Home","item":"https:\/\/wia.net.pl","nextItem":{"@type":"ListItem","@id":"https:\/\/wia.net.pl\/index.php\/category\/artykuly\/#listItem","name":"Artyku\u0142y"}},{"@type":"ListItem","@id":"https:\/\/wia.net.pl\/index.php\/category\/artykuly\/#listItem","position":2,"name":"Artyku\u0142y","item":"https:\/\/wia.net.pl\/index.php\/category\/artykuly\/","nextItem":{"@type":"ListItem","@id":"https:\/\/wia.net.pl\/index.php\/2023\/11\/17\/artemis-nasa-i-elon-musk-nowy-program-i-rakieta\/#listItem","name":"Artemis NASA i Elon Musk &#8211; nowy program i rakieta"},"previousItem":{"@type":"ListItem","@id":"https:\/\/wia.net.pl#listItem","name":"Home"}},{"@type":"ListItem","@id":"https:\/\/wia.net.pl\/index.php\/2023\/11\/17\/artemis-nasa-i-elon-musk-nowy-program-i-rakieta\/#listItem","position":3,"name":"Artemis NASA i Elon Musk &#8211; nowy program i rakieta","previousItem":{"@type":"ListItem","@id":"https:\/\/wia.net.pl\/index.php\/category\/artykuly\/#listItem","name":"Artyku\u0142y"}}]},{"@type":"Person","@id":"https:\/\/wia.net.pl\/#person","name":"Bart\u0142omiej Talarczyk","image":{"@type":"ImageObject","@id":"https:\/\/wia.net.pl\/index.php\/2023\/11\/17\/artemis-nasa-i-elon-musk-nowy-program-i-rakieta\/#personImage","url":"https:\/\/wia.net.pl\/wp-content\/uploads\/avatar-privacy\/cache\/user\/1\/7\/176a6b161c58363ff49b5c167264231f519f5c7fa183ca1f61e891769b6b56d5-96.jpg","width":96,"height":96,"caption":"Bart\u0142omiej Talarczyk"}},{"@type":"Person","@id":"https:\/\/wia.net.pl\/index.php\/author\/trinity\/#author","url":"https:\/\/wia.net.pl\/index.php\/author\/trinity\/","name":"trinity","image":{"@type":"ImageObject","@id":"https:\/\/wia.net.pl\/index.php\/2023\/11\/17\/artemis-nasa-i-elon-musk-nowy-program-i-rakieta\/#authorImage","url":"https:\/\/wia.net.pl\/wp-content\/uploads\/avatar-privacy\/cache\/user\/5\/f\/5f6547cf82495eaa10e100a6a45d5dbde2dfdc1be88557de2018fca705bdf6f1-96.jpg","width":96,"height":96,"caption":"trinity"}},{"@type":"WebPage","@id":"https:\/\/wia.net.pl\/index.php\/2023\/11\/17\/artemis-nasa-i-elon-musk-nowy-program-i-rakieta\/#webpage","url":"https:\/\/wia.net.pl\/index.php\/2023\/11\/17\/artemis-nasa-i-elon-musk-nowy-program-i-rakieta\/","name":"Artemis NASA i Elon Musk \u2013 nowy program i rakieta - Wolno\u015b\u0107 i Anarchia","description":"Co kryje si\u0119 w nowej mega rakiecie Elona Muska? Poznaj nowy program kosmiczny masonerii Artemis NASA autor : Brian ShilhavyHealth Impact News W pi\u0105tek, 17 listopada 2023 r., najwi\u0119ksza rakieta SpaceX, \u201eStarship\u201d, kt\u00f3ra jest jednocze\u015bnie najwi\u0119ksz\u0105 na \u015bwiecie rakiet\u0105 i systemem startowym, odb\u0119dzie sw\u00f3j drugi testowy start i lot. Nast\u0119pny start statku kosmicznego SpaceX mo\u017ce rozpocz\u0105\u0107 si\u0119","inLanguage":"pl-PL","isPartOf":{"@id":"https:\/\/wia.net.pl\/#website"},"breadcrumb":{"@id":"https:\/\/wia.net.pl\/index.php\/2023\/11\/17\/artemis-nasa-i-elon-musk-nowy-program-i-rakieta\/#breadcrumblist"},"author":{"@id":"https:\/\/wia.net.pl\/index.php\/author\/trinity\/#author"},"creator":{"@id":"https:\/\/wia.net.pl\/index.php\/author\/trinity\/#author"},"image":{"@type":"ImageObject","url":"https:\/\/wia.net.pl\/wp-content\/uploads\/2023\/11\/NASA-Freemason-Artemis-Space-Program.jpg","@id":"https:\/\/wia.net.pl\/index.php\/2023\/11\/17\/artemis-nasa-i-elon-musk-nowy-program-i-rakieta\/#mainImage","width":1135,"height":803},"primaryImageOfPage":{"@id":"https:\/\/wia.net.pl\/index.php\/2023\/11\/17\/artemis-nasa-i-elon-musk-nowy-program-i-rakieta\/#mainImage"},"datePublished":"2023-11-17T01:44:42+01:00","dateModified":"2023-11-17T01:44:43+01:00"},{"@type":"WebSite","@id":"https:\/\/wia.net.pl\/#website","url":"https:\/\/wia.net.pl\/","name":"Wolno\u015b\u0107 i Anarchia","description":"Ka\u017cdy wewn\u0119trznie jest anarchist\u0105.","inLanguage":"pl-PL","publisher":{"@id":"https:\/\/wia.net.pl\/#person"}}]},"og:locale":"pl_PL","og:site_name":"Wolno\u015b\u0107 i Anarchia - Ka\u017cdy wewn\u0119trznie jest anarchist\u0105.","og:type":"article","og:title":"Artemis NASA i Elon Musk \u2013 nowy program i rakieta - Wolno\u015b\u0107 i Anarchia","og:description":"Co kryje si\u0119 w nowej mega rakiecie Elona Muska? Poznaj nowy program kosmiczny masonerii Artemis NASA autor : Brian ShilhavyHealth Impact News W pi\u0105tek, 17 listopada 2023 r., najwi\u0119ksza rakieta SpaceX, \u201eStarship\u201d, kt\u00f3ra jest jednocze\u015bnie najwi\u0119ksz\u0105 na \u015bwiecie rakiet\u0105 i systemem startowym, odb\u0119dzie sw\u00f3j drugi testowy start i lot. Nast\u0119pny start statku kosmicznego SpaceX mo\u017ce rozpocz\u0105\u0107 si\u0119","og:url":"https:\/\/wia.net.pl\/index.php\/2023\/11\/17\/artemis-nasa-i-elon-musk-nowy-program-i-rakieta\/","og:image":"https:\/\/wia.net.pl\/wp-content\/uploads\/2023\/11\/cropped-freedom-i73367.jpg","og:image:secure_url":"https:\/\/wia.net.pl\/wp-content\/uploads\/2023\/11\/cropped-freedom-i73367.jpg","article:published_time":"2023-11-17T00:44:42+00:00","article:modified_time":"2023-11-17T00:44:43+00:00","twitter:card":"summary_large_image","twitter:title":"Artemis NASA i Elon Musk \u2013 nowy program i rakieta - Wolno\u015b\u0107 i Anarchia","twitter:description":"Co kryje si\u0119 w nowej mega rakiecie Elona Muska? Poznaj nowy program kosmiczny masonerii Artemis NASA autor : Brian ShilhavyHealth Impact News W pi\u0105tek, 17 listopada 2023 r., najwi\u0119ksza rakieta SpaceX, \u201eStarship\u201d, kt\u00f3ra jest jednocze\u015bnie najwi\u0119ksz\u0105 na \u015bwiecie rakiet\u0105 i systemem startowym, odb\u0119dzie sw\u00f3j drugi testowy start i lot. Nast\u0119pny start statku kosmicznego SpaceX mo\u017ce rozpocz\u0105\u0107 si\u0119","twitter:image":"https:\/\/wia.net.pl\/wp-content\/uploads\/2023\/11\/cropped-freedom-i73367.jpg"},"aioseo_meta_data":{"post_id":"5377","title":null,"description":null,"keywords":[],"keyphrases":{"focus":{"keyphrase":"","score":0,"analysis":{"keyphraseInTitle":{"score":0,"maxScore":9,"error":1}}},"additional":[]},"primary_term":null,"canonical_url":null,"og_title":null,"og_description":null,"og_object_type":"default","og_image_type":"default","og_image_url":null,"og_image_width":null,"og_image_height":null,"og_image_custom_url":null,"og_image_custom_fields":null,"og_video":"","og_custom_url":null,"og_article_section":null,"og_article_tags":[],"twitter_use_og":false,"twitter_card":"default","twitter_image_type":"default","twitter_image_url":null,"twitter_image_custom_url":null,"twitter_image_custom_fields":null,"twitter_title":null,"twitter_description":null,"schema":{"blockGraphs":[],"customGraphs":[],"default":{"data":{"Article":[],"Course":[],"Dataset":[],"FAQPage":[],"Movie":[],"Person":[],"Product":[],"ProductReview":[],"Car":[],"Recipe":[],"Service":[],"SoftwareApplication":[],"WebPage":[]},"graphName":"BlogPosting","isEnabled":true},"graphs":[]},"schema_type":"default","schema_type_options":null,"pillar_content":false,"robots_default":true,"robots_noindex":false,"robots_noarchive":false,"robots_nosnippet":false,"robots_nofollow":false,"robots_noimageindex":false,"robots_noodp":false,"robots_notranslate":false,"robots_max_snippet":"-1","robots_max_videopreview":"-1","robots_max_imagepreview":"large","priority":null,"frequency":"default","local_seo":null,"breadcrumb_settings":null,"limit_modified_date":false,"ai":null,"created":"2023-11-17 00:44:43","updated":"2025-06-04 09:42:15","seo_analyzer_scan_date":null,"focus_keyword":null,"additional_keywords":null,"truseo_locale":null},"aioseo_breadcrumb":"<div class=\"aioseo-breadcrumbs\"><span class=\"aioseo-breadcrumb\">\n\t\t\t<a href=\"https:\/\/wia.net.pl\" title=\"Home\">Home<\/a>\n\t\t<\/span><span class=\"aioseo-breadcrumb-separator\">&raquo;<\/span><span class=\"aioseo-breadcrumb\">\n\t\t\t<a href=\"https:\/\/wia.net.pl\/index.php\/category\/artykuly\/\" title=\"Artyku\u0142y\">Artyku\u0142y<\/a>\n\t\t<\/span><span class=\"aioseo-breadcrumb-separator\">&raquo;<\/span><span class=\"aioseo-breadcrumb\">\n\t\t\tArtemis NASA i Elon Musk \u2013 nowy program i rakieta\n\t\t<\/span><\/div>","aioseo_breadcrumb_json":[{"label":"Home","link":"https:\/\/wia.net.pl"},{"label":"Artyku\u0142y","link":"https:\/\/wia.net.pl\/index.php\/category\/artykuly\/"},{"label":"Artemis NASA i Elon Musk &#8211; nowy program i rakieta","link":"https:\/\/wia.net.pl\/index.php\/2023\/11\/17\/artemis-nasa-i-elon-musk-nowy-program-i-rakieta\/"}],"_links":{"self":[{"href":"https:\/\/wia.net.pl\/index.php\/wp-json\/wp\/v2\/posts\/5377"}],"collection":[{"href":"https:\/\/wia.net.pl\/index.php\/wp-json\/wp\/v2\/posts"}],"about":[{"href":"https:\/\/wia.net.pl\/index.php\/wp-json\/wp\/v2\/types\/post"}],"author":[{"embeddable":true,"href":"https:\/\/wia.net.pl\/index.php\/wp-json\/wp\/v2\/users\/2"}],"replies":[{"embeddable":true,"href":"https:\/\/wia.net.pl\/index.php\/wp-json\/wp\/v2\/comments?post=5377"}],"version-history":[{"count":1,"href":"https:\/\/wia.net.pl\/index.php\/wp-json\/wp\/v2\/posts\/5377\/revisions"}],"predecessor-version":[{"id":5385,"href":"https:\/\/wia.net.pl\/index.php\/wp-json\/wp\/v2\/posts\/5377\/revisions\/5385"}],"wp:featuredmedia":[{"embeddable":true,"href":"https:\/\/wia.net.pl\/index.php\/wp-json\/wp\/v2\/media\/5378"}],"wp:attachment":[{"href":"https:\/\/wia.net.pl\/index.php\/wp-json\/wp\/v2\/media?parent=5377"}],"wp:term":[{"taxonomy":"category","embeddable":true,"href":"https:\/\/wia.net.pl\/index.php\/wp-json\/wp\/v2\/categories?post=5377"},{"taxonomy":"post_tag","embeddable":true,"href":"https:\/\/wia.net.pl\/index.php\/wp-json\/wp\/v2\/tags?post=5377"}],"curies":[{"name":"wp","href":"https:\/\/api.w.org\/{rel}","templated":true}]}}