{"id":5406,"date":"2023-11-20T22:37:30","date_gmt":"2023-11-20T21:37:30","guid":{"rendered":"https:\/\/wia.net.pl\/?p=5406"},"modified":"2023-11-20T22:37:30","modified_gmt":"2023-11-20T21:37:30","slug":"george-soros-i-dzialania-w-celu-przejecie-polskich-mediow","status":"publish","type":"post","link":"https:\/\/wia.net.pl\/index.php\/2023\/11\/20\/george-soros-i-dzialania-w-celu-przejecie-polskich-mediow\/","title":{"rendered":"George Soros i dzia\u0142ania w celu przej\u0119cie polskich medi\u00f3w"},"content":{"rendered":"\n<p>George Soros podejmuje dzia\u0142ania maj\u0105ce na celu przej\u0119cie polskich medi\u00f3w<\/p>\n\n\n\n<p>AUTOR:\u00a0RHODA\u00a0<a href=\"https:\/\/expose-news.com\/author\/rhoda-wilson\/\">WILSON<\/a><\/p>\n\n\n\n<figure class=\"wp-block-image size-large\"><img loading=\"lazy\" decoding=\"async\" width=\"1024\" height=\"576\" src=\"https:\/\/wia.net.pl\/wp-content\/uploads\/2023\/11\/soros-1024x576.jpg\" alt=\"\" class=\"wp-image-5407\" srcset=\"https:\/\/wia.net.pl\/wp-content\/uploads\/2023\/11\/soros-1024x576.jpg 1024w, https:\/\/wia.net.pl\/wp-content\/uploads\/2023\/11\/soros-300x169.jpg 300w, https:\/\/wia.net.pl\/wp-content\/uploads\/2023\/11\/soros-768x432.jpg 768w, https:\/\/wia.net.pl\/wp-content\/uploads\/2023\/11\/soros-1536x864.jpg 1536w, https:\/\/wia.net.pl\/wp-content\/uploads\/2023\/11\/soros-480x270.jpg 480w, https:\/\/wia.net.pl\/wp-content\/uploads\/2023\/11\/soros.jpg 1920w\" sizes=\"(max-width: 1024px) 100vw, 1024px\" \/><\/figure>\n\n\n\n<p><strong>Polskie media g\u0142\u00f3wnego nurtu s\u0105 infiltrowane przez wspierane przez lewic\u0119 grupy inwestycyjne popieraj\u0105ce eurokrat\u0119 Donalda Tuska, twierdzi francuski portal informacyjny.<\/strong><\/p>\n\n\n\n<p><em><a href=\"https:\/\/www.ojim.fr\/\">Jak wynika z raportu francuskiego portalu Observatoire du Journalisme,<\/a><\/em>&nbsp;Fundusz Inwestycyjny Rozwoju Medi\u00f3w George\u2019a Sorosa oraz niemiecko-szwajcarska grupa medialna Ringier Axel Springer podzieli\u0142y polski rynek medialny&nbsp;.<\/p>\n\n\n\n<p>Z analizy&nbsp;&nbsp;<a href=\"https:\/\/www.ojim.fr\/soros-et-ringier-axel-springer-se-partagent-desormais-les-medias-polonais\/\">francuskiego dziennika<\/a>&nbsp;wynika, \u017ce \u200b\u200bod 8 listopada w radzie nadzorczej grupy Wirtualna Polska Holding, b\u0119d\u0105cej w\u0142a\u015bcicielem podmiot\u00f3w posiadaj\u0105cych udzia\u0142y w kilku polskich mediach, zasiada przedstawiciel wspieranego przez Sorosa MDIF.<\/p>\n\n\n\n<p>Jest to nast\u0119pstwem przej\u0119\u0107 innych znacz\u0105cych polskich medi\u00f3w, takich jak&nbsp;&nbsp;<a href=\"https:\/\/rmx.news\/article\/the-economist-polish-state-owned-company-could-purchase-polska-press-group-from-its-german-owner\/\">Agora<\/a>&nbsp;, wydawca najwa\u017cniejszej Gazety Wyborczej i Radia Zet oraz&nbsp;&nbsp;<a href=\"https:\/\/rmx.news\/poland\/billionaire-oligarch-george-soros-fund-claims-it-bought-polish-media-outlet-to-stop-oligarchs-from-controlling-media\/\">Gremi Media<\/a>&nbsp;, wydawca wp\u0142ywowego dziennika Rzeczpospolita.<\/p>\n\n\n\n<p>Inwestycja w Wirtualn\u0105 Polsk\u0105 (wp.pl) funduszu Sorosa to skromne 1,5 mln euro za zaledwie 0,2 proc. udzia\u0142\u00f3w w sp\u00f3\u0142ce, ale wed\u0142ug polscy w\u0142a\u015bciciele tego portalu.&nbsp;G\u0142\u00f3wnym rywalem Wp.pl na rynku jest Onet.pl, kt\u00f3rego w\u0142a\u015bcicielem jest Ringier Axel Springer, w\u0142a\u015bciciel tabloidu Fakt i tygodnika Newsweek Polska.<\/p>\n\n\n\n<p>Wszystkie wymienione powy\u017cej media s\u0105 zagorza\u0142ymi zwolennikami nowej wi\u0119kszo\u015bci parlamentarnej w Polsce, z\u0142o\u017conej z libera\u0142\u00f3w, centryst\u00f3w i lewicowc\u00f3w, na czele kt\u00f3rej stoi by\u0142y premier i przewodnicz\u0105cy Rady Europejskiej Donald Tusk.&nbsp;<\/p>\n\n\n\n<p><em>Observatoire du Journalisme<\/em>&nbsp;zauwa\u017ca, \u017ce \u200b\u200bpo przej\u0119ciu telewizji publicznej (TVP) i radia (Polskie Radio) przez sojusznik\u00f3w Donalda Tuska, polski rynek medialny, podobnie jak przed 2015 rokiem, ulegnie znacznemu przechyleniu na korzy\u015b\u0107 lewicy politycznej.<\/p>\n\n\n\n<p>Gazeta stwierdzi\u0142a, \u017ce \u200b\u200bcho\u0107 obywatele francuscy wkr\u00f3tce nie b\u0119d\u0105 ju\u017c s\u0142ysze\u0107 w krajowych mediach g\u0142\u00f3wnego nurtu o zagro\u017ceniach dla wolno\u015bci prasy i pluralizmu medi\u00f3w w Polsce, to oni maj\u0105 teraz najwi\u0119ksze powody do niepokoju, jako \u017ce najpot\u0119\u017cniejsze i najlepiej finansowane grupy medialne w Polsce s\u0105 ju\u017c po stronie innego rz\u0105du Donalda Tuska.<\/p>\n\n\n\n<p><strong><a href=\"https:\/\/rmx.news\/poland\/george-soros-and-ringier-axel-springer-are-carving-up-polands-media-market\/\">Opublikowano ponownie z Remiksu<\/a><\/strong><\/p>\n\n\n\n<p>Wyr\u00f3\u017cnione zdj\u0119cie: Przewodnik medialny po Polsce (po lewej).\u00a0\u0179r\u00f3d\u0142o:\u00a0<a href=\"https:\/\/www.bbc.co.uk\/news\/world-europe-17753721\">BBC<\/a>\u00a0.\u00a0George Soros (z prawej).\u00a0\u0179r\u00f3d\u0142o:\u00a0<a href=\"https:\/\/www.britannica.com\/biography\/George-Soros\">Britannica<\/a><\/p>\n\n\n\n<p>\u0179r\u00f3d\u0142o <a href=\"https:\/\/expose-news.com\/2023\/11\/20\/soros-makes-moves-to-take-over-polish-mass-media\/\">https:\/\/expose-news.com\/2023\/11\/20\/soros-makes-moves-to-take-over-polish-mass-media\/<\/a><\/p>\n","protected":false},"excerpt":{"rendered":"<p>George Soros podejmuje dzia\u0142ania maj\u0105ce na celu przej\u0119cie polskich medi\u00f3w AUTOR:\u00a0RHODA\u00a0WILSON Polskie media g\u0142\u00f3wnego nurtu s\u0105 infiltrowane przez wspierane przez lewic\u0119 grupy inwestycyjne popieraj\u0105ce eurokrat\u0119 Donalda Tuska, twierdzi francuski portal informacyjny. Jak wynika z raportu francuskiego portalu Observatoire du Journalisme,&nbsp;Fundusz&#8230; <\/p>\n","protected":false},"author":2,"featured_media":5407,"comment_status":"open","ping_status":"open","sticky":false,"template":"","format":"standard","meta":{"_acf_changed":false,"_bbp_topic_count":0,"_bbp_reply_count":0,"_bbp_total_topic_count":0,"_bbp_total_reply_count":0,"_bbp_voice_count":0,"_bbp_anonymous_reply_count":0,"_bbp_topic_count_hidden":0,"_bbp_reply_count_hidden":0,"_bbp_forum_subforum_count":0,"om_disable_all_campaigns":false,"_monsterinsights_skip_tracking":false,"footnotes":""},"categories":[93],"tags":[],"class_list":["post-5406","post","type-post","status-publish","format-standard","has-post-thumbnail","hentry","category-artykuly"],"acf":[],"aioseo_notices":[],"aioseo_head":"\n\t\t<!-- All in One SEO 5.0.1.1 - aioseo.com -->\n\t<meta name=\"description\" content=\"George Soros podejmuje dzia\u0142ania maj\u0105ce na celu przej\u0119cie polskich medi\u00f3w AUTOR: RHODA WILSON Polskie media g\u0142\u00f3wnego nurtu s\u0105 infiltrowane przez wspierane przez lewic\u0119 grupy inwestycyjne popieraj\u0105ce eurokrat\u0119 Donalda Tuska, twierdzi francuski portal informacyjny. Jak wynika z raportu francuskiego portalu Observatoire du Journalisme, Fundusz Inwestycyjny Rozwoju Medi\u00f3w George\u2019a Sorosa oraz niemiecko-szwajcarska grupa medialna Ringier Axel Springer podzieli\u0142y polski rynek\" \/>\n\t<meta name=\"robots\" content=\"max-image-preview:large\" \/>\n\t<meta name=\"author\" content=\"trinity\"\/>\n\t<link rel=\"canonical\" href=\"https:\/\/wia.net.pl\/index.php\/2023\/11\/20\/george-soros-i-dzialania-w-celu-przejecie-polskich-mediow\/\" \/>\n\t<meta name=\"generator\" content=\"All in One SEO (AIOSEO) 5.0.1.1\" \/>\n\t\t<meta property=\"og:locale\" content=\"pl_PL\" \/>\n\t\t<meta property=\"og:site_name\" content=\"Wolno\u015b\u0107 i Anarchia - Ka\u017cdy wewn\u0119trznie jest anarchist\u0105.\" \/>\n\t\t<meta property=\"og:type\" content=\"article\" \/>\n\t\t<meta property=\"og:title\" content=\"George Soros i dzia\u0142ania w celu przej\u0119cie polskich medi\u00f3w - Wolno\u015b\u0107 i Anarchia\" \/>\n\t\t<meta property=\"og:description\" content=\"George Soros podejmuje dzia\u0142ania maj\u0105ce na celu przej\u0119cie polskich medi\u00f3w AUTOR: RHODA WILSON Polskie media g\u0142\u00f3wnego nurtu s\u0105 infiltrowane przez wspierane przez lewic\u0119 grupy inwestycyjne popieraj\u0105ce eurokrat\u0119 Donalda Tuska, twierdzi francuski portal informacyjny. Jak wynika z raportu francuskiego portalu Observatoire du Journalisme, Fundusz Inwestycyjny Rozwoju Medi\u00f3w George\u2019a Sorosa oraz niemiecko-szwajcarska grupa medialna Ringier Axel Springer podzieli\u0142y polski rynek\" \/>\n\t\t<meta property=\"og:url\" content=\"https:\/\/wia.net.pl\/index.php\/2023\/11\/20\/george-soros-i-dzialania-w-celu-przejecie-polskich-mediow\/\" \/>\n\t\t<meta property=\"og:image\" content=\"https:\/\/wia.net.pl\/wp-content\/uploads\/2023\/11\/cropped-freedom-i73367.jpg\" \/>\n\t\t<meta property=\"og:image:secure_url\" content=\"https:\/\/wia.net.pl\/wp-content\/uploads\/2023\/11\/cropped-freedom-i73367.jpg\" \/>\n\t\t<meta property=\"article:published_time\" content=\"2023-11-20T21:37:30+00:00\" \/>\n\t\t<meta property=\"article:modified_time\" content=\"2023-11-20T21:37:30+00:00\" \/>\n\t\t<meta name=\"twitter:card\" content=\"summary_large_image\" \/>\n\t\t<meta name=\"twitter:title\" content=\"George Soros i dzia\u0142ania w celu przej\u0119cie polskich medi\u00f3w - Wolno\u015b\u0107 i Anarchia\" \/>\n\t\t<meta name=\"twitter:description\" content=\"George Soros podejmuje dzia\u0142ania maj\u0105ce na celu przej\u0119cie polskich medi\u00f3w AUTOR: RHODA WILSON Polskie media g\u0142\u00f3wnego nurtu s\u0105 infiltrowane przez wspierane przez lewic\u0119 grupy inwestycyjne popieraj\u0105ce eurokrat\u0119 Donalda Tuska, twierdzi francuski portal informacyjny. Jak wynika z raportu francuskiego portalu Observatoire du Journalisme, Fundusz Inwestycyjny Rozwoju Medi\u00f3w George\u2019a Sorosa oraz niemiecko-szwajcarska grupa medialna Ringier Axel Springer podzieli\u0142y polski rynek\" \/>\n\t\t<meta name=\"twitter:image\" content=\"https:\/\/wia.net.pl\/wp-content\/uploads\/2023\/11\/cropped-freedom-i73367.jpg\" \/>\n\t\t<script type=\"application\/ld+json\" class=\"aioseo-schema\">\n\t\t\t{\"@context\":\"https:\\\/\\\/schema.org\",\"@graph\":[{\"@type\":\"BlogPosting\",\"@id\":\"https:\\\/\\\/wia.net.pl\\\/index.php\\\/2023\\\/11\\\/20\\\/george-soros-i-dzialania-w-celu-przejecie-polskich-mediow\\\/#blogposting\",\"name\":\"George Soros i dzia\\u0142ania w celu przej\\u0119cie polskich medi\\u00f3w - Wolno\\u015b\\u0107 i Anarchia\",\"headline\":\"George Soros i dzia\\u0142ania w celu przej\\u0119cie polskich medi\\u00f3w\",\"author\":{\"@id\":\"https:\\\/\\\/wia.net.pl\\\/index.php\\\/author\\\/trinity\\\/#author\"},\"publisher\":{\"@id\":\"https:\\\/\\\/wia.net.pl\\\/#person\"},\"image\":{\"@type\":\"ImageObject\",\"url\":\"https:\\\/\\\/wia.net.pl\\\/wp-content\\\/uploads\\\/2023\\\/11\\\/soros.jpg\",\"width\":1920,\"height\":1080},\"datePublished\":\"2023-11-20T22:37:30+01:00\",\"dateModified\":\"2023-11-20T22:37:30+01:00\",\"inLanguage\":\"pl-PL\",\"mainEntityOfPage\":{\"@id\":\"https:\\\/\\\/wia.net.pl\\\/index.php\\\/2023\\\/11\\\/20\\\/george-soros-i-dzialania-w-celu-przejecie-polskich-mediow\\\/#webpage\"},\"isPartOf\":{\"@id\":\"https:\\\/\\\/wia.net.pl\\\/index.php\\\/2023\\\/11\\\/20\\\/george-soros-i-dzialania-w-celu-przejecie-polskich-mediow\\\/#webpage\"},\"articleSection\":\"Artyku\\u0142y\"},{\"@type\":\"BreadcrumbList\",\"@id\":\"https:\\\/\\\/wia.net.pl\\\/index.php\\\/2023\\\/11\\\/20\\\/george-soros-i-dzialania-w-celu-przejecie-polskich-mediow\\\/#breadcrumblist\",\"itemListElement\":[{\"@type\":\"ListItem\",\"@id\":\"https:\\\/\\\/wia.net.pl#listItem\",\"position\":1,\"name\":\"Home\",\"item\":\"https:\\\/\\\/wia.net.pl\",\"nextItem\":{\"@type\":\"ListItem\",\"@id\":\"https:\\\/\\\/wia.net.pl\\\/index.php\\\/category\\\/artykuly\\\/#listItem\",\"name\":\"Artyku\\u0142y\"}},{\"@type\":\"ListItem\",\"@id\":\"https:\\\/\\\/wia.net.pl\\\/index.php\\\/category\\\/artykuly\\\/#listItem\",\"position\":2,\"name\":\"Artyku\\u0142y\",\"item\":\"https:\\\/\\\/wia.net.pl\\\/index.php\\\/category\\\/artykuly\\\/\",\"nextItem\":{\"@type\":\"ListItem\",\"@id\":\"https:\\\/\\\/wia.net.pl\\\/index.php\\\/2023\\\/11\\\/20\\\/george-soros-i-dzialania-w-celu-przejecie-polskich-mediow\\\/#listItem\",\"name\":\"George Soros i dzia\\u0142ania w celu przej\\u0119cie polskich medi\\u00f3w\"},\"previousItem\":{\"@type\":\"ListItem\",\"@id\":\"https:\\\/\\\/wia.net.pl#listItem\",\"name\":\"Home\"}},{\"@type\":\"ListItem\",\"@id\":\"https:\\\/\\\/wia.net.pl\\\/index.php\\\/2023\\\/11\\\/20\\\/george-soros-i-dzialania-w-celu-przejecie-polskich-mediow\\\/#listItem\",\"position\":3,\"name\":\"George Soros i dzia\\u0142ania w celu przej\\u0119cie polskich medi\\u00f3w\",\"previousItem\":{\"@type\":\"ListItem\",\"@id\":\"https:\\\/\\\/wia.net.pl\\\/index.php\\\/category\\\/artykuly\\\/#listItem\",\"name\":\"Artyku\\u0142y\"}}]},{\"@type\":\"Person\",\"@id\":\"https:\\\/\\\/wia.net.pl\\\/#person\",\"name\":\"Bart\\u0142omiej Talarczyk\",\"image\":{\"@type\":\"ImageObject\",\"@id\":\"https:\\\/\\\/wia.net.pl\\\/index.php\\\/2023\\\/11\\\/20\\\/george-soros-i-dzialania-w-celu-przejecie-polskich-mediow\\\/#personImage\",\"url\":\"https:\\\/\\\/wia.net.pl\\\/wp-content\\\/uploads\\\/avatar-privacy\\\/cache\\\/user\\\/1\\\/7\\\/176a6b161c58363ff49b5c167264231f519f5c7fa183ca1f61e891769b6b56d5-96.jpg\",\"width\":96,\"height\":96,\"caption\":\"Bart\\u0142omiej Talarczyk\"}},{\"@type\":\"Person\",\"@id\":\"https:\\\/\\\/wia.net.pl\\\/index.php\\\/author\\\/trinity\\\/#author\",\"url\":\"https:\\\/\\\/wia.net.pl\\\/index.php\\\/author\\\/trinity\\\/\",\"name\":\"trinity\",\"image\":{\"@type\":\"ImageObject\",\"@id\":\"https:\\\/\\\/wia.net.pl\\\/index.php\\\/2023\\\/11\\\/20\\\/george-soros-i-dzialania-w-celu-przejecie-polskich-mediow\\\/#authorImage\",\"url\":\"https:\\\/\\\/wia.net.pl\\\/wp-content\\\/uploads\\\/avatar-privacy\\\/cache\\\/user\\\/5\\\/f\\\/5f6547cf82495eaa10e100a6a45d5dbde2dfdc1be88557de2018fca705bdf6f1-96.jpg\",\"width\":96,\"height\":96,\"caption\":\"trinity\"}},{\"@type\":\"WebPage\",\"@id\":\"https:\\\/\\\/wia.net.pl\\\/index.php\\\/2023\\\/11\\\/20\\\/george-soros-i-dzialania-w-celu-przejecie-polskich-mediow\\\/#webpage\",\"url\":\"https:\\\/\\\/wia.net.pl\\\/index.php\\\/2023\\\/11\\\/20\\\/george-soros-i-dzialania-w-celu-przejecie-polskich-mediow\\\/\",\"name\":\"George Soros i dzia\\u0142ania w celu przej\\u0119cie polskich medi\\u00f3w - Wolno\\u015b\\u0107 i Anarchia\",\"description\":\"George Soros podejmuje dzia\\u0142ania maj\\u0105ce na celu przej\\u0119cie polskich medi\\u00f3w AUTOR: RHODA WILSON Polskie media g\\u0142\\u00f3wnego nurtu s\\u0105 infiltrowane przez wspierane przez lewic\\u0119 grupy inwestycyjne popieraj\\u0105ce eurokrat\\u0119 Donalda Tuska, twierdzi francuski portal informacyjny. Jak wynika z raportu francuskiego portalu Observatoire du Journalisme, Fundusz Inwestycyjny Rozwoju Medi\\u00f3w George\\u2019a Sorosa oraz niemiecko-szwajcarska grupa medialna Ringier Axel Springer podzieli\\u0142y polski rynek\",\"inLanguage\":\"pl-PL\",\"isPartOf\":{\"@id\":\"https:\\\/\\\/wia.net.pl\\\/#website\"},\"breadcrumb\":{\"@id\":\"https:\\\/\\\/wia.net.pl\\\/index.php\\\/2023\\\/11\\\/20\\\/george-soros-i-dzialania-w-celu-przejecie-polskich-mediow\\\/#breadcrumblist\"},\"author\":{\"@id\":\"https:\\\/\\\/wia.net.pl\\\/index.php\\\/author\\\/trinity\\\/#author\"},\"creator\":{\"@id\":\"https:\\\/\\\/wia.net.pl\\\/index.php\\\/author\\\/trinity\\\/#author\"},\"image\":{\"@type\":\"ImageObject\",\"url\":\"https:\\\/\\\/wia.net.pl\\\/wp-content\\\/uploads\\\/2023\\\/11\\\/soros.jpg\",\"@id\":\"https:\\\/\\\/wia.net.pl\\\/index.php\\\/2023\\\/11\\\/20\\\/george-soros-i-dzialania-w-celu-przejecie-polskich-mediow\\\/#mainImage\",\"width\":1920,\"height\":1080},\"primaryImageOfPage\":{\"@id\":\"https:\\\/\\\/wia.net.pl\\\/index.php\\\/2023\\\/11\\\/20\\\/george-soros-i-dzialania-w-celu-przejecie-polskich-mediow\\\/#mainImage\"},\"datePublished\":\"2023-11-20T22:37:30+01:00\",\"dateModified\":\"2023-11-20T22:37:30+01:00\"},{\"@type\":\"WebSite\",\"@id\":\"https:\\\/\\\/wia.net.pl\\\/#website\",\"url\":\"https:\\\/\\\/wia.net.pl\\\/\",\"name\":\"Wolno\\u015b\\u0107 i Anarchia\",\"description\":\"Ka\\u017cdy wewn\\u0119trznie jest anarchist\\u0105.\",\"inLanguage\":\"pl-PL\",\"publisher\":{\"@id\":\"https:\\\/\\\/wia.net.pl\\\/#person\"}}]}\n\t\t<\/script>\n\t\t<!-- All in One SEO -->\n\n","aioseo_head_json":{"title":"George Soros i dzia\u0142ania w celu przej\u0119cie polskich medi\u00f3w - Wolno\u015b\u0107 i Anarchia","description":"George Soros podejmuje dzia\u0142ania maj\u0105ce na celu przej\u0119cie polskich medi\u00f3w AUTOR: RHODA WILSON Polskie media g\u0142\u00f3wnego nurtu s\u0105 infiltrowane przez wspierane przez lewic\u0119 grupy inwestycyjne popieraj\u0105ce eurokrat\u0119 Donalda Tuska, twierdzi francuski portal informacyjny. Jak wynika z raportu francuskiego portalu Observatoire du Journalisme, Fundusz Inwestycyjny Rozwoju Medi\u00f3w George\u2019a Sorosa oraz niemiecko-szwajcarska grupa medialna Ringier Axel Springer podzieli\u0142y polski rynek","canonical_url":"https:\/\/wia.net.pl\/index.php\/2023\/11\/20\/george-soros-i-dzialania-w-celu-przejecie-polskich-mediow\/","robots":"max-image-preview:large","keywords":"","webmasterTools":{"miscellaneous":""},"schema":{"@context":"https:\/\/schema.org","@graph":[{"@type":"BlogPosting","@id":"https:\/\/wia.net.pl\/index.php\/2023\/11\/20\/george-soros-i-dzialania-w-celu-przejecie-polskich-mediow\/#blogposting","name":"George Soros i dzia\u0142ania w celu przej\u0119cie polskich medi\u00f3w - Wolno\u015b\u0107 i Anarchia","headline":"George Soros i dzia\u0142ania w celu przej\u0119cie polskich medi\u00f3w","author":{"@id":"https:\/\/wia.net.pl\/index.php\/author\/trinity\/#author"},"publisher":{"@id":"https:\/\/wia.net.pl\/#person"},"image":{"@type":"ImageObject","url":"https:\/\/wia.net.pl\/wp-content\/uploads\/2023\/11\/soros.jpg","width":1920,"height":1080},"datePublished":"2023-11-20T22:37:30+01:00","dateModified":"2023-11-20T22:37:30+01:00","inLanguage":"pl-PL","mainEntityOfPage":{"@id":"https:\/\/wia.net.pl\/index.php\/2023\/11\/20\/george-soros-i-dzialania-w-celu-przejecie-polskich-mediow\/#webpage"},"isPartOf":{"@id":"https:\/\/wia.net.pl\/index.php\/2023\/11\/20\/george-soros-i-dzialania-w-celu-przejecie-polskich-mediow\/#webpage"},"articleSection":"Artyku\u0142y"},{"@type":"BreadcrumbList","@id":"https:\/\/wia.net.pl\/index.php\/2023\/11\/20\/george-soros-i-dzialania-w-celu-przejecie-polskich-mediow\/#breadcrumblist","itemListElement":[{"@type":"ListItem","@id":"https:\/\/wia.net.pl#listItem","position":1,"name":"Home","item":"https:\/\/wia.net.pl","nextItem":{"@type":"ListItem","@id":"https:\/\/wia.net.pl\/index.php\/category\/artykuly\/#listItem","name":"Artyku\u0142y"}},{"@type":"ListItem","@id":"https:\/\/wia.net.pl\/index.php\/category\/artykuly\/#listItem","position":2,"name":"Artyku\u0142y","item":"https:\/\/wia.net.pl\/index.php\/category\/artykuly\/","nextItem":{"@type":"ListItem","@id":"https:\/\/wia.net.pl\/index.php\/2023\/11\/20\/george-soros-i-dzialania-w-celu-przejecie-polskich-mediow\/#listItem","name":"George Soros i dzia\u0142ania w celu przej\u0119cie polskich medi\u00f3w"},"previousItem":{"@type":"ListItem","@id":"https:\/\/wia.net.pl#listItem","name":"Home"}},{"@type":"ListItem","@id":"https:\/\/wia.net.pl\/index.php\/2023\/11\/20\/george-soros-i-dzialania-w-celu-przejecie-polskich-mediow\/#listItem","position":3,"name":"George Soros i dzia\u0142ania w celu przej\u0119cie polskich medi\u00f3w","previousItem":{"@type":"ListItem","@id":"https:\/\/wia.net.pl\/index.php\/category\/artykuly\/#listItem","name":"Artyku\u0142y"}}]},{"@type":"Person","@id":"https:\/\/wia.net.pl\/#person","name":"Bart\u0142omiej Talarczyk","image":{"@type":"ImageObject","@id":"https:\/\/wia.net.pl\/index.php\/2023\/11\/20\/george-soros-i-dzialania-w-celu-przejecie-polskich-mediow\/#personImage","url":"https:\/\/wia.net.pl\/wp-content\/uploads\/avatar-privacy\/cache\/user\/1\/7\/176a6b161c58363ff49b5c167264231f519f5c7fa183ca1f61e891769b6b56d5-96.jpg","width":96,"height":96,"caption":"Bart\u0142omiej Talarczyk"}},{"@type":"Person","@id":"https:\/\/wia.net.pl\/index.php\/author\/trinity\/#author","url":"https:\/\/wia.net.pl\/index.php\/author\/trinity\/","name":"trinity","image":{"@type":"ImageObject","@id":"https:\/\/wia.net.pl\/index.php\/2023\/11\/20\/george-soros-i-dzialania-w-celu-przejecie-polskich-mediow\/#authorImage","url":"https:\/\/wia.net.pl\/wp-content\/uploads\/avatar-privacy\/cache\/user\/5\/f\/5f6547cf82495eaa10e100a6a45d5dbde2dfdc1be88557de2018fca705bdf6f1-96.jpg","width":96,"height":96,"caption":"trinity"}},{"@type":"WebPage","@id":"https:\/\/wia.net.pl\/index.php\/2023\/11\/20\/george-soros-i-dzialania-w-celu-przejecie-polskich-mediow\/#webpage","url":"https:\/\/wia.net.pl\/index.php\/2023\/11\/20\/george-soros-i-dzialania-w-celu-przejecie-polskich-mediow\/","name":"George Soros i dzia\u0142ania w celu przej\u0119cie polskich medi\u00f3w - Wolno\u015b\u0107 i Anarchia","description":"George Soros podejmuje dzia\u0142ania maj\u0105ce na celu przej\u0119cie polskich medi\u00f3w AUTOR: RHODA WILSON Polskie media g\u0142\u00f3wnego nurtu s\u0105 infiltrowane przez wspierane przez lewic\u0119 grupy inwestycyjne popieraj\u0105ce eurokrat\u0119 Donalda Tuska, twierdzi francuski portal informacyjny. Jak wynika z raportu francuskiego portalu Observatoire du Journalisme, Fundusz Inwestycyjny Rozwoju Medi\u00f3w George\u2019a Sorosa oraz niemiecko-szwajcarska grupa medialna Ringier Axel Springer podzieli\u0142y polski rynek","inLanguage":"pl-PL","isPartOf":{"@id":"https:\/\/wia.net.pl\/#website"},"breadcrumb":{"@id":"https:\/\/wia.net.pl\/index.php\/2023\/11\/20\/george-soros-i-dzialania-w-celu-przejecie-polskich-mediow\/#breadcrumblist"},"author":{"@id":"https:\/\/wia.net.pl\/index.php\/author\/trinity\/#author"},"creator":{"@id":"https:\/\/wia.net.pl\/index.php\/author\/trinity\/#author"},"image":{"@type":"ImageObject","url":"https:\/\/wia.net.pl\/wp-content\/uploads\/2023\/11\/soros.jpg","@id":"https:\/\/wia.net.pl\/index.php\/2023\/11\/20\/george-soros-i-dzialania-w-celu-przejecie-polskich-mediow\/#mainImage","width":1920,"height":1080},"primaryImageOfPage":{"@id":"https:\/\/wia.net.pl\/index.php\/2023\/11\/20\/george-soros-i-dzialania-w-celu-przejecie-polskich-mediow\/#mainImage"},"datePublished":"2023-11-20T22:37:30+01:00","dateModified":"2023-11-20T22:37:30+01:00"},{"@type":"WebSite","@id":"https:\/\/wia.net.pl\/#website","url":"https:\/\/wia.net.pl\/","name":"Wolno\u015b\u0107 i Anarchia","description":"Ka\u017cdy wewn\u0119trznie jest anarchist\u0105.","inLanguage":"pl-PL","publisher":{"@id":"https:\/\/wia.net.pl\/#person"}}]},"og:locale":"pl_PL","og:site_name":"Wolno\u015b\u0107 i Anarchia - Ka\u017cdy wewn\u0119trznie jest anarchist\u0105.","og:type":"article","og:title":"George Soros i dzia\u0142ania w celu przej\u0119cie polskich medi\u00f3w - Wolno\u015b\u0107 i Anarchia","og:description":"George Soros podejmuje dzia\u0142ania maj\u0105ce na celu przej\u0119cie polskich medi\u00f3w AUTOR: RHODA WILSON Polskie media g\u0142\u00f3wnego nurtu s\u0105 infiltrowane przez wspierane przez lewic\u0119 grupy inwestycyjne popieraj\u0105ce eurokrat\u0119 Donalda Tuska, twierdzi francuski portal informacyjny. Jak wynika z raportu francuskiego portalu Observatoire du Journalisme, Fundusz Inwestycyjny Rozwoju Medi\u00f3w George\u2019a Sorosa oraz niemiecko-szwajcarska grupa medialna Ringier Axel Springer podzieli\u0142y polski rynek","og:url":"https:\/\/wia.net.pl\/index.php\/2023\/11\/20\/george-soros-i-dzialania-w-celu-przejecie-polskich-mediow\/","og:image":"https:\/\/wia.net.pl\/wp-content\/uploads\/2023\/11\/cropped-freedom-i73367.jpg","og:image:secure_url":"https:\/\/wia.net.pl\/wp-content\/uploads\/2023\/11\/cropped-freedom-i73367.jpg","article:published_time":"2023-11-20T21:37:30+00:00","article:modified_time":"2023-11-20T21:37:30+00:00","twitter:card":"summary_large_image","twitter:title":"George Soros i dzia\u0142ania w celu przej\u0119cie polskich medi\u00f3w - Wolno\u015b\u0107 i Anarchia","twitter:description":"George Soros podejmuje dzia\u0142ania maj\u0105ce na celu przej\u0119cie polskich medi\u00f3w AUTOR: RHODA WILSON Polskie media g\u0142\u00f3wnego nurtu s\u0105 infiltrowane przez wspierane przez lewic\u0119 grupy inwestycyjne popieraj\u0105ce eurokrat\u0119 Donalda Tuska, twierdzi francuski portal informacyjny. Jak wynika z raportu francuskiego portalu Observatoire du Journalisme, Fundusz Inwestycyjny Rozwoju Medi\u00f3w George\u2019a Sorosa oraz niemiecko-szwajcarska grupa medialna Ringier Axel Springer podzieli\u0142y polski rynek","twitter:image":"https:\/\/wia.net.pl\/wp-content\/uploads\/2023\/11\/cropped-freedom-i73367.jpg"},"aioseo_meta_data":{"post_id":"5406","title":null,"description":null,"keywords":[],"keyphrases":{"focus":{"keyphrase":"","score":0,"analysis":{"keyphraseInTitle":{"score":0,"maxScore":9,"error":1}}},"additional":[]},"primary_term":null,"canonical_url":null,"og_title":null,"og_description":null,"og_object_type":"default","og_image_type":"default","og_image_url":null,"og_image_width":null,"og_image_height":null,"og_image_custom_url":null,"og_image_custom_fields":null,"og_video":"","og_custom_url":null,"og_article_section":null,"og_article_tags":[],"twitter_use_og":false,"twitter_card":"default","twitter_image_type":"default","twitter_image_url":null,"twitter_image_custom_url":null,"twitter_image_custom_fields":null,"twitter_title":null,"twitter_description":null,"schema":{"blockGraphs":[],"customGraphs":[],"default":{"data":{"Article":[],"Course":[],"Dataset":[],"FAQPage":[],"Movie":[],"Person":[],"Product":[],"ProductReview":[],"Car":[],"Recipe":[],"Service":[],"SoftwareApplication":[],"WebPage":[]},"graphName":"BlogPosting","isEnabled":true},"graphs":[]},"schema_type":"default","schema_type_options":null,"pillar_content":false,"robots_default":true,"robots_noindex":false,"robots_noarchive":false,"robots_nosnippet":false,"robots_nofollow":false,"robots_noimageindex":false,"robots_noodp":false,"robots_notranslate":false,"robots_max_snippet":"-1","robots_max_videopreview":"-1","robots_max_imagepreview":"large","priority":null,"frequency":"default","local_seo":null,"breadcrumb_settings":null,"limit_modified_date":false,"ai":null,"created":"2023-11-20 21:37:30","updated":"2025-06-04 09:43:27","seo_analyzer_scan_date":null,"focus_keyword":null,"additional_keywords":null,"truseo_locale":null},"aioseo_breadcrumb":"<div class=\"aioseo-breadcrumbs\"><span class=\"aioseo-breadcrumb\">\n\t\t\t<a href=\"https:\/\/wia.net.pl\" title=\"Home\">Home<\/a>\n\t\t<\/span><span class=\"aioseo-breadcrumb-separator\">&raquo;<\/span><span class=\"aioseo-breadcrumb\">\n\t\t\t<a href=\"https:\/\/wia.net.pl\/index.php\/category\/artykuly\/\" title=\"Artyku\u0142y\">Artyku\u0142y<\/a>\n\t\t<\/span><span class=\"aioseo-breadcrumb-separator\">&raquo;<\/span><span class=\"aioseo-breadcrumb\">\n\t\t\tGeorge Soros i dzia\u0142ania w celu przej\u0119cie polskich medi\u00f3w\n\t\t<\/span><\/div>","aioseo_breadcrumb_json":[{"label":"Home","link":"https:\/\/wia.net.pl"},{"label":"Artyku\u0142y","link":"https:\/\/wia.net.pl\/index.php\/category\/artykuly\/"},{"label":"George Soros i dzia\u0142ania w celu przej\u0119cie polskich medi\u00f3w","link":"https:\/\/wia.net.pl\/index.php\/2023\/11\/20\/george-soros-i-dzialania-w-celu-przejecie-polskich-mediow\/"}],"_links":{"self":[{"href":"https:\/\/wia.net.pl\/index.php\/wp-json\/wp\/v2\/posts\/5406"}],"collection":[{"href":"https:\/\/wia.net.pl\/index.php\/wp-json\/wp\/v2\/posts"}],"about":[{"href":"https:\/\/wia.net.pl\/index.php\/wp-json\/wp\/v2\/types\/post"}],"author":[{"embeddable":true,"href":"https:\/\/wia.net.pl\/index.php\/wp-json\/wp\/v2\/users\/2"}],"replies":[{"embeddable":true,"href":"https:\/\/wia.net.pl\/index.php\/wp-json\/wp\/v2\/comments?post=5406"}],"version-history":[{"count":1,"href":"https:\/\/wia.net.pl\/index.php\/wp-json\/wp\/v2\/posts\/5406\/revisions"}],"predecessor-version":[{"id":5408,"href":"https:\/\/wia.net.pl\/index.php\/wp-json\/wp\/v2\/posts\/5406\/revisions\/5408"}],"wp:featuredmedia":[{"embeddable":true,"href":"https:\/\/wia.net.pl\/index.php\/wp-json\/wp\/v2\/media\/5407"}],"wp:attachment":[{"href":"https:\/\/wia.net.pl\/index.php\/wp-json\/wp\/v2\/media?parent=5406"}],"wp:term":[{"taxonomy":"category","embeddable":true,"href":"https:\/\/wia.net.pl\/index.php\/wp-json\/wp\/v2\/categories?post=5406"},{"taxonomy":"post_tag","embeddable":true,"href":"https:\/\/wia.net.pl\/index.php\/wp-json\/wp\/v2\/tags?post=5406"}],"curies":[{"name":"wp","href":"https:\/\/api.w.org\/{rel}","templated":true}]}}