{"id":5452,"date":"2023-11-23T08:04:34","date_gmt":"2023-11-23T07:04:34","guid":{"rendered":"https:\/\/wia.net.pl\/?p=5452"},"modified":"2023-11-23T08:11:41","modified_gmt":"2023-11-23T07:11:41","slug":"szczepionki-przeciwdzialajace-zmianom-klimatycznym","status":"publish","type":"post","link":"https:\/\/wia.net.pl\/index.php\/2023\/11\/23\/szczepionki-przeciwdzialajace-zmianom-klimatycznym\/","title":{"rendered":"Szczepionki przeciwdzia\u0142aj\u0105ce zmianom klimatycznym"},"content":{"rendered":"\n<p>autorstwa Yudiego Shermana<\/p>\n\n\n\n<figure class=\"wp-block-image size-large\"><img loading=\"lazy\" decoding=\"async\" width=\"1024\" height=\"576\" src=\"https:\/\/wia.net.pl\/wp-content\/uploads\/2023\/11\/vax-1024x576.jpg\" alt=\"\" class=\"wp-image-5455\" srcset=\"https:\/\/wia.net.pl\/wp-content\/uploads\/2023\/11\/vax-1024x576.jpg 1024w, https:\/\/wia.net.pl\/wp-content\/uploads\/2023\/11\/vax-300x169.jpg 300w, https:\/\/wia.net.pl\/wp-content\/uploads\/2023\/11\/vax-768x432.jpg 768w, https:\/\/wia.net.pl\/wp-content\/uploads\/2023\/11\/vax-1536x864.jpg 1536w, https:\/\/wia.net.pl\/wp-content\/uploads\/2023\/11\/vax-480x270.jpg 480w, https:\/\/wia.net.pl\/wp-content\/uploads\/2023\/11\/vax.jpg 1920w\" sizes=\"(max-width: 1024px) 100vw, 1024px\" \/><\/figure>\n\n\n\n<p>\u015awiatowe Forum Ekonomiczne wzywa do produkcji szczepionek chroni\u0105cych przed \u201ezmianami klimatycznymi\u201d.<\/p>\n\n\n\n<p>W zesz\u0142ym tygodniu w artykule szef Centrum Zdrowia i Opieki Zdrowotnej \u015awiatowego Forum Ekonomicznego (WEF) Shyam Bishem zauwa\u017cy\u0142, \u017ce po raz pierwszy od 28 lat Organizacja Narod\u00f3w Zjednoczonych po\u015bwi\u0119ci jeden dzie\u0144 podczas corocznego szczytu klimatycznego (COP28) w grudniu br. \u201ezmian klimatycznych\u201d na zdrowie.<\/p>\n\n\n\n<p>Wed\u0142ug programu ONZ \u201eJedno zdrowie\u201d \u201ezmiany klimatyczne\u201d s\u0105 czynnikiem nap\u0119dowym zdrowia ludzkiego.&nbsp;Na przyk\u0142ad cieplejszy klimat mo\u017ce sprzyja\u0107 inwazji kleszczy, kt\u00f3re mog\u0105 nie\u015b\u0107 ze sob\u0105 \u015bmiertelne choroby, a zmieniaj\u0105ce si\u0119 warunki pogodowe mog\u0105 powodowa\u0107 rozprzestrzenianie si\u0119 ptasiej grypy.<\/p>\n\n\n\n<p>Dlatego te\u017c w programie \u201eJedno zdrowie\u201d stwierdza si\u0119, \u017ce poniewa\u017c choroby pandemiczne maj\u0105 charakter odzwierz\u0119cy \u2013 przenosz\u0105 si\u0119 ze zwierz\u0105t na ludzi \u2013 zdrowie ludzkie nale\u017cy postrzega\u0107 w kontek\u015bcie zwierz\u0105t i \u015brodowiska, czyli tak zwanego \u201einterakcji cz\u0142owiek-zwierz\u0119-\u015brodowisko\u201d.<\/p>\n\n\n\n<p>\u201eWed\u0142ug WHO choroby przenoszone przez wektory \u2013 przenoszone przez organizmy takie jak komary i kleszcze \u2013 stanowi\u0105 ponad 17% wszystkich chor\u00f3b zaka\u017anych i zabijaj\u0105 ponad 700 000 os\u00f3b rocznie\u201d \u2013 napisa\u0142 Bishem w artykule z zesz\u0142ego tygodnia, kt\u00f3rego tak\u017ce wsp\u00f3\u0142autorem jest przez partner\u00f3w z firmy konsultingowej Oliver Wyman.&nbsp;\u201eEkstremalne warunki klimatyczne i pogodowe, takie jak susze, fale upa\u0142\u00f3w, powodzie i opady deszczu, wyd\u0142u\u017caj\u0105 okresy l\u0119gowe i terytorium komar\u00f3w, kleszczy i innych wektor\u00f3w.<\/p>\n\n\n\n<p>\u201eOznacza to, \u017ce zmiana klimatu mo\u017ce pom\u00f3c w rozprzestrzenianiu si\u0119 wirus\u00f3w takich jak malaria, denga i Zika na wy\u017csze szeroko\u015bci geograficzne i nara\u017ca\u0107 na nie wi\u0119cej ludzi.&nbsp;Badanie przeprowadzone w 2019 r. wykaza\u0142o, \u017ce do 2050 r. dwa g\u0142\u00f3wne komary przenosz\u0105ce choroby znacznie rozszerz\u0105 sw\u00f3j zasi\u0119g, stanowi\u0105c zagro\u017cenie dla 49% \u015bwiatowej populacji\u201d \u2013 czytamy dalej w artykule.<\/p>\n\n\n\n<p>WEF ostrzega ponadto, \u017ce globalne ocieplenie powoduje po\u017cary, kt\u00f3re powoduj\u0105 zanieczyszczenie powietrza, kt\u00f3re mo\u017ce powodowa\u0107 choroby uk\u0142adu oddechowego i uk\u0142adu kr\u0105\u017cenia, a wszelkie katastrofy klimatyczne spowoduj\u0105 pogorszenie zdrowia psychicznego.<\/p>\n\n\n\n<p>Wraz z ONZ WEF ustanowi\u0142o w\u0142asn\u0105 Inicjatyw\u0119 na rzecz Klimatu i Zdrowia, kt\u00f3ra \u201ezajmuje si\u0119 powi\u0105zaniem mi\u0119dzy klimatem a zdrowiem\u201d poprzez \u201ekszta\u0142towanie rozwi\u0105za\u0144 o du\u017cym wp\u0142ywie\u201d, w tym szczepionek.<\/p>\n\n\n\n<p>\u201eMo\u017cemy dzia\u0142a\u0107 ju\u017c teraz, aby wzmocni\u0107 infrastruktur\u0119 i promowa\u0107 szczepionki, kt\u00f3re nale\u017cy opracowa\u0107, lub leki wymagaj\u0105ce wi\u0119kszej wydajno\u015bci produkcyjnej\u201d \u2013 podsumowa\u0142 WEF.<\/p>\n\n\n\n<p>Na pocz\u0105tku tego miesi\u0105ca badanie ostrzega\u0142o, \u017ce \u201ezmiany klimatyczne\u201d i wylesianie spowoduj\u0105 wyk\u0142adniczy wzrost liczby zgon\u00f3w spowodowanych niekt\u00f3rymi wirusami.&nbsp;Naukowcy pracuj\u0105cy dla Ginkgo Bioworks \u2013 du\u017cej firmy biotechnologicznej wspieranej przez miliardera-globalist\u0119 Billa Gatesa \u2013 r\u00f3wnie\u017c zasugerowali zastrzyki mRNA jako \u015brodek \u0142agodz\u0105cy wp\u0142yw globalnego ocieplenia.<\/p>\n\n\n\n<p>Tw\u00f3rcy szczepionek r\u00f3wnie\u017c wzywaj\u0105 do szczepie\u0144 jako \u201ekrytycznej odpowiedzi na kryzys klimatyczny\u201d.&nbsp;Gigant farmaceutyczny AstraZeneca w czerwcu uzna\u0142 \u201ezmiany klimatyczne\u201d za kryzys zdrowia publicznego, wywo\u0142uj\u0105c obawy, \u017ce przemys\u0142 farmaceutyczny mo\u017ce odgrywa\u0107 rol\u0119 w wypracowywaniu mandat\u00f3w klimatycznych.&nbsp;Jego uwagi pojawi\u0142y si\u0119 dwa miesi\u0105ce po tym, jak wiceprezes wykonawczy ds. szczepionek firmy Sanofi, Thomas Triomphe, napisa\u0142 artyku\u0142 zatytu\u0142owany \u201eInnowacje w zakresie szczepionek to kluczowa odpowied\u017a na kryzys klimatyczny\u201d.<\/p>\n\n\n\n<p>Za po\u015brednictwem \u015awiatowej Organizacji Zdrowia (WHO) ONZ ostrzega przed \u201epandemi\u0105 klimatyczn\u0105\u201d.&nbsp;W maju WHO nawi\u0105za\u0142a wsp\u00f3\u0142prac\u0119 z Rockefeller Center o warto\u015bci 5 milion\u00f3w dolar\u00f3w w celu \u201eodkrywania\u201d chor\u00f3b wywo\u0142ywanych przez pogod\u0119.<\/p>\n\n\n\n<p>**&nbsp;<a href=\"https:\/\/frontline.news\/post\/world-economic-forum-pushes-climate-vaccines\">\u0179r\u00f3d\u0142o<\/a><\/p>\n","protected":false},"excerpt":{"rendered":"<p>autorstwa Yudiego Shermana \u015awiatowe Forum Ekonomiczne wzywa do produkcji szczepionek chroni\u0105cych przed \u201ezmianami klimatycznymi\u201d. W zesz\u0142ym tygodniu w artykule szef Centrum Zdrowia i Opieki Zdrowotnej \u015awiatowego Forum Ekonomicznego (WEF) Shyam Bishem zauwa\u017cy\u0142, \u017ce po raz pierwszy od 28 lat Organizacja&#8230; <\/p>\n","protected":false},"author":2,"featured_media":5455,"comment_status":"open","ping_status":"open","sticky":false,"template":"","format":"standard","meta":{"_acf_changed":false,"_bbp_topic_count":0,"_bbp_reply_count":0,"_bbp_total_topic_count":0,"_bbp_total_reply_count":0,"_bbp_voice_count":0,"_bbp_anonymous_reply_count":0,"_bbp_topic_count_hidden":0,"_bbp_reply_count_hidden":0,"_bbp_forum_subforum_count":0,"om_disable_all_campaigns":false,"_monsterinsights_skip_tracking":false,"footnotes":""},"categories":[93],"tags":[],"class_list":["post-5452","post","type-post","status-publish","format-standard","has-post-thumbnail","hentry","category-artykuly"],"acf":[],"aioseo_notices":[],"aioseo_head":"\n\t\t<!-- All in One SEO 5.0.1.1 - aioseo.com -->\n\t<meta name=\"description\" content=\"autorstwa Yudiego Shermana \u015awiatowe Forum Ekonomiczne wzywa do produkcji szczepionek chroni\u0105cych przed \u201ezmianami klimatycznymi\u201d. W zesz\u0142ym tygodniu w artykule szef Centrum Zdrowia i Opieki Zdrowotnej \u015awiatowego Forum Ekonomicznego (WEF) Shyam Bishem zauwa\u017cy\u0142, \u017ce po raz pierwszy od 28 lat Organizacja Narod\u00f3w Zjednoczonych po\u015bwi\u0119ci jeden dzie\u0144 podczas corocznego szczytu klimatycznego (COP28) w grudniu br. \u201ezmian klimatycznych\u201d\" \/>\n\t<meta name=\"robots\" content=\"max-image-preview:large\" \/>\n\t<meta name=\"author\" content=\"trinity\"\/>\n\t<link rel=\"canonical\" href=\"https:\/\/wia.net.pl\/index.php\/2023\/11\/23\/szczepionki-przeciwdzialajace-zmianom-klimatycznym\/\" \/>\n\t<meta name=\"generator\" content=\"All in One SEO (AIOSEO) 5.0.1.1\" \/>\n\t\t<meta property=\"og:locale\" content=\"pl_PL\" \/>\n\t\t<meta property=\"og:site_name\" content=\"Wolno\u015b\u0107 i Anarchia - Ka\u017cdy wewn\u0119trznie jest anarchist\u0105.\" \/>\n\t\t<meta property=\"og:type\" content=\"article\" \/>\n\t\t<meta property=\"og:title\" content=\"Szczepionki przeciwdzia\u0142aj\u0105ce zmianom klimatycznym - Wolno\u015b\u0107 i Anarchia\" \/>\n\t\t<meta property=\"og:description\" content=\"autorstwa Yudiego Shermana \u015awiatowe Forum Ekonomiczne wzywa do produkcji szczepionek chroni\u0105cych przed \u201ezmianami klimatycznymi\u201d. W zesz\u0142ym tygodniu w artykule szef Centrum Zdrowia i Opieki Zdrowotnej \u015awiatowego Forum Ekonomicznego (WEF) Shyam Bishem zauwa\u017cy\u0142, \u017ce po raz pierwszy od 28 lat Organizacja Narod\u00f3w Zjednoczonych po\u015bwi\u0119ci jeden dzie\u0144 podczas corocznego szczytu klimatycznego (COP28) w grudniu br. \u201ezmian klimatycznych\u201d\" \/>\n\t\t<meta property=\"og:url\" content=\"https:\/\/wia.net.pl\/index.php\/2023\/11\/23\/szczepionki-przeciwdzialajace-zmianom-klimatycznym\/\" \/>\n\t\t<meta property=\"og:image\" content=\"https:\/\/wia.net.pl\/wp-content\/uploads\/2023\/11\/cropped-freedom-i73367.jpg\" \/>\n\t\t<meta property=\"og:image:secure_url\" content=\"https:\/\/wia.net.pl\/wp-content\/uploads\/2023\/11\/cropped-freedom-i73367.jpg\" \/>\n\t\t<meta property=\"article:published_time\" content=\"2023-11-23T07:04:34+00:00\" \/>\n\t\t<meta property=\"article:modified_time\" content=\"2023-11-23T07:11:41+00:00\" \/>\n\t\t<meta name=\"twitter:card\" content=\"summary_large_image\" \/>\n\t\t<meta name=\"twitter:title\" content=\"Szczepionki przeciwdzia\u0142aj\u0105ce zmianom klimatycznym - Wolno\u015b\u0107 i Anarchia\" \/>\n\t\t<meta name=\"twitter:description\" content=\"autorstwa Yudiego Shermana \u015awiatowe Forum Ekonomiczne wzywa do produkcji szczepionek chroni\u0105cych przed \u201ezmianami klimatycznymi\u201d. W zesz\u0142ym tygodniu w artykule szef Centrum Zdrowia i Opieki Zdrowotnej \u015awiatowego Forum Ekonomicznego (WEF) Shyam Bishem zauwa\u017cy\u0142, \u017ce po raz pierwszy od 28 lat Organizacja Narod\u00f3w Zjednoczonych po\u015bwi\u0119ci jeden dzie\u0144 podczas corocznego szczytu klimatycznego (COP28) w grudniu br. \u201ezmian klimatycznych\u201d\" \/>\n\t\t<meta name=\"twitter:image\" content=\"https:\/\/wia.net.pl\/wp-content\/uploads\/2023\/11\/cropped-freedom-i73367.jpg\" \/>\n\t\t<script type=\"application\/ld+json\" class=\"aioseo-schema\">\n\t\t\t{\"@context\":\"https:\\\/\\\/schema.org\",\"@graph\":[{\"@type\":\"BlogPosting\",\"@id\":\"https:\\\/\\\/wia.net.pl\\\/index.php\\\/2023\\\/11\\\/23\\\/szczepionki-przeciwdzialajace-zmianom-klimatycznym\\\/#blogposting\",\"name\":\"Szczepionki przeciwdzia\\u0142aj\\u0105ce zmianom klimatycznym - Wolno\\u015b\\u0107 i Anarchia\",\"headline\":\"Szczepionki przeciwdzia\\u0142aj\\u0105ce zmianom klimatycznym\",\"author\":{\"@id\":\"https:\\\/\\\/wia.net.pl\\\/index.php\\\/author\\\/trinity\\\/#author\"},\"publisher\":{\"@id\":\"https:\\\/\\\/wia.net.pl\\\/#person\"},\"image\":{\"@type\":\"ImageObject\",\"url\":\"https:\\\/\\\/wia.net.pl\\\/wp-content\\\/uploads\\\/2023\\\/11\\\/vax.jpg\",\"width\":1920,\"height\":1080},\"datePublished\":\"2023-11-23T08:04:34+01:00\",\"dateModified\":\"2023-11-23T08:11:41+01:00\",\"inLanguage\":\"pl-PL\",\"mainEntityOfPage\":{\"@id\":\"https:\\\/\\\/wia.net.pl\\\/index.php\\\/2023\\\/11\\\/23\\\/szczepionki-przeciwdzialajace-zmianom-klimatycznym\\\/#webpage\"},\"isPartOf\":{\"@id\":\"https:\\\/\\\/wia.net.pl\\\/index.php\\\/2023\\\/11\\\/23\\\/szczepionki-przeciwdzialajace-zmianom-klimatycznym\\\/#webpage\"},\"articleSection\":\"Artyku\\u0142y\"},{\"@type\":\"BreadcrumbList\",\"@id\":\"https:\\\/\\\/wia.net.pl\\\/index.php\\\/2023\\\/11\\\/23\\\/szczepionki-przeciwdzialajace-zmianom-klimatycznym\\\/#breadcrumblist\",\"itemListElement\":[{\"@type\":\"ListItem\",\"@id\":\"https:\\\/\\\/wia.net.pl#listItem\",\"position\":1,\"name\":\"Home\",\"item\":\"https:\\\/\\\/wia.net.pl\",\"nextItem\":{\"@type\":\"ListItem\",\"@id\":\"https:\\\/\\\/wia.net.pl\\\/index.php\\\/category\\\/artykuly\\\/#listItem\",\"name\":\"Artyku\\u0142y\"}},{\"@type\":\"ListItem\",\"@id\":\"https:\\\/\\\/wia.net.pl\\\/index.php\\\/category\\\/artykuly\\\/#listItem\",\"position\":2,\"name\":\"Artyku\\u0142y\",\"item\":\"https:\\\/\\\/wia.net.pl\\\/index.php\\\/category\\\/artykuly\\\/\",\"nextItem\":{\"@type\":\"ListItem\",\"@id\":\"https:\\\/\\\/wia.net.pl\\\/index.php\\\/2023\\\/11\\\/23\\\/szczepionki-przeciwdzialajace-zmianom-klimatycznym\\\/#listItem\",\"name\":\"Szczepionki przeciwdzia\\u0142aj\\u0105ce zmianom klimatycznym\"},\"previousItem\":{\"@type\":\"ListItem\",\"@id\":\"https:\\\/\\\/wia.net.pl#listItem\",\"name\":\"Home\"}},{\"@type\":\"ListItem\",\"@id\":\"https:\\\/\\\/wia.net.pl\\\/index.php\\\/2023\\\/11\\\/23\\\/szczepionki-przeciwdzialajace-zmianom-klimatycznym\\\/#listItem\",\"position\":3,\"name\":\"Szczepionki przeciwdzia\\u0142aj\\u0105ce zmianom klimatycznym\",\"previousItem\":{\"@type\":\"ListItem\",\"@id\":\"https:\\\/\\\/wia.net.pl\\\/index.php\\\/category\\\/artykuly\\\/#listItem\",\"name\":\"Artyku\\u0142y\"}}]},{\"@type\":\"Person\",\"@id\":\"https:\\\/\\\/wia.net.pl\\\/#person\",\"name\":\"Bart\\u0142omiej Talarczyk\",\"image\":{\"@type\":\"ImageObject\",\"@id\":\"https:\\\/\\\/wia.net.pl\\\/index.php\\\/2023\\\/11\\\/23\\\/szczepionki-przeciwdzialajace-zmianom-klimatycznym\\\/#personImage\",\"url\":\"https:\\\/\\\/wia.net.pl\\\/wp-content\\\/uploads\\\/avatar-privacy\\\/cache\\\/user\\\/1\\\/7\\\/176a6b161c58363ff49b5c167264231f519f5c7fa183ca1f61e891769b6b56d5-96.jpg\",\"width\":96,\"height\":96,\"caption\":\"Bart\\u0142omiej Talarczyk\"}},{\"@type\":\"Person\",\"@id\":\"https:\\\/\\\/wia.net.pl\\\/index.php\\\/author\\\/trinity\\\/#author\",\"url\":\"https:\\\/\\\/wia.net.pl\\\/index.php\\\/author\\\/trinity\\\/\",\"name\":\"trinity\",\"image\":{\"@type\":\"ImageObject\",\"@id\":\"https:\\\/\\\/wia.net.pl\\\/index.php\\\/2023\\\/11\\\/23\\\/szczepionki-przeciwdzialajace-zmianom-klimatycznym\\\/#authorImage\",\"url\":\"https:\\\/\\\/wia.net.pl\\\/wp-content\\\/uploads\\\/avatar-privacy\\\/cache\\\/user\\\/5\\\/f\\\/5f6547cf82495eaa10e100a6a45d5dbde2dfdc1be88557de2018fca705bdf6f1-96.jpg\",\"width\":96,\"height\":96,\"caption\":\"trinity\"}},{\"@type\":\"WebPage\",\"@id\":\"https:\\\/\\\/wia.net.pl\\\/index.php\\\/2023\\\/11\\\/23\\\/szczepionki-przeciwdzialajace-zmianom-klimatycznym\\\/#webpage\",\"url\":\"https:\\\/\\\/wia.net.pl\\\/index.php\\\/2023\\\/11\\\/23\\\/szczepionki-przeciwdzialajace-zmianom-klimatycznym\\\/\",\"name\":\"Szczepionki przeciwdzia\\u0142aj\\u0105ce zmianom klimatycznym - Wolno\\u015b\\u0107 i Anarchia\",\"description\":\"autorstwa Yudiego Shermana \\u015awiatowe Forum Ekonomiczne wzywa do produkcji szczepionek chroni\\u0105cych przed \\u201ezmianami klimatycznymi\\u201d. W zesz\\u0142ym tygodniu w artykule szef Centrum Zdrowia i Opieki Zdrowotnej \\u015awiatowego Forum Ekonomicznego (WEF) Shyam Bishem zauwa\\u017cy\\u0142, \\u017ce po raz pierwszy od 28 lat Organizacja Narod\\u00f3w Zjednoczonych po\\u015bwi\\u0119ci jeden dzie\\u0144 podczas corocznego szczytu klimatycznego (COP28) w grudniu br. \\u201ezmian klimatycznych\\u201d\",\"inLanguage\":\"pl-PL\",\"isPartOf\":{\"@id\":\"https:\\\/\\\/wia.net.pl\\\/#website\"},\"breadcrumb\":{\"@id\":\"https:\\\/\\\/wia.net.pl\\\/index.php\\\/2023\\\/11\\\/23\\\/szczepionki-przeciwdzialajace-zmianom-klimatycznym\\\/#breadcrumblist\"},\"author\":{\"@id\":\"https:\\\/\\\/wia.net.pl\\\/index.php\\\/author\\\/trinity\\\/#author\"},\"creator\":{\"@id\":\"https:\\\/\\\/wia.net.pl\\\/index.php\\\/author\\\/trinity\\\/#author\"},\"image\":{\"@type\":\"ImageObject\",\"url\":\"https:\\\/\\\/wia.net.pl\\\/wp-content\\\/uploads\\\/2023\\\/11\\\/vax.jpg\",\"@id\":\"https:\\\/\\\/wia.net.pl\\\/index.php\\\/2023\\\/11\\\/23\\\/szczepionki-przeciwdzialajace-zmianom-klimatycznym\\\/#mainImage\",\"width\":1920,\"height\":1080},\"primaryImageOfPage\":{\"@id\":\"https:\\\/\\\/wia.net.pl\\\/index.php\\\/2023\\\/11\\\/23\\\/szczepionki-przeciwdzialajace-zmianom-klimatycznym\\\/#mainImage\"},\"datePublished\":\"2023-11-23T08:04:34+01:00\",\"dateModified\":\"2023-11-23T08:11:41+01:00\"},{\"@type\":\"WebSite\",\"@id\":\"https:\\\/\\\/wia.net.pl\\\/#website\",\"url\":\"https:\\\/\\\/wia.net.pl\\\/\",\"name\":\"Wolno\\u015b\\u0107 i Anarchia\",\"description\":\"Ka\\u017cdy wewn\\u0119trznie jest anarchist\\u0105.\",\"inLanguage\":\"pl-PL\",\"publisher\":{\"@id\":\"https:\\\/\\\/wia.net.pl\\\/#person\"}}]}\n\t\t<\/script>\n\t\t<!-- All in One SEO -->\n\n","aioseo_head_json":{"title":"Szczepionki przeciwdzia\u0142aj\u0105ce zmianom klimatycznym - Wolno\u015b\u0107 i Anarchia","description":"autorstwa Yudiego Shermana \u015awiatowe Forum Ekonomiczne wzywa do produkcji szczepionek chroni\u0105cych przed \u201ezmianami klimatycznymi\u201d. W zesz\u0142ym tygodniu w artykule szef Centrum Zdrowia i Opieki Zdrowotnej \u015awiatowego Forum Ekonomicznego (WEF) Shyam Bishem zauwa\u017cy\u0142, \u017ce po raz pierwszy od 28 lat Organizacja Narod\u00f3w Zjednoczonych po\u015bwi\u0119ci jeden dzie\u0144 podczas corocznego szczytu klimatycznego (COP28) w grudniu br. \u201ezmian klimatycznych\u201d","canonical_url":"https:\/\/wia.net.pl\/index.php\/2023\/11\/23\/szczepionki-przeciwdzialajace-zmianom-klimatycznym\/","robots":"max-image-preview:large","keywords":"","webmasterTools":{"miscellaneous":""},"schema":{"@context":"https:\/\/schema.org","@graph":[{"@type":"BlogPosting","@id":"https:\/\/wia.net.pl\/index.php\/2023\/11\/23\/szczepionki-przeciwdzialajace-zmianom-klimatycznym\/#blogposting","name":"Szczepionki przeciwdzia\u0142aj\u0105ce zmianom klimatycznym - Wolno\u015b\u0107 i Anarchia","headline":"Szczepionki przeciwdzia\u0142aj\u0105ce zmianom klimatycznym","author":{"@id":"https:\/\/wia.net.pl\/index.php\/author\/trinity\/#author"},"publisher":{"@id":"https:\/\/wia.net.pl\/#person"},"image":{"@type":"ImageObject","url":"https:\/\/wia.net.pl\/wp-content\/uploads\/2023\/11\/vax.jpg","width":1920,"height":1080},"datePublished":"2023-11-23T08:04:34+01:00","dateModified":"2023-11-23T08:11:41+01:00","inLanguage":"pl-PL","mainEntityOfPage":{"@id":"https:\/\/wia.net.pl\/index.php\/2023\/11\/23\/szczepionki-przeciwdzialajace-zmianom-klimatycznym\/#webpage"},"isPartOf":{"@id":"https:\/\/wia.net.pl\/index.php\/2023\/11\/23\/szczepionki-przeciwdzialajace-zmianom-klimatycznym\/#webpage"},"articleSection":"Artyku\u0142y"},{"@type":"BreadcrumbList","@id":"https:\/\/wia.net.pl\/index.php\/2023\/11\/23\/szczepionki-przeciwdzialajace-zmianom-klimatycznym\/#breadcrumblist","itemListElement":[{"@type":"ListItem","@id":"https:\/\/wia.net.pl#listItem","position":1,"name":"Home","item":"https:\/\/wia.net.pl","nextItem":{"@type":"ListItem","@id":"https:\/\/wia.net.pl\/index.php\/category\/artykuly\/#listItem","name":"Artyku\u0142y"}},{"@type":"ListItem","@id":"https:\/\/wia.net.pl\/index.php\/category\/artykuly\/#listItem","position":2,"name":"Artyku\u0142y","item":"https:\/\/wia.net.pl\/index.php\/category\/artykuly\/","nextItem":{"@type":"ListItem","@id":"https:\/\/wia.net.pl\/index.php\/2023\/11\/23\/szczepionki-przeciwdzialajace-zmianom-klimatycznym\/#listItem","name":"Szczepionki przeciwdzia\u0142aj\u0105ce zmianom klimatycznym"},"previousItem":{"@type":"ListItem","@id":"https:\/\/wia.net.pl#listItem","name":"Home"}},{"@type":"ListItem","@id":"https:\/\/wia.net.pl\/index.php\/2023\/11\/23\/szczepionki-przeciwdzialajace-zmianom-klimatycznym\/#listItem","position":3,"name":"Szczepionki przeciwdzia\u0142aj\u0105ce zmianom klimatycznym","previousItem":{"@type":"ListItem","@id":"https:\/\/wia.net.pl\/index.php\/category\/artykuly\/#listItem","name":"Artyku\u0142y"}}]},{"@type":"Person","@id":"https:\/\/wia.net.pl\/#person","name":"Bart\u0142omiej Talarczyk","image":{"@type":"ImageObject","@id":"https:\/\/wia.net.pl\/index.php\/2023\/11\/23\/szczepionki-przeciwdzialajace-zmianom-klimatycznym\/#personImage","url":"https:\/\/wia.net.pl\/wp-content\/uploads\/avatar-privacy\/cache\/user\/1\/7\/176a6b161c58363ff49b5c167264231f519f5c7fa183ca1f61e891769b6b56d5-96.jpg","width":96,"height":96,"caption":"Bart\u0142omiej Talarczyk"}},{"@type":"Person","@id":"https:\/\/wia.net.pl\/index.php\/author\/trinity\/#author","url":"https:\/\/wia.net.pl\/index.php\/author\/trinity\/","name":"trinity","image":{"@type":"ImageObject","@id":"https:\/\/wia.net.pl\/index.php\/2023\/11\/23\/szczepionki-przeciwdzialajace-zmianom-klimatycznym\/#authorImage","url":"https:\/\/wia.net.pl\/wp-content\/uploads\/avatar-privacy\/cache\/user\/5\/f\/5f6547cf82495eaa10e100a6a45d5dbde2dfdc1be88557de2018fca705bdf6f1-96.jpg","width":96,"height":96,"caption":"trinity"}},{"@type":"WebPage","@id":"https:\/\/wia.net.pl\/index.php\/2023\/11\/23\/szczepionki-przeciwdzialajace-zmianom-klimatycznym\/#webpage","url":"https:\/\/wia.net.pl\/index.php\/2023\/11\/23\/szczepionki-przeciwdzialajace-zmianom-klimatycznym\/","name":"Szczepionki przeciwdzia\u0142aj\u0105ce zmianom klimatycznym - Wolno\u015b\u0107 i Anarchia","description":"autorstwa Yudiego Shermana \u015awiatowe Forum Ekonomiczne wzywa do produkcji szczepionek chroni\u0105cych przed \u201ezmianami klimatycznymi\u201d. W zesz\u0142ym tygodniu w artykule szef Centrum Zdrowia i Opieki Zdrowotnej \u015awiatowego Forum Ekonomicznego (WEF) Shyam Bishem zauwa\u017cy\u0142, \u017ce po raz pierwszy od 28 lat Organizacja Narod\u00f3w Zjednoczonych po\u015bwi\u0119ci jeden dzie\u0144 podczas corocznego szczytu klimatycznego (COP28) w grudniu br. \u201ezmian klimatycznych\u201d","inLanguage":"pl-PL","isPartOf":{"@id":"https:\/\/wia.net.pl\/#website"},"breadcrumb":{"@id":"https:\/\/wia.net.pl\/index.php\/2023\/11\/23\/szczepionki-przeciwdzialajace-zmianom-klimatycznym\/#breadcrumblist"},"author":{"@id":"https:\/\/wia.net.pl\/index.php\/author\/trinity\/#author"},"creator":{"@id":"https:\/\/wia.net.pl\/index.php\/author\/trinity\/#author"},"image":{"@type":"ImageObject","url":"https:\/\/wia.net.pl\/wp-content\/uploads\/2023\/11\/vax.jpg","@id":"https:\/\/wia.net.pl\/index.php\/2023\/11\/23\/szczepionki-przeciwdzialajace-zmianom-klimatycznym\/#mainImage","width":1920,"height":1080},"primaryImageOfPage":{"@id":"https:\/\/wia.net.pl\/index.php\/2023\/11\/23\/szczepionki-przeciwdzialajace-zmianom-klimatycznym\/#mainImage"},"datePublished":"2023-11-23T08:04:34+01:00","dateModified":"2023-11-23T08:11:41+01:00"},{"@type":"WebSite","@id":"https:\/\/wia.net.pl\/#website","url":"https:\/\/wia.net.pl\/","name":"Wolno\u015b\u0107 i Anarchia","description":"Ka\u017cdy wewn\u0119trznie jest anarchist\u0105.","inLanguage":"pl-PL","publisher":{"@id":"https:\/\/wia.net.pl\/#person"}}]},"og:locale":"pl_PL","og:site_name":"Wolno\u015b\u0107 i Anarchia - Ka\u017cdy wewn\u0119trznie jest anarchist\u0105.","og:type":"article","og:title":"Szczepionki przeciwdzia\u0142aj\u0105ce zmianom klimatycznym - Wolno\u015b\u0107 i Anarchia","og:description":"autorstwa Yudiego Shermana \u015awiatowe Forum Ekonomiczne wzywa do produkcji szczepionek chroni\u0105cych przed \u201ezmianami klimatycznymi\u201d. W zesz\u0142ym tygodniu w artykule szef Centrum Zdrowia i Opieki Zdrowotnej \u015awiatowego Forum Ekonomicznego (WEF) Shyam Bishem zauwa\u017cy\u0142, \u017ce po raz pierwszy od 28 lat Organizacja Narod\u00f3w Zjednoczonych po\u015bwi\u0119ci jeden dzie\u0144 podczas corocznego szczytu klimatycznego (COP28) w grudniu br. \u201ezmian klimatycznych\u201d","og:url":"https:\/\/wia.net.pl\/index.php\/2023\/11\/23\/szczepionki-przeciwdzialajace-zmianom-klimatycznym\/","og:image":"https:\/\/wia.net.pl\/wp-content\/uploads\/2023\/11\/cropped-freedom-i73367.jpg","og:image:secure_url":"https:\/\/wia.net.pl\/wp-content\/uploads\/2023\/11\/cropped-freedom-i73367.jpg","article:published_time":"2023-11-23T07:04:34+00:00","article:modified_time":"2023-11-23T07:11:41+00:00","twitter:card":"summary_large_image","twitter:title":"Szczepionki przeciwdzia\u0142aj\u0105ce zmianom klimatycznym - Wolno\u015b\u0107 i Anarchia","twitter:description":"autorstwa Yudiego Shermana \u015awiatowe Forum Ekonomiczne wzywa do produkcji szczepionek chroni\u0105cych przed \u201ezmianami klimatycznymi\u201d. W zesz\u0142ym tygodniu w artykule szef Centrum Zdrowia i Opieki Zdrowotnej \u015awiatowego Forum Ekonomicznego (WEF) Shyam Bishem zauwa\u017cy\u0142, \u017ce po raz pierwszy od 28 lat Organizacja Narod\u00f3w Zjednoczonych po\u015bwi\u0119ci jeden dzie\u0144 podczas corocznego szczytu klimatycznego (COP28) w grudniu br. \u201ezmian klimatycznych\u201d","twitter:image":"https:\/\/wia.net.pl\/wp-content\/uploads\/2023\/11\/cropped-freedom-i73367.jpg"},"aioseo_meta_data":{"post_id":"5452","title":null,"description":null,"keywords":[],"keyphrases":{"focus":{"keyphrase":"","score":0,"analysis":{"keyphraseInTitle":{"score":0,"maxScore":9,"error":1}}},"additional":[]},"primary_term":null,"canonical_url":null,"og_title":null,"og_description":null,"og_object_type":"default","og_image_type":"default","og_image_url":null,"og_image_width":null,"og_image_height":null,"og_image_custom_url":null,"og_image_custom_fields":null,"og_video":"","og_custom_url":null,"og_article_section":null,"og_article_tags":[],"twitter_use_og":false,"twitter_card":"default","twitter_image_type":"default","twitter_image_url":null,"twitter_image_custom_url":null,"twitter_image_custom_fields":null,"twitter_title":null,"twitter_description":null,"schema":{"blockGraphs":[],"customGraphs":[],"default":{"data":{"Article":[],"Course":[],"Dataset":[],"FAQPage":[],"Movie":[],"Person":[],"Product":[],"ProductReview":[],"Car":[],"Recipe":[],"Service":[],"SoftwareApplication":[],"WebPage":[]},"graphName":"BlogPosting","isEnabled":true},"graphs":[]},"schema_type":"default","schema_type_options":null,"pillar_content":false,"robots_default":true,"robots_noindex":false,"robots_noarchive":false,"robots_nosnippet":false,"robots_nofollow":false,"robots_noimageindex":false,"robots_noodp":false,"robots_notranslate":false,"robots_max_snippet":"-1","robots_max_videopreview":"-1","robots_max_imagepreview":"large","priority":null,"frequency":"default","local_seo":null,"breadcrumb_settings":null,"limit_modified_date":false,"ai":null,"created":"2023-11-23 07:04:35","updated":"2025-06-04 09:45:55","seo_analyzer_scan_date":null,"focus_keyword":null,"additional_keywords":null,"truseo_locale":null},"aioseo_breadcrumb":"<div class=\"aioseo-breadcrumbs\"><span class=\"aioseo-breadcrumb\">\n\t\t\t<a href=\"https:\/\/wia.net.pl\" title=\"Home\">Home<\/a>\n\t\t<\/span><span class=\"aioseo-breadcrumb-separator\">&raquo;<\/span><span class=\"aioseo-breadcrumb\">\n\t\t\t<a href=\"https:\/\/wia.net.pl\/index.php\/category\/artykuly\/\" title=\"Artyku\u0142y\">Artyku\u0142y<\/a>\n\t\t<\/span><span class=\"aioseo-breadcrumb-separator\">&raquo;<\/span><span class=\"aioseo-breadcrumb\">\n\t\t\tSzczepionki przeciwdzia\u0142aj\u0105ce zmianom klimatycznym\n\t\t<\/span><\/div>","aioseo_breadcrumb_json":[{"label":"Home","link":"https:\/\/wia.net.pl"},{"label":"Artyku\u0142y","link":"https:\/\/wia.net.pl\/index.php\/category\/artykuly\/"},{"label":"Szczepionki przeciwdzia\u0142aj\u0105ce zmianom klimatycznym","link":"https:\/\/wia.net.pl\/index.php\/2023\/11\/23\/szczepionki-przeciwdzialajace-zmianom-klimatycznym\/"}],"_links":{"self":[{"href":"https:\/\/wia.net.pl\/index.php\/wp-json\/wp\/v2\/posts\/5452"}],"collection":[{"href":"https:\/\/wia.net.pl\/index.php\/wp-json\/wp\/v2\/posts"}],"about":[{"href":"https:\/\/wia.net.pl\/index.php\/wp-json\/wp\/v2\/types\/post"}],"author":[{"embeddable":true,"href":"https:\/\/wia.net.pl\/index.php\/wp-json\/wp\/v2\/users\/2"}],"replies":[{"embeddable":true,"href":"https:\/\/wia.net.pl\/index.php\/wp-json\/wp\/v2\/comments?post=5452"}],"version-history":[{"count":2,"href":"https:\/\/wia.net.pl\/index.php\/wp-json\/wp\/v2\/posts\/5452\/revisions"}],"predecessor-version":[{"id":5456,"href":"https:\/\/wia.net.pl\/index.php\/wp-json\/wp\/v2\/posts\/5452\/revisions\/5456"}],"wp:featuredmedia":[{"embeddable":true,"href":"https:\/\/wia.net.pl\/index.php\/wp-json\/wp\/v2\/media\/5455"}],"wp:attachment":[{"href":"https:\/\/wia.net.pl\/index.php\/wp-json\/wp\/v2\/media?parent=5452"}],"wp:term":[{"taxonomy":"category","embeddable":true,"href":"https:\/\/wia.net.pl\/index.php\/wp-json\/wp\/v2\/categories?post=5452"},{"taxonomy":"post_tag","embeddable":true,"href":"https:\/\/wia.net.pl\/index.php\/wp-json\/wp\/v2\/tags?post=5452"}],"curies":[{"name":"wp","href":"https:\/\/api.w.org\/{rel}","templated":true}]}}