{"id":5747,"date":"2023-11-28T00:08:16","date_gmt":"2023-11-27T23:08:16","guid":{"rendered":"https:\/\/wia.net.pl\/?p=5747"},"modified":"2023-12-08T00:54:33","modified_gmt":"2023-12-07T23:54:33","slug":"gdy-zylismy-posrod-elohim-mauro-biglino","status":"publish","type":"post","link":"https:\/\/wia.net.pl\/index.php\/2023\/11\/28\/gdy-zylismy-posrod-elohim-mauro-biglino\/","title":{"rendered":"Gdy \u017cyli\u015bmy po\u015br\u00f3d Elohim &#8211; Mauro Biglino"},"content":{"rendered":"\n<p>W tym pierwszym (z dw\u00f3ch) wideo Mauro Biglino analizuje zar\u00f3wno kanoniczne, jak i apokryficzne fragmenty Starego Testamentu, kt\u00f3re pokazuj\u0105 intensywno\u015b\u0107 relacji mi\u0119dzy Adamitami a Elohim przez wiele stuleci. Powstaje niezwyk\u0142y obraz, kt\u00f3ry zaczyna si\u0119 od narodzin Seta, aby kontynuowa\u0107 niezwyk\u0142e wydarzenie, kt\u00f3re mia\u0142o miejsce w czasach Yareda \u2026<br>Historia jest kontynuowana w nast\u0119pnym filmie.<\/p>\n\n\n\n<p>\u0179r\u00f3d\u0142o: <a href=\"https:\/\/www.youtube.com\/@MauroBiglinoOfficialChannel\">https:\/\/www.youtube.com\/@MauroBiglinoOfficialChannel<\/a><\/p>\n\n\n\n<figure class=\"wp-block-video\"><video controls src=\"https:\/\/wia.net.pl\/wp-content\/uploads\/2023\/11\/Gdy-zylismy-posrod-Elohim-Mauro-Biglino.mp4\"><\/video><\/figure>\n<div class=\"remoji_bar\"><div class=\"remoji_container\" data-remoji-id=\"5747\" data-remoji-type=\"post\" data-remoji-name=\"punch\"><img decoding=\"async\" src=\"https:\/\/wia.net.pl\/wp-content\/plugins\/remoji\/data\/emoji\/1f44a.svg\"><span class=\"remoji_count\">1<\/span><\/div><div class=\"remoji_add_container\" data-remoji-id=\"5747\" data-remoji-type=\"post\"><div class=\"remoji_add_icon\"><\/div><\/div><div class=\"remoji_error_bar\" data-remoji-id=\"5747\" data-remoji-type=\"post\" style=\"display: none;\">Error happened.<\/div><\/div>","protected":false},"excerpt":{"rendered":"<p>W tym pierwszym (z dw\u00f3ch) wideo Mauro Biglino analizuje zar\u00f3wno kanoniczne, jak i apokryficzne fragmenty Starego Testamentu, kt\u00f3re pokazuj\u0105 intensywno\u015b\u0107 relacji mi\u0119dzy Adamitami a Elohim przez wiele stuleci. Powstaje niezwyk\u0142y obraz, kt\u00f3ry zaczyna si\u0119 od narodzin Seta, aby kontynuowa\u0107 niezwyk\u0142e&#8230; <\/p>\n","protected":false},"author":3,"featured_media":5748,"comment_status":"open","ping_status":"open","sticky":false,"template":"","format":"standard","meta":{"_acf_changed":false,"_bbp_topic_count":0,"_bbp_reply_count":0,"_bbp_total_topic_count":0,"_bbp_total_reply_count":0,"_bbp_voice_count":0,"_bbp_anonymous_reply_count":0,"_bbp_topic_count_hidden":0,"_bbp_reply_count_hidden":0,"_bbp_forum_subforum_count":0,"om_disable_all_campaigns":false,"_monsterinsights_skip_tracking":false,"_monsterinsights_sitenote_active":false,"_monsterinsights_sitenote_note":"","_monsterinsights_sitenote_category":0,"footnotes":""},"categories":[96],"tags":[68,63,42,71,26,23,32,22,70,62],"class_list":["post-5747","post","type-post","status-publish","format-standard","has-post-thumbnail","hentry","category-religie","tag-cesarstwo-rzymskie","tag-historia-ziemi","tag-illuminati","tag-kosciol-katolicki","tag-ludzkosc","tag-niewolnictwo","tag-rzad","tag-satanizm","tag-tajne-stowarzyszenia","tag-wszechswiat"],"acf":[],"aioseo_notices":[],"_links":{"self":[{"href":"https:\/\/wia.net.pl\/index.php\/wp-json\/wp\/v2\/posts\/5747"}],"collection":[{"href":"https:\/\/wia.net.pl\/index.php\/wp-json\/wp\/v2\/posts"}],"about":[{"href":"https:\/\/wia.net.pl\/index.php\/wp-json\/wp\/v2\/types\/post"}],"author":[{"embeddable":true,"href":"https:\/\/wia.net.pl\/index.php\/wp-json\/wp\/v2\/users\/3"}],"replies":[{"embeddable":true,"href":"https:\/\/wia.net.pl\/index.php\/wp-json\/wp\/v2\/comments?post=5747"}],"version-history":[{"count":1,"href":"https:\/\/wia.net.pl\/index.php\/wp-json\/wp\/v2\/posts\/5747\/revisions"}],"predecessor-version":[{"id":5750,"href":"https:\/\/wia.net.pl\/index.php\/wp-json\/wp\/v2\/posts\/5747\/revisions\/5750"}],"wp:featuredmedia":[{"embeddable":true,"href":"https:\/\/wia.net.pl\/index.php\/wp-json\/wp\/v2\/media\/5748"}],"wp:attachment":[{"href":"https:\/\/wia.net.pl\/index.php\/wp-json\/wp\/v2\/media?parent=5747"}],"wp:term":[{"taxonomy":"category","embeddable":true,"href":"https:\/\/wia.net.pl\/index.php\/wp-json\/wp\/v2\/categories?post=5747"},{"taxonomy":"post_tag","embeddable":true,"href":"https:\/\/wia.net.pl\/index.php\/wp-json\/wp\/v2\/tags?post=5747"}],"curies":[{"name":"wp","href":"https:\/\/api.w.org\/{rel}","templated":true}]}}