{"id":5747,"date":"2023-11-28T00:08:16","date_gmt":"2023-11-27T23:08:16","guid":{"rendered":"https:\/\/wia.net.pl\/?p=5747"},"modified":"2023-12-08T00:54:33","modified_gmt":"2023-12-07T23:54:33","slug":"gdy-zylismy-posrod-elohim-mauro-biglino","status":"publish","type":"post","link":"https:\/\/wia.net.pl\/index.php\/2023\/11\/28\/gdy-zylismy-posrod-elohim-mauro-biglino\/","title":{"rendered":"Gdy \u017cyli\u015bmy po\u015br\u00f3d Elohim &#8211; Mauro Biglino"},"content":{"rendered":"\n<p>W tym pierwszym (z dw\u00f3ch) wideo Mauro Biglino analizuje zar\u00f3wno kanoniczne, jak i apokryficzne fragmenty Starego Testamentu, kt\u00f3re pokazuj\u0105 intensywno\u015b\u0107 relacji mi\u0119dzy Adamitami a Elohim przez wiele stuleci. Powstaje niezwyk\u0142y obraz, kt\u00f3ry zaczyna si\u0119 od narodzin Seta, aby kontynuowa\u0107 niezwyk\u0142e wydarzenie, kt\u00f3re mia\u0142o miejsce w czasach Yareda \u2026<br>Historia jest kontynuowana w nast\u0119pnym filmie.<\/p>\n\n\n\n<p>\u0179r\u00f3d\u0142o: <a href=\"https:\/\/www.youtube.com\/@MauroBiglinoOfficialChannel\">https:\/\/www.youtube.com\/@MauroBiglinoOfficialChannel<\/a><\/p>\n\n\n\n<figure class=\"wp-block-video\"><video controls src=\"https:\/\/wia.net.pl\/wp-content\/uploads\/2023\/11\/Gdy-zylismy-posrod-Elohim-Mauro-Biglino.mp4\"><\/video><\/figure>\n","protected":false},"excerpt":{"rendered":"<p>W tym pierwszym (z dw\u00f3ch) wideo Mauro Biglino analizuje zar\u00f3wno kanoniczne, jak i apokryficzne fragmenty Starego Testamentu, kt\u00f3re pokazuj\u0105 intensywno\u015b\u0107 relacji mi\u0119dzy Adamitami a Elohim przez wiele stuleci. Powstaje niezwyk\u0142y obraz, kt\u00f3ry zaczyna si\u0119 od narodzin Seta, aby kontynuowa\u0107 niezwyk\u0142e&#8230; <\/p>\n","protected":false},"author":3,"featured_media":5748,"comment_status":"open","ping_status":"open","sticky":false,"template":"","format":"standard","meta":{"_acf_changed":false,"_bbp_topic_count":0,"_bbp_reply_count":0,"_bbp_total_topic_count":0,"_bbp_total_reply_count":0,"_bbp_voice_count":0,"_bbp_anonymous_reply_count":0,"_bbp_topic_count_hidden":0,"_bbp_reply_count_hidden":0,"_bbp_forum_subforum_count":0,"om_disable_all_campaigns":false,"_monsterinsights_skip_tracking":false,"footnotes":""},"categories":[96],"tags":[68,63,42,71,26,23,32,22,70,62],"class_list":["post-5747","post","type-post","status-publish","format-standard","has-post-thumbnail","hentry","category-religie","tag-cesarstwo-rzymskie","tag-historia-ziemi","tag-illuminati","tag-kosciol-katolicki","tag-ludzkosc","tag-niewolnictwo","tag-rzad","tag-satanizm","tag-tajne-stowarzyszenia","tag-wszechswiat"],"acf":[],"aioseo_notices":[],"aioseo_head":"\n\t\t<!-- All in One SEO 5.0.1.1 - aioseo.com -->\n\t<meta name=\"description\" content=\"W tym pierwszym (z dw\u00f3ch) wideo Mauro Biglino analizuje zar\u00f3wno kanoniczne, jak i apokryficzne fragmenty Starego Testamentu, kt\u00f3re pokazuj\u0105 intensywno\u015b\u0107 relacji mi\u0119dzy Adamitami a Elohim przez wiele stuleci. Powstaje niezwyk\u0142y obraz, kt\u00f3ry zaczyna si\u0119 od narodzin Seta, aby kontynuowa\u0107 niezwyk\u0142e wydarzenie, kt\u00f3re mia\u0142o miejsce w czasach Yareda \u2026Historia jest kontynuowana w nast\u0119pnym filmie. \u0179r\u00f3d\u0142o: https:\/\/www.youtube.com\/@MauroBiglinoOfficialChannel\" \/>\n\t<meta name=\"robots\" content=\"max-image-preview:large\" \/>\n\t<meta name=\"author\" content=\"Bart\u0142omiej Talarczyk\"\/>\n\t<link rel=\"canonical\" href=\"https:\/\/wia.net.pl\/index.php\/2023\/11\/28\/gdy-zylismy-posrod-elohim-mauro-biglino\/\" \/>\n\t<meta name=\"generator\" content=\"All in One SEO (AIOSEO) 5.0.1.1\" \/>\n\t\t<meta property=\"og:locale\" content=\"pl_PL\" \/>\n\t\t<meta property=\"og:site_name\" content=\"Wolno\u015b\u0107 i Anarchia - Ka\u017cdy wewn\u0119trznie jest anarchist\u0105.\" \/>\n\t\t<meta property=\"og:type\" content=\"article\" \/>\n\t\t<meta property=\"og:title\" content=\"Gdy \u017cyli\u015bmy po\u015br\u00f3d Elohim \u2013 Mauro Biglino - Wolno\u015b\u0107 i Anarchia\" \/>\n\t\t<meta property=\"og:description\" content=\"W tym pierwszym (z dw\u00f3ch) wideo Mauro Biglino analizuje zar\u00f3wno kanoniczne, jak i apokryficzne fragmenty Starego Testamentu, kt\u00f3re pokazuj\u0105 intensywno\u015b\u0107 relacji mi\u0119dzy Adamitami a Elohim przez wiele stuleci. Powstaje niezwyk\u0142y obraz, kt\u00f3ry zaczyna si\u0119 od narodzin Seta, aby kontynuowa\u0107 niezwyk\u0142e wydarzenie, kt\u00f3re mia\u0142o miejsce w czasach Yareda \u2026Historia jest kontynuowana w nast\u0119pnym filmie. \u0179r\u00f3d\u0142o: https:\/\/www.youtube.com\/@MauroBiglinoOfficialChannel\" \/>\n\t\t<meta property=\"og:url\" content=\"https:\/\/wia.net.pl\/index.php\/2023\/11\/28\/gdy-zylismy-posrod-elohim-mauro-biglino\/\" \/>\n\t\t<meta property=\"og:image\" content=\"https:\/\/wia.net.pl\/wp-content\/uploads\/2023\/11\/cropped-freedom-i73367.jpg\" \/>\n\t\t<meta property=\"og:image:secure_url\" content=\"https:\/\/wia.net.pl\/wp-content\/uploads\/2023\/11\/cropped-freedom-i73367.jpg\" \/>\n\t\t<meta property=\"article:published_time\" content=\"2023-11-27T23:08:16+00:00\" \/>\n\t\t<meta property=\"article:modified_time\" content=\"2023-12-07T23:54:33+00:00\" \/>\n\t\t<meta name=\"twitter:card\" content=\"summary_large_image\" \/>\n\t\t<meta name=\"twitter:title\" content=\"Gdy \u017cyli\u015bmy po\u015br\u00f3d Elohim \u2013 Mauro Biglino - Wolno\u015b\u0107 i Anarchia\" \/>\n\t\t<meta name=\"twitter:description\" content=\"W tym pierwszym (z dw\u00f3ch) wideo Mauro Biglino analizuje zar\u00f3wno kanoniczne, jak i apokryficzne fragmenty Starego Testamentu, kt\u00f3re pokazuj\u0105 intensywno\u015b\u0107 relacji mi\u0119dzy Adamitami a Elohim przez wiele stuleci. Powstaje niezwyk\u0142y obraz, kt\u00f3ry zaczyna si\u0119 od narodzin Seta, aby kontynuowa\u0107 niezwyk\u0142e wydarzenie, kt\u00f3re mia\u0142o miejsce w czasach Yareda \u2026Historia jest kontynuowana w nast\u0119pnym filmie. \u0179r\u00f3d\u0142o: https:\/\/www.youtube.com\/@MauroBiglinoOfficialChannel\" \/>\n\t\t<meta name=\"twitter:image\" content=\"https:\/\/wia.net.pl\/wp-content\/uploads\/2023\/11\/cropped-freedom-i73367.jpg\" \/>\n\t\t<script type=\"application\/ld+json\" class=\"aioseo-schema\">\n\t\t\t{\"@context\":\"https:\\\/\\\/schema.org\",\"@graph\":[{\"@type\":\"BlogPosting\",\"@id\":\"https:\\\/\\\/wia.net.pl\\\/index.php\\\/2023\\\/11\\\/28\\\/gdy-zylismy-posrod-elohim-mauro-biglino\\\/#blogposting\",\"name\":\"Gdy \\u017cyli\\u015bmy po\\u015br\\u00f3d Elohim \\u2013 Mauro Biglino - Wolno\\u015b\\u0107 i Anarchia\",\"headline\":\"Gdy \\u017cyli\\u015bmy po\\u015br\\u00f3d Elohim &#8211; Mauro Biglino\",\"author\":{\"@id\":\"https:\\\/\\\/wia.net.pl\\\/index.php\\\/author\\\/talar\\\/#author\"},\"publisher\":{\"@id\":\"https:\\\/\\\/wia.net.pl\\\/#person\"},\"image\":{\"@type\":\"ImageObject\",\"url\":\"https:\\\/\\\/wia.net.pl\\\/wp-content\\\/uploads\\\/2023\\\/11\\\/mauro-biglino-gdy-zylismy-posrod-elohim.jpg\",\"width\":1920,\"height\":1080},\"datePublished\":\"2023-11-28T00:08:16+01:00\",\"dateModified\":\"2023-12-08T00:54:33+01:00\",\"inLanguage\":\"pl-PL\",\"mainEntityOfPage\":{\"@id\":\"https:\\\/\\\/wia.net.pl\\\/index.php\\\/2023\\\/11\\\/28\\\/gdy-zylismy-posrod-elohim-mauro-biglino\\\/#webpage\"},\"isPartOf\":{\"@id\":\"https:\\\/\\\/wia.net.pl\\\/index.php\\\/2023\\\/11\\\/28\\\/gdy-zylismy-posrod-elohim-mauro-biglino\\\/#webpage\"},\"articleSection\":\"Religie, Cesarstwo Rzymskie, Historia ziemi, Illuminati, Ko\\u015bci\\u00f3\\u0142 katolicki, Ludzko\\u015b\\u0107, Niewolnictwo, Rz\\u0105d, Satanizm, Tajne stowarzyszenia, Wszech\\u015bwiat\"},{\"@type\":\"BreadcrumbList\",\"@id\":\"https:\\\/\\\/wia.net.pl\\\/index.php\\\/2023\\\/11\\\/28\\\/gdy-zylismy-posrod-elohim-mauro-biglino\\\/#breadcrumblist\",\"itemListElement\":[{\"@type\":\"ListItem\",\"@id\":\"https:\\\/\\\/wia.net.pl#listItem\",\"position\":1,\"name\":\"Home\",\"item\":\"https:\\\/\\\/wia.net.pl\",\"nextItem\":{\"@type\":\"ListItem\",\"@id\":\"https:\\\/\\\/wia.net.pl\\\/index.php\\\/category\\\/religie\\\/#listItem\",\"name\":\"Religie\"}},{\"@type\":\"ListItem\",\"@id\":\"https:\\\/\\\/wia.net.pl\\\/index.php\\\/category\\\/religie\\\/#listItem\",\"position\":2,\"name\":\"Religie\",\"item\":\"https:\\\/\\\/wia.net.pl\\\/index.php\\\/category\\\/religie\\\/\",\"nextItem\":{\"@type\":\"ListItem\",\"@id\":\"https:\\\/\\\/wia.net.pl\\\/index.php\\\/2023\\\/11\\\/28\\\/gdy-zylismy-posrod-elohim-mauro-biglino\\\/#listItem\",\"name\":\"Gdy \\u017cyli\\u015bmy po\\u015br\\u00f3d Elohim &#8211; Mauro Biglino\"},\"previousItem\":{\"@type\":\"ListItem\",\"@id\":\"https:\\\/\\\/wia.net.pl#listItem\",\"name\":\"Home\"}},{\"@type\":\"ListItem\",\"@id\":\"https:\\\/\\\/wia.net.pl\\\/index.php\\\/2023\\\/11\\\/28\\\/gdy-zylismy-posrod-elohim-mauro-biglino\\\/#listItem\",\"position\":3,\"name\":\"Gdy \\u017cyli\\u015bmy po\\u015br\\u00f3d Elohim &#8211; Mauro Biglino\",\"previousItem\":{\"@type\":\"ListItem\",\"@id\":\"https:\\\/\\\/wia.net.pl\\\/index.php\\\/category\\\/religie\\\/#listItem\",\"name\":\"Religie\"}}]},{\"@type\":\"Person\",\"@id\":\"https:\\\/\\\/wia.net.pl\\\/#person\",\"name\":\"Bart\\u0142omiej Talarczyk\",\"image\":{\"@type\":\"ImageObject\",\"@id\":\"https:\\\/\\\/wia.net.pl\\\/index.php\\\/2023\\\/11\\\/28\\\/gdy-zylismy-posrod-elohim-mauro-biglino\\\/#personImage\",\"url\":\"https:\\\/\\\/wia.net.pl\\\/wp-content\\\/uploads\\\/avatar-privacy\\\/cache\\\/user\\\/1\\\/7\\\/176a6b161c58363ff49b5c167264231f519f5c7fa183ca1f61e891769b6b56d5-96.jpg\",\"width\":96,\"height\":96,\"caption\":\"Bart\\u0142omiej Talarczyk\"}},{\"@type\":\"Person\",\"@id\":\"https:\\\/\\\/wia.net.pl\\\/index.php\\\/author\\\/talar\\\/#author\",\"url\":\"https:\\\/\\\/wia.net.pl\\\/index.php\\\/author\\\/talar\\\/\",\"name\":\"Bart\\u0142omiej Talarczyk\",\"image\":{\"@type\":\"ImageObject\",\"@id\":\"https:\\\/\\\/wia.net.pl\\\/index.php\\\/2023\\\/11\\\/28\\\/gdy-zylismy-posrod-elohim-mauro-biglino\\\/#authorImage\",\"url\":\"https:\\\/\\\/wia.net.pl\\\/wp-content\\\/uploads\\\/avatar-privacy\\\/cache\\\/user\\\/1\\\/7\\\/176a6b161c58363ff49b5c167264231f519f5c7fa183ca1f61e891769b6b56d5-96.jpg\",\"width\":96,\"height\":96,\"caption\":\"Bart\\u0142omiej Talarczyk\"}},{\"@type\":\"WebPage\",\"@id\":\"https:\\\/\\\/wia.net.pl\\\/index.php\\\/2023\\\/11\\\/28\\\/gdy-zylismy-posrod-elohim-mauro-biglino\\\/#webpage\",\"url\":\"https:\\\/\\\/wia.net.pl\\\/index.php\\\/2023\\\/11\\\/28\\\/gdy-zylismy-posrod-elohim-mauro-biglino\\\/\",\"name\":\"Gdy \\u017cyli\\u015bmy po\\u015br\\u00f3d Elohim \\u2013 Mauro Biglino - Wolno\\u015b\\u0107 i Anarchia\",\"description\":\"W tym pierwszym (z dw\\u00f3ch) wideo Mauro Biglino analizuje zar\\u00f3wno kanoniczne, jak i apokryficzne fragmenty Starego Testamentu, kt\\u00f3re pokazuj\\u0105 intensywno\\u015b\\u0107 relacji mi\\u0119dzy Adamitami a Elohim przez wiele stuleci. Powstaje niezwyk\\u0142y obraz, kt\\u00f3ry zaczyna si\\u0119 od narodzin Seta, aby kontynuowa\\u0107 niezwyk\\u0142e wydarzenie, kt\\u00f3re mia\\u0142o miejsce w czasach Yareda \\u2026Historia jest kontynuowana w nast\\u0119pnym filmie. \\u0179r\\u00f3d\\u0142o: https:\\\/\\\/www.youtube.com\\\/@MauroBiglinoOfficialChannel\",\"inLanguage\":\"pl-PL\",\"isPartOf\":{\"@id\":\"https:\\\/\\\/wia.net.pl\\\/#website\"},\"breadcrumb\":{\"@id\":\"https:\\\/\\\/wia.net.pl\\\/index.php\\\/2023\\\/11\\\/28\\\/gdy-zylismy-posrod-elohim-mauro-biglino\\\/#breadcrumblist\"},\"author\":{\"@id\":\"https:\\\/\\\/wia.net.pl\\\/index.php\\\/author\\\/talar\\\/#author\"},\"creator\":{\"@id\":\"https:\\\/\\\/wia.net.pl\\\/index.php\\\/author\\\/talar\\\/#author\"},\"image\":{\"@type\":\"ImageObject\",\"url\":\"https:\\\/\\\/wia.net.pl\\\/wp-content\\\/uploads\\\/2023\\\/11\\\/mauro-biglino-gdy-zylismy-posrod-elohim.jpg\",\"@id\":\"https:\\\/\\\/wia.net.pl\\\/index.php\\\/2023\\\/11\\\/28\\\/gdy-zylismy-posrod-elohim-mauro-biglino\\\/#mainImage\",\"width\":1920,\"height\":1080},\"primaryImageOfPage\":{\"@id\":\"https:\\\/\\\/wia.net.pl\\\/index.php\\\/2023\\\/11\\\/28\\\/gdy-zylismy-posrod-elohim-mauro-biglino\\\/#mainImage\"},\"datePublished\":\"2023-11-28T00:08:16+01:00\",\"dateModified\":\"2023-12-08T00:54:33+01:00\"},{\"@type\":\"WebSite\",\"@id\":\"https:\\\/\\\/wia.net.pl\\\/#website\",\"url\":\"https:\\\/\\\/wia.net.pl\\\/\",\"name\":\"Wolno\\u015b\\u0107 i Anarchia\",\"description\":\"Ka\\u017cdy wewn\\u0119trznie jest anarchist\\u0105.\",\"inLanguage\":\"pl-PL\",\"publisher\":{\"@id\":\"https:\\\/\\\/wia.net.pl\\\/#person\"}}]}\n\t\t<\/script>\n\t\t<!-- All in One SEO -->\n\n","aioseo_head_json":{"title":"Gdy \u017cyli\u015bmy po\u015br\u00f3d Elohim \u2013 Mauro Biglino - Wolno\u015b\u0107 i Anarchia","description":"W tym pierwszym (z dw\u00f3ch) wideo Mauro Biglino analizuje zar\u00f3wno kanoniczne, jak i apokryficzne fragmenty Starego Testamentu, kt\u00f3re pokazuj\u0105 intensywno\u015b\u0107 relacji mi\u0119dzy Adamitami a Elohim przez wiele stuleci. Powstaje niezwyk\u0142y obraz, kt\u00f3ry zaczyna si\u0119 od narodzin Seta, aby kontynuowa\u0107 niezwyk\u0142e wydarzenie, kt\u00f3re mia\u0142o miejsce w czasach Yareda \u2026Historia jest kontynuowana w nast\u0119pnym filmie. \u0179r\u00f3d\u0142o: https:\/\/www.youtube.com\/@MauroBiglinoOfficialChannel","canonical_url":"https:\/\/wia.net.pl\/index.php\/2023\/11\/28\/gdy-zylismy-posrod-elohim-mauro-biglino\/","robots":"max-image-preview:large","keywords":"","webmasterTools":{"miscellaneous":""},"schema":{"@context":"https:\/\/schema.org","@graph":[{"@type":"BlogPosting","@id":"https:\/\/wia.net.pl\/index.php\/2023\/11\/28\/gdy-zylismy-posrod-elohim-mauro-biglino\/#blogposting","name":"Gdy \u017cyli\u015bmy po\u015br\u00f3d Elohim \u2013 Mauro Biglino - Wolno\u015b\u0107 i Anarchia","headline":"Gdy \u017cyli\u015bmy po\u015br\u00f3d Elohim &#8211; Mauro Biglino","author":{"@id":"https:\/\/wia.net.pl\/index.php\/author\/talar\/#author"},"publisher":{"@id":"https:\/\/wia.net.pl\/#person"},"image":{"@type":"ImageObject","url":"https:\/\/wia.net.pl\/wp-content\/uploads\/2023\/11\/mauro-biglino-gdy-zylismy-posrod-elohim.jpg","width":1920,"height":1080},"datePublished":"2023-11-28T00:08:16+01:00","dateModified":"2023-12-08T00:54:33+01:00","inLanguage":"pl-PL","mainEntityOfPage":{"@id":"https:\/\/wia.net.pl\/index.php\/2023\/11\/28\/gdy-zylismy-posrod-elohim-mauro-biglino\/#webpage"},"isPartOf":{"@id":"https:\/\/wia.net.pl\/index.php\/2023\/11\/28\/gdy-zylismy-posrod-elohim-mauro-biglino\/#webpage"},"articleSection":"Religie, Cesarstwo Rzymskie, Historia ziemi, Illuminati, Ko\u015bci\u00f3\u0142 katolicki, Ludzko\u015b\u0107, Niewolnictwo, Rz\u0105d, Satanizm, Tajne stowarzyszenia, Wszech\u015bwiat"},{"@type":"BreadcrumbList","@id":"https:\/\/wia.net.pl\/index.php\/2023\/11\/28\/gdy-zylismy-posrod-elohim-mauro-biglino\/#breadcrumblist","itemListElement":[{"@type":"ListItem","@id":"https:\/\/wia.net.pl#listItem","position":1,"name":"Home","item":"https:\/\/wia.net.pl","nextItem":{"@type":"ListItem","@id":"https:\/\/wia.net.pl\/index.php\/category\/religie\/#listItem","name":"Religie"}},{"@type":"ListItem","@id":"https:\/\/wia.net.pl\/index.php\/category\/religie\/#listItem","position":2,"name":"Religie","item":"https:\/\/wia.net.pl\/index.php\/category\/religie\/","nextItem":{"@type":"ListItem","@id":"https:\/\/wia.net.pl\/index.php\/2023\/11\/28\/gdy-zylismy-posrod-elohim-mauro-biglino\/#listItem","name":"Gdy \u017cyli\u015bmy po\u015br\u00f3d Elohim &#8211; Mauro Biglino"},"previousItem":{"@type":"ListItem","@id":"https:\/\/wia.net.pl#listItem","name":"Home"}},{"@type":"ListItem","@id":"https:\/\/wia.net.pl\/index.php\/2023\/11\/28\/gdy-zylismy-posrod-elohim-mauro-biglino\/#listItem","position":3,"name":"Gdy \u017cyli\u015bmy po\u015br\u00f3d Elohim &#8211; Mauro Biglino","previousItem":{"@type":"ListItem","@id":"https:\/\/wia.net.pl\/index.php\/category\/religie\/#listItem","name":"Religie"}}]},{"@type":"Person","@id":"https:\/\/wia.net.pl\/#person","name":"Bart\u0142omiej Talarczyk","image":{"@type":"ImageObject","@id":"https:\/\/wia.net.pl\/index.php\/2023\/11\/28\/gdy-zylismy-posrod-elohim-mauro-biglino\/#personImage","url":"https:\/\/wia.net.pl\/wp-content\/uploads\/avatar-privacy\/cache\/user\/1\/7\/176a6b161c58363ff49b5c167264231f519f5c7fa183ca1f61e891769b6b56d5-96.jpg","width":96,"height":96,"caption":"Bart\u0142omiej Talarczyk"}},{"@type":"Person","@id":"https:\/\/wia.net.pl\/index.php\/author\/talar\/#author","url":"https:\/\/wia.net.pl\/index.php\/author\/talar\/","name":"Bart\u0142omiej Talarczyk","image":{"@type":"ImageObject","@id":"https:\/\/wia.net.pl\/index.php\/2023\/11\/28\/gdy-zylismy-posrod-elohim-mauro-biglino\/#authorImage","url":"https:\/\/wia.net.pl\/wp-content\/uploads\/avatar-privacy\/cache\/user\/1\/7\/176a6b161c58363ff49b5c167264231f519f5c7fa183ca1f61e891769b6b56d5-96.jpg","width":96,"height":96,"caption":"Bart\u0142omiej Talarczyk"}},{"@type":"WebPage","@id":"https:\/\/wia.net.pl\/index.php\/2023\/11\/28\/gdy-zylismy-posrod-elohim-mauro-biglino\/#webpage","url":"https:\/\/wia.net.pl\/index.php\/2023\/11\/28\/gdy-zylismy-posrod-elohim-mauro-biglino\/","name":"Gdy \u017cyli\u015bmy po\u015br\u00f3d Elohim \u2013 Mauro Biglino - Wolno\u015b\u0107 i Anarchia","description":"W tym pierwszym (z dw\u00f3ch) wideo Mauro Biglino analizuje zar\u00f3wno kanoniczne, jak i apokryficzne fragmenty Starego Testamentu, kt\u00f3re pokazuj\u0105 intensywno\u015b\u0107 relacji mi\u0119dzy Adamitami a Elohim przez wiele stuleci. Powstaje niezwyk\u0142y obraz, kt\u00f3ry zaczyna si\u0119 od narodzin Seta, aby kontynuowa\u0107 niezwyk\u0142e wydarzenie, kt\u00f3re mia\u0142o miejsce w czasach Yareda \u2026Historia jest kontynuowana w nast\u0119pnym filmie. \u0179r\u00f3d\u0142o: https:\/\/www.youtube.com\/@MauroBiglinoOfficialChannel","inLanguage":"pl-PL","isPartOf":{"@id":"https:\/\/wia.net.pl\/#website"},"breadcrumb":{"@id":"https:\/\/wia.net.pl\/index.php\/2023\/11\/28\/gdy-zylismy-posrod-elohim-mauro-biglino\/#breadcrumblist"},"author":{"@id":"https:\/\/wia.net.pl\/index.php\/author\/talar\/#author"},"creator":{"@id":"https:\/\/wia.net.pl\/index.php\/author\/talar\/#author"},"image":{"@type":"ImageObject","url":"https:\/\/wia.net.pl\/wp-content\/uploads\/2023\/11\/mauro-biglino-gdy-zylismy-posrod-elohim.jpg","@id":"https:\/\/wia.net.pl\/index.php\/2023\/11\/28\/gdy-zylismy-posrod-elohim-mauro-biglino\/#mainImage","width":1920,"height":1080},"primaryImageOfPage":{"@id":"https:\/\/wia.net.pl\/index.php\/2023\/11\/28\/gdy-zylismy-posrod-elohim-mauro-biglino\/#mainImage"},"datePublished":"2023-11-28T00:08:16+01:00","dateModified":"2023-12-08T00:54:33+01:00"},{"@type":"WebSite","@id":"https:\/\/wia.net.pl\/#website","url":"https:\/\/wia.net.pl\/","name":"Wolno\u015b\u0107 i Anarchia","description":"Ka\u017cdy wewn\u0119trznie jest anarchist\u0105.","inLanguage":"pl-PL","publisher":{"@id":"https:\/\/wia.net.pl\/#person"}}]},"og:locale":"pl_PL","og:site_name":"Wolno\u015b\u0107 i Anarchia - Ka\u017cdy wewn\u0119trznie jest anarchist\u0105.","og:type":"article","og:title":"Gdy \u017cyli\u015bmy po\u015br\u00f3d Elohim \u2013 Mauro Biglino - Wolno\u015b\u0107 i Anarchia","og:description":"W tym pierwszym (z dw\u00f3ch) wideo Mauro Biglino analizuje zar\u00f3wno kanoniczne, jak i apokryficzne fragmenty Starego Testamentu, kt\u00f3re pokazuj\u0105 intensywno\u015b\u0107 relacji mi\u0119dzy Adamitami a Elohim przez wiele stuleci. Powstaje niezwyk\u0142y obraz, kt\u00f3ry zaczyna si\u0119 od narodzin Seta, aby kontynuowa\u0107 niezwyk\u0142e wydarzenie, kt\u00f3re mia\u0142o miejsce w czasach Yareda \u2026Historia jest kontynuowana w nast\u0119pnym filmie. \u0179r\u00f3d\u0142o: https:\/\/www.youtube.com\/@MauroBiglinoOfficialChannel","og:url":"https:\/\/wia.net.pl\/index.php\/2023\/11\/28\/gdy-zylismy-posrod-elohim-mauro-biglino\/","og:image":"https:\/\/wia.net.pl\/wp-content\/uploads\/2023\/11\/cropped-freedom-i73367.jpg","og:image:secure_url":"https:\/\/wia.net.pl\/wp-content\/uploads\/2023\/11\/cropped-freedom-i73367.jpg","article:published_time":"2023-11-27T23:08:16+00:00","article:modified_time":"2023-12-07T23:54:33+00:00","twitter:card":"summary_large_image","twitter:title":"Gdy \u017cyli\u015bmy po\u015br\u00f3d Elohim \u2013 Mauro Biglino - Wolno\u015b\u0107 i Anarchia","twitter:description":"W tym pierwszym (z dw\u00f3ch) wideo Mauro Biglino analizuje zar\u00f3wno kanoniczne, jak i apokryficzne fragmenty Starego Testamentu, kt\u00f3re pokazuj\u0105 intensywno\u015b\u0107 relacji mi\u0119dzy Adamitami a Elohim przez wiele stuleci. Powstaje niezwyk\u0142y obraz, kt\u00f3ry zaczyna si\u0119 od narodzin Seta, aby kontynuowa\u0107 niezwyk\u0142e wydarzenie, kt\u00f3re mia\u0142o miejsce w czasach Yareda \u2026Historia jest kontynuowana w nast\u0119pnym filmie. \u0179r\u00f3d\u0142o: https:\/\/www.youtube.com\/@MauroBiglinoOfficialChannel","twitter:image":"https:\/\/wia.net.pl\/wp-content\/uploads\/2023\/11\/cropped-freedom-i73367.jpg"},"aioseo_meta_data":{"post_id":"5747","title":null,"description":null,"keywords":[],"keyphrases":{"focus":{"keyphrase":"","score":0,"analysis":{"keyphraseInTitle":{"score":0,"maxScore":9,"error":1}}},"additional":[]},"primary_term":null,"canonical_url":null,"og_title":null,"og_description":null,"og_object_type":"default","og_image_type":"default","og_image_url":null,"og_image_width":null,"og_image_height":null,"og_image_custom_url":null,"og_image_custom_fields":null,"og_video":"","og_custom_url":null,"og_article_section":null,"og_article_tags":[],"twitter_use_og":false,"twitter_card":"default","twitter_image_type":"default","twitter_image_url":null,"twitter_image_custom_url":null,"twitter_image_custom_fields":null,"twitter_title":null,"twitter_description":null,"schema":{"blockGraphs":[],"customGraphs":[],"default":{"data":{"Article":[],"Course":[],"Dataset":[],"FAQPage":[],"Movie":[],"Person":[],"Product":[],"ProductReview":[],"Car":[],"Recipe":[],"Service":[],"SoftwareApplication":[],"WebPage":[]},"graphName":"BlogPosting","isEnabled":true},"graphs":[]},"schema_type":"default","schema_type_options":null,"pillar_content":false,"robots_default":true,"robots_noindex":false,"robots_noarchive":false,"robots_nosnippet":false,"robots_nofollow":false,"robots_noimageindex":false,"robots_noodp":false,"robots_notranslate":false,"robots_max_snippet":"-1","robots_max_videopreview":"-1","robots_max_imagepreview":"large","priority":null,"frequency":"default","local_seo":null,"breadcrumb_settings":null,"limit_modified_date":false,"ai":null,"created":"2023-11-27 23:08:17","updated":"2025-06-04 09:46:43","seo_analyzer_scan_date":null,"focus_keyword":null,"additional_keywords":null,"truseo_locale":null},"aioseo_breadcrumb":"<div class=\"aioseo-breadcrumbs\"><span class=\"aioseo-breadcrumb\">\n\t\t\t<a href=\"https:\/\/wia.net.pl\" title=\"Home\">Home<\/a>\n\t\t<\/span><span class=\"aioseo-breadcrumb-separator\">&raquo;<\/span><span class=\"aioseo-breadcrumb\">\n\t\t\t<a href=\"https:\/\/wia.net.pl\/index.php\/category\/religie\/\" title=\"Religie\">Religie<\/a>\n\t\t<\/span><span class=\"aioseo-breadcrumb-separator\">&raquo;<\/span><span class=\"aioseo-breadcrumb\">\n\t\t\tGdy \u017cyli\u015bmy po\u015br\u00f3d Elohim \u2013 Mauro Biglino\n\t\t<\/span><\/div>","aioseo_breadcrumb_json":[{"label":"Home","link":"https:\/\/wia.net.pl"},{"label":"Religie","link":"https:\/\/wia.net.pl\/index.php\/category\/religie\/"},{"label":"Gdy \u017cyli\u015bmy po\u015br\u00f3d Elohim &#8211; Mauro Biglino","link":"https:\/\/wia.net.pl\/index.php\/2023\/11\/28\/gdy-zylismy-posrod-elohim-mauro-biglino\/"}],"_links":{"self":[{"href":"https:\/\/wia.net.pl\/index.php\/wp-json\/wp\/v2\/posts\/5747"}],"collection":[{"href":"https:\/\/wia.net.pl\/index.php\/wp-json\/wp\/v2\/posts"}],"about":[{"href":"https:\/\/wia.net.pl\/index.php\/wp-json\/wp\/v2\/types\/post"}],"author":[{"embeddable":true,"href":"https:\/\/wia.net.pl\/index.php\/wp-json\/wp\/v2\/users\/3"}],"replies":[{"embeddable":true,"href":"https:\/\/wia.net.pl\/index.php\/wp-json\/wp\/v2\/comments?post=5747"}],"version-history":[{"count":1,"href":"https:\/\/wia.net.pl\/index.php\/wp-json\/wp\/v2\/posts\/5747\/revisions"}],"predecessor-version":[{"id":5750,"href":"https:\/\/wia.net.pl\/index.php\/wp-json\/wp\/v2\/posts\/5747\/revisions\/5750"}],"wp:featuredmedia":[{"embeddable":true,"href":"https:\/\/wia.net.pl\/index.php\/wp-json\/wp\/v2\/media\/5748"}],"wp:attachment":[{"href":"https:\/\/wia.net.pl\/index.php\/wp-json\/wp\/v2\/media?parent=5747"}],"wp:term":[{"taxonomy":"category","embeddable":true,"href":"https:\/\/wia.net.pl\/index.php\/wp-json\/wp\/v2\/categories?post=5747"},{"taxonomy":"post_tag","embeddable":true,"href":"https:\/\/wia.net.pl\/index.php\/wp-json\/wp\/v2\/tags?post=5747"}],"curies":[{"name":"wp","href":"https:\/\/api.w.org\/{rel}","templated":true}]}}