{"id":5757,"date":"2023-11-28T02:34:50","date_gmt":"2023-11-28T01:34:50","guid":{"rendered":"https:\/\/wia.net.pl\/?p=5757"},"modified":"2023-11-28T02:34:52","modified_gmt":"2023-11-28T01:34:52","slug":"papiez-gratuluje-nazwania-go-przedstawicielem-szatana","status":"publish","type":"post","link":"https:\/\/wia.net.pl\/index.php\/2023\/11\/28\/papiez-gratuluje-nazwania-go-przedstawicielem-szatana\/","title":{"rendered":"Papie\u017c gratuluje nazwania go przedstawicielem szatana"},"content":{"rendered":"\n<p><a href=\"https:\/\/leozagami.com\/2023\/11\/23\/francis-invites-transgenders-for-lunch-and-calls-milei-to-congratulate-him-after-he-calls-him-satans-representative\/\">Franciszek zaprasza osoby transp\u0142ciowe na lunch i dzwoni do Milei, aby mu pogratulowa\u0107 po tym, jak nazywa go przedstawicielem szatana!<\/a><\/p>\n\n\n\n<figure class=\"wp-block-image size-large\"><img loading=\"lazy\" decoding=\"async\" width=\"1024\" height=\"576\" src=\"https:\/\/wia.net.pl\/wp-content\/uploads\/2023\/11\/1802059528JPG-1536x864-1-1024x576.webp\" alt=\"\" class=\"wp-image-5758\" srcset=\"https:\/\/wia.net.pl\/wp-content\/uploads\/2023\/11\/1802059528JPG-1536x864-1-1024x576.webp 1024w, https:\/\/wia.net.pl\/wp-content\/uploads\/2023\/11\/1802059528JPG-1536x864-1-300x169.webp 300w, https:\/\/wia.net.pl\/wp-content\/uploads\/2023\/11\/1802059528JPG-1536x864-1-768x432.webp 768w, https:\/\/wia.net.pl\/wp-content\/uploads\/2023\/11\/1802059528JPG-1536x864-1-480x270.webp 480w, https:\/\/wia.net.pl\/wp-content\/uploads\/2023\/11\/1802059528JPG-1536x864-1-128x72.webp 128w, https:\/\/wia.net.pl\/wp-content\/uploads\/2023\/11\/1802059528JPG-1536x864-1.webp 1536w\" sizes=\"(max-width: 1024px) 100vw, 1024px\" \/><\/figure>\n\n\n\n<p>Artyku\u0142&nbsp;<em>autorstwa Leo Zagamiego<\/em><\/p>\n\n\n\n<p>To by\u0142 \u201edziwny\u201d i intensywny tydzie\u0144 dla papie\u017ca Franciszka, kt\u00f3ry 19 listopada 2023 r. po raz pierwszy przyj\u0105\u0142 grup\u0119 transp\u0142ciowych kobiet, g\u0142\u00f3wnie z Ameryki Po\u0142udniowej, \u201ez kt\u00f3rymi nawi\u0105za\u0142 sta\u0142y kontakt\u201d \u2013 m\u00f3wi katolicka organizacja LGBTQ New Ways Ministry&nbsp;&nbsp;&nbsp;<em>.<\/em>&nbsp;&nbsp;w kt\u00f3rym wskazano r\u00f3wnie\u017c, \u017ce kobiety transp\u0142ciowe zjad\u0142y \u201eobiad w Watykanie z okazji ko\u015bcielnego \u015awiatowego Dnia Ubogich\u201d.&nbsp;<a href=\"applewebdata:\/\/92673254-BD72-4425-A213-0180E4777545#_ftn1\"><sup>[1]<\/sup><\/a>&nbsp;&nbsp;&nbsp;Film opublikowany przez&nbsp;&nbsp;<em>Associated Press&nbsp;<\/em>&nbsp;pokazuje, \u017ce \u201edwie kobiety transp\u0142ciowe, Victoria Salas i Laura Esquivel, usiad\u0142y przy stole papieskim\u201d.<\/p>\n\n\n\n<p>&nbsp;&nbsp;&nbsp;&nbsp;&nbsp;&nbsp;&nbsp;&nbsp;&nbsp;&nbsp;&nbsp;&nbsp;Jak napisa\u0142em w&nbsp;&nbsp;<em>tomie 9<\/em>&nbsp;&nbsp;moich&nbsp;&nbsp;<em>Wyzna\u0144<\/em>&nbsp;:<\/p>\n\n\n\n<p><em>Transhumanizm post\u0119puje, tak\u017ce pod przykrywk\u0105 transp\u0142ciowo\u015bci.&nbsp;Tymczasem nasze spo\u0142ecze\u0144stwo stopniowo popada w stan wiecznego z\u0142a, za spraw\u0105 ci\u0105g\u0142ej propagandy demonicznej, kt\u00f3r\u0105 wpychaj\u0105 nie tylko kino, sztuka i wi\u0119kszo\u015b\u0107 gatunk\u00f3w muzycznych, co szczeg\u00f3\u0142owo pokaza\u0142em w poprzednim tomie moich Wyzna\u0144, ale tak\u017ce przez najwa\u017cniejsze instytucje religijne i polityczne.&nbsp;<\/em><em>&nbsp;&nbsp;&nbsp;&nbsp;&nbsp;&nbsp;&nbsp;&nbsp;<\/em><em><\/em><\/p>\n\n\n\n<p>&nbsp;&nbsp;&nbsp;&nbsp;&nbsp;&nbsp;&nbsp;Menu na wspomniany lunch r\u00f3wnie\u017c wzbudzi\u0142o zdziwienie w\u015br\u00f3d uczestnik\u00f3w, a wyb\u00f3r mo\u017cna okre\u015bli\u0107 co najmniej jako bardzo perwersyjny, obejmuj\u0105cy cannelloni nadziewane szpinakiem i ricott\u0105, kt\u00f3re najwyra\u017aniej wygl\u0105da\u0142o jak penis, a nast\u0119pnie klopsiki w pomidorze sos bazyliowy, kt\u00f3ry oczywi\u015bcie wygl\u0105da\u0142 jak kulki z tiramisu na deser, co po w\u0142osku oznacza wstawaj.<\/p>\n\n\n\n<figure class=\"wp-block-image\"><img decoding=\"async\" src=\"http:\/\/leozagami.com\/wp-content\/uploads\/2023\/11\/Pope-Francis-presides-over-the-mass-for-the-World-Day-of-the-Poo.webp\" alt=\"\" class=\"wp-image-9465\"\/><\/figure>\n\n\n\n<p>Wed\u0142ug&nbsp; \u017ar\u00f3de\u0142&nbsp;<em>La Libertad Avanza&nbsp;<\/em>&nbsp;(LLA) &nbsp;&nbsp;&nbsp;&nbsp;&nbsp;&nbsp;&nbsp;dwa dni p\u00f3\u017aniej&nbsp;&nbsp;<strong>papie\u017c Franciszek&nbsp;<\/strong>&nbsp;znalaz\u0142 si\u0119 w niezr\u0119cznej sytuacji,&nbsp;&nbsp;<strong>kiedy zadzwoni\u0142 do prezydenta-elekta Javiera Milei,&nbsp;<\/strong>&nbsp;aby pogratulowa\u0107 mu zwyci\u0119stwa .&nbsp;\u0179r\u00f3d\u0142a te doda\u0142y, \u017ce podczas rozmowy Milei zaprosi\u0142a argenty\u0144skiego papie\u017ca do odwiedzenia jego rodzinnego kraju w przysz\u0142ym roku.&nbsp;Zadzwoni\u0142 do niego Jorge Bergoglio podczas udzielania wywiadu dla&nbsp; kana\u0142u&nbsp;<em>La Naci\u00f3n+<\/em>&nbsp;&nbsp;w hotelu Libertador, jego de facto siedzibie politycznej.<em><\/em><em><\/em><\/p>\n\n\n\n<p>&nbsp;&nbsp;&nbsp;&nbsp;&nbsp;&nbsp;&nbsp;Milei&nbsp;&nbsp;<a href=\"https:\/\/buenosairesherald.com\/politics\/tucker-carlson-interviews-javier-milei-for-x-twitter-series\">okre\u015bli\u0142a wcze\u015bniej papie\u017ca jako&nbsp;<\/a>&nbsp;\u201eprzedstawiciela Z\u0142ego na ziemi\u201d i oskar\u017cy\u0142a papie\u017ca o \u201epowinowactwa z morderczymi komunistami\u201d.&nbsp;Libertaria\u0144ski mentor Milei, Benegas Lynch, nawo\u0142ywa\u0142 nawet do&nbsp;&nbsp;<a href=\"https:\/\/buenosairesherald.com\/politics\/milei-libertarian-mentor-calls-to-cut-ties-with-the-vatican-if-lla-wins\">zerwania stosunk\u00f3w dyplomatycznych z Watykanem&nbsp;<\/a>&nbsp;podczas wiecu zamykaj\u0105cego kampani\u0119 LLA przed pierwsz\u0105 tur\u0105.<\/p>\n\n\n\n<p>Jednak podczas pierwszej debaty prezydenckiej obaj spotkali si\u0119 z Milei, kt\u00f3ra jest tak\u017ce cz\u0142onkiem kontrolowanego przez jezuit\u00f3w \u015awiatowego Forum Ekonomicznego&nbsp;<a href=\"applewebdata:\/\/92673254-BD72-4425-A213-0180E4777545#_ftn2\"><sup>[2]<\/sup><\/a>&nbsp;, &nbsp;kt\u00f3ry powiedzia\u0142, \u017ce przeprosi\u0142 Papie\u017ca.&nbsp;\u201eJe\u015bli papie\u017c b\u0119dzie chcia\u0142 przyjecha\u0107 do Argentyny, b\u0119dzie szanowany nie tylko jako g\u0142owa pa\u0144stwa, ale tak\u017ce jako przyw\u00f3dca Ko\u015bcio\u0142a katolickiego\u201d \u2013 powiedzia\u0142 w\u00f3wczas.<\/p>\n\n\n\n<p>&nbsp;&nbsp;&nbsp;&nbsp;&nbsp;&nbsp;&nbsp;Papie\u017c Franciszek nie wr\u00f3ci\u0142 do Argentyny od czasu wyjazdu do&nbsp;&nbsp;<a href=\"https:\/\/buenosairesherald.com\/society\/pope-francis-decade-in-power-his-key-statements\">Watykanu dziesi\u0119\u0107 lat temu<\/a>&nbsp;&nbsp;i w kwietniu ujawni\u0142, \u017ce planuje wizyt\u0119 w 2024 r., kiedy mo\u017ce w ko\u0144cu zrezygnowa\u0107, aby unikn\u0105\u0107 spotkania z kolejnym prezydentem Stan\u00f3w Zjednoczonych\u2026 (uwaga spoiler: Donald J. . Atut.).<\/p>\n\n\n\n<hr class=\"wp-block-separator has-alpha-channel-opacity\"\/>\n\n\n\n<p><a href=\"applewebdata:\/\/92673254-BD72-4425-A213-0180E4777545#_ftnref1\"><sup>[1]<\/sup><\/a>&nbsp;&nbsp;&nbsp;&nbsp;&nbsp;&nbsp;&nbsp;<a href=\"https:\/\/www.newwaysministry.org\/2023\/11\/22\/pope-francis-hosts-transgender-women-for-vatican-luncheon\/\">&nbsp;https:\/\/www.newwaysministry.org\/2023\/11\/22\/pope-francis-hosts-transgender-women-for-vatican-luncheon\/<\/a><\/p>\n\n\n\n<p><a href=\"applewebdata:\/\/92673254-BD72-4425-A213-0180E4777545#_ftnref2\"><sup>[2]<\/sup><\/a>&nbsp;&nbsp;&nbsp;&nbsp;&nbsp;&nbsp;&nbsp;&nbsp;<a href=\"https:\/\/www.weforum.org\/people\/javier-gerardo-milei\/\">&nbsp;https:\/\/www.weforum.org\/people\/javier-gerardo-milei\/<\/a><\/p>\n\n\n\n<p>UWAGA Najwa\u017cniejsza ksi\u0105\u017cka Leo Zagamiego jest ju\u017c dost\u0119pna!&nbsp;<em><strong>Wyznania iluminat\u00f3w, tom 9: Siedem krok\u00f3w do tajemnic chaosu Nowego \u015awiata, od transhumanizmu i nie\u015bmiertelno\u015bci do gnostyckiego Jezusa, UFO i czar\u00f3w owad\u00f3w<\/strong><\/em><\/p>\n\n\n\n<p>\u0179r\u00f3d\u0142o <a href=\"https:\/\/leozagami.com\/2023\/11\/23\/francis-invites-transgenders-for-lunch-and-calls-milei-to-congratulate-him-after-he-calls-him-satans-representative\/\">https:\/\/leozagami.com\/2023\/11\/23\/francis-invites-transgenders-for-lunch-and-calls-milei-to-congratulate-him-after-he-calls-him-satans-representative\/<\/a><\/p>\n","protected":false},"excerpt":{"rendered":"<p>Franciszek zaprasza osoby transp\u0142ciowe na lunch i dzwoni do Milei, aby mu pogratulowa\u0107 po tym, jak nazywa go przedstawicielem szatana! Artyku\u0142&nbsp;autorstwa Leo Zagamiego To by\u0142 \u201edziwny\u201d i intensywny tydzie\u0144 dla papie\u017ca Franciszka, kt\u00f3ry 19 listopada 2023 r. po raz pierwszy&#8230; <\/p>\n","protected":false},"author":2,"featured_media":5759,"comment_status":"open","ping_status":"open","sticky":false,"template":"","format":"standard","meta":{"_acf_changed":false,"_bbp_topic_count":0,"_bbp_reply_count":0,"_bbp_total_topic_count":0,"_bbp_total_reply_count":0,"_bbp_voice_count":0,"_bbp_anonymous_reply_count":0,"_bbp_topic_count_hidden":0,"_bbp_reply_count_hidden":0,"_bbp_forum_subforum_count":0,"om_disable_all_campaigns":false,"_monsterinsights_skip_tracking":false,"footnotes":""},"categories":[93],"tags":[],"class_list":["post-5757","post","type-post","status-publish","format-standard","has-post-thumbnail","hentry","category-artykuly"],"acf":[],"aioseo_notices":[],"aioseo_head":"\n\t\t<!-- All in One SEO 5.0.1.1 - aioseo.com -->\n\t<meta name=\"description\" content=\"Franciszek zaprasza osoby transp\u0142ciowe na lunch i dzwoni do Milei, aby mu pogratulowa\u0107 po tym, jak nazywa go przedstawicielem szatana! Artyku\u0142 autorstwa Leo Zagamiego To by\u0142 \u201edziwny\u201d i intensywny tydzie\u0144 dla papie\u017ca Franciszka, kt\u00f3ry 19 listopada 2023 r. po raz pierwszy przyj\u0105\u0142 grup\u0119 transp\u0142ciowych kobiet, g\u0142\u00f3wnie z Ameryki Po\u0142udniowej, \u201ez kt\u00f3rymi nawi\u0105za\u0142 sta\u0142y kontakt\u201d \u2013 m\u00f3wi\" \/>\n\t<meta name=\"robots\" content=\"max-image-preview:large\" \/>\n\t<meta name=\"author\" content=\"trinity\"\/>\n\t<link rel=\"canonical\" href=\"https:\/\/wia.net.pl\/index.php\/2023\/11\/28\/papiez-gratuluje-nazwania-go-przedstawicielem-szatana\/\" \/>\n\t<meta name=\"generator\" content=\"All in One SEO (AIOSEO) 5.0.1.1\" \/>\n\t\t<meta property=\"og:locale\" content=\"pl_PL\" \/>\n\t\t<meta property=\"og:site_name\" content=\"Wolno\u015b\u0107 i Anarchia - Ka\u017cdy wewn\u0119trznie jest anarchist\u0105.\" \/>\n\t\t<meta property=\"og:type\" content=\"article\" \/>\n\t\t<meta property=\"og:title\" content=\"Papie\u017c gratuluje nazwania go przedstawicielem szatana - Wolno\u015b\u0107 i Anarchia\" \/>\n\t\t<meta property=\"og:description\" content=\"Franciszek zaprasza osoby transp\u0142ciowe na lunch i dzwoni do Milei, aby mu pogratulowa\u0107 po tym, jak nazywa go przedstawicielem szatana! Artyku\u0142 autorstwa Leo Zagamiego To by\u0142 \u201edziwny\u201d i intensywny tydzie\u0144 dla papie\u017ca Franciszka, kt\u00f3ry 19 listopada 2023 r. po raz pierwszy przyj\u0105\u0142 grup\u0119 transp\u0142ciowych kobiet, g\u0142\u00f3wnie z Ameryki Po\u0142udniowej, \u201ez kt\u00f3rymi nawi\u0105za\u0142 sta\u0142y kontakt\u201d \u2013 m\u00f3wi\" \/>\n\t\t<meta property=\"og:url\" content=\"https:\/\/wia.net.pl\/index.php\/2023\/11\/28\/papiez-gratuluje-nazwania-go-przedstawicielem-szatana\/\" \/>\n\t\t<meta property=\"og:image\" content=\"https:\/\/wia.net.pl\/wp-content\/uploads\/2023\/11\/cropped-freedom-i73367.jpg\" \/>\n\t\t<meta property=\"og:image:secure_url\" content=\"https:\/\/wia.net.pl\/wp-content\/uploads\/2023\/11\/cropped-freedom-i73367.jpg\" \/>\n\t\t<meta property=\"article:published_time\" content=\"2023-11-28T01:34:50+00:00\" \/>\n\t\t<meta property=\"article:modified_time\" content=\"2023-11-28T01:34:52+00:00\" \/>\n\t\t<meta name=\"twitter:card\" content=\"summary_large_image\" \/>\n\t\t<meta name=\"twitter:title\" content=\"Papie\u017c gratuluje nazwania go przedstawicielem szatana - Wolno\u015b\u0107 i Anarchia\" \/>\n\t\t<meta name=\"twitter:description\" content=\"Franciszek zaprasza osoby transp\u0142ciowe na lunch i dzwoni do Milei, aby mu pogratulowa\u0107 po tym, jak nazywa go przedstawicielem szatana! Artyku\u0142 autorstwa Leo Zagamiego To by\u0142 \u201edziwny\u201d i intensywny tydzie\u0144 dla papie\u017ca Franciszka, kt\u00f3ry 19 listopada 2023 r. po raz pierwszy przyj\u0105\u0142 grup\u0119 transp\u0142ciowych kobiet, g\u0142\u00f3wnie z Ameryki Po\u0142udniowej, \u201ez kt\u00f3rymi nawi\u0105za\u0142 sta\u0142y kontakt\u201d \u2013 m\u00f3wi\" \/>\n\t\t<meta name=\"twitter:image\" content=\"https:\/\/wia.net.pl\/wp-content\/uploads\/2023\/11\/cropped-freedom-i73367.jpg\" \/>\n\t\t<script type=\"application\/ld+json\" class=\"aioseo-schema\">\n\t\t\t{\"@context\":\"https:\\\/\\\/schema.org\",\"@graph\":[{\"@type\":\"BlogPosting\",\"@id\":\"https:\\\/\\\/wia.net.pl\\\/index.php\\\/2023\\\/11\\\/28\\\/papiez-gratuluje-nazwania-go-przedstawicielem-szatana\\\/#blogposting\",\"name\":\"Papie\\u017c gratuluje nazwania go przedstawicielem szatana - Wolno\\u015b\\u0107 i Anarchia\",\"headline\":\"Papie\\u017c gratuluje nazwania go przedstawicielem szatana\",\"author\":{\"@id\":\"https:\\\/\\\/wia.net.pl\\\/index.php\\\/author\\\/trinity\\\/#author\"},\"publisher\":{\"@id\":\"https:\\\/\\\/wia.net.pl\\\/#person\"},\"image\":{\"@type\":\"ImageObject\",\"url\":\"https:\\\/\\\/wia.net.pl\\\/wp-content\\\/uploads\\\/2023\\\/11\\\/Papiez-gratuluje-nazwania-go-przedstawicielem-szatana.jpg\",\"width\":1920,\"height\":1080},\"datePublished\":\"2023-11-28T02:34:50+01:00\",\"dateModified\":\"2023-11-28T02:34:52+01:00\",\"inLanguage\":\"pl-PL\",\"mainEntityOfPage\":{\"@id\":\"https:\\\/\\\/wia.net.pl\\\/index.php\\\/2023\\\/11\\\/28\\\/papiez-gratuluje-nazwania-go-przedstawicielem-szatana\\\/#webpage\"},\"isPartOf\":{\"@id\":\"https:\\\/\\\/wia.net.pl\\\/index.php\\\/2023\\\/11\\\/28\\\/papiez-gratuluje-nazwania-go-przedstawicielem-szatana\\\/#webpage\"},\"articleSection\":\"Artyku\\u0142y\"},{\"@type\":\"BreadcrumbList\",\"@id\":\"https:\\\/\\\/wia.net.pl\\\/index.php\\\/2023\\\/11\\\/28\\\/papiez-gratuluje-nazwania-go-przedstawicielem-szatana\\\/#breadcrumblist\",\"itemListElement\":[{\"@type\":\"ListItem\",\"@id\":\"https:\\\/\\\/wia.net.pl#listItem\",\"position\":1,\"name\":\"Home\",\"item\":\"https:\\\/\\\/wia.net.pl\",\"nextItem\":{\"@type\":\"ListItem\",\"@id\":\"https:\\\/\\\/wia.net.pl\\\/index.php\\\/category\\\/artykuly\\\/#listItem\",\"name\":\"Artyku\\u0142y\"}},{\"@type\":\"ListItem\",\"@id\":\"https:\\\/\\\/wia.net.pl\\\/index.php\\\/category\\\/artykuly\\\/#listItem\",\"position\":2,\"name\":\"Artyku\\u0142y\",\"item\":\"https:\\\/\\\/wia.net.pl\\\/index.php\\\/category\\\/artykuly\\\/\",\"nextItem\":{\"@type\":\"ListItem\",\"@id\":\"https:\\\/\\\/wia.net.pl\\\/index.php\\\/2023\\\/11\\\/28\\\/papiez-gratuluje-nazwania-go-przedstawicielem-szatana\\\/#listItem\",\"name\":\"Papie\\u017c gratuluje nazwania go przedstawicielem szatana\"},\"previousItem\":{\"@type\":\"ListItem\",\"@id\":\"https:\\\/\\\/wia.net.pl#listItem\",\"name\":\"Home\"}},{\"@type\":\"ListItem\",\"@id\":\"https:\\\/\\\/wia.net.pl\\\/index.php\\\/2023\\\/11\\\/28\\\/papiez-gratuluje-nazwania-go-przedstawicielem-szatana\\\/#listItem\",\"position\":3,\"name\":\"Papie\\u017c gratuluje nazwania go przedstawicielem szatana\",\"previousItem\":{\"@type\":\"ListItem\",\"@id\":\"https:\\\/\\\/wia.net.pl\\\/index.php\\\/category\\\/artykuly\\\/#listItem\",\"name\":\"Artyku\\u0142y\"}}]},{\"@type\":\"Person\",\"@id\":\"https:\\\/\\\/wia.net.pl\\\/#person\",\"name\":\"Bart\\u0142omiej Talarczyk\",\"image\":{\"@type\":\"ImageObject\",\"@id\":\"https:\\\/\\\/wia.net.pl\\\/index.php\\\/2023\\\/11\\\/28\\\/papiez-gratuluje-nazwania-go-przedstawicielem-szatana\\\/#personImage\",\"url\":\"https:\\\/\\\/wia.net.pl\\\/wp-content\\\/uploads\\\/avatar-privacy\\\/cache\\\/user\\\/1\\\/7\\\/176a6b161c58363ff49b5c167264231f519f5c7fa183ca1f61e891769b6b56d5-96.jpg\",\"width\":96,\"height\":96,\"caption\":\"Bart\\u0142omiej Talarczyk\"}},{\"@type\":\"Person\",\"@id\":\"https:\\\/\\\/wia.net.pl\\\/index.php\\\/author\\\/trinity\\\/#author\",\"url\":\"https:\\\/\\\/wia.net.pl\\\/index.php\\\/author\\\/trinity\\\/\",\"name\":\"trinity\",\"image\":{\"@type\":\"ImageObject\",\"@id\":\"https:\\\/\\\/wia.net.pl\\\/index.php\\\/2023\\\/11\\\/28\\\/papiez-gratuluje-nazwania-go-przedstawicielem-szatana\\\/#authorImage\",\"url\":\"https:\\\/\\\/wia.net.pl\\\/wp-content\\\/uploads\\\/avatar-privacy\\\/cache\\\/user\\\/5\\\/f\\\/5f6547cf82495eaa10e100a6a45d5dbde2dfdc1be88557de2018fca705bdf6f1-96.jpg\",\"width\":96,\"height\":96,\"caption\":\"trinity\"}},{\"@type\":\"WebPage\",\"@id\":\"https:\\\/\\\/wia.net.pl\\\/index.php\\\/2023\\\/11\\\/28\\\/papiez-gratuluje-nazwania-go-przedstawicielem-szatana\\\/#webpage\",\"url\":\"https:\\\/\\\/wia.net.pl\\\/index.php\\\/2023\\\/11\\\/28\\\/papiez-gratuluje-nazwania-go-przedstawicielem-szatana\\\/\",\"name\":\"Papie\\u017c gratuluje nazwania go przedstawicielem szatana - Wolno\\u015b\\u0107 i Anarchia\",\"description\":\"Franciszek zaprasza osoby transp\\u0142ciowe na lunch i dzwoni do Milei, aby mu pogratulowa\\u0107 po tym, jak nazywa go przedstawicielem szatana! Artyku\\u0142 autorstwa Leo Zagamiego To by\\u0142 \\u201edziwny\\u201d i intensywny tydzie\\u0144 dla papie\\u017ca Franciszka, kt\\u00f3ry 19 listopada 2023 r. po raz pierwszy przyj\\u0105\\u0142 grup\\u0119 transp\\u0142ciowych kobiet, g\\u0142\\u00f3wnie z Ameryki Po\\u0142udniowej, \\u201ez kt\\u00f3rymi nawi\\u0105za\\u0142 sta\\u0142y kontakt\\u201d \\u2013 m\\u00f3wi\",\"inLanguage\":\"pl-PL\",\"isPartOf\":{\"@id\":\"https:\\\/\\\/wia.net.pl\\\/#website\"},\"breadcrumb\":{\"@id\":\"https:\\\/\\\/wia.net.pl\\\/index.php\\\/2023\\\/11\\\/28\\\/papiez-gratuluje-nazwania-go-przedstawicielem-szatana\\\/#breadcrumblist\"},\"author\":{\"@id\":\"https:\\\/\\\/wia.net.pl\\\/index.php\\\/author\\\/trinity\\\/#author\"},\"creator\":{\"@id\":\"https:\\\/\\\/wia.net.pl\\\/index.php\\\/author\\\/trinity\\\/#author\"},\"image\":{\"@type\":\"ImageObject\",\"url\":\"https:\\\/\\\/wia.net.pl\\\/wp-content\\\/uploads\\\/2023\\\/11\\\/Papiez-gratuluje-nazwania-go-przedstawicielem-szatana.jpg\",\"@id\":\"https:\\\/\\\/wia.net.pl\\\/index.php\\\/2023\\\/11\\\/28\\\/papiez-gratuluje-nazwania-go-przedstawicielem-szatana\\\/#mainImage\",\"width\":1920,\"height\":1080},\"primaryImageOfPage\":{\"@id\":\"https:\\\/\\\/wia.net.pl\\\/index.php\\\/2023\\\/11\\\/28\\\/papiez-gratuluje-nazwania-go-przedstawicielem-szatana\\\/#mainImage\"},\"datePublished\":\"2023-11-28T02:34:50+01:00\",\"dateModified\":\"2023-11-28T02:34:52+01:00\"},{\"@type\":\"WebSite\",\"@id\":\"https:\\\/\\\/wia.net.pl\\\/#website\",\"url\":\"https:\\\/\\\/wia.net.pl\\\/\",\"name\":\"Wolno\\u015b\\u0107 i Anarchia\",\"description\":\"Ka\\u017cdy wewn\\u0119trznie jest anarchist\\u0105.\",\"inLanguage\":\"pl-PL\",\"publisher\":{\"@id\":\"https:\\\/\\\/wia.net.pl\\\/#person\"}}]}\n\t\t<\/script>\n\t\t<!-- All in One SEO -->\n\n","aioseo_head_json":{"title":"Papie\u017c gratuluje nazwania go przedstawicielem szatana - Wolno\u015b\u0107 i Anarchia","description":"Franciszek zaprasza osoby transp\u0142ciowe na lunch i dzwoni do Milei, aby mu pogratulowa\u0107 po tym, jak nazywa go przedstawicielem szatana! Artyku\u0142 autorstwa Leo Zagamiego To by\u0142 \u201edziwny\u201d i intensywny tydzie\u0144 dla papie\u017ca Franciszka, kt\u00f3ry 19 listopada 2023 r. po raz pierwszy przyj\u0105\u0142 grup\u0119 transp\u0142ciowych kobiet, g\u0142\u00f3wnie z Ameryki Po\u0142udniowej, \u201ez kt\u00f3rymi nawi\u0105za\u0142 sta\u0142y kontakt\u201d \u2013 m\u00f3wi","canonical_url":"https:\/\/wia.net.pl\/index.php\/2023\/11\/28\/papiez-gratuluje-nazwania-go-przedstawicielem-szatana\/","robots":"max-image-preview:large","keywords":"","webmasterTools":{"miscellaneous":""},"schema":{"@context":"https:\/\/schema.org","@graph":[{"@type":"BlogPosting","@id":"https:\/\/wia.net.pl\/index.php\/2023\/11\/28\/papiez-gratuluje-nazwania-go-przedstawicielem-szatana\/#blogposting","name":"Papie\u017c gratuluje nazwania go przedstawicielem szatana - Wolno\u015b\u0107 i Anarchia","headline":"Papie\u017c gratuluje nazwania go przedstawicielem szatana","author":{"@id":"https:\/\/wia.net.pl\/index.php\/author\/trinity\/#author"},"publisher":{"@id":"https:\/\/wia.net.pl\/#person"},"image":{"@type":"ImageObject","url":"https:\/\/wia.net.pl\/wp-content\/uploads\/2023\/11\/Papiez-gratuluje-nazwania-go-przedstawicielem-szatana.jpg","width":1920,"height":1080},"datePublished":"2023-11-28T02:34:50+01:00","dateModified":"2023-11-28T02:34:52+01:00","inLanguage":"pl-PL","mainEntityOfPage":{"@id":"https:\/\/wia.net.pl\/index.php\/2023\/11\/28\/papiez-gratuluje-nazwania-go-przedstawicielem-szatana\/#webpage"},"isPartOf":{"@id":"https:\/\/wia.net.pl\/index.php\/2023\/11\/28\/papiez-gratuluje-nazwania-go-przedstawicielem-szatana\/#webpage"},"articleSection":"Artyku\u0142y"},{"@type":"BreadcrumbList","@id":"https:\/\/wia.net.pl\/index.php\/2023\/11\/28\/papiez-gratuluje-nazwania-go-przedstawicielem-szatana\/#breadcrumblist","itemListElement":[{"@type":"ListItem","@id":"https:\/\/wia.net.pl#listItem","position":1,"name":"Home","item":"https:\/\/wia.net.pl","nextItem":{"@type":"ListItem","@id":"https:\/\/wia.net.pl\/index.php\/category\/artykuly\/#listItem","name":"Artyku\u0142y"}},{"@type":"ListItem","@id":"https:\/\/wia.net.pl\/index.php\/category\/artykuly\/#listItem","position":2,"name":"Artyku\u0142y","item":"https:\/\/wia.net.pl\/index.php\/category\/artykuly\/","nextItem":{"@type":"ListItem","@id":"https:\/\/wia.net.pl\/index.php\/2023\/11\/28\/papiez-gratuluje-nazwania-go-przedstawicielem-szatana\/#listItem","name":"Papie\u017c gratuluje nazwania go przedstawicielem szatana"},"previousItem":{"@type":"ListItem","@id":"https:\/\/wia.net.pl#listItem","name":"Home"}},{"@type":"ListItem","@id":"https:\/\/wia.net.pl\/index.php\/2023\/11\/28\/papiez-gratuluje-nazwania-go-przedstawicielem-szatana\/#listItem","position":3,"name":"Papie\u017c gratuluje nazwania go przedstawicielem szatana","previousItem":{"@type":"ListItem","@id":"https:\/\/wia.net.pl\/index.php\/category\/artykuly\/#listItem","name":"Artyku\u0142y"}}]},{"@type":"Person","@id":"https:\/\/wia.net.pl\/#person","name":"Bart\u0142omiej Talarczyk","image":{"@type":"ImageObject","@id":"https:\/\/wia.net.pl\/index.php\/2023\/11\/28\/papiez-gratuluje-nazwania-go-przedstawicielem-szatana\/#personImage","url":"https:\/\/wia.net.pl\/wp-content\/uploads\/avatar-privacy\/cache\/user\/1\/7\/176a6b161c58363ff49b5c167264231f519f5c7fa183ca1f61e891769b6b56d5-96.jpg","width":96,"height":96,"caption":"Bart\u0142omiej Talarczyk"}},{"@type":"Person","@id":"https:\/\/wia.net.pl\/index.php\/author\/trinity\/#author","url":"https:\/\/wia.net.pl\/index.php\/author\/trinity\/","name":"trinity","image":{"@type":"ImageObject","@id":"https:\/\/wia.net.pl\/index.php\/2023\/11\/28\/papiez-gratuluje-nazwania-go-przedstawicielem-szatana\/#authorImage","url":"https:\/\/wia.net.pl\/wp-content\/uploads\/avatar-privacy\/cache\/user\/5\/f\/5f6547cf82495eaa10e100a6a45d5dbde2dfdc1be88557de2018fca705bdf6f1-96.jpg","width":96,"height":96,"caption":"trinity"}},{"@type":"WebPage","@id":"https:\/\/wia.net.pl\/index.php\/2023\/11\/28\/papiez-gratuluje-nazwania-go-przedstawicielem-szatana\/#webpage","url":"https:\/\/wia.net.pl\/index.php\/2023\/11\/28\/papiez-gratuluje-nazwania-go-przedstawicielem-szatana\/","name":"Papie\u017c gratuluje nazwania go przedstawicielem szatana - Wolno\u015b\u0107 i Anarchia","description":"Franciszek zaprasza osoby transp\u0142ciowe na lunch i dzwoni do Milei, aby mu pogratulowa\u0107 po tym, jak nazywa go przedstawicielem szatana! Artyku\u0142 autorstwa Leo Zagamiego To by\u0142 \u201edziwny\u201d i intensywny tydzie\u0144 dla papie\u017ca Franciszka, kt\u00f3ry 19 listopada 2023 r. po raz pierwszy przyj\u0105\u0142 grup\u0119 transp\u0142ciowych kobiet, g\u0142\u00f3wnie z Ameryki Po\u0142udniowej, \u201ez kt\u00f3rymi nawi\u0105za\u0142 sta\u0142y kontakt\u201d \u2013 m\u00f3wi","inLanguage":"pl-PL","isPartOf":{"@id":"https:\/\/wia.net.pl\/#website"},"breadcrumb":{"@id":"https:\/\/wia.net.pl\/index.php\/2023\/11\/28\/papiez-gratuluje-nazwania-go-przedstawicielem-szatana\/#breadcrumblist"},"author":{"@id":"https:\/\/wia.net.pl\/index.php\/author\/trinity\/#author"},"creator":{"@id":"https:\/\/wia.net.pl\/index.php\/author\/trinity\/#author"},"image":{"@type":"ImageObject","url":"https:\/\/wia.net.pl\/wp-content\/uploads\/2023\/11\/Papiez-gratuluje-nazwania-go-przedstawicielem-szatana.jpg","@id":"https:\/\/wia.net.pl\/index.php\/2023\/11\/28\/papiez-gratuluje-nazwania-go-przedstawicielem-szatana\/#mainImage","width":1920,"height":1080},"primaryImageOfPage":{"@id":"https:\/\/wia.net.pl\/index.php\/2023\/11\/28\/papiez-gratuluje-nazwania-go-przedstawicielem-szatana\/#mainImage"},"datePublished":"2023-11-28T02:34:50+01:00","dateModified":"2023-11-28T02:34:52+01:00"},{"@type":"WebSite","@id":"https:\/\/wia.net.pl\/#website","url":"https:\/\/wia.net.pl\/","name":"Wolno\u015b\u0107 i Anarchia","description":"Ka\u017cdy wewn\u0119trznie jest anarchist\u0105.","inLanguage":"pl-PL","publisher":{"@id":"https:\/\/wia.net.pl\/#person"}}]},"og:locale":"pl_PL","og:site_name":"Wolno\u015b\u0107 i Anarchia - Ka\u017cdy wewn\u0119trznie jest anarchist\u0105.","og:type":"article","og:title":"Papie\u017c gratuluje nazwania go przedstawicielem szatana - Wolno\u015b\u0107 i Anarchia","og:description":"Franciszek zaprasza osoby transp\u0142ciowe na lunch i dzwoni do Milei, aby mu pogratulowa\u0107 po tym, jak nazywa go przedstawicielem szatana! Artyku\u0142 autorstwa Leo Zagamiego To by\u0142 \u201edziwny\u201d i intensywny tydzie\u0144 dla papie\u017ca Franciszka, kt\u00f3ry 19 listopada 2023 r. po raz pierwszy przyj\u0105\u0142 grup\u0119 transp\u0142ciowych kobiet, g\u0142\u00f3wnie z Ameryki Po\u0142udniowej, \u201ez kt\u00f3rymi nawi\u0105za\u0142 sta\u0142y kontakt\u201d \u2013 m\u00f3wi","og:url":"https:\/\/wia.net.pl\/index.php\/2023\/11\/28\/papiez-gratuluje-nazwania-go-przedstawicielem-szatana\/","og:image":"https:\/\/wia.net.pl\/wp-content\/uploads\/2023\/11\/cropped-freedom-i73367.jpg","og:image:secure_url":"https:\/\/wia.net.pl\/wp-content\/uploads\/2023\/11\/cropped-freedom-i73367.jpg","article:published_time":"2023-11-28T01:34:50+00:00","article:modified_time":"2023-11-28T01:34:52+00:00","twitter:card":"summary_large_image","twitter:title":"Papie\u017c gratuluje nazwania go przedstawicielem szatana - Wolno\u015b\u0107 i Anarchia","twitter:description":"Franciszek zaprasza osoby transp\u0142ciowe na lunch i dzwoni do Milei, aby mu pogratulowa\u0107 po tym, jak nazywa go przedstawicielem szatana! Artyku\u0142 autorstwa Leo Zagamiego To by\u0142 \u201edziwny\u201d i intensywny tydzie\u0144 dla papie\u017ca Franciszka, kt\u00f3ry 19 listopada 2023 r. po raz pierwszy przyj\u0105\u0142 grup\u0119 transp\u0142ciowych kobiet, g\u0142\u00f3wnie z Ameryki Po\u0142udniowej, \u201ez kt\u00f3rymi nawi\u0105za\u0142 sta\u0142y kontakt\u201d \u2013 m\u00f3wi","twitter:image":"https:\/\/wia.net.pl\/wp-content\/uploads\/2023\/11\/cropped-freedom-i73367.jpg"},"aioseo_meta_data":{"post_id":"5757","title":null,"description":null,"keywords":[],"keyphrases":{"focus":{"keyphrase":"","score":0,"analysis":{"keyphraseInTitle":{"score":0,"maxScore":9,"error":1}}},"additional":[]},"primary_term":null,"canonical_url":null,"og_title":null,"og_description":null,"og_object_type":"default","og_image_type":"default","og_image_url":null,"og_image_width":null,"og_image_height":null,"og_image_custom_url":null,"og_image_custom_fields":null,"og_video":"","og_custom_url":null,"og_article_section":null,"og_article_tags":[],"twitter_use_og":false,"twitter_card":"default","twitter_image_type":"default","twitter_image_url":null,"twitter_image_custom_url":null,"twitter_image_custom_fields":null,"twitter_title":null,"twitter_description":null,"schema":{"blockGraphs":[],"customGraphs":[],"default":{"data":{"Article":[],"Course":[],"Dataset":[],"FAQPage":[],"Movie":[],"Person":[],"Product":[],"ProductReview":[],"Car":[],"Recipe":[],"Service":[],"SoftwareApplication":[],"WebPage":[]},"graphName":"BlogPosting","isEnabled":true},"graphs":[]},"schema_type":"default","schema_type_options":null,"pillar_content":false,"robots_default":true,"robots_noindex":false,"robots_noarchive":false,"robots_nosnippet":false,"robots_nofollow":false,"robots_noimageindex":false,"robots_noodp":false,"robots_notranslate":false,"robots_max_snippet":"-1","robots_max_videopreview":"-1","robots_max_imagepreview":"large","priority":null,"frequency":"default","local_seo":null,"breadcrumb_settings":null,"limit_modified_date":false,"ai":null,"created":"2023-11-28 01:34:52","updated":"2025-06-04 09:48:15","seo_analyzer_scan_date":null,"focus_keyword":null,"additional_keywords":null,"truseo_locale":null},"aioseo_breadcrumb":"<div class=\"aioseo-breadcrumbs\"><span class=\"aioseo-breadcrumb\">\n\t\t\t<a href=\"https:\/\/wia.net.pl\" title=\"Home\">Home<\/a>\n\t\t<\/span><span class=\"aioseo-breadcrumb-separator\">&raquo;<\/span><span class=\"aioseo-breadcrumb\">\n\t\t\t<a href=\"https:\/\/wia.net.pl\/index.php\/category\/artykuly\/\" title=\"Artyku\u0142y\">Artyku\u0142y<\/a>\n\t\t<\/span><span class=\"aioseo-breadcrumb-separator\">&raquo;<\/span><span class=\"aioseo-breadcrumb\">\n\t\t\tPapie\u017c gratuluje nazwania go przedstawicielem szatana\n\t\t<\/span><\/div>","aioseo_breadcrumb_json":[{"label":"Home","link":"https:\/\/wia.net.pl"},{"label":"Artyku\u0142y","link":"https:\/\/wia.net.pl\/index.php\/category\/artykuly\/"},{"label":"Papie\u017c gratuluje nazwania go przedstawicielem szatana","link":"https:\/\/wia.net.pl\/index.php\/2023\/11\/28\/papiez-gratuluje-nazwania-go-przedstawicielem-szatana\/"}],"_links":{"self":[{"href":"https:\/\/wia.net.pl\/index.php\/wp-json\/wp\/v2\/posts\/5757"}],"collection":[{"href":"https:\/\/wia.net.pl\/index.php\/wp-json\/wp\/v2\/posts"}],"about":[{"href":"https:\/\/wia.net.pl\/index.php\/wp-json\/wp\/v2\/types\/post"}],"author":[{"embeddable":true,"href":"https:\/\/wia.net.pl\/index.php\/wp-json\/wp\/v2\/users\/2"}],"replies":[{"embeddable":true,"href":"https:\/\/wia.net.pl\/index.php\/wp-json\/wp\/v2\/comments?post=5757"}],"version-history":[{"count":1,"href":"https:\/\/wia.net.pl\/index.php\/wp-json\/wp\/v2\/posts\/5757\/revisions"}],"predecessor-version":[{"id":5760,"href":"https:\/\/wia.net.pl\/index.php\/wp-json\/wp\/v2\/posts\/5757\/revisions\/5760"}],"wp:featuredmedia":[{"embeddable":true,"href":"https:\/\/wia.net.pl\/index.php\/wp-json\/wp\/v2\/media\/5759"}],"wp:attachment":[{"href":"https:\/\/wia.net.pl\/index.php\/wp-json\/wp\/v2\/media?parent=5757"}],"wp:term":[{"taxonomy":"category","embeddable":true,"href":"https:\/\/wia.net.pl\/index.php\/wp-json\/wp\/v2\/categories?post=5757"},{"taxonomy":"post_tag","embeddable":true,"href":"https:\/\/wia.net.pl\/index.php\/wp-json\/wp\/v2\/tags?post=5757"}],"curies":[{"name":"wp","href":"https:\/\/api.w.org\/{rel}","templated":true}]}}