{"id":5870,"date":"2023-11-30T20:51:04","date_gmt":"2023-11-30T19:51:04","guid":{"rendered":"https:\/\/wia.net.pl\/?p=5870"},"modified":"2023-11-30T20:53:09","modified_gmt":"2023-11-30T19:53:09","slug":"c19-w-slowenii-zwroty-kar-i-wymazywanie-dokumentacji","status":"publish","type":"post","link":"https:\/\/wia.net.pl\/index.php\/2023\/11\/30\/c19-w-slowenii-zwroty-kar-i-wymazywanie-dokumentacji\/","title":{"rendered":"C19 w S\u0142owenii &#8211; zwroty kar i wymazywanie dokumentacji"},"content":{"rendered":"\n<p>S\u0142owenia zwraca kary za blokady i maski w zwi\u0105zku z Covid-19 i wymazuje dokumentacj\u0119<\/p>\n\n\n\n<p>Autor, <a href=\"https:\/\/thenewamerican.com\/author\/michael-tennant\/\">Michael Tennant<\/a><\/p>\n\n\n\n<p>\u015arodkowoeuropejski kraj S\u0142owenia zwraca wszystkie grzywny na\u0142o\u017cone w ramach swojej dawnej polityki \u201e\u0142agodzenia\u201d Covid-19 i wymazuje rejestry przest\u0119pc\u00f3w.<\/p>\n\n\n\n<figure class=\"wp-block-image size-large\"><img loading=\"lazy\" decoding=\"async\" width=\"1024\" height=\"576\" src=\"https:\/\/wia.net.pl\/wp-content\/uploads\/2023\/11\/Slowenia-zwraca-kary-za-blokade-i-maske-w-zwiazku-z-Covid-19-1024x576.jpg\" alt=\"\" class=\"wp-image-5872\" srcset=\"https:\/\/wia.net.pl\/wp-content\/uploads\/2023\/11\/Slowenia-zwraca-kary-za-blokade-i-maske-w-zwiazku-z-Covid-19-1024x576.jpg 1024w, https:\/\/wia.net.pl\/wp-content\/uploads\/2023\/11\/Slowenia-zwraca-kary-za-blokade-i-maske-w-zwiazku-z-Covid-19-300x169.jpg 300w, https:\/\/wia.net.pl\/wp-content\/uploads\/2023\/11\/Slowenia-zwraca-kary-za-blokade-i-maske-w-zwiazku-z-Covid-19-768x432.jpg 768w, https:\/\/wia.net.pl\/wp-content\/uploads\/2023\/11\/Slowenia-zwraca-kary-za-blokade-i-maske-w-zwiazku-z-Covid-19-1536x864.jpg 1536w, https:\/\/wia.net.pl\/wp-content\/uploads\/2023\/11\/Slowenia-zwraca-kary-za-blokade-i-maske-w-zwiazku-z-Covid-19-480x270.jpg 480w, https:\/\/wia.net.pl\/wp-content\/uploads\/2023\/11\/Slowenia-zwraca-kary-za-blokade-i-maske-w-zwiazku-z-Covid-19-128x72.jpg 128w, https:\/\/wia.net.pl\/wp-content\/uploads\/2023\/11\/Slowenia-zwraca-kary-za-blokade-i-maske-w-zwiazku-z-Covid-19.jpg 1920w\" sizes=\"(max-width: 1024px) 100vw, 1024px\" \/><\/figure>\n\n\n\n<p>Wed\u0142ug&nbsp;<em><a href=\"https:\/\/sloveniatimes.com\/39827\/amnesty-for-covid-rule-breaches-enacted\" target=\"_blank\" rel=\"noreferrer noopener\">Slovenia Times<\/a><\/em>&nbsp;:<\/p>\n\n\n\n<blockquote class=\"wp-block-quote is-layout-flow wp-block-quote-is-layout-flow\">\n<p>Minister sprawiedliwo\u015bci Dominika \u0160varc Pipan powiedzia\u0142a, \u017ce \u200b\u200bmi\u0119dzy marcem 2020 r. a ko\u0144cem maja 2022 r. wszcz\u0119to ponad 62 000 post\u0119powa\u0144 w sprawie naruszenia przepis\u00f3w na podstawie przepis\u00f3w, kt\u00f3re nast\u0119pnie uznano za niezgodne z konstytucj\u0105, a \u0142\u0105czna na\u0142o\u017cona grzywna wynios\u0142a 5,7 mln euro.<\/p>\n\n\n\n<p>Oko\u0142o 30%, czyli nieco ponad 1,7 mln euro kar, zosta\u0142o zap\u0142aconych przed wstrzymaniem ich egzekwowania wkr\u00f3tce po obj\u0119ciu urz\u0119du przez nowy rz\u0105d w czerwcu 2022 r.<\/p>\n<\/blockquote>\n\n\n\n<p>Teraz, zgodnie z ustaw\u0105 przyj\u0119t\u0105 przez Zgromadzenie Narodowe we wrze\u015bniu, wszystkie te kary zostan\u0105 zniesione, a te, kt\u00f3re zosta\u0142y zap\u0142acone, zostan\u0105 zwr\u00f3cone.&nbsp;Ponadto wszelkie istniej\u0105ce post\u0119powania przeciwko przest\u0119pcom Covid zostan\u0105 umorzone, a wszystkie policyjne rejestry narusze\u0144 Covid zostan\u0105 usuni\u0119te.<\/p>\n\n\n\n<p>Poprzedni rz\u0105d, na kt\u00f3rego czele sta\u0142 by\u0142y premier Janez Jan\u0161a ze S\u0142owe\u0144skiej Partii Demokratycznej (SDS), \u201ena\u0142o\u017cy\u0142 rygorystyczne ograniczenia na swobod\u0119 przemieszczania si\u0119 i zgromadze\u0144\u201d \u2013 poda\u0142o&nbsp;<a href=\"https:\/\/www.bbc.com\/news\/world-europe-67548705\" target=\"_blank\" rel=\"noreferrer noopener\">BBC<\/a>&nbsp;.&nbsp;\u201eW r\u00f3\u017cnych momentach S\u0142owe\u0144com nie wolno by\u0142o wyje\u017cd\u017ca\u0107 poza swoje lokalne obszary i obowi\u0105zywa\u0142a godzina policyjna\u201d.&nbsp;Maski by\u0142y wymagane zar\u00f3wno w pomieszczeniach, jak i na zewn\u0105trz, \u201ea zrobienie czegokolwiek bez certyfikatu Covid sta\u0142o si\u0119 prawie niemo\u017cliwe\u201d.<\/p>\n\n\n\n<p>W s\u0142ynnym incydencie kierowca dostawcy \u017cywno\u015bci zosta\u0142 ukarany grzywn\u0105 w wysoko\u015bci 400 euro (oko\u0142o 439 dolar\u00f3w przy obecnym kursie wymiany) po tym, jak policjanci zauwa\u017cyli, jak zdejmuje mask\u0119, aby zje\u015b\u0107 przek\u0105sk\u0119 przed ko\u015bcio\u0142em.&nbsp;\u201eScena zosta\u0142a uchwycona kamer\u0105\u201d \u2013 napisa\u0142o BBC.&nbsp;\u201eA zdj\u0119cie przedstawiaj\u0105ce policj\u0119 otaczaj\u0105c\u0105 pracownika, kt\u00f3ry roznosi\u0142 jedzenie innym za przest\u0119pstwo polegaj\u0105ce na zdj\u0119ciu [&nbsp;<em>sic<\/em>&nbsp;] maski i uk\u0105szeniu si\u0119 na szybko, szybko sta\u0142o si\u0119 s\u0142awne\u201d.<\/p>\n\n\n\n<p>S\u0142owe\u0144ski Trybuna\u0142 Konstytucyjny uzna\u0142 p\u00f3\u017aniej wi\u0119kszo\u015b\u0107 \u015brodk\u00f3w Covid za niezgodn\u0105 z konstytucj\u0105;&nbsp;ale rz\u0105d Jan\u0161y, uwa\u017cany za prawicowy i przyjazny \u00f3wczesnemu prezydentowi USA Donaldowi Trumpowi, nie mia\u0142 zamiaru przyzna\u0107 si\u0119 do b\u0142\u0119du.&nbsp;Nawet gdy jego nast\u0119pca, centrolewicowy rz\u0105d partii Ruchu Wolno\u015bci premiera Roberta Goloba, spe\u0142ni\u0142 jedn\u0105 z g\u0142\u00f3wnych obietnic wyborczych Goloba, uchwalaj\u0105c ustaw\u0119 refundacyjn\u0105, \u201eSDS zaproponowa\u0142a wykre\u015blenie przepisu zaprzestaj\u0105cego egzekwowania kar, argumentuj\u0105c, \u017ce w razie czego rzeczywi\u015bcie by\u0142o b\u0142\u0119dne, nale\u017cy temu zaradzi\u0107 w ramach obowi\u0105zuj\u0105cego prawodawstwa\u201d \u2013 zauwa\u017ca \u201eLos Angeles&nbsp;<em>Times<\/em>&nbsp;\u201d .<\/p>\n\n\n\n<p>Serwis informacyjny doda\u0142, \u017ce Pipan \u201eodrzuci\u0142a to rozwi\u0105zanie, twierdz\u0105c, \u017ce doprowadzi\u0142oby to do przeci\u0105\u017cenia s\u0105d\u00f3w i koszt\u00f3w prawnych.\u00a0Z oko\u0142o 62 000 post\u0119powa\u0144 w sprawie uchybienia zobowi\u0105zaniom pa\u0144stwa cz\u0142onkowskiego 95% wszcz\u0119\u0142a policja, co oznacza, \u017ce \u200b\u200bsi\u0142y r\u00f3wnie\u017c zosta\u0142yby przeci\u0105\u017cone \u2013 doda\u0142a.<\/p>\n\n\n\n<p>Pomimo wszystkich dowod\u00f3w przeciwnych, kt\u00f3re pojawi\u0142y si\u0119 od tego czasu, SDS uparcie przedstawia\u0142a swoj\u0105 polityk\u0119 dotycz\u0105c\u0105 Covid-19 jako \u015brodki zdrowotne oparte na nauce.&nbsp;\u201ePartie opozycyjne [\u2026] argumentowa\u0142y, \u017ce \u015brodki zwi\u0105zane z pandemi\u0105 przyj\u0119te za ich rz\u0105d\u00f3w zosta\u0142y podj\u0119te w celu ochrony zdrowia i \u017cycia ludzi oraz zosta\u0142y skoordynowane na szczeblu UE i \u015awiatowej Organizacji Zdrowia\u201d \u2013 napisano w \u201eThe Times&nbsp;<em>\u201d<\/em>&nbsp;.&nbsp;Wed\u0142ug BBC \u201eJeden pose\u0142 z partii SDS pana Jan\u0161y stwierdzi\u0142, \u017ce zwrot grzywien \u201epluje w twarz wszystkim pracownikom s\u0142u\u017cby zdrowia, kt\u00f3rzy niestrudzenie walczyli o \u017cycie naszych wsp\u00f3\u0142obywateli\u201d.<\/p>\n\n\n\n<p>Taka ch\u0119\u0107 ignorowania fakt\u00f3w przenikn\u0119\u0142a tak\u017ce inne odpowiedzi SDS.&nbsp;Cz\u0142onkowie SDS \u201ewierz\u0105, \u017ce prawo stworzy jedynie nowe niesprawiedliwo\u015bci pod pozorem zaradzenia [&nbsp;<em>sic<\/em>&nbsp;] niesprawiedliwo\u015bci\u201d \u2013 donosi \u201eLos&nbsp;<em>Angeles Times<\/em>&nbsp;\u201d .&nbsp;\u201eIch pose\u0142 Branko Grims powiedzia\u0142, \u017ce b\u0119dzie to odpokutowanie za tych, kt\u00f3rzy niezgodnie z konstytucj\u0105 nawo\u0142ywali do przemocy i podsycali nietolerancj\u0119\u201d.<\/p>\n\n\n\n<p>Poza tym, \u017ce nakazy Covida nie mia\u0142y nic wsp\u00f3lnego z zapobieganiem przemocy \u2013 a w rzeczywisto\u015bci powodowa\u0142y przemoc i nietolerancj\u0119 wobec ca\u0142kowicie niewinnych ludzi \u2013 ustawa o zwrocie pieni\u0119dzy, zdaniem Pipana, nie przewiduje \u201e\u017cadnej amnestii w przypadku grzywien za przest\u0119pstwa z elementami przemocy\u201d .&nbsp;Ustawa nie uwzgl\u0119dnia r\u00f3wnie\u017c takich wykrocze\u0144, jak zatrzymanie ruchu czy tr\u0105bienie\u201d \u2013 napisano w \u201eThe&nbsp;<em>Times<\/em>&nbsp;\u201d .<\/p>\n\n\n\n<p>Pipan by\u0142a milsza dla SDS ni\u017c dla niej.\u00a0W maju powiedzia\u0142a, \u017ce \u200b\u200brz\u0105d Jan\u0161y \u201ena pocz\u0105tku pandemii stan\u0105\u0142 w obliczu du\u017cej niepewno\u015bci i musia\u0142 dzia\u0142a\u0107 szybko, aby przyj\u0105\u0107 tymczasowe \u015brodki naruszaj\u0105ce swobod\u0119 przemieszczania si\u0119 i prawo do zgromadze\u0144\u201d \u2013 poda\u0142a\u00a0<a href=\"https:\/\/www.euractiv.com\/section\/politics\/news\/slovenia-could-soon-lift-fines-for-anti-constitutional-covid-era-rules\/\" target=\"_blank\" rel=\"noreferrer noopener\">Euractiv<\/a>\u00a0.<\/p>\n\n\n\n<p>\u201eJednak \u2013 i to jest najwa\u017cniejsze \u2013 \u015brodki takie musz\u0105 by\u0107 sp\u00f3jne z podstawowymi za\u0142o\u017ceniami porz\u0105dku konstytucyjnego i praworz\u0105dno\u015bci. (&#8230;) Kryzys nie mo\u017ce i nie powinien by\u0107 pretekstem do ich podwa\u017cania\u201d \u2013 doda\u0142a.<\/p>\n\n\n\n<p>Rzeczywi\u015bcie wyja\u015bni\u0142a p\u00f3\u017aniej, \u017ce jednym z g\u0142\u00f3wnych powod\u00f3w uchwalenia ustawy o zwrocie by\u0142o przywr\u00f3cenie wiary S\u0142owe\u0144c\u00f3w w praworz\u0105dno\u015b\u0107.<\/p>\n\n\n\n<p>\u201eJestem przekonana, \u017ce \u200b\u200bprzyjmuj\u0105c t\u0119 \u200b\u200bustaw\u0119, pa\u0144stwo w jaki\u015b spos\u00f3b we\u017amie na siebie odpowiedzialno\u015b\u0107 moraln\u0105 i zado\u015b\u0107uczyni niesprawiedliwo\u015bciom wyrz\u0105dzonym obywatelom w wyniku nadu\u017cycia prawa karnego oraz niekonstytucyjnego i nadmiernego naruszania praw cz\u0142owieka\u201d \u2013 powiedzia\u0142a.<\/p>\n\n\n\n<p>W komentarzach dla BBC Rok Rozman, ekolog, kt\u00f3ry zosta\u0142 wielokrotnie ukarany grzywn\u0105 za udzia\u0142 w protestach w czasie izolacji, podzieli\u0142 zdanie Pipana.<\/p>\n\n\n\n<p>\u201eDekrety, na podstawie kt\u00f3rych nak\u0142adano kary, nie mia\u0142y podstawy prawnej\u201d \u2013 stwierdzi\u0142 Rozman.&nbsp;\u201eRz\u0105d o tym wiedzia\u0142 i je\u015bli to oznacza, \u017ce \u200b\u200bteraz musi odda\u0107 pieni\u0105dze, to tak to wygl\u0105da.&nbsp;Je\u015bli \u017cyjesz w kraju, w kt\u00f3rym obowi\u0105zuj\u0105 rz\u0105dy prawa, powinno to dotyczy\u0107 wszystkich\u201d.<\/p>\n\n\n\n<p>Czy teraz, gdy S\u0142owenia przodowa\u0142a, inne rz\u0105dy, kt\u00f3re narzuci\u0142y podobnie tyra\u0144sk\u0105, nienaukow\u0105 polityk\u0119 Covid, p\u00f3jd\u0105 jej \u015bladem?\u00a0Nigdy nie b\u0119d\u0105 w stanie przywr\u00f3ci\u0107 \u017cycia i \u015brodk\u00f3w do \u017cycia utraconych w wyniku tych edykt\u00f3w, ale wszelkie zado\u015b\u0107uczynienie \u2013 i towarzysz\u0105ce mu przyznanie si\u0119 do b\u0142\u0119du \u2013 by\u0142oby mile widziane.<\/p>\n\n\n\n<p>\u0179r\u00f3d\u0142o <a href=\"https:\/\/thenewamerican.com\/world-news\/europe\/slovenia-refunds-covid-19-lockdown-and-mask-fines-expunges-records\/\">https:\/\/thenewamerican.com\/world-news\/europe\/slovenia-refunds-covid-19-lockdown-and-mask-fines-expunges-records\/<\/a><\/p>\n","protected":false},"excerpt":{"rendered":"<p>S\u0142owenia zwraca kary za blokady i maski w zwi\u0105zku z Covid-19 i wymazuje dokumentacj\u0119 Autor, Michael Tennant \u015arodkowoeuropejski kraj S\u0142owenia zwraca wszystkie grzywny na\u0142o\u017cone w ramach swojej dawnej polityki \u201e\u0142agodzenia\u201d Covid-19 i wymazuje rejestry przest\u0119pc\u00f3w. Wed\u0142ug&nbsp;Slovenia Times&nbsp;: Minister sprawiedliwo\u015bci Dominika&#8230; <\/p>\n","protected":false},"author":2,"featured_media":5872,"comment_status":"open","ping_status":"open","sticky":false,"template":"","format":"standard","meta":{"_acf_changed":false,"_bbp_topic_count":0,"_bbp_reply_count":0,"_bbp_total_topic_count":0,"_bbp_total_reply_count":0,"_bbp_voice_count":0,"_bbp_anonymous_reply_count":0,"_bbp_topic_count_hidden":0,"_bbp_reply_count_hidden":0,"_bbp_forum_subforum_count":0,"om_disable_all_campaigns":false,"_monsterinsights_skip_tracking":false,"footnotes":""},"categories":[93],"tags":[],"class_list":["post-5870","post","type-post","status-publish","format-standard","has-post-thumbnail","hentry","category-artykuly"],"acf":[],"aioseo_notices":[],"aioseo_head":"\n\t\t<!-- All in One SEO 5.0.1.1 - aioseo.com -->\n\t<meta name=\"description\" content=\"S\u0142owenia zwraca kary za blokady i maski w zwi\u0105zku z Covid-19 i wymazuje dokumentacj\u0119 Autor, Michael Tennant \u015arodkowoeuropejski kraj S\u0142owenia zwraca wszystkie grzywny na\u0142o\u017cone w ramach swojej dawnej polityki \u201e\u0142agodzenia\u201d Covid-19 i wymazuje rejestry przest\u0119pc\u00f3w. Wed\u0142ug Slovenia Times : Minister sprawiedliwo\u015bci Dominika \u0160varc Pipan powiedzia\u0142a, \u017ce \u200b\u200bmi\u0119dzy marcem 2020 r. a ko\u0144cem maja 2022 r. wszcz\u0119to ponad\" \/>\n\t<meta name=\"robots\" content=\"max-image-preview:large\" \/>\n\t<meta name=\"author\" content=\"trinity\"\/>\n\t<link rel=\"canonical\" href=\"https:\/\/wia.net.pl\/index.php\/2023\/11\/30\/c19-w-slowenii-zwroty-kar-i-wymazywanie-dokumentacji\/\" \/>\n\t<meta name=\"generator\" content=\"All in One SEO (AIOSEO) 5.0.1.1\" \/>\n\t\t<meta property=\"og:locale\" content=\"pl_PL\" \/>\n\t\t<meta property=\"og:site_name\" content=\"Wolno\u015b\u0107 i Anarchia - Ka\u017cdy wewn\u0119trznie jest anarchist\u0105.\" \/>\n\t\t<meta property=\"og:type\" content=\"article\" \/>\n\t\t<meta property=\"og:title\" content=\"C19 w S\u0142owenii \u2013 zwroty kar i wymazywanie dokumentacji - Wolno\u015b\u0107 i Anarchia\" \/>\n\t\t<meta property=\"og:description\" content=\"S\u0142owenia zwraca kary za blokady i maski w zwi\u0105zku z Covid-19 i wymazuje dokumentacj\u0119 Autor, Michael Tennant \u015arodkowoeuropejski kraj S\u0142owenia zwraca wszystkie grzywny na\u0142o\u017cone w ramach swojej dawnej polityki \u201e\u0142agodzenia\u201d Covid-19 i wymazuje rejestry przest\u0119pc\u00f3w. Wed\u0142ug Slovenia Times : Minister sprawiedliwo\u015bci Dominika \u0160varc Pipan powiedzia\u0142a, \u017ce \u200b\u200bmi\u0119dzy marcem 2020 r. a ko\u0144cem maja 2022 r. wszcz\u0119to ponad\" \/>\n\t\t<meta property=\"og:url\" content=\"https:\/\/wia.net.pl\/index.php\/2023\/11\/30\/c19-w-slowenii-zwroty-kar-i-wymazywanie-dokumentacji\/\" \/>\n\t\t<meta property=\"og:image\" content=\"https:\/\/wia.net.pl\/wp-content\/uploads\/2023\/11\/cropped-freedom-i73367.jpg\" \/>\n\t\t<meta property=\"og:image:secure_url\" content=\"https:\/\/wia.net.pl\/wp-content\/uploads\/2023\/11\/cropped-freedom-i73367.jpg\" \/>\n\t\t<meta property=\"article:published_time\" content=\"2023-11-30T19:51:04+00:00\" \/>\n\t\t<meta property=\"article:modified_time\" content=\"2023-11-30T19:53:09+00:00\" \/>\n\t\t<meta name=\"twitter:card\" content=\"summary_large_image\" \/>\n\t\t<meta name=\"twitter:title\" content=\"C19 w S\u0142owenii \u2013 zwroty kar i wymazywanie dokumentacji - Wolno\u015b\u0107 i Anarchia\" \/>\n\t\t<meta name=\"twitter:description\" content=\"S\u0142owenia zwraca kary za blokady i maski w zwi\u0105zku z Covid-19 i wymazuje dokumentacj\u0119 Autor, Michael Tennant \u015arodkowoeuropejski kraj S\u0142owenia zwraca wszystkie grzywny na\u0142o\u017cone w ramach swojej dawnej polityki \u201e\u0142agodzenia\u201d Covid-19 i wymazuje rejestry przest\u0119pc\u00f3w. Wed\u0142ug Slovenia Times : Minister sprawiedliwo\u015bci Dominika \u0160varc Pipan powiedzia\u0142a, \u017ce \u200b\u200bmi\u0119dzy marcem 2020 r. a ko\u0144cem maja 2022 r. wszcz\u0119to ponad\" \/>\n\t\t<meta name=\"twitter:image\" content=\"https:\/\/wia.net.pl\/wp-content\/uploads\/2023\/11\/cropped-freedom-i73367.jpg\" \/>\n\t\t<script type=\"application\/ld+json\" class=\"aioseo-schema\">\n\t\t\t{\"@context\":\"https:\\\/\\\/schema.org\",\"@graph\":[{\"@type\":\"BlogPosting\",\"@id\":\"https:\\\/\\\/wia.net.pl\\\/index.php\\\/2023\\\/11\\\/30\\\/c19-w-slowenii-zwroty-kar-i-wymazywanie-dokumentacji\\\/#blogposting\",\"name\":\"C19 w S\\u0142owenii \\u2013 zwroty kar i wymazywanie dokumentacji - Wolno\\u015b\\u0107 i Anarchia\",\"headline\":\"C19 w S\\u0142owenii &#8211; zwroty kar i wymazywanie dokumentacji\",\"author\":{\"@id\":\"https:\\\/\\\/wia.net.pl\\\/index.php\\\/author\\\/trinity\\\/#author\"},\"publisher\":{\"@id\":\"https:\\\/\\\/wia.net.pl\\\/#person\"},\"image\":{\"@type\":\"ImageObject\",\"url\":\"https:\\\/\\\/wia.net.pl\\\/wp-content\\\/uploads\\\/2023\\\/11\\\/Slowenia-zwraca-kary-za-blokade-i-maske-w-zwiazku-z-Covid-19.jpg\",\"width\":1920,\"height\":1080},\"datePublished\":\"2023-11-30T20:51:04+01:00\",\"dateModified\":\"2023-11-30T20:53:09+01:00\",\"inLanguage\":\"pl-PL\",\"mainEntityOfPage\":{\"@id\":\"https:\\\/\\\/wia.net.pl\\\/index.php\\\/2023\\\/11\\\/30\\\/c19-w-slowenii-zwroty-kar-i-wymazywanie-dokumentacji\\\/#webpage\"},\"isPartOf\":{\"@id\":\"https:\\\/\\\/wia.net.pl\\\/index.php\\\/2023\\\/11\\\/30\\\/c19-w-slowenii-zwroty-kar-i-wymazywanie-dokumentacji\\\/#webpage\"},\"articleSection\":\"Artyku\\u0142y\"},{\"@type\":\"BreadcrumbList\",\"@id\":\"https:\\\/\\\/wia.net.pl\\\/index.php\\\/2023\\\/11\\\/30\\\/c19-w-slowenii-zwroty-kar-i-wymazywanie-dokumentacji\\\/#breadcrumblist\",\"itemListElement\":[{\"@type\":\"ListItem\",\"@id\":\"https:\\\/\\\/wia.net.pl#listItem\",\"position\":1,\"name\":\"Home\",\"item\":\"https:\\\/\\\/wia.net.pl\",\"nextItem\":{\"@type\":\"ListItem\",\"@id\":\"https:\\\/\\\/wia.net.pl\\\/index.php\\\/category\\\/artykuly\\\/#listItem\",\"name\":\"Artyku\\u0142y\"}},{\"@type\":\"ListItem\",\"@id\":\"https:\\\/\\\/wia.net.pl\\\/index.php\\\/category\\\/artykuly\\\/#listItem\",\"position\":2,\"name\":\"Artyku\\u0142y\",\"item\":\"https:\\\/\\\/wia.net.pl\\\/index.php\\\/category\\\/artykuly\\\/\",\"nextItem\":{\"@type\":\"ListItem\",\"@id\":\"https:\\\/\\\/wia.net.pl\\\/index.php\\\/2023\\\/11\\\/30\\\/c19-w-slowenii-zwroty-kar-i-wymazywanie-dokumentacji\\\/#listItem\",\"name\":\"C19 w S\\u0142owenii &#8211; zwroty kar i wymazywanie dokumentacji\"},\"previousItem\":{\"@type\":\"ListItem\",\"@id\":\"https:\\\/\\\/wia.net.pl#listItem\",\"name\":\"Home\"}},{\"@type\":\"ListItem\",\"@id\":\"https:\\\/\\\/wia.net.pl\\\/index.php\\\/2023\\\/11\\\/30\\\/c19-w-slowenii-zwroty-kar-i-wymazywanie-dokumentacji\\\/#listItem\",\"position\":3,\"name\":\"C19 w S\\u0142owenii &#8211; zwroty kar i wymazywanie dokumentacji\",\"previousItem\":{\"@type\":\"ListItem\",\"@id\":\"https:\\\/\\\/wia.net.pl\\\/index.php\\\/category\\\/artykuly\\\/#listItem\",\"name\":\"Artyku\\u0142y\"}}]},{\"@type\":\"Person\",\"@id\":\"https:\\\/\\\/wia.net.pl\\\/#person\",\"name\":\"Bart\\u0142omiej Talarczyk\",\"image\":{\"@type\":\"ImageObject\",\"@id\":\"https:\\\/\\\/wia.net.pl\\\/index.php\\\/2023\\\/11\\\/30\\\/c19-w-slowenii-zwroty-kar-i-wymazywanie-dokumentacji\\\/#personImage\",\"url\":\"https:\\\/\\\/wia.net.pl\\\/wp-content\\\/uploads\\\/avatar-privacy\\\/cache\\\/user\\\/1\\\/7\\\/176a6b161c58363ff49b5c167264231f519f5c7fa183ca1f61e891769b6b56d5-96.jpg\",\"width\":96,\"height\":96,\"caption\":\"Bart\\u0142omiej Talarczyk\"}},{\"@type\":\"Person\",\"@id\":\"https:\\\/\\\/wia.net.pl\\\/index.php\\\/author\\\/trinity\\\/#author\",\"url\":\"https:\\\/\\\/wia.net.pl\\\/index.php\\\/author\\\/trinity\\\/\",\"name\":\"trinity\",\"image\":{\"@type\":\"ImageObject\",\"@id\":\"https:\\\/\\\/wia.net.pl\\\/index.php\\\/2023\\\/11\\\/30\\\/c19-w-slowenii-zwroty-kar-i-wymazywanie-dokumentacji\\\/#authorImage\",\"url\":\"https:\\\/\\\/wia.net.pl\\\/wp-content\\\/uploads\\\/avatar-privacy\\\/cache\\\/user\\\/5\\\/f\\\/5f6547cf82495eaa10e100a6a45d5dbde2dfdc1be88557de2018fca705bdf6f1-96.jpg\",\"width\":96,\"height\":96,\"caption\":\"trinity\"}},{\"@type\":\"WebPage\",\"@id\":\"https:\\\/\\\/wia.net.pl\\\/index.php\\\/2023\\\/11\\\/30\\\/c19-w-slowenii-zwroty-kar-i-wymazywanie-dokumentacji\\\/#webpage\",\"url\":\"https:\\\/\\\/wia.net.pl\\\/index.php\\\/2023\\\/11\\\/30\\\/c19-w-slowenii-zwroty-kar-i-wymazywanie-dokumentacji\\\/\",\"name\":\"C19 w S\\u0142owenii \\u2013 zwroty kar i wymazywanie dokumentacji - Wolno\\u015b\\u0107 i Anarchia\",\"description\":\"S\\u0142owenia zwraca kary za blokady i maski w zwi\\u0105zku z Covid-19 i wymazuje dokumentacj\\u0119 Autor, Michael Tennant \\u015arodkowoeuropejski kraj S\\u0142owenia zwraca wszystkie grzywny na\\u0142o\\u017cone w ramach swojej dawnej polityki \\u201e\\u0142agodzenia\\u201d Covid-19 i wymazuje rejestry przest\\u0119pc\\u00f3w. Wed\\u0142ug Slovenia Times : Minister sprawiedliwo\\u015bci Dominika \\u0160varc Pipan powiedzia\\u0142a, \\u017ce \\u200b\\u200bmi\\u0119dzy marcem 2020 r. a ko\\u0144cem maja 2022 r. wszcz\\u0119to ponad\",\"inLanguage\":\"pl-PL\",\"isPartOf\":{\"@id\":\"https:\\\/\\\/wia.net.pl\\\/#website\"},\"breadcrumb\":{\"@id\":\"https:\\\/\\\/wia.net.pl\\\/index.php\\\/2023\\\/11\\\/30\\\/c19-w-slowenii-zwroty-kar-i-wymazywanie-dokumentacji\\\/#breadcrumblist\"},\"author\":{\"@id\":\"https:\\\/\\\/wia.net.pl\\\/index.php\\\/author\\\/trinity\\\/#author\"},\"creator\":{\"@id\":\"https:\\\/\\\/wia.net.pl\\\/index.php\\\/author\\\/trinity\\\/#author\"},\"image\":{\"@type\":\"ImageObject\",\"url\":\"https:\\\/\\\/wia.net.pl\\\/wp-content\\\/uploads\\\/2023\\\/11\\\/Slowenia-zwraca-kary-za-blokade-i-maske-w-zwiazku-z-Covid-19.jpg\",\"@id\":\"https:\\\/\\\/wia.net.pl\\\/index.php\\\/2023\\\/11\\\/30\\\/c19-w-slowenii-zwroty-kar-i-wymazywanie-dokumentacji\\\/#mainImage\",\"width\":1920,\"height\":1080},\"primaryImageOfPage\":{\"@id\":\"https:\\\/\\\/wia.net.pl\\\/index.php\\\/2023\\\/11\\\/30\\\/c19-w-slowenii-zwroty-kar-i-wymazywanie-dokumentacji\\\/#mainImage\"},\"datePublished\":\"2023-11-30T20:51:04+01:00\",\"dateModified\":\"2023-11-30T20:53:09+01:00\"},{\"@type\":\"WebSite\",\"@id\":\"https:\\\/\\\/wia.net.pl\\\/#website\",\"url\":\"https:\\\/\\\/wia.net.pl\\\/\",\"name\":\"Wolno\\u015b\\u0107 i Anarchia\",\"description\":\"Ka\\u017cdy wewn\\u0119trznie jest anarchist\\u0105.\",\"inLanguage\":\"pl-PL\",\"publisher\":{\"@id\":\"https:\\\/\\\/wia.net.pl\\\/#person\"}}]}\n\t\t<\/script>\n\t\t<!-- All in One SEO -->\n\n","aioseo_head_json":{"title":"C19 w S\u0142owenii \u2013 zwroty kar i wymazywanie dokumentacji - Wolno\u015b\u0107 i Anarchia","description":"S\u0142owenia zwraca kary za blokady i maski w zwi\u0105zku z Covid-19 i wymazuje dokumentacj\u0119 Autor, Michael Tennant \u015arodkowoeuropejski kraj S\u0142owenia zwraca wszystkie grzywny na\u0142o\u017cone w ramach swojej dawnej polityki \u201e\u0142agodzenia\u201d Covid-19 i wymazuje rejestry przest\u0119pc\u00f3w. Wed\u0142ug Slovenia Times : Minister sprawiedliwo\u015bci Dominika \u0160varc Pipan powiedzia\u0142a, \u017ce \u200b\u200bmi\u0119dzy marcem 2020 r. a ko\u0144cem maja 2022 r. wszcz\u0119to ponad","canonical_url":"https:\/\/wia.net.pl\/index.php\/2023\/11\/30\/c19-w-slowenii-zwroty-kar-i-wymazywanie-dokumentacji\/","robots":"max-image-preview:large","keywords":"","webmasterTools":{"miscellaneous":""},"schema":{"@context":"https:\/\/schema.org","@graph":[{"@type":"BlogPosting","@id":"https:\/\/wia.net.pl\/index.php\/2023\/11\/30\/c19-w-slowenii-zwroty-kar-i-wymazywanie-dokumentacji\/#blogposting","name":"C19 w S\u0142owenii \u2013 zwroty kar i wymazywanie dokumentacji - Wolno\u015b\u0107 i Anarchia","headline":"C19 w S\u0142owenii &#8211; zwroty kar i wymazywanie dokumentacji","author":{"@id":"https:\/\/wia.net.pl\/index.php\/author\/trinity\/#author"},"publisher":{"@id":"https:\/\/wia.net.pl\/#person"},"image":{"@type":"ImageObject","url":"https:\/\/wia.net.pl\/wp-content\/uploads\/2023\/11\/Slowenia-zwraca-kary-za-blokade-i-maske-w-zwiazku-z-Covid-19.jpg","width":1920,"height":1080},"datePublished":"2023-11-30T20:51:04+01:00","dateModified":"2023-11-30T20:53:09+01:00","inLanguage":"pl-PL","mainEntityOfPage":{"@id":"https:\/\/wia.net.pl\/index.php\/2023\/11\/30\/c19-w-slowenii-zwroty-kar-i-wymazywanie-dokumentacji\/#webpage"},"isPartOf":{"@id":"https:\/\/wia.net.pl\/index.php\/2023\/11\/30\/c19-w-slowenii-zwroty-kar-i-wymazywanie-dokumentacji\/#webpage"},"articleSection":"Artyku\u0142y"},{"@type":"BreadcrumbList","@id":"https:\/\/wia.net.pl\/index.php\/2023\/11\/30\/c19-w-slowenii-zwroty-kar-i-wymazywanie-dokumentacji\/#breadcrumblist","itemListElement":[{"@type":"ListItem","@id":"https:\/\/wia.net.pl#listItem","position":1,"name":"Home","item":"https:\/\/wia.net.pl","nextItem":{"@type":"ListItem","@id":"https:\/\/wia.net.pl\/index.php\/category\/artykuly\/#listItem","name":"Artyku\u0142y"}},{"@type":"ListItem","@id":"https:\/\/wia.net.pl\/index.php\/category\/artykuly\/#listItem","position":2,"name":"Artyku\u0142y","item":"https:\/\/wia.net.pl\/index.php\/category\/artykuly\/","nextItem":{"@type":"ListItem","@id":"https:\/\/wia.net.pl\/index.php\/2023\/11\/30\/c19-w-slowenii-zwroty-kar-i-wymazywanie-dokumentacji\/#listItem","name":"C19 w S\u0142owenii &#8211; zwroty kar i wymazywanie dokumentacji"},"previousItem":{"@type":"ListItem","@id":"https:\/\/wia.net.pl#listItem","name":"Home"}},{"@type":"ListItem","@id":"https:\/\/wia.net.pl\/index.php\/2023\/11\/30\/c19-w-slowenii-zwroty-kar-i-wymazywanie-dokumentacji\/#listItem","position":3,"name":"C19 w S\u0142owenii &#8211; zwroty kar i wymazywanie dokumentacji","previousItem":{"@type":"ListItem","@id":"https:\/\/wia.net.pl\/index.php\/category\/artykuly\/#listItem","name":"Artyku\u0142y"}}]},{"@type":"Person","@id":"https:\/\/wia.net.pl\/#person","name":"Bart\u0142omiej Talarczyk","image":{"@type":"ImageObject","@id":"https:\/\/wia.net.pl\/index.php\/2023\/11\/30\/c19-w-slowenii-zwroty-kar-i-wymazywanie-dokumentacji\/#personImage","url":"https:\/\/wia.net.pl\/wp-content\/uploads\/avatar-privacy\/cache\/user\/1\/7\/176a6b161c58363ff49b5c167264231f519f5c7fa183ca1f61e891769b6b56d5-96.jpg","width":96,"height":96,"caption":"Bart\u0142omiej Talarczyk"}},{"@type":"Person","@id":"https:\/\/wia.net.pl\/index.php\/author\/trinity\/#author","url":"https:\/\/wia.net.pl\/index.php\/author\/trinity\/","name":"trinity","image":{"@type":"ImageObject","@id":"https:\/\/wia.net.pl\/index.php\/2023\/11\/30\/c19-w-slowenii-zwroty-kar-i-wymazywanie-dokumentacji\/#authorImage","url":"https:\/\/wia.net.pl\/wp-content\/uploads\/avatar-privacy\/cache\/user\/5\/f\/5f6547cf82495eaa10e100a6a45d5dbde2dfdc1be88557de2018fca705bdf6f1-96.jpg","width":96,"height":96,"caption":"trinity"}},{"@type":"WebPage","@id":"https:\/\/wia.net.pl\/index.php\/2023\/11\/30\/c19-w-slowenii-zwroty-kar-i-wymazywanie-dokumentacji\/#webpage","url":"https:\/\/wia.net.pl\/index.php\/2023\/11\/30\/c19-w-slowenii-zwroty-kar-i-wymazywanie-dokumentacji\/","name":"C19 w S\u0142owenii \u2013 zwroty kar i wymazywanie dokumentacji - Wolno\u015b\u0107 i Anarchia","description":"S\u0142owenia zwraca kary za blokady i maski w zwi\u0105zku z Covid-19 i wymazuje dokumentacj\u0119 Autor, Michael Tennant \u015arodkowoeuropejski kraj S\u0142owenia zwraca wszystkie grzywny na\u0142o\u017cone w ramach swojej dawnej polityki \u201e\u0142agodzenia\u201d Covid-19 i wymazuje rejestry przest\u0119pc\u00f3w. Wed\u0142ug Slovenia Times : Minister sprawiedliwo\u015bci Dominika \u0160varc Pipan powiedzia\u0142a, \u017ce \u200b\u200bmi\u0119dzy marcem 2020 r. a ko\u0144cem maja 2022 r. wszcz\u0119to ponad","inLanguage":"pl-PL","isPartOf":{"@id":"https:\/\/wia.net.pl\/#website"},"breadcrumb":{"@id":"https:\/\/wia.net.pl\/index.php\/2023\/11\/30\/c19-w-slowenii-zwroty-kar-i-wymazywanie-dokumentacji\/#breadcrumblist"},"author":{"@id":"https:\/\/wia.net.pl\/index.php\/author\/trinity\/#author"},"creator":{"@id":"https:\/\/wia.net.pl\/index.php\/author\/trinity\/#author"},"image":{"@type":"ImageObject","url":"https:\/\/wia.net.pl\/wp-content\/uploads\/2023\/11\/Slowenia-zwraca-kary-za-blokade-i-maske-w-zwiazku-z-Covid-19.jpg","@id":"https:\/\/wia.net.pl\/index.php\/2023\/11\/30\/c19-w-slowenii-zwroty-kar-i-wymazywanie-dokumentacji\/#mainImage","width":1920,"height":1080},"primaryImageOfPage":{"@id":"https:\/\/wia.net.pl\/index.php\/2023\/11\/30\/c19-w-slowenii-zwroty-kar-i-wymazywanie-dokumentacji\/#mainImage"},"datePublished":"2023-11-30T20:51:04+01:00","dateModified":"2023-11-30T20:53:09+01:00"},{"@type":"WebSite","@id":"https:\/\/wia.net.pl\/#website","url":"https:\/\/wia.net.pl\/","name":"Wolno\u015b\u0107 i Anarchia","description":"Ka\u017cdy wewn\u0119trznie jest anarchist\u0105.","inLanguage":"pl-PL","publisher":{"@id":"https:\/\/wia.net.pl\/#person"}}]},"og:locale":"pl_PL","og:site_name":"Wolno\u015b\u0107 i Anarchia - Ka\u017cdy wewn\u0119trznie jest anarchist\u0105.","og:type":"article","og:title":"C19 w S\u0142owenii \u2013 zwroty kar i wymazywanie dokumentacji - Wolno\u015b\u0107 i Anarchia","og:description":"S\u0142owenia zwraca kary za blokady i maski w zwi\u0105zku z Covid-19 i wymazuje dokumentacj\u0119 Autor, Michael Tennant \u015arodkowoeuropejski kraj S\u0142owenia zwraca wszystkie grzywny na\u0142o\u017cone w ramach swojej dawnej polityki \u201e\u0142agodzenia\u201d Covid-19 i wymazuje rejestry przest\u0119pc\u00f3w. Wed\u0142ug Slovenia Times : Minister sprawiedliwo\u015bci Dominika \u0160varc Pipan powiedzia\u0142a, \u017ce \u200b\u200bmi\u0119dzy marcem 2020 r. a ko\u0144cem maja 2022 r. wszcz\u0119to ponad","og:url":"https:\/\/wia.net.pl\/index.php\/2023\/11\/30\/c19-w-slowenii-zwroty-kar-i-wymazywanie-dokumentacji\/","og:image":"https:\/\/wia.net.pl\/wp-content\/uploads\/2023\/11\/cropped-freedom-i73367.jpg","og:image:secure_url":"https:\/\/wia.net.pl\/wp-content\/uploads\/2023\/11\/cropped-freedom-i73367.jpg","article:published_time":"2023-11-30T19:51:04+00:00","article:modified_time":"2023-11-30T19:53:09+00:00","twitter:card":"summary_large_image","twitter:title":"C19 w S\u0142owenii \u2013 zwroty kar i wymazywanie dokumentacji - Wolno\u015b\u0107 i Anarchia","twitter:description":"S\u0142owenia zwraca kary za blokady i maski w zwi\u0105zku z Covid-19 i wymazuje dokumentacj\u0119 Autor, Michael Tennant \u015arodkowoeuropejski kraj S\u0142owenia zwraca wszystkie grzywny na\u0142o\u017cone w ramach swojej dawnej polityki \u201e\u0142agodzenia\u201d Covid-19 i wymazuje rejestry przest\u0119pc\u00f3w. Wed\u0142ug Slovenia Times : Minister sprawiedliwo\u015bci Dominika \u0160varc Pipan powiedzia\u0142a, \u017ce \u200b\u200bmi\u0119dzy marcem 2020 r. a ko\u0144cem maja 2022 r. wszcz\u0119to ponad","twitter:image":"https:\/\/wia.net.pl\/wp-content\/uploads\/2023\/11\/cropped-freedom-i73367.jpg"},"aioseo_meta_data":{"post_id":"5870","title":null,"description":null,"keywords":[],"keyphrases":{"focus":{"keyphrase":"","score":0,"analysis":{"keyphraseInTitle":{"score":0,"maxScore":9,"error":1}}},"additional":[]},"primary_term":null,"canonical_url":null,"og_title":null,"og_description":null,"og_object_type":"default","og_image_type":"default","og_image_url":null,"og_image_width":null,"og_image_height":null,"og_image_custom_url":null,"og_image_custom_fields":null,"og_video":"","og_custom_url":null,"og_article_section":null,"og_article_tags":[],"twitter_use_og":false,"twitter_card":"default","twitter_image_type":"default","twitter_image_url":null,"twitter_image_custom_url":null,"twitter_image_custom_fields":null,"twitter_title":null,"twitter_description":null,"schema":{"blockGraphs":[],"customGraphs":[],"default":{"data":{"Article":[],"Course":[],"Dataset":[],"FAQPage":[],"Movie":[],"Person":[],"Product":[],"ProductReview":[],"Car":[],"Recipe":[],"Service":[],"SoftwareApplication":[],"WebPage":[]},"graphName":"BlogPosting","isEnabled":true},"graphs":[]},"schema_type":"default","schema_type_options":null,"pillar_content":false,"robots_default":true,"robots_noindex":false,"robots_noarchive":false,"robots_nosnippet":false,"robots_nofollow":false,"robots_noimageindex":false,"robots_noodp":false,"robots_notranslate":false,"robots_max_snippet":"-1","robots_max_videopreview":"-1","robots_max_imagepreview":"large","priority":null,"frequency":"default","local_seo":null,"breadcrumb_settings":null,"limit_modified_date":false,"ai":null,"created":"2023-11-30 19:53:09","updated":"2025-06-04 09:48:52","seo_analyzer_scan_date":null,"focus_keyword":null,"additional_keywords":null,"truseo_locale":null},"aioseo_breadcrumb":"<div class=\"aioseo-breadcrumbs\"><span class=\"aioseo-breadcrumb\">\n\t\t\t<a href=\"https:\/\/wia.net.pl\" title=\"Home\">Home<\/a>\n\t\t<\/span><span class=\"aioseo-breadcrumb-separator\">&raquo;<\/span><span class=\"aioseo-breadcrumb\">\n\t\t\t<a href=\"https:\/\/wia.net.pl\/index.php\/category\/artykuly\/\" title=\"Artyku\u0142y\">Artyku\u0142y<\/a>\n\t\t<\/span><span class=\"aioseo-breadcrumb-separator\">&raquo;<\/span><span class=\"aioseo-breadcrumb\">\n\t\t\tC19 w S\u0142owenii \u2013 zwroty kar i wymazywanie dokumentacji\n\t\t<\/span><\/div>","aioseo_breadcrumb_json":[{"label":"Home","link":"https:\/\/wia.net.pl"},{"label":"Artyku\u0142y","link":"https:\/\/wia.net.pl\/index.php\/category\/artykuly\/"},{"label":"C19 w S\u0142owenii &#8211; zwroty kar i wymazywanie dokumentacji","link":"https:\/\/wia.net.pl\/index.php\/2023\/11\/30\/c19-w-slowenii-zwroty-kar-i-wymazywanie-dokumentacji\/"}],"_links":{"self":[{"href":"https:\/\/wia.net.pl\/index.php\/wp-json\/wp\/v2\/posts\/5870"}],"collection":[{"href":"https:\/\/wia.net.pl\/index.php\/wp-json\/wp\/v2\/posts"}],"about":[{"href":"https:\/\/wia.net.pl\/index.php\/wp-json\/wp\/v2\/types\/post"}],"author":[{"embeddable":true,"href":"https:\/\/wia.net.pl\/index.php\/wp-json\/wp\/v2\/users\/2"}],"replies":[{"embeddable":true,"href":"https:\/\/wia.net.pl\/index.php\/wp-json\/wp\/v2\/comments?post=5870"}],"version-history":[{"count":1,"href":"https:\/\/wia.net.pl\/index.php\/wp-json\/wp\/v2\/posts\/5870\/revisions"}],"predecessor-version":[{"id":5873,"href":"https:\/\/wia.net.pl\/index.php\/wp-json\/wp\/v2\/posts\/5870\/revisions\/5873"}],"wp:featuredmedia":[{"embeddable":true,"href":"https:\/\/wia.net.pl\/index.php\/wp-json\/wp\/v2\/media\/5872"}],"wp:attachment":[{"href":"https:\/\/wia.net.pl\/index.php\/wp-json\/wp\/v2\/media?parent=5870"}],"wp:term":[{"taxonomy":"category","embeddable":true,"href":"https:\/\/wia.net.pl\/index.php\/wp-json\/wp\/v2\/categories?post=5870"},{"taxonomy":"post_tag","embeddable":true,"href":"https:\/\/wia.net.pl\/index.php\/wp-json\/wp\/v2\/tags?post=5870"}],"curies":[{"name":"wp","href":"https:\/\/api.w.org\/{rel}","templated":true}]}}