{"id":589,"date":"2023-05-31T16:28:59","date_gmt":"2023-05-31T14:28:59","guid":{"rendered":"https:\/\/wia.net.pl\/?p=589"},"modified":"2025-04-22T11:50:15","modified_gmt":"2025-04-22T09:50:15","slug":"kraterowa-ziemia-odcinek-8","status":"publish","type":"post","link":"https:\/\/wia.net.pl\/index.php\/2023\/05\/31\/kraterowa-ziemia-odcinek-8\/","title":{"rendered":"Kraterowa Ziemia &#8211; Odcinek 8"},"content":{"rendered":"\n<p>Kraterowa Ziemia &#8211; Odcinek 8<\/p>\n\n\n\n<p>\u0179r\u00f3d\u0142o: https:\/\/www.youtube.com\/@godgevlamste<\/p>\n\n\n<p><iframe id=\"odysee-iframe\" style=\"width:100%; aspect-ratio:16 \/ 9;\" src=\"https:\/\/odysee.com\/%24\/embed\/%40wolnoscanarchia%3Ad%2FKraterowa-Ziemia---Godgevlamste---Odcinek-8%3A8?r=KqtnN3u2RSe5GxY7Tos527f1XGfjXD4u\" allowfullscreen><\/iframe><\/p>\n","protected":false},"excerpt":{"rendered":"<p>Kraterowa Ziemia &#8211; Odcinek 8 \u0179r\u00f3d\u0142o: https:\/\/www.youtube.com\/@godgevlamste<\/p>\n","protected":false},"author":3,"featured_media":590,"comment_status":"open","ping_status":"open","sticky":false,"template":"","format":"standard","meta":{"_acf_changed":false,"_bbp_topic_count":0,"_bbp_reply_count":0,"_bbp_total_topic_count":0,"_bbp_total_reply_count":0,"_bbp_voice_count":0,"_bbp_anonymous_reply_count":0,"_bbp_topic_count_hidden":0,"_bbp_reply_count_hidden":0,"_bbp_forum_subforum_count":0,"om_disable_all_campaigns":false,"_monsterinsights_skip_tracking":false,"footnotes":""},"categories":[12],"tags":[52,54,38,72,63,42,56,41,23,65,55,53,66,62],"class_list":["post-589","post","type-post","status-publish","format-standard","has-post-thumbnail","hentry","category-kraterowaziemia","tag-eric-dubay","tag-flatearthdave","tag-godgevlamste","tag-gwiazdy","tag-historia-ziemi","tag-illuminati","tag-ksiezyc","tag-nasa","tag-niewolnictwo","tag-planety","tag-slonce","tag-terry-r-eicher","tag-uklad-sloneczny","tag-wszechswiat"],"acf":[],"aioseo_notices":[],"aioseo_head":"\n\t\t<!-- All in One SEO 5.0.1.1 - aioseo.com -->\n\t<meta name=\"description\" content=\"Kraterowa Ziemia - Odcinek 8 \u0179r\u00f3d\u0142o: https:\/\/www.youtube.com\/@godgevlamste\" \/>\n\t<meta name=\"robots\" content=\"max-image-preview:large\" \/>\n\t<meta name=\"author\" content=\"Bart\u0142omiej Talarczyk\"\/>\n\t<link rel=\"canonical\" href=\"https:\/\/wia.net.pl\/index.php\/2023\/05\/31\/kraterowa-ziemia-odcinek-8\/\" \/>\n\t<meta name=\"generator\" content=\"All in One SEO (AIOSEO) 5.0.1.1\" \/>\n\t\t<meta property=\"og:locale\" content=\"pl_PL\" \/>\n\t\t<meta property=\"og:site_name\" content=\"Wolno\u015b\u0107 i Anarchia - Ka\u017cdy wewn\u0119trznie jest anarchist\u0105.\" \/>\n\t\t<meta property=\"og:type\" content=\"article\" \/>\n\t\t<meta property=\"og:title\" content=\"Kraterowa Ziemia \u2013 Odcinek 8 - Wolno\u015b\u0107 i Anarchia\" \/>\n\t\t<meta property=\"og:description\" content=\"Kraterowa Ziemia - Odcinek 8 \u0179r\u00f3d\u0142o: https:\/\/www.youtube.com\/@godgevlamste\" \/>\n\t\t<meta property=\"og:url\" content=\"https:\/\/wia.net.pl\/index.php\/2023\/05\/31\/kraterowa-ziemia-odcinek-8\/\" \/>\n\t\t<meta property=\"og:image\" content=\"https:\/\/wia.net.pl\/wp-content\/uploads\/2023\/11\/cropped-freedom-i73367.jpg\" \/>\n\t\t<meta property=\"og:image:secure_url\" content=\"https:\/\/wia.net.pl\/wp-content\/uploads\/2023\/11\/cropped-freedom-i73367.jpg\" \/>\n\t\t<meta property=\"article:published_time\" content=\"2023-05-31T14:28:59+00:00\" \/>\n\t\t<meta property=\"article:modified_time\" content=\"2025-04-22T09:50:15+00:00\" \/>\n\t\t<meta name=\"twitter:card\" content=\"summary_large_image\" \/>\n\t\t<meta name=\"twitter:title\" content=\"Kraterowa Ziemia \u2013 Odcinek 8 - Wolno\u015b\u0107 i Anarchia\" \/>\n\t\t<meta name=\"twitter:description\" content=\"Kraterowa Ziemia - Odcinek 8 \u0179r\u00f3d\u0142o: https:\/\/www.youtube.com\/@godgevlamste\" \/>\n\t\t<meta name=\"twitter:image\" content=\"https:\/\/wia.net.pl\/wp-content\/uploads\/2023\/11\/cropped-freedom-i73367.jpg\" \/>\n\t\t<script type=\"application\/ld+json\" class=\"aioseo-schema\">\n\t\t\t{\"@context\":\"https:\\\/\\\/schema.org\",\"@graph\":[{\"@type\":\"BlogPosting\",\"@id\":\"https:\\\/\\\/wia.net.pl\\\/index.php\\\/2023\\\/05\\\/31\\\/kraterowa-ziemia-odcinek-8\\\/#blogposting\",\"name\":\"Kraterowa Ziemia \\u2013 Odcinek 8 - Wolno\\u015b\\u0107 i Anarchia\",\"headline\":\"Kraterowa Ziemia &#8211; Odcinek 8\",\"author\":{\"@id\":\"https:\\\/\\\/wia.net.pl\\\/index.php\\\/author\\\/talar\\\/#author\"},\"publisher\":{\"@id\":\"https:\\\/\\\/wia.net.pl\\\/#person\"},\"image\":{\"@type\":\"ImageObject\",\"url\":\"https:\\\/\\\/wia.net.pl\\\/wp-content\\\/uploads\\\/2023\\\/05\\\/anu1.jpg\",\"width\":2560,\"height\":1600},\"datePublished\":\"2023-05-31T16:28:59+02:00\",\"dateModified\":\"2025-04-22T11:50:15+02:00\",\"inLanguage\":\"pl-PL\",\"mainEntityOfPage\":{\"@id\":\"https:\\\/\\\/wia.net.pl\\\/index.php\\\/2023\\\/05\\\/31\\\/kraterowa-ziemia-odcinek-8\\\/#webpage\"},\"isPartOf\":{\"@id\":\"https:\\\/\\\/wia.net.pl\\\/index.php\\\/2023\\\/05\\\/31\\\/kraterowa-ziemia-odcinek-8\\\/#webpage\"},\"articleSection\":\"Kraterowa Ziemia, Eric Dubay, FlatEarthDave, Godgevlamste, Gwiazdy, Historia ziemi, Illuminati, Ksi\\u0119\\u017cyc, NASA, Niewolnictwo, Planety, S\\u0142o\\u0144ce, Terry R Eicher, Uk\\u0142ad s\\u0142oneczny, Wszech\\u015bwiat\"},{\"@type\":\"BreadcrumbList\",\"@id\":\"https:\\\/\\\/wia.net.pl\\\/index.php\\\/2023\\\/05\\\/31\\\/kraterowa-ziemia-odcinek-8\\\/#breadcrumblist\",\"itemListElement\":[{\"@type\":\"ListItem\",\"@id\":\"https:\\\/\\\/wia.net.pl#listItem\",\"position\":1,\"name\":\"Home\",\"item\":\"https:\\\/\\\/wia.net.pl\",\"nextItem\":{\"@type\":\"ListItem\",\"@id\":\"https:\\\/\\\/wia.net.pl\\\/index.php\\\/category\\\/kraterowaziemia\\\/#listItem\",\"name\":\"Kraterowa Ziemia\"}},{\"@type\":\"ListItem\",\"@id\":\"https:\\\/\\\/wia.net.pl\\\/index.php\\\/category\\\/kraterowaziemia\\\/#listItem\",\"position\":2,\"name\":\"Kraterowa Ziemia\",\"item\":\"https:\\\/\\\/wia.net.pl\\\/index.php\\\/category\\\/kraterowaziemia\\\/\",\"nextItem\":{\"@type\":\"ListItem\",\"@id\":\"https:\\\/\\\/wia.net.pl\\\/index.php\\\/2023\\\/05\\\/31\\\/kraterowa-ziemia-odcinek-8\\\/#listItem\",\"name\":\"Kraterowa Ziemia &#8211; Odcinek 8\"},\"previousItem\":{\"@type\":\"ListItem\",\"@id\":\"https:\\\/\\\/wia.net.pl#listItem\",\"name\":\"Home\"}},{\"@type\":\"ListItem\",\"@id\":\"https:\\\/\\\/wia.net.pl\\\/index.php\\\/2023\\\/05\\\/31\\\/kraterowa-ziemia-odcinek-8\\\/#listItem\",\"position\":3,\"name\":\"Kraterowa Ziemia &#8211; Odcinek 8\",\"previousItem\":{\"@type\":\"ListItem\",\"@id\":\"https:\\\/\\\/wia.net.pl\\\/index.php\\\/category\\\/kraterowaziemia\\\/#listItem\",\"name\":\"Kraterowa Ziemia\"}}]},{\"@type\":\"Person\",\"@id\":\"https:\\\/\\\/wia.net.pl\\\/#person\",\"name\":\"Bart\\u0142omiej Talarczyk\",\"image\":{\"@type\":\"ImageObject\",\"@id\":\"https:\\\/\\\/wia.net.pl\\\/index.php\\\/2023\\\/05\\\/31\\\/kraterowa-ziemia-odcinek-8\\\/#personImage\",\"url\":\"https:\\\/\\\/wia.net.pl\\\/wp-content\\\/uploads\\\/avatar-privacy\\\/cache\\\/user\\\/1\\\/7\\\/176a6b161c58363ff49b5c167264231f519f5c7fa183ca1f61e891769b6b56d5-96.jpg\",\"width\":96,\"height\":96,\"caption\":\"Bart\\u0142omiej Talarczyk\"}},{\"@type\":\"Person\",\"@id\":\"https:\\\/\\\/wia.net.pl\\\/index.php\\\/author\\\/talar\\\/#author\",\"url\":\"https:\\\/\\\/wia.net.pl\\\/index.php\\\/author\\\/talar\\\/\",\"name\":\"Bart\\u0142omiej Talarczyk\",\"image\":{\"@type\":\"ImageObject\",\"@id\":\"https:\\\/\\\/wia.net.pl\\\/index.php\\\/2023\\\/05\\\/31\\\/kraterowa-ziemia-odcinek-8\\\/#authorImage\",\"url\":\"https:\\\/\\\/wia.net.pl\\\/wp-content\\\/uploads\\\/avatar-privacy\\\/cache\\\/user\\\/1\\\/7\\\/176a6b161c58363ff49b5c167264231f519f5c7fa183ca1f61e891769b6b56d5-96.jpg\",\"width\":96,\"height\":96,\"caption\":\"Bart\\u0142omiej Talarczyk\"}},{\"@type\":\"WebPage\",\"@id\":\"https:\\\/\\\/wia.net.pl\\\/index.php\\\/2023\\\/05\\\/31\\\/kraterowa-ziemia-odcinek-8\\\/#webpage\",\"url\":\"https:\\\/\\\/wia.net.pl\\\/index.php\\\/2023\\\/05\\\/31\\\/kraterowa-ziemia-odcinek-8\\\/\",\"name\":\"Kraterowa Ziemia \\u2013 Odcinek 8 - Wolno\\u015b\\u0107 i Anarchia\",\"description\":\"Kraterowa Ziemia - Odcinek 8 \\u0179r\\u00f3d\\u0142o: https:\\\/\\\/www.youtube.com\\\/@godgevlamste\",\"inLanguage\":\"pl-PL\",\"isPartOf\":{\"@id\":\"https:\\\/\\\/wia.net.pl\\\/#website\"},\"breadcrumb\":{\"@id\":\"https:\\\/\\\/wia.net.pl\\\/index.php\\\/2023\\\/05\\\/31\\\/kraterowa-ziemia-odcinek-8\\\/#breadcrumblist\"},\"author\":{\"@id\":\"https:\\\/\\\/wia.net.pl\\\/index.php\\\/author\\\/talar\\\/#author\"},\"creator\":{\"@id\":\"https:\\\/\\\/wia.net.pl\\\/index.php\\\/author\\\/talar\\\/#author\"},\"image\":{\"@type\":\"ImageObject\",\"url\":\"https:\\\/\\\/wia.net.pl\\\/wp-content\\\/uploads\\\/2023\\\/05\\\/anu1.jpg\",\"@id\":\"https:\\\/\\\/wia.net.pl\\\/index.php\\\/2023\\\/05\\\/31\\\/kraterowa-ziemia-odcinek-8\\\/#mainImage\",\"width\":2560,\"height\":1600},\"primaryImageOfPage\":{\"@id\":\"https:\\\/\\\/wia.net.pl\\\/index.php\\\/2023\\\/05\\\/31\\\/kraterowa-ziemia-odcinek-8\\\/#mainImage\"},\"datePublished\":\"2023-05-31T16:28:59+02:00\",\"dateModified\":\"2025-04-22T11:50:15+02:00\"},{\"@type\":\"WebSite\",\"@id\":\"https:\\\/\\\/wia.net.pl\\\/#website\",\"url\":\"https:\\\/\\\/wia.net.pl\\\/\",\"name\":\"Wolno\\u015b\\u0107 i Anarchia\",\"description\":\"Ka\\u017cdy wewn\\u0119trznie jest anarchist\\u0105.\",\"inLanguage\":\"pl-PL\",\"publisher\":{\"@id\":\"https:\\\/\\\/wia.net.pl\\\/#person\"}}]}\n\t\t<\/script>\n\t\t<!-- All in One SEO -->\n\n","aioseo_head_json":{"title":"Kraterowa Ziemia \u2013 Odcinek 8 - Wolno\u015b\u0107 i Anarchia","description":"Kraterowa Ziemia - Odcinek 8 \u0179r\u00f3d\u0142o: https:\/\/www.youtube.com\/@godgevlamste","canonical_url":"https:\/\/wia.net.pl\/index.php\/2023\/05\/31\/kraterowa-ziemia-odcinek-8\/","robots":"max-image-preview:large","keywords":"","webmasterTools":{"miscellaneous":""},"schema":{"@context":"https:\/\/schema.org","@graph":[{"@type":"BlogPosting","@id":"https:\/\/wia.net.pl\/index.php\/2023\/05\/31\/kraterowa-ziemia-odcinek-8\/#blogposting","name":"Kraterowa Ziemia \u2013 Odcinek 8 - Wolno\u015b\u0107 i Anarchia","headline":"Kraterowa Ziemia &#8211; Odcinek 8","author":{"@id":"https:\/\/wia.net.pl\/index.php\/author\/talar\/#author"},"publisher":{"@id":"https:\/\/wia.net.pl\/#person"},"image":{"@type":"ImageObject","url":"https:\/\/wia.net.pl\/wp-content\/uploads\/2023\/05\/anu1.jpg","width":2560,"height":1600},"datePublished":"2023-05-31T16:28:59+02:00","dateModified":"2025-04-22T11:50:15+02:00","inLanguage":"pl-PL","mainEntityOfPage":{"@id":"https:\/\/wia.net.pl\/index.php\/2023\/05\/31\/kraterowa-ziemia-odcinek-8\/#webpage"},"isPartOf":{"@id":"https:\/\/wia.net.pl\/index.php\/2023\/05\/31\/kraterowa-ziemia-odcinek-8\/#webpage"},"articleSection":"Kraterowa Ziemia, Eric Dubay, FlatEarthDave, Godgevlamste, Gwiazdy, Historia ziemi, Illuminati, Ksi\u0119\u017cyc, NASA, Niewolnictwo, Planety, S\u0142o\u0144ce, Terry R Eicher, Uk\u0142ad s\u0142oneczny, Wszech\u015bwiat"},{"@type":"BreadcrumbList","@id":"https:\/\/wia.net.pl\/index.php\/2023\/05\/31\/kraterowa-ziemia-odcinek-8\/#breadcrumblist","itemListElement":[{"@type":"ListItem","@id":"https:\/\/wia.net.pl#listItem","position":1,"name":"Home","item":"https:\/\/wia.net.pl","nextItem":{"@type":"ListItem","@id":"https:\/\/wia.net.pl\/index.php\/category\/kraterowaziemia\/#listItem","name":"Kraterowa Ziemia"}},{"@type":"ListItem","@id":"https:\/\/wia.net.pl\/index.php\/category\/kraterowaziemia\/#listItem","position":2,"name":"Kraterowa Ziemia","item":"https:\/\/wia.net.pl\/index.php\/category\/kraterowaziemia\/","nextItem":{"@type":"ListItem","@id":"https:\/\/wia.net.pl\/index.php\/2023\/05\/31\/kraterowa-ziemia-odcinek-8\/#listItem","name":"Kraterowa Ziemia &#8211; Odcinek 8"},"previousItem":{"@type":"ListItem","@id":"https:\/\/wia.net.pl#listItem","name":"Home"}},{"@type":"ListItem","@id":"https:\/\/wia.net.pl\/index.php\/2023\/05\/31\/kraterowa-ziemia-odcinek-8\/#listItem","position":3,"name":"Kraterowa Ziemia &#8211; Odcinek 8","previousItem":{"@type":"ListItem","@id":"https:\/\/wia.net.pl\/index.php\/category\/kraterowaziemia\/#listItem","name":"Kraterowa Ziemia"}}]},{"@type":"Person","@id":"https:\/\/wia.net.pl\/#person","name":"Bart\u0142omiej Talarczyk","image":{"@type":"ImageObject","@id":"https:\/\/wia.net.pl\/index.php\/2023\/05\/31\/kraterowa-ziemia-odcinek-8\/#personImage","url":"https:\/\/wia.net.pl\/wp-content\/uploads\/avatar-privacy\/cache\/user\/1\/7\/176a6b161c58363ff49b5c167264231f519f5c7fa183ca1f61e891769b6b56d5-96.jpg","width":96,"height":96,"caption":"Bart\u0142omiej Talarczyk"}},{"@type":"Person","@id":"https:\/\/wia.net.pl\/index.php\/author\/talar\/#author","url":"https:\/\/wia.net.pl\/index.php\/author\/talar\/","name":"Bart\u0142omiej Talarczyk","image":{"@type":"ImageObject","@id":"https:\/\/wia.net.pl\/index.php\/2023\/05\/31\/kraterowa-ziemia-odcinek-8\/#authorImage","url":"https:\/\/wia.net.pl\/wp-content\/uploads\/avatar-privacy\/cache\/user\/1\/7\/176a6b161c58363ff49b5c167264231f519f5c7fa183ca1f61e891769b6b56d5-96.jpg","width":96,"height":96,"caption":"Bart\u0142omiej Talarczyk"}},{"@type":"WebPage","@id":"https:\/\/wia.net.pl\/index.php\/2023\/05\/31\/kraterowa-ziemia-odcinek-8\/#webpage","url":"https:\/\/wia.net.pl\/index.php\/2023\/05\/31\/kraterowa-ziemia-odcinek-8\/","name":"Kraterowa Ziemia \u2013 Odcinek 8 - Wolno\u015b\u0107 i Anarchia","description":"Kraterowa Ziemia - Odcinek 8 \u0179r\u00f3d\u0142o: https:\/\/www.youtube.com\/@godgevlamste","inLanguage":"pl-PL","isPartOf":{"@id":"https:\/\/wia.net.pl\/#website"},"breadcrumb":{"@id":"https:\/\/wia.net.pl\/index.php\/2023\/05\/31\/kraterowa-ziemia-odcinek-8\/#breadcrumblist"},"author":{"@id":"https:\/\/wia.net.pl\/index.php\/author\/talar\/#author"},"creator":{"@id":"https:\/\/wia.net.pl\/index.php\/author\/talar\/#author"},"image":{"@type":"ImageObject","url":"https:\/\/wia.net.pl\/wp-content\/uploads\/2023\/05\/anu1.jpg","@id":"https:\/\/wia.net.pl\/index.php\/2023\/05\/31\/kraterowa-ziemia-odcinek-8\/#mainImage","width":2560,"height":1600},"primaryImageOfPage":{"@id":"https:\/\/wia.net.pl\/index.php\/2023\/05\/31\/kraterowa-ziemia-odcinek-8\/#mainImage"},"datePublished":"2023-05-31T16:28:59+02:00","dateModified":"2025-04-22T11:50:15+02:00"},{"@type":"WebSite","@id":"https:\/\/wia.net.pl\/#website","url":"https:\/\/wia.net.pl\/","name":"Wolno\u015b\u0107 i Anarchia","description":"Ka\u017cdy wewn\u0119trznie jest anarchist\u0105.","inLanguage":"pl-PL","publisher":{"@id":"https:\/\/wia.net.pl\/#person"}}]},"og:locale":"pl_PL","og:site_name":"Wolno\u015b\u0107 i Anarchia - Ka\u017cdy wewn\u0119trznie jest anarchist\u0105.","og:type":"article","og:title":"Kraterowa Ziemia \u2013 Odcinek 8 - Wolno\u015b\u0107 i Anarchia","og:description":"Kraterowa Ziemia - Odcinek 8 \u0179r\u00f3d\u0142o: https:\/\/www.youtube.com\/@godgevlamste","og:url":"https:\/\/wia.net.pl\/index.php\/2023\/05\/31\/kraterowa-ziemia-odcinek-8\/","og:image":"https:\/\/wia.net.pl\/wp-content\/uploads\/2023\/11\/cropped-freedom-i73367.jpg","og:image:secure_url":"https:\/\/wia.net.pl\/wp-content\/uploads\/2023\/11\/cropped-freedom-i73367.jpg","article:published_time":"2023-05-31T14:28:59+00:00","article:modified_time":"2025-04-22T09:50:15+00:00","twitter:card":"summary_large_image","twitter:title":"Kraterowa Ziemia \u2013 Odcinek 8 - Wolno\u015b\u0107 i Anarchia","twitter:description":"Kraterowa Ziemia - Odcinek 8 \u0179r\u00f3d\u0142o: https:\/\/www.youtube.com\/@godgevlamste","twitter:image":"https:\/\/wia.net.pl\/wp-content\/uploads\/2023\/11\/cropped-freedom-i73367.jpg"},"aioseo_meta_data":{"post_id":"589","title":null,"description":null,"keywords":null,"keyphrases":{"focus":{"keyphrase":"","score":0,"analysis":{"keyphraseInTitle":{"score":0,"maxScore":9,"error":1}}},"additional":[]},"primary_term":null,"canonical_url":null,"og_title":null,"og_description":null,"og_object_type":"default","og_image_type":"default","og_image_url":null,"og_image_width":null,"og_image_height":null,"og_image_custom_url":null,"og_image_custom_fields":null,"og_video":"","og_custom_url":null,"og_article_section":null,"og_article_tags":null,"twitter_use_og":false,"twitter_card":"default","twitter_image_type":"default","twitter_image_url":null,"twitter_image_custom_url":null,"twitter_image_custom_fields":null,"twitter_title":null,"twitter_description":null,"schema":{"blockGraphs":[],"customGraphs":[],"default":{"data":{"Article":[],"Course":[],"Dataset":[],"FAQPage":[],"Movie":[],"Person":[],"Product":[],"ProductReview":[],"Car":[],"Recipe":[],"Service":[],"SoftwareApplication":[],"WebPage":[]},"graphName":"BlogPosting","isEnabled":true},"graphs":[]},"schema_type":"default","schema_type_options":null,"pillar_content":false,"robots_default":true,"robots_noindex":false,"robots_noarchive":false,"robots_nosnippet":false,"robots_nofollow":false,"robots_noimageindex":false,"robots_noodp":false,"robots_notranslate":false,"robots_max_snippet":"-1","robots_max_videopreview":"-1","robots_max_imagepreview":"large","priority":null,"frequency":"default","local_seo":null,"breadcrumb_settings":null,"limit_modified_date":false,"ai":null,"created":"2023-06-06 13:24:21","updated":"2025-06-04 07:15:41","seo_analyzer_scan_date":null,"focus_keyword":null,"additional_keywords":null,"truseo_locale":null},"aioseo_breadcrumb":"<div class=\"aioseo-breadcrumbs\"><span class=\"aioseo-breadcrumb\">\n\t\t\t<a href=\"https:\/\/wia.net.pl\" title=\"Home\">Home<\/a>\n\t\t<\/span><span class=\"aioseo-breadcrumb-separator\">&raquo;<\/span><span class=\"aioseo-breadcrumb\">\n\t\t\t<a href=\"https:\/\/wia.net.pl\/index.php\/category\/kraterowaziemia\/\" title=\"Kraterowa Ziemia\">Kraterowa Ziemia<\/a>\n\t\t<\/span><span class=\"aioseo-breadcrumb-separator\">&raquo;<\/span><span class=\"aioseo-breadcrumb\">\n\t\t\tKraterowa Ziemia \u2013 Odcinek 8\n\t\t<\/span><\/div>","aioseo_breadcrumb_json":[{"label":"Home","link":"https:\/\/wia.net.pl"},{"label":"Kraterowa Ziemia","link":"https:\/\/wia.net.pl\/index.php\/category\/kraterowaziemia\/"},{"label":"Kraterowa Ziemia &#8211; Odcinek 8","link":"https:\/\/wia.net.pl\/index.php\/2023\/05\/31\/kraterowa-ziemia-odcinek-8\/"}],"_links":{"self":[{"href":"https:\/\/wia.net.pl\/index.php\/wp-json\/wp\/v2\/posts\/589"}],"collection":[{"href":"https:\/\/wia.net.pl\/index.php\/wp-json\/wp\/v2\/posts"}],"about":[{"href":"https:\/\/wia.net.pl\/index.php\/wp-json\/wp\/v2\/types\/post"}],"author":[{"embeddable":true,"href":"https:\/\/wia.net.pl\/index.php\/wp-json\/wp\/v2\/users\/3"}],"replies":[{"embeddable":true,"href":"https:\/\/wia.net.pl\/index.php\/wp-json\/wp\/v2\/comments?post=589"}],"version-history":[{"count":3,"href":"https:\/\/wia.net.pl\/index.php\/wp-json\/wp\/v2\/posts\/589\/revisions"}],"predecessor-version":[{"id":9771,"href":"https:\/\/wia.net.pl\/index.php\/wp-json\/wp\/v2\/posts\/589\/revisions\/9771"}],"wp:featuredmedia":[{"embeddable":true,"href":"https:\/\/wia.net.pl\/index.php\/wp-json\/wp\/v2\/media\/590"}],"wp:attachment":[{"href":"https:\/\/wia.net.pl\/index.php\/wp-json\/wp\/v2\/media?parent=589"}],"wp:term":[{"taxonomy":"category","embeddable":true,"href":"https:\/\/wia.net.pl\/index.php\/wp-json\/wp\/v2\/categories?post=589"},{"taxonomy":"post_tag","embeddable":true,"href":"https:\/\/wia.net.pl\/index.php\/wp-json\/wp\/v2\/tags?post=589"}],"curies":[{"name":"wp","href":"https:\/\/api.w.org\/{rel}","templated":true}]}}