{"id":5928,"date":"2023-12-03T16:51:06","date_gmt":"2023-12-03T15:51:06","guid":{"rendered":"https:\/\/wia.net.pl\/?p=5928"},"modified":"2023-12-03T18:57:54","modified_gmt":"2023-12-03T17:57:54","slug":"1775r-biblia-i-kompletnie-inny-kalendarz","status":"publish","type":"post","link":"https:\/\/wia.net.pl\/index.php\/2023\/12\/03\/1775r-biblia-i-kompletnie-inny-kalendarz\/","title":{"rendered":"1775r Biblia i kompletnie inny kalendarz"},"content":{"rendered":"\n<p>Autor, <a href=\"https:\/\/teslatelegraph.com\/\">telegraf tesli<\/a><\/p>\n\n\n\n<figure class=\"wp-block-image size-large\"><img loading=\"lazy\" decoding=\"async\" width=\"1024\" height=\"751\" src=\"https:\/\/wia.net.pl\/wp-content\/uploads\/2023\/12\/x-1024x751.jpg\" alt=\"\" class=\"wp-image-5929\" srcset=\"https:\/\/wia.net.pl\/wp-content\/uploads\/2023\/12\/x-1024x751.jpg 1024w, https:\/\/wia.net.pl\/wp-content\/uploads\/2023\/12\/x-300x220.jpg 300w, https:\/\/wia.net.pl\/wp-content\/uploads\/2023\/12\/x-768x563.jpg 768w, https:\/\/wia.net.pl\/wp-content\/uploads\/2023\/12\/x.jpg 1199w\" sizes=\"(max-width: 1024px) 100vw, 1024px\" \/><\/figure>\n\n\n\n<p>1775 Biblia pokazuje niedziel\u0119 jako pierwszy dzie\u0144, \u0142\u0105cznie 13 miesi\u0119cy i marzec jako pierwszy miesi\u0105c<\/p>\n\n\n\n<p>W dziedzinie ciekawostek historycznych zainteresowanie zar\u00f3wno badaczy, jak i pasjonat\u00f3w wzbudzi\u0142a ostatnio Biblia z 1775 roku.&nbsp;Ta staro\u017cytna ksi\u0119ga, wyr\u00f3\u017cniaj\u0105ca si\u0119 wyj\u0105tkowym podej\u015bciem do pomiaru czasu, przedstawia osobliwy uk\u0142ad dni, tygodni i miesi\u0119cy, odbiegaj\u0105cy od wsp\u00f3\u0142czesnego kalendarza.&nbsp;Do jego charakterystycznych cech nale\u017cy wyznaczenie niedzieli jako pierwszego dnia tygodnia, w\u0142\u0105czenie 13-miesi\u0119cznego kalendarza oraz marzec b\u0119d\u0105cy miesi\u0105cem inauguracyjnym roku.&nbsp;Celem artyku\u0142u jest zg\u0142\u0119bienie kontekstu historycznego i znaczenia tego niezwyk\u0142ego artefaktu.<\/p>\n\n\n\n<p>T\u0142o historyczne:<\/p>\n\n\n\n<p>Wiek XVIII by\u0142 czasem przemian w r\u00f3\u017cnych aspektach \u017cycia cz\u0142owieka, zar\u00f3wno w sferze kulturalnej, naukowej, jak i religijnej.&nbsp;Kalendarz gregoria\u0144ski, powszechnie przyj\u0119ty w \u015bwiecie zachodnim, zosta\u0142 ustanowiony przez papie\u017ca Grzegorza XIII w 1582 r. w celu zreformowania kalendarza julia\u0144skiego.&nbsp;Jednak jego przyj\u0119cie nie by\u0142o natychmiastowe ani jednolite w r\u00f3\u017cnych regionach i spo\u0142eczno\u015bciach.&nbsp;Wa\u017cne jest, aby zrozumie\u0107, \u017ce r\u00f3\u017cnice w systemach kalendarzowych nie by\u0142y rzadko\u015bci\u0105 w tym okresie.<\/p>\n\n\n\n<p>Niedziela jako dzie\u0144 pierwszy:<\/p>\n\n\n\n<p>Wyb\u00f3r niedzieli na pierwszy dzie\u0144 tygodnia w Biblii z 1775 roku jest zgodny z tradycyjnymi wierzeniami chrze\u015bcija\u0144skimi.&nbsp;Niedziela uznawana jest za chrze\u015bcija\u0144ski szabat, upami\u0119tniaj\u0105cy dzie\u0144 zmartwychwstania Chrystusa.&nbsp;To zestawienie odzwierciedla wp\u0142yw perspektyw religijnych na interpretacj\u0119 czasu i jego podzia\u0142\u00f3w.<\/p>\n\n\n\n<p>Kalendarz 13-miesi\u0119czny:<\/p>\n\n\n\n<p>Szczeg\u00f3lnie intryguj\u0105ca jest koncepcja kalendarza 13-miesi\u0119cznego.&nbsp;Podczas gdy kalendarz gregoria\u0144ski, kt\u00f3rego u\u017cywamy dzisiaj, opiera si\u0119 na systemie 12-miesi\u0119cznym, niekt\u00f3re kalendarze historyczne, takie jak kalendarz ksi\u0119\u017cycowy, mia\u0142y 13 miesi\u0119cy w roku.&nbsp;Odej\u015bcie od normy w Biblii z 1775 r. mo\u017ce mie\u0107 swoje korzenie w pr\u00f3bach pogodzenia cykli ksi\u0119\u017cycowych i s\u0142onecznych lub w zaznaczeniu okre\u015blonych obrz\u0119d\u00f3w religijnych zwi\u0105zanych z kalendarzem ksi\u0119\u017cycowym.<\/p>\n\n\n\n<p>Kalendarz 13-miesi\u0119czny przedstawiony w Biblii z 1775 r. stanowi odej\u015bcie od konwencjonalnego systemu 12-miesi\u0119cznego, kt\u00f3ry znamy ze wsp\u00f3\u0142czesnego kalendarza gregoria\u0144skiego.&nbsp;Aby zrozumie\u0107 ten wyj\u0105tkowy uk\u0142ad kalendarza, konieczne jest zag\u0142\u0119bienie si\u0119 w historyczne pochodzenie miesi\u0119cy i ich nazw.<\/p>\n\n\n\n<ol class=\"wp-block-list\">\n<li><strong>Stycze\u0144:<\/strong>\n<ul class=\"wp-block-list\">\n<li>Nazwa stycze\u0144 pochodzi od rzymskiego boga Janusa, boga drzwi i bram.&nbsp;Janus jest cz\u0119sto przedstawiany z dwiema twarzami, jedn\u0105 spogl\u0105daj\u0105c\u0105 w przysz\u0142o\u015b\u0107, drug\u0105 spogl\u0105daj\u0105c\u0105 w przesz\u0142o\u015b\u0107.<\/li>\n<\/ul>\n<\/li>\n\n\n\n<li><strong>Luty:<\/strong>\n<ul class=\"wp-block-list\">\n<li>Nazwa luty pochodzi od \u0142aci\u0144skiego s\u0142owa \u201efebruum\u201d, co oznacza oczyszczenie.&nbsp;W kalendarzu rzymskim luty by\u0142 miesi\u0105cem po\u015bwi\u0119conym rytua\u0142om oczyszczenia.<\/li>\n<\/ul>\n<\/li>\n\n\n\n<li><strong>Marsz:<\/strong>\n<ul class=\"wp-block-list\">\n<li>Marzec by\u0142 pierwotnie pierwszym miesi\u0105cem w kalendarzu rzymskim.&nbsp;Jego nazwa pochodzi od Marsa, rzymskiego boga wojny.&nbsp;W marcu rozpocz\u0105\u0142 si\u0119 sezon kampanii wojskowej.<\/li>\n<\/ul>\n<\/li>\n\n\n\n<li><strong>Kwiecie\u0144:<\/strong>\n<ul class=\"wp-block-list\">\n<li>Pochodzenie nazwy April jest niepewne, ale mo\u017ce pochodzi\u0107 od \u0142aci\u0144skiego s\u0142owa \u201eaperire\u201d oznaczaj\u0105cego otwieranie, prawdopodobnie odnosz\u0105cego si\u0119 do otwierania lub kwitnienia kwiat\u00f3w i drzew.<\/li>\n<\/ul>\n<\/li>\n\n\n\n<li><strong>M\u00f3c:<\/strong>\n<ul class=\"wp-block-list\">\n<li>Maj zosta\u0142 nazwany na cze\u015b\u0107 Mai, rzymskiej bogini p\u0142odno\u015bci.&nbsp;Miesi\u0105c ten tradycyjnie kojarzony by\u0142 z kwitnieniem kwiat\u00f3w i wzrostem ro\u015blin.<\/li>\n<\/ul>\n<\/li>\n\n\n\n<li><strong>Czerwiec:<\/strong>\n<ul class=\"wp-block-list\">\n<li>Uwa\u017ca si\u0119, \u017ce imi\u0119 Czerwiec pochodzi od Juno, rzymskiej bogini ma\u0142\u017ce\u0144stwa i dobrobytu kobiet.&nbsp;Czerwiec by\u0142 uwa\u017cany za pomy\u015blny miesi\u0105c na \u015bluby.<\/li>\n<\/ul>\n<\/li>\n\n\n\n<li><strong>Lipiec:<\/strong>\n<ul class=\"wp-block-list\">\n<li>Pierwotnie znany jako Quintilis, co po \u0142acinie oznacza pi\u0105ty miesi\u0105c, lipiec zosta\u0142 p\u00f3\u017aniej przemianowany na cze\u015b\u0107 Juliusza Cezara.&nbsp;Miesi\u0105c Cezara, lipiec, zachowa\u0142 pierwotn\u0105 d\u0142ugo\u015b\u0107 31 dni.<\/li>\n<\/ul>\n<\/li>\n\n\n\n<li><strong>Sierpie\u0144:<\/strong>\n<ul class=\"wp-block-list\">\n<li>Podobnie jak lipiec, sierpie\u0144 pierwotnie nosi\u0142 nazw\u0119 Sextilis, co oznacza sz\u00f3sty miesi\u0105c.&nbsp;P\u00f3\u017aniej przemianowano go na cze\u015b\u0107 rzymskiego cesarza Augusta Cezara.<\/li>\n<\/ul>\n<\/li>\n\n\n\n<li><strong>Wrzesie\u0144:<\/strong>\n<ul class=\"wp-block-list\">\n<li>Nazwa wrze\u015bnia pochodzi od \u0142aci\u0144skiego s\u0142owa \u201eseptem\u201d oznaczaj\u0105cego siedem.&nbsp;W kalendarzu rzymskim by\u0142 to si\u00f3dmy miesi\u0105c.<\/li>\n<\/ul>\n<\/li>\n\n\n\n<li><strong>Pa\u017adziernik:<\/strong>\n<ul class=\"wp-block-list\">\n<li>Nazwa pa\u017adziernika pochodzi od \u0142aci\u0144skiego s\u0142owa \u201eocto\u201d oznaczaj\u0105cego osiem.&nbsp;By\u0142 to \u00f3smy miesi\u0105c w kalendarzu rzymskim.<\/li>\n<\/ul>\n<\/li>\n\n\n\n<li><strong>Listopad:<\/strong>\n<ul class=\"wp-block-list\">\n<li>Listopad pochodzi od \u0142aci\u0144skiego s\u0142owa \u201enovem\u201d oznaczaj\u0105cego dziewi\u0119\u0107.&nbsp;Pierwotnie by\u0142 to dziewi\u0105ty miesi\u0105c w kalendarzu rzymskim.<\/li>\n<\/ul>\n<\/li>\n\n\n\n<li><strong>Grudzie\u0144:<\/strong>\n<ul class=\"wp-block-list\">\n<li>Nazwa grudnia pochodzi od \u0142aci\u0144skiego s\u0142owa \u201edecem\u201d, oznaczaj\u0105cego dziesi\u0119\u0107.&nbsp;By\u0142 to dziesi\u0105ty miesi\u0105c w kalendarzu rzymskim.<\/li>\n<\/ul>\n<\/li>\n\n\n\n<li><strong>Niegrudzie\u0144:<\/strong>\n<ul class=\"wp-block-list\">\n<li>Nazwa \u201eUndecember\u201d mo\u017ce pochodzi\u0107 od \u0142aci\u0144skiego s\u0142owa \u201eundecim\u201d, oznaczaj\u0105cego jedena\u015bcie, poniewa\u017c jest wzorowana na \u0142aci\u0144skich nazwach pozosta\u0142ych miesi\u0119cy.&nbsp;Nazwa ta podkre\u015bla dodanie miesi\u0105ca poza tradycyjn\u0105 dwunastk\u0105.<\/li>\n\n\n\n<li>Wprowadzenie Undecember mo\u017ce s\u0142u\u017cy\u0107 r\u00f3\u017cnym celom.&nbsp;Mo\u017ce to by\u0107 zwi\u0105zane z faz\u0105 ksi\u0119\u017cyca, kt\u00f3ra nie pasowa\u0142a do 12-miesi\u0119cznego cyklu, lub mo\u017ce by\u0107 powi\u0105zane ze zmianami sezonowymi kluczowymi dla praktyk rolniczych.&nbsp;Ponadto z religijnego punktu widzenia Undecember m\u00f3g\u0142 mie\u0107 znaczenie w upami\u0119tnianiu konkretnego \u015bwi\u0119ta lub obchod\u00f3w zwi\u0105zanych z Ksi\u0119\u017cycem.<\/li>\n\n\n\n<li>W wielu staro\u017cytnych kulturach kalendarze ksi\u0119\u017cycowe by\u0142y \u015bci\u015ble powi\u0105zane z ceremoniami religijnymi i cyklami rolniczymi.&nbsp;Dodanie trzynastego miesi\u0105ca pozwoli\u0142o na dok\u0142adniejsze zr\u00f3wnanie z rokiem ksi\u0119\u017cycowym, zapewniaj\u0105c, \u017ce \u015bwi\u0119ta religijne lub prace rolnicze odbywa\u0142y si\u0119 w odpowiednich terminach.<\/li>\n\n\n\n<li>Cho\u0107 konkretne powody umieszczenia 13 miesi\u0105ca w Biblii z 1775 r. pozostaj\u0105 spekulatywne, s\u0142u\u017c\u0105 one przypomnieniu o z\u0142o\u017conej i wieloaspektowej naturze historycznego pomiaru czasu.&nbsp;Wprowadzenie Undecember, z jego potencjalnymi powi\u0105zaniami z cyklami ksi\u0119\u017cycowymi i praktykami kulturowymi, dodaje warstw\u0119 tajemnicy do i tak ju\u017c fascynuj\u0105cego spojrzenia w przesz\u0142o\u015b\u0107.&nbsp;Wyj\u0105tkowa konfiguracja kalendarza zawarta w Biblii z 1775 r. podwa\u017ca nasze za\u0142o\u017cenia dotycz\u0105ce uniwersalno\u015bci kalendarza 12-miesi\u0119cznego i zach\u0119ca nas do docenienia r\u00f3\u017cnorodno\u015bci ludzkich podej\u015b\u0107 do organizacji i zrozumienia czasu.<\/li>\n<\/ul>\n<\/li>\n<\/ol>\n\n\n\n<p>Marzec jako pierwszy miesi\u0105c:<\/p>\n\n\n\n<p>Wyznaczenie marca jako pierwszego miesi\u0105ca roku w Biblii z 1775 r. ma r\u00f3wnie\u017c historyczne precedensy.&nbsp;W staro\u017cytnym kalendarzu rzymskim marzec by\u0142 rzeczywi\u015bcie pierwszym miesi\u0105cem.&nbsp;Kalendarz ten opiera\u0142 si\u0119 na roku ksi\u0119\u017cycowym, a miesi\u0105ce stycze\u0144 i luty dodano p\u00f3\u017aniej, aby dostosowa\u0107 kalendarz do roku s\u0142onecznego.&nbsp;Pozosta\u0142o\u015bci tego wczesnego systemu mo\u017cna znale\u017a\u0107 w nazwach od wrze\u015bnia (septem, co oznacza siedem) do grudnia (decem, co oznacza dziesi\u0119\u0107).<\/p>\n\n\n\n<p>Wniosek:<\/p>\n\n\n\n<p>Niekonwencjonalne podej\u015bcie Biblii z 1775 roku do pomiaru czasu rzuca \u015bwiat\u0142o na dynamiczn\u0105 natur\u0119 kalendarzy w historii.&nbsp;Jest \u015bwiadectwem wp\u0142ywu czynnik\u00f3w religijnych, kulturowych i historycznych na postrzeganie i organizacj\u0119 czasu.&nbsp;Chocia\u017c kalendarz gregoria\u0144ski jest obecnie \u015bwiatowym standardem, artefakty takie jak ta Biblia przypominaj\u0105 nam, \u017ce w historii ludzko\u015bci istnia\u0142y r\u00f3\u017cnorodne sposoby rozumienia i mierzenia czasu.&nbsp;Badanie takich anomalii pog\u0142\u0119bia nasze zrozumienie bogatego dziedzictwa kulturowego i chronologicznego.<\/p>\n\n\n\n<p>\u0179r\u00f3d\u0142o: <a href=\"https:\/\/teslatelegraph.com\/2023\/11\/23\/1775-bible-shows-sunday-as-the-first-day-13-months-total-march-as-the-first-month\/?fbclid=IwAR21ftLgcEI2sV1XXKhZ9hFSd5TtkG2CQwPadibtanUulRoPRBvoNCm27O0\">https:\/\/teslatelegraph.com\/2023\/11\/23\/1775-bible-shows-sunday-as-the-first-day-13-months-total-march-as-the-first-month\/?fbclid=IwAR21ftLgcEI2sV1XXKhZ9hFSd5TtkG2CQwPadibtanUulRoPRBvoNCm27O0<\/a><\/p>\n","protected":false},"excerpt":{"rendered":"<p>Autor, telegraf tesli 1775 Biblia pokazuje niedziel\u0119 jako pierwszy dzie\u0144, \u0142\u0105cznie 13 miesi\u0119cy i marzec jako pierwszy miesi\u0105c W dziedzinie ciekawostek historycznych zainteresowanie zar\u00f3wno badaczy, jak i pasjonat\u00f3w wzbudzi\u0142a ostatnio Biblia z 1775 roku.&nbsp;Ta staro\u017cytna ksi\u0119ga, wyr\u00f3\u017cniaj\u0105ca si\u0119 wyj\u0105tkowym podej\u015bciem&#8230; <\/p>\n","protected":false},"author":3,"featured_media":5930,"comment_status":"open","ping_status":"open","sticky":false,"template":"","format":"standard","meta":{"_acf_changed":false,"_bbp_topic_count":0,"_bbp_reply_count":0,"_bbp_total_topic_count":0,"_bbp_total_reply_count":0,"_bbp_voice_count":0,"_bbp_anonymous_reply_count":0,"_bbp_topic_count_hidden":0,"_bbp_reply_count_hidden":0,"_bbp_forum_subforum_count":0,"om_disable_all_campaigns":false,"_monsterinsights_skip_tracking":false,"footnotes":""},"categories":[93],"tags":[],"class_list":["post-5928","post","type-post","status-publish","format-standard","has-post-thumbnail","hentry","category-artykuly"],"acf":[],"aioseo_notices":[],"aioseo_head":"\n\t\t<!-- All in One SEO 5.0.1.1 - aioseo.com -->\n\t<meta name=\"description\" content=\"Autor, telegraf tesli 1775 Biblia pokazuje niedziel\u0119 jako pierwszy dzie\u0144, \u0142\u0105cznie 13 miesi\u0119cy i marzec jako pierwszy miesi\u0105c W dziedzinie ciekawostek historycznych zainteresowanie zar\u00f3wno badaczy, jak i pasjonat\u00f3w wzbudzi\u0142a ostatnio Biblia z 1775 roku. Ta staro\u017cytna ksi\u0119ga, wyr\u00f3\u017cniaj\u0105ca si\u0119 wyj\u0105tkowym podej\u015bciem do pomiaru czasu, przedstawia osobliwy uk\u0142ad dni, tygodni i miesi\u0119cy, odbiegaj\u0105cy od wsp\u00f3\u0142czesnego kalendarza. Do jego\" \/>\n\t<meta name=\"robots\" content=\"max-image-preview:large\" \/>\n\t<meta name=\"author\" content=\"Bart\u0142omiej Talarczyk\"\/>\n\t<link rel=\"canonical\" href=\"https:\/\/wia.net.pl\/index.php\/2023\/12\/03\/1775r-biblia-i-kompletnie-inny-kalendarz\/\" \/>\n\t<meta name=\"generator\" content=\"All in One SEO (AIOSEO) 5.0.1.1\" \/>\n\t\t<meta property=\"og:locale\" content=\"pl_PL\" \/>\n\t\t<meta property=\"og:site_name\" content=\"Wolno\u015b\u0107 i Anarchia - Ka\u017cdy wewn\u0119trznie jest anarchist\u0105.\" \/>\n\t\t<meta property=\"og:type\" content=\"article\" \/>\n\t\t<meta property=\"og:title\" content=\"1775r Biblia i kompletnie inny kalendarz - Wolno\u015b\u0107 i Anarchia\" \/>\n\t\t<meta property=\"og:description\" content=\"Autor, telegraf tesli 1775 Biblia pokazuje niedziel\u0119 jako pierwszy dzie\u0144, \u0142\u0105cznie 13 miesi\u0119cy i marzec jako pierwszy miesi\u0105c W dziedzinie ciekawostek historycznych zainteresowanie zar\u00f3wno badaczy, jak i pasjonat\u00f3w wzbudzi\u0142a ostatnio Biblia z 1775 roku. Ta staro\u017cytna ksi\u0119ga, wyr\u00f3\u017cniaj\u0105ca si\u0119 wyj\u0105tkowym podej\u015bciem do pomiaru czasu, przedstawia osobliwy uk\u0142ad dni, tygodni i miesi\u0119cy, odbiegaj\u0105cy od wsp\u00f3\u0142czesnego kalendarza. Do jego\" \/>\n\t\t<meta property=\"og:url\" content=\"https:\/\/wia.net.pl\/index.php\/2023\/12\/03\/1775r-biblia-i-kompletnie-inny-kalendarz\/\" \/>\n\t\t<meta property=\"og:image\" content=\"https:\/\/wia.net.pl\/wp-content\/uploads\/2023\/11\/cropped-freedom-i73367.jpg\" \/>\n\t\t<meta property=\"og:image:secure_url\" content=\"https:\/\/wia.net.pl\/wp-content\/uploads\/2023\/11\/cropped-freedom-i73367.jpg\" \/>\n\t\t<meta property=\"article:published_time\" content=\"2023-12-03T15:51:06+00:00\" \/>\n\t\t<meta property=\"article:modified_time\" content=\"2023-12-03T17:57:54+00:00\" \/>\n\t\t<meta name=\"twitter:card\" content=\"summary_large_image\" \/>\n\t\t<meta name=\"twitter:title\" content=\"1775r Biblia i kompletnie inny kalendarz - Wolno\u015b\u0107 i Anarchia\" \/>\n\t\t<meta name=\"twitter:description\" content=\"Autor, telegraf tesli 1775 Biblia pokazuje niedziel\u0119 jako pierwszy dzie\u0144, \u0142\u0105cznie 13 miesi\u0119cy i marzec jako pierwszy miesi\u0105c W dziedzinie ciekawostek historycznych zainteresowanie zar\u00f3wno badaczy, jak i pasjonat\u00f3w wzbudzi\u0142a ostatnio Biblia z 1775 roku. Ta staro\u017cytna ksi\u0119ga, wyr\u00f3\u017cniaj\u0105ca si\u0119 wyj\u0105tkowym podej\u015bciem do pomiaru czasu, przedstawia osobliwy uk\u0142ad dni, tygodni i miesi\u0119cy, odbiegaj\u0105cy od wsp\u00f3\u0142czesnego kalendarza. Do jego\" \/>\n\t\t<meta name=\"twitter:image\" content=\"https:\/\/wia.net.pl\/wp-content\/uploads\/2023\/11\/cropped-freedom-i73367.jpg\" \/>\n\t\t<script type=\"application\/ld+json\" class=\"aioseo-schema\">\n\t\t\t{\"@context\":\"https:\\\/\\\/schema.org\",\"@graph\":[{\"@type\":\"BlogPosting\",\"@id\":\"https:\\\/\\\/wia.net.pl\\\/index.php\\\/2023\\\/12\\\/03\\\/1775r-biblia-i-kompletnie-inny-kalendarz\\\/#blogposting\",\"name\":\"1775r Biblia i kompletnie inny kalendarz - Wolno\\u015b\\u0107 i Anarchia\",\"headline\":\"1775r Biblia i kompletnie inny kalendarz\",\"author\":{\"@id\":\"https:\\\/\\\/wia.net.pl\\\/index.php\\\/author\\\/talar\\\/#author\"},\"publisher\":{\"@id\":\"https:\\\/\\\/wia.net.pl\\\/#person\"},\"image\":{\"@type\":\"ImageObject\",\"url\":\"https:\\\/\\\/wia.net.pl\\\/wp-content\\\/uploads\\\/2023\\\/12\\\/stary-kalendarz-w-biblii.jpg\",\"width\":1920,\"height\":1080},\"datePublished\":\"2023-12-03T16:51:06+01:00\",\"dateModified\":\"2023-12-03T18:57:54+01:00\",\"inLanguage\":\"pl-PL\",\"commentCount\":4,\"mainEntityOfPage\":{\"@id\":\"https:\\\/\\\/wia.net.pl\\\/index.php\\\/2023\\\/12\\\/03\\\/1775r-biblia-i-kompletnie-inny-kalendarz\\\/#webpage\"},\"isPartOf\":{\"@id\":\"https:\\\/\\\/wia.net.pl\\\/index.php\\\/2023\\\/12\\\/03\\\/1775r-biblia-i-kompletnie-inny-kalendarz\\\/#webpage\"},\"articleSection\":\"Artyku\\u0142y\"},{\"@type\":\"BreadcrumbList\",\"@id\":\"https:\\\/\\\/wia.net.pl\\\/index.php\\\/2023\\\/12\\\/03\\\/1775r-biblia-i-kompletnie-inny-kalendarz\\\/#breadcrumblist\",\"itemListElement\":[{\"@type\":\"ListItem\",\"@id\":\"https:\\\/\\\/wia.net.pl#listItem\",\"position\":1,\"name\":\"Home\",\"item\":\"https:\\\/\\\/wia.net.pl\",\"nextItem\":{\"@type\":\"ListItem\",\"@id\":\"https:\\\/\\\/wia.net.pl\\\/index.php\\\/category\\\/artykuly\\\/#listItem\",\"name\":\"Artyku\\u0142y\"}},{\"@type\":\"ListItem\",\"@id\":\"https:\\\/\\\/wia.net.pl\\\/index.php\\\/category\\\/artykuly\\\/#listItem\",\"position\":2,\"name\":\"Artyku\\u0142y\",\"item\":\"https:\\\/\\\/wia.net.pl\\\/index.php\\\/category\\\/artykuly\\\/\",\"nextItem\":{\"@type\":\"ListItem\",\"@id\":\"https:\\\/\\\/wia.net.pl\\\/index.php\\\/2023\\\/12\\\/03\\\/1775r-biblia-i-kompletnie-inny-kalendarz\\\/#listItem\",\"name\":\"1775r Biblia i kompletnie inny kalendarz\"},\"previousItem\":{\"@type\":\"ListItem\",\"@id\":\"https:\\\/\\\/wia.net.pl#listItem\",\"name\":\"Home\"}},{\"@type\":\"ListItem\",\"@id\":\"https:\\\/\\\/wia.net.pl\\\/index.php\\\/2023\\\/12\\\/03\\\/1775r-biblia-i-kompletnie-inny-kalendarz\\\/#listItem\",\"position\":3,\"name\":\"1775r Biblia i kompletnie inny kalendarz\",\"previousItem\":{\"@type\":\"ListItem\",\"@id\":\"https:\\\/\\\/wia.net.pl\\\/index.php\\\/category\\\/artykuly\\\/#listItem\",\"name\":\"Artyku\\u0142y\"}}]},{\"@type\":\"Person\",\"@id\":\"https:\\\/\\\/wia.net.pl\\\/#person\",\"name\":\"Bart\\u0142omiej Talarczyk\",\"image\":{\"@type\":\"ImageObject\",\"@id\":\"https:\\\/\\\/wia.net.pl\\\/index.php\\\/2023\\\/12\\\/03\\\/1775r-biblia-i-kompletnie-inny-kalendarz\\\/#personImage\",\"url\":\"https:\\\/\\\/wia.net.pl\\\/wp-content\\\/uploads\\\/avatar-privacy\\\/cache\\\/user\\\/1\\\/7\\\/176a6b161c58363ff49b5c167264231f519f5c7fa183ca1f61e891769b6b56d5-96.jpg\",\"width\":96,\"height\":96,\"caption\":\"Bart\\u0142omiej Talarczyk\"}},{\"@type\":\"Person\",\"@id\":\"https:\\\/\\\/wia.net.pl\\\/index.php\\\/author\\\/talar\\\/#author\",\"url\":\"https:\\\/\\\/wia.net.pl\\\/index.php\\\/author\\\/talar\\\/\",\"name\":\"Bart\\u0142omiej Talarczyk\",\"image\":{\"@type\":\"ImageObject\",\"@id\":\"https:\\\/\\\/wia.net.pl\\\/index.php\\\/2023\\\/12\\\/03\\\/1775r-biblia-i-kompletnie-inny-kalendarz\\\/#authorImage\",\"url\":\"https:\\\/\\\/wia.net.pl\\\/wp-content\\\/uploads\\\/avatar-privacy\\\/cache\\\/user\\\/1\\\/7\\\/176a6b161c58363ff49b5c167264231f519f5c7fa183ca1f61e891769b6b56d5-96.jpg\",\"width\":96,\"height\":96,\"caption\":\"Bart\\u0142omiej Talarczyk\"}},{\"@type\":\"WebPage\",\"@id\":\"https:\\\/\\\/wia.net.pl\\\/index.php\\\/2023\\\/12\\\/03\\\/1775r-biblia-i-kompletnie-inny-kalendarz\\\/#webpage\",\"url\":\"https:\\\/\\\/wia.net.pl\\\/index.php\\\/2023\\\/12\\\/03\\\/1775r-biblia-i-kompletnie-inny-kalendarz\\\/\",\"name\":\"1775r Biblia i kompletnie inny kalendarz - Wolno\\u015b\\u0107 i Anarchia\",\"description\":\"Autor, telegraf tesli 1775 Biblia pokazuje niedziel\\u0119 jako pierwszy dzie\\u0144, \\u0142\\u0105cznie 13 miesi\\u0119cy i marzec jako pierwszy miesi\\u0105c W dziedzinie ciekawostek historycznych zainteresowanie zar\\u00f3wno badaczy, jak i pasjonat\\u00f3w wzbudzi\\u0142a ostatnio Biblia z 1775 roku. Ta staro\\u017cytna ksi\\u0119ga, wyr\\u00f3\\u017cniaj\\u0105ca si\\u0119 wyj\\u0105tkowym podej\\u015bciem do pomiaru czasu, przedstawia osobliwy uk\\u0142ad dni, tygodni i miesi\\u0119cy, odbiegaj\\u0105cy od wsp\\u00f3\\u0142czesnego kalendarza. Do jego\",\"inLanguage\":\"pl-PL\",\"isPartOf\":{\"@id\":\"https:\\\/\\\/wia.net.pl\\\/#website\"},\"breadcrumb\":{\"@id\":\"https:\\\/\\\/wia.net.pl\\\/index.php\\\/2023\\\/12\\\/03\\\/1775r-biblia-i-kompletnie-inny-kalendarz\\\/#breadcrumblist\"},\"author\":{\"@id\":\"https:\\\/\\\/wia.net.pl\\\/index.php\\\/author\\\/talar\\\/#author\"},\"creator\":{\"@id\":\"https:\\\/\\\/wia.net.pl\\\/index.php\\\/author\\\/talar\\\/#author\"},\"image\":{\"@type\":\"ImageObject\",\"url\":\"https:\\\/\\\/wia.net.pl\\\/wp-content\\\/uploads\\\/2023\\\/12\\\/stary-kalendarz-w-biblii.jpg\",\"@id\":\"https:\\\/\\\/wia.net.pl\\\/index.php\\\/2023\\\/12\\\/03\\\/1775r-biblia-i-kompletnie-inny-kalendarz\\\/#mainImage\",\"width\":1920,\"height\":1080},\"primaryImageOfPage\":{\"@id\":\"https:\\\/\\\/wia.net.pl\\\/index.php\\\/2023\\\/12\\\/03\\\/1775r-biblia-i-kompletnie-inny-kalendarz\\\/#mainImage\"},\"datePublished\":\"2023-12-03T16:51:06+01:00\",\"dateModified\":\"2023-12-03T18:57:54+01:00\"},{\"@type\":\"WebSite\",\"@id\":\"https:\\\/\\\/wia.net.pl\\\/#website\",\"url\":\"https:\\\/\\\/wia.net.pl\\\/\",\"name\":\"Wolno\\u015b\\u0107 i Anarchia\",\"description\":\"Ka\\u017cdy wewn\\u0119trznie jest anarchist\\u0105.\",\"inLanguage\":\"pl-PL\",\"publisher\":{\"@id\":\"https:\\\/\\\/wia.net.pl\\\/#person\"}}]}\n\t\t<\/script>\n\t\t<!-- All in One SEO -->\n\n","aioseo_head_json":{"title":"1775r Biblia i kompletnie inny kalendarz - Wolno\u015b\u0107 i Anarchia","description":"Autor, telegraf tesli 1775 Biblia pokazuje niedziel\u0119 jako pierwszy dzie\u0144, \u0142\u0105cznie 13 miesi\u0119cy i marzec jako pierwszy miesi\u0105c W dziedzinie ciekawostek historycznych zainteresowanie zar\u00f3wno badaczy, jak i pasjonat\u00f3w wzbudzi\u0142a ostatnio Biblia z 1775 roku. Ta staro\u017cytna ksi\u0119ga, wyr\u00f3\u017cniaj\u0105ca si\u0119 wyj\u0105tkowym podej\u015bciem do pomiaru czasu, przedstawia osobliwy uk\u0142ad dni, tygodni i miesi\u0119cy, odbiegaj\u0105cy od wsp\u00f3\u0142czesnego kalendarza. Do jego","canonical_url":"https:\/\/wia.net.pl\/index.php\/2023\/12\/03\/1775r-biblia-i-kompletnie-inny-kalendarz\/","robots":"max-image-preview:large","keywords":"","webmasterTools":{"miscellaneous":""},"schema":{"@context":"https:\/\/schema.org","@graph":[{"@type":"BlogPosting","@id":"https:\/\/wia.net.pl\/index.php\/2023\/12\/03\/1775r-biblia-i-kompletnie-inny-kalendarz\/#blogposting","name":"1775r Biblia i kompletnie inny kalendarz - Wolno\u015b\u0107 i Anarchia","headline":"1775r Biblia i kompletnie inny kalendarz","author":{"@id":"https:\/\/wia.net.pl\/index.php\/author\/talar\/#author"},"publisher":{"@id":"https:\/\/wia.net.pl\/#person"},"image":{"@type":"ImageObject","url":"https:\/\/wia.net.pl\/wp-content\/uploads\/2023\/12\/stary-kalendarz-w-biblii.jpg","width":1920,"height":1080},"datePublished":"2023-12-03T16:51:06+01:00","dateModified":"2023-12-03T18:57:54+01:00","inLanguage":"pl-PL","commentCount":4,"mainEntityOfPage":{"@id":"https:\/\/wia.net.pl\/index.php\/2023\/12\/03\/1775r-biblia-i-kompletnie-inny-kalendarz\/#webpage"},"isPartOf":{"@id":"https:\/\/wia.net.pl\/index.php\/2023\/12\/03\/1775r-biblia-i-kompletnie-inny-kalendarz\/#webpage"},"articleSection":"Artyku\u0142y"},{"@type":"BreadcrumbList","@id":"https:\/\/wia.net.pl\/index.php\/2023\/12\/03\/1775r-biblia-i-kompletnie-inny-kalendarz\/#breadcrumblist","itemListElement":[{"@type":"ListItem","@id":"https:\/\/wia.net.pl#listItem","position":1,"name":"Home","item":"https:\/\/wia.net.pl","nextItem":{"@type":"ListItem","@id":"https:\/\/wia.net.pl\/index.php\/category\/artykuly\/#listItem","name":"Artyku\u0142y"}},{"@type":"ListItem","@id":"https:\/\/wia.net.pl\/index.php\/category\/artykuly\/#listItem","position":2,"name":"Artyku\u0142y","item":"https:\/\/wia.net.pl\/index.php\/category\/artykuly\/","nextItem":{"@type":"ListItem","@id":"https:\/\/wia.net.pl\/index.php\/2023\/12\/03\/1775r-biblia-i-kompletnie-inny-kalendarz\/#listItem","name":"1775r Biblia i kompletnie inny kalendarz"},"previousItem":{"@type":"ListItem","@id":"https:\/\/wia.net.pl#listItem","name":"Home"}},{"@type":"ListItem","@id":"https:\/\/wia.net.pl\/index.php\/2023\/12\/03\/1775r-biblia-i-kompletnie-inny-kalendarz\/#listItem","position":3,"name":"1775r Biblia i kompletnie inny kalendarz","previousItem":{"@type":"ListItem","@id":"https:\/\/wia.net.pl\/index.php\/category\/artykuly\/#listItem","name":"Artyku\u0142y"}}]},{"@type":"Person","@id":"https:\/\/wia.net.pl\/#person","name":"Bart\u0142omiej Talarczyk","image":{"@type":"ImageObject","@id":"https:\/\/wia.net.pl\/index.php\/2023\/12\/03\/1775r-biblia-i-kompletnie-inny-kalendarz\/#personImage","url":"https:\/\/wia.net.pl\/wp-content\/uploads\/avatar-privacy\/cache\/user\/1\/7\/176a6b161c58363ff49b5c167264231f519f5c7fa183ca1f61e891769b6b56d5-96.jpg","width":96,"height":96,"caption":"Bart\u0142omiej Talarczyk"}},{"@type":"Person","@id":"https:\/\/wia.net.pl\/index.php\/author\/talar\/#author","url":"https:\/\/wia.net.pl\/index.php\/author\/talar\/","name":"Bart\u0142omiej Talarczyk","image":{"@type":"ImageObject","@id":"https:\/\/wia.net.pl\/index.php\/2023\/12\/03\/1775r-biblia-i-kompletnie-inny-kalendarz\/#authorImage","url":"https:\/\/wia.net.pl\/wp-content\/uploads\/avatar-privacy\/cache\/user\/1\/7\/176a6b161c58363ff49b5c167264231f519f5c7fa183ca1f61e891769b6b56d5-96.jpg","width":96,"height":96,"caption":"Bart\u0142omiej Talarczyk"}},{"@type":"WebPage","@id":"https:\/\/wia.net.pl\/index.php\/2023\/12\/03\/1775r-biblia-i-kompletnie-inny-kalendarz\/#webpage","url":"https:\/\/wia.net.pl\/index.php\/2023\/12\/03\/1775r-biblia-i-kompletnie-inny-kalendarz\/","name":"1775r Biblia i kompletnie inny kalendarz - Wolno\u015b\u0107 i Anarchia","description":"Autor, telegraf tesli 1775 Biblia pokazuje niedziel\u0119 jako pierwszy dzie\u0144, \u0142\u0105cznie 13 miesi\u0119cy i marzec jako pierwszy miesi\u0105c W dziedzinie ciekawostek historycznych zainteresowanie zar\u00f3wno badaczy, jak i pasjonat\u00f3w wzbudzi\u0142a ostatnio Biblia z 1775 roku. Ta staro\u017cytna ksi\u0119ga, wyr\u00f3\u017cniaj\u0105ca si\u0119 wyj\u0105tkowym podej\u015bciem do pomiaru czasu, przedstawia osobliwy uk\u0142ad dni, tygodni i miesi\u0119cy, odbiegaj\u0105cy od wsp\u00f3\u0142czesnego kalendarza. Do jego","inLanguage":"pl-PL","isPartOf":{"@id":"https:\/\/wia.net.pl\/#website"},"breadcrumb":{"@id":"https:\/\/wia.net.pl\/index.php\/2023\/12\/03\/1775r-biblia-i-kompletnie-inny-kalendarz\/#breadcrumblist"},"author":{"@id":"https:\/\/wia.net.pl\/index.php\/author\/talar\/#author"},"creator":{"@id":"https:\/\/wia.net.pl\/index.php\/author\/talar\/#author"},"image":{"@type":"ImageObject","url":"https:\/\/wia.net.pl\/wp-content\/uploads\/2023\/12\/stary-kalendarz-w-biblii.jpg","@id":"https:\/\/wia.net.pl\/index.php\/2023\/12\/03\/1775r-biblia-i-kompletnie-inny-kalendarz\/#mainImage","width":1920,"height":1080},"primaryImageOfPage":{"@id":"https:\/\/wia.net.pl\/index.php\/2023\/12\/03\/1775r-biblia-i-kompletnie-inny-kalendarz\/#mainImage"},"datePublished":"2023-12-03T16:51:06+01:00","dateModified":"2023-12-03T18:57:54+01:00"},{"@type":"WebSite","@id":"https:\/\/wia.net.pl\/#website","url":"https:\/\/wia.net.pl\/","name":"Wolno\u015b\u0107 i Anarchia","description":"Ka\u017cdy wewn\u0119trznie jest anarchist\u0105.","inLanguage":"pl-PL","publisher":{"@id":"https:\/\/wia.net.pl\/#person"}}]},"og:locale":"pl_PL","og:site_name":"Wolno\u015b\u0107 i Anarchia - Ka\u017cdy wewn\u0119trznie jest anarchist\u0105.","og:type":"article","og:title":"1775r Biblia i kompletnie inny kalendarz - Wolno\u015b\u0107 i Anarchia","og:description":"Autor, telegraf tesli 1775 Biblia pokazuje niedziel\u0119 jako pierwszy dzie\u0144, \u0142\u0105cznie 13 miesi\u0119cy i marzec jako pierwszy miesi\u0105c W dziedzinie ciekawostek historycznych zainteresowanie zar\u00f3wno badaczy, jak i pasjonat\u00f3w wzbudzi\u0142a ostatnio Biblia z 1775 roku. Ta staro\u017cytna ksi\u0119ga, wyr\u00f3\u017cniaj\u0105ca si\u0119 wyj\u0105tkowym podej\u015bciem do pomiaru czasu, przedstawia osobliwy uk\u0142ad dni, tygodni i miesi\u0119cy, odbiegaj\u0105cy od wsp\u00f3\u0142czesnego kalendarza. Do jego","og:url":"https:\/\/wia.net.pl\/index.php\/2023\/12\/03\/1775r-biblia-i-kompletnie-inny-kalendarz\/","og:image":"https:\/\/wia.net.pl\/wp-content\/uploads\/2023\/11\/cropped-freedom-i73367.jpg","og:image:secure_url":"https:\/\/wia.net.pl\/wp-content\/uploads\/2023\/11\/cropped-freedom-i73367.jpg","article:published_time":"2023-12-03T15:51:06+00:00","article:modified_time":"2023-12-03T17:57:54+00:00","twitter:card":"summary_large_image","twitter:title":"1775r Biblia i kompletnie inny kalendarz - Wolno\u015b\u0107 i Anarchia","twitter:description":"Autor, telegraf tesli 1775 Biblia pokazuje niedziel\u0119 jako pierwszy dzie\u0144, \u0142\u0105cznie 13 miesi\u0119cy i marzec jako pierwszy miesi\u0105c W dziedzinie ciekawostek historycznych zainteresowanie zar\u00f3wno badaczy, jak i pasjonat\u00f3w wzbudzi\u0142a ostatnio Biblia z 1775 roku. Ta staro\u017cytna ksi\u0119ga, wyr\u00f3\u017cniaj\u0105ca si\u0119 wyj\u0105tkowym podej\u015bciem do pomiaru czasu, przedstawia osobliwy uk\u0142ad dni, tygodni i miesi\u0119cy, odbiegaj\u0105cy od wsp\u00f3\u0142czesnego kalendarza. Do jego","twitter:image":"https:\/\/wia.net.pl\/wp-content\/uploads\/2023\/11\/cropped-freedom-i73367.jpg"},"aioseo_meta_data":{"post_id":"5928","title":null,"description":null,"keywords":[],"keyphrases":{"focus":{"keyphrase":"","score":0,"analysis":{"keyphraseInTitle":{"score":0,"maxScore":9,"error":1}}},"additional":[]},"primary_term":null,"canonical_url":null,"og_title":null,"og_description":null,"og_object_type":"default","og_image_type":"default","og_image_url":null,"og_image_width":null,"og_image_height":null,"og_image_custom_url":null,"og_image_custom_fields":null,"og_video":"","og_custom_url":null,"og_article_section":null,"og_article_tags":[],"twitter_use_og":false,"twitter_card":"default","twitter_image_type":"default","twitter_image_url":null,"twitter_image_custom_url":null,"twitter_image_custom_fields":null,"twitter_title":null,"twitter_description":null,"schema":{"blockGraphs":[],"customGraphs":[],"default":{"data":{"Article":[],"Course":[],"Dataset":[],"FAQPage":[],"Movie":[],"Person":[],"Product":[],"ProductReview":[],"Car":[],"Recipe":[],"Service":[],"SoftwareApplication":[],"WebPage":[]},"graphName":"BlogPosting","isEnabled":true},"graphs":[]},"schema_type":"default","schema_type_options":null,"pillar_content":false,"robots_default":true,"robots_noindex":false,"robots_noarchive":false,"robots_nosnippet":false,"robots_nofollow":false,"robots_noimageindex":false,"robots_noodp":false,"robots_notranslate":false,"robots_max_snippet":"-1","robots_max_videopreview":"-1","robots_max_imagepreview":"large","priority":null,"frequency":"default","local_seo":null,"breadcrumb_settings":null,"limit_modified_date":false,"ai":null,"created":"2023-12-03 15:51:07","updated":"2025-06-04 09:48:53","seo_analyzer_scan_date":null,"focus_keyword":null,"additional_keywords":null,"truseo_locale":null},"aioseo_breadcrumb":"<div class=\"aioseo-breadcrumbs\"><span class=\"aioseo-breadcrumb\">\n\t\t\t<a href=\"https:\/\/wia.net.pl\" title=\"Home\">Home<\/a>\n\t\t<\/span><span class=\"aioseo-breadcrumb-separator\">&raquo;<\/span><span class=\"aioseo-breadcrumb\">\n\t\t\t<a href=\"https:\/\/wia.net.pl\/index.php\/category\/artykuly\/\" title=\"Artyku\u0142y\">Artyku\u0142y<\/a>\n\t\t<\/span><span class=\"aioseo-breadcrumb-separator\">&raquo;<\/span><span class=\"aioseo-breadcrumb\">\n\t\t\t1775r Biblia i kompletnie inny kalendarz\n\t\t<\/span><\/div>","aioseo_breadcrumb_json":[{"label":"Home","link":"https:\/\/wia.net.pl"},{"label":"Artyku\u0142y","link":"https:\/\/wia.net.pl\/index.php\/category\/artykuly\/"},{"label":"1775r Biblia i kompletnie inny kalendarz","link":"https:\/\/wia.net.pl\/index.php\/2023\/12\/03\/1775r-biblia-i-kompletnie-inny-kalendarz\/"}],"_links":{"self":[{"href":"https:\/\/wia.net.pl\/index.php\/wp-json\/wp\/v2\/posts\/5928"}],"collection":[{"href":"https:\/\/wia.net.pl\/index.php\/wp-json\/wp\/v2\/posts"}],"about":[{"href":"https:\/\/wia.net.pl\/index.php\/wp-json\/wp\/v2\/types\/post"}],"author":[{"embeddable":true,"href":"https:\/\/wia.net.pl\/index.php\/wp-json\/wp\/v2\/users\/3"}],"replies":[{"embeddable":true,"href":"https:\/\/wia.net.pl\/index.php\/wp-json\/wp\/v2\/comments?post=5928"}],"version-history":[{"count":2,"href":"https:\/\/wia.net.pl\/index.php\/wp-json\/wp\/v2\/posts\/5928\/revisions"}],"predecessor-version":[{"id":5934,"href":"https:\/\/wia.net.pl\/index.php\/wp-json\/wp\/v2\/posts\/5928\/revisions\/5934"}],"wp:featuredmedia":[{"embeddable":true,"href":"https:\/\/wia.net.pl\/index.php\/wp-json\/wp\/v2\/media\/5930"}],"wp:attachment":[{"href":"https:\/\/wia.net.pl\/index.php\/wp-json\/wp\/v2\/media?parent=5928"}],"wp:term":[{"taxonomy":"category","embeddable":true,"href":"https:\/\/wia.net.pl\/index.php\/wp-json\/wp\/v2\/categories?post=5928"},{"taxonomy":"post_tag","embeddable":true,"href":"https:\/\/wia.net.pl\/index.php\/wp-json\/wp\/v2\/tags?post=5928"}],"curies":[{"name":"wp","href":"https:\/\/api.w.org\/{rel}","templated":true}]}}