{"id":5935,"date":"2023-12-03T20:49:50","date_gmt":"2023-12-03T19:49:50","guid":{"rendered":"https:\/\/wia.net.pl\/?p=5935"},"modified":"2024-01-27T00:21:13","modified_gmt":"2024-01-26T23:21:13","slug":"nowa-polska-stacja-antarktyczna-zacznie-dzialac-w-2023-r","status":"publish","type":"post","link":"https:\/\/wia.net.pl\/index.php\/2023\/12\/03\/nowa-polska-stacja-antarktyczna-zacznie-dzialac-w-2023-r\/","title":{"rendered":"Nowa polska stacja antarktyczna zacznie dzia\u0142a\u0107 w 2023 r."},"content":{"rendered":"\n<p>Autor, Szymon Zdzieb\u0142owski, <\/p>\n\n\n\n<p>15.08.2019\u00a0aktualizacja 15.08.2019<\/p>\n\n\n\n<figure class=\"wp-block-image size-large\"><img loading=\"lazy\" decoding=\"async\" width=\"1024\" height=\"576\" src=\"https:\/\/wia.net.pl\/wp-content\/uploads\/2023\/12\/Nowa-polska-stacja-antarktyczna-zacznie-dzialac-w-2023-r-1024x576.jpg\" alt=\"\" class=\"wp-image-5940\" srcset=\"https:\/\/wia.net.pl\/wp-content\/uploads\/2023\/12\/Nowa-polska-stacja-antarktyczna-zacznie-dzialac-w-2023-r-1024x576.jpg 1024w, https:\/\/wia.net.pl\/wp-content\/uploads\/2023\/12\/Nowa-polska-stacja-antarktyczna-zacznie-dzialac-w-2023-r-300x169.jpg 300w, https:\/\/wia.net.pl\/wp-content\/uploads\/2023\/12\/Nowa-polska-stacja-antarktyczna-zacznie-dzialac-w-2023-r-768x432.jpg 768w, https:\/\/wia.net.pl\/wp-content\/uploads\/2023\/12\/Nowa-polska-stacja-antarktyczna-zacznie-dzialac-w-2023-r-1536x864.jpg 1536w, https:\/\/wia.net.pl\/wp-content\/uploads\/2023\/12\/Nowa-polska-stacja-antarktyczna-zacznie-dzialac-w-2023-r-480x270.jpg 480w, https:\/\/wia.net.pl\/wp-content\/uploads\/2023\/12\/Nowa-polska-stacja-antarktyczna-zacznie-dzialac-w-2023-r-128x72.jpg 128w, https:\/\/wia.net.pl\/wp-content\/uploads\/2023\/12\/Nowa-polska-stacja-antarktyczna-zacznie-dzialac-w-2023-r.jpg 1920w\" sizes=\"(max-width: 1024px) 100vw, 1024px\" \/><\/figure>\n\n\n\n<p><a href=\"https:\/\/scienceinpoland.pap.pl\/autor\/40623\"><\/a><\/p>\n\n\n\n<p>Nowy budynek Polskiej Stacji Antarktycznej im. Henryka Arctowskiego, kt\u00f3rego koszt budowy wraz z infrastruktur\u0105 wynosi ok. Za 88 mln z\u0142 zacznie dzia\u0142a\u0107 w 2023 roku. Dwa lata wcze\u015bniej w ramach test\u00f3w konstrukcja zostanie zmontowana w Polsce \u2013 poinformowa\u0142a PAP Agnieszka Kruszewska z Instytutu Biochemii i Biofizyki PAN.<\/p>\n\n\n\n<p>Polska Stacja Antarktyczna im. Henryka Arctowskiego jest jedn\u0105 z oko\u0142o 40 stacji ca\u0142orocznych w tej cz\u0119\u015bci \u015bwiata. Znajduje si\u0119 na p\u00f3\u0142kuli po\u0142udniowej, w archipelagu Szetland\u00f3w Po\u0142udniowych, na Wyspie Kr\u00f3la Jerzego.<\/p>\n\n\n\n<p>Rozpocz\u0119\u0142a dzia\u0142alno\u015b\u0107 w 1977 roku. Kiedy pierwotnie budowano g\u0142\u00f3wny budynek stacji, znajdowa\u0142 si\u0119 on kilka metr\u00f3w od morza; obecnie, przy wysokim stanie wody, odleg\u0142o\u015b\u0107 ta wynosi nieca\u0142y metr i dlatego budynkowi grozi zag\u0142ada. Ponadto przestarza\u0142a infrastruktura stacji ulega zu\u017cyciu po wielu latach u\u017cytkowania w warunkach polarnych. Dlatego od kilku lat naukowcy zabiegaj\u0105 o \u015brodki na budow\u0119 nowego budynku i jego udogodnie\u0144.<\/p>\n\n\n\n<p>Projekt nowej stacji przygotowa\u0142a w 2015 roku firma Kury\u0142owicz &amp; Associates. W listopadzie 2018 r. Ministerstwo Nauki og\u0142osi\u0142o, \u017ce przeka\u017ce dotacj\u0119 celow\u0105 w wysoko\u015bci 88 mln z\u0142 na modernizacj\u0119 infrastruktury stacji i budow\u0119 nowego gmachu g\u0142\u00f3wnego. Jego uk\u0142ad b\u0119dzie przypomina\u0142 tr\u00f3jramienn\u0105 gwiazd\u0119. W sercu stacji powstanie przestrze\u0144 wsp\u00f3lna, w kt\u00f3rej mieszka\u0144cy b\u0119d\u0105 sp\u0119dza\u0107 czas.<\/p>\n\n\n\n<p>\u201eJe\u015bli wszystko p\u00f3jdzie zgodnie z planem, naukowcy zaczn\u0105 korzysta\u0107 z nowego budynku w 2023 roku\u201d \u2013 m\u00f3wi zast\u0119pca dyrektora administracyjnego Instytutu Biochemii i Biofizyki PAN Agnieszka Kruszewska. Stacja jest obiektem tej instytucji.<\/p>\n\n\n\n<p>Kruszewska dodaje, \u017ce bie\u017c\u0105cy rok jest rokiem przygotowawczym do uruchomienia tej inwestycji. Przypomina, \u017ce jako jednostka finansowana ze \u015brodk\u00f3w publicznych instytut ma obowi\u0105zek przyst\u0105pi\u0107 do szeregu post\u0119powa\u0144 przetargowych.<\/p>\n\n\n\n<p>\u201eNa tym etapie wybrali\u015bmy kancelari\u0119 prawn\u0105, kt\u00f3ra b\u0119dzie obs\u0142ugiwa\u0107 inwestycj\u0119. Przygotowujemy si\u0119 do wyboru firmy, kt\u00f3ra b\u0119dzie odpowiedzialna za nadz\u00f3r architektoniczny\u201d \u2013 dodaje Kruszewska. Pod koniec tego lub na pocz\u0105tku przysz\u0142ego roku, po wy\u0142onieniu wykonawcy nadzoru inwestorskiego i pracowni projektowej, przygotowany zostanie projekt wykonawczy nowego budynku i kompleksowej modernizacji infrastruktury stacji.<\/p>\n\n\n\n<p>W pierwszym kwartale 2020 roku IBB PAN og\u0142osi przetargi na wykonawc\u0119 lub wykonawc\u00f3w inwestycji. W dalszej cz\u0119\u015bci planowane s\u0105 media pod budow\u0119 i transport niezb\u0119dnego ci\u0119\u017ckiego sprz\u0119tu. Znajd\u0105 si\u0119 w nich pojazdy do obs\u0142ugi roz\u0142adunku element\u00f3w stacji.<\/p>\n\n\n\n<p>Stacja zostanie wst\u0119pnie zmontowana w Polsce prawdopodobnie na pocz\u0105tku 2021 roku. \u201eZdecydowali\u015bmy si\u0119 na ten krok, aby unikn\u0105\u0107 nieprzewidzianych zdarze\u0144, kt\u00f3re mog\u0142yby mie\u0107 wp\u0142yw na terminowe zako\u0144czenie tej inwestycji\u201d \u2013 podkre\u015bla Kruszewska. Je\u015bli wszystko p\u00f3jdzie zgodnie z planem, w drugiej po\u0142owie 2021 roku wszystkie elementy stacji zostan\u0105 przetransportowane w kontenerach na Antarktyd\u0119. Z\u0142o\u017cenie go z prefabrykat\u00f3w zajmie kilka miesi\u0119cy. Prace wyko\u0144czeniowe w budynku i uporz\u0105dkowanie terenu planowane s\u0105 na przysz\u0142y sezon. Kompleks ma zosta\u0107 oddany do u\u017cytku w 2023 roku. Wtedy na stacji zamieszka grupa polarnik\u00f3w.<\/p>\n\n\n\n<p>Z informacji podanych przez Kruszewsk\u0105 wynika, \u017ce w nowym g\u0142\u00f3wnym budynku dworca pomie\u015bci si\u0119 maksymalnie 40 os\u00f3b, kt\u00f3re b\u0119d\u0105 mog\u0142y przebywa\u0107 w nim przez ca\u0142y rok. Dodaje, \u017ce na pewno poprawi\u0105 si\u0119 warunki pracy, \u017cycia i obs\u0142ugi technicznej.<\/p>\n\n\n\n<p>Nowy budynek b\u0119dzie zlokalizowany 100 metr\u00f3w od linii brzegowej, na stabilnym pod\u0142o\u017cu. Przed wyborem lokalizacji przeprowadzono analizy geologiczne.<\/p>\n\n\n\n<p>Nowy budynek dworca b\u0119dzie posiada\u0142 fundamenty, w zwi\u0105zku z czym nie b\u0119dzie mo\u017cliwo\u015bci zmiany jego lokalizacji. W spos\u00f3b elastyczny zbudowano jedynie pojedyncze stacje antarktyczne \u2013 jak na przyk\u0142ad brytyjska stacja Halley, kt\u00f3ra zlokalizowana jest na lodowcu na Morzu Weddella. Jednak w przypadku stacji Arctowskiego, kt\u00f3ra nie jest zlokalizowana na l\u0105dolodzie, takie rozwi\u0105zanie nie ma uzasadnienia \u2013 zauwa\u017ca Kruszewska.<\/p>\n\n\n\n<p>Naukowcy maj\u0105 nadziej\u0119, \u017ce nowy budynek stacji b\u0119dzie im s\u0142u\u017cy\u0142 przez kilka dekad.<\/p>\n\n\n\n<p>Stacja jest nieformaln\u0105 \u201eambasad\u0105\u201d Polski na jedynym niezamieszkanym kontynencie. Jako jeden z sygnatariuszy Uk\u0142adu Antarktycznego, Polska znajduje si\u0119 w gronie 29 kraj\u00f3w konsultacyjnych, kt\u00f3re mog\u0105 podejmowa\u0107 decyzje dotycz\u0105ce dzia\u0142alno\u015bci cz\u0142owieka na Antarktydzie. Jednym z warunk\u00f3w przyst\u0105pienia do tego grona jest prowadzenie znacz\u0105cej pracy naukowo-badawczej.<br>\u200b<br><\/p>\n\n\n\n<p>PAP &#8211; Science in Poland, Szymon Zdzieb\u0142owski<\/p>\n\n\n\n<p>szz\/ ekr\/ kap\/<\/p>\n\n\n\n<p>tr. RL<\/p>\n\n\n\n<p>\u0179r\u00f3d\u0142o <a href=\"https:\/\/scienceinpoland.pap.pl\/node\/78241\">https:\/\/scienceinpoland.pap.pl\/node\/78241<\/a><\/p>\n\n\n\n<p>\u0179r\u00f3d\u0142o <a href=\"https:\/\/www.gov.pl\/web\/science\/arctowski-station-design-in-the-finals-of-waf-world-building-of-the-year\">https:\/\/www.gov.pl\/web\/science\/arctowski-station-design-in-the-finals-of-waf-world-building-of-the-year<\/a><\/p>\n\n\n\n<p><strong>Polska Stacja Antarktyczna, Henryk Arctowski<\/strong><\/p>\n\n\n\n<p><\/p>\n\n\n\n<figure class=\"wp-block-image size-full is-resized\"><img loading=\"lazy\" decoding=\"async\" width=\"531\" height=\"362\" src=\"https:\/\/wia.net.pl\/wp-content\/uploads\/2023\/12\/ant32.jpg\" alt=\"\" class=\"wp-image-5939\" style=\"width:840px;height:auto\" srcset=\"https:\/\/wia.net.pl\/wp-content\/uploads\/2023\/12\/ant32.jpg 531w, https:\/\/wia.net.pl\/wp-content\/uploads\/2023\/12\/ant32-300x205.jpg 300w\" sizes=\"(max-width: 531px) 100vw, 531px\" \/><\/figure>\n\n\n\n<p>Stacja Polska Henryk Arctowski, po\u0142o\u017cona w Zatoce Admiralicji na Wyspie Kr\u00f3la Jerzego, dzia\u0142a nieprzerwanie od swojego powstania w 1977 roku. W wyniku jej powstania Polska sta\u0142a si\u0119 13. cz\u0142onkiem konsultacyjnym Uk\u0142adu Antarktycznego, organizacji licz\u0105cej obecnie 24 cz\u0142onk\u00f3w.&nbsp;Ta \u015bredniej wielko\u015bci stacja, nale\u017c\u0105ca do Polskiej Akademii Nauk, mo\u017ce pomie\u015bci\u0107 do 70 os\u00f3b w sezonie letnim i 20 os\u00f3b w sezonie zimowym.&nbsp;Do codziennej konserwacji stacji potrzebnych jest zazwyczaj dziesi\u0119\u0107 os\u00f3b.&nbsp;W 1992 roku w bazie zim\u0119 sp\u0119dzi\u0142o 11 os\u00f3b.&nbsp;Od 1997 roku prowadzone s\u0105 ci\u0105g\u0142e badania z zakresu oceanografii, geologii, geomorfologii, glacjologii, meteorologii, klimatologii, sejsmologii, magnetyzmu, a w szczeg\u00f3lno\u015bci ekologii. Badania nad \u017cywymi zasobami Oceanu Po\u0142udniowego s\u0105 bezpo\u015brednio powi\u0105zane z dzia\u0142alno\u015bci\u0105 flot rybackich w tym region.<\/p>\n\n\n\n<p>Takich bada\u0144 wymaga si\u0119 od Polski jako sygnatariusza zar\u00f3wno CCAMLR, jak i ATCM.&nbsp;W latach 1976-1989 Instytut Ekologii i Morski Instytut Rybo\u0142\u00f3wstwa w Gdyni wsp\u00f3\u0142pracowa\u0142y przy pi\u0119ciu wyprawach morskich na Szetlandy Po\u0142udniowe na pok\u0142adzie statku badawczego Profesor Siedlecki.&nbsp;Prowadzono je w ramach programu BIOMASA, kt\u00f3rego podstawy naukowe by\u0142y uzupe\u0142nieniem bada\u0144 prowadzonych na stacji Arctowski.&nbsp;Ponadto badania w bazie s\u0105 \u015bci\u015ble powi\u0105zane z innymi mi\u0119dzynarodowymi programami naukowymi koordynowanymi przez SCAR, takimi jak BIOTAS, EASIZ i GLOBAL CHANGE.&nbsp;Zasadnicz\u0105 rol\u0105 bazy jest pe\u0142nienie funkcji obserwatorium nauk ekologicznych i nauk o Ziemi.&nbsp;Na stacji pracowa\u0142o ponad 1000 Polak\u00f3w.&nbsp;Spo\u015br\u00f3d nich 230 stanowili naukowcy reprezentuj\u0105cy r\u00f3\u017cne polskie uczelnie i instytuty w ramach Polskiej Akademii Nauk.&nbsp;W wyniku bada\u0144 prowadzonych na Stacji Arctowskiego uzyskano 29 stopni magisterskich, 14 doktorat\u00f3w, 6 habilitacji i 3 tytu\u0142y profesora.<\/p>\n\n\n\n<p>W obszarze nauk biologicznych opublikowano prawie 290 prac, w tym wiele w czasopismach zagranicznych.&nbsp;Podobn\u0105 liczb\u0119 opublikowano tak\u017ce w Geologii, Paleontologii i innych naukach o Ziemi. Zatoka Admiralicji jest powszechnie uwa\u017cana za idealny obszar do takich multidyscyplinarnych bada\u0144.<\/p>\n\n\n\n<p>Polscy naukowcy wsp\u00f3\u0142pracowali ze wsp\u00f3\u0142pracownikami z wielu kraj\u00f3w, m.in. Argentyny, Belgii, Brazylii, Chile, Niemiec, Holandii, Nowej Zelandii, Peru, by\u0142ego Zwi\u0105zku Radzieckiego, Wielkiej Brytanii i Stan\u00f3w Zjednoczonych.&nbsp;W najbli\u017cszej przysz\u0142o\u015bci poszukujemy bli\u017cszej wsp\u00f3\u0142pracy z innymi organami mi\u0119dzynarodowymi, takimi jak kraje EFS i EWG.&nbsp;Wsp\u00f3\u0142praca istnieje tak\u017ce w obszarze wsparcia logistycznego.<\/p>\n\n\n\n<p>Dziesi\u0119\u0107 kraj\u00f3w, kt\u00f3re obecnie obs\u0142uguj\u0105 stacj\u0119 na Wyspie Kr\u00f3la Jerzego, cz\u0119sto wsp\u00f3\u0142pracuje.&nbsp;Za funkcjonowanie i dalszy rozw\u00f3j stacji odpowiada nowo utworzony Zak\u0142ad Biologii Antarktyki (PAN), kierowany przez prof. S. Rakus\u0119-Suszczewskiego.<\/p>\n\n\n\n<p>Argumenty za dalszym wykorzystaniem stacji jako bazy naukowej pozostaj\u0105 solidne i niekwestionowane.\u00a0Aby z\u0142agodzi\u0107 cz\u0119\u015b\u0107 problem\u00f3w, jakie stan\u0119\u0142y przed stacj\u0105 w zwi\u0105zku z ostatnimi zawirowaniami finansowymi w Polsce, przy Polskiej Akademii Nauk powo\u0142ano \u201eFundacj\u0119 Henryka Arctowskiego\u201d.<\/p>\n\n\n\n<p>\u0179r\u00f3d\u0142o <a href=\"https:\/\/sunsite.icm.edu.pl\/dab\/overview.html\">https:\/\/sunsite.icm.edu.pl\/dab\/overview.html<\/a><\/p>\n\n\n\n<h2 class=\"wp-block-heading\"><strong>Henryk Arctowski \u2013 mi\u0142o\u015bnik zimnej pogody<\/strong><\/h2>\n\n\n\n<p>Autor:\u00a0<a class=\"\" href=\"https:\/\/culture.pl\/en\/author\/patryk-zakrzewski\">Patryk Zakrzewski<\/a><\/p>\n\n\n\n<figure class=\"wp-block-image size-full is-resized\"><img loading=\"lazy\" decoding=\"async\" width=\"791\" height=\"575\" src=\"https:\/\/wia.net.pl\/wp-content\/uploads\/2023\/12\/Zrzut-ekranu-2023-12-03-204542.png\" alt=\"\" class=\"wp-image-5941\" style=\"width:840px;height:auto\" srcset=\"https:\/\/wia.net.pl\/wp-content\/uploads\/2023\/12\/Zrzut-ekranu-2023-12-03-204542.png 791w, https:\/\/wia.net.pl\/wp-content\/uploads\/2023\/12\/Zrzut-ekranu-2023-12-03-204542-300x218.png 300w, https:\/\/wia.net.pl\/wp-content\/uploads\/2023\/12\/Zrzut-ekranu-2023-12-03-204542-768x558.png 768w\" sizes=\"(max-width: 791px) 100vw, 791px\" \/><\/figure>\n\n\n\n<p class=\"has-text-align-center\">Henryk Arctowski, fotografia z ksi\u0105\u017cki Antarktyda: Ostatni kontynent Iana Camerona, \u00a9 2003 Topham Picturepoint\/TopFoto \/Forum<\/p>\n\n\n\n<p>Bada\u0142 zmiany klimatyczne, zanim sta\u0142o si\u0119 modne.\u00a0Arctowski, nieustraszony polarnik i utalentowany naukowiec, poprowadzi\u0142 pierwsz\u0105 ekspedycj\u0119 naukow\u0105 na Antarktyd\u0119.\u00a0Jego pasja do bada\u0144 nigdy nie os\u0142ab\u0142a: nawet rok sp\u0119dzony w lodzie nie by\u0142 w stanie go powstrzyma\u0107.<\/p>\n\n\n\n<h2 class=\"wp-block-heading\">Artzt(owski)<\/h2>\n\n\n\n<p>Urodzi\u0142 si\u0119 w Warszawie jako Henryk Artzt.&nbsp;Jego rodzina przenios\u0142a si\u0119 z Wirtembergii do Polski w XVII&nbsp;<sup>wieku<\/sup>&nbsp;i z czasem zasymilowa\u0142a si\u0119 z polsk\u0105 kultur\u0105.&nbsp;Ojciec Artzta jest wysokim urz\u0119dnikiem kolejowym.&nbsp;Prowadz\u0105 wygodne \u017cycie.&nbsp;M\u0142ody Henryk ucz\u0119szcza do gimnazjum w Inowroc\u0142awiu (w\u00f3wczas pod okupacj\u0105 niemieck\u0105), ale za manifestowanie polskiego patriotyzmu wpada w k\u0142opoty w szkole.&nbsp;Rodzice wysy\u0142aj\u0105 go do presti\u017cowej szko\u0142y w Li\u00e8ge.<\/p>\n\n\n\n<p>Kariera naukowa Artzta wkr\u00f3tce nabiera tempa: studiuje na Wydziale Matematyczno-Przyrodniczym w Li\u00e8ge, nast\u0119pnie na Sorbonie i Coll\u00e8ge de France.&nbsp;Zanim sko\u0144czy 24 lata, ma ju\u017c stanowisko w Instytucie Chemii w Belgii i imponuj\u0105cy zbi\u00f3r publikacji akademickich.&nbsp;Podpisuje je&nbsp;<em>Henryk Arctowski<\/em>&nbsp;\u2013 dla podkre\u015blenia polsko\u015bci zmieni\u0142 nazwisko.<\/p>\n\n\n\n<h2 class=\"wp-block-heading\"><strong>Belgica p\u0142ynie na Antarktyd\u0119<\/strong><\/h2>\n\n\n\n<figure class=\"wp-block-image\"><img decoding=\"async\" src=\"https:\/\/api.culture.pl\/sites\/default\/files\/styles\/embed_image_760\/public\/2018-12\/henryk_arctowski-antarctica-en.jpg?itok=FSQ73E4w\" alt=\"Miniaturka\"\/><figcaption class=\"wp-element-caption\">Wyspa Kr\u00f3la Jerzego, Antarktyda, fot. Piotr Angiel\/East News<\/figcaption><\/figure>\n\n\n\n<p>W 1895 roku Arctowski dowiaduje si\u0119, \u017ce Adrian de Gerlach, oficer belgijskiej marynarki wojennej, organizuje wypraw\u0119 na Antarktyd\u0119.&nbsp;Arctowski zg\u0142osi\u0142 si\u0119 jako pierwszy.&nbsp;Kraina, do kt\u00f3rej zmierzaj\u0105, jest wci\u0105\u017c nieznana: b\u0119d\u0105 pierwszymi naukowcami, kt\u00f3rzy do niej dotr\u0105.&nbsp;Jakby tego by\u0142o ma\u0142o, postanawiaj\u0105 wybra\u0107 si\u0119 tam zim\u0105.&nbsp;Arctowski wsp\u00f3lnie z Gerlachem prowadzi akcj\u0119 zbi\u00f3rki pieni\u0119dzy.&nbsp;W pe\u0142ni anga\u017cuje si\u0119 w przygotowania do wyprawy: bada szwajcarskie lodowce i konsultuje si\u0119 z ekspertami z zakresu oceanologii i meteorologii.<\/p>\n\n\n\n<p>Ich bud\u017cet jest skromny.&nbsp;Jedyne, na co ich sta\u0107, to u\u017cywany statek z Norwegii.&nbsp;Ochrzcili swojego wielorybnika dumnym imieniem&nbsp;<em>Belgica<\/em>&nbsp;.&nbsp;Ich statek jest ma\u0142y, ale niezawodny.&nbsp;A co najwa\u017cniejsze, maj\u0105 przestronne i dobrze wyposa\u017cone laboratorium.<\/p>\n\n\n\n<p>16&nbsp;<sup>sierpnia<\/sup>&nbsp;1897 opuszczaj\u0105 port w Antwerpii.&nbsp;Mi\u0119dzynarodowa za\u0142oga licz\u0105ca 22 osoby, w kt\u00f3rej sk\u0142ad wchodz\u0105 Roald Amundsen \u2013 kt\u00f3ry p\u00f3\u017aniej zyska\u0142 s\u0142aw\u0119 jako pierwszy cz\u0142owiek, kt\u00f3ry dotar\u0142 na Biegun Po\u0142udniowy \u2013 oraz Emil Racovi\u0163\u0103, s\u0142ynny rumu\u0144ski zoolog i pionier biospeleologii (badania organizm\u00f3w zamieszkuj\u0105cych jaskinie).&nbsp;Arctowski zostaje wybrany na kierownika naukowego wyprawy.<\/p>\n\n\n\n<p>Wycieczka nie zaczyna si\u0119 dobrze: udaje im si\u0119 dotrze\u0107 do pobliskiej Ostendy, zanim zepsuje si\u0119 maszyna parowa.&nbsp;Trzej cz\u0142onkowie za\u0142ogi odeszli.&nbsp;Po drobnych przetasowaniach personalnych Arctowskiemu udaje si\u0119 pozyska\u0107 do zespo\u0142u swojego koleg\u0119 Antoniego Dobrowolskiego.&nbsp;Wkr\u00f3tce Dobrowolski zas\u0142ynie jako tw\u00f3rca kriologii, nauki o lodzie.&nbsp;Na wypraw\u0119 zostaje jednak zatrudniony jedynie jako zwyk\u0142y marynarz i jedynie pomocnik naukowc\u00f3w: Gerlach na pocz\u0105tku go nie polubi\u0142.<\/p>\n\n\n\n<p>W Rio de Janeiro do\u0142\u0105cza do nich Frederick Cook, ameryka\u0144ski lekarz i fotograf, kt\u00f3ry p\u00f3\u017aniej znajdzie si\u0119 w centrum sporu o to, kto jako pierwszy dotar\u0142 na Biegun P\u00f3\u0142nocny.&nbsp;Po wielu przygodach i zak\u0142\u00f3ceniach, w styczniu 1898 roku wyprawa przep\u0142ywa obok ostatnich osiedli ludzkich na argenty\u0144skiej Isla de los Estados.&nbsp;Potem ju\u017c tylko morze i l\u00f3d.<\/p>\n\n\n\n<h2 class=\"wp-block-heading\"><strong>Lodowa pu\u0142apka<\/strong><\/h2>\n\n\n\n<p>Po dotarciu do wybrze\u017cy P\u00f3\u0142wyspu Antarktycznego Belgica utknie w lodzie morskim na 13 miesi\u0119cy.&nbsp;Za\u0142oga sp\u0119dza czas polarnego uwi\u0119zienia na badaniu i analizowaniu wszystkiego wok\u00f3\u0142.&nbsp;Najgorsze jednak dopiero si\u0119 wydarzy.&nbsp;W maju rozpoczyna si\u0119 noc polarna.&nbsp;Potrwa sze\u015b\u0107 miesi\u0119cy, a temperatura spadnie do \u201340\u00b0C.&nbsp;Cz\u0142onk\u00f3w za\u0142ogi n\u0119ka depresja, problemy z oddychaniem i szkorbut (ostatecznie pokonaj\u0105 go jedz\u0105c \u015bwie\u017ce mi\u0119so fok i pingwin\u00f3w).<\/p>\n\n\n\n<p>W listopadzie dzie\u0144 powraca, ale l\u00f3d wci\u0105\u017c trzyma si\u0119 mocno.&nbsp;Zaczynaj\u0105 sobie radzi\u0107: zadanie zajmuje im pi\u0119\u0107 tygodni po trzy o\u015bmiogodzinne zmiany dziennie.&nbsp;M\u0119\u017cczy\u017ani u\u017cywaj\u0105 pi\u0142, \u0142opat i wszystkiego, co im wpadnie w r\u0119ce.&nbsp;14&nbsp;<sup>marca<\/sup>&nbsp;1899 roku udaje im si\u0119 uciec z zamarzni\u0119tego wi\u0119zienia.&nbsp;Zwracaj\u0105 pierwszych ludzi, kt\u00f3rzy sp\u0119dzili zim\u0119 na Antarktydzie.<\/p>\n\n\n\n<p>Publikacje popularnonaukowe nieustannie prosz\u0105 Arctowskiego o spisanie relacji ze swojej podr\u00f3\u017cy.&nbsp;Ten odmawia i przez wiele lat skrupulatnie pracuje nad opracowaniem i katalogowaniem wszystkich danych z wyprawy.&nbsp;Arctowski cieszy si\u0119 sukcesem zawodowym, ale znajduje te\u017c mi\u0142o\u015b\u0107: po\u015blubia s\u0142ynn\u0105 \u015bpiewaczk\u0119 operow\u0105 Arian Jane Addy.<\/p>\n\n\n\n<h2 class=\"wp-block-heading\"><strong>Cz\u0142owiek klimatyczny<\/strong><\/h2>\n\n\n\n<figure class=\"wp-block-image\"><img decoding=\"async\" src=\"https:\/\/api.culture.pl\/sites\/default\/files\/styles\/embed_image_760\/public\/2018-12\/1henryk_arctowski_polish_antarctic_station.jpg?itok=MuTeLo7k\" alt=\"Miniaturka\"\/><figcaption class=\"wp-element-caption\">Polska Stacja Antarktyczna im. Henryka Arctowskiego, Wyspa Kr\u00f3la Jerzego, Antarktyda, 2008, fot. Acaro\/Wikipedia<\/figcaption><\/figure>\n\n\n\n<p>W 1910 Arctowski bierze udzia\u0142 w wyprawie naukowej na Spitsbergen.&nbsp;Po powrocie przenosi si\u0119 do USA.&nbsp;Przez kolejne dziewi\u0119\u0107 lat pe\u0142ni funkcj\u0119 kierownika dzia\u0142u naukowego Biblioteki Publicznej w Nowym Jorku.&nbsp;Podczas pobytu w USA rozpoczyna zakrojone na szerok\u0105 skal\u0119 badania nad zmianami klimatycznymi: nad tym tematem b\u0119dzie pracowa\u0142 do ko\u0144ca \u017cycia.<\/p>\n\n\n\n<p>Arctowscy uwa\u017cnie \u015bledz\u0105 wszystko, co dzieje si\u0119 w Polsce.&nbsp;W czasie Wielkiej Wojny Henryk przygotowuje obszerny (ponad 2500 stron) raport na temat Polski dla ameryka\u0144skiej komisji powo\u0142anej przez prezydenta Wilsona.&nbsp;Na Konferencji Pokojowej w Pary\u017cu, gdzie rozstrzygaj\u0105 si\u0119 losy niepodleg\u0142o\u015bci Polski, Arctowski pe\u0142ni funkcj\u0119 doradcy delegat\u00f3w swojego kraju.&nbsp;Jego \u017cona organizuje akcj\u0119 pomocy dla polskich uchod\u017ac\u00f3w.<\/p>\n\n\n\n<p>Polska w ko\u0144cu pojawia si\u0119 ponownie na mapie, a Arctowski wraca do Polski.&nbsp;Premier Paderewski proponuje mu stanowisko ministra edukacji, ale Henryk woli po\u015bwi\u0119ci\u0107 si\u0119 nauce.&nbsp;Zostaje profesorem geofizyki i meteorologii na Uniwersytecie Jana Kazimierza we Lwowie.<\/p>\n\n\n\n<p>W sierpniu 1939 roku Arctowscy jad\u0105 do Nowego Jorku na konferencj\u0119 naukow\u0105.&nbsp;Miesi\u0105c p\u00f3\u017aniej wybucha wojna.&nbsp;Nie ma drogi powrotnej.&nbsp;Arctowski b\u0119dzie pracowa\u0142 w Smithsonian Institute tak d\u0142ugo, jak zdrowie pozwoli mu na kontynuowanie bada\u0144.&nbsp;Umiera w 1958 roku.<\/p>\n\n\n\n<p><em>T\u0142umaczone przez Agat\u0119 Zano<\/em><\/p>\n\n\n\n<p>\u0179r\u00f3d\u0142o <a href=\"https:\/\/culture.pl\/en\/article\/henryk-arctowski-the-cold-weather-enthusiast\">https:\/\/culture.pl\/en\/article\/henryk-arctowski-the-cold-weather-enthusiast<\/a><\/p>\n","protected":false},"excerpt":{"rendered":"<p>Autor, Szymon Zdzieb\u0142owski, 15.08.2019\u00a0aktualizacja 15.08.2019 Nowy budynek Polskiej Stacji Antarktycznej im. Henryka Arctowskiego, kt\u00f3rego koszt budowy wraz z infrastruktur\u0105 wynosi ok. Za 88 mln z\u0142 zacznie dzia\u0142a\u0107 w 2023 roku. Dwa lata wcze\u015bniej w ramach test\u00f3w konstrukcja zostanie zmontowana w&#8230; <\/p>\n","protected":false},"author":2,"featured_media":5940,"comment_status":"open","ping_status":"open","sticky":false,"template":"","format":"standard","meta":{"_acf_changed":false,"_bbp_topic_count":0,"_bbp_reply_count":0,"_bbp_total_topic_count":0,"_bbp_total_reply_count":0,"_bbp_voice_count":0,"_bbp_anonymous_reply_count":0,"_bbp_topic_count_hidden":0,"_bbp_reply_count_hidden":0,"_bbp_forum_subforum_count":0,"om_disable_all_campaigns":false,"_monsterinsights_skip_tracking":false,"footnotes":""},"categories":[93],"tags":[],"class_list":["post-5935","post","type-post","status-publish","format-standard","has-post-thumbnail","hentry","category-artykuly"],"acf":[],"aioseo_notices":[],"aioseo_head":"\n\t\t<!-- All in One SEO 5.0.1.1 - aioseo.com -->\n\t<meta name=\"description\" content=\"Autor, Szymon Zdzieb\u0142owski, 15.08.2019 aktualizacja 15.08.2019 Nowy budynek Polskiej Stacji Antarktycznej im. Henryka Arctowskiego, kt\u00f3rego koszt budowy wraz z infrastruktur\u0105 wynosi ok. Za 88 mln z\u0142 zacznie dzia\u0142a\u0107 w 2023 roku. Dwa lata wcze\u015bniej w ramach test\u00f3w konstrukcja zostanie zmontowana w Polsce \u2013 poinformowa\u0142a PAP Agnieszka Kruszewska z Instytutu Biochemii i Biofizyki PAN. Polska Stacja Antarktyczna\" \/>\n\t<meta name=\"robots\" content=\"max-image-preview:large\" \/>\n\t<meta name=\"author\" content=\"trinity\"\/>\n\t<link rel=\"canonical\" href=\"https:\/\/wia.net.pl\/index.php\/2023\/12\/03\/nowa-polska-stacja-antarktyczna-zacznie-dzialac-w-2023-r\/\" \/>\n\t<meta name=\"generator\" content=\"All in One SEO (AIOSEO) 5.0.1.1\" \/>\n\t\t<meta property=\"og:locale\" content=\"pl_PL\" \/>\n\t\t<meta property=\"og:site_name\" content=\"Wolno\u015b\u0107 i Anarchia - Ka\u017cdy wewn\u0119trznie jest anarchist\u0105.\" \/>\n\t\t<meta property=\"og:type\" content=\"article\" \/>\n\t\t<meta property=\"og:title\" content=\"Nowa polska stacja antarktyczna zacznie dzia\u0142a\u0107 w 2023 r. - Wolno\u015b\u0107 i Anarchia\" \/>\n\t\t<meta property=\"og:description\" content=\"Autor, Szymon Zdzieb\u0142owski, 15.08.2019 aktualizacja 15.08.2019 Nowy budynek Polskiej Stacji Antarktycznej im. Henryka Arctowskiego, kt\u00f3rego koszt budowy wraz z infrastruktur\u0105 wynosi ok. Za 88 mln z\u0142 zacznie dzia\u0142a\u0107 w 2023 roku. Dwa lata wcze\u015bniej w ramach test\u00f3w konstrukcja zostanie zmontowana w Polsce \u2013 poinformowa\u0142a PAP Agnieszka Kruszewska z Instytutu Biochemii i Biofizyki PAN. Polska Stacja Antarktyczna\" \/>\n\t\t<meta property=\"og:url\" content=\"https:\/\/wia.net.pl\/index.php\/2023\/12\/03\/nowa-polska-stacja-antarktyczna-zacznie-dzialac-w-2023-r\/\" \/>\n\t\t<meta property=\"og:image\" content=\"https:\/\/wia.net.pl\/wp-content\/uploads\/2023\/11\/cropped-freedom-i73367.jpg\" \/>\n\t\t<meta property=\"og:image:secure_url\" content=\"https:\/\/wia.net.pl\/wp-content\/uploads\/2023\/11\/cropped-freedom-i73367.jpg\" \/>\n\t\t<meta property=\"article:published_time\" content=\"2023-12-03T19:49:50+00:00\" \/>\n\t\t<meta property=\"article:modified_time\" content=\"2024-01-26T23:21:13+00:00\" \/>\n\t\t<meta name=\"twitter:card\" content=\"summary_large_image\" \/>\n\t\t<meta name=\"twitter:title\" content=\"Nowa polska stacja antarktyczna zacznie dzia\u0142a\u0107 w 2023 r. - Wolno\u015b\u0107 i Anarchia\" \/>\n\t\t<meta name=\"twitter:description\" content=\"Autor, Szymon Zdzieb\u0142owski, 15.08.2019 aktualizacja 15.08.2019 Nowy budynek Polskiej Stacji Antarktycznej im. Henryka Arctowskiego, kt\u00f3rego koszt budowy wraz z infrastruktur\u0105 wynosi ok. Za 88 mln z\u0142 zacznie dzia\u0142a\u0107 w 2023 roku. Dwa lata wcze\u015bniej w ramach test\u00f3w konstrukcja zostanie zmontowana w Polsce \u2013 poinformowa\u0142a PAP Agnieszka Kruszewska z Instytutu Biochemii i Biofizyki PAN. Polska Stacja Antarktyczna\" \/>\n\t\t<meta name=\"twitter:image\" content=\"https:\/\/wia.net.pl\/wp-content\/uploads\/2023\/11\/cropped-freedom-i73367.jpg\" \/>\n\t\t<script type=\"application\/ld+json\" class=\"aioseo-schema\">\n\t\t\t{\"@context\":\"https:\\\/\\\/schema.org\",\"@graph\":[{\"@type\":\"BlogPosting\",\"@id\":\"https:\\\/\\\/wia.net.pl\\\/index.php\\\/2023\\\/12\\\/03\\\/nowa-polska-stacja-antarktyczna-zacznie-dzialac-w-2023-r\\\/#blogposting\",\"name\":\"Nowa polska stacja antarktyczna zacznie dzia\\u0142a\\u0107 w 2023 r. - Wolno\\u015b\\u0107 i Anarchia\",\"headline\":\"Nowa polska stacja antarktyczna zacznie dzia\\u0142a\\u0107 w 2023 r.\",\"author\":{\"@id\":\"https:\\\/\\\/wia.net.pl\\\/index.php\\\/author\\\/trinity\\\/#author\"},\"publisher\":{\"@id\":\"https:\\\/\\\/wia.net.pl\\\/#person\"},\"image\":{\"@type\":\"ImageObject\",\"url\":\"https:\\\/\\\/wia.net.pl\\\/wp-content\\\/uploads\\\/2023\\\/12\\\/Nowa-polska-stacja-antarktyczna-zacznie-dzialac-w-2023-r.jpg\",\"width\":1920,\"height\":1080},\"datePublished\":\"2023-12-03T20:49:50+01:00\",\"dateModified\":\"2024-01-27T00:21:13+01:00\",\"inLanguage\":\"pl-PL\",\"mainEntityOfPage\":{\"@id\":\"https:\\\/\\\/wia.net.pl\\\/index.php\\\/2023\\\/12\\\/03\\\/nowa-polska-stacja-antarktyczna-zacznie-dzialac-w-2023-r\\\/#webpage\"},\"isPartOf\":{\"@id\":\"https:\\\/\\\/wia.net.pl\\\/index.php\\\/2023\\\/12\\\/03\\\/nowa-polska-stacja-antarktyczna-zacznie-dzialac-w-2023-r\\\/#webpage\"},\"articleSection\":\"Artyku\\u0142y\"},{\"@type\":\"BreadcrumbList\",\"@id\":\"https:\\\/\\\/wia.net.pl\\\/index.php\\\/2023\\\/12\\\/03\\\/nowa-polska-stacja-antarktyczna-zacznie-dzialac-w-2023-r\\\/#breadcrumblist\",\"itemListElement\":[{\"@type\":\"ListItem\",\"@id\":\"https:\\\/\\\/wia.net.pl#listItem\",\"position\":1,\"name\":\"Home\",\"item\":\"https:\\\/\\\/wia.net.pl\",\"nextItem\":{\"@type\":\"ListItem\",\"@id\":\"https:\\\/\\\/wia.net.pl\\\/index.php\\\/category\\\/artykuly\\\/#listItem\",\"name\":\"Artyku\\u0142y\"}},{\"@type\":\"ListItem\",\"@id\":\"https:\\\/\\\/wia.net.pl\\\/index.php\\\/category\\\/artykuly\\\/#listItem\",\"position\":2,\"name\":\"Artyku\\u0142y\",\"item\":\"https:\\\/\\\/wia.net.pl\\\/index.php\\\/category\\\/artykuly\\\/\",\"nextItem\":{\"@type\":\"ListItem\",\"@id\":\"https:\\\/\\\/wia.net.pl\\\/index.php\\\/2023\\\/12\\\/03\\\/nowa-polska-stacja-antarktyczna-zacznie-dzialac-w-2023-r\\\/#listItem\",\"name\":\"Nowa polska stacja antarktyczna zacznie dzia\\u0142a\\u0107 w 2023 r.\"},\"previousItem\":{\"@type\":\"ListItem\",\"@id\":\"https:\\\/\\\/wia.net.pl#listItem\",\"name\":\"Home\"}},{\"@type\":\"ListItem\",\"@id\":\"https:\\\/\\\/wia.net.pl\\\/index.php\\\/2023\\\/12\\\/03\\\/nowa-polska-stacja-antarktyczna-zacznie-dzialac-w-2023-r\\\/#listItem\",\"position\":3,\"name\":\"Nowa polska stacja antarktyczna zacznie dzia\\u0142a\\u0107 w 2023 r.\",\"previousItem\":{\"@type\":\"ListItem\",\"@id\":\"https:\\\/\\\/wia.net.pl\\\/index.php\\\/category\\\/artykuly\\\/#listItem\",\"name\":\"Artyku\\u0142y\"}}]},{\"@type\":\"Person\",\"@id\":\"https:\\\/\\\/wia.net.pl\\\/#person\",\"name\":\"Bart\\u0142omiej Talarczyk\",\"image\":{\"@type\":\"ImageObject\",\"@id\":\"https:\\\/\\\/wia.net.pl\\\/index.php\\\/2023\\\/12\\\/03\\\/nowa-polska-stacja-antarktyczna-zacznie-dzialac-w-2023-r\\\/#personImage\",\"url\":\"https:\\\/\\\/wia.net.pl\\\/wp-content\\\/uploads\\\/avatar-privacy\\\/cache\\\/user\\\/1\\\/7\\\/176a6b161c58363ff49b5c167264231f519f5c7fa183ca1f61e891769b6b56d5-96.jpg\",\"width\":96,\"height\":96,\"caption\":\"Bart\\u0142omiej Talarczyk\"}},{\"@type\":\"Person\",\"@id\":\"https:\\\/\\\/wia.net.pl\\\/index.php\\\/author\\\/trinity\\\/#author\",\"url\":\"https:\\\/\\\/wia.net.pl\\\/index.php\\\/author\\\/trinity\\\/\",\"name\":\"trinity\",\"image\":{\"@type\":\"ImageObject\",\"@id\":\"https:\\\/\\\/wia.net.pl\\\/index.php\\\/2023\\\/12\\\/03\\\/nowa-polska-stacja-antarktyczna-zacznie-dzialac-w-2023-r\\\/#authorImage\",\"url\":\"https:\\\/\\\/wia.net.pl\\\/wp-content\\\/uploads\\\/avatar-privacy\\\/cache\\\/user\\\/5\\\/f\\\/5f6547cf82495eaa10e100a6a45d5dbde2dfdc1be88557de2018fca705bdf6f1-96.jpg\",\"width\":96,\"height\":96,\"caption\":\"trinity\"}},{\"@type\":\"WebPage\",\"@id\":\"https:\\\/\\\/wia.net.pl\\\/index.php\\\/2023\\\/12\\\/03\\\/nowa-polska-stacja-antarktyczna-zacznie-dzialac-w-2023-r\\\/#webpage\",\"url\":\"https:\\\/\\\/wia.net.pl\\\/index.php\\\/2023\\\/12\\\/03\\\/nowa-polska-stacja-antarktyczna-zacznie-dzialac-w-2023-r\\\/\",\"name\":\"Nowa polska stacja antarktyczna zacznie dzia\\u0142a\\u0107 w 2023 r. - Wolno\\u015b\\u0107 i Anarchia\",\"description\":\"Autor, Szymon Zdzieb\\u0142owski, 15.08.2019 aktualizacja 15.08.2019 Nowy budynek Polskiej Stacji Antarktycznej im. Henryka Arctowskiego, kt\\u00f3rego koszt budowy wraz z infrastruktur\\u0105 wynosi ok. Za 88 mln z\\u0142 zacznie dzia\\u0142a\\u0107 w 2023 roku. Dwa lata wcze\\u015bniej w ramach test\\u00f3w konstrukcja zostanie zmontowana w Polsce \\u2013 poinformowa\\u0142a PAP Agnieszka Kruszewska z Instytutu Biochemii i Biofizyki PAN. Polska Stacja Antarktyczna\",\"inLanguage\":\"pl-PL\",\"isPartOf\":{\"@id\":\"https:\\\/\\\/wia.net.pl\\\/#website\"},\"breadcrumb\":{\"@id\":\"https:\\\/\\\/wia.net.pl\\\/index.php\\\/2023\\\/12\\\/03\\\/nowa-polska-stacja-antarktyczna-zacznie-dzialac-w-2023-r\\\/#breadcrumblist\"},\"author\":{\"@id\":\"https:\\\/\\\/wia.net.pl\\\/index.php\\\/author\\\/trinity\\\/#author\"},\"creator\":{\"@id\":\"https:\\\/\\\/wia.net.pl\\\/index.php\\\/author\\\/trinity\\\/#author\"},\"image\":{\"@type\":\"ImageObject\",\"url\":\"https:\\\/\\\/wia.net.pl\\\/wp-content\\\/uploads\\\/2023\\\/12\\\/Nowa-polska-stacja-antarktyczna-zacznie-dzialac-w-2023-r.jpg\",\"@id\":\"https:\\\/\\\/wia.net.pl\\\/index.php\\\/2023\\\/12\\\/03\\\/nowa-polska-stacja-antarktyczna-zacznie-dzialac-w-2023-r\\\/#mainImage\",\"width\":1920,\"height\":1080},\"primaryImageOfPage\":{\"@id\":\"https:\\\/\\\/wia.net.pl\\\/index.php\\\/2023\\\/12\\\/03\\\/nowa-polska-stacja-antarktyczna-zacznie-dzialac-w-2023-r\\\/#mainImage\"},\"datePublished\":\"2023-12-03T20:49:50+01:00\",\"dateModified\":\"2024-01-27T00:21:13+01:00\"},{\"@type\":\"WebSite\",\"@id\":\"https:\\\/\\\/wia.net.pl\\\/#website\",\"url\":\"https:\\\/\\\/wia.net.pl\\\/\",\"name\":\"Wolno\\u015b\\u0107 i Anarchia\",\"description\":\"Ka\\u017cdy wewn\\u0119trznie jest anarchist\\u0105.\",\"inLanguage\":\"pl-PL\",\"publisher\":{\"@id\":\"https:\\\/\\\/wia.net.pl\\\/#person\"}}]}\n\t\t<\/script>\n\t\t<!-- All in One SEO -->\n\n","aioseo_head_json":{"title":"Nowa polska stacja antarktyczna zacznie dzia\u0142a\u0107 w 2023 r. - Wolno\u015b\u0107 i Anarchia","description":"Autor, Szymon Zdzieb\u0142owski, 15.08.2019 aktualizacja 15.08.2019 Nowy budynek Polskiej Stacji Antarktycznej im. Henryka Arctowskiego, kt\u00f3rego koszt budowy wraz z infrastruktur\u0105 wynosi ok. Za 88 mln z\u0142 zacznie dzia\u0142a\u0107 w 2023 roku. Dwa lata wcze\u015bniej w ramach test\u00f3w konstrukcja zostanie zmontowana w Polsce \u2013 poinformowa\u0142a PAP Agnieszka Kruszewska z Instytutu Biochemii i Biofizyki PAN. Polska Stacja Antarktyczna","canonical_url":"https:\/\/wia.net.pl\/index.php\/2023\/12\/03\/nowa-polska-stacja-antarktyczna-zacznie-dzialac-w-2023-r\/","robots":"max-image-preview:large","keywords":"","webmasterTools":{"miscellaneous":""},"schema":{"@context":"https:\/\/schema.org","@graph":[{"@type":"BlogPosting","@id":"https:\/\/wia.net.pl\/index.php\/2023\/12\/03\/nowa-polska-stacja-antarktyczna-zacznie-dzialac-w-2023-r\/#blogposting","name":"Nowa polska stacja antarktyczna zacznie dzia\u0142a\u0107 w 2023 r. - Wolno\u015b\u0107 i Anarchia","headline":"Nowa polska stacja antarktyczna zacznie dzia\u0142a\u0107 w 2023 r.","author":{"@id":"https:\/\/wia.net.pl\/index.php\/author\/trinity\/#author"},"publisher":{"@id":"https:\/\/wia.net.pl\/#person"},"image":{"@type":"ImageObject","url":"https:\/\/wia.net.pl\/wp-content\/uploads\/2023\/12\/Nowa-polska-stacja-antarktyczna-zacznie-dzialac-w-2023-r.jpg","width":1920,"height":1080},"datePublished":"2023-12-03T20:49:50+01:00","dateModified":"2024-01-27T00:21:13+01:00","inLanguage":"pl-PL","mainEntityOfPage":{"@id":"https:\/\/wia.net.pl\/index.php\/2023\/12\/03\/nowa-polska-stacja-antarktyczna-zacznie-dzialac-w-2023-r\/#webpage"},"isPartOf":{"@id":"https:\/\/wia.net.pl\/index.php\/2023\/12\/03\/nowa-polska-stacja-antarktyczna-zacznie-dzialac-w-2023-r\/#webpage"},"articleSection":"Artyku\u0142y"},{"@type":"BreadcrumbList","@id":"https:\/\/wia.net.pl\/index.php\/2023\/12\/03\/nowa-polska-stacja-antarktyczna-zacznie-dzialac-w-2023-r\/#breadcrumblist","itemListElement":[{"@type":"ListItem","@id":"https:\/\/wia.net.pl#listItem","position":1,"name":"Home","item":"https:\/\/wia.net.pl","nextItem":{"@type":"ListItem","@id":"https:\/\/wia.net.pl\/index.php\/category\/artykuly\/#listItem","name":"Artyku\u0142y"}},{"@type":"ListItem","@id":"https:\/\/wia.net.pl\/index.php\/category\/artykuly\/#listItem","position":2,"name":"Artyku\u0142y","item":"https:\/\/wia.net.pl\/index.php\/category\/artykuly\/","nextItem":{"@type":"ListItem","@id":"https:\/\/wia.net.pl\/index.php\/2023\/12\/03\/nowa-polska-stacja-antarktyczna-zacznie-dzialac-w-2023-r\/#listItem","name":"Nowa polska stacja antarktyczna zacznie dzia\u0142a\u0107 w 2023 r."},"previousItem":{"@type":"ListItem","@id":"https:\/\/wia.net.pl#listItem","name":"Home"}},{"@type":"ListItem","@id":"https:\/\/wia.net.pl\/index.php\/2023\/12\/03\/nowa-polska-stacja-antarktyczna-zacznie-dzialac-w-2023-r\/#listItem","position":3,"name":"Nowa polska stacja antarktyczna zacznie dzia\u0142a\u0107 w 2023 r.","previousItem":{"@type":"ListItem","@id":"https:\/\/wia.net.pl\/index.php\/category\/artykuly\/#listItem","name":"Artyku\u0142y"}}]},{"@type":"Person","@id":"https:\/\/wia.net.pl\/#person","name":"Bart\u0142omiej Talarczyk","image":{"@type":"ImageObject","@id":"https:\/\/wia.net.pl\/index.php\/2023\/12\/03\/nowa-polska-stacja-antarktyczna-zacznie-dzialac-w-2023-r\/#personImage","url":"https:\/\/wia.net.pl\/wp-content\/uploads\/avatar-privacy\/cache\/user\/1\/7\/176a6b161c58363ff49b5c167264231f519f5c7fa183ca1f61e891769b6b56d5-96.jpg","width":96,"height":96,"caption":"Bart\u0142omiej Talarczyk"}},{"@type":"Person","@id":"https:\/\/wia.net.pl\/index.php\/author\/trinity\/#author","url":"https:\/\/wia.net.pl\/index.php\/author\/trinity\/","name":"trinity","image":{"@type":"ImageObject","@id":"https:\/\/wia.net.pl\/index.php\/2023\/12\/03\/nowa-polska-stacja-antarktyczna-zacznie-dzialac-w-2023-r\/#authorImage","url":"https:\/\/wia.net.pl\/wp-content\/uploads\/avatar-privacy\/cache\/user\/5\/f\/5f6547cf82495eaa10e100a6a45d5dbde2dfdc1be88557de2018fca705bdf6f1-96.jpg","width":96,"height":96,"caption":"trinity"}},{"@type":"WebPage","@id":"https:\/\/wia.net.pl\/index.php\/2023\/12\/03\/nowa-polska-stacja-antarktyczna-zacznie-dzialac-w-2023-r\/#webpage","url":"https:\/\/wia.net.pl\/index.php\/2023\/12\/03\/nowa-polska-stacja-antarktyczna-zacznie-dzialac-w-2023-r\/","name":"Nowa polska stacja antarktyczna zacznie dzia\u0142a\u0107 w 2023 r. - Wolno\u015b\u0107 i Anarchia","description":"Autor, Szymon Zdzieb\u0142owski, 15.08.2019 aktualizacja 15.08.2019 Nowy budynek Polskiej Stacji Antarktycznej im. Henryka Arctowskiego, kt\u00f3rego koszt budowy wraz z infrastruktur\u0105 wynosi ok. Za 88 mln z\u0142 zacznie dzia\u0142a\u0107 w 2023 roku. Dwa lata wcze\u015bniej w ramach test\u00f3w konstrukcja zostanie zmontowana w Polsce \u2013 poinformowa\u0142a PAP Agnieszka Kruszewska z Instytutu Biochemii i Biofizyki PAN. Polska Stacja Antarktyczna","inLanguage":"pl-PL","isPartOf":{"@id":"https:\/\/wia.net.pl\/#website"},"breadcrumb":{"@id":"https:\/\/wia.net.pl\/index.php\/2023\/12\/03\/nowa-polska-stacja-antarktyczna-zacznie-dzialac-w-2023-r\/#breadcrumblist"},"author":{"@id":"https:\/\/wia.net.pl\/index.php\/author\/trinity\/#author"},"creator":{"@id":"https:\/\/wia.net.pl\/index.php\/author\/trinity\/#author"},"image":{"@type":"ImageObject","url":"https:\/\/wia.net.pl\/wp-content\/uploads\/2023\/12\/Nowa-polska-stacja-antarktyczna-zacznie-dzialac-w-2023-r.jpg","@id":"https:\/\/wia.net.pl\/index.php\/2023\/12\/03\/nowa-polska-stacja-antarktyczna-zacznie-dzialac-w-2023-r\/#mainImage","width":1920,"height":1080},"primaryImageOfPage":{"@id":"https:\/\/wia.net.pl\/index.php\/2023\/12\/03\/nowa-polska-stacja-antarktyczna-zacznie-dzialac-w-2023-r\/#mainImage"},"datePublished":"2023-12-03T20:49:50+01:00","dateModified":"2024-01-27T00:21:13+01:00"},{"@type":"WebSite","@id":"https:\/\/wia.net.pl\/#website","url":"https:\/\/wia.net.pl\/","name":"Wolno\u015b\u0107 i Anarchia","description":"Ka\u017cdy wewn\u0119trznie jest anarchist\u0105.","inLanguage":"pl-PL","publisher":{"@id":"https:\/\/wia.net.pl\/#person"}}]},"og:locale":"pl_PL","og:site_name":"Wolno\u015b\u0107 i Anarchia - Ka\u017cdy wewn\u0119trznie jest anarchist\u0105.","og:type":"article","og:title":"Nowa polska stacja antarktyczna zacznie dzia\u0142a\u0107 w 2023 r. - Wolno\u015b\u0107 i Anarchia","og:description":"Autor, Szymon Zdzieb\u0142owski, 15.08.2019 aktualizacja 15.08.2019 Nowy budynek Polskiej Stacji Antarktycznej im. Henryka Arctowskiego, kt\u00f3rego koszt budowy wraz z infrastruktur\u0105 wynosi ok. Za 88 mln z\u0142 zacznie dzia\u0142a\u0107 w 2023 roku. Dwa lata wcze\u015bniej w ramach test\u00f3w konstrukcja zostanie zmontowana w Polsce \u2013 poinformowa\u0142a PAP Agnieszka Kruszewska z Instytutu Biochemii i Biofizyki PAN. Polska Stacja Antarktyczna","og:url":"https:\/\/wia.net.pl\/index.php\/2023\/12\/03\/nowa-polska-stacja-antarktyczna-zacznie-dzialac-w-2023-r\/","og:image":"https:\/\/wia.net.pl\/wp-content\/uploads\/2023\/11\/cropped-freedom-i73367.jpg","og:image:secure_url":"https:\/\/wia.net.pl\/wp-content\/uploads\/2023\/11\/cropped-freedom-i73367.jpg","article:published_time":"2023-12-03T19:49:50+00:00","article:modified_time":"2024-01-26T23:21:13+00:00","twitter:card":"summary_large_image","twitter:title":"Nowa polska stacja antarktyczna zacznie dzia\u0142a\u0107 w 2023 r. - Wolno\u015b\u0107 i Anarchia","twitter:description":"Autor, Szymon Zdzieb\u0142owski, 15.08.2019 aktualizacja 15.08.2019 Nowy budynek Polskiej Stacji Antarktycznej im. Henryka Arctowskiego, kt\u00f3rego koszt budowy wraz z infrastruktur\u0105 wynosi ok. Za 88 mln z\u0142 zacznie dzia\u0142a\u0107 w 2023 roku. Dwa lata wcze\u015bniej w ramach test\u00f3w konstrukcja zostanie zmontowana w Polsce \u2013 poinformowa\u0142a PAP Agnieszka Kruszewska z Instytutu Biochemii i Biofizyki PAN. Polska Stacja Antarktyczna","twitter:image":"https:\/\/wia.net.pl\/wp-content\/uploads\/2023\/11\/cropped-freedom-i73367.jpg"},"aioseo_meta_data":{"post_id":"5935","title":null,"description":null,"keywords":[],"keyphrases":{"focus":{"keyphrase":"","score":0,"analysis":{"keyphraseInTitle":{"score":0,"maxScore":9,"error":1}}},"additional":[]},"primary_term":null,"canonical_url":null,"og_title":null,"og_description":null,"og_object_type":"default","og_image_type":"default","og_image_url":null,"og_image_width":null,"og_image_height":null,"og_image_custom_url":null,"og_image_custom_fields":null,"og_video":"","og_custom_url":null,"og_article_section":null,"og_article_tags":[],"twitter_use_og":false,"twitter_card":"default","twitter_image_type":"default","twitter_image_url":null,"twitter_image_custom_url":null,"twitter_image_custom_fields":null,"twitter_title":null,"twitter_description":null,"schema":{"blockGraphs":[],"customGraphs":[],"default":{"data":{"Article":[],"Course":[],"Dataset":[],"FAQPage":[],"Movie":[],"Person":[],"Product":[],"ProductReview":[],"Car":[],"Recipe":[],"Service":[],"SoftwareApplication":[],"WebPage":[]},"graphName":"BlogPosting","isEnabled":true},"graphs":[]},"schema_type":"default","schema_type_options":null,"pillar_content":false,"robots_default":true,"robots_noindex":false,"robots_noarchive":false,"robots_nosnippet":false,"robots_nofollow":false,"robots_noimageindex":false,"robots_noodp":false,"robots_notranslate":false,"robots_max_snippet":"-1","robots_max_videopreview":"-1","robots_max_imagepreview":"large","priority":null,"frequency":"default","local_seo":null,"breadcrumb_settings":null,"limit_modified_date":false,"ai":null,"created":"2023-12-03 19:49:50","updated":"2025-06-04 09:48:53","seo_analyzer_scan_date":null,"focus_keyword":null,"additional_keywords":null,"truseo_locale":null},"aioseo_breadcrumb":"<div class=\"aioseo-breadcrumbs\"><span class=\"aioseo-breadcrumb\">\n\t\t\t<a href=\"https:\/\/wia.net.pl\" title=\"Home\">Home<\/a>\n\t\t<\/span><span class=\"aioseo-breadcrumb-separator\">&raquo;<\/span><span class=\"aioseo-breadcrumb\">\n\t\t\t<a href=\"https:\/\/wia.net.pl\/index.php\/category\/artykuly\/\" title=\"Artyku\u0142y\">Artyku\u0142y<\/a>\n\t\t<\/span><span class=\"aioseo-breadcrumb-separator\">&raquo;<\/span><span class=\"aioseo-breadcrumb\">\n\t\t\tNowa polska stacja antarktyczna zacznie dzia\u0142a\u0107 w 2023 r.\n\t\t<\/span><\/div>","aioseo_breadcrumb_json":[{"label":"Home","link":"https:\/\/wia.net.pl"},{"label":"Artyku\u0142y","link":"https:\/\/wia.net.pl\/index.php\/category\/artykuly\/"},{"label":"Nowa polska stacja antarktyczna zacznie dzia\u0142a\u0107 w 2023 r.","link":"https:\/\/wia.net.pl\/index.php\/2023\/12\/03\/nowa-polska-stacja-antarktyczna-zacznie-dzialac-w-2023-r\/"}],"_links":{"self":[{"href":"https:\/\/wia.net.pl\/index.php\/wp-json\/wp\/v2\/posts\/5935"}],"collection":[{"href":"https:\/\/wia.net.pl\/index.php\/wp-json\/wp\/v2\/posts"}],"about":[{"href":"https:\/\/wia.net.pl\/index.php\/wp-json\/wp\/v2\/types\/post"}],"author":[{"embeddable":true,"href":"https:\/\/wia.net.pl\/index.php\/wp-json\/wp\/v2\/users\/2"}],"replies":[{"embeddable":true,"href":"https:\/\/wia.net.pl\/index.php\/wp-json\/wp\/v2\/comments?post=5935"}],"version-history":[{"count":2,"href":"https:\/\/wia.net.pl\/index.php\/wp-json\/wp\/v2\/posts\/5935\/revisions"}],"predecessor-version":[{"id":6706,"href":"https:\/\/wia.net.pl\/index.php\/wp-json\/wp\/v2\/posts\/5935\/revisions\/6706"}],"wp:featuredmedia":[{"embeddable":true,"href":"https:\/\/wia.net.pl\/index.php\/wp-json\/wp\/v2\/media\/5940"}],"wp:attachment":[{"href":"https:\/\/wia.net.pl\/index.php\/wp-json\/wp\/v2\/media?parent=5935"}],"wp:term":[{"taxonomy":"category","embeddable":true,"href":"https:\/\/wia.net.pl\/index.php\/wp-json\/wp\/v2\/categories?post=5935"},{"taxonomy":"post_tag","embeddable":true,"href":"https:\/\/wia.net.pl\/index.php\/wp-json\/wp\/v2\/tags?post=5935"}],"curies":[{"name":"wp","href":"https:\/\/api.w.org\/{rel}","templated":true}]}}