{"id":5936,"date":"2023-12-03T20:11:36","date_gmt":"2023-12-03T19:11:36","guid":{"rendered":"https:\/\/wia.net.pl\/?p=5936"},"modified":"2023-12-03T20:11:37","modified_gmt":"2023-12-03T19:11:37","slug":"karol-iii-zada-5-bilionow-rocznie-na-walke-z-klimatem","status":"publish","type":"post","link":"https:\/\/wia.net.pl\/index.php\/2023\/12\/03\/karol-iii-zada-5-bilionow-rocznie-na-walke-z-klimatem\/","title":{"rendered":"Karol III \u017c\u0105da 5 bilion\u00f3w $ rocznie na walk\u0119 z klimatem"},"content":{"rendered":"\n<p>Charles \u201eThe Great Reset\u201d King \u017c\u0105da 5 bilion\u00f3w dolar\u00f3w rocznie na walk\u0119 ze zmianami klimatycznymi<\/p>\n\n\n\n<p>AUTOR:\u00a0RHODA\u00a0<a href=\"https:\/\/expose-news.com\/author\/rhoda-wilson\/\">WILSON<\/a><a href=\"https:\/\/expose-news.com\/2023\/12\/02\/charles-demands-5-trillion-per-year-for-climate-change\/\">2 GRUDNIA 2023 R<\/a><\/p>\n\n\n\n<figure class=\"wp-block-image size-large\"><img loading=\"lazy\" decoding=\"async\" width=\"1024\" height=\"576\" src=\"https:\/\/wia.net.pl\/wp-content\/uploads\/2023\/12\/Karol-III-zada-5-bilionow-rocznie-na-walke-z-klimatem-1024x576.jpg\" alt=\"\" class=\"wp-image-5937\" srcset=\"https:\/\/wia.net.pl\/wp-content\/uploads\/2023\/12\/Karol-III-zada-5-bilionow-rocznie-na-walke-z-klimatem-1024x576.jpg 1024w, https:\/\/wia.net.pl\/wp-content\/uploads\/2023\/12\/Karol-III-zada-5-bilionow-rocznie-na-walke-z-klimatem-300x169.jpg 300w, https:\/\/wia.net.pl\/wp-content\/uploads\/2023\/12\/Karol-III-zada-5-bilionow-rocznie-na-walke-z-klimatem-768x432.jpg 768w, https:\/\/wia.net.pl\/wp-content\/uploads\/2023\/12\/Karol-III-zada-5-bilionow-rocznie-na-walke-z-klimatem-1536x864.jpg 1536w, https:\/\/wia.net.pl\/wp-content\/uploads\/2023\/12\/Karol-III-zada-5-bilionow-rocznie-na-walke-z-klimatem-480x270.jpg 480w, https:\/\/wia.net.pl\/wp-content\/uploads\/2023\/12\/Karol-III-zada-5-bilionow-rocznie-na-walke-z-klimatem-128x72.jpg 128w, https:\/\/wia.net.pl\/wp-content\/uploads\/2023\/12\/Karol-III-zada-5-bilionow-rocznie-na-walke-z-klimatem.jpg 1920w\" sizes=\"(max-width: 1024px) 100vw, 1024px\" \/><\/figure>\n\n\n\n<p><strong>Wczoraj kr\u00f3l Karol III wyg\u0142osi\u0142 przem\u00f3wienie podczas ceremonii otwarcia COP28.&nbsp;Powiedzia\u0142, \u017ce \u201eoni\u201d potrzebowali od 4,5 do 5 bilion\u00f3w dolar\u00f3w rocznie, aby przyspieszy\u0107 transformacj\u0119 niezb\u0119dn\u0105 ze wzgl\u0119du na \u201ezmiany klimatyczne\u201d.<\/strong><\/p>\n\n\n\n<p>Konferencja Narod\u00f3w Zjednoczonych (\u201eONZ\u201d) w sprawie zmiany klimatu 2023 lub&nbsp;<a href=\"https:\/\/www.cop28.com\/\">Konferencja Stron UNFCCC (\u201eCOP28\u201d)<\/a>&nbsp;odb\u0119dzie si\u0119 w ci\u0105gu najbli\u017cszych kilku tygodni w Dubaju w Zjednoczonych Emiratach Arabskich.&nbsp;Reklamowany jest jako \u201e\u015awiatowy Szczyt w sprawie Dzia\u0142a\u0144 Klimatycznych\u201d i jest pierwszym \u201eGlobalnym podsumowaniem\u201d, maj\u0105cym na celu ocen\u0119 post\u0119p\u00f3w w realizacji Porozumienia paryskiego.<\/p>\n\n\n\n<p>W pi\u0105tek kr\u00f3l Karol III wyg\u0142osi\u0142 przem\u00f3wienie podczas ceremonii otwarcia.\u00a0Mo\u017cesz obejrze\u0107 ca\u0142e jego przem\u00f3wienie poni\u017cej lub, je\u015bli wolisz, od razu przej\u015b\u0107 do poni\u017cszego komentarza.<\/p>\n\n\n\n<p><strong>\u201e28 osiem lat temu by\u0142em najbardziej wzruszony, gdy poproszono mnie o zabranie g\u0142osu na otwarciu COP21 w Pary\u017cu, kt\u00f3rego kulminacj\u0105 by\u0142o oczywi\u015bcie porozumienie paryskie\u201d \u2013 powiedzia\u0142 Karol III na COP28.<\/strong><\/p>\n\n\n\n<p>Porozumienie paryskie przyj\u0119te w grudniu 2015 roku podczas konferencji klimatycznej COP21 przewiduje, \u017ce wzrost \u015bredniej temperatury na \u015bwiecie ma si\u0119 utrzyma\u0107 znacznie poni\u017cej 2\u00b0C powy\u017cej \u201epoziomu przedindustrialnego\u201d oraz podejmowane s\u0105 wysi\u0142ki maj\u0105ce na celu ograniczenie wzrostu temperatury do 1,5\u00b0 C powy\u017cej \u201epoziomu przedindustrialnego\u201d.<\/p>\n\n\n\n<p>Jednak, jak odkry\u0142 w 2017 r. by\u0142y menad\u017cer ds. energii odnawialnej i szef Niemieckiej Fundacji na rzecz Przyrody&nbsp;<a href=\"https:\/\/www.desmog.com\/fritz-vahrenholt\/\">Fritz Vahrenholt<\/a>&nbsp;, bli\u017csza analiza tekstu traktatu ujawnia, \u017ce&nbsp;\u200b\u200bw tym epokowym dokumencie ONZ termin&nbsp;<a href=\"https:\/\/climatechangedispatch.com\/new-paper-questions-paris-agreements-dubious-temperature-limits\/\">\u201epoziom przedindustrialny\u201d nie jest nigdzie zdefiniowany .<\/a><\/p>\n\n\n\n<p><a href=\"https:\/\/lomborg.com\/about\">Bjorn Lomborg<\/a>&nbsp;jest prezesem Kopenhaskiego Centrum Konsensusu i autorem ksi\u0105\u017cki \u201e&nbsp;<em><a href=\"https:\/\/lomborg.com\/false-alarm\">Fa\u0142szywy alarm: jak panika zwi\u0105zana ze zmianami klimatycznymi kosztuje nas biliony, szkodzi biednym i nie naprawi planety<\/a><\/em>&nbsp;\u201d.&nbsp;W&nbsp;<a href=\"https:\/\/climatechangedispatch.com\/the-paris-climate-agreement-wont-change-the-climate-video\/\">filmie z 2017 r.<\/a>&nbsp;wyja\u015bni\u0142, \u017ce paryskie porozumienie klimatyczne b\u0119dzie kosztowa\u0107 \u2013 wed\u0142ug \u00f3wczesnych szacunk\u00f3w \u2013 od 1 do 2 bilion\u00f3w dolar\u00f3w rocznie, a dzia\u0142acze klimatyczni twierdz\u0105, \u017ce uratuje ono planet\u0119.&nbsp;Prawda?&nbsp;Nie zrobi to nic dla planety, ale uczyni wszystkich biedniejszymi \u2013 z wyj\u0105tkiem polityk\u00f3w i ekolog\u00f3w.&nbsp;W 2015 r.&nbsp;<a href=\"https:\/\/climatechangedispatch.com\/bjorn-lomborg-paris-climate-accord-would-only-lower-temps-by-0-05f-by-2100\/\">Lomborg wyja\u015bni\u0142 ju\u017c<\/a>&nbsp;, \u017ce je\u015bli porozumienie paryskie zostanie w pe\u0142ni wdro\u017cone, temperatury na ca\u0142ej planecie obni\u017c\u0105 si\u0119 o 0,05 stopnia Fahrenheita (&nbsp;<sup>o<\/sup>&nbsp;F).&nbsp;Jeden stopie\u0144 Celsjusza (&nbsp;<sup>o<\/sup>&nbsp;C) odpowiada 33,8&nbsp;<sup>o<\/sup>&nbsp;F. 0,05&nbsp;<sup>o<\/sup>&nbsp;F to warto\u015b\u0107 tak ma\u0142a, \u017ce \u200b\u200bnie mo\u017cna jej zmierzy\u0107 w&nbsp;<sup>o<\/sup>&nbsp;C.<\/p>\n\n\n\n<p>Dlaczego wi\u0119c&nbsp;<a href=\"https:\/\/expose-news.com\/2022\/09\/20\/meet-the-great-reset-king-charles-iii\/\">Charles \u201eWielki Reset\u201d King<\/a>&nbsp;kontynuuje realizacj\u0119 programu klimatycznego?&nbsp;To, co powiedzia\u0142 p\u00f3\u017aniej, zawiera element uk\u0142adanki.&nbsp;<\/p>\n\n\n\n<p>Porozumienie paryskie, stwierdzi\u0142 Karol III, by\u0142o \u201eprze\u0142omowym momentem nadziei i optymizmu, kiedy narody od\u0142o\u017cy\u0142y r\u00f3\u017cnice na bok dla wsp\u00f3lnego dobra\u201d.<\/p>\n\n\n\n<p>\u201eDobro wsp\u00f3lne\u201d i \u201edobro wi\u0119ksze\u201d to poj\u0119cia nikczemne.&nbsp;Reprezentuj\u0105 kolektywizm w przeciwie\u0144stwie do indywidualizmu.&nbsp;Kolektywizm \u2013 wyst\u0119puj\u0105cy w ruchach socjalistycznych, komunistycznych i faszystowskich \u2013 jest wykorzystywany jako narz\u0119dzie kontroli spo\u0142ecznej.<\/p>\n\n\n\n<p>Przeczytaj wi\u0119cej:&nbsp;<a href=\"https:\/\/expose-news.com\/2023\/11\/29\/far-right-humour-is-a-danger-to-democracy\/\">Dw\u00f3ch australijskich badaczy stwierdzi\u0142o, \u017ce \u201eskrajnie prawicowy\u201d humor stanowi zagro\u017cenie dla demokracji<\/a><\/p>\n\n\n\n<p><strong>\u201eModl\u0119 si\u0119 z ca\u0142ego serca, aby COP28 by\u0142a kolejnym krytycznym punktem zwrotnym w kierunku rzeczywistych dzia\u0142a\u0144 transformacyjnych w czasie, gdy ju\u017c \u2013 jak naukowcy ostrzegali od tak dawna \u2013 widzimy niepokoj\u0105ce punkty krytyczne\u201d \u2013 powiedzia\u0142 Karol III zgromadzonym na COP28.<\/strong><\/p>\n\n\n\n<p>Powinni\u015bmy zada\u0107 sobie pytanie, do kogo modli si\u0119 Karol III.&nbsp;Gavin Ashenden, by\u0142y biskup anglika\u0144ski i kapelan kr\u00f3lowej, przyj\u0119ty do Ko\u015bcio\u0142a katolickiego w 2019 r.,&nbsp;<a href=\"https:\/\/www.ncregister.com\/news\/the-religion-of-king-charles-iii\">powiedzia\u0142 w 2022 r<\/a>&nbsp;., \u017ce \u201enie widzi w publicznym j\u0119zyku Karola \u017cadnych dowod\u00f3w na to, \u017ce odnosi si\u0119 on do Jezusa jako Pana\u201d i zauwa\u017cy\u0142, \u017ce \u201ema zirytowany wy\u0142\u0105czno\u015bci\u0105 chrze\u015bcija\u0144stwa i dopiero niedawno zwi\u0105za\u0142 si\u0119 z anglikanizmem\u201d.&nbsp;Obserwuj\u0105c Karola III, Ashenden wierzy, \u017ce sk\u0142ania si\u0119 ku duchowo\u015bci, zar\u00f3wno islamowi, jak i greckiemu prawos\u0142awiu.&nbsp;Redaktor anglika\u0144skiej strony internetowej&nbsp;<a href=\"https:\/\/www.ncregister.com\/news\/the-religion-of-king-charles-iii\">Adrian Hilton powiedzia\u0142,<\/a>&nbsp;\u017ce wyczuwa, \u017ce \u200b\u200bKarol odziedziczy\u0142 \u201eg\u0142\u0119boki szacunek dla ortodoksji, a tak\u017ce kosmologii uniwersalizmu&nbsp;<a href=\"https:\/\/www.britannica.com\/topic\/Universalism\">\u201d<\/a>&nbsp;.<\/p>\n\n\n\n<p>Je\u015bli chodzi o \u201epunkty krytyczne\u201d, alarmi\u015bci zajmuj\u0105cy si\u0119 zmianami klimatycznymi od dziesi\u0119cioleci rozprawiaj\u0105 o punktach krytycznych.&nbsp;Od 2001 r. co najmniej siedem r\u00f3\u017cnych konferencji klimatycznych reklamowano jako \u201eostatni\u0105 szans\u0119\u201d na powstrzymanie globalnego ocieplenia.&nbsp;Wszystkim udowodniono, \u017ce si\u0119 myl\u0105.<\/p>\n\n\n\n<p><a href=\"https:\/\/opentodebate.org\/debaters\/philip-stott\/\">Philip Stott<\/a>&nbsp;jest emerytowanym profesorem biogeografii w Szkole Studi\u00f3w Orientalnych i Afryka\u0144skich Uniwersytetu Londy\u0144skiego i by\u0142ym redaktorem czasopisma Journal of Biogeography.&nbsp;Publikuje blog o nazwie \u201e&nbsp;<a href=\"https:\/\/greenspin.blogspot.com\/\">EnviroSpin Watch<\/a>&nbsp;\u201d, w kt\u00f3rym monitoruje doniesienia brytyjskich medi\u00f3w na temat kwestii \u015brodowiskowych i nauki.&nbsp;W 2011 roku Stott&nbsp;<a href=\"https:\/\/www.climatedepot.com\/2022\/04\/22\/earth-days-failed-predictions-of-52-years-ago-the-amazing-environmental-improvements-that-have-occurred-since\/\">podsumowa\u0142 zjawisko punktu krytycznego<\/a>&nbsp;: \u201eZasadniczo Ziemia otrzymywa\u0142a regularnie przez ostatnie pi\u0119\u0107dziesi\u0105t lat ostrze\u017cenie o przetrwaniu przez 10 lat.&nbsp;Zostali\u015bmy seryjnie skazani na zag\u0142ad\u0119.&nbsp;Pocz\u0105tki naszego postmodernistycznego okresu niepokoju zwi\u0105zanego ze zmianami klimatycznymi si\u0119gaj\u0105 prawdopodobnie ko\u0144ca lat sze\u015b\u0107dziesi\u0105tych XX wieku, je\u015bli nie wcze\u015bniej\u201d.<\/p>\n\n\n\n<p>Przeczytaj wi\u0119cej:&nbsp;<a href=\"https:\/\/expose-news.com\/2022\/04\/09\/un-report-on-climate-change-nothing-is-true\/\">Nowy raport ONZ w sprawie zmian klimatycznych \u2013 absolutnie nic w tym raporcie nie jest prawd\u0105<\/a><\/p>\n\n\n\n<p><strong>\u201eSp\u0119dzi\u0142em du\u017c\u0105 cz\u0119\u015b\u0107 mojego \u017cycia, pr\u00f3buj\u0105c ostrzec przed egzystencjalnymi zagro\u017ceniami stoj\u0105cymi przed nami w zwi\u0105zku z globalnym ociepleniem, zmianami klimatycznymi i r\u00f3\u017cnorodno\u015bci\u0105 biologiczn\u0105\u2026 Wszystkie te dziesi\u0119ciolecia p\u00f3\u017aniej i pomimo ca\u0142ej uwagi, obecnie w atmosferze jest o 30% wi\u0119cej dwutlenku w\u0119gla ni\u017c by\u0142o ich wtedy i prawie 40% wi\u0119cej\u201d \u2013 powiedzia\u0142 Karol III.<\/strong><\/p>\n\n\n\n<p>Dwutlenek w\u0119gla (\u201eCO&nbsp;<sub>2<\/sub>&nbsp;\u201d) jest budulcem wszelkiego \u017cycia na Ziemi.&nbsp;CO&nbsp;<sub>2<\/sub>&nbsp;, znany r\u00f3wnie\u017c jako \u201enaw\u00f3z natury\u201d, stale wzbogaca&nbsp;<a href=\"https:\/\/expose-news.com\/2023\/05\/11\/carbon-dioxide-nitrogen-and-climate-change\/\">ziemsk\u0105 atmosfer\u0119<\/a>&nbsp;, z 320 cz\u0119\u015bci na milion w 1970 r. przez 365 cz\u0119\u015bci w 2000 r. do ponad 412 cz\u0119\u015bci obecnie.&nbsp;<a href=\"https:\/\/expose-news.com\/2022\/11\/15\/carbon-dioxide-is-the-elixir-of-life-lets-celebrate-it\/\">CO&nbsp;<sub>2<\/sub>&nbsp;to eliksir \u017cycia<\/a>&nbsp;, wspieraj\u0105cy ro\u015bliny od pocz\u0105tku \u015bwiata i umo\u017cliwiaj\u0105cy praktycznie ca\u0142e \u017cycie na Ziemi.&nbsp;Powinni\u015bmy to celebrowa\u0107, a nie demonizowa\u0107.<\/p>\n\n\n\n<p>W 2015 r.&nbsp;<a href=\"https:\/\/expose-news.com\/2023\/06\/08\/carbon-dioxide-is-the-building-block-of-all-life-on-earth\/\">dr Patrick Moore wyg\u0142osi\u0142 wyk\u0142ad<\/a>&nbsp;, podczas kt\u00f3rego powiedzia\u0142: \u201eNasze dzieci i spo\u0142ecze\u0144stwo uczy si\u0119, \u017ce CO&nbsp;<sub>2<\/sub>&nbsp;jest toksyczn\u0105 substancj\u0105 zanieczyszczaj\u0105c\u0105, kt\u00f3ra zniszczy \u017cycie i rzuci cywilizacj\u0119 na kolana.&nbsp;Mam nadziej\u0119, \u017ce dzi\u015b wieczorem postawi\u0119 na g\u0142owie t\u0119 niebezpieczn\u0105 propagand\u0119 powodowan\u0105 przez cz\u0142owieka.&nbsp;Dzi\u015b wieczorem wyka\u017c\u0119, \u017ce emisja CO2 przez cz\u0142owieka&nbsp;<sub>ju\u017c<\/sub>&nbsp;uratowa\u0142a \u017cycie na naszej planecie przed bardzo przedwczesnym ko\u0144cem\u201d.<\/p>\n\n\n\n<p><strong>Nast\u0119pnie Karol III opisuje tyle katastrofalnych skutk\u00f3w \u201ezmian klimatycznych\u201d, ile pozwoli\u0142 na to czas.&nbsp;<\/strong><\/p>\n\n\n\n<p>\u201eNiebezpiecze\u0144stwa nie s\u0105 ju\u017c odleg\u0142ymi zagro\u017ceniami.&nbsp;Widzia\u0142em w ca\u0142ej Wsp\u00f3lnocie i poza ni\u0105\u201d \u2013 stwierdzi\u0142 bezwstydnie, wymieniaj\u0105c katastrofy \u201espowodowane zmianami klimatycznymi\u201d.&nbsp;Na jego li\u015bcie znalaz\u0142y si\u0119: zniszczone \u017cycie i \u017ar\u00f3d\u0142a utrzymania, powtarzaj\u0105ce si\u0119 cyklony, bezprecedensowe powodzie, susze, powa\u017cne po\u017cary oraz to, \u017ce na p\u00f3\u0142kuli p\u00f3\u0142nocnej panuj\u0105 \u201enajwy\u017csze w historii \u015brednie temperatury globalne\u201d.<\/p>\n\n\n\n<p>Karol III opowiada mn\u00f3stwo bzdur.&nbsp;Opr\u00f3cz ujawnie\u0144 dotycz\u0105cych wyciek\u00f3w e-maili, kt\u00f3re sta\u0142y si\u0119 znane jako skandal&nbsp;<a href=\"https:\/\/expose-news.com\/?s=Climategate\">Climategate<\/a>&nbsp;,&nbsp;<a href=\"https:\/\/expose-news.com\/2022\/07\/19\/tropical-cyclones-have-decreased-and-not-increased\/\">w ci\u0105gu ostatniego stulecia cyklony tropikalne zmniejszy\u0142y si\u0119, a nie zwi\u0119kszy\u0142y<\/a>&nbsp;,&nbsp;<a href=\"https:\/\/expose-news.com\/2023\/06\/15\/wildfires-were-more-extensive-in-the-past\/\">po\u017cary las\u00f3w s\u0105 cz\u0119\u015bci\u0105 naturalnego ekosystemu i w przesz\u0142o\u015bci by\u0142y bardziej rozleg\u0142e<\/a>&nbsp;,&nbsp;<a href=\"https:\/\/expose-news.com\/?s=fires\">w ostatnich latach dosz\u0142o do kilku po\u017car\u00f3w podpale\u0144, dlatego te\u017c&nbsp;<\/a><a href=\"https:\/\/expose-news.com\/2023\/09\/15\/ipcc-should-include-weather-warfare-as-part-of\/\">nale\u017cy uwzgl\u0119dni\u0107<\/a>&nbsp;skutki dzia\u0142a\u0144 wojennych&nbsp;w debacie na temat zmian klimatycznych oraz twierdzenie, \u017ce na przyk\u0142ad&nbsp;<a href=\"https:\/\/expose-news.com\/2023\/07\/11\/claims-that-uks-temperature-last-month-was-the-hottest\/\">temperatura w Wielkiej Brytanii w czerwcu<\/a>&nbsp;by\u0142a \u201enajwy\u017csza od czasu rozpocz\u0119cia pomiar\u00f3w\u201d, by\u0142o k\u0142amstwem, podobnie jak twierdzenie, \u017ce latem ubieg\u0142ego roku w Wielkiej Brytanii&nbsp;<a href=\"https:\/\/expose-news.com\/2023\/07\/17\/hottest-day-125k-years-propaganda-lies\/\">do\u015bwiadczy\u0142 najgor\u0119tszego dnia od 125 000 lat<\/a>&nbsp;.&nbsp;Kr\u00f3tko m\u00f3wi\u0105c, globalne ocieplenie nie ma miejsca,&nbsp;<a href=\"https:\/\/expose-news.com\/2023\/02\/19\/we-should-welcome-global-warming\/\">zmiany klimatyczne to oszustwo<\/a>&nbsp;, a \u015bwiat&nbsp;<a href=\"https:\/\/expose-news.com\/2023\/04\/19\/the-world-has-woken-up-to-climate-scam\/\">obudzi\u0142 si\u0119 i zauwa\u017cy\u0142 oszustwo klimatyczne<\/a>&nbsp;.<\/p>\n\n\n\n<p>\u201eWyprowadzamy \u015bwiat przyrody poza zr\u00f3wnowa\u017cone normy i ograniczenia na niebezpieczne, niezbadane terytorium\u201d \u2013 powiedzia\u0142 Karol III.&nbsp;\u201ePrzeprowadzamy ogromny, przera\u017caj\u0105cy eksperyment maj\u0105cy na celu zmian\u0119 wszystkich warunk\u00f3w ekologicznych na raz w tempie, kt\u00f3re znacznie przekracza mo\u017cliwo\u015bci natury\u201d \u2013 doda\u0142, pr\u00f3buj\u0105c zaszczepi\u0107 strach w ka\u017cdym, kto zada\u0142 sobie trud s\u0142uchania.&nbsp;Ku jego uldze, w pierwszym rz\u0119dzie widowni znajdowa\u0142 si\u0119 jeden, kt\u00f3ry zdawa\u0142 si\u0119 go s\u0142ucha\u0107 \u2013 Al Gore, kt\u00f3rego dokument \u201e&nbsp;<em>Niewygodna prawda\u201d<\/em>&nbsp;z 2006 roku zosta\u0142 zawstydzony solidn\u0105 nauk\u0105 i wywiadami z prawdziwymi klimatologami w filmie dokumentalnym \u201e&nbsp;<em><a href=\"https:\/\/expose-news.com\/2022\/06\/11\/flashback-the-great-global-warming-swindle\/\">The Great Global\u201d Oszustwo rozgrzewaj\u0105ce<\/a><\/em>&nbsp;\u201d.<\/p>\n\n\n\n<p><strong>Po pr\u00f3bie przestraszenia wszystkich do dzia\u0142ania Karol III ujawni\u0142 swoje rozwi\u0105zanie.<\/strong><\/p>\n\n\n\n<p>Jego plan zak\u0142ada po\u0142\u0105czenie \u201epubliczno-prywatnych organizacji filantropijnych i organizacji pozarz\u0105dowych, aby wszystkie odegra\u0142y swoj\u0105 rol\u0119 w realizacji dzia\u0142a\u0144 klimatycznych\u201d, poniewa\u017c \u201esame finanse publiczne nigdy nie wystarcz\u0105\u201d.&nbsp;\u015awiat potrzebuje \u201emi\u0119dzynarodowego systemu finansowego po\u0142\u0105czonego z innowacyjnym wykorzystaniem narz\u0119dzi redukcji ryzyka, takich jak gwarancje ryzyka pierwszej straty\u201d \u2013 stwierdzi\u0142.<\/p>\n\n\n\n<p>W ten spos\u00f3b, jak stwierdzi\u0142 Karol III, \u201emogliby\u015bmy zmobilizowa\u0107 biliony dolar\u00f3w, kt\u00f3rych potrzebujemy \u2013 rz\u0119du czterech i p\u00f3\u0142 do pi\u0119ciu bilion\u00f3w rocznie \u2013 aby przeprowadzi\u0107 potrzebn\u0105 transformacj\u0119\u201d.<\/p>\n\n\n\n<p>Aby zacz\u0105\u0107 rozumie\u0107, dlaczego Karol III \u017c\u0105da tak niezwyk\u0142ych kwot pieni\u0119dzy na walk\u0119 ze sfabrykowanym kryzysem klimatycznym, przeczytaj nasze poprzednie artyku\u0142y wymienione poni\u017cej.\u00a0Po czym stanie si\u0119 jasne, \u017ce \u201etransformacja\u201d, \u201ezr\u00f3wnowa\u017cona przysz\u0142o\u015b\u0107\u201d, o kt\u00f3rej m\u00f3wi Karol III, to taka, w kt\u00f3rej nic nie posiadamy, a oni wszystko posiadaj\u0105 i kontroluj\u0105.<\/p>\n\n\n\n<ul class=\"wp-block-list\">\n<li><a href=\"https:\/\/expose-news.com\/2022\/01\/20\/a-destructive-plan-under-the-guise-of-climate-change\/\">Niszczycielski plan transformacji \u015bwiatowego systemu finansowego pod pozorem \u201ezmian klimatycznych\u201d<\/a><\/li>\n\n\n\n<li><a href=\"https:\/\/expose-news.com\/2022\/08\/30\/carney-is-trying-to-control-the-world-with-green-finance\/\">Ekofaszysta Mark Carney pr\u00f3buje kontrolowa\u0107 \u015bwiat poprzez zielone finanse<\/a><\/li>\n\n\n\n<li><a href=\"https:\/\/expose-news.com\/2023\/01\/14\/goal-to-reduce-carbon-emissions-is-a-scam\/\">Cel ONZ, jakim jest redukcja emisji gaz\u00f3w cieplarnianych, jest oszustwem maj\u0105cym na celu umo\u017cliwienie bogatym wzbogacenia si\u0119 kosztem biednych<\/a><\/li>\n\n\n\n<li><a href=\"https:\/\/expose-news.com\/2023\/06\/25\/climate-change-fanatics-demand-a-new-financial-system\/\">Fanatycy zmian klimatycznych domagaj\u0105 si\u0119 nowego systemu finansowego<\/a><\/li>\n\n\n\n<li><a href=\"https:\/\/expose-news.com\/2023\/09\/12\/climate-change-is-key-to-implementation-of-great-reset\/\">Agenda dotycz\u0105ca zmian klimatycznych jest kluczem do wdro\u017cenia Wielkiego Resetu<\/a><\/li>\n<\/ul>\n\n\n\n<p>\u0179r\u00f3d\u0142o <a href=\"https:\/\/expose-news.com\/2023\/12\/02\/charles-demands-5-trillion-per-year-for-climate-change\/\">https:\/\/expose-news.com\/2023\/12\/02\/charles-demands-5-trillion-per-year-for-climate-change\/<\/a><\/p>\n\n\n\n<ul class=\"wp-block-list\"><\/ul>\n","protected":false},"excerpt":{"rendered":"<p>Charles \u201eThe Great Reset\u201d King \u017c\u0105da 5 bilion\u00f3w dolar\u00f3w rocznie na walk\u0119 ze zmianami klimatycznymi AUTOR:\u00a0RHODA\u00a0WILSON2 GRUDNIA 2023 R Wczoraj kr\u00f3l Karol III wyg\u0142osi\u0142 przem\u00f3wienie podczas ceremonii otwarcia COP28.&nbsp;Powiedzia\u0142, \u017ce \u201eoni\u201d potrzebowali od 4,5 do 5 bilion\u00f3w dolar\u00f3w rocznie, aby&#8230; <\/p>\n","protected":false},"author":2,"featured_media":5937,"comment_status":"open","ping_status":"open","sticky":false,"template":"","format":"standard","meta":{"_acf_changed":false,"_bbp_topic_count":0,"_bbp_reply_count":0,"_bbp_total_topic_count":0,"_bbp_total_reply_count":0,"_bbp_voice_count":0,"_bbp_anonymous_reply_count":0,"_bbp_topic_count_hidden":0,"_bbp_reply_count_hidden":0,"_bbp_forum_subforum_count":0,"om_disable_all_campaigns":false,"_monsterinsights_skip_tracking":false,"footnotes":""},"categories":[93],"tags":[],"class_list":["post-5936","post","type-post","status-publish","format-standard","has-post-thumbnail","hentry","category-artykuly"],"acf":[],"aioseo_notices":[],"aioseo_head":"\n\t\t<!-- All in One SEO 5.0.1.1 - aioseo.com -->\n\t<meta name=\"description\" content=\"Charles \u201eThe Great Reset\u201d King \u017c\u0105da 5 bilion\u00f3w dolar\u00f3w rocznie na walk\u0119 ze zmianami klimatycznymi AUTOR: RHODA WILSON2 GRUDNIA 2023 R Wczoraj kr\u00f3l Karol III wyg\u0142osi\u0142 przem\u00f3wienie podczas ceremonii otwarcia COP28. Powiedzia\u0142, \u017ce \u201eoni\u201d potrzebowali od 4,5 do 5 bilion\u00f3w dolar\u00f3w rocznie, aby przyspieszy\u0107 transformacj\u0119 niezb\u0119dn\u0105 ze wzgl\u0119du na \u201ezmiany klimatyczne\u201d. Konferencja Narod\u00f3w Zjednoczonych (\u201eONZ\u201d) w sprawie zmiany\" \/>\n\t<meta name=\"robots\" content=\"max-image-preview:large\" \/>\n\t<meta name=\"author\" content=\"trinity\"\/>\n\t<link rel=\"canonical\" href=\"https:\/\/wia.net.pl\/index.php\/2023\/12\/03\/karol-iii-zada-5-bilionow-rocznie-na-walke-z-klimatem\/\" \/>\n\t<meta name=\"generator\" content=\"All in One SEO (AIOSEO) 5.0.1.1\" \/>\n\t\t<meta property=\"og:locale\" content=\"pl_PL\" \/>\n\t\t<meta property=\"og:site_name\" content=\"Wolno\u015b\u0107 i Anarchia - Ka\u017cdy wewn\u0119trznie jest anarchist\u0105.\" \/>\n\t\t<meta property=\"og:type\" content=\"article\" \/>\n\t\t<meta property=\"og:title\" content=\"Karol III \u017c\u0105da 5 bilion\u00f3w $ rocznie na walk\u0119 z klimatem - Wolno\u015b\u0107 i Anarchia\" \/>\n\t\t<meta property=\"og:description\" content=\"Charles \u201eThe Great Reset\u201d King \u017c\u0105da 5 bilion\u00f3w dolar\u00f3w rocznie na walk\u0119 ze zmianami klimatycznymi AUTOR: RHODA WILSON2 GRUDNIA 2023 R Wczoraj kr\u00f3l Karol III wyg\u0142osi\u0142 przem\u00f3wienie podczas ceremonii otwarcia COP28. Powiedzia\u0142, \u017ce \u201eoni\u201d potrzebowali od 4,5 do 5 bilion\u00f3w dolar\u00f3w rocznie, aby przyspieszy\u0107 transformacj\u0119 niezb\u0119dn\u0105 ze wzgl\u0119du na \u201ezmiany klimatyczne\u201d. Konferencja Narod\u00f3w Zjednoczonych (\u201eONZ\u201d) w sprawie zmiany\" \/>\n\t\t<meta property=\"og:url\" content=\"https:\/\/wia.net.pl\/index.php\/2023\/12\/03\/karol-iii-zada-5-bilionow-rocznie-na-walke-z-klimatem\/\" \/>\n\t\t<meta property=\"og:image\" content=\"https:\/\/wia.net.pl\/wp-content\/uploads\/2023\/11\/cropped-freedom-i73367.jpg\" \/>\n\t\t<meta property=\"og:image:secure_url\" content=\"https:\/\/wia.net.pl\/wp-content\/uploads\/2023\/11\/cropped-freedom-i73367.jpg\" \/>\n\t\t<meta property=\"article:published_time\" content=\"2023-12-03T19:11:36+00:00\" \/>\n\t\t<meta property=\"article:modified_time\" content=\"2023-12-03T19:11:37+00:00\" \/>\n\t\t<meta name=\"twitter:card\" content=\"summary_large_image\" \/>\n\t\t<meta name=\"twitter:title\" content=\"Karol III \u017c\u0105da 5 bilion\u00f3w $ rocznie na walk\u0119 z klimatem - Wolno\u015b\u0107 i Anarchia\" \/>\n\t\t<meta name=\"twitter:description\" content=\"Charles \u201eThe Great Reset\u201d King \u017c\u0105da 5 bilion\u00f3w dolar\u00f3w rocznie na walk\u0119 ze zmianami klimatycznymi AUTOR: RHODA WILSON2 GRUDNIA 2023 R Wczoraj kr\u00f3l Karol III wyg\u0142osi\u0142 przem\u00f3wienie podczas ceremonii otwarcia COP28. Powiedzia\u0142, \u017ce \u201eoni\u201d potrzebowali od 4,5 do 5 bilion\u00f3w dolar\u00f3w rocznie, aby przyspieszy\u0107 transformacj\u0119 niezb\u0119dn\u0105 ze wzgl\u0119du na \u201ezmiany klimatyczne\u201d. Konferencja Narod\u00f3w Zjednoczonych (\u201eONZ\u201d) w sprawie zmiany\" \/>\n\t\t<meta name=\"twitter:image\" content=\"https:\/\/wia.net.pl\/wp-content\/uploads\/2023\/11\/cropped-freedom-i73367.jpg\" \/>\n\t\t<script type=\"application\/ld+json\" class=\"aioseo-schema\">\n\t\t\t{\"@context\":\"https:\\\/\\\/schema.org\",\"@graph\":[{\"@type\":\"BlogPosting\",\"@id\":\"https:\\\/\\\/wia.net.pl\\\/index.php\\\/2023\\\/12\\\/03\\\/karol-iii-zada-5-bilionow-rocznie-na-walke-z-klimatem\\\/#blogposting\",\"name\":\"Karol III \\u017c\\u0105da 5 bilion\\u00f3w $ rocznie na walk\\u0119 z klimatem - Wolno\\u015b\\u0107 i Anarchia\",\"headline\":\"Karol III \\u017c\\u0105da 5 bilion\\u00f3w $ rocznie na walk\\u0119 z klimatem\",\"author\":{\"@id\":\"https:\\\/\\\/wia.net.pl\\\/index.php\\\/author\\\/trinity\\\/#author\"},\"publisher\":{\"@id\":\"https:\\\/\\\/wia.net.pl\\\/#person\"},\"image\":{\"@type\":\"ImageObject\",\"url\":\"https:\\\/\\\/wia.net.pl\\\/wp-content\\\/uploads\\\/2023\\\/12\\\/Karol-III-zada-5-bilionow-rocznie-na-walke-z-klimatem.jpg\",\"width\":1920,\"height\":1080},\"datePublished\":\"2023-12-03T20:11:36+01:00\",\"dateModified\":\"2023-12-03T20:11:37+01:00\",\"inLanguage\":\"pl-PL\",\"mainEntityOfPage\":{\"@id\":\"https:\\\/\\\/wia.net.pl\\\/index.php\\\/2023\\\/12\\\/03\\\/karol-iii-zada-5-bilionow-rocznie-na-walke-z-klimatem\\\/#webpage\"},\"isPartOf\":{\"@id\":\"https:\\\/\\\/wia.net.pl\\\/index.php\\\/2023\\\/12\\\/03\\\/karol-iii-zada-5-bilionow-rocznie-na-walke-z-klimatem\\\/#webpage\"},\"articleSection\":\"Artyku\\u0142y\"},{\"@type\":\"BreadcrumbList\",\"@id\":\"https:\\\/\\\/wia.net.pl\\\/index.php\\\/2023\\\/12\\\/03\\\/karol-iii-zada-5-bilionow-rocznie-na-walke-z-klimatem\\\/#breadcrumblist\",\"itemListElement\":[{\"@type\":\"ListItem\",\"@id\":\"https:\\\/\\\/wia.net.pl#listItem\",\"position\":1,\"name\":\"Home\",\"item\":\"https:\\\/\\\/wia.net.pl\",\"nextItem\":{\"@type\":\"ListItem\",\"@id\":\"https:\\\/\\\/wia.net.pl\\\/index.php\\\/category\\\/artykuly\\\/#listItem\",\"name\":\"Artyku\\u0142y\"}},{\"@type\":\"ListItem\",\"@id\":\"https:\\\/\\\/wia.net.pl\\\/index.php\\\/category\\\/artykuly\\\/#listItem\",\"position\":2,\"name\":\"Artyku\\u0142y\",\"item\":\"https:\\\/\\\/wia.net.pl\\\/index.php\\\/category\\\/artykuly\\\/\",\"nextItem\":{\"@type\":\"ListItem\",\"@id\":\"https:\\\/\\\/wia.net.pl\\\/index.php\\\/2023\\\/12\\\/03\\\/karol-iii-zada-5-bilionow-rocznie-na-walke-z-klimatem\\\/#listItem\",\"name\":\"Karol III \\u017c\\u0105da 5 bilion\\u00f3w $ rocznie na walk\\u0119 z klimatem\"},\"previousItem\":{\"@type\":\"ListItem\",\"@id\":\"https:\\\/\\\/wia.net.pl#listItem\",\"name\":\"Home\"}},{\"@type\":\"ListItem\",\"@id\":\"https:\\\/\\\/wia.net.pl\\\/index.php\\\/2023\\\/12\\\/03\\\/karol-iii-zada-5-bilionow-rocznie-na-walke-z-klimatem\\\/#listItem\",\"position\":3,\"name\":\"Karol III \\u017c\\u0105da 5 bilion\\u00f3w $ rocznie na walk\\u0119 z klimatem\",\"previousItem\":{\"@type\":\"ListItem\",\"@id\":\"https:\\\/\\\/wia.net.pl\\\/index.php\\\/category\\\/artykuly\\\/#listItem\",\"name\":\"Artyku\\u0142y\"}}]},{\"@type\":\"Person\",\"@id\":\"https:\\\/\\\/wia.net.pl\\\/#person\",\"name\":\"Bart\\u0142omiej Talarczyk\",\"image\":{\"@type\":\"ImageObject\",\"@id\":\"https:\\\/\\\/wia.net.pl\\\/index.php\\\/2023\\\/12\\\/03\\\/karol-iii-zada-5-bilionow-rocznie-na-walke-z-klimatem\\\/#personImage\",\"url\":\"https:\\\/\\\/wia.net.pl\\\/wp-content\\\/uploads\\\/avatar-privacy\\\/cache\\\/user\\\/1\\\/7\\\/176a6b161c58363ff49b5c167264231f519f5c7fa183ca1f61e891769b6b56d5-96.jpg\",\"width\":96,\"height\":96,\"caption\":\"Bart\\u0142omiej Talarczyk\"}},{\"@type\":\"Person\",\"@id\":\"https:\\\/\\\/wia.net.pl\\\/index.php\\\/author\\\/trinity\\\/#author\",\"url\":\"https:\\\/\\\/wia.net.pl\\\/index.php\\\/author\\\/trinity\\\/\",\"name\":\"trinity\",\"image\":{\"@type\":\"ImageObject\",\"@id\":\"https:\\\/\\\/wia.net.pl\\\/index.php\\\/2023\\\/12\\\/03\\\/karol-iii-zada-5-bilionow-rocznie-na-walke-z-klimatem\\\/#authorImage\",\"url\":\"https:\\\/\\\/wia.net.pl\\\/wp-content\\\/uploads\\\/avatar-privacy\\\/cache\\\/user\\\/5\\\/f\\\/5f6547cf82495eaa10e100a6a45d5dbde2dfdc1be88557de2018fca705bdf6f1-96.jpg\",\"width\":96,\"height\":96,\"caption\":\"trinity\"}},{\"@type\":\"WebPage\",\"@id\":\"https:\\\/\\\/wia.net.pl\\\/index.php\\\/2023\\\/12\\\/03\\\/karol-iii-zada-5-bilionow-rocznie-na-walke-z-klimatem\\\/#webpage\",\"url\":\"https:\\\/\\\/wia.net.pl\\\/index.php\\\/2023\\\/12\\\/03\\\/karol-iii-zada-5-bilionow-rocznie-na-walke-z-klimatem\\\/\",\"name\":\"Karol III \\u017c\\u0105da 5 bilion\\u00f3w $ rocznie na walk\\u0119 z klimatem - Wolno\\u015b\\u0107 i Anarchia\",\"description\":\"Charles \\u201eThe Great Reset\\u201d King \\u017c\\u0105da 5 bilion\\u00f3w dolar\\u00f3w rocznie na walk\\u0119 ze zmianami klimatycznymi AUTOR: RHODA WILSON2 GRUDNIA 2023 R Wczoraj kr\\u00f3l Karol III wyg\\u0142osi\\u0142 przem\\u00f3wienie podczas ceremonii otwarcia COP28. Powiedzia\\u0142, \\u017ce \\u201eoni\\u201d potrzebowali od 4,5 do 5 bilion\\u00f3w dolar\\u00f3w rocznie, aby przyspieszy\\u0107 transformacj\\u0119 niezb\\u0119dn\\u0105 ze wzgl\\u0119du na \\u201ezmiany klimatyczne\\u201d. Konferencja Narod\\u00f3w Zjednoczonych (\\u201eONZ\\u201d) w sprawie zmiany\",\"inLanguage\":\"pl-PL\",\"isPartOf\":{\"@id\":\"https:\\\/\\\/wia.net.pl\\\/#website\"},\"breadcrumb\":{\"@id\":\"https:\\\/\\\/wia.net.pl\\\/index.php\\\/2023\\\/12\\\/03\\\/karol-iii-zada-5-bilionow-rocznie-na-walke-z-klimatem\\\/#breadcrumblist\"},\"author\":{\"@id\":\"https:\\\/\\\/wia.net.pl\\\/index.php\\\/author\\\/trinity\\\/#author\"},\"creator\":{\"@id\":\"https:\\\/\\\/wia.net.pl\\\/index.php\\\/author\\\/trinity\\\/#author\"},\"image\":{\"@type\":\"ImageObject\",\"url\":\"https:\\\/\\\/wia.net.pl\\\/wp-content\\\/uploads\\\/2023\\\/12\\\/Karol-III-zada-5-bilionow-rocznie-na-walke-z-klimatem.jpg\",\"@id\":\"https:\\\/\\\/wia.net.pl\\\/index.php\\\/2023\\\/12\\\/03\\\/karol-iii-zada-5-bilionow-rocznie-na-walke-z-klimatem\\\/#mainImage\",\"width\":1920,\"height\":1080},\"primaryImageOfPage\":{\"@id\":\"https:\\\/\\\/wia.net.pl\\\/index.php\\\/2023\\\/12\\\/03\\\/karol-iii-zada-5-bilionow-rocznie-na-walke-z-klimatem\\\/#mainImage\"},\"datePublished\":\"2023-12-03T20:11:36+01:00\",\"dateModified\":\"2023-12-03T20:11:37+01:00\"},{\"@type\":\"WebSite\",\"@id\":\"https:\\\/\\\/wia.net.pl\\\/#website\",\"url\":\"https:\\\/\\\/wia.net.pl\\\/\",\"name\":\"Wolno\\u015b\\u0107 i Anarchia\",\"description\":\"Ka\\u017cdy wewn\\u0119trznie jest anarchist\\u0105.\",\"inLanguage\":\"pl-PL\",\"publisher\":{\"@id\":\"https:\\\/\\\/wia.net.pl\\\/#person\"}}]}\n\t\t<\/script>\n\t\t<!-- All in One SEO -->\n\n","aioseo_head_json":{"title":"Karol III \u017c\u0105da 5 bilion\u00f3w $ rocznie na walk\u0119 z klimatem - Wolno\u015b\u0107 i Anarchia","description":"Charles \u201eThe Great Reset\u201d King \u017c\u0105da 5 bilion\u00f3w dolar\u00f3w rocznie na walk\u0119 ze zmianami klimatycznymi AUTOR: RHODA WILSON2 GRUDNIA 2023 R Wczoraj kr\u00f3l Karol III wyg\u0142osi\u0142 przem\u00f3wienie podczas ceremonii otwarcia COP28. Powiedzia\u0142, \u017ce \u201eoni\u201d potrzebowali od 4,5 do 5 bilion\u00f3w dolar\u00f3w rocznie, aby przyspieszy\u0107 transformacj\u0119 niezb\u0119dn\u0105 ze wzgl\u0119du na \u201ezmiany klimatyczne\u201d. Konferencja Narod\u00f3w Zjednoczonych (\u201eONZ\u201d) w sprawie zmiany","canonical_url":"https:\/\/wia.net.pl\/index.php\/2023\/12\/03\/karol-iii-zada-5-bilionow-rocznie-na-walke-z-klimatem\/","robots":"max-image-preview:large","keywords":"","webmasterTools":{"miscellaneous":""},"schema":{"@context":"https:\/\/schema.org","@graph":[{"@type":"BlogPosting","@id":"https:\/\/wia.net.pl\/index.php\/2023\/12\/03\/karol-iii-zada-5-bilionow-rocznie-na-walke-z-klimatem\/#blogposting","name":"Karol III \u017c\u0105da 5 bilion\u00f3w $ rocznie na walk\u0119 z klimatem - Wolno\u015b\u0107 i Anarchia","headline":"Karol III \u017c\u0105da 5 bilion\u00f3w $ rocznie na walk\u0119 z klimatem","author":{"@id":"https:\/\/wia.net.pl\/index.php\/author\/trinity\/#author"},"publisher":{"@id":"https:\/\/wia.net.pl\/#person"},"image":{"@type":"ImageObject","url":"https:\/\/wia.net.pl\/wp-content\/uploads\/2023\/12\/Karol-III-zada-5-bilionow-rocznie-na-walke-z-klimatem.jpg","width":1920,"height":1080},"datePublished":"2023-12-03T20:11:36+01:00","dateModified":"2023-12-03T20:11:37+01:00","inLanguage":"pl-PL","mainEntityOfPage":{"@id":"https:\/\/wia.net.pl\/index.php\/2023\/12\/03\/karol-iii-zada-5-bilionow-rocznie-na-walke-z-klimatem\/#webpage"},"isPartOf":{"@id":"https:\/\/wia.net.pl\/index.php\/2023\/12\/03\/karol-iii-zada-5-bilionow-rocznie-na-walke-z-klimatem\/#webpage"},"articleSection":"Artyku\u0142y"},{"@type":"BreadcrumbList","@id":"https:\/\/wia.net.pl\/index.php\/2023\/12\/03\/karol-iii-zada-5-bilionow-rocznie-na-walke-z-klimatem\/#breadcrumblist","itemListElement":[{"@type":"ListItem","@id":"https:\/\/wia.net.pl#listItem","position":1,"name":"Home","item":"https:\/\/wia.net.pl","nextItem":{"@type":"ListItem","@id":"https:\/\/wia.net.pl\/index.php\/category\/artykuly\/#listItem","name":"Artyku\u0142y"}},{"@type":"ListItem","@id":"https:\/\/wia.net.pl\/index.php\/category\/artykuly\/#listItem","position":2,"name":"Artyku\u0142y","item":"https:\/\/wia.net.pl\/index.php\/category\/artykuly\/","nextItem":{"@type":"ListItem","@id":"https:\/\/wia.net.pl\/index.php\/2023\/12\/03\/karol-iii-zada-5-bilionow-rocznie-na-walke-z-klimatem\/#listItem","name":"Karol III \u017c\u0105da 5 bilion\u00f3w $ rocznie na walk\u0119 z klimatem"},"previousItem":{"@type":"ListItem","@id":"https:\/\/wia.net.pl#listItem","name":"Home"}},{"@type":"ListItem","@id":"https:\/\/wia.net.pl\/index.php\/2023\/12\/03\/karol-iii-zada-5-bilionow-rocznie-na-walke-z-klimatem\/#listItem","position":3,"name":"Karol III \u017c\u0105da 5 bilion\u00f3w $ rocznie na walk\u0119 z klimatem","previousItem":{"@type":"ListItem","@id":"https:\/\/wia.net.pl\/index.php\/category\/artykuly\/#listItem","name":"Artyku\u0142y"}}]},{"@type":"Person","@id":"https:\/\/wia.net.pl\/#person","name":"Bart\u0142omiej Talarczyk","image":{"@type":"ImageObject","@id":"https:\/\/wia.net.pl\/index.php\/2023\/12\/03\/karol-iii-zada-5-bilionow-rocznie-na-walke-z-klimatem\/#personImage","url":"https:\/\/wia.net.pl\/wp-content\/uploads\/avatar-privacy\/cache\/user\/1\/7\/176a6b161c58363ff49b5c167264231f519f5c7fa183ca1f61e891769b6b56d5-96.jpg","width":96,"height":96,"caption":"Bart\u0142omiej Talarczyk"}},{"@type":"Person","@id":"https:\/\/wia.net.pl\/index.php\/author\/trinity\/#author","url":"https:\/\/wia.net.pl\/index.php\/author\/trinity\/","name":"trinity","image":{"@type":"ImageObject","@id":"https:\/\/wia.net.pl\/index.php\/2023\/12\/03\/karol-iii-zada-5-bilionow-rocznie-na-walke-z-klimatem\/#authorImage","url":"https:\/\/wia.net.pl\/wp-content\/uploads\/avatar-privacy\/cache\/user\/5\/f\/5f6547cf82495eaa10e100a6a45d5dbde2dfdc1be88557de2018fca705bdf6f1-96.jpg","width":96,"height":96,"caption":"trinity"}},{"@type":"WebPage","@id":"https:\/\/wia.net.pl\/index.php\/2023\/12\/03\/karol-iii-zada-5-bilionow-rocznie-na-walke-z-klimatem\/#webpage","url":"https:\/\/wia.net.pl\/index.php\/2023\/12\/03\/karol-iii-zada-5-bilionow-rocznie-na-walke-z-klimatem\/","name":"Karol III \u017c\u0105da 5 bilion\u00f3w $ rocznie na walk\u0119 z klimatem - Wolno\u015b\u0107 i Anarchia","description":"Charles \u201eThe Great Reset\u201d King \u017c\u0105da 5 bilion\u00f3w dolar\u00f3w rocznie na walk\u0119 ze zmianami klimatycznymi AUTOR: RHODA WILSON2 GRUDNIA 2023 R Wczoraj kr\u00f3l Karol III wyg\u0142osi\u0142 przem\u00f3wienie podczas ceremonii otwarcia COP28. Powiedzia\u0142, \u017ce \u201eoni\u201d potrzebowali od 4,5 do 5 bilion\u00f3w dolar\u00f3w rocznie, aby przyspieszy\u0107 transformacj\u0119 niezb\u0119dn\u0105 ze wzgl\u0119du na \u201ezmiany klimatyczne\u201d. Konferencja Narod\u00f3w Zjednoczonych (\u201eONZ\u201d) w sprawie zmiany","inLanguage":"pl-PL","isPartOf":{"@id":"https:\/\/wia.net.pl\/#website"},"breadcrumb":{"@id":"https:\/\/wia.net.pl\/index.php\/2023\/12\/03\/karol-iii-zada-5-bilionow-rocznie-na-walke-z-klimatem\/#breadcrumblist"},"author":{"@id":"https:\/\/wia.net.pl\/index.php\/author\/trinity\/#author"},"creator":{"@id":"https:\/\/wia.net.pl\/index.php\/author\/trinity\/#author"},"image":{"@type":"ImageObject","url":"https:\/\/wia.net.pl\/wp-content\/uploads\/2023\/12\/Karol-III-zada-5-bilionow-rocznie-na-walke-z-klimatem.jpg","@id":"https:\/\/wia.net.pl\/index.php\/2023\/12\/03\/karol-iii-zada-5-bilionow-rocznie-na-walke-z-klimatem\/#mainImage","width":1920,"height":1080},"primaryImageOfPage":{"@id":"https:\/\/wia.net.pl\/index.php\/2023\/12\/03\/karol-iii-zada-5-bilionow-rocznie-na-walke-z-klimatem\/#mainImage"},"datePublished":"2023-12-03T20:11:36+01:00","dateModified":"2023-12-03T20:11:37+01:00"},{"@type":"WebSite","@id":"https:\/\/wia.net.pl\/#website","url":"https:\/\/wia.net.pl\/","name":"Wolno\u015b\u0107 i Anarchia","description":"Ka\u017cdy wewn\u0119trznie jest anarchist\u0105.","inLanguage":"pl-PL","publisher":{"@id":"https:\/\/wia.net.pl\/#person"}}]},"og:locale":"pl_PL","og:site_name":"Wolno\u015b\u0107 i Anarchia - Ka\u017cdy wewn\u0119trznie jest anarchist\u0105.","og:type":"article","og:title":"Karol III \u017c\u0105da 5 bilion\u00f3w $ rocznie na walk\u0119 z klimatem - Wolno\u015b\u0107 i Anarchia","og:description":"Charles \u201eThe Great Reset\u201d King \u017c\u0105da 5 bilion\u00f3w dolar\u00f3w rocznie na walk\u0119 ze zmianami klimatycznymi AUTOR: RHODA WILSON2 GRUDNIA 2023 R Wczoraj kr\u00f3l Karol III wyg\u0142osi\u0142 przem\u00f3wienie podczas ceremonii otwarcia COP28. Powiedzia\u0142, \u017ce \u201eoni\u201d potrzebowali od 4,5 do 5 bilion\u00f3w dolar\u00f3w rocznie, aby przyspieszy\u0107 transformacj\u0119 niezb\u0119dn\u0105 ze wzgl\u0119du na \u201ezmiany klimatyczne\u201d. Konferencja Narod\u00f3w Zjednoczonych (\u201eONZ\u201d) w sprawie zmiany","og:url":"https:\/\/wia.net.pl\/index.php\/2023\/12\/03\/karol-iii-zada-5-bilionow-rocznie-na-walke-z-klimatem\/","og:image":"https:\/\/wia.net.pl\/wp-content\/uploads\/2023\/11\/cropped-freedom-i73367.jpg","og:image:secure_url":"https:\/\/wia.net.pl\/wp-content\/uploads\/2023\/11\/cropped-freedom-i73367.jpg","article:published_time":"2023-12-03T19:11:36+00:00","article:modified_time":"2023-12-03T19:11:37+00:00","twitter:card":"summary_large_image","twitter:title":"Karol III \u017c\u0105da 5 bilion\u00f3w $ rocznie na walk\u0119 z klimatem - Wolno\u015b\u0107 i Anarchia","twitter:description":"Charles \u201eThe Great Reset\u201d King \u017c\u0105da 5 bilion\u00f3w dolar\u00f3w rocznie na walk\u0119 ze zmianami klimatycznymi AUTOR: RHODA WILSON2 GRUDNIA 2023 R Wczoraj kr\u00f3l Karol III wyg\u0142osi\u0142 przem\u00f3wienie podczas ceremonii otwarcia COP28. Powiedzia\u0142, \u017ce \u201eoni\u201d potrzebowali od 4,5 do 5 bilion\u00f3w dolar\u00f3w rocznie, aby przyspieszy\u0107 transformacj\u0119 niezb\u0119dn\u0105 ze wzgl\u0119du na \u201ezmiany klimatyczne\u201d. Konferencja Narod\u00f3w Zjednoczonych (\u201eONZ\u201d) w sprawie zmiany","twitter:image":"https:\/\/wia.net.pl\/wp-content\/uploads\/2023\/11\/cropped-freedom-i73367.jpg"},"aioseo_meta_data":{"post_id":"5936","title":null,"description":null,"keywords":[],"keyphrases":{"focus":{"keyphrase":"","score":0,"analysis":{"keyphraseInTitle":{"score":0,"maxScore":9,"error":1}}},"additional":[]},"primary_term":null,"canonical_url":null,"og_title":null,"og_description":null,"og_object_type":"default","og_image_type":"default","og_image_url":null,"og_image_width":null,"og_image_height":null,"og_image_custom_url":null,"og_image_custom_fields":null,"og_video":"","og_custom_url":null,"og_article_section":null,"og_article_tags":[],"twitter_use_og":false,"twitter_card":"default","twitter_image_type":"default","twitter_image_url":null,"twitter_image_custom_url":null,"twitter_image_custom_fields":null,"twitter_title":null,"twitter_description":null,"schema":{"blockGraphs":[],"customGraphs":[],"default":{"data":{"Article":[],"Course":[],"Dataset":[],"FAQPage":[],"Movie":[],"Person":[],"Product":[],"ProductReview":[],"Car":[],"Recipe":[],"Service":[],"SoftwareApplication":[],"WebPage":[]},"graphName":"BlogPosting","isEnabled":true},"graphs":[]},"schema_type":"default","schema_type_options":null,"pillar_content":false,"robots_default":true,"robots_noindex":false,"robots_noarchive":false,"robots_nosnippet":false,"robots_nofollow":false,"robots_noimageindex":false,"robots_noodp":false,"robots_notranslate":false,"robots_max_snippet":"-1","robots_max_videopreview":"-1","robots_max_imagepreview":"large","priority":null,"frequency":"default","local_seo":null,"breadcrumb_settings":null,"limit_modified_date":false,"ai":null,"created":"2023-12-03 19:11:37","updated":"2025-06-04 09:48:53","seo_analyzer_scan_date":null,"focus_keyword":null,"additional_keywords":null,"truseo_locale":null},"aioseo_breadcrumb":"<div class=\"aioseo-breadcrumbs\"><span class=\"aioseo-breadcrumb\">\n\t\t\t<a href=\"https:\/\/wia.net.pl\" title=\"Home\">Home<\/a>\n\t\t<\/span><span class=\"aioseo-breadcrumb-separator\">&raquo;<\/span><span class=\"aioseo-breadcrumb\">\n\t\t\t<a href=\"https:\/\/wia.net.pl\/index.php\/category\/artykuly\/\" title=\"Artyku\u0142y\">Artyku\u0142y<\/a>\n\t\t<\/span><span class=\"aioseo-breadcrumb-separator\">&raquo;<\/span><span class=\"aioseo-breadcrumb\">\n\t\t\tKarol III \u017c\u0105da 5 bilion\u00f3w $ rocznie na walk\u0119 z klimatem\n\t\t<\/span><\/div>","aioseo_breadcrumb_json":[{"label":"Home","link":"https:\/\/wia.net.pl"},{"label":"Artyku\u0142y","link":"https:\/\/wia.net.pl\/index.php\/category\/artykuly\/"},{"label":"Karol III \u017c\u0105da 5 bilion\u00f3w $ rocznie na walk\u0119 z klimatem","link":"https:\/\/wia.net.pl\/index.php\/2023\/12\/03\/karol-iii-zada-5-bilionow-rocznie-na-walke-z-klimatem\/"}],"_links":{"self":[{"href":"https:\/\/wia.net.pl\/index.php\/wp-json\/wp\/v2\/posts\/5936"}],"collection":[{"href":"https:\/\/wia.net.pl\/index.php\/wp-json\/wp\/v2\/posts"}],"about":[{"href":"https:\/\/wia.net.pl\/index.php\/wp-json\/wp\/v2\/types\/post"}],"author":[{"embeddable":true,"href":"https:\/\/wia.net.pl\/index.php\/wp-json\/wp\/v2\/users\/2"}],"replies":[{"embeddable":true,"href":"https:\/\/wia.net.pl\/index.php\/wp-json\/wp\/v2\/comments?post=5936"}],"version-history":[{"count":1,"href":"https:\/\/wia.net.pl\/index.php\/wp-json\/wp\/v2\/posts\/5936\/revisions"}],"predecessor-version":[{"id":5938,"href":"https:\/\/wia.net.pl\/index.php\/wp-json\/wp\/v2\/posts\/5936\/revisions\/5938"}],"wp:featuredmedia":[{"embeddable":true,"href":"https:\/\/wia.net.pl\/index.php\/wp-json\/wp\/v2\/media\/5937"}],"wp:attachment":[{"href":"https:\/\/wia.net.pl\/index.php\/wp-json\/wp\/v2\/media?parent=5936"}],"wp:term":[{"taxonomy":"category","embeddable":true,"href":"https:\/\/wia.net.pl\/index.php\/wp-json\/wp\/v2\/categories?post=5936"},{"taxonomy":"post_tag","embeddable":true,"href":"https:\/\/wia.net.pl\/index.php\/wp-json\/wp\/v2\/tags?post=5936"}],"curies":[{"name":"wp","href":"https:\/\/api.w.org\/{rel}","templated":true}]}}