{"id":5957,"date":"2023-12-05T11:56:58","date_gmt":"2023-12-05T10:56:58","guid":{"rendered":"https:\/\/wia.net.pl\/?p=5957"},"modified":"2023-12-22T02:26:33","modified_gmt":"2023-12-22T01:26:33","slug":"the-wizard-factory-mark-passio-ludzka-natura","status":"publish","type":"post","link":"https:\/\/wia.net.pl\/index.php\/2023\/12\/05\/the-wizard-factory-mark-passio-ludzka-natura\/","title":{"rendered":"The Wizard Factory &amp; Mark Passio &#8211; Ludzka natura"},"content":{"rendered":"\n<p>Mark udzieli\u0142 wywiadu Loganowi Hartowi i Bryanowi Easterdayowi w programie The Wizard Factory 18 lutego 2023 roku. G\u0142\u00f3wnym tematem dyskusji by\u0142a ludzka natura &#8211; czym JEST, a czym NIE JEST.<br><\/p>\n\n\n\n<p>Jaka jest natura istot ludzkich? Czy co\u015b takiego w og\u00f3le istnieje? A co z woln\u0105 wol\u0105? Czy nasz\u0105 natur\u0119 mo\u017cna zmieni\u0107? Wraz z filozoficznym tytanem Markiem Passio zag\u0142\u0119bili\u015bmy si\u0119 w ten g\u0142\u0119boki i zawsze wa\u017cny temat, a tak\u017ce wiele wi\u0119cej<\/p>\n\n\n\n<p>\u0179r\u00f3d\u0142o: <a href=\"https:\/\/rumble.com\/v2bi5lm-mark-passio-interviewed-on-the-wizard-factory.html\">https:\/\/rumble.com\/v2bi5lm-mark-passio-interviewed-on-the-wizard-factory.html<\/a><\/p>\n\n\n<p><iframe loading=\"lazy\" id=\"odysee-iframe\" width=\"560\" height=\"315\" src=\"https:\/\/odysee.com\/$\/embed\/@wolnoscanarchia:d\/The-Wizard-Factory---Mark-Passio---Ludzka-natura:3?r=KqtnN3u2RSe5GxY7Tos527f1XGfjXD4u\" allowfullscreen><\/iframe><\/p>\n<div class=\"remoji_bar\"><div class=\"remoji_add_container\" data-remoji-id=\"5957\" data-remoji-type=\"post\"><div class=\"remoji_add_icon\"><\/div><\/div><div class=\"remoji_error_bar\" data-remoji-id=\"5957\" data-remoji-type=\"post\" style=\"display: none;\">Error happened.<\/div><\/div>","protected":false},"excerpt":{"rendered":"<p>Mark udzieli\u0142 wywiadu Loganowi Hartowi i Bryanowi Easterdayowi w programie The Wizard Factory 18 lutego 2023 roku. G\u0142\u00f3wnym tematem dyskusji by\u0142a ludzka natura &#8211; czym JEST, a czym NIE JEST. Jaka jest natura istot ludzkich? Czy co\u015b takiego w og\u00f3le&#8230; <\/p>\n","protected":false},"author":3,"featured_media":5958,"comment_status":"open","ping_status":"open","sticky":false,"template":"","format":"standard","meta":{"_acf_changed":false,"_bbp_topic_count":0,"_bbp_reply_count":0,"_bbp_total_topic_count":0,"_bbp_total_reply_count":0,"_bbp_voice_count":0,"_bbp_anonymous_reply_count":0,"_bbp_topic_count_hidden":0,"_bbp_reply_count_hidden":0,"_bbp_forum_subforum_count":0,"om_disable_all_campaigns":false,"_monsterinsights_skip_tracking":false,"_monsterinsights_sitenote_active":false,"_monsterinsights_sitenote_note":"","_monsterinsights_sitenote_category":0,"footnotes":""},"categories":[16],"tags":[68,63,42,71,26,23,32,22,70,62],"class_list":["post-5957","post","type-post","status-publish","format-standard","has-post-thumbnail","hentry","category-prawonaturalne","tag-cesarstwo-rzymskie","tag-historia-ziemi","tag-illuminati","tag-kosciol-katolicki","tag-ludzkosc","tag-niewolnictwo","tag-rzad","tag-satanizm","tag-tajne-stowarzyszenia","tag-wszechswiat"],"acf":[],"aioseo_notices":[],"_links":{"self":[{"href":"https:\/\/wia.net.pl\/index.php\/wp-json\/wp\/v2\/posts\/5957"}],"collection":[{"href":"https:\/\/wia.net.pl\/index.php\/wp-json\/wp\/v2\/posts"}],"about":[{"href":"https:\/\/wia.net.pl\/index.php\/wp-json\/wp\/v2\/types\/post"}],"author":[{"embeddable":true,"href":"https:\/\/wia.net.pl\/index.php\/wp-json\/wp\/v2\/users\/3"}],"replies":[{"embeddable":true,"href":"https:\/\/wia.net.pl\/index.php\/wp-json\/wp\/v2\/comments?post=5957"}],"version-history":[{"count":1,"href":"https:\/\/wia.net.pl\/index.php\/wp-json\/wp\/v2\/posts\/5957\/revisions"}],"predecessor-version":[{"id":5959,"href":"https:\/\/wia.net.pl\/index.php\/wp-json\/wp\/v2\/posts\/5957\/revisions\/5959"}],"wp:featuredmedia":[{"embeddable":true,"href":"https:\/\/wia.net.pl\/index.php\/wp-json\/wp\/v2\/media\/5958"}],"wp:attachment":[{"href":"https:\/\/wia.net.pl\/index.php\/wp-json\/wp\/v2\/media?parent=5957"}],"wp:term":[{"taxonomy":"category","embeddable":true,"href":"https:\/\/wia.net.pl\/index.php\/wp-json\/wp\/v2\/categories?post=5957"},{"taxonomy":"post_tag","embeddable":true,"href":"https:\/\/wia.net.pl\/index.php\/wp-json\/wp\/v2\/tags?post=5957"}],"curies":[{"name":"wp","href":"https:\/\/api.w.org\/{rel}","templated":true}]}}