{"id":5960,"date":"2023-12-05T20:00:56","date_gmt":"2023-12-05T19:00:56","guid":{"rendered":"https:\/\/wia.net.pl\/?p=5960"},"modified":"2023-12-05T20:00:56","modified_gmt":"2023-12-05T19:00:56","slug":"wiadomosc-od-afrykanskiego-drobnego-rolnika-do-cop28","status":"publish","type":"post","link":"https:\/\/wia.net.pl\/index.php\/2023\/12\/05\/wiadomosc-od-afrykanskiego-drobnego-rolnika-do-cop28\/","title":{"rendered":"Wiadomo\u015b\u0107 od afryka\u0144skiego drobnego rolnika do COP28"},"content":{"rendered":"\n<p>Wiadomo\u015b\u0107 od afryka\u0144skiego drobnego rolnika do przedstawicieli kraj\u00f3w b\u0119d\u0105cych na konferencji COP28 w Zjednoczonych Emiratach Arabskich: \u201eAfryka potrzebuje paliw kopalnych\u201d<\/p>\n\n\n\n<p>AUTOR:\u00a0RHODA\u00a0<a href=\"https:\/\/expose-news.com\/author\/rhoda-wilson\/\">WILSON<\/a><\/p>\n\n\n\n<p>The Expos\u00e9<br><\/p>\n\n\n<p><iframe loading=\"lazy\" id=\"odysee-iframe\" width=\"560\" height=\"315\" src=\"https:\/\/odysee.com\/$\/embed\/@wolnoscanarchia:d\/ROLNIK-AFRYKA-FINAL-FINAL:e?r=KqtnN3u2RSe5GxY7Tos527f1XGfjXD4u\" allowfullscreen><\/iframe><\/p>\n\n\n\n<p><strong>COP28 stwierdza, \u017ce \u200b\u200b\u201ejednoczy \u015bwiat, aby si\u0119 zjednoczy\u0107, dzia\u0142a\u0107 i dostarcza\u0107\u201d.&nbsp;Nie jest to prawd\u0105, zdaniem pewnego drobnego rolnika z Kenii, kt\u00f3ry nie zgadza si\u0119 z przej\u015bciem Afryki na \u201eenergi\u0119 odnawialn\u0105\u201d.<\/strong><\/p>\n\n\n\n<p><strong>\u201eDo was, zachodnich rz\u0105d\u00f3w i organizacji ekologicznych, kt\u00f3re nam g\u0142osicie \u2013 zmiany klimatyczne nie s\u0105 problemem w Afryce\u201d \u2013 powiedzia\u0142.\u00a0\u201eAfryka potrzebuje paliw kopalnych\u201d.<\/strong><\/p>\n\n\n\n<p>COP28 odbywa si\u0119 w Dubaju w Zjednoczonych Emiratach Arabskich (\u201eZEA\u201d) w dniach od 30 listopada do 12 grudnia 2023 r.&nbsp;<a href=\"https:\/\/www.cop28.com\/en\/news-and-media\">Wed\u0142ug strony internetowej<\/a>&nbsp;jednym z najwa\u017cniejszych wydarze\u0144 COP28 jest&nbsp;<a href=\"https:\/\/www.cop28.com\/en\/news\/2023\/12\/Kenyas-President-Ruto-convenes-African-Leaders\">zwo\u0142anie przez prezydenta Kenii Ruto przyw\u00f3dc\u00f3w afryka\u0144skich w celu przyspieszenia realizacji afryka\u0144skiej inicjatywy na rzecz zielonej industrializacji<\/a>&nbsp;, wykorzystuj\u0105cej w sprawie ruroci\u0105gu czystej energii prowadzonego przez Zjednoczone Emiraty Arabskie w Afryce.<\/p>\n\n\n\n<p>Na szczycie Prezydent COP28, dr Sultan Al Jaber ,&nbsp;<a href=\"https:\/\/www.cop28.com\/en\/news\/2023\/12\/COP28-Presidency-launches-landmark-initiatives-accelerating-the-energy-transition\">uruchomi\u0142 Globalny Akcelerator Dekarbonizacji<\/a>&nbsp;(\u201eGDA\u201d), seri\u0119 inicjatyw maj\u0105cych na celu \u201eprzyspieszenie transformacji energetycznej i radykalne ograniczenie globalnych emisji\u201d.<\/p>\n\n\n\n<p>W ramach GDA 50 przedsi\u0119biorstw reprezentuj\u0105cych ponad 40 procent \u015bwiatowej produkcji ropy naftowej podpisa\u0142o Kart\u0119 Dekarbonizacji Ropy i Gazu (\u201eOGDC\u201d), zobowi\u0105zuj\u0105c si\u0119 do zerowej emisji metanu i zaprzestania rutynowego spalania na pochodniach do 2030 r. oraz do ca\u0142kowitego zerowego zu\u017cycia netto dzia\u0142ania najp\u00f3\u017aniej do 2050 r.&nbsp;Ponad 29 krajowych koncern\u00f3w naftowych (\u201eNOC\u201d) zobowi\u0105za\u0142o si\u0119 do przestrzegania Karty \u2013 jest to najwi\u0119ksza w historii liczba NOC, kt\u00f3ra podpisa\u0142a zobowi\u0105zanie dotycz\u0105ce dekarbonizacji.&nbsp;Jak stwierdza strona internetowa COP28, OGDC stanowi wa\u017cny krok w kierunku intensyfikacji dzia\u0142a\u0144 bran\u017cy zgodnych z celami Porozumienia paryskiego.<\/p>\n\n\n\n<p>Sygnatariusze Karty zgadzaj\u0105 si\u0119 ukierunkowa\u0107 szereg kluczowych dzia\u0142a\u0144, w tym inwestowanie w system energetyczny przysz\u0142o\u015bci, obejmuj\u0105cy odnawialne \u017ar\u00f3d\u0142a energii, paliwa niskoemisyjne i technologie o ujemnych emisjach.<\/p>\n\n\n\n<p>Poni\u017cej znajduje si\u0119 wiadomo\u015b\u0107 wideo od Juspera Machogu, drobnego rolnika z obszar\u00f3w wiejskich Kisii w Kenii, na&nbsp;<a href=\"https:\/\/www.cop28.com\/\">\u015awiatowy Szczyt Dzia\u0142a\u0144 Klimatycznych Organizacji Narod\u00f3w Zjednoczonych (\u201eCOP28\u2033), kt\u00f3ry<\/a>&nbsp;odbywa si\u0119 obecnie w Dubaju w Zjednoczonych Emiratach Arabskich.<\/p>\n\n\n\n<h3 class=\"wp-block-heading\"><strong>Transkrypcja<\/strong><\/h3>\n\n\n\n<p>Nazywam si\u0119 Jusper Machogu, drobny rolnik i in\u017cynier rolnictwa z Kenii i mam wiadomo\u015b\u0107 dla COP28, spotkania ONZ COP28, kt\u00f3re odb\u0119dzie si\u0119 w Arabii Saudyjskiej [Machogu&nbsp;<a href=\"https:\/\/twitter.com\/JusperMachogu\/status\/1729891393059836138\">pope\u0142ni\u0142 b\u0142\u0105d i chcia\u0142 powiedzie\u0107 \u201eZjednoczone Emiraty Arabskie<\/a>&nbsp;\u201d.&nbsp;<\/p>\n\n\n\n<p>Moje przes\u0142anie jest nast\u0119puj\u0105ce: Afryka potrzebuje paliw kopalnych.<\/p>\n\n\n\n<p>Potrzebujemy paliw kopalnych, aby poprawi\u0107 jako\u015b\u0107 naszego \u017cycia.&nbsp;Do rozwoju gospodarczego potrzebujemy paliw kopalnych.&nbsp;<\/p>\n\n\n\n<p>Wy g\u0142osicie nam \u2013 zachodnie rz\u0105dy i organizacje ekologiczne, g\u0142osicie nam o zmianach klimatycznych, zmiany klimatyczne nie s\u0105 du\u017cym problemem dla Afrykan\u00f3w.<\/p>\n\n\n\n<p>Mamy du\u017co wi\u0119ksze problemy.&nbsp;U nas ludzie \u015bpi\u0105 g\u0142odni.&nbsp;Mamy ludzi bardzo biednych.&nbsp;Mamy ludzi bez pr\u0105du.&nbsp;Mamy ludzi, kt\u00f3rzy nie maj\u0105 dost\u0119pu do czystej wody.&nbsp;To s\u0105 nasze du\u017ce problemy.<\/p>\n\n\n\n<p>Mamy ludzi gotuj\u0105cych na drewnie opa\u0142owym, a ty m\u00f3wisz nam, \u017ce powinni\u015bmy dba\u0107 o \u015brodowisko i zmiany klimatyczne.&nbsp;W og\u00f3le jakie zmiany klimatyczne?<\/p>\n\n\n\n<p>Zatem moje przes\u0142anie do tych przyw\u00f3dc\u00f3w, do przyw\u00f3dc\u00f3w afryka\u0144skich, brzmi: nie dajcie si\u0119 przekupi\u0107, st\u00f3jcie niewzruszenie.&nbsp;Nawet nie bierz udzia\u0142u w spotkaniu COP28.&nbsp;Ci ludzie, kt\u00f3rzy chc\u0105 podejmowa\u0107 za nas decyzje i prowadzi\u0107 dla nas polityk\u0119, niech sami j\u0105 ustalaj\u0105.&nbsp;Ale w imi\u0119 zmian klimatycznych powiemy \u201enie\u201d neokolonializmowi.&nbsp;Wszystkim nam powinno zale\u017ce\u0107 na rozkwicie ludzko\u015bci;&nbsp;Afrykanie si\u0119 rozwijaj\u0105.&nbsp;<\/p>\n\n\n\n<p>I to jest moje przes\u0142anie.<\/p>\n\n\n\n<h3 class=\"wp-block-heading\"><strong>Wiadomo\u015b\u0107 od drobnego rolnika z obszar\u00f3w wiejskich Kisii w Kenii do COP28 ONZ w Zjednoczonych Emiratach Arabskich<\/strong><\/h3>\n\n\n\n<p><em>Po swoim filmie Machogu umie\u015bci\u0142 w\u0105tek na Twitterze, kt\u00f3ry skopiowali\u015bmy poni\u017cej, z kilkoma drobnymi zmianami i dodatkowymi hiper\u0142\u0105czami dla przejrzysto\u015bci.&nbsp;Jego w\u0105tek mo\u017cna przeczyta\u0107 na Twitterze&nbsp;<a href=\"https:\/\/twitter.com\/JusperMachogu\/status\/1729866152183300115\">TUTAJ<\/a>&nbsp;lub w aplikacji Threadreader&nbsp;<a href=\"https:\/\/threadreaderapp.com\/thread\/1729866152183300115.html\">TUTAJ<\/a>&nbsp;.<\/em><\/p>\n\n\n\n<p>Dlaczego Afryka potrzebuje paliw kopalnych?<\/p>\n\n\n\n<p>Przemys\u0142 energetyczny nap\u0119dza ka\u017cd\u0105 inn\u0105 bran\u017c\u0119.&nbsp;Poniewa\u017c chcemy si\u0119 rozwija\u0107, chcemy zast\u0105pi\u0107 ~90% energii SS Africa pochodz\u0105cej ze spalania drewna opa\u0142owego i resztek po\u017cniwnych.&nbsp;Ale przede wszystkim dlatego, \u017ce chcemy si\u0119 wy\u017cywi\u0107, pokona\u0107 g\u0142\u00f3d i mie\u0107 cztery filary wsp\u00f3\u0142czesnej cywilizacji \u2013 cement, stal, tworzywa sztuczne i nawozy syntetyczne \u2013 a wszystko to dost\u0119pne dzi\u0119ki paliwam kopalnym (\u201eFF\u201d).<\/p>\n\n\n\n<p>Afryka, w kt\u00f3rej zamieszkuje 17% ludno\u015bci \u015bwiata, zu\u017cywa 5% \u015bwiatowej produkcji nawoz\u00f3w syntetycznych.<\/p>\n\n\n\n<figure class=\"wp-block-image\"><img decoding=\"async\" src=\"https:\/\/i0.wp.com\/expose-news.com\/wp-content\/uploads\/2023\/12\/Image4b.jpg?resize=639%2C848&amp;ssl=1\" alt=\"\" class=\"wp-image-302297\"\/><\/figure>\n\n\n\n<figure class=\"wp-block-image\"><img decoding=\"async\" src=\"https:\/\/i0.wp.com\/expose-news.com\/wp-content\/uploads\/2023\/12\/Image4a.jpg?resize=639%2C848&amp;ssl=1\" alt=\"\" class=\"wp-image-302296\"\/><\/figure>\n\n\n\n<figure class=\"wp-block-image\"><img decoding=\"async\" src=\"https:\/\/i0.wp.com\/expose-news.com\/wp-content\/uploads\/2023\/12\/Image4b.jpg?resize=639%2C848&amp;ssl=1\" alt=\"\" class=\"wp-image-302297\"\/><\/figure>\n\n\n\n<figure class=\"wp-block-image\"><img decoding=\"async\" src=\"https:\/\/i0.wp.com\/expose-news.com\/wp-content\/uploads\/2023\/12\/Image4a.jpg?resize=639%2C848&amp;ssl=1\" alt=\"\" class=\"wp-image-302296\"\/><\/figure>\n\n\n\n<ul class=\"wp-block-list\" id=\"swiper-wrapper-1dcb2774723c11eb\"><\/ul>\n\n\n\n<p>Dlaczego m\u00f3wi\u0119, \u017ce potrzebujemy wi\u0119cej nawozu w Afryce dla mojego ludu?<\/p>\n\n\n\n<p>\u015arednie zu\u017cycie syntetycznych nawoz\u00f3w azotowych na hektar w kilogramach:<\/p>\n\n\n\n<ul class=\"wp-block-list\">\n<li>Afrykanin 20<\/li>\n\n\n\n<li>USA 120<\/li>\n\n\n\n<li>UE 150<\/li>\n\n\n\n<li>Indie 250<\/li>\n\n\n\n<li>Chiny do 350!<\/li>\n<\/ul>\n\n\n\n<p>Wi\u0119cej nawoz\u00f3w i maszyn rolniczych to spos\u00f3b, w jaki Chiny karmi\u0105 swoich obywateli!<\/p>\n\n\n\n<figure class=\"wp-block-image\"><img decoding=\"async\" src=\"https:\/\/i0.wp.com\/expose-news.com\/wp-content\/uploads\/2023\/12\/image-20.png?resize=639%2C451&amp;ssl=1\" alt=\"\" class=\"wp-image-302298\"\/><figcaption class=\"wp-element-caption\">\u0179r\u00f3d\u0142o:&nbsp;<a href=\"https:\/\/ourworldindata.org\/grapher\/fertilizer-consumption-usda\">Nasz \u015bwiat w danych<\/a><\/figcaption><\/figure>\n\n\n\n<p>Kraje propaguj\u0105ce energi\u0119 s\u0142oneczn\u0105 i wiatrow\u0105 wykorzystywa\u0142y i nadal wykorzystuj\u0105 mn\u00f3stwo paliw kopalnych do zasilania swojej cywilizacji.&nbsp;A tak przy okazji, wmawiaj\u0105 nam energi\u0119 s\u0142oneczn\u0105 i wiatrow\u0105, kradn\u0105c jednocze\u015bnie nasze paliwa kopalne.<\/p>\n\n\n\n<figure class=\"wp-block-image\"><img decoding=\"async\" src=\"https:\/\/i0.wp.com\/expose-news.com\/wp-content\/uploads\/2023\/12\/image-21.png?resize=639%2C849&amp;ssl=1\" alt=\"\" class=\"wp-image-302301\"\/><\/figure>\n\n\n\n<p>Ale s\u0142o\u0144ce i wiatr to tylko pr\u0105d.&nbsp;Afryka zu\u017cywa 4% \u015bwiatowej produkcji energii elektrycznej.<\/p>\n\n\n\n<p>Moja sze\u015bcioosobowa rodzina zu\u017cywa 200 kWh rocznie.&nbsp;To mniej ni\u017c typowa ameryka\u0144ska lod\u00f3wka, kt\u00f3ra zu\u017cywa 500 kWh rocznie!&nbsp;I to zdecydowanie mniej w por\u00f3wnaniu z Amerykaninem, kt\u00f3ry zu\u017cywa 13 000 kWh rocznie!<\/p>\n\n\n\n<figure class=\"wp-block-image\"><img decoding=\"async\" src=\"https:\/\/i0.wp.com\/expose-news.com\/wp-content\/uploads\/2023\/12\/image-22.png?resize=639%2C849&amp;ssl=1\" alt=\"\" class=\"wp-image-302303\"\/><\/figure>\n\n\n\n<p>Poniewa\u017c jeste\u015bmy biedni.&nbsp;Nie mamy zmywarek, lod\u00f3wek, pralni, kuchenek mikrofalowych itp. Pr\u0105d wykorzystujemy g\u0142\u00f3wnie do o\u015bwietlenia i \u0142adowania telefon\u00f3w!&nbsp;Zatem energia s\u0142oneczna i wiatrowa nie s\u0105 rozwi\u0105zaniem, ONZ!<\/p>\n\n\n\n<p>Kiedy tego nie robi\u0105 (mam na my\u015bli zachodnie rz\u0105dy i antyhumanistyczne organizacje ekologiczne), s\u0105 zaj\u0119ci przekupywaniem naszych przyw\u00f3dc\u00f3w, aby mieli nasze paliwa kopalne!&nbsp;Lub p\u0142acenie m\u0142odym aktywistom za zatrzymanie rozwoju paliw kopalnych w Afryce \u2013 takich jak&nbsp;<a href=\"https:\/\/eacop.com\/overview\/\">ruroci\u0105g naftowy w Afryce Wschodniej<\/a>&nbsp;(\u201eEACOP\u201d) \u2013 w zamian za pieni\u0105dze, pi\u0119ciogwiazdkowe hotele i loty biznesowe.<\/p>\n\n\n\n<figure class=\"wp-block-image\"><img decoding=\"async\" src=\"https:\/\/i0.wp.com\/expose-news.com\/wp-content\/uploads\/2023\/12\/image-23.png?resize=639%2C849&amp;ssl=1\" alt=\"\" class=\"wp-image-302305\"\/><\/figure>\n\n\n\n<p>Maszyny wzmacniaj\u0105 i rozszerzaj\u0105 nasze mo\u017cliwo\u015bci, a mojej mamie przyda\u0142yby si\u0119 niekt\u00f3re.&nbsp;W USA maszyny skr\u00f3ci\u0142y czas potrzebny cz\u0142owiekowi na wyprodukowanie kilograma pszenicy z 10 minut do 2 sekund w ci\u0105gu oko\u0142o 100 lat.&nbsp;Maszyny rolnicze nie b\u0119d\u0105 zasilane sporadycznie rozproszonym wiatrem i energi\u0105 s\u0142oneczn\u0105.&nbsp;Bo maszyny elektryczne, podobnie jak pojazdy elektryczne (\u201eEV\u201d), to marzenie!<\/p>\n\n\n\n<p>Pomagaj\u0105 zniewoli\u0107 moich ludzi w Kongo, gdzie 40 000 dzieci pracuje jako rzemie\u015blnicy w g\u00f3rnictwie \u2013 wed\u0142ug prognoz do 2035 r. liczba ta wzro\u015bnie do 800 000, poniewa\u017c popyt na czerwony kobalt wzro\u015bnie 20-krotnie, aby jaki\u015b bogaty mieszkaniec Zachodu czu\u0142 si\u0119 dobrze w swoim samochodzie elektrycznym!<\/p>\n\n\n\n<figure class=\"wp-block-image\"><img decoding=\"async\" src=\"https:\/\/i0.wp.com\/expose-news.com\/wp-content\/uploads\/2023\/12\/image-24.png?resize=639%2C849&amp;ssl=1\" alt=\"\" class=\"wp-image-302307\"\/><\/figure>\n\n\n\n<p>Pomagaj\u0105 antyhumanistycznym organizacjom pozarz\u0105dowym i nienawidz\u0105cej Afryki ONZ (kt\u00f3ra jaki\u015b czas temu napisa\u0142a artyku\u0142 na temat \u201eKorzy\u015bci z g\u0142odu na \u015bwiecie\u201d [&nbsp;<a href=\"https:\/\/fee.org\/articles\/un-deletes-article-titled-the-benefits-of-world-hunger-was-it-real-or-satire\/\">ONZ usun\u0119\u0142a ten artyku\u0142<\/a>&nbsp;]), aby utrzyma\u0107 nas w biedzie \u2013 wyludnienie!<\/p>\n\n\n\n<p>Za du\u017co nas, za du\u017co ich!&nbsp;Organizacje doj\u0105 ludzi o dobrych sercach w celu uzyskania funduszy pomocowych, a ONZ utrzymuje Afrykan\u00f3w w biedzie.<\/p>\n\n\n\n<figure class=\"wp-block-image\"><img decoding=\"async\" src=\"https:\/\/i0.wp.com\/expose-news.com\/wp-content\/uploads\/2023\/12\/image-25.png?resize=639%2C426&amp;ssl=1\" alt=\"\" class=\"wp-image-302309\"\/><\/figure>\n\n\n\n<p>Neokolonialna ONZ ukrywa si\u0119 teraz za zmianami klimatycznymi.&nbsp;Naciska tak\u017ce MFW i Bank \u015awiatowy na Afrykan\u00f3w, aby zapewnili zerowy rozw\u00f3j paliw kopalnych (chyba \u017ce dotyczy to kraj\u00f3w zachodnich), ograniczone zu\u017cycie nawoz\u00f3w i wysokie ceny paliwa, a tak\u017ce inne neokolonialne taktyki udoskonalone przez ONZ.<\/p>\n\n\n\n<figure class=\"wp-block-image\"><img decoding=\"async\" src=\"https:\/\/i0.wp.com\/expose-news.com\/wp-content\/uploads\/2023\/12\/image-26.png?resize=639%2C849&amp;ssl=1\" alt=\"\" class=\"wp-image-302311\"\/><\/figure>\n\n\n\n<p>Moje przes\u0142anie jest nast\u0119puj\u0105ce: Nie bierzmy udzia\u0142u w COP 28. A je\u015bli to zrobimy, g\u0142o\u015bmy, dlaczego potrzebujemy rozwoju gospodarczego poprzez dost\u0119p do wi\u0119kszej ilo\u015bci energii.&nbsp;Niezawodna energia z paliw kopalnych, kt\u00f3rej mamy pod dostatkiem.&nbsp;Nie potrzebujemy pomocy.&nbsp;Mamy rozwi\u0105zania.<\/p>\n\n\n\n<p>Wychowywali mnie rodzice, kt\u00f3rych \u015brodki do \u017cycia utrzymywa\u0142y si\u0119 wy\u0142\u0105cznie z drobnego rolnictwa.&nbsp;Przez ca\u0142e \u017cycie pracowa\u0142em na naszych ma\u0142ych farmach.&nbsp;Jest to norma dla 99% mieszka\u0144c\u00f3w mojej spo\u0142eczno\u015bci i ponad 70% Kenijczyk\u00f3w.<\/p>\n\n\n\n<figure class=\"wp-block-image\"><img decoding=\"async\" src=\"https:\/\/i0.wp.com\/expose-news.com\/wp-content\/uploads\/2023\/12\/image-27.png?resize=639%2C849&amp;ssl=1\" alt=\"\" class=\"wp-image-302313\"\/><\/figure>\n\n\n\n<p>Mam zr\u00f3wnowa\u017cony program sta\u017cowy dla ONZ, r\u00f3\u017cnych organizacji pozarz\u0105dowych i personelu zajmuj\u0105cego si\u0119 ochron\u0105 \u015brodowiska (je\u015bli mnie nie zablokowali) oraz os\u00f3b, kt\u00f3re chcia\u0142yby spr\u00f3bowa\u0107 \u017cycia na wsi \u2013 mo\u017cesz to sprawdzi\u0107 na moim [Twitterze poni\u017cej].<\/p>\n\n\n\n<p>Paliwa kopalne dla Afryki!<\/p>\n\n\n\n<p>Pami\u0119taj, aby [odwiedzi\u0107] m\u00f3j Substack i dowiedzie\u0107 si\u0119 tam o mnie wi\u0119cej.&nbsp;[Sp\u00f3jrz&nbsp;<a href=\"https:\/\/juspermachogu.substack.com\/\">tutaj<\/a>&nbsp;.]<\/p>\n\n\n\n<p>Zr\u00f3wnowa\u017cony sta\u017c.&nbsp;[Sfrustrowany tym, \u017ce aktywi\u015bci i \u015bwiatowi przyw\u00f3dcy m\u00f3wi\u0105 krajom afryka\u0144skim, aby nie rozwija\u0142y si\u0119 w oparciu o w\u0119giel, rop\u0119 i gaz, rolnik z Kenii powiedzia\u0142&nbsp;<em>Cowboy State Daily<\/em>&nbsp;, \u017ce oferuje sta\u017c, aby edukowa\u0107 ludzi na temat \u017cycia bez paliw kopalnych.&nbsp;Wi\u0119cej przeczytasz&nbsp;<a href=\"https:\/\/cowboystatedaily.com\/2023\/07\/08\/kenyan-farmer-wants-to-give-activists-taste-of-what-agriculture-would-be-like-without-fossil-fuels\/\">TUTAJ<\/a>&nbsp;.]<\/p>\n\n\n\n<p>Wywiad, kt\u00f3ry przeprowadzi\u0142em z [filozofem i ekspertem ds. energii]&nbsp;<a href=\"https:\/\/twitter.com\/AlexEpstein\">Alexem Epsteinem<\/a>&nbsp;podczas&nbsp;<a href=\"https:\/\/centurionlg.com\/2023\/10\/19\/african-energy-week-2023-unveiling-africas-energy-resurgence\/\">Afryka\u0144skiego Tygodnia Energii<\/a>&nbsp;w zesz\u0142ym miesi\u0105cu.&nbsp;[Zobacz film poni\u017cej.]<\/p>\n\n\n\n<p>[W poni\u017cszym filmie Alex Epstein obala poj\u0119cie \u201esprawiedliwej transformacji\u201d i podkre\u015bla kluczowy wym\u00f3g obfito\u015bci energii na kontynencie afryka\u0144skim w przekonuj\u0105cej i merytorycznej rozmowie z kenijskim in\u017cynierem rolnictwa Jusperem Machogu.\u00a0Dyskusja dotyka kluczowych temat\u00f3w, takich jak potencja\u0142 Afryki, ograniczenia alternatywnych \u017ar\u00f3de\u0142 energii oraz znaczenie wykorzystania paliw kopalnych dla nap\u0119dzania post\u0119pu i dobrobytu w regionie.]<\/p>\n\n\n\n<p>\u0179r\u00f3d\u0142o filmu https:\/\/www.youtube.com\/watch?v=ByeDW5rliPY<\/p>\n\n\n\n<p>\u0179r\u00f3d\u0142o artyku\u0142u <a href=\"https:\/\/expose-news.com\/2023\/12\/04\/message-to-cop28-africa-needs-fossil-fuels\/\">https:\/\/expose-news.com\/2023\/12\/04\/message-to-cop28-africa-needs-fossil-fuels\/<\/a><\/p>\n","protected":false},"excerpt":{"rendered":"<p>Wiadomo\u015b\u0107 od afryka\u0144skiego drobnego rolnika do przedstawicieli kraj\u00f3w b\u0119d\u0105cych na konferencji COP28 w Zjednoczonych Emiratach Arabskich: \u201eAfryka potrzebuje paliw kopalnych\u201d AUTOR:\u00a0RHODA\u00a0WILSON The Expos\u00e9 COP28 stwierdza, \u017ce \u200b\u200b\u201ejednoczy \u015bwiat, aby si\u0119 zjednoczy\u0107, dzia\u0142a\u0107 i dostarcza\u0107\u201d.&nbsp;Nie jest to prawd\u0105, zdaniem pewnego drobnego&#8230; <\/p>\n","protected":false},"author":2,"featured_media":5965,"comment_status":"open","ping_status":"open","sticky":false,"template":"","format":"standard","meta":{"_acf_changed":false,"_bbp_topic_count":0,"_bbp_reply_count":0,"_bbp_total_topic_count":0,"_bbp_total_reply_count":0,"_bbp_voice_count":0,"_bbp_anonymous_reply_count":0,"_bbp_topic_count_hidden":0,"_bbp_reply_count_hidden":0,"_bbp_forum_subforum_count":0,"om_disable_all_campaigns":false,"_monsterinsights_skip_tracking":false,"footnotes":""},"categories":[14],"tags":[],"class_list":["post-5960","post","type-post","status-publish","format-standard","has-post-thumbnail","hentry","category-wiadomoscizeswiata"],"acf":[],"aioseo_notices":[],"aioseo_head":"\n\t\t<!-- All in One SEO 5.0.1.1 - aioseo.com -->\n\t<meta name=\"description\" content=\"Wiadomo\u015b\u0107 od afryka\u0144skiego drobnego rolnika do przedstawicieli kraj\u00f3w b\u0119d\u0105cych na konferencji COP28 w Zjednoczonych Emiratach Arabskich: \u201eAfryka potrzebuje paliw kopalnych\u201d AUTOR: RHODA WILSON The Expos\u00e9 COP28 stwierdza, \u017ce \u200b\u200b\u201ejednoczy \u015bwiat, aby si\u0119 zjednoczy\u0107, dzia\u0142a\u0107 i dostarcza\u0107\u201d. Nie jest to prawd\u0105, zdaniem pewnego drobnego rolnika z Kenii, kt\u00f3ry nie zgadza si\u0119 z przej\u015bciem Afryki na \u201eenergi\u0119 odnawialn\u0105\u201d. \u201eDo was,\" \/>\n\t<meta name=\"robots\" content=\"max-image-preview:large\" \/>\n\t<meta name=\"author\" content=\"trinity\"\/>\n\t<link rel=\"canonical\" href=\"https:\/\/wia.net.pl\/index.php\/2023\/12\/05\/wiadomosc-od-afrykanskiego-drobnego-rolnika-do-cop28\/\" \/>\n\t<meta name=\"generator\" content=\"All in One SEO (AIOSEO) 5.0.1.1\" \/>\n\t\t<meta property=\"og:locale\" content=\"pl_PL\" \/>\n\t\t<meta property=\"og:site_name\" content=\"Wolno\u015b\u0107 i Anarchia - Ka\u017cdy wewn\u0119trznie jest anarchist\u0105.\" \/>\n\t\t<meta property=\"og:type\" content=\"article\" \/>\n\t\t<meta property=\"og:title\" content=\"Wiadomo\u015b\u0107 od afryka\u0144skiego drobnego rolnika do COP28 - Wolno\u015b\u0107 i Anarchia\" \/>\n\t\t<meta property=\"og:description\" content=\"Wiadomo\u015b\u0107 od afryka\u0144skiego drobnego rolnika do przedstawicieli kraj\u00f3w b\u0119d\u0105cych na konferencji COP28 w Zjednoczonych Emiratach Arabskich: \u201eAfryka potrzebuje paliw kopalnych\u201d AUTOR: RHODA WILSON The Expos\u00e9 COP28 stwierdza, \u017ce \u200b\u200b\u201ejednoczy \u015bwiat, aby si\u0119 zjednoczy\u0107, dzia\u0142a\u0107 i dostarcza\u0107\u201d. Nie jest to prawd\u0105, zdaniem pewnego drobnego rolnika z Kenii, kt\u00f3ry nie zgadza si\u0119 z przej\u015bciem Afryki na \u201eenergi\u0119 odnawialn\u0105\u201d. \u201eDo was,\" \/>\n\t\t<meta property=\"og:url\" content=\"https:\/\/wia.net.pl\/index.php\/2023\/12\/05\/wiadomosc-od-afrykanskiego-drobnego-rolnika-do-cop28\/\" \/>\n\t\t<meta property=\"og:image\" content=\"https:\/\/wia.net.pl\/wp-content\/uploads\/2023\/11\/cropped-freedom-i73367.jpg\" \/>\n\t\t<meta property=\"og:image:secure_url\" content=\"https:\/\/wia.net.pl\/wp-content\/uploads\/2023\/11\/cropped-freedom-i73367.jpg\" \/>\n\t\t<meta property=\"article:published_time\" content=\"2023-12-05T19:00:56+00:00\" \/>\n\t\t<meta property=\"article:modified_time\" content=\"2023-12-05T19:00:56+00:00\" \/>\n\t\t<meta name=\"twitter:card\" content=\"summary_large_image\" \/>\n\t\t<meta name=\"twitter:title\" content=\"Wiadomo\u015b\u0107 od afryka\u0144skiego drobnego rolnika do COP28 - Wolno\u015b\u0107 i Anarchia\" \/>\n\t\t<meta name=\"twitter:description\" content=\"Wiadomo\u015b\u0107 od afryka\u0144skiego drobnego rolnika do przedstawicieli kraj\u00f3w b\u0119d\u0105cych na konferencji COP28 w Zjednoczonych Emiratach Arabskich: \u201eAfryka potrzebuje paliw kopalnych\u201d AUTOR: RHODA WILSON The Expos\u00e9 COP28 stwierdza, \u017ce \u200b\u200b\u201ejednoczy \u015bwiat, aby si\u0119 zjednoczy\u0107, dzia\u0142a\u0107 i dostarcza\u0107\u201d. Nie jest to prawd\u0105, zdaniem pewnego drobnego rolnika z Kenii, kt\u00f3ry nie zgadza si\u0119 z przej\u015bciem Afryki na \u201eenergi\u0119 odnawialn\u0105\u201d. \u201eDo was,\" \/>\n\t\t<meta name=\"twitter:image\" content=\"https:\/\/wia.net.pl\/wp-content\/uploads\/2023\/11\/cropped-freedom-i73367.jpg\" \/>\n\t\t<script type=\"application\/ld+json\" class=\"aioseo-schema\">\n\t\t\t{\"@context\":\"https:\\\/\\\/schema.org\",\"@graph\":[{\"@type\":\"BlogPosting\",\"@id\":\"https:\\\/\\\/wia.net.pl\\\/index.php\\\/2023\\\/12\\\/05\\\/wiadomosc-od-afrykanskiego-drobnego-rolnika-do-cop28\\\/#blogposting\",\"name\":\"Wiadomo\\u015b\\u0107 od afryka\\u0144skiego drobnego rolnika do COP28 - Wolno\\u015b\\u0107 i Anarchia\",\"headline\":\"Wiadomo\\u015b\\u0107 od afryka\\u0144skiego drobnego rolnika do COP28\",\"author\":{\"@id\":\"https:\\\/\\\/wia.net.pl\\\/index.php\\\/author\\\/trinity\\\/#author\"},\"publisher\":{\"@id\":\"https:\\\/\\\/wia.net.pl\\\/#person\"},\"image\":{\"@type\":\"ImageObject\",\"url\":\"https:\\\/\\\/wia.net.pl\\\/wp-content\\\/uploads\\\/2023\\\/12\\\/\\u201eAfryka-potrzebuje-paliw-kopalnych.jpg\",\"width\":1920,\"height\":1080},\"datePublished\":\"2023-12-05T20:00:56+01:00\",\"dateModified\":\"2023-12-05T20:00:56+01:00\",\"inLanguage\":\"pl-PL\",\"commentCount\":1,\"mainEntityOfPage\":{\"@id\":\"https:\\\/\\\/wia.net.pl\\\/index.php\\\/2023\\\/12\\\/05\\\/wiadomosc-od-afrykanskiego-drobnego-rolnika-do-cop28\\\/#webpage\"},\"isPartOf\":{\"@id\":\"https:\\\/\\\/wia.net.pl\\\/index.php\\\/2023\\\/12\\\/05\\\/wiadomosc-od-afrykanskiego-drobnego-rolnika-do-cop28\\\/#webpage\"},\"articleSection\":\"Wiadomo\\u015bci ze \\u015bwiata\"},{\"@type\":\"BreadcrumbList\",\"@id\":\"https:\\\/\\\/wia.net.pl\\\/index.php\\\/2023\\\/12\\\/05\\\/wiadomosc-od-afrykanskiego-drobnego-rolnika-do-cop28\\\/#breadcrumblist\",\"itemListElement\":[{\"@type\":\"ListItem\",\"@id\":\"https:\\\/\\\/wia.net.pl#listItem\",\"position\":1,\"name\":\"Home\",\"item\":\"https:\\\/\\\/wia.net.pl\",\"nextItem\":{\"@type\":\"ListItem\",\"@id\":\"https:\\\/\\\/wia.net.pl\\\/index.php\\\/category\\\/wiadomoscizeswiata\\\/#listItem\",\"name\":\"Wiadomo\\u015bci ze \\u015bwiata\"}},{\"@type\":\"ListItem\",\"@id\":\"https:\\\/\\\/wia.net.pl\\\/index.php\\\/category\\\/wiadomoscizeswiata\\\/#listItem\",\"position\":2,\"name\":\"Wiadomo\\u015bci ze \\u015bwiata\",\"item\":\"https:\\\/\\\/wia.net.pl\\\/index.php\\\/category\\\/wiadomoscizeswiata\\\/\",\"nextItem\":{\"@type\":\"ListItem\",\"@id\":\"https:\\\/\\\/wia.net.pl\\\/index.php\\\/2023\\\/12\\\/05\\\/wiadomosc-od-afrykanskiego-drobnego-rolnika-do-cop28\\\/#listItem\",\"name\":\"Wiadomo\\u015b\\u0107 od afryka\\u0144skiego drobnego rolnika do COP28\"},\"previousItem\":{\"@type\":\"ListItem\",\"@id\":\"https:\\\/\\\/wia.net.pl#listItem\",\"name\":\"Home\"}},{\"@type\":\"ListItem\",\"@id\":\"https:\\\/\\\/wia.net.pl\\\/index.php\\\/2023\\\/12\\\/05\\\/wiadomosc-od-afrykanskiego-drobnego-rolnika-do-cop28\\\/#listItem\",\"position\":3,\"name\":\"Wiadomo\\u015b\\u0107 od afryka\\u0144skiego drobnego rolnika do COP28\",\"previousItem\":{\"@type\":\"ListItem\",\"@id\":\"https:\\\/\\\/wia.net.pl\\\/index.php\\\/category\\\/wiadomoscizeswiata\\\/#listItem\",\"name\":\"Wiadomo\\u015bci ze \\u015bwiata\"}}]},{\"@type\":\"Person\",\"@id\":\"https:\\\/\\\/wia.net.pl\\\/#person\",\"name\":\"Bart\\u0142omiej Talarczyk\",\"image\":{\"@type\":\"ImageObject\",\"@id\":\"https:\\\/\\\/wia.net.pl\\\/index.php\\\/2023\\\/12\\\/05\\\/wiadomosc-od-afrykanskiego-drobnego-rolnika-do-cop28\\\/#personImage\",\"url\":\"https:\\\/\\\/wia.net.pl\\\/wp-content\\\/uploads\\\/avatar-privacy\\\/cache\\\/user\\\/1\\\/7\\\/176a6b161c58363ff49b5c167264231f519f5c7fa183ca1f61e891769b6b56d5-96.jpg\",\"width\":96,\"height\":96,\"caption\":\"Bart\\u0142omiej Talarczyk\"}},{\"@type\":\"Person\",\"@id\":\"https:\\\/\\\/wia.net.pl\\\/index.php\\\/author\\\/trinity\\\/#author\",\"url\":\"https:\\\/\\\/wia.net.pl\\\/index.php\\\/author\\\/trinity\\\/\",\"name\":\"trinity\",\"image\":{\"@type\":\"ImageObject\",\"@id\":\"https:\\\/\\\/wia.net.pl\\\/index.php\\\/2023\\\/12\\\/05\\\/wiadomosc-od-afrykanskiego-drobnego-rolnika-do-cop28\\\/#authorImage\",\"url\":\"https:\\\/\\\/wia.net.pl\\\/wp-content\\\/uploads\\\/avatar-privacy\\\/cache\\\/user\\\/5\\\/f\\\/5f6547cf82495eaa10e100a6a45d5dbde2dfdc1be88557de2018fca705bdf6f1-96.jpg\",\"width\":96,\"height\":96,\"caption\":\"trinity\"}},{\"@type\":\"WebPage\",\"@id\":\"https:\\\/\\\/wia.net.pl\\\/index.php\\\/2023\\\/12\\\/05\\\/wiadomosc-od-afrykanskiego-drobnego-rolnika-do-cop28\\\/#webpage\",\"url\":\"https:\\\/\\\/wia.net.pl\\\/index.php\\\/2023\\\/12\\\/05\\\/wiadomosc-od-afrykanskiego-drobnego-rolnika-do-cop28\\\/\",\"name\":\"Wiadomo\\u015b\\u0107 od afryka\\u0144skiego drobnego rolnika do COP28 - Wolno\\u015b\\u0107 i Anarchia\",\"description\":\"Wiadomo\\u015b\\u0107 od afryka\\u0144skiego drobnego rolnika do przedstawicieli kraj\\u00f3w b\\u0119d\\u0105cych na konferencji COP28 w Zjednoczonych Emiratach Arabskich: \\u201eAfryka potrzebuje paliw kopalnych\\u201d AUTOR: RHODA WILSON The Expos\\u00e9 COP28 stwierdza, \\u017ce \\u200b\\u200b\\u201ejednoczy \\u015bwiat, aby si\\u0119 zjednoczy\\u0107, dzia\\u0142a\\u0107 i dostarcza\\u0107\\u201d. Nie jest to prawd\\u0105, zdaniem pewnego drobnego rolnika z Kenii, kt\\u00f3ry nie zgadza si\\u0119 z przej\\u015bciem Afryki na \\u201eenergi\\u0119 odnawialn\\u0105\\u201d. \\u201eDo was,\",\"inLanguage\":\"pl-PL\",\"isPartOf\":{\"@id\":\"https:\\\/\\\/wia.net.pl\\\/#website\"},\"breadcrumb\":{\"@id\":\"https:\\\/\\\/wia.net.pl\\\/index.php\\\/2023\\\/12\\\/05\\\/wiadomosc-od-afrykanskiego-drobnego-rolnika-do-cop28\\\/#breadcrumblist\"},\"author\":{\"@id\":\"https:\\\/\\\/wia.net.pl\\\/index.php\\\/author\\\/trinity\\\/#author\"},\"creator\":{\"@id\":\"https:\\\/\\\/wia.net.pl\\\/index.php\\\/author\\\/trinity\\\/#author\"},\"image\":{\"@type\":\"ImageObject\",\"url\":\"https:\\\/\\\/wia.net.pl\\\/wp-content\\\/uploads\\\/2023\\\/12\\\/\\u201eAfryka-potrzebuje-paliw-kopalnych.jpg\",\"@id\":\"https:\\\/\\\/wia.net.pl\\\/index.php\\\/2023\\\/12\\\/05\\\/wiadomosc-od-afrykanskiego-drobnego-rolnika-do-cop28\\\/#mainImage\",\"width\":1920,\"height\":1080},\"primaryImageOfPage\":{\"@id\":\"https:\\\/\\\/wia.net.pl\\\/index.php\\\/2023\\\/12\\\/05\\\/wiadomosc-od-afrykanskiego-drobnego-rolnika-do-cop28\\\/#mainImage\"},\"datePublished\":\"2023-12-05T20:00:56+01:00\",\"dateModified\":\"2023-12-05T20:00:56+01:00\"},{\"@type\":\"WebSite\",\"@id\":\"https:\\\/\\\/wia.net.pl\\\/#website\",\"url\":\"https:\\\/\\\/wia.net.pl\\\/\",\"name\":\"Wolno\\u015b\\u0107 i Anarchia\",\"description\":\"Ka\\u017cdy wewn\\u0119trznie jest anarchist\\u0105.\",\"inLanguage\":\"pl-PL\",\"publisher\":{\"@id\":\"https:\\\/\\\/wia.net.pl\\\/#person\"}}]}\n\t\t<\/script>\n\t\t<!-- All in One SEO -->\n\n","aioseo_head_json":{"title":"Wiadomo\u015b\u0107 od afryka\u0144skiego drobnego rolnika do COP28 - Wolno\u015b\u0107 i Anarchia","description":"Wiadomo\u015b\u0107 od afryka\u0144skiego drobnego rolnika do przedstawicieli kraj\u00f3w b\u0119d\u0105cych na konferencji COP28 w Zjednoczonych Emiratach Arabskich: \u201eAfryka potrzebuje paliw kopalnych\u201d AUTOR: RHODA WILSON The Expos\u00e9 COP28 stwierdza, \u017ce \u200b\u200b\u201ejednoczy \u015bwiat, aby si\u0119 zjednoczy\u0107, dzia\u0142a\u0107 i dostarcza\u0107\u201d. Nie jest to prawd\u0105, zdaniem pewnego drobnego rolnika z Kenii, kt\u00f3ry nie zgadza si\u0119 z przej\u015bciem Afryki na \u201eenergi\u0119 odnawialn\u0105\u201d. \u201eDo was,","canonical_url":"https:\/\/wia.net.pl\/index.php\/2023\/12\/05\/wiadomosc-od-afrykanskiego-drobnego-rolnika-do-cop28\/","robots":"max-image-preview:large","keywords":"","webmasterTools":{"miscellaneous":""},"schema":{"@context":"https:\/\/schema.org","@graph":[{"@type":"BlogPosting","@id":"https:\/\/wia.net.pl\/index.php\/2023\/12\/05\/wiadomosc-od-afrykanskiego-drobnego-rolnika-do-cop28\/#blogposting","name":"Wiadomo\u015b\u0107 od afryka\u0144skiego drobnego rolnika do COP28 - Wolno\u015b\u0107 i Anarchia","headline":"Wiadomo\u015b\u0107 od afryka\u0144skiego drobnego rolnika do COP28","author":{"@id":"https:\/\/wia.net.pl\/index.php\/author\/trinity\/#author"},"publisher":{"@id":"https:\/\/wia.net.pl\/#person"},"image":{"@type":"ImageObject","url":"https:\/\/wia.net.pl\/wp-content\/uploads\/2023\/12\/\u201eAfryka-potrzebuje-paliw-kopalnych.jpg","width":1920,"height":1080},"datePublished":"2023-12-05T20:00:56+01:00","dateModified":"2023-12-05T20:00:56+01:00","inLanguage":"pl-PL","commentCount":1,"mainEntityOfPage":{"@id":"https:\/\/wia.net.pl\/index.php\/2023\/12\/05\/wiadomosc-od-afrykanskiego-drobnego-rolnika-do-cop28\/#webpage"},"isPartOf":{"@id":"https:\/\/wia.net.pl\/index.php\/2023\/12\/05\/wiadomosc-od-afrykanskiego-drobnego-rolnika-do-cop28\/#webpage"},"articleSection":"Wiadomo\u015bci ze \u015bwiata"},{"@type":"BreadcrumbList","@id":"https:\/\/wia.net.pl\/index.php\/2023\/12\/05\/wiadomosc-od-afrykanskiego-drobnego-rolnika-do-cop28\/#breadcrumblist","itemListElement":[{"@type":"ListItem","@id":"https:\/\/wia.net.pl#listItem","position":1,"name":"Home","item":"https:\/\/wia.net.pl","nextItem":{"@type":"ListItem","@id":"https:\/\/wia.net.pl\/index.php\/category\/wiadomoscizeswiata\/#listItem","name":"Wiadomo\u015bci ze \u015bwiata"}},{"@type":"ListItem","@id":"https:\/\/wia.net.pl\/index.php\/category\/wiadomoscizeswiata\/#listItem","position":2,"name":"Wiadomo\u015bci ze \u015bwiata","item":"https:\/\/wia.net.pl\/index.php\/category\/wiadomoscizeswiata\/","nextItem":{"@type":"ListItem","@id":"https:\/\/wia.net.pl\/index.php\/2023\/12\/05\/wiadomosc-od-afrykanskiego-drobnego-rolnika-do-cop28\/#listItem","name":"Wiadomo\u015b\u0107 od afryka\u0144skiego drobnego rolnika do COP28"},"previousItem":{"@type":"ListItem","@id":"https:\/\/wia.net.pl#listItem","name":"Home"}},{"@type":"ListItem","@id":"https:\/\/wia.net.pl\/index.php\/2023\/12\/05\/wiadomosc-od-afrykanskiego-drobnego-rolnika-do-cop28\/#listItem","position":3,"name":"Wiadomo\u015b\u0107 od afryka\u0144skiego drobnego rolnika do COP28","previousItem":{"@type":"ListItem","@id":"https:\/\/wia.net.pl\/index.php\/category\/wiadomoscizeswiata\/#listItem","name":"Wiadomo\u015bci ze \u015bwiata"}}]},{"@type":"Person","@id":"https:\/\/wia.net.pl\/#person","name":"Bart\u0142omiej Talarczyk","image":{"@type":"ImageObject","@id":"https:\/\/wia.net.pl\/index.php\/2023\/12\/05\/wiadomosc-od-afrykanskiego-drobnego-rolnika-do-cop28\/#personImage","url":"https:\/\/wia.net.pl\/wp-content\/uploads\/avatar-privacy\/cache\/user\/1\/7\/176a6b161c58363ff49b5c167264231f519f5c7fa183ca1f61e891769b6b56d5-96.jpg","width":96,"height":96,"caption":"Bart\u0142omiej Talarczyk"}},{"@type":"Person","@id":"https:\/\/wia.net.pl\/index.php\/author\/trinity\/#author","url":"https:\/\/wia.net.pl\/index.php\/author\/trinity\/","name":"trinity","image":{"@type":"ImageObject","@id":"https:\/\/wia.net.pl\/index.php\/2023\/12\/05\/wiadomosc-od-afrykanskiego-drobnego-rolnika-do-cop28\/#authorImage","url":"https:\/\/wia.net.pl\/wp-content\/uploads\/avatar-privacy\/cache\/user\/5\/f\/5f6547cf82495eaa10e100a6a45d5dbde2dfdc1be88557de2018fca705bdf6f1-96.jpg","width":96,"height":96,"caption":"trinity"}},{"@type":"WebPage","@id":"https:\/\/wia.net.pl\/index.php\/2023\/12\/05\/wiadomosc-od-afrykanskiego-drobnego-rolnika-do-cop28\/#webpage","url":"https:\/\/wia.net.pl\/index.php\/2023\/12\/05\/wiadomosc-od-afrykanskiego-drobnego-rolnika-do-cop28\/","name":"Wiadomo\u015b\u0107 od afryka\u0144skiego drobnego rolnika do COP28 - Wolno\u015b\u0107 i Anarchia","description":"Wiadomo\u015b\u0107 od afryka\u0144skiego drobnego rolnika do przedstawicieli kraj\u00f3w b\u0119d\u0105cych na konferencji COP28 w Zjednoczonych Emiratach Arabskich: \u201eAfryka potrzebuje paliw kopalnych\u201d AUTOR: RHODA WILSON The Expos\u00e9 COP28 stwierdza, \u017ce \u200b\u200b\u201ejednoczy \u015bwiat, aby si\u0119 zjednoczy\u0107, dzia\u0142a\u0107 i dostarcza\u0107\u201d. Nie jest to prawd\u0105, zdaniem pewnego drobnego rolnika z Kenii, kt\u00f3ry nie zgadza si\u0119 z przej\u015bciem Afryki na \u201eenergi\u0119 odnawialn\u0105\u201d. \u201eDo was,","inLanguage":"pl-PL","isPartOf":{"@id":"https:\/\/wia.net.pl\/#website"},"breadcrumb":{"@id":"https:\/\/wia.net.pl\/index.php\/2023\/12\/05\/wiadomosc-od-afrykanskiego-drobnego-rolnika-do-cop28\/#breadcrumblist"},"author":{"@id":"https:\/\/wia.net.pl\/index.php\/author\/trinity\/#author"},"creator":{"@id":"https:\/\/wia.net.pl\/index.php\/author\/trinity\/#author"},"image":{"@type":"ImageObject","url":"https:\/\/wia.net.pl\/wp-content\/uploads\/2023\/12\/\u201eAfryka-potrzebuje-paliw-kopalnych.jpg","@id":"https:\/\/wia.net.pl\/index.php\/2023\/12\/05\/wiadomosc-od-afrykanskiego-drobnego-rolnika-do-cop28\/#mainImage","width":1920,"height":1080},"primaryImageOfPage":{"@id":"https:\/\/wia.net.pl\/index.php\/2023\/12\/05\/wiadomosc-od-afrykanskiego-drobnego-rolnika-do-cop28\/#mainImage"},"datePublished":"2023-12-05T20:00:56+01:00","dateModified":"2023-12-05T20:00:56+01:00"},{"@type":"WebSite","@id":"https:\/\/wia.net.pl\/#website","url":"https:\/\/wia.net.pl\/","name":"Wolno\u015b\u0107 i Anarchia","description":"Ka\u017cdy wewn\u0119trznie jest anarchist\u0105.","inLanguage":"pl-PL","publisher":{"@id":"https:\/\/wia.net.pl\/#person"}}]},"og:locale":"pl_PL","og:site_name":"Wolno\u015b\u0107 i Anarchia - Ka\u017cdy wewn\u0119trznie jest anarchist\u0105.","og:type":"article","og:title":"Wiadomo\u015b\u0107 od afryka\u0144skiego drobnego rolnika do COP28 - Wolno\u015b\u0107 i Anarchia","og:description":"Wiadomo\u015b\u0107 od afryka\u0144skiego drobnego rolnika do przedstawicieli kraj\u00f3w b\u0119d\u0105cych na konferencji COP28 w Zjednoczonych Emiratach Arabskich: \u201eAfryka potrzebuje paliw kopalnych\u201d AUTOR: RHODA WILSON The Expos\u00e9 COP28 stwierdza, \u017ce \u200b\u200b\u201ejednoczy \u015bwiat, aby si\u0119 zjednoczy\u0107, dzia\u0142a\u0107 i dostarcza\u0107\u201d. Nie jest to prawd\u0105, zdaniem pewnego drobnego rolnika z Kenii, kt\u00f3ry nie zgadza si\u0119 z przej\u015bciem Afryki na \u201eenergi\u0119 odnawialn\u0105\u201d. \u201eDo was,","og:url":"https:\/\/wia.net.pl\/index.php\/2023\/12\/05\/wiadomosc-od-afrykanskiego-drobnego-rolnika-do-cop28\/","og:image":"https:\/\/wia.net.pl\/wp-content\/uploads\/2023\/11\/cropped-freedom-i73367.jpg","og:image:secure_url":"https:\/\/wia.net.pl\/wp-content\/uploads\/2023\/11\/cropped-freedom-i73367.jpg","article:published_time":"2023-12-05T19:00:56+00:00","article:modified_time":"2023-12-05T19:00:56+00:00","twitter:card":"summary_large_image","twitter:title":"Wiadomo\u015b\u0107 od afryka\u0144skiego drobnego rolnika do COP28 - Wolno\u015b\u0107 i Anarchia","twitter:description":"Wiadomo\u015b\u0107 od afryka\u0144skiego drobnego rolnika do przedstawicieli kraj\u00f3w b\u0119d\u0105cych na konferencji COP28 w Zjednoczonych Emiratach Arabskich: \u201eAfryka potrzebuje paliw kopalnych\u201d AUTOR: RHODA WILSON The Expos\u00e9 COP28 stwierdza, \u017ce \u200b\u200b\u201ejednoczy \u015bwiat, aby si\u0119 zjednoczy\u0107, dzia\u0142a\u0107 i dostarcza\u0107\u201d. Nie jest to prawd\u0105, zdaniem pewnego drobnego rolnika z Kenii, kt\u00f3ry nie zgadza si\u0119 z przej\u015bciem Afryki na \u201eenergi\u0119 odnawialn\u0105\u201d. \u201eDo was,","twitter:image":"https:\/\/wia.net.pl\/wp-content\/uploads\/2023\/11\/cropped-freedom-i73367.jpg"},"aioseo_meta_data":{"post_id":"5960","title":null,"description":null,"keywords":[],"keyphrases":{"focus":{"keyphrase":"","score":0,"analysis":{"keyphraseInTitle":{"score":0,"maxScore":9,"error":1}}},"additional":[]},"primary_term":null,"canonical_url":null,"og_title":null,"og_description":null,"og_object_type":"default","og_image_type":"default","og_image_url":null,"og_image_width":null,"og_image_height":null,"og_image_custom_url":null,"og_image_custom_fields":null,"og_video":"","og_custom_url":null,"og_article_section":null,"og_article_tags":[],"twitter_use_og":false,"twitter_card":"default","twitter_image_type":"default","twitter_image_url":null,"twitter_image_custom_url":null,"twitter_image_custom_fields":null,"twitter_title":null,"twitter_description":null,"schema":{"blockGraphs":[],"customGraphs":[],"default":{"data":{"Article":[],"Course":[],"Dataset":[],"FAQPage":[],"Movie":[],"Person":[],"Product":[],"ProductReview":[],"Car":[],"Recipe":[],"Service":[],"SoftwareApplication":[],"WebPage":[]},"graphName":"BlogPosting","isEnabled":true},"graphs":[]},"schema_type":"default","schema_type_options":null,"pillar_content":false,"robots_default":true,"robots_noindex":false,"robots_noarchive":false,"robots_nosnippet":false,"robots_nofollow":false,"robots_noimageindex":false,"robots_noodp":false,"robots_notranslate":false,"robots_max_snippet":"-1","robots_max_videopreview":"-1","robots_max_imagepreview":"large","priority":null,"frequency":"default","local_seo":null,"breadcrumb_settings":null,"limit_modified_date":false,"ai":null,"created":"2023-12-05 18:49:28","updated":"2025-06-04 09:50:00","seo_analyzer_scan_date":null,"focus_keyword":null,"additional_keywords":null,"truseo_locale":null},"aioseo_breadcrumb":"<div class=\"aioseo-breadcrumbs\"><span class=\"aioseo-breadcrumb\">\n\t\t\t<a href=\"https:\/\/wia.net.pl\" title=\"Home\">Home<\/a>\n\t\t<\/span><span class=\"aioseo-breadcrumb-separator\">&raquo;<\/span><span class=\"aioseo-breadcrumb\">\n\t\t\t<a href=\"https:\/\/wia.net.pl\/index.php\/category\/wiadomoscizeswiata\/\" title=\"Wiadomo\u015bci ze \u015bwiata\">Wiadomo\u015bci ze \u015bwiata<\/a>\n\t\t<\/span><span class=\"aioseo-breadcrumb-separator\">&raquo;<\/span><span class=\"aioseo-breadcrumb\">\n\t\t\tWiadomo\u015b\u0107 od afryka\u0144skiego drobnego rolnika do COP28\n\t\t<\/span><\/div>","aioseo_breadcrumb_json":[{"label":"Home","link":"https:\/\/wia.net.pl"},{"label":"Wiadomo\u015bci ze \u015bwiata","link":"https:\/\/wia.net.pl\/index.php\/category\/wiadomoscizeswiata\/"},{"label":"Wiadomo\u015b\u0107 od afryka\u0144skiego drobnego rolnika do COP28","link":"https:\/\/wia.net.pl\/index.php\/2023\/12\/05\/wiadomosc-od-afrykanskiego-drobnego-rolnika-do-cop28\/"}],"_links":{"self":[{"href":"https:\/\/wia.net.pl\/index.php\/wp-json\/wp\/v2\/posts\/5960"}],"collection":[{"href":"https:\/\/wia.net.pl\/index.php\/wp-json\/wp\/v2\/posts"}],"about":[{"href":"https:\/\/wia.net.pl\/index.php\/wp-json\/wp\/v2\/types\/post"}],"author":[{"embeddable":true,"href":"https:\/\/wia.net.pl\/index.php\/wp-json\/wp\/v2\/users\/2"}],"replies":[{"embeddable":true,"href":"https:\/\/wia.net.pl\/index.php\/wp-json\/wp\/v2\/comments?post=5960"}],"version-history":[{"count":2,"href":"https:\/\/wia.net.pl\/index.php\/wp-json\/wp\/v2\/posts\/5960\/revisions"}],"predecessor-version":[{"id":5964,"href":"https:\/\/wia.net.pl\/index.php\/wp-json\/wp\/v2\/posts\/5960\/revisions\/5964"}],"wp:featuredmedia":[{"embeddable":true,"href":"https:\/\/wia.net.pl\/index.php\/wp-json\/wp\/v2\/media\/5965"}],"wp:attachment":[{"href":"https:\/\/wia.net.pl\/index.php\/wp-json\/wp\/v2\/media?parent=5960"}],"wp:term":[{"taxonomy":"category","embeddable":true,"href":"https:\/\/wia.net.pl\/index.php\/wp-json\/wp\/v2\/categories?post=5960"},{"taxonomy":"post_tag","embeddable":true,"href":"https:\/\/wia.net.pl\/index.php\/wp-json\/wp\/v2\/tags?post=5960"}],"curies":[{"name":"wp","href":"https:\/\/api.w.org\/{rel}","templated":true}]}}