{"id":5981,"date":"2023-12-06T11:54:54","date_gmt":"2023-12-06T10:54:54","guid":{"rendered":"https:\/\/wia.net.pl\/?p=5981"},"modified":"2023-12-06T11:54:55","modified_gmt":"2023-12-06T10:54:55","slug":"nazistowski-program-hodowlany-super-baby","status":"publish","type":"post","link":"https:\/\/wia.net.pl\/index.php\/2023\/12\/06\/nazistowski-program-hodowlany-super-baby\/","title":{"rendered":"Nazistowski program hodowlany \u201eSuper Baby\u201d."},"content":{"rendered":"\n<p><strong>Czego historia nam nie powiedzia\u0142a o nazistowskim programie hodowlanym \u201eSuper Baby\u201d.<\/strong><\/p>\n\n\n\n<p>Autor, <a href=\"https:\/\/www.messynessychic.com\/author\/vanessa\/\">MESSYNESSY<\/a><\/p>\n\n\n\n<figure class=\"wp-block-image size-full\"><img loading=\"lazy\" decoding=\"async\" width=\"800\" height=\"536\" src=\"https:\/\/wia.net.pl\/wp-content\/uploads\/2023\/12\/image-5.png\" alt=\"\" class=\"wp-image-5982\" srcset=\"https:\/\/wia.net.pl\/wp-content\/uploads\/2023\/12\/image-5.png 800w, https:\/\/wia.net.pl\/wp-content\/uploads\/2023\/12\/image-5-300x201.png 300w, https:\/\/wia.net.pl\/wp-content\/uploads\/2023\/12\/image-5-768x515.png 768w\" sizes=\"(max-width: 800px) 100vw, 800px\" \/><\/figure>\n\n\n\n<p><em><strong>Je\u015bli<\/strong><\/em>\u00a0istnia\u0142by jeden temat, kt\u00f3ry m\u00f3g\u0142by naprawd\u0119 przyku\u0107 moj\u0105 uwag\u0119 w szkole, by\u0142a to historia o potworze, jakim by\u0142 nazistowski re\u017cim Adolfa Hitlera.\u00a0Musz\u0119 przyzna\u0107, \u017ce zawsze by\u0142em \u201ez\u0142ym czytelnikiem\u201d, ale poza zaj\u0119ciami jako nastolatek poch\u0142ania\u0142em ksi\u0105\u017cki o wojnie i do dzi\u015b wydaje si\u0119, \u017ce nie ma ko\u0144ca jej niepokoj\u0105cym sekretom ukrytym pod kamieniami historii.\u00a0Dzi\u015b wpad\u0142em w kolejny mroczny ka\u0142u\u017c\u0119 wypartych przypis\u00f3w z II wojny \u015bwiatowej, odkrywaj\u0105c szczeg\u00f3\u0142y<em>\u00a0programu hodowlanego Lebensborn<\/em>\u00a0\u2026 historii, kt\u00f3r\u0105 polecam tylko tym, kt\u00f3rzy podobnie jak ja maj\u0105\u00a0\u00a0niepohamowane pragnienie\u00a0\u00a0poznania najbardziej niewygodnych prawd historii.<\/p>\n\n\n\n<figure class=\"wp-block-image size-full\"><img loading=\"lazy\" decoding=\"async\" width=\"550\" height=\"787\" src=\"https:\/\/wia.net.pl\/wp-content\/uploads\/2023\/12\/image-6.png\" alt=\"\" class=\"wp-image-5983\" srcset=\"https:\/\/wia.net.pl\/wp-content\/uploads\/2023\/12\/image-6.png 550w, https:\/\/wia.net.pl\/wp-content\/uploads\/2023\/12\/image-6-210x300.png 210w\" sizes=\"(max-width: 550px) 100vw, 550px\" \/><\/figure>\n\n\n\n<p>Lebensborn, czyli \u201e\u017ar\u00f3d\u0142o \u017cycia\u201d, by\u0142 programem zainicjowanym przez SS, kt\u00f3ry zach\u0119ca\u0142 do anonimowych urodze\u0144 przez niezam\u0119\u017cne \u201eczyste rasowo\u201d kobiety, kt\u00f3re zosta\u0142y wybrane do rozmna\u017cania si\u0119 z nazistowskimi oficerami i zapewnienia przysz\u0142o\u015bci \u201esuper rasy\u201d Rzeszy Niemieckiej.\u00a0Program rozszerzy\u0142 si\u0119 na kilka kraj\u00f3w okupowanych przez nazist\u00f3w, w tym Norwegi\u0119, Francj\u0119 i Belgi\u0119, co doprowadzi\u0142o do haniebnego powojennego ostracyzmu matek, kt\u00f3re prze\u017cy\u0142y Lebensborn, oraz z\u0142ego traktowania ich wysiedlonych dzieci w ca\u0142ej Europie po przegranej wojny przez Niemcy.<\/p>\n\n\n\n<figure class=\"wp-block-image size-full\"><img loading=\"lazy\" decoding=\"async\" width=\"547\" height=\"800\" src=\"https:\/\/wia.net.pl\/wp-content\/uploads\/2023\/12\/image-7.png\" alt=\"\" class=\"wp-image-5984\" srcset=\"https:\/\/wia.net.pl\/wp-content\/uploads\/2023\/12\/image-7.png 547w, https:\/\/wia.net.pl\/wp-content\/uploads\/2023\/12\/image-7-205x300.png 205w\" sizes=\"(max-width: 547px) 100vw, 547px\" \/><\/figure>\n\n\n\n<p>Szacuje si\u0119, \u017ce w plac\u00f3wkach\u00a0<em>Lebensborn<\/em>\u00a0\u00a0w Niemczech urodzi\u0142o si\u0119 oko\u0142o 8 000 dzieci, a\u017c do 12 000 w Norwegii i niezliczona ilo\u015b\u0107 innych dzieci w okupowanych krajach, w kt\u00f3rych wybrano \u201esuperdzieci\u201d, kt\u00f3re sta\u0142y si\u0119 cz\u0119\u015bci\u0105 niemieckiej rasy pan\u00f3w.\u00a0Najbardziej znan\u0105 z ocala\u0142ych dzieci Lebensborn jest Frida Lyngstad z kultowego szwedzkiego zespo\u0142u popowego ABBA (na zdj\u0119ciu trzecia od lewej).<\/p>\n\n\n\n<figure class=\"wp-block-image size-full\"><img loading=\"lazy\" decoding=\"async\" width=\"800\" height=\"600\" src=\"https:\/\/wia.net.pl\/wp-content\/uploads\/2023\/12\/image-8.png\" alt=\"\" class=\"wp-image-5985\" srcset=\"https:\/\/wia.net.pl\/wp-content\/uploads\/2023\/12\/image-8.png 800w, https:\/\/wia.net.pl\/wp-content\/uploads\/2023\/12\/image-8-300x225.png 300w, https:\/\/wia.net.pl\/wp-content\/uploads\/2023\/12\/image-8-768x576.png 768w\" sizes=\"(max-width: 800px) 100vw, 800px\" \/><\/figure>\n\n\n\n<p>Ze swoimi niebieskimi oczami i blond w\u0142osami Norwegowie byli uwa\u017cani przez re\u017cim nazistowski za szczeg\u00f3lnie aryjskich.\u00a0Heinrich Himmler, szef SS i tw\u00f3rca Lebensbornu, faworyzowa\u0142 Norwe\u017cki za sw\u00f3j wypaczony program i wi\u0119kszo\u015b\u0107 jej instytucji za\u0142o\u017cy\u0142 w okupowanej przez nazist\u00f3w Norwegii.<\/p>\n\n\n\n<figure class=\"wp-block-image size-full\"><img loading=\"lazy\" decoding=\"async\" width=\"797\" height=\"542\" src=\"https:\/\/wia.net.pl\/wp-content\/uploads\/2023\/12\/image-9.png\" alt=\"\" class=\"wp-image-5986\" srcset=\"https:\/\/wia.net.pl\/wp-content\/uploads\/2023\/12\/image-9.png 797w, https:\/\/wia.net.pl\/wp-content\/uploads\/2023\/12\/image-9-300x204.png 300w, https:\/\/wia.net.pl\/wp-content\/uploads\/2023\/12\/image-9-768x522.png 768w\" sizes=\"(max-width: 797px) 100vw, 797px\" \/><\/figure>\n\n\n\n<p>Aby przeciwdzia\u0142a\u0107 spadaj\u0105cemu wska\u017anikowi urodze\u0144 w Niemczech i promowa\u0107 nazistowsk\u0105 eugenik\u0119, przyw\u00f3dcy Ligi Niemieckich Dziewcz\u0105t otrzymali r\u00f3wnie\u017c polecenie rekrutacji m\u0142odych kobiet, kt\u00f3re mog\u0142yby sta\u0107 si\u0119 dobrymi partnerkami hodowlanymi dla oficer\u00f3w SS.<\/p>\n\n\n\n<figure class=\"wp-block-image size-full\"><img loading=\"lazy\" decoding=\"async\" width=\"808\" height=\"576\" src=\"https:\/\/wia.net.pl\/wp-content\/uploads\/2023\/12\/image-10.png\" alt=\"\" class=\"wp-image-5987\" srcset=\"https:\/\/wia.net.pl\/wp-content\/uploads\/2023\/12\/image-10.png 808w, https:\/\/wia.net.pl\/wp-content\/uploads\/2023\/12\/image-10-300x214.png 300w, https:\/\/wia.net.pl\/wp-content\/uploads\/2023\/12\/image-10-768x547.png 768w\" sizes=\"(max-width: 808px) 100vw, 808px\" \/><\/figure>\n\n\n\n<p>M\u0142ode kobiety, kt\u00f3re mog\u0142y udowodni\u0107 swoje aryjskie pochodzenie, otrzymywa\u0142y zach\u0119ty do rodzenia aryjskich dzieci, w tym wsparcie finansowe i uprzywilejowane traktowanie w domach po\u0142o\u017cniczych.\u00a0Dla wielu Norweg\u00f3w sta\u0142o si\u0119 to strategi\u0105 przetrwania w czasie wojny, gdy ich kraj by\u0142 jednym z najbiedniejszych miejsc w Europie.\u00a0W czasach, gdy aborcja by\u0142a nielegalna, mogli tak\u017ce mie\u0107 mo\u017cliwo\u015b\u0107 pozostawienia lub\u00a0<em>oddania<\/em>\u00a0\u00a0swoich dzieci w specjalnych domach Lebensborn\u00f3w, gdzie dziecko otrzyma\u0142o specjalne wy\u017cywienie oraz wychowanie i edukacj\u0119 odzwierciedlaj\u0105c\u0105 nazistowski spos\u00f3b my\u015blenia.\u00a0Odznaczenie Krzy\u017ca \u017belaznego przyznawano kobietom, kt\u00f3re urodzi\u0142y najwi\u0119cej aryjskich dzieci.<\/p>\n\n\n\n<figure class=\"wp-block-image size-full is-resized\"><img loading=\"lazy\" decoding=\"async\" width=\"797\" height=\"484\" src=\"https:\/\/wia.net.pl\/wp-content\/uploads\/2023\/12\/image-11.png\" alt=\"\" class=\"wp-image-5988\" style=\"width:840px;height:auto\" srcset=\"https:\/\/wia.net.pl\/wp-content\/uploads\/2023\/12\/image-11.png 797w, https:\/\/wia.net.pl\/wp-content\/uploads\/2023\/12\/image-11-300x182.png 300w, https:\/\/wia.net.pl\/wp-content\/uploads\/2023\/12\/image-11-768x466.png 768w\" sizes=\"(max-width: 797px) 100vw, 797px\" \/><\/figure>\n\n\n\n<p>Ze wzgl\u0119du na zniszczenia i powszechne tuszowanie akt Lebensborna nie mo\u017cna potwierdzi\u0107, czy m\u0142ode dziewcz\u0119ta by\u0142y&nbsp;<em>zmuszane<\/em>&nbsp;do kojarzenia si\u0119 z nazistowskimi oficerami, pomimo silnych sugestii, \u017ce tak by\u0142o (napa\u015b\u0107 na tle seksualnym by\u0142a niemal oficjaln\u0105 polityk\u0105 w Trzeciej Rzeszy).&nbsp;Program ten by\u0142 jednak niew\u0105tpliwie systemem nadzorowanej selektywnej hodowli, a niedawno odkryte zapisy wskazuj\u0105, \u017ce \u201eniekt\u00f3rzy esesmani rzeczywi\u015bcie sp\u0142odzili dzieci w programie Himmlera&nbsp;<em>Lebensborn<\/em>&nbsp;\u201d.<\/p>\n\n\n\n<p>Aby nam przypomnie\u0107, pozwoli\u0142em sobie przytoczy\u0107 definicj\u0119 \u201eojca\u201d:&nbsp;&nbsp;<em>m\u0119skiego rodzica zwierz\u0119cia, zw\u0142aszcza ogiera lub byka hodowanego w celach hodowlanych.&nbsp;<\/em><\/p>\n\n\n\n<p>W 1939 r. liczba cz\u0142onk\u00f3w Lebensborn wynosi\u0142a 8 000, z czego 3500 stanowili dow\u00f3dcy SS.<\/p>\n\n\n\n<figure class=\"wp-block-image size-full\"><img loading=\"lazy\" decoding=\"async\" width=\"510\" height=\"399\" src=\"https:\/\/wia.net.pl\/wp-content\/uploads\/2023\/12\/image-12.png\" alt=\"\" class=\"wp-image-5989\" srcset=\"https:\/\/wia.net.pl\/wp-content\/uploads\/2023\/12\/image-12.png 510w, https:\/\/wia.net.pl\/wp-content\/uploads\/2023\/12\/image-12-300x235.png 300w\" sizes=\"(max-width: 510px) 100vw, 510px\" \/><\/figure>\n\n\n\n<p>13 wrze\u015bnia 1936 roku Heinrich Himmler napisa\u0142 do cz\u0142onk\u00f3w SS nast\u0119puj\u0105cy list:<\/p>\n\n\n\n<figure class=\"wp-block-image size-full\"><img loading=\"lazy\" decoding=\"async\" width=\"947\" height=\"392\" src=\"https:\/\/wia.net.pl\/wp-content\/uploads\/2023\/12\/Zrzut-ekranu-2023-12-06-112438.png\" alt=\"\" class=\"wp-image-5990\" srcset=\"https:\/\/wia.net.pl\/wp-content\/uploads\/2023\/12\/Zrzut-ekranu-2023-12-06-112438.png 947w, https:\/\/wia.net.pl\/wp-content\/uploads\/2023\/12\/Zrzut-ekranu-2023-12-06-112438-300x124.png 300w, https:\/\/wia.net.pl\/wp-content\/uploads\/2023\/12\/Zrzut-ekranu-2023-12-06-112438-768x318.png 768w\" sizes=\"(max-width: 947px) 100vw, 947px\" \/><\/figure>\n\n\n\n<figure class=\"wp-block-image size-full\"><img loading=\"lazy\" decoding=\"async\" width=\"600\" height=\"327\" src=\"https:\/\/wia.net.pl\/wp-content\/uploads\/2023\/12\/image-13.png\" alt=\"\" class=\"wp-image-5991\" srcset=\"https:\/\/wia.net.pl\/wp-content\/uploads\/2023\/12\/image-13.png 600w, https:\/\/wia.net.pl\/wp-content\/uploads\/2023\/12\/image-13-300x164.png 300w\" sizes=\"(max-width: 600px) 100vw, 600px\" \/><\/figure>\n\n\n\n<p>Zdecydowanie zach\u0119cano do tworzenia zwi\u0105zk\u00f3w mi\u0119dzy niemieckimi \u017co\u0142nierzami a nordyckimi kobietami w okupowanych krajach, pod warunkiem, \u017ce oboje rodzice wykazali si\u0119 \u201ewarto\u015bci\u0105 rasow\u0105\u201d.\u00a0Do programu przyjmowano tak\u017ce kobiety pochodzenia aryjskiego, kt\u00f3re by\u0142y ju\u017c w ci\u0105\u017cy lub rodzi\u0142y i potrzebowa\u0142y pomocy.\u00a0Oko\u0142o 60% matek by\u0142o niezam\u0119\u017cnych, a Lebensborn pozwoli\u0142 im na potajemny por\u00f3d poza domem, bez napi\u0119tnowania spo\u0142ecznego.\u00a0W wi\u0119kszo\u015bci tych przypadk\u00f3w matki zgodzi\u0142y si\u0119 na adopcj\u0119, jednak nie wszystkie zosta\u0142y poinformowane, \u017ce ich dzieci zostan\u0105 wys\u0142ane za granic\u0119 do Niemiec.<\/p>\n\n\n\n<figure class=\"wp-block-image size-full\"><img loading=\"lazy\" decoding=\"async\" width=\"640\" height=\"417\" src=\"https:\/\/wia.net.pl\/wp-content\/uploads\/2023\/12\/image-14.png\" alt=\"\" class=\"wp-image-5992\" srcset=\"https:\/\/wia.net.pl\/wp-content\/uploads\/2023\/12\/image-14.png 640w, https:\/\/wia.net.pl\/wp-content\/uploads\/2023\/12\/image-14-300x195.png 300w\" sizes=\"(max-width: 640px) 100vw, 640px\" \/><\/figure>\n\n\n\n<p>Pierwszy z ponad 20 dom\u00f3w Lebensborn zosta\u0142 otwarty w 1936 roku, w male\u0144kiej wiosce niedaleko Monachium w 1941 roku, pierwsza zagraniczna plac\u00f3wka zosta\u0142a otwarta w Norwegii.<\/p>\n\n\n\n<figure class=\"wp-block-image size-full\"><img loading=\"lazy\" decoding=\"async\" width=\"813\" height=\"527\" src=\"https:\/\/wia.net.pl\/wp-content\/uploads\/2023\/12\/image-15.png\" alt=\"\" class=\"wp-image-5993\" srcset=\"https:\/\/wia.net.pl\/wp-content\/uploads\/2023\/12\/image-15.png 813w, https:\/\/wia.net.pl\/wp-content\/uploads\/2023\/12\/image-15-300x194.png 300w, https:\/\/wia.net.pl\/wp-content\/uploads\/2023\/12\/image-15-768x498.png 768w\" sizes=\"(max-width: 813px) 100vw, 813px\" \/><\/figure>\n\n\n\n<p>W p\u00f3\u0142nocnej Francji w 1944 roku w mie\u015bcie Lamorlaye otwarto dom, w kt\u00f3rym urodzi\u0142o si\u0119 oko\u0142o 200 dzieci.\u00a0W budynku (na zdj\u0119ciu powy\u017cej) mie\u015bci si\u0119 obecnie oddzia\u0142 Czerwonego Krzy\u017ca.\u00a0Obiekty Lebensborn obejmowa\u0142y sierociniec i oferowa\u0142y us\u0142ugi adopcyjne.\u00a0Zak\u0142adano je cz\u0119sto w skonfiskowanych domach i by\u0142ych domach opieki b\u0119d\u0105cych w\u0142asno\u015bci\u0105 \u017byd\u00f3w.<\/p>\n\n\n\n<figure class=\"wp-block-image size-full\"><img loading=\"lazy\" decoding=\"async\" width=\"900\" height=\"824\" src=\"https:\/\/wia.net.pl\/wp-content\/uploads\/2023\/12\/image-16.png\" alt=\"\" class=\"wp-image-5994\" srcset=\"https:\/\/wia.net.pl\/wp-content\/uploads\/2023\/12\/image-16.png 900w, https:\/\/wia.net.pl\/wp-content\/uploads\/2023\/12\/image-16-300x275.png 300w, https:\/\/wia.net.pl\/wp-content\/uploads\/2023\/12\/image-16-768x703.png 768w\" sizes=\"(max-width: 900px) 100vw, 900px\" \/><\/figure>\n\n\n\n<p>Chocia\u017c program pocz\u0105tkowo wyklucza\u0142 dzieci urodzone przez cudzoziemki i zwyk\u0142ych \u017co\u0142nierzy (nienale\u017c\u0105cych do SS) ze wzgl\u0119du na czysto\u015b\u0107 rasow\u0105, Lebensborn p\u00f3\u017aniej rozszerzy\u0142 si\u0119 na kraje z populacj\u0105 germa\u0144sk\u0105, gdzie rodzice i dzieci byli zwykle badani przez lekarzy SS przed przyj\u0119ciem.\u00a0Ale w jeszcze mroczniejszym wydaniu programu Lebensborna Heinrich Himmler praktycznie ca\u0142kowicie porzuci\u0142 surowe wymogi czysto\u015bci rasowej, kiedy doprowadzi\u0142 swoj\u0105 misj\u0119 do niewyobra\u017calnych skrajno\u015bci\u2026<\/p>\n\n\n\n<figure class=\"wp-block-image size-full\"><img loading=\"lazy\" decoding=\"async\" width=\"623\" height=\"413\" src=\"https:\/\/wia.net.pl\/wp-content\/uploads\/2023\/12\/image-17.png\" alt=\"\" class=\"wp-image-5995\" srcset=\"https:\/\/wia.net.pl\/wp-content\/uploads\/2023\/12\/image-17.png 623w, https:\/\/wia.net.pl\/wp-content\/uploads\/2023\/12\/image-17-300x199.png 300w\" sizes=\"(max-width: 623px) 100vw, 623px\" \/><\/figure>\n\n\n\n<p>W 1939 r. pod dow\u00f3dztwem Himmlera nazi\u015bci rozpocz\u0119li porywania tysi\u0119cy dzieci uwa\u017canych za \u201earyjskie\u201d z zagranicy, zw\u0142aszcza z Polski i Jugos\u0142awii, ale tak\u017ce z Rosji, Ukrainy, Czechos\u0142owacji, Rumunii, Estonii, \u0141otwy i Norwegii \u2013 dla programu&nbsp;<em>Lebensborna<\/em>&nbsp;.<\/p>\n\n\n\n<p>Himmler podobno powiedzia\u0142: \u201eNaszym obowi\u0105zkiem jest zabra\u0107 ze sob\u0105 [dzieci] i usun\u0105\u0107 je z otoczenia\u2026 albo zdob\u0119dziemy jak\u0105kolwiek dobr\u0105 krew, kt\u00f3r\u0105 mo\u017cemy wykorzysta\u0107 dla siebie i zapewnimy jej miejsce w naszym narodzie, albo zniszczymy t\u0119 krew \u201d.<sup><\/sup><\/p>\n\n\n\n<p>Polityka Lebensraum\u00a0\u00a0<em>w\u00a0<\/em>\u00a0zasadzie da\u0142a pocz\u0105tek nazistowskiej ideologii niemieckiego ekspansjonizmu i re\u017cimowemu planowi ludob\u00f3jstwa i czystek etnicznych na szerok\u0105 skal\u0119.\u00a0To by\u0142a prawdziwa zbrodnia Lebensborna, pozornie pomocne, prawie niewinne rozwi\u0105zanie w zakresie opieki spo\u0142ecznej dla kobiet borykaj\u0105cych si\u0119 z problemami.\u00a0Jak \u0142atwo z\u0142o potrafi si\u0119 ukry\u0107\u2026<\/p>\n\n\n\n<figure class=\"wp-block-image size-full\"><img loading=\"lazy\" decoding=\"async\" width=\"800\" height=\"626\" src=\"https:\/\/wia.net.pl\/wp-content\/uploads\/2023\/12\/image-18.png\" alt=\"\" class=\"wp-image-5996\" srcset=\"https:\/\/wia.net.pl\/wp-content\/uploads\/2023\/12\/image-18.png 800w, https:\/\/wia.net.pl\/wp-content\/uploads\/2023\/12\/image-18-300x235.png 300w, https:\/\/wia.net.pl\/wp-content\/uploads\/2023\/12\/image-18-768x601.png 768w\" sizes=\"(max-width: 800px) 100vw, 800px\" \/><\/figure>\n\n\n\n<p>Szacuje si\u0119, \u017ce w celu \u201egermanizacji\u201d skradziono rodzicom oko\u0142o 200 000 dzieci w Polsce, Rosji i kilku regionach Europy Wschodniej.\u00a0Podzielono ich na grupy od \u201enajbardziej po\u017c\u0105danych\u201d do najmniej wygl\u0105daj\u0105cych na aryjczyk\u00f3w.\u00a0Je\u015bli nie mogli pom\u00f3c w budowaniu rasy pan\u00f3w Hitlera, odrzucano ich i wysy\u0142ano do oboz\u00f3w koncentracyjnych.\u00a0Je\u015bli dziecko zosta\u0142o uznane za \u201eakceptowalne\u201d, rozpoczyna\u0142o si\u0119 od indoktrynacji, sp\u0119dza\u0142o czas w \u201eobozach reedukacyjnych\u201d, a nast\u0119pnie trafia\u0142o do niemieckich rodzin lub szk\u00f3\u0142 z internatem, gdzie mog\u0142o sta\u0107 si\u0119 kulturowo Niemcem.\u00a0Nadano im nowe niemieckie imiona i zmuszono do zapomnienia o swoich biologicznych rodzicach i pochodzeniu.\u00a0Wszystkie dzieci, kt\u00f3re walczy\u0142y z ich indoktrynacj\u0105 lub stawia\u0142y op\u00f3r, spotka\u0142 tragiczny los.<\/p>\n\n\n\n<figure class=\"wp-block-image size-full\"><img loading=\"lazy\" decoding=\"async\" width=\"580\" height=\"325\" src=\"https:\/\/wia.net.pl\/wp-content\/uploads\/2023\/12\/image-19.png\" alt=\"\" class=\"wp-image-5997\" srcset=\"https:\/\/wia.net.pl\/wp-content\/uploads\/2023\/12\/image-19.png 580w, https:\/\/wia.net.pl\/wp-content\/uploads\/2023\/12\/image-19-300x168.png 300w, https:\/\/wia.net.pl\/wp-content\/uploads\/2023\/12\/image-19-480x270.png 480w, https:\/\/wia.net.pl\/wp-content\/uploads\/2023\/12\/image-19-128x72.png 128w\" sizes=\"(max-width: 580px) 100vw, 580px\" \/><\/figure>\n\n\n\n<p>Wszystkie zapisy dotycz\u0105ce tych masowych porwa\u0144 zosta\u0142y zniszczone w ko\u0144cowej fazie wojny, co prawie uniemo\u017cliwi\u0142o zlokalizowanie i identyfikacj\u0119 dzieci, a nawet dok\u0142adne okre\u015blenie ich liczby.&nbsp;Polski rz\u0105d twierdzi, \u017ce mniej ni\u017c 15% z 10 000 dzieci wr\u00f3ci\u0142o do biologicznych rodzic\u00f3w.<\/p>\n\n\n\n<p>Spo\u015br\u00f3d norweskich dzieci urodzonych w ramach programu Lebensborn lub indoktrynowanych w jego ramach norweskiemu rz\u0105dowi uda\u0142o si\u0119 po wojnie odzyska\u0107 wszystkie z wyj\u0105tkiem 80.\u00a0Lokalne spo\u0142eczno\u015bci, kt\u00f3re przez wi\u0119ksz\u0105 cz\u0119\u015b\u0107 okupacji \u017cy\u0142y w g\u0142odzie, szuka\u0142y zemsty zar\u00f3wno na matkach, jak i dzieciach z nazistowskich dom\u00f3w po\u0142o\u017cniczych, kt\u00f3rych cz\u0142onkinie otrzyma\u0142y najlepsze dost\u0119pne leczenie.<\/p>\n\n\n\n<figure class=\"wp-block-image size-large\"><img loading=\"lazy\" decoding=\"async\" width=\"1024\" height=\"482\" src=\"https:\/\/wia.net.pl\/wp-content\/uploads\/2023\/12\/image-20-1024x482.png\" alt=\"\" class=\"wp-image-5998\" srcset=\"https:\/\/wia.net.pl\/wp-content\/uploads\/2023\/12\/image-20-1024x482.png 1024w, https:\/\/wia.net.pl\/wp-content\/uploads\/2023\/12\/image-20-300x141.png 300w, https:\/\/wia.net.pl\/wp-content\/uploads\/2023\/12\/image-20-768x361.png 768w, https:\/\/wia.net.pl\/wp-content\/uploads\/2023\/12\/image-20.png 1095w\" sizes=\"(max-width: 1024px) 100vw, 1024px\" \/><\/figure>\n\n\n\n<p>Prasa donosi\u0142a o niezwykle dobrze od\u017cywionych \u201esuperdzieciach\u201d, kt\u00f3re k\u0105pa\u0142y si\u0119 dwie razy dziennie.&nbsp;Matki urodzone w Lebens by\u0142y publicznie bite, zawstydzane, wykluczane i cz\u0119sto skazywane na niewolnicz\u0105 prac\u0119.&nbsp;\u201eWy\u017csze\u201d dzieci, kt\u00f3re w ramach programu III Rzeszy faktycznie sta\u0142y si\u0119 Niemcami, by\u0142y uwa\u017cane za wyrzutki i umieszczane w sieroci\u0144cach, a nawet w zak\u0142adach dla ob\u0142\u0105kanych, gdzie by\u0142y bezlito\u015bnie zn\u0119cane i wykorzystywane.&nbsp;Sam rz\u0105d norweski podj\u0105\u0142 nawet pr\u00f3b\u0119 (bezskuteczn\u0105) deportacji dzieci Lebensborn\u00f3w do Niemiec, Brazylii i Australii.<\/p>\n\n\n\n<p>Szwecja przyj\u0119\u0142a kilkaset niechcianych dzieci z Norwegii, w tym przysz\u0142\u0105 piosenkark\u0119 zespo\u0142u ABBA Anni-Frid Lyngstad, kt\u00f3rej ojciec by\u0142 niemieckim sier\u017cantem.\u00a0Jej owdowia\u0142a norweska matka unikn\u0119\u0142a po wojnie prze\u015bladowa\u0144 i zabra\u0142a Anni-Frid do Szwecji, gdzie nie uda\u0142o si\u0119 prze\u015bledzi\u0107 ich osobistej historii.<\/p>\n\n\n\n<figure class=\"wp-block-image size-large\"><img loading=\"lazy\" decoding=\"async\" width=\"1024\" height=\"723\" src=\"https:\/\/wia.net.pl\/wp-content\/uploads\/2023\/12\/image-21-1024x723.png\" alt=\"\" class=\"wp-image-5999\" srcset=\"https:\/\/wia.net.pl\/wp-content\/uploads\/2023\/12\/image-21-1024x723.png 1024w, https:\/\/wia.net.pl\/wp-content\/uploads\/2023\/12\/image-21-300x212.png 300w, https:\/\/wia.net.pl\/wp-content\/uploads\/2023\/12\/image-21-768x542.png 768w, https:\/\/wia.net.pl\/wp-content\/uploads\/2023\/12\/image-21.png 1100w\" sizes=\"(max-width: 1024px) 100vw, 1024px\" \/><\/figure>\n\n\n\n<p>W 2008 roku grupa ocala\u0142ych wnios\u0142a spraw\u0119 do Europejskiego Trybuna\u0142u Praw Cz\u0142owieka, aby walczy\u0107 z rz\u0105dem norweskim o przyznanie si\u0119 do wsp\u00f3\u0142udzia\u0142u w z\u0142ym traktowaniu, ujawniaj\u0105c haniebne szczeg\u00f3\u0142y nast\u0119pstw programu.&nbsp;Sprawa zosta\u0142a oddalona dzi\u0119ki zaoferowaniu przez rz\u0105d norweski odszkodowania w wysoko\u015bci 8 000 funt\u00f3w.<\/p>\n\n\n\n<p>Od tego czasu utworzono stowarzyszenia, kt\u00f3re pomagaj\u0105 ocala\u0142ym w ustaleniu ich pochodzenia na podstawie dokument\u00f3w administrowanych przez Mi\u0119dzynarodow\u0105 S\u0142u\u017cb\u0119 Poszukiwa\u0144 i Niemieckie Archiwum Federalne.\u00a0<\/p>\n\n\n\n<figure class=\"wp-block-image size-full\"><img loading=\"lazy\" decoding=\"async\" width=\"800\" height=\"1014\" src=\"https:\/\/wia.net.pl\/wp-content\/uploads\/2023\/12\/image-22.png\" alt=\"\" class=\"wp-image-6000\" srcset=\"https:\/\/wia.net.pl\/wp-content\/uploads\/2023\/12\/image-22.png 800w, https:\/\/wia.net.pl\/wp-content\/uploads\/2023\/12\/image-22-237x300.png 237w, https:\/\/wia.net.pl\/wp-content\/uploads\/2023\/12\/image-22-768x973.png 768w\" sizes=\"(max-width: 800px) 100vw, 800px\" \/><\/figure>\n\n\n\n<p>Jest tak wiele aspekt\u00f3w wojny, kt\u00f3re s\u0105 niedostatecznie zg\u0142aszane, zamiatane pod dywan i pomijane w podr\u0119cznikach historii, g\u0142\u00f3wnie dlatego, \u017ce nie czujemy si\u0119 komfortowo o nich rozmawia\u0107.\u00a0Tego rodzaju tabu wiedzy historycznej uwa\u017cam za dalsz\u0105 edukacj\u0119;\u00a0najbardziej fundamentalny, kt\u00f3ry mo\u017ce pom\u00f3c nam zidentyfikowa\u0107 niebezpieczne wzorce w spo\u0142ecze\u0144stwie i wcze\u015bnie rozpozna\u0107, kiedy historia mo\u017ce by\u0107 niebezpiecznie bliska powt\u00f3rzenia si\u0119.<\/p>\n\n\n\n<p><em>\u0179r\u00f3d\u0142a obraz\u00f3w archiwalnych:\u00a0<a href=\"http:\/\/histomil.com\/viewtopic.php?t=4415\" target=\"_blank\" rel=\"noreferrer noopener\">Histomill<\/a>\u00a0,\u00a0\u00a0<a href=\"http:\/\/bytesdaily.blogspot.fr\/2016\/06\/lebensborn.html\" target=\"_blank\" rel=\"noreferrer noopener\">Bytes Daily<\/a>\u00a0,\u00a0<a href=\"http:\/\/www.dw.com\/en\/children-of-shame-norways-dark-secret\/a-336916#nomobile\" target=\"_blank\" rel=\"noreferrer noopener\">DW.com<\/a>\u00a0.<\/em><\/p>\n\n\n\n<p>\u0179r\u00f3d\u0142o <a href=\"https:\/\/www.messynessychic.com\/2017\/04\/06\/what-history-didnt-tell-us-about-the-nazi-super-baby-breeding-program\/\">https:\/\/www.messynessychic.com\/2017\/04\/06\/what-history-didnt-tell-us-about-the-nazi-super-baby-breeding-program\/<\/a><\/p>\n","protected":false},"excerpt":{"rendered":"<p>Czego historia nam nie powiedzia\u0142a o nazistowskim programie hodowlanym \u201eSuper Baby\u201d. Autor, MESSYNESSY Je\u015bli\u00a0istnia\u0142by jeden temat, kt\u00f3ry m\u00f3g\u0142by naprawd\u0119 przyku\u0107 moj\u0105 uwag\u0119 w szkole, by\u0142a to historia o potworze, jakim by\u0142 nazistowski re\u017cim Adolfa Hitlera.\u00a0Musz\u0119 przyzna\u0107, \u017ce zawsze by\u0142em \u201ez\u0142ym&#8230; <\/p>\n","protected":false},"author":2,"featured_media":6001,"comment_status":"open","ping_status":"open","sticky":false,"template":"","format":"standard","meta":{"_acf_changed":false,"_bbp_topic_count":0,"_bbp_reply_count":0,"_bbp_total_topic_count":0,"_bbp_total_reply_count":0,"_bbp_voice_count":0,"_bbp_anonymous_reply_count":0,"_bbp_topic_count_hidden":0,"_bbp_reply_count_hidden":0,"_bbp_forum_subforum_count":0,"om_disable_all_campaigns":false,"_monsterinsights_skip_tracking":false,"footnotes":""},"categories":[93],"tags":[],"class_list":["post-5981","post","type-post","status-publish","format-standard","has-post-thumbnail","hentry","category-artykuly"],"acf":[],"aioseo_notices":[],"aioseo_head":"\n\t\t<!-- All in One SEO 5.0.1.1 - aioseo.com -->\n\t<meta name=\"description\" content=\"Czego historia nam nie powiedzia\u0142a o nazistowskim programie hodowlanym \u201eSuper Baby\u201d. Autor, MESSYNESSY Je\u015bli istnia\u0142by jeden temat, kt\u00f3ry m\u00f3g\u0142by naprawd\u0119 przyku\u0107 moj\u0105 uwag\u0119 w szkole, by\u0142a to historia o potworze, jakim by\u0142 nazistowski re\u017cim Adolfa Hitlera. Musz\u0119 przyzna\u0107, \u017ce zawsze by\u0142em \u201ez\u0142ym czytelnikiem\u201d, ale poza zaj\u0119ciami jako nastolatek poch\u0142ania\u0142em ksi\u0105\u017cki o wojnie i do dzi\u015b wydaje si\u0119,\" \/>\n\t<meta name=\"robots\" content=\"max-image-preview:large\" \/>\n\t<meta name=\"author\" content=\"trinity\"\/>\n\t<link rel=\"canonical\" href=\"https:\/\/wia.net.pl\/index.php\/2023\/12\/06\/nazistowski-program-hodowlany-super-baby\/\" \/>\n\t<meta name=\"generator\" content=\"All in One SEO (AIOSEO) 5.0.1.1\" \/>\n\t\t<meta property=\"og:locale\" content=\"pl_PL\" \/>\n\t\t<meta property=\"og:site_name\" content=\"Wolno\u015b\u0107 i Anarchia - Ka\u017cdy wewn\u0119trznie jest anarchist\u0105.\" \/>\n\t\t<meta property=\"og:type\" content=\"article\" \/>\n\t\t<meta property=\"og:title\" content=\"Nazistowski program hodowlany \u201eSuper Baby\u201d. - Wolno\u015b\u0107 i Anarchia\" \/>\n\t\t<meta property=\"og:description\" content=\"Czego historia nam nie powiedzia\u0142a o nazistowskim programie hodowlanym \u201eSuper Baby\u201d. Autor, MESSYNESSY Je\u015bli istnia\u0142by jeden temat, kt\u00f3ry m\u00f3g\u0142by naprawd\u0119 przyku\u0107 moj\u0105 uwag\u0119 w szkole, by\u0142a to historia o potworze, jakim by\u0142 nazistowski re\u017cim Adolfa Hitlera. Musz\u0119 przyzna\u0107, \u017ce zawsze by\u0142em \u201ez\u0142ym czytelnikiem\u201d, ale poza zaj\u0119ciami jako nastolatek poch\u0142ania\u0142em ksi\u0105\u017cki o wojnie i do dzi\u015b wydaje si\u0119,\" \/>\n\t\t<meta property=\"og:url\" content=\"https:\/\/wia.net.pl\/index.php\/2023\/12\/06\/nazistowski-program-hodowlany-super-baby\/\" \/>\n\t\t<meta property=\"og:image\" content=\"https:\/\/wia.net.pl\/wp-content\/uploads\/2023\/11\/cropped-freedom-i73367.jpg\" \/>\n\t\t<meta property=\"og:image:secure_url\" content=\"https:\/\/wia.net.pl\/wp-content\/uploads\/2023\/11\/cropped-freedom-i73367.jpg\" \/>\n\t\t<meta property=\"article:published_time\" content=\"2023-12-06T10:54:54+00:00\" \/>\n\t\t<meta property=\"article:modified_time\" content=\"2023-12-06T10:54:55+00:00\" \/>\n\t\t<meta name=\"twitter:card\" content=\"summary_large_image\" \/>\n\t\t<meta name=\"twitter:title\" content=\"Nazistowski program hodowlany \u201eSuper Baby\u201d. - Wolno\u015b\u0107 i Anarchia\" \/>\n\t\t<meta name=\"twitter:description\" content=\"Czego historia nam nie powiedzia\u0142a o nazistowskim programie hodowlanym \u201eSuper Baby\u201d. Autor, MESSYNESSY Je\u015bli istnia\u0142by jeden temat, kt\u00f3ry m\u00f3g\u0142by naprawd\u0119 przyku\u0107 moj\u0105 uwag\u0119 w szkole, by\u0142a to historia o potworze, jakim by\u0142 nazistowski re\u017cim Adolfa Hitlera. Musz\u0119 przyzna\u0107, \u017ce zawsze by\u0142em \u201ez\u0142ym czytelnikiem\u201d, ale poza zaj\u0119ciami jako nastolatek poch\u0142ania\u0142em ksi\u0105\u017cki o wojnie i do dzi\u015b wydaje si\u0119,\" \/>\n\t\t<meta name=\"twitter:image\" content=\"https:\/\/wia.net.pl\/wp-content\/uploads\/2023\/11\/cropped-freedom-i73367.jpg\" \/>\n\t\t<script type=\"application\/ld+json\" class=\"aioseo-schema\">\n\t\t\t{\"@context\":\"https:\\\/\\\/schema.org\",\"@graph\":[{\"@type\":\"BlogPosting\",\"@id\":\"https:\\\/\\\/wia.net.pl\\\/index.php\\\/2023\\\/12\\\/06\\\/nazistowski-program-hodowlany-super-baby\\\/#blogposting\",\"name\":\"Nazistowski program hodowlany \\u201eSuper Baby\\u201d. - Wolno\\u015b\\u0107 i Anarchia\",\"headline\":\"Nazistowski program hodowlany \\u201eSuper Baby\\u201d.\",\"author\":{\"@id\":\"https:\\\/\\\/wia.net.pl\\\/index.php\\\/author\\\/trinity\\\/#author\"},\"publisher\":{\"@id\":\"https:\\\/\\\/wia.net.pl\\\/#person\"},\"image\":{\"@type\":\"ImageObject\",\"url\":\"https:\\\/\\\/wia.net.pl\\\/wp-content\\\/uploads\\\/2023\\\/12\\\/Czego-historia-nam-nie-powiedziala-o-nazistowskim-programie-hodowlanym-\\u201eSuper-Baby.jpg\",\"width\":1920,\"height\":1080},\"datePublished\":\"2023-12-06T11:54:54+01:00\",\"dateModified\":\"2023-12-06T11:54:55+01:00\",\"inLanguage\":\"pl-PL\",\"mainEntityOfPage\":{\"@id\":\"https:\\\/\\\/wia.net.pl\\\/index.php\\\/2023\\\/12\\\/06\\\/nazistowski-program-hodowlany-super-baby\\\/#webpage\"},\"isPartOf\":{\"@id\":\"https:\\\/\\\/wia.net.pl\\\/index.php\\\/2023\\\/12\\\/06\\\/nazistowski-program-hodowlany-super-baby\\\/#webpage\"},\"articleSection\":\"Artyku\\u0142y\"},{\"@type\":\"BreadcrumbList\",\"@id\":\"https:\\\/\\\/wia.net.pl\\\/index.php\\\/2023\\\/12\\\/06\\\/nazistowski-program-hodowlany-super-baby\\\/#breadcrumblist\",\"itemListElement\":[{\"@type\":\"ListItem\",\"@id\":\"https:\\\/\\\/wia.net.pl#listItem\",\"position\":1,\"name\":\"Home\",\"item\":\"https:\\\/\\\/wia.net.pl\",\"nextItem\":{\"@type\":\"ListItem\",\"@id\":\"https:\\\/\\\/wia.net.pl\\\/index.php\\\/category\\\/artykuly\\\/#listItem\",\"name\":\"Artyku\\u0142y\"}},{\"@type\":\"ListItem\",\"@id\":\"https:\\\/\\\/wia.net.pl\\\/index.php\\\/category\\\/artykuly\\\/#listItem\",\"position\":2,\"name\":\"Artyku\\u0142y\",\"item\":\"https:\\\/\\\/wia.net.pl\\\/index.php\\\/category\\\/artykuly\\\/\",\"nextItem\":{\"@type\":\"ListItem\",\"@id\":\"https:\\\/\\\/wia.net.pl\\\/index.php\\\/2023\\\/12\\\/06\\\/nazistowski-program-hodowlany-super-baby\\\/#listItem\",\"name\":\"Nazistowski program hodowlany \\u201eSuper Baby\\u201d.\"},\"previousItem\":{\"@type\":\"ListItem\",\"@id\":\"https:\\\/\\\/wia.net.pl#listItem\",\"name\":\"Home\"}},{\"@type\":\"ListItem\",\"@id\":\"https:\\\/\\\/wia.net.pl\\\/index.php\\\/2023\\\/12\\\/06\\\/nazistowski-program-hodowlany-super-baby\\\/#listItem\",\"position\":3,\"name\":\"Nazistowski program hodowlany \\u201eSuper Baby\\u201d.\",\"previousItem\":{\"@type\":\"ListItem\",\"@id\":\"https:\\\/\\\/wia.net.pl\\\/index.php\\\/category\\\/artykuly\\\/#listItem\",\"name\":\"Artyku\\u0142y\"}}]},{\"@type\":\"Person\",\"@id\":\"https:\\\/\\\/wia.net.pl\\\/#person\",\"name\":\"Bart\\u0142omiej Talarczyk\",\"image\":{\"@type\":\"ImageObject\",\"@id\":\"https:\\\/\\\/wia.net.pl\\\/index.php\\\/2023\\\/12\\\/06\\\/nazistowski-program-hodowlany-super-baby\\\/#personImage\",\"url\":\"https:\\\/\\\/wia.net.pl\\\/wp-content\\\/uploads\\\/avatar-privacy\\\/cache\\\/user\\\/1\\\/7\\\/176a6b161c58363ff49b5c167264231f519f5c7fa183ca1f61e891769b6b56d5-96.jpg\",\"width\":96,\"height\":96,\"caption\":\"Bart\\u0142omiej Talarczyk\"}},{\"@type\":\"Person\",\"@id\":\"https:\\\/\\\/wia.net.pl\\\/index.php\\\/author\\\/trinity\\\/#author\",\"url\":\"https:\\\/\\\/wia.net.pl\\\/index.php\\\/author\\\/trinity\\\/\",\"name\":\"trinity\",\"image\":{\"@type\":\"ImageObject\",\"@id\":\"https:\\\/\\\/wia.net.pl\\\/index.php\\\/2023\\\/12\\\/06\\\/nazistowski-program-hodowlany-super-baby\\\/#authorImage\",\"url\":\"https:\\\/\\\/wia.net.pl\\\/wp-content\\\/uploads\\\/avatar-privacy\\\/cache\\\/user\\\/5\\\/f\\\/5f6547cf82495eaa10e100a6a45d5dbde2dfdc1be88557de2018fca705bdf6f1-96.jpg\",\"width\":96,\"height\":96,\"caption\":\"trinity\"}},{\"@type\":\"WebPage\",\"@id\":\"https:\\\/\\\/wia.net.pl\\\/index.php\\\/2023\\\/12\\\/06\\\/nazistowski-program-hodowlany-super-baby\\\/#webpage\",\"url\":\"https:\\\/\\\/wia.net.pl\\\/index.php\\\/2023\\\/12\\\/06\\\/nazistowski-program-hodowlany-super-baby\\\/\",\"name\":\"Nazistowski program hodowlany \\u201eSuper Baby\\u201d. - Wolno\\u015b\\u0107 i Anarchia\",\"description\":\"Czego historia nam nie powiedzia\\u0142a o nazistowskim programie hodowlanym \\u201eSuper Baby\\u201d. Autor, MESSYNESSY Je\\u015bli istnia\\u0142by jeden temat, kt\\u00f3ry m\\u00f3g\\u0142by naprawd\\u0119 przyku\\u0107 moj\\u0105 uwag\\u0119 w szkole, by\\u0142a to historia o potworze, jakim by\\u0142 nazistowski re\\u017cim Adolfa Hitlera. Musz\\u0119 przyzna\\u0107, \\u017ce zawsze by\\u0142em \\u201ez\\u0142ym czytelnikiem\\u201d, ale poza zaj\\u0119ciami jako nastolatek poch\\u0142ania\\u0142em ksi\\u0105\\u017cki o wojnie i do dzi\\u015b wydaje si\\u0119,\",\"inLanguage\":\"pl-PL\",\"isPartOf\":{\"@id\":\"https:\\\/\\\/wia.net.pl\\\/#website\"},\"breadcrumb\":{\"@id\":\"https:\\\/\\\/wia.net.pl\\\/index.php\\\/2023\\\/12\\\/06\\\/nazistowski-program-hodowlany-super-baby\\\/#breadcrumblist\"},\"author\":{\"@id\":\"https:\\\/\\\/wia.net.pl\\\/index.php\\\/author\\\/trinity\\\/#author\"},\"creator\":{\"@id\":\"https:\\\/\\\/wia.net.pl\\\/index.php\\\/author\\\/trinity\\\/#author\"},\"image\":{\"@type\":\"ImageObject\",\"url\":\"https:\\\/\\\/wia.net.pl\\\/wp-content\\\/uploads\\\/2023\\\/12\\\/Czego-historia-nam-nie-powiedziala-o-nazistowskim-programie-hodowlanym-\\u201eSuper-Baby.jpg\",\"@id\":\"https:\\\/\\\/wia.net.pl\\\/index.php\\\/2023\\\/12\\\/06\\\/nazistowski-program-hodowlany-super-baby\\\/#mainImage\",\"width\":1920,\"height\":1080},\"primaryImageOfPage\":{\"@id\":\"https:\\\/\\\/wia.net.pl\\\/index.php\\\/2023\\\/12\\\/06\\\/nazistowski-program-hodowlany-super-baby\\\/#mainImage\"},\"datePublished\":\"2023-12-06T11:54:54+01:00\",\"dateModified\":\"2023-12-06T11:54:55+01:00\"},{\"@type\":\"WebSite\",\"@id\":\"https:\\\/\\\/wia.net.pl\\\/#website\",\"url\":\"https:\\\/\\\/wia.net.pl\\\/\",\"name\":\"Wolno\\u015b\\u0107 i Anarchia\",\"description\":\"Ka\\u017cdy wewn\\u0119trznie jest anarchist\\u0105.\",\"inLanguage\":\"pl-PL\",\"publisher\":{\"@id\":\"https:\\\/\\\/wia.net.pl\\\/#person\"}}]}\n\t\t<\/script>\n\t\t<!-- All in One SEO -->\n\n","aioseo_head_json":{"title":"Nazistowski program hodowlany \u201eSuper Baby\u201d. - Wolno\u015b\u0107 i Anarchia","description":"Czego historia nam nie powiedzia\u0142a o nazistowskim programie hodowlanym \u201eSuper Baby\u201d. Autor, MESSYNESSY Je\u015bli istnia\u0142by jeden temat, kt\u00f3ry m\u00f3g\u0142by naprawd\u0119 przyku\u0107 moj\u0105 uwag\u0119 w szkole, by\u0142a to historia o potworze, jakim by\u0142 nazistowski re\u017cim Adolfa Hitlera. Musz\u0119 przyzna\u0107, \u017ce zawsze by\u0142em \u201ez\u0142ym czytelnikiem\u201d, ale poza zaj\u0119ciami jako nastolatek poch\u0142ania\u0142em ksi\u0105\u017cki o wojnie i do dzi\u015b wydaje si\u0119,","canonical_url":"https:\/\/wia.net.pl\/index.php\/2023\/12\/06\/nazistowski-program-hodowlany-super-baby\/","robots":"max-image-preview:large","keywords":"","webmasterTools":{"miscellaneous":""},"schema":{"@context":"https:\/\/schema.org","@graph":[{"@type":"BlogPosting","@id":"https:\/\/wia.net.pl\/index.php\/2023\/12\/06\/nazistowski-program-hodowlany-super-baby\/#blogposting","name":"Nazistowski program hodowlany \u201eSuper Baby\u201d. - Wolno\u015b\u0107 i Anarchia","headline":"Nazistowski program hodowlany \u201eSuper Baby\u201d.","author":{"@id":"https:\/\/wia.net.pl\/index.php\/author\/trinity\/#author"},"publisher":{"@id":"https:\/\/wia.net.pl\/#person"},"image":{"@type":"ImageObject","url":"https:\/\/wia.net.pl\/wp-content\/uploads\/2023\/12\/Czego-historia-nam-nie-powiedziala-o-nazistowskim-programie-hodowlanym-\u201eSuper-Baby.jpg","width":1920,"height":1080},"datePublished":"2023-12-06T11:54:54+01:00","dateModified":"2023-12-06T11:54:55+01:00","inLanguage":"pl-PL","mainEntityOfPage":{"@id":"https:\/\/wia.net.pl\/index.php\/2023\/12\/06\/nazistowski-program-hodowlany-super-baby\/#webpage"},"isPartOf":{"@id":"https:\/\/wia.net.pl\/index.php\/2023\/12\/06\/nazistowski-program-hodowlany-super-baby\/#webpage"},"articleSection":"Artyku\u0142y"},{"@type":"BreadcrumbList","@id":"https:\/\/wia.net.pl\/index.php\/2023\/12\/06\/nazistowski-program-hodowlany-super-baby\/#breadcrumblist","itemListElement":[{"@type":"ListItem","@id":"https:\/\/wia.net.pl#listItem","position":1,"name":"Home","item":"https:\/\/wia.net.pl","nextItem":{"@type":"ListItem","@id":"https:\/\/wia.net.pl\/index.php\/category\/artykuly\/#listItem","name":"Artyku\u0142y"}},{"@type":"ListItem","@id":"https:\/\/wia.net.pl\/index.php\/category\/artykuly\/#listItem","position":2,"name":"Artyku\u0142y","item":"https:\/\/wia.net.pl\/index.php\/category\/artykuly\/","nextItem":{"@type":"ListItem","@id":"https:\/\/wia.net.pl\/index.php\/2023\/12\/06\/nazistowski-program-hodowlany-super-baby\/#listItem","name":"Nazistowski program hodowlany \u201eSuper Baby\u201d."},"previousItem":{"@type":"ListItem","@id":"https:\/\/wia.net.pl#listItem","name":"Home"}},{"@type":"ListItem","@id":"https:\/\/wia.net.pl\/index.php\/2023\/12\/06\/nazistowski-program-hodowlany-super-baby\/#listItem","position":3,"name":"Nazistowski program hodowlany \u201eSuper Baby\u201d.","previousItem":{"@type":"ListItem","@id":"https:\/\/wia.net.pl\/index.php\/category\/artykuly\/#listItem","name":"Artyku\u0142y"}}]},{"@type":"Person","@id":"https:\/\/wia.net.pl\/#person","name":"Bart\u0142omiej Talarczyk","image":{"@type":"ImageObject","@id":"https:\/\/wia.net.pl\/index.php\/2023\/12\/06\/nazistowski-program-hodowlany-super-baby\/#personImage","url":"https:\/\/wia.net.pl\/wp-content\/uploads\/avatar-privacy\/cache\/user\/1\/7\/176a6b161c58363ff49b5c167264231f519f5c7fa183ca1f61e891769b6b56d5-96.jpg","width":96,"height":96,"caption":"Bart\u0142omiej Talarczyk"}},{"@type":"Person","@id":"https:\/\/wia.net.pl\/index.php\/author\/trinity\/#author","url":"https:\/\/wia.net.pl\/index.php\/author\/trinity\/","name":"trinity","image":{"@type":"ImageObject","@id":"https:\/\/wia.net.pl\/index.php\/2023\/12\/06\/nazistowski-program-hodowlany-super-baby\/#authorImage","url":"https:\/\/wia.net.pl\/wp-content\/uploads\/avatar-privacy\/cache\/user\/5\/f\/5f6547cf82495eaa10e100a6a45d5dbde2dfdc1be88557de2018fca705bdf6f1-96.jpg","width":96,"height":96,"caption":"trinity"}},{"@type":"WebPage","@id":"https:\/\/wia.net.pl\/index.php\/2023\/12\/06\/nazistowski-program-hodowlany-super-baby\/#webpage","url":"https:\/\/wia.net.pl\/index.php\/2023\/12\/06\/nazistowski-program-hodowlany-super-baby\/","name":"Nazistowski program hodowlany \u201eSuper Baby\u201d. - Wolno\u015b\u0107 i Anarchia","description":"Czego historia nam nie powiedzia\u0142a o nazistowskim programie hodowlanym \u201eSuper Baby\u201d. Autor, MESSYNESSY Je\u015bli istnia\u0142by jeden temat, kt\u00f3ry m\u00f3g\u0142by naprawd\u0119 przyku\u0107 moj\u0105 uwag\u0119 w szkole, by\u0142a to historia o potworze, jakim by\u0142 nazistowski re\u017cim Adolfa Hitlera. Musz\u0119 przyzna\u0107, \u017ce zawsze by\u0142em \u201ez\u0142ym czytelnikiem\u201d, ale poza zaj\u0119ciami jako nastolatek poch\u0142ania\u0142em ksi\u0105\u017cki o wojnie i do dzi\u015b wydaje si\u0119,","inLanguage":"pl-PL","isPartOf":{"@id":"https:\/\/wia.net.pl\/#website"},"breadcrumb":{"@id":"https:\/\/wia.net.pl\/index.php\/2023\/12\/06\/nazistowski-program-hodowlany-super-baby\/#breadcrumblist"},"author":{"@id":"https:\/\/wia.net.pl\/index.php\/author\/trinity\/#author"},"creator":{"@id":"https:\/\/wia.net.pl\/index.php\/author\/trinity\/#author"},"image":{"@type":"ImageObject","url":"https:\/\/wia.net.pl\/wp-content\/uploads\/2023\/12\/Czego-historia-nam-nie-powiedziala-o-nazistowskim-programie-hodowlanym-\u201eSuper-Baby.jpg","@id":"https:\/\/wia.net.pl\/index.php\/2023\/12\/06\/nazistowski-program-hodowlany-super-baby\/#mainImage","width":1920,"height":1080},"primaryImageOfPage":{"@id":"https:\/\/wia.net.pl\/index.php\/2023\/12\/06\/nazistowski-program-hodowlany-super-baby\/#mainImage"},"datePublished":"2023-12-06T11:54:54+01:00","dateModified":"2023-12-06T11:54:55+01:00"},{"@type":"WebSite","@id":"https:\/\/wia.net.pl\/#website","url":"https:\/\/wia.net.pl\/","name":"Wolno\u015b\u0107 i Anarchia","description":"Ka\u017cdy wewn\u0119trznie jest anarchist\u0105.","inLanguage":"pl-PL","publisher":{"@id":"https:\/\/wia.net.pl\/#person"}}]},"og:locale":"pl_PL","og:site_name":"Wolno\u015b\u0107 i Anarchia - Ka\u017cdy wewn\u0119trznie jest anarchist\u0105.","og:type":"article","og:title":"Nazistowski program hodowlany \u201eSuper Baby\u201d. - Wolno\u015b\u0107 i Anarchia","og:description":"Czego historia nam nie powiedzia\u0142a o nazistowskim programie hodowlanym \u201eSuper Baby\u201d. Autor, MESSYNESSY Je\u015bli istnia\u0142by jeden temat, kt\u00f3ry m\u00f3g\u0142by naprawd\u0119 przyku\u0107 moj\u0105 uwag\u0119 w szkole, by\u0142a to historia o potworze, jakim by\u0142 nazistowski re\u017cim Adolfa Hitlera. Musz\u0119 przyzna\u0107, \u017ce zawsze by\u0142em \u201ez\u0142ym czytelnikiem\u201d, ale poza zaj\u0119ciami jako nastolatek poch\u0142ania\u0142em ksi\u0105\u017cki o wojnie i do dzi\u015b wydaje si\u0119,","og:url":"https:\/\/wia.net.pl\/index.php\/2023\/12\/06\/nazistowski-program-hodowlany-super-baby\/","og:image":"https:\/\/wia.net.pl\/wp-content\/uploads\/2023\/11\/cropped-freedom-i73367.jpg","og:image:secure_url":"https:\/\/wia.net.pl\/wp-content\/uploads\/2023\/11\/cropped-freedom-i73367.jpg","article:published_time":"2023-12-06T10:54:54+00:00","article:modified_time":"2023-12-06T10:54:55+00:00","twitter:card":"summary_large_image","twitter:title":"Nazistowski program hodowlany \u201eSuper Baby\u201d. - Wolno\u015b\u0107 i Anarchia","twitter:description":"Czego historia nam nie powiedzia\u0142a o nazistowskim programie hodowlanym \u201eSuper Baby\u201d. Autor, MESSYNESSY Je\u015bli istnia\u0142by jeden temat, kt\u00f3ry m\u00f3g\u0142by naprawd\u0119 przyku\u0107 moj\u0105 uwag\u0119 w szkole, by\u0142a to historia o potworze, jakim by\u0142 nazistowski re\u017cim Adolfa Hitlera. Musz\u0119 przyzna\u0107, \u017ce zawsze by\u0142em \u201ez\u0142ym czytelnikiem\u201d, ale poza zaj\u0119ciami jako nastolatek poch\u0142ania\u0142em ksi\u0105\u017cki o wojnie i do dzi\u015b wydaje si\u0119,","twitter:image":"https:\/\/wia.net.pl\/wp-content\/uploads\/2023\/11\/cropped-freedom-i73367.jpg"},"aioseo_meta_data":{"post_id":"5981","title":null,"description":null,"keywords":[],"keyphrases":{"focus":{"keyphrase":"","score":0,"analysis":{"keyphraseInTitle":{"score":0,"maxScore":9,"error":1}}},"additional":[]},"primary_term":null,"canonical_url":null,"og_title":null,"og_description":null,"og_object_type":"default","og_image_type":"default","og_image_url":null,"og_image_width":null,"og_image_height":null,"og_image_custom_url":null,"og_image_custom_fields":null,"og_video":"","og_custom_url":null,"og_article_section":null,"og_article_tags":[],"twitter_use_og":false,"twitter_card":"default","twitter_image_type":"default","twitter_image_url":null,"twitter_image_custom_url":null,"twitter_image_custom_fields":null,"twitter_title":null,"twitter_description":null,"schema":{"blockGraphs":[],"customGraphs":[],"default":{"data":{"Article":[],"Course":[],"Dataset":[],"FAQPage":[],"Movie":[],"Person":[],"Product":[],"ProductReview":[],"Car":[],"Recipe":[],"Service":[],"SoftwareApplication":[],"WebPage":[]},"graphName":"BlogPosting","isEnabled":true},"graphs":[]},"schema_type":"default","schema_type_options":null,"pillar_content":false,"robots_default":true,"robots_noindex":false,"robots_noarchive":false,"robots_nosnippet":false,"robots_nofollow":false,"robots_noimageindex":false,"robots_noodp":false,"robots_notranslate":false,"robots_max_snippet":"-1","robots_max_videopreview":"-1","robots_max_imagepreview":"large","priority":null,"frequency":"default","local_seo":null,"breadcrumb_settings":null,"limit_modified_date":false,"ai":null,"created":"2023-12-06 10:54:55","updated":"2025-06-04 09:50:01","seo_analyzer_scan_date":null,"focus_keyword":null,"additional_keywords":null,"truseo_locale":null},"aioseo_breadcrumb":"<div class=\"aioseo-breadcrumbs\"><span class=\"aioseo-breadcrumb\">\n\t\t\t<a href=\"https:\/\/wia.net.pl\" title=\"Home\">Home<\/a>\n\t\t<\/span><span class=\"aioseo-breadcrumb-separator\">&raquo;<\/span><span class=\"aioseo-breadcrumb\">\n\t\t\t<a href=\"https:\/\/wia.net.pl\/index.php\/category\/artykuly\/\" title=\"Artyku\u0142y\">Artyku\u0142y<\/a>\n\t\t<\/span><span class=\"aioseo-breadcrumb-separator\">&raquo;<\/span><span class=\"aioseo-breadcrumb\">\n\t\t\tNazistowski program hodowlany \u201eSuper Baby\u201d.\n\t\t<\/span><\/div>","aioseo_breadcrumb_json":[{"label":"Home","link":"https:\/\/wia.net.pl"},{"label":"Artyku\u0142y","link":"https:\/\/wia.net.pl\/index.php\/category\/artykuly\/"},{"label":"Nazistowski program hodowlany \u201eSuper Baby\u201d.","link":"https:\/\/wia.net.pl\/index.php\/2023\/12\/06\/nazistowski-program-hodowlany-super-baby\/"}],"_links":{"self":[{"href":"https:\/\/wia.net.pl\/index.php\/wp-json\/wp\/v2\/posts\/5981"}],"collection":[{"href":"https:\/\/wia.net.pl\/index.php\/wp-json\/wp\/v2\/posts"}],"about":[{"href":"https:\/\/wia.net.pl\/index.php\/wp-json\/wp\/v2\/types\/post"}],"author":[{"embeddable":true,"href":"https:\/\/wia.net.pl\/index.php\/wp-json\/wp\/v2\/users\/2"}],"replies":[{"embeddable":true,"href":"https:\/\/wia.net.pl\/index.php\/wp-json\/wp\/v2\/comments?post=5981"}],"version-history":[{"count":1,"href":"https:\/\/wia.net.pl\/index.php\/wp-json\/wp\/v2\/posts\/5981\/revisions"}],"predecessor-version":[{"id":6002,"href":"https:\/\/wia.net.pl\/index.php\/wp-json\/wp\/v2\/posts\/5981\/revisions\/6002"}],"wp:featuredmedia":[{"embeddable":true,"href":"https:\/\/wia.net.pl\/index.php\/wp-json\/wp\/v2\/media\/6001"}],"wp:attachment":[{"href":"https:\/\/wia.net.pl\/index.php\/wp-json\/wp\/v2\/media?parent=5981"}],"wp:term":[{"taxonomy":"category","embeddable":true,"href":"https:\/\/wia.net.pl\/index.php\/wp-json\/wp\/v2\/categories?post=5981"},{"taxonomy":"post_tag","embeddable":true,"href":"https:\/\/wia.net.pl\/index.php\/wp-json\/wp\/v2\/tags?post=5981"}],"curies":[{"name":"wp","href":"https:\/\/api.w.org\/{rel}","templated":true}]}}