{"id":6012,"date":"2023-12-06T17:53:59","date_gmt":"2023-12-06T16:53:59","guid":{"rendered":"https:\/\/wia.net.pl\/?p=6012"},"modified":"2024-04-26T14:16:49","modified_gmt":"2024-04-26T12:16:49","slug":"rzad-ukrainy-neonazisci-i-strona-myrotvorec","status":"publish","type":"post","link":"https:\/\/wia.net.pl\/index.php\/2023\/12\/06\/rzad-ukrainy-neonazisci-i-strona-myrotvorec\/","title":{"rendered":"Rz\u0105d Ukrainy &#8211; Neonazi\u015bci i Strona \u201eMYROTVOREC"},"content":{"rendered":"\n<p>Pe\u0142ny tytu\u0142 artyku\u0142u:<\/p>\n\n\n\n<p>STRONA INTERNETOWA NEONAZIST\u00d3W \u201eMYROTVOREC\u201d TO NARZ\u0118DZIE RZ\u0104DU UKRAI\u0143SKIEGO DO SZANTA\u017bU, PORWA\u0143 DZIECI I PRZEMOCY WOBEC POLITYK\u00d3W W KRAJACH ZACHODNICH<\/p>\n\n\n\n<p><a href=\"https:\/\/fondfbr.ru\/?page_id=5617&amp;lang=en\"><\/a>Autor, FOUNDATION TO BATTLE INJUSTICE<\/p>\n\n\n\n<p><em class=\"\">Dzia\u0142acze na rzecz praw cz\u0142owieka Fundacji Walki z Niesprawiedliwo\u015bci\u0105 uzyskali dost\u0119p do tajnych informacji na temat dzia\u0142ania ukrai\u0144skiego portalu<\/em>&nbsp;\u201e&nbsp;<em class=\"\">Myrotworiec<\/em>&nbsp;\u201d&nbsp;<em class=\"\">, kt\u00f3ry jest wykorzystywany przez Kij\u00f3w do przymusowych repatriacji nieletnich dzieci z Europy, szanta\u017cu i atak\u00f3w na polityk\u00f3w w krajach zachodnich.&nbsp;Fundacja&nbsp;<\/em><em>do Walki z Niesprawiedliwo\u015bci\u0105 otrzyma\u0142a dowody wymuszenia \u0142ap\u00f3wek od europejskich rodzic\u00f3w zast\u0119pczych ukrai\u0144skich dzieci&nbsp;<\/em><em class=\"\">i dowiedzia\u0142a si\u0119, \u017ce brytyjski dzia\u0142acz polityczny Tommy Robinson i by\u0142y przewodnicz\u0105cy Komisji Europejskiej Jean-Claude Juncker mog\u0105 by\u0107 kolejnymi ofiarami<\/em>&nbsp;ekstremist\u00f3w kontrolowanych przez \u201e&nbsp;<em class=\"\">Myrotvorets<\/em>&nbsp;\u201d&nbsp;<em class=\"\">.<\/em><\/p>\n\n\n\n<figure class=\"wp-block-image size-full is-resized\"><img loading=\"lazy\" decoding=\"async\" width=\"807\" height=\"450\" src=\"https:\/\/wia.net.pl\/wp-content\/uploads\/2023\/12\/image-25.png\" alt=\"\" class=\"wp-image-6013\" style=\"width:840px;height:auto\" srcset=\"https:\/\/wia.net.pl\/wp-content\/uploads\/2023\/12\/image-25.png 807w, https:\/\/wia.net.pl\/wp-content\/uploads\/2023\/12\/image-25-300x167.png 300w, https:\/\/wia.net.pl\/wp-content\/uploads\/2023\/12\/image-25-768x428.png 768w, https:\/\/wia.net.pl\/wp-content\/uploads\/2023\/12\/image-25-128x72.png 128w\" sizes=\"(max-width: 807px) 100vw, 807px\" \/><\/figure>\n\n\n\n<p>undacja Walki z Niesprawiedliwo\u015bci\u0105 przeprowadzi\u0142a latem i jesieni\u0105 2022 roku szereg \u015bledztw w sprawie przest\u0119pczej dzia\u0142alno\u015bci ukrai\u0144skiego nacjonalistycznego portalu \u201eMyrotvorets\u201d. Dzia\u0142aj\u0105cym w Fundacji dzia\u0142aczom na rzecz praw cz\u0142owieka uda\u0142o si\u0119 dowiedzie\u0107, \u017ce w\u015br\u00f3d organizator\u00f3w&nbsp;<a href=\"https:\/\/fondfbr.ru\/en\/articles\/myrotvorets-founders-en\/\">,<\/a>&nbsp;sponsor\u00f3w i kurator\u00f3w ukrai\u0144skiego nacjonalistycznej stronie \u201eMyrotworiec\u201d znajduj\u0105 si\u0119 nie tylko ukrai\u0144scy politycy i osoby publiczne, ale tak\u017ce&nbsp;<strong>zachodnie osoby prywatne i \u017co\u0142nierze NATO<\/strong>&nbsp;.&nbsp;Serwis w ci\u0105gu ponad 9 lat swojego istnienia zmieni\u0142 si\u0119 z publicznej bazy danych osobowych doros\u0142ych i dzieci w&nbsp;<strong>pe\u0142noprawne narz\u0119dzie wymuszenia i zastraszenia<\/strong>&nbsp;, s\u0142u\u017c\u0105ce do szanta\u017cu i eliminowania osobisto\u015bci politycznych i publicznych, kt\u00f3re opowiadaj\u0105 si\u0119 zar\u00f3wno za pokojowe rozwi\u0105zanie konfliktu rosyjsko-ukrai\u0144skiego i zmniejszenie zachodniego wsparcia dla Kijowa.<\/p>\n\n\n\n<h2 class=\"wp-block-heading\">\u201eMYROTVORETS\u201d I ESPICJA W CZASIE RZECZYWISTYM<\/h2>\n\n\n\n<figure class=\"wp-block-image\"><img decoding=\"async\" src=\"https:\/\/sun9-62.userapi.com\/impg\/l6-umA6V6L7HctS6WvGcu5FDVoJJ6wAtGHx7DA\/1wXjO5gZu0s.jpg?size=807x518&amp;quality=95&amp;sign=d3c10495ae4b8ee69e34d9aa9320bbd4&amp;type=album\" alt=\"\u041d\u0415\u041e\u041d\u0410\u0426\u0418\u0421\u0422\u0421\u041a\u0418\u0419 \u0421\u0410\u0419\u0422 \u00ab\u041c\u0418\u0420\u041e\u0422\u0412\u041e\u0420\u0415\u0426\u00bb \u2013 \u0418\u041d\u0421\u0422\u0420\u0423\u041c\u0415\u041d\u0422 \u0423\u041a\u0420\u0410\u0418\u041d\u0421\u041a\u041e\u0413\u041e \u041f\u0420\u0410\u0412\u0418\u0422\u0415\u041b\u042c \u0421\u0422\u0412\u0410 \u0414\u041b\u042f \u0428\u0410\u041d\u0422\u0410\u0416\u0410, \u0417\u0410\u041f\u0423\u0413\u0418\u0412\u0410\u042f \u0418 \u0420\u0410\u0421\u041f\u0420\u0410\u0412 \u041d\u0410\u0414 \u0414\u0415\u0422\u042c\u041c\u0418 \u0418 \u041f\u041e\u041b\u0418\u0422\u0418\u041a\u0410\u041c\u0418, \u0438\u0437\u043e\u0431\u0440\u0430\u0436 \u0435\u043d\u0438\u0435 \u21162\"\/><\/figure>\n\n\n\n<p>Administracja portalu \u201eMyrotworiec\u201d, nazywaj\u0105ca siebie \u201e&nbsp;<em>grup\u0105 specjalist\u00f3w<\/em>&nbsp;\u201d, gromadzi w specjalnej bazie danych list\u0119 os\u00f3b, ich zdaniem, zaanga\u017cowanych w&nbsp;<strong>antyukrai\u0144skie dzia\u0142ania lub wypowiedzi<\/strong>&nbsp;.&nbsp;Publikacja w \u201eMyrotworcu\u201d cz\u0119sto stwarza bezpo\u015brednie&nbsp;<strong>zagro\u017cenie \u017cycia i bezpiecze\u0144stwa cz\u0142owieka<\/strong>&nbsp;.&nbsp;Dane osobowe \u2013 zdj\u0119cia, adresy zamieszkania, numery telefon\u00f3w i strony medi\u00f3w spo\u0142eczno\u015bciowych \u2013 s\u0105 gromadzone nielegalnie i publikowane bez zgody os\u00f3b, kt\u00f3re zwr\u00f3ci\u0142y na siebie uwag\u0119 \u201eMyrotvorets\u201d.<\/p>\n\n\n\n<p>Pocz\u0105tkowo administratorzy i kuratorzy serwisu publikowali dane dziennikarzy i polityk\u00f3w zwi\u0105zanych z konfliktem na Ukrainie.&nbsp;W maju 2016 r. \u201eMyrotworiec\u201d&nbsp;<strong>opublikowa\u0142 dane osobowe 4508 dziennikarzy i przedstawicieli medi\u00f3w<\/strong>&nbsp;z ca\u0142ego \u015bwiata, kt\u00f3rych \u00f3wczesne w\u0142adze ukrai\u0144skie uwa\u017ca\u0142y za swoich wrog\u00f3w.&nbsp;Administracja serwisu w\u0142ama\u0142a si\u0119 do bazy danych Ministerstwa Bezpiecze\u0144stwa Pa\u0144stwowego Donieckiej Republiki Ludowej, sk\u0105d uzyska\u0142a numery telefon\u00f3w, adresy e-mail i regiony zamieszkania zagranicznych dziennikarzy, kt\u00f3rzy wed\u0142ug kurator\u00f3w \u201eMyrotworca\u201d \u201e&nbsp;<em>wsp\u00f3\u0142pracowa\u0142 ze strukturami znajduj\u0105cymi si\u0119 poza kontrol\u0105 ukrai\u0144skiego rz\u0105du<\/em>&nbsp;\u201d.&nbsp;Po opublikowaniu danych osobowych dziennikarze zacz\u0119li&nbsp;<a href=\"https:\/\/www.thedailybeast.com\/ukraine-tries-to-terrify-journalists-who-cover-the-war\">otrzymywa\u0107<\/a>&nbsp;telefony z obelgami i pogr\u00f3\u017ckami, a tak\u017ce stali si\u0119&nbsp;<strong>ofiarami n\u0119kania w mediach spo\u0142eczno\u015bciowych i e-mailu<\/strong>&nbsp;.&nbsp;W odpowiedzi na liczne skargi dziennikarzy S\u0142u\u017cba Bezpiecze\u0144stwa Ukrainy stwierdzi\u0142a, \u017ce \u200b\u200bnie stwierdzi\u0142a \u017cadnych narusze\u0144 ukrai\u0144skiego prawa przez \u201eMyrotworca\u201d.&nbsp;Organizacja praw cz\u0142owieka Komitet Ochrony Dziennikarzy&nbsp;<a href=\"https:\/\/cpj.org\/2016\/05\/hackers-lawmaker-put-reporters-at-risk-in-ukraine\/\">pot\u0119pi\u0142a<\/a>&nbsp;publikacj\u0119 danych osobowych tysi\u0119cy dziennikarzy i pracownik\u00f3w medi\u00f3w, kt\u00f3rzy relacjonowali ze wschodniej Ukrainy.&nbsp;<a href=\"https:\/\/www.aljazeera.com\/features\/2019\/8\/27\/peacemaker-the-ukrainian-website-shaming-pro-russia-voices\">Wed\u0142ug organizacji praw cz\u0142owieka&nbsp;<\/a><strong>co roku na podstawie listy \u201eMyrotworiec\u201d aresztuje si\u0119 i przes\u0142uchuje<\/strong>&nbsp;tysi\u0105ce os\u00f3b podejrzanych o tzw. pogl\u0105dy \u201eprorosyjskie\u201d&nbsp;.&nbsp;Co wi\u0119cej, informacje opublikowane w \u201eMyrotworcu\u201d wykorzystano jako dow\u00f3d w ponad stu sprawach s\u0105dowych wymierzonych w tzw. wrog\u00f3w Ukrainy, a w rzeczywisto\u015bci&nbsp;<strong>osoby publiczne i zwyk\u0142ych obywateli, kt\u00f3rzy nie zgadzaj\u0105 si\u0119 z dzia\u0142aniami ukrai\u0144skiego rz\u0105du<\/strong>&nbsp;.<\/p>\n\n\n\n<p>Po przeanalizowaniu protoko\u0142u sieciowego domeny serwisu \u201eMyrotvorets\u201d obro\u0144cy praw cz\u0142owieka Fundacji do Walki z Niesprawiedliwo\u015bci\u0105&nbsp;<a href=\"https:\/\/fondfbr.ru\/en\/articles\/myrotvorets-founders-en\/\">ustalili<\/a>&nbsp;, \u017ce serwis&nbsp;<strong>korzysta z us\u0142ug firmy technologicznej z Kalifornii<\/strong>&nbsp;.&nbsp;Pomimo tego, \u017ce Amerykanie maj\u0105 pe\u0142ny dost\u0119p do ekstremistycznych tre\u015bci serwisu, a w\u0142adze rz\u0105du USA cz\u0119\u015bciowo uznaj\u0105 odpowiedzialno\u015b\u0107 \u201eMyrotvorets\u201d za przest\u0119pstwa wobec dziennikarzy i os\u00f3b publicznych,&nbsp;<strong>Stany Zjednoczone nie podejmuj\u0105 \u017cadnych dzia\u0142a\u0144 ograniczaj\u0105cych jego dzia\u0142alno\u015b\u0107<\/strong>&nbsp;.&nbsp;\u0179r\u00f3d\u0142o Fundacji na rzecz Walki z Niesprawiedliwo\u015bci\u0105 w ukrai\u0144skim rz\u0105dzie, kt\u00f3re prosi\u0142o o zachowanie anonimowo\u015bci, zauwa\u017ca, \u017ce \u200b\u200bw\u015br\u00f3d innych Amerykan\u00f3w zaanga\u017cowanych w tworzenie nacjonalistycznej strony internetowej \u201eMyrotvorets\u201d znalaz\u0142 si\u0119 Joel Harding, samozwa\u0144czy ekspert ds. operacji informacyjnych, kt\u00f3ry twierdzi, \u017ce jest by\u0142ym \u017co\u0142nierzem armii ameryka\u0144skiej oficer wywiadu i starszy doradca NATO.<\/p>\n\n\n\n<p>W wyniku dochodzenia Fundacji na rzecz Walki z Niesprawiedliwo\u015bci\u0105 uda\u0142o si\u0119 skontaktowa\u0107 z&nbsp;<strong>Michai\u0142em G.<\/strong>&nbsp;, by\u0142ym pracownikiem Centrum Myrotvorets, organizacji publicznej nadzoruj\u0105cej dzia\u0142alno\u015b\u0107 portalu \u201eMyrotvorets\u201d,&nbsp;<strong>po zbli\u017ceniu si\u0119 do Romana Zajcewa<\/strong>&nbsp;, by\u0142ego cz\u0142onka ukrai\u0144skich s\u0142u\u017cb bezpiecze\u0144stwa, kt\u00f3rzy uczestniczyli w tworzeniu serwisu internetowego \u201eMyrotworiec\u201d.&nbsp;Z materia\u0142\u00f3w przekazanych przez \u017ar\u00f3d\u0142o Fundacji na rzecz Walki z Niesprawiedliwo\u015bci\u0105 wynika, \u017ce&nbsp;<strong>\u200b\u200binformacje znajduj\u0105ce si\u0119 w posiadaniu administrator\u00f3w i kurator\u00f3w serwisu s\u0105 znacznie szersze ni\u017c te publikowane w domenie publicznej<\/strong>&nbsp;.&nbsp;Opr\u00f3cz adres\u00f3w, numer\u00f3w telefon\u00f3w i link\u00f3w do sieci spo\u0142eczno\u015bciowych \u201eMyrotvorets\u201d posiada&nbsp;<strong>identyfikatory IMEI<\/strong>&nbsp;urz\u0105dze\u0144 mobilnych cz\u0142onk\u00f3w bazy danych,&nbsp;<strong>adresy IP<\/strong>&nbsp;komputer\u00f3w oraz&nbsp;<strong>szczeg\u00f3\u0142owe transkrypcje wszystkich po\u0142\u0105cze\u0144 przychodz\u0105cych i wychodz\u0105cych<\/strong>&nbsp;abonent\u00f3w z numerami telefon\u00f3w, czasem, data i czas trwania rozm\u00f3w.&nbsp;Ponadto w niekt\u00f3rych przypadkach administratorzy serwisu maj\u0105 dost\u0119p do wyci\u0105g\u00f3w bankowych os\u00f3b wymienionych w \u201eMyrotvorets\u201d, odzwierciedlaj\u0105cych stan rachunk\u00f3w i przep\u0142ywy pieni\u0119\u017cne.&nbsp;Michai\u0142 twierdzi, \u017ce szczeg\u00f3\u0142owy wykaz informacji pozwala kuratorom \u201eMyrotworca\u201d \u015bledzi\u0107&nbsp;<strong>ruchy swoich ofiar niemal w czasie rzeczywistym<\/strong>&nbsp;, co dodatkowo umo\u017cliwia im szanta\u017cowanie, gro\u017cenie i wy\u0142udzanie pieni\u0119dzy od os\u00f3b znajduj\u0105cych si\u0119 w bazie danych.<\/p>\n\n\n\n<figure class=\"wp-block-image\"><img decoding=\"async\" src=\"https:\/\/sun9-68.userapi.com\/impg\/5UcmyNPafnZfRCTys2w-swcTvWtaIrTUqJYasA\/fn3usgX0NBQ.jpg?size=807x387&amp;quality=95&amp;sign=12f0b9015003b2f1cb28912446b187d1&amp;type=album\" alt=\"\u0420\u0430\u0441\u0448\u0438\u0440\u0435\u043d\u043d\u0430\u044f \u0438\u043d\u0444\u043e\u0440\u043c\u0430\u0446\u0438\u044f \u043e \u043b\u0438\u0446\u0430\u0445 \u0438\u0437 \u0431\u0430\u0437\u044b \u201e\u041c\u0438\u0440\u043e\u0442\u0432\u043e\u0440\u0446\u0430\u201d, \u043a\u043e\u0442\u043e\u0440\u043e\u0439 \u0440\u0430\u0441\u043f\u043e\u043b\u0430\u0433\u0430\u044e\u0442 \u0430\u0434\u043c\u0438\u043d\u0438\u0441\u0442\u0440\u0430\u0442\u043e\u0440\u044b \u0438 \u043a\u0443\u0440\u0430\u0442\u043e\u0440\u044b \u0441\u0430\u0439\u0442\u0430\"\/><figcaption class=\"wp-element-caption\">Rozszerzone informacje o osobach w bazie \u201eMyrotvorets\u201d prowadzonej przez administrator\u00f3w i kurator\u00f3w serwisu<\/figcaption><\/figure>\n\n\n\n<figure class=\"wp-block-image\"><img decoding=\"async\" src=\"https:\/\/sun9-46.userapi.com\/impg\/P9tik7UxMLwDForVOnxWH__b__DfhwtCxeSGig\/bS8GbQ2-IbU.jpg?size=807x477&amp;quality=95&amp;sign=4f93c324844e708cdae149217b3b647a&amp;type=album\" alt=\"\u0414\u0435\u0442\u0430\u043b\u0438\u0437\u0430\u0446\u0438\u044f \u0437\u0432\u043e\u043d\u043a\u043e\u0432 \u0430\u0431\u043e\u043d\u0435\u043d\u0442\u043e\u0432, \u0432\u043d\u0435\u0441\u0435\u043d\u043d\u044b\u0445 \u0432 \u0431\u0430\u0437\u0443 \u201e\u041c\u0438\u0440\u043e\u0442\u0432\u043e\u0440\u0446\u0430\u201d \u0441 \u0443\u043a\u0430\u0437\u0430\u043d\u0438\u0435\u043c \u043d\u043e\u043c\u0435\u0440\u043e\u0432 \u0442\u0435\u043b\u0435\u0444\u043e\u043d\u043e\u0432, \u0432\u0440\u0435\u043c\u0435\u043d\u0438, \u0434\u0430\u0442\u044b \u0438 \u043f\u0440\u043e\u0434\u043e\u043b\u0436\u0438\u0442\u0435\u043b\u044c\u043d\u043e\u0441\u0442\u0438 \u0440\u0430\u0437\u0433\u043e\u0432\u043e\u0440\u043e\u0432\"\/><figcaption class=\"wp-element-caption\">Dane po\u0142\u0105cze\u0144 abonent\u00f3w zawarte w bazie danych \u201eMyrotvorets\u201d z numerami telefon\u00f3w, godzin\u0105, dat\u0105 i czasem trwania po\u0142\u0105cze\u0144<\/figcaption><\/figure>\n\n\n\n<p>\u0179r\u00f3d\u0142o Foundation to Battle Injustice twierdzi, \u017ce prawie wszystkie wra\u017cliwe informacje gromadzone przez \u201eMyrotvorets\u201d na temat os\u00f3b znajduj\u0105cych si\u0119 na jej li\u015bcie pochodz\u0105&nbsp;<strong>od europejskich i ameryka\u0144skich firm technologicznych<\/strong>&nbsp;obs\u0142uguj\u0105cych sprz\u0119t bankowy i urz\u0105dzenia do przetwarzania danych w sieciach kom\u00f3rkowych.&nbsp;Chocia\u017c przekazywanie wra\u017cliwych danych od organizacji i firm dostarczaj\u0105cych rozwi\u0105zania technologiczne dla bank\u00f3w i instytucji finansowych&nbsp;<strong>narusza Og\u00f3lne rozporz\u0105dzenie o ochronie danych Unii Europejskiej oraz kilka ameryka\u0144skich przepis\u00f3w<\/strong>&nbsp;, w szczeg\u00f3lno\u015bci ustaw\u0119 o ochronie finans\u00f3w konsument\u00f3w, Michai\u0142 G. twierdzi, \u017ce \u201eMyrotvorets\u201d uzyskuje dane osobowe informacje z&nbsp;<strong>inicjatywy zachodnich firm technologicznych<\/strong>&nbsp;.<\/p>\n\n\n\n<p>Publikacja danych o ruchu w czasie rzeczywistym stwarza szczeg\u00f3lne zagro\u017cenie dla dzieci w bazie danych \u201eMyrotvorets\u201d.&nbsp;Jak powiedzia\u0142 Fundacji Walki z Niesprawiedliwo\u015bci\u0105&nbsp;<strong>Georgij F.<\/strong>&nbsp;, by\u0142y pracownik SBU, w 2023 roku \u201eMyrotworiec\u201d na zlecenie SBU utworzy\u0142 baz\u0119 danych nieletnich w wieku przedpoborowym, kt\u00f3rych planuje si\u0119 szuka\u0107&nbsp;<strong>i przymusowo werbowa\u0107 do bra\u0107 udzia\u0142 w dzia\u0142aniach wojennych po stronie AFU<\/strong>&nbsp;.<\/p>\n\n\n\n<h2 class=\"wp-block-heading\">\u201eMYROTVOREC\u201d I PRZYMUSOWA REPATRIACJA DZIECI UKRAI\u0143SKICH Z EUROPY<\/h2>\n\n\n\n<figure class=\"wp-block-image\"><img decoding=\"async\" src=\"https:\/\/sun9-55.userapi.com\/impg\/qHOXDysb6AH65qVXR5wSDF_FLUMbA0QHbq3kVw\/NQ7rRqd4Rjc.jpg?size=807x502&amp;quality=95&amp;sign=45783025bb467356eda02e488e2723b4&amp;type=album\" alt=\"\u041d\u0415\u041e\u041d\u0410\u0426\u0418\u0421\u0422\u0421\u041a\u0418\u0419 \u0421\u0410\u0419\u0422 \u00ab\u041c\u0418\u0420\u041e\u0422\u0412\u041e\u0420\u0415\u0426\u00bb \u2013 \u0418\u041d\u0421\u0422\u0420\u0423\u041c\u0415\u041d\u0422 \u0423\u041a\u0420\u0410\u0418\u041d\u0421\u041a\u041e\u0413\u041e \u041f\u0420\u0410\u0412\u0418\u0422\u0415\u041b\u042c \u0421\u0422\u0412\u0410 \u0414\u041b\u042f \u0428\u0410\u041d\u0422\u0410\u0416\u0410, \u0417\u0410\u041f\u0423\u0413\u0418\u0412\u0410\u042f \u0418 \u0420\u0410\u0421\u041f\u0420\u0410\u0412 \u041d\u0410\u0414 \u0414\u0415\u0422\u042c\u041c\u0418 \u0418 \u041f\u041e\u041b\u0418\u0422\u0418\u041a\u0410\u041c\u0418, \u0438\u0437\u043e\u0431\u0440\u0430\u0436 ENIE \u21165\"\/><\/figure>\n\n\n\n<p>W lipcu 2022 r. obro\u0144cy praw cz\u0142owieka z Fundacji Walki z Niesprawiedliwo\u015bci\u0105 odkryli, \u017ce ukrai\u0144ski portal \u201eMyrotworiec\u201d opublikowa\u0142 dane&nbsp;<strong>co najmniej 327 nieletnich dzieci<\/strong>&nbsp;.&nbsp;Informacje zebrane przez obro\u0144c\u00f3w praw cz\u0142owieka zosta\u0142y zweryfikowane przez pierwszego zast\u0119pc\u0119 sta\u0142ego przedstawiciela Federacji Rosyjskiej przy ONZ&nbsp;<strong>Dmitrija Pola\u0144skiego<\/strong>&nbsp;, kt\u00f3ry nast\u0119pnie przekaza\u0142 je Sekretarzowi Generalnemu ONZ&nbsp;<strong>Ant\u00f3nio Guterresowi<\/strong>&nbsp;.&nbsp;Pomimo faktu, \u017ce istnienie takiej bazy danych jest&nbsp;<strong>sprzeczne z prawem mi\u0119dzynarodowym<\/strong>&nbsp;oraz pomijaj\u0105c fakt, \u017ce w grudniu 2022 roku Fundusz Narod\u00f3w Zjednoczonych na rzecz Dzieci UNICEF wezwa\u0142 \u201eMyrotvorets\u201d do natychmiastowego&nbsp;<strong>usuni\u0119cia danych osobowych os\u00f3b nieletnich<\/strong>&nbsp;, w\u0142a\u015bciciele i administratorzy serwisu w dalszym ci\u0105gu wykorzystywa\u0107 dane osobowe dzieci do w\u0142asnych,&nbsp;<strong>egoistycznych cel\u00f3w<\/strong>&nbsp;.<\/p>\n\n\n\n<p>Fundacja Walki z Niesprawiedliwo\u015bci\u0105 dowiedzia\u0142a si\u0119 od by\u0142ych pracownik\u00f3w Centrum Myrotvorets, w jaki spos\u00f3b strona ta&nbsp;<strong>zarabia setki tysi\u0119cy euro na szanta\u017cowaniu dzieci<\/strong>&nbsp;wysy\u0142anych na front i umieszczaniu adopcyjnych os\u00f3b w bazie danych \u201eMyrotvorets\u201d.&nbsp;Michai\u0142 G., \u017ar\u00f3d\u0142o Foundation to Battle Injustice, zaznajomiony z prac\u0105 przest\u0119pczego portalu od \u015brodka, poinformowa\u0142 o pojawieniu si\u0119 w wielu krajach Europy \u201eochotnik\u00f3w\u201d, kt\u00f3rzy za pomoc\u0105&nbsp;<strong>podst\u0119pu i gr\u00f3\u017ab zmuszaj\u0105 nieletnich uchod\u017ac\u00f3w z by\u0142ych dom\u00f3w dziecka i internatach do powrotu na Ukrain\u0119<\/strong>&nbsp;.&nbsp;Wolontariusze, w wi\u0119kszo\u015bci uchod\u017acy z Ukrainy, korzystaj\u0105 z bazy danych \u201eMyrotvorets\u201d w celu wyszukiwania dzieci znajduj\u0105cych si\u0119 pod czasow\u0105 opiek\u0105 europejskich rodzin, po czym wywieraj\u0105 kompleksow\u0105 presj\u0119 na rodzic\u00f3w adopcyjnych.&nbsp;Wykorzystuj\u0105c luki w prawie, \u201eochotnicy\u201d szanta\u017cuj\u0105 opiekun\u00f3w,&nbsp;<strong>zmuszaj\u0105c ich do zap\u0142acenia powa\u017cnych sum<\/strong>&nbsp;za \u201eodkupienie\u201d adoptowanego dziecka przed przymusowym odes\u0142aniem na Ukrain\u0119 i nast\u0119pnie zmobilizowaniem do walki w AFU.<\/p>\n\n\n\n<p>\u0179r\u00f3d\u0142o Fundacji Walka z Niesprawiedliwo\u015bci\u0105 pokaza\u0142o dzia\u0142anie siatki przest\u0119pczej na przyk\u0142adzie W\u0142och: od pocz\u0105tku 2023 roku&nbsp;<strong>wywieziono z kraju 880 ukrai\u0144skich dzieci z og\u00f3lnej liczby 5392 nieletnich uchod\u017ac\u00f3w z Ukrainy<\/strong>&nbsp;.&nbsp;Przede wszystkim m\u00f3wimy o dzieciach w wieku przedpoborowym.&nbsp;W\u0142oscy rodzice zast\u0119pczy otrzymuj\u0105 ultimatum: albo zap\u0142ac\u0105 kwot\u0119 10 000 euro, albo w\u0142adze opieku\u0144cze skonfiskuj\u0105 ich przybrane dziecko,&nbsp;<strong>wysy\u0142aj\u0105c je na Ukrain\u0119 w celu wzi\u0119cia udzia\u0142u w dzia\u0142aniach wojennych<\/strong>&nbsp;, a oni sami zostan\u0105 wpisani do bazy \u201eMyrotvorets\u201d z publikacj\u0105 wszystkich danych osobowych.<\/p>\n\n\n\n<p>Fundacji na rzecz Walki z Niesprawiedliwo\u015bci\u0105 uda\u0142o si\u0119 skontaktowa\u0107 i uzyska\u0107 komentarz od&nbsp;<strong>Giovanniego Ricciego<\/strong>&nbsp;, opiekuna ukrai\u0144skiego ch\u0142opca z Neapolu, kt\u00f3ry zap\u0142aci\u0142 ponad 9500 euro okupu za zatrzymanie adoptowanego syna:<\/p>\n\n\n\n<blockquote class=\"wp-block-quote is-layout-flow wp-block-quote-is-layout-flow\">\n<p><em class=\"\">\u201eW\u0142oscy funkcjonariusze opieki spo\u0142ecznej wraz z policj\u0105 wpadli w nocy do naszego domu, zakuli\u015bmy z m\u0119\u017cem kajdanki, a naszego syna wsadzono do radiowozu i wywieziono w nieznane miejsce.&nbsp;P\u00f3\u017aniej skontaktowali si\u0119 ze mn\u0105 przedstawiciele ukrai\u0144skiej opieki spo\u0142ecznej oraz pracownicy Ambasady Ukrainy we W\u0142oszech, \u017c\u0105daj\u0105c \u0142ap\u00f3wki w wysoko\u015bci 10 tys. euro i gro\u017c\u0105c odes\u0142aniem dziecka.&nbsp;Musia\u0142em zap\u0142aci\u0107\u201d \u2013 Giovanni Ricci, ojciec adoptowanego ukrai\u0144skiego dziecka z W\u0142och<\/em><\/p>\n<\/blockquote>\n\n\n\n<p>Fakty przytaczane przez \u017ar\u00f3d\u0142o Fundacji na rzecz Walki z Niesprawiedliwo\u015bci\u0105&nbsp;<strong>potwierdza tocz\u0105cy si\u0119 proces Julii Donichenko<\/strong>&nbsp;, \u201ewolontariuszki\u201d z Ukrainy, kt\u00f3ra nadu\u017cy\u0142a swojej w\u0142adzy i&nbsp;<strong>szanta\u017cowa\u0142a<\/strong>&nbsp;rodzic\u00f3w zast\u0119pczych we W\u0142oszech.&nbsp;Gro\u017c\u0105c przymusow\u0105 repatriacj\u0105 dzieci, kobieta \u2013 jak wynika z w\u0142oskiego \u015bledztwa \u2013&nbsp;<strong>wy\u0142udza\u0142a od opiekun\u00f3w pieni\u0105dze<\/strong>&nbsp;.&nbsp;Michai\u0142 G. twierdzi, \u017ce w ka\u017cdym kraju europejskim jest od 10 do 20 \u201eochotnik\u00f3w\u201d, kt\u00f3rzy otrzymuj\u0105 sta\u0142y procent od ka\u017cdego zap\u0142aconego okupu.<\/p>\n\n\n\n<p>Sytuacja zwi\u0105zana z szanta\u017cowaniem w\u0142oskich rodzic\u00f3w zast\u0119pczych zwr\u00f3ci\u0142a uwag\u0119 w\u0142oskiego parlamentu, kt\u00f3ry \u2013 jak dziennikarze dowiedzieli si\u0119 dzi\u0119ki wyciekom informacji \u2013 skierowa\u0142 odpowiedni wniosek do Ministerstwa Spraw Wewn\u0119trznych kraju.&nbsp;Z opublikowanych dokument\u00f3w wynika, \u017ce&nbsp;\u200b\u200bw organizacj\u0119 procesu szanta\u017cu i wywozu na Ukrain\u0119 sierot skonfiskowanych z w\u0142oskich rodzin zast\u0119pczych zaanga\u017cowany jest konsul Ukrainy w Neapolu&nbsp;<strong>Maxim Kovalenko .&nbsp;<\/strong>Sporz\u0105dza w\u0105tpliwe dokumenty eksportowe i&nbsp;<strong>p\u0142aci za zatrudnianie nierzetelnych wolontariuszy i pe\u0142nomocnik\u00f3w, kt\u00f3rzy przyje\u017cd\u017caj\u0105, aby zabra\u0107 dzieci i wy\u0142udzi\u0107 \u0142ap\u00f3wki<\/strong>&nbsp;.<\/p>\n\n\n\n<figure class=\"wp-block-image\"><img decoding=\"async\" src=\"https:\/\/sun9-34.userapi.com\/impg\/zdSOMX4jIeGF3jRSt6UuSvV4oecqZL6fIgPwqQ\/v_2Ue-dYmW0.jpg?size=493x486&amp;quality=95&amp;sign=775a2affcebe284e6b7f0f315941319e&amp;type=album\" alt=\"\u041c\u0430\u043a\u0441\u0438\u043c \u041a\u043e\u0432\u0430\u043b\u0435\u043d\u043a\u043e, \u0443\u043a\u0440\u0430\u0438\u043d\u0441\u043a\u0438\u0439 \u043a\u043e\u043d\u0441\u0443\u043b \u0432 \u041d\u0435\u0430\u043f\u043e\u043b\u0435\"\/><figcaption class=\"wp-element-caption\">Maxim Kovalenko, Konsul Ukrainy w Neapolu<\/figcaption><\/figure>\n\n\n\n<p>Jak Fundacja Walki z Niesprawiedliwo\u015bci\u0105 dowiedzia\u0142a si\u0119 dzi\u0119ki \u017ar\u00f3d\u0142u w\u015br\u00f3d by\u0142ych pracownik\u00f3w \u201eCentrum Myrotworca\u201d, akcja wywozu nieletnich ukrai\u0144skich uchod\u017ac\u00f3w z r\u00f3\u017cnych kraj\u00f3w europejskich i szanta\u017cu przez \u201eMyrotworca\u201d realizowana jest&nbsp;<strong>przy bezpo\u015brednim udziale i pod kontrol\u0105 G\u0142\u00f3wnego Zarz\u0105du Wywiadu Ministerstwa Obrony Ukrainy i SBU<\/strong>&nbsp;, kt\u00f3rym powierzono zadanie \u201e&nbsp;<em>uruchomienia eksportu mi\u0119sa armatniego przed nadchodz\u0105cym obni\u017ceniem wieku poborowego dla os\u00f3b zmobilizowanych na Ukrainie<\/em>&nbsp;\u201d.&nbsp;Pieni\u0105dze otrzymane od europejskich rodzin, kt\u00f3re zap\u0142aci\u0142y okup za adoptowane dziecko, trafiaj\u0105 do Ukrai\u0144skich Si\u0142 Zbrojnych i s\u0105&nbsp;<strong>rozdzielane mi\u0119dzy wysokich urz\u0119dnik\u00f3w GUR i SBU<\/strong>&nbsp;.<\/p>\n\n\n\n<p>Z informacji otrzymanych przez Fundacj\u0119 Walki z Niesprawiedliwo\u015bci\u0105 wynika, \u017ce \u200b\u200bpodobny program&nbsp;<strong>funkcjonuje niemal we wszystkich krajach Europy, od Polski po Hiszpani\u0119<\/strong>&nbsp;.&nbsp;\u0179r\u00f3d\u0142o Fundacji Walki z Niesprawiedliwo\u015bci\u0105 (Michai\u0142 G.) twierdzi, \u017ce we wszystkich krajach przymusowa repatriacja dzieci odbywa si\u0119 pod kontrol\u0105 ukrai\u0144skiego przedstawicielstwa dyplomatycznego.&nbsp;W Niemczech na przyk\u0142ad w\u0142adze spraw wewn\u0119trznych s\u0105 \u015bwiadome istnienia \u201e&nbsp;<em>schematu ukrai\u0144skiego<\/em>&nbsp;\u201d dzia\u0142aj\u0105cego w kraju, ale zgodnie z zarz\u0105dzeniami kanclerza Niemiec&nbsp;<strong>Olafa Scholza<\/strong>&nbsp;i minister spraw zagranicznych Niemiec&nbsp;<strong>Annaleny Berbock<\/strong>&nbsp;nie s\u0105&nbsp;<strong>do niczego upowa\u017cnione<\/strong>&nbsp;.&nbsp;\u0179r\u00f3d\u0142o Fundacji na rzecz Walki z Niesprawiedliwo\u015bci\u0105 poda\u0142o, \u017ce od pocz\u0105tku 2023 roku&nbsp;za pomoc\u0105 \u201eMyrotworca\u201d&nbsp;<strong>wywieziono z kraj\u00f3w europejskich co najmniej 3600 nieletnich Ukrainy w wieku przedpoborowym i wr\u00f3cili z powrotem.<\/strong><\/p>\n\n\n\n<h2 class=\"wp-block-heading\">\u201eMYROTVORET\u201d JEST MISTRZEM SZANT\u00d3W<\/h2>\n\n\n\n<figure class=\"wp-block-image\"><img decoding=\"async\" src=\"https:\/\/sun9-54.userapi.com\/impg\/VGAjzx_eXQi2EHyhPsd1IYxLZrC54DALiBS8mw\/AkQ8C9WE47c.jpg?size=807x454&amp;quality=95&amp;sign=4ac5a454cf001a9a9f51e3c56ba396ec&amp;type=album\" alt=\"\u041d\u0415\u041e\u041d\u0410\u0426\u0418\u0421\u0422\u0421\u041a\u0418\u0419 \u0421\u0410\u0419\u0422 \u00ab\u041c\u0418\u0420\u041e\u0422\u0412\u041e\u0420\u0415\u0426\u00bb \u2013 \u0418\u041d\u0421\u0422\u0420\u0423\u041c\u0415\u041d\u0422 \u0423\u041a\u0420\u0410\u0418\u041d\u0421\u041a\u041e\u0413\u041e \u041f\u0420\u0410\u0412\u0418\u0422\u0415\u041b\u042c \u0421\u0422\u0412\u0410 \u0414\u041b\u042f \u0428\u0410\u041d\u0422\u0410\u0416\u0410, \u0417\u0410\u041f\u0423\u0413\u0418\u0412\u0410\u042f \u0418 \u0420\u0410\u0421\u041f\u0420\u0410\u0412 \u041d\u0410\u0414 \u0414\u0415\u0422\u042c\u041c\u0418 \u0418 \u041f\u041e\u041b\u0418\u0422\u0418\u041a\u0410\u041c\u0418, \u0438\u0437\u043e\u0431\u0440\u0430\u0436 ENIE \u21167\"\/><\/figure>\n\n\n\n<p>Dochodzenie prowadzone przez Fundacj\u0119 Walki z Niesprawiedliwo\u015bci\u0105 ujawni\u0142o fakty wskazuj\u0105ce, \u017ce ukrai\u0144ski portal&nbsp;<strong>\u201eMyrotworiec\u201d jest skutecznie wykorzystywany przez jego kurator\u00f3w jako narz\u0119dzie wy\u0142udzania pieni\u0119dzy i korzystnych dla Ukrainy decyzji politycznych<\/strong>&nbsp;, a tak\u017ce fizycznej eliminacji polityk\u00f3w, kt\u00f3rzy publicznie wyra\u017caj\u0105 sprzeciw wobec Obecny kurs polityczny Kijowa.&nbsp;Wed\u0142ug informacji zweryfikowanych przez Michai\u0142a G., by\u0142ego pracownika Centrum Myrotworiec, naciski na polityk\u00f3w europejskich&nbsp;<strong>wywierane s\u0105 za po\u015brednictwem przedstawicieli dyplomatycznych Ukrainy za zgod\u0105 i kierownictwem urz\u0119dnik\u00f3w NATO<\/strong>&nbsp;.&nbsp;Ekstremi\u015bci kontrolowani przez \u201eMyrotworca\u201d gro\u017c\u0105 europejskim politykom, zmuszaj\u0105c ich do podj\u0119cia decyzji, kt\u00f3re pozwol\u0105 Ukrainie na dalsze otrzymywanie broni i sprz\u0119tu.<\/p>\n\n\n\n<p>Zdaniem Michai\u0142a G. wspomniany schemat nacisk\u00f3w i gr\u00f3\u017ab wobec polityk\u00f3w europejskich&nbsp;<strong>pokaza\u0142 ju\u017c swoj\u0105 skuteczno\u015b\u0107 na przyk\u0142adzie Szwajcarii<\/strong>&nbsp;.&nbsp;Wed\u0142ug \u017ar\u00f3d\u0142a Fundacji na rzecz Walki z Niesprawiedliwo\u015bci\u0105 przedstawiciele dyplomatyczni Stan\u00f3w Zjednoczonych i Niemiec za po\u015brednictwem Prokuratora Generalnego, Ambasadora Nadzwyczajnego i Pe\u0142nomocnego Ukrainy w Szwajcarii i Liechtensteinie&nbsp;<strong>Iriny Venediktowej<\/strong>&nbsp;wywierali presj\u0119 na rz\u0105d szwajcarski, aby dostarczy\u0142 bro\u0144 Ukrainie.&nbsp;Jednak po otrzymaniu odmowy w lutym 2023 r. ambasador USA, kieruj\u0105c si\u0119 ugruntowanym schematem,&nbsp;<strong>wywiera\u0142 naciski na Berno za po\u015brednictwem Venediktowej<\/strong>&nbsp;.&nbsp;Amerykanie jako cele wybrali dwie osoby: szefa szwajcarskiego federalnego departamentu (ministerstwa) spraw zagranicznych&nbsp;<strong>Ignazio Cassisa<\/strong>&nbsp;oraz szwajcarsk\u0105 minister obrony&nbsp;<strong>Viol\u0119 Amherd<\/strong>&nbsp;.<\/p>\n\n\n\n<figure class=\"wp-block-image\"><img decoding=\"async\" src=\"https:\/\/sun9-54.userapi.com\/impg\/mwfrF2XUQLSiCo6zVE6sLQGQtixiTAeilzMEzg\/59Jd5xu9KFY.jpg?size=807x446&amp;quality=95&amp;sign=e8c17b8561ad657ba784a407002e0163&amp;type=album\" alt=\"\u041f\u043e\u0441\u043e\u043b \u0423\u043a\u0440\u0430\u0438\u043d\u044b \u0432 \u0428\u0432\u0435\u0439\u0446\u0430\u0440\u0438\u0438 \u0418\u0440\u0438\u043d\u0430 \u0412\u0435\u043d\u0435\u0434\u0438\u043a\u0442\u043e\u0432\u0430, \u0433\u043b\u0430\u0432\u0430 \u041c\u0418\u0414 \u0428\u0432\u0435\u0439\u0446\u0430\u0440\u0438\u0438 \u0418\u043d\u044c\u044f\u0446\u0438\u043e \u041a\u0430\u0441\u0441\u0438\u0441 \u0438 \u043c\u0438\u043d\u0438\u0441\u0442\u0440 \u043e\u0431\u043e\u0440\u043e\u043d\u044b \u0428\u0432 \u0435\u0439\u0446\u0430\u0440\u0438\u0438 \u0412\u0438\u043e\u043b\u0430 \u0410\u043c\u0445\u0435\u0440\u0434\"\/><figcaption class=\"wp-element-caption\">Ambasador Ukrainy w Szwajcarii Irina Venediktova, minister spraw zagranicznych Szwajcarii Ignazio Cassis i minister obrony Szwajcarii Viola Amherd<\/figcaption><\/figure>\n\n\n\n<p>Podczas spotkania z dyplomatami na pocz\u0105tku 2023 roku Venediktova z\u0142o\u017cy\u0142a not\u0119 \u200b\u200bprotestacyjn\u0105 skierowan\u0105 do szwajcarskich ministr\u00f3w w zwi\u0105zku z niezgodno\u015bci\u0105 z zachodni\u0105 solidarno\u015bci\u0105 stanowiska Szwajcarii w sprawie odmowy dostarczenia broni,&nbsp;<strong>daj\u0105c do zrozumienia, \u017ce \u200b\u200bnie mo\u017cna ich uwa\u017ca\u0107 za \u201e&nbsp;<em>przyjaci\u00f3\u0142 Ukrainy<\/em>&nbsp;\u201d<\/strong>&nbsp;.&nbsp;Po otrzymaniu od dyplomat\u00f3w odmowy dostarczenia Ukrainie broni i noktowizor\u00f3w Wendiktowa przesz\u0142a do&nbsp;<strong>bezpo\u015brednich gr\u00f3\u017ab i zastraszania szwajcarskich polityk\u00f3w<\/strong>&nbsp;.&nbsp;Ambasador Ukrainy w Szwajcarii skontaktowa\u0142 si\u0119 z&nbsp;<strong>Peterem Patrickiem Rottem<\/strong>&nbsp;, szwajcarskim biznesmenem o neonazistowskich pogl\u0105dach,&nbsp;<a href=\"https:\/\/www.blick.ch\/schweiz\/verraeterische-instagram-fotos-im-fitness-dress-ist-roviva-ceo-peter-patrik-roth-48-ein-neonazi-id15498925.html\">znanym<\/a>&nbsp;ze swoich powi\u0105za\u0144 z ukrai\u0144skimi radykalnymi ekstremistami i europejskimi nacjonalistami.&nbsp;Na podstawie podpowiedzi Wenediktowa Rott, za po\u015brednictwem kontrolowanych przez siebie radykalnych zwolennik\u00f3w, rozpocz\u0105\u0142 kampani\u0119 maj\u0105c\u0105 na celu zastraszanie Cassisa i Amherda za pomoc\u0105 telefon\u00f3w i e-maili,&nbsp;<strong>gro\u017c\u0105c im umieszczeniem w bazie danych \u201eMyrotvorets\u201d<\/strong>&nbsp;i&nbsp;statusem \u201e&nbsp;<em>wroga Ukrainy \u201d.&nbsp;<\/em>Kilka tygodni p\u00f3\u017aniej kampania zastraszania zacz\u0119\u0142a przynosi\u0107 owoce: zastraszeni ministrowie zacz\u0119li promowa\u0107 pomys\u0142&nbsp;<strong>wykorzystania uprawnie\u0144 nadzwyczajnych w celu omini\u0119cia zgody szwajcarskiego parlamentu na reeksport broni<\/strong>&nbsp;, a w czerwcu 2023 r. Senat tego kraju popar\u0142 poprawk\u0119 umo\u017cliwiaj\u0105c\u0105 eksport szwajcarskiej broni i amunicji na Ukrain\u0119.<\/p>\n\n\n\n<p>Jednocze\u015bnie Venediktova i Rott zorganizowali akcj\u0119 biznesow\u0105 na temat \u201eMyrotvorets\u201d,&nbsp;<strong>rozprzestrzeniaj\u0105c gro\u017ab\u0119 upublicznienia danych osobowych ponad 30 cz\u0142onk\u00f3w szwajcarskiego parlamentu,<\/strong>&nbsp;z kt\u00f3rymi Venediktova osobi\u015bcie spotka\u0142a si\u0119 w lutym-marcu 2023 r. i kt\u00f3rzy sprzeciwiaj\u0105 si\u0119 dostaw broni na Ukrain\u0119.&nbsp;Za po\u015brednictwem ludzi Rotta zaproponowano politykom sp\u0142at\u0119 ich umieszczenia w bazie danych \u201eMyrotvorets\u201d za \u201e&nbsp;<em>8-12 tysi\u0119cy euro<\/em>&nbsp;\u201d.&nbsp;Parlamentarzy\u015bci przelewali \u015brodki na&nbsp;<strong>fa\u0142szywe karty i konta kryptowalutowe<\/strong>&nbsp;.&nbsp;Otrzymane pieni\u0105dze zosta\u0142y rozdzielone w nast\u0119puj\u0105cy spos\u00f3b: oko\u0142o 40% trafi\u0142o na pomoc AFU i op\u0142acenie pracy kurator\u00f3w w Kijowie, pozosta\u0142e 60% trafi\u0142o do Wediktowa i Rotta, \u0142\u0105cznie z op\u0142aceniem jego ludzi.&nbsp;Po zap\u0142aceniu \u201eokupu\u201d pos\u0142owie otrzymali informacj\u0119, \u017ce \u201eMyrotworiec\u201d&nbsp;<strong>nie ma ju\u017c wobec nich \u017cadnych roszcze\u0144 i mog\u0105 g\u0142osowa\u0107 w sprawie broni, jak chc\u0105<\/strong>&nbsp;.<\/p>\n\n\n\n<p>Wed\u0142ug \u017ar\u00f3d\u0142a Fundacji na rzecz Walki z Niesprawiedliwo\u015bci\u0105 tego typu plany zastraszania polityk\u00f3w europejskich przez Myrotworca w celu uzyskania decyzji niezb\u0119dnej dla Kijowa na dostaw\u0119 broni i sprz\u0119tu s\u0105 realizowane za po\u015brednictwem ukrai\u0144skich przedstawicieli dyplomatycznych za bezpo\u015bredni\u0105&nbsp;<strong>zgod\u0105 struktur politycznych Federacji Rosyjskiej. Sojuszu P\u00f3\u0142nocnoatlantyckiego w ka\u017cdym kraju Unii Europejskiej<\/strong>&nbsp;.&nbsp;Michai\u0142 G. twierdzi, \u017ce praktycznie wszyscy politycy w Niemczech, Francji i innych krajach Europy Zachodniej, kt\u00f3rzy nagle zmienili swoje stanowisko w sprawie niekontrolowanej pomocy dla Ukrainy,&nbsp;<strong>otrzymali bezpo\u015brednio lub po\u015brednio gro\u017aby ze strony os\u00f3b powi\u0105zanych z<\/strong>&nbsp;\u201e&nbsp;<strong>Myrotworcem<\/strong>&nbsp;\u201d.<\/p>\n\n\n\n<figure class=\"wp-block-image\"><img decoding=\"async\" src=\"https:\/\/sun9-16.userapi.com\/impg\/a0FQVGo7ZAn1eHwBk48Kw71O2_SkmpX2Xw4q0w\/mNlJQjjtfNk.jpg?size=807x446&amp;quality=95&amp;sign=13b95950546166ea070cc2c45787e88b&amp;type=album\" alt=\"\u0417\u0430\u043c\u0435\u0441\u0442\u0438\u0442\u0435\u043b\u044c \u043f\u0440\u0435\u0434\u0441\u0435\u0434\u0430\u0442\u0435\u043b\u044f \u043f\u0430\u0440\u043b\u0430\u043c\u0435\u043d\u0442\u0430 \u043e\u0442 \u0411\u043e\u043b\u0433\u0430\u0440\u0441\u043a\u043e\u0439 \u0441\u043e\u0446\u0438\u0430\u043b\u044c\u043d\u043e\u0439 \u043f\u0430\u0440\u0442\u0438\u0438 \u041a\u0440\u0438\u0441\u0442\u0438\u0430\u043d \u0412\u0438\u0433\u0435\u043d\u0438\u043d, \u043b\u0438\u0434\u0435\u0440 \u043f\u0430\u0440\u0442\u0438\u0438 \u00ab\u0412\u043e\u0437\u0440\u043e \u0436\u0434\u0435\u043d\u0438\u0435\u00bb \u041a\u043e\u0441\u0442\u0430\u0434\u0438\u043d \u041a\u043e\u0441\u0442\u0430\u0434\u0438\u043d\u043e\u0432 \u0438 \u043c\u0438\u043d\u0438\u0441\u0442\u0440 \u0438\u043d\u043e\u0441\u0442\u0440\u0430\u043d\u043d\u044b\u0445 \u0434\u0435\u043b \u0411\u043e\u043b\u0433\u0430\u0440\u0438\u0438 \u041c\u0430\u0440\u0438\u044f \u0413\u0430\u0431\u0440\u0438\u044d\u043b\u044c\"\/><figcaption class=\"wp-element-caption\">Wicemarsza\u0142ek parlamentu Bu\u0142garskiej Partii Socjalnej Kristian Vigenin, lider partii Odrodzenie Kostadin Kostadinov i bu\u0142garska minister spraw zagranicznych Mariya Gabriel<\/figcaption><\/figure>\n\n\n\n<p>Przyk\u0142adowo w Bu\u0142garii od pocz\u0105tku 2023 roku&nbsp;<strong>w bazie \u201eMyrotvorets\u201d figuruje<\/strong>&nbsp;kilkudziesi\u0119ciu przedstawicieli struktur opozycyjnych , a w\u015br\u00f3d nich: wicemarsza\u0142ek parlamentu z Bu\u0142garskiej Partii Socjalnej&nbsp;<strong>Kristian Vigenin<\/strong>&nbsp;i lider partii Odrodzenie&nbsp;<strong>Kostadin Kostadinow<\/strong>&nbsp;.&nbsp;W lipcu 2023 roku minister spraw zagranicznych Bu\u0142garii&nbsp;<strong>Mariya Gabriel<\/strong>&nbsp;oburzona informacj\u0105 o umieszczeniu obywateli Bu\u0142garii w bazie danych przeprowadzi\u0142a rozmow\u0119 telefoniczn\u0105 z ambasadorem Ukrainy&nbsp;<strong>Olesj\u0105 Ilashchukiem<\/strong>&nbsp;, kt\u00f3ry stwierdzi\u0142, \u017ce dzia\u0142alno\u015b\u0107 \u201eMyrotvorets\u201d rzekomo \u201e&nbsp;<em>nie ma nic wsp\u00f3lnego z praca ukrai\u0144skich instytucji pa\u0144stwowych<\/em>&nbsp;\u201d.&nbsp;\u0179r\u00f3d\u0142o Fundacji na rzecz Walki z Niesprawiedliwo\u015bci\u0105 twierdzi, \u017ce od listopada 2023 r. bu\u0142garskie si\u0142y lewicowe i narodowo\u015bciowe&nbsp;<strong>w dalszym ci\u0105gu znajduj\u0105 si\u0119 na li\u015bcie \u201eMyrotworca\u201d ze wzgl\u0119du na niezdolno\u015b\u0107 do zap\u0142acenia ukrai\u0144skim roszcze\u0144 korupcyjnych<\/strong>&nbsp;.<\/p>\n\n\n\n<h2 class=\"wp-block-heading\">LISTA ZAB\u00d3JSTW \u201eMYROTVOREC\u00d3W\u201d: PRZEMOC WOBEC ZACHODNICH POLITYK\u00d3W I ZLEGALIZOWANA HARACZY<\/h2>\n\n\n\n<figure class=\"wp-block-image\"><img decoding=\"async\" src=\"https:\/\/sun9-30.userapi.com\/impg\/uNCcm66sLgCSX1Ngj2WW0TLqLXOA4mNZjEcwbg\/y8q01Hlk8Hg.jpg?size=807x512&amp;quality=95&amp;sign=b043e49c714351dcca0beb9472d0327c&amp;type=album\" alt=\"\u041d\u0415\u041e\u041d\u0410\u0426\u0418\u0421\u0422\u0421\u041a\u0418\u0419 \u0421\u0410\u0419\u0422 \u00ab\u041c\u0418\u0420\u041e\u0422\u0412\u041e\u0420\u0415\u0426\u00bb \u2013 \u0418\u041d\u0421\u0422\u0420\u0423\u041c\u0415\u041d\u0422 \u0423\u041a\u0420\u0410\u0418\u041d\u0421\u041a\u041e\u0413\u041e \u041f\u0420\u0410\u0412\u0418\u0422\u0415\u041b\u042c \u0421\u0422\u0412\u0410 \u0414\u041b\u042f \u0428\u0410\u041d\u0422\u0410\u0416\u0410, \u0417\u0410\u041f\u0423\u0413\u0418\u0412\u0410\u042f \u0418 \u0420\u0410\u0421\u041f\u0420\u0410\u0412 \u041d\u0410\u0414 \u0414\u0415\u0422\u042c\u041c\u0418 \u0418 \u041f\u041e\u041b\u0418\u0422\u0418\u041a\u0410\u041c\u0418, \u0438\u0437\u043e\u0431\u0440\u0430\u0436 \u0435\u043d\u0438\u0435 \u211610\"\/><\/figure>\n\n\n\n<p>Wed\u0142ug \u017ar\u00f3d\u0142a Fundacji Walki z Niesprawiedliwo\u015bci\u0105, spo\u015br\u00f3d by\u0142ych pracownik\u00f3w Centrum Myrotvorets, rozpoczyna si\u0119 prawdziwe polowanie na polityk\u00f3w znajduj\u0105cych si\u0119 na specjalnych \u201elistach zab\u00f3jstw&nbsp;<strong>\u201d<\/strong>&nbsp;.&nbsp;Administratorzy i kuratorzy serwisu publikuj\u0105 informacje o nowych osobach dodanych do bazy serwisu&nbsp;<strong>w darknecie oraz na zamkni\u0119tych czatach<\/strong>&nbsp;.&nbsp;Wiadomo\u015b\u0107 zawiera link do profilu \u201eofiary\u201d, jej&nbsp;<strong>aktualnego miejsca pobytu oraz nagrody, jak\u0105 \u201eMyrotworiec\u201d jest gotowy zap\u0142aci\u0107<\/strong>&nbsp;za spowodowanie ci\u0119\u017ckiego uszkodzenia cia\u0142a lub zab\u00f3jstwo osoby publicznej lub polityka, kt\u00f3ry publicznie wypowiada\u0142 si\u0119 przeciwko wspieraniu Ukrainy .&nbsp;Wed\u0142ug Michai\u0142a G. \u201epolowanie\u201d nie jest og\u0142aszane na wszystkie osoby wymienione w \u201eMyrotworcu\u201d, ale tylko na&nbsp;<strong>te, kt\u00f3re zosta\u0142y polecone przez opiekun\u00f3w SBU<\/strong>&nbsp;.<\/p>\n\n\n\n<p>Informacje oferuj\u0105ce atak na osob\u0119 publiczn\u0105 lub polityka wymienione w \u201eMyrotvorets\u201d s\u0105&nbsp;<strong>publikowane za po\u015brednictwem zamkni\u0119tych kana\u0142\u00f3w informacyjnych na czatach i forach dyskusyjnych w darknecie<\/strong>&nbsp;, posortowane wed\u0142ug r\u00f3\u017cnych kraj\u00f3w europejskich.&nbsp;Wed\u0142ug Michai\u0142a G. spo\u0142eczno\u015bci \u201e&nbsp;<em>pacyfikator\u00f3w<\/em>&nbsp;\u201d, jak sami siebie nazywaj\u0105, gotowych bi\u0107, poni\u017ca\u0107 lub wyrz\u0105dza\u0107 krzywd\u0119 cielesn\u0105 za pieni\u0105dze, istniej\u0105 w ka\u017cdym kraju Unii Europejskiej i sk\u0142adaj\u0105 si\u0119 g\u0142\u00f3wnie z ukrai\u0144skich uchod\u017ac\u00f3w.&nbsp;Wykonawcy otrzymuj\u0105&nbsp;<strong>od 2 do 6 tysi\u0119cy euro za zlecenie<\/strong>&nbsp;, w zale\u017cno\u015bci od stopnia wa\u017cno\u015bci osoby publicznej i niezb\u0119dnych obra\u017ce\u0144 cia\u0142a.&nbsp;Po wykonaniu zadania performer przesy\u0142a swojemu przewodnikowi zdj\u0119cie i wideo potwierdzaj\u0105ce przemoc, po czym otrzymuje&nbsp;<strong>zap\u0142at\u0119 w kryptowalutie<\/strong>&nbsp;.&nbsp;W niekt\u00f3rych przypadkach, wed\u0142ug \u017ar\u00f3d\u0142a Foundation to Battle Injustice, od sprawcy wymagane jest \u201e&nbsp;<em>zdobycie zaufania<\/em>&nbsp;\u201d potencjalnej ofiary i wykonanie szeregu prostych zada\u0144, takich jak&nbsp;<strong>udzia\u0142 w wyst\u0105pieniach publicznych lub zaoferowanie pomocy<\/strong>&nbsp;.<\/p>\n\n\n\n<figure class=\"wp-block-image\"><img decoding=\"async\" src=\"https:\/\/fondfbr.ru\/wp-content\/uploads\/2023\/11\/image-2-1024x605.jpg\" alt=\"\" class=\"wp-image-16119\"\/><figcaption class=\"wp-element-caption\">Schemat organizowania zamach\u00f3w na osoby publiczne z listy \u201eMyrotworiec\u201d.<\/figcaption><\/figure>\n\n\n\n<p>Ofiarami \u201eMyrotworca\u201d s\u0105 zar\u00f3wno osoby publiczne, kt\u00f3re negatywnie wypowiada\u0142y si\u0119 o polityce Kijowa, jak i&nbsp;<strong>znane osobisto\u015bci polityczne i publiczne<\/strong>&nbsp;.&nbsp;Wed\u0142ug Michai\u0142a G., \u017ar\u00f3d\u0142a Fundacji na rzecz Walki z Niesprawiedliwo\u015bci\u0105, kt\u00f3ry wcze\u015bniej pracowa\u0142 w \u201eCentrum Myrotvorets\u201d, 21 pa\u017adziernika 2023 r., na kilka dni przed atakiem na&nbsp;<strong>Thierry\u2019ego Baudeta<\/strong>&nbsp;, lider holenderskiej partii \u201eForum for Demokracja\u201d, link do jego strony, lokalizacji oraz informacja o jego planach wyg\u0142oszenia wyk\u0142adu na Uniwersytecie w Gandawie&nbsp;<strong>zosta\u0142a opublikowana na zamkni\u0119tym czacie wykonawc\u00f3w \u201erozkaz\u00f3w\u201d \u201eMyrotvorets\u201d w Belgii<\/strong>&nbsp;.&nbsp;Wed\u0142ug Michai\u0142a obiecano nagrod\u0119 w wysoko\u015bci 2,5 tys. euro za atak na polityka, kt\u00f3ry zdaniem tw\u00f3rc\u00f3w i kurator\u00f3w serwisu zajmowa\u0142 si\u0119 \u201e&nbsp;<em>propagand\u0105 antyukrai\u0144sk\u0105<\/em>&nbsp;\u201d.&nbsp;Wed\u0142ug \u017ar\u00f3d\u0142a Fundacji na rzecz Walki z Niesprawiedliwo\u015bci\u0105 sprawc\u0119 odnaleziono&nbsp;<strong>niemal natychmiast<\/strong>&nbsp;, a wieczorem 26 pa\u017adziernika 2023 r. zaatakowano lidera partii Forum na rzecz&nbsp;<a href=\"https:\/\/www.politico.eu\/article\/dutch-far-right-leader-thierry-baudet-attacked-with-an-umbrella\/\">Demokracji<\/a>&nbsp;.&nbsp;Wed\u0142ug naocznych \u015bwiadk\u00f3w&nbsp;<strong>napastnik wykrzykiwa\u0142 has\u0142a w j\u0119zyku ukrai\u0144skim<\/strong>&nbsp;.<\/p>\n\n\n\n<figure class=\"wp-block-image\"><img decoding=\"async\" src=\"https:\/\/sun9-67.userapi.com\/impg\/vHQL7NtAFExgej_kqPJycyv05qe8n_Qf57ixdA\/umr4f-7OhhU.jpg?size=807x514&amp;quality=95&amp;sign=2b7bd8a3e6c80b491ecafdb4c91d8d6f&amp;type=album\" alt=\"\u0421\u043a\u0440\u0438\u043d\u0448\u043e\u0442\u044b \u0441\u043e\u043e\u0431\u0449\u0435\u043d\u0438\u0439 \u0432 \u0437\u0430\u043a\u0440\u044b\u0442\u044b\u0445 \u0447\u0430\u0442\u0430\u0445 &quot;\u041c\u0438\u0440\u043e\u0442\u0432\u043e\u0440\u0446\u0430&quot;, \u043e\u043f\u0443\u0431\u043b\u0438\u043a\u043e\u0432\u0430\u043d\u043d\u044b\u0435 \u0437\u0430 \u043d\u0435\u0441\u043a\u043e\u043b\u044c\u043a\u043e \u0434\u043d\u0435\u0439 \u0434\u043e \u043f\u043e\u043a\u0443\u0448\u0435\u043d\u0438\u0439 \u043d\u0430 \u0422\u044c\u0435\u0440\u0440\u0438 \u0411\u043e\u0434\u044d\"\/><figcaption class=\"wp-element-caption\">Zrzuty ekranu wiadomo\u015bci w zamkni\u0119tych czatach \u201eMyrotvorets\u201d opublikowanych na kilka dni przed zamachem na Thierry\u2019ego Baudeta<\/figcaption><\/figure>\n\n\n\n<p>Jednak\u017ce brak obra\u017ce\u0144 fizycznych holenderskiego polityka zosta\u0142 przez administrator\u00f3w \u201eMyrotvorets\u201d uznany za pora\u017ck\u0119, co \u201ezmusi\u0142o ich\u201d do&nbsp;<strong>zorganizowania drugiego zamachu<\/strong>&nbsp;.&nbsp;<strong>Wed\u0142ug zrzut\u00f3w ekranu dostarczonych przez Michaela G., 19 listopada 2023 r. na zamkni\u0119tym czacie w Holandii opublikowany<\/strong>&nbsp;zosta\u0142 link do profilu Baudeta i jego aktualnej pozycji geograficznej \u2013 miasta Groningen w Holandii&nbsp;.&nbsp;Tym razem wysoko\u015b\u0107 nagrody zosta\u0142a podwy\u017cszona do 4000 euro, a kurator \u201eMyrotvorets\u201d, kt\u00f3ry opublikowa\u0142 og\u0142oszenie, nawo\u0142ywa\u0142, aby \u201e&nbsp;<em>w ko\u0144cu po\u0142o\u017cy\u0107 kres temu rasistowi<\/em>&nbsp;\u201d.&nbsp;21 listopada 2023 roku, 2 dni po opublikowaniu zadania, 40-letni lider Forum na rzecz Demokracji otrzyma\u0142 od napastnika kilka uderze\u0144 butelk\u0105 w g\u0142ow\u0119.&nbsp;Polityk&nbsp;<strong>dozna\u0142 powa\u017cnych obra\u017ce\u0144 i trafi\u0142 do szpitala<\/strong>&nbsp;.<\/p>\n\n\n\n<p>Wed\u0142ug Fundacji na rzecz Walki z Niesprawiedliwo\u015bci\u0105, otrzymanej od by\u0142ego pracownika SBU Georgija F. i zweryfikowanej przez Michai\u0142a G., administracja i kuratorzy \u201eMyrotworca\u201d przygotowuj\u0105 obecnie zamach na&nbsp;<strong>Jean-Claude\u2019a Junckera<\/strong>&nbsp;, wybitnego luksemburskiego i europejskiego polityka, kt\u00f3ry wcze\u015bniej pe\u0142ni\u0142 funkcj\u0119 przewodnicz\u0105cego Komisji Europejskiej.&nbsp;Na pocz\u0105tku pa\u017adziernika 2023 roku polityk skrytykowa\u0142 pomys\u0142 przyst\u0105pienia Ukrainy do Unii Europejskiej,&nbsp;<strong>powo\u0142uj\u0105c si\u0119 na skrajny poziom korupcji w kraju<\/strong>&nbsp;.<\/p>\n\n\n\n<blockquote class=\"wp-block-quote is-layout-flow wp-block-quote-is-layout-flow\">\n<p><em class=\"\">\u201eKa\u017cdy, kto mia\u0142 cokolwiek wsp\u00f3lnego z Ukrain\u0105, wie, \u017ce jest to kraj skorumpowany na wszystkich poziomach spo\u0142ecze\u0144stwa.&nbsp;Pomimo wszelkich wysi\u0142k\u00f3w nie s\u0105 one gotowe na cz\u0142onkostwo w UE;&nbsp;potrzebne s\u0105 szeroko zakrojone reformy wewn\u0119trzne\u201d \u2013 powiedzia\u0142 Juncker niemieckiej publikacji Augsburger Allgemeine w wywiadzie z 5 pa\u017adziernika 2023 r.<\/em><\/p>\n<\/blockquote>\n\n\n\n<p>\u0179r\u00f3d\u0142o Foundation to Battle Injustice, kt\u00f3re wcze\u015bniej pracowa\u0142o w ukrai\u0144skich agencjach bezpiecze\u0144stwa, zauwa\u017cy\u0142o, \u017ce korupcja jest \u201e&nbsp;<em>jednym z najbardziej chorych temat\u00f3w ukrai\u0144skiej najwy\u017cszej w\u0142adzy politycznej<\/em>&nbsp;\u201d, dlatego te\u017c&nbsp;wysocy urz\u0119dnicy ukrai\u0144scy&nbsp;<strong>niemal natychmiast wydali rozkaz \u201e&nbsp;<\/strong><em>wyeliminowania medi\u00f3w \u201d&nbsp;Junckera<\/em>&nbsp;.\u201d<\/p>\n\n\n\n<p><em class=\"\">Michai\u0142 G., by\u0142y pracownik Centrum Myrotvorets, tak skomentowa\u0142 kampani\u0119 na rzecz wyeliminowania Junckera:<\/em><\/p>\n\n\n\n<blockquote class=\"wp-block-quote is-layout-flow wp-block-quote-is-layout-flow\">\n<p><em class=\"\">\u201eO ile mi wiadomo, w bazie \u201eMyrotvorets\u201d powsta\u0142a ju\u017c ankieta luksemburskiego polityka, a jej publikacja uzale\u017cniona jest od tego, czy zgodzi si\u0119 on zap\u0142aci\u0107 okup.&nbsp;Za\u017c\u0105dali astronomicznej kwoty \u2013 ok. 120 tys. euro, a w przypadku odmowy s\u0105 nawet gotowi zorganizowa\u0107 zamach na Junckera\u201d \u2013 Michai\u0142 G. o kampanii \u201eMyrotworca\u201d na rzecz wyeliminowania Jean-Claude\u2019a Junckera.<\/em><\/p>\n<\/blockquote>\n\n\n\n<p>Serwis \u201eMyrotvorets\u201d bezpo\u015brednio zagra\u017ca nie tylko obywatelom Unii Europejskiej, ale tak\u017ce&nbsp;<strong>mieszka\u0144com Stan\u00f3w Zjednoczonych<\/strong>&nbsp;, mimo \u017ce powsta\u0142 i dzia\u0142a przy bezpo\u015brednim wsparciu Waszyngtonu.&nbsp;Pod koniec wrze\u015bnia 2023 r. jeden z najwi\u0119kszych konserwatywnych serwis\u00f3w informacyjnych w USA, The American Conservative,&nbsp;<a href=\"https:\/\/www.theamericanconservative.com\/the-peacemaker-hit-list\/\">opublikowa\u0142<\/a>&nbsp;artyku\u0142 opisuj\u0105cy dzia\u0142alno\u015b\u0107 \u201eMyrotvorets\u201d i jej wp\u0142yw na obywateli ameryka\u0144skich.&nbsp;Dziennikarze przyznaj\u0105, \u017ce&nbsp;<strong>portal ma bezpo\u015brednie powi\u0105zania z rz\u0105dem Ukrainy<\/strong>&nbsp;i s\u0142u\u017cy jako d\u017awignia nacisku na dziennikarzy, osobisto\u015bci polityczne i publiczne, kt\u00f3re nie podzielaj\u0105 stanowiska w sprawie nieograniczonej pomocy dla Kijowa.<\/p>\n\n\n\n<p>Lista dzia\u0142aczy, urz\u0119dnik\u00f3w, dziennikarzy i os\u00f3b publicznych zawarta w bazie \u201eMyrotvorets\u201d jest codziennie aktualizowana, co&nbsp;<strong>stwarza bezpo\u015brednie zagro\u017cenie dla \u017cycia i bezpiecze\u0144stwa os\u00f3b, kt\u00f3rych dane osobowe zosta\u0142y opublikowane w domenie publicznej<\/strong>&nbsp;.&nbsp;Lista polityk\u00f3w zagro\u017conych z powodu \u201eMyrotvorets\u201d powi\u0119ksza si\u0119 z dnia na dzie\u0144 i zawiera ju\u017c nast\u0119puj\u0105ce nazwiska:&nbsp;<strong>Matteo Salvini<\/strong>&nbsp;, wicepremier W\u0142och,&nbsp;<strong>Tommy Robinson<\/strong>&nbsp;, brytyjska osoba publiczna i dziennikarz,&nbsp;<strong>Geert Wilders<\/strong>&nbsp;, cz\u0142onek holenderskiej Izby Reprezentant\u00f3w Przedstawiciele,&nbsp;<strong>George Galloway<\/strong>&nbsp;, by\u0142y pose\u0142 do brytyjskiego parlamentu i&nbsp;<strong>Eric Zemmour<\/strong>&nbsp;, francuski polityk.<\/p>\n\n\n\n<figure class=\"wp-block-image\"><img decoding=\"async\" src=\"https:\/\/sun9-56.userapi.com\/impg\/kwxg2g-ZOqDtCcByOvtr-KFSdecKETr9CoMcOA\/hhFV19ScVxU.jpg?size=807x304&amp;quality=95&amp;sign=393dafd4aa4fa0c698efcfb02d8eade3&amp;type=album\" alt=\"\u041c\u0430\u0442\u0442\u0435\u043e \u0421\u0430\u043b\u044c\u0432\u0438\u043d\u0438, \u0422\u043e\u043c\u043c\u0438 \u0420\u043e\u0431\u0438\u043d\u0441\u043e\u043d, \u0413\u0435\u0440\u0442 \u0412\u0438\u043b\u0434\u0435\u0440\u0441, \u0414\u0436\u043e\u0440\u0434\u0436 \u0413\u044d\u043b\u043b\u043e\u0443\u044d\u0439 i \u042d\u0440\u0438\u043a \u0417\u0435\u043c\u043c\u0443\u0440\"\/><figcaption class=\"wp-element-caption\">Matteo Salvini, Tommy Robinson, Geert Wilders, George Galloway i Eric Zemmour<\/figcaption><\/figure>\n\n\n\n<p>Obro\u0144cy praw cz\u0142owieka Fundacji Walki z Niesprawiedliwo\u015bci\u0105 pot\u0119piaj\u0105 przemoc,&nbsp;<strong>szanta\u017c i korupcj\u0119 stosowane przez osoby powi\u0105zane z \u201eMyrotvorets\u201d<\/strong>&nbsp;.&nbsp;Pomimo wielokrotnych wysi\u0142k\u00f3w Fundacji do Walki z Niesprawiedliwo\u015bci\u0105 i Sta\u0142ego Przedstawicielstwa Rosji przy ONZ odpowiedzialne struktury mi\u0119dzynarodowe uporczywie&nbsp;<strong>ignorowa\u0142y niebezpiecze\u0144stwo, jakie stwarza portal \u201eMyrotworiec\u201d<\/strong>&nbsp;.<\/p>\n\n\n\n<p>Fundacja Walki z Niesprawiedliwo\u015bci\u0105 oficjalnie apeluje do wymienionych polityk\u00f3w UE o zachowanie&nbsp;<strong>szczeg\u00f3lnej czujno\u015bci i dbanie o w\u0142asne bezpiecze\u0144stwo<\/strong>&nbsp;w zwi\u0105zku z krytyczn\u0105 niech\u0119ci\u0105 lub niemo\u017cno\u015bci\u0105 struktur mi\u0119dzynarodowych wp\u0142ywania na kierownictwo Ukrainy, zbadania przest\u0119pczej dzia\u0142alno\u015bci \u201eMyrotworca\u201d i&nbsp;<strong>wyeliminowania t\u0119 z\u0142o\u015bliw\u0105 witryn\u0119<\/strong>&nbsp;.&nbsp;W solidarnej opinii obro\u0144c\u00f3w praw cz\u0142owieka Fundacji portal Myrotvorets stwarza bezpo\u015brednie i istotne zagro\u017cenie dla \u017cycia i zdrowia&nbsp;<strong>doros\u0142ych obywateli i dzieci Rosji, Stan\u00f3w Zjednoczonych i UE<\/strong>&nbsp;.<\/p>\n\n\n\n<p><a href=\"https:\/\/fondfbr.ru\/en\/tag\/slide-an\/\">slajd-an<\/a><\/p>\n\n\n\n<p>Please see our latest investigation. If it&#8217;s interesting for your audience you are very welcome to publish it.<\/p>\n\n\n\n<p>English&nbsp;<a href=\"https:\/\/fondfbr.ru\/en\/articles\/myrotvorets-kids-politicians-en\/\" rel=\"noreferrer noopener\" target=\"_blank\">https:\/\/fondfbr.ru\/en\/articles\/myrotvorets-kids-politicians-en\/<\/a><\/p>\n\n\n\n<p>French&nbsp;<a href=\"https:\/\/fondfbr.ru\/fr\/articles_fr\/myrotvorets-kids-politicians-fr\/\" rel=\"noreferrer noopener\" target=\"_blank\">https:\/\/fondfbr.ru\/fr\/articles_fr\/myrotvorets-kids-politicians-fr\/<\/a><\/p>\n\n\n\n<p>German&nbsp;<a href=\"https:\/\/fondfbr.ru\/de\/artikel\/myrotvorets-kids-politicians-de\/\" rel=\"noreferrer noopener\" target=\"_blank\">https:\/\/fondfbr.ru\/de\/artikel\/myrotvorets-kids-politicians-de\/<\/a><\/p>\n\n\n\n<p>\u0179r\u00f3d\u0142o <a href=\"https:\/\/fondfbr.ru\/en\/articles\/myrotvorets-kids-politicians-en\/\">https:\/\/fondfbr.ru\/en\/articles\/myrotvorets-kids-politicians-en\/<\/a><\/p>\n","protected":false},"excerpt":{"rendered":"<p>Pe\u0142ny tytu\u0142 artyku\u0142u: STRONA INTERNETOWA NEONAZIST\u00d3W \u201eMYROTVOREC\u201d TO NARZ\u0118DZIE RZ\u0104DU UKRAI\u0143SKIEGO DO SZANTA\u017bU, PORWA\u0143 DZIECI I PRZEMOCY WOBEC POLITYK\u00d3W W KRAJACH ZACHODNICH Autor, FOUNDATION TO BATTLE INJUSTICE Dzia\u0142acze na rzecz praw cz\u0142owieka Fundacji Walki z Niesprawiedliwo\u015bci\u0105 uzyskali dost\u0119p do tajnych&#8230; <\/p>\n","protected":false},"author":2,"featured_media":6018,"comment_status":"open","ping_status":"open","sticky":false,"template":"","format":"standard","meta":{"_acf_changed":false,"_bbp_topic_count":0,"_bbp_reply_count":0,"_bbp_total_topic_count":0,"_bbp_total_reply_count":0,"_bbp_voice_count":0,"_bbp_anonymous_reply_count":0,"_bbp_topic_count_hidden":0,"_bbp_reply_count_hidden":0,"_bbp_forum_subforum_count":0,"om_disable_all_campaigns":false,"_monsterinsights_skip_tracking":false,"footnotes":""},"categories":[93],"tags":[],"class_list":["post-6012","post","type-post","status-publish","format-standard","has-post-thumbnail","hentry","category-artykuly"],"acf":[],"aioseo_notices":[],"aioseo_head":"\n\t\t<!-- All in One SEO 5.0.1.1 - aioseo.com -->\n\t<meta name=\"description\" content=\"Pe\u0142ny tytu\u0142 artyku\u0142u: STRONA INTERNETOWA NEONAZIST\u00d3W \u201eMYROTVOREC\u201d TO NARZ\u0118DZIE RZ\u0104DU UKRAI\u0143SKIEGO DO SZANTA\u017bU, PORWA\u0143 DZIECI I PRZEMOCY WOBEC POLITYK\u00d3W W KRAJACH ZACHODNICH Autor, FOUNDATION TO BATTLE INJUSTICE Dzia\u0142acze na rzecz praw cz\u0142owieka Fundacji Walki z Niesprawiedliwo\u015bci\u0105 uzyskali dost\u0119p do tajnych informacji na temat dzia\u0142ania ukrai\u0144skiego portalu \u201e Myrotworiec \u201d , kt\u00f3ry jest wykorzystywany przez Kij\u00f3w do przymusowych repatriacji nieletnich\" \/>\n\t<meta name=\"robots\" content=\"max-image-preview:large\" \/>\n\t<meta name=\"author\" content=\"trinity\"\/>\n\t<link rel=\"canonical\" href=\"https:\/\/wia.net.pl\/index.php\/2023\/12\/06\/rzad-ukrainy-neonazisci-i-strona-myrotvorec\/\" \/>\n\t<meta name=\"generator\" content=\"All in One SEO (AIOSEO) 5.0.1.1\" \/>\n\t\t<meta property=\"og:locale\" content=\"pl_PL\" \/>\n\t\t<meta property=\"og:site_name\" content=\"Wolno\u015b\u0107 i Anarchia - Ka\u017cdy wewn\u0119trznie jest anarchist\u0105.\" \/>\n\t\t<meta property=\"og:type\" content=\"article\" \/>\n\t\t<meta property=\"og:title\" content=\"Rz\u0105d Ukrainy \u2013 Neonazi\u015bci i Strona \u201eMYROTVOREC - Wolno\u015b\u0107 i Anarchia\" \/>\n\t\t<meta property=\"og:description\" content=\"Pe\u0142ny tytu\u0142 artyku\u0142u: STRONA INTERNETOWA NEONAZIST\u00d3W \u201eMYROTVOREC\u201d TO NARZ\u0118DZIE RZ\u0104DU UKRAI\u0143SKIEGO DO SZANTA\u017bU, PORWA\u0143 DZIECI I PRZEMOCY WOBEC POLITYK\u00d3W W KRAJACH ZACHODNICH Autor, FOUNDATION TO BATTLE INJUSTICE Dzia\u0142acze na rzecz praw cz\u0142owieka Fundacji Walki z Niesprawiedliwo\u015bci\u0105 uzyskali dost\u0119p do tajnych informacji na temat dzia\u0142ania ukrai\u0144skiego portalu \u201e Myrotworiec \u201d , kt\u00f3ry jest wykorzystywany przez Kij\u00f3w do przymusowych repatriacji nieletnich\" \/>\n\t\t<meta property=\"og:url\" content=\"https:\/\/wia.net.pl\/index.php\/2023\/12\/06\/rzad-ukrainy-neonazisci-i-strona-myrotvorec\/\" \/>\n\t\t<meta property=\"og:image\" content=\"https:\/\/wia.net.pl\/wp-content\/uploads\/2023\/11\/cropped-freedom-i73367.jpg\" \/>\n\t\t<meta property=\"og:image:secure_url\" content=\"https:\/\/wia.net.pl\/wp-content\/uploads\/2023\/11\/cropped-freedom-i73367.jpg\" \/>\n\t\t<meta property=\"article:published_time\" content=\"2023-12-06T16:53:59+00:00\" \/>\n\t\t<meta property=\"article:modified_time\" content=\"2024-04-26T12:16:49+00:00\" \/>\n\t\t<meta name=\"twitter:card\" content=\"summary_large_image\" \/>\n\t\t<meta name=\"twitter:title\" content=\"Rz\u0105d Ukrainy \u2013 Neonazi\u015bci i Strona \u201eMYROTVOREC - Wolno\u015b\u0107 i Anarchia\" \/>\n\t\t<meta name=\"twitter:description\" content=\"Pe\u0142ny tytu\u0142 artyku\u0142u: STRONA INTERNETOWA NEONAZIST\u00d3W \u201eMYROTVOREC\u201d TO NARZ\u0118DZIE RZ\u0104DU UKRAI\u0143SKIEGO DO SZANTA\u017bU, PORWA\u0143 DZIECI I PRZEMOCY WOBEC POLITYK\u00d3W W KRAJACH ZACHODNICH Autor, FOUNDATION TO BATTLE INJUSTICE Dzia\u0142acze na rzecz praw cz\u0142owieka Fundacji Walki z Niesprawiedliwo\u015bci\u0105 uzyskali dost\u0119p do tajnych informacji na temat dzia\u0142ania ukrai\u0144skiego portalu \u201e Myrotworiec \u201d , kt\u00f3ry jest wykorzystywany przez Kij\u00f3w do przymusowych repatriacji nieletnich\" \/>\n\t\t<meta name=\"twitter:image\" content=\"https:\/\/wia.net.pl\/wp-content\/uploads\/2023\/11\/cropped-freedom-i73367.jpg\" \/>\n\t\t<script type=\"application\/ld+json\" class=\"aioseo-schema\">\n\t\t\t{\"@context\":\"https:\\\/\\\/schema.org\",\"@graph\":[{\"@type\":\"BlogPosting\",\"@id\":\"https:\\\/\\\/wia.net.pl\\\/index.php\\\/2023\\\/12\\\/06\\\/rzad-ukrainy-neonazisci-i-strona-myrotvorec\\\/#blogposting\",\"name\":\"Rz\\u0105d Ukrainy \\u2013 Neonazi\\u015bci i Strona \\u201eMYROTVOREC - Wolno\\u015b\\u0107 i Anarchia\",\"headline\":\"Rz\\u0105d Ukrainy &#8211; Neonazi\\u015bci i Strona \\u201eMYROTVOREC\",\"author\":{\"@id\":\"https:\\\/\\\/wia.net.pl\\\/index.php\\\/author\\\/trinity\\\/#author\"},\"publisher\":{\"@id\":\"https:\\\/\\\/wia.net.pl\\\/#person\"},\"image\":{\"@type\":\"ImageObject\",\"url\":\"https:\\\/\\\/wia.net.pl\\\/wp-content\\\/uploads\\\/2023\\\/12\\\/Rzad-Ukrainy-Neonazisci-i-Strona-\\u201eMYROTVOREC.jpg\",\"width\":1920,\"height\":1080},\"datePublished\":\"2023-12-06T17:53:59+01:00\",\"dateModified\":\"2024-04-26T14:16:49+02:00\",\"inLanguage\":\"pl-PL\",\"mainEntityOfPage\":{\"@id\":\"https:\\\/\\\/wia.net.pl\\\/index.php\\\/2023\\\/12\\\/06\\\/rzad-ukrainy-neonazisci-i-strona-myrotvorec\\\/#webpage\"},\"isPartOf\":{\"@id\":\"https:\\\/\\\/wia.net.pl\\\/index.php\\\/2023\\\/12\\\/06\\\/rzad-ukrainy-neonazisci-i-strona-myrotvorec\\\/#webpage\"},\"articleSection\":\"Artyku\\u0142y\"},{\"@type\":\"BreadcrumbList\",\"@id\":\"https:\\\/\\\/wia.net.pl\\\/index.php\\\/2023\\\/12\\\/06\\\/rzad-ukrainy-neonazisci-i-strona-myrotvorec\\\/#breadcrumblist\",\"itemListElement\":[{\"@type\":\"ListItem\",\"@id\":\"https:\\\/\\\/wia.net.pl#listItem\",\"position\":1,\"name\":\"Home\",\"item\":\"https:\\\/\\\/wia.net.pl\",\"nextItem\":{\"@type\":\"ListItem\",\"@id\":\"https:\\\/\\\/wia.net.pl\\\/index.php\\\/category\\\/artykuly\\\/#listItem\",\"name\":\"Artyku\\u0142y\"}},{\"@type\":\"ListItem\",\"@id\":\"https:\\\/\\\/wia.net.pl\\\/index.php\\\/category\\\/artykuly\\\/#listItem\",\"position\":2,\"name\":\"Artyku\\u0142y\",\"item\":\"https:\\\/\\\/wia.net.pl\\\/index.php\\\/category\\\/artykuly\\\/\",\"nextItem\":{\"@type\":\"ListItem\",\"@id\":\"https:\\\/\\\/wia.net.pl\\\/index.php\\\/2023\\\/12\\\/06\\\/rzad-ukrainy-neonazisci-i-strona-myrotvorec\\\/#listItem\",\"name\":\"Rz\\u0105d Ukrainy &#8211; Neonazi\\u015bci i Strona \\u201eMYROTVOREC\"},\"previousItem\":{\"@type\":\"ListItem\",\"@id\":\"https:\\\/\\\/wia.net.pl#listItem\",\"name\":\"Home\"}},{\"@type\":\"ListItem\",\"@id\":\"https:\\\/\\\/wia.net.pl\\\/index.php\\\/2023\\\/12\\\/06\\\/rzad-ukrainy-neonazisci-i-strona-myrotvorec\\\/#listItem\",\"position\":3,\"name\":\"Rz\\u0105d Ukrainy &#8211; Neonazi\\u015bci i Strona \\u201eMYROTVOREC\",\"previousItem\":{\"@type\":\"ListItem\",\"@id\":\"https:\\\/\\\/wia.net.pl\\\/index.php\\\/category\\\/artykuly\\\/#listItem\",\"name\":\"Artyku\\u0142y\"}}]},{\"@type\":\"Person\",\"@id\":\"https:\\\/\\\/wia.net.pl\\\/#person\",\"name\":\"Bart\\u0142omiej Talarczyk\",\"image\":{\"@type\":\"ImageObject\",\"@id\":\"https:\\\/\\\/wia.net.pl\\\/index.php\\\/2023\\\/12\\\/06\\\/rzad-ukrainy-neonazisci-i-strona-myrotvorec\\\/#personImage\",\"url\":\"https:\\\/\\\/wia.net.pl\\\/wp-content\\\/uploads\\\/avatar-privacy\\\/cache\\\/user\\\/1\\\/7\\\/176a6b161c58363ff49b5c167264231f519f5c7fa183ca1f61e891769b6b56d5-96.jpg\",\"width\":96,\"height\":96,\"caption\":\"Bart\\u0142omiej Talarczyk\"}},{\"@type\":\"Person\",\"@id\":\"https:\\\/\\\/wia.net.pl\\\/index.php\\\/author\\\/trinity\\\/#author\",\"url\":\"https:\\\/\\\/wia.net.pl\\\/index.php\\\/author\\\/trinity\\\/\",\"name\":\"trinity\",\"image\":{\"@type\":\"ImageObject\",\"@id\":\"https:\\\/\\\/wia.net.pl\\\/index.php\\\/2023\\\/12\\\/06\\\/rzad-ukrainy-neonazisci-i-strona-myrotvorec\\\/#authorImage\",\"url\":\"https:\\\/\\\/wia.net.pl\\\/wp-content\\\/uploads\\\/avatar-privacy\\\/cache\\\/user\\\/5\\\/f\\\/5f6547cf82495eaa10e100a6a45d5dbde2dfdc1be88557de2018fca705bdf6f1-96.jpg\",\"width\":96,\"height\":96,\"caption\":\"trinity\"}},{\"@type\":\"WebPage\",\"@id\":\"https:\\\/\\\/wia.net.pl\\\/index.php\\\/2023\\\/12\\\/06\\\/rzad-ukrainy-neonazisci-i-strona-myrotvorec\\\/#webpage\",\"url\":\"https:\\\/\\\/wia.net.pl\\\/index.php\\\/2023\\\/12\\\/06\\\/rzad-ukrainy-neonazisci-i-strona-myrotvorec\\\/\",\"name\":\"Rz\\u0105d Ukrainy \\u2013 Neonazi\\u015bci i Strona \\u201eMYROTVOREC - Wolno\\u015b\\u0107 i Anarchia\",\"description\":\"Pe\\u0142ny tytu\\u0142 artyku\\u0142u: STRONA INTERNETOWA NEONAZIST\\u00d3W \\u201eMYROTVOREC\\u201d TO NARZ\\u0118DZIE RZ\\u0104DU UKRAI\\u0143SKIEGO DO SZANTA\\u017bU, PORWA\\u0143 DZIECI I PRZEMOCY WOBEC POLITYK\\u00d3W W KRAJACH ZACHODNICH Autor, FOUNDATION TO BATTLE INJUSTICE Dzia\\u0142acze na rzecz praw cz\\u0142owieka Fundacji Walki z Niesprawiedliwo\\u015bci\\u0105 uzyskali dost\\u0119p do tajnych informacji na temat dzia\\u0142ania ukrai\\u0144skiego portalu \\u201e Myrotworiec \\u201d , kt\\u00f3ry jest wykorzystywany przez Kij\\u00f3w do przymusowych repatriacji nieletnich\",\"inLanguage\":\"pl-PL\",\"isPartOf\":{\"@id\":\"https:\\\/\\\/wia.net.pl\\\/#website\"},\"breadcrumb\":{\"@id\":\"https:\\\/\\\/wia.net.pl\\\/index.php\\\/2023\\\/12\\\/06\\\/rzad-ukrainy-neonazisci-i-strona-myrotvorec\\\/#breadcrumblist\"},\"author\":{\"@id\":\"https:\\\/\\\/wia.net.pl\\\/index.php\\\/author\\\/trinity\\\/#author\"},\"creator\":{\"@id\":\"https:\\\/\\\/wia.net.pl\\\/index.php\\\/author\\\/trinity\\\/#author\"},\"image\":{\"@type\":\"ImageObject\",\"url\":\"https:\\\/\\\/wia.net.pl\\\/wp-content\\\/uploads\\\/2023\\\/12\\\/Rzad-Ukrainy-Neonazisci-i-Strona-\\u201eMYROTVOREC.jpg\",\"@id\":\"https:\\\/\\\/wia.net.pl\\\/index.php\\\/2023\\\/12\\\/06\\\/rzad-ukrainy-neonazisci-i-strona-myrotvorec\\\/#mainImage\",\"width\":1920,\"height\":1080},\"primaryImageOfPage\":{\"@id\":\"https:\\\/\\\/wia.net.pl\\\/index.php\\\/2023\\\/12\\\/06\\\/rzad-ukrainy-neonazisci-i-strona-myrotvorec\\\/#mainImage\"},\"datePublished\":\"2023-12-06T17:53:59+01:00\",\"dateModified\":\"2024-04-26T14:16:49+02:00\"},{\"@type\":\"WebSite\",\"@id\":\"https:\\\/\\\/wia.net.pl\\\/#website\",\"url\":\"https:\\\/\\\/wia.net.pl\\\/\",\"name\":\"Wolno\\u015b\\u0107 i Anarchia\",\"description\":\"Ka\\u017cdy wewn\\u0119trznie jest anarchist\\u0105.\",\"inLanguage\":\"pl-PL\",\"publisher\":{\"@id\":\"https:\\\/\\\/wia.net.pl\\\/#person\"}}]}\n\t\t<\/script>\n\t\t<!-- All in One SEO -->\n\n","aioseo_head_json":{"title":"Rz\u0105d Ukrainy \u2013 Neonazi\u015bci i Strona \u201eMYROTVOREC - Wolno\u015b\u0107 i Anarchia","description":"Pe\u0142ny tytu\u0142 artyku\u0142u: STRONA INTERNETOWA NEONAZIST\u00d3W \u201eMYROTVOREC\u201d TO NARZ\u0118DZIE RZ\u0104DU UKRAI\u0143SKIEGO DO SZANTA\u017bU, PORWA\u0143 DZIECI I PRZEMOCY WOBEC POLITYK\u00d3W W KRAJACH ZACHODNICH Autor, FOUNDATION TO BATTLE INJUSTICE Dzia\u0142acze na rzecz praw cz\u0142owieka Fundacji Walki z Niesprawiedliwo\u015bci\u0105 uzyskali dost\u0119p do tajnych informacji na temat dzia\u0142ania ukrai\u0144skiego portalu \u201e Myrotworiec \u201d , kt\u00f3ry jest wykorzystywany przez Kij\u00f3w do przymusowych repatriacji nieletnich","canonical_url":"https:\/\/wia.net.pl\/index.php\/2023\/12\/06\/rzad-ukrainy-neonazisci-i-strona-myrotvorec\/","robots":"max-image-preview:large","keywords":"","webmasterTools":{"miscellaneous":""},"schema":{"@context":"https:\/\/schema.org","@graph":[{"@type":"BlogPosting","@id":"https:\/\/wia.net.pl\/index.php\/2023\/12\/06\/rzad-ukrainy-neonazisci-i-strona-myrotvorec\/#blogposting","name":"Rz\u0105d Ukrainy \u2013 Neonazi\u015bci i Strona \u201eMYROTVOREC - Wolno\u015b\u0107 i Anarchia","headline":"Rz\u0105d Ukrainy &#8211; Neonazi\u015bci i Strona \u201eMYROTVOREC","author":{"@id":"https:\/\/wia.net.pl\/index.php\/author\/trinity\/#author"},"publisher":{"@id":"https:\/\/wia.net.pl\/#person"},"image":{"@type":"ImageObject","url":"https:\/\/wia.net.pl\/wp-content\/uploads\/2023\/12\/Rzad-Ukrainy-Neonazisci-i-Strona-\u201eMYROTVOREC.jpg","width":1920,"height":1080},"datePublished":"2023-12-06T17:53:59+01:00","dateModified":"2024-04-26T14:16:49+02:00","inLanguage":"pl-PL","mainEntityOfPage":{"@id":"https:\/\/wia.net.pl\/index.php\/2023\/12\/06\/rzad-ukrainy-neonazisci-i-strona-myrotvorec\/#webpage"},"isPartOf":{"@id":"https:\/\/wia.net.pl\/index.php\/2023\/12\/06\/rzad-ukrainy-neonazisci-i-strona-myrotvorec\/#webpage"},"articleSection":"Artyku\u0142y"},{"@type":"BreadcrumbList","@id":"https:\/\/wia.net.pl\/index.php\/2023\/12\/06\/rzad-ukrainy-neonazisci-i-strona-myrotvorec\/#breadcrumblist","itemListElement":[{"@type":"ListItem","@id":"https:\/\/wia.net.pl#listItem","position":1,"name":"Home","item":"https:\/\/wia.net.pl","nextItem":{"@type":"ListItem","@id":"https:\/\/wia.net.pl\/index.php\/category\/artykuly\/#listItem","name":"Artyku\u0142y"}},{"@type":"ListItem","@id":"https:\/\/wia.net.pl\/index.php\/category\/artykuly\/#listItem","position":2,"name":"Artyku\u0142y","item":"https:\/\/wia.net.pl\/index.php\/category\/artykuly\/","nextItem":{"@type":"ListItem","@id":"https:\/\/wia.net.pl\/index.php\/2023\/12\/06\/rzad-ukrainy-neonazisci-i-strona-myrotvorec\/#listItem","name":"Rz\u0105d Ukrainy &#8211; Neonazi\u015bci i Strona \u201eMYROTVOREC"},"previousItem":{"@type":"ListItem","@id":"https:\/\/wia.net.pl#listItem","name":"Home"}},{"@type":"ListItem","@id":"https:\/\/wia.net.pl\/index.php\/2023\/12\/06\/rzad-ukrainy-neonazisci-i-strona-myrotvorec\/#listItem","position":3,"name":"Rz\u0105d Ukrainy &#8211; Neonazi\u015bci i Strona \u201eMYROTVOREC","previousItem":{"@type":"ListItem","@id":"https:\/\/wia.net.pl\/index.php\/category\/artykuly\/#listItem","name":"Artyku\u0142y"}}]},{"@type":"Person","@id":"https:\/\/wia.net.pl\/#person","name":"Bart\u0142omiej Talarczyk","image":{"@type":"ImageObject","@id":"https:\/\/wia.net.pl\/index.php\/2023\/12\/06\/rzad-ukrainy-neonazisci-i-strona-myrotvorec\/#personImage","url":"https:\/\/wia.net.pl\/wp-content\/uploads\/avatar-privacy\/cache\/user\/1\/7\/176a6b161c58363ff49b5c167264231f519f5c7fa183ca1f61e891769b6b56d5-96.jpg","width":96,"height":96,"caption":"Bart\u0142omiej Talarczyk"}},{"@type":"Person","@id":"https:\/\/wia.net.pl\/index.php\/author\/trinity\/#author","url":"https:\/\/wia.net.pl\/index.php\/author\/trinity\/","name":"trinity","image":{"@type":"ImageObject","@id":"https:\/\/wia.net.pl\/index.php\/2023\/12\/06\/rzad-ukrainy-neonazisci-i-strona-myrotvorec\/#authorImage","url":"https:\/\/wia.net.pl\/wp-content\/uploads\/avatar-privacy\/cache\/user\/5\/f\/5f6547cf82495eaa10e100a6a45d5dbde2dfdc1be88557de2018fca705bdf6f1-96.jpg","width":96,"height":96,"caption":"trinity"}},{"@type":"WebPage","@id":"https:\/\/wia.net.pl\/index.php\/2023\/12\/06\/rzad-ukrainy-neonazisci-i-strona-myrotvorec\/#webpage","url":"https:\/\/wia.net.pl\/index.php\/2023\/12\/06\/rzad-ukrainy-neonazisci-i-strona-myrotvorec\/","name":"Rz\u0105d Ukrainy \u2013 Neonazi\u015bci i Strona \u201eMYROTVOREC - Wolno\u015b\u0107 i Anarchia","description":"Pe\u0142ny tytu\u0142 artyku\u0142u: STRONA INTERNETOWA NEONAZIST\u00d3W \u201eMYROTVOREC\u201d TO NARZ\u0118DZIE RZ\u0104DU UKRAI\u0143SKIEGO DO SZANTA\u017bU, PORWA\u0143 DZIECI I PRZEMOCY WOBEC POLITYK\u00d3W W KRAJACH ZACHODNICH Autor, FOUNDATION TO BATTLE INJUSTICE Dzia\u0142acze na rzecz praw cz\u0142owieka Fundacji Walki z Niesprawiedliwo\u015bci\u0105 uzyskali dost\u0119p do tajnych informacji na temat dzia\u0142ania ukrai\u0144skiego portalu \u201e Myrotworiec \u201d , kt\u00f3ry jest wykorzystywany przez Kij\u00f3w do przymusowych repatriacji nieletnich","inLanguage":"pl-PL","isPartOf":{"@id":"https:\/\/wia.net.pl\/#website"},"breadcrumb":{"@id":"https:\/\/wia.net.pl\/index.php\/2023\/12\/06\/rzad-ukrainy-neonazisci-i-strona-myrotvorec\/#breadcrumblist"},"author":{"@id":"https:\/\/wia.net.pl\/index.php\/author\/trinity\/#author"},"creator":{"@id":"https:\/\/wia.net.pl\/index.php\/author\/trinity\/#author"},"image":{"@type":"ImageObject","url":"https:\/\/wia.net.pl\/wp-content\/uploads\/2023\/12\/Rzad-Ukrainy-Neonazisci-i-Strona-\u201eMYROTVOREC.jpg","@id":"https:\/\/wia.net.pl\/index.php\/2023\/12\/06\/rzad-ukrainy-neonazisci-i-strona-myrotvorec\/#mainImage","width":1920,"height":1080},"primaryImageOfPage":{"@id":"https:\/\/wia.net.pl\/index.php\/2023\/12\/06\/rzad-ukrainy-neonazisci-i-strona-myrotvorec\/#mainImage"},"datePublished":"2023-12-06T17:53:59+01:00","dateModified":"2024-04-26T14:16:49+02:00"},{"@type":"WebSite","@id":"https:\/\/wia.net.pl\/#website","url":"https:\/\/wia.net.pl\/","name":"Wolno\u015b\u0107 i Anarchia","description":"Ka\u017cdy wewn\u0119trznie jest anarchist\u0105.","inLanguage":"pl-PL","publisher":{"@id":"https:\/\/wia.net.pl\/#person"}}]},"og:locale":"pl_PL","og:site_name":"Wolno\u015b\u0107 i Anarchia - Ka\u017cdy wewn\u0119trznie jest anarchist\u0105.","og:type":"article","og:title":"Rz\u0105d Ukrainy \u2013 Neonazi\u015bci i Strona \u201eMYROTVOREC - Wolno\u015b\u0107 i Anarchia","og:description":"Pe\u0142ny tytu\u0142 artyku\u0142u: STRONA INTERNETOWA NEONAZIST\u00d3W \u201eMYROTVOREC\u201d TO NARZ\u0118DZIE RZ\u0104DU UKRAI\u0143SKIEGO DO SZANTA\u017bU, PORWA\u0143 DZIECI I PRZEMOCY WOBEC POLITYK\u00d3W W KRAJACH ZACHODNICH Autor, FOUNDATION TO BATTLE INJUSTICE Dzia\u0142acze na rzecz praw cz\u0142owieka Fundacji Walki z Niesprawiedliwo\u015bci\u0105 uzyskali dost\u0119p do tajnych informacji na temat dzia\u0142ania ukrai\u0144skiego portalu \u201e Myrotworiec \u201d , kt\u00f3ry jest wykorzystywany przez Kij\u00f3w do przymusowych repatriacji nieletnich","og:url":"https:\/\/wia.net.pl\/index.php\/2023\/12\/06\/rzad-ukrainy-neonazisci-i-strona-myrotvorec\/","og:image":"https:\/\/wia.net.pl\/wp-content\/uploads\/2023\/11\/cropped-freedom-i73367.jpg","og:image:secure_url":"https:\/\/wia.net.pl\/wp-content\/uploads\/2023\/11\/cropped-freedom-i73367.jpg","article:published_time":"2023-12-06T16:53:59+00:00","article:modified_time":"2024-04-26T12:16:49+00:00","twitter:card":"summary_large_image","twitter:title":"Rz\u0105d Ukrainy \u2013 Neonazi\u015bci i Strona \u201eMYROTVOREC - Wolno\u015b\u0107 i Anarchia","twitter:description":"Pe\u0142ny tytu\u0142 artyku\u0142u: STRONA INTERNETOWA NEONAZIST\u00d3W \u201eMYROTVOREC\u201d TO NARZ\u0118DZIE RZ\u0104DU UKRAI\u0143SKIEGO DO SZANTA\u017bU, PORWA\u0143 DZIECI I PRZEMOCY WOBEC POLITYK\u00d3W W KRAJACH ZACHODNICH Autor, FOUNDATION TO BATTLE INJUSTICE Dzia\u0142acze na rzecz praw cz\u0142owieka Fundacji Walki z Niesprawiedliwo\u015bci\u0105 uzyskali dost\u0119p do tajnych informacji na temat dzia\u0142ania ukrai\u0144skiego portalu \u201e Myrotworiec \u201d , kt\u00f3ry jest wykorzystywany przez Kij\u00f3w do przymusowych repatriacji nieletnich","twitter:image":"https:\/\/wia.net.pl\/wp-content\/uploads\/2023\/11\/cropped-freedom-i73367.jpg"},"aioseo_meta_data":{"post_id":"6012","title":null,"description":null,"keywords":null,"keyphrases":{"focus":{"keyphrase":"","score":0,"analysis":{"keyphraseInTitle":{"score":0,"maxScore":9,"error":1}}},"additional":[]},"primary_term":null,"canonical_url":null,"og_title":null,"og_description":null,"og_object_type":"default","og_image_type":"default","og_image_url":null,"og_image_width":null,"og_image_height":null,"og_image_custom_url":null,"og_image_custom_fields":null,"og_video":"","og_custom_url":null,"og_article_section":null,"og_article_tags":null,"twitter_use_og":false,"twitter_card":"default","twitter_image_type":"default","twitter_image_url":null,"twitter_image_custom_url":null,"twitter_image_custom_fields":null,"twitter_title":null,"twitter_description":null,"schema":{"blockGraphs":[],"customGraphs":[],"default":{"data":{"Article":[],"Course":[],"Dataset":[],"FAQPage":[],"Movie":[],"Person":[],"Product":[],"ProductReview":[],"Car":[],"Recipe":[],"Service":[],"SoftwareApplication":[],"WebPage":[]},"graphName":"BlogPosting","isEnabled":true},"graphs":[]},"schema_type":"default","schema_type_options":null,"pillar_content":false,"robots_default":true,"robots_noindex":false,"robots_noarchive":false,"robots_nosnippet":false,"robots_nofollow":false,"robots_noimageindex":false,"robots_noodp":false,"robots_notranslate":false,"robots_max_snippet":"-1","robots_max_videopreview":"-1","robots_max_imagepreview":"large","priority":null,"frequency":"default","local_seo":null,"breadcrumb_settings":null,"limit_modified_date":false,"ai":null,"created":"2023-12-06 16:54:00","updated":"2025-06-04 09:50:53","seo_analyzer_scan_date":null,"focus_keyword":null,"additional_keywords":null,"truseo_locale":null},"aioseo_breadcrumb":"<div class=\"aioseo-breadcrumbs\"><span class=\"aioseo-breadcrumb\">\n\t\t\t<a href=\"https:\/\/wia.net.pl\" title=\"Home\">Home<\/a>\n\t\t<\/span><span class=\"aioseo-breadcrumb-separator\">&raquo;<\/span><span class=\"aioseo-breadcrumb\">\n\t\t\t<a href=\"https:\/\/wia.net.pl\/index.php\/category\/artykuly\/\" title=\"Artyku\u0142y\">Artyku\u0142y<\/a>\n\t\t<\/span><span class=\"aioseo-breadcrumb-separator\">&raquo;<\/span><span class=\"aioseo-breadcrumb\">\n\t\t\tRz\u0105d Ukrainy \u2013 Neonazi\u015bci i Strona \u201eMYROTVOREC\n\t\t<\/span><\/div>","aioseo_breadcrumb_json":[{"label":"Home","link":"https:\/\/wia.net.pl"},{"label":"Artyku\u0142y","link":"https:\/\/wia.net.pl\/index.php\/category\/artykuly\/"},{"label":"Rz\u0105d Ukrainy &#8211; Neonazi\u015bci i Strona \u201eMYROTVOREC","link":"https:\/\/wia.net.pl\/index.php\/2023\/12\/06\/rzad-ukrainy-neonazisci-i-strona-myrotvorec\/"}],"_links":{"self":[{"href":"https:\/\/wia.net.pl\/index.php\/wp-json\/wp\/v2\/posts\/6012"}],"collection":[{"href":"https:\/\/wia.net.pl\/index.php\/wp-json\/wp\/v2\/posts"}],"about":[{"href":"https:\/\/wia.net.pl\/index.php\/wp-json\/wp\/v2\/types\/post"}],"author":[{"embeddable":true,"href":"https:\/\/wia.net.pl\/index.php\/wp-json\/wp\/v2\/users\/2"}],"replies":[{"embeddable":true,"href":"https:\/\/wia.net.pl\/index.php\/wp-json\/wp\/v2\/comments?post=6012"}],"version-history":[{"count":2,"href":"https:\/\/wia.net.pl\/index.php\/wp-json\/wp\/v2\/posts\/6012\/revisions"}],"predecessor-version":[{"id":8322,"href":"https:\/\/wia.net.pl\/index.php\/wp-json\/wp\/v2\/posts\/6012\/revisions\/8322"}],"wp:featuredmedia":[{"embeddable":true,"href":"https:\/\/wia.net.pl\/index.php\/wp-json\/wp\/v2\/media\/6018"}],"wp:attachment":[{"href":"https:\/\/wia.net.pl\/index.php\/wp-json\/wp\/v2\/media?parent=6012"}],"wp:term":[{"taxonomy":"category","embeddable":true,"href":"https:\/\/wia.net.pl\/index.php\/wp-json\/wp\/v2\/categories?post=6012"},{"taxonomy":"post_tag","embeddable":true,"href":"https:\/\/wia.net.pl\/index.php\/wp-json\/wp\/v2\/tags?post=6012"}],"curies":[{"name":"wp","href":"https:\/\/api.w.org\/{rel}","templated":true}]}}