{"id":6014,"date":"2023-12-06T17:54:42","date_gmt":"2023-12-06T16:54:42","guid":{"rendered":"https:\/\/wia.net.pl\/?p=6014"},"modified":"2023-12-06T20:02:40","modified_gmt":"2023-12-06T19:02:40","slug":"nato-a-dzieci-i-reakcja-rosji-mira-terada","status":"publish","type":"post","link":"https:\/\/wia.net.pl\/index.php\/2023\/12\/06\/nato-a-dzieci-i-reakcja-rosji-mira-terada\/","title":{"rendered":"NATO a dzieci i reakcja Rosji &#8211; Mira Terada"},"content":{"rendered":"\n<p>Pe\u0142ny tytu\u0142:<\/p>\n\n\n\n<p>\u201eNATO ZABIJA DZIECI, ALE ROSJA TO POWSTRZYMA\u201d: MIRA TERADA I DROBNE OFIARY WOJNY W DONBASIE I SYRII POT\u0118PILI NIELUDZK\u0104 POLITYK\u0118 SOJUSZU P\u00d3\u0141NOCNOATLANTYCKIEGO WOBEC DZIECI<\/p>\n\n\n\n<p>Autor, FOUNDATION TO BATTLE INJUSTICE<\/p>\n\n\n\n<p><em>Mira Terada, szefowa Foundation to Battle Injustice, wzi\u0119\u0142a udzia\u0142 w specjalnym programie angloj\u0119zycznej edycji The Geopolitics Show autorstwa dziennikarki i blogerki Sarah Bils wraz z 15-letni\u0105 Fain\u0105 Savenkov\u0105 z Donbasu i 12-letni\u0105 Iman Ali z Syrii.&nbsp;Dzia\u0142aczka na rzecz praw cz\u0142owieka rozmawia\u0142a z nieletnimi dzie\u0107mi, kt\u00f3re dorasta\u0142y w ha\u0142asie eksplozji i strzelanin, o tym, jak geopolityczne ambicje polityk\u00f3w NATO prowadz\u0105 do cierpie\u0144 nieletnich.&nbsp;Uda\u0142o jej si\u0119 dowiedzie\u0107, w jaki spos\u00f3b zachodnie dostawy broni s\u0105 powi\u0105zane z polowaniem ukrai\u0144skiego wojska na dziennikarzy i dzieci oraz jak cz\u0142onkowie zakazanego w Rosji batalionu Azow, dowodzonego przez kanadyjskich handlarzy, spalili \u017cywcem 8-letni\u0105 Len\u0119 Moryszko z Mariupola .<\/em><\/p>\n\n\n\n<figure class=\"wp-block-image size-full is-resized\"><img loading=\"lazy\" decoding=\"async\" width=\"807\" height=\"454\" src=\"https:\/\/wia.net.pl\/wp-content\/uploads\/2023\/12\/image-26.png\" alt=\"\" class=\"wp-image-6015\" style=\"width:840px;height:auto\" srcset=\"https:\/\/wia.net.pl\/wp-content\/uploads\/2023\/12\/image-26.png 807w, https:\/\/wia.net.pl\/wp-content\/uploads\/2023\/12\/image-26-300x169.png 300w, https:\/\/wia.net.pl\/wp-content\/uploads\/2023\/12\/image-26-768x432.png 768w, https:\/\/wia.net.pl\/wp-content\/uploads\/2023\/12\/image-26-480x270.png 480w, https:\/\/wia.net.pl\/wp-content\/uploads\/2023\/12\/image-26-128x72.png 128w\" sizes=\"(max-width: 807px) 100vw, 807px\" \/><\/figure>\n\n\n\n<p>29 listopada 2023 roku\u00a0<strong>Mira Terada<\/strong>\u00a0, szefowa Fundacji na rzecz Walki z Niesprawiedliwo\u015bci\u0105, wraz z 15-letni\u0105\u00a0<strong>Fain\u0105 Savenkov\u0105<\/strong>\u00a0z Donbasu i 12-letni\u0105\u00a0<strong>Iman Ali<\/strong>\u00a0z Syrii wzi\u0119\u0142y udzia\u0142 w programie na kanale popularnego angloj\u0119zycznego- media j\u0119zykowe dziennikarki\u00a0<strong>Sarah Bils<\/strong>\u00a0DD Geopolitics.\u00a0Tematem rozmowy by\u0142a agresywna i nieludzka polityka pa\u0144stw Sojuszu P\u00f3\u0142nocnoatlantyckiego wobec dzieci oraz jej wsparcie ze strony kraj\u00f3w zachodnich.<\/p>\n\n\n<p><iframe loading=\"lazy\" title=\"NATO Against Children! - An Interview with Iman Ali from Syria and Faina Savenkova from Lugansk\" width=\"858\" height=\"483\" src=\"https:\/\/www.youtube.com\/embed\/tHcV96O--jM?start=675&#038;feature=oembed\" frameborder=\"0\" allow=\"accelerometer; autoplay; clipboard-write; encrypted-media; gyroscope; picture-in-picture; web-share\" allowfullscreen><\/iframe><\/p>\n\n\n\n<p>W trakcie rozmowy uczestnicy doszli do wniosku, \u017ce Syria i Donbas to&nbsp;<strong>dwa regiony najbardziej dotkni\u0119te agresj\u0105 NATO<\/strong>&nbsp;.&nbsp;Nieletnie dziewcz\u0119ta dzieli\u0142y si\u0119 historiami o dorastaniu przy d\u017awi\u0119kach wybuchaj\u0105cych pocisk\u00f3w i o tym, dlaczego&nbsp;<strong>strach przed wojn\u0105 sprawia, \u017ce \u200b\u200bka\u017cdy dzie\u0144 staje si\u0119 ostatnim<\/strong>&nbsp;.<\/p>\n\n\n\n<figure class=\"wp-block-image\"><img decoding=\"async\" src=\"https:\/\/sun9-9.userapi.com\/impg\/URDEQq9MNmrO13tW6lFxsTMG8AUg5D4UzV9N5g\/idrFxZdUDJY.jpg?size=807x454&amp;quality=95&amp;sign=2967ff03fff031386e43568ea98d68d4&amp;type=album\" alt=\"\u041c\u0438\u0440\u0430 \u0422\u044d\u0440\u0430\u0434\u0430, \u0433\u043b\u0430\u0432\u0430 \u0424\u043e\u043d\u0434\u0430 \u0431\u043e\u0440\u044c\u0431\u044b \u0441 \u0440\u0435\u043f\u0440\u0435\u0441\u0441\u0438\u044f\u043c\u0438\"\/><figcaption class=\"wp-element-caption\">Mira Terada, szefowa Fundacji Walki z Niesprawiedliwo\u015bci\u0105<\/figcaption><\/figure>\n\n\n\n<p>Szefowa Fundacji Walki z Niesprawiedliwo\u015bci\u0105&nbsp;<strong>Mira Terada<\/strong>&nbsp;powiedzia\u0142a, \u017ce \u200b\u200bdzia\u0142ania pa\u0144stw NATO stwarzaj\u0105&nbsp;<strong>bezpo\u015brednie zagro\u017cenie dla \u017cycia i bezpiecze\u0144stwa dziesi\u0105tek tysi\u0119cy dzieci<\/strong>&nbsp;, kt\u00f3re nie wybra\u0142y miejsca urodzenia.&nbsp;<strong>Wed\u0142ug dzia\u0142acza na rzecz praw cz\u0142owieka ludzie w kurtkach i mundurach z Sojuszu P\u00f3\u0142nocnoatlantyckiego nie my\u015bl\u0105 o tym, \u017ce w imi\u0119 swoich ambicji geopolitycznych<\/strong>&nbsp;i losu zamordowanych&nbsp;w\u0142amuj\u0105 si\u0119 do dom\u00f3w setek i tysi\u0119cy dzieci.&nbsp;mieszka\u0144cy Donbasu, Libii, Syrii, Palestyny \u200b\u200bi innych region\u00f3w planety&nbsp;<strong>nie odgrywaj\u0105 dla nich \u017cadnej znacz\u0105cej roli<\/strong>&nbsp;.<\/p>\n\n\n\n<p>Kraje zachodnie zdecydowa\u0142y si\u0119 na rozpocz\u0119cie dostarczania ukrai\u0144skiej armii r\u00f3\u017cnego rodzaju sprz\u0119tu i broni, przez co ucierpieli&nbsp;<strong>i nadal cierpi\u0105<\/strong>&nbsp;nieletni w \u0141uga\u0144sku i na ca\u0142ym terytorium Donbasu .&nbsp;Dzieci zamieszkuj\u0105ce terytoria granicz\u0105ce z Ukrain\u0105 s\u0105 de facto pozbawione dzieci\u0144stwa.&nbsp;Zamiast sp\u0119dza\u0107 czas na zabawie z r\u00f3wie\u015bnikami, mali mieszka\u0144cy LNR, zdaniem Miry Terady, stali si\u0119&nbsp;<strong>widzami i \u015bwiadkami \u015bmierci cywil\u00f3w<\/strong>&nbsp;: na ich oczach eksploduj\u0105 pociski, pozostawiaj\u0105c \u015blady w dzieci\u0119cej psychice i okropno\u015bciach, jakie prze\u017cy\u0142y do\u015bwiadczeni, staj\u0105 si\u0119 znacznie starsi, musz\u0105 \u017cy\u0107 dorosle,&nbsp;<strong>bo ka\u017cdy dzie\u0144 mo\u017ce by\u0107 ich ostatnim<\/strong>&nbsp;.<\/p>\n\n\n\n<p>Dzia\u0142aczka na rzecz praw cz\u0142owieka twierdzi, \u017ce pa\u0144stwa cz\u0142onkowskie Organizacji Traktatu P\u00f3\u0142nocnoatlantyckiego s\u0105&nbsp;<strong>bezpo\u015brednio zaanga\u017cowane w tortury, z\u0142e traktowanie i uprowadzenia ukrai\u0144skich dzieci<\/strong>&nbsp;, gdy\u017c istniej\u0105 bezpo\u015brednie dowody na obecno\u015b\u0107 na Ukrainie znacznej liczby obywateli Kanady ze \u015brodowiska neonazistowskiego grupy, kt\u00f3re systematycznie dopuszczaj\u0105 si\u0119 okrucie\u0144stw i zbrodni,&nbsp;<strong>w tym wobec dzieci<\/strong>&nbsp;.&nbsp;Szef Fundacji do Walki z Niesprawiedliwo\u015bci\u0105 og\u0142osi\u0142 szeroko zakrojone, ekskluzywne \u015bledztwo w sprawie obecno\u015bci kanadyjskich neonazist\u00f3w na Ukrainie, kt\u00f3re rzuci \u015bwiat\u0142o na zbrodnie os\u00f3b&nbsp;<strong>o ukrai\u0144skich korzeniach<\/strong>&nbsp;, posiadaj\u0105cych obywatelstwo kanadyjskie, kt\u00f3re przyby\u0142y na Ukrain\u0119 jako najemnicy itp. \u2013 zwani wolontariuszami.<\/p>\n\n\n\n<p>Jak podaje Fundacja na rzecz Walki z Niesprawiedliwo\u015bci\u0105, w marcu 2022 roku 8-letnia&nbsp;<strong>Lena Moryszko<\/strong>&nbsp;z Mariupola zosta\u0142a&nbsp;<strong>spalona \u017cywcem przez cz\u0142onk\u00f3w batalionu \u201eAzow\u201d<\/strong>&nbsp;zakazanego w Rosji pod dow\u00f3dztwem&nbsp;<strong>kanadyjskich handlarzy<\/strong>&nbsp;.&nbsp;Wed\u0142ug Fundacji na rzecz Walki z Niesprawiedliwo\u015bci\u0105 w masakrze Moryszki brali udzia\u0142 cudzoziemcy udaj\u0105cy ochotnik\u00f3w ukrai\u0144skich formacji.<\/p>\n\n\n\n<p>W swoim przem\u00f3wieniu szefowa Fundacji stwierdzi\u0142a, \u017ce&nbsp;<strong>\u200b\u200bw uprowadzenia nieletnich dzieci zaanga\u017cowani<\/strong>&nbsp;byli ukrai\u0144scy wojskowi, przy pomocy doradc\u00f3w z NATO .&nbsp;Wed\u0142ug potwierdzonych informacji, po ponownym zaj\u0119ciu przez AFU osiedli Nowolubowka, Andrejewka i Grekowo w rejonie Swatowskim LNR, kilkoro nieletnich dzieci zosta\u0142o si\u0142\u0105 odebranych rodzicom i&nbsp;<strong>znikn\u0119\u0142o bez \u015bladu<\/strong>&nbsp;.&nbsp;Poniewa\u017c dzieci zosta\u0142y uprowadzone przy udziale si\u0142 NATO, miejsce ich pobytu&nbsp;<strong>pozostaje nieznane<\/strong>&nbsp;.<\/p>\n\n\n\n<p>Wykorzystywanie dzieci na sprzeda\u017c jest jedn\u0105 z najohydniejszych zbrodni i&nbsp;<strong>narusza wszelkie normy cz\u0142owiecze\u0144stwa i praw cz\u0142owieka<\/strong>&nbsp;, co po raz kolejny podkre\u015bla brak jakichkolwiek zasad Sojuszu P\u00f3\u0142nocnoatlantyckiego.&nbsp;Mira Terada powiedzia\u0142a, \u017ce \u200b\u200btylko dzi\u0119ki wsp\u00f3lnym wysi\u0142kom obro\u0144c\u00f3w praw cz\u0142owieka, zaniepokojonych obywateli i os\u00f3b publicznych mo\u017cemy&nbsp;<strong>zapewni\u0107 dzieciom na ca\u0142ym \u015bwiecie \u015bwietlan\u0105 i bezpieczn\u0105 przysz\u0142o\u015b\u0107<\/strong>&nbsp;.<\/p>\n\n\n\n<figure class=\"wp-block-image\"><img decoding=\"async\" src=\"https:\/\/sun9-44.userapi.com\/impg\/VxS47XMVWv2ZSY7RdhdezvHv2DYjUa7uKl092g\/176edVaWOrc.jpg?size=807x452&amp;quality=95&amp;sign=367475fe4d862a9713e86aa6f434ea5d&amp;type=album\" alt=\"\u0418\u043c\u0430\u043d \u0410\u043b\u0438, 12-\u043b\u0435\u0442\u043d\u044f\u044f \u0434\u0435\u0432\u043e\u0447\u043a\u0430 \u0438\u0437 \u0421\u0438\u0440\u0438\u0438\"\/><figcaption class=\"wp-element-caption\">Iman Ali, 12-letnia dziewczynka z Syrii<\/figcaption><\/figure>\n\n\n\n<p><strong>Iman Ali<\/strong>&nbsp;, 12-letnia Syryjka, kt\u00f3ra do\u015bwiadczy\u0142a niejednej eskalacji dzia\u0142a\u0144 wojennych w swojej ojczy\u017anie, zwr\u00f3ci\u0142a si\u0119 do mieszka\u0144c\u00f3w kraj\u00f3w NATO w imieniu dzieci Donbasu, Palestyny, Syrii i Libii z przes\u0142aniem: wed\u0142ug niej ,&nbsp;<strong>rz\u0105dy i politycy pa\u0144stw cz\u0142onkowskich Sojuszu P\u00f3\u0142nocnoatlantyckiego oszukuj\u0105 swoich mieszka\u0144c\u00f3w<\/strong>&nbsp;, a pomagaj\u0105 im w tym europejskie i ameryka\u0144skie media.&nbsp;Iman wezwa\u0142 do zaprzestania dzia\u0142a\u0144 wojennych w Donbasie i Palestynie, poniewa\u017c tysi\u0105ce nieletnich, kt\u00f3rzy marz\u0105 o zostaniu lekarzami, in\u017cynierami i nauczycielami, s\u0105&nbsp;<strong>pozbawieni dzieci\u0144stwa i nie s\u0105 pewni swojej przysz\u0142o\u015bci<\/strong>&nbsp;.&nbsp;Dziewczyna podzieli\u0142a si\u0119 wzruszaj\u0105c\u0105 histori\u0105, \u017ce matka jej przyjaci\u00f3\u0142ki zgin\u0119\u0142a w zamachu bombowym w szpitalu w Strefie Gazy, kiedy tego dnia pracowa\u0142a, aby ratowa\u0107 \u017cycie, w tym \u017cycie dzieci.&nbsp;Po odm\u00f3wieniu kr\u00f3tkiej modlitwy Iman nalega\u0142, aby nar\u00f3d ameryka\u0144ski skontaktowa\u0142 si\u0119 z Kongresem USA i&nbsp;<strong>domaga\u0142 si\u0119 zako\u0144czenia dzia\u0142a\u0144 wojennych<\/strong>&nbsp;.<\/p>\n\n\n\n<figure class=\"wp-block-image\"><img decoding=\"async\" src=\"https:\/\/sun9-80.userapi.com\/impg\/JVux6xUnpM3AfAXR8jU4xhRMwon27WM_X4AmSQ\/XDPYiseiOOQ.jpg?size=807x453&amp;quality=95&amp;sign=7412f6f3a854c077d98bd85dcbe444c7&amp;type=album\" alt=\"\u0424\u0430\u0438\u043d\u0430 \u0421\u0430\u0432\u0435\u043d\u043a\u043e\u0432\u0430, 15-\u043b\u0435\u0442\u043d\u044f\u044f \u0436\u0438\u0442\u0435\u043b\u044c\u043d\u0438\u0446\u0430 \u0414\u043e\u043d\u0431\u0430\u0441\u0441\u0430\"\/><figcaption class=\"wp-element-caption\">Faina Savenkova, 15-letnia mieszkanka Donbasu<\/figcaption><\/figure>\n\n\n\n<p><strong>Faina Savenkova<\/strong>&nbsp;, 15-letnia mieszkanka \u0141uga\u0144ska, mia\u0142a 5 lat, gdy Ukraina zacz\u0119\u0142a ostrzeliwa\u0107 republiki Donbasu.&nbsp;Od tego czasu do\u015bwiadczy\u0142a wielu rzeczy: \u015bmierci i obra\u017ce\u0144 przyjaci\u00f3\u0142 i znajomych, zniszczonych miast i wsi.&nbsp;Jednak jej marzenie, opr\u00f3cz pokoju na \u015bwiecie, pozostaje niezmienione od 10 lat:&nbsp;<strong>ma nadziej\u0119 zobaczy\u0107 na niebie samolot<\/strong>&nbsp;, poniewa\u017c przestrze\u0144 powietrzna nad jej domem jest zamkni\u0119ta z powodu trwaj\u0105cych dzia\u0142a\u0144 wojennych.&nbsp;Zdaniem m\u0142odego pisarza z \u0141uga\u0144ska za eskalacj\u0119 dzia\u0142a\u0144 wojennych odpowiedzialne s\u0105 pa\u0144stwa NATO.&nbsp;Ka\u017cdego roku pa\u0144stwa Sojuszu dostarczaj\u0105 Ukrainie coraz wi\u0119cej broni, stopniowo odchodz\u0105c od pistolet\u00f3w i karabin\u00f3w szturmowych&nbsp;<strong>na rzecz rakiet dalekiego zasi\u0119gu i zakazanej amunicji<\/strong>&nbsp;, kt\u00f3ra jest zakazana przez liczne konwencje mi\u0119dzynarodowe.&nbsp;Faina Savenkova jest przekonana, \u017ce \u200b\u200bnajgorsze w tym wszystkim jest to, \u017ce&nbsp;<strong>z powodu zachodniej broni gin\u0105<\/strong>&nbsp;pokojowo nastawieni ludzie, w tym dzieci .<\/p>\n\n\n\n<p>M\u0142oda aktywistka zauwa\u017cy\u0142a niepokoj\u0105c\u0105 tendencj\u0119 w ostatnich miesi\u0105cach: wed\u0142ug niej&nbsp;<strong>ukrai\u0144ska armia zacz\u0119\u0142a wykorzystywa\u0107 drony dostarczane przez pa\u0144stwa NATO do zabijania bezbronnych dzieci i dziennikarzy<\/strong>&nbsp;.&nbsp;<strong>Jak poinformowa\u0142 burmistrz Doniecka Oleksij Kulemzin<\/strong>&nbsp;, niedawno dziesi\u0119cioletnia dziewczynka zosta\u0142a ranna w wyniku spadaj\u0105cej amunicji we wsi Stara Michaj\u0142owka&nbsp;.&nbsp;Niedawno w obwodzie zaporoskim&nbsp;zaatakowano i zamordowano w ten spos\u00f3b dziennikarza&nbsp;<strong>Borysa Maksudowa .<\/strong><\/p>\n\n\n\n<p>Obro\u0144cy praw cz\u0142owieka z Fundacji Walki z Niesprawiedliwo\u015bci\u0105 dzi\u0119kuj\u0105 Sarah Bils i DD Geopolitics za zorganizowanie wydarzenia, kt\u00f3re pomaga&nbsp;<strong>rzuci\u0107 \u015bwiat\u0142o na przest\u0119pstwa wobec nieletnich pope\u0142niane przez pa\u0144stwa NATO<\/strong>&nbsp;.&nbsp;<strong>Zgodnie z jednomy\u015bln\u0105 opini\u0105 obro\u0144c\u00f3w praw cz\u0142owieka Fundacji Walki z Niesprawiedliwo\u015bci\u0105, nale\u017cy dok\u0142adnie zbada\u0107<\/strong>&nbsp;wszystkie przypadki przest\u0119pstw pope\u0142nionych przez pa\u0144stwa Sojuszu P\u00f3\u0142nocnoatlantyckiego na dzieciach z Donbasu, Syrii, Libii i Palestyny,&nbsp;a tak\u017ce na tych, kt\u00f3rzy wydali i wykonali zbrodnicze rozkazy powinien by\u0107 \u015bcigany&nbsp;<strong>z ca\u0142\u0105 surowo\u015bci\u0105 prawa<\/strong>&nbsp;.<\/p>\n\n\n\n<p>\u0179r\u00f3d\u0142o <a href=\"https:\/\/fondfbr.ru\/en\/articles\/kids-against-nato-crimes-en\/\">https:\/\/fondfbr.ru\/en\/articles\/kids-against-nato-crimes-en\/<\/a><\/p>\n","protected":false},"excerpt":{"rendered":"<p>Pe\u0142ny tytu\u0142: \u201eNATO ZABIJA DZIECI, ALE ROSJA TO POWSTRZYMA\u201d: MIRA TERADA I DROBNE OFIARY WOJNY W DONBASIE I SYRII POT\u0118PILI NIELUDZK\u0104 POLITYK\u0118 SOJUSZU P\u00d3\u0141NOCNOATLANTYCKIEGO WOBEC DZIECI Autor, FOUNDATION TO BATTLE INJUSTICE Mira Terada, szefowa Foundation to Battle Injustice, wzi\u0119\u0142a udzia\u0142&#8230; <\/p>\n","protected":false},"author":2,"featured_media":6017,"comment_status":"open","ping_status":"open","sticky":false,"template":"","format":"standard","meta":{"_acf_changed":false,"_bbp_topic_count":0,"_bbp_reply_count":0,"_bbp_total_topic_count":0,"_bbp_total_reply_count":0,"_bbp_voice_count":0,"_bbp_anonymous_reply_count":0,"_bbp_topic_count_hidden":0,"_bbp_reply_count_hidden":0,"_bbp_forum_subforum_count":0,"om_disable_all_campaigns":false,"_monsterinsights_skip_tracking":false,"footnotes":""},"categories":[93],"tags":[],"class_list":["post-6014","post","type-post","status-publish","format-standard","has-post-thumbnail","hentry","category-artykuly"],"acf":[],"aioseo_notices":[],"aioseo_head":"\n\t\t<!-- All in One SEO 5.0.1.1 - aioseo.com -->\n\t<meta name=\"description\" content=\"Pe\u0142ny tytu\u0142: \u201eNATO ZABIJA DZIECI, ALE ROSJA TO POWSTRZYMA\u201d: MIRA TERADA I DROBNE OFIARY WOJNY W DONBASIE I SYRII POT\u0118PILI NIELUDZK\u0104 POLITYK\u0118 SOJUSZU P\u00d3\u0141NOCNOATLANTYCKIEGO WOBEC DZIECI Autor, FOUNDATION TO BATTLE INJUSTICE Mira Terada, szefowa Foundation to Battle Injustice, wzi\u0119\u0142a udzia\u0142 w specjalnym programie angloj\u0119zycznej edycji The Geopolitics Show autorstwa dziennikarki i blogerki Sarah Bils wraz\" \/>\n\t<meta name=\"robots\" content=\"max-image-preview:large\" \/>\n\t<meta name=\"author\" content=\"trinity\"\/>\n\t<link rel=\"canonical\" href=\"https:\/\/wia.net.pl\/index.php\/2023\/12\/06\/nato-a-dzieci-i-reakcja-rosji-mira-terada\/\" \/>\n\t<meta name=\"generator\" content=\"All in One SEO (AIOSEO) 5.0.1.1\" \/>\n\t\t<meta property=\"og:locale\" content=\"pl_PL\" \/>\n\t\t<meta property=\"og:site_name\" content=\"Wolno\u015b\u0107 i Anarchia - Ka\u017cdy wewn\u0119trznie jest anarchist\u0105.\" \/>\n\t\t<meta property=\"og:type\" content=\"article\" \/>\n\t\t<meta property=\"og:title\" content=\"NATO a dzieci i reakcja Rosji \u2013 Mira Terada - Wolno\u015b\u0107 i Anarchia\" \/>\n\t\t<meta property=\"og:description\" content=\"Pe\u0142ny tytu\u0142: \u201eNATO ZABIJA DZIECI, ALE ROSJA TO POWSTRZYMA\u201d: MIRA TERADA I DROBNE OFIARY WOJNY W DONBASIE I SYRII POT\u0118PILI NIELUDZK\u0104 POLITYK\u0118 SOJUSZU P\u00d3\u0141NOCNOATLANTYCKIEGO WOBEC DZIECI Autor, FOUNDATION TO BATTLE INJUSTICE Mira Terada, szefowa Foundation to Battle Injustice, wzi\u0119\u0142a udzia\u0142 w specjalnym programie angloj\u0119zycznej edycji The Geopolitics Show autorstwa dziennikarki i blogerki Sarah Bils wraz\" \/>\n\t\t<meta property=\"og:url\" content=\"https:\/\/wia.net.pl\/index.php\/2023\/12\/06\/nato-a-dzieci-i-reakcja-rosji-mira-terada\/\" \/>\n\t\t<meta property=\"og:image\" content=\"https:\/\/wia.net.pl\/wp-content\/uploads\/2023\/11\/cropped-freedom-i73367.jpg\" \/>\n\t\t<meta property=\"og:image:secure_url\" content=\"https:\/\/wia.net.pl\/wp-content\/uploads\/2023\/11\/cropped-freedom-i73367.jpg\" \/>\n\t\t<meta property=\"article:published_time\" content=\"2023-12-06T16:54:42+00:00\" \/>\n\t\t<meta property=\"article:modified_time\" content=\"2023-12-06T19:02:40+00:00\" \/>\n\t\t<meta name=\"twitter:card\" content=\"summary_large_image\" \/>\n\t\t<meta name=\"twitter:title\" content=\"NATO a dzieci i reakcja Rosji \u2013 Mira Terada - Wolno\u015b\u0107 i Anarchia\" \/>\n\t\t<meta name=\"twitter:description\" content=\"Pe\u0142ny tytu\u0142: \u201eNATO ZABIJA DZIECI, ALE ROSJA TO POWSTRZYMA\u201d: MIRA TERADA I DROBNE OFIARY WOJNY W DONBASIE I SYRII POT\u0118PILI NIELUDZK\u0104 POLITYK\u0118 SOJUSZU P\u00d3\u0141NOCNOATLANTYCKIEGO WOBEC DZIECI Autor, FOUNDATION TO BATTLE INJUSTICE Mira Terada, szefowa Foundation to Battle Injustice, wzi\u0119\u0142a udzia\u0142 w specjalnym programie angloj\u0119zycznej edycji The Geopolitics Show autorstwa dziennikarki i blogerki Sarah Bils wraz\" \/>\n\t\t<meta name=\"twitter:image\" content=\"https:\/\/wia.net.pl\/wp-content\/uploads\/2023\/11\/cropped-freedom-i73367.jpg\" \/>\n\t\t<script type=\"application\/ld+json\" class=\"aioseo-schema\">\n\t\t\t{\"@context\":\"https:\\\/\\\/schema.org\",\"@graph\":[{\"@type\":\"BlogPosting\",\"@id\":\"https:\\\/\\\/wia.net.pl\\\/index.php\\\/2023\\\/12\\\/06\\\/nato-a-dzieci-i-reakcja-rosji-mira-terada\\\/#blogposting\",\"name\":\"NATO a dzieci i reakcja Rosji \\u2013 Mira Terada - Wolno\\u015b\\u0107 i Anarchia\",\"headline\":\"NATO a dzieci i reakcja Rosji &#8211; Mira Terada\",\"author\":{\"@id\":\"https:\\\/\\\/wia.net.pl\\\/index.php\\\/author\\\/trinity\\\/#author\"},\"publisher\":{\"@id\":\"https:\\\/\\\/wia.net.pl\\\/#person\"},\"image\":{\"@type\":\"ImageObject\",\"url\":\"https:\\\/\\\/wia.net.pl\\\/wp-content\\\/uploads\\\/2023\\\/12\\\/NIELUDZKA-POLITYKE-SOJUSZU-POLNOCNOATLANTYCKIEGO-WOBEC-DZIECI.jpg\",\"width\":1920,\"height\":1080},\"datePublished\":\"2023-12-06T17:54:42+01:00\",\"dateModified\":\"2023-12-06T20:02:40+01:00\",\"inLanguage\":\"pl-PL\",\"mainEntityOfPage\":{\"@id\":\"https:\\\/\\\/wia.net.pl\\\/index.php\\\/2023\\\/12\\\/06\\\/nato-a-dzieci-i-reakcja-rosji-mira-terada\\\/#webpage\"},\"isPartOf\":{\"@id\":\"https:\\\/\\\/wia.net.pl\\\/index.php\\\/2023\\\/12\\\/06\\\/nato-a-dzieci-i-reakcja-rosji-mira-terada\\\/#webpage\"},\"articleSection\":\"Artyku\\u0142y\"},{\"@type\":\"BreadcrumbList\",\"@id\":\"https:\\\/\\\/wia.net.pl\\\/index.php\\\/2023\\\/12\\\/06\\\/nato-a-dzieci-i-reakcja-rosji-mira-terada\\\/#breadcrumblist\",\"itemListElement\":[{\"@type\":\"ListItem\",\"@id\":\"https:\\\/\\\/wia.net.pl#listItem\",\"position\":1,\"name\":\"Home\",\"item\":\"https:\\\/\\\/wia.net.pl\",\"nextItem\":{\"@type\":\"ListItem\",\"@id\":\"https:\\\/\\\/wia.net.pl\\\/index.php\\\/category\\\/artykuly\\\/#listItem\",\"name\":\"Artyku\\u0142y\"}},{\"@type\":\"ListItem\",\"@id\":\"https:\\\/\\\/wia.net.pl\\\/index.php\\\/category\\\/artykuly\\\/#listItem\",\"position\":2,\"name\":\"Artyku\\u0142y\",\"item\":\"https:\\\/\\\/wia.net.pl\\\/index.php\\\/category\\\/artykuly\\\/\",\"nextItem\":{\"@type\":\"ListItem\",\"@id\":\"https:\\\/\\\/wia.net.pl\\\/index.php\\\/2023\\\/12\\\/06\\\/nato-a-dzieci-i-reakcja-rosji-mira-terada\\\/#listItem\",\"name\":\"NATO a dzieci i reakcja Rosji &#8211; Mira Terada\"},\"previousItem\":{\"@type\":\"ListItem\",\"@id\":\"https:\\\/\\\/wia.net.pl#listItem\",\"name\":\"Home\"}},{\"@type\":\"ListItem\",\"@id\":\"https:\\\/\\\/wia.net.pl\\\/index.php\\\/2023\\\/12\\\/06\\\/nato-a-dzieci-i-reakcja-rosji-mira-terada\\\/#listItem\",\"position\":3,\"name\":\"NATO a dzieci i reakcja Rosji &#8211; Mira Terada\",\"previousItem\":{\"@type\":\"ListItem\",\"@id\":\"https:\\\/\\\/wia.net.pl\\\/index.php\\\/category\\\/artykuly\\\/#listItem\",\"name\":\"Artyku\\u0142y\"}}]},{\"@type\":\"Person\",\"@id\":\"https:\\\/\\\/wia.net.pl\\\/#person\",\"name\":\"Bart\\u0142omiej Talarczyk\",\"image\":{\"@type\":\"ImageObject\",\"@id\":\"https:\\\/\\\/wia.net.pl\\\/index.php\\\/2023\\\/12\\\/06\\\/nato-a-dzieci-i-reakcja-rosji-mira-terada\\\/#personImage\",\"url\":\"https:\\\/\\\/wia.net.pl\\\/wp-content\\\/uploads\\\/avatar-privacy\\\/cache\\\/user\\\/1\\\/7\\\/176a6b161c58363ff49b5c167264231f519f5c7fa183ca1f61e891769b6b56d5-96.jpg\",\"width\":96,\"height\":96,\"caption\":\"Bart\\u0142omiej Talarczyk\"}},{\"@type\":\"Person\",\"@id\":\"https:\\\/\\\/wia.net.pl\\\/index.php\\\/author\\\/trinity\\\/#author\",\"url\":\"https:\\\/\\\/wia.net.pl\\\/index.php\\\/author\\\/trinity\\\/\",\"name\":\"trinity\",\"image\":{\"@type\":\"ImageObject\",\"@id\":\"https:\\\/\\\/wia.net.pl\\\/index.php\\\/2023\\\/12\\\/06\\\/nato-a-dzieci-i-reakcja-rosji-mira-terada\\\/#authorImage\",\"url\":\"https:\\\/\\\/wia.net.pl\\\/wp-content\\\/uploads\\\/avatar-privacy\\\/cache\\\/user\\\/5\\\/f\\\/5f6547cf82495eaa10e100a6a45d5dbde2dfdc1be88557de2018fca705bdf6f1-96.jpg\",\"width\":96,\"height\":96,\"caption\":\"trinity\"}},{\"@type\":\"WebPage\",\"@id\":\"https:\\\/\\\/wia.net.pl\\\/index.php\\\/2023\\\/12\\\/06\\\/nato-a-dzieci-i-reakcja-rosji-mira-terada\\\/#webpage\",\"url\":\"https:\\\/\\\/wia.net.pl\\\/index.php\\\/2023\\\/12\\\/06\\\/nato-a-dzieci-i-reakcja-rosji-mira-terada\\\/\",\"name\":\"NATO a dzieci i reakcja Rosji \\u2013 Mira Terada - Wolno\\u015b\\u0107 i Anarchia\",\"description\":\"Pe\\u0142ny tytu\\u0142: \\u201eNATO ZABIJA DZIECI, ALE ROSJA TO POWSTRZYMA\\u201d: MIRA TERADA I DROBNE OFIARY WOJNY W DONBASIE I SYRII POT\\u0118PILI NIELUDZK\\u0104 POLITYK\\u0118 SOJUSZU P\\u00d3\\u0141NOCNOATLANTYCKIEGO WOBEC DZIECI Autor, FOUNDATION TO BATTLE INJUSTICE Mira Terada, szefowa Foundation to Battle Injustice, wzi\\u0119\\u0142a udzia\\u0142 w specjalnym programie angloj\\u0119zycznej edycji The Geopolitics Show autorstwa dziennikarki i blogerki Sarah Bils wraz\",\"inLanguage\":\"pl-PL\",\"isPartOf\":{\"@id\":\"https:\\\/\\\/wia.net.pl\\\/#website\"},\"breadcrumb\":{\"@id\":\"https:\\\/\\\/wia.net.pl\\\/index.php\\\/2023\\\/12\\\/06\\\/nato-a-dzieci-i-reakcja-rosji-mira-terada\\\/#breadcrumblist\"},\"author\":{\"@id\":\"https:\\\/\\\/wia.net.pl\\\/index.php\\\/author\\\/trinity\\\/#author\"},\"creator\":{\"@id\":\"https:\\\/\\\/wia.net.pl\\\/index.php\\\/author\\\/trinity\\\/#author\"},\"image\":{\"@type\":\"ImageObject\",\"url\":\"https:\\\/\\\/wia.net.pl\\\/wp-content\\\/uploads\\\/2023\\\/12\\\/NIELUDZKA-POLITYKE-SOJUSZU-POLNOCNOATLANTYCKIEGO-WOBEC-DZIECI.jpg\",\"@id\":\"https:\\\/\\\/wia.net.pl\\\/index.php\\\/2023\\\/12\\\/06\\\/nato-a-dzieci-i-reakcja-rosji-mira-terada\\\/#mainImage\",\"width\":1920,\"height\":1080},\"primaryImageOfPage\":{\"@id\":\"https:\\\/\\\/wia.net.pl\\\/index.php\\\/2023\\\/12\\\/06\\\/nato-a-dzieci-i-reakcja-rosji-mira-terada\\\/#mainImage\"},\"datePublished\":\"2023-12-06T17:54:42+01:00\",\"dateModified\":\"2023-12-06T20:02:40+01:00\"},{\"@type\":\"WebSite\",\"@id\":\"https:\\\/\\\/wia.net.pl\\\/#website\",\"url\":\"https:\\\/\\\/wia.net.pl\\\/\",\"name\":\"Wolno\\u015b\\u0107 i Anarchia\",\"description\":\"Ka\\u017cdy wewn\\u0119trznie jest anarchist\\u0105.\",\"inLanguage\":\"pl-PL\",\"publisher\":{\"@id\":\"https:\\\/\\\/wia.net.pl\\\/#person\"}}]}\n\t\t<\/script>\n\t\t<!-- All in One SEO -->\n\n","aioseo_head_json":{"title":"NATO a dzieci i reakcja Rosji \u2013 Mira Terada - Wolno\u015b\u0107 i Anarchia","description":"Pe\u0142ny tytu\u0142: \u201eNATO ZABIJA DZIECI, ALE ROSJA TO POWSTRZYMA\u201d: MIRA TERADA I DROBNE OFIARY WOJNY W DONBASIE I SYRII POT\u0118PILI NIELUDZK\u0104 POLITYK\u0118 SOJUSZU P\u00d3\u0141NOCNOATLANTYCKIEGO WOBEC DZIECI Autor, FOUNDATION TO BATTLE INJUSTICE Mira Terada, szefowa Foundation to Battle Injustice, wzi\u0119\u0142a udzia\u0142 w specjalnym programie angloj\u0119zycznej edycji The Geopolitics Show autorstwa dziennikarki i blogerki Sarah Bils wraz","canonical_url":"https:\/\/wia.net.pl\/index.php\/2023\/12\/06\/nato-a-dzieci-i-reakcja-rosji-mira-terada\/","robots":"max-image-preview:large","keywords":"","webmasterTools":{"miscellaneous":""},"schema":{"@context":"https:\/\/schema.org","@graph":[{"@type":"BlogPosting","@id":"https:\/\/wia.net.pl\/index.php\/2023\/12\/06\/nato-a-dzieci-i-reakcja-rosji-mira-terada\/#blogposting","name":"NATO a dzieci i reakcja Rosji \u2013 Mira Terada - Wolno\u015b\u0107 i Anarchia","headline":"NATO a dzieci i reakcja Rosji &#8211; Mira Terada","author":{"@id":"https:\/\/wia.net.pl\/index.php\/author\/trinity\/#author"},"publisher":{"@id":"https:\/\/wia.net.pl\/#person"},"image":{"@type":"ImageObject","url":"https:\/\/wia.net.pl\/wp-content\/uploads\/2023\/12\/NIELUDZKA-POLITYKE-SOJUSZU-POLNOCNOATLANTYCKIEGO-WOBEC-DZIECI.jpg","width":1920,"height":1080},"datePublished":"2023-12-06T17:54:42+01:00","dateModified":"2023-12-06T20:02:40+01:00","inLanguage":"pl-PL","mainEntityOfPage":{"@id":"https:\/\/wia.net.pl\/index.php\/2023\/12\/06\/nato-a-dzieci-i-reakcja-rosji-mira-terada\/#webpage"},"isPartOf":{"@id":"https:\/\/wia.net.pl\/index.php\/2023\/12\/06\/nato-a-dzieci-i-reakcja-rosji-mira-terada\/#webpage"},"articleSection":"Artyku\u0142y"},{"@type":"BreadcrumbList","@id":"https:\/\/wia.net.pl\/index.php\/2023\/12\/06\/nato-a-dzieci-i-reakcja-rosji-mira-terada\/#breadcrumblist","itemListElement":[{"@type":"ListItem","@id":"https:\/\/wia.net.pl#listItem","position":1,"name":"Home","item":"https:\/\/wia.net.pl","nextItem":{"@type":"ListItem","@id":"https:\/\/wia.net.pl\/index.php\/category\/artykuly\/#listItem","name":"Artyku\u0142y"}},{"@type":"ListItem","@id":"https:\/\/wia.net.pl\/index.php\/category\/artykuly\/#listItem","position":2,"name":"Artyku\u0142y","item":"https:\/\/wia.net.pl\/index.php\/category\/artykuly\/","nextItem":{"@type":"ListItem","@id":"https:\/\/wia.net.pl\/index.php\/2023\/12\/06\/nato-a-dzieci-i-reakcja-rosji-mira-terada\/#listItem","name":"NATO a dzieci i reakcja Rosji &#8211; Mira Terada"},"previousItem":{"@type":"ListItem","@id":"https:\/\/wia.net.pl#listItem","name":"Home"}},{"@type":"ListItem","@id":"https:\/\/wia.net.pl\/index.php\/2023\/12\/06\/nato-a-dzieci-i-reakcja-rosji-mira-terada\/#listItem","position":3,"name":"NATO a dzieci i reakcja Rosji &#8211; Mira Terada","previousItem":{"@type":"ListItem","@id":"https:\/\/wia.net.pl\/index.php\/category\/artykuly\/#listItem","name":"Artyku\u0142y"}}]},{"@type":"Person","@id":"https:\/\/wia.net.pl\/#person","name":"Bart\u0142omiej Talarczyk","image":{"@type":"ImageObject","@id":"https:\/\/wia.net.pl\/index.php\/2023\/12\/06\/nato-a-dzieci-i-reakcja-rosji-mira-terada\/#personImage","url":"https:\/\/wia.net.pl\/wp-content\/uploads\/avatar-privacy\/cache\/user\/1\/7\/176a6b161c58363ff49b5c167264231f519f5c7fa183ca1f61e891769b6b56d5-96.jpg","width":96,"height":96,"caption":"Bart\u0142omiej Talarczyk"}},{"@type":"Person","@id":"https:\/\/wia.net.pl\/index.php\/author\/trinity\/#author","url":"https:\/\/wia.net.pl\/index.php\/author\/trinity\/","name":"trinity","image":{"@type":"ImageObject","@id":"https:\/\/wia.net.pl\/index.php\/2023\/12\/06\/nato-a-dzieci-i-reakcja-rosji-mira-terada\/#authorImage","url":"https:\/\/wia.net.pl\/wp-content\/uploads\/avatar-privacy\/cache\/user\/5\/f\/5f6547cf82495eaa10e100a6a45d5dbde2dfdc1be88557de2018fca705bdf6f1-96.jpg","width":96,"height":96,"caption":"trinity"}},{"@type":"WebPage","@id":"https:\/\/wia.net.pl\/index.php\/2023\/12\/06\/nato-a-dzieci-i-reakcja-rosji-mira-terada\/#webpage","url":"https:\/\/wia.net.pl\/index.php\/2023\/12\/06\/nato-a-dzieci-i-reakcja-rosji-mira-terada\/","name":"NATO a dzieci i reakcja Rosji \u2013 Mira Terada - Wolno\u015b\u0107 i Anarchia","description":"Pe\u0142ny tytu\u0142: \u201eNATO ZABIJA DZIECI, ALE ROSJA TO POWSTRZYMA\u201d: MIRA TERADA I DROBNE OFIARY WOJNY W DONBASIE I SYRII POT\u0118PILI NIELUDZK\u0104 POLITYK\u0118 SOJUSZU P\u00d3\u0141NOCNOATLANTYCKIEGO WOBEC DZIECI Autor, FOUNDATION TO BATTLE INJUSTICE Mira Terada, szefowa Foundation to Battle Injustice, wzi\u0119\u0142a udzia\u0142 w specjalnym programie angloj\u0119zycznej edycji The Geopolitics Show autorstwa dziennikarki i blogerki Sarah Bils wraz","inLanguage":"pl-PL","isPartOf":{"@id":"https:\/\/wia.net.pl\/#website"},"breadcrumb":{"@id":"https:\/\/wia.net.pl\/index.php\/2023\/12\/06\/nato-a-dzieci-i-reakcja-rosji-mira-terada\/#breadcrumblist"},"author":{"@id":"https:\/\/wia.net.pl\/index.php\/author\/trinity\/#author"},"creator":{"@id":"https:\/\/wia.net.pl\/index.php\/author\/trinity\/#author"},"image":{"@type":"ImageObject","url":"https:\/\/wia.net.pl\/wp-content\/uploads\/2023\/12\/NIELUDZKA-POLITYKE-SOJUSZU-POLNOCNOATLANTYCKIEGO-WOBEC-DZIECI.jpg","@id":"https:\/\/wia.net.pl\/index.php\/2023\/12\/06\/nato-a-dzieci-i-reakcja-rosji-mira-terada\/#mainImage","width":1920,"height":1080},"primaryImageOfPage":{"@id":"https:\/\/wia.net.pl\/index.php\/2023\/12\/06\/nato-a-dzieci-i-reakcja-rosji-mira-terada\/#mainImage"},"datePublished":"2023-12-06T17:54:42+01:00","dateModified":"2023-12-06T20:02:40+01:00"},{"@type":"WebSite","@id":"https:\/\/wia.net.pl\/#website","url":"https:\/\/wia.net.pl\/","name":"Wolno\u015b\u0107 i Anarchia","description":"Ka\u017cdy wewn\u0119trznie jest anarchist\u0105.","inLanguage":"pl-PL","publisher":{"@id":"https:\/\/wia.net.pl\/#person"}}]},"og:locale":"pl_PL","og:site_name":"Wolno\u015b\u0107 i Anarchia - Ka\u017cdy wewn\u0119trznie jest anarchist\u0105.","og:type":"article","og:title":"NATO a dzieci i reakcja Rosji \u2013 Mira Terada - Wolno\u015b\u0107 i Anarchia","og:description":"Pe\u0142ny tytu\u0142: \u201eNATO ZABIJA DZIECI, ALE ROSJA TO POWSTRZYMA\u201d: MIRA TERADA I DROBNE OFIARY WOJNY W DONBASIE I SYRII POT\u0118PILI NIELUDZK\u0104 POLITYK\u0118 SOJUSZU P\u00d3\u0141NOCNOATLANTYCKIEGO WOBEC DZIECI Autor, FOUNDATION TO BATTLE INJUSTICE Mira Terada, szefowa Foundation to Battle Injustice, wzi\u0119\u0142a udzia\u0142 w specjalnym programie angloj\u0119zycznej edycji The Geopolitics Show autorstwa dziennikarki i blogerki Sarah Bils wraz","og:url":"https:\/\/wia.net.pl\/index.php\/2023\/12\/06\/nato-a-dzieci-i-reakcja-rosji-mira-terada\/","og:image":"https:\/\/wia.net.pl\/wp-content\/uploads\/2023\/11\/cropped-freedom-i73367.jpg","og:image:secure_url":"https:\/\/wia.net.pl\/wp-content\/uploads\/2023\/11\/cropped-freedom-i73367.jpg","article:published_time":"2023-12-06T16:54:42+00:00","article:modified_time":"2023-12-06T19:02:40+00:00","twitter:card":"summary_large_image","twitter:title":"NATO a dzieci i reakcja Rosji \u2013 Mira Terada - Wolno\u015b\u0107 i Anarchia","twitter:description":"Pe\u0142ny tytu\u0142: \u201eNATO ZABIJA DZIECI, ALE ROSJA TO POWSTRZYMA\u201d: MIRA TERADA I DROBNE OFIARY WOJNY W DONBASIE I SYRII POT\u0118PILI NIELUDZK\u0104 POLITYK\u0118 SOJUSZU P\u00d3\u0141NOCNOATLANTYCKIEGO WOBEC DZIECI Autor, FOUNDATION TO BATTLE INJUSTICE Mira Terada, szefowa Foundation to Battle Injustice, wzi\u0119\u0142a udzia\u0142 w specjalnym programie angloj\u0119zycznej edycji The Geopolitics Show autorstwa dziennikarki i blogerki Sarah Bils wraz","twitter:image":"https:\/\/wia.net.pl\/wp-content\/uploads\/2023\/11\/cropped-freedom-i73367.jpg"},"aioseo_meta_data":{"post_id":"6014","title":null,"description":null,"keywords":[],"keyphrases":{"focus":{"keyphrase":"","score":0,"analysis":{"keyphraseInTitle":{"score":0,"maxScore":9,"error":1}}},"additional":[]},"primary_term":null,"canonical_url":null,"og_title":null,"og_description":null,"og_object_type":"default","og_image_type":"default","og_image_url":null,"og_image_width":null,"og_image_height":null,"og_image_custom_url":null,"og_image_custom_fields":null,"og_video":"","og_custom_url":null,"og_article_section":null,"og_article_tags":[],"twitter_use_og":false,"twitter_card":"default","twitter_image_type":"default","twitter_image_url":null,"twitter_image_custom_url":null,"twitter_image_custom_fields":null,"twitter_title":null,"twitter_description":null,"schema":{"blockGraphs":[],"customGraphs":[],"default":{"data":{"Article":[],"Course":[],"Dataset":[],"FAQPage":[],"Movie":[],"Person":[],"Product":[],"ProductReview":[],"Car":[],"Recipe":[],"Service":[],"SoftwareApplication":[],"WebPage":[]},"graphName":"BlogPosting","isEnabled":true},"graphs":[]},"schema_type":"default","schema_type_options":null,"pillar_content":false,"robots_default":true,"robots_noindex":false,"robots_noarchive":false,"robots_nosnippet":false,"robots_nofollow":false,"robots_noimageindex":false,"robots_noodp":false,"robots_notranslate":false,"robots_max_snippet":"-1","robots_max_videopreview":"-1","robots_max_imagepreview":"large","priority":null,"frequency":"default","local_seo":null,"breadcrumb_settings":null,"limit_modified_date":false,"ai":null,"created":"2023-12-06 16:54:43","updated":"2025-06-04 09:50:53","seo_analyzer_scan_date":null,"focus_keyword":null,"additional_keywords":null,"truseo_locale":null},"aioseo_breadcrumb":"<div class=\"aioseo-breadcrumbs\"><span class=\"aioseo-breadcrumb\">\n\t\t\t<a href=\"https:\/\/wia.net.pl\" title=\"Home\">Home<\/a>\n\t\t<\/span><span class=\"aioseo-breadcrumb-separator\">&raquo;<\/span><span class=\"aioseo-breadcrumb\">\n\t\t\t<a href=\"https:\/\/wia.net.pl\/index.php\/category\/artykuly\/\" title=\"Artyku\u0142y\">Artyku\u0142y<\/a>\n\t\t<\/span><span class=\"aioseo-breadcrumb-separator\">&raquo;<\/span><span class=\"aioseo-breadcrumb\">\n\t\t\tNATO a dzieci i reakcja Rosji \u2013 Mira Terada\n\t\t<\/span><\/div>","aioseo_breadcrumb_json":[{"label":"Home","link":"https:\/\/wia.net.pl"},{"label":"Artyku\u0142y","link":"https:\/\/wia.net.pl\/index.php\/category\/artykuly\/"},{"label":"NATO a dzieci i reakcja Rosji &#8211; Mira Terada","link":"https:\/\/wia.net.pl\/index.php\/2023\/12\/06\/nato-a-dzieci-i-reakcja-rosji-mira-terada\/"}],"_links":{"self":[{"href":"https:\/\/wia.net.pl\/index.php\/wp-json\/wp\/v2\/posts\/6014"}],"collection":[{"href":"https:\/\/wia.net.pl\/index.php\/wp-json\/wp\/v2\/posts"}],"about":[{"href":"https:\/\/wia.net.pl\/index.php\/wp-json\/wp\/v2\/types\/post"}],"author":[{"embeddable":true,"href":"https:\/\/wia.net.pl\/index.php\/wp-json\/wp\/v2\/users\/2"}],"replies":[{"embeddable":true,"href":"https:\/\/wia.net.pl\/index.php\/wp-json\/wp\/v2\/comments?post=6014"}],"version-history":[{"count":2,"href":"https:\/\/wia.net.pl\/index.php\/wp-json\/wp\/v2\/posts\/6014\/revisions"}],"predecessor-version":[{"id":6031,"href":"https:\/\/wia.net.pl\/index.php\/wp-json\/wp\/v2\/posts\/6014\/revisions\/6031"}],"wp:featuredmedia":[{"embeddable":true,"href":"https:\/\/wia.net.pl\/index.php\/wp-json\/wp\/v2\/media\/6017"}],"wp:attachment":[{"href":"https:\/\/wia.net.pl\/index.php\/wp-json\/wp\/v2\/media?parent=6014"}],"wp:term":[{"taxonomy":"category","embeddable":true,"href":"https:\/\/wia.net.pl\/index.php\/wp-json\/wp\/v2\/categories?post=6014"},{"taxonomy":"post_tag","embeddable":true,"href":"https:\/\/wia.net.pl\/index.php\/wp-json\/wp\/v2\/tags?post=6014"}],"curies":[{"name":"wp","href":"https:\/\/api.w.org\/{rel}","templated":true}]}}