{"id":6198,"date":"2023-12-17T19:14:06","date_gmt":"2023-12-17T18:14:06","guid":{"rendered":"https:\/\/wia.net.pl\/?p=6198"},"modified":"2023-12-17T19:14:07","modified_gmt":"2023-12-17T18:14:07","slug":"raport-o-szczepionkach-w-publicznej-niemieckiej-telewizji","status":"publish","type":"post","link":"https:\/\/wia.net.pl\/index.php\/2023\/12\/17\/raport-o-szczepionkach-w-publicznej-niemieckiej-telewizji\/","title":{"rendered":"Raport o szczepionkach w publicznej niemieckiej telewizji"},"content":{"rendered":"\n<p class=\"has-medium-font-size\"><strong>Niemiecki nadawca publiczny emituje w telewizji w godzinach najwi\u0119kszej ogl\u0105dalno\u015bci raport na temat szczepionek \u201eska\u017conych\u201d DNA<\/strong><\/p>\n\n\n\n<p>AUTOR:\u00a0<a href=\"https:\/\/expose-news.com\/author\/rhoda-wilson\/\">RHODA WILSON<\/a>\u00a0W\u00a0<a href=\"https:\/\/expose-news.com\/2023\/12\/15\/german-public-broadcaster-airs-report-on-vaccines-contaminated-with-dna-on-prime-time-tv\/\">15 GRUDNIA 2023 R<\/a><\/p>\n\n\n\n<p>THE EXPOSE<\/p>\n\n\n\n<figure class=\"wp-block-image size-large\"><img loading=\"lazy\" decoding=\"async\" width=\"1024\" height=\"576\" src=\"https:\/\/wia.net.pl\/wp-content\/uploads\/2023\/12\/Raport-o-szczepionkach-w-publicznej-niemieckiej-telewizji-1-1024x576.jpg\" alt=\"\" class=\"wp-image-6202\" srcset=\"https:\/\/wia.net.pl\/wp-content\/uploads\/2023\/12\/Raport-o-szczepionkach-w-publicznej-niemieckiej-telewizji-1-1024x576.jpg 1024w, https:\/\/wia.net.pl\/wp-content\/uploads\/2023\/12\/Raport-o-szczepionkach-w-publicznej-niemieckiej-telewizji-1-300x169.jpg 300w, https:\/\/wia.net.pl\/wp-content\/uploads\/2023\/12\/Raport-o-szczepionkach-w-publicznej-niemieckiej-telewizji-1-768x432.jpg 768w, https:\/\/wia.net.pl\/wp-content\/uploads\/2023\/12\/Raport-o-szczepionkach-w-publicznej-niemieckiej-telewizji-1-1536x864.jpg 1536w, https:\/\/wia.net.pl\/wp-content\/uploads\/2023\/12\/Raport-o-szczepionkach-w-publicznej-niemieckiej-telewizji-1-480x270.jpg 480w, https:\/\/wia.net.pl\/wp-content\/uploads\/2023\/12\/Raport-o-szczepionkach-w-publicznej-niemieckiej-telewizji-1.jpg 1920w\" sizes=\"(max-width: 1024px) 100vw, 1024px\" \/><\/figure>\n\n\n\n<p><strong>We wtorek w swoim programie \u201eUmschau\u201d (angielski: Recenzja) niemiecki nadawca publiczny&nbsp;<a href=\"https:\/\/www.mdr.de\/nachrichten\/index.html\">Mitteldeutscher Rundfunk<\/a>&nbsp;(\u201eMDR\u201d) wyemitowa\u0142 reporta\u017c \u201e&nbsp;<em><a href=\"https:\/\/www.mdr.de\/video\/mdr-videos\/c\/video-781834.html\">Szczepionka na koron\u0119 pod krytyk\u0105 \u2013 jaka jest prawda?<\/a><\/em>\u201d. Rzuci\u0142 \u015bwiat\u0142o na powa\u017cny problem zwi\u0105zany z DNA wykrytym w zastrzykach zwi\u0105zanych z Covidem i zosta\u0142 wyemitowany w godzinach najwi\u0119kszej ogl\u0105dalno\u015bci.<\/strong><\/p>\n\n\n\n<p><strong>Raport Umschau zaczyna\u0142 si\u0119 nast\u0119puj\u0105co: \u201eJeste\u015bmy w prywatnym laboratorium w Magdeburgu. Profesor Brigitte&nbsp;<a>K\u00f6nig<\/a>&nbsp;bada tutaj szczepionki na koron\u0119. Wynik: wszystkie pr\u00f3bki s\u0105 zanieczyszczone. Z obcym DNA, kt\u00f3re w takiej ilo\u015bci nie mie\u015bci si\u0119 w szczepionce.\u201d<\/strong><\/p>\n\n\n\n<p>Dla niekt\u00f3rych raport Umschau by\u0142 gorzk\u0105 pigu\u0142k\u0105 do prze\u0142kni\u0119cia. Pobo\u017cny Covidian&nbsp;<a href=\"https:\/\/www.mdr.de\/altpapier\/das-altpapier-3452.html#sprung1\">napisa\u0142 z gorycz\u0105 w&nbsp;<em>Altpapier<\/em><\/a>: \u201ePrezenty s\u0105 w\u0142a\u015bciwie dopiero w nast\u0119pny weekend, ale niemiecki anty -scena szczepie\u0144 otrzyma\u0142a ju\u017c sw\u00f3j \u015bwi\u0105teczny prezent. Niestety, wyemitowa\u0142o go MDR, czyli we wtorek w godzinach najwi\u0119kszej ogl\u0105dalno\u015bci w programie \u201eUmschau\u201d.&nbsp;<\/p>\n\n\n\n<p>Nast\u0119pnie Covidian oczernia\u0142 profesora K\u00f6niga, osoby, kt\u00f3re nag\u0142o\u015bni\u0142y ustalenia profesora K\u00f6niga, takie jak&nbsp;<a href=\"https:\/\/worldcouncilforhealth.org\/\">\u015awiatowa Rada ds. Zdrowia<\/a>, osoby, kt\u00f3re nag\u0142o\u015bni\u0142y raport Umschau i jego tre\u015b\u0107.<\/p>\n\n\n\n<p>Autorem jest Ren\u00e9 Martens, niezale\u017cny dziennikarz i pisarz&nbsp;<em>Altpapier<\/em>, najstarszego niemieckiego bloga po\u015bwi\u0119conego monitorowaniu medi\u00f3w. Tytu\u0142 jego artyku\u0142u brzmi \u201e<em><a href=\"https:\/\/www.mdr.de\/altpapier\/das-altpapier-3452.html\">Przedwczesne prezenty dla antyszczepionkowc\u00f3w<\/a><\/em>\u201d i warto go przeczyta\u0107, aby poczu\u0107, jak bardzo mieszka\u0144cy Covidiusza boj\u0105 si\u0119 prawdy i jak daleko posun\u0105 si\u0119, aby broni\u0107 swojej fa\u0142szywej narracji. Jego artyku\u0142 zawiera r\u00f3wnie\u017c kilka przydatnych link\u00f3w.<\/p>\n\n\n\n<p>Raport Umschau jest w j\u0119zyku niemieckim, jednak Aussie17 uzyska\u0142 egzemplarz z angielskimi napisami. Poni\u017cej znajduje si\u0119 komentarz Aussie17 do raportu Umschau.<\/p>\n\n\n\n<h3 class=\"wp-block-heading\"><strong><a href=\"https:\/\/www.aussie17.com\/p\/finally-german-tv-mdr-breaks-the\">Wreszcie! Niemiecka telewizja MDR \u0142amie histori\u0119, po raz pierwszy podkre\u015blaj\u0105c potencjalne ryzyko zwi\u0105zane z DNA w szczepionkach przeciwko COVID<\/a><\/strong><\/h3>\n\n\n\n<p>Autor:&nbsp;<a href=\"https:\/\/www.aussie17.com\/\">Aussie17<\/a><\/p>\n\n\n\n<p>\u201eUmschau\u201d, renomowany program \u015bledczy MDR, 12 grudnia 2023 r. wyemitowa\u0142 fragment, kt\u00f3ry rzuci\u0142 \u015bwiat\u0142o na powa\u017cny problem ska\u017cenia DNA w szczepionkach firmy Pfizer przeciwko COVID-19. W odcinku opisano ustalenia z niezale\u017cnego laboratorium\u00a0<a href=\"https:\/\/aonm.org\/wp-content\/uploads\/2022\/06\/Professor-Brigitte-Koenig-Bio.pdf\">profesor Brigitte K\u00f6nig<\/a>w Magdeburgu, kt\u00f3re odkry\u0142o znaczne zanieczyszczenie obcym DNA w pi\u0119ciu seriach szczepionki BioNTech-Pfizer.&lt; \/span><\/p>\n\n\n<p><iframe title=\"VideoPress Video Player\" aria-label='VideoPress Video Player' width='858' height='472' src='https:\/\/videopress.com\/embed\/nlO71Epq?hd=0&amp;cover=1' frameborder='0' allowfullscreen allow='clipboard-write'><\/iframe><script src='https:\/\/v0.wordpress.com\/js\/next\/videopress-iframe.js?m=1674852142'><\/script><\/p>\n\n\n\n<p>Po raz pierwszy niemiecka telewizja MDR opisuje zanieczyszczenie DNA szczepionki mRNA firmy Pfizer!<\/p>\n\n\n\n<p>&#8212;&#8212;&#8212;Transkrypcja&#8212;&#8212;&#8212;&#8211;<\/p>\n\n\n\n<p>Jeste\u015bmy w prywatnym laboratorium w Magdeburgu. Profesor Brigitte K\u00f6nig bada tutaj szczepionki na koron\u0119. W efekcie wszystkie pr\u00f3bki s\u0105 zanieczyszczone.<\/p>\n\n\n\n<p>\u201eZ obcym DNA, kt\u00f3re nie powinno znajdowa\u0107 si\u0119 w szczepionce w takiej ilo\u015bci. Z mojego punktu widzenia alarmuj\u0105cym wynikiem jest to, \u017ce we wszystkich 5 partiach znajdowa\u0142o si\u0119 znacz\u0105ce obce DNA, kt\u00f3re znacznie przekracza\u0142o limit. Chodzi o szczepionk\u0119 BioNTech-Pfizer Ze wzgl\u0119du na podejrzenia do laboratorium w Magdeburgu przekazano 5 partii.\u201d<\/p>\n\n\n\n<p>Obce DNA mo\u017ce znajdowa\u0107 si\u0119 w szczepionce i to poza limitem. Wed\u0142ug WHO limitem jest ca\u0142kowita zawarto\u015b\u0107 DNA wynosz\u0105ca 10 nanogram\u00f3w na dawk\u0119. Wa\u017cne jest, aby nie przekracza\u0107 tej warto\u015bci, poniewa\u017c istnieje ryzyko, \u017ce obce DNA mo\u017ce przedosta\u0107 si\u0119 do ludzkich kom\u00f3rek.<\/p>\n\n\n\n<p>Brigitte K\u00f6nig jest profesorem zewn\u0119trznym na wydziale medycznym Uniwersytetu w Magdeburgu. Pokazuje nam wynik prywatnego \u015bledztwa. Wszystkie 5 badanych partii jest zaka\u017conych. Dla najni\u017cszego st\u0119\u017cenia limit zosta\u0142 przekroczony 83 razy. Najwy\u017csze stwierdzone st\u0119\u017cenie by\u0142o 354-krotno\u015bci\u0105 warto\u015bci dopuszczalnej dla K\u00f6nig.<\/p>\n\n\n\n<p>To jest niepokoj\u0105ce. Klientem analizy jest tak\u017ce osoba prywatna. Biolog dr J\u00fcrgen Kirchner. Od lat jest jednym z zagorza\u0142ych krytyk\u00f3w szczepionek mRNA. Prowadzi stron\u0119 internetow\u0105 o nazwie Gene Vaccines. Tam te\u017c reklamuje swoje ksi\u0105\u017cki pisane pod pseudonimem. Jego ostatni nazywa si\u0119 \u201eSullied\u201d. Pojawi\u0142 si\u0119 tak\u017ce na YouTuberach, takich jak kontrowersyjny krytyk Korony Paul Brandenburg. I omawia\u0142 z nim swoje tezy na temat szczepionek. Tak\u017ce znaleziska z Magdeburga. W przypadku wykrycia w szczepionce ska\u017cenia DNA przekraczaj\u0105cego ustalone przez nas limity, moim zdaniem automatycznie stosuje si\u0119 specjalny paragraf ustawy o lekach, czyli paragraf 5. M\u00f3wi on, \u017ce je\u015bli produkt leczniczy budzi w\u0105tpliwo\u015bci, w\u00f3wczas trzeba go wycofa\u0107 z rynku. I biolog stara si\u0119 to osi\u0105gn\u0105\u0107.<\/p>\n\n\n\n<p>We wrze\u015bniu bra\u0142 udzia\u0142 w przes\u0142uchaniu w Komisji Petycji Bundestagu na temat planowania na wypadek pandemii. Tutaj wykorzysta\u0142 okazj\u0119 do zaprezentowania wynik\u00f3w analiz z Magdeburga. To gigantyczne przekroczenia limitu dla naprawd\u0119 bardzo w\u0105tpliwego produktu leczniczego. Ale czy szczepionki faktycznie zawieraj\u0105 obce DNA? Zarzut nie jest nowy.<\/p>\n\n\n\n<p>Ju\u017c w kwietniu 2023 roku ameryka\u0144scy naukowcy odkryli w szczepionkach firm BioNTech i Moderna obce DNA powy\u017cej limitu. R\u00f3wnie\u017c w tej wst\u0119pnej publikacji kanadyjskiego badania z ko\u0144ca pa\u017adziernika kilku naukowc\u00f3w dosz\u0142o do podobnego wniosku. Jak pisz\u0105 naukowcy, nasze wyniki pog\u0142\u0119biaj\u0105 istniej\u0105ce obawy dotycz\u0105ce bezpiecze\u0144stwa szczepionek. Ale czy takie \u015blady obcego DNA s\u0105 rzeczywi\u015bcie niebezpieczne?<\/p>\n\n\n\n<p>Ludzie stale nosz\u0105 w sobie obce DNA. Mo\u017ce to pochodzi\u0107 z po\u017cywienia, ale tak\u017ce wtedy, gdy bakterie dostan\u0105 si\u0119 do p\u0142uc. Te p\u0142ywaj\u0105ce fragmenty DNA s\u0105 trawione w jelitach przez enzymy. Istnieje jednak r\u00f3\u017cnica w przypadku szczepienia mRNA. Szczepionka zawiera tzw. nanocz\u0105steczki lipidowe. Przemycaj\u0105 mRNA do kom\u00f3rek. Nie r\u00f3\u017cnicuj\u0105 jednak, czy transportuj\u0105 mRNA, czy DNA. Czy w ten spos\u00f3b obcy DNA m\u00f3g\u0142by bezpo\u015brednio przedosta\u0107 si\u0119 do j\u0105dra kom\u00f3rkowego?<\/p>\n\n\n\n<p>Takie przynajmniej obawy wyra\u017ca ameryka\u0144ski badacz, profesor dr Philip Buckhaults. Jest zdecydowanym zwolennikiem technologii mRNA. Jednak on r\u00f3wnie\u017c twierdzi, \u017ce znalaz\u0142 pozosta\u0142o\u015bci DNA w szczepionce firmy Pfizer. Podczas przes\u0142uchania w Senacie Karoliny Po\u0142udniowej wyja\u015bnia potencjalne konsekwencje DNA. Pisze do nas e-mailem, w tej chwili nikt nie jest pewien, czy obce DNA spowodowa\u0142o lub spowoduje szkody. Istnieje jednak wyra\u017anie uzasadnione teoretycznie ryzyko uszkodzenia genetycznego d\u0142ugowiecznych kom\u00f3rek macierzystych. O t\u0119 obaw\u0119 zapytali\u015bmy kilku znanych niemieckich naukowc\u00f3w.<\/p>\n\n\n\n<p>Tylko nieliczni odpowiadaj\u0105 na nasz\u0105 pro\u015bb\u0119. W\u015br\u00f3d nich jest prof. Emanuel Wyler z Centrum Medycyny Molekularnej im. Maxa Delbr\u00fccka, instytutu finansowanego przez rz\u0105d federalny. Uwa\u017ca on za niezwykle ma\u0142o prawdopodobne, aby DNA mog\u0142o mie\u0107 negatywne konsekwencje. Pisze ponadto, \u017ce DNA w szczepionkach nie jest nowym tematem i jest r\u00f3wnie\u017c badane pod k\u0105tem np. szczepionki przeciw grypie. Jak dot\u0105d nikt si\u0119 tym nie zainteresowa\u0142 lub s\u0142usznie ufa, \u017ce Instytut Paula Ehrlicha jako instytucja odpowiedzialna prawid\u0142owo wykonuje prace badawcze. Moim zdaniem pokazuje to, \u017ce nie chodzi tu o DNA w szczepionkach, ale albo o zasadnicze kwestionowanie szczepionek, naszej najlepszej broni przeciwko chorobom zaka\u017anym, albo o wywo\u0142anie sensacji w zwi\u0105zku z kwesti\u0105 korony.<\/p>\n\n\n\n<p>Jednak\u017ce prof. Gerald Dyker, chemik z Uniwersytetu Ruhr, rzeczywi\u015bcie uwa\u017ca, \u017ce mo\u017cliwe s\u0105 negatywne konsekwencje. Pisze do nas, na tle tego, \u017ce znajdowa\u0142o si\u0119 pod ogromn\u0105 presj\u0105 czasu, \u017ce producent zdecydowa\u0142 si\u0119 albo bez wiedzy, albo za zgod\u0105 organ\u00f3w nadzorczych wypu\u015bci\u0107 produkt z pozosta\u0142ymi zanieczyszczeniami DNA do masowych szczepie\u0144. Jednak dla prof. Bernda M\u00fchlbauera z Komisji ds. Lek\u00f3w nadal nie jest jasne, czy szczepionka jest rzeczywi\u015bcie ska\u017cona w niepokoj\u0105cym stopniu. Pisze jednak, \u017ce resztkowe ilo\u015bci DNA w przypadku szczepionki mRNA nie mog\u0105 przedosta\u0107 si\u0119 do j\u0105dra kom\u00f3rkowego i spowodowa\u0107 uszkodze\u0144. Takie eksperymenty, w tym badania na zwierz\u0119tach przez kilka pokole\u0144, s\u0105 konieczne i by\u0107 mo\u017ce zosta\u0142y ju\u017c przeprowadzone. A jak w\u0142adze reaguj\u0105 na debat\u0119?<\/p>\n\n\n\n<p>Za nadz\u00f3r i bezpiecze\u0144stwo szczepionek odpowiada Instytut Paula Ehrlicha. Chcemy wiedzie\u0107, czy sami badali szczepionki na obecno\u015b\u0107 obcego DNA, czy chocia\u017c sprawdzali wyniki z Magdeburga. W pisemnej odpowiedzi podano, \u017ce parametry takie jak zawarto\u015b\u0107 resztkowego DNA w szczepionce s\u0105 testowane przez producenta wy\u0142\u0105cznie eksperymentalnie. Instytut nie testuje zatem samych szczepionek pod k\u0105tem ska\u017cenia DNA, ale opiera si\u0119 na protoko\u0142ach test\u00f3w producent\u00f3w. Fakt, \u017ce organ nie sprawdza sam siebie i nie sprawdza wynik\u00f3w analiz z Magdeburga, dziwi profesor Brigitte K\u00f6nig.<\/p>\n\n\n\n<p>\u201eSpodziewa\u0142em si\u0119 lub zak\u0142ada\u0142em, \u017ce w\u0142adze przynajmniej losowo sprawdz\u0105 produkt ko\u0144cowy pod k\u0105tem ska\u017cenia i czysto\u015bci. W zale\u017cno\u015bci od produktu lub tego, czy w \u015brodku znajduje si\u0119 co\u015b innego. Jak powiedzia\u0142em, w\u0142adze mog\u0105 to zrobi\u0107. Zw\u0142aszcza Paul Instytut Ehrlicha ma do tego sprz\u0119t.\u201d<\/p>\n\n\n\n<p>W\u0142a\u015bciwe Federalne Ministerstwo Zdrowia kwestionuje analiz\u0119 z Magdeburga i wskazuje, \u017ce zgodnie z zawiadomieniem dr Kirchnera cz\u0119\u015b\u0107 badanych partii utraci\u0142a ju\u017c wa\u017cno\u015b\u0107. Jednak w przypadku znalezionego obcego DNA nie ma to znaczenia \u2013 twierdzi naukowiec. DNA w tych cz\u0105steczkach lipidowych nie rozmna\u017ca si\u0119. I jest bardziej prawdopodobne, \u017ce ulegnie rozk\u0142adowi. Oznacza to, \u017ce je\u015bli szczepionka nie utraci\u0142a wa\u017cno\u015bci, mo\u017cemy spodziewa\u0107 si\u0119 jeszcze wy\u017cszych warto\u015bci, ale nie ni\u017cszych. W sterylnej szczepionce DNA nie namna\u017ca si\u0119.<\/p>\n\n\n\n<p>Poniewa\u017c w\u0142adze najwyra\u017aniej w\u0105tpi\u0105 w wyniki \u015bledztwa z Magdeburga, chcemy sami przetestowa\u0107 r\u00f3\u017cne partie. Skontaktowali\u015bmy si\u0119 z ponad 20 laboratoriami, cz\u0119\u015bci\u0105 z niemieckich uniwersytet\u00f3w, ale tak\u017ce prywatnymi dostawcami, kt\u00f3rzy mog\u0105 przeprowadza\u0107 takie analizy. Od wszystkich otrzymali\u015bmy odmow\u0119 lub brak odpowiedzi.<\/p>\n\n\n\n<p>Zatem po raz kolejny nie uda\u0142o nam si\u0119 przeprowadzi\u0107 niezale\u017cnej analizy DNA. Rzeczywi\u015bcie istotne by\u0142oby ostateczne wyja\u015bnienie kwestii zawarto\u015bci DNA. Poniewa\u017c jedn\u0105 z przyczyn podejrzenia zanieczyszczenia DNA mo\u017ce by\u0107 sam proces produkcyjny, kt\u00f3ry r\u00f3\u017cni si\u0119 od tego stosowanego podczas badania zatwierdzaj\u0105cego.<\/p>\n\n\n\n<p>Szczepionka zastosowana w badaniach klinicznych zosta\u0142a wyprodukowana mechanicznie, bez udzia\u0142u mikroorganizm\u00f3w. Ta \u015bcie\u017cka produkcji nosi nazw\u0119 Proces 1 w dokumentach Europejskiej Agencji Lek\u00f3w (EMA). Nast\u0119pnie firma Pfizer przesz\u0142a na inn\u0105 technik\u0119 produkcji, okre\u015blan\u0105 jako Proces 2. Tylko bardzo nieliczni uczestnicy badania zatwierdzaj\u0105cego otrzymali t\u0119 szczepionk\u0119. Tutaj materia\u0142u dostarczy\u0142y bakterie modyfikowane genetycznie. Proces ten by\u0142 najwyra\u017aniej mniej skomplikowany.<\/p>\n\n\n\n<p>Ale czy rzeczywi\u015bcie stwarza\u0142o to wi\u0119ksze ryzyko? Niepok\u00f3j budzi\u0142 fakt, \u017ce pomi\u0119dzy partiami pochodz\u0105cymi z dw\u00f3ch r\u00f3\u017cnych proces\u00f3w produkcyjnych wyst\u0119powa\u0142y r\u00f3\u017cnice. Pojawi\u0142y si\u0119 pytania dotycz\u0105ce por\u00f3wnywalno\u015bci, charakterystyki i przydatno\u015bci klinicznej. Pytamy BioNTech, dlaczego mimo to proces produkcyjny zosta\u0142 zmieniony, ale nie otrzymujemy odpowiedzi na to pytanie. Odnosz\u0105c si\u0119 do zidentyfikowanego przez magdeburskiego naukowca podejrzenia ska\u017cenia DNA, firma pisze, \u017ce szczepionka Pfizer-BioNTech COVID-19 nie jest ska\u017cona DNA.<\/p>\n\n\n\n<p>Ponadto twierdzi, \u017ce partie zosta\u0142y poddane przez producenta kompleksowej kontroli jako\u015bci. Magdeburska naukowiec twierdzi, \u017ce zbada\u0142a teraz dodatkowe partie szczepionek. Tutaj tak\u017ce znalaz\u0142a obce DNA.<\/p>\n\n\n\n<h2 class=\"wp-block-heading\">Jednak my, jako zesp\u00f3\u0142 redakcyjny, nie byli\u015bmy w stanie jednoznacznie odpowiedzie\u0107, czy ta analiza jest rzeczywi\u015bcie dok\u0142adna i, co najwa\u017cniejsze, czy podejrzewane zanieczyszczenie DNA mo\u017ce wyrz\u0105dzi\u0107 szkod\u0119. Najnowszym aktem w debacie jest wygl\u0105daj\u0105cy na oficjalny list od stowarzyszenia Medical Treatment Association, kt\u00f3re ostrzega lekarzy przed szczepionk\u0105. Jak jednak poinformowa\u0142y odpowiedzialne w\u0142adze, jest to doniesienie fa\u0142szywe.<\/h2>\n\n\n\n<p>Wys.\/T:<br>@Wodnik3_0<\/p>\n\n\n\n<p>Wykryte poziomy DNA przekroczy\u0142y limity \u015awiatowej Organizacji Zdrowia (\u201eWHO\u201d), co wzbudzi\u0142o powa\u017cne obawy co do bezpiecze\u0144stwa szczepionki stosowanej w \u015bwiatowych wysi\u0142kach na rzecz masowych szczepie\u0144.<\/p>\n\n\n\n<p>W badaniu podkre\u015blono, \u017ce najmniej zanieczyszczona partia zawiera\u0142a obce DNA 83 razy przekraczaj\u0105ce limit WHO, podczas gdy w najbardziej zanieczyszczonej partii poziom DNA by\u0142 354 razy wy\u017cszy od progu bezpiecze\u0144stwa. Te zaskakuj\u0105ce wyniki zintensyfikowa\u0142y kontrol\u0119 nad produkcj\u0105 szczepionek mRNA i nadzorem regulacyjnym.<\/p>\n\n\n\n<p>Doktor J\u00fcrgen Kirchner nalega\u0142 na wycofanie szczepionki na mocy specjalnego zapisu w ustawie o lekach, kt\u00f3ry nakazuje wycofywanie z rynku w\u0105tpliwych produkt\u00f3w. Kirchner przedstawi\u0142 te ustalenia Komisji Petycji Bundestagu we wrze\u015bniu 2023 r.<\/p>\n\n\n\n<p>Rozw\u00f3j ten jest do\u015b\u0107 znaczny. Min\u0119\u0142o dziewi\u0119\u0107 miesi\u0119cy, odk\u0105d Kevin McKernan po raz pierwszy zidentyfikowa\u0142 ska\u017cenie DNA \u2013 temat ten poruszy\u0142em w artykule z marca 2023 r.<\/p>\n\n\n\n<p>Przeczytaj wi\u0119cej:&nbsp;<a href=\"https:\/\/www.aussie17.com\/p\/week-12-earth-shattering-event-in\">Wstrz\u0105saj\u0105ce wydarzenie w \u015bwiecie nauki! Twardy dow\u00f3d na to, \u017ce szczepionki mRNA nie spe\u0142niaj\u0105 specyfikacji (OOS)<\/a><\/p>\n\n\n\n<p>Kwestia ta zacz\u0119\u0142a zyskiwa\u0107 szersze zainteresowanie dopiero sze\u015b\u0107 miesi\u0119cy p\u00f3\u017aniej, po zeznaniach dr Phillipa Buckhaulta w Senacie Karoliny Po\u0142udniowej.<\/p>\n\n\n\n<p>Przeczytaj wi\u0119cej:&nbsp;<a href=\"https:\/\/www.aussie17.com\/p\/breaking-dr-phillip-buckhaults-testimony\">Dr. Zeznanie Phillipa Buckhaulta na temat zanieczyszczenia DNA w szczepionce mRNA firmy Pfizer<\/a><\/p>\n\n\n\n<p>Prawda stopniowo wychodzi na jaw, cho\u0107 wolniej, ni\u017c si\u0119 spodziewa\u0142em!<\/p>\n\n\n\n<p>\u0179r\u00f3d\u0142o <a href=\"https:\/\/expose-news.com\/2023\/12\/15\/german-public-broadcaster-airs-report-on-vaccines-contaminated-with-dna-on-prime-time-tv\/\">https:\/\/expose-news.com\/2023\/12\/15\/german-public-broadcaster-airs-report-on-vaccines-contaminated-with-dna-on-prime-time-tv\/<\/a><\/p>\n\n\n\n<p>\u0179r\u00f3d\u0142o <a href=\"https:\/\/twitter.com\/_aussie17\/status\/1734886856838582489\">https:\/\/twitter.com\/_aussie17\/status\/1734886856838582489<\/a><\/p>\n","protected":false},"excerpt":{"rendered":"<p>Niemiecki nadawca publiczny emituje w telewizji w godzinach najwi\u0119kszej ogl\u0105dalno\u015bci raport na temat szczepionek \u201eska\u017conych\u201d DNA AUTOR:\u00a0RHODA WILSON\u00a0W\u00a015 GRUDNIA 2023 R THE EXPOSE We wtorek w swoim programie \u201eUmschau\u201d (angielski: Recenzja) niemiecki nadawca publiczny&nbsp;Mitteldeutscher Rundfunk&nbsp;(\u201eMDR\u201d) wyemitowa\u0142 reporta\u017c \u201e&nbsp;Szczepionka na koron\u0119&#8230; <\/p>\n","protected":false},"author":2,"featured_media":6201,"comment_status":"open","ping_status":"open","sticky":false,"template":"","format":"standard","meta":{"_acf_changed":false,"_bbp_topic_count":0,"_bbp_reply_count":0,"_bbp_total_topic_count":0,"_bbp_total_reply_count":0,"_bbp_voice_count":0,"_bbp_anonymous_reply_count":0,"_bbp_topic_count_hidden":0,"_bbp_reply_count_hidden":0,"_bbp_forum_subforum_count":0,"om_disable_all_campaigns":false,"_monsterinsights_skip_tracking":false,"footnotes":""},"categories":[93],"tags":[],"class_list":["post-6198","post","type-post","status-publish","format-standard","has-post-thumbnail","hentry","category-artykuly"],"acf":[],"aioseo_notices":[],"aioseo_head":"\n\t\t<!-- All in One SEO 5.0.1.1 - aioseo.com -->\n\t<meta name=\"description\" content=\"Niemiecki nadawca publiczny emituje w telewizji w godzinach najwi\u0119kszej ogl\u0105dalno\u015bci raport na temat szczepionek \u201eska\u017conych\u201d DNA AUTOR: RHODA WILSON W 15 GRUDNIA 2023 R THE EXPOSE We wtorek w swoim programie \u201eUmschau\u201d (angielski: Recenzja) niemiecki nadawca publiczny Mitteldeutscher Rundfunk (\u201eMDR\u201d) wyemitowa\u0142 reporta\u017c \u201e Szczepionka na koron\u0119 pod krytyk\u0105 \u2013 jaka jest prawda?\u201d. Rzuci\u0142 \u015bwiat\u0142o na powa\u017cny problem zwi\u0105zany z DNA wykrytym\" \/>\n\t<meta name=\"robots\" content=\"max-image-preview:large\" \/>\n\t<meta name=\"author\" content=\"trinity\"\/>\n\t<link rel=\"canonical\" href=\"https:\/\/wia.net.pl\/index.php\/2023\/12\/17\/raport-o-szczepionkach-w-publicznej-niemieckiej-telewizji\/\" \/>\n\t<meta name=\"generator\" content=\"All in One SEO (AIOSEO) 5.0.1.1\" \/>\n\t\t<meta property=\"og:locale\" content=\"pl_PL\" \/>\n\t\t<meta property=\"og:site_name\" content=\"Wolno\u015b\u0107 i Anarchia - Ka\u017cdy wewn\u0119trznie jest anarchist\u0105.\" \/>\n\t\t<meta property=\"og:type\" content=\"article\" \/>\n\t\t<meta property=\"og:title\" content=\"Raport o szczepionkach w publicznej niemieckiej telewizji - Wolno\u015b\u0107 i Anarchia\" \/>\n\t\t<meta property=\"og:description\" content=\"Niemiecki nadawca publiczny emituje w telewizji w godzinach najwi\u0119kszej ogl\u0105dalno\u015bci raport na temat szczepionek \u201eska\u017conych\u201d DNA AUTOR: RHODA WILSON W 15 GRUDNIA 2023 R THE EXPOSE We wtorek w swoim programie \u201eUmschau\u201d (angielski: Recenzja) niemiecki nadawca publiczny Mitteldeutscher Rundfunk (\u201eMDR\u201d) wyemitowa\u0142 reporta\u017c \u201e Szczepionka na koron\u0119 pod krytyk\u0105 \u2013 jaka jest prawda?\u201d. Rzuci\u0142 \u015bwiat\u0142o na powa\u017cny problem zwi\u0105zany z DNA wykrytym\" \/>\n\t\t<meta property=\"og:url\" content=\"https:\/\/wia.net.pl\/index.php\/2023\/12\/17\/raport-o-szczepionkach-w-publicznej-niemieckiej-telewizji\/\" \/>\n\t\t<meta property=\"og:image\" content=\"https:\/\/wia.net.pl\/wp-content\/uploads\/2023\/11\/cropped-freedom-i73367.jpg\" \/>\n\t\t<meta property=\"og:image:secure_url\" content=\"https:\/\/wia.net.pl\/wp-content\/uploads\/2023\/11\/cropped-freedom-i73367.jpg\" \/>\n\t\t<meta property=\"article:published_time\" content=\"2023-12-17T18:14:06+00:00\" \/>\n\t\t<meta property=\"article:modified_time\" content=\"2023-12-17T18:14:07+00:00\" \/>\n\t\t<meta name=\"twitter:card\" content=\"summary_large_image\" \/>\n\t\t<meta name=\"twitter:title\" content=\"Raport o szczepionkach w publicznej niemieckiej telewizji - Wolno\u015b\u0107 i Anarchia\" \/>\n\t\t<meta name=\"twitter:description\" content=\"Niemiecki nadawca publiczny emituje w telewizji w godzinach najwi\u0119kszej ogl\u0105dalno\u015bci raport na temat szczepionek \u201eska\u017conych\u201d DNA AUTOR: RHODA WILSON W 15 GRUDNIA 2023 R THE EXPOSE We wtorek w swoim programie \u201eUmschau\u201d (angielski: Recenzja) niemiecki nadawca publiczny Mitteldeutscher Rundfunk (\u201eMDR\u201d) wyemitowa\u0142 reporta\u017c \u201e Szczepionka na koron\u0119 pod krytyk\u0105 \u2013 jaka jest prawda?\u201d. Rzuci\u0142 \u015bwiat\u0142o na powa\u017cny problem zwi\u0105zany z DNA wykrytym\" \/>\n\t\t<meta name=\"twitter:image\" content=\"https:\/\/wia.net.pl\/wp-content\/uploads\/2023\/11\/cropped-freedom-i73367.jpg\" \/>\n\t\t<script type=\"application\/ld+json\" class=\"aioseo-schema\">\n\t\t\t{\"@context\":\"https:\\\/\\\/schema.org\",\"@graph\":[{\"@type\":\"BlogPosting\",\"@id\":\"https:\\\/\\\/wia.net.pl\\\/index.php\\\/2023\\\/12\\\/17\\\/raport-o-szczepionkach-w-publicznej-niemieckiej-telewizji\\\/#blogposting\",\"name\":\"Raport o szczepionkach w publicznej niemieckiej telewizji - Wolno\\u015b\\u0107 i Anarchia\",\"headline\":\"Raport o szczepionkach w publicznej niemieckiej telewizji\",\"author\":{\"@id\":\"https:\\\/\\\/wia.net.pl\\\/index.php\\\/author\\\/trinity\\\/#author\"},\"publisher\":{\"@id\":\"https:\\\/\\\/wia.net.pl\\\/#person\"},\"image\":{\"@type\":\"ImageObject\",\"url\":\"https:\\\/\\\/wia.net.pl\\\/wp-content\\\/uploads\\\/2023\\\/12\\\/Raport-o-szczepionkach-w-publicznej-niemieckiej-telewizji.jpg\",\"width\":1920,\"height\":1080},\"datePublished\":\"2023-12-17T19:14:06+01:00\",\"dateModified\":\"2023-12-17T19:14:07+01:00\",\"inLanguage\":\"pl-PL\",\"mainEntityOfPage\":{\"@id\":\"https:\\\/\\\/wia.net.pl\\\/index.php\\\/2023\\\/12\\\/17\\\/raport-o-szczepionkach-w-publicznej-niemieckiej-telewizji\\\/#webpage\"},\"isPartOf\":{\"@id\":\"https:\\\/\\\/wia.net.pl\\\/index.php\\\/2023\\\/12\\\/17\\\/raport-o-szczepionkach-w-publicznej-niemieckiej-telewizji\\\/#webpage\"},\"articleSection\":\"Artyku\\u0142y\"},{\"@type\":\"BreadcrumbList\",\"@id\":\"https:\\\/\\\/wia.net.pl\\\/index.php\\\/2023\\\/12\\\/17\\\/raport-o-szczepionkach-w-publicznej-niemieckiej-telewizji\\\/#breadcrumblist\",\"itemListElement\":[{\"@type\":\"ListItem\",\"@id\":\"https:\\\/\\\/wia.net.pl#listItem\",\"position\":1,\"name\":\"Home\",\"item\":\"https:\\\/\\\/wia.net.pl\",\"nextItem\":{\"@type\":\"ListItem\",\"@id\":\"https:\\\/\\\/wia.net.pl\\\/index.php\\\/category\\\/artykuly\\\/#listItem\",\"name\":\"Artyku\\u0142y\"}},{\"@type\":\"ListItem\",\"@id\":\"https:\\\/\\\/wia.net.pl\\\/index.php\\\/category\\\/artykuly\\\/#listItem\",\"position\":2,\"name\":\"Artyku\\u0142y\",\"item\":\"https:\\\/\\\/wia.net.pl\\\/index.php\\\/category\\\/artykuly\\\/\",\"nextItem\":{\"@type\":\"ListItem\",\"@id\":\"https:\\\/\\\/wia.net.pl\\\/index.php\\\/2023\\\/12\\\/17\\\/raport-o-szczepionkach-w-publicznej-niemieckiej-telewizji\\\/#listItem\",\"name\":\"Raport o szczepionkach w publicznej niemieckiej telewizji\"},\"previousItem\":{\"@type\":\"ListItem\",\"@id\":\"https:\\\/\\\/wia.net.pl#listItem\",\"name\":\"Home\"}},{\"@type\":\"ListItem\",\"@id\":\"https:\\\/\\\/wia.net.pl\\\/index.php\\\/2023\\\/12\\\/17\\\/raport-o-szczepionkach-w-publicznej-niemieckiej-telewizji\\\/#listItem\",\"position\":3,\"name\":\"Raport o szczepionkach w publicznej niemieckiej telewizji\",\"previousItem\":{\"@type\":\"ListItem\",\"@id\":\"https:\\\/\\\/wia.net.pl\\\/index.php\\\/category\\\/artykuly\\\/#listItem\",\"name\":\"Artyku\\u0142y\"}}]},{\"@type\":\"Person\",\"@id\":\"https:\\\/\\\/wia.net.pl\\\/#person\",\"name\":\"Bart\\u0142omiej Talarczyk\",\"image\":{\"@type\":\"ImageObject\",\"@id\":\"https:\\\/\\\/wia.net.pl\\\/index.php\\\/2023\\\/12\\\/17\\\/raport-o-szczepionkach-w-publicznej-niemieckiej-telewizji\\\/#personImage\",\"url\":\"https:\\\/\\\/wia.net.pl\\\/wp-content\\\/uploads\\\/avatar-privacy\\\/cache\\\/user\\\/1\\\/7\\\/176a6b161c58363ff49b5c167264231f519f5c7fa183ca1f61e891769b6b56d5-96.jpg\",\"width\":96,\"height\":96,\"caption\":\"Bart\\u0142omiej Talarczyk\"}},{\"@type\":\"Person\",\"@id\":\"https:\\\/\\\/wia.net.pl\\\/index.php\\\/author\\\/trinity\\\/#author\",\"url\":\"https:\\\/\\\/wia.net.pl\\\/index.php\\\/author\\\/trinity\\\/\",\"name\":\"trinity\",\"image\":{\"@type\":\"ImageObject\",\"@id\":\"https:\\\/\\\/wia.net.pl\\\/index.php\\\/2023\\\/12\\\/17\\\/raport-o-szczepionkach-w-publicznej-niemieckiej-telewizji\\\/#authorImage\",\"url\":\"https:\\\/\\\/wia.net.pl\\\/wp-content\\\/uploads\\\/avatar-privacy\\\/cache\\\/user\\\/5\\\/f\\\/5f6547cf82495eaa10e100a6a45d5dbde2dfdc1be88557de2018fca705bdf6f1-96.jpg\",\"width\":96,\"height\":96,\"caption\":\"trinity\"}},{\"@type\":\"WebPage\",\"@id\":\"https:\\\/\\\/wia.net.pl\\\/index.php\\\/2023\\\/12\\\/17\\\/raport-o-szczepionkach-w-publicznej-niemieckiej-telewizji\\\/#webpage\",\"url\":\"https:\\\/\\\/wia.net.pl\\\/index.php\\\/2023\\\/12\\\/17\\\/raport-o-szczepionkach-w-publicznej-niemieckiej-telewizji\\\/\",\"name\":\"Raport o szczepionkach w publicznej niemieckiej telewizji - Wolno\\u015b\\u0107 i Anarchia\",\"description\":\"Niemiecki nadawca publiczny emituje w telewizji w godzinach najwi\\u0119kszej ogl\\u0105dalno\\u015bci raport na temat szczepionek \\u201eska\\u017conych\\u201d DNA AUTOR: RHODA WILSON W 15 GRUDNIA 2023 R THE EXPOSE We wtorek w swoim programie \\u201eUmschau\\u201d (angielski: Recenzja) niemiecki nadawca publiczny Mitteldeutscher Rundfunk (\\u201eMDR\\u201d) wyemitowa\\u0142 reporta\\u017c \\u201e Szczepionka na koron\\u0119 pod krytyk\\u0105 \\u2013 jaka jest prawda?\\u201d. Rzuci\\u0142 \\u015bwiat\\u0142o na powa\\u017cny problem zwi\\u0105zany z DNA wykrytym\",\"inLanguage\":\"pl-PL\",\"isPartOf\":{\"@id\":\"https:\\\/\\\/wia.net.pl\\\/#website\"},\"breadcrumb\":{\"@id\":\"https:\\\/\\\/wia.net.pl\\\/index.php\\\/2023\\\/12\\\/17\\\/raport-o-szczepionkach-w-publicznej-niemieckiej-telewizji\\\/#breadcrumblist\"},\"author\":{\"@id\":\"https:\\\/\\\/wia.net.pl\\\/index.php\\\/author\\\/trinity\\\/#author\"},\"creator\":{\"@id\":\"https:\\\/\\\/wia.net.pl\\\/index.php\\\/author\\\/trinity\\\/#author\"},\"image\":{\"@type\":\"ImageObject\",\"url\":\"https:\\\/\\\/wia.net.pl\\\/wp-content\\\/uploads\\\/2023\\\/12\\\/Raport-o-szczepionkach-w-publicznej-niemieckiej-telewizji.jpg\",\"@id\":\"https:\\\/\\\/wia.net.pl\\\/index.php\\\/2023\\\/12\\\/17\\\/raport-o-szczepionkach-w-publicznej-niemieckiej-telewizji\\\/#mainImage\",\"width\":1920,\"height\":1080},\"primaryImageOfPage\":{\"@id\":\"https:\\\/\\\/wia.net.pl\\\/index.php\\\/2023\\\/12\\\/17\\\/raport-o-szczepionkach-w-publicznej-niemieckiej-telewizji\\\/#mainImage\"},\"datePublished\":\"2023-12-17T19:14:06+01:00\",\"dateModified\":\"2023-12-17T19:14:07+01:00\"},{\"@type\":\"WebSite\",\"@id\":\"https:\\\/\\\/wia.net.pl\\\/#website\",\"url\":\"https:\\\/\\\/wia.net.pl\\\/\",\"name\":\"Wolno\\u015b\\u0107 i Anarchia\",\"description\":\"Ka\\u017cdy wewn\\u0119trznie jest anarchist\\u0105.\",\"inLanguage\":\"pl-PL\",\"publisher\":{\"@id\":\"https:\\\/\\\/wia.net.pl\\\/#person\"}}]}\n\t\t<\/script>\n\t\t<!-- All in One SEO -->\n\n","aioseo_head_json":{"title":"Raport o szczepionkach w publicznej niemieckiej telewizji - Wolno\u015b\u0107 i Anarchia","description":"Niemiecki nadawca publiczny emituje w telewizji w godzinach najwi\u0119kszej ogl\u0105dalno\u015bci raport na temat szczepionek \u201eska\u017conych\u201d DNA AUTOR: RHODA WILSON W 15 GRUDNIA 2023 R THE EXPOSE We wtorek w swoim programie \u201eUmschau\u201d (angielski: Recenzja) niemiecki nadawca publiczny Mitteldeutscher Rundfunk (\u201eMDR\u201d) wyemitowa\u0142 reporta\u017c \u201e Szczepionka na koron\u0119 pod krytyk\u0105 \u2013 jaka jest prawda?\u201d. Rzuci\u0142 \u015bwiat\u0142o na powa\u017cny problem zwi\u0105zany z DNA wykrytym","canonical_url":"https:\/\/wia.net.pl\/index.php\/2023\/12\/17\/raport-o-szczepionkach-w-publicznej-niemieckiej-telewizji\/","robots":"max-image-preview:large","keywords":"","webmasterTools":{"miscellaneous":""},"schema":{"@context":"https:\/\/schema.org","@graph":[{"@type":"BlogPosting","@id":"https:\/\/wia.net.pl\/index.php\/2023\/12\/17\/raport-o-szczepionkach-w-publicznej-niemieckiej-telewizji\/#blogposting","name":"Raport o szczepionkach w publicznej niemieckiej telewizji - Wolno\u015b\u0107 i Anarchia","headline":"Raport o szczepionkach w publicznej niemieckiej telewizji","author":{"@id":"https:\/\/wia.net.pl\/index.php\/author\/trinity\/#author"},"publisher":{"@id":"https:\/\/wia.net.pl\/#person"},"image":{"@type":"ImageObject","url":"https:\/\/wia.net.pl\/wp-content\/uploads\/2023\/12\/Raport-o-szczepionkach-w-publicznej-niemieckiej-telewizji.jpg","width":1920,"height":1080},"datePublished":"2023-12-17T19:14:06+01:00","dateModified":"2023-12-17T19:14:07+01:00","inLanguage":"pl-PL","mainEntityOfPage":{"@id":"https:\/\/wia.net.pl\/index.php\/2023\/12\/17\/raport-o-szczepionkach-w-publicznej-niemieckiej-telewizji\/#webpage"},"isPartOf":{"@id":"https:\/\/wia.net.pl\/index.php\/2023\/12\/17\/raport-o-szczepionkach-w-publicznej-niemieckiej-telewizji\/#webpage"},"articleSection":"Artyku\u0142y"},{"@type":"BreadcrumbList","@id":"https:\/\/wia.net.pl\/index.php\/2023\/12\/17\/raport-o-szczepionkach-w-publicznej-niemieckiej-telewizji\/#breadcrumblist","itemListElement":[{"@type":"ListItem","@id":"https:\/\/wia.net.pl#listItem","position":1,"name":"Home","item":"https:\/\/wia.net.pl","nextItem":{"@type":"ListItem","@id":"https:\/\/wia.net.pl\/index.php\/category\/artykuly\/#listItem","name":"Artyku\u0142y"}},{"@type":"ListItem","@id":"https:\/\/wia.net.pl\/index.php\/category\/artykuly\/#listItem","position":2,"name":"Artyku\u0142y","item":"https:\/\/wia.net.pl\/index.php\/category\/artykuly\/","nextItem":{"@type":"ListItem","@id":"https:\/\/wia.net.pl\/index.php\/2023\/12\/17\/raport-o-szczepionkach-w-publicznej-niemieckiej-telewizji\/#listItem","name":"Raport o szczepionkach w publicznej niemieckiej telewizji"},"previousItem":{"@type":"ListItem","@id":"https:\/\/wia.net.pl#listItem","name":"Home"}},{"@type":"ListItem","@id":"https:\/\/wia.net.pl\/index.php\/2023\/12\/17\/raport-o-szczepionkach-w-publicznej-niemieckiej-telewizji\/#listItem","position":3,"name":"Raport o szczepionkach w publicznej niemieckiej telewizji","previousItem":{"@type":"ListItem","@id":"https:\/\/wia.net.pl\/index.php\/category\/artykuly\/#listItem","name":"Artyku\u0142y"}}]},{"@type":"Person","@id":"https:\/\/wia.net.pl\/#person","name":"Bart\u0142omiej Talarczyk","image":{"@type":"ImageObject","@id":"https:\/\/wia.net.pl\/index.php\/2023\/12\/17\/raport-o-szczepionkach-w-publicznej-niemieckiej-telewizji\/#personImage","url":"https:\/\/wia.net.pl\/wp-content\/uploads\/avatar-privacy\/cache\/user\/1\/7\/176a6b161c58363ff49b5c167264231f519f5c7fa183ca1f61e891769b6b56d5-96.jpg","width":96,"height":96,"caption":"Bart\u0142omiej Talarczyk"}},{"@type":"Person","@id":"https:\/\/wia.net.pl\/index.php\/author\/trinity\/#author","url":"https:\/\/wia.net.pl\/index.php\/author\/trinity\/","name":"trinity","image":{"@type":"ImageObject","@id":"https:\/\/wia.net.pl\/index.php\/2023\/12\/17\/raport-o-szczepionkach-w-publicznej-niemieckiej-telewizji\/#authorImage","url":"https:\/\/wia.net.pl\/wp-content\/uploads\/avatar-privacy\/cache\/user\/5\/f\/5f6547cf82495eaa10e100a6a45d5dbde2dfdc1be88557de2018fca705bdf6f1-96.jpg","width":96,"height":96,"caption":"trinity"}},{"@type":"WebPage","@id":"https:\/\/wia.net.pl\/index.php\/2023\/12\/17\/raport-o-szczepionkach-w-publicznej-niemieckiej-telewizji\/#webpage","url":"https:\/\/wia.net.pl\/index.php\/2023\/12\/17\/raport-o-szczepionkach-w-publicznej-niemieckiej-telewizji\/","name":"Raport o szczepionkach w publicznej niemieckiej telewizji - Wolno\u015b\u0107 i Anarchia","description":"Niemiecki nadawca publiczny emituje w telewizji w godzinach najwi\u0119kszej ogl\u0105dalno\u015bci raport na temat szczepionek \u201eska\u017conych\u201d DNA AUTOR: RHODA WILSON W 15 GRUDNIA 2023 R THE EXPOSE We wtorek w swoim programie \u201eUmschau\u201d (angielski: Recenzja) niemiecki nadawca publiczny Mitteldeutscher Rundfunk (\u201eMDR\u201d) wyemitowa\u0142 reporta\u017c \u201e Szczepionka na koron\u0119 pod krytyk\u0105 \u2013 jaka jest prawda?\u201d. Rzuci\u0142 \u015bwiat\u0142o na powa\u017cny problem zwi\u0105zany z DNA wykrytym","inLanguage":"pl-PL","isPartOf":{"@id":"https:\/\/wia.net.pl\/#website"},"breadcrumb":{"@id":"https:\/\/wia.net.pl\/index.php\/2023\/12\/17\/raport-o-szczepionkach-w-publicznej-niemieckiej-telewizji\/#breadcrumblist"},"author":{"@id":"https:\/\/wia.net.pl\/index.php\/author\/trinity\/#author"},"creator":{"@id":"https:\/\/wia.net.pl\/index.php\/author\/trinity\/#author"},"image":{"@type":"ImageObject","url":"https:\/\/wia.net.pl\/wp-content\/uploads\/2023\/12\/Raport-o-szczepionkach-w-publicznej-niemieckiej-telewizji.jpg","@id":"https:\/\/wia.net.pl\/index.php\/2023\/12\/17\/raport-o-szczepionkach-w-publicznej-niemieckiej-telewizji\/#mainImage","width":1920,"height":1080},"primaryImageOfPage":{"@id":"https:\/\/wia.net.pl\/index.php\/2023\/12\/17\/raport-o-szczepionkach-w-publicznej-niemieckiej-telewizji\/#mainImage"},"datePublished":"2023-12-17T19:14:06+01:00","dateModified":"2023-12-17T19:14:07+01:00"},{"@type":"WebSite","@id":"https:\/\/wia.net.pl\/#website","url":"https:\/\/wia.net.pl\/","name":"Wolno\u015b\u0107 i Anarchia","description":"Ka\u017cdy wewn\u0119trznie jest anarchist\u0105.","inLanguage":"pl-PL","publisher":{"@id":"https:\/\/wia.net.pl\/#person"}}]},"og:locale":"pl_PL","og:site_name":"Wolno\u015b\u0107 i Anarchia - Ka\u017cdy wewn\u0119trznie jest anarchist\u0105.","og:type":"article","og:title":"Raport o szczepionkach w publicznej niemieckiej telewizji - Wolno\u015b\u0107 i Anarchia","og:description":"Niemiecki nadawca publiczny emituje w telewizji w godzinach najwi\u0119kszej ogl\u0105dalno\u015bci raport na temat szczepionek \u201eska\u017conych\u201d DNA AUTOR: RHODA WILSON W 15 GRUDNIA 2023 R THE EXPOSE We wtorek w swoim programie \u201eUmschau\u201d (angielski: Recenzja) niemiecki nadawca publiczny Mitteldeutscher Rundfunk (\u201eMDR\u201d) wyemitowa\u0142 reporta\u017c \u201e Szczepionka na koron\u0119 pod krytyk\u0105 \u2013 jaka jest prawda?\u201d. Rzuci\u0142 \u015bwiat\u0142o na powa\u017cny problem zwi\u0105zany z DNA wykrytym","og:url":"https:\/\/wia.net.pl\/index.php\/2023\/12\/17\/raport-o-szczepionkach-w-publicznej-niemieckiej-telewizji\/","og:image":"https:\/\/wia.net.pl\/wp-content\/uploads\/2023\/11\/cropped-freedom-i73367.jpg","og:image:secure_url":"https:\/\/wia.net.pl\/wp-content\/uploads\/2023\/11\/cropped-freedom-i73367.jpg","article:published_time":"2023-12-17T18:14:06+00:00","article:modified_time":"2023-12-17T18:14:07+00:00","twitter:card":"summary_large_image","twitter:title":"Raport o szczepionkach w publicznej niemieckiej telewizji - Wolno\u015b\u0107 i Anarchia","twitter:description":"Niemiecki nadawca publiczny emituje w telewizji w godzinach najwi\u0119kszej ogl\u0105dalno\u015bci raport na temat szczepionek \u201eska\u017conych\u201d DNA AUTOR: RHODA WILSON W 15 GRUDNIA 2023 R THE EXPOSE We wtorek w swoim programie \u201eUmschau\u201d (angielski: Recenzja) niemiecki nadawca publiczny Mitteldeutscher Rundfunk (\u201eMDR\u201d) wyemitowa\u0142 reporta\u017c \u201e Szczepionka na koron\u0119 pod krytyk\u0105 \u2013 jaka jest prawda?\u201d. Rzuci\u0142 \u015bwiat\u0142o na powa\u017cny problem zwi\u0105zany z DNA wykrytym","twitter:image":"https:\/\/wia.net.pl\/wp-content\/uploads\/2023\/11\/cropped-freedom-i73367.jpg"},"aioseo_meta_data":{"post_id":"6198","title":null,"description":null,"keywords":[],"keyphrases":{"focus":{"keyphrase":"","score":0,"analysis":{"keyphraseInTitle":{"score":0,"maxScore":9,"error":1}}},"additional":[]},"primary_term":null,"canonical_url":null,"og_title":null,"og_description":null,"og_object_type":"default","og_image_type":"default","og_image_url":null,"og_image_width":null,"og_image_height":null,"og_image_custom_url":null,"og_image_custom_fields":null,"og_video":"","og_custom_url":null,"og_article_section":null,"og_article_tags":[],"twitter_use_og":false,"twitter_card":"default","twitter_image_type":"default","twitter_image_url":null,"twitter_image_custom_url":null,"twitter_image_custom_fields":null,"twitter_title":null,"twitter_description":null,"schema":{"blockGraphs":[],"customGraphs":[],"default":{"data":{"Article":[],"Course":[],"Dataset":[],"FAQPage":[],"Movie":[],"Person":[],"Product":[],"ProductReview":[],"Car":[],"Recipe":[],"Service":[],"SoftwareApplication":[],"WebPage":[]},"graphName":"BlogPosting","isEnabled":true},"graphs":[]},"schema_type":"default","schema_type_options":null,"pillar_content":false,"robots_default":true,"robots_noindex":false,"robots_noarchive":false,"robots_nosnippet":false,"robots_nofollow":false,"robots_noimageindex":false,"robots_noodp":false,"robots_notranslate":false,"robots_max_snippet":"-1","robots_max_videopreview":"-1","robots_max_imagepreview":"large","priority":null,"frequency":"default","local_seo":null,"breadcrumb_settings":null,"limit_modified_date":false,"ai":null,"created":"2023-12-17 17:38:58","updated":"2025-06-04 09:51:23","seo_analyzer_scan_date":null,"focus_keyword":null,"additional_keywords":null,"truseo_locale":null},"aioseo_breadcrumb":"<div class=\"aioseo-breadcrumbs\"><span class=\"aioseo-breadcrumb\">\n\t\t\t<a href=\"https:\/\/wia.net.pl\" title=\"Home\">Home<\/a>\n\t\t<\/span><span class=\"aioseo-breadcrumb-separator\">&raquo;<\/span><span class=\"aioseo-breadcrumb\">\n\t\t\t<a href=\"https:\/\/wia.net.pl\/index.php\/category\/artykuly\/\" title=\"Artyku\u0142y\">Artyku\u0142y<\/a>\n\t\t<\/span><span class=\"aioseo-breadcrumb-separator\">&raquo;<\/span><span class=\"aioseo-breadcrumb\">\n\t\t\tRaport o szczepionkach w publicznej niemieckiej telewizji\n\t\t<\/span><\/div>","aioseo_breadcrumb_json":[{"label":"Home","link":"https:\/\/wia.net.pl"},{"label":"Artyku\u0142y","link":"https:\/\/wia.net.pl\/index.php\/category\/artykuly\/"},{"label":"Raport o szczepionkach w publicznej niemieckiej telewizji","link":"https:\/\/wia.net.pl\/index.php\/2023\/12\/17\/raport-o-szczepionkach-w-publicznej-niemieckiej-telewizji\/"}],"_links":{"self":[{"href":"https:\/\/wia.net.pl\/index.php\/wp-json\/wp\/v2\/posts\/6198"}],"collection":[{"href":"https:\/\/wia.net.pl\/index.php\/wp-json\/wp\/v2\/posts"}],"about":[{"href":"https:\/\/wia.net.pl\/index.php\/wp-json\/wp\/v2\/types\/post"}],"author":[{"embeddable":true,"href":"https:\/\/wia.net.pl\/index.php\/wp-json\/wp\/v2\/users\/2"}],"replies":[{"embeddable":true,"href":"https:\/\/wia.net.pl\/index.php\/wp-json\/wp\/v2\/comments?post=6198"}],"version-history":[{"count":3,"href":"https:\/\/wia.net.pl\/index.php\/wp-json\/wp\/v2\/posts\/6198\/revisions"}],"predecessor-version":[{"id":6203,"href":"https:\/\/wia.net.pl\/index.php\/wp-json\/wp\/v2\/posts\/6198\/revisions\/6203"}],"wp:featuredmedia":[{"embeddable":true,"href":"https:\/\/wia.net.pl\/index.php\/wp-json\/wp\/v2\/media\/6201"}],"wp:attachment":[{"href":"https:\/\/wia.net.pl\/index.php\/wp-json\/wp\/v2\/media?parent=6198"}],"wp:term":[{"taxonomy":"category","embeddable":true,"href":"https:\/\/wia.net.pl\/index.php\/wp-json\/wp\/v2\/categories?post=6198"},{"taxonomy":"post_tag","embeddable":true,"href":"https:\/\/wia.net.pl\/index.php\/wp-json\/wp\/v2\/tags?post=6198"}],"curies":[{"name":"wp","href":"https:\/\/api.w.org\/{rel}","templated":true}]}}