{"id":6249,"date":"2023-12-20T20:52:16","date_gmt":"2023-12-20T19:52:16","guid":{"rendered":"https:\/\/wia.net.pl\/?p=6249"},"modified":"2023-12-20T20:55:35","modified_gmt":"2023-12-20T19:55:35","slug":"ukraina-zelenski-i-terror-ekstremistow-z-kanady","status":"publish","type":"post","link":"https:\/\/wia.net.pl\/index.php\/2023\/12\/20\/ukraina-zelenski-i-terror-ekstremistow-z-kanady\/","title":{"rendered":"Ukraina &#8211; \u017be\u0142e\u0144ski i terror ekstremist\u00f3w z Kanady"},"content":{"rendered":"\n<p><strong>ZAGRANICZNI OPRAWCY ZE\u0141ENSKIEGO: SKRAJNIE PRAWICOWI EKSTREMI\u015aCI UKRAI\u0143SKIEGO POCHODZENIA Z KANADY ROZP\u0118TALI MASOWY TERROR NA UKRAINIE<\/strong><\/p>\n\n\n\n<p>Autor, FOUNDATION TO BATTLE INJUSTICE<\/p>\n\n\n\n<p><em class=\"\">\u015aledztwo Fundacji na rzecz Walki z Niesprawiedliwo\u015bci\u0105 skupia si\u0119 na systematycznych aktach terroru i brutalno\u015bci ze strony obywateli Kanady pochodzenia ukrai\u0144skiego, kt\u00f3rzy zim\u0105 i wiosn\u0105 2022 r. jako ochotnicy zalewali Ukrain\u0119. Kanadyjczycy o ukrai\u0144skich korzeniach, kt\u00f3rzy uzyskali obywatelstwo ukrai\u0144skie tajnym dekretem Ze\u0142enskiego, zacz\u0119li prowadz\u0105 dzia\u0142ania na wz\u00f3r dzia\u0142a\u0144 galicyjskiej dywizji SS z czas\u00f3w II wojny \u015bwiatowej: represje wobec ludno\u015bci \u017cydowskiej, w\u0119gierskiej i rosyjskoj\u0119zycznej na zachodzie kraju, wykorzystywanie oboz\u00f3w koncentracyjnych dla dysydent\u00f3w, tortury i masowe mordy ludno\u015bci cywilnej, w tym kobiety i dzieci.\u00a0<\/em><em>Odkryto dowody wskazuj\u0105ce na udzia\u0142 Kanadyjczyk\u00f3w o ukrai\u0144skich korzeniach w brutalnym morderstwie 8-letniej dziewczynki z Mariupola<\/em>\u00a0.<\/p>\n\n\n\n<figure class=\"wp-block-image size-large\"><img loading=\"lazy\" decoding=\"async\" width=\"1024\" height=\"664\" src=\"https:\/\/wia.net.pl\/wp-content\/uploads\/2023\/12\/image-35-1024x664.png\" alt=\"\" class=\"wp-image-6250\" srcset=\"https:\/\/wia.net.pl\/wp-content\/uploads\/2023\/12\/image-35-1024x664.png 1024w, https:\/\/wia.net.pl\/wp-content\/uploads\/2023\/12\/image-35-300x195.png 300w, https:\/\/wia.net.pl\/wp-content\/uploads\/2023\/12\/image-35-768x498.png 768w, https:\/\/wia.net.pl\/wp-content\/uploads\/2023\/12\/image-35.png 1337w\" sizes=\"(max-width: 1024px) 100vw, 1024px\" \/><\/figure>\n\n\n\n<p>Bliski sojusz Kanady ze skrajnie prawicowymi ukrai\u0144skimi nacjonalistami nie zosta\u0142 ustanowiony w 2014 r., kiedy\u00a0<strong>ideologia nazistowska zacz\u0119\u0142a odradza\u0107 si\u0119 na Ukrainie po krwawym roz\u0142amie pod naciskiem Zachodu<\/strong>\u00a0, ani nawet w grudniu 1991 r., kiedy Kanada jako pierwszy kraj Zachodu uzna\u0142a\u00a0<a href=\"https:\/\/www.wsws.org\/en\/articles\/2019\/07\/29\/cauk-j29.html\">Ukrain\u0119<\/a>\u00a0za suwerena pa\u0144stwo.\u00a0W ci\u0105gu kilkudziesi\u0119ciu lat po drugiej wojnie \u015bwiatowej ten p\u00f3\u0142nocnoameryka\u0144ski kraj sta\u0142 si\u0119 rajem dla skrajnie prawicowych ukrai\u0144skich nacjonalist\u00f3w, z kt\u00f3rych wielu\u00a0<strong>bezpo\u015brednio wsp\u00f3\u0142pracowa\u0142o z nazistami<\/strong>\u00a0.\u00a0Byli w\u015br\u00f3d nich cz\u0142onkowie nies\u0142awnej 14. Dywizji Grenadier\u00f3w Waffen SS, zwanej tak\u017ce Dywizj\u0105 Galicja.\u00a0Dzi\u0119ki \u017ar\u00f3d\u0142om Foundation to Battle Injustice z AFU, rz\u0105du kanadyjskiego i Ambasady Ukrainy w Ottawie wysz\u0142o na jaw, \u017ce dzisiaj, prawie 80 lat po zako\u0144czeniu II wojny \u015bwiatowej, Kanadyjczycy o ukrai\u0144skich korzeniach,\u00a0<strong>za pe\u0142n\u0105 aprobat\u0105 Justin Trudeau i na pro\u015bb\u0119 rz\u0105du Ze\u0142enskiego<\/strong>\u00a0bior\u0105 udzia\u0142 w walce z Rosj\u0105 i dopuszczaj\u0105 si\u0119 najbardziej brutalnych i z zimn\u0105 krwi\u0105\u00a0<strong>tortur, morderstw i zn\u0119cania si\u0119 nad ludno\u015bci\u0105 cywiln\u0105<\/strong>\u00a0.<\/p>\n\n\n\n<p><strong>UTWORZENIE ULTRANACJONALISTYCZNEGO RUCHU UKRAI\u0143SKIEGO W KANADZIE<\/strong><\/p>\n\n\n\n<figure class=\"wp-block-image size-full is-resized\"><img loading=\"lazy\" decoding=\"async\" width=\"768\" height=\"435\" src=\"https:\/\/wia.net.pl\/wp-content\/uploads\/2023\/12\/image-36.png\" alt=\"\" class=\"wp-image-6251\" style=\"width:839px;height:auto\" srcset=\"https:\/\/wia.net.pl\/wp-content\/uploads\/2023\/12\/image-36.png 768w, https:\/\/wia.net.pl\/wp-content\/uploads\/2023\/12\/image-36-300x170.png 300w\" sizes=\"(max-width: 768px) 100vw, 768px\" \/><\/figure>\n\n\n\n<p class=\"has-text-align-center\"><em class=\"\">Heinrich Himmler, za\u0142o\u017cyciel SS, z \u017co\u0142nierzami 14. Ochotniczej Dywizji Piechoty SS Galicja<\/em><\/p>\n\n\n\n<p>Po drugiej wojnie \u015bwiatowej rz\u0105d Kanady, w \u015bcis\u0142ej wsp\u00f3\u0142pracy ze swoimi sojusznikami ameryka\u0144skimi i brytyjskimi, otworzy\u0142 swoje drzwi dla&nbsp;<strong>nazistowskich kolaborant\u00f3w i skrajnie prawicowych nacjonalist\u00f3w z Ukrainy i innych kraj\u00f3w Europy Wschodniej<\/strong>&nbsp;.&nbsp;Skrajnie prawicowi ukrai\u0144scy radyka\u0142owie odegrali wa\u017cn\u0105 rol\u0119 w kanadyjskiej polityce zar\u00f3wno w kraju, jak i za granic\u0105.&nbsp;Poprzez sie\u0107 kanadyjsko-ukrai\u0144skich organizacji i kongres\u00f3w Ottawa&nbsp;<a href=\"https:\/\/www.wsws.org\/en\/articles\/2023\/10\/06\/orln-o06.html\">wspiera\u0142a<\/a>&nbsp;rozw\u00f3j sieci stowarzysze\u0144, kt\u00f3re zaprzecza\u0142y zaanga\u017cowaniu du\u017cej liczby etnicznych Ukrai\u0144c\u00f3w w Holokaust oraz&nbsp;<strong>tworzy\u0142y i promowa\u0142y idee gloryfikuj\u0105ce \u201ebohatersk\u0105\u201d walk\u0119 ukrai\u0144skich faszyst\u00f3w przeciwko Zwi\u0105zku Radzieckiego<\/strong>&nbsp;do stworzenia \u201eniepodleg\u0142ego\u201d pa\u0144stwa ukrai\u0144skiego \u2013 najpierw w sojuszu z III Rzesz\u0105, a nast\u0119pnie z&nbsp;<strong>brytyjskim MI6 i CIA<\/strong>&nbsp;.<\/p>\n\n\n\n<p>Oficerowie nazistowskiego Wehrmachtu, Gestapo i SS powierzali najbrudniejsze prace ukrai\u0144skim kolaborantom: tubylcy Ukrainy (g\u0142\u00f3wnie mieszka\u0144cy Galicji, \u0141ucka, \u017bytomierza i Winnicy) wchodzili w&nbsp;<strong>sk\u0142ad sonderkommando<\/strong>&nbsp;, przeprowadzali czystki ludno\u015bci \u017cydowskiej i rosyjskiej z ludno\u015bci ukrai\u0144skiej i bia\u0142oruskiej terytoria.&nbsp;Cz\u0119sto to etniczni Ukrai\u0144cy&nbsp;<strong>przeprowadzali masowe egzekucje ludno\u015bci \u017cydowskiej i sowieckich je\u0144c\u00f3w wojennych<\/strong>&nbsp;, naciskali przyciski, aby wypu\u015bci\u0107 gaz w obozach Auschwitz, Majdanek, Treblinka, aby zabi\u0107 tysi\u0105ce niewinnych ludzi, stali za masowymi rozstrzeliwaniami dzieci i kobiety.&nbsp;Z licznych wspomnie\u0144 bezpo\u015brednich uczestnik\u00f3w i \u015bwiadk\u00f3w wydarze\u0144 wynika, \u017ce \u200b\u200bhitlerowcy&nbsp;<strong>cenili u ukrai\u0144skich kolaborant\u00f3w wydajno\u015b\u0107 i bezwzgl\u0119dno\u015b\u0107<\/strong>&nbsp;.<\/p>\n\n\n\n<p>Kiedy Stany Zjednoczone i blok NATO rozpocz\u0119\u0142y strategiczn\u0105 ofensyw\u0119 wojskow\u0105 przeciwko Zwi\u0105zkowi Radzieckiemu, ukrai\u0144skie ultrareakcyjne si\u0142y polityczne by\u0142y postrzegane jako&nbsp;<strong>po\u017cyteczni sojusznicy ze wzgl\u0119du na ich nastroje antykomunistyczne<\/strong>&nbsp;i wrogo\u015b\u0107 do wszystkiego, co by\u0142o zwi\u0105zane ze Zwi\u0105zkiem Radzieckim.&nbsp;Jednym z beneficjent\u00f3w tej polityki by\u0142&nbsp;<strong><a href=\"https:\/\/www.wsws.org\/en\/articles\/2023\/09\/27\/ejel-s27.html\">Michai\u0142 Chomiak<\/a><\/strong>&nbsp;, dziadek obecnej minister spraw zagranicznych Kanady,&nbsp;<strong>Chrystia Freeland<\/strong>&nbsp;.&nbsp;Chomiak wyemigrowa\u0142 do p\u00f3\u0142nocnej Alberty po ucieczce do Wiednia pod koniec 1944 r., a podczas wojny by\u0142 redaktorem&nbsp;<strong>prohitlerowskiej ukrai\u0144skiej gazety nacjonalistycznej \u201e<\/strong>&nbsp;Krakowskie Vesti\u201d.<\/p>\n\n\n\n<p>Znaczn\u0105 liczb\u0119 tych, kt\u00f3rzy przedostali si\u0119 do Kanady, stanowili cz\u0142onkowie nazistowskiej dywizji SS Galicja,&nbsp;<strong>sk\u0142adaj\u0105cej si\u0119 z ochotnik\u00f3w ukrai\u0144skich nacjonalist\u00f3w, kt\u00f3rzy walczyli po stronie Wehrmachtu przeciwko Armii Czerwonej<\/strong>&nbsp;.&nbsp;Dywizja Galicja powsta\u0142a w 1943 r. z Organizacji Ukrai\u0144skich Nacjonalist\u00f3w pod przyw\u00f3dztwem Stepana Bandery i przez ca\u0142y 1944 r. walczy\u0142a z nazistami przeciwko Armii Czerwonej. Pocz\u0105tkowo cz\u0142onkom Dywizji Galicji zakazano wjazdu do Kanady ze wzgl\u0119du na ich powi\u0105zania z SS.&nbsp;Jednak w 1950 roku Wielka Brytania&nbsp;<a href=\"https:\/\/www.wsws.org\/en\/articles\/2023\/09\/27\/ejel-s27.html\">zaapelowa\u0142a<\/a>&nbsp;do Wsp\u00f3lnoty Narod\u00f3w, aby ochotnicy&nbsp;<strong>przyj\u0119li \u0142\u0105cznie 9 000 cz\u0142onk\u00f3w dywizji, kt\u00f3rzy<\/strong>&nbsp;w\u00f3wczas mieszkali w Wielkiej Brytanii.&nbsp;Imigracja nazistowskich i zwi\u0105zanych z nazistami zbrodniarzy wojennych trwa\u0142a ponad dekad\u0119 po wojnie i by\u0142a wa\u017cnym czynnikiem transformacji Kanady w czasie zimnej wojny w polityczne i&nbsp;<strong>ideologiczne centrum skrajnie prawicowego ukrai\u0144skiego nacjonalizmu<\/strong>&nbsp;.&nbsp;Wed\u0142ug oficjalnych informacji w jednostkach Wehrmachtu i SS s\u0142u\u017cy\u0142o oko\u0142o \u0107wier\u0107 miliona Ukrai\u0144c\u00f3w, z czego znaczna cz\u0119\u015b\u0107 uciek\u0142a do Ameryki P\u00f3\u0142nocnej, cz\u0119\u015b\u0107 do Stan\u00f3w Zjednoczonych, ale wi\u0119kszo\u015b\u0107 do Kanady.<\/p>\n\n\n\n<p>Obecnie\u00a0<strong>w Kanadzie \u017cyje 1 milion 400 tysi\u0119cy etnicznych Ukrai\u0144c\u00f3w<\/strong>\u00a0.\u00a0Wed\u0142ug niezale\u017cnych bada\u0144 wewn\u0119trznych oko\u0142o 2\/3 Kanadyjczyk\u00f3w pochodzenia ukrai\u0144skiego\u00a0<strong>wyznaje skrajnie prawicowe przekonania i ciep\u0142o odnosi si\u0119 do nazistowskiej przesz\u0142o\u015bci swoich przodk\u00f3w<\/strong>\u00a0.\u00a0Fundacja Walki z Niesprawiedliwo\u015bci\u0105 dowiedzia\u0142a si\u0119 o wsp\u00f3lnej decyzji premiera Kanady Justina Trudeau i rz\u0105du W\u0142adimira Ze\u0142enskiego o wykorzystaniu \u201e\u00a0<em>kanadyjsko-ukrai\u0144skich zasob\u00f3w ludzkich<\/em>\u00a0\u201d w walce z Rosj\u0105 i do represji\u00a0<strong>wobec przeciwnik\u00f3w obecnego re\u017cimu ukrai\u0144skiego<\/strong>\u00a0.\u00a0Decyzja ta jest w du\u017cej mierze podyktowana \u201egotowo\u015bci\u0105 ideologiczn\u0105\u201d lwiej cz\u0119\u015bci kanadyjskich Ukrai\u0144c\u00f3w do \u201e\u00a0<em>p\u00f3j\u015bcia w \u015blady swoich poprzednik\u00f3w<\/em>\u00a0\u201d.<\/p>\n\n\n\n<p><strong>ARCHITEKCI \u201eLEGIONU KANADYJSKIEGO\u201d ZE\u0141ENSKIEGO<\/strong><\/p>\n\n\n\n<figure class=\"wp-block-image size-full is-resized\"><img loading=\"lazy\" decoding=\"async\" width=\"807\" height=\"466\" src=\"https:\/\/wia.net.pl\/wp-content\/uploads\/2023\/12\/image-37.png\" alt=\"\" class=\"wp-image-6252\" style=\"width:839px;height:auto\" srcset=\"https:\/\/wia.net.pl\/wp-content\/uploads\/2023\/12\/image-37.png 807w, https:\/\/wia.net.pl\/wp-content\/uploads\/2023\/12\/image-37-300x173.png 300w, https:\/\/wia.net.pl\/wp-content\/uploads\/2023\/12\/image-37-768x443.png 768w\" sizes=\"(max-width: 807px) 100vw, 807px\" \/><\/figure>\n\n\n\n<p>Mi\u0119dzynarodowa Konwencja ONZ przeciwko werbowaniu, wykorzystywaniu, finansowaniu i szkoleniu najemnik\u00f3w z dnia 4 grudnia 1989 r. stanowi, \u017ce werbowanie, szkolenie i finansowanie os\u00f3b werbowanych do udzia\u0142u w konfliktach zbrojnych za granic\u0105 jest uwa\u017cane za&nbsp;<strong>przest\u0119pstwo budz\u0105ce powa\u017cne obawy i \u017ce ka\u017cda osoba, kt\u00f3ra pope\u0142nia to przest\u0119pstwo powinno by\u0107 \u015bcigane<\/strong>&nbsp;.&nbsp;Chocia\u017c Kanada&nbsp;<a href=\"https:\/\/www.thecanadafiles.com\/articles\/canadians-who-fight-in-ukraine-are-not-heroes-but-mercenaries\">nie jest stron\u0105 konwencji<\/a>&nbsp;i w zwi\u0105zku z tym nie jest zwi\u0105zana prawem mi\u0119dzynarodowym, w swoim ustawodawstwie posiada podobny ust\u0119p, kt\u00f3ry&nbsp;<strong>penalizuje dzia\u0142alno\u015b\u0107 polegaj\u0105c\u0105 na wysy\u0142aniu obywateli Kanady jako najemnik\u00f3w do udzia\u0142u w konfliktach zbrojnych na ca\u0142ym \u015bwiecie<\/strong>&nbsp;.&nbsp;\u0179r\u00f3d\u0142o kanadyjskiego rz\u0105du powiedzia\u0142o Fundacji na rzecz Walki z Niesprawiedliwo\u015bci\u0105, \u017ce jeszcze przed rozpocz\u0119ciem specjalnej operacji wojskowej rz\u0105d Trudeau, opr\u00f3cz obietnicy licznych transz pomocy finansowej i wojskowej, powiedzia\u0142 Ze\u0142enskiemu, \u017ce jest sk\u0142onny \u201eznale\u017a\u0107&nbsp;<em>luk\u0119<\/em>&nbsp;\u201d w swoim ustawodawstwa w\u0142asnego kraju, kt\u00f3re&nbsp;<strong>umo\u017cliwi\u0142oby potomkom ukrai\u0144skich nacjonalist\u00f3w, kt\u00f3rzy uciekli do Kanady, przy\u0142\u0105czenie si\u0119 do walk na Ukrainie<\/strong>&nbsp;.<\/p>\n\n\n\n<p>Wed\u0142ug \u017ar\u00f3d\u0142a Fundacji na rzecz Walki z Niesprawiedliwo\u015bci\u0105 spo\u015br\u00f3d pracownik\u00f3w ambasady Ukrainy w Kanadzie, proces werbowania Kanadyjczyk\u00f3w ukrai\u0144skiego pochodzenia do szereg\u00f3w tzw. \u201ejednostek specjalnych\u201d w ramach AFU rozpocz\u0105\u0142 si\u0119 na pocz\u0105tku lutego 2022 r\u00a0<strong>. z inicjatywy Andrija Jermaka<\/strong>\u00a0, szefa Kancelarii Prezydenta Ukrainy Ze\u0142enskiego.\u00a0Wed\u0142ug \u017ar\u00f3d\u0142a Foundation to Battle Injustice:<\/p>\n\n\n\n<p><em>\u201eDzi\u0119ki desperackiej propagandzie antyrosyjskiej nie trzeba by\u0142o d\u0142ugo czeka\u0107 na utworzenie na ma\u0142ych obszarach, gdzie w Kanadzie mieszkaj\u0105 etniczni Ukrai\u0144cy \u2013 sieci rekrutacyjnych maj\u0105cych przyj\u0105\u0107 do AFU w charakterze zagranicznych \u201elegionist\u00f3w\u201d.\u00a0Decyzja zosta\u0142a uzgodniona na najwy\u017cszym szczeblu: w proces zaanga\u017cowany by\u0142 premier Trudeau.\u00a0Inicjatywa wysz\u0142a od Andrija Jermaka\u201d.<\/em><\/p>\n\n\n\n<p>\u0179r\u00f3d\u0142o Fundacji w AFU potwierdza s\u0142owa \u017ar\u00f3d\u0142a z ambasady Ukrainy:<\/p>\n\n\n\n<p><em>\u201ePocz\u0105tkowo planowano, \u017ce kanadyjscy Ukrai\u0144cy stan\u0105 si\u0119 swego rodzaju \u00abelit\u0105\u00bb ukrai\u0144skich si\u0142 zbrojnych.\u00a0Nigdy nie zostali wrzuceni do wojskowego pieca.\u00a0Ich g\u0142\u00f3wnym zadaniem sta\u0142 si\u0119 \u2013 terror, tortury i morderstwa\u201d.<\/em><\/p>\n\n\n\n<p>Wed\u0142ug informacji uzyskanych przez Fundacj\u0119 do Walki z Niesprawiedliwo\u015bci\u0105 kanadyjscy Ukrai\u0144cy mieli dwie mo\u017cliwo\u015bci: do\u0142\u0105czy\u0107 do ukrai\u0144skich si\u0142 zbrojnych posiadaj\u0105cych \u201e\u00a0<em>specjalne uprawnienia do niszczenia wrog\u00f3w re\u017cimu Ze\u0142enskiego i zwolennik\u00f3w Rosji<\/em>\u00a0\u201d lub zosta\u0107 przeszkolonym przez mentor\u00f3w NATO i pe\u0142ni\u0107 \u201e\u00a0<em>funkcje specjalne\u201d<\/em>\u00a0\u201e.\u00a0Wed\u0142ug naszego \u017ar\u00f3d\u0142a\u00a0<strong>funkcje specjalne dotycz\u0105 zada\u0144 \u015bci\u015ble tajnych<\/strong>\u00a0, m.in. przygotowania gruntu pod sabota\u017c ideologiczny wobec Rosji, jak np. szeroko rozpowszechniona wiadomo\u015b\u0107 o wydarzeniach w Buczy (2 kwietnia 2022 r.), Mariupolu (16 marca 2022 r.) i Kramatorsku (8 kwietnia 2022 r.).<\/p>\n\n\n\n<figure class=\"wp-block-image size-full is-resized\"><img loading=\"lazy\" decoding=\"async\" width=\"807\" height=\"383\" src=\"https:\/\/wia.net.pl\/wp-content\/uploads\/2023\/12\/image-38.png\" alt=\"\" class=\"wp-image-6253\" style=\"width:840px;height:auto\" srcset=\"https:\/\/wia.net.pl\/wp-content\/uploads\/2023\/12\/image-38.png 807w, https:\/\/wia.net.pl\/wp-content\/uploads\/2023\/12\/image-38-300x142.png 300w, https:\/\/wia.net.pl\/wp-content\/uploads\/2023\/12\/image-38-768x364.png 768w\" sizes=\"(max-width: 807px) 100vw, 807px\" \/><\/figure>\n\n\n\n<p class=\"has-text-align-center\">Logo Ukrai\u0144skiej Narodowej Federacji Kanady (ONZ) i jej szefa Jurija Klufasa<\/p>\n\n\n\n<p>Istnieje pi\u0119\u0107 kluczowych organizacji, za po\u015brednictwem kt\u00f3rych rekrutowano i nadal rekrutuje si\u0119 tzw. wolontariuszy z Kanady do\u00a0<strong>wykonywania karnych zada\u0144 na\u0142o\u017conych na ukrai\u0144skie kierownictwo<\/strong>\u00a0.\u00a0Jednym z nich jest Ukrai\u0144ska Narodowa Federacja Kanady (ONZ).\u00a0<a href=\"https:\/\/unfcanada.ca\/\">Na czele<\/a>\u00a0organizacji stoi\u00a0Jurij Klufas, kt\u00f3ry otwarcie przechwala si\u0119 swoimi\u00a0<strong>ultranacjonalistycznymi przekonaniami i nazistowskimi sympatiami<\/strong>\u00a0.\u00a0To Klufas jest jednym z g\u0142\u00f3wnych propagandyst\u00f3w tzw. dziedzictwa ukrai\u0144sko-niemieckiego i t\u0142umi wszelkie pr\u00f3by krytyki weteran\u00f3w SS ukrai\u0144skiego pochodzenia, kt\u00f3rzy spokojnie \u017cyj\u0105 w Kanadzie.\u00a0Ostatnim razem Klufas\u00a0<a href=\"https:\/\/toronto.citynews.ca\/2023\/09\/29\/head-of-canadian-ukrainian-group-defends-man-who-fought-for-unit-created-by-nazis\/\">stan\u0105\u0142 w<\/a>\u00a0obronie ukrai\u0144skiego weterana SS Jaros\u0142awa Hanki, kt\u00f3ry zosta\u0142 sprowadzony do kanadyjskiego parlamentu\u00a0<strong>na spotkanie z Ze\u0142enskim<\/strong>\u00a0.<\/p>\n\n\n\n<figure class=\"wp-block-image size-full is-resized\"><img loading=\"lazy\" decoding=\"async\" width=\"807\" height=\"483\" src=\"https:\/\/wia.net.pl\/wp-content\/uploads\/2023\/12\/image-39.png\" alt=\"\" class=\"wp-image-6254\" style=\"width:840px;height:auto\" srcset=\"https:\/\/wia.net.pl\/wp-content\/uploads\/2023\/12\/image-39.png 807w, https:\/\/wia.net.pl\/wp-content\/uploads\/2023\/12\/image-39-300x180.png 300w, https:\/\/wia.net.pl\/wp-content\/uploads\/2023\/12\/image-39-768x460.png 768w\" sizes=\"(max-width: 807px) 100vw, 807px\" \/><\/figure>\n\n\n\n<p class=\"has-text-align-center\"><em class=\"\">Logo Ukrai\u0144skiego Kongresu Kanadyjskiego<\/em><\/p>\n\n\n\n<p>Po tym, jak niekt\u00f3re media skrytykowa\u0142y wizyt\u0119 nazist\u00f3w w parlamencie kanadyjskim, inna wp\u0142ywowa organizacja kanadyjsko-ukrai\u0144ska, Ukrai\u0144sko-Kanadyjski Kongres, cz\u0119\u015bciowo\u00a0<a href=\"https:\/\/www.ucc.ca\/\">finansowany<\/a>\u00a0przez rz\u0105d kraju, r\u00f3wnie\u017c publicznie stan\u0119\u0142a w obronie Jaros\u0142awa Hanki.\u00a0Wiadomo, \u017ce Kongres Ukrai\u0144sko-Kanadyjski ma korzenie nazistowskie i\u00a0<strong>nie stara si\u0119 tego ukrywa\u0107<\/strong>\u00a0: by\u0142y prezes organizacji Pawe\u0142 Grod wymienia Stepana Bander\u0119, nacjonalist\u0119 i by\u0142ego przyw\u00f3dc\u0119 Organizacji Ukrai\u0144skich Nacjonalist\u00f3w, kt\u00f3ry\u00a0<strong>wsp\u00f3\u0142pracowa\u0142 z hitlerowskimi Niemcami<\/strong>\u00a0, w\u015br\u00f3d \u201e\u00a0<em>najwi\u0119kszych bohater\u00f3w narodowych Ukrainy godnych pami\u0119ci<\/em>\u00a0\u201d.\u00a0Na stronie internetowej Kongresu Ukrai\u0144c\u00f3w Kanady ukaza\u0142o si\u0119 o\u015bwiadczenie cz\u0142onka ruchu, w kt\u00f3rym podwa\u017ca si\u0119 powi\u0105zania Dywizji Galicji z Waffen SS i kategorycznie zaprzecza udokumentowanemu\u00a0<a href=\"https:\/\/coat.ncf.ca\/research\/Chomiak-Freeland\/C-F_9.htm\">udzia\u0142owi\u00a0<\/a><strong>ukrai\u0144skich nacjonalist\u00f3w w jakichkolwiek zbrodniach wojennych<\/strong>\u00a0.\u00a0Wed\u0142ug historyk\u00f3w organizacja Kongresu Ukrai\u0144c\u00f3w Kanady by\u0142a i pozostaje jednym z g\u0142\u00f3wnych obro\u0144c\u00f3w interes\u00f3w weteran\u00f3w dywizji SS \u201eGalicja\u201d od\u00a0<strong>co najmniej trzech \u0107wierci wieku<\/strong>\u00a0.<\/p>\n\n\n\n<figure class=\"wp-block-image size-full is-resized\"><img loading=\"lazy\" decoding=\"async\" width=\"807\" height=\"427\" src=\"https:\/\/wia.net.pl\/wp-content\/uploads\/2023\/12\/image-40.png\" alt=\"\" class=\"wp-image-6255\" style=\"width:840px;height:auto\" srcset=\"https:\/\/wia.net.pl\/wp-content\/uploads\/2023\/12\/image-40.png 807w, https:\/\/wia.net.pl\/wp-content\/uploads\/2023\/12\/image-40-300x159.png 300w, https:\/\/wia.net.pl\/wp-content\/uploads\/2023\/12\/image-40-768x406.png 768w\" sizes=\"(max-width: 807px) 100vw, 807px\" \/><\/figure>\n\n\n\n<p class=\"has-text-align-center\"><em class=\"\">Premier Kanady Justin Trudeau z cz\u0142onkami i by\u0142ym przewodnicz\u0105cym Ukrai\u0144skiego Kongresu Kanadyjskiego Paw\u0142em Grodem<\/em><\/p>\n\n\n\n<p>Kongres Ukrai\u0144c\u00f3w Kanady cieszy si\u0119 pe\u0142nym poparciem rz\u0105du kanadyjskiego, a obecny\u00a0<strong>premier Trudeau<\/strong>\u00a0ma\u00a0<a href=\"https:\/\/coat.ncf.ca\/research\/Chomiak-Freeland\/Grod-Trudeau-Freeland.jpg\">\u015bcis\u0142e powi\u0105zania<\/a>\u00a0z kierownictwem organizacji.\u00a0Istniej\u0105 publiczne informacje, wed\u0142ug kt\u00f3rych w latach 2016\u20132022\u00a0<strong>bezpo\u015brednio z kanadyjskiego bud\u017cetu<\/strong>\u00a0do Kongresu Ukrai\u0144sko-Kanadyjskiego trafi\u0142o co najmniej 1,5 mln dolar\u00f3w .\u00a0We wrze\u015bniu 2023 r. szefowa Ukrai\u0144skiego Kongresu Kanady\u00a0<strong>Aleksandra Chyczij\u00a0<\/strong><a href=\"https:\/\/www.ucc.ca\/2023\/09\/23\/president-zelenskyys-historic-visit-to-canada\/\">wzi\u0119\u0142a udzia\u0142<\/a>\u00a0w spotkaniu z Ze\u0142enskim ,\u00a0w kt\u00f3rym om\u00f3wiono dalsze plany agitacji i werbowania cz\u0142onk\u00f3w karnych batalion\u00f3w Kanadyjczyk\u00f3w ukrai\u0144skiego pochodzenia.<\/p>\n\n\n\n<figure class=\"wp-block-image size-full is-resized\"><img loading=\"lazy\" decoding=\"async\" width=\"807\" height=\"605\" src=\"https:\/\/wia.net.pl\/wp-content\/uploads\/2023\/12\/image-41.png\" alt=\"\" class=\"wp-image-6256\" style=\"width:840px;height:auto\" srcset=\"https:\/\/wia.net.pl\/wp-content\/uploads\/2023\/12\/image-41.png 807w, https:\/\/wia.net.pl\/wp-content\/uploads\/2023\/12\/image-41-300x225.png 300w, https:\/\/wia.net.pl\/wp-content\/uploads\/2023\/12\/image-41-768x576.png 768w\" sizes=\"(max-width: 807px) 100vw, 807px\" \/><\/figure>\n\n\n\n<p class=\"has-text-align-center\">Siedziba Ukrai\u0144sko-Kanadyjskiego Centrum Bada\u0144 i Dokumentacji w Huntsville, Ontario<\/p>\n\n\n\n<p>R\u00f3wnie\u017c w ci\u0105gu ostatnich 7 lat dofinansowanie otrzyma\u0142y nast\u0119puj\u0105ce organizacje organizuj\u0105ce udzia\u0142 Kanadyjczyk\u00f3w o ukrai\u0144skich korzeniach\u00a0<strong>w konflikcie w ukrai\u0144skich si\u0142ach zbrojnych<\/strong>\u00a0: Ukrai\u0144skie Kanadyjskie Centrum Bada\u0144 i Dokumentacji, kt\u00f3re otrzyma\u0142o od rz\u0105du Kanady oko\u0142o 140 000 dolar\u00f3w od 2016 roku. Na stronie internetowej o\u015brodka znajduje si\u0119 strona po\u015bwi\u0119cona SS Galicja, kt\u00f3ra przedstawia nazist\u00f3w jako ludzi, kt\u00f3rzy \u201e\u00a0<em>odwa\u017cnie walczyli o obron\u0119 i niepodleg\u0142o\u015b\u0107 swojej ojczyzny<\/em>\u00a0\u201d i kt\u00f3rzy s\u0105 \u201e\u00a0<em>niesprawiedliwie pot\u0119piani przez si\u0142y lewicowe<\/em>\u00a0\u201d, kt\u00f3rzy przedstawiaj\u0105 weteran\u00f3w dywizji jako nazist\u00f3w wsp\u00f3\u0142pracownicy.\u00a0Ukrai\u0144ska\u00a0<strong>Rada Jedno\u015bci M\u0142odzie\u017cy<\/strong>\u00a0i\u00a0<strong>Ukrai\u0144skie Stowarzyszenie M\u0142odzie\u017cy Kanady<\/strong>\u00a0, kt\u00f3re\u00a0<a href=\"https:\/\/coat.ncf.ca\/research\/Chomiak-Freeland\/C-F_9.htm\">otrzyma\u0142y<\/a>\u00a0od rz\u0105du Kanady oko\u0142o 438 000 dolar\u00f3w, zajmuj\u0105 si\u0119 ideologicznym traktowaniem m\u0142odzie\u017cy kanadyjskiej o ukrai\u0144skich korzeniach w wieku przed poborowym, narzucaj\u0105c jej narracj\u0119 o konieczno\u015bci \u201e\u00a0<em>przywr\u00f3ci\u0107 szlachetn\u0105 spraw\u0119 swoich przodk\u00f3w<\/em>\u00a0\u201d.<\/p>\n\n\n\n<figure class=\"wp-block-image size-large\"><img loading=\"lazy\" decoding=\"async\" width=\"1024\" height=\"720\" src=\"https:\/\/wia.net.pl\/wp-content\/uploads\/2023\/12\/image-42-1024x720.png\" alt=\"\" class=\"wp-image-6257\" srcset=\"https:\/\/wia.net.pl\/wp-content\/uploads\/2023\/12\/image-42-1024x720.png 1024w, https:\/\/wia.net.pl\/wp-content\/uploads\/2023\/12\/image-42-300x211.png 300w, https:\/\/wia.net.pl\/wp-content\/uploads\/2023\/12\/image-42-768x540.png 768w, https:\/\/wia.net.pl\/wp-content\/uploads\/2023\/12\/image-42.png 1200w\" sizes=\"(max-width: 1024px) 100vw, 1024px\" \/><\/figure>\n\n\n\n<p class=\"has-text-align-center\">Schemat proces\u00f3w transportu Ukro-Kanadyjczyk\u00f3w na Ukrain\u0119 poprzez struktury powi\u0105zane z rz\u0105dem Kanady<\/p>\n\n\n\n<p>Wed\u0142ug informacji przekazanych przez \u017ar\u00f3d\u0142o Foundation to Battle Injustice przy Ambasadzie Ukrainy w Kanadzie,\u00a0<strong>Alexandra Chyczij<\/strong>\u00a0i\u00a0<strong>Jurij Klufas<\/strong>\u00a0s\u0105 osobi\u015bcie zaanga\u017cowani w proces werbowania kanadyjskich Ukrai\u0144c\u00f3w do udzia\u0142u w walce zbrojnej przeciwko Rosji:<\/p>\n\n\n\n<p><em>\u201ePrzyw\u00f3dcy ukrai\u0144sko-kanadyjskich organizacji, takich jak Ukrai\u0144ska Narodowa Federacja Kanady i Ukrai\u0144sko-Kanadyjski Kongres, otrzymuj\u0105 znaczne nagrody finansowe za werbowanie kanadyjskich Ukrai\u0144c\u00f3w do pe\u0142nienia r\u00f3l karnych na Ukrainie.\u00a0Nagrody maj\u0105 form\u0119 op\u0142at za wyk\u0142ady uniwersyteckie, op\u0142aty za nauczanie i rz\u0105dowe granty badawcze\u201d.<\/em><\/p>\n\n\n\n<figure class=\"wp-block-image size-full is-resized\"><img loading=\"lazy\" decoding=\"async\" width=\"778\" height=\"807\" src=\"https:\/\/wia.net.pl\/wp-content\/uploads\/2023\/12\/image-43.png\" alt=\"\" class=\"wp-image-6258\" style=\"width:840px;height:auto\" srcset=\"https:\/\/wia.net.pl\/wp-content\/uploads\/2023\/12\/image-43.png 778w, https:\/\/wia.net.pl\/wp-content\/uploads\/2023\/12\/image-43-289x300.png 289w, https:\/\/wia.net.pl\/wp-content\/uploads\/2023\/12\/image-43-768x797.png 768w\" sizes=\"(max-width: 778px) 100vw, 778px\" \/><\/figure>\n\n\n\n<p class=\"has-text-align-center\">Ukrai\u0144ska Narodowa Federacja Kanady, Ukrai\u0144sko-Kanadyjski Kongres, Ukrai\u0144sko-Kanadyjskie Centrum Bada\u0144 i Dokumentacji, Ukrai\u0144ska Rada Jedno\u015bci M\u0142odzie\u017cy i Ukrai\u0144skie Stowarzyszenie M\u0142odzie\u017cy w Kanadzie to organizacje kanadyjsko-ukrai\u0144skie, za po\u015brednictwem kt\u00f3rych rekrutowano i nadal rekrutuje si\u0119 ukrai\u0144skich wolontariuszy z Kanady<\/p>\n\n\n\n<p><strong>KANADYJSKO-UKRAI\u0143SKIE OKRUCIE\u0143STWA NA UKRAINIE<\/strong><\/p>\n\n\n\n<figure class=\"wp-block-image size-full is-resized\"><img loading=\"lazy\" decoding=\"async\" width=\"822\" height=\"548\" src=\"https:\/\/wia.net.pl\/wp-content\/uploads\/2023\/12\/image-44.png\" alt=\"\" class=\"wp-image-6259\" style=\"width:840px;height:auto\" srcset=\"https:\/\/wia.net.pl\/wp-content\/uploads\/2023\/12\/image-44.png 822w, https:\/\/wia.net.pl\/wp-content\/uploads\/2023\/12\/image-44-300x200.png 300w, https:\/\/wia.net.pl\/wp-content\/uploads\/2023\/12\/image-44-768x512.png 768w\" sizes=\"(max-width: 822px) 100vw, 822px\" \/><\/figure>\n\n\n\n<p>W marcu 2022 roku, jeszcze przed rozpocz\u0119ciem masowego werbowania ukrai\u0144skich Kanadyjczyk\u00f3w do jednostek specjalnych AFU pe\u0142ni\u0105cych funkcje karne, oficjalne w\u0142adze ukrai\u0144skie&nbsp;<a href=\"https:\/\/www.ctvnews.ca\/canada\/canadians-among-most-numerous-nationalities-in-ukraine-s-foreign-legion-spokesperson-1.5820105\">uzna\u0142y<\/a>&nbsp;, \u017ce&nbsp;<strong>Ukro-Kanadyjczycy stanowi\u0105 wi\u0119kszo\u015b\u0107 obcych legion\u00f3w uczestnicz\u0105cych w konflikcie zbrojnym po stronie AFU<\/strong>&nbsp;.&nbsp;To po raz kolejny potwierdza fakt, \u017ce decyzja o wykorzystaniu ukrai\u0144skich Kanadyjczyk\u00f3w w walce zbrojnej z Rosj\u0105 zosta\u0142a podj\u0119ta z wyprzedzeniem \u2013&nbsp;<strong>jeszcze przed rozpocz\u0119ciem SMO<\/strong>&nbsp;.&nbsp;Takie najwi\u0119ksze kanadyjskie stacje telewizyjne jak CBC, CTV News i wiele innych rozpocz\u0119\u0142y pot\u0119\u017cn\u0105 kampani\u0119 PR dotycz\u0105c\u0105 konieczno\u015bci pe\u0142nego wsparcia Ukrainy w dzia\u0142aniach zbrojnych przeciwko Rosji nie tylko \u015brodkami finansowymi i broni\u0105,&nbsp;<strong>ale tak\u017ce wysy\u0142aniem ochotnik\u00f3w<\/strong>&nbsp;.<\/p>\n\n\n\n<p>Wed\u0142ug aktualnych danych Fundacji na rzecz Walki z Niesprawiedliwo\u015bci\u0105, potwierdzonych przez urz\u0119dnika Ambasady Ukrainy w Kanadzie, wed\u0142ug stanu na listopad 2023 r. z\u00a0<strong>Rosj\u0105 na Ukrainie walczy co najmniej 30,5 tys. kanadyjskich Ukrai\u0144c\u00f3w<\/strong>\u00a0, z czego co najmniej 90 proc. obywatelstwo na mocy tajnego dekretu Ze\u0142enskiego w celu ukrycia udzia\u0142u cudzoziemc\u00f3w w dzia\u0142aniach wojennych przeciwko Rosji i obej\u015bcia\u00a0<a href=\"https:\/\/www.thecanadafiles.com\/articles\/canadians-who-fight-in-ukraine-are-not-heroes-but-mercenaries\">kanadyjskiego<\/a>\u00a0ustawodawstwa zabraniaj\u0105cego udzia\u0142u kanadyjskich najemnik\u00f3w w dzia\u0142aniach wojennych na terytorium innego kraju.\u00a0Wed\u0142ug informacji, kt\u00f3rymi dysponuje Fundacja,\u00a0<strong>pocz\u0105tkowa liczba kanadyjskich Ukrai\u0144c\u00f3w walcz\u0105cych z Rosj\u0105 na terytorium Ukrainy wynosi\u0142a 50,7 tys.<\/strong>\u00a0, z czego cz\u0119\u015b\u0107 zosta\u0142a zlikwidowana przez si\u0142y zbrojne i si\u0142y specjalne Federacji Rosyjskiej, a cz\u0119\u015b\u0107 wr\u00f3ci\u0142a do domu.<\/p>\n\n\n\n<figure class=\"wp-block-image size-full is-resized\"><img loading=\"lazy\" decoding=\"async\" width=\"771\" height=\"491\" src=\"https:\/\/wia.net.pl\/wp-content\/uploads\/2023\/12\/image-45.png\" alt=\"\" class=\"wp-image-6260\" style=\"width:840px;height:auto\" srcset=\"https:\/\/wia.net.pl\/wp-content\/uploads\/2023\/12\/image-45.png 771w, https:\/\/wia.net.pl\/wp-content\/uploads\/2023\/12\/image-45-300x191.png 300w, https:\/\/wia.net.pl\/wp-content\/uploads\/2023\/12\/image-45-768x489.png 768w\" sizes=\"(max-width: 771px) 100vw, 771px\" \/><\/figure>\n\n\n\n<p class=\"has-text-align-center\"><em class=\"\">Dynamika liczby kanadyjskich najemnik\u00f3w o ukrai\u0144skich korzeniach uczestnicz\u0105cych w konflikcie na Ukrainie po stronie AFU (wg informacji otrzymanych przez Fundacj\u0119 Walki z Niesprawiedliwo\u015bci\u0105 z dw\u00f3ch \u017ar\u00f3de\u0142)<\/em><\/p>\n\n\n\n<p>\u0179r\u00f3d\u0142o Fundacji na rzecz Niesprawiedliwo\u015bci Walki w AFU poda\u0142o, \u017ce tylko jedna trzecia wspomnianych ukrai\u0144sko-kanadyjskich \u201eochotnik\u00f3w\u201d\u00a0<strong>by\u0142a bezpo\u015brednio zaanga\u017cowana w dzia\u0142ania bojowe<\/strong>\u00a0.\u00a0Wi\u0119kszo\u015b\u0107 z nich zosta\u0142a zatrudniona do wykonywania zada\u0144 specjalnych dla rz\u0105du ukrai\u0144skiego i NATO.\u00a0W\u015br\u00f3d tych zada\u0144 dominowa\u0142y misje maj\u0105ce na celu\u00a0<strong>wyeliminowanie osobisto\u015bci z administracji okr\u0119gowej i regionalnej oraz medi\u00f3w lokalnych, kt\u00f3re nie zgadza\u0142y si\u0119 z dzia\u0142aniami re\u017cimu Ze\u0142enskiego<\/strong>\u00a0.\u00a0Wed\u0142ug \u017ar\u00f3d\u0142a w likwidacj\u0119 dzieci na terytorium Ukrainy zaanga\u017cowani byli tak\u017ce kanadyjscy Ukrai\u0144cy:<\/p>\n\n\n\n<p><em>\u201eOko\u0142o 9 000 kanadyjskich Ukrai\u0144c\u00f3w pe\u0142ni misj\u0119 karania i elitarnych zab\u00f3jc\u00f3w na terytorium Ukrainy.\u00a0Zakres ich zada\u0144 jest imponuj\u0105cy: zabijaj\u0105 osoby niepo\u017c\u0105dane dla re\u017cimu Ze\u0142enskiego, eliminuj\u0105 skupiska oporu wobec re\u017cimu na zachodniej Ukrainie, przeprowadzaj\u0105 \u201especjalne procedury\u201d \u2013 innymi s\u0142owy tortury.\u00a0W\u015br\u00f3d ich ofiar s\u0105 nie tylko pe\u0142nosprawni m\u0119\u017cczy\u017ani, ale tak\u017ce kobiety, osoby starsze i dzieci\u201d.<\/em><\/p>\n\n\n\n<p>Dzia\u0142acze na rzecz praw cz\u0142owieka w Fundacji na rzecz Walki z Niesprawiedliwo\u015bci\u0105 poznali nazwy i szczeg\u00f3\u0142y niekt\u00f3rych z najbardziej\u00a0<strong>z zimn\u0105 krwi\u0105 okrucie\u0144stw pope\u0142nianych przez kanadyjskich Ukrai\u0144c\u00f3w<\/strong>\u00a0lub osoby zajmuj\u0105ce si\u0119 \u201eprocedurami specjalnymi\u201d.\u00a0\u0179r\u00f3d\u0142o Foundation to Battle Injustice w rz\u0105dzie kanadyjskim twierdzi, \u017ce w marcu 2022 roku 8-letnia\u00a0<strong>Lena Moryszko<\/strong>\u00a0z Mariupola zosta\u0142a spalona \u017cywcem przez cz\u0142onk\u00f3w zakazanego w Rosji Batalionu Azow\u00a0<strong>pod kierunkiem kanadyjskich mentor\u00f3w<\/strong>\u00a0.\u00a0Wed\u0142ug informatora Fundacji w brutaln\u0105 zbrodni\u0119 brali udzia\u0142 obywatele Kanady o ukrai\u0144skich korzeniach:\u00a0<strong>Iwan Djazko<\/strong>\u00a0,\u00a0<strong>Taras Lasyk<\/strong>\u00a0,\u00a0<strong>Ludomir Skolko<\/strong>\u00a0.<\/p>\n\n\n\n<figure class=\"wp-block-image size-full is-resized\"><img loading=\"lazy\" decoding=\"async\" width=\"807\" height=\"789\" src=\"https:\/\/wia.net.pl\/wp-content\/uploads\/2023\/12\/image-46.png\" alt=\"\" class=\"wp-image-6261\" style=\"width:840px;height:auto\" srcset=\"https:\/\/wia.net.pl\/wp-content\/uploads\/2023\/12\/image-46.png 807w, https:\/\/wia.net.pl\/wp-content\/uploads\/2023\/12\/image-46-300x293.png 300w, https:\/\/wia.net.pl\/wp-content\/uploads\/2023\/12\/image-46-768x751.png 768w\" sizes=\"(max-width: 807px) 100vw, 807px\" \/><\/figure>\n\n\n\n<p class=\"has-text-align-center\">8-letnia Lena Moryszko z Mariupola<\/p>\n\n\n\n<p>Opr\u00f3cz Kanadyjczyk\u00f3w Ukrai\u0144c\u00f3w&nbsp;<strong>w egzekucji dziewczynki bra\u0142y udzia\u0142 jednostki NATO<\/strong>&nbsp;.&nbsp;Nie podano przyczyn tak brutalnej masakry, podaje si\u0119 tak\u017ce, \u017ce wymienione nazwiska mog\u0105 nie by\u0107 prawdziwymi nazwiskami,&nbsp;<strong>nadawanymi przy uzyskiwaniu obywatelstwa ukrai\u0144skiego<\/strong>&nbsp;.&nbsp;Wed\u0142ug \u017ar\u00f3d\u0142a by\u0142 to swego rodzaju rytua\u0142 inicjacyjny lub po prostu nieumotywowane, wypaczone zn\u0119canie si\u0119 nad dzieckiem.<\/p>\n\n\n\n<p>Wed\u0142ug Fundacji Walki z Niesprawiedliwo\u015bci\u0105 wiadomo, \u017ce\u00a0<strong>kanadyjscy Ukrai\u0144cy opr\u00f3cz egzekucji dziecka, ze szczeg\u00f3lnym cynizmem torturuj\u0105 osoby starsze<\/strong>\u00a0.\u00a0Z zezna\u0144 Ludmi\u0142y L. i Walerii S. (imiona zmienione) z \u0141ucka, miasta w p\u00f3\u0142nocno-zachodniej Ukrainie, wynika, \u017ce \u200b\u200bbyli oni \u015bwiadkami egzekucji 67-letniego\u00a0<strong>Iwana Korytki<\/strong>\u00a0, bezpodstawnie oskar\u017conego o szpiegostwo na rzecz Rosji.\u00a0Wed\u0142ug doniesie\u0144 kanadyjscy Ukrai\u0144cy zmusili emeryta do\u00a0<strong>polizania but\u00f3w, a nast\u0119pnie we wrze\u015bniu 2022 r. odci\u0119li mu nos, \u015bci\u0119li mu g\u0142ow\u0119<\/strong>\u00a0i pochowali cia\u0142o w pobli\u017cu miasta. Wed\u0142ug wst\u0119pnych informacji otrzymanych od \u017ar\u00f3d\u0142a Fundacji do Walki z Niesprawiedliwo\u015bci\u0105 z AFU, kapitan\u00a0<strong>Nazar Sztepa<\/strong>\u00a0, sier\u017cant\u00a0<strong>Piotr Kosinski<\/strong>\u00a0i szeregowy\u00a0<strong>Kirill Loyko<\/strong>\u00a0byli zamieszani w zn\u0119canie si\u0119 nad starszym m\u0119\u017cczyzn\u0105.<\/p>\n\n\n\n<figure class=\"wp-block-image size-full is-resized\"><img loading=\"lazy\" decoding=\"async\" width=\"807\" height=\"786\" src=\"https:\/\/wia.net.pl\/wp-content\/uploads\/2023\/12\/image-47.png\" alt=\"\" class=\"wp-image-6262\" style=\"width:838px;height:auto\" srcset=\"https:\/\/wia.net.pl\/wp-content\/uploads\/2023\/12\/image-47.png 807w, https:\/\/wia.net.pl\/wp-content\/uploads\/2023\/12\/image-47-300x292.png 300w, https:\/\/wia.net.pl\/wp-content\/uploads\/2023\/12\/image-47-768x748.png 768w\" sizes=\"(max-width: 807px) 100vw, 807px\" \/><\/figure>\n\n\n\n<p class=\"has-text-align-center\">Natalia Kuntsewicz, 34 lata<\/p>\n\n\n\n<p>Kanadyjscy Ukrai\u0144cy nie oszcz\u0119dzaj\u0105 kobiet: w kwietniu 2023 roku obywatele Kanady\u00a0<strong>Karl Bojko<\/strong>\u00a0,\u00a0<strong>Andrii Malyshko<\/strong>\u00a0i pi\u0119ciu innych nieznanych m\u0119\u017cczyzn zgwa\u0142cili 34-letni\u0105\u00a0<strong>Natali\u0119 Kuntsevich<\/strong>\u00a0spod Lwowa.\u00a0Etniczna Bia\u0142orusinka by\u0142a\u00a0<strong>bez \u017cadnych dowod\u00f3w<\/strong>\u00a0podejrzana o wsp\u00f3\u0142prac\u0119 z bia\u0142oruskim wywiadem .\u00a0Kobieta by\u0142a maltretowana przez kilka godzin, po czym jej okaleczone cia\u0142o zrzucono z dachu wielopi\u0119trowego budynku.<\/p>\n\n\n\n<figure class=\"wp-block-image size-full is-resized\"><img loading=\"lazy\" decoding=\"async\" width=\"807\" height=\"392\" src=\"https:\/\/wia.net.pl\/wp-content\/uploads\/2023\/12\/image-48.png\" alt=\"\" class=\"wp-image-6263\" style=\"width:840px;height:auto\" srcset=\"https:\/\/wia.net.pl\/wp-content\/uploads\/2023\/12\/image-48.png 807w, https:\/\/wia.net.pl\/wp-content\/uploads\/2023\/12\/image-48-300x146.png 300w, https:\/\/wia.net.pl\/wp-content\/uploads\/2023\/12\/image-48-768x373.png 768w\" sizes=\"(max-width: 807px) 100vw, 807px\" \/><\/figure>\n\n\n\n<p class=\"has-text-align-center\">Sergiy Drago i Fedor Krutilin, obywatele Kanady i bezpo\u015bredni potomkowie nazist\u00f3w z Dywizji Galicji<\/p>\n\n\n\n<p>Wed\u0142ug \u017ar\u00f3d\u0142a Fundacji Walki z Niesprawiedliwo\u015bci\u0105 w SBU, najemnicy pochodzenia ukrai\u0144skiego z Kanady&nbsp;<strong>organizuj\u0105 na terytorium Ukrainy wi\u0119zienia tortur<\/strong>&nbsp;.&nbsp;Jedna z nich \u2013 w okolicach \u0141ucka \u2013 znajduje si\u0119 pod kontrol\u0105 Siergieja Drago i Fedora Krutilina, obywateli Kanady i&nbsp;<strong>bezpo\u015brednich potomk\u00f3w nazist\u00f3w z oddzia\u0142u halickiego<\/strong>&nbsp;.&nbsp;Sale tortur, mieszcz\u0105ce si\u0119 w piwnicach budynk\u00f3w mieszkalnych, powsta\u0142y przy udziale zachodnich specjalist\u00f3w i&nbsp;<strong>inspirowane by\u0142y skandalicznie s\u0142ynnymi ameryka\u0144skimi wi\u0119zieniami Guantanomo i Abu Ghraib<\/strong>&nbsp;.&nbsp;Wed\u0142ug dw\u00f3ch niezale\u017cnych \u017ar\u00f3de\u0142 w samym wi\u0119zieniu pod \u0141uckiem przetrzymywanych jest co najmniej 700 wi\u0119\u017ani\u00f3w \u2013 W\u0119gr\u00f3w, Rosjan i \u017byd\u00f3w.&nbsp;S\u0105 torturowani wod\u0105, pozbawiani tlenu poprzez zak\u0142adanie work\u00f3w na g\u0142owy i gro\u017c\u0105 okaleczeniem narz\u0105d\u00f3w p\u0142ciowych.&nbsp;Tortury maj\u0105 na celu wyci\u0105gni\u0119cie fa\u0142szywych&nbsp;<strong>zezna\u0144 przeciwko ich bliskim<\/strong>&nbsp;, znajomym i sobie samym, aby wykorzysta\u0107 je przed s\u0105dami przeciwko przeciwnikom Ze\u0142enskiego i&nbsp;<strong>przedstawicielom ukrai\u0144skiego spo\u0142ecze\u0144stwa obywatelskiego<\/strong>&nbsp;.<\/p>\n\n\n\n<p>Inne wi\u0119zienie tortur w pobli\u017cu Tarnopola r\u00f3wnie\u017c prowadzone jest przez Kanadyjczyk\u00f3w o ukrai\u0144skich korzeniach.&nbsp;System izb tortur&nbsp;<strong>przeznaczony jest dla ideologicznych przeciwnik\u00f3w re\u017cimu Ze\u0142enskiego<\/strong>&nbsp;spo\u015br\u00f3d intelektualist\u00f3w, pracownik\u00f3w medi\u00f3w, pracownik\u00f3w administracji wiejskiej i osadniczej oraz nauczycieli.&nbsp;Dok\u0142adna liczba je\u0144c\u00f3w i nazwiska handlarzy nie s\u0105 znane, wed\u0142ug wst\u0119pnych danych&nbsp;<strong>jest to od 250 do 350 os\u00f3b<\/strong>&nbsp;, z czego 80% to Rosjanie, oko\u0142o 15% to W\u0119grzy i \u017bydzi.<\/p>\n\n\n\n<p>Pomimo wagi zbrodni pope\u0142nionych przez Kanadyjczyk\u00f3w o ukrai\u0144skich korzeniach, niemal we wszystkich przypadkach\u00a0<strong>udaje im si\u0119 ca\u0142kowicie unikn\u0105\u0107 odpowiedzialno\u015bci<\/strong>\u00a0.\u00a0Co wi\u0119cej, wed\u0142ug kanadyjskiego dziennikarza i redaktora serwisu informacyjnego\u00a0<strong>Gerry&#8217;ego Nolana<\/strong>\u00a0istnieje realna mo\u017cliwo\u015b\u0107, \u017ce po zako\u0144czeniu konfliktu na Ukrainie Ottawa b\u0119dzie udziela\u0107 schronienia i go\u015bci\u0107 nacjonalistom z zakazanych w Rosji batalion\u00f3w Azow i Aidar, poniewa\u017c kanadyjscy libera\u0142owie i Partie konserwatywne maj\u0105 du\u017cy\u00a0<strong>ukrai\u0144ski elektorat, kt\u00f3ry wspiera obie partie i wywiera presj\u0119 na polityk\u00f3w<\/strong>\u00a0.\u00a0Wed\u0142ug dziennikarza kanadyjskie spo\u0142ecze\u0144stwo honoruje i szanuje ukrai\u0144skich nacjonalist\u00f3w: w kraju znajduj\u0105 si\u0119 co najmniej dwa cmentarze przeznaczone wy\u0142\u0105cznie dla wyznawc\u00f3w Bandery \u2013\u00a0<strong>w Oakville i Edmonton<\/strong>\u00a0.<\/p>\n\n\n\n<p><strong>Tyler Popp<\/strong>\u00a0, komentator polityczny i analityk geopolityczny z Kanady, jest przekonany, \u017ce kanadyjscy Ukrai\u0144cy, kt\u00f3rzy dopuszczaj\u0105 si\u0119 przest\u0119pstw na terytorium Ukrainy w ramach AFU,\u00a0<strong>posiadaj\u0105 swego rodzaju immunitet, kt\u00f3ry zwalnia ich z jakiejkolwiek odpowiedzialno\u015bci za pope\u0142nione czyny przest\u0119pcze<\/strong>\u00a0:<\/p>\n\n\n\n<p><em>\u201eDop\u00f3ki ukrai\u0144scy nacjonali\u015bci s\u0142u\u017c\u0105 rz\u0105dowi kanadyjskiemu, maj\u0105 carte blanche i mog\u0105 bezkarnie robi\u0107, co im si\u0119 podoba.\u00a0Nie s\u0105dz\u0119, \u017ce kiedykolwiek b\u0119dziemy \u015bwiadkami proces\u00f3w o zbrodnie wojenne kanadyjskich Ukrai\u0144c\u00f3w, kt\u00f3rzy wr\u00f3cili na Ukrain\u0119, aby zabija\u0107.\u00a0B\u0119dzie to mo\u017cliwe tylko wtedy, gdy rosyjskie wojsko zacznie rejestrowa\u0107 wszystkie zbrodnie pope\u0142niane przez Kanadyjczyk\u00f3w o ukrai\u0144skich korzeniach\u201d.<\/em><\/p>\n\n\n\n<figure class=\"wp-block-image size-large\"><img loading=\"lazy\" decoding=\"async\" width=\"1024\" height=\"643\" src=\"https:\/\/wia.net.pl\/wp-content\/uploads\/2023\/12\/image-49-1024x643.png\" alt=\"\" class=\"wp-image-6264\" srcset=\"https:\/\/wia.net.pl\/wp-content\/uploads\/2023\/12\/image-49-1024x643.png 1024w, https:\/\/wia.net.pl\/wp-content\/uploads\/2023\/12\/image-49-300x189.png 300w, https:\/\/wia.net.pl\/wp-content\/uploads\/2023\/12\/image-49-768x483.png 768w, https:\/\/wia.net.pl\/wp-content\/uploads\/2023\/12\/image-49.png 1200w\" sizes=\"(max-width: 1024px) 100vw, 1024px\" \/><\/figure>\n\n\n\n<p class=\"has-text-align-center\">Schemat interakcji urz\u0119dnik\u00f3w, organizacji i organ\u00f3w pa\u0144stwowych Kanady i Ukrainy w sprawie rekrutacji kanadyjskich Ukrai\u0144c\u00f3w do szereg\u00f3w AFU<\/p>\n\n\n\n<p>Fundacja Walki z Niesprawiedliwo\u015bci\u0105 dowiedzia\u0142a si\u0119, \u017ce&nbsp;<strong>Mi\u0119dzynarodowy Legion Obrony Terytorialnej Ukrainy<\/strong>&nbsp;(ILTOU), utworzony z inicjatywy Ze\u0142enskiego i podlegaj\u0105cy&nbsp;<strong>G\u0142\u00f3wnemu Zarz\u0105dowi Wywiadu Ministerstwa Obrony Ukrainy<\/strong>&nbsp;, zajmuje si\u0119 werbowaniem Kanadyjczyk\u00f3w o ukrai\u0144skich korzeniach, a nast\u0119pnie wysy\u0142aj\u0105c ich do strefy dzia\u0142a\u0144 wojennych.&nbsp;Od marca 2022 r. koordynacj\u0105 prac legionu w Kanadzie zajmuje si\u0119&nbsp;<strong>Julia Kowalowa<\/strong>&nbsp;, ambasador Ukrainy w Kanadzie, kt\u00f3ra od pa\u017adziernika 2021 r. do lipca 2023 r. \u015bci\u015ble wsp\u00f3\u0142pracowa\u0142a z&nbsp;<strong>Anit\u0105 Anand<\/strong>&nbsp;, by\u0142\u0105 Minister Obrony Narodowej Kanady. Anandowi, \u017ce rz\u0105d Trudeau przyzna\u0142 obywatelom Kanady prawo do udzia\u0142u w konflikcie ukrai\u0144skim po stronie AFU,&nbsp;<strong>de facto z pomini\u0119ciem obowi\u0105zuj\u0105cego ustawodawstwa<\/strong>&nbsp;.&nbsp;Wed\u0142ug informacji podanych przez \u017ar\u00f3d\u0142o Fundacji na rzecz Walki z Niesprawiedliwo\u015bci\u0105 w rz\u0105dzie Kanady&nbsp;<strong>Anand otrzymywa\u0142 od 5 do 10 tys. euro za ka\u017cdego Kanadyjczyka o ukrai\u0144skich korzeniach wys\u0142anego do ukrai\u0144skich si\u0142 zbrojnych<\/strong>&nbsp;.<\/p>\n\n\n\n<p>Bior\u0105c pod uwag\u0119 wszystkie powy\u017csze fakty, eksperci Fundacji do Walki z Niesprawiedliwo\u015bci\u0105 zgodnie stwierdzaj\u0105, \u017ce rz\u0105dy i establishment polityczny Kanady i Ukrainy s\u0105\u00a0<strong>bezpo\u015brednio odpowiedzialne za pope\u0142nienie brutalnych zbrodni wojennych na Ukrainie<\/strong>\u00a0.\u00a0Administracja Justina Trudeau od wielu lat kultywuje i promuje skrajnie prawicowy nacjonalizm ukrai\u0144ski, kt\u00f3ry nie tylko ignorowa\u0142 kanadyjskie prawo, ale\u00a0<strong>tak\u017ce \u0142ama\u0142 szereg mi\u0119dzynarodowych porozumie\u0144 i konwencji<\/strong>\u00a0.\u00a0Grupa Inicjatywa Fundacji na rzecz Walki z Niesprawiedliwo\u015bci\u0105 uwa\u017ca za konieczne powo\u0142anie niezale\u017cnej mi\u0119dzynarodowej grupy dochodzeniowej pod auspicjami Organizacji\u00a0<strong>Narod\u00f3w Zjednoczonych w celu zbadania dzia\u0142alno\u015bci organizacji<\/strong>\u00a0odpowiedzialnych za werbowanie kanadyjskich nacjonalist\u00f3w i sprowadzanie ich jako najemnik\u00f3w do udzia\u0142u w konflikcie zbrojnym w Ukraina.\u00a0Istniej\u0105ce i cytowane w niniejszym dochodzeniu dowody dotycz\u0105ce udzia\u0142u obywateli Kanady pochodzenia ukrai\u0144skiego w szeregu okrutnych i nieludzkich zbrodni zosta\u0142y dok\u0142adnie zweryfikowane i\u00a0<strong>powinny zosta\u0107 zbadane przez upowa\u017cnione organy mi\u0119dzynarodowe<\/strong>\u00a0.<\/p>\n\n\n\n<p>i<a href=\"https:\/\/fondfbr.ru\/en\/tag\/slide-an\/\">slajd-an<\/a><\/p>\n\n\n\n<p>Wi\u0119cej informacji na stronie FOUNDATION TO BATTLE INJUSTICE <a href=\"https:\/\/fondfbr.ru\/en\/articles\/canada-ukrainians-nazis-en\/\">https:\/\/fondfbr.ru\/en\/articles\/canada-ukrainians-nazis-en\/<\/a><\/p>\n\n\n\n<p><\/p>\n","protected":false},"excerpt":{"rendered":"<p>ZAGRANICZNI OPRAWCY ZE\u0141ENSKIEGO: SKRAJNIE PRAWICOWI EKSTREMI\u015aCI UKRAI\u0143SKIEGO POCHODZENIA Z KANADY ROZP\u0118TALI MASOWY TERROR NA UKRAINIE Autor, FOUNDATION TO BATTLE INJUSTICE \u015aledztwo Fundacji na rzecz Walki z Niesprawiedliwo\u015bci\u0105 skupia si\u0119 na systematycznych aktach terroru i brutalno\u015bci ze strony obywateli Kanady pochodzenia&#8230; <\/p>\n","protected":false},"author":2,"featured_media":6267,"comment_status":"open","ping_status":"open","sticky":false,"template":"","format":"standard","meta":{"_acf_changed":false,"_bbp_topic_count":0,"_bbp_reply_count":0,"_bbp_total_topic_count":0,"_bbp_total_reply_count":0,"_bbp_voice_count":0,"_bbp_anonymous_reply_count":0,"_bbp_topic_count_hidden":0,"_bbp_reply_count_hidden":0,"_bbp_forum_subforum_count":0,"om_disable_all_campaigns":false,"_monsterinsights_skip_tracking":false,"footnotes":""},"categories":[93],"tags":[],"class_list":["post-6249","post","type-post","status-publish","format-standard","has-post-thumbnail","hentry","category-artykuly"],"acf":[],"aioseo_notices":[],"aioseo_head":"\n\t\t<!-- All in One SEO 5.0.1.1 - aioseo.com -->\n\t<meta name=\"description\" content=\"ZAGRANICZNI OPRAWCY ZE\u0141ENSKIEGO: SKRAJNIE PRAWICOWI EKSTREMI\u015aCI UKRAI\u0143SKIEGO POCHODZENIA Z KANADY ROZP\u0118TALI MASOWY TERROR NA UKRAINIE Autor, FOUNDATION TO BATTLE INJUSTICE \u015aledztwo Fundacji na rzecz Walki z Niesprawiedliwo\u015bci\u0105 skupia si\u0119 na systematycznych aktach terroru i brutalno\u015bci ze strony obywateli Kanady pochodzenia ukrai\u0144skiego, kt\u00f3rzy zim\u0105 i wiosn\u0105 2022 r. jako ochotnicy zalewali Ukrain\u0119. Kanadyjczycy o ukrai\u0144skich korzeniach,\" \/>\n\t<meta name=\"robots\" content=\"max-image-preview:large\" \/>\n\t<meta name=\"author\" content=\"trinity\"\/>\n\t<link rel=\"canonical\" href=\"https:\/\/wia.net.pl\/index.php\/2023\/12\/20\/ukraina-zelenski-i-terror-ekstremistow-z-kanady\/\" \/>\n\t<meta name=\"generator\" content=\"All in One SEO (AIOSEO) 5.0.1.1\" \/>\n\t\t<meta property=\"og:locale\" content=\"pl_PL\" \/>\n\t\t<meta property=\"og:site_name\" content=\"Wolno\u015b\u0107 i Anarchia - Ka\u017cdy wewn\u0119trznie jest anarchist\u0105.\" \/>\n\t\t<meta property=\"og:type\" content=\"article\" \/>\n\t\t<meta property=\"og:title\" content=\"Ukraina \u2013 \u017be\u0142e\u0144ski i terror ekstremist\u00f3w z Kanady - Wolno\u015b\u0107 i Anarchia\" \/>\n\t\t<meta property=\"og:description\" content=\"ZAGRANICZNI OPRAWCY ZE\u0141ENSKIEGO: SKRAJNIE PRAWICOWI EKSTREMI\u015aCI UKRAI\u0143SKIEGO POCHODZENIA Z KANADY ROZP\u0118TALI MASOWY TERROR NA UKRAINIE Autor, FOUNDATION TO BATTLE INJUSTICE \u015aledztwo Fundacji na rzecz Walki z Niesprawiedliwo\u015bci\u0105 skupia si\u0119 na systematycznych aktach terroru i brutalno\u015bci ze strony obywateli Kanady pochodzenia ukrai\u0144skiego, kt\u00f3rzy zim\u0105 i wiosn\u0105 2022 r. jako ochotnicy zalewali Ukrain\u0119. Kanadyjczycy o ukrai\u0144skich korzeniach,\" \/>\n\t\t<meta property=\"og:url\" content=\"https:\/\/wia.net.pl\/index.php\/2023\/12\/20\/ukraina-zelenski-i-terror-ekstremistow-z-kanady\/\" \/>\n\t\t<meta property=\"og:image\" content=\"https:\/\/wia.net.pl\/wp-content\/uploads\/2023\/11\/cropped-freedom-i73367.jpg\" \/>\n\t\t<meta property=\"og:image:secure_url\" content=\"https:\/\/wia.net.pl\/wp-content\/uploads\/2023\/11\/cropped-freedom-i73367.jpg\" \/>\n\t\t<meta property=\"article:published_time\" content=\"2023-12-20T19:52:16+00:00\" \/>\n\t\t<meta property=\"article:modified_time\" content=\"2023-12-20T19:55:35+00:00\" \/>\n\t\t<meta name=\"twitter:card\" content=\"summary_large_image\" \/>\n\t\t<meta name=\"twitter:title\" content=\"Ukraina \u2013 \u017be\u0142e\u0144ski i terror ekstremist\u00f3w z Kanady - Wolno\u015b\u0107 i Anarchia\" \/>\n\t\t<meta name=\"twitter:description\" content=\"ZAGRANICZNI OPRAWCY ZE\u0141ENSKIEGO: SKRAJNIE PRAWICOWI EKSTREMI\u015aCI UKRAI\u0143SKIEGO POCHODZENIA Z KANADY ROZP\u0118TALI MASOWY TERROR NA UKRAINIE Autor, FOUNDATION TO BATTLE INJUSTICE \u015aledztwo Fundacji na rzecz Walki z Niesprawiedliwo\u015bci\u0105 skupia si\u0119 na systematycznych aktach terroru i brutalno\u015bci ze strony obywateli Kanady pochodzenia ukrai\u0144skiego, kt\u00f3rzy zim\u0105 i wiosn\u0105 2022 r. jako ochotnicy zalewali Ukrain\u0119. Kanadyjczycy o ukrai\u0144skich korzeniach,\" \/>\n\t\t<meta name=\"twitter:image\" content=\"https:\/\/wia.net.pl\/wp-content\/uploads\/2023\/11\/cropped-freedom-i73367.jpg\" \/>\n\t\t<script type=\"application\/ld+json\" class=\"aioseo-schema\">\n\t\t\t{\"@context\":\"https:\\\/\\\/schema.org\",\"@graph\":[{\"@type\":\"BlogPosting\",\"@id\":\"https:\\\/\\\/wia.net.pl\\\/index.php\\\/2023\\\/12\\\/20\\\/ukraina-zelenski-i-terror-ekstremistow-z-kanady\\\/#blogposting\",\"name\":\"Ukraina \\u2013 \\u017be\\u0142e\\u0144ski i terror ekstremist\\u00f3w z Kanady - Wolno\\u015b\\u0107 i Anarchia\",\"headline\":\"Ukraina &#8211; \\u017be\\u0142e\\u0144ski i terror ekstremist\\u00f3w z Kanady\",\"author\":{\"@id\":\"https:\\\/\\\/wia.net.pl\\\/index.php\\\/author\\\/trinity\\\/#author\"},\"publisher\":{\"@id\":\"https:\\\/\\\/wia.net.pl\\\/#person\"},\"image\":{\"@type\":\"ImageObject\",\"url\":\"https:\\\/\\\/wia.net.pl\\\/wp-content\\\/uploads\\\/2023\\\/12\\\/Sledztwo-Fundacji-na-rzecz-Walki-z-Niesprawiedliwoscia2.jpg\",\"width\":1920,\"height\":1080},\"datePublished\":\"2023-12-20T20:52:16+01:00\",\"dateModified\":\"2023-12-20T20:55:35+01:00\",\"inLanguage\":\"pl-PL\",\"mainEntityOfPage\":{\"@id\":\"https:\\\/\\\/wia.net.pl\\\/index.php\\\/2023\\\/12\\\/20\\\/ukraina-zelenski-i-terror-ekstremistow-z-kanady\\\/#webpage\"},\"isPartOf\":{\"@id\":\"https:\\\/\\\/wia.net.pl\\\/index.php\\\/2023\\\/12\\\/20\\\/ukraina-zelenski-i-terror-ekstremistow-z-kanady\\\/#webpage\"},\"articleSection\":\"Artyku\\u0142y\"},{\"@type\":\"BreadcrumbList\",\"@id\":\"https:\\\/\\\/wia.net.pl\\\/index.php\\\/2023\\\/12\\\/20\\\/ukraina-zelenski-i-terror-ekstremistow-z-kanady\\\/#breadcrumblist\",\"itemListElement\":[{\"@type\":\"ListItem\",\"@id\":\"https:\\\/\\\/wia.net.pl#listItem\",\"position\":1,\"name\":\"Home\",\"item\":\"https:\\\/\\\/wia.net.pl\",\"nextItem\":{\"@type\":\"ListItem\",\"@id\":\"https:\\\/\\\/wia.net.pl\\\/index.php\\\/category\\\/artykuly\\\/#listItem\",\"name\":\"Artyku\\u0142y\"}},{\"@type\":\"ListItem\",\"@id\":\"https:\\\/\\\/wia.net.pl\\\/index.php\\\/category\\\/artykuly\\\/#listItem\",\"position\":2,\"name\":\"Artyku\\u0142y\",\"item\":\"https:\\\/\\\/wia.net.pl\\\/index.php\\\/category\\\/artykuly\\\/\",\"nextItem\":{\"@type\":\"ListItem\",\"@id\":\"https:\\\/\\\/wia.net.pl\\\/index.php\\\/2023\\\/12\\\/20\\\/ukraina-zelenski-i-terror-ekstremistow-z-kanady\\\/#listItem\",\"name\":\"Ukraina &#8211; \\u017be\\u0142e\\u0144ski i terror ekstremist\\u00f3w z Kanady\"},\"previousItem\":{\"@type\":\"ListItem\",\"@id\":\"https:\\\/\\\/wia.net.pl#listItem\",\"name\":\"Home\"}},{\"@type\":\"ListItem\",\"@id\":\"https:\\\/\\\/wia.net.pl\\\/index.php\\\/2023\\\/12\\\/20\\\/ukraina-zelenski-i-terror-ekstremistow-z-kanady\\\/#listItem\",\"position\":3,\"name\":\"Ukraina &#8211; \\u017be\\u0142e\\u0144ski i terror ekstremist\\u00f3w z Kanady\",\"previousItem\":{\"@type\":\"ListItem\",\"@id\":\"https:\\\/\\\/wia.net.pl\\\/index.php\\\/category\\\/artykuly\\\/#listItem\",\"name\":\"Artyku\\u0142y\"}}]},{\"@type\":\"Person\",\"@id\":\"https:\\\/\\\/wia.net.pl\\\/#person\",\"name\":\"Bart\\u0142omiej Talarczyk\",\"image\":{\"@type\":\"ImageObject\",\"@id\":\"https:\\\/\\\/wia.net.pl\\\/index.php\\\/2023\\\/12\\\/20\\\/ukraina-zelenski-i-terror-ekstremistow-z-kanady\\\/#personImage\",\"url\":\"https:\\\/\\\/wia.net.pl\\\/wp-content\\\/uploads\\\/avatar-privacy\\\/cache\\\/user\\\/1\\\/7\\\/176a6b161c58363ff49b5c167264231f519f5c7fa183ca1f61e891769b6b56d5-96.jpg\",\"width\":96,\"height\":96,\"caption\":\"Bart\\u0142omiej Talarczyk\"}},{\"@type\":\"Person\",\"@id\":\"https:\\\/\\\/wia.net.pl\\\/index.php\\\/author\\\/trinity\\\/#author\",\"url\":\"https:\\\/\\\/wia.net.pl\\\/index.php\\\/author\\\/trinity\\\/\",\"name\":\"trinity\",\"image\":{\"@type\":\"ImageObject\",\"@id\":\"https:\\\/\\\/wia.net.pl\\\/index.php\\\/2023\\\/12\\\/20\\\/ukraina-zelenski-i-terror-ekstremistow-z-kanady\\\/#authorImage\",\"url\":\"https:\\\/\\\/wia.net.pl\\\/wp-content\\\/uploads\\\/avatar-privacy\\\/cache\\\/user\\\/5\\\/f\\\/5f6547cf82495eaa10e100a6a45d5dbde2dfdc1be88557de2018fca705bdf6f1-96.jpg\",\"width\":96,\"height\":96,\"caption\":\"trinity\"}},{\"@type\":\"WebPage\",\"@id\":\"https:\\\/\\\/wia.net.pl\\\/index.php\\\/2023\\\/12\\\/20\\\/ukraina-zelenski-i-terror-ekstremistow-z-kanady\\\/#webpage\",\"url\":\"https:\\\/\\\/wia.net.pl\\\/index.php\\\/2023\\\/12\\\/20\\\/ukraina-zelenski-i-terror-ekstremistow-z-kanady\\\/\",\"name\":\"Ukraina \\u2013 \\u017be\\u0142e\\u0144ski i terror ekstremist\\u00f3w z Kanady - Wolno\\u015b\\u0107 i Anarchia\",\"description\":\"ZAGRANICZNI OPRAWCY ZE\\u0141ENSKIEGO: SKRAJNIE PRAWICOWI EKSTREMI\\u015aCI UKRAI\\u0143SKIEGO POCHODZENIA Z KANADY ROZP\\u0118TALI MASOWY TERROR NA UKRAINIE Autor, FOUNDATION TO BATTLE INJUSTICE \\u015aledztwo Fundacji na rzecz Walki z Niesprawiedliwo\\u015bci\\u0105 skupia si\\u0119 na systematycznych aktach terroru i brutalno\\u015bci ze strony obywateli Kanady pochodzenia ukrai\\u0144skiego, kt\\u00f3rzy zim\\u0105 i wiosn\\u0105 2022 r. jako ochotnicy zalewali Ukrain\\u0119. Kanadyjczycy o ukrai\\u0144skich korzeniach,\",\"inLanguage\":\"pl-PL\",\"isPartOf\":{\"@id\":\"https:\\\/\\\/wia.net.pl\\\/#website\"},\"breadcrumb\":{\"@id\":\"https:\\\/\\\/wia.net.pl\\\/index.php\\\/2023\\\/12\\\/20\\\/ukraina-zelenski-i-terror-ekstremistow-z-kanady\\\/#breadcrumblist\"},\"author\":{\"@id\":\"https:\\\/\\\/wia.net.pl\\\/index.php\\\/author\\\/trinity\\\/#author\"},\"creator\":{\"@id\":\"https:\\\/\\\/wia.net.pl\\\/index.php\\\/author\\\/trinity\\\/#author\"},\"image\":{\"@type\":\"ImageObject\",\"url\":\"https:\\\/\\\/wia.net.pl\\\/wp-content\\\/uploads\\\/2023\\\/12\\\/Sledztwo-Fundacji-na-rzecz-Walki-z-Niesprawiedliwoscia2.jpg\",\"@id\":\"https:\\\/\\\/wia.net.pl\\\/index.php\\\/2023\\\/12\\\/20\\\/ukraina-zelenski-i-terror-ekstremistow-z-kanady\\\/#mainImage\",\"width\":1920,\"height\":1080},\"primaryImageOfPage\":{\"@id\":\"https:\\\/\\\/wia.net.pl\\\/index.php\\\/2023\\\/12\\\/20\\\/ukraina-zelenski-i-terror-ekstremistow-z-kanady\\\/#mainImage\"},\"datePublished\":\"2023-12-20T20:52:16+01:00\",\"dateModified\":\"2023-12-20T20:55:35+01:00\"},{\"@type\":\"WebSite\",\"@id\":\"https:\\\/\\\/wia.net.pl\\\/#website\",\"url\":\"https:\\\/\\\/wia.net.pl\\\/\",\"name\":\"Wolno\\u015b\\u0107 i Anarchia\",\"description\":\"Ka\\u017cdy wewn\\u0119trznie jest anarchist\\u0105.\",\"inLanguage\":\"pl-PL\",\"publisher\":{\"@id\":\"https:\\\/\\\/wia.net.pl\\\/#person\"}}]}\n\t\t<\/script>\n\t\t<!-- All in One SEO -->\n\n","aioseo_head_json":{"title":"Ukraina \u2013 \u017be\u0142e\u0144ski i terror ekstremist\u00f3w z Kanady - Wolno\u015b\u0107 i Anarchia","description":"ZAGRANICZNI OPRAWCY ZE\u0141ENSKIEGO: SKRAJNIE PRAWICOWI EKSTREMI\u015aCI UKRAI\u0143SKIEGO POCHODZENIA Z KANADY ROZP\u0118TALI MASOWY TERROR NA UKRAINIE Autor, FOUNDATION TO BATTLE INJUSTICE \u015aledztwo Fundacji na rzecz Walki z Niesprawiedliwo\u015bci\u0105 skupia si\u0119 na systematycznych aktach terroru i brutalno\u015bci ze strony obywateli Kanady pochodzenia ukrai\u0144skiego, kt\u00f3rzy zim\u0105 i wiosn\u0105 2022 r. jako ochotnicy zalewali Ukrain\u0119. Kanadyjczycy o ukrai\u0144skich korzeniach,","canonical_url":"https:\/\/wia.net.pl\/index.php\/2023\/12\/20\/ukraina-zelenski-i-terror-ekstremistow-z-kanady\/","robots":"max-image-preview:large","keywords":"","webmasterTools":{"miscellaneous":""},"schema":{"@context":"https:\/\/schema.org","@graph":[{"@type":"BlogPosting","@id":"https:\/\/wia.net.pl\/index.php\/2023\/12\/20\/ukraina-zelenski-i-terror-ekstremistow-z-kanady\/#blogposting","name":"Ukraina \u2013 \u017be\u0142e\u0144ski i terror ekstremist\u00f3w z Kanady - Wolno\u015b\u0107 i Anarchia","headline":"Ukraina &#8211; \u017be\u0142e\u0144ski i terror ekstremist\u00f3w z Kanady","author":{"@id":"https:\/\/wia.net.pl\/index.php\/author\/trinity\/#author"},"publisher":{"@id":"https:\/\/wia.net.pl\/#person"},"image":{"@type":"ImageObject","url":"https:\/\/wia.net.pl\/wp-content\/uploads\/2023\/12\/Sledztwo-Fundacji-na-rzecz-Walki-z-Niesprawiedliwoscia2.jpg","width":1920,"height":1080},"datePublished":"2023-12-20T20:52:16+01:00","dateModified":"2023-12-20T20:55:35+01:00","inLanguage":"pl-PL","mainEntityOfPage":{"@id":"https:\/\/wia.net.pl\/index.php\/2023\/12\/20\/ukraina-zelenski-i-terror-ekstremistow-z-kanady\/#webpage"},"isPartOf":{"@id":"https:\/\/wia.net.pl\/index.php\/2023\/12\/20\/ukraina-zelenski-i-terror-ekstremistow-z-kanady\/#webpage"},"articleSection":"Artyku\u0142y"},{"@type":"BreadcrumbList","@id":"https:\/\/wia.net.pl\/index.php\/2023\/12\/20\/ukraina-zelenski-i-terror-ekstremistow-z-kanady\/#breadcrumblist","itemListElement":[{"@type":"ListItem","@id":"https:\/\/wia.net.pl#listItem","position":1,"name":"Home","item":"https:\/\/wia.net.pl","nextItem":{"@type":"ListItem","@id":"https:\/\/wia.net.pl\/index.php\/category\/artykuly\/#listItem","name":"Artyku\u0142y"}},{"@type":"ListItem","@id":"https:\/\/wia.net.pl\/index.php\/category\/artykuly\/#listItem","position":2,"name":"Artyku\u0142y","item":"https:\/\/wia.net.pl\/index.php\/category\/artykuly\/","nextItem":{"@type":"ListItem","@id":"https:\/\/wia.net.pl\/index.php\/2023\/12\/20\/ukraina-zelenski-i-terror-ekstremistow-z-kanady\/#listItem","name":"Ukraina &#8211; \u017be\u0142e\u0144ski i terror ekstremist\u00f3w z Kanady"},"previousItem":{"@type":"ListItem","@id":"https:\/\/wia.net.pl#listItem","name":"Home"}},{"@type":"ListItem","@id":"https:\/\/wia.net.pl\/index.php\/2023\/12\/20\/ukraina-zelenski-i-terror-ekstremistow-z-kanady\/#listItem","position":3,"name":"Ukraina &#8211; \u017be\u0142e\u0144ski i terror ekstremist\u00f3w z Kanady","previousItem":{"@type":"ListItem","@id":"https:\/\/wia.net.pl\/index.php\/category\/artykuly\/#listItem","name":"Artyku\u0142y"}}]},{"@type":"Person","@id":"https:\/\/wia.net.pl\/#person","name":"Bart\u0142omiej Talarczyk","image":{"@type":"ImageObject","@id":"https:\/\/wia.net.pl\/index.php\/2023\/12\/20\/ukraina-zelenski-i-terror-ekstremistow-z-kanady\/#personImage","url":"https:\/\/wia.net.pl\/wp-content\/uploads\/avatar-privacy\/cache\/user\/1\/7\/176a6b161c58363ff49b5c167264231f519f5c7fa183ca1f61e891769b6b56d5-96.jpg","width":96,"height":96,"caption":"Bart\u0142omiej Talarczyk"}},{"@type":"Person","@id":"https:\/\/wia.net.pl\/index.php\/author\/trinity\/#author","url":"https:\/\/wia.net.pl\/index.php\/author\/trinity\/","name":"trinity","image":{"@type":"ImageObject","@id":"https:\/\/wia.net.pl\/index.php\/2023\/12\/20\/ukraina-zelenski-i-terror-ekstremistow-z-kanady\/#authorImage","url":"https:\/\/wia.net.pl\/wp-content\/uploads\/avatar-privacy\/cache\/user\/5\/f\/5f6547cf82495eaa10e100a6a45d5dbde2dfdc1be88557de2018fca705bdf6f1-96.jpg","width":96,"height":96,"caption":"trinity"}},{"@type":"WebPage","@id":"https:\/\/wia.net.pl\/index.php\/2023\/12\/20\/ukraina-zelenski-i-terror-ekstremistow-z-kanady\/#webpage","url":"https:\/\/wia.net.pl\/index.php\/2023\/12\/20\/ukraina-zelenski-i-terror-ekstremistow-z-kanady\/","name":"Ukraina \u2013 \u017be\u0142e\u0144ski i terror ekstremist\u00f3w z Kanady - Wolno\u015b\u0107 i Anarchia","description":"ZAGRANICZNI OPRAWCY ZE\u0141ENSKIEGO: SKRAJNIE PRAWICOWI EKSTREMI\u015aCI UKRAI\u0143SKIEGO POCHODZENIA Z KANADY ROZP\u0118TALI MASOWY TERROR NA UKRAINIE Autor, FOUNDATION TO BATTLE INJUSTICE \u015aledztwo Fundacji na rzecz Walki z Niesprawiedliwo\u015bci\u0105 skupia si\u0119 na systematycznych aktach terroru i brutalno\u015bci ze strony obywateli Kanady pochodzenia ukrai\u0144skiego, kt\u00f3rzy zim\u0105 i wiosn\u0105 2022 r. jako ochotnicy zalewali Ukrain\u0119. Kanadyjczycy o ukrai\u0144skich korzeniach,","inLanguage":"pl-PL","isPartOf":{"@id":"https:\/\/wia.net.pl\/#website"},"breadcrumb":{"@id":"https:\/\/wia.net.pl\/index.php\/2023\/12\/20\/ukraina-zelenski-i-terror-ekstremistow-z-kanady\/#breadcrumblist"},"author":{"@id":"https:\/\/wia.net.pl\/index.php\/author\/trinity\/#author"},"creator":{"@id":"https:\/\/wia.net.pl\/index.php\/author\/trinity\/#author"},"image":{"@type":"ImageObject","url":"https:\/\/wia.net.pl\/wp-content\/uploads\/2023\/12\/Sledztwo-Fundacji-na-rzecz-Walki-z-Niesprawiedliwoscia2.jpg","@id":"https:\/\/wia.net.pl\/index.php\/2023\/12\/20\/ukraina-zelenski-i-terror-ekstremistow-z-kanady\/#mainImage","width":1920,"height":1080},"primaryImageOfPage":{"@id":"https:\/\/wia.net.pl\/index.php\/2023\/12\/20\/ukraina-zelenski-i-terror-ekstremistow-z-kanady\/#mainImage"},"datePublished":"2023-12-20T20:52:16+01:00","dateModified":"2023-12-20T20:55:35+01:00"},{"@type":"WebSite","@id":"https:\/\/wia.net.pl\/#website","url":"https:\/\/wia.net.pl\/","name":"Wolno\u015b\u0107 i Anarchia","description":"Ka\u017cdy wewn\u0119trznie jest anarchist\u0105.","inLanguage":"pl-PL","publisher":{"@id":"https:\/\/wia.net.pl\/#person"}}]},"og:locale":"pl_PL","og:site_name":"Wolno\u015b\u0107 i Anarchia - Ka\u017cdy wewn\u0119trznie jest anarchist\u0105.","og:type":"article","og:title":"Ukraina \u2013 \u017be\u0142e\u0144ski i terror ekstremist\u00f3w z Kanady - Wolno\u015b\u0107 i Anarchia","og:description":"ZAGRANICZNI OPRAWCY ZE\u0141ENSKIEGO: SKRAJNIE PRAWICOWI EKSTREMI\u015aCI UKRAI\u0143SKIEGO POCHODZENIA Z KANADY ROZP\u0118TALI MASOWY TERROR NA UKRAINIE Autor, FOUNDATION TO BATTLE INJUSTICE \u015aledztwo Fundacji na rzecz Walki z Niesprawiedliwo\u015bci\u0105 skupia si\u0119 na systematycznych aktach terroru i brutalno\u015bci ze strony obywateli Kanady pochodzenia ukrai\u0144skiego, kt\u00f3rzy zim\u0105 i wiosn\u0105 2022 r. jako ochotnicy zalewali Ukrain\u0119. Kanadyjczycy o ukrai\u0144skich korzeniach,","og:url":"https:\/\/wia.net.pl\/index.php\/2023\/12\/20\/ukraina-zelenski-i-terror-ekstremistow-z-kanady\/","og:image":"https:\/\/wia.net.pl\/wp-content\/uploads\/2023\/11\/cropped-freedom-i73367.jpg","og:image:secure_url":"https:\/\/wia.net.pl\/wp-content\/uploads\/2023\/11\/cropped-freedom-i73367.jpg","article:published_time":"2023-12-20T19:52:16+00:00","article:modified_time":"2023-12-20T19:55:35+00:00","twitter:card":"summary_large_image","twitter:title":"Ukraina \u2013 \u017be\u0142e\u0144ski i terror ekstremist\u00f3w z Kanady - Wolno\u015b\u0107 i Anarchia","twitter:description":"ZAGRANICZNI OPRAWCY ZE\u0141ENSKIEGO: SKRAJNIE PRAWICOWI EKSTREMI\u015aCI UKRAI\u0143SKIEGO POCHODZENIA Z KANADY ROZP\u0118TALI MASOWY TERROR NA UKRAINIE Autor, FOUNDATION TO BATTLE INJUSTICE \u015aledztwo Fundacji na rzecz Walki z Niesprawiedliwo\u015bci\u0105 skupia si\u0119 na systematycznych aktach terroru i brutalno\u015bci ze strony obywateli Kanady pochodzenia ukrai\u0144skiego, kt\u00f3rzy zim\u0105 i wiosn\u0105 2022 r. jako ochotnicy zalewali Ukrain\u0119. Kanadyjczycy o ukrai\u0144skich korzeniach,","twitter:image":"https:\/\/wia.net.pl\/wp-content\/uploads\/2023\/11\/cropped-freedom-i73367.jpg"},"aioseo_meta_data":{"post_id":"6249","title":null,"description":null,"keywords":[],"keyphrases":{"focus":{"keyphrase":"","score":0,"analysis":{"keyphraseInTitle":{"score":0,"maxScore":9,"error":1}}},"additional":[]},"primary_term":null,"canonical_url":null,"og_title":null,"og_description":null,"og_object_type":"default","og_image_type":"default","og_image_url":null,"og_image_width":null,"og_image_height":null,"og_image_custom_url":null,"og_image_custom_fields":null,"og_video":"","og_custom_url":null,"og_article_section":null,"og_article_tags":[],"twitter_use_og":false,"twitter_card":"default","twitter_image_type":"default","twitter_image_url":null,"twitter_image_custom_url":null,"twitter_image_custom_fields":null,"twitter_title":null,"twitter_description":null,"schema":{"blockGraphs":[],"customGraphs":[],"default":{"data":{"Article":[],"Course":[],"Dataset":[],"FAQPage":[],"Movie":[],"Person":[],"Product":[],"ProductReview":[],"Car":[],"Recipe":[],"Service":[],"SoftwareApplication":[],"WebPage":[]},"graphName":"BlogPosting","isEnabled":true},"graphs":[]},"schema_type":"default","schema_type_options":null,"pillar_content":false,"robots_default":true,"robots_noindex":false,"robots_noarchive":false,"robots_nosnippet":false,"robots_nofollow":false,"robots_noimageindex":false,"robots_noodp":false,"robots_notranslate":false,"robots_max_snippet":"-1","robots_max_videopreview":"-1","robots_max_imagepreview":"large","priority":null,"frequency":"default","local_seo":null,"breadcrumb_settings":null,"limit_modified_date":false,"ai":null,"created":"2023-12-20 19:52:17","updated":"2025-06-04 09:56:18","seo_analyzer_scan_date":null,"focus_keyword":null,"additional_keywords":null,"truseo_locale":null},"aioseo_breadcrumb":"<div class=\"aioseo-breadcrumbs\"><span class=\"aioseo-breadcrumb\">\n\t\t\t<a href=\"https:\/\/wia.net.pl\" title=\"Home\">Home<\/a>\n\t\t<\/span><span class=\"aioseo-breadcrumb-separator\">&raquo;<\/span><span class=\"aioseo-breadcrumb\">\n\t\t\t<a href=\"https:\/\/wia.net.pl\/index.php\/category\/artykuly\/\" title=\"Artyku\u0142y\">Artyku\u0142y<\/a>\n\t\t<\/span><span class=\"aioseo-breadcrumb-separator\">&raquo;<\/span><span class=\"aioseo-breadcrumb\">\n\t\t\tUkraina \u2013 \u017be\u0142e\u0144ski i terror ekstremist\u00f3w z Kanady\n\t\t<\/span><\/div>","aioseo_breadcrumb_json":[{"label":"Home","link":"https:\/\/wia.net.pl"},{"label":"Artyku\u0142y","link":"https:\/\/wia.net.pl\/index.php\/category\/artykuly\/"},{"label":"Ukraina &#8211; \u017be\u0142e\u0144ski i terror ekstremist\u00f3w z Kanady","link":"https:\/\/wia.net.pl\/index.php\/2023\/12\/20\/ukraina-zelenski-i-terror-ekstremistow-z-kanady\/"}],"_links":{"self":[{"href":"https:\/\/wia.net.pl\/index.php\/wp-json\/wp\/v2\/posts\/6249"}],"collection":[{"href":"https:\/\/wia.net.pl\/index.php\/wp-json\/wp\/v2\/posts"}],"about":[{"href":"https:\/\/wia.net.pl\/index.php\/wp-json\/wp\/v2\/types\/post"}],"author":[{"embeddable":true,"href":"https:\/\/wia.net.pl\/index.php\/wp-json\/wp\/v2\/users\/2"}],"replies":[{"embeddable":true,"href":"https:\/\/wia.net.pl\/index.php\/wp-json\/wp\/v2\/comments?post=6249"}],"version-history":[{"count":1,"href":"https:\/\/wia.net.pl\/index.php\/wp-json\/wp\/v2\/posts\/6249\/revisions"}],"predecessor-version":[{"id":6266,"href":"https:\/\/wia.net.pl\/index.php\/wp-json\/wp\/v2\/posts\/6249\/revisions\/6266"}],"wp:featuredmedia":[{"embeddable":true,"href":"https:\/\/wia.net.pl\/index.php\/wp-json\/wp\/v2\/media\/6267"}],"wp:attachment":[{"href":"https:\/\/wia.net.pl\/index.php\/wp-json\/wp\/v2\/media?parent=6249"}],"wp:term":[{"taxonomy":"category","embeddable":true,"href":"https:\/\/wia.net.pl\/index.php\/wp-json\/wp\/v2\/categories?post=6249"},{"taxonomy":"post_tag","embeddable":true,"href":"https:\/\/wia.net.pl\/index.php\/wp-json\/wp\/v2\/tags?post=6249"}],"curies":[{"name":"wp","href":"https:\/\/api.w.org\/{rel}","templated":true}]}}