{"id":6351,"date":"2023-12-26T00:25:54","date_gmt":"2023-12-25T23:25:54","guid":{"rendered":"https:\/\/wia.net.pl\/?p=6351"},"modified":"2023-12-26T00:25:54","modified_gmt":"2023-12-25T23:25:54","slug":"mark-passio-wydarzenia-na-ziemi-p03c01","status":"publish","type":"post","link":"https:\/\/wia.net.pl\/index.php\/2023\/12\/26\/mark-passio-wydarzenia-na-ziemi-p03c01\/","title":{"rendered":"Mark Passio \u2013 Wydarzenia na ziemi \u2013 P03C01"},"content":{"rendered":"\n<p>Podcast 3 zosta\u0142 nagrany 13 kwietnia 2010 roku przez Marka Passio na jego autorskim kana\u0142e what on earth is happening.com.<br>Wolno\u015b\u0107 jest zewn\u0119trznym przejawem umi\u0142owania si\u0142y mi\u0142o\u015bci. A to mo\u017ce nast\u0105pi\u0107 tylko wtedy, gdy wystarczaj\u0105ca liczba indywidualnych \u015bwiadomo\u015bci ludzi na tej planecie osi\u0105gnie pewien stan<br>Dominium, dominacji, suwerenno\u015bci, panowania nad sob\u0105, poniewa\u017c podj\u0119li aktywn\u0105, woln\u0105 wol\u0119 i podj\u0119li decyzj\u0119 o podj\u0119ciu dzia\u0142a\u0144 zgodnych z ich my\u015blami i emocjami.<\/p>\n\n\n\n<p>\u0179r\u00f3d\u0142o <a href=\"https:\/\/www.whatonearthishappening.com\/podcast\">https:\/\/www.whatonearthishappening.com\/podcast<\/a><\/p>\n\n\n<p><iframe loading=\"lazy\" id=\"odysee-iframe\" width=\"560\" height=\"315\" src=\"https:\/\/odysee.com\/$\/embed\/@wolnoscanarchia:d\/Podcast-3-cz1-mark-passio:c?r=KqtnN3u2RSe5GxY7Tos527f1XGfjXD4u\" allowfullscreen><\/iframe><\/p>\n","protected":false},"excerpt":{"rendered":"<p>Podcast 3 zosta\u0142 nagrany 13 kwietnia 2010 roku przez Marka Passio na jego autorskim kana\u0142e what on earth is happening.com.Wolno\u015b\u0107 jest zewn\u0119trznym przejawem umi\u0142owania si\u0142y mi\u0142o\u015bci. A to mo\u017ce nast\u0105pi\u0107 tylko wtedy, gdy wystarczaj\u0105ca liczba indywidualnych \u015bwiadomo\u015bci ludzi na tej&#8230; <\/p>\n","protected":false},"author":2,"featured_media":6352,"comment_status":"open","ping_status":"open","sticky":false,"template":"","format":"standard","meta":{"_acf_changed":false,"_bbp_topic_count":0,"_bbp_reply_count":0,"_bbp_total_topic_count":0,"_bbp_total_reply_count":0,"_bbp_voice_count":0,"_bbp_anonymous_reply_count":0,"_bbp_topic_count_hidden":0,"_bbp_reply_count_hidden":0,"_bbp_forum_subforum_count":0,"om_disable_all_campaigns":false,"_monsterinsights_skip_tracking":false,"footnotes":""},"categories":[16],"tags":[],"class_list":["post-6351","post","type-post","status-publish","format-standard","has-post-thumbnail","hentry","category-prawonaturalne"],"acf":[],"aioseo_notices":[],"aioseo_head":"\n\t\t<!-- All in One SEO 5.0.1.1 - aioseo.com -->\n\t<meta name=\"description\" content=\"Podcast 3 zosta\u0142 nagrany 13 kwietnia 2010 roku przez Marka Passio na jego autorskim kana\u0142e what on earth is happening.com.Wolno\u015b\u0107 jest zewn\u0119trznym przejawem umi\u0142owania si\u0142y mi\u0142o\u015bci. A to mo\u017ce nast\u0105pi\u0107 tylko wtedy, gdy wystarczaj\u0105ca liczba indywidualnych \u015bwiadomo\u015bci ludzi na tej planecie osi\u0105gnie pewien stanDominium, dominacji, suwerenno\u015bci, panowania nad sob\u0105, poniewa\u017c podj\u0119li aktywn\u0105, woln\u0105 wol\u0119 i\" \/>\n\t<meta name=\"robots\" content=\"max-image-preview:large\" \/>\n\t<meta name=\"author\" content=\"trinity\"\/>\n\t<link rel=\"canonical\" href=\"https:\/\/wia.net.pl\/index.php\/2023\/12\/26\/mark-passio-wydarzenia-na-ziemi-p03c01\/\" \/>\n\t<meta name=\"generator\" content=\"All in One SEO (AIOSEO) 5.0.1.1\" \/>\n\t\t<meta property=\"og:locale\" content=\"pl_PL\" \/>\n\t\t<meta property=\"og:site_name\" content=\"Wolno\u015b\u0107 i Anarchia - Ka\u017cdy wewn\u0119trznie jest anarchist\u0105.\" \/>\n\t\t<meta property=\"og:type\" content=\"article\" \/>\n\t\t<meta property=\"og:title\" content=\"Mark Passio \u2013 Wydarzenia na ziemi \u2013 P03C01 - Wolno\u015b\u0107 i Anarchia\" \/>\n\t\t<meta property=\"og:description\" content=\"Podcast 3 zosta\u0142 nagrany 13 kwietnia 2010 roku przez Marka Passio na jego autorskim kana\u0142e what on earth is happening.com.Wolno\u015b\u0107 jest zewn\u0119trznym przejawem umi\u0142owania si\u0142y mi\u0142o\u015bci. A to mo\u017ce nast\u0105pi\u0107 tylko wtedy, gdy wystarczaj\u0105ca liczba indywidualnych \u015bwiadomo\u015bci ludzi na tej planecie osi\u0105gnie pewien stanDominium, dominacji, suwerenno\u015bci, panowania nad sob\u0105, poniewa\u017c podj\u0119li aktywn\u0105, woln\u0105 wol\u0119 i\" \/>\n\t\t<meta property=\"og:url\" content=\"https:\/\/wia.net.pl\/index.php\/2023\/12\/26\/mark-passio-wydarzenia-na-ziemi-p03c01\/\" \/>\n\t\t<meta property=\"og:image\" content=\"https:\/\/wia.net.pl\/wp-content\/uploads\/2023\/11\/cropped-freedom-i73367.jpg\" \/>\n\t\t<meta property=\"og:image:secure_url\" content=\"https:\/\/wia.net.pl\/wp-content\/uploads\/2023\/11\/cropped-freedom-i73367.jpg\" \/>\n\t\t<meta property=\"article:published_time\" content=\"2023-12-25T23:25:54+00:00\" \/>\n\t\t<meta property=\"article:modified_time\" content=\"2023-12-25T23:25:54+00:00\" \/>\n\t\t<meta name=\"twitter:card\" content=\"summary_large_image\" \/>\n\t\t<meta name=\"twitter:title\" content=\"Mark Passio \u2013 Wydarzenia na ziemi \u2013 P03C01 - Wolno\u015b\u0107 i Anarchia\" \/>\n\t\t<meta name=\"twitter:description\" content=\"Podcast 3 zosta\u0142 nagrany 13 kwietnia 2010 roku przez Marka Passio na jego autorskim kana\u0142e what on earth is happening.com.Wolno\u015b\u0107 jest zewn\u0119trznym przejawem umi\u0142owania si\u0142y mi\u0142o\u015bci. A to mo\u017ce nast\u0105pi\u0107 tylko wtedy, gdy wystarczaj\u0105ca liczba indywidualnych \u015bwiadomo\u015bci ludzi na tej planecie osi\u0105gnie pewien stanDominium, dominacji, suwerenno\u015bci, panowania nad sob\u0105, poniewa\u017c podj\u0119li aktywn\u0105, woln\u0105 wol\u0119 i\" \/>\n\t\t<meta name=\"twitter:image\" content=\"https:\/\/wia.net.pl\/wp-content\/uploads\/2023\/11\/cropped-freedom-i73367.jpg\" \/>\n\t\t<script type=\"application\/ld+json\" class=\"aioseo-schema\">\n\t\t\t{\"@context\":\"https:\\\/\\\/schema.org\",\"@graph\":[{\"@type\":\"BlogPosting\",\"@id\":\"https:\\\/\\\/wia.net.pl\\\/index.php\\\/2023\\\/12\\\/26\\\/mark-passio-wydarzenia-na-ziemi-p03c01\\\/#blogposting\",\"name\":\"Mark Passio \\u2013 Wydarzenia na ziemi \\u2013 P03C01 - Wolno\\u015b\\u0107 i Anarchia\",\"headline\":\"Mark Passio \\u2013 Wydarzenia na ziemi \\u2013 P03C01\",\"author\":{\"@id\":\"https:\\\/\\\/wia.net.pl\\\/index.php\\\/author\\\/trinity\\\/#author\"},\"publisher\":{\"@id\":\"https:\\\/\\\/wia.net.pl\\\/#person\"},\"image\":{\"@type\":\"ImageObject\",\"url\":\"https:\\\/\\\/wia.net.pl\\\/wp-content\\\/uploads\\\/2023\\\/12\\\/photo1703445879.jpeg\",\"width\":1280,\"height\":720},\"datePublished\":\"2023-12-26T00:25:54+01:00\",\"dateModified\":\"2023-12-26T00:25:54+01:00\",\"inLanguage\":\"pl-PL\",\"mainEntityOfPage\":{\"@id\":\"https:\\\/\\\/wia.net.pl\\\/index.php\\\/2023\\\/12\\\/26\\\/mark-passio-wydarzenia-na-ziemi-p03c01\\\/#webpage\"},\"isPartOf\":{\"@id\":\"https:\\\/\\\/wia.net.pl\\\/index.php\\\/2023\\\/12\\\/26\\\/mark-passio-wydarzenia-na-ziemi-p03c01\\\/#webpage\"},\"articleSection\":\"Prawo naturalne\"},{\"@type\":\"BreadcrumbList\",\"@id\":\"https:\\\/\\\/wia.net.pl\\\/index.php\\\/2023\\\/12\\\/26\\\/mark-passio-wydarzenia-na-ziemi-p03c01\\\/#breadcrumblist\",\"itemListElement\":[{\"@type\":\"ListItem\",\"@id\":\"https:\\\/\\\/wia.net.pl#listItem\",\"position\":1,\"name\":\"Home\",\"item\":\"https:\\\/\\\/wia.net.pl\",\"nextItem\":{\"@type\":\"ListItem\",\"@id\":\"https:\\\/\\\/wia.net.pl\\\/index.php\\\/category\\\/prawonaturalne\\\/#listItem\",\"name\":\"Prawo naturalne\"}},{\"@type\":\"ListItem\",\"@id\":\"https:\\\/\\\/wia.net.pl\\\/index.php\\\/category\\\/prawonaturalne\\\/#listItem\",\"position\":2,\"name\":\"Prawo naturalne\",\"item\":\"https:\\\/\\\/wia.net.pl\\\/index.php\\\/category\\\/prawonaturalne\\\/\",\"nextItem\":{\"@type\":\"ListItem\",\"@id\":\"https:\\\/\\\/wia.net.pl\\\/index.php\\\/2023\\\/12\\\/26\\\/mark-passio-wydarzenia-na-ziemi-p03c01\\\/#listItem\",\"name\":\"Mark Passio \\u2013 Wydarzenia na ziemi \\u2013 P03C01\"},\"previousItem\":{\"@type\":\"ListItem\",\"@id\":\"https:\\\/\\\/wia.net.pl#listItem\",\"name\":\"Home\"}},{\"@type\":\"ListItem\",\"@id\":\"https:\\\/\\\/wia.net.pl\\\/index.php\\\/2023\\\/12\\\/26\\\/mark-passio-wydarzenia-na-ziemi-p03c01\\\/#listItem\",\"position\":3,\"name\":\"Mark Passio \\u2013 Wydarzenia na ziemi \\u2013 P03C01\",\"previousItem\":{\"@type\":\"ListItem\",\"@id\":\"https:\\\/\\\/wia.net.pl\\\/index.php\\\/category\\\/prawonaturalne\\\/#listItem\",\"name\":\"Prawo naturalne\"}}]},{\"@type\":\"Person\",\"@id\":\"https:\\\/\\\/wia.net.pl\\\/#person\",\"name\":\"Bart\\u0142omiej Talarczyk\",\"image\":{\"@type\":\"ImageObject\",\"@id\":\"https:\\\/\\\/wia.net.pl\\\/index.php\\\/2023\\\/12\\\/26\\\/mark-passio-wydarzenia-na-ziemi-p03c01\\\/#personImage\",\"url\":\"https:\\\/\\\/wia.net.pl\\\/wp-content\\\/uploads\\\/avatar-privacy\\\/cache\\\/user\\\/1\\\/7\\\/176a6b161c58363ff49b5c167264231f519f5c7fa183ca1f61e891769b6b56d5-96.jpg\",\"width\":96,\"height\":96,\"caption\":\"Bart\\u0142omiej Talarczyk\"}},{\"@type\":\"Person\",\"@id\":\"https:\\\/\\\/wia.net.pl\\\/index.php\\\/author\\\/trinity\\\/#author\",\"url\":\"https:\\\/\\\/wia.net.pl\\\/index.php\\\/author\\\/trinity\\\/\",\"name\":\"trinity\",\"image\":{\"@type\":\"ImageObject\",\"@id\":\"https:\\\/\\\/wia.net.pl\\\/index.php\\\/2023\\\/12\\\/26\\\/mark-passio-wydarzenia-na-ziemi-p03c01\\\/#authorImage\",\"url\":\"https:\\\/\\\/wia.net.pl\\\/wp-content\\\/uploads\\\/avatar-privacy\\\/cache\\\/user\\\/5\\\/f\\\/5f6547cf82495eaa10e100a6a45d5dbde2dfdc1be88557de2018fca705bdf6f1-96.jpg\",\"width\":96,\"height\":96,\"caption\":\"trinity\"}},{\"@type\":\"WebPage\",\"@id\":\"https:\\\/\\\/wia.net.pl\\\/index.php\\\/2023\\\/12\\\/26\\\/mark-passio-wydarzenia-na-ziemi-p03c01\\\/#webpage\",\"url\":\"https:\\\/\\\/wia.net.pl\\\/index.php\\\/2023\\\/12\\\/26\\\/mark-passio-wydarzenia-na-ziemi-p03c01\\\/\",\"name\":\"Mark Passio \\u2013 Wydarzenia na ziemi \\u2013 P03C01 - Wolno\\u015b\\u0107 i Anarchia\",\"description\":\"Podcast 3 zosta\\u0142 nagrany 13 kwietnia 2010 roku przez Marka Passio na jego autorskim kana\\u0142e what on earth is happening.com.Wolno\\u015b\\u0107 jest zewn\\u0119trznym przejawem umi\\u0142owania si\\u0142y mi\\u0142o\\u015bci. A to mo\\u017ce nast\\u0105pi\\u0107 tylko wtedy, gdy wystarczaj\\u0105ca liczba indywidualnych \\u015bwiadomo\\u015bci ludzi na tej planecie osi\\u0105gnie pewien stanDominium, dominacji, suwerenno\\u015bci, panowania nad sob\\u0105, poniewa\\u017c podj\\u0119li aktywn\\u0105, woln\\u0105 wol\\u0119 i\",\"inLanguage\":\"pl-PL\",\"isPartOf\":{\"@id\":\"https:\\\/\\\/wia.net.pl\\\/#website\"},\"breadcrumb\":{\"@id\":\"https:\\\/\\\/wia.net.pl\\\/index.php\\\/2023\\\/12\\\/26\\\/mark-passio-wydarzenia-na-ziemi-p03c01\\\/#breadcrumblist\"},\"author\":{\"@id\":\"https:\\\/\\\/wia.net.pl\\\/index.php\\\/author\\\/trinity\\\/#author\"},\"creator\":{\"@id\":\"https:\\\/\\\/wia.net.pl\\\/index.php\\\/author\\\/trinity\\\/#author\"},\"image\":{\"@type\":\"ImageObject\",\"url\":\"https:\\\/\\\/wia.net.pl\\\/wp-content\\\/uploads\\\/2023\\\/12\\\/photo1703445879.jpeg\",\"@id\":\"https:\\\/\\\/wia.net.pl\\\/index.php\\\/2023\\\/12\\\/26\\\/mark-passio-wydarzenia-na-ziemi-p03c01\\\/#mainImage\",\"width\":1280,\"height\":720},\"primaryImageOfPage\":{\"@id\":\"https:\\\/\\\/wia.net.pl\\\/index.php\\\/2023\\\/12\\\/26\\\/mark-passio-wydarzenia-na-ziemi-p03c01\\\/#mainImage\"},\"datePublished\":\"2023-12-26T00:25:54+01:00\",\"dateModified\":\"2023-12-26T00:25:54+01:00\"},{\"@type\":\"WebSite\",\"@id\":\"https:\\\/\\\/wia.net.pl\\\/#website\",\"url\":\"https:\\\/\\\/wia.net.pl\\\/\",\"name\":\"Wolno\\u015b\\u0107 i Anarchia\",\"description\":\"Ka\\u017cdy wewn\\u0119trznie jest anarchist\\u0105.\",\"inLanguage\":\"pl-PL\",\"publisher\":{\"@id\":\"https:\\\/\\\/wia.net.pl\\\/#person\"}}]}\n\t\t<\/script>\n\t\t<!-- All in One SEO -->\n\n","aioseo_head_json":{"title":"Mark Passio \u2013 Wydarzenia na ziemi \u2013 P03C01 - Wolno\u015b\u0107 i Anarchia","description":"Podcast 3 zosta\u0142 nagrany 13 kwietnia 2010 roku przez Marka Passio na jego autorskim kana\u0142e what on earth is happening.com.Wolno\u015b\u0107 jest zewn\u0119trznym przejawem umi\u0142owania si\u0142y mi\u0142o\u015bci. A to mo\u017ce nast\u0105pi\u0107 tylko wtedy, gdy wystarczaj\u0105ca liczba indywidualnych \u015bwiadomo\u015bci ludzi na tej planecie osi\u0105gnie pewien stanDominium, dominacji, suwerenno\u015bci, panowania nad sob\u0105, poniewa\u017c podj\u0119li aktywn\u0105, woln\u0105 wol\u0119 i","canonical_url":"https:\/\/wia.net.pl\/index.php\/2023\/12\/26\/mark-passio-wydarzenia-na-ziemi-p03c01\/","robots":"max-image-preview:large","keywords":"","webmasterTools":{"miscellaneous":""},"schema":{"@context":"https:\/\/schema.org","@graph":[{"@type":"BlogPosting","@id":"https:\/\/wia.net.pl\/index.php\/2023\/12\/26\/mark-passio-wydarzenia-na-ziemi-p03c01\/#blogposting","name":"Mark Passio \u2013 Wydarzenia na ziemi \u2013 P03C01 - Wolno\u015b\u0107 i Anarchia","headline":"Mark Passio \u2013 Wydarzenia na ziemi \u2013 P03C01","author":{"@id":"https:\/\/wia.net.pl\/index.php\/author\/trinity\/#author"},"publisher":{"@id":"https:\/\/wia.net.pl\/#person"},"image":{"@type":"ImageObject","url":"https:\/\/wia.net.pl\/wp-content\/uploads\/2023\/12\/photo1703445879.jpeg","width":1280,"height":720},"datePublished":"2023-12-26T00:25:54+01:00","dateModified":"2023-12-26T00:25:54+01:00","inLanguage":"pl-PL","mainEntityOfPage":{"@id":"https:\/\/wia.net.pl\/index.php\/2023\/12\/26\/mark-passio-wydarzenia-na-ziemi-p03c01\/#webpage"},"isPartOf":{"@id":"https:\/\/wia.net.pl\/index.php\/2023\/12\/26\/mark-passio-wydarzenia-na-ziemi-p03c01\/#webpage"},"articleSection":"Prawo naturalne"},{"@type":"BreadcrumbList","@id":"https:\/\/wia.net.pl\/index.php\/2023\/12\/26\/mark-passio-wydarzenia-na-ziemi-p03c01\/#breadcrumblist","itemListElement":[{"@type":"ListItem","@id":"https:\/\/wia.net.pl#listItem","position":1,"name":"Home","item":"https:\/\/wia.net.pl","nextItem":{"@type":"ListItem","@id":"https:\/\/wia.net.pl\/index.php\/category\/prawonaturalne\/#listItem","name":"Prawo naturalne"}},{"@type":"ListItem","@id":"https:\/\/wia.net.pl\/index.php\/category\/prawonaturalne\/#listItem","position":2,"name":"Prawo naturalne","item":"https:\/\/wia.net.pl\/index.php\/category\/prawonaturalne\/","nextItem":{"@type":"ListItem","@id":"https:\/\/wia.net.pl\/index.php\/2023\/12\/26\/mark-passio-wydarzenia-na-ziemi-p03c01\/#listItem","name":"Mark Passio \u2013 Wydarzenia na ziemi \u2013 P03C01"},"previousItem":{"@type":"ListItem","@id":"https:\/\/wia.net.pl#listItem","name":"Home"}},{"@type":"ListItem","@id":"https:\/\/wia.net.pl\/index.php\/2023\/12\/26\/mark-passio-wydarzenia-na-ziemi-p03c01\/#listItem","position":3,"name":"Mark Passio \u2013 Wydarzenia na ziemi \u2013 P03C01","previousItem":{"@type":"ListItem","@id":"https:\/\/wia.net.pl\/index.php\/category\/prawonaturalne\/#listItem","name":"Prawo naturalne"}}]},{"@type":"Person","@id":"https:\/\/wia.net.pl\/#person","name":"Bart\u0142omiej Talarczyk","image":{"@type":"ImageObject","@id":"https:\/\/wia.net.pl\/index.php\/2023\/12\/26\/mark-passio-wydarzenia-na-ziemi-p03c01\/#personImage","url":"https:\/\/wia.net.pl\/wp-content\/uploads\/avatar-privacy\/cache\/user\/1\/7\/176a6b161c58363ff49b5c167264231f519f5c7fa183ca1f61e891769b6b56d5-96.jpg","width":96,"height":96,"caption":"Bart\u0142omiej Talarczyk"}},{"@type":"Person","@id":"https:\/\/wia.net.pl\/index.php\/author\/trinity\/#author","url":"https:\/\/wia.net.pl\/index.php\/author\/trinity\/","name":"trinity","image":{"@type":"ImageObject","@id":"https:\/\/wia.net.pl\/index.php\/2023\/12\/26\/mark-passio-wydarzenia-na-ziemi-p03c01\/#authorImage","url":"https:\/\/wia.net.pl\/wp-content\/uploads\/avatar-privacy\/cache\/user\/5\/f\/5f6547cf82495eaa10e100a6a45d5dbde2dfdc1be88557de2018fca705bdf6f1-96.jpg","width":96,"height":96,"caption":"trinity"}},{"@type":"WebPage","@id":"https:\/\/wia.net.pl\/index.php\/2023\/12\/26\/mark-passio-wydarzenia-na-ziemi-p03c01\/#webpage","url":"https:\/\/wia.net.pl\/index.php\/2023\/12\/26\/mark-passio-wydarzenia-na-ziemi-p03c01\/","name":"Mark Passio \u2013 Wydarzenia na ziemi \u2013 P03C01 - Wolno\u015b\u0107 i Anarchia","description":"Podcast 3 zosta\u0142 nagrany 13 kwietnia 2010 roku przez Marka Passio na jego autorskim kana\u0142e what on earth is happening.com.Wolno\u015b\u0107 jest zewn\u0119trznym przejawem umi\u0142owania si\u0142y mi\u0142o\u015bci. A to mo\u017ce nast\u0105pi\u0107 tylko wtedy, gdy wystarczaj\u0105ca liczba indywidualnych \u015bwiadomo\u015bci ludzi na tej planecie osi\u0105gnie pewien stanDominium, dominacji, suwerenno\u015bci, panowania nad sob\u0105, poniewa\u017c podj\u0119li aktywn\u0105, woln\u0105 wol\u0119 i","inLanguage":"pl-PL","isPartOf":{"@id":"https:\/\/wia.net.pl\/#website"},"breadcrumb":{"@id":"https:\/\/wia.net.pl\/index.php\/2023\/12\/26\/mark-passio-wydarzenia-na-ziemi-p03c01\/#breadcrumblist"},"author":{"@id":"https:\/\/wia.net.pl\/index.php\/author\/trinity\/#author"},"creator":{"@id":"https:\/\/wia.net.pl\/index.php\/author\/trinity\/#author"},"image":{"@type":"ImageObject","url":"https:\/\/wia.net.pl\/wp-content\/uploads\/2023\/12\/photo1703445879.jpeg","@id":"https:\/\/wia.net.pl\/index.php\/2023\/12\/26\/mark-passio-wydarzenia-na-ziemi-p03c01\/#mainImage","width":1280,"height":720},"primaryImageOfPage":{"@id":"https:\/\/wia.net.pl\/index.php\/2023\/12\/26\/mark-passio-wydarzenia-na-ziemi-p03c01\/#mainImage"},"datePublished":"2023-12-26T00:25:54+01:00","dateModified":"2023-12-26T00:25:54+01:00"},{"@type":"WebSite","@id":"https:\/\/wia.net.pl\/#website","url":"https:\/\/wia.net.pl\/","name":"Wolno\u015b\u0107 i Anarchia","description":"Ka\u017cdy wewn\u0119trznie jest anarchist\u0105.","inLanguage":"pl-PL","publisher":{"@id":"https:\/\/wia.net.pl\/#person"}}]},"og:locale":"pl_PL","og:site_name":"Wolno\u015b\u0107 i Anarchia - Ka\u017cdy wewn\u0119trznie jest anarchist\u0105.","og:type":"article","og:title":"Mark Passio \u2013 Wydarzenia na ziemi \u2013 P03C01 - Wolno\u015b\u0107 i Anarchia","og:description":"Podcast 3 zosta\u0142 nagrany 13 kwietnia 2010 roku przez Marka Passio na jego autorskim kana\u0142e what on earth is happening.com.Wolno\u015b\u0107 jest zewn\u0119trznym przejawem umi\u0142owania si\u0142y mi\u0142o\u015bci. A to mo\u017ce nast\u0105pi\u0107 tylko wtedy, gdy wystarczaj\u0105ca liczba indywidualnych \u015bwiadomo\u015bci ludzi na tej planecie osi\u0105gnie pewien stanDominium, dominacji, suwerenno\u015bci, panowania nad sob\u0105, poniewa\u017c podj\u0119li aktywn\u0105, woln\u0105 wol\u0119 i","og:url":"https:\/\/wia.net.pl\/index.php\/2023\/12\/26\/mark-passio-wydarzenia-na-ziemi-p03c01\/","og:image":"https:\/\/wia.net.pl\/wp-content\/uploads\/2023\/11\/cropped-freedom-i73367.jpg","og:image:secure_url":"https:\/\/wia.net.pl\/wp-content\/uploads\/2023\/11\/cropped-freedom-i73367.jpg","article:published_time":"2023-12-25T23:25:54+00:00","article:modified_time":"2023-12-25T23:25:54+00:00","twitter:card":"summary_large_image","twitter:title":"Mark Passio \u2013 Wydarzenia na ziemi \u2013 P03C01 - Wolno\u015b\u0107 i Anarchia","twitter:description":"Podcast 3 zosta\u0142 nagrany 13 kwietnia 2010 roku przez Marka Passio na jego autorskim kana\u0142e what on earth is happening.com.Wolno\u015b\u0107 jest zewn\u0119trznym przejawem umi\u0142owania si\u0142y mi\u0142o\u015bci. A to mo\u017ce nast\u0105pi\u0107 tylko wtedy, gdy wystarczaj\u0105ca liczba indywidualnych \u015bwiadomo\u015bci ludzi na tej planecie osi\u0105gnie pewien stanDominium, dominacji, suwerenno\u015bci, panowania nad sob\u0105, poniewa\u017c podj\u0119li aktywn\u0105, woln\u0105 wol\u0119 i","twitter:image":"https:\/\/wia.net.pl\/wp-content\/uploads\/2023\/11\/cropped-freedom-i73367.jpg"},"aioseo_meta_data":{"post_id":"6351","title":null,"description":null,"keywords":[],"keyphrases":{"focus":{"keyphrase":"","score":0,"analysis":{"keyphraseInTitle":{"score":0,"maxScore":9,"error":1}}},"additional":[]},"primary_term":null,"canonical_url":null,"og_title":null,"og_description":null,"og_object_type":"default","og_image_type":"default","og_image_url":null,"og_image_width":null,"og_image_height":null,"og_image_custom_url":null,"og_image_custom_fields":null,"og_video":"","og_custom_url":null,"og_article_section":null,"og_article_tags":[],"twitter_use_og":false,"twitter_card":"default","twitter_image_type":"default","twitter_image_url":null,"twitter_image_custom_url":null,"twitter_image_custom_fields":null,"twitter_title":null,"twitter_description":null,"schema":{"blockGraphs":[],"customGraphs":[],"default":{"data":{"Article":[],"Course":[],"Dataset":[],"FAQPage":[],"Movie":[],"Person":[],"Product":[],"ProductReview":[],"Car":[],"Recipe":[],"Service":[],"SoftwareApplication":[],"WebPage":[]},"graphName":"BlogPosting","isEnabled":true},"graphs":[]},"schema_type":"default","schema_type_options":null,"pillar_content":false,"robots_default":true,"robots_noindex":false,"robots_noarchive":false,"robots_nosnippet":false,"robots_nofollow":false,"robots_noimageindex":false,"robots_noodp":false,"robots_notranslate":false,"robots_max_snippet":"-1","robots_max_videopreview":"-1","robots_max_imagepreview":"large","priority":null,"frequency":"default","local_seo":null,"breadcrumb_settings":null,"limit_modified_date":false,"ai":null,"created":"2023-12-25 23:21:53","updated":"2025-06-04 09:59:38","seo_analyzer_scan_date":null,"focus_keyword":null,"additional_keywords":null,"truseo_locale":null},"aioseo_breadcrumb":"<div class=\"aioseo-breadcrumbs\"><span class=\"aioseo-breadcrumb\">\n\t\t\t<a href=\"https:\/\/wia.net.pl\" title=\"Home\">Home<\/a>\n\t\t<\/span><span class=\"aioseo-breadcrumb-separator\">&raquo;<\/span><span class=\"aioseo-breadcrumb\">\n\t\t\t<a href=\"https:\/\/wia.net.pl\/index.php\/category\/prawonaturalne\/\" title=\"Prawo naturalne\">Prawo naturalne<\/a>\n\t\t<\/span><span class=\"aioseo-breadcrumb-separator\">&raquo;<\/span><span class=\"aioseo-breadcrumb\">\n\t\t\tMark Passio \u2013 Wydarzenia na ziemi \u2013 P03C01\n\t\t<\/span><\/div>","aioseo_breadcrumb_json":[{"label":"Home","link":"https:\/\/wia.net.pl"},{"label":"Prawo naturalne","link":"https:\/\/wia.net.pl\/index.php\/category\/prawonaturalne\/"},{"label":"Mark Passio \u2013 Wydarzenia na ziemi \u2013 P03C01","link":"https:\/\/wia.net.pl\/index.php\/2023\/12\/26\/mark-passio-wydarzenia-na-ziemi-p03c01\/"}],"_links":{"self":[{"href":"https:\/\/wia.net.pl\/index.php\/wp-json\/wp\/v2\/posts\/6351"}],"collection":[{"href":"https:\/\/wia.net.pl\/index.php\/wp-json\/wp\/v2\/posts"}],"about":[{"href":"https:\/\/wia.net.pl\/index.php\/wp-json\/wp\/v2\/types\/post"}],"author":[{"embeddable":true,"href":"https:\/\/wia.net.pl\/index.php\/wp-json\/wp\/v2\/users\/2"}],"replies":[{"embeddable":true,"href":"https:\/\/wia.net.pl\/index.php\/wp-json\/wp\/v2\/comments?post=6351"}],"version-history":[{"count":2,"href":"https:\/\/wia.net.pl\/index.php\/wp-json\/wp\/v2\/posts\/6351\/revisions"}],"predecessor-version":[{"id":6354,"href":"https:\/\/wia.net.pl\/index.php\/wp-json\/wp\/v2\/posts\/6351\/revisions\/6354"}],"wp:featuredmedia":[{"embeddable":true,"href":"https:\/\/wia.net.pl\/index.php\/wp-json\/wp\/v2\/media\/6352"}],"wp:attachment":[{"href":"https:\/\/wia.net.pl\/index.php\/wp-json\/wp\/v2\/media?parent=6351"}],"wp:term":[{"taxonomy":"category","embeddable":true,"href":"https:\/\/wia.net.pl\/index.php\/wp-json\/wp\/v2\/categories?post=6351"},{"taxonomy":"post_tag","embeddable":true,"href":"https:\/\/wia.net.pl\/index.php\/wp-json\/wp\/v2\/tags?post=6351"}],"curies":[{"name":"wp","href":"https:\/\/api.w.org\/{rel}","templated":true}]}}