{"id":6367,"date":"2023-12-26T18:31:49","date_gmt":"2023-12-26T17:31:49","guid":{"rendered":"https:\/\/wia.net.pl\/?p=6367"},"modified":"2023-12-26T18:31:50","modified_gmt":"2023-12-26T17:31:50","slug":"ciemnogrod-roz-1-wstep-do-datowania-cz-2-5","status":"publish","type":"post","link":"https:\/\/wia.net.pl\/index.php\/2023\/12\/26\/ciemnogrod-roz-1-wstep-do-datowania-cz-2-5\/","title":{"rendered":"Ciemnogr\u00f3d \u2013 Roz.1 \u2013 Wst\u0119p do datowania cz.2\/5"},"content":{"rendered":"\n<p>\u0179r\u00f3d\u0142o:&nbsp;<a href=\"https:\/\/www.youtube.com\/watch?v=tf3kgGnopEQ\">https:\/\/www.youtube.com\/watch?v=tf3kgGnopEQ<\/a><\/p>\n\n\n\n<p>Strona WWW:\u00a0<a href=\"https:\/\/lalartu.com\/index.php\">https:\/\/lalartu.com<\/a><\/p>\n\n\n\n<p>Niniejszy materia\u0142 stanowi\u0107 ma w pewnym sensie wst\u0119p do datowania trzech do\u015b\u0107 istotnych mezopotamskich tabliczek matematycznych. Wprowadza nas wi\u0119c w r\u00f3\u017cne problematyczne zagadnienia zwi\u0105zane z histori\u0105 \u015bwiatow\u0105, by w nast\u0119pnej cz\u0119\u015bci zaj\u0105\u0107 si\u0119 urealnieniem datowania. Cz\u0119\u015b\u0107 pierwsza z racji na sw\u0105 obj\u0119to\u015b\u0107, zosta\u0142a podzielona na pi\u0119\u0107 cz\u0119\u015bci. W nich spr\u00f3bujemy odpowiedzie\u0107 sobie na takie pytania, jak:<\/p>\n\n\n\n<p>Czy na przestrzeni epok mieli\u015bmy progres, czy jednak regres cywilizacyjny?<\/p>\n\n\n\n<p>Czy technologia budowania z idealnie obrobionych i spasowanych blok\u00f3w kamiennych mia\u0142a zasi\u0119g jedynie lokalny, czy te\u017c \u015bwiatowy?<\/p>\n\n\n\n<p>Od jakiego okresu nasi najwi\u0119ksi historycy akademiccy uwa\u017caj\u0105 nasz\u0105 histori\u0119 za prawdziw\u0105, a nie mityczn\u0105?<\/p>\n\n\n\n<p>Kim byli staro\u017cytni Enetowie (p\u00f3\u017aniej zwani Venetami), kt\u00f3rzy zapocz\u0105tkowali istnienie Wenecji?<\/p>\n\n\n\n<p>Czy nasza najstarsza wyliczanka dla dzieci mo\u017ce zawiera\u0107 w sobie przekaz odnosz\u0105cy si\u0119 do historii zwi\u0105zanej z za\u0142o\u017cycielem tego ludu Eneaszem?<\/p>\n\n\n\n<p>Kiedy mia\u0142 miejsce ostatni kataklizm globalny?<\/p>\n\n\n\n<p>Czy m\u00f3g\u0142 on mie\u0107 miejsce w XVIII lub te\u017c XIX wieku, jak g\u0142osz\u0105 o tym rosyjscy badacze?<\/p>\n\n\n\n<p>Dlaczego Piotr Wielki sw\u0105 now\u0105 stolic\u0119 Petropolis wznosi\u0142 akurat w tym konkretnym miejscu?<\/p>\n\n\n\n<p>Czy znajdowa\u0142y si\u0119 tam ruiny staro\u017cytnego miasta?<\/p>\n\n\n\n<p>Kim by\u0142y rody takie, jak Piastowie, dzier\u017c\u0105ce w\u0142adz\u0119 w Europie do pierwszej po\u0142owy XIV wieku?<\/p>\n\n\n\n<p>Czy teza o tym, \u017ce Polska a\u017c od czas\u00f3w Mieszka I by\u0142a nieustannie pa\u0144stwem chrze\u015bcija\u0144skim jest jawnym k\u0142amstwem, czy te\u017c prawd\u0105? Czy Zygmunt III Waza by\u0142 faktycznie 44 kr\u00f3lem Polski, jak rzekomo ma o tym g\u0142osi\u0107 warszawska Kolumna Zygmunta?<\/p>\n\n\n\n<p>Kto tak naprawd\u0119 sprawowa\u0142 w\u0142adz\u0119 w s\u0142owia\u0144skim kraju nad Wis\u0142\u0105 a\u017c do czas\u00f3w rozbior\u00f3w?<\/p>\n\n\n\n<p>Do kogo nale\u017ca\u0142a najd\u0142u\u017csza rachuba, kt\u00f3r\u0105 co poniekt\u00f3rzy przypisuj\u0105 S\u0142owianom?<\/p>\n\n\n\n<p>Dlaczego Tartaria i Tartarzy zwani przez naszych przodk\u00f3w lud\u017ami \u201cz piek\u0142a rodem\u201d, nie mieli nic wsp\u00f3lnego ze S\u0142owianami?<\/p>\n\n\n\n<p>Kim tak naprawd\u0119 s\u0105 dzisiejsi \u201cRosjanie\u201d, kt\u00f3rzy przyw\u0142aszczyli sobie jedynie t\u0105 nazw\u0119 w czasach Iwana Gro\u017anego, przy g\u0142o\u015bnym sprzeciwie Rzeczpospolitej Obojga Narod\u00f3w?<\/p>\n\n\n\n<p>Fakty i mity o Czyngis-chanie\u2026 Sk\u0105d nasi przodkowie znale\u017ali si\u0119 w Panonii, kt\u00f3r\u0105 nasze kroniki okrzykn\u0119\u0142y \u201ckolebk\u0105 S\u0142owian\u201d?<\/p>\n\n\n\n<p>Kto dopuszcza\u0142 si\u0119 czystek etnicznych i religijnych na terenie dawnej Chazarii \u2013 wyznawcy judaizmu, czy te\u017c jednak sami \u017bydzi?<\/p>\n\n\n\n<p>Kim by\u0142 Olaus Magnus (Olaus Mag)? Dlaczego Goci (z gr. Scyci), nie mieli nic wsp\u00f3lnego ze Szwedami, a tym samym i Niemcami, kt\u00f3rzy z kolei przyw\u0142aszczyli sobie nazw\u0119 \u201cGermanie\u201d?<\/p>\n\n\n\n<p>Wszystko to i wiele wi\u0119cej szczeg\u00f3\u0142\u00f3w znajdziecie w pi\u0119ciu odcinkach pierwszej cz\u0119\u015bci Ciemnogrodu.<\/p>\n\n\n\n<figure class=\"wp-block-video\"><video controls src=\"https:\/\/wia.net.pl\/wp-content\/uploads\/2023\/12\/Ciemnogrod-Czesc-1-Wstep-do-Datowania-Odcinek-2.mp4\"><\/video><\/figure>\n<div class=\"remoji_bar\"><div class=\"remoji_add_container\" data-remoji-id=\"6367\" data-remoji-type=\"post\"><div class=\"remoji_add_icon\"><\/div><\/div><div class=\"remoji_error_bar\" data-remoji-id=\"6367\" data-remoji-type=\"post\" style=\"display: none;\">Error happened.<\/div><\/div>","protected":false},"excerpt":{"rendered":"<p>\u0179r\u00f3d\u0142o:&nbsp;https:\/\/www.youtube.com\/watch?v=tf3kgGnopEQ Strona WWW:\u00a0https:\/\/lalartu.com Niniejszy materia\u0142 stanowi\u0107 ma w pewnym sensie wst\u0119p do datowania trzech do\u015b\u0107 istotnych mezopotamskich tabliczek matematycznych. Wprowadza nas wi\u0119c w r\u00f3\u017cne problematyczne zagadnienia zwi\u0105zane z histori\u0105 \u015bwiatow\u0105, by w nast\u0119pnej cz\u0119\u015bci zaj\u0105\u0107 si\u0119 urealnieniem datowania. Cz\u0119\u015b\u0107 pierwsza&#8230; <\/p>\n","protected":false},"author":3,"featured_media":6368,"comment_status":"open","ping_status":"open","sticky":false,"template":"","format":"standard","meta":{"_acf_changed":false,"_bbp_topic_count":0,"_bbp_reply_count":0,"_bbp_total_topic_count":0,"_bbp_total_reply_count":0,"_bbp_voice_count":0,"_bbp_anonymous_reply_count":0,"_bbp_topic_count_hidden":0,"_bbp_reply_count_hidden":0,"_bbp_forum_subforum_count":0,"om_disable_all_campaigns":false,"_monsterinsights_skip_tracking":false,"_monsterinsights_sitenote_active":false,"_monsterinsights_sitenote_note":"","_monsterinsights_sitenote_category":0,"footnotes":""},"categories":[94],"tags":[68,63,42,71,26,23,32,22,70,62],"class_list":["post-6367","post","type-post","status-publish","format-standard","has-post-thumbnail","hentry","category-filmy-2","tag-cesarstwo-rzymskie","tag-historia-ziemi","tag-illuminati","tag-kosciol-katolicki","tag-ludzkosc","tag-niewolnictwo","tag-rzad","tag-satanizm","tag-tajne-stowarzyszenia","tag-wszechswiat"],"acf":[],"aioseo_notices":[],"_links":{"self":[{"href":"https:\/\/wia.net.pl\/index.php\/wp-json\/wp\/v2\/posts\/6367"}],"collection":[{"href":"https:\/\/wia.net.pl\/index.php\/wp-json\/wp\/v2\/posts"}],"about":[{"href":"https:\/\/wia.net.pl\/index.php\/wp-json\/wp\/v2\/types\/post"}],"author":[{"embeddable":true,"href":"https:\/\/wia.net.pl\/index.php\/wp-json\/wp\/v2\/users\/3"}],"replies":[{"embeddable":true,"href":"https:\/\/wia.net.pl\/index.php\/wp-json\/wp\/v2\/comments?post=6367"}],"version-history":[{"count":1,"href":"https:\/\/wia.net.pl\/index.php\/wp-json\/wp\/v2\/posts\/6367\/revisions"}],"predecessor-version":[{"id":6370,"href":"https:\/\/wia.net.pl\/index.php\/wp-json\/wp\/v2\/posts\/6367\/revisions\/6370"}],"wp:featuredmedia":[{"embeddable":true,"href":"https:\/\/wia.net.pl\/index.php\/wp-json\/wp\/v2\/media\/6368"}],"wp:attachment":[{"href":"https:\/\/wia.net.pl\/index.php\/wp-json\/wp\/v2\/media?parent=6367"}],"wp:term":[{"taxonomy":"category","embeddable":true,"href":"https:\/\/wia.net.pl\/index.php\/wp-json\/wp\/v2\/categories?post=6367"},{"taxonomy":"post_tag","embeddable":true,"href":"https:\/\/wia.net.pl\/index.php\/wp-json\/wp\/v2\/tags?post=6367"}],"curies":[{"name":"wp","href":"https:\/\/api.w.org\/{rel}","templated":true}]}}