{"id":6385,"date":"2023-12-26T20:24:39","date_gmt":"2023-12-26T19:24:39","guid":{"rendered":"https:\/\/wia.net.pl\/?p=6385"},"modified":"2023-12-26T20:24:40","modified_gmt":"2023-12-26T19:24:40","slug":"ciemnogrod-roz-2-datowanie-starozytnej-wiedzy-cz-1-5","status":"publish","type":"post","link":"https:\/\/wia.net.pl\/index.php\/2023\/12\/26\/ciemnogrod-roz-2-datowanie-starozytnej-wiedzy-cz-1-5\/","title":{"rendered":"Ciemnogr\u00f3d &#8211; Roz.2 &#8211; Datowanie staro\u017cytnej wiedzy cz.1\/5"},"content":{"rendered":"\n<p><p style=\"box-sizing: border-box; margin: 0px 0px 25px; padding: 0px; border: 0px; outline: 0px; font-size: 16px; vertical-align: baseline; background: rgb(34, 34, 34); overflow-wrap: break-word; line-height: 1.7em; color: rgb(255, 255, 255); font-family: Roboto, &quot;Helvetica Neue&quot;, Helvetica, Arial, sans-serif; white-space: normal;\"><\/p><\/p>\n\n\n\n<p>\u0179r\u00f3d\u0142o:&nbsp;<a href=\"https:\/\/www.youtube.com\/watch?v=tf3kgGnopEQ\">https:\/\/www.youtube.com\/watch?v=tf3kgGnopEQ<\/a><\/p>\n\n\n\n<p>Strona WWW:&nbsp;<a href=\"https:\/\/lalartu.com\/index.php\">https:\/\/lalartu.com<\/a><\/p>\n\n\n\n<p>Ten materia\u0142 ma ukaza\u0107 jak w istocie problematyczne jest datowanie czegokolwiek sprzed okresu wi\u0119kszego ani\u017celi ostatnie 800 lat&#8230; <\/p>\n\n\n\n<p>Jakie tak naprawd\u0119 mamy mo\u017cliwo\u015bci techniczne datowania? <\/p>\n\n\n\n<p>Dlaczego niemal wszyscy maj\u0105 tak zbie\u017cn\u0105 w\u0142asn\u0105 chronologi\u0119 pierwotnych w\u0142adc\u00f3w? <\/p>\n\n\n\n<p>Kto kopiowa\u0142 od kogo? <\/p>\n\n\n\n<p>Jak mocno zosta\u0142a sztucznie rozci\u0105gni\u0119ta staro\u017cytno\u015b\u0107? <\/p>\n\n\n\n<p>Jak d\u0142ugo istniejemy na tym kawa\u0142ku ska\u0142y? <\/p>\n\n\n\n<p>O czym g\u0142osz\u0105 najstarsze znane nam \u017ar\u00f3d\u0142a? <\/p>\n\n\n\n<p>Czy mowa jest w nich o istnieniu ju\u017c wcze\u015bniej zaawansowanej technologii? <\/p>\n\n\n\n<p>Wszystko to i wiele wi\u0119cej szczeg\u00f3\u0142\u00f3w znajdziecie w czterech odcinkach drugiej cz\u0119\u015bci Ciemnogrodu.<\/p>\n\n\n\n<figure class=\"wp-block-video\"><video controls src=\"https:\/\/wia.net.pl\/wp-content\/uploads\/2023\/12\/Ciemnogrod-Czesc-2-Datowanie-starozytnej-wiedzy-Odcinek-1-1.mp4\"><\/video><\/figure>\n<div class=\"remoji_bar\"><div class=\"remoji_add_container\" data-remoji-id=\"6385\" data-remoji-type=\"post\"><div class=\"remoji_add_icon\"><\/div><\/div><div class=\"remoji_error_bar\" data-remoji-id=\"6385\" data-remoji-type=\"post\" style=\"display: none;\">Error happened.<\/div><\/div>","protected":false},"excerpt":{"rendered":"<p>\u0179r\u00f3d\u0142o:&nbsp;https:\/\/www.youtube.com\/watch?v=tf3kgGnopEQ Strona WWW:&nbsp;https:\/\/lalartu.com Ten materia\u0142 ma ukaza\u0107 jak w istocie problematyczne jest datowanie czegokolwiek sprzed okresu wi\u0119kszego ani\u017celi ostatnie 800 lat&#8230; Jakie tak naprawd\u0119 mamy mo\u017cliwo\u015bci techniczne datowania? Dlaczego niemal wszyscy maj\u0105 tak zbie\u017cn\u0105 w\u0142asn\u0105 chronologi\u0119 pierwotnych w\u0142adc\u00f3w? Kto kopiowa\u0142&#8230; <\/p>\n","protected":false},"author":3,"featured_media":6388,"comment_status":"open","ping_status":"open","sticky":false,"template":"","format":"standard","meta":{"_acf_changed":false,"_bbp_topic_count":0,"_bbp_reply_count":0,"_bbp_total_topic_count":0,"_bbp_total_reply_count":0,"_bbp_voice_count":0,"_bbp_anonymous_reply_count":0,"_bbp_topic_count_hidden":0,"_bbp_reply_count_hidden":0,"_bbp_forum_subforum_count":0,"om_disable_all_campaigns":false,"_monsterinsights_skip_tracking":false,"_monsterinsights_sitenote_active":false,"_monsterinsights_sitenote_note":"","_monsterinsights_sitenote_category":0,"footnotes":""},"categories":[94],"tags":[68,63,42,71,26,23,32,22,70,62],"class_list":["post-6385","post","type-post","status-publish","format-standard","has-post-thumbnail","hentry","category-filmy-2","tag-cesarstwo-rzymskie","tag-historia-ziemi","tag-illuminati","tag-kosciol-katolicki","tag-ludzkosc","tag-niewolnictwo","tag-rzad","tag-satanizm","tag-tajne-stowarzyszenia","tag-wszechswiat"],"acf":[],"aioseo_notices":[],"_links":{"self":[{"href":"https:\/\/wia.net.pl\/index.php\/wp-json\/wp\/v2\/posts\/6385"}],"collection":[{"href":"https:\/\/wia.net.pl\/index.php\/wp-json\/wp\/v2\/posts"}],"about":[{"href":"https:\/\/wia.net.pl\/index.php\/wp-json\/wp\/v2\/types\/post"}],"author":[{"embeddable":true,"href":"https:\/\/wia.net.pl\/index.php\/wp-json\/wp\/v2\/users\/3"}],"replies":[{"embeddable":true,"href":"https:\/\/wia.net.pl\/index.php\/wp-json\/wp\/v2\/comments?post=6385"}],"version-history":[{"count":1,"href":"https:\/\/wia.net.pl\/index.php\/wp-json\/wp\/v2\/posts\/6385\/revisions"}],"predecessor-version":[{"id":6392,"href":"https:\/\/wia.net.pl\/index.php\/wp-json\/wp\/v2\/posts\/6385\/revisions\/6392"}],"wp:featuredmedia":[{"embeddable":true,"href":"https:\/\/wia.net.pl\/index.php\/wp-json\/wp\/v2\/media\/6388"}],"wp:attachment":[{"href":"https:\/\/wia.net.pl\/index.php\/wp-json\/wp\/v2\/media?parent=6385"}],"wp:term":[{"taxonomy":"category","embeddable":true,"href":"https:\/\/wia.net.pl\/index.php\/wp-json\/wp\/v2\/categories?post=6385"},{"taxonomy":"post_tag","embeddable":true,"href":"https:\/\/wia.net.pl\/index.php\/wp-json\/wp\/v2\/tags?post=6385"}],"curies":[{"name":"wp","href":"https:\/\/api.w.org\/{rel}","templated":true}]}}