{"id":6546,"date":"2024-01-12T22:21:38","date_gmt":"2024-01-12T21:21:38","guid":{"rendered":"https:\/\/wia.net.pl\/?p=6546"},"modified":"2024-01-12T22:21:39","modified_gmt":"2024-01-12T21:21:39","slug":"arch-strateg-mi-ka-el-mauro-biglino-cz-2","status":"publish","type":"post","link":"https:\/\/wia.net.pl\/index.php\/2024\/01\/12\/arch-strateg-mi-ka-el-mauro-biglino-cz-2\/","title":{"rendered":"Arch-Strateg MI-KA-EL \u2013 Mauro Biglino \u2013 Cz.2"},"content":{"rendered":"\n<p><span style=\"background-color: rgb(34, 34, 34); color: rgb(255, 255, 255); font-family: Roboto, &quot;Helvetica Neue&quot;, Helvetica, Arial, sans-serif; font-size: 16px; white-space: normal;\">Je\u015bli uwa\u017casz, \u017ce nasze materia\u0142y s\u0105 warto\u015bciowe dla ciebie wesprzyj nasz\u0105 dzia\u0142alno\u015b\u0107:<\/span><p style=\"box-sizing: border-box; margin: 0px 0px 25px; padding: 0px; border: 0px; outline: 0px; font-size: 16px; vertical-align: baseline; background: rgb(34, 34, 34); overflow-wrap: break-word; line-height: 1.7em; color: rgb(255, 255, 255); font-family: Roboto, &quot;Helvetica Neue&quot;, Helvetica, Arial, sans-serif; white-space: normal;\">Wsparcie\u00a0<a style=\"box-sizing: border-box; margin: 0px; padding: 0px; vertical-align: baseline; background: transparent; text-decoration-line: none; color: rgb(255, 76, 76);\" href=\"https:\/\/wia.net.pl\/index.php\/wsparcie\/\">https:\/\/wia.net.pl\/index.php\/wsparcie\/<\/a>\u0179r\u00f3d\u0142o:\u00a0<a style=\"box-sizing: border-box; margin: 0px; padding: 0px; vertical-align: baseline; background: transparent; color: rgb(255, 76, 76);\" href=\"https:\/\/www.youtube.com\/@MauroBiglinoOfficialChannel\">https:\/\/www.youtube.com\/@MauroBiglinoOfficialChannel<\/a><\/p><\/p>\n\n\n<p><iframe loading=\"lazy\" id=\"odysee-iframe\" width=\"560\" height=\"315\" src=\"https:\/\/odysee.com\/$\/embed\/@wolnoscanarchia:d\/Arch-Strateg-MI-KA-EL---Mauro-Biglino---Cz.2:f?r=KqtnN3u2RSe5GxY7Tos527f1XGfjXD4u\" allowfullscreen><\/iframe><\/p>\n","protected":false},"excerpt":{"rendered":"<p>Je\u015bli uwa\u017casz, \u017ce nasze materia\u0142y s\u0105 warto\u015bciowe dla ciebie wesprzyj nasz\u0105 dzia\u0142alno\u015b\u0107: Wsparcie\u00a0https:\/\/wia.net.pl\/index.php\/wsparcie\/\u0179r\u00f3d\u0142o:\u00a0https:\/\/www.youtube.com\/@MauroBiglinoOfficialChannel<\/p>\n","protected":false},"author":3,"featured_media":6547,"comment_status":"open","ping_status":"open","sticky":false,"template":"","format":"standard","meta":{"_acf_changed":false,"_bbp_topic_count":0,"_bbp_reply_count":0,"_bbp_total_topic_count":0,"_bbp_total_reply_count":0,"_bbp_voice_count":0,"_bbp_anonymous_reply_count":0,"_bbp_topic_count_hidden":0,"_bbp_reply_count_hidden":0,"_bbp_forum_subforum_count":0,"om_disable_all_campaigns":false,"_monsterinsights_skip_tracking":false,"footnotes":""},"categories":[96],"tags":[68,63,42,71,26,23,32,22,70],"class_list":["post-6546","post","type-post","status-publish","format-standard","has-post-thumbnail","hentry","category-religie","tag-cesarstwo-rzymskie","tag-historia-ziemi","tag-illuminati","tag-kosciol-katolicki","tag-ludzkosc","tag-niewolnictwo","tag-rzad","tag-satanizm","tag-tajne-stowarzyszenia"],"acf":[],"aioseo_notices":[],"aioseo_head":"\n\t\t<!-- All in One SEO 5.0.1.1 - aioseo.com -->\n\t<meta name=\"description\" content=\"Je\u015bli uwa\u017casz, \u017ce nasze materia\u0142y s\u0105 warto\u015bciowe dla ciebie wesprzyj nasz\u0105 dzia\u0142alno\u015b\u0107:Wsparcie https:\/\/wia.net.pl\/index.php\/wsparcie\/\u0179r\u00f3d\u0142o: https:\/\/www.youtube.com\/@MauroBiglinoOfficialChannel\" \/>\n\t<meta name=\"robots\" content=\"max-image-preview:large\" \/>\n\t<meta name=\"author\" content=\"Bart\u0142omiej Talarczyk\"\/>\n\t<link rel=\"canonical\" href=\"https:\/\/wia.net.pl\/index.php\/2024\/01\/12\/arch-strateg-mi-ka-el-mauro-biglino-cz-2\/\" \/>\n\t<meta name=\"generator\" content=\"All in One SEO (AIOSEO) 5.0.1.1\" \/>\n\t\t<meta property=\"og:locale\" content=\"pl_PL\" \/>\n\t\t<meta property=\"og:site_name\" content=\"Wolno\u015b\u0107 i Anarchia - Ka\u017cdy wewn\u0119trznie jest anarchist\u0105.\" \/>\n\t\t<meta property=\"og:type\" content=\"article\" \/>\n\t\t<meta property=\"og:title\" content=\"Arch-Strateg MI-KA-EL \u2013 Mauro Biglino \u2013 Cz.2 - Wolno\u015b\u0107 i Anarchia\" \/>\n\t\t<meta property=\"og:description\" content=\"Je\u015bli uwa\u017casz, \u017ce nasze materia\u0142y s\u0105 warto\u015bciowe dla ciebie wesprzyj nasz\u0105 dzia\u0142alno\u015b\u0107:Wsparcie https:\/\/wia.net.pl\/index.php\/wsparcie\/\u0179r\u00f3d\u0142o: https:\/\/www.youtube.com\/@MauroBiglinoOfficialChannel\" \/>\n\t\t<meta property=\"og:url\" content=\"https:\/\/wia.net.pl\/index.php\/2024\/01\/12\/arch-strateg-mi-ka-el-mauro-biglino-cz-2\/\" \/>\n\t\t<meta property=\"og:image\" content=\"https:\/\/wia.net.pl\/wp-content\/uploads\/2023\/11\/cropped-freedom-i73367.jpg\" \/>\n\t\t<meta property=\"og:image:secure_url\" content=\"https:\/\/wia.net.pl\/wp-content\/uploads\/2023\/11\/cropped-freedom-i73367.jpg\" \/>\n\t\t<meta property=\"article:published_time\" content=\"2024-01-12T21:21:38+00:00\" \/>\n\t\t<meta property=\"article:modified_time\" content=\"2024-01-12T21:21:39+00:00\" \/>\n\t\t<meta name=\"twitter:card\" content=\"summary_large_image\" \/>\n\t\t<meta name=\"twitter:title\" content=\"Arch-Strateg MI-KA-EL \u2013 Mauro Biglino \u2013 Cz.2 - Wolno\u015b\u0107 i Anarchia\" \/>\n\t\t<meta name=\"twitter:description\" content=\"Je\u015bli uwa\u017casz, \u017ce nasze materia\u0142y s\u0105 warto\u015bciowe dla ciebie wesprzyj nasz\u0105 dzia\u0142alno\u015b\u0107:Wsparcie https:\/\/wia.net.pl\/index.php\/wsparcie\/\u0179r\u00f3d\u0142o: https:\/\/www.youtube.com\/@MauroBiglinoOfficialChannel\" \/>\n\t\t<meta name=\"twitter:image\" content=\"https:\/\/wia.net.pl\/wp-content\/uploads\/2023\/11\/cropped-freedom-i73367.jpg\" \/>\n\t\t<script type=\"application\/ld+json\" class=\"aioseo-schema\">\n\t\t\t{\"@context\":\"https:\\\/\\\/schema.org\",\"@graph\":[{\"@type\":\"BlogPosting\",\"@id\":\"https:\\\/\\\/wia.net.pl\\\/index.php\\\/2024\\\/01\\\/12\\\/arch-strateg-mi-ka-el-mauro-biglino-cz-2\\\/#blogposting\",\"name\":\"Arch-Strateg MI-KA-EL \\u2013 Mauro Biglino \\u2013 Cz.2 - Wolno\\u015b\\u0107 i Anarchia\",\"headline\":\"Arch-Strateg MI-KA-EL \\u2013 Mauro Biglino \\u2013 Cz.2\",\"author\":{\"@id\":\"https:\\\/\\\/wia.net.pl\\\/index.php\\\/author\\\/talar\\\/#author\"},\"publisher\":{\"@id\":\"https:\\\/\\\/wia.net.pl\\\/#person\"},\"image\":{\"@type\":\"ImageObject\",\"url\":\"https:\\\/\\\/wia.net.pl\\\/wp-content\\\/uploads\\\/2024\\\/01\\\/MI-KA-EL2.jpg\",\"width\":1920,\"height\":1080},\"datePublished\":\"2024-01-12T22:21:38+01:00\",\"dateModified\":\"2024-01-12T22:21:39+01:00\",\"inLanguage\":\"pl-PL\",\"mainEntityOfPage\":{\"@id\":\"https:\\\/\\\/wia.net.pl\\\/index.php\\\/2024\\\/01\\\/12\\\/arch-strateg-mi-ka-el-mauro-biglino-cz-2\\\/#webpage\"},\"isPartOf\":{\"@id\":\"https:\\\/\\\/wia.net.pl\\\/index.php\\\/2024\\\/01\\\/12\\\/arch-strateg-mi-ka-el-mauro-biglino-cz-2\\\/#webpage\"},\"articleSection\":\"Religie, Cesarstwo Rzymskie, Historia ziemi, Illuminati, Ko\\u015bci\\u00f3\\u0142 katolicki, Ludzko\\u015b\\u0107, Niewolnictwo, Rz\\u0105d, Satanizm, Tajne stowarzyszenia\"},{\"@type\":\"BreadcrumbList\",\"@id\":\"https:\\\/\\\/wia.net.pl\\\/index.php\\\/2024\\\/01\\\/12\\\/arch-strateg-mi-ka-el-mauro-biglino-cz-2\\\/#breadcrumblist\",\"itemListElement\":[{\"@type\":\"ListItem\",\"@id\":\"https:\\\/\\\/wia.net.pl#listItem\",\"position\":1,\"name\":\"Home\",\"item\":\"https:\\\/\\\/wia.net.pl\",\"nextItem\":{\"@type\":\"ListItem\",\"@id\":\"https:\\\/\\\/wia.net.pl\\\/index.php\\\/category\\\/religie\\\/#listItem\",\"name\":\"Religie\"}},{\"@type\":\"ListItem\",\"@id\":\"https:\\\/\\\/wia.net.pl\\\/index.php\\\/category\\\/religie\\\/#listItem\",\"position\":2,\"name\":\"Religie\",\"item\":\"https:\\\/\\\/wia.net.pl\\\/index.php\\\/category\\\/religie\\\/\",\"nextItem\":{\"@type\":\"ListItem\",\"@id\":\"https:\\\/\\\/wia.net.pl\\\/index.php\\\/2024\\\/01\\\/12\\\/arch-strateg-mi-ka-el-mauro-biglino-cz-2\\\/#listItem\",\"name\":\"Arch-Strateg MI-KA-EL \\u2013 Mauro Biglino \\u2013 Cz.2\"},\"previousItem\":{\"@type\":\"ListItem\",\"@id\":\"https:\\\/\\\/wia.net.pl#listItem\",\"name\":\"Home\"}},{\"@type\":\"ListItem\",\"@id\":\"https:\\\/\\\/wia.net.pl\\\/index.php\\\/2024\\\/01\\\/12\\\/arch-strateg-mi-ka-el-mauro-biglino-cz-2\\\/#listItem\",\"position\":3,\"name\":\"Arch-Strateg MI-KA-EL \\u2013 Mauro Biglino \\u2013 Cz.2\",\"previousItem\":{\"@type\":\"ListItem\",\"@id\":\"https:\\\/\\\/wia.net.pl\\\/index.php\\\/category\\\/religie\\\/#listItem\",\"name\":\"Religie\"}}]},{\"@type\":\"Person\",\"@id\":\"https:\\\/\\\/wia.net.pl\\\/#person\",\"name\":\"Bart\\u0142omiej Talarczyk\",\"image\":{\"@type\":\"ImageObject\",\"@id\":\"https:\\\/\\\/wia.net.pl\\\/index.php\\\/2024\\\/01\\\/12\\\/arch-strateg-mi-ka-el-mauro-biglino-cz-2\\\/#personImage\",\"url\":\"https:\\\/\\\/wia.net.pl\\\/wp-content\\\/uploads\\\/avatar-privacy\\\/cache\\\/user\\\/1\\\/7\\\/176a6b161c58363ff49b5c167264231f519f5c7fa183ca1f61e891769b6b56d5-96.jpg\",\"width\":96,\"height\":96,\"caption\":\"Bart\\u0142omiej Talarczyk\"}},{\"@type\":\"Person\",\"@id\":\"https:\\\/\\\/wia.net.pl\\\/index.php\\\/author\\\/talar\\\/#author\",\"url\":\"https:\\\/\\\/wia.net.pl\\\/index.php\\\/author\\\/talar\\\/\",\"name\":\"Bart\\u0142omiej Talarczyk\",\"image\":{\"@type\":\"ImageObject\",\"@id\":\"https:\\\/\\\/wia.net.pl\\\/index.php\\\/2024\\\/01\\\/12\\\/arch-strateg-mi-ka-el-mauro-biglino-cz-2\\\/#authorImage\",\"url\":\"https:\\\/\\\/wia.net.pl\\\/wp-content\\\/uploads\\\/avatar-privacy\\\/cache\\\/user\\\/1\\\/7\\\/176a6b161c58363ff49b5c167264231f519f5c7fa183ca1f61e891769b6b56d5-96.jpg\",\"width\":96,\"height\":96,\"caption\":\"Bart\\u0142omiej Talarczyk\"}},{\"@type\":\"WebPage\",\"@id\":\"https:\\\/\\\/wia.net.pl\\\/index.php\\\/2024\\\/01\\\/12\\\/arch-strateg-mi-ka-el-mauro-biglino-cz-2\\\/#webpage\",\"url\":\"https:\\\/\\\/wia.net.pl\\\/index.php\\\/2024\\\/01\\\/12\\\/arch-strateg-mi-ka-el-mauro-biglino-cz-2\\\/\",\"name\":\"Arch-Strateg MI-KA-EL \\u2013 Mauro Biglino \\u2013 Cz.2 - Wolno\\u015b\\u0107 i Anarchia\",\"description\":\"Je\\u015bli uwa\\u017casz, \\u017ce nasze materia\\u0142y s\\u0105 warto\\u015bciowe dla ciebie wesprzyj nasz\\u0105 dzia\\u0142alno\\u015b\\u0107:Wsparcie https:\\\/\\\/wia.net.pl\\\/index.php\\\/wsparcie\\\/\\u0179r\\u00f3d\\u0142o: https:\\\/\\\/www.youtube.com\\\/@MauroBiglinoOfficialChannel\",\"inLanguage\":\"pl-PL\",\"isPartOf\":{\"@id\":\"https:\\\/\\\/wia.net.pl\\\/#website\"},\"breadcrumb\":{\"@id\":\"https:\\\/\\\/wia.net.pl\\\/index.php\\\/2024\\\/01\\\/12\\\/arch-strateg-mi-ka-el-mauro-biglino-cz-2\\\/#breadcrumblist\"},\"author\":{\"@id\":\"https:\\\/\\\/wia.net.pl\\\/index.php\\\/author\\\/talar\\\/#author\"},\"creator\":{\"@id\":\"https:\\\/\\\/wia.net.pl\\\/index.php\\\/author\\\/talar\\\/#author\"},\"image\":{\"@type\":\"ImageObject\",\"url\":\"https:\\\/\\\/wia.net.pl\\\/wp-content\\\/uploads\\\/2024\\\/01\\\/MI-KA-EL2.jpg\",\"@id\":\"https:\\\/\\\/wia.net.pl\\\/index.php\\\/2024\\\/01\\\/12\\\/arch-strateg-mi-ka-el-mauro-biglino-cz-2\\\/#mainImage\",\"width\":1920,\"height\":1080},\"primaryImageOfPage\":{\"@id\":\"https:\\\/\\\/wia.net.pl\\\/index.php\\\/2024\\\/01\\\/12\\\/arch-strateg-mi-ka-el-mauro-biglino-cz-2\\\/#mainImage\"},\"datePublished\":\"2024-01-12T22:21:38+01:00\",\"dateModified\":\"2024-01-12T22:21:39+01:00\"},{\"@type\":\"WebSite\",\"@id\":\"https:\\\/\\\/wia.net.pl\\\/#website\",\"url\":\"https:\\\/\\\/wia.net.pl\\\/\",\"name\":\"Wolno\\u015b\\u0107 i Anarchia\",\"description\":\"Ka\\u017cdy wewn\\u0119trznie jest anarchist\\u0105.\",\"inLanguage\":\"pl-PL\",\"publisher\":{\"@id\":\"https:\\\/\\\/wia.net.pl\\\/#person\"}}]}\n\t\t<\/script>\n\t\t<!-- All in One SEO -->\n\n","aioseo_head_json":{"title":"Arch-Strateg MI-KA-EL \u2013 Mauro Biglino \u2013 Cz.2 - Wolno\u015b\u0107 i Anarchia","description":"Je\u015bli uwa\u017casz, \u017ce nasze materia\u0142y s\u0105 warto\u015bciowe dla ciebie wesprzyj nasz\u0105 dzia\u0142alno\u015b\u0107:Wsparcie https:\/\/wia.net.pl\/index.php\/wsparcie\/\u0179r\u00f3d\u0142o: https:\/\/www.youtube.com\/@MauroBiglinoOfficialChannel","canonical_url":"https:\/\/wia.net.pl\/index.php\/2024\/01\/12\/arch-strateg-mi-ka-el-mauro-biglino-cz-2\/","robots":"max-image-preview:large","keywords":"","webmasterTools":{"miscellaneous":""},"schema":{"@context":"https:\/\/schema.org","@graph":[{"@type":"BlogPosting","@id":"https:\/\/wia.net.pl\/index.php\/2024\/01\/12\/arch-strateg-mi-ka-el-mauro-biglino-cz-2\/#blogposting","name":"Arch-Strateg MI-KA-EL \u2013 Mauro Biglino \u2013 Cz.2 - Wolno\u015b\u0107 i Anarchia","headline":"Arch-Strateg MI-KA-EL \u2013 Mauro Biglino \u2013 Cz.2","author":{"@id":"https:\/\/wia.net.pl\/index.php\/author\/talar\/#author"},"publisher":{"@id":"https:\/\/wia.net.pl\/#person"},"image":{"@type":"ImageObject","url":"https:\/\/wia.net.pl\/wp-content\/uploads\/2024\/01\/MI-KA-EL2.jpg","width":1920,"height":1080},"datePublished":"2024-01-12T22:21:38+01:00","dateModified":"2024-01-12T22:21:39+01:00","inLanguage":"pl-PL","mainEntityOfPage":{"@id":"https:\/\/wia.net.pl\/index.php\/2024\/01\/12\/arch-strateg-mi-ka-el-mauro-biglino-cz-2\/#webpage"},"isPartOf":{"@id":"https:\/\/wia.net.pl\/index.php\/2024\/01\/12\/arch-strateg-mi-ka-el-mauro-biglino-cz-2\/#webpage"},"articleSection":"Religie, Cesarstwo Rzymskie, Historia ziemi, Illuminati, Ko\u015bci\u00f3\u0142 katolicki, Ludzko\u015b\u0107, Niewolnictwo, Rz\u0105d, Satanizm, Tajne stowarzyszenia"},{"@type":"BreadcrumbList","@id":"https:\/\/wia.net.pl\/index.php\/2024\/01\/12\/arch-strateg-mi-ka-el-mauro-biglino-cz-2\/#breadcrumblist","itemListElement":[{"@type":"ListItem","@id":"https:\/\/wia.net.pl#listItem","position":1,"name":"Home","item":"https:\/\/wia.net.pl","nextItem":{"@type":"ListItem","@id":"https:\/\/wia.net.pl\/index.php\/category\/religie\/#listItem","name":"Religie"}},{"@type":"ListItem","@id":"https:\/\/wia.net.pl\/index.php\/category\/religie\/#listItem","position":2,"name":"Religie","item":"https:\/\/wia.net.pl\/index.php\/category\/religie\/","nextItem":{"@type":"ListItem","@id":"https:\/\/wia.net.pl\/index.php\/2024\/01\/12\/arch-strateg-mi-ka-el-mauro-biglino-cz-2\/#listItem","name":"Arch-Strateg MI-KA-EL \u2013 Mauro Biglino \u2013 Cz.2"},"previousItem":{"@type":"ListItem","@id":"https:\/\/wia.net.pl#listItem","name":"Home"}},{"@type":"ListItem","@id":"https:\/\/wia.net.pl\/index.php\/2024\/01\/12\/arch-strateg-mi-ka-el-mauro-biglino-cz-2\/#listItem","position":3,"name":"Arch-Strateg MI-KA-EL \u2013 Mauro Biglino \u2013 Cz.2","previousItem":{"@type":"ListItem","@id":"https:\/\/wia.net.pl\/index.php\/category\/religie\/#listItem","name":"Religie"}}]},{"@type":"Person","@id":"https:\/\/wia.net.pl\/#person","name":"Bart\u0142omiej Talarczyk","image":{"@type":"ImageObject","@id":"https:\/\/wia.net.pl\/index.php\/2024\/01\/12\/arch-strateg-mi-ka-el-mauro-biglino-cz-2\/#personImage","url":"https:\/\/wia.net.pl\/wp-content\/uploads\/avatar-privacy\/cache\/user\/1\/7\/176a6b161c58363ff49b5c167264231f519f5c7fa183ca1f61e891769b6b56d5-96.jpg","width":96,"height":96,"caption":"Bart\u0142omiej Talarczyk"}},{"@type":"Person","@id":"https:\/\/wia.net.pl\/index.php\/author\/talar\/#author","url":"https:\/\/wia.net.pl\/index.php\/author\/talar\/","name":"Bart\u0142omiej Talarczyk","image":{"@type":"ImageObject","@id":"https:\/\/wia.net.pl\/index.php\/2024\/01\/12\/arch-strateg-mi-ka-el-mauro-biglino-cz-2\/#authorImage","url":"https:\/\/wia.net.pl\/wp-content\/uploads\/avatar-privacy\/cache\/user\/1\/7\/176a6b161c58363ff49b5c167264231f519f5c7fa183ca1f61e891769b6b56d5-96.jpg","width":96,"height":96,"caption":"Bart\u0142omiej Talarczyk"}},{"@type":"WebPage","@id":"https:\/\/wia.net.pl\/index.php\/2024\/01\/12\/arch-strateg-mi-ka-el-mauro-biglino-cz-2\/#webpage","url":"https:\/\/wia.net.pl\/index.php\/2024\/01\/12\/arch-strateg-mi-ka-el-mauro-biglino-cz-2\/","name":"Arch-Strateg MI-KA-EL \u2013 Mauro Biglino \u2013 Cz.2 - Wolno\u015b\u0107 i Anarchia","description":"Je\u015bli uwa\u017casz, \u017ce nasze materia\u0142y s\u0105 warto\u015bciowe dla ciebie wesprzyj nasz\u0105 dzia\u0142alno\u015b\u0107:Wsparcie https:\/\/wia.net.pl\/index.php\/wsparcie\/\u0179r\u00f3d\u0142o: https:\/\/www.youtube.com\/@MauroBiglinoOfficialChannel","inLanguage":"pl-PL","isPartOf":{"@id":"https:\/\/wia.net.pl\/#website"},"breadcrumb":{"@id":"https:\/\/wia.net.pl\/index.php\/2024\/01\/12\/arch-strateg-mi-ka-el-mauro-biglino-cz-2\/#breadcrumblist"},"author":{"@id":"https:\/\/wia.net.pl\/index.php\/author\/talar\/#author"},"creator":{"@id":"https:\/\/wia.net.pl\/index.php\/author\/talar\/#author"},"image":{"@type":"ImageObject","url":"https:\/\/wia.net.pl\/wp-content\/uploads\/2024\/01\/MI-KA-EL2.jpg","@id":"https:\/\/wia.net.pl\/index.php\/2024\/01\/12\/arch-strateg-mi-ka-el-mauro-biglino-cz-2\/#mainImage","width":1920,"height":1080},"primaryImageOfPage":{"@id":"https:\/\/wia.net.pl\/index.php\/2024\/01\/12\/arch-strateg-mi-ka-el-mauro-biglino-cz-2\/#mainImage"},"datePublished":"2024-01-12T22:21:38+01:00","dateModified":"2024-01-12T22:21:39+01:00"},{"@type":"WebSite","@id":"https:\/\/wia.net.pl\/#website","url":"https:\/\/wia.net.pl\/","name":"Wolno\u015b\u0107 i Anarchia","description":"Ka\u017cdy wewn\u0119trznie jest anarchist\u0105.","inLanguage":"pl-PL","publisher":{"@id":"https:\/\/wia.net.pl\/#person"}}]},"og:locale":"pl_PL","og:site_name":"Wolno\u015b\u0107 i Anarchia - Ka\u017cdy wewn\u0119trznie jest anarchist\u0105.","og:type":"article","og:title":"Arch-Strateg MI-KA-EL \u2013 Mauro Biglino \u2013 Cz.2 - Wolno\u015b\u0107 i Anarchia","og:description":"Je\u015bli uwa\u017casz, \u017ce nasze materia\u0142y s\u0105 warto\u015bciowe dla ciebie wesprzyj nasz\u0105 dzia\u0142alno\u015b\u0107:Wsparcie https:\/\/wia.net.pl\/index.php\/wsparcie\/\u0179r\u00f3d\u0142o: https:\/\/www.youtube.com\/@MauroBiglinoOfficialChannel","og:url":"https:\/\/wia.net.pl\/index.php\/2024\/01\/12\/arch-strateg-mi-ka-el-mauro-biglino-cz-2\/","og:image":"https:\/\/wia.net.pl\/wp-content\/uploads\/2023\/11\/cropped-freedom-i73367.jpg","og:image:secure_url":"https:\/\/wia.net.pl\/wp-content\/uploads\/2023\/11\/cropped-freedom-i73367.jpg","article:published_time":"2024-01-12T21:21:38+00:00","article:modified_time":"2024-01-12T21:21:39+00:00","twitter:card":"summary_large_image","twitter:title":"Arch-Strateg MI-KA-EL \u2013 Mauro Biglino \u2013 Cz.2 - Wolno\u015b\u0107 i Anarchia","twitter:description":"Je\u015bli uwa\u017casz, \u017ce nasze materia\u0142y s\u0105 warto\u015bciowe dla ciebie wesprzyj nasz\u0105 dzia\u0142alno\u015b\u0107:Wsparcie https:\/\/wia.net.pl\/index.php\/wsparcie\/\u0179r\u00f3d\u0142o: https:\/\/www.youtube.com\/@MauroBiglinoOfficialChannel","twitter:image":"https:\/\/wia.net.pl\/wp-content\/uploads\/2023\/11\/cropped-freedom-i73367.jpg"},"aioseo_meta_data":{"post_id":"6546","title":null,"description":null,"keywords":[],"keyphrases":{"focus":{"keyphrase":"","score":0,"analysis":{"keyphraseInTitle":{"score":0,"maxScore":9,"error":1}}},"additional":[]},"primary_term":null,"canonical_url":null,"og_title":null,"og_description":null,"og_object_type":"default","og_image_type":"default","og_image_url":null,"og_image_width":null,"og_image_height":null,"og_image_custom_url":null,"og_image_custom_fields":null,"og_video":"","og_custom_url":null,"og_article_section":null,"og_article_tags":[],"twitter_use_og":false,"twitter_card":"default","twitter_image_type":"default","twitter_image_url":null,"twitter_image_custom_url":null,"twitter_image_custom_fields":null,"twitter_title":null,"twitter_description":null,"schema":{"blockGraphs":[],"customGraphs":[],"default":{"data":{"Article":[],"Course":[],"Dataset":[],"FAQPage":[],"Movie":[],"Person":[],"Product":[],"ProductReview":[],"Car":[],"Recipe":[],"Service":[],"SoftwareApplication":[],"WebPage":[]},"graphName":"BlogPosting","isEnabled":true},"graphs":[]},"schema_type":"default","schema_type_options":null,"pillar_content":false,"robots_default":true,"robots_noindex":false,"robots_noarchive":false,"robots_nosnippet":false,"robots_nofollow":false,"robots_noimageindex":false,"robots_noodp":false,"robots_notranslate":false,"robots_max_snippet":"-1","robots_max_videopreview":"-1","robots_max_imagepreview":"large","priority":null,"frequency":"default","local_seo":null,"breadcrumb_settings":null,"limit_modified_date":false,"ai":null,"created":"2024-01-12 21:21:39","updated":"2025-06-04 10:03:07","seo_analyzer_scan_date":null,"focus_keyword":null,"additional_keywords":null,"truseo_locale":null},"aioseo_breadcrumb":"<div class=\"aioseo-breadcrumbs\"><span class=\"aioseo-breadcrumb\">\n\t\t\t<a href=\"https:\/\/wia.net.pl\" title=\"Home\">Home<\/a>\n\t\t<\/span><span class=\"aioseo-breadcrumb-separator\">&raquo;<\/span><span class=\"aioseo-breadcrumb\">\n\t\t\t<a href=\"https:\/\/wia.net.pl\/index.php\/category\/religie\/\" title=\"Religie\">Religie<\/a>\n\t\t<\/span><span class=\"aioseo-breadcrumb-separator\">&raquo;<\/span><span class=\"aioseo-breadcrumb\">\n\t\t\tArch-Strateg MI-KA-EL \u2013 Mauro Biglino \u2013 Cz.2\n\t\t<\/span><\/div>","aioseo_breadcrumb_json":[{"label":"Home","link":"https:\/\/wia.net.pl"},{"label":"Religie","link":"https:\/\/wia.net.pl\/index.php\/category\/religie\/"},{"label":"Arch-Strateg MI-KA-EL \u2013 Mauro Biglino \u2013 Cz.2","link":"https:\/\/wia.net.pl\/index.php\/2024\/01\/12\/arch-strateg-mi-ka-el-mauro-biglino-cz-2\/"}],"_links":{"self":[{"href":"https:\/\/wia.net.pl\/index.php\/wp-json\/wp\/v2\/posts\/6546"}],"collection":[{"href":"https:\/\/wia.net.pl\/index.php\/wp-json\/wp\/v2\/posts"}],"about":[{"href":"https:\/\/wia.net.pl\/index.php\/wp-json\/wp\/v2\/types\/post"}],"author":[{"embeddable":true,"href":"https:\/\/wia.net.pl\/index.php\/wp-json\/wp\/v2\/users\/3"}],"replies":[{"embeddable":true,"href":"https:\/\/wia.net.pl\/index.php\/wp-json\/wp\/v2\/comments?post=6546"}],"version-history":[{"count":2,"href":"https:\/\/wia.net.pl\/index.php\/wp-json\/wp\/v2\/posts\/6546\/revisions"}],"predecessor-version":[{"id":6549,"href":"https:\/\/wia.net.pl\/index.php\/wp-json\/wp\/v2\/posts\/6546\/revisions\/6549"}],"wp:featuredmedia":[{"embeddable":true,"href":"https:\/\/wia.net.pl\/index.php\/wp-json\/wp\/v2\/media\/6547"}],"wp:attachment":[{"href":"https:\/\/wia.net.pl\/index.php\/wp-json\/wp\/v2\/media?parent=6546"}],"wp:term":[{"taxonomy":"category","embeddable":true,"href":"https:\/\/wia.net.pl\/index.php\/wp-json\/wp\/v2\/categories?post=6546"},{"taxonomy":"post_tag","embeddable":true,"href":"https:\/\/wia.net.pl\/index.php\/wp-json\/wp\/v2\/tags?post=6546"}],"curies":[{"name":"wp","href":"https:\/\/api.w.org\/{rel}","templated":true}]}}