{"id":6610,"date":"2024-01-21T01:24:46","date_gmt":"2024-01-21T00:24:46","guid":{"rendered":"https:\/\/wia.net.pl\/?p=6610"},"modified":"2024-01-21T01:24:47","modified_gmt":"2024-01-21T00:24:47","slug":"mauro-biglino-i-paul-wallis-qa-od-publicznosci","status":"publish","type":"post","link":"https:\/\/wia.net.pl\/index.php\/2024\/01\/21\/mauro-biglino-i-paul-wallis-qa-od-publicznosci\/","title":{"rendered":"Mauro Biglino i Paul Wallis &#8211; Q&#038;A od publiczno\u015bci"},"content":{"rendered":"\n<p>\u0179r\u00f3d\u0142o:&nbsp;<a href=\"https:\/\/www.youtube.com\/@The5thKind\" target=\"_blank\" rel=\"noreferrer noopener\">https:\/\/www.youtube.com\/@The5thKind<\/a><\/p>\n\n\n<p><iframe loading=\"lazy\" id=\"odysee-iframe\" width=\"560\" height=\"315\" src=\"https:\/\/odysee.com\/$\/embed\/@wolnoscanarchia:d\/Maauro-Biglino-i-Paul-Wallis---Q-A-od-publiczno\u015bci:b?r=KqtnN3u2RSe5GxY7Tos527f1XGfjXD4u\" allowfullscreen><\/iframe><\/p>\n<div class=\"remoji_bar\"><div class=\"remoji_add_container\" data-remoji-id=\"6610\" data-remoji-type=\"post\"><div class=\"remoji_add_icon\"><\/div><\/div><div class=\"remoji_error_bar\" data-remoji-id=\"6610\" data-remoji-type=\"post\" style=\"display: none;\">Error happened.<\/div><\/div>","protected":false},"excerpt":{"rendered":"<p>\u0179r\u00f3d\u0142o:&nbsp;https:\/\/www.youtube.com\/@The5thKind Error happened.<\/p>\n","protected":false},"author":3,"featured_media":6620,"comment_status":"open","ping_status":"open","sticky":false,"template":"","format":"standard","meta":{"_acf_changed":false,"_bbp_topic_count":0,"_bbp_reply_count":0,"_bbp_total_topic_count":0,"_bbp_total_reply_count":0,"_bbp_voice_count":0,"_bbp_anonymous_reply_count":0,"_bbp_topic_count_hidden":0,"_bbp_reply_count_hidden":0,"_bbp_forum_subforum_count":0,"om_disable_all_campaigns":false,"_monsterinsights_skip_tracking":false,"_monsterinsights_sitenote_active":false,"_monsterinsights_sitenote_note":"","_monsterinsights_sitenote_category":0,"footnotes":""},"categories":[8,96],"tags":[68,63,42,71,26,23,32,22,70,62],"class_list":["post-6610","post","type-post","status-publish","format-standard","has-post-thumbnail","hentry","category-prelekcjewywiady","category-religie","tag-cesarstwo-rzymskie","tag-historia-ziemi","tag-illuminati","tag-kosciol-katolicki","tag-ludzkosc","tag-niewolnictwo","tag-rzad","tag-satanizm","tag-tajne-stowarzyszenia","tag-wszechswiat"],"acf":[],"aioseo_notices":[],"_links":{"self":[{"href":"https:\/\/wia.net.pl\/index.php\/wp-json\/wp\/v2\/posts\/6610"}],"collection":[{"href":"https:\/\/wia.net.pl\/index.php\/wp-json\/wp\/v2\/posts"}],"about":[{"href":"https:\/\/wia.net.pl\/index.php\/wp-json\/wp\/v2\/types\/post"}],"author":[{"embeddable":true,"href":"https:\/\/wia.net.pl\/index.php\/wp-json\/wp\/v2\/users\/3"}],"replies":[{"embeddable":true,"href":"https:\/\/wia.net.pl\/index.php\/wp-json\/wp\/v2\/comments?post=6610"}],"version-history":[{"count":1,"href":"https:\/\/wia.net.pl\/index.php\/wp-json\/wp\/v2\/posts\/6610\/revisions"}],"predecessor-version":[{"id":6621,"href":"https:\/\/wia.net.pl\/index.php\/wp-json\/wp\/v2\/posts\/6610\/revisions\/6621"}],"wp:featuredmedia":[{"embeddable":true,"href":"https:\/\/wia.net.pl\/index.php\/wp-json\/wp\/v2\/media\/6620"}],"wp:attachment":[{"href":"https:\/\/wia.net.pl\/index.php\/wp-json\/wp\/v2\/media?parent=6610"}],"wp:term":[{"taxonomy":"category","embeddable":true,"href":"https:\/\/wia.net.pl\/index.php\/wp-json\/wp\/v2\/categories?post=6610"},{"taxonomy":"post_tag","embeddable":true,"href":"https:\/\/wia.net.pl\/index.php\/wp-json\/wp\/v2\/tags?post=6610"}],"curies":[{"name":"wp","href":"https:\/\/api.w.org\/{rel}","templated":true}]}}