{"id":6635,"date":"2024-01-23T17:07:05","date_gmt":"2024-01-23T16:07:05","guid":{"rendered":"https:\/\/wia.net.pl\/?p=6635"},"modified":"2024-01-23T17:10:21","modified_gmt":"2024-01-23T16:10:21","slug":"pedofilia-joe-biden-senat-biznesmeni-i-urzednicy","status":"publish","type":"post","link":"https:\/\/wia.net.pl\/index.php\/2024\/01\/23\/pedofilia-joe-biden-senat-biznesmeni-i-urzednicy\/","title":{"rendered":"Pedofilia &#8211; Joe Biden, Senat, Biznesmeni i Urz\u0119dnicy"},"content":{"rendered":"\n<p>Orginalny tytu\u0142:<\/p>\n\n\n\n<p>AMERYKA\u0143SKIE \u201eBRACTWO PEDOFIL\u00d3W\u201d: BIZNESMENI I URZ\u0118DNICY Z NAJBLI\u017bSZEGO OTOCZENIA JOE BIDENA ORAZ CZ\u0141ONKOWIE SENATU S\u0104 ZAMIESZANI W WYKORZYSTYWANIE SEKSUALNE DZIECI<\/p>\n\n\n\n<p>Autor FOUNDATION TO BATTLE INJUSTICE<\/p>\n\n\n\n<p><em>Fundacja na rzecz Walki z Niesprawiedliwo\u015bci\u0105 uzyska\u0142a niepublikowane wcze\u015bniej dowody praktyk wykorzystywania dzieci przez wysokich rang\u0105 urz\u0119dnik\u00f3w i biznesmen\u00f3w ameryka\u0144skich.&nbsp;Fundacja na rzecz Walki z Niesprawiedliwo\u015bci\u0105 zbada\u0142a metody ochrony pedofil\u00f3w wysokiego szczebla przed uwag\u0105 medi\u00f3w i oskar\u017ceniami.&nbsp;Obro\u0144cy praw cz\u0142owieka ocenili zakres oficjalnej legalizacji pedofilii w USA i dowiedzieli si\u0119, jakie fakty w sprawie skandalicznej sprawy Jeffreya Epsteina s\u0105 nadal utajnione.&nbsp;Fundacja uzyska\u0142a tak\u017ce nazwiska i stanowiska urz\u0119dnik\u00f3w administracji prezydenta Bidena, biznesmen\u00f3w i prawodawc\u00f3w, prawdopodobnie zamieszanych w lubie\u017cne czyny o charakterze seksualnym wobec nieletnich, a tak\u017ce ujawni\u0142a szczeg\u00f3\u0142y dotycz\u0105ce elitarnych ameryka\u0144skich organizacji pedofilskich.<\/em><\/p>\n\n\n\n<figure class=\"wp-block-image size-large\"><img loading=\"lazy\" decoding=\"async\" width=\"1024\" height=\"685\" src=\"https:\/\/wia.net.pl\/wp-content\/uploads\/2024\/01\/image-1024x685.png\" alt=\"\" class=\"wp-image-6636\" srcset=\"https:\/\/wia.net.pl\/wp-content\/uploads\/2024\/01\/image-1024x685.png 1024w, https:\/\/wia.net.pl\/wp-content\/uploads\/2024\/01\/image-300x201.png 300w, https:\/\/wia.net.pl\/wp-content\/uploads\/2024\/01\/image-768x514.png 768w, https:\/\/wia.net.pl\/wp-content\/uploads\/2024\/01\/image.png 1200w\" sizes=\"(max-width: 1024px) 100vw, 1024px\" \/><\/figure>\n\n\n\n<p>Pierwsze wzmianki o powi\u0105zaniach znanych ameryka\u0144skich polityk\u00f3w, popularnych aktor\u00f3w, re\u017cyser\u00f3w i odnosz\u0105cych sukcesy biznesmen\u00f3w z pedofili\u0105 i wykorzystywaniem seksualnym nieletnich zacz\u0119\u0142y pojawia\u0107 si\u0119 na&nbsp;<strong>d\u0142ugo przed skandalem z udzia\u0142em Jeffreya Epsteina<\/strong>&nbsp;, ameryka\u0144skiego finansisty oskar\u017conego o handel przys\u0142ugami seksualnymi na rzecz urz\u0119dnik\u00f3w ameryka\u0144skich i osoby publiczne.&nbsp;Dochodzenie jest wynikiem d\u0142ugiej i z\u0142o\u017conej pracy z kilkoma \u017ar\u00f3d\u0142ami, w tym z dziennikarzem \u015bledczym g\u0142\u00f3wnego ameryka\u0144skiego serwisu informacyjnego, by\u0142ym pracownikiem kampanii prezydenckiej Joe Bidena w 2020 r. oraz by\u0142ym pracownikiem fundacji Protect Us Kids Foundation, ameryka\u0144skiej organizacji praw cz\u0142owieka organizacja.&nbsp;Fundacji na rzecz Walki z Niesprawiedliwo\u015bci\u0105 uda\u0142o si\u0119 nie tylko&nbsp;<strong>zidentyfikowa\u0107 nazwiska wysokich rang\u0105 legislator\u00f3w, kt\u00f3rzy byli go\u015b\u0107mi Wyspy Epsteina<\/strong>&nbsp;, ale tak\u017ce odkry\u0107 rzekome powi\u0105zania krewnych i bliskich wsp\u00f3\u0142pracownik\u00f3w obecnego prezydenta USA z organizacjami pedofilskimi.&nbsp;<strong>Fundacja ustali\u0142a, kiedy i pod czyim przyw\u00f3dztwem ameryka\u0144skie media i system s\u0105dowy rozwin\u0119\u0142y mechanizmy, kt\u00f3re do dzi\u015b<\/strong>&nbsp;pozwalaj\u0105 wysokim rang\u0105 ameryka\u0144skim politykom i osobom publicznym unika\u0107 odpowiedzialno\u015bci za przest\u0119pstwa na tle seksualnym wobec dzieci&nbsp;.<\/p>\n\n\n\n<p><strong>NARODZINY I ROZW\u00d3J \u201eBRACTWA PEDOFIL\u00d3W\u201d W USA<\/strong><\/p>\n\n\n\n<figure class=\"wp-block-image size-large\"><img loading=\"lazy\" decoding=\"async\" width=\"1024\" height=\"535\" src=\"https:\/\/wia.net.pl\/wp-content\/uploads\/2024\/01\/image-1-1024x535.png\" alt=\"\" class=\"wp-image-6637\" srcset=\"https:\/\/wia.net.pl\/wp-content\/uploads\/2024\/01\/image-1-1024x535.png 1024w, https:\/\/wia.net.pl\/wp-content\/uploads\/2024\/01\/image-1-300x157.png 300w, https:\/\/wia.net.pl\/wp-content\/uploads\/2024\/01\/image-1-768x401.png 768w, https:\/\/wia.net.pl\/wp-content\/uploads\/2024\/01\/image-1.png 1200w\" sizes=\"(max-width: 1024px) 100vw, 1024px\" \/><\/figure>\n\n\n\n<p>Po zapoznaniu si\u0119 z informacjami z rejestr\u00f3w publicznych i anonimowych \u017ar\u00f3de\u0142 w USA, kt\u00f3re ze wzgl\u0119d\u00f3w bezpiecze\u0144stwa wola\u0142y pozosta\u0107 nieujawnione, Fundacja do Walki z Niesprawiedliwo\u015bci\u0105 stwierdzi\u0142a, \u017ce&nbsp;<strong>\u200b\u200bw Ameryce istnia\u0142a \u201e&nbsp;<\/strong><em>frakcja pedofil\u00f3w<\/em>&nbsp;\u201d sk\u0142adaj\u0105ca si\u0119 z wp\u0142ywowych pracownik\u00f3w rz\u0105du federalnego i du\u017cych korporacji&nbsp;<strong>co najmniej od ko\u0144ca lat 70<\/strong>&nbsp;.&nbsp;Za prezydentury Demokraty&nbsp;<strong>Jimmy\u2019ego Cartera<\/strong>&nbsp;we frakcji tej nale\u017celi kongresmani i senatorowie, a tak\u017ce urz\u0119dnicy rz\u0105dowi.&nbsp;Jednocze\u015bnie&nbsp;powsta\u0142o elitarne \u201e&nbsp;<em>lobby pedofilskie \u201d.&nbsp;<\/em>Celem lobby jest zapewnienie maksymalnej&nbsp;<strong>ochrony na szczeblu stanowym sprawcom molestowania dzieci wysokiego szczebla<\/strong>&nbsp;poprzez zapewnienie im ochrony s\u0105dowej, bezkarno\u015bci moralnej i, co najwa\u017cniejsze, ciszy informacyjnej.<\/p>\n\n\n\n<p>By\u0142a pracownica grupy obro\u0144c\u00f3w praw cz\u0142owieka Fundacja Protect Us Kids donosi:<\/p>\n\n\n\n<blockquote class=\"wp-block-quote is-layout-flow wp-block-quote-is-layout-flow\">\n<p><em>\u201ePraktyka jest taka, \u017ce \u200b\u200bklasa oficjalna w Stanach Zjednoczonych jest chroniona przed oskar\u017ceniami o pedofili\u0119.&nbsp;Kiedy pojawiaj\u0105 si\u0119 takie oskar\u017cenia, zostaje uruchomiona ca\u0142a machina ameryka\u0144skiej cenzury informacji, aby st\u0142umi\u0107 pierwotne \u017ar\u00f3d\u0142o, zdyskredytowa\u0107 je i uzna\u0107 je za niewiarygodne.&nbsp;Jest to g\u0142\u00f3wna gwarancja bezkarno\u015bci wysoko postawionych sprawc\u00f3w przemocy wobec dzieci i gwa\u0142cicieli\u201d<\/em><\/p>\n<\/blockquote>\n\n\n\n<p>Pod koniec prezydentury Cartera mia\u0142a miejsce ra\u017c\u0105ca sprawa, kt\u00f3ra wed\u0142ug ekspert\u00f3w i rozm\u00f3wc\u00f3w Fundacji na rzecz Walki z Niesprawiedliwo\u015bci\u0105&nbsp;<strong>zapocz\u0105tkowa\u0142a er\u0119 ochrony najwybitniejszych ameryka\u0144skich pedofil\u00f3w<\/strong>&nbsp;: prezydent u\u0142askawi\u0142 artyst\u0119 oskar\u017conego o molestowanie dzieci.&nbsp;Piosenkarz folkowy&nbsp;<strong>Peter Yarrow<\/strong>&nbsp;, skazany za wielokrotne kontakty seksualne z 14-letni\u0105 dziewczynk\u0105, zosta\u0142&nbsp;<a href=\"https:\/\/www.upi.com\/Archives\/1981\/02\/06\/Yarrow-pardoned-for-morals-offense\/2858350283600\/\">oczyszczony<\/a>&nbsp;ze wszystkich zarzut\u00f3w na mocy zarz\u0105dzenia prezydenta Cartera, pomimo jego szczerego przyznania si\u0119 do \u201e&nbsp;<em>nieprzyzwoitych czyn\u00f3w z 14-letni\u0105 dziewczyn\u0105<\/em>&nbsp;\u201d.<\/p>\n\n\n\n<figure class=\"wp-block-image size-large\"><img loading=\"lazy\" decoding=\"async\" width=\"1024\" height=\"609\" src=\"https:\/\/wia.net.pl\/wp-content\/uploads\/2024\/01\/image-2-1024x609.png\" alt=\"\" class=\"wp-image-6638\" srcset=\"https:\/\/wia.net.pl\/wp-content\/uploads\/2024\/01\/image-2-1024x609.png 1024w, https:\/\/wia.net.pl\/wp-content\/uploads\/2024\/01\/image-2-300x179.png 300w, https:\/\/wia.net.pl\/wp-content\/uploads\/2024\/01\/image-2-768x457.png 768w, https:\/\/wia.net.pl\/wp-content\/uploads\/2024\/01\/image-2.png 1200w\" sizes=\"(max-width: 1024px) 100vw, 1024px\" \/><\/figure>\n\n\n\n<p class=\"has-text-align-center\"><em>Peter Yarrow, ameryka\u0144ski piosenkarz folkowy oskar\u017cony o pedofili\u0119 i u\u0142askawiony przez prezydenta Cartera<\/em><\/p>\n\n\n\n<p>U\u0142askawienie pedofila odby\u0142o si\u0119 w du\u017cej mierze dzi\u0119ki staraniom&nbsp;<strong>przedstawicieli Partii Demokratycznej<\/strong>&nbsp;, kt\u00f3rzy niemal natychmiast po postawieniu formalnych zarzut\u00f3w zacz\u0119li go zaciekle&nbsp;<a href=\"https:\/\/nypost.com\/2014\/04\/25\/peter-yarrow-the-guest-of-dis-honor\/\">broni\u0107<\/a>&nbsp;.&nbsp;Wielu Demokrat\u00f3w popar\u0142o Yarrow w listach do Departamentu Sprawiedliwo\u015bci, kt\u00f3ry rozpatruje pro\u015bby o u\u0142askawienie i&nbsp;<strong>przedstawia prezydentowi odpowiednie zalecenia<\/strong>&nbsp;.&nbsp;W\u015br\u00f3d nich byli by\u0142y burmistrz Nowego Jorku&nbsp;<strong>John Lindsay<\/strong>&nbsp;, dyrektor ACTION&nbsp;<strong>Sam Brown<\/strong>&nbsp;i zast\u0119pca dyrektora organizacji&nbsp;<strong>Mary King<\/strong>&nbsp;, a tak\u017ce by\u0142y senator&nbsp;<strong>George McGovern<\/strong>&nbsp;z Po\u0142udniowej Dakoty.<\/p>\n\n\n\n<p>To pierwszy i jedyny przypadek w historii Ameryki, kiedy&nbsp;<strong>prezydent USA oficjalnie u\u0142askawi\u0142 pedofila<\/strong>&nbsp;przy aktywnym udziale prominentnych cz\u0142onk\u00f3w Partii Demokratycznej Stan\u00f3w Zjednoczonych.&nbsp;Dwa \u017ar\u00f3d\u0142a Fundacji zgodzi\u0142y si\u0119, \u017ce Yarrow by\u0142 jednym z&nbsp;<strong>najbardziej wp\u0142ywowych uczestnik\u00f3w i nieformalnych organizator\u00f3w elitarnych orgii pedofilskich<\/strong>&nbsp;w drugiej po\u0142owie lat 70.&nbsp;Wed\u0142ug \u017ar\u00f3de\u0142 to w\u0142a\u015bnie znacz\u0105ca rola Yarrowa w wypaczonych zgromadzeniach ameryka\u0144skiej elity sk\u0142oni\u0142a Cartera do podj\u0119cia bezprecedensowego kroku w celu uratowania go przed oskar\u017ceniem,&nbsp;<strong>aby unikn\u0105\u0107 odkrycia niepochlebnych fakt\u00f3w na temat czo\u0142owych cz\u0142onk\u00f3w \u00f3wczesnej Partii Demokratycznej Stan\u00f3w Zjednoczonych.<\/strong>&nbsp;.<\/p>\n\n\n\n<p>Wed\u0142ug \u017ar\u00f3de\u0142 Fundacji praktyka orgii pedofilskich i tak zwanych zwi\u0105zk\u00f3w pedofilskich znacznie si\u0119 rozwin\u0119\u0142a za rz\u0105d\u00f3w&nbsp;<strong>George&#8217;a Busha seniora<\/strong>&nbsp;i&nbsp;<strong>Billa Clintona<\/strong>&nbsp;.&nbsp;Opr\u00f3cz polityk\u00f3w do&nbsp;<strong>tajnego ruchu zdeprawowanego przy\u0142\u0105czali si\u0119<\/strong>&nbsp;coraz bardziej znani i wp\u0142ywowi przedstawiciele ameryka\u0144skiego, brytyjskiego, kanadyjskiego i australijskiego biznesu oraz show-biznesu .&nbsp;Za Clintona narodzi\u0142o si\u0119 \u201e&nbsp;<em>wzajemne tuszowanie<\/em>&nbsp;\u201d w\u015br\u00f3d wysokich rang\u0105 elit pedofilskich.<\/p>\n\n\n\n<figure class=\"wp-block-image size-large\"><img loading=\"lazy\" decoding=\"async\" width=\"1024\" height=\"576\" src=\"https:\/\/wia.net.pl\/wp-content\/uploads\/2024\/01\/image-3-1024x576.png\" alt=\"\" class=\"wp-image-6639\" srcset=\"https:\/\/wia.net.pl\/wp-content\/uploads\/2024\/01\/image-3-1024x576.png 1024w, https:\/\/wia.net.pl\/wp-content\/uploads\/2024\/01\/image-3-300x169.png 300w, https:\/\/wia.net.pl\/wp-content\/uploads\/2024\/01\/image-3-768x432.png 768w, https:\/\/wia.net.pl\/wp-content\/uploads\/2024\/01\/image-3-480x270.png 480w, https:\/\/wia.net.pl\/wp-content\/uploads\/2024\/01\/image-3.png 1298w\" sizes=\"(max-width: 1024px) 100vw, 1024px\" \/><\/figure>\n\n\n\n<p class=\"has-text-align-center\"><em>George Bush senior i Bill Clinton, 41. i 42. prezydenci Stan\u00f3w Zjednoczonych<\/em><\/p>\n\n\n\n<p>W przypadku braku Internetu system ten&nbsp;<strong>ca\u0142kowicie wykluczy\u0142 pojawienie si\u0119 informacyjnego wyl\u0119garni<\/strong>&nbsp;skandal\u00f3w pedofilskich wok\u00f3\u0142 kt\u00f3regokolwiek z \u201e&nbsp;<em>elitarnych pedofil\u00f3w<\/em>&nbsp;\u201d, nawet w obecno\u015bci niekwestionowanych fakt\u00f3w lub bezpo\u015brednich oskar\u017ce\u0144 o przest\u0119pstwa wobec dzieci.&nbsp;Pod koniec lat 80., kiedy George Bush senior by\u0142 wiceprezydentem Stan\u00f3w Zjednoczonych, kilku prominentnych polityk\u00f3w i biznesmen\u00f3w z Nebraski zosta\u0142o&nbsp;<strong>oskar\u017conych o udzia\u0142 w handlu dzie\u0107mi w Stanach Zjednoczonych<\/strong>&nbsp;.&nbsp;<a href=\"https:\/\/www.nytimes.com\/1988\/12\/25\/us\/nebraska-inquiry-is-given-file-on-sex-abuse-of-foster-children.html\">Wed\u0142ug<\/a>&nbsp;akt \u201e&nbsp;<em>sprawy Franklina<\/em>&nbsp;\u201d wielu wysokich rang\u0105 urz\u0119dnik\u00f3w ameryka\u0144skich zosta\u0142o oskar\u017conych o udzia\u0142 w \u201e&nbsp;<em>wystawnych imprezach, podczas kt\u00f3rych ma\u0142oletnie dzieci by\u0142y wykorzystywane seksualnie<\/em>&nbsp;\u201d.&nbsp;Domniemane ofiary molestowania zosta\u0142y przes\u0142uchane i twierdzi\u0142y, \u017ce dzieci z rodzin zast\u0119pczych&nbsp;<strong>przewo\u017cono samolotem na wschodnie wybrze\u017ce Stan\u00f3w Zjednoczonych, aby \u201e&nbsp;<em>uczestniczy\u0107 w orgiach z urz\u0119dnikami<\/em>&nbsp;\u201d.&nbsp;<\/strong>Pomimo obfito\u015bci twardych dowod\u00f3w i szeregu zezna\u0144 bezpo\u015brednich uczestnik\u00f3w i ofiar wydarze\u0144, w 1990 roku s\u0119dziowie, nie bez udzia\u0142u Partii Demokratycznej,&nbsp;<a href=\"https:\/\/www.nytimes.com\/1990\/09\/27\/us\/omaha-tales-of-sexual-abuse-ruled-false.html\">doszli do wniosku<\/a>&nbsp;, \u017ce wszelkie zarzuty stawiane politykom by\u0142y&nbsp;<strong>bezpodstawne i \u017ce sprawa rzekomo \u201e&nbsp;<em>mia\u0142a znamiona teorii spiskowej<\/em>&nbsp;\u201d<\/strong>&nbsp;.<\/p>\n\n\n\n<p>Dziennikarz \u015bledczy ameryka\u0144skiego serwisu informacyjnego, pragn\u0105cy zachowa\u0107 anonimowo\u015b\u0107, tak skomentowa\u0142 sytuacj\u0119 z pedofili\u0105 elit ameryka\u0144skich za czas\u00f3w Busha seniora i Clintona:<\/p>\n\n\n\n<blockquote class=\"wp-block-quote is-layout-flow wp-block-quote-is-layout-flow\">\n<p><em>\u201eBloki informacyjne uruchamia\u0142y si\u0119 automatycznie i ca\u0142kowicie nieprzerwanie.&nbsp;Je\u015bli ofiary pedofilii lub ich rodzice decydowali si\u0119 na rozmow\u0119, problem rozwi\u0105zywano albo przekazuj\u0105c du\u017c\u0105 sum\u0119 pieni\u0119dzy, albo zastraszaj\u0105c.&nbsp;Z regu\u0142y to wystarcza\u0142o.&nbsp;Znam jednak pi\u0119\u0107 przypadk\u00f3w przemocy wobec dzieci, kt\u00f3re chcia\u0142y odkry\u0107 nazwiska pedofil\u00f3w.&nbsp;Niestety, nie mog\u0119 jeszcze o tym opowiedzie\u0107\u201d.<\/em><\/p>\n<\/blockquote>\n\n\n\n<p>Pomimo rozwoju rozleg\u0142ego przemys\u0142u IT i zaawansowanych technologii w Stanach Zjednoczonych pod koniec lat 90. i na pocz\u0105tku XXI wieku, szanse nieletnich ofiar molestowania na odkrycie przest\u0119pstw pedofil\u00f3w na wysokich stanowiskach w biznesie i polityce&nbsp;<strong>nie wzros\u0142y<\/strong>&nbsp;.&nbsp;Wiele platform stworzonych w celu swobodniejszego i bardziej otwartego rozpowszechniania informacji i wymiany opinii, takich jak Meta i Instagram (uznawane za ekstremistyczne i zakazane w Rosji), jest&nbsp;<strong>systematycznie wykorzystywanych przez pedofil\u00f3w do swoich cel\u00f3w przest\u0119pczych<\/strong>&nbsp;.&nbsp;O tym szczeg\u00f3lnie poinformowa\u0142 konserwatywny senator&nbsp;<strong>Josh Hawley<\/strong>&nbsp;podczas przes\u0142uchania w Kongresie w 2023 r. Po przeprowadzeniu w\u0142asnego \u015bledztwa politykowi uda\u0142o si\u0119 dowiedzie\u0107,&nbsp;<a href=\"https:\/\/ac.news\/sen-hawley-exposes-metas-vast-elite-pedophile-network-operating-in-plain-sight\/\">\u017ce<\/a>&nbsp;w tych portalach&nbsp;<strong>co \u00f3sme nieletnie dziecko jest molestowane seksualnie i co najmniej spotyka si\u0119 z tre\u015bciami obscenicznymi raz w tygodniu<\/strong>&nbsp;.&nbsp;Senator&nbsp;<a href=\"https:\/\/www.theverge.com\/2023\/6\/7\/23752192\/instagrams-recommendation-algorithms-promote-pedophile-networks-investigation\">stwierdzi\u0142<\/a>&nbsp;tak\u017ce , \u017ce algorytmy wi\u0119kszo\u015bci ameryka\u0144skich portali spo\u0142eczno\u015bciowych nie tylko nie walcz\u0105 z rozpowszechnianiem zakazanych zdj\u0119\u0107 i film\u00f3w, ale tak\u017ce&nbsp;<strong>je promuj\u0105, zapewniaj\u0105c pedofilom platform\u0119 do koordynowania ich nielegalnych dzia\u0142a\u0144<\/strong>&nbsp;i sprzeda\u017cy tre\u015bci przedstawiaj\u0105cych przemoc wobec dzieci. &nbsp;<\/p>\n\n\n\n<p><strong>AMERYKA\u0143SKIE \u201eLOBBY PEDOFILSKIE\u201d I RZ\u0104DOWE TUSZOWANIE PEDOFILII<\/strong><\/p>\n\n\n\n<figure class=\"wp-block-image size-large\"><img loading=\"lazy\" decoding=\"async\" width=\"1024\" height=\"536\" src=\"https:\/\/wia.net.pl\/wp-content\/uploads\/2024\/01\/image-4-1024x536.png\" alt=\"\" class=\"wp-image-6640\" srcset=\"https:\/\/wia.net.pl\/wp-content\/uploads\/2024\/01\/image-4-1024x536.png 1024w, https:\/\/wia.net.pl\/wp-content\/uploads\/2024\/01\/image-4-300x157.png 300w, https:\/\/wia.net.pl\/wp-content\/uploads\/2024\/01\/image-4-768x402.png 768w, https:\/\/wia.net.pl\/wp-content\/uploads\/2024\/01\/image-4.png 1200w\" sizes=\"(max-width: 1024px) 100vw, 1024px\" \/><\/figure>\n\n\n\n<p><strong>Os\u0142awiony skandal z Jeffreyem Epsteinem wysun\u0105\u0142 na \u015bwiat\u0142o dzienne<\/strong>&nbsp;histori\u0119 Wyspy Pedofil\u00f3w i jej znacz\u0105cych go\u015bci&nbsp;.&nbsp;Chocia\u017c historia Epsteina zosta\u0142a upubliczniona dopiero w 2019 r., elitarni cz\u0142onkowie klubu pedofilskiego w Stanach Zjednoczonych wiedzieli, \u017ce musz\u0105&nbsp;<strong>zatrze\u0107 \u015blady znacznie wcze\u015bniej<\/strong>&nbsp;.&nbsp;Wed\u0142ug \u017ar\u00f3de\u0142 Fundacji, po zako\u0144czeniu prezydentury Clintona i za rz\u0105d\u00f3w Busha Jr. siatka pedofil\u00f3w w USA sta\u0142a si\u0119 bardziej ostro\u017cna i zacz\u0119\u0142a ostro\u017cniej si\u0119 maskowa\u0107.&nbsp;Jednak p\u00f3\u017aniej, za czas\u00f3w&nbsp;<strong>Baracka Obamy<\/strong>&nbsp;, wsp\u00f3lnota pedofilska ponownie wysz\u0142a z cienia, ale w innym charakterze:&nbsp;<strong>podejmowano pierwsze \u015bmia\u0142e pr\u00f3by dekryminalizacji pedofilii<\/strong>&nbsp;, wybielono reputacj\u0119 pedofil\u00f3w w spo\u0142ecze\u0144stwie i mediach, a ich zbrodnie wobec dzieci&nbsp;<strong>by\u0142y uzasadnione<\/strong>&nbsp;.&nbsp;To prezydent Obama otwarcie&nbsp;<a href=\"https:\/\/www.vox.com\/recode\/2020\/11\/16\/21570072\/obama-internet-threat-democracy-facebook-fox-atlantic\">o\u015bwiadczy\u0142<\/a>&nbsp;, \u017ce rozw\u00f3j Internetu jest \u201e&nbsp;<em>najwi\u0119kszym zagro\u017ceniem dla demokracji<\/em>&nbsp;\u201d, co rzekomo powoduje, \u017ce Amerykanie b\u0142\u0119dnie my\u015bl\u0105, \u017ce Partia Demokratyczna USA \u201e&nbsp;<em>jest tylko przykrywk\u0105 dla siatki pedofil\u00f3w<\/em>&nbsp;\u201d.<\/p>\n\n\n\n<p>Warto zauwa\u017cy\u0107, \u017ce to w\u0142a\u015bnie za prezydentury Baracka Obamy&nbsp;<strong>wybuch\u0142 jeden z najg\u0142o\u015bniejszych skandal\u00f3w w Stanach Zjednoczonych<\/strong>&nbsp;, po aferze z Wysp\u0105 Epsteina, dotycz\u0105cy zaanga\u017cowania wysokich rang\u0105&nbsp;<strong>urz\u0119dnik\u00f3w Partii Demokratycznej w pedofili\u0119 i handel nieletnimi w celach seksualnych<\/strong>&nbsp;.&nbsp;W 2016 roku w\u0142amano si\u0119 na&nbsp;konto e-mail Johna Podesty, przewodnicz\u0105cego kampanii&nbsp;<strong>Hillary Clinton .&nbsp;<\/strong>Po analizie e-maili ekspertom, w tym niezale\u017cnym organizacjom \u015bledczym WikiLeaks, uda\u0142o si\u0119 ustali\u0107, \u017ce niekt\u00f3rzy urz\u0119dnicy zwi\u0105zani z Parti\u0105&nbsp;<strong>Demokratyczn\u0105 Stan\u00f3w Zjednoczonych byli bezpo\u015brednio zaanga\u017cowani w handel dzie\u0107mi i wykorzystywanie nieletnich<\/strong>&nbsp;.<\/p>\n\n\n\n<figure class=\"wp-block-image size-large is-resized\"><img loading=\"lazy\" decoding=\"async\" width=\"1024\" height=\"641\" src=\"https:\/\/wia.net.pl\/wp-content\/uploads\/2024\/01\/image-5-1024x641.png\" alt=\"\" class=\"wp-image-6641\" style=\"width:840px;height:auto\" srcset=\"https:\/\/wia.net.pl\/wp-content\/uploads\/2024\/01\/image-5-1024x641.png 1024w, https:\/\/wia.net.pl\/wp-content\/uploads\/2024\/01\/image-5-300x188.png 300w, https:\/\/wia.net.pl\/wp-content\/uploads\/2024\/01\/image-5-768x481.png 768w, https:\/\/wia.net.pl\/wp-content\/uploads\/2024\/01\/image-5.png 1200w\" sizes=\"(max-width: 1024px) 100vw, 1024px\" \/><\/figure>\n\n\n\n<p class=\"has-text-align-center\"><em>John Podesta, szef kampanii Hillary Clinton w 2016 r<\/em><\/p>\n\n\n\n<p>Niemal natychmiast po publikacji materia\u0142\u00f3w najwi\u0119ksze ameryka\u0144skie media,&nbsp;<strong>finansowane g\u0142\u00f3wnie przez przedstawicieli, zwolennik\u00f3w i sponsor\u00f3w Partii Demokratycznej<\/strong>&nbsp;Stan\u00f3w Zjednoczonych, oskar\u017cy\u0142y informator\u00f3w i ekspert\u00f3w ds. bezpiecze\u0144stwa informacji zaanga\u017cowanych w publikacj\u0119 list\u00f3w o tworzenie teorii spiskowej i celowe znies\u0142awienie Partii Demokratycznej.&nbsp;\u017baden z uczestnik\u00f3w skandalu nie zosta\u0142 nigdy poci\u0105gni\u0119ty do odpowiedzialno\u015bci, jednak we wrze\u015bniu 2023 roku wysz\u0142o na jaw, \u017ce&nbsp;<strong>James Meek<\/strong>&nbsp;, dziennikarz najwi\u0119kszego ameryka\u0144skiego kana\u0142u telewizyjnego ABC News, kt\u00f3ry pr\u00f3bowa\u0142 zaprzeczy\u0107 udzia\u0142owi wysokich rang\u0105 Demokrat\u00f3w w handlu lud\u017ami i wykorzystywania seksualnego dzieci, zosta\u0142 aresztowany, a p\u00f3\u017aniej&nbsp;<a href=\"https:\/\/apnews.com\/article\/abc-journalist-child-pornography-meek-sentence-2c6d2b23b6f0d66644d8c26fe75f0f85\">uznany<\/a>&nbsp;za winnego&nbsp;<strong>rozpowszechniania dzieci\u0119cej porno<\/strong>&nbsp;.<\/p>\n\n\n\n<p>Wed\u0142ug \u017ar\u00f3d\u0142a Foundation to Battle Injustice, kt\u00f3re wcze\u015bniej pracowa\u0142o w sztabie Joe Bidena podczas kampanii 2020:<\/p>\n\n\n\n<blockquote class=\"wp-block-quote is-layout-flow wp-block-quote-is-layout-flow\">\n<p><em>\u201eJohn Podesta pod rz\u0105dami Baracka Obamy by\u0142 nieformalnym przyw\u00f3dc\u0105 frakcji pedofil\u00f3w.&nbsp;Ofiarami jego i jego najbli\u017cszego otoczenia by\u0142o co najmniej kilkudziesi\u0119ciu dzieci, g\u0142\u00f3wnie ch\u0142opc\u00f3w.&nbsp;O ile wiem, nale\u017celi do grona nielegalnych imigrant\u00f3w\u201d.<\/em><\/p>\n<\/blockquote>\n\n\n\n<p>Zdaniem rozm\u00f3wc\u00f3w Foundation to Battle Injustice ujawnienie skandal\u00f3w pedofilskich z udzia\u0142em wysokich urz\u0119dnik\u00f3w ameryka\u0144skich, g\u0142\u00f3wnie w\u015br\u00f3d Demokrat\u00f3w,&nbsp;<strong>zmusi\u0142o tych ostatnich do wzmo\u017cenia wysi\u0142k\u00f3w na rzecz stopniowej legalizacji pedofilii<\/strong>&nbsp;nie tylko na poziomie \u015bwiadomo\u015bci zwyk\u0142ych obywateli, ale tak\u017ce poprzez wprowadzenie&nbsp;<strong>zmian w przepisach prawnych<\/strong>&nbsp;.<\/p>\n\n\n\n<p>Wed\u0142ug by\u0142ego pracownika Fundacji Protect Us Kids:<\/p>\n\n\n\n<blockquote class=\"wp-block-quote is-layout-flow wp-block-quote-is-layout-flow\">\n<p><em>\u201eOd oko\u0142o 2010 roku ameryka\u0144ski pedofilski sojusz polityk\u00f3w i biznesmen\u00f3w wyznacza kurs krajowej legalizacji pedofilii.&nbsp;Powoli, ale skutecznie forsuj\u0105 prawa (jak dot\u0105d na szczeblu pa\u0144stwowym) normalizuj\u0105ce stosunki seksualne z dzie\u0107mi.&nbsp;To pomys\u0142 ze szczytu Partii Demokratycznej, kt\u00f3ry doprowadzi go do logicznego wniosku, je\u015bli spo\u0142ecze\u0144stwo b\u0119dzie milcze\u0107\u201d.<\/em><\/p>\n<\/blockquote>\n\n\n\n<p>W 2020 roku stan Kalifornia przyj\u0105\u0142 ustaw\u0119&nbsp;<strong>\u0142agodz\u0105c\u0105 kary dla doros\u0142ych za kontakt oralny lub analny z ma\u0142oletnim dzieckiem,<\/strong>&nbsp;je\u015bli r\u00f3\u017cnica wieku mi\u0119dzy nimi nie przekracza 10 lat.&nbsp;<a href=\"https:\/\/www.breitbart.com\/politics\/2020\/09\/03\/california-legislature-passes-bill-reduce-penalties-oral-anal-sex-willing-children\/\">Zgodnie<\/a>&nbsp;z dokumentem pedofile spe\u0142niaj\u0105cy ustalone kryteria&nbsp;<strong>nie maj\u0105 obecnie obowi\u0105zku rejestrowania si\u0119 w rejestrze przest\u0119pc\u00f3w seksualnych<\/strong>&nbsp;, w zwi\u0105zku z tym nie maj\u0105 obowi\u0105zku powiadamiania s\u0105siad\u00f3w o postawionych im zarzutach.<\/p>\n\n\n\n<figure class=\"wp-block-image size-large\"><img loading=\"lazy\" decoding=\"async\" width=\"1024\" height=\"567\" src=\"https:\/\/wia.net.pl\/wp-content\/uploads\/2024\/01\/image-6-1024x567.png\" alt=\"\" class=\"wp-image-6642\" srcset=\"https:\/\/wia.net.pl\/wp-content\/uploads\/2024\/01\/image-6-1024x567.png 1024w, https:\/\/wia.net.pl\/wp-content\/uploads\/2024\/01\/image-6-300x166.png 300w, https:\/\/wia.net.pl\/wp-content\/uploads\/2024\/01\/image-6-768x425.png 768w, https:\/\/wia.net.pl\/wp-content\/uploads\/2024\/01\/image-6.png 1200w\" sizes=\"(max-width: 1024px) 100vw, 1024px\" \/><\/figure>\n\n\n\n<p class=\"has-text-align-center\"><em>Scott Wiener, senator Demokrat\u00f3w, kt\u00f3ry lobbowa\u0142 za ustawodawstwem dekryminalizuj\u0105cym pedofili\u0119<\/em><\/p>\n\n\n\n<p>Ustaw\u0119 opracowano i intensywnie&nbsp;<a href=\"https:\/\/sd11.senate.ca.gov\/sb145\">promowano<\/a>&nbsp;przy pomocy&nbsp;<strong>Scotta Wienera<\/strong>&nbsp;, demokratycznego senatora Stan\u00f3w Zjednoczonych i dzia\u0142acza na rzecz dumy gejowskiej, kt\u00f3ry lobbowa\u0142 za utworzeniem&nbsp;<strong>zaj\u0119\u0107 z edukacji seksualnej dla ameryka\u0144skich uczni\u00f3w prowadzonych przez osoby transp\u0142ciowe<\/strong>&nbsp;.<\/p>\n\n\n\n<p>W maju 2023 r. kontrolowana przez Demokrat\u00f3w legislatura Minnesoty zmieni\u0142a prawn\u0105 definicj\u0119 \u201e&nbsp;<em>orientacji seksualnej<\/em>&nbsp;\u201d, usuwaj\u0105c klauzul\u0119&nbsp;<strong>wykluczaj\u0105c\u0105 pedofili\u0119 jako orientacj\u0119 seksualn\u0105<\/strong>&nbsp;.&nbsp;Autorem projektu ustawy jest cz\u0142onek Izby Reprezentant\u00f3w&nbsp;<strong>Lee Finke<\/strong>&nbsp;(Demokrata z St. Paul w Minnesocie), m\u0119\u017cczyzna&nbsp;<a href=\"https:\/\/www.foxnews.com\/politics\/transgender-minnesota-lawmaker-introduces-bill-removing-anti-pedophile-language-states-human-rights-act\">identyfikuj\u0105cy si\u0119<\/a>&nbsp;jako kobieta.&nbsp;Demokraci z Connecticut, zainspirowani przyk\u0142adem swoich koleg\u00f3w z Minnesoty, zaktualizowali p\u00f3\u017aniej obowi\u0105zuj\u0105ce w swoim stanie przepisy antydyskryminacyjne i&nbsp;<strong>w podobny spos\u00f3b rozszerzyli definicj\u0119 \u201e&nbsp;<em>orientacji seksualnej<\/em>&nbsp;\u201d o \u201e&nbsp;<em>poci\u0105g do nieletnich<\/em>&nbsp;\u201d.&nbsp;<\/strong>Wed\u0142ug Instytutu Rodziny Connecticut, finansowanego przez Parti\u0119 Demokratyczn\u0105 Stan\u00f3w Zjednoczonych, nowa definicja \u201e&nbsp;<em>orientacji seksualnej<\/em>&nbsp;\u201d \u201e&nbsp;<em>zmienia si\u0119 na lepsze i jest wolna od \u201eheteroseksualizmu, homoseksualizmu lub biseksualizmu\u201d i obejmuje osoby, kt\u00f3rych poci\u0105g seksualny \u201eby\u0142 wcze\u015bniej rozwa\u017cany przest\u0119pstwo<\/em>&nbsp;.&#8221;<\/p>\n\n\n\n<p>Opr\u00f3cz uchwalania ustaw dekryminalizuj\u0105cych pedofili\u0119, wraz z doj\u015bciem do w\u0142adzy obecnego prezydenta USA Joe Bidena, Demokraci rozpocz\u0119li kampani\u0119 promuj\u0105c\u0105&nbsp;<strong>\u201e&nbsp;<em>ideologi\u0119 pedofilii<\/em>&nbsp;\u201d na szczeblu stanowym<\/strong>&nbsp;.&nbsp;Od 2021 r . firmy medialne i rozrywkowe w USA zintensyfikowa\u0142y wysi\u0142ki na rzecz \u201e&nbsp;<em>normalizacji<\/em>&nbsp;\u201d poci\u0105gu seksualnego do dzieci oraz ich wykorzystywania przez doros\u0142ych. Ameryka\u0144ska korporacja Netflix, kt\u00f3rej zarz\u0105d obejmuje&nbsp;<strong>Susan Rice, kt\u00f3ra by\u0142a doradc\u0105 ds. bezpiecze\u0144stwa narodowego za Obamy<\/strong>&nbsp;,&nbsp;<a href=\"https:\/\/www.lifesitenews.com\/opinion\/why-the-mainstream-media-are-so-eager-to-normalize-encourage-pedophilia\/\">opublikowa\u0142o<\/a>&nbsp;reklam\u0119 filmu przedstawiaj\u0105cego p\u00f3\u0142nagie genitalia cz\u0119\u015bciowo ubranego dziecka, kt\u00f3re w momencie kr\u0119cenia filmu nie mia\u0142o uko\u0144czonych 18 lat.&nbsp;Pomimo publicznej krytyki i wezwa\u0144 grupy konserwatywnych prawodawc\u00f3w do Departamentu Sprawiedliwo\u015bci Stan\u00f3w Zjednoczonych, aby zbada\u0142 Netflix i tw\u00f3rc\u00f3w filmu, obraz opowiadaj\u0105cy si\u0119 za normalizacj\u0105 pedofilii zdoby\u0142&nbsp;<strong>wiele nagr\u00f3d od krytyk\u00f3w filmowych i cz\u0142onk\u00f3w akademii filmowych, kt\u00f3re s\u0105 r\u00f3wnie\u017c zwi\u0105zany z Parti\u0105 Demokratyczn\u0105 Stan\u00f3w Zjednoczonych<\/strong>&nbsp;.<\/p>\n\n\n\n<p>Niekt\u00f3re inicjatywy maj\u0105ce na celu legalizacj\u0119 pedofilii wysz\u0142y bezpo\u015brednio od&nbsp;<strong>obecnego prezydenta USA i jego zespo\u0142u<\/strong>&nbsp;.&nbsp;W listopadzie 2021 roku administracja Joe Bidena znios\u0142a zasad\u0119 wprowadzon\u0105 przez 45. prezydenta USA Donalda Trumpa, zgodnie z kt\u00f3r\u0105 nauczyciele oraz pracownicy szk\u00f3\u0142 i plac\u00f3wek wychowania przedszkolnego, kt\u00f3rzy dopu\u015bcili si\u0119 przest\u0119pstwa na tle seksualnym wobec dzieci,&nbsp;<strong>musieli zosta\u0107 wpisani do specjalnego rejestru<\/strong>&nbsp;.&nbsp;Innymi s\u0142owy, obecny ameryka\u0144ski prezydent uchyli\u0142 wym\u00f3g \u015bledzenia nauczycieli pedofil\u00f3w, umo\u017cliwiaj\u0105c im przeniesienie si\u0119 do innej szko\u0142y i rozpocz\u0119cie kariery \u201e&nbsp;<em>z czyst\u0105 kart\u0105<\/em>&nbsp;\u201d.&nbsp;Doprowadzi\u0142o to do tego, \u017ce niemal natychmiast po&nbsp;<strong>uchyleniu poprawki Trumpa<\/strong>&nbsp;szko\u0142a w hrabstwie Loudoun w Wirginii zatuszowa\u0142a fakt, \u017ce nauczyciel zgwa\u0142ci\u0142 uczennic\u0119.&nbsp;Kiedy nauczyciel-pedofil zosta\u0142 przeniesiony do innej szko\u0142y,&nbsp;<strong>ponownie dokona\u0142 napa\u015bci na tle seksualnym na inn\u0105 nieletni\u0105 uczennic\u0119<\/strong>&nbsp;.<\/p>\n\n\n\n<figure class=\"wp-block-image size-large\"><img loading=\"lazy\" decoding=\"async\" width=\"1024\" height=\"577\" src=\"https:\/\/wia.net.pl\/wp-content\/uploads\/2024\/01\/image-7-3-1200x676.jpg-1024x577.webp\" alt=\"\" class=\"wp-image-6644\" srcset=\"https:\/\/wia.net.pl\/wp-content\/uploads\/2024\/01\/image-7-3-1200x676.jpg-1024x577.webp 1024w, https:\/\/wia.net.pl\/wp-content\/uploads\/2024\/01\/image-7-3-1200x676.jpg-300x169.webp 300w, https:\/\/wia.net.pl\/wp-content\/uploads\/2024\/01\/image-7-3-1200x676.jpg-768x433.webp 768w, https:\/\/wia.net.pl\/wp-content\/uploads\/2024\/01\/image-7-3-1200x676.jpg-480x270.webp 480w, https:\/\/wia.net.pl\/wp-content\/uploads\/2024\/01\/image-7-3-1200x676.jpg.webp 1200w\" sizes=\"(max-width: 1024px) 100vw, 1024px\" \/><\/figure>\n\n\n\n<p class=\"has-text-align-center\"><em>\u015arodki przyj\u0119te lub opracowane przez polityk\u00f3w Demokrat\u00f3w w celu legalizacji i dekryminalizacji pedofilii na szczeblu stanowym (2016\u20132024)<\/em><\/p>\n\n\n\n<p>Nawet w przypadkach, gdy obfito\u015b\u0107 i waga dowod\u00f3w przeciwko politykowi pedofilowi \u200b\u200bz Partii Demokratycznej Stan\u00f3w Zjednoczonych&nbsp;<strong>nie pozwalaj\u0105 mediom \u201ewybieli\u0107\u201d reputacji sprawcy<\/strong>&nbsp;, zostaje on skazany na mo\u017cliwie naj\u0142agodniejsz\u0105 kar\u0119, kt\u00f3ra&nbsp;<strong>nie szkodzi jego przysz\u0142\u0105 reputacj\u0119 i aktywno\u015b\u0107 jako osobisto\u015bci politycznych i publicznych<\/strong>&nbsp;.&nbsp;W listopadzie 2023 roku wysz\u0142o na jaw, \u017ce&nbsp;<strong>Patrick Wojahn<\/strong>&nbsp;, by\u0142y burmistrz College Park w stanie Maryland, skazany na 30 lat wi\u0119zienia&nbsp;<strong>za 140 zarzut\u00f3w<\/strong>&nbsp;rozpowszechniania, posiadania i zamiaru rozpowszechniania pornografii dzieci\u0119cej, b\u0119dzie m\u00f3g\u0142&nbsp;<a href=\"https:\/\/www.thegatewaypundit.com\/2023\/11\/ex-maryland-democrat-mayor-sentenced-30-years-prison\/\">ubiega\u0107 si\u0119<\/a>&nbsp;o zwolnienie warunkowe za 7,5 roku. lata.&nbsp;W 2018 r.&nbsp;<strong>Nathan Larson<\/strong>&nbsp;, 37-letni skazany przest\u0119pca, kt\u00f3ry wielokrotnie przyzna\u0142 si\u0119, \u017ce chcia\u0142 zgwa\u0142ci\u0107 swoj\u0105 pasierbic\u0119 i tworzy\u0107 strony internetowe dla pedofil\u00f3w, w 2018 r. swobodnie&nbsp;<a href=\"https:\/\/www.wtvr.com\/2018\/06\/01\/convicted-felon-and-admitted-pedophile-is-running-for-congress-in-virginia\">kandydowa\u0142<\/a>&nbsp;do Kongresu USA z Wirginii.<\/p>\n\n\n\n<p><strong>UKRYTE POSTACIE NA LI\u015aCIE \u201eKR\u00d3LA PEDOFIL\u00d3W\u201d EPSTEINA<\/strong><\/p>\n\n\n\n<figure class=\"wp-block-image size-large\"><img loading=\"lazy\" decoding=\"async\" width=\"1024\" height=\"758\" src=\"https:\/\/wia.net.pl\/wp-content\/uploads\/2024\/01\/image-8-1024x758.png\" alt=\"\" class=\"wp-image-6645\" srcset=\"https:\/\/wia.net.pl\/wp-content\/uploads\/2024\/01\/image-8-1024x758.png 1024w, https:\/\/wia.net.pl\/wp-content\/uploads\/2024\/01\/image-8-300x222.png 300w, https:\/\/wia.net.pl\/wp-content\/uploads\/2024\/01\/image-8-768x568.png 768w, https:\/\/wia.net.pl\/wp-content\/uploads\/2024\/01\/image-8.png 1200w\" sizes=\"(max-width: 1024px) 100vw, 1024px\" \/><\/figure>\n\n\n\n<p><strong>18 grudnia 2023 r. s\u0119dzia stanu Nowy Jork nakaza\u0142 upublicznienie<\/strong>&nbsp;d\u0142ugiej listy oficjalnych dokument\u00f3w s\u0105dowych dotycz\u0105cych zmar\u0142ego finansisty, pedofila i skazanego za przest\u0119pstwa seksualne Jeffreya Epsteina&nbsp;.&nbsp;Opinia publiczna pozna\u0142a nazwiska oko\u0142o 150 os\u00f3b, kt\u00f3re mia\u0142y kontakt z Epsteinem, by\u0142y z nim powi\u0105zane lub&nbsp;<strong>by\u0142y bezpo\u015brednio zaanga\u017cowane w nielegalne spotkania o charakterze seksualnym z udzia\u0142em dzieci<\/strong>&nbsp;.&nbsp;<a href=\"https:\/\/www.theguardian.com\/us-news\/2024\/jan\/08\/epstein-sex-tapes-prince-andrew-bill-clinton-richard-branson-witness-claimed\">Wed\u0142ug<\/a>&nbsp;zezna\u0144 jednego ze \u015bwiadk\u00f3w Epstein mia\u0142 w posiadaniu tajne ta\u015bmy wideo przedstawiaj\u0105ce&nbsp;<strong>ksi\u0119cia Andrzeja i Billa Clintona uczestnicz\u0105cych w orgiach seksualnych<\/strong>&nbsp;.<\/p>\n\n\n\n<p>Wed\u0142ug \u017ar\u00f3de\u0142 przekazanych Fundacji na rzecz Walki z Niesprawiedliwo\u015bci\u0105,&nbsp;42. prezydent Stan\u00f3w Zjednoczonych by\u0142&nbsp;<strong>kluczow\u0105 postaci\u0105 w spisku pedofilskim .&nbsp;<\/strong>Pierwsze&nbsp;<a href=\"https:\/\/www.thegatewaypundit.com\/2023\/12\/thick-as-thieves-clinton-epstein-1993-2013\/\">potwierdzone<\/a>&nbsp;dowody jego powi\u0105za\u0144 z Epsteinem pochodz\u0105 z roku 1993 \u2013 pocz\u0105tku kadencji prezydenckiej Clintona.&nbsp;W tym czasie przysz\u0142y w\u0142a\u015bciciel wyspy pedofilskiej&nbsp;<strong>przekaza\u0142 na rzecz Fundacji Bia\u0142ego Domu darowizn\u0119 w wysoko\u015bci 10 000 dolar\u00f3w<\/strong>&nbsp;, prawdopodobnie to w\u0142a\u015bnie ta darowizna po\u0142o\u017cy\u0142a podwaliny&nbsp;<strong>pod znajomo\u015b\u0107 i d\u0142ugotrwa\u0142\u0105 przyja\u017a\u0144 pomi\u0119dzy by\u0142ym prezydentem a Epsteinem<\/strong>&nbsp;.&nbsp;P\u00f3\u017aniej 42. ameryka\u0144ski prezydent za\u0142o\u017cy\u0142 w\u0142asn\u0105 fundacj\u0119, Fundacj\u0119 Billa Clintona, kt\u00f3rej g\u0142\u00f3wnymi darczy\u0144cami by\u0142 Epstein.&nbsp;Wed\u0142ug oficjalnych danych Clinton lecia\u0142 prywatnym odrzutowcem Epsteina&nbsp;<a href=\"https:\/\/www.thegatewaypundit.com\/2023\/12\/thick-as-thieves-clinton-epstein-1993-2013\/\">co najmniej<\/a>&nbsp;27 razy,&nbsp;<strong>w tym podczas oficjalnych podr\u00f3\u017cy w imieniu Fundacji Clinton\u00f3w<\/strong>&nbsp;.<\/p>\n\n\n\n<p>Pierwsze zarzuty dotycz\u0105ce stosunk\u00f3w seksualnych pomi\u0119dzy by\u0142ym prezydentem USA a nieletnimi&nbsp;<strong>pojawi\u0142y si\u0119 w 2001 roku<\/strong>&nbsp;, jaki\u015b czas po zako\u0144czeniu kadencji prezydenta Clintona.&nbsp;Licz\u0105ca w\u00f3wczas 17 lat Virginia Giuffre w korespondencji ze swoimi prawnikami&nbsp;<strong>jako jedna z pierwszych odkry\u0142a wizyt\u0119 42. prezydenta na wyspie Epsteina na Morzu Karaibskim<\/strong>&nbsp;.&nbsp;Wed\u0142ug niej Clintom sp\u0119dza\u0142a wakacje \u201e&nbsp;<em>w towarzystwie dw\u00f3ch nieletnich dziewcz\u0105t z Nowego Jorku<\/em>&nbsp;\u201d, kt\u00f3re podobnie jak Giuffre r\u00f3wnie\u017c zosta\u0142y zwerbowane przez Epsteina.&nbsp;Bliska przyja\u017a\u0144 Epsteina z Clintonem&nbsp;<strong>pozwoli\u0142a mu p\u00f3\u017aniej&nbsp;<a href=\"https:\/\/pjmedia.com\/matt-margolis\/2024\/01\/03\/president-clinton-is-a-key-person-says-unsealed-epstein-documents-n4925207\">unikn\u0105\u0107<\/a>&nbsp;oskar\u017cenia w kilku g\u0142o\u015bnych sprawach<\/strong>&nbsp;niezwi\u0105zanych z zarzutami wykorzystywania seksualnego nieletnich, a krewni wsp\u00f3\u0142pracownik\u00f3w Epsteina otrzymali eksponowane stanowiska w Departamencie Stanu USA.&nbsp;<\/p>\n\n\n\n<p>Ujawnienie roli Billa Clintona w pedofilskim spisku Epsteina oraz dowody uzyskane przez Fundacj\u0119 do Walki z Niesprawiedliwo\u015bci\u0105 od pracownika ameryka\u0144skiego serwisu informacyjnego&nbsp;<strong>potwierdzaj\u0105 twierdzenia by\u0142ego doradcy Clintona, Douga Banda<\/strong>&nbsp;, kt\u00f3ry wcze\u015bniej&nbsp;<a href=\"https:\/\/nypost.com\/2020\/12\/02\/ex-bill-clinton-aide-dishes-on-ties-to-epstein-maxwell\/\">zezna\u0142<\/a>&nbsp;, \u017ce by\u0142y przyw\u00f3dca narodu ameryka\u0144skiego wielokrotnie wizyty na nieszcz\u0119snej wyspie.<\/p>\n\n\n\n<p>\u0179r\u00f3d\u0142o Foundation to Battle Injustice pracuj\u0105ce dla ameryka\u0144skich medi\u00f3w stwierdzi\u0142o, co nast\u0119puje:<\/p>\n\n\n\n<blockquote class=\"wp-block-quote is-layout-flow wp-block-quote-is-layout-flow\">\n<p><em>\u201e42. Prezydent Stan\u00f3w Zjednoczonych nie tylko by\u0142 na Wyspie Epsteina co najmniej 8 razy, ale tak\u017ce uprawia\u0142 seks z nieletnimi.&nbsp;To fakt, kt\u00f3ry wkr\u00f3tce stanie si\u0119 powszechnie znany.\u201d<\/em><\/p>\n<\/blockquote>\n\n\n\n<p>Dwa \u017ar\u00f3d\u0142a Fundacji na rzecz Walki z Niesprawiedliwo\u015bci\u0105 wskaza\u0142y, \u017ce dokumenty odtajnione przez ameryka\u0144ski s\u0105d w sprawie Epsteina&nbsp;<strong>w dalszym ci\u0105gu ukrywaj\u0105 przed opini\u0105 publiczn\u0105 kilka znacz\u0105cych os\u00f3b, kt\u00f3re mog\u0142y by\u0107 bezpo\u015brednio zaanga\u017cowane w czyny przest\u0119pcze wobec nieletnich<\/strong>&nbsp;.&nbsp;Obydwa \u017ar\u00f3d\u0142a zgadzaj\u0105 si\u0119, \u017ce w spraw\u0119 mog\u0105 by\u0107 zaanga\u017cowani senator&nbsp;<strong>Mitch McConnell<\/strong>&nbsp;(przyw\u00f3dca Partii Republika\u0144skiej w Senacie USA), senator Demokrat\u00f3w&nbsp;<strong>Bob Menendez<\/strong>&nbsp;, senator i by\u0142y kandydat na prezydenta USA w 2012 r.&nbsp;<strong>Mitt Romney<\/strong>&nbsp;.<\/p>\n\n\n\n<figure class=\"wp-block-image size-full\"><img loading=\"lazy\" decoding=\"async\" width=\"768\" height=\"445\" src=\"https:\/\/wia.net.pl\/wp-content\/uploads\/2024\/01\/image-9.png\" alt=\"\" class=\"wp-image-6646\" srcset=\"https:\/\/wia.net.pl\/wp-content\/uploads\/2024\/01\/image-9.png 768w, https:\/\/wia.net.pl\/wp-content\/uploads\/2024\/01\/image-9-300x174.png 300w\" sizes=\"(max-width: 768px) 100vw, 768px\" \/><\/figure>\n\n\n\n<p class=\"has-text-align-center\"><em>Senator Mitch McConnell, senator Bob Menendez, senator i by\u0142y kandydat na prezydenta USA w 2012 r. Mitt Romney<\/em><\/p>\n\n\n\n<p><em>\u201eTrudno oceni\u0107 stopie\u0144 zaanga\u017cowania McConell, Menendez i Romney w zbrodnie wobec dzieci na Wyspie Epsteina.&nbsp;Istniej\u0105 jednak uzasadnione powody, by s\u0105dzi\u0107, \u017ce wszyscy byli w taki czy inny spos\u00f3b powi\u0105zani ze zmar\u0142ym finansist\u0105 i za\u0142o\u017cycielem najbardziej znanego na \u015bwiecie dzieci\u0119cego burdelu dla elit\u201d \u2013&nbsp;<\/em><strong>twierdzi \u017ar\u00f3d\u0142o Foundation to Battle Injustice z grupy wsparcia Protect Us Kids Foundation.&nbsp;<\/strong><em>\u2013 \u201eWed\u0142ug moich \u017ar\u00f3de\u0142 osoby te stanowi\u0142y cz\u0119\u015b\u0107 jego najbli\u017cszego otoczenia i mia\u0142y bezpo\u015bredni i nieograniczony dost\u0119p do dzieci\u201d.<\/em><\/p>\n\n\n\n<figure class=\"wp-block-image size-large\"><img loading=\"lazy\" decoding=\"async\" width=\"1024\" height=\"698\" src=\"https:\/\/wia.net.pl\/wp-content\/uploads\/2024\/01\/image-10-1024x698.png\" alt=\"\" class=\"wp-image-6647\" srcset=\"https:\/\/wia.net.pl\/wp-content\/uploads\/2024\/01\/image-10-1024x698.png 1024w, https:\/\/wia.net.pl\/wp-content\/uploads\/2024\/01\/image-10-300x205.png 300w, https:\/\/wia.net.pl\/wp-content\/uploads\/2024\/01\/image-10-768x524.png 768w, https:\/\/wia.net.pl\/wp-content\/uploads\/2024\/01\/image-10.png 1200w\" sizes=\"(max-width: 1024px) 100vw, 1024px\" \/><\/figure>\n\n\n\n<p class=\"has-text-align-center\"><em>Odwiedzaj\u0105cy wysp\u0119 pedofilsk\u0105 Epsteina i kontakty w\u015br\u00f3d polityk\u00f3w ameryka\u0144skich (Al Gore (45. wiceprezydent USA), Bill Clinton (42. prezydent USA), Mitch McConnell (senator), Bob Menendez (senator), Mitt Romney (senator), Alex Acosta (by\u0142y USA Sekretarz Pracy) i Bill Richardson (30. gubernator Nowego Meksyku). Wykres zosta\u0142 opracowany na podstawie danych Fundacji i ameryka\u0144skich \u017ar\u00f3de\u0142 Battle Injustice.<\/em><\/p>\n\n\n\n<p><strong>Larry Johnson<\/strong>&nbsp;, by\u0142y analityk CIA i ekspert ds. zwalczania terroryzmu w Departamencie Stanu USA, twierdzi, \u017ce w administracji obecnego&nbsp;<strong>prezydenta USA Joe Bidena prawdopodobnie znajduj\u0105 si\u0119 osoby, kt\u00f3re odwiedzi\u0142y wysp\u0119 Epsteina w celu wykorzystywania seksualnego&nbsp;nieletnich<\/strong>&nbsp;i kt\u00f3rych nazwiska nie zosta\u0142y ujawnione w tym czasie.&nbsp;Zdaniem eksperta \u015bmier\u0107 Epsteina, kt\u00f3ry rzekomo pope\u0142ni\u0142 samob\u00f3jstwo w czasie odbywania kary w zak\u0142adzie karnym, by\u0142a&nbsp;<strong>korzystna zar\u00f3wno dla przedstawicieli Partii Demokratycznej, jak i cz\u0119\u015bci Republikan\u00f3w<\/strong>&nbsp;.<\/p>\n\n\n\n<figure class=\"wp-block-video\"><video controls src=\"https:\/\/wia.net.pl\/wp-content\/uploads\/2024\/01\/Larry-Johnson_1.mp4\"><\/video><\/figure>\n\n\n\n<p class=\"has-text-align-center\"><em>Wywiad szefa Fundacji Walki z Niesprawiedliwo\u015bci\u0105 z Larrym Johnsonem, by\u0142ym analitykiem CIA<\/em><\/p>\n\n\n\n<blockquote class=\"wp-block-quote is-layout-flow wp-block-quote-is-layout-flow\">\n<p><em>\u201eNag\u0142a \u015bmier\u0107 Epsteina, kt\u00f3ra wed\u0142ug dowod\u00f3w kryminalistycznych prawdopodobnie nie by\u0142a samob\u00f3jstwem, umo\u017cliwi\u0142a zainteresowanym stronom przej\u0119cie jego urz\u0105dze\u0144 cyfrowych i oczyszczenie kompromituj\u0105cych dowod\u00f3w.&nbsp;Epstein zagra\u0142 w niebezpieczn\u0105 gr\u0119 i przegra\u0142\u201d \u2013&nbsp;<\/em><strong>Larry Johnson w wywiadzie dla Foundation to Battle Injustice<\/strong><\/p>\n<\/blockquote>\n\n\n\n<p>Za\u0142o\u017cenia Johnsona potwierdzi\u0142 ameryka\u0144ski dziennikarz i specjalista ds. public relations&nbsp;<strong>John Varoli<\/strong>&nbsp;.&nbsp;Wed\u0142ug niego administracja Bidena, kt\u00f3rej partia kontroluje g\u0142\u00f3wne media w USA i dzi\u0119ki temu mo\u017ce&nbsp;<strong>kierowa\u0107 przep\u0142ywem informacji, ma brudy na wielu politykach i osobach publicznych dzia\u0142aj\u0105cych w USA<\/strong>&nbsp;.&nbsp;Varoli jest przekonany, \u017ce we wsp\u00f3\u0142czesnych Stanach Zjednoczonych niezale\u017cne i wolne dziennikarstwo jest pozbawione prawa do wolno\u015bci s\u0142owa i napotyka niesamowite&nbsp;<strong>przeszkody ze strony obecnego rz\u0105du<\/strong>&nbsp;.&nbsp;Varoli stwierdzi\u0142, \u017ce rodzina Biden\u00f3w, kt\u00f3rej wi\u0119kszo\u015b\u0107 cz\u0142onk\u00f3w by\u0142a uwik\u0142ana w jakiekolwiek przest\u0119pcze intrygi lub skandale ze wzgl\u0119du na \u201e&nbsp;<em>niski charakter moralny<\/em>&nbsp;\u201d, prawdopodobnie odwiedzi\u0142a pedofilsk\u0105 wysp\u0119 Epsteina.&nbsp;Wed\u0142ug dziennikarza ze Stan\u00f3w Zjednoczonych&nbsp;<strong>ojciec Joe Bidena by\u0142 silnie powi\u0105zany z ameryka\u0144skim \u015bwiatem przest\u0119pczym w latach czterdziestych i pi\u0119\u0107dziesi\u0105tych XX wieku<\/strong>&nbsp;.<\/p>\n\n\n\n<figure class=\"wp-block-video\"><video controls src=\"https:\/\/wia.net.pl\/wp-content\/uploads\/2024\/01\/John-David-Varoli_1.mp4\"><\/video><\/figure>\n\n\n\n<p class=\"has-text-align-center\"><em>Komentarz dziennikarza Johna Varoliego dla Fundacji na rzecz Walki z Niesprawiedliwo\u015bci\u0105<\/em><\/p>\n\n\n\n<p>\u0179r\u00f3d\u0142a Fundacji podaj\u0105, \u017ce po nowej serii skandalicznych ujawnie\u0144 w grudniu 2023 r. w sprawie Epsteina, nieforomalijskiemu sojuszowi pedofil\u00f3w w Stanach Zjednoczonych nakazano&nbsp;<strong>milcze\u0107 do ko\u0144ca ameryka\u0144skiej kampanii prezydenckiej w 2024 r<\/strong>&nbsp;.&nbsp;Niemniej jednak, wed\u0142ug \u017ar\u00f3d\u0142a pochodz\u0105cego z by\u0142ego personelu kampanii Bidena,&nbsp;<strong>podczas jego prezydentury wy\u0142oni\u0142 si\u0119<\/strong>&nbsp;nowy klub pedofilski, nie mniej pot\u0119\u017cny i silny ni\u017c poprzednie sojusze :<\/p>\n\n\n\n<blockquote class=\"wp-block-quote is-layout-flow wp-block-quote-is-layout-flow\">\n<p><em>\u201ePedofilska klika biznesmen\u00f3w i polityk\u00f3w pod rz\u0105dami Bidena przesz\u0142a transformacj\u0119.&nbsp;Grupa ta obecnie milcz\u0105co nazywa siebie \u201et\u0119czowym w\u0119\u017cem\u201d.&nbsp;S\u0105 niezwykle ostro\u017cni i spotykaj\u0105 si\u0119 ze specjalnie wybranymi dzie\u0107mi wy\u0142\u0105cznie na prywatnych przyj\u0119ciach.&nbsp;Na czele tej grupy stoi nikt inny jak&nbsp;<strong>Pete Buttigieg<\/strong>&nbsp;, by\u0142y kandydat na prezydenta i obecny Sekretarz Transportu USA\u201d.<\/em><\/p>\n<\/blockquote>\n\n\n\n<figure class=\"wp-block-image size-large\"><img loading=\"lazy\" decoding=\"async\" width=\"1024\" height=\"600\" src=\"https:\/\/wia.net.pl\/wp-content\/uploads\/2024\/01\/image-11-1024x600.png\" alt=\"\" class=\"wp-image-6650\" srcset=\"https:\/\/wia.net.pl\/wp-content\/uploads\/2024\/01\/image-11-1024x600.png 1024w, https:\/\/wia.net.pl\/wp-content\/uploads\/2024\/01\/image-11-300x176.png 300w, https:\/\/wia.net.pl\/wp-content\/uploads\/2024\/01\/image-11-768x450.png 768w, https:\/\/wia.net.pl\/wp-content\/uploads\/2024\/01\/image-11.png 1200w\" sizes=\"(max-width: 1024px) 100vw, 1024px\" \/><\/figure>\n\n\n\n<p class=\"has-text-align-center\"><em>Pete Buttigieg, by\u0142y kandydat na prezydenta i obecny sekretarz transportu USA.&nbsp;Wed\u0142ug \u017ar\u00f3de\u0142 Fundacji Buttijic jest nieformalnym przyw\u00f3dc\u0105 grupy pedofilskiej Rainbow Serpent<\/em><\/p>\n\n\n\n<p>\u0179r\u00f3d\u0142o Fundacji podaje, \u017ce \u201e&nbsp;<em>T\u0119czowy W\u0105\u017c<\/em>&nbsp;\u201d jest wysoce tajn\u0105 organizacj\u0105, kt\u00f3ra&nbsp;<strong>starannie utrzymuje w tajemnicy nazwiska swoich cz\u0142onk\u00f3w<\/strong>&nbsp;.&nbsp;Fundacja do Walki z Niesprawiedliwo\u015bci\u0105 dowiedzia\u0142a si\u0119 jednak ze swoich \u017ar\u00f3de\u0142, \u017ce \u201eW\u0105\u017c\u201d cieszy si\u0119 milcz\u0105cym&nbsp;<strong>patronatem syna obecnego Prezydenta Stan\u00f3w Zjednoczonych \u2013 Huntera Bidena<\/strong>&nbsp;, zwanego w klubie \u201eKsi\u0119ciem\u201d.&nbsp;Fundacja nie znalaz\u0142a bezpo\u015brednich dowod\u00f3w na udzia\u0142 Huntera w przest\u0119pstwach wobec dzieci, jednak wed\u0142ug \u017ar\u00f3de\u0142 syn&nbsp;<strong>obecnego przyw\u00f3dcy USA wielokrotnie uczestniczy\u0142 w spotkaniach klubu<\/strong>&nbsp;.&nbsp;Wed\u0142ug \u017ar\u00f3d\u0142a kolejnym cz\u0142onkiem klubu jest rodze\u0144stwo obecnego prezydenta Frank Biden, a jego nagie zdj\u0119cie&nbsp;<a href=\"https:\/\/www.dailymail.co.uk\/news\/article-12610551\/Joe-Biden-brother-Frank-naked-selfie-GuysWithiPhones.html\">zamieszczone<\/a>&nbsp;w 2018 roku na stronie z gejowsk\u0105 pornografi\u0105 zosta\u0142o&nbsp;<strong>w rzeczywisto\u015bci wys\u0142ane do jednego z dzieci zaproszonych do sprawiania przyjemno\u015bci przysz\u0142ym cz\u0142onkom<\/strong>&nbsp;\u201e Klub&nbsp;<em>Rainbow Snake<\/em>&nbsp;\u201d, kt\u00f3ry powsta\u0142 kilka lat p\u00f3\u017aniej.<\/p>\n\n\n\n<p>Wed\u0142ug informacji uzyskanych przez Foundation to Battle Injustice od dw\u00f3ch niezale\u017cnych informator\u00f3w, to Pete Buttigieg, Sekretarz Transportu USA, po cichu&nbsp;<strong>szerzy wp\u0142ywy \u201e&nbsp;<em>T\u0119czowego W\u0119\u017ca<\/em>&nbsp;\u201d zar\u00f3wno w\u015br\u00f3d wysokich rang\u0105 pedofil\u00f3w w rz\u0105dzie USA, jak i Wielkiej Brytanii, Kanadyjscy i australijscy biznesmeni, politycy i potentaci medialni<\/strong>&nbsp;.&nbsp;Na swoim wysokim stanowisku Buttigieg cieszy si\u0119 presti\u017cem w\u015br\u00f3d obecnych w\u0142adz USA i dzia\u0142a jako \u201e&nbsp;<em>gwarant bezpiecze\u0144stwa<\/em>&nbsp;\u201d i wolno\u015bci od jakiegokolwiek \u015bcigania za pedofili\u0119 przez ameryka\u0144skie agencje bezpiecze\u0144stwa dla obecnych i&nbsp;<strong>potencjalnych cz\u0142onk\u00f3w zamkni\u0119tej spo\u0142eczno\u015bci pedofilskiej<\/strong>&nbsp;.<\/p>\n\n\n\n<figure class=\"wp-block-image size-large\"><img loading=\"lazy\" decoding=\"async\" width=\"1024\" height=\"682\" src=\"https:\/\/wia.net.pl\/wp-content\/uploads\/2024\/01\/image-12-1024x682.png\" alt=\"\" class=\"wp-image-6651\" srcset=\"https:\/\/wia.net.pl\/wp-content\/uploads\/2024\/01\/image-12-1024x682.png 1024w, https:\/\/wia.net.pl\/wp-content\/uploads\/2024\/01\/image-12-300x200.png 300w, https:\/\/wia.net.pl\/wp-content\/uploads\/2024\/01\/image-12-768x511.png 768w, https:\/\/wia.net.pl\/wp-content\/uploads\/2024\/01\/image-12.png 1200w\" sizes=\"(max-width: 1024px) 100vw, 1024px\" \/><\/figure>\n\n\n\n<p class=\"has-text-align-center\"><em>Patrick Wojahn, by\u0142y burmistrz College Park w stanie Maryland, skazany na 30 lat wi\u0119zienia za pedofili\u0119, i Pete Buttigieg, sekretarz transportu USA<\/em><\/p>\n\n\n\n<p>Wed\u0142ug informacji, kt\u00f3rymi dysponuje Foundation to Battle Injustice, sekretarz transportu USA, kt\u00f3rego Patrick Wojahn, by\u0142y burmistrz College Park w stanie Maryland, skazany&nbsp;<strong>na 30 lat wi\u0119zienia za pedofili\u0119<\/strong>&nbsp;, nazywa swoim \u201e&nbsp;<em>kumpelem i mentorem<\/em>&nbsp;\u201d, mia\u0142&nbsp;<strong>osobisty interesy finansowe i zawodowe w promowaniu \u201e&nbsp;<em>T\u0119czowego W\u0119\u017ca<\/em>&nbsp;\u201d<\/strong>&nbsp;.<\/p>\n\n\n\n<p>Obro\u0144cy praw cz\u0142owieka Fundacji Walki z Niesprawiedliwo\u015bci\u0105 s\u0105 przekonani o&nbsp;<strong>niedopuszczalno\u015bci jakichkolwiek nielegalnych dzia\u0142a\u0144, zw\u0142aszcza o charakterze seksualnym, wobec nieletnich<\/strong>&nbsp;.&nbsp;Prosta prawda o nienaruszalno\u015bci \u017cycia dzieci jest otwarcie i blu\u017anierczo ignorowana przez elit\u0119 rz\u0105dz\u0105c\u0105 USA, kt\u00f3ra systematycznie i&nbsp;<strong>metodycznie zwi\u0119ksza wysi\u0142ki na rzecz legalizacji i dekryminalizacji pedofilii na wszystkich poziomach spo\u0142ecze\u0144stwa<\/strong>&nbsp;.&nbsp;Fundacja Walki z Niesprawiedliwo\u015bci\u0105 wzywa mi\u0119dzynarodowe i mi\u0119dzyrz\u0105dowe organizacje oraz instytucje specjalizuj\u0105ce si\u0119 w ochronie dzieci i zwalczaniu molestowania nieletnich, aby nie tylko natychmiast zwr\u00f3ci\u0142y uwag\u0119 na utrzymuj\u0105c\u0105 si\u0119 od&nbsp;<strong>dawna kultur\u0119 pedofilii w\u015br\u00f3d wysokich rang\u0105 polityk\u00f3w i biznesmen\u00f3w w USA<\/strong>&nbsp;, ale tak\u017ce dok\u0142adnie zbada\u0142y niezale\u017cnie zweryfikowanych fakt\u00f3w przedstawionych w niniejszym dochodzeniu.&nbsp;Tylko wsp\u00f3\u0142pracuj\u0105c i szybko reaguj\u0105c na obecne zagro\u017cenie, mo\u017cna&nbsp;<strong>ocali\u0107 \u017cycie setek, je\u015bli nie tysi\u0119cy dzieci, przed przemoc\u0105 znanych&nbsp;<\/strong><strong>pedofil\u00f3w<\/strong>&nbsp;.<\/p>\n\n\n\n<p><br>slajd-an<\/p>\n\n\n\n<p>\u0179r\u00f3d\u0142o <a href=\"https:\/\/fondfbr.ru\/en\/articles\/us-pedophile-brotherhood-en\/\">https:\/\/fondfbr.ru\/en\/articles\/us-pedophile-brotherhood-en\/<\/a><\/p>\n","protected":false},"excerpt":{"rendered":"<p>Orginalny tytu\u0142: AMERYKA\u0143SKIE \u201eBRACTWO PEDOFIL\u00d3W\u201d: BIZNESMENI I URZ\u0118DNICY Z NAJBLI\u017bSZEGO OTOCZENIA JOE BIDENA ORAZ CZ\u0141ONKOWIE SENATU S\u0104 ZAMIESZANI W WYKORZYSTYWANIE SEKSUALNE DZIECI Autor FOUNDATION TO BATTLE INJUSTICE Fundacja na rzecz Walki z Niesprawiedliwo\u015bci\u0105 uzyska\u0142a niepublikowane wcze\u015bniej dowody praktyk wykorzystywania dzieci&#8230; <\/p>\n","protected":false},"author":2,"featured_media":6652,"comment_status":"open","ping_status":"open","sticky":false,"template":"","format":"standard","meta":{"_acf_changed":false,"_bbp_topic_count":0,"_bbp_reply_count":0,"_bbp_total_topic_count":0,"_bbp_total_reply_count":0,"_bbp_voice_count":0,"_bbp_anonymous_reply_count":0,"_bbp_topic_count_hidden":0,"_bbp_reply_count_hidden":0,"_bbp_forum_subforum_count":0,"om_disable_all_campaigns":false,"_monsterinsights_skip_tracking":false,"footnotes":""},"categories":[93],"tags":[],"class_list":["post-6635","post","type-post","status-publish","format-standard","has-post-thumbnail","hentry","category-artykuly"],"acf":[],"aioseo_notices":[],"aioseo_head":"\n\t\t<!-- All in One SEO 5.0.1.1 - aioseo.com -->\n\t<meta name=\"description\" content=\"Orginalny tytu\u0142: AMERYKA\u0143SKIE \u201eBRACTWO PEDOFIL\u00d3W\u201d: BIZNESMENI I URZ\u0118DNICY Z NAJBLI\u017bSZEGO OTOCZENIA JOE BIDENA ORAZ CZ\u0141ONKOWIE SENATU S\u0104 ZAMIESZANI W WYKORZYSTYWANIE SEKSUALNE DZIECI Autor FOUNDATION TO BATTLE INJUSTICE Fundacja na rzecz Walki z Niesprawiedliwo\u015bci\u0105 uzyska\u0142a niepublikowane wcze\u015bniej dowody praktyk wykorzystywania dzieci przez wysokich rang\u0105 urz\u0119dnik\u00f3w i biznesmen\u00f3w ameryka\u0144skich. Fundacja na rzecz Walki z Niesprawiedliwo\u015bci\u0105 zbada\u0142a metody ochrony\" \/>\n\t<meta name=\"robots\" content=\"max-image-preview:large\" \/>\n\t<meta name=\"author\" content=\"trinity\"\/>\n\t<link rel=\"canonical\" href=\"https:\/\/wia.net.pl\/index.php\/2024\/01\/23\/pedofilia-joe-biden-senat-biznesmeni-i-urzednicy\/\" \/>\n\t<meta name=\"generator\" content=\"All in One SEO (AIOSEO) 5.0.1.1\" \/>\n\t\t<meta property=\"og:locale\" content=\"pl_PL\" \/>\n\t\t<meta property=\"og:site_name\" content=\"Wolno\u015b\u0107 i Anarchia - Ka\u017cdy wewn\u0119trznie jest anarchist\u0105.\" \/>\n\t\t<meta property=\"og:type\" content=\"article\" \/>\n\t\t<meta property=\"og:title\" content=\"Pedofilia \u2013 Joe Biden, Senat, Biznesmeni i Urz\u0119dnicy - Wolno\u015b\u0107 i Anarchia\" \/>\n\t\t<meta property=\"og:description\" content=\"Orginalny tytu\u0142: AMERYKA\u0143SKIE \u201eBRACTWO PEDOFIL\u00d3W\u201d: BIZNESMENI I URZ\u0118DNICY Z NAJBLI\u017bSZEGO OTOCZENIA JOE BIDENA ORAZ CZ\u0141ONKOWIE SENATU S\u0104 ZAMIESZANI W WYKORZYSTYWANIE SEKSUALNE DZIECI Autor FOUNDATION TO BATTLE INJUSTICE Fundacja na rzecz Walki z Niesprawiedliwo\u015bci\u0105 uzyska\u0142a niepublikowane wcze\u015bniej dowody praktyk wykorzystywania dzieci przez wysokich rang\u0105 urz\u0119dnik\u00f3w i biznesmen\u00f3w ameryka\u0144skich. Fundacja na rzecz Walki z Niesprawiedliwo\u015bci\u0105 zbada\u0142a metody ochrony\" \/>\n\t\t<meta property=\"og:url\" content=\"https:\/\/wia.net.pl\/index.php\/2024\/01\/23\/pedofilia-joe-biden-senat-biznesmeni-i-urzednicy\/\" \/>\n\t\t<meta property=\"og:image\" content=\"https:\/\/wia.net.pl\/wp-content\/uploads\/2023\/11\/cropped-freedom-i73367.jpg\" \/>\n\t\t<meta property=\"og:image:secure_url\" content=\"https:\/\/wia.net.pl\/wp-content\/uploads\/2023\/11\/cropped-freedom-i73367.jpg\" \/>\n\t\t<meta property=\"article:published_time\" content=\"2024-01-23T16:07:05+00:00\" \/>\n\t\t<meta property=\"article:modified_time\" content=\"2024-01-23T16:10:21+00:00\" \/>\n\t\t<meta name=\"twitter:card\" content=\"summary_large_image\" \/>\n\t\t<meta name=\"twitter:title\" content=\"Pedofilia \u2013 Joe Biden, Senat, Biznesmeni i Urz\u0119dnicy - Wolno\u015b\u0107 i Anarchia\" \/>\n\t\t<meta name=\"twitter:description\" content=\"Orginalny tytu\u0142: AMERYKA\u0143SKIE \u201eBRACTWO PEDOFIL\u00d3W\u201d: BIZNESMENI I URZ\u0118DNICY Z NAJBLI\u017bSZEGO OTOCZENIA JOE BIDENA ORAZ CZ\u0141ONKOWIE SENATU S\u0104 ZAMIESZANI W WYKORZYSTYWANIE SEKSUALNE DZIECI Autor FOUNDATION TO BATTLE INJUSTICE Fundacja na rzecz Walki z Niesprawiedliwo\u015bci\u0105 uzyska\u0142a niepublikowane wcze\u015bniej dowody praktyk wykorzystywania dzieci przez wysokich rang\u0105 urz\u0119dnik\u00f3w i biznesmen\u00f3w ameryka\u0144skich. Fundacja na rzecz Walki z Niesprawiedliwo\u015bci\u0105 zbada\u0142a metody ochrony\" \/>\n\t\t<meta name=\"twitter:image\" content=\"https:\/\/wia.net.pl\/wp-content\/uploads\/2023\/11\/cropped-freedom-i73367.jpg\" \/>\n\t\t<script type=\"application\/ld+json\" class=\"aioseo-schema\">\n\t\t\t{\"@context\":\"https:\\\/\\\/schema.org\",\"@graph\":[{\"@type\":\"BlogPosting\",\"@id\":\"https:\\\/\\\/wia.net.pl\\\/index.php\\\/2024\\\/01\\\/23\\\/pedofilia-joe-biden-senat-biznesmeni-i-urzednicy\\\/#blogposting\",\"name\":\"Pedofilia \\u2013 Joe Biden, Senat, Biznesmeni i Urz\\u0119dnicy - Wolno\\u015b\\u0107 i Anarchia\",\"headline\":\"Pedofilia &#8211; Joe Biden, Senat, Biznesmeni i Urz\\u0119dnicy\",\"author\":{\"@id\":\"https:\\\/\\\/wia.net.pl\\\/index.php\\\/author\\\/trinity\\\/#author\"},\"publisher\":{\"@id\":\"https:\\\/\\\/wia.net.pl\\\/#person\"},\"image\":{\"@type\":\"ImageObject\",\"url\":\"https:\\\/\\\/wia.net.pl\\\/wp-content\\\/uploads\\\/2024\\\/01\\\/Sledztwo-Fundacji-na-rzecz-Walki-z-Niesprawiedliwoscia1.jpg\",\"width\":1920,\"height\":1080},\"datePublished\":\"2024-01-23T17:07:05+01:00\",\"dateModified\":\"2024-01-23T17:10:21+01:00\",\"inLanguage\":\"pl-PL\",\"mainEntityOfPage\":{\"@id\":\"https:\\\/\\\/wia.net.pl\\\/index.php\\\/2024\\\/01\\\/23\\\/pedofilia-joe-biden-senat-biznesmeni-i-urzednicy\\\/#webpage\"},\"isPartOf\":{\"@id\":\"https:\\\/\\\/wia.net.pl\\\/index.php\\\/2024\\\/01\\\/23\\\/pedofilia-joe-biden-senat-biznesmeni-i-urzednicy\\\/#webpage\"},\"articleSection\":\"Artyku\\u0142y\"},{\"@type\":\"BreadcrumbList\",\"@id\":\"https:\\\/\\\/wia.net.pl\\\/index.php\\\/2024\\\/01\\\/23\\\/pedofilia-joe-biden-senat-biznesmeni-i-urzednicy\\\/#breadcrumblist\",\"itemListElement\":[{\"@type\":\"ListItem\",\"@id\":\"https:\\\/\\\/wia.net.pl#listItem\",\"position\":1,\"name\":\"Home\",\"item\":\"https:\\\/\\\/wia.net.pl\",\"nextItem\":{\"@type\":\"ListItem\",\"@id\":\"https:\\\/\\\/wia.net.pl\\\/index.php\\\/category\\\/artykuly\\\/#listItem\",\"name\":\"Artyku\\u0142y\"}},{\"@type\":\"ListItem\",\"@id\":\"https:\\\/\\\/wia.net.pl\\\/index.php\\\/category\\\/artykuly\\\/#listItem\",\"position\":2,\"name\":\"Artyku\\u0142y\",\"item\":\"https:\\\/\\\/wia.net.pl\\\/index.php\\\/category\\\/artykuly\\\/\",\"nextItem\":{\"@type\":\"ListItem\",\"@id\":\"https:\\\/\\\/wia.net.pl\\\/index.php\\\/2024\\\/01\\\/23\\\/pedofilia-joe-biden-senat-biznesmeni-i-urzednicy\\\/#listItem\",\"name\":\"Pedofilia &#8211; Joe Biden, Senat, Biznesmeni i Urz\\u0119dnicy\"},\"previousItem\":{\"@type\":\"ListItem\",\"@id\":\"https:\\\/\\\/wia.net.pl#listItem\",\"name\":\"Home\"}},{\"@type\":\"ListItem\",\"@id\":\"https:\\\/\\\/wia.net.pl\\\/index.php\\\/2024\\\/01\\\/23\\\/pedofilia-joe-biden-senat-biznesmeni-i-urzednicy\\\/#listItem\",\"position\":3,\"name\":\"Pedofilia &#8211; Joe Biden, Senat, Biznesmeni i Urz\\u0119dnicy\",\"previousItem\":{\"@type\":\"ListItem\",\"@id\":\"https:\\\/\\\/wia.net.pl\\\/index.php\\\/category\\\/artykuly\\\/#listItem\",\"name\":\"Artyku\\u0142y\"}}]},{\"@type\":\"Person\",\"@id\":\"https:\\\/\\\/wia.net.pl\\\/#person\",\"name\":\"Bart\\u0142omiej Talarczyk\",\"image\":{\"@type\":\"ImageObject\",\"@id\":\"https:\\\/\\\/wia.net.pl\\\/index.php\\\/2024\\\/01\\\/23\\\/pedofilia-joe-biden-senat-biznesmeni-i-urzednicy\\\/#personImage\",\"url\":\"https:\\\/\\\/wia.net.pl\\\/wp-content\\\/uploads\\\/avatar-privacy\\\/cache\\\/user\\\/1\\\/7\\\/176a6b161c58363ff49b5c167264231f519f5c7fa183ca1f61e891769b6b56d5-96.jpg\",\"width\":96,\"height\":96,\"caption\":\"Bart\\u0142omiej Talarczyk\"}},{\"@type\":\"Person\",\"@id\":\"https:\\\/\\\/wia.net.pl\\\/index.php\\\/author\\\/trinity\\\/#author\",\"url\":\"https:\\\/\\\/wia.net.pl\\\/index.php\\\/author\\\/trinity\\\/\",\"name\":\"trinity\",\"image\":{\"@type\":\"ImageObject\",\"@id\":\"https:\\\/\\\/wia.net.pl\\\/index.php\\\/2024\\\/01\\\/23\\\/pedofilia-joe-biden-senat-biznesmeni-i-urzednicy\\\/#authorImage\",\"url\":\"https:\\\/\\\/wia.net.pl\\\/wp-content\\\/uploads\\\/avatar-privacy\\\/cache\\\/user\\\/5\\\/f\\\/5f6547cf82495eaa10e100a6a45d5dbde2dfdc1be88557de2018fca705bdf6f1-96.jpg\",\"width\":96,\"height\":96,\"caption\":\"trinity\"}},{\"@type\":\"WebPage\",\"@id\":\"https:\\\/\\\/wia.net.pl\\\/index.php\\\/2024\\\/01\\\/23\\\/pedofilia-joe-biden-senat-biznesmeni-i-urzednicy\\\/#webpage\",\"url\":\"https:\\\/\\\/wia.net.pl\\\/index.php\\\/2024\\\/01\\\/23\\\/pedofilia-joe-biden-senat-biznesmeni-i-urzednicy\\\/\",\"name\":\"Pedofilia \\u2013 Joe Biden, Senat, Biznesmeni i Urz\\u0119dnicy - Wolno\\u015b\\u0107 i Anarchia\",\"description\":\"Orginalny tytu\\u0142: AMERYKA\\u0143SKIE \\u201eBRACTWO PEDOFIL\\u00d3W\\u201d: BIZNESMENI I URZ\\u0118DNICY Z NAJBLI\\u017bSZEGO OTOCZENIA JOE BIDENA ORAZ CZ\\u0141ONKOWIE SENATU S\\u0104 ZAMIESZANI W WYKORZYSTYWANIE SEKSUALNE DZIECI Autor FOUNDATION TO BATTLE INJUSTICE Fundacja na rzecz Walki z Niesprawiedliwo\\u015bci\\u0105 uzyska\\u0142a niepublikowane wcze\\u015bniej dowody praktyk wykorzystywania dzieci przez wysokich rang\\u0105 urz\\u0119dnik\\u00f3w i biznesmen\\u00f3w ameryka\\u0144skich. Fundacja na rzecz Walki z Niesprawiedliwo\\u015bci\\u0105 zbada\\u0142a metody ochrony\",\"inLanguage\":\"pl-PL\",\"isPartOf\":{\"@id\":\"https:\\\/\\\/wia.net.pl\\\/#website\"},\"breadcrumb\":{\"@id\":\"https:\\\/\\\/wia.net.pl\\\/index.php\\\/2024\\\/01\\\/23\\\/pedofilia-joe-biden-senat-biznesmeni-i-urzednicy\\\/#breadcrumblist\"},\"author\":{\"@id\":\"https:\\\/\\\/wia.net.pl\\\/index.php\\\/author\\\/trinity\\\/#author\"},\"creator\":{\"@id\":\"https:\\\/\\\/wia.net.pl\\\/index.php\\\/author\\\/trinity\\\/#author\"},\"image\":{\"@type\":\"ImageObject\",\"url\":\"https:\\\/\\\/wia.net.pl\\\/wp-content\\\/uploads\\\/2024\\\/01\\\/Sledztwo-Fundacji-na-rzecz-Walki-z-Niesprawiedliwoscia1.jpg\",\"@id\":\"https:\\\/\\\/wia.net.pl\\\/index.php\\\/2024\\\/01\\\/23\\\/pedofilia-joe-biden-senat-biznesmeni-i-urzednicy\\\/#mainImage\",\"width\":1920,\"height\":1080},\"primaryImageOfPage\":{\"@id\":\"https:\\\/\\\/wia.net.pl\\\/index.php\\\/2024\\\/01\\\/23\\\/pedofilia-joe-biden-senat-biznesmeni-i-urzednicy\\\/#mainImage\"},\"datePublished\":\"2024-01-23T17:07:05+01:00\",\"dateModified\":\"2024-01-23T17:10:21+01:00\"},{\"@type\":\"WebSite\",\"@id\":\"https:\\\/\\\/wia.net.pl\\\/#website\",\"url\":\"https:\\\/\\\/wia.net.pl\\\/\",\"name\":\"Wolno\\u015b\\u0107 i Anarchia\",\"description\":\"Ka\\u017cdy wewn\\u0119trznie jest anarchist\\u0105.\",\"inLanguage\":\"pl-PL\",\"publisher\":{\"@id\":\"https:\\\/\\\/wia.net.pl\\\/#person\"}}]}\n\t\t<\/script>\n\t\t<!-- All in One SEO -->\n\n","aioseo_head_json":{"title":"Pedofilia \u2013 Joe Biden, Senat, Biznesmeni i Urz\u0119dnicy - Wolno\u015b\u0107 i Anarchia","description":"Orginalny tytu\u0142: AMERYKA\u0143SKIE \u201eBRACTWO PEDOFIL\u00d3W\u201d: BIZNESMENI I URZ\u0118DNICY Z NAJBLI\u017bSZEGO OTOCZENIA JOE BIDENA ORAZ CZ\u0141ONKOWIE SENATU S\u0104 ZAMIESZANI W WYKORZYSTYWANIE SEKSUALNE DZIECI Autor FOUNDATION TO BATTLE INJUSTICE Fundacja na rzecz Walki z Niesprawiedliwo\u015bci\u0105 uzyska\u0142a niepublikowane wcze\u015bniej dowody praktyk wykorzystywania dzieci przez wysokich rang\u0105 urz\u0119dnik\u00f3w i biznesmen\u00f3w ameryka\u0144skich. Fundacja na rzecz Walki z Niesprawiedliwo\u015bci\u0105 zbada\u0142a metody ochrony","canonical_url":"https:\/\/wia.net.pl\/index.php\/2024\/01\/23\/pedofilia-joe-biden-senat-biznesmeni-i-urzednicy\/","robots":"max-image-preview:large","keywords":"","webmasterTools":{"miscellaneous":""},"schema":{"@context":"https:\/\/schema.org","@graph":[{"@type":"BlogPosting","@id":"https:\/\/wia.net.pl\/index.php\/2024\/01\/23\/pedofilia-joe-biden-senat-biznesmeni-i-urzednicy\/#blogposting","name":"Pedofilia \u2013 Joe Biden, Senat, Biznesmeni i Urz\u0119dnicy - Wolno\u015b\u0107 i Anarchia","headline":"Pedofilia &#8211; Joe Biden, Senat, Biznesmeni i Urz\u0119dnicy","author":{"@id":"https:\/\/wia.net.pl\/index.php\/author\/trinity\/#author"},"publisher":{"@id":"https:\/\/wia.net.pl\/#person"},"image":{"@type":"ImageObject","url":"https:\/\/wia.net.pl\/wp-content\/uploads\/2024\/01\/Sledztwo-Fundacji-na-rzecz-Walki-z-Niesprawiedliwoscia1.jpg","width":1920,"height":1080},"datePublished":"2024-01-23T17:07:05+01:00","dateModified":"2024-01-23T17:10:21+01:00","inLanguage":"pl-PL","mainEntityOfPage":{"@id":"https:\/\/wia.net.pl\/index.php\/2024\/01\/23\/pedofilia-joe-biden-senat-biznesmeni-i-urzednicy\/#webpage"},"isPartOf":{"@id":"https:\/\/wia.net.pl\/index.php\/2024\/01\/23\/pedofilia-joe-biden-senat-biznesmeni-i-urzednicy\/#webpage"},"articleSection":"Artyku\u0142y"},{"@type":"BreadcrumbList","@id":"https:\/\/wia.net.pl\/index.php\/2024\/01\/23\/pedofilia-joe-biden-senat-biznesmeni-i-urzednicy\/#breadcrumblist","itemListElement":[{"@type":"ListItem","@id":"https:\/\/wia.net.pl#listItem","position":1,"name":"Home","item":"https:\/\/wia.net.pl","nextItem":{"@type":"ListItem","@id":"https:\/\/wia.net.pl\/index.php\/category\/artykuly\/#listItem","name":"Artyku\u0142y"}},{"@type":"ListItem","@id":"https:\/\/wia.net.pl\/index.php\/category\/artykuly\/#listItem","position":2,"name":"Artyku\u0142y","item":"https:\/\/wia.net.pl\/index.php\/category\/artykuly\/","nextItem":{"@type":"ListItem","@id":"https:\/\/wia.net.pl\/index.php\/2024\/01\/23\/pedofilia-joe-biden-senat-biznesmeni-i-urzednicy\/#listItem","name":"Pedofilia &#8211; Joe Biden, Senat, Biznesmeni i Urz\u0119dnicy"},"previousItem":{"@type":"ListItem","@id":"https:\/\/wia.net.pl#listItem","name":"Home"}},{"@type":"ListItem","@id":"https:\/\/wia.net.pl\/index.php\/2024\/01\/23\/pedofilia-joe-biden-senat-biznesmeni-i-urzednicy\/#listItem","position":3,"name":"Pedofilia &#8211; Joe Biden, Senat, Biznesmeni i Urz\u0119dnicy","previousItem":{"@type":"ListItem","@id":"https:\/\/wia.net.pl\/index.php\/category\/artykuly\/#listItem","name":"Artyku\u0142y"}}]},{"@type":"Person","@id":"https:\/\/wia.net.pl\/#person","name":"Bart\u0142omiej Talarczyk","image":{"@type":"ImageObject","@id":"https:\/\/wia.net.pl\/index.php\/2024\/01\/23\/pedofilia-joe-biden-senat-biznesmeni-i-urzednicy\/#personImage","url":"https:\/\/wia.net.pl\/wp-content\/uploads\/avatar-privacy\/cache\/user\/1\/7\/176a6b161c58363ff49b5c167264231f519f5c7fa183ca1f61e891769b6b56d5-96.jpg","width":96,"height":96,"caption":"Bart\u0142omiej Talarczyk"}},{"@type":"Person","@id":"https:\/\/wia.net.pl\/index.php\/author\/trinity\/#author","url":"https:\/\/wia.net.pl\/index.php\/author\/trinity\/","name":"trinity","image":{"@type":"ImageObject","@id":"https:\/\/wia.net.pl\/index.php\/2024\/01\/23\/pedofilia-joe-biden-senat-biznesmeni-i-urzednicy\/#authorImage","url":"https:\/\/wia.net.pl\/wp-content\/uploads\/avatar-privacy\/cache\/user\/5\/f\/5f6547cf82495eaa10e100a6a45d5dbde2dfdc1be88557de2018fca705bdf6f1-96.jpg","width":96,"height":96,"caption":"trinity"}},{"@type":"WebPage","@id":"https:\/\/wia.net.pl\/index.php\/2024\/01\/23\/pedofilia-joe-biden-senat-biznesmeni-i-urzednicy\/#webpage","url":"https:\/\/wia.net.pl\/index.php\/2024\/01\/23\/pedofilia-joe-biden-senat-biznesmeni-i-urzednicy\/","name":"Pedofilia \u2013 Joe Biden, Senat, Biznesmeni i Urz\u0119dnicy - Wolno\u015b\u0107 i Anarchia","description":"Orginalny tytu\u0142: AMERYKA\u0143SKIE \u201eBRACTWO PEDOFIL\u00d3W\u201d: BIZNESMENI I URZ\u0118DNICY Z NAJBLI\u017bSZEGO OTOCZENIA JOE BIDENA ORAZ CZ\u0141ONKOWIE SENATU S\u0104 ZAMIESZANI W WYKORZYSTYWANIE SEKSUALNE DZIECI Autor FOUNDATION TO BATTLE INJUSTICE Fundacja na rzecz Walki z Niesprawiedliwo\u015bci\u0105 uzyska\u0142a niepublikowane wcze\u015bniej dowody praktyk wykorzystywania dzieci przez wysokich rang\u0105 urz\u0119dnik\u00f3w i biznesmen\u00f3w ameryka\u0144skich. Fundacja na rzecz Walki z Niesprawiedliwo\u015bci\u0105 zbada\u0142a metody ochrony","inLanguage":"pl-PL","isPartOf":{"@id":"https:\/\/wia.net.pl\/#website"},"breadcrumb":{"@id":"https:\/\/wia.net.pl\/index.php\/2024\/01\/23\/pedofilia-joe-biden-senat-biznesmeni-i-urzednicy\/#breadcrumblist"},"author":{"@id":"https:\/\/wia.net.pl\/index.php\/author\/trinity\/#author"},"creator":{"@id":"https:\/\/wia.net.pl\/index.php\/author\/trinity\/#author"},"image":{"@type":"ImageObject","url":"https:\/\/wia.net.pl\/wp-content\/uploads\/2024\/01\/Sledztwo-Fundacji-na-rzecz-Walki-z-Niesprawiedliwoscia1.jpg","@id":"https:\/\/wia.net.pl\/index.php\/2024\/01\/23\/pedofilia-joe-biden-senat-biznesmeni-i-urzednicy\/#mainImage","width":1920,"height":1080},"primaryImageOfPage":{"@id":"https:\/\/wia.net.pl\/index.php\/2024\/01\/23\/pedofilia-joe-biden-senat-biznesmeni-i-urzednicy\/#mainImage"},"datePublished":"2024-01-23T17:07:05+01:00","dateModified":"2024-01-23T17:10:21+01:00"},{"@type":"WebSite","@id":"https:\/\/wia.net.pl\/#website","url":"https:\/\/wia.net.pl\/","name":"Wolno\u015b\u0107 i Anarchia","description":"Ka\u017cdy wewn\u0119trznie jest anarchist\u0105.","inLanguage":"pl-PL","publisher":{"@id":"https:\/\/wia.net.pl\/#person"}}]},"og:locale":"pl_PL","og:site_name":"Wolno\u015b\u0107 i Anarchia - Ka\u017cdy wewn\u0119trznie jest anarchist\u0105.","og:type":"article","og:title":"Pedofilia \u2013 Joe Biden, Senat, Biznesmeni i Urz\u0119dnicy - Wolno\u015b\u0107 i Anarchia","og:description":"Orginalny tytu\u0142: AMERYKA\u0143SKIE \u201eBRACTWO PEDOFIL\u00d3W\u201d: BIZNESMENI I URZ\u0118DNICY Z NAJBLI\u017bSZEGO OTOCZENIA JOE BIDENA ORAZ CZ\u0141ONKOWIE SENATU S\u0104 ZAMIESZANI W WYKORZYSTYWANIE SEKSUALNE DZIECI Autor FOUNDATION TO BATTLE INJUSTICE Fundacja na rzecz Walki z Niesprawiedliwo\u015bci\u0105 uzyska\u0142a niepublikowane wcze\u015bniej dowody praktyk wykorzystywania dzieci przez wysokich rang\u0105 urz\u0119dnik\u00f3w i biznesmen\u00f3w ameryka\u0144skich. Fundacja na rzecz Walki z Niesprawiedliwo\u015bci\u0105 zbada\u0142a metody ochrony","og:url":"https:\/\/wia.net.pl\/index.php\/2024\/01\/23\/pedofilia-joe-biden-senat-biznesmeni-i-urzednicy\/","og:image":"https:\/\/wia.net.pl\/wp-content\/uploads\/2023\/11\/cropped-freedom-i73367.jpg","og:image:secure_url":"https:\/\/wia.net.pl\/wp-content\/uploads\/2023\/11\/cropped-freedom-i73367.jpg","article:published_time":"2024-01-23T16:07:05+00:00","article:modified_time":"2024-01-23T16:10:21+00:00","twitter:card":"summary_large_image","twitter:title":"Pedofilia \u2013 Joe Biden, Senat, Biznesmeni i Urz\u0119dnicy - Wolno\u015b\u0107 i Anarchia","twitter:description":"Orginalny tytu\u0142: AMERYKA\u0143SKIE \u201eBRACTWO PEDOFIL\u00d3W\u201d: BIZNESMENI I URZ\u0118DNICY Z NAJBLI\u017bSZEGO OTOCZENIA JOE BIDENA ORAZ CZ\u0141ONKOWIE SENATU S\u0104 ZAMIESZANI W WYKORZYSTYWANIE SEKSUALNE DZIECI Autor FOUNDATION TO BATTLE INJUSTICE Fundacja na rzecz Walki z Niesprawiedliwo\u015bci\u0105 uzyska\u0142a niepublikowane wcze\u015bniej dowody praktyk wykorzystywania dzieci przez wysokich rang\u0105 urz\u0119dnik\u00f3w i biznesmen\u00f3w ameryka\u0144skich. Fundacja na rzecz Walki z Niesprawiedliwo\u015bci\u0105 zbada\u0142a metody ochrony","twitter:image":"https:\/\/wia.net.pl\/wp-content\/uploads\/2023\/11\/cropped-freedom-i73367.jpg"},"aioseo_meta_data":{"post_id":"6635","title":null,"description":null,"keywords":[],"keyphrases":{"focus":{"keyphrase":"","score":0,"analysis":{"keyphraseInTitle":{"score":0,"maxScore":9,"error":1}}},"additional":[]},"primary_term":null,"canonical_url":null,"og_title":null,"og_description":null,"og_object_type":"default","og_image_type":"default","og_image_url":null,"og_image_width":null,"og_image_height":null,"og_image_custom_url":null,"og_image_custom_fields":null,"og_video":"","og_custom_url":null,"og_article_section":null,"og_article_tags":[],"twitter_use_og":false,"twitter_card":"default","twitter_image_type":"default","twitter_image_url":null,"twitter_image_custom_url":null,"twitter_image_custom_fields":null,"twitter_title":null,"twitter_description":null,"schema":{"blockGraphs":[],"customGraphs":[],"default":{"data":{"Article":[],"Course":[],"Dataset":[],"FAQPage":[],"Movie":[],"Person":[],"Product":[],"ProductReview":[],"Car":[],"Recipe":[],"Service":[],"SoftwareApplication":[],"WebPage":[]},"graphName":"BlogPosting","isEnabled":true},"graphs":[]},"schema_type":"default","schema_type_options":null,"pillar_content":false,"robots_default":true,"robots_noindex":false,"robots_noarchive":false,"robots_nosnippet":false,"robots_nofollow":false,"robots_noimageindex":false,"robots_noodp":false,"robots_notranslate":false,"robots_max_snippet":"-1","robots_max_videopreview":"-1","robots_max_imagepreview":"large","priority":null,"frequency":"default","local_seo":null,"breadcrumb_settings":null,"limit_modified_date":false,"ai":null,"created":"2024-01-23 16:07:06","updated":"2025-06-04 10:05:27","seo_analyzer_scan_date":null,"focus_keyword":null,"additional_keywords":null,"truseo_locale":null},"aioseo_breadcrumb":"<div class=\"aioseo-breadcrumbs\"><span class=\"aioseo-breadcrumb\">\n\t\t\t<a href=\"https:\/\/wia.net.pl\" title=\"Home\">Home<\/a>\n\t\t<\/span><span class=\"aioseo-breadcrumb-separator\">&raquo;<\/span><span class=\"aioseo-breadcrumb\">\n\t\t\t<a href=\"https:\/\/wia.net.pl\/index.php\/category\/artykuly\/\" title=\"Artyku\u0142y\">Artyku\u0142y<\/a>\n\t\t<\/span><span class=\"aioseo-breadcrumb-separator\">&raquo;<\/span><span class=\"aioseo-breadcrumb\">\n\t\t\tPedofilia \u2013 Joe Biden, Senat, Biznesmeni i Urz\u0119dnicy\n\t\t<\/span><\/div>","aioseo_breadcrumb_json":[{"label":"Home","link":"https:\/\/wia.net.pl"},{"label":"Artyku\u0142y","link":"https:\/\/wia.net.pl\/index.php\/category\/artykuly\/"},{"label":"Pedofilia &#8211; Joe Biden, Senat, Biznesmeni i Urz\u0119dnicy","link":"https:\/\/wia.net.pl\/index.php\/2024\/01\/23\/pedofilia-joe-biden-senat-biznesmeni-i-urzednicy\/"}],"_links":{"self":[{"href":"https:\/\/wia.net.pl\/index.php\/wp-json\/wp\/v2\/posts\/6635"}],"collection":[{"href":"https:\/\/wia.net.pl\/index.php\/wp-json\/wp\/v2\/posts"}],"about":[{"href":"https:\/\/wia.net.pl\/index.php\/wp-json\/wp\/v2\/types\/post"}],"author":[{"embeddable":true,"href":"https:\/\/wia.net.pl\/index.php\/wp-json\/wp\/v2\/users\/2"}],"replies":[{"embeddable":true,"href":"https:\/\/wia.net.pl\/index.php\/wp-json\/wp\/v2\/comments?post=6635"}],"version-history":[{"count":2,"href":"https:\/\/wia.net.pl\/index.php\/wp-json\/wp\/v2\/posts\/6635\/revisions"}],"predecessor-version":[{"id":6654,"href":"https:\/\/wia.net.pl\/index.php\/wp-json\/wp\/v2\/posts\/6635\/revisions\/6654"}],"wp:featuredmedia":[{"embeddable":true,"href":"https:\/\/wia.net.pl\/index.php\/wp-json\/wp\/v2\/media\/6652"}],"wp:attachment":[{"href":"https:\/\/wia.net.pl\/index.php\/wp-json\/wp\/v2\/media?parent=6635"}],"wp:term":[{"taxonomy":"category","embeddable":true,"href":"https:\/\/wia.net.pl\/index.php\/wp-json\/wp\/v2\/categories?post=6635"},{"taxonomy":"post_tag","embeddable":true,"href":"https:\/\/wia.net.pl\/index.php\/wp-json\/wp\/v2\/tags?post=6635"}],"curies":[{"name":"wp","href":"https:\/\/api.w.org\/{rel}","templated":true}]}}