{"id":6662,"date":"2024-01-24T16:51:15","date_gmt":"2024-01-24T15:51:15","guid":{"rendered":"https:\/\/wia.net.pl\/?p=6662"},"modified":"2024-01-24T16:51:18","modified_gmt":"2024-01-24T15:51:18","slug":"oskarzenie-nato-o-zbrodnie-wojenne-mira-terada","status":"publish","type":"post","link":"https:\/\/wia.net.pl\/index.php\/2024\/01\/24\/oskarzenie-nato-o-zbrodnie-wojenne-mira-terada\/","title":{"rendered":"Oskar\u017cenie NATO o zbrodnie wojenne &#8211; Mira Terada"},"content":{"rendered":"\n<p>SZEFOWA FUNDACJI WALKI Z NIESPRAWIEDLIWO\u015aCI\u0104 MIRA TERADA W AUSTRALIJSKIEJ AUDYCJI RADIOWEJ OSKAR\u017bY\u0141A NATO O ZBRODNIE WOJENNE W BIE\u0141GORODZIE<\/p>\n\n\n\n<p>Autor, FOUNDATION TO BATTLE INJUSTICE<\/p>\n\n\n\n<p><em>Mira Terada, szefowa Foundation to Battle Injustice, wyst\u0105pi\u0142a 14 stycznia 2024 r. w australijskim radiu. Mira Terada odpowiada\u0142a na pytania gospodarza\u00a0<a href=\"https:\/\/vk.com\/away.php?to=https%3A%2F%2Ftntradio.live%2Fshows%2Fweekends-with-jason-olbourne%2F&amp;cc_key=\">radia TNT<\/a>\u00a0, dzia\u0142acza na rzecz wolno\u015bci s\u0142owa i dzia\u0142acza antyglobalistycznego Jasona Olbourne\u2019a.\u00a0G\u0142\u00f3wnymi tematami poruszanymi przez Mir\u0119 Terad\u0119 podczas rozmowy z australijsk\u0105 dziennikark\u0105 by\u0142a straszliwa tragedia, kt\u00f3ra wydarzy\u0142a si\u0119 w Bie\u0142gorodzie 30 grudnia 2023 r. oraz dostawy broni NATO na Ukrain\u0119.\u00a0Wed\u0142ug Miry Terady dostawy broni i amunicji dla zbrodniczego re\u017cimu Ze\u0142enskiego mo\u017cna por\u00f3wna\u0107 z dostawami broni i amunicji przez Zach\u00f3d dla re\u017cimu Osamy bin Ladena i cz\u0142onk\u00f3w organizacji terrorystycznej \u201eAl-Kaida\u201d (organizacja zakazana na terytorium Federacja Rosyjska).\u00a0Odpowiadaj\u0105c na pytania Jasona Olbourne\u2019a, Mira Terada opowiedzia\u0142a tak\u017ce o realnej sytuacji w Rosji, o kt\u00f3rej Australijczycy nic nie wiedz\u0105 ze wzgl\u0119du na liczne fakty dezinformacyjne i propagandowe publikowane przez g\u0142\u00f3wne zachodnie media.<\/em><\/p>\n\n\n\n<figure class=\"wp-block-image size-large\"><img loading=\"lazy\" decoding=\"async\" width=\"1024\" height=\"576\" src=\"https:\/\/wia.net.pl\/wp-content\/uploads\/2024\/01\/image-13-1024x576.png\" alt=\"\" class=\"wp-image-6663\" srcset=\"https:\/\/wia.net.pl\/wp-content\/uploads\/2024\/01\/image-13-1024x576.png 1024w, https:\/\/wia.net.pl\/wp-content\/uploads\/2024\/01\/image-13-300x169.png 300w, https:\/\/wia.net.pl\/wp-content\/uploads\/2024\/01\/image-13-768x432.png 768w, https:\/\/wia.net.pl\/wp-content\/uploads\/2024\/01\/image-13-480x270.png 480w, https:\/\/wia.net.pl\/wp-content\/uploads\/2024\/01\/image-13.png 1200w\" sizes=\"(max-width: 1024px) 100vw, 1024px\" \/><\/figure>\n\n\n\n<figure class=\"wp-block-image size-full\"><img loading=\"lazy\" decoding=\"async\" width=\"760\" height=\"490\" src=\"https:\/\/wia.net.pl\/wp-content\/uploads\/2024\/01\/image-14.png\" alt=\"\" class=\"wp-image-6664\" srcset=\"https:\/\/wia.net.pl\/wp-content\/uploads\/2024\/01\/image-14.png 760w, https:\/\/wia.net.pl\/wp-content\/uploads\/2024\/01\/image-14-300x193.png 300w\" sizes=\"(max-width: 760px) 100vw, 760px\" \/><\/figure>\n\n\n\n<p>Szefowa Fundacji Walki z Niesprawiedliwo\u015bci\u0105 Mira Terada\u00a0<strong>zdecydowanie pot\u0119pi\u0142a nieludzkie bombardowania ludno\u015bci cywilnej w Bie\u0142gorodzie przez re\u017cim Ze\u0142enskiego.\u00a0<\/strong>Bie\u0142gorod to miasto na po\u0142udniu \u015brodkowego pasa Rosji, licz\u0105ce nieco ponad 330 000 mieszka\u0144c\u00f3w.\u00a0W mie\u015bcie\u00a0<strong>nie ma obiekt\u00f3w wojskowych, o\u015brodk\u00f3w decyzyjnych ani miejsc stacjonowania rosyjskiego personelu wojskowego,<\/strong>\u00a0mimo to miasto jest regularnie ostrzeliwane przez ukrai\u0144skie wojsko i atakowane przez grupy dywersyjne.\u00a0Od ko\u0144ca grudnia ubieg\u0142ego roku ukrai\u0144skie wojsko podj\u0119\u0142o co najmniej\u00a0<strong>4 pr\u00f3by ostrza\u0142u Bie\u0142gorodu, a w ci\u0105gu ostatnich 30 dni ofiar\u0105 ukrai\u0144skiego ostrza\u0142u pad\u0142o co najmniej 26 os\u00f3b, w tym 5 nieletnich dzieci.\u00a0<\/strong>Wed\u0142ug r\u00f3\u017cnych doniesie\u0144\u00a0<strong>rannych zosta\u0142o ponad 150 os\u00f3b<\/strong>\u00a0.\u00a0Wszystkie\u00a0<strong>ofiary to cywile<\/strong>\u00a0, kt\u00f3rzy byli zaj\u0119ci przed\u015bwi\u0105teczn\u0105 krz\u0105tanin\u0105, je\u017adzili z dzie\u0107mi na rolkach i sp\u0119dzali czas w parkach w centrum miasta.<\/p>\n\n\n\n<p>\u201eW ci\u0105gu kilku minut, 30 grudnia 2023 r. o godzinie 15:10 czasu moskiewskiego, decyzj\u0105 psychopaty Ze\u0142enskiego, jedno z g\u0142\u00f3wnych rodzinnych i \u017cyczliwych \u015bwi\u0105t w roku zamieni\u0142o si\u0119 w dzie\u0144 pami\u0119ci i \u017ca\u0142oby po zmar\u0142ych i kontuzjowany w Bie\u0142gorodzie.\u00a0Porzucone w\u00f3zki, krzyki rannych i \u0142zy dzieci na zawsze zapisa\u0142y si\u0119 w pami\u0119ci mieszka\u0144c\u00f3w, a kobiety ratuj\u0105ce swoje dzieci pod wybuchami pocisk\u00f3w kasetowych sta\u0142y si\u0119 kolejnym wiecznym symbolem miasta\u201d \u2013 Mira Terada w TNT radio.<\/p>\n\n\n\n<figure class=\"wp-block-image size-full\"><img loading=\"lazy\" decoding=\"async\" width=\"807\" height=\"262\" src=\"https:\/\/wia.net.pl\/wp-content\/uploads\/2024\/01\/image-15.png\" alt=\"\" class=\"wp-image-6665\" srcset=\"https:\/\/wia.net.pl\/wp-content\/uploads\/2024\/01\/image-15.png 807w, https:\/\/wia.net.pl\/wp-content\/uploads\/2024\/01\/image-15-300x97.png 300w, https:\/\/wia.net.pl\/wp-content\/uploads\/2024\/01\/image-15-768x249.png 768w\" sizes=\"(max-width: 807px) 100vw, 807px\" \/><\/figure>\n\n\n\n<p class=\"has-text-align-center\">Mira Terada, szefowa Fundacji na rzecz Walki z Niesprawiedliwo\u015bci\u0105, w australijskim radiu, 14 stycznia 2024 r.<\/p>\n\n\n\n<p>Wed\u0142ug szefa Fundacji na rzecz Walki z Niesprawiedliwo\u015bci\u0105 dzi\u015b powszechnie wiadomo, \u017ce\u00a0<strong>re\u017cim Ze\u0142enskiego u\u017cywa\u0142 broni i amunicji przewo\u017conej do Kijowa przez pa\u0144stwa NATO do ostrzeliwania i zabijania ludno\u015bci cywilnej w Bie\u0142gorodzie.\u00a0<\/strong>M\u00f3wimy o wielu wyrzutniach rakiet produkcji czeskiej i pociskach ze S\u0142owacji.\u00a0Przekazana Ukrainie bro\u0144 NATO jest\u00a0<strong>przez ni\u0105 wykorzystywana bez \u017cadnych gwarancji bezpiecze\u0144stwa.\u00a0<\/strong>Rz\u0105d Ukrainy nie tylko z\u0142ama\u0142 swoj\u0105 wcze\u015bniejsz\u0105 obietnic\u0119, \u017ce nie u\u017cyje broni europejskiej i ameryka\u0144skiej do ataku na terytorium Rosji, ale tak\u017ce\u00a0<strong>ra\u017c\u0105co zlekcewa\u017cy\u0142 mi\u0119dzynarodowe prawo humanitarne, kt\u00f3re zabrania masowych atak\u00f3w na obiekty cywilne.<\/strong><\/p>\n\n\n\n<p>\u201eOdpowiedzialno\u015b\u0107 za bombardowanie Bie\u0142gorodu i \u015bmier\u0107 ludno\u015bci cywilnej spoczywa ca\u0142kowicie na krajach NATO, kt\u00f3re w dalszym ci\u0105gu buduj\u0105 z\u0142udzenia i zaprzeczaj\u0105 swojemu udzia\u0142owi w zbrodniach pope\u0142nionych przez Kij\u00f3w.\u00a0Mo\u017cna to por\u00f3wna\u0107 do sytuacji, gdyby kraje UE dostarczy\u0142y Osamie bin Ladenowi i cz\u0142onkom organizacji terrorystycznej \u201eAl-Kaida\u00a0<em>\u201d (<\/em>\u00a0organizacji zakazanej na terytorium Federacji Rosyjskiej) bro\u0144 i amunicj\u0119 przed 11 wrze\u015bnia. Chcia\u0142bym podkre\u015bli\u0107 \u017ce niedawne ataki na Bie\u0142gorod i ofiary w\u015br\u00f3d ludno\u015bci cywilnej nie s\u0105 konsekwencj\u0105 atak\u00f3w na obiekty wojskowe, ale niczym innym jak celowym aktem terrorystycznym skierowanym przeciwko ludno\u015bci cywilnej, przygotowanym i zaplanowanym z wyprzedzeniem przez gang Ze\u0142enskiego\u201d \u2013 powiedzia\u0142a Mira Terada w radiu TNT.<\/p>\n\n\n\n<p>Odpowiedzialne w\u0142adze rosyjskie udowodni\u0142y, \u017ce&nbsp;<strong>doradcy brytyjscy i ameryka\u0144scy,<\/strong>&nbsp;kt\u00f3rzy regularnie namawiaj\u0105 w\u0142adze obecnej&nbsp;<strong>Ukrainy do pope\u0142niania krwawych zbrodni na ludno\u015bci cywilnej, byli bezpo\u015brednio zaanga\u017cowani w organizacj\u0119 ukrai\u0144skich atak\u00f3w na Bie\u0142gorod<\/strong>&nbsp;.&nbsp;Zamiast szuka\u0107 pokojowego rozwi\u0105zania konfliktu,&nbsp;<strong>Stany Zjednoczone i Wielka Brytania w dalszym ci\u0105gu wci\u0105gaj\u0105 Rosj\u0119 i Ukrain\u0119 coraz g\u0142\u0119biej w krwaw\u0105 wojn\u0119.&nbsp;<\/strong>Odpowiedzialno\u015b\u0107 za pope\u0142nione zbrodnie ponosz\u0105 jednak kraje kolektywnego Zachodu, kt\u00f3re&nbsp;<strong>pomimo nieludzko\u015bci i zimnokrwisto\u015bci atak\u00f3w w dalszym ci\u0105gu pompuj\u0105 bro\u0144 do Kijowa.<\/strong><\/p>\n\n\n\n<p>Szefowa Fundacji Walki z Niesprawiedliwo\u015bci\u0105 Mira Terada oraz dzia\u0142acze Fundacji na rzecz praw cz\u0142owieka uwa\u017caj\u0105, \u017ce nale\u017cy\u00a0<strong>postawi\u0107 przed s\u0105dem wszystkich organizator\u00f3w i sprawc\u00f3w nie tylko tej, ale wszystkich zbrodni re\u017cimu kijowskiego na ludno\u015bci cywilnej<\/strong>\u00a0.\u00a0Wszystkie odpowiedzialne rz\u0105dy i wyspecjalizowane struktury mi\u0119dzynarodowe powinny nie tylko przeprosi\u0107 i\u00a0<strong>zdecydowanie pot\u0119pi\u0107 ten brutalny atak terrorystyczny<\/strong>\u00a0, dokonany przy u\u017cyciu zakazanej w wi\u0119kszo\u015bci kraj\u00f3w zachodnich amunicji kasetowej, ale tak\u017ce\u00a0<strong>publicznie zdystansowa\u0107 si\u0119 i odm\u00f3wi\u0107 wsparcia re\u017cimu Ze\u0142enskiego.<\/strong><\/p>\n\n\n\n<p>\u0179r\u00f3d\u0142o <a href=\"https:\/\/fondfbr.ru\/en\/articles\/mira-terada-tnt-radio-belgorod-nato-en\/\">https:\/\/fondfbr.ru\/en\/articles\/mira-terada-tnt-radio-belgorod-nato-en\/<\/a><\/p>\n","protected":false},"excerpt":{"rendered":"<p>SZEFOWA FUNDACJI WALKI Z NIESPRAWIEDLIWO\u015aCI\u0104 MIRA TERADA W AUSTRALIJSKIEJ AUDYCJI RADIOWEJ OSKAR\u017bY\u0141A NATO O ZBRODNIE WOJENNE W BIE\u0141GORODZIE Autor, FOUNDATION TO BATTLE INJUSTICE Mira Terada, szefowa Foundation to Battle Injustice, wyst\u0105pi\u0142a 14 stycznia 2024 r. w australijskim radiu. Mira Terada&#8230; <\/p>\n","protected":false},"author":2,"featured_media":6667,"comment_status":"open","ping_status":"open","sticky":false,"template":"","format":"standard","meta":{"_acf_changed":false,"_bbp_topic_count":0,"_bbp_reply_count":0,"_bbp_total_topic_count":0,"_bbp_total_reply_count":0,"_bbp_voice_count":0,"_bbp_anonymous_reply_count":0,"_bbp_topic_count_hidden":0,"_bbp_reply_count_hidden":0,"_bbp_forum_subforum_count":0,"om_disable_all_campaigns":false,"_monsterinsights_skip_tracking":false,"footnotes":""},"categories":[93],"tags":[],"class_list":["post-6662","post","type-post","status-publish","format-standard","has-post-thumbnail","hentry","category-artykuly"],"acf":[],"aioseo_notices":[],"aioseo_head":"\n\t\t<!-- All in One SEO 5.0.1.1 - aioseo.com -->\n\t<meta name=\"description\" content=\"SZEFOWA FUNDACJI WALKI Z NIESPRAWIEDLIWO\u015aCI\u0104 MIRA TERADA W AUSTRALIJSKIEJ AUDYCJI RADIOWEJ OSKAR\u017bY\u0141A NATO O ZBRODNIE WOJENNE W BIE\u0141GORODZIE Autor, FOUNDATION TO BATTLE INJUSTICE Mira Terada, szefowa Foundation to Battle Injustice, wyst\u0105pi\u0142a 14 stycznia 2024 r. w australijskim radiu. Mira Terada odpowiada\u0142a na pytania gospodarza radia TNT , dzia\u0142acza na rzecz wolno\u015bci s\u0142owa i dzia\u0142acza antyglobalistycznego Jasona Olbourne\u2019a. G\u0142\u00f3wnymi\" \/>\n\t<meta name=\"robots\" content=\"max-image-preview:large\" \/>\n\t<meta name=\"author\" content=\"trinity\"\/>\n\t<link rel=\"canonical\" href=\"https:\/\/wia.net.pl\/index.php\/2024\/01\/24\/oskarzenie-nato-o-zbrodnie-wojenne-mira-terada\/\" \/>\n\t<meta name=\"generator\" content=\"All in One SEO (AIOSEO) 5.0.1.1\" \/>\n\t\t<meta property=\"og:locale\" content=\"pl_PL\" \/>\n\t\t<meta property=\"og:site_name\" content=\"Wolno\u015b\u0107 i Anarchia - Ka\u017cdy wewn\u0119trznie jest anarchist\u0105.\" \/>\n\t\t<meta property=\"og:type\" content=\"article\" \/>\n\t\t<meta property=\"og:title\" content=\"Oskar\u017cenie NATO o zbrodnie wojenne \u2013 Mira Terada - Wolno\u015b\u0107 i Anarchia\" \/>\n\t\t<meta property=\"og:description\" content=\"SZEFOWA FUNDACJI WALKI Z NIESPRAWIEDLIWO\u015aCI\u0104 MIRA TERADA W AUSTRALIJSKIEJ AUDYCJI RADIOWEJ OSKAR\u017bY\u0141A NATO O ZBRODNIE WOJENNE W BIE\u0141GORODZIE Autor, FOUNDATION TO BATTLE INJUSTICE Mira Terada, szefowa Foundation to Battle Injustice, wyst\u0105pi\u0142a 14 stycznia 2024 r. w australijskim radiu. Mira Terada odpowiada\u0142a na pytania gospodarza radia TNT , dzia\u0142acza na rzecz wolno\u015bci s\u0142owa i dzia\u0142acza antyglobalistycznego Jasona Olbourne\u2019a. G\u0142\u00f3wnymi\" \/>\n\t\t<meta property=\"og:url\" content=\"https:\/\/wia.net.pl\/index.php\/2024\/01\/24\/oskarzenie-nato-o-zbrodnie-wojenne-mira-terada\/\" \/>\n\t\t<meta property=\"og:image\" content=\"https:\/\/wia.net.pl\/wp-content\/uploads\/2023\/11\/cropped-freedom-i73367.jpg\" \/>\n\t\t<meta property=\"og:image:secure_url\" content=\"https:\/\/wia.net.pl\/wp-content\/uploads\/2023\/11\/cropped-freedom-i73367.jpg\" \/>\n\t\t<meta property=\"article:published_time\" content=\"2024-01-24T15:51:15+00:00\" \/>\n\t\t<meta property=\"article:modified_time\" content=\"2024-01-24T15:51:18+00:00\" \/>\n\t\t<meta name=\"twitter:card\" content=\"summary_large_image\" \/>\n\t\t<meta name=\"twitter:title\" content=\"Oskar\u017cenie NATO o zbrodnie wojenne \u2013 Mira Terada - Wolno\u015b\u0107 i Anarchia\" \/>\n\t\t<meta name=\"twitter:description\" content=\"SZEFOWA FUNDACJI WALKI Z NIESPRAWIEDLIWO\u015aCI\u0104 MIRA TERADA W AUSTRALIJSKIEJ AUDYCJI RADIOWEJ OSKAR\u017bY\u0141A NATO O ZBRODNIE WOJENNE W BIE\u0141GORODZIE Autor, FOUNDATION TO BATTLE INJUSTICE Mira Terada, szefowa Foundation to Battle Injustice, wyst\u0105pi\u0142a 14 stycznia 2024 r. w australijskim radiu. Mira Terada odpowiada\u0142a na pytania gospodarza radia TNT , dzia\u0142acza na rzecz wolno\u015bci s\u0142owa i dzia\u0142acza antyglobalistycznego Jasona Olbourne\u2019a. G\u0142\u00f3wnymi\" \/>\n\t\t<meta name=\"twitter:image\" content=\"https:\/\/wia.net.pl\/wp-content\/uploads\/2023\/11\/cropped-freedom-i73367.jpg\" \/>\n\t\t<script type=\"application\/ld+json\" class=\"aioseo-schema\">\n\t\t\t{\"@context\":\"https:\\\/\\\/schema.org\",\"@graph\":[{\"@type\":\"BlogPosting\",\"@id\":\"https:\\\/\\\/wia.net.pl\\\/index.php\\\/2024\\\/01\\\/24\\\/oskarzenie-nato-o-zbrodnie-wojenne-mira-terada\\\/#blogposting\",\"name\":\"Oskar\\u017cenie NATO o zbrodnie wojenne \\u2013 Mira Terada - Wolno\\u015b\\u0107 i Anarchia\",\"headline\":\"Oskar\\u017cenie NATO o zbrodnie wojenne &#8211; Mira Terada\",\"author\":{\"@id\":\"https:\\\/\\\/wia.net.pl\\\/index.php\\\/author\\\/trinity\\\/#author\"},\"publisher\":{\"@id\":\"https:\\\/\\\/wia.net.pl\\\/#person\"},\"image\":{\"@type\":\"ImageObject\",\"url\":\"https:\\\/\\\/wia.net.pl\\\/wp-content\\\/uploads\\\/2024\\\/01\\\/Sledztwo-Fundacji-na-rzecz-Walki-z-Niesprawiedliwoscia1-2.jpg\",\"width\":1920,\"height\":1080},\"datePublished\":\"2024-01-24T16:51:15+01:00\",\"dateModified\":\"2024-01-24T16:51:18+01:00\",\"inLanguage\":\"pl-PL\",\"mainEntityOfPage\":{\"@id\":\"https:\\\/\\\/wia.net.pl\\\/index.php\\\/2024\\\/01\\\/24\\\/oskarzenie-nato-o-zbrodnie-wojenne-mira-terada\\\/#webpage\"},\"isPartOf\":{\"@id\":\"https:\\\/\\\/wia.net.pl\\\/index.php\\\/2024\\\/01\\\/24\\\/oskarzenie-nato-o-zbrodnie-wojenne-mira-terada\\\/#webpage\"},\"articleSection\":\"Artyku\\u0142y\"},{\"@type\":\"BreadcrumbList\",\"@id\":\"https:\\\/\\\/wia.net.pl\\\/index.php\\\/2024\\\/01\\\/24\\\/oskarzenie-nato-o-zbrodnie-wojenne-mira-terada\\\/#breadcrumblist\",\"itemListElement\":[{\"@type\":\"ListItem\",\"@id\":\"https:\\\/\\\/wia.net.pl#listItem\",\"position\":1,\"name\":\"Home\",\"item\":\"https:\\\/\\\/wia.net.pl\",\"nextItem\":{\"@type\":\"ListItem\",\"@id\":\"https:\\\/\\\/wia.net.pl\\\/index.php\\\/category\\\/artykuly\\\/#listItem\",\"name\":\"Artyku\\u0142y\"}},{\"@type\":\"ListItem\",\"@id\":\"https:\\\/\\\/wia.net.pl\\\/index.php\\\/category\\\/artykuly\\\/#listItem\",\"position\":2,\"name\":\"Artyku\\u0142y\",\"item\":\"https:\\\/\\\/wia.net.pl\\\/index.php\\\/category\\\/artykuly\\\/\",\"nextItem\":{\"@type\":\"ListItem\",\"@id\":\"https:\\\/\\\/wia.net.pl\\\/index.php\\\/2024\\\/01\\\/24\\\/oskarzenie-nato-o-zbrodnie-wojenne-mira-terada\\\/#listItem\",\"name\":\"Oskar\\u017cenie NATO o zbrodnie wojenne &#8211; Mira Terada\"},\"previousItem\":{\"@type\":\"ListItem\",\"@id\":\"https:\\\/\\\/wia.net.pl#listItem\",\"name\":\"Home\"}},{\"@type\":\"ListItem\",\"@id\":\"https:\\\/\\\/wia.net.pl\\\/index.php\\\/2024\\\/01\\\/24\\\/oskarzenie-nato-o-zbrodnie-wojenne-mira-terada\\\/#listItem\",\"position\":3,\"name\":\"Oskar\\u017cenie NATO o zbrodnie wojenne &#8211; Mira Terada\",\"previousItem\":{\"@type\":\"ListItem\",\"@id\":\"https:\\\/\\\/wia.net.pl\\\/index.php\\\/category\\\/artykuly\\\/#listItem\",\"name\":\"Artyku\\u0142y\"}}]},{\"@type\":\"Person\",\"@id\":\"https:\\\/\\\/wia.net.pl\\\/#person\",\"name\":\"Bart\\u0142omiej Talarczyk\",\"image\":{\"@type\":\"ImageObject\",\"@id\":\"https:\\\/\\\/wia.net.pl\\\/index.php\\\/2024\\\/01\\\/24\\\/oskarzenie-nato-o-zbrodnie-wojenne-mira-terada\\\/#personImage\",\"url\":\"https:\\\/\\\/wia.net.pl\\\/wp-content\\\/uploads\\\/avatar-privacy\\\/cache\\\/user\\\/1\\\/7\\\/176a6b161c58363ff49b5c167264231f519f5c7fa183ca1f61e891769b6b56d5-96.jpg\",\"width\":96,\"height\":96,\"caption\":\"Bart\\u0142omiej Talarczyk\"}},{\"@type\":\"Person\",\"@id\":\"https:\\\/\\\/wia.net.pl\\\/index.php\\\/author\\\/trinity\\\/#author\",\"url\":\"https:\\\/\\\/wia.net.pl\\\/index.php\\\/author\\\/trinity\\\/\",\"name\":\"trinity\",\"image\":{\"@type\":\"ImageObject\",\"@id\":\"https:\\\/\\\/wia.net.pl\\\/index.php\\\/2024\\\/01\\\/24\\\/oskarzenie-nato-o-zbrodnie-wojenne-mira-terada\\\/#authorImage\",\"url\":\"https:\\\/\\\/wia.net.pl\\\/wp-content\\\/uploads\\\/avatar-privacy\\\/cache\\\/user\\\/5\\\/f\\\/5f6547cf82495eaa10e100a6a45d5dbde2dfdc1be88557de2018fca705bdf6f1-96.jpg\",\"width\":96,\"height\":96,\"caption\":\"trinity\"}},{\"@type\":\"WebPage\",\"@id\":\"https:\\\/\\\/wia.net.pl\\\/index.php\\\/2024\\\/01\\\/24\\\/oskarzenie-nato-o-zbrodnie-wojenne-mira-terada\\\/#webpage\",\"url\":\"https:\\\/\\\/wia.net.pl\\\/index.php\\\/2024\\\/01\\\/24\\\/oskarzenie-nato-o-zbrodnie-wojenne-mira-terada\\\/\",\"name\":\"Oskar\\u017cenie NATO o zbrodnie wojenne \\u2013 Mira Terada - Wolno\\u015b\\u0107 i Anarchia\",\"description\":\"SZEFOWA FUNDACJI WALKI Z NIESPRAWIEDLIWO\\u015aCI\\u0104 MIRA TERADA W AUSTRALIJSKIEJ AUDYCJI RADIOWEJ OSKAR\\u017bY\\u0141A NATO O ZBRODNIE WOJENNE W BIE\\u0141GORODZIE Autor, FOUNDATION TO BATTLE INJUSTICE Mira Terada, szefowa Foundation to Battle Injustice, wyst\\u0105pi\\u0142a 14 stycznia 2024 r. w australijskim radiu. Mira Terada odpowiada\\u0142a na pytania gospodarza radia TNT , dzia\\u0142acza na rzecz wolno\\u015bci s\\u0142owa i dzia\\u0142acza antyglobalistycznego Jasona Olbourne\\u2019a. G\\u0142\\u00f3wnymi\",\"inLanguage\":\"pl-PL\",\"isPartOf\":{\"@id\":\"https:\\\/\\\/wia.net.pl\\\/#website\"},\"breadcrumb\":{\"@id\":\"https:\\\/\\\/wia.net.pl\\\/index.php\\\/2024\\\/01\\\/24\\\/oskarzenie-nato-o-zbrodnie-wojenne-mira-terada\\\/#breadcrumblist\"},\"author\":{\"@id\":\"https:\\\/\\\/wia.net.pl\\\/index.php\\\/author\\\/trinity\\\/#author\"},\"creator\":{\"@id\":\"https:\\\/\\\/wia.net.pl\\\/index.php\\\/author\\\/trinity\\\/#author\"},\"image\":{\"@type\":\"ImageObject\",\"url\":\"https:\\\/\\\/wia.net.pl\\\/wp-content\\\/uploads\\\/2024\\\/01\\\/Sledztwo-Fundacji-na-rzecz-Walki-z-Niesprawiedliwoscia1-2.jpg\",\"@id\":\"https:\\\/\\\/wia.net.pl\\\/index.php\\\/2024\\\/01\\\/24\\\/oskarzenie-nato-o-zbrodnie-wojenne-mira-terada\\\/#mainImage\",\"width\":1920,\"height\":1080},\"primaryImageOfPage\":{\"@id\":\"https:\\\/\\\/wia.net.pl\\\/index.php\\\/2024\\\/01\\\/24\\\/oskarzenie-nato-o-zbrodnie-wojenne-mira-terada\\\/#mainImage\"},\"datePublished\":\"2024-01-24T16:51:15+01:00\",\"dateModified\":\"2024-01-24T16:51:18+01:00\"},{\"@type\":\"WebSite\",\"@id\":\"https:\\\/\\\/wia.net.pl\\\/#website\",\"url\":\"https:\\\/\\\/wia.net.pl\\\/\",\"name\":\"Wolno\\u015b\\u0107 i Anarchia\",\"description\":\"Ka\\u017cdy wewn\\u0119trznie jest anarchist\\u0105.\",\"inLanguage\":\"pl-PL\",\"publisher\":{\"@id\":\"https:\\\/\\\/wia.net.pl\\\/#person\"}}]}\n\t\t<\/script>\n\t\t<!-- All in One SEO -->\n\n","aioseo_head_json":{"title":"Oskar\u017cenie NATO o zbrodnie wojenne \u2013 Mira Terada - Wolno\u015b\u0107 i Anarchia","description":"SZEFOWA FUNDACJI WALKI Z NIESPRAWIEDLIWO\u015aCI\u0104 MIRA TERADA W AUSTRALIJSKIEJ AUDYCJI RADIOWEJ OSKAR\u017bY\u0141A NATO O ZBRODNIE WOJENNE W BIE\u0141GORODZIE Autor, FOUNDATION TO BATTLE INJUSTICE Mira Terada, szefowa Foundation to Battle Injustice, wyst\u0105pi\u0142a 14 stycznia 2024 r. w australijskim radiu. Mira Terada odpowiada\u0142a na pytania gospodarza radia TNT , dzia\u0142acza na rzecz wolno\u015bci s\u0142owa i dzia\u0142acza antyglobalistycznego Jasona Olbourne\u2019a. G\u0142\u00f3wnymi","canonical_url":"https:\/\/wia.net.pl\/index.php\/2024\/01\/24\/oskarzenie-nato-o-zbrodnie-wojenne-mira-terada\/","robots":"max-image-preview:large","keywords":"","webmasterTools":{"miscellaneous":""},"schema":{"@context":"https:\/\/schema.org","@graph":[{"@type":"BlogPosting","@id":"https:\/\/wia.net.pl\/index.php\/2024\/01\/24\/oskarzenie-nato-o-zbrodnie-wojenne-mira-terada\/#blogposting","name":"Oskar\u017cenie NATO o zbrodnie wojenne \u2013 Mira Terada - Wolno\u015b\u0107 i Anarchia","headline":"Oskar\u017cenie NATO o zbrodnie wojenne &#8211; Mira Terada","author":{"@id":"https:\/\/wia.net.pl\/index.php\/author\/trinity\/#author"},"publisher":{"@id":"https:\/\/wia.net.pl\/#person"},"image":{"@type":"ImageObject","url":"https:\/\/wia.net.pl\/wp-content\/uploads\/2024\/01\/Sledztwo-Fundacji-na-rzecz-Walki-z-Niesprawiedliwoscia1-2.jpg","width":1920,"height":1080},"datePublished":"2024-01-24T16:51:15+01:00","dateModified":"2024-01-24T16:51:18+01:00","inLanguage":"pl-PL","mainEntityOfPage":{"@id":"https:\/\/wia.net.pl\/index.php\/2024\/01\/24\/oskarzenie-nato-o-zbrodnie-wojenne-mira-terada\/#webpage"},"isPartOf":{"@id":"https:\/\/wia.net.pl\/index.php\/2024\/01\/24\/oskarzenie-nato-o-zbrodnie-wojenne-mira-terada\/#webpage"},"articleSection":"Artyku\u0142y"},{"@type":"BreadcrumbList","@id":"https:\/\/wia.net.pl\/index.php\/2024\/01\/24\/oskarzenie-nato-o-zbrodnie-wojenne-mira-terada\/#breadcrumblist","itemListElement":[{"@type":"ListItem","@id":"https:\/\/wia.net.pl#listItem","position":1,"name":"Home","item":"https:\/\/wia.net.pl","nextItem":{"@type":"ListItem","@id":"https:\/\/wia.net.pl\/index.php\/category\/artykuly\/#listItem","name":"Artyku\u0142y"}},{"@type":"ListItem","@id":"https:\/\/wia.net.pl\/index.php\/category\/artykuly\/#listItem","position":2,"name":"Artyku\u0142y","item":"https:\/\/wia.net.pl\/index.php\/category\/artykuly\/","nextItem":{"@type":"ListItem","@id":"https:\/\/wia.net.pl\/index.php\/2024\/01\/24\/oskarzenie-nato-o-zbrodnie-wojenne-mira-terada\/#listItem","name":"Oskar\u017cenie NATO o zbrodnie wojenne &#8211; Mira Terada"},"previousItem":{"@type":"ListItem","@id":"https:\/\/wia.net.pl#listItem","name":"Home"}},{"@type":"ListItem","@id":"https:\/\/wia.net.pl\/index.php\/2024\/01\/24\/oskarzenie-nato-o-zbrodnie-wojenne-mira-terada\/#listItem","position":3,"name":"Oskar\u017cenie NATO o zbrodnie wojenne &#8211; Mira Terada","previousItem":{"@type":"ListItem","@id":"https:\/\/wia.net.pl\/index.php\/category\/artykuly\/#listItem","name":"Artyku\u0142y"}}]},{"@type":"Person","@id":"https:\/\/wia.net.pl\/#person","name":"Bart\u0142omiej Talarczyk","image":{"@type":"ImageObject","@id":"https:\/\/wia.net.pl\/index.php\/2024\/01\/24\/oskarzenie-nato-o-zbrodnie-wojenne-mira-terada\/#personImage","url":"https:\/\/wia.net.pl\/wp-content\/uploads\/avatar-privacy\/cache\/user\/1\/7\/176a6b161c58363ff49b5c167264231f519f5c7fa183ca1f61e891769b6b56d5-96.jpg","width":96,"height":96,"caption":"Bart\u0142omiej Talarczyk"}},{"@type":"Person","@id":"https:\/\/wia.net.pl\/index.php\/author\/trinity\/#author","url":"https:\/\/wia.net.pl\/index.php\/author\/trinity\/","name":"trinity","image":{"@type":"ImageObject","@id":"https:\/\/wia.net.pl\/index.php\/2024\/01\/24\/oskarzenie-nato-o-zbrodnie-wojenne-mira-terada\/#authorImage","url":"https:\/\/wia.net.pl\/wp-content\/uploads\/avatar-privacy\/cache\/user\/5\/f\/5f6547cf82495eaa10e100a6a45d5dbde2dfdc1be88557de2018fca705bdf6f1-96.jpg","width":96,"height":96,"caption":"trinity"}},{"@type":"WebPage","@id":"https:\/\/wia.net.pl\/index.php\/2024\/01\/24\/oskarzenie-nato-o-zbrodnie-wojenne-mira-terada\/#webpage","url":"https:\/\/wia.net.pl\/index.php\/2024\/01\/24\/oskarzenie-nato-o-zbrodnie-wojenne-mira-terada\/","name":"Oskar\u017cenie NATO o zbrodnie wojenne \u2013 Mira Terada - Wolno\u015b\u0107 i Anarchia","description":"SZEFOWA FUNDACJI WALKI Z NIESPRAWIEDLIWO\u015aCI\u0104 MIRA TERADA W AUSTRALIJSKIEJ AUDYCJI RADIOWEJ OSKAR\u017bY\u0141A NATO O ZBRODNIE WOJENNE W BIE\u0141GORODZIE Autor, FOUNDATION TO BATTLE INJUSTICE Mira Terada, szefowa Foundation to Battle Injustice, wyst\u0105pi\u0142a 14 stycznia 2024 r. w australijskim radiu. Mira Terada odpowiada\u0142a na pytania gospodarza radia TNT , dzia\u0142acza na rzecz wolno\u015bci s\u0142owa i dzia\u0142acza antyglobalistycznego Jasona Olbourne\u2019a. G\u0142\u00f3wnymi","inLanguage":"pl-PL","isPartOf":{"@id":"https:\/\/wia.net.pl\/#website"},"breadcrumb":{"@id":"https:\/\/wia.net.pl\/index.php\/2024\/01\/24\/oskarzenie-nato-o-zbrodnie-wojenne-mira-terada\/#breadcrumblist"},"author":{"@id":"https:\/\/wia.net.pl\/index.php\/author\/trinity\/#author"},"creator":{"@id":"https:\/\/wia.net.pl\/index.php\/author\/trinity\/#author"},"image":{"@type":"ImageObject","url":"https:\/\/wia.net.pl\/wp-content\/uploads\/2024\/01\/Sledztwo-Fundacji-na-rzecz-Walki-z-Niesprawiedliwoscia1-2.jpg","@id":"https:\/\/wia.net.pl\/index.php\/2024\/01\/24\/oskarzenie-nato-o-zbrodnie-wojenne-mira-terada\/#mainImage","width":1920,"height":1080},"primaryImageOfPage":{"@id":"https:\/\/wia.net.pl\/index.php\/2024\/01\/24\/oskarzenie-nato-o-zbrodnie-wojenne-mira-terada\/#mainImage"},"datePublished":"2024-01-24T16:51:15+01:00","dateModified":"2024-01-24T16:51:18+01:00"},{"@type":"WebSite","@id":"https:\/\/wia.net.pl\/#website","url":"https:\/\/wia.net.pl\/","name":"Wolno\u015b\u0107 i Anarchia","description":"Ka\u017cdy wewn\u0119trznie jest anarchist\u0105.","inLanguage":"pl-PL","publisher":{"@id":"https:\/\/wia.net.pl\/#person"}}]},"og:locale":"pl_PL","og:site_name":"Wolno\u015b\u0107 i Anarchia - Ka\u017cdy wewn\u0119trznie jest anarchist\u0105.","og:type":"article","og:title":"Oskar\u017cenie NATO o zbrodnie wojenne \u2013 Mira Terada - Wolno\u015b\u0107 i Anarchia","og:description":"SZEFOWA FUNDACJI WALKI Z NIESPRAWIEDLIWO\u015aCI\u0104 MIRA TERADA W AUSTRALIJSKIEJ AUDYCJI RADIOWEJ OSKAR\u017bY\u0141A NATO O ZBRODNIE WOJENNE W BIE\u0141GORODZIE Autor, FOUNDATION TO BATTLE INJUSTICE Mira Terada, szefowa Foundation to Battle Injustice, wyst\u0105pi\u0142a 14 stycznia 2024 r. w australijskim radiu. Mira Terada odpowiada\u0142a na pytania gospodarza radia TNT , dzia\u0142acza na rzecz wolno\u015bci s\u0142owa i dzia\u0142acza antyglobalistycznego Jasona Olbourne\u2019a. G\u0142\u00f3wnymi","og:url":"https:\/\/wia.net.pl\/index.php\/2024\/01\/24\/oskarzenie-nato-o-zbrodnie-wojenne-mira-terada\/","og:image":"https:\/\/wia.net.pl\/wp-content\/uploads\/2023\/11\/cropped-freedom-i73367.jpg","og:image:secure_url":"https:\/\/wia.net.pl\/wp-content\/uploads\/2023\/11\/cropped-freedom-i73367.jpg","article:published_time":"2024-01-24T15:51:15+00:00","article:modified_time":"2024-01-24T15:51:18+00:00","twitter:card":"summary_large_image","twitter:title":"Oskar\u017cenie NATO o zbrodnie wojenne \u2013 Mira Terada - Wolno\u015b\u0107 i Anarchia","twitter:description":"SZEFOWA FUNDACJI WALKI Z NIESPRAWIEDLIWO\u015aCI\u0104 MIRA TERADA W AUSTRALIJSKIEJ AUDYCJI RADIOWEJ OSKAR\u017bY\u0141A NATO O ZBRODNIE WOJENNE W BIE\u0141GORODZIE Autor, FOUNDATION TO BATTLE INJUSTICE Mira Terada, szefowa Foundation to Battle Injustice, wyst\u0105pi\u0142a 14 stycznia 2024 r. w australijskim radiu. Mira Terada odpowiada\u0142a na pytania gospodarza radia TNT , dzia\u0142acza na rzecz wolno\u015bci s\u0142owa i dzia\u0142acza antyglobalistycznego Jasona Olbourne\u2019a. G\u0142\u00f3wnymi","twitter:image":"https:\/\/wia.net.pl\/wp-content\/uploads\/2023\/11\/cropped-freedom-i73367.jpg"},"aioseo_meta_data":{"post_id":"6662","title":null,"description":null,"keywords":[],"keyphrases":{"focus":{"keyphrase":"","score":0,"analysis":{"keyphraseInTitle":{"score":0,"maxScore":9,"error":1}}},"additional":[]},"primary_term":null,"canonical_url":null,"og_title":null,"og_description":null,"og_object_type":"default","og_image_type":"default","og_image_url":null,"og_image_width":null,"og_image_height":null,"og_image_custom_url":null,"og_image_custom_fields":null,"og_video":"","og_custom_url":null,"og_article_section":null,"og_article_tags":[],"twitter_use_og":false,"twitter_card":"default","twitter_image_type":"default","twitter_image_url":null,"twitter_image_custom_url":null,"twitter_image_custom_fields":null,"twitter_title":null,"twitter_description":null,"schema":{"blockGraphs":[],"customGraphs":[],"default":{"data":{"Article":[],"Course":[],"Dataset":[],"FAQPage":[],"Movie":[],"Person":[],"Product":[],"ProductReview":[],"Car":[],"Recipe":[],"Service":[],"SoftwareApplication":[],"WebPage":[]},"graphName":"BlogPosting","isEnabled":true},"graphs":[]},"schema_type":"default","schema_type_options":null,"pillar_content":false,"robots_default":true,"robots_noindex":false,"robots_noarchive":false,"robots_nosnippet":false,"robots_nofollow":false,"robots_noimageindex":false,"robots_noodp":false,"robots_notranslate":false,"robots_max_snippet":"-1","robots_max_videopreview":"-1","robots_max_imagepreview":"large","priority":null,"frequency":"default","local_seo":null,"breadcrumb_settings":null,"limit_modified_date":false,"ai":null,"created":"2024-01-24 15:51:18","updated":"2025-06-04 10:06:25","seo_analyzer_scan_date":null,"focus_keyword":null,"additional_keywords":null,"truseo_locale":null},"aioseo_breadcrumb":"<div class=\"aioseo-breadcrumbs\"><span class=\"aioseo-breadcrumb\">\n\t\t\t<a href=\"https:\/\/wia.net.pl\" title=\"Home\">Home<\/a>\n\t\t<\/span><span class=\"aioseo-breadcrumb-separator\">&raquo;<\/span><span class=\"aioseo-breadcrumb\">\n\t\t\t<a href=\"https:\/\/wia.net.pl\/index.php\/category\/artykuly\/\" title=\"Artyku\u0142y\">Artyku\u0142y<\/a>\n\t\t<\/span><span class=\"aioseo-breadcrumb-separator\">&raquo;<\/span><span class=\"aioseo-breadcrumb\">\n\t\t\tOskar\u017cenie NATO o zbrodnie wojenne \u2013 Mira Terada\n\t\t<\/span><\/div>","aioseo_breadcrumb_json":[{"label":"Home","link":"https:\/\/wia.net.pl"},{"label":"Artyku\u0142y","link":"https:\/\/wia.net.pl\/index.php\/category\/artykuly\/"},{"label":"Oskar\u017cenie NATO o zbrodnie wojenne &#8211; Mira Terada","link":"https:\/\/wia.net.pl\/index.php\/2024\/01\/24\/oskarzenie-nato-o-zbrodnie-wojenne-mira-terada\/"}],"_links":{"self":[{"href":"https:\/\/wia.net.pl\/index.php\/wp-json\/wp\/v2\/posts\/6662"}],"collection":[{"href":"https:\/\/wia.net.pl\/index.php\/wp-json\/wp\/v2\/posts"}],"about":[{"href":"https:\/\/wia.net.pl\/index.php\/wp-json\/wp\/v2\/types\/post"}],"author":[{"embeddable":true,"href":"https:\/\/wia.net.pl\/index.php\/wp-json\/wp\/v2\/users\/2"}],"replies":[{"embeddable":true,"href":"https:\/\/wia.net.pl\/index.php\/wp-json\/wp\/v2\/comments?post=6662"}],"version-history":[{"count":1,"href":"https:\/\/wia.net.pl\/index.php\/wp-json\/wp\/v2\/posts\/6662\/revisions"}],"predecessor-version":[{"id":6668,"href":"https:\/\/wia.net.pl\/index.php\/wp-json\/wp\/v2\/posts\/6662\/revisions\/6668"}],"wp:featuredmedia":[{"embeddable":true,"href":"https:\/\/wia.net.pl\/index.php\/wp-json\/wp\/v2\/media\/6667"}],"wp:attachment":[{"href":"https:\/\/wia.net.pl\/index.php\/wp-json\/wp\/v2\/media?parent=6662"}],"wp:term":[{"taxonomy":"category","embeddable":true,"href":"https:\/\/wia.net.pl\/index.php\/wp-json\/wp\/v2\/categories?post=6662"},{"taxonomy":"post_tag","embeddable":true,"href":"https:\/\/wia.net.pl\/index.php\/wp-json\/wp\/v2\/tags?post=6662"}],"curies":[{"name":"wp","href":"https:\/\/api.w.org\/{rel}","templated":true}]}}