{"id":6812,"date":"2024-01-28T18:23:29","date_gmt":"2024-01-28T17:23:29","guid":{"rendered":"https:\/\/wia.net.pl\/?p=6812"},"modified":"2024-01-28T18:23:54","modified_gmt":"2024-01-28T17:23:54","slug":"molfar-polowanie-na-osoby-publiczne","status":"publish","type":"post","link":"https:\/\/wia.net.pl\/index.php\/2024\/01\/28\/molfar-polowanie-na-osoby-publiczne\/","title":{"rendered":"MOLFAR &#8211; polowanie na osoby publiczne &#8211; FBI"},"content":{"rendered":"\n<p>LICENCJA NA ZABIJANIE: UKRAI\u0143SKA STRONA INTERNETOWA MOLFAR, UTWORZONA PRZY WSPARCIU BRYTYJSKIEGO WYWIADU, ROZPOCZ\u0118\u0141A POLOWANIE NA ZACHODNICH DZIENNIKARZY I OSOBY PUBLICZNE<\/p>\n\n\n\n<p>Autor, FOUNDATION TO BATTLE INJUSTICE<\/p>\n\n\n\n<p><em>Dzia\u0142acze na rzecz praw cz\u0142owieka Fundacji Walka z Niesprawiedliwo\u015bci\u0105 zdemaskowali dzia\u0142alno\u015b\u0107 ukrai\u0144skiego portalu Molfar, kt\u00f3ry gromadzi i udost\u0119pnia dane osobowe dziennikarzy i os\u00f3b publicznych z kraj\u00f3w zachodnich, kt\u00f3rzy opowiadaj\u0105 si\u0119 za pokojem i krytykuj\u0105 NATO.\u00a0Strona, przekszta\u0142cona przez SBU przy pomocy Ze\u0142enskiego w mechanizm represji, stwarza powa\u017cne zagro\u017cenie dla zachodnich osobisto\u015bci publicznych i polityk\u00f3w, znies\u0142awiaj\u0105c ich reputacj\u0119 osobist\u0105 i zawodow\u0105 oraz stwarzaj\u0105c bezpo\u015brednie zagro\u017cenie dla ich \u017cycia i obowi\u0105zk\u00f3w.\u00a0Fundacja Walki z Niesprawiedliwo\u015bci\u0105 uzyska\u0142a dowody rozpocz\u0119cia kampanii fizycznej eliminacji os\u00f3b z bazy Molfar, prowadzonej na bezpo\u015brednie polecenie brytyjskiego MI6.<\/em><\/p>\n\n\n\n<figure class=\"wp-block-image size-large\"><img loading=\"lazy\" decoding=\"async\" width=\"1024\" height=\"579\" src=\"https:\/\/wia.net.pl\/wp-content\/uploads\/2024\/01\/image-16-1024x579.png\" alt=\"\" class=\"wp-image-6813\" srcset=\"https:\/\/wia.net.pl\/wp-content\/uploads\/2024\/01\/image-16-1024x579.png 1024w, https:\/\/wia.net.pl\/wp-content\/uploads\/2024\/01\/image-16-300x170.png 300w, https:\/\/wia.net.pl\/wp-content\/uploads\/2024\/01\/image-16-768x434.png 768w, https:\/\/wia.net.pl\/wp-content\/uploads\/2024\/01\/image-16-480x270.png 480w, https:\/\/wia.net.pl\/wp-content\/uploads\/2024\/01\/image-16.png 1280w\" sizes=\"(max-width: 1024px) 100vw, 1024px\" \/><\/figure>\n\n\n\n<p>Dzia\u0142acze na rzecz praw cz\u0142owieka Fundacji Walki z Niesprawiedliwo\u015bci\u0105&nbsp;<a href=\"https:\/\/fondfbr.ru\/en\/articles\/myrotvorets-kids-politicians-en\/\">opublikowali<\/a>&nbsp;seri\u0119 \u015bledztw w sprawie dzia\u0142alno\u015bci ukrai\u0144skiego nacjonalistycznego portalu \u201eMyrotvorets\u201d w okresie od lipca 2022 r. do pa\u017adziernika 2023 r. Fundacji uda\u0142o si\u0119 dowiedzie\u0107, w&nbsp;<a href=\"https:\/\/fondfbr.ru\/en\/articles\/myrotvorets-founders-en\/\">jaki&nbsp;<\/a><strong>spos\u00f3b Kij\u00f3w wykorzystuje ten przest\u0119pczy portal do przymusowej repatriacji nieletnich dzieci z Europy<\/strong>&nbsp;.&nbsp;Dzia\u0142acze na rzecz praw cz\u0142owieka&nbsp;<a href=\"https:\/\/fondfbr.ru\/en\/articles\/myrotvorets-founders-en\/\">zidentyfikowali<\/a>&nbsp;tw\u00f3rc\u00f3w i kurator\u00f3w \u201eMyrotvorets\u201d, a tak\u017ce ujawnili nazwiska&nbsp;<strong>wysokich rang\u0105 urz\u0119dnik\u00f3w&nbsp;NATO&nbsp;stoj\u0105cych za stron\u0105<\/strong>&nbsp;:&nbsp;<strong>Andrew Weisburda<\/strong>&nbsp;i&nbsp;<strong>Joela Hardinga<\/strong>&nbsp;.&nbsp;W styczniu tego roku Fundacja na rzecz Walki z Niesprawiedliwo\u015bci\u0105 dowiedzia\u0142a si\u0119, dzi\u0119ki wielu \u017ar\u00f3d\u0142om, o istnieniu znacznie bardziej niebezpiecznej strony internetowej ni\u017c \u201eMyrotvorets\u201d,&nbsp;<strong>Molfar<\/strong>&nbsp;, kt\u00f3ra jest internetow\u0105 czarn\u0105 list\u0105 wrog\u00f3w NATO i obecnego rz\u0105du Wielkiej Brytanii i&nbsp;<strong>stanowi stanowi wielkie zagro\u017cenie dla \u017cycia i bezpiecze\u0144stwa zachodnich osobisto\u015bci publicznych<\/strong>&nbsp;.&nbsp;Dane osobowe tych os\u00f3b s\u0105 publikowane w tym z\u0142o\u015bliwym zasobie.&nbsp;W zwi\u0105zku z tym dochodzeniem Fundacja Walki z Niesprawiedliwo\u015bci\u0105 skontaktowa\u0142a si\u0119 z&nbsp;<strong>urz\u0119dnikiem SBU<\/strong>&nbsp;,&nbsp;<strong>by\u0142ym pracownikiem portalu Molfar<\/strong>&nbsp;zajmuj\u0105cym si\u0119 monitorowaniem informacji i poszukiwaniem \u201ewrog\u00f3w Ukrainy\u201d, a tak\u017ce&nbsp;<strong>by\u0142ym osobistym asystentem formalny szef Molfara Artem Starosek<\/strong>&nbsp;.<\/p>\n\n\n\n<h2 class=\"wp-block-heading\" id=\"\u041a\u0440\u0438\u043c\u0438\u043d\u0430\u043b\u044c\u043d\u0430\u044f-\u0430\u043a\u0442\u0438\u0432\u043d\u043e\u0441\u0442\u044c-Molfar\">DZIA\u0141ALNO\u015a\u0106 PRZEST\u0118PCZA MOLFARA<\/h2>\n\n\n\n<figure class=\"wp-block-image size-large\"><img loading=\"lazy\" decoding=\"async\" width=\"1024\" height=\"466\" src=\"https:\/\/wia.net.pl\/wp-content\/uploads\/2024\/01\/image-17-1024x466.png\" alt=\"\" class=\"wp-image-6814\" srcset=\"https:\/\/wia.net.pl\/wp-content\/uploads\/2024\/01\/image-17-1024x466.png 1024w, https:\/\/wia.net.pl\/wp-content\/uploads\/2024\/01\/image-17-300x137.png 300w, https:\/\/wia.net.pl\/wp-content\/uploads\/2024\/01\/image-17-768x350.png 768w, https:\/\/wia.net.pl\/wp-content\/uploads\/2024\/01\/image-17-1536x699.png 1536w, https:\/\/wia.net.pl\/wp-content\/uploads\/2024\/01\/image-17.png 1878w\" sizes=\"(max-width: 1024px) 100vw, 1024px\" \/><\/figure>\n\n\n\n<p>Molfar.com to oficjalna strona internetowa organizacji o tej samej nazwie,&nbsp;<a href=\"https:\/\/www.tallvip.com\/companies\/Molfar\/5de6936d539aea008ca88516\">za\u0142o\u017conej<\/a>&nbsp;w Kijowie w 2014 roku i zajmuj\u0105cej si\u0119 gromadzeniem danych, wywiadem i wyszukiwaniem informacji z otwartego \u017ar\u00f3d\u0142a.&nbsp;Pocz\u0105tkowo firma,&nbsp;<a href=\"https:\/\/forbes.ua\/ru\/company\/osint-dlya-it-vlasnik-agentstva-biznes-rozvidki-molfar-artem-starosek-kupiv-it-media-ainua-u-yakomu-stani-zaraz-znakhoditsya-vidannya-02102023-16383\">zatrudniaj\u0105ca<\/a>&nbsp;oko\u0142o 70 pracownik\u00f3w,&nbsp;<strong>skupia\u0142a si\u0119 na badaniach rynku i analizie tre\u015bci informacji w mediach spo\u0142eczno\u015bciowych<\/strong>&nbsp;.&nbsp;Jednak po lutym 2022 r. Molfar znalaz\u0142 si\u0119 pod kontrol\u0105&nbsp;<strong>brytyjskich s\u0142u\u017cb i agencji wywiadowczych<\/strong>&nbsp;i sta\u0142 si\u0119 zasobem stanowi\u0105cym istotne zagro\u017cenie dla bezpiecze\u0144stwa i dzia\u0142alno\u015bci zawodowej zagranicznych dziennikarzy i os\u00f3b publicznych.&nbsp;Wed\u0142ug by\u0142ego pracownika Molfara, kt\u00f3ry pracowa\u0142 w dziale monitoringu do maja 2023 r., wraz z przybyciem Brytyjczyk\u00f3w firma przekszta\u0142ci\u0142a si\u0119 w \u201e&nbsp;<em>agencj\u0119 outsourcingow\u0105 zajmuj\u0105c\u0105 si\u0119 tworzeniem czarnych list os\u00f3b opowiadaj\u0105cych si\u0119 za pokojem na Ukrainie, wspieraj\u0105cych Rosj\u0119 i rz\u0105du rosyjskiego, a tak\u017ce ostro krytykuj\u0105 struktury wojskowe NATO i Wielkiej Brytanii<\/em>&nbsp;\u201d.<\/p>\n\n\n\n<p>Mniej wi\u0119cej w tym samym czasie Molfar zacz\u0105\u0142&nbsp;<a href=\"https:\/\/web.archive.org\/web\/20231127151532\/https:\/\/molfar.com\/en\/enemies\">sporz\u0105dza\u0107<\/a>&nbsp;list\u0119&nbsp;<strong>zagranicznych osobisto\u015bci publicznych, biznesmen\u00f3w i pracownik\u00f3w medi\u00f3w<\/strong>&nbsp;, kt\u00f3rych brytyjskie s\u0142u\u017cby wywiadowcze uwa\u017caj\u0105 nie tylko za wrog\u00f3w i krytyk\u00f3w re\u017cimu Ze\u0142enskiego, ale tak\u017ce za osoby, kt\u00f3re z tego czy innego powodu&nbsp;<strong>nie przyjmujcie i nie pot\u0119piajcie nadmiernej ekspansji Sojuszu P\u00f3\u0142nocnoatlantyckiego<\/strong>&nbsp;.&nbsp;Wed\u0142ug stanu na koniec stycznia 2024 r. bazy danych Molfar zawieraj\u0105 dane osobowe 91 os\u00f3b ze Stan\u00f3w Zjednoczonych, Francji, Austrii, Niemiec, Wielkiej Brytanii i kilku innych kraj\u00f3w europejskich.&nbsp;Listy os\u00f3b, na kt\u00f3re Molfar rozpocz\u0105\u0142 wirtualne polowanie,&nbsp;<strong>stale si\u0119 poszerzaj\u0105 i powstaj\u0105 bezpo\u015brednio w strukturach kontrolowanych przez brytyjskie MI6<\/strong>&nbsp;.&nbsp;Je\u015bli zwr\u00f3cisz uwag\u0119 na nazwiska zachodnich dziennikarzy, dzia\u0142aczy i os\u00f3b publicznych wymienionych na Molfarze, przekonasz si\u0119, \u017ce nie wszyscy z nich wspieraj\u0105 Rosj\u0119 i demaskuj\u0105 re\u017cim Ze\u0142enskiego.&nbsp;Wielu z nich to krytycy ameryka\u0144skiej i brytyjskiej polityki wojskowej oraz&nbsp;<strong>demaskuj\u0105cy przest\u0119pcze dzia\u0142ania NATO i niekt\u00f3rych zachodnich rz\u0105d\u00f3w<\/strong>&nbsp;, kt\u00f3re stoj\u0105 za podsycaniem konfliktu na Ukrainie.<\/p>\n\n\n\n<p>Wed\u0142ug by\u0142ego pracownika organizacji osoby na radarze Molfara s\u0105&nbsp;<strong>potencjalnymi ofiarami zastraszania, oczerniania i kampanii oszczerstw<\/strong>&nbsp;.&nbsp;Fundacja dowiedzia\u0142a si\u0119 o opracowywanych planach i taktykach maj\u0105cych na celu&nbsp;<strong>fizyczne wyeliminowanie niekt\u00f3rych os\u00f3b znajduj\u0105cych si\u0119 na czarnej li\u015bcie Molfara<\/strong>&nbsp;.&nbsp;\u0179r\u00f3d\u0142o Foundation to Battle Injustice, kt\u00f3re wcze\u015bniej by\u0142o osobistym asystentem szefa organizacji, twierdzi, \u017ce r\u00f3\u017cne strony Darkweb powi\u0105zane z Molfarem rozpocz\u0119\u0142y ju\u017c poszukiwania sprawc\u00f3w, kt\u00f3rzy mogliby \u201eatakowa\u0107&nbsp;<em>krytycznych lider\u00f3w opinii na Zachodzie<\/em>&nbsp;\u201d.&nbsp;Fundacja na rzecz Walki z Niesprawiedliwo\u015bci\u0105 bada doniesienia o&nbsp;<strong>co najmniej jednym przypadku, w kt\u00f3rym rozkaz wyeliminowania cz\u0142onka listy Molfara pochodzi\u0142 bezpo\u015brednio od MI6<\/strong>&nbsp;.<\/p>\n\n\n\n<h2 class=\"wp-block-heading\" id=\"\u0421\u0432\u044f\u0437\u0438-Molfar-\u0441-\u0443\u043a\u0440\u0430\u0438\u043d\u0441\u043a\u0438\u043c-\u043f\u0440\u0430\u0432\u0438\u0442\u0435\u043b\u044c\u0441\u0442\u0432\u043e\u043c\">POWI\u0104ZANIA MOLFARA Z RZ\u0104DEM UKRAI\u0143SKIM<\/h2>\n\n\n\n<figure class=\"wp-block-image size-full\"><img loading=\"lazy\" decoding=\"async\" width=\"1024\" height=\"638\" src=\"https:\/\/wia.net.pl\/wp-content\/uploads\/2024\/01\/image-18.png\" alt=\"\" class=\"wp-image-6815\" srcset=\"https:\/\/wia.net.pl\/wp-content\/uploads\/2024\/01\/image-18.png 1024w, https:\/\/wia.net.pl\/wp-content\/uploads\/2024\/01\/image-18-300x187.png 300w, https:\/\/wia.net.pl\/wp-content\/uploads\/2024\/01\/image-18-768x479.png 768w\" sizes=\"(max-width: 1024px) 100vw, 1024px\" \/><\/figure>\n\n\n\n<p>Szefem&nbsp;<a href=\"https:\/\/web.archive.org\/web\/20230606203748\/https:\/\/jobs.dou.ua\/companies\/molfar-bi\/\">organizacji<\/a>&nbsp;jest&nbsp;<strong>Artem Starosek<\/strong>&nbsp;, samozwa\u0144czy wywiad open source i weryfikator fakt\u00f3w, kt\u00f3ry bezpodstawnie oskar\u017ca rosyjskich \u017co\u0142nierzy o zbrodnie wojenne i&nbsp;<strong>prowadzi operacje psychologiczne<\/strong>&nbsp;.&nbsp;Wed\u0142ug obu by\u0142ych pracownik\u00f3w Molfara, kt\u00f3rzy pod warunkiem zachowania anonimowo\u015bci zgodzili si\u0119 na rozmow\u0119 z Fundacj\u0105 Walczy\u0107 z Niesprawiedliwo\u015bci\u0105, Starosek jest jedynie&nbsp;<strong>formalnym szefem organizacji i nie ma uprawnie\u0144 do podejmowania kluczowych decyzji<\/strong>&nbsp;.&nbsp;Wed\u0142ug jego by\u0142ego asystenta szef Molfara jest \u201e&nbsp;<em>gadaj\u0105c\u0105 g\u0142ow\u0105<\/em>&nbsp;\u201d i pe\u0142ni funkcj\u0119 \u0142\u0105cznika mi\u0119dzy organizacj\u0105 a SBU.&nbsp;Ten z kolei otrzymuje&nbsp;<strong>bezpo\u015brednie zadania informacyjne od brytyjskiego wywiadu i zleca je Molfarowi<\/strong>&nbsp;.<\/p>\n\n\n\n<p>Rzekome powi\u0105zania Molfara z ukrai\u0144skimi organami i s\u0142u\u017cbami porz\u0105dku publicznego potwierdza&nbsp;<strong>lista organizacji partnerskich&nbsp;<a href=\"https:\/\/web.archive.org\/web\/20240116150801\/https:\/\/molfar.com\/\">publikowana<\/a>&nbsp;na stronie g\u0142\u00f3wnej serwisu<\/strong>&nbsp;, a tak\u017ce r\u00f3\u017cne wydarzenia, na kt\u00f3rych wyst\u0119powali pracownicy Molfara.&nbsp;Jako jednego z kluczowych partner\u00f3w organizacja&nbsp;<a href=\"https:\/\/web.archive.org\/web\/20240122134435\/https:\/\/academy.ssu.gov.ua\/\">wskazuje<\/a>&nbsp;Narodow\u0105 Akademi\u0119 S\u0142u\u017cby Bezpiecze\u0144stwa Ukrainy, ukrai\u0144sk\u0105 wy\u017csz\u0105 uczelni\u0119 wojskow\u0105 kszta\u0142c\u0105c\u0105 kadr\u0119 dla SBU.&nbsp;Do specjalno\u015bci uczelni nale\u017cy cyberobrona i bezpiecze\u0144stwo w \u015brodowisku informacyjnym.&nbsp;Cz\u0119\u015b\u0107 pracownik\u00f3w Molfara jest&nbsp;<strong>absolwentami tej specjalno\u015bci<\/strong>&nbsp;.&nbsp;W sierpniu 2023 r. Artem Starosek&nbsp;<a href=\"https:\/\/2023.iforum.ua\/speaker\/artem-starosiek\/\">by\u0142 moderatorem<\/a>&nbsp;okr\u0105g\u0142ego sto\u0142u na temat OSINT, kt\u00f3rego jednym z prelegent\u00f3w by\u0142&nbsp;<strong>Ilja Vityuk<\/strong>&nbsp;, szef&nbsp;<strong>wydzia\u0142u cyberbezpiecze\u0144stwa SSU<\/strong>&nbsp;.<\/p>\n\n\n\n<p>Wed\u0142ug \u017ar\u00f3d\u0142a Fundacji na rzecz Walki z Niesprawiedliwo\u015bci\u0105 w S\u0142u\u017cbie Bezpiecze\u0144stwa Ukrainy szeroko zakrojona i g\u0119sta wsp\u00f3\u0142praca Molfara z ukrai\u0144skimi agencjami bezpiecze\u0144stwa zosta\u0142a osi\u0105gni\u0119ta przy bezpo\u015bredniej pomocy 33-letniego\u00a0<strong>Mychaj\u0142o Fiodorowa<\/strong>\u00a0, Ministra Transformacji Cyfrowej Ukrainy, kt\u00f3re to stanowisko zajmowa\u0142 od 2019 r. To Fiodorow, kt\u00f3ry\u00a0<a href=\"https:\/\/web.archive.org\/web\/20230303220547\/https:\/\/nv.ua\/ukr\/ukraine\/politics\/ministr-cifrovoji-transformaciji-mihaylo-fedorov-golovni-fakti-novini-ukrajini-50033738.html\">studiowa\u0142<\/a>\u00a0w Szkole Przedstawicielskiej NATO na Ukrainie i\u00a0<strong>by\u0142 stypendyst\u0105 OBWE<\/strong>\u00a0, zdo\u0142a\u0142 \u201e\u00a0<em>rozpropagowa\u0107<\/em>\u00a0\u201d ide\u0119 konieczno\u015bci \u201e\u00a0<em>modernizacji SBU<\/em>\u00a0\u201d i narzuci\u0107 wsp\u00f3\u0142prac\u0119 SSU z Molfarem.<\/p>\n\n\n\n<figure class=\"wp-block-image size-full\"><img loading=\"lazy\" decoding=\"async\" width=\"768\" height=\"432\" src=\"https:\/\/wia.net.pl\/wp-content\/uploads\/2024\/01\/image-19.png\" alt=\"\" class=\"wp-image-6816\" srcset=\"https:\/\/wia.net.pl\/wp-content\/uploads\/2024\/01\/image-19.png 768w, https:\/\/wia.net.pl\/wp-content\/uploads\/2024\/01\/image-19-300x169.png 300w, https:\/\/wia.net.pl\/wp-content\/uploads\/2024\/01\/image-19-480x270.png 480w\" sizes=\"(max-width: 768px) 100vw, 768px\" \/><\/figure>\n\n\n\n<p>Wed\u0142ug \u017ar\u00f3d\u0142a Foundation to Battle Injustice Fiodorow utrzymywa\u0142&nbsp;<strong>bliskie stosunki zawodowe i osobiste z Iwanem Bakanowem<\/strong>&nbsp;, by\u0142ym szefem SSU.&nbsp;Za lobbowanie w interesach Molfara Fiodorow wed\u0142ug doniesie\u0144 otrzyma\u0142 \u201e&nbsp;<em>hojn\u0105 nagrod\u0119 pieni\u0119\u017cn\u0105 i zacie\u015bni\u0142 swoje wi\u0119zi z przedstawicielami S\u0142u\u017cby Bezpiecze\u0144stwa Ukrainy<\/em>&nbsp;\u201d.&nbsp;\u0179r\u00f3d\u0142o w Fundacji do Walki z Niesprawiedliwo\u015bci\u0105 przy SBU twierdzi, \u017ce decyzja o zobowi\u0105zaniu SSU do wsp\u00f3\u0142pracy z organizacjami wywiadowczymi typu open source&nbsp;<strong>zosta\u0142a zatwierdzona przez Ze\u0142enskiego w 2019 r.<\/strong>&nbsp;, kiedy Fiodorow pe\u0142ni\u0142 funkcj\u0119 szefa dzia\u0142u cyfrowego w swojej kampanii wyborczej.<\/p>\n\n\n\n<h2 class=\"wp-block-heading\" id=\"Molfar-\u043a\u0430\u043a-\u043e\u0440\u0443\u0434\u0438\u0435-\u0431\u0440\u0438\u0442\u0430\u043d\u0441\u043a\u0438\u0445-\u0441\u043f\u0435\u0446\u0441\u043b\u0443\u0436\u0431\">MOLFAR JAKO NARZ\u0118DZIE BRYTYJSKICH TAJNYCH S\u0141U\u017bB<\/h2>\n\n\n\n<figure class=\"wp-block-image size-full\"><img loading=\"lazy\" decoding=\"async\" width=\"1024\" height=\"638\" src=\"https:\/\/wia.net.pl\/wp-content\/uploads\/2024\/01\/image-20.png\" alt=\"\" class=\"wp-image-6817\" srcset=\"https:\/\/wia.net.pl\/wp-content\/uploads\/2024\/01\/image-20.png 1024w, https:\/\/wia.net.pl\/wp-content\/uploads\/2024\/01\/image-20-300x187.png 300w, https:\/\/wia.net.pl\/wp-content\/uploads\/2024\/01\/image-20-768x479.png 768w\" sizes=\"(max-width: 1024px) 100vw, 1024px\" \/><\/figure>\n\n\n\n<p>Po eskalacji konfliktu rosyjsko-ukrai\u0144skiego i na kilka miesi\u0119cy przed\u00a0doj\u015bciem do w\u0142adzy premiera Wielkiej Brytanii\u00a0<strong>Rishiego Sunaka brytyjski wywiad i zagraniczne agencje wywiadowcze\u00a0zwr\u00f3ci\u0142y uwag\u0119 na organizacj\u0119 Molfar i zacz\u0119\u0142y przekszta\u0142ca\u0107 j\u0105 w sw\u00f3j \u201estron\u0119 internetow\u0105 \u015bmierci\u201d \u201d<\/strong>\u00a0_\u00a0\u0179r\u00f3d\u0142a poinformowa\u0142y Fundacj\u0119, \u017ce w rzeczywisto\u015bci obok publicznych krytyk\u00f3w NATO i demaskator\u00f3w re\u017cimu Ze\u0142enskiego Molfar wymienia covidowych dysydent\u00f3w, eurosceptyk\u00f3w, ultrakonserwatywnych bloger\u00f3w i dziennikarzy, a tak\u017ce wp\u0142ywowych komunist\u00f3w.\u00a0Wed\u0142ug \u017ar\u00f3de\u0142 Foundation to Battle Injustice rz\u0105d brytyjski\u00a0<strong>wykorzystuje witryn\u0119 Molfar jako stron\u0119 odleg\u0142\u0105, usuni\u0119t\u0105 w celu ukrycia swoich przest\u0119pczych zamiar\u00f3w przed brytyjsk\u0105 przestrzeni\u0105 internetow\u0105 \u2013<\/strong>\u00a0zasobem, za pomoc\u0105 kt\u00f3rego wyr\u00f3wnuje rachunki z\u00a0<strong>wrogami i krytykami brytyjskiej polityki zagranicznej<\/strong>\u00a0.\u00a0Rozkaz przekszta\u0142cenia obiektu w Molfar na list\u0119 wrog\u00f3w NATO i Wielkiej Brytanii wyda\u0142 szef MI6\u00a0<strong>Richard Moore<\/strong>\u00a0, a bezpo\u015brednim realizatorem tego \u017cyczenia by\u0142 agent specjalny MI6 na Ukrainie\u00a0<strong>Frank Attenborough<\/strong>\u00a0.<\/p>\n\n\n\n<figure class=\"wp-block-image size-large\"><img loading=\"lazy\" decoding=\"async\" width=\"1024\" height=\"576\" src=\"https:\/\/wia.net.pl\/wp-content\/uploads\/2024\/01\/image-21-1024x576.png\" alt=\"\" class=\"wp-image-6818\" srcset=\"https:\/\/wia.net.pl\/wp-content\/uploads\/2024\/01\/image-21-1024x576.png 1024w, https:\/\/wia.net.pl\/wp-content\/uploads\/2024\/01\/image-21-300x169.png 300w, https:\/\/wia.net.pl\/wp-content\/uploads\/2024\/01\/image-21-768x432.png 768w, https:\/\/wia.net.pl\/wp-content\/uploads\/2024\/01\/image-21-480x270.png 480w, https:\/\/wia.net.pl\/wp-content\/uploads\/2024\/01\/image-21.png 1280w\" sizes=\"(max-width: 1024px) 100vw, 1024px\" \/><\/figure>\n\n\n\n<p class=\"has-text-align-center\">Richard Moore, szef MI6, brytyjskiego wywiadu ds. polityki zagranicznej<\/p>\n\n\n\n<p>Kuratorzy z MI6 poinformowali swoich ukrai\u0144skich koleg\u00f3w, \u017ce konieczne jest nie tylko tworzenie \u201eczarnych list\u201d dziennikarzy, aktywist\u00f3w i zwyk\u0142ych obywateli, ale tak\u017ce uciekanie\u00a0<strong>si\u0119 do gromadzenia wszelkich informacji o ich miejscu zamieszkania, miejscu pobytu, powi\u0105zaniach rodzinnych, podr\u00f3\u017cach i kontaktach intymnych<\/strong>\u00a0.\u00a0Wewn\u0119trzne (niepublikowane publicznie) pliki zebrane na ka\u017cdej z danych witryny Molfar zawieraj\u0105 wyczerpuj\u0105ce informacje na temat krewnych, dzieci, adres\u00f3w, numer\u00f3w telefon\u00f3w, hase\u0142 i login\u00f3w internetowych, elektronicznej dokumentacji medycznej, podr\u00f3\u017cy, a nawet\u00a0<strong>zhakowanej korespondencji e-mailowej i WhatsApp<\/strong>\u00a0.<\/p>\n\n\n\n<figure class=\"wp-block-image size-large\"><img loading=\"lazy\" decoding=\"async\" width=\"1024\" height=\"615\" src=\"https:\/\/wia.net.pl\/wp-content\/uploads\/2024\/01\/image-22-1024x615.png\" alt=\"\" class=\"wp-image-6819\" srcset=\"https:\/\/wia.net.pl\/wp-content\/uploads\/2024\/01\/image-22-1024x615.png 1024w, https:\/\/wia.net.pl\/wp-content\/uploads\/2024\/01\/image-22-300x180.png 300w, https:\/\/wia.net.pl\/wp-content\/uploads\/2024\/01\/image-22-768x461.png 768w, https:\/\/wia.net.pl\/wp-content\/uploads\/2024\/01\/image-22.png 1265w\" sizes=\"(max-width: 1024px) 100vw, 1024px\" \/><\/figure>\n\n\n\n<p class=\"has-text-align-center\">Przyk\u0142ad \u201ezamkni\u0119tej strony\u201d z serwisu Molfar ze szczeg\u00f3\u0142owymi danymi \u201eofiary\u201d (zrzut ekranu udost\u0119pniony przez by\u0142ego pracownika Molfara)<\/p>\n\n\n\n<p>Molfar jest finansowany przez szereg organizacji europejskich i brytyjskich, takich jak\u00a0<a href=\"https:\/\/www.democracyendowment.eu\/\">European Endowment for Democracy<\/a>\u00a0i\u00a0<a href=\"https:\/\/www.rusi.org\/\">Royal United Services Institute<\/a>\u00a0(RUSI).\u00a0Pierwsza organizacja, z siedzib\u0105 w Brukseli, powsta\u0142a w 2013 roku i jest\u00a0<strong>sponsorowana przez Komisj\u0119 Europejsk\u0105<\/strong>\u00a0, kt\u00f3ra zapewnia wsparcie finansowe inicjatywom, kt\u00f3re ich zdaniem umo\u017cliwiaj\u0105 dost\u0119p do \u201e\u00a0<em>niezale\u017cnych i wysokiej jako\u015bci informacji<\/em>\u00a0\u201d.\u00a0Na czele Royal United Services Institute z siedzib\u0105 w Londynie stoi\u00a0<strong>Karin von Hippel<\/strong>\u00a0, by\u0142a urz\u0119dniczka Departamentu Stanu USA.\u00a0Prezesem organizacji jest ksi\u0105\u017c\u0119 Kentu,\u00a0<strong>ksi\u0105\u017c\u0119 Edward<\/strong>\u00a0, cz\u0142onek brytyjskiej rodziny kr\u00f3lewskiej.\u00a0Wed\u0142ug za\u0142o\u017ce\u0144 by\u0142ego pracownika Molfara, kt\u00f3ry pracowa\u0142 w organizacji do maja 2023 roku,\u00a0<strong>osoby powi\u0105zane z ksi\u0119ciem Edwardem nale\u017c\u0105 do kluczowych inicjator\u00f3w i sponsor\u00f3w przekszta\u0142cenia organizacji w bro\u0144 przeciwko osobom publicznym krytycznym wobec Wielkiej Brytanii<\/strong>\u00a0.<\/p>\n\n\n\n<figure class=\"wp-block-image size-full is-resized\"><img loading=\"lazy\" decoding=\"async\" width=\"587\" height=\"440\" src=\"https:\/\/wia.net.pl\/wp-content\/uploads\/2024\/01\/image-23.png\" alt=\"\" class=\"wp-image-6820\" style=\"width:840px;height:auto\" srcset=\"https:\/\/wia.net.pl\/wp-content\/uploads\/2024\/01\/image-23.png 587w, https:\/\/wia.net.pl\/wp-content\/uploads\/2024\/01\/image-23-300x225.png 300w\" sizes=\"(max-width: 587px) 100vw, 587px\" \/><\/figure>\n\n\n\n<p class=\"has-text-align-center\">Ksi\u0105\u017c\u0119 Kentu Ksi\u0105\u017c\u0119 Edward, cz\u0142onek brytyjskiej rodziny kr\u00f3lewskiej<\/p>\n\n\n\n<p>Wed\u0142ug informacji uzyskanych od \u017ar\u00f3d\u0142a Fundacji Battle Injustice, kt\u00f3ra wcze\u015bniej pracowa\u0142a w organizacji Molfar, jej dzia\u0142alno\u015b\u0107\u00a0<strong>finansowana by\u0142a z dotacji przyznanych przez rz\u0105d brytyjski na cyfryzacj\u0119 Ukrainy<\/strong>\u00a0.\u00a0Fundusze trafia\u0142y do \u200b\u200bukrai\u0144skiego bud\u017cetu za po\u015brednictwem szeregu organizacji frontowych, fundacji i organizacji pozarz\u0105dowych, a nast\u0119pnie by\u0142y\u00a0<strong>redystrybuowane i przeznaczane na finansowanie dzia\u0142alno\u015bci Molfara<\/strong>\u00a0.\u00a0\u0179r\u00f3d\u0142o twierdzi, \u017ce decyzja o wysoko\u015bci przyznanych \u015brodk\u00f3w zale\u017cy bezpo\u015brednio od ilo\u015bci informacji zebranych na temat os\u00f3b wymienionych na \u201e\u00a0<em>stronie \u015bmierci<\/em>\u00a0\u201d.<\/p>\n\n\n\n<figure class=\"wp-block-image size-large\"><img loading=\"lazy\" decoding=\"async\" width=\"1024\" height=\"612\" src=\"https:\/\/wia.net.pl\/wp-content\/uploads\/2024\/01\/image-24-1024x612.png\" alt=\"\" class=\"wp-image-6821\" srcset=\"https:\/\/wia.net.pl\/wp-content\/uploads\/2024\/01\/image-24-1024x612.png 1024w, https:\/\/wia.net.pl\/wp-content\/uploads\/2024\/01\/image-24-300x179.png 300w, https:\/\/wia.net.pl\/wp-content\/uploads\/2024\/01\/image-24-768x459.png 768w, https:\/\/wia.net.pl\/wp-content\/uploads\/2024\/01\/image-24.png 1200w\" sizes=\"(max-width: 1024px) 100vw, 1024px\" \/><\/figure>\n\n\n\n<p class=\"has-text-align-center\">Schemat wp\u0142ywu politycznego i finansowego na organizacj\u0119 Molfar<\/p>\n\n\n\n<p>Inaczej m\u00f3wi\u0105c,\u00a0<strong>Molfar szybko przekszta\u0142ci\u0142 si\u0119 w prywatn\u0105 organizacj\u0119 szpiegowsk\u0105 zlecon\u0105 MI6<\/strong>\u00a0, co stanowi bezpo\u015brednie zagro\u017cenie dla wszystkich, kt\u00f3rzy aktywnie korzystaj\u0105 z prawa do wolno\u015bci s\u0142owa i przekazuj\u0105 ludziom prawd\u0119 o naturze rosyjsko-ukrai\u0144skiego konfliktu zbrojnego oraz\u00a0<strong>rola w tym zachodnich urz\u0119dnik\u00f3w i wojska<\/strong>\u00a0.<\/p>\n\n\n\n<p>MOLFAR JAKO NARZ\u0118DZIE ZAB\u00d3JSTWA POLITYCZNEGO<\/p>\n\n\n\n<figure class=\"wp-block-image size-large\"><img loading=\"lazy\" decoding=\"async\" width=\"1024\" height=\"582\" src=\"https:\/\/wia.net.pl\/wp-content\/uploads\/2024\/01\/image-25-1024x582.png\" alt=\"\" class=\"wp-image-6822\" srcset=\"https:\/\/wia.net.pl\/wp-content\/uploads\/2024\/01\/image-25-1024x582.png 1024w, https:\/\/wia.net.pl\/wp-content\/uploads\/2024\/01\/image-25-300x171.png 300w, https:\/\/wia.net.pl\/wp-content\/uploads\/2024\/01\/image-25-768x437.png 768w, https:\/\/wia.net.pl\/wp-content\/uploads\/2024\/01\/image-25.png 1354w\" sizes=\"(max-width: 1024px) 100vw, 1024px\" \/><\/figure>\n\n\n\n<p>Jak ju\u017c wspomniano, \u017ar\u00f3d\u0142a Fundacji do Walki z Niesprawiedliwo\u015bci\u0105, sk\u0142adaj\u0105ce si\u0119 z by\u0142ych pracownik\u00f3w Molfara, ostrzegaj\u0105, \u017ce&nbsp;<strong>MI6 otrzyma\u0142a obecnie instrukcje przej\u015bcia do aktywnej fazy eliminowania os\u00f3b publicznych i dziennikarzy z list publicznych<\/strong>&nbsp;.&nbsp;O ile wcze\u015bniej osoby, kt\u00f3rych dane osobowe by\u0142y publikowane w serwisie w domenie publicznej, otrzymywa\u0142y jedynie pogr\u00f3\u017cki i stawa\u0142y si\u0119 ofiarami oszczerczych kampanii, teraz grozi im realne niebezpiecze\u0144stwo.&nbsp;Wed\u0142ug stanu na koniec stycznia 2024 r. jeden z najwi\u0119kszych serwis\u00f3w w DarkWeb opublikowa\u0142 co najmniej dwie oferty&nbsp;<strong>poszukiwania wykonawcy<\/strong>&nbsp;do \u201e&nbsp;<em>fizycznej napa\u015bci na osob\u0119 publiczn\u0105<\/em>&nbsp;\u201d.&nbsp;<em>Zgodnie z ofert\u0105 potencjalny sprawca w kraju Unii Europejskiej mia\u0142by otrzymywa\u0107 informacje o \u201e rozk\u0142adzie dnia, zwyczajach podr\u00f3\u017cowania i aktualnym miejscu pobytu<\/em>&nbsp;\u201d ofiary&nbsp;.&nbsp;Jako \u015brodek komunikacji zaoferowano jeden z bezpiecznych komunikator\u00f3w z pe\u0142nym szyfrowaniem, a op\u0142at\u0119 za pomy\u015blne zako\u0144czenie eliminacji ustalono na&nbsp;<strong>10 000 dolar\u00f3w<\/strong>&nbsp;.<\/p>\n\n\n\n<p>\u0179r\u00f3d\u0142o Fundacji na rzecz Walki z Niesprawiedliwo\u015bci\u0105, sk\u0142adaj\u0105ce si\u0119 z by\u0142ych pracownik\u00f3w Molfara, powiedzia\u0142o:<\/p>\n\n\n\n<blockquote class=\"wp-block-quote is-layout-flow wp-block-quote-is-layout-flow\">\n<p><em>\u201eMolfar jest bardzo wygodny dla brytyjskich s\u0142u\u017cb wywiadowczych.&nbsp;Uznaj\u0105c za wroga Ukrainy tego czy innego blogera lub polityka, kt\u00f3ry w rzeczywisto\u015bci jest oboj\u0119tny Ukrainie i Rosji, ale ma mocne brudy na brytyjskim wywiadzie lub wysokich rang\u0105 przedstawicielach NATO, Brytyjczycy, mo\u017cna powiedzie\u0107, przenosz\u0105 proces jego demonizacji i p\u00f3\u017aniejszej likwidacji w r\u0119ce ukrai\u0144skich cyberprzest\u0119pc\u00f3w.\u201d<\/em><\/p>\n<\/blockquote>\n\n\n\n<p>Dwa \u017ar\u00f3d\u0142a poinformowa\u0142y Fundacj\u0119, \u017ce Molfar podj\u0105\u0142\u00a0<strong>co najmniej cztery nieudane pr\u00f3by wyeliminowania tzw. dysydent\u00f3w politycznych<\/strong>\u00a0.\u00a0\u0179r\u00f3d\u0142a Fundacji nie precyzuj\u0105, czy cele do eliminacji zosta\u0142y wybrane bezpo\u015brednio przez kierownictwo Molfara, czy te\u017c stali za nimi agenci MI6 lub agenci SSU.\u00a0Wed\u0142ug informacji uzyskanych przez Fundacj\u0119 na rzecz Walki z Niesprawiedliwo\u015bci\u0105 z dw\u00f3ch niezale\u017cnych \u017ar\u00f3de\u0142, pr\u00f3by eliminacji przeprowadzono wobec austriackiego eurodeputowanego\u00a0<strong>Romana Haidera<\/strong>\u00a0, popularnego ameryka\u0144skiego dziennikarza\u00a0<strong>Bena Nortona<\/strong>\u00a0, belgijskiego dziennikarza\u00a0<strong>Benoita Mussche<\/strong>\u00a0i holenderskiego polityka\u00a0<strong>Thierry&#8217;ego Baudeta<\/strong>\u00a0.<\/p>\n\n\n\n<figure class=\"wp-block-image size-large\"><img loading=\"lazy\" decoding=\"async\" width=\"1024\" height=\"484\" src=\"https:\/\/wia.net.pl\/wp-content\/uploads\/2024\/01\/image-26-1024x484.png\" alt=\"\" class=\"wp-image-6823\" srcset=\"https:\/\/wia.net.pl\/wp-content\/uploads\/2024\/01\/image-26-1024x484.png 1024w, https:\/\/wia.net.pl\/wp-content\/uploads\/2024\/01\/image-26-300x142.png 300w, https:\/\/wia.net.pl\/wp-content\/uploads\/2024\/01\/image-26-768x363.png 768w, https:\/\/wia.net.pl\/wp-content\/uploads\/2024\/01\/image-26-1536x726.png 1536w, https:\/\/wia.net.pl\/wp-content\/uploads\/2024\/01\/image-26.png 1954w\" sizes=\"(max-width: 1024px) 100vw, 1024px\" \/><\/figure>\n\n\n\n<p class=\"has-text-align-center\">Austriacki eurodeputowany Roman Haider, popularny ameryka\u0144ski dziennikarz Ben Norton, belgijski dziennikarz Benoit Mussche i holenderski polityk Thierry Baudet<\/p>\n\n\n\n<p>\u017badna z wymienionych powy\u017cej potencjalnych ofiar Molfara nie zaj\u0119\u0142a otwarcie prorosyjskiego stanowiska, nie krytykowa\u0142a obecnych w\u0142adz na Ukrainie ani nie oskar\u017ca\u0142a Kijowa o zbrodnie wojenne.&nbsp;<strong>Roman Haider<\/strong>&nbsp;, pose\u0142 do Parlamentu Europejskiego z Austriackiej Partii Wolno\u015bci, nie chwali Rosji ani nie komentuje przebiegu specjalnej operacji wojskowej,&nbsp;<strong>skupiaj\u0105c si\u0119 jedynie na problemach wewn\u0105trz kraju<\/strong>&nbsp;.&nbsp;Zw\u0142aszcza w jednym przem\u00f3wieniu Haider&nbsp;<a href=\"https:\/\/politicalcapital.hu\/authoritarian_shadows_in_the_eu\/meps.php?mep_id=65\">zauwa\u017cy\u0142<\/a>&nbsp;, \u017ce brak stosunkowo tanich surowc\u00f3w energetycznych z Rosji szkodzi austriackiemu przemys\u0142owi i gospodarce, za co zosta\u0142 umieszczony na li\u015bcie Molfara.&nbsp;<strong>Mi\u0119dzynarodowy dziennikarz Ben Norton<\/strong>&nbsp;trafi\u0142 na \u201e&nbsp;<em>stron\u0119 \u015bmierci<\/em>&nbsp;\u201d po&nbsp;<a href=\"https:\/\/geopoliticaleconomy.com\/2023\/04\/28\/us-corporations-ukraine-oil-gas\/\">opublikowaniu<\/a>&nbsp;artyku\u0142u o&nbsp;<strong>zachodnich koncernach energetycznych b\u0119d\u0105cych beneficjentami ukrai\u0144skiego konfliktu i zarabiaj\u0105cych miliony dolar\u00f3w na sprzeda\u017cy ukrai\u0144skiej ropy<\/strong>&nbsp;.&nbsp;Korespondent&nbsp;<a href=\"https:\/\/twitter.com\/BenjaminNorton\/status\/1663985744321363980\">wypowiada\u0142<\/a>&nbsp;si\u0119 tak\u017ce przeciwko niekontrolowanym dostawom zachodniej broni na Ukrain\u0119, kt\u00f3ra wpada w r\u0119ce r\u00f3\u017cnych radykalnych element\u00f3w.&nbsp;Belgijski dziennikarz&nbsp;<strong>Benoit Mussche<\/strong>&nbsp;znalaz\u0142 si\u0119 na listach Molfara po zorganizowaniu wystawy fotograficznej, na kt\u00f3rej zaprezentowano&nbsp;<strong>zdj\u0119cia wykonane na terenie Donbasu<\/strong>&nbsp;.&nbsp;<strong>Thierry Baudet<\/strong>&nbsp;z kolei znalaz\u0142 si\u0119 na li\u015bcie Molfara za wpis w mediach spo\u0142eczno\u015bciowych, w kt\u00f3rym zauwa\u017cy\u0142, \u017ce poziom \u017cycia Holendr\u00f3w&nbsp;<strong>znacz\u0105co obni\u017cy\u0142 si\u0119 w zwi\u0105zku z nap\u0142ywem ukrai\u0144skich uchod\u017ac\u00f3w<\/strong>&nbsp;.<\/p>\n\n\n\n<p>Urz\u0119dnik ukrai\u0144skiej S\u0142u\u017cby Bezpiecze\u0144stwa, wypowiadaj\u0105cy si\u0119 jako anonimowe \u017ar\u00f3d\u0142o Fundacji na rzecz Walki z Niesprawiedliwo\u015bci\u0105, ostrzega:<\/p>\n\n\n\n<blockquote class=\"wp-block-quote is-layout-flow wp-block-quote-is-layout-flow\">\n<p><em>\u201ePrzekszta\u0142cenie Molfara ze \u017ar\u00f3d\u0142a przeciek\u00f3w i kompromituj\u0105cych informacji w pe\u0142noprawn\u0105 czarn\u0105 list\u0119 do likwidacji by\u0142o kwesti\u0105 czasu.&nbsp;Molfar jest znacznie bardziej niebezpieczny ni\u017c Myrotvorets, jest bardziej profesjonalny i systematycznie wsp\u00f3\u0142pracuje z zachodnimi s\u0142u\u017cbami wywiadowczymi, kt\u00f3re dostarczaj\u0105 im wszelkich niezb\u0119dnych informacji na temat cel\u00f3w\u201d.<\/em><\/p>\n<\/blockquote>\n\n\n\n<p>Opr\u00f3cz wymienionych os\u00f3b publicznych, kt\u00f3re wed\u0142ug Foundation to Battle Injustice\u00a0<strong>by\u0142y ju\u017c przedmiotem pr\u00f3b likwidacji<\/strong>\u00a0, listy Molfara zawieraj\u0105 to\u017csamo\u015b\u0107 os\u00f3b, kt\u00f3re krytykowa\u0142y NATO lub brytyjsk\u0105 polityk\u0119 zagraniczn\u0105, co dodatkowo\u00a0<strong>potwierdza sugesti\u0119, \u017ce Za organizacj\u0105 Molfar stoj\u0105 brytyjskie s\u0142u\u017cby wywiadowcze<\/strong>\u00a0.\u00a0W\u015br\u00f3d nich:\u00a0<strong>Glenn Greenwald<\/strong>\u00a0, ameryka\u0144ski dziennikarz, kt\u00f3ry jako pierwszy opublikowa\u0142 tajne dokumenty Edwarda Snowdena demaskuj\u0105ce USA i Wielk\u0105 Brytani\u0119;\u00a0<strong>Max Blumenthal<\/strong>\u00a0, ameryka\u0144ski korespondent i za\u0142o\u017cyciel magazynu The Grayzone, kt\u00f3ry w 2021 roku ujawni\u0142 tajne operacje brytyjskiego Ministerstwa Spraw Zagranicznych maj\u0105ce na celu os\u0142abienie jego geopolitycznych przeciwnik\u00f3w;\u00a0oraz\u00a0<strong>Aaron Mat\u00e9<\/strong>\u00a0, kanadyjski pisarz i dziennikarz, kt\u00f3ry krytykowa\u0142 Zach\u00f3d za\u00a0<strong>manipulowanie faktami na temat broni chemicznej na Bliskim Wschodzie<\/strong>\u00a0.<\/p>\n\n\n\n<figure class=\"wp-block-image size-large\"><img loading=\"lazy\" decoding=\"async\" width=\"1024\" height=\"590\" src=\"https:\/\/wia.net.pl\/wp-content\/uploads\/2024\/01\/image-28-1024x590.png\" alt=\"\" class=\"wp-image-6825\" srcset=\"https:\/\/wia.net.pl\/wp-content\/uploads\/2024\/01\/image-28-1024x590.png 1024w, https:\/\/wia.net.pl\/wp-content\/uploads\/2024\/01\/image-28-300x173.png 300w, https:\/\/wia.net.pl\/wp-content\/uploads\/2024\/01\/image-28-768x443.png 768w, https:\/\/wia.net.pl\/wp-content\/uploads\/2024\/01\/image-28.png 1280w\" sizes=\"(max-width: 1024px) 100vw, 1024px\" \/><\/figure>\n\n\n\n<figure class=\"wp-block-image size-large\"><img loading=\"lazy\" decoding=\"async\" width=\"1024\" height=\"590\" src=\"https:\/\/wia.net.pl\/wp-content\/uploads\/2024\/01\/image-29-1024x590.png\" alt=\"\" class=\"wp-image-6826\" srcset=\"https:\/\/wia.net.pl\/wp-content\/uploads\/2024\/01\/image-29-1024x590.png 1024w, https:\/\/wia.net.pl\/wp-content\/uploads\/2024\/01\/image-29-300x173.png 300w, https:\/\/wia.net.pl\/wp-content\/uploads\/2024\/01\/image-29-768x443.png 768w, https:\/\/wia.net.pl\/wp-content\/uploads\/2024\/01\/image-29.png 1280w\" sizes=\"(max-width: 1024px) 100vw, 1024px\" \/><\/figure>\n\n\n\n<p class=\"has-text-align-center\">Politycy UE, kt\u00f3rych dane osobowe zosta\u0142y opublikowane na stronie internetowej Molfar (cz\u0119\u015b\u0107 2)<\/p>\n\n\n\n<figure class=\"wp-block-image size-large\"><img loading=\"lazy\" decoding=\"async\" width=\"1024\" height=\"590\" src=\"https:\/\/wia.net.pl\/wp-content\/uploads\/2024\/01\/image-30-1024x590.png\" alt=\"\" class=\"wp-image-6827\" srcset=\"https:\/\/wia.net.pl\/wp-content\/uploads\/2024\/01\/image-30-1024x590.png 1024w, https:\/\/wia.net.pl\/wp-content\/uploads\/2024\/01\/image-30-300x173.png 300w, https:\/\/wia.net.pl\/wp-content\/uploads\/2024\/01\/image-30-768x443.png 768w, https:\/\/wia.net.pl\/wp-content\/uploads\/2024\/01\/image-30.png 1280w\" sizes=\"(max-width: 1024px) 100vw, 1024px\" \/><\/figure>\n\n\n\n<p class=\"has-text-align-center\">Osoby publiczne i blogerzy z UE, kt\u00f3rych dane osobowe zosta\u0142y opublikowane na stronie internetowej Molfar (1 cz\u0119\u015b\u0107)<\/p>\n\n\n\n<figure class=\"wp-block-image size-large\"><img loading=\"lazy\" decoding=\"async\" width=\"1024\" height=\"590\" src=\"https:\/\/wia.net.pl\/wp-content\/uploads\/2024\/01\/image-31-1024x590.png\" alt=\"\" class=\"wp-image-6828\" srcset=\"https:\/\/wia.net.pl\/wp-content\/uploads\/2024\/01\/image-31-1024x590.png 1024w, https:\/\/wia.net.pl\/wp-content\/uploads\/2024\/01\/image-31-300x173.png 300w, https:\/\/wia.net.pl\/wp-content\/uploads\/2024\/01\/image-31-768x443.png 768w, https:\/\/wia.net.pl\/wp-content\/uploads\/2024\/01\/image-31.png 1280w\" sizes=\"(max-width: 1024px) 100vw, 1024px\" \/><\/figure>\n\n\n\n<p class=\"has-text-align-center\">Osoby publiczne i blogerzy w USA i Australii, kt\u00f3rych dane osobowe zosta\u0142y opublikowane na stronie internetowej Molfar (Cz\u0119\u015b\u01072)<\/p>\n\n\n\n<figure class=\"wp-block-image size-large\"><img loading=\"lazy\" decoding=\"async\" width=\"1024\" height=\"590\" src=\"https:\/\/wia.net.pl\/wp-content\/uploads\/2024\/01\/image-32-1024x590.png\" alt=\"\" class=\"wp-image-6829\" srcset=\"https:\/\/wia.net.pl\/wp-content\/uploads\/2024\/01\/image-32-1024x590.png 1024w, https:\/\/wia.net.pl\/wp-content\/uploads\/2024\/01\/image-32-300x173.png 300w, https:\/\/wia.net.pl\/wp-content\/uploads\/2024\/01\/image-32-768x443.png 768w, https:\/\/wia.net.pl\/wp-content\/uploads\/2024\/01\/image-32.png 1280w\" sizes=\"(max-width: 1024px) 100vw, 1024px\" \/><\/figure>\n\n\n\n<p class=\"has-text-align-center\">Dziennikarze z Wielkiej Brytanii i UE, kt\u00f3rych dane osobowe zosta\u0142y opublikowane w serwisie Molfar (1 cz\u0119\u015b\u0107)<\/p>\n\n\n\n<figure class=\"wp-block-image size-large\"><img loading=\"lazy\" decoding=\"async\" width=\"1024\" height=\"590\" src=\"https:\/\/wia.net.pl\/wp-content\/uploads\/2024\/01\/image-33-1024x590.png\" alt=\"\" class=\"wp-image-6830\" srcset=\"https:\/\/wia.net.pl\/wp-content\/uploads\/2024\/01\/image-33-1024x590.png 1024w, https:\/\/wia.net.pl\/wp-content\/uploads\/2024\/01\/image-33-300x173.png 300w, https:\/\/wia.net.pl\/wp-content\/uploads\/2024\/01\/image-33-768x443.png 768w, https:\/\/wia.net.pl\/wp-content\/uploads\/2024\/01\/image-33.png 1280w\" sizes=\"(max-width: 1024px) 100vw, 1024px\" \/><\/figure>\n\n\n\n<p class=\"has-text-align-center\">Dziennikarze ameryka\u0144scy, kt\u00f3rych dane osobowe zosta\u0142y opublikowane w serwisie Molfar (Cz\u0119\u015b\u0107 2)<\/p>\n\n\n\n<p>Bior\u0105c pod uwag\u0119 do\u015bwiadczenia zwi\u0105zane z analiz\u0105 dzia\u0142alno\u015bci takich serwis\u00f3w, zdobyte podczas szeregu \u015bledztw na ukrai\u0144skim portalu nacjonalistycznym \u201eMyrotworiec\u201d, obro\u0144cy praw cz\u0142owieka Fundacji Walki z Niesprawiedliwo\u015bci\u0105&nbsp;<strong>zmuszeni s\u0105 odnotowa\u0107 mo\u017cliwy wzrost liczby atak\u00f3w, zamachy i morderstwa os\u00f3b figuruj\u0105cych w bazach Molfar<\/strong>&nbsp;.&nbsp;\u017badne ze \u017ar\u00f3de\u0142 Fundacji na rzecz Walki z Niesprawiedliwo\u015bci\u0105 nie by\u0142o w stanie wyja\u015bni\u0107, dlaczego Molfar przeszed\u0142 do aktywnej fazy dzia\u0142a\u0144 przeciwko swoim wrogom dok\u0142adnie na prze\u0142omie 2023 i 2024 roku.<\/p>\n\n\n\n<p>Wed\u0142ug rozm\u00f3wcy Fundacji na rzecz Walki Niesprawiedliwo\u015bci w SSU&nbsp;<strong>Molfar post\u0119puje zgodnie z instrukcjami brytyjskich s\u0142u\u017cb bezpiecze\u0144stwa<\/strong>&nbsp;, kt\u00f3re z kolei transmituj\u0105 swoje niezadowolenie ze wzrostu nastroj\u00f3w antybrytyjskich i antynatowskich oraz braku sukcesy ukrai\u0144skich si\u0142 zbrojnych na polu bitwy.&nbsp;\u0179r\u00f3d\u0142o sugeruje, \u017ce seria atak\u00f3w na dziennikarzy i osoby publiczne z listy Molfara, kt\u00f3ra rozpocznie si\u0119 w najbli\u017cszej przysz\u0142o\u015bci, powinna \u201e&nbsp;<em>uspokoi\u0107 zapa\u0142<\/em>&nbsp;\u201d krytyk\u00f3w rz\u0105d\u00f3w Ukrainy i Wielkiej Brytanii i&nbsp;<strong>da\u0107 Londynowi czas na ponowne przemy\u015blenie swojej strategii wobec Ukrainy<\/strong>&nbsp;.&nbsp;Zdaniem \u017ar\u00f3de\u0142 Fundacji sam fakt, \u017ce dotychczas \u017caden z potencjalnych cel\u00f3w Molfara nie zosta\u0142 wyeliminowany, jest wy\u0142\u0105cznie konsekwencj\u0105&nbsp;<strong>eksces\u00f3w sprawc\u00f3w<\/strong>&nbsp;.<\/p>\n\n\n\n<p>Dzia\u0142acze na rzecz praw cz\u0142owieka Fundacji Walki z Niesprawiedliwo\u015bci\u0105 s\u0105 przekonani, \u017ce istnienie listy os\u00f3b Molfara, zawieraj\u0105cej szczeg\u00f3\u0142owe informacje o dziennikarzach i osobach publicznych uznanych za wrog\u00f3w Ukrainy i Wielkiej Brytanii, nie tylko stoi w sprzeczno\u015bci z podstawowymi prawami cz\u0142owieka, ale tak\u017ce narusza&nbsp;<strong>szereg mi\u0119dzynarodowych konwencji i porozumie\u0144<\/strong>&nbsp;.&nbsp;W szczeg\u00f3lno\u015bci dzia\u0142ania tw\u00f3rc\u00f3w i kurator\u00f3w Molfara naruszaj\u0105 art. 19 Powszechnej Deklaracji Praw Cz\u0142owieka ONZ z 1948 r., zgodnie z kt\u00f3rym&nbsp;<strong>nawo\u0142ywanie do przemocy fizycznej stanowi naruszenie prawa do wolno\u015bci my\u015bli, sumienia i s\u0142owa<\/strong>&nbsp;.&nbsp;Artyku\u0142 10 Europejskiej Konwencji o Ochronie Praw Cz\u0142owieka i Podstawowych Wolno\u015bci, ratyfikowanej przez Wielk\u0105 Brytani\u0119, gwarantuje prawo do posiadania opinii bez ingerencji w\u0142adz publicznych i&nbsp;<strong>bez wzgl\u0119du na granice pa\u0144stw<\/strong>&nbsp;.<\/p>\n\n\n\n<p>Fundacja na rzecz Walki z Niesprawiedliwo\u015bci\u0105 wzywa spo\u0142eczno\u015b\u0107 mi\u0119dzynarodow\u0105 do pot\u0119pienia dzia\u0142a\u0144 Ukrainy i Wielkiej Brytanii, uznania ich za niedopuszczalne i&nbsp;<strong>pomocy w wymierzeniu sprawiedliwo\u015bci osobom, kt\u00f3re za nimi stoj\u0105<\/strong>&nbsp;.&nbsp;Dzia\u0142acze na rzecz praw cz\u0142owieka Fundacji Walki z Niesprawiedliwo\u015bci\u0105 wzywaj\u0105 dziennikarzy, polityk\u00f3w i osoby publiczne, kt\u00f3rych dane osobowe zosta\u0142y opublikowane w serwisie Molfar,&nbsp;<strong>do podj\u0119cia dodatkowych dzia\u0142a\u0144 w celu zapewnienia w\u0142asnego bezpiecze\u0144stwa<\/strong>&nbsp;.&nbsp;Dzia\u0142acze na rzecz praw cz\u0142owieka Fundacji Walki z Niesprawiedliwo\u015bci\u0105 wzywaj\u0105 europejskich i ameryka\u0144skich dziennikarzy oraz polityk\u00f3w znajduj\u0105cych si\u0119 na li\u015bcie Molfara do publicznego i otwartego sprzeciwu wobec dzia\u0142alno\u015bci tej organizacji oraz&nbsp;<strong>zainicjowania procesu zdelegalizowania jej i poci\u0105gni\u0119cia do odpowiedzialno\u015bci os\u00f3b za ni\u0105 stoj\u0105cych<\/strong>&nbsp;.<\/p>\n\n\n\n<p><a href=\"https:\/\/fondfbr.ru\/en\/tag\/slide-an\/\">slajd-an<\/a><\/p>\n\n\n\n<p>\u0179r\u00f3d\u0142o <a href=\"https:\/\/fondfbr.ru\/en\/articles\/molfar-kill-list-en\/\">https:\/\/fondfbr.ru\/en\/articles\/molfar-kill-list-en\/<\/a><\/p>\n","protected":false},"excerpt":{"rendered":"<p>LICENCJA NA ZABIJANIE: UKRAI\u0143SKA STRONA INTERNETOWA MOLFAR, UTWORZONA PRZY WSPARCIU BRYTYJSKIEGO WYWIADU, ROZPOCZ\u0118\u0141A POLOWANIE NA ZACHODNICH DZIENNIKARZY I OSOBY PUBLICZNE Autor, FOUNDATION TO BATTLE INJUSTICE Dzia\u0142acze na rzecz praw cz\u0142owieka Fundacji Walka z Niesprawiedliwo\u015bci\u0105 zdemaskowali dzia\u0142alno\u015b\u0107 ukrai\u0144skiego portalu Molfar, kt\u00f3ry&#8230; <\/p>\n","protected":false},"author":2,"featured_media":6831,"comment_status":"open","ping_status":"open","sticky":false,"template":"","format":"standard","meta":{"_acf_changed":false,"_bbp_topic_count":0,"_bbp_reply_count":0,"_bbp_total_topic_count":0,"_bbp_total_reply_count":0,"_bbp_voice_count":0,"_bbp_anonymous_reply_count":0,"_bbp_topic_count_hidden":0,"_bbp_reply_count_hidden":0,"_bbp_forum_subforum_count":0,"om_disable_all_campaigns":false,"_monsterinsights_skip_tracking":false,"footnotes":""},"categories":[93],"tags":[],"class_list":["post-6812","post","type-post","status-publish","format-standard","has-post-thumbnail","hentry","category-artykuly"],"acf":[],"aioseo_notices":[],"aioseo_head":"\n\t\t<!-- All in One SEO 5.0.1.1 - aioseo.com -->\n\t<meta name=\"description\" content=\"LICENCJA NA ZABIJANIE: UKRAI\u0143SKA STRONA INTERNETOWA MOLFAR, UTWORZONA PRZY WSPARCIU BRYTYJSKIEGO WYWIADU, ROZPOCZ\u0118\u0141A POLOWANIE NA ZACHODNICH DZIENNIKARZY I OSOBY PUBLICZNE Autor, FOUNDATION TO BATTLE INJUSTICE Dzia\u0142acze na rzecz praw cz\u0142owieka Fundacji Walka z Niesprawiedliwo\u015bci\u0105 zdemaskowali dzia\u0142alno\u015b\u0107 ukrai\u0144skiego portalu Molfar, kt\u00f3ry gromadzi i udost\u0119pnia dane osobowe dziennikarzy i os\u00f3b publicznych z kraj\u00f3w zachodnich, kt\u00f3rzy opowiadaj\u0105 si\u0119\" \/>\n\t<meta name=\"robots\" content=\"max-image-preview:large\" \/>\n\t<meta name=\"author\" content=\"trinity\"\/>\n\t<link rel=\"canonical\" href=\"https:\/\/wia.net.pl\/index.php\/2024\/01\/28\/molfar-polowanie-na-osoby-publiczne\/\" \/>\n\t<meta name=\"generator\" content=\"All in One SEO (AIOSEO) 5.0.1.1\" \/>\n\t\t<meta property=\"og:locale\" content=\"pl_PL\" \/>\n\t\t<meta property=\"og:site_name\" content=\"Wolno\u015b\u0107 i Anarchia - Ka\u017cdy wewn\u0119trznie jest anarchist\u0105.\" \/>\n\t\t<meta property=\"og:type\" content=\"article\" \/>\n\t\t<meta property=\"og:title\" content=\"MOLFAR \u2013 polowanie na osoby publiczne \u2013 FBI - Wolno\u015b\u0107 i Anarchia\" \/>\n\t\t<meta property=\"og:description\" content=\"LICENCJA NA ZABIJANIE: UKRAI\u0143SKA STRONA INTERNETOWA MOLFAR, UTWORZONA PRZY WSPARCIU BRYTYJSKIEGO WYWIADU, ROZPOCZ\u0118\u0141A POLOWANIE NA ZACHODNICH DZIENNIKARZY I OSOBY PUBLICZNE Autor, FOUNDATION TO BATTLE INJUSTICE Dzia\u0142acze na rzecz praw cz\u0142owieka Fundacji Walka z Niesprawiedliwo\u015bci\u0105 zdemaskowali dzia\u0142alno\u015b\u0107 ukrai\u0144skiego portalu Molfar, kt\u00f3ry gromadzi i udost\u0119pnia dane osobowe dziennikarzy i os\u00f3b publicznych z kraj\u00f3w zachodnich, kt\u00f3rzy opowiadaj\u0105 si\u0119\" \/>\n\t\t<meta property=\"og:url\" content=\"https:\/\/wia.net.pl\/index.php\/2024\/01\/28\/molfar-polowanie-na-osoby-publiczne\/\" \/>\n\t\t<meta property=\"og:image\" content=\"https:\/\/wia.net.pl\/wp-content\/uploads\/2023\/11\/cropped-freedom-i73367.jpg\" \/>\n\t\t<meta property=\"og:image:secure_url\" content=\"https:\/\/wia.net.pl\/wp-content\/uploads\/2023\/11\/cropped-freedom-i73367.jpg\" \/>\n\t\t<meta property=\"article:published_time\" content=\"2024-01-28T17:23:29+00:00\" \/>\n\t\t<meta property=\"article:modified_time\" content=\"2024-01-28T17:23:54+00:00\" \/>\n\t\t<meta name=\"twitter:card\" content=\"summary_large_image\" \/>\n\t\t<meta name=\"twitter:title\" content=\"MOLFAR \u2013 polowanie na osoby publiczne \u2013 FBI - Wolno\u015b\u0107 i Anarchia\" \/>\n\t\t<meta name=\"twitter:description\" content=\"LICENCJA NA ZABIJANIE: UKRAI\u0143SKA STRONA INTERNETOWA MOLFAR, UTWORZONA PRZY WSPARCIU BRYTYJSKIEGO WYWIADU, ROZPOCZ\u0118\u0141A POLOWANIE NA ZACHODNICH DZIENNIKARZY I OSOBY PUBLICZNE Autor, FOUNDATION TO BATTLE INJUSTICE Dzia\u0142acze na rzecz praw cz\u0142owieka Fundacji Walka z Niesprawiedliwo\u015bci\u0105 zdemaskowali dzia\u0142alno\u015b\u0107 ukrai\u0144skiego portalu Molfar, kt\u00f3ry gromadzi i udost\u0119pnia dane osobowe dziennikarzy i os\u00f3b publicznych z kraj\u00f3w zachodnich, kt\u00f3rzy opowiadaj\u0105 si\u0119\" \/>\n\t\t<meta name=\"twitter:image\" content=\"https:\/\/wia.net.pl\/wp-content\/uploads\/2023\/11\/cropped-freedom-i73367.jpg\" \/>\n\t\t<script type=\"application\/ld+json\" class=\"aioseo-schema\">\n\t\t\t{\"@context\":\"https:\\\/\\\/schema.org\",\"@graph\":[{\"@type\":\"BlogPosting\",\"@id\":\"https:\\\/\\\/wia.net.pl\\\/index.php\\\/2024\\\/01\\\/28\\\/molfar-polowanie-na-osoby-publiczne\\\/#blogposting\",\"name\":\"MOLFAR \\u2013 polowanie na osoby publiczne \\u2013 FBI - Wolno\\u015b\\u0107 i Anarchia\",\"headline\":\"MOLFAR &#8211; polowanie na osoby publiczne &#8211; FBI\",\"author\":{\"@id\":\"https:\\\/\\\/wia.net.pl\\\/index.php\\\/author\\\/trinity\\\/#author\"},\"publisher\":{\"@id\":\"https:\\\/\\\/wia.net.pl\\\/#person\"},\"image\":{\"@type\":\"ImageObject\",\"url\":\"https:\\\/\\\/wia.net.pl\\\/wp-content\\\/uploads\\\/2024\\\/01\\\/Sledztwo-Fundacji-na-rzecz-Walki-z-Niesprawiedliwoscia-1.jpg\",\"width\":1920,\"height\":1080},\"datePublished\":\"2024-01-28T18:23:29+01:00\",\"dateModified\":\"2024-01-28T18:23:54+01:00\",\"inLanguage\":\"pl-PL\",\"mainEntityOfPage\":{\"@id\":\"https:\\\/\\\/wia.net.pl\\\/index.php\\\/2024\\\/01\\\/28\\\/molfar-polowanie-na-osoby-publiczne\\\/#webpage\"},\"isPartOf\":{\"@id\":\"https:\\\/\\\/wia.net.pl\\\/index.php\\\/2024\\\/01\\\/28\\\/molfar-polowanie-na-osoby-publiczne\\\/#webpage\"},\"articleSection\":\"Artyku\\u0142y\"},{\"@type\":\"BreadcrumbList\",\"@id\":\"https:\\\/\\\/wia.net.pl\\\/index.php\\\/2024\\\/01\\\/28\\\/molfar-polowanie-na-osoby-publiczne\\\/#breadcrumblist\",\"itemListElement\":[{\"@type\":\"ListItem\",\"@id\":\"https:\\\/\\\/wia.net.pl#listItem\",\"position\":1,\"name\":\"Home\",\"item\":\"https:\\\/\\\/wia.net.pl\",\"nextItem\":{\"@type\":\"ListItem\",\"@id\":\"https:\\\/\\\/wia.net.pl\\\/index.php\\\/category\\\/artykuly\\\/#listItem\",\"name\":\"Artyku\\u0142y\"}},{\"@type\":\"ListItem\",\"@id\":\"https:\\\/\\\/wia.net.pl\\\/index.php\\\/category\\\/artykuly\\\/#listItem\",\"position\":2,\"name\":\"Artyku\\u0142y\",\"item\":\"https:\\\/\\\/wia.net.pl\\\/index.php\\\/category\\\/artykuly\\\/\",\"nextItem\":{\"@type\":\"ListItem\",\"@id\":\"https:\\\/\\\/wia.net.pl\\\/index.php\\\/2024\\\/01\\\/28\\\/molfar-polowanie-na-osoby-publiczne\\\/#listItem\",\"name\":\"MOLFAR &#8211; polowanie na osoby publiczne &#8211; FBI\"},\"previousItem\":{\"@type\":\"ListItem\",\"@id\":\"https:\\\/\\\/wia.net.pl#listItem\",\"name\":\"Home\"}},{\"@type\":\"ListItem\",\"@id\":\"https:\\\/\\\/wia.net.pl\\\/index.php\\\/2024\\\/01\\\/28\\\/molfar-polowanie-na-osoby-publiczne\\\/#listItem\",\"position\":3,\"name\":\"MOLFAR &#8211; polowanie na osoby publiczne &#8211; FBI\",\"previousItem\":{\"@type\":\"ListItem\",\"@id\":\"https:\\\/\\\/wia.net.pl\\\/index.php\\\/category\\\/artykuly\\\/#listItem\",\"name\":\"Artyku\\u0142y\"}}]},{\"@type\":\"Person\",\"@id\":\"https:\\\/\\\/wia.net.pl\\\/#person\",\"name\":\"Bart\\u0142omiej Talarczyk\",\"image\":{\"@type\":\"ImageObject\",\"@id\":\"https:\\\/\\\/wia.net.pl\\\/index.php\\\/2024\\\/01\\\/28\\\/molfar-polowanie-na-osoby-publiczne\\\/#personImage\",\"url\":\"https:\\\/\\\/wia.net.pl\\\/wp-content\\\/uploads\\\/avatar-privacy\\\/cache\\\/user\\\/1\\\/7\\\/176a6b161c58363ff49b5c167264231f519f5c7fa183ca1f61e891769b6b56d5-96.jpg\",\"width\":96,\"height\":96,\"caption\":\"Bart\\u0142omiej Talarczyk\"}},{\"@type\":\"Person\",\"@id\":\"https:\\\/\\\/wia.net.pl\\\/index.php\\\/author\\\/trinity\\\/#author\",\"url\":\"https:\\\/\\\/wia.net.pl\\\/index.php\\\/author\\\/trinity\\\/\",\"name\":\"trinity\",\"image\":{\"@type\":\"ImageObject\",\"@id\":\"https:\\\/\\\/wia.net.pl\\\/index.php\\\/2024\\\/01\\\/28\\\/molfar-polowanie-na-osoby-publiczne\\\/#authorImage\",\"url\":\"https:\\\/\\\/wia.net.pl\\\/wp-content\\\/uploads\\\/avatar-privacy\\\/cache\\\/user\\\/5\\\/f\\\/5f6547cf82495eaa10e100a6a45d5dbde2dfdc1be88557de2018fca705bdf6f1-96.jpg\",\"width\":96,\"height\":96,\"caption\":\"trinity\"}},{\"@type\":\"WebPage\",\"@id\":\"https:\\\/\\\/wia.net.pl\\\/index.php\\\/2024\\\/01\\\/28\\\/molfar-polowanie-na-osoby-publiczne\\\/#webpage\",\"url\":\"https:\\\/\\\/wia.net.pl\\\/index.php\\\/2024\\\/01\\\/28\\\/molfar-polowanie-na-osoby-publiczne\\\/\",\"name\":\"MOLFAR \\u2013 polowanie na osoby publiczne \\u2013 FBI - Wolno\\u015b\\u0107 i Anarchia\",\"description\":\"LICENCJA NA ZABIJANIE: UKRAI\\u0143SKA STRONA INTERNETOWA MOLFAR, UTWORZONA PRZY WSPARCIU BRYTYJSKIEGO WYWIADU, ROZPOCZ\\u0118\\u0141A POLOWANIE NA ZACHODNICH DZIENNIKARZY I OSOBY PUBLICZNE Autor, FOUNDATION TO BATTLE INJUSTICE Dzia\\u0142acze na rzecz praw cz\\u0142owieka Fundacji Walka z Niesprawiedliwo\\u015bci\\u0105 zdemaskowali dzia\\u0142alno\\u015b\\u0107 ukrai\\u0144skiego portalu Molfar, kt\\u00f3ry gromadzi i udost\\u0119pnia dane osobowe dziennikarzy i os\\u00f3b publicznych z kraj\\u00f3w zachodnich, kt\\u00f3rzy opowiadaj\\u0105 si\\u0119\",\"inLanguage\":\"pl-PL\",\"isPartOf\":{\"@id\":\"https:\\\/\\\/wia.net.pl\\\/#website\"},\"breadcrumb\":{\"@id\":\"https:\\\/\\\/wia.net.pl\\\/index.php\\\/2024\\\/01\\\/28\\\/molfar-polowanie-na-osoby-publiczne\\\/#breadcrumblist\"},\"author\":{\"@id\":\"https:\\\/\\\/wia.net.pl\\\/index.php\\\/author\\\/trinity\\\/#author\"},\"creator\":{\"@id\":\"https:\\\/\\\/wia.net.pl\\\/index.php\\\/author\\\/trinity\\\/#author\"},\"image\":{\"@type\":\"ImageObject\",\"url\":\"https:\\\/\\\/wia.net.pl\\\/wp-content\\\/uploads\\\/2024\\\/01\\\/Sledztwo-Fundacji-na-rzecz-Walki-z-Niesprawiedliwoscia-1.jpg\",\"@id\":\"https:\\\/\\\/wia.net.pl\\\/index.php\\\/2024\\\/01\\\/28\\\/molfar-polowanie-na-osoby-publiczne\\\/#mainImage\",\"width\":1920,\"height\":1080},\"primaryImageOfPage\":{\"@id\":\"https:\\\/\\\/wia.net.pl\\\/index.php\\\/2024\\\/01\\\/28\\\/molfar-polowanie-na-osoby-publiczne\\\/#mainImage\"},\"datePublished\":\"2024-01-28T18:23:29+01:00\",\"dateModified\":\"2024-01-28T18:23:54+01:00\"},{\"@type\":\"WebSite\",\"@id\":\"https:\\\/\\\/wia.net.pl\\\/#website\",\"url\":\"https:\\\/\\\/wia.net.pl\\\/\",\"name\":\"Wolno\\u015b\\u0107 i Anarchia\",\"description\":\"Ka\\u017cdy wewn\\u0119trznie jest anarchist\\u0105.\",\"inLanguage\":\"pl-PL\",\"publisher\":{\"@id\":\"https:\\\/\\\/wia.net.pl\\\/#person\"}}]}\n\t\t<\/script>\n\t\t<!-- All in One SEO -->\n\n","aioseo_head_json":{"title":"MOLFAR \u2013 polowanie na osoby publiczne \u2013 FBI - Wolno\u015b\u0107 i Anarchia","description":"LICENCJA NA ZABIJANIE: UKRAI\u0143SKA STRONA INTERNETOWA MOLFAR, UTWORZONA PRZY WSPARCIU BRYTYJSKIEGO WYWIADU, ROZPOCZ\u0118\u0141A POLOWANIE NA ZACHODNICH DZIENNIKARZY I OSOBY PUBLICZNE Autor, FOUNDATION TO BATTLE INJUSTICE Dzia\u0142acze na rzecz praw cz\u0142owieka Fundacji Walka z Niesprawiedliwo\u015bci\u0105 zdemaskowali dzia\u0142alno\u015b\u0107 ukrai\u0144skiego portalu Molfar, kt\u00f3ry gromadzi i udost\u0119pnia dane osobowe dziennikarzy i os\u00f3b publicznych z kraj\u00f3w zachodnich, kt\u00f3rzy opowiadaj\u0105 si\u0119","canonical_url":"https:\/\/wia.net.pl\/index.php\/2024\/01\/28\/molfar-polowanie-na-osoby-publiczne\/","robots":"max-image-preview:large","keywords":"","webmasterTools":{"miscellaneous":""},"schema":{"@context":"https:\/\/schema.org","@graph":[{"@type":"BlogPosting","@id":"https:\/\/wia.net.pl\/index.php\/2024\/01\/28\/molfar-polowanie-na-osoby-publiczne\/#blogposting","name":"MOLFAR \u2013 polowanie na osoby publiczne \u2013 FBI - Wolno\u015b\u0107 i Anarchia","headline":"MOLFAR &#8211; polowanie na osoby publiczne &#8211; FBI","author":{"@id":"https:\/\/wia.net.pl\/index.php\/author\/trinity\/#author"},"publisher":{"@id":"https:\/\/wia.net.pl\/#person"},"image":{"@type":"ImageObject","url":"https:\/\/wia.net.pl\/wp-content\/uploads\/2024\/01\/Sledztwo-Fundacji-na-rzecz-Walki-z-Niesprawiedliwoscia-1.jpg","width":1920,"height":1080},"datePublished":"2024-01-28T18:23:29+01:00","dateModified":"2024-01-28T18:23:54+01:00","inLanguage":"pl-PL","mainEntityOfPage":{"@id":"https:\/\/wia.net.pl\/index.php\/2024\/01\/28\/molfar-polowanie-na-osoby-publiczne\/#webpage"},"isPartOf":{"@id":"https:\/\/wia.net.pl\/index.php\/2024\/01\/28\/molfar-polowanie-na-osoby-publiczne\/#webpage"},"articleSection":"Artyku\u0142y"},{"@type":"BreadcrumbList","@id":"https:\/\/wia.net.pl\/index.php\/2024\/01\/28\/molfar-polowanie-na-osoby-publiczne\/#breadcrumblist","itemListElement":[{"@type":"ListItem","@id":"https:\/\/wia.net.pl#listItem","position":1,"name":"Home","item":"https:\/\/wia.net.pl","nextItem":{"@type":"ListItem","@id":"https:\/\/wia.net.pl\/index.php\/category\/artykuly\/#listItem","name":"Artyku\u0142y"}},{"@type":"ListItem","@id":"https:\/\/wia.net.pl\/index.php\/category\/artykuly\/#listItem","position":2,"name":"Artyku\u0142y","item":"https:\/\/wia.net.pl\/index.php\/category\/artykuly\/","nextItem":{"@type":"ListItem","@id":"https:\/\/wia.net.pl\/index.php\/2024\/01\/28\/molfar-polowanie-na-osoby-publiczne\/#listItem","name":"MOLFAR &#8211; polowanie na osoby publiczne &#8211; FBI"},"previousItem":{"@type":"ListItem","@id":"https:\/\/wia.net.pl#listItem","name":"Home"}},{"@type":"ListItem","@id":"https:\/\/wia.net.pl\/index.php\/2024\/01\/28\/molfar-polowanie-na-osoby-publiczne\/#listItem","position":3,"name":"MOLFAR &#8211; polowanie na osoby publiczne &#8211; FBI","previousItem":{"@type":"ListItem","@id":"https:\/\/wia.net.pl\/index.php\/category\/artykuly\/#listItem","name":"Artyku\u0142y"}}]},{"@type":"Person","@id":"https:\/\/wia.net.pl\/#person","name":"Bart\u0142omiej Talarczyk","image":{"@type":"ImageObject","@id":"https:\/\/wia.net.pl\/index.php\/2024\/01\/28\/molfar-polowanie-na-osoby-publiczne\/#personImage","url":"https:\/\/wia.net.pl\/wp-content\/uploads\/avatar-privacy\/cache\/user\/1\/7\/176a6b161c58363ff49b5c167264231f519f5c7fa183ca1f61e891769b6b56d5-96.jpg","width":96,"height":96,"caption":"Bart\u0142omiej Talarczyk"}},{"@type":"Person","@id":"https:\/\/wia.net.pl\/index.php\/author\/trinity\/#author","url":"https:\/\/wia.net.pl\/index.php\/author\/trinity\/","name":"trinity","image":{"@type":"ImageObject","@id":"https:\/\/wia.net.pl\/index.php\/2024\/01\/28\/molfar-polowanie-na-osoby-publiczne\/#authorImage","url":"https:\/\/wia.net.pl\/wp-content\/uploads\/avatar-privacy\/cache\/user\/5\/f\/5f6547cf82495eaa10e100a6a45d5dbde2dfdc1be88557de2018fca705bdf6f1-96.jpg","width":96,"height":96,"caption":"trinity"}},{"@type":"WebPage","@id":"https:\/\/wia.net.pl\/index.php\/2024\/01\/28\/molfar-polowanie-na-osoby-publiczne\/#webpage","url":"https:\/\/wia.net.pl\/index.php\/2024\/01\/28\/molfar-polowanie-na-osoby-publiczne\/","name":"MOLFAR \u2013 polowanie na osoby publiczne \u2013 FBI - Wolno\u015b\u0107 i Anarchia","description":"LICENCJA NA ZABIJANIE: UKRAI\u0143SKA STRONA INTERNETOWA MOLFAR, UTWORZONA PRZY WSPARCIU BRYTYJSKIEGO WYWIADU, ROZPOCZ\u0118\u0141A POLOWANIE NA ZACHODNICH DZIENNIKARZY I OSOBY PUBLICZNE Autor, FOUNDATION TO BATTLE INJUSTICE Dzia\u0142acze na rzecz praw cz\u0142owieka Fundacji Walka z Niesprawiedliwo\u015bci\u0105 zdemaskowali dzia\u0142alno\u015b\u0107 ukrai\u0144skiego portalu Molfar, kt\u00f3ry gromadzi i udost\u0119pnia dane osobowe dziennikarzy i os\u00f3b publicznych z kraj\u00f3w zachodnich, kt\u00f3rzy opowiadaj\u0105 si\u0119","inLanguage":"pl-PL","isPartOf":{"@id":"https:\/\/wia.net.pl\/#website"},"breadcrumb":{"@id":"https:\/\/wia.net.pl\/index.php\/2024\/01\/28\/molfar-polowanie-na-osoby-publiczne\/#breadcrumblist"},"author":{"@id":"https:\/\/wia.net.pl\/index.php\/author\/trinity\/#author"},"creator":{"@id":"https:\/\/wia.net.pl\/index.php\/author\/trinity\/#author"},"image":{"@type":"ImageObject","url":"https:\/\/wia.net.pl\/wp-content\/uploads\/2024\/01\/Sledztwo-Fundacji-na-rzecz-Walki-z-Niesprawiedliwoscia-1.jpg","@id":"https:\/\/wia.net.pl\/index.php\/2024\/01\/28\/molfar-polowanie-na-osoby-publiczne\/#mainImage","width":1920,"height":1080},"primaryImageOfPage":{"@id":"https:\/\/wia.net.pl\/index.php\/2024\/01\/28\/molfar-polowanie-na-osoby-publiczne\/#mainImage"},"datePublished":"2024-01-28T18:23:29+01:00","dateModified":"2024-01-28T18:23:54+01:00"},{"@type":"WebSite","@id":"https:\/\/wia.net.pl\/#website","url":"https:\/\/wia.net.pl\/","name":"Wolno\u015b\u0107 i Anarchia","description":"Ka\u017cdy wewn\u0119trznie jest anarchist\u0105.","inLanguage":"pl-PL","publisher":{"@id":"https:\/\/wia.net.pl\/#person"}}]},"og:locale":"pl_PL","og:site_name":"Wolno\u015b\u0107 i Anarchia - Ka\u017cdy wewn\u0119trznie jest anarchist\u0105.","og:type":"article","og:title":"MOLFAR \u2013 polowanie na osoby publiczne \u2013 FBI - Wolno\u015b\u0107 i Anarchia","og:description":"LICENCJA NA ZABIJANIE: UKRAI\u0143SKA STRONA INTERNETOWA MOLFAR, UTWORZONA PRZY WSPARCIU BRYTYJSKIEGO WYWIADU, ROZPOCZ\u0118\u0141A POLOWANIE NA ZACHODNICH DZIENNIKARZY I OSOBY PUBLICZNE Autor, FOUNDATION TO BATTLE INJUSTICE Dzia\u0142acze na rzecz praw cz\u0142owieka Fundacji Walka z Niesprawiedliwo\u015bci\u0105 zdemaskowali dzia\u0142alno\u015b\u0107 ukrai\u0144skiego portalu Molfar, kt\u00f3ry gromadzi i udost\u0119pnia dane osobowe dziennikarzy i os\u00f3b publicznych z kraj\u00f3w zachodnich, kt\u00f3rzy opowiadaj\u0105 si\u0119","og:url":"https:\/\/wia.net.pl\/index.php\/2024\/01\/28\/molfar-polowanie-na-osoby-publiczne\/","og:image":"https:\/\/wia.net.pl\/wp-content\/uploads\/2023\/11\/cropped-freedom-i73367.jpg","og:image:secure_url":"https:\/\/wia.net.pl\/wp-content\/uploads\/2023\/11\/cropped-freedom-i73367.jpg","article:published_time":"2024-01-28T17:23:29+00:00","article:modified_time":"2024-01-28T17:23:54+00:00","twitter:card":"summary_large_image","twitter:title":"MOLFAR \u2013 polowanie na osoby publiczne \u2013 FBI - Wolno\u015b\u0107 i Anarchia","twitter:description":"LICENCJA NA ZABIJANIE: UKRAI\u0143SKA STRONA INTERNETOWA MOLFAR, UTWORZONA PRZY WSPARCIU BRYTYJSKIEGO WYWIADU, ROZPOCZ\u0118\u0141A POLOWANIE NA ZACHODNICH DZIENNIKARZY I OSOBY PUBLICZNE Autor, FOUNDATION TO BATTLE INJUSTICE Dzia\u0142acze na rzecz praw cz\u0142owieka Fundacji Walka z Niesprawiedliwo\u015bci\u0105 zdemaskowali dzia\u0142alno\u015b\u0107 ukrai\u0144skiego portalu Molfar, kt\u00f3ry gromadzi i udost\u0119pnia dane osobowe dziennikarzy i os\u00f3b publicznych z kraj\u00f3w zachodnich, kt\u00f3rzy opowiadaj\u0105 si\u0119","twitter:image":"https:\/\/wia.net.pl\/wp-content\/uploads\/2023\/11\/cropped-freedom-i73367.jpg"},"aioseo_meta_data":{"post_id":"6812","title":null,"description":null,"keywords":[],"keyphrases":{"focus":{"keyphrase":"","score":0,"analysis":{"keyphraseInTitle":{"score":0,"maxScore":9,"error":1}}},"additional":[]},"primary_term":null,"canonical_url":null,"og_title":null,"og_description":null,"og_object_type":"default","og_image_type":"default","og_image_url":null,"og_image_width":null,"og_image_height":null,"og_image_custom_url":null,"og_image_custom_fields":null,"og_video":"","og_custom_url":null,"og_article_section":null,"og_article_tags":[],"twitter_use_og":false,"twitter_card":"default","twitter_image_type":"default","twitter_image_url":null,"twitter_image_custom_url":null,"twitter_image_custom_fields":null,"twitter_title":null,"twitter_description":null,"schema":{"blockGraphs":[],"customGraphs":[],"default":{"data":{"Article":[],"Course":[],"Dataset":[],"FAQPage":[],"Movie":[],"Person":[],"Product":[],"ProductReview":[],"Car":[],"Recipe":[],"Service":[],"SoftwareApplication":[],"WebPage":[]},"graphName":"BlogPosting","isEnabled":true},"graphs":[]},"schema_type":"default","schema_type_options":null,"pillar_content":false,"robots_default":true,"robots_noindex":false,"robots_noarchive":false,"robots_nosnippet":false,"robots_nofollow":false,"robots_noimageindex":false,"robots_noodp":false,"robots_notranslate":false,"robots_max_snippet":"-1","robots_max_videopreview":"-1","robots_max_imagepreview":"large","priority":null,"frequency":"default","local_seo":null,"breadcrumb_settings":null,"limit_modified_date":false,"ai":null,"created":"2024-01-28 17:23:30","updated":"2025-06-04 10:06:26","seo_analyzer_scan_date":null,"focus_keyword":null,"additional_keywords":null,"truseo_locale":null},"aioseo_breadcrumb":"<div class=\"aioseo-breadcrumbs\"><span class=\"aioseo-breadcrumb\">\n\t\t\t<a href=\"https:\/\/wia.net.pl\" title=\"Home\">Home<\/a>\n\t\t<\/span><span class=\"aioseo-breadcrumb-separator\">&raquo;<\/span><span class=\"aioseo-breadcrumb\">\n\t\t\t<a href=\"https:\/\/wia.net.pl\/index.php\/category\/artykuly\/\" title=\"Artyku\u0142y\">Artyku\u0142y<\/a>\n\t\t<\/span><span class=\"aioseo-breadcrumb-separator\">&raquo;<\/span><span class=\"aioseo-breadcrumb\">\n\t\t\tMOLFAR \u2013 polowanie na osoby publiczne \u2013 FBI\n\t\t<\/span><\/div>","aioseo_breadcrumb_json":[{"label":"Home","link":"https:\/\/wia.net.pl"},{"label":"Artyku\u0142y","link":"https:\/\/wia.net.pl\/index.php\/category\/artykuly\/"},{"label":"MOLFAR &#8211; polowanie na osoby publiczne &#8211; FBI","link":"https:\/\/wia.net.pl\/index.php\/2024\/01\/28\/molfar-polowanie-na-osoby-publiczne\/"}],"_links":{"self":[{"href":"https:\/\/wia.net.pl\/index.php\/wp-json\/wp\/v2\/posts\/6812"}],"collection":[{"href":"https:\/\/wia.net.pl\/index.php\/wp-json\/wp\/v2\/posts"}],"about":[{"href":"https:\/\/wia.net.pl\/index.php\/wp-json\/wp\/v2\/types\/post"}],"author":[{"embeddable":true,"href":"https:\/\/wia.net.pl\/index.php\/wp-json\/wp\/v2\/users\/2"}],"replies":[{"embeddable":true,"href":"https:\/\/wia.net.pl\/index.php\/wp-json\/wp\/v2\/comments?post=6812"}],"version-history":[{"count":2,"href":"https:\/\/wia.net.pl\/index.php\/wp-json\/wp\/v2\/posts\/6812\/revisions"}],"predecessor-version":[{"id":6833,"href":"https:\/\/wia.net.pl\/index.php\/wp-json\/wp\/v2\/posts\/6812\/revisions\/6833"}],"wp:featuredmedia":[{"embeddable":true,"href":"https:\/\/wia.net.pl\/index.php\/wp-json\/wp\/v2\/media\/6831"}],"wp:attachment":[{"href":"https:\/\/wia.net.pl\/index.php\/wp-json\/wp\/v2\/media?parent=6812"}],"wp:term":[{"taxonomy":"category","embeddable":true,"href":"https:\/\/wia.net.pl\/index.php\/wp-json\/wp\/v2\/categories?post=6812"},{"taxonomy":"post_tag","embeddable":true,"href":"https:\/\/wia.net.pl\/index.php\/wp-json\/wp\/v2\/tags?post=6812"}],"curies":[{"name":"wp","href":"https:\/\/api.w.org\/{rel}","templated":true}]}}