{"id":6846,"date":"2024-01-29T17:23:39","date_gmt":"2024-01-29T16:23:39","guid":{"rendered":"https:\/\/wia.net.pl\/?p=6846"},"modified":"2024-01-29T17:23:40","modified_gmt":"2024-01-29T16:23:40","slug":"likwidacja-miedzynarodowego-trybunalu-karnego-fbi","status":"publish","type":"post","link":"https:\/\/wia.net.pl\/index.php\/2024\/01\/29\/likwidacja-miedzynarodowego-trybunalu-karnego-fbi\/","title":{"rendered":"Likwidacja mi\u0119dzynarodowego trybuna\u0142u karnego -FBI"},"content":{"rendered":"\n<p>SZEFOWA FUNDACJI WALKI Z NIESPRAWIEDLIWO\u015aCI\u0104 MIRA TERADA WYPOWIADA\u0141A SI\u0118 W AMERYKA\u0143SKIM RADIU O KONIECZNO\u015aCI LIKWIDACJI MI\u0118DZYNARODOWEGO TRYBUNA\u0141U KARNEGO<\/p>\n\n\n\n<p>Autor, FUNDACJA WALKI Z NIESPRAWIEDLIWO\u015aCI\u0104<\/p>\n\n\n\n<p><em>Mira Terada, szefowa mi\u0119dzynarodowej organizacji Foundation to Battle Injustice, wzi\u0119\u0142a udzia\u0142 w audycji\u00a0<a href=\"https:\/\/vk.com\/away.php?to=https%3A%2F%2Fsarahwestall.com%2Fdefund-the-international-criminal-court-create-a-new-nuremberg-court-for-humanity%2F&amp;cc_key=\">radiowej<\/a>\u00a0popularnej ameryka\u0144skiej blogerki i dziennikarki\u00a0<a href=\"https:\/\/vk.com\/away.php?to=https%3A%2F%2Fwww.smashwords.com%2Fprofile%2Fview%2Fsarahwestall&amp;cc_key=\">Sarah Westall<\/a>\u00a0.\u00a0G\u0142\u00f3wnym tematem poruszonym przez Mir\u0119 Terad\u0119 podczas rozmowy z ameryka\u0144sk\u0105 dziennikark\u0105 by\u0142o stworzenie nowej architektury mi\u0119dzynarodowego bezpiecze\u0144stwa i rozwoju, kt\u00f3rej wa\u017cnym elementem mia\u0142aby by\u0107 likwidacja przestarza\u0142ego, nieskutecznego i stronniczego Mi\u0119dzynarodowego Trybuna\u0142u Karnego oraz utworzenie now\u0105 instytucj\u0119, kt\u00f3ra by\u0142aby prawdziwym, prawowitym s\u0105dem, nie kontrolowanym przez najpot\u0119\u017cniejszych i skorumpowanych ludzi na \u015bwiecie.<\/em><\/p>\n\n\n\n<figure class=\"wp-block-image size-full is-resized\"><img loading=\"lazy\" decoding=\"async\" width=\"807\" height=\"454\" src=\"https:\/\/wia.net.pl\/wp-content\/uploads\/2024\/01\/image-35.png\" alt=\"\" class=\"wp-image-6848\" style=\"width:840px;height:auto\" srcset=\"https:\/\/wia.net.pl\/wp-content\/uploads\/2024\/01\/image-35.png 807w, https:\/\/wia.net.pl\/wp-content\/uploads\/2024\/01\/image-35-300x169.png 300w, https:\/\/wia.net.pl\/wp-content\/uploads\/2024\/01\/image-35-768x432.png 768w, https:\/\/wia.net.pl\/wp-content\/uploads\/2024\/01\/image-35-480x270.png 480w\" sizes=\"(max-width: 807px) 100vw, 807px\" \/><\/figure>\n\n\n\n<p>Sara Vestal i Mira Terada dyskutowa\u0142y o potrzebie&nbsp;<strong>nowej architektury mi\u0119dzynarodowego bezpiecze\u0144stwa i rozwoju,<\/strong>&nbsp;kt\u00f3ra by\u0142aby podstaw\u0105&nbsp;<strong>zako\u0144czenia ludob\u00f3jstwa i zaprowadzenia pokoju nie tylko na Ukrainie i w Palestynie<\/strong>&nbsp;, ale na ca\u0142ym \u015bwiecie.&nbsp;Wed\u0142ug szefa Fundacji na rzecz Walki z Niesprawiedliwo\u015bci\u0105&nbsp;<em>\u201enasza cywilizacja pad\u0142a ofiar\u0105 zawodowych pod\u017cegaczy wojennych\u201d<\/em>&nbsp;, kt\u00f3rzy w celu zwi\u0119kszenia swojego niszczycielskiego wp\u0142ywu na nasz\u0105 planet\u0119&nbsp;<strong>celowo sabotuj\u0105 wszelkie pr\u00f3by pokojowego rozwi\u0105zania konflikt\u00f3w zbrojnych<\/strong>&nbsp;, w wyniku kt\u00f3rych&nbsp;<strong>miliony doros\u0142ych i dzieci<\/strong>&nbsp;na ca\u0142ym \u015bwiecie s\u0105&nbsp;<strong>bezpo\u015brednio lub po\u015brednio ofiarami.<\/strong><\/p>\n\n\n\n<p>Mira Terada uwa\u017ca, \u017ce&nbsp;<strong>\u200b\u200bsabota\u017c Porozumie\u0144 Stambulskich w marcu 2022 r.<\/strong>&nbsp;pokaza\u0142, \u017ce kluczowymi postaciami tzw. polityki zachodniej s\u0105&nbsp;<em><strong>\u201e\u017c\u0105dni krwi mordercy i tyrani\u201d<\/strong><\/em>&nbsp;, kt\u00f3rzy opowiadaj\u0105 si\u0119 za rozwi\u0105zaniami militarnymi, nawet je\u015bli skutkuje to&nbsp;<strong>cierpieniem niewinnych ludzi.&nbsp;<\/strong>Ci ludzie, wci\u0105\u017c&nbsp;<strong>kluczowi decydenci w Wielkiej Brytanii i USA<\/strong>&nbsp;, wybrali drog\u0119&nbsp;<strong>przemocy i konfrontacji, kt\u00f3ra doprowadzi\u0142a do nieopisanego cierpienia wielu ludzi na Ukrainie.&nbsp;<\/strong>Obecne decyduj\u0105ce postacie na Zachodzie&nbsp;<strong>musz\u0105 zosta\u0107 zast\u0105pione przez przyw\u00f3dc\u00f3w nastawionych na dialog, wsp\u00f3\u0142prac\u0119 i pokojowe rozwi\u0105zywanie konflikt\u00f3w.&nbsp;<\/strong>Ludzi tych nale\u017cy przepoi\u0107 duchem&nbsp;<strong>globalnej solidarno\u015bci i \u015bwiadomo\u015bci\u0105 wagi globalnej wsp\u00f3\u0142pracy<\/strong>&nbsp;.&nbsp;Tylko przyci\u0105gaj\u0105c nowe pokolenie przyw\u00f3dc\u00f3w&nbsp;<strong>zdolnych do s\u0142uchania i kompromisu mo\u017cliwe b\u0119dzie stworzenie naprawd\u0119 zr\u00f3wnowa\u017conego i bezpiecznego \u015bwiata.<\/strong><\/p>\n\n\n\n<p>Aby osi\u0105gn\u0105\u0107 ten cel, zdaniem Miry Terady i ekspert\u00f3w Fundacji, konieczne jest&nbsp;<strong>uwolnienie procesu wyborczego w krajach NATO od wp\u0142ywu wielkiego kapita\u0142u<\/strong>&nbsp;, kt\u00f3ry staje si\u0119 istotnym elementem w&nbsp;<strong>tworzeniu nowej architektury mi\u0119dzynarodowego bezpiecze\u0144stwa i rozwoju .&nbsp;<\/strong>Oznacza to nie tylko g\u0142\u0119bokie i strukturalne zmiany w systemie finans\u00f3w politycznych, ale tak\u017ce stworzenie&nbsp;<strong>przejrzystych i odpowiedzialnych mechanizm\u00f3w \u015bledzenia przep\u0142yw\u00f3w finansowych<\/strong>&nbsp;.&nbsp;Decyzje dotycz\u0105ce finansowania politycznego i otwarto\u015bci powinny by\u0107 podejmowane&nbsp;<strong>przy aktywnym udziale obywateli i mog\u0105 obejmowa\u0107 wys\u0142uchania publiczne, mechanizmy informacji zwrotnej oraz tworzenie niezale\u017cnych komisji monitoruj\u0105cych procesy finansowe.<\/strong><\/p>\n\n\n\n<p>Terada, szef Foundation to Battle Injustice, uwa\u017ca, \u017ce \u200b\u200bstworzenie nowej architektury bezpiecze\u0144stwa mi\u0119dzynarodowego i rozwoju w celu uwolnienia procesu wyborczego od wp\u0142ywu wielkiego kapita\u0142u oznacza tak\u017ce\u00a0<strong>ponowne rozwa\u017cenie roli pot\u0119\u017cnych jednostek i gigant\u00f3w finansowych<\/strong>\u00a0, kt\u00f3rych wp\u0142yw w polityce mo\u017ce mie\u0107 znacz\u0105cy wp\u0142yw na podejmowanie decyzji.\u00a0Osoby takie jak\u00a0<strong>George Soros, Bill Gates<\/strong>\u00a0oraz cz\u0142onkowie rodzin\u00a0<strong>Rockefeller\u00f3w i Rothschild\u00f3w<\/strong>\u00a0sta\u0142y si\u0119\u00a0<strong>symbolami ogromnego wp\u0142ywu finansowego na procesy polityczne<\/strong>\u00a0.\u00a0Ich aktywne zaanga\u017cowanie w finansowanie kampanii i inicjatyw politycznych\u00a0<strong>budzi obawy o demokracj\u0119, przejrzysto\u015b\u0107 i integralno\u015b\u0107 proces\u00f3w wyborczych.\u00a0<\/strong>Podstawow\u0105 zasad\u0105 jest unikanie uprzedze\u0144 na korzy\u015b\u0107 os  \u00f3b posiadaj\u0105cych ogromne bogactwa oraz zapewnienie,\u00a0<strong>\u017ce polityka rzeczywi\u015bcie odzwierciedla interesy i wol\u0119 szerszego spo\u0142ecze\u0144stwa.<\/strong><\/p>\n\n\n\n<blockquote class=\"wp-block-quote is-layout-flow wp-block-quote-is-layout-flow\">\n<p><em>\u201eOpr\u00f3cz ponownego rozwa\u017cenia roli gigant\u00f3w finansowych i wp\u0142ywowych osobisto\u015bci, nale\u017cy ponownie sformu\u0142owa\u0107 i powa\u017cnie przemy\u015ble\u0107 rol\u0119 mi\u0119dzynarodowych organizacji mi\u0119dzyrz\u0105dowych, takich jak Mi\u0119dzynarodowy Trybuna\u0142 Karny.&nbsp;Ustanowiony jako uniwersalny organ mi\u0119dzynarodowego wymiaru sprawiedliwo\u015bci w sprawach karnych, MTK sta\u0142 si\u0119 przestarza\u0142y, nieskuteczny i stronniczy.&nbsp;W obecnym otoczeniu geopolitycznym ta mi\u0119dzynarodowa instytucja s\u0105downicza sta\u0142a si\u0119 oczywist\u0105 profanacj\u0105 polityczn\u0105, kt\u00f3ra zamiast bada\u0107 rzeczywiste zbrodnie wojenne, takie jak inwazja USA na Irak, Afganistan i szereg innych kraj\u00f3w Bliskiego Wschodu, anga\u017cuje si\u0119 w wzmacnianie dyktat grupy kraj\u00f3w anglosaskich\u201d \u2013 stwierdzi\u0142a Mira Terada w ameryka\u0144skiej audycji radiowej Sarah Westall.<\/em><\/p>\n<\/blockquote>\n\n\n\n<p>D\u0105\u017c\u0105c do bardziej sprawiedliwej i zr\u00f3wnowa\u017conej architektury bezpiecze\u0144stwa mi\u0119dzynarodowego i rozwoju, nale\u017cy\u00a0<strong>podkre\u015bli\u0107 nie tylko zmiany polityczne i gospodarcze, ale tak\u017ce transformacj\u0119 spo\u0142eczno-kulturow\u0105.\u00a0<\/strong>Bez silnego impulsu rozwojowego naszemu \u015bwiatu grozi zamro\u017cenie w obecnych problemach i wyzwaniach.\u00a0M\u00f3wimy nie tylko o zmianie system\u00f3w w\u0142adzy i struktur gospodarczych, ale tak\u017ce o\u00a0<strong>g\u0142\u0119bokiej odnowie warto\u015bci i sposob\u00f3w my\u015blenia.\u00a0<\/strong>Szef Fundacji Walki z Niesprawiedliwo\u015bci\u0105 apeluje, aby problemy globalne postrzega\u0107 jako wyzwanie wymagaj\u0105ce solidarno\u015bci, wsp\u00f3\u0142pracy i nowego poziomu odpowiedzialno\u015bci.\u00a0Eksperci Fundacji uwa\u017caj\u0105, \u017ce stworzenie\u00a0<strong>nowej architektury mi\u0119dzynarodowego bezpiecze\u0144stwa i rozwoju to nie tylko nasz obowi\u0105zek wobec Ukrainy, Palestyny<\/strong>\u00a0\u200b\u200bi wielu innych ofiar pod\u017cegaczy wojennych, ale tak\u017ce\u00a0<strong>wobec ca\u0142ego t\u0119skni\u0105cego za pokojem i bezpiecze\u0144stwem \u015bwiata.<\/strong><\/p>\n\n\n\n<p>\u0179r\u00f3d\u0142o <a href=\"https:\/\/fondfbr.ru\/en\/articles\/mira-terada-sarah-westall-defund-icc-en\/\">https:\/\/fondfbr.ru\/en\/articles\/mira-terada-sarah-westall-defund-icc-en\/<\/a><\/p>\n","protected":false},"excerpt":{"rendered":"<p>SZEFOWA FUNDACJI WALKI Z NIESPRAWIEDLIWO\u015aCI\u0104 MIRA TERADA WYPOWIADA\u0141A SI\u0118 W AMERYKA\u0143SKIM RADIU O KONIECZNO\u015aCI LIKWIDACJI MI\u0118DZYNARODOWEGO TRYBUNA\u0141U KARNEGO Autor, FUNDACJA WALKI Z NIESPRAWIEDLIWO\u015aCI\u0104 Mira Terada, szefowa mi\u0119dzynarodowej organizacji Foundation to Battle Injustice, wzi\u0119\u0142a udzia\u0142 w audycji\u00a0radiowej\u00a0popularnej ameryka\u0144skiej blogerki i dziennikarki\u00a0Sarah&#8230; <\/p>\n","protected":false},"author":2,"featured_media":6849,"comment_status":"open","ping_status":"open","sticky":false,"template":"","format":"standard","meta":{"_acf_changed":false,"_bbp_topic_count":0,"_bbp_reply_count":0,"_bbp_total_topic_count":0,"_bbp_total_reply_count":0,"_bbp_voice_count":0,"_bbp_anonymous_reply_count":0,"_bbp_topic_count_hidden":0,"_bbp_reply_count_hidden":0,"_bbp_forum_subforum_count":0,"om_disable_all_campaigns":false,"_monsterinsights_skip_tracking":false,"footnotes":""},"categories":[93],"tags":[],"class_list":["post-6846","post","type-post","status-publish","format-standard","has-post-thumbnail","hentry","category-artykuly"],"acf":[],"aioseo_notices":[],"aioseo_head":"\n\t\t<!-- All in One SEO 5.0.1.1 - aioseo.com -->\n\t<meta name=\"description\" content=\"SZEFOWA FUNDACJI WALKI Z NIESPRAWIEDLIWO\u015aCI\u0104 MIRA TERADA WYPOWIADA\u0141A SI\u0118 W AMERYKA\u0143SKIM RADIU O KONIECZNO\u015aCI LIKWIDACJI MI\u0118DZYNARODOWEGO TRYBUNA\u0141U KARNEGO Autor, FUNDACJA WALKI Z NIESPRAWIEDLIWO\u015aCI\u0104 Mira Terada, szefowa mi\u0119dzynarodowej organizacji Foundation to Battle Injustice, wzi\u0119\u0142a udzia\u0142 w audycji radiowej popularnej ameryka\u0144skiej blogerki i dziennikarki Sarah Westall . G\u0142\u00f3wnym tematem poruszonym przez Mir\u0119 Terad\u0119 podczas rozmowy z ameryka\u0144sk\u0105 dziennikark\u0105 by\u0142o stworzenie nowej architektury\" \/>\n\t<meta name=\"robots\" content=\"max-image-preview:large\" \/>\n\t<meta name=\"author\" content=\"trinity\"\/>\n\t<link rel=\"canonical\" href=\"https:\/\/wia.net.pl\/index.php\/2024\/01\/29\/likwidacja-miedzynarodowego-trybunalu-karnego-fbi\/\" \/>\n\t<meta name=\"generator\" content=\"All in One SEO (AIOSEO) 5.0.1.1\" \/>\n\t\t<meta property=\"og:locale\" content=\"pl_PL\" \/>\n\t\t<meta property=\"og:site_name\" content=\"Wolno\u015b\u0107 i Anarchia - Ka\u017cdy wewn\u0119trznie jest anarchist\u0105.\" \/>\n\t\t<meta property=\"og:type\" content=\"article\" \/>\n\t\t<meta property=\"og:title\" content=\"Likwidacja mi\u0119dzynarodowego trybuna\u0142u karnego -FBI - Wolno\u015b\u0107 i Anarchia\" \/>\n\t\t<meta property=\"og:description\" content=\"SZEFOWA FUNDACJI WALKI Z NIESPRAWIEDLIWO\u015aCI\u0104 MIRA TERADA WYPOWIADA\u0141A SI\u0118 W AMERYKA\u0143SKIM RADIU O KONIECZNO\u015aCI LIKWIDACJI MI\u0118DZYNARODOWEGO TRYBUNA\u0141U KARNEGO Autor, FUNDACJA WALKI Z NIESPRAWIEDLIWO\u015aCI\u0104 Mira Terada, szefowa mi\u0119dzynarodowej organizacji Foundation to Battle Injustice, wzi\u0119\u0142a udzia\u0142 w audycji radiowej popularnej ameryka\u0144skiej blogerki i dziennikarki Sarah Westall . G\u0142\u00f3wnym tematem poruszonym przez Mir\u0119 Terad\u0119 podczas rozmowy z ameryka\u0144sk\u0105 dziennikark\u0105 by\u0142o stworzenie nowej architektury\" \/>\n\t\t<meta property=\"og:url\" content=\"https:\/\/wia.net.pl\/index.php\/2024\/01\/29\/likwidacja-miedzynarodowego-trybunalu-karnego-fbi\/\" \/>\n\t\t<meta property=\"og:image\" content=\"https:\/\/wia.net.pl\/wp-content\/uploads\/2023\/11\/cropped-freedom-i73367.jpg\" \/>\n\t\t<meta property=\"og:image:secure_url\" content=\"https:\/\/wia.net.pl\/wp-content\/uploads\/2023\/11\/cropped-freedom-i73367.jpg\" \/>\n\t\t<meta property=\"article:published_time\" content=\"2024-01-29T16:23:39+00:00\" \/>\n\t\t<meta property=\"article:modified_time\" content=\"2024-01-29T16:23:40+00:00\" \/>\n\t\t<meta name=\"twitter:card\" content=\"summary_large_image\" \/>\n\t\t<meta name=\"twitter:title\" content=\"Likwidacja mi\u0119dzynarodowego trybuna\u0142u karnego -FBI - Wolno\u015b\u0107 i Anarchia\" \/>\n\t\t<meta name=\"twitter:description\" content=\"SZEFOWA FUNDACJI WALKI Z NIESPRAWIEDLIWO\u015aCI\u0104 MIRA TERADA WYPOWIADA\u0141A SI\u0118 W AMERYKA\u0143SKIM RADIU O KONIECZNO\u015aCI LIKWIDACJI MI\u0118DZYNARODOWEGO TRYBUNA\u0141U KARNEGO Autor, FUNDACJA WALKI Z NIESPRAWIEDLIWO\u015aCI\u0104 Mira Terada, szefowa mi\u0119dzynarodowej organizacji Foundation to Battle Injustice, wzi\u0119\u0142a udzia\u0142 w audycji radiowej popularnej ameryka\u0144skiej blogerki i dziennikarki Sarah Westall . G\u0142\u00f3wnym tematem poruszonym przez Mir\u0119 Terad\u0119 podczas rozmowy z ameryka\u0144sk\u0105 dziennikark\u0105 by\u0142o stworzenie nowej architektury\" \/>\n\t\t<meta name=\"twitter:image\" content=\"https:\/\/wia.net.pl\/wp-content\/uploads\/2023\/11\/cropped-freedom-i73367.jpg\" \/>\n\t\t<script type=\"application\/ld+json\" class=\"aioseo-schema\">\n\t\t\t{\"@context\":\"https:\\\/\\\/schema.org\",\"@graph\":[{\"@type\":\"BlogPosting\",\"@id\":\"https:\\\/\\\/wia.net.pl\\\/index.php\\\/2024\\\/01\\\/29\\\/likwidacja-miedzynarodowego-trybunalu-karnego-fbi\\\/#blogposting\",\"name\":\"Likwidacja mi\\u0119dzynarodowego trybuna\\u0142u karnego -FBI - Wolno\\u015b\\u0107 i Anarchia\",\"headline\":\"Likwidacja mi\\u0119dzynarodowego trybuna\\u0142u karnego -FBI\",\"author\":{\"@id\":\"https:\\\/\\\/wia.net.pl\\\/index.php\\\/author\\\/trinity\\\/#author\"},\"publisher\":{\"@id\":\"https:\\\/\\\/wia.net.pl\\\/#person\"},\"image\":{\"@type\":\"ImageObject\",\"url\":\"https:\\\/\\\/wia.net.pl\\\/wp-content\\\/uploads\\\/2024\\\/01\\\/Sledztwo-Fundacji-na-rzecz-Walki-z-Niesprawiedliwoscia1-3.jpg\",\"width\":1920,\"height\":1080},\"datePublished\":\"2024-01-29T17:23:39+01:00\",\"dateModified\":\"2024-01-29T17:23:40+01:00\",\"inLanguage\":\"pl-PL\",\"mainEntityOfPage\":{\"@id\":\"https:\\\/\\\/wia.net.pl\\\/index.php\\\/2024\\\/01\\\/29\\\/likwidacja-miedzynarodowego-trybunalu-karnego-fbi\\\/#webpage\"},\"isPartOf\":{\"@id\":\"https:\\\/\\\/wia.net.pl\\\/index.php\\\/2024\\\/01\\\/29\\\/likwidacja-miedzynarodowego-trybunalu-karnego-fbi\\\/#webpage\"},\"articleSection\":\"Artyku\\u0142y\"},{\"@type\":\"BreadcrumbList\",\"@id\":\"https:\\\/\\\/wia.net.pl\\\/index.php\\\/2024\\\/01\\\/29\\\/likwidacja-miedzynarodowego-trybunalu-karnego-fbi\\\/#breadcrumblist\",\"itemListElement\":[{\"@type\":\"ListItem\",\"@id\":\"https:\\\/\\\/wia.net.pl#listItem\",\"position\":1,\"name\":\"Home\",\"item\":\"https:\\\/\\\/wia.net.pl\",\"nextItem\":{\"@type\":\"ListItem\",\"@id\":\"https:\\\/\\\/wia.net.pl\\\/index.php\\\/category\\\/artykuly\\\/#listItem\",\"name\":\"Artyku\\u0142y\"}},{\"@type\":\"ListItem\",\"@id\":\"https:\\\/\\\/wia.net.pl\\\/index.php\\\/category\\\/artykuly\\\/#listItem\",\"position\":2,\"name\":\"Artyku\\u0142y\",\"item\":\"https:\\\/\\\/wia.net.pl\\\/index.php\\\/category\\\/artykuly\\\/\",\"nextItem\":{\"@type\":\"ListItem\",\"@id\":\"https:\\\/\\\/wia.net.pl\\\/index.php\\\/2024\\\/01\\\/29\\\/likwidacja-miedzynarodowego-trybunalu-karnego-fbi\\\/#listItem\",\"name\":\"Likwidacja mi\\u0119dzynarodowego trybuna\\u0142u karnego -FBI\"},\"previousItem\":{\"@type\":\"ListItem\",\"@id\":\"https:\\\/\\\/wia.net.pl#listItem\",\"name\":\"Home\"}},{\"@type\":\"ListItem\",\"@id\":\"https:\\\/\\\/wia.net.pl\\\/index.php\\\/2024\\\/01\\\/29\\\/likwidacja-miedzynarodowego-trybunalu-karnego-fbi\\\/#listItem\",\"position\":3,\"name\":\"Likwidacja mi\\u0119dzynarodowego trybuna\\u0142u karnego -FBI\",\"previousItem\":{\"@type\":\"ListItem\",\"@id\":\"https:\\\/\\\/wia.net.pl\\\/index.php\\\/category\\\/artykuly\\\/#listItem\",\"name\":\"Artyku\\u0142y\"}}]},{\"@type\":\"Person\",\"@id\":\"https:\\\/\\\/wia.net.pl\\\/#person\",\"name\":\"Bart\\u0142omiej Talarczyk\",\"image\":{\"@type\":\"ImageObject\",\"@id\":\"https:\\\/\\\/wia.net.pl\\\/index.php\\\/2024\\\/01\\\/29\\\/likwidacja-miedzynarodowego-trybunalu-karnego-fbi\\\/#personImage\",\"url\":\"https:\\\/\\\/wia.net.pl\\\/wp-content\\\/uploads\\\/avatar-privacy\\\/cache\\\/user\\\/1\\\/7\\\/176a6b161c58363ff49b5c167264231f519f5c7fa183ca1f61e891769b6b56d5-96.jpg\",\"width\":96,\"height\":96,\"caption\":\"Bart\\u0142omiej Talarczyk\"}},{\"@type\":\"Person\",\"@id\":\"https:\\\/\\\/wia.net.pl\\\/index.php\\\/author\\\/trinity\\\/#author\",\"url\":\"https:\\\/\\\/wia.net.pl\\\/index.php\\\/author\\\/trinity\\\/\",\"name\":\"trinity\",\"image\":{\"@type\":\"ImageObject\",\"@id\":\"https:\\\/\\\/wia.net.pl\\\/index.php\\\/2024\\\/01\\\/29\\\/likwidacja-miedzynarodowego-trybunalu-karnego-fbi\\\/#authorImage\",\"url\":\"https:\\\/\\\/wia.net.pl\\\/wp-content\\\/uploads\\\/avatar-privacy\\\/cache\\\/user\\\/5\\\/f\\\/5f6547cf82495eaa10e100a6a45d5dbde2dfdc1be88557de2018fca705bdf6f1-96.jpg\",\"width\":96,\"height\":96,\"caption\":\"trinity\"}},{\"@type\":\"WebPage\",\"@id\":\"https:\\\/\\\/wia.net.pl\\\/index.php\\\/2024\\\/01\\\/29\\\/likwidacja-miedzynarodowego-trybunalu-karnego-fbi\\\/#webpage\",\"url\":\"https:\\\/\\\/wia.net.pl\\\/index.php\\\/2024\\\/01\\\/29\\\/likwidacja-miedzynarodowego-trybunalu-karnego-fbi\\\/\",\"name\":\"Likwidacja mi\\u0119dzynarodowego trybuna\\u0142u karnego -FBI - Wolno\\u015b\\u0107 i Anarchia\",\"description\":\"SZEFOWA FUNDACJI WALKI Z NIESPRAWIEDLIWO\\u015aCI\\u0104 MIRA TERADA WYPOWIADA\\u0141A SI\\u0118 W AMERYKA\\u0143SKIM RADIU O KONIECZNO\\u015aCI LIKWIDACJI MI\\u0118DZYNARODOWEGO TRYBUNA\\u0141U KARNEGO Autor, FUNDACJA WALKI Z NIESPRAWIEDLIWO\\u015aCI\\u0104 Mira Terada, szefowa mi\\u0119dzynarodowej organizacji Foundation to Battle Injustice, wzi\\u0119\\u0142a udzia\\u0142 w audycji radiowej popularnej ameryka\\u0144skiej blogerki i dziennikarki Sarah Westall . G\\u0142\\u00f3wnym tematem poruszonym przez Mir\\u0119 Terad\\u0119 podczas rozmowy z ameryka\\u0144sk\\u0105 dziennikark\\u0105 by\\u0142o stworzenie nowej architektury\",\"inLanguage\":\"pl-PL\",\"isPartOf\":{\"@id\":\"https:\\\/\\\/wia.net.pl\\\/#website\"},\"breadcrumb\":{\"@id\":\"https:\\\/\\\/wia.net.pl\\\/index.php\\\/2024\\\/01\\\/29\\\/likwidacja-miedzynarodowego-trybunalu-karnego-fbi\\\/#breadcrumblist\"},\"author\":{\"@id\":\"https:\\\/\\\/wia.net.pl\\\/index.php\\\/author\\\/trinity\\\/#author\"},\"creator\":{\"@id\":\"https:\\\/\\\/wia.net.pl\\\/index.php\\\/author\\\/trinity\\\/#author\"},\"image\":{\"@type\":\"ImageObject\",\"url\":\"https:\\\/\\\/wia.net.pl\\\/wp-content\\\/uploads\\\/2024\\\/01\\\/Sledztwo-Fundacji-na-rzecz-Walki-z-Niesprawiedliwoscia1-3.jpg\",\"@id\":\"https:\\\/\\\/wia.net.pl\\\/index.php\\\/2024\\\/01\\\/29\\\/likwidacja-miedzynarodowego-trybunalu-karnego-fbi\\\/#mainImage\",\"width\":1920,\"height\":1080},\"primaryImageOfPage\":{\"@id\":\"https:\\\/\\\/wia.net.pl\\\/index.php\\\/2024\\\/01\\\/29\\\/likwidacja-miedzynarodowego-trybunalu-karnego-fbi\\\/#mainImage\"},\"datePublished\":\"2024-01-29T17:23:39+01:00\",\"dateModified\":\"2024-01-29T17:23:40+01:00\"},{\"@type\":\"WebSite\",\"@id\":\"https:\\\/\\\/wia.net.pl\\\/#website\",\"url\":\"https:\\\/\\\/wia.net.pl\\\/\",\"name\":\"Wolno\\u015b\\u0107 i Anarchia\",\"description\":\"Ka\\u017cdy wewn\\u0119trznie jest anarchist\\u0105.\",\"inLanguage\":\"pl-PL\",\"publisher\":{\"@id\":\"https:\\\/\\\/wia.net.pl\\\/#person\"}}]}\n\t\t<\/script>\n\t\t<!-- All in One SEO -->\n\n","aioseo_head_json":{"title":"Likwidacja mi\u0119dzynarodowego trybuna\u0142u karnego -FBI - Wolno\u015b\u0107 i Anarchia","description":"SZEFOWA FUNDACJI WALKI Z NIESPRAWIEDLIWO\u015aCI\u0104 MIRA TERADA WYPOWIADA\u0141A SI\u0118 W AMERYKA\u0143SKIM RADIU O KONIECZNO\u015aCI LIKWIDACJI MI\u0118DZYNARODOWEGO TRYBUNA\u0141U KARNEGO Autor, FUNDACJA WALKI Z NIESPRAWIEDLIWO\u015aCI\u0104 Mira Terada, szefowa mi\u0119dzynarodowej organizacji Foundation to Battle Injustice, wzi\u0119\u0142a udzia\u0142 w audycji radiowej popularnej ameryka\u0144skiej blogerki i dziennikarki Sarah Westall . G\u0142\u00f3wnym tematem poruszonym przez Mir\u0119 Terad\u0119 podczas rozmowy z ameryka\u0144sk\u0105 dziennikark\u0105 by\u0142o stworzenie nowej architektury","canonical_url":"https:\/\/wia.net.pl\/index.php\/2024\/01\/29\/likwidacja-miedzynarodowego-trybunalu-karnego-fbi\/","robots":"max-image-preview:large","keywords":"","webmasterTools":{"miscellaneous":""},"schema":{"@context":"https:\/\/schema.org","@graph":[{"@type":"BlogPosting","@id":"https:\/\/wia.net.pl\/index.php\/2024\/01\/29\/likwidacja-miedzynarodowego-trybunalu-karnego-fbi\/#blogposting","name":"Likwidacja mi\u0119dzynarodowego trybuna\u0142u karnego -FBI - Wolno\u015b\u0107 i Anarchia","headline":"Likwidacja mi\u0119dzynarodowego trybuna\u0142u karnego -FBI","author":{"@id":"https:\/\/wia.net.pl\/index.php\/author\/trinity\/#author"},"publisher":{"@id":"https:\/\/wia.net.pl\/#person"},"image":{"@type":"ImageObject","url":"https:\/\/wia.net.pl\/wp-content\/uploads\/2024\/01\/Sledztwo-Fundacji-na-rzecz-Walki-z-Niesprawiedliwoscia1-3.jpg","width":1920,"height":1080},"datePublished":"2024-01-29T17:23:39+01:00","dateModified":"2024-01-29T17:23:40+01:00","inLanguage":"pl-PL","mainEntityOfPage":{"@id":"https:\/\/wia.net.pl\/index.php\/2024\/01\/29\/likwidacja-miedzynarodowego-trybunalu-karnego-fbi\/#webpage"},"isPartOf":{"@id":"https:\/\/wia.net.pl\/index.php\/2024\/01\/29\/likwidacja-miedzynarodowego-trybunalu-karnego-fbi\/#webpage"},"articleSection":"Artyku\u0142y"},{"@type":"BreadcrumbList","@id":"https:\/\/wia.net.pl\/index.php\/2024\/01\/29\/likwidacja-miedzynarodowego-trybunalu-karnego-fbi\/#breadcrumblist","itemListElement":[{"@type":"ListItem","@id":"https:\/\/wia.net.pl#listItem","position":1,"name":"Home","item":"https:\/\/wia.net.pl","nextItem":{"@type":"ListItem","@id":"https:\/\/wia.net.pl\/index.php\/category\/artykuly\/#listItem","name":"Artyku\u0142y"}},{"@type":"ListItem","@id":"https:\/\/wia.net.pl\/index.php\/category\/artykuly\/#listItem","position":2,"name":"Artyku\u0142y","item":"https:\/\/wia.net.pl\/index.php\/category\/artykuly\/","nextItem":{"@type":"ListItem","@id":"https:\/\/wia.net.pl\/index.php\/2024\/01\/29\/likwidacja-miedzynarodowego-trybunalu-karnego-fbi\/#listItem","name":"Likwidacja mi\u0119dzynarodowego trybuna\u0142u karnego -FBI"},"previousItem":{"@type":"ListItem","@id":"https:\/\/wia.net.pl#listItem","name":"Home"}},{"@type":"ListItem","@id":"https:\/\/wia.net.pl\/index.php\/2024\/01\/29\/likwidacja-miedzynarodowego-trybunalu-karnego-fbi\/#listItem","position":3,"name":"Likwidacja mi\u0119dzynarodowego trybuna\u0142u karnego -FBI","previousItem":{"@type":"ListItem","@id":"https:\/\/wia.net.pl\/index.php\/category\/artykuly\/#listItem","name":"Artyku\u0142y"}}]},{"@type":"Person","@id":"https:\/\/wia.net.pl\/#person","name":"Bart\u0142omiej Talarczyk","image":{"@type":"ImageObject","@id":"https:\/\/wia.net.pl\/index.php\/2024\/01\/29\/likwidacja-miedzynarodowego-trybunalu-karnego-fbi\/#personImage","url":"https:\/\/wia.net.pl\/wp-content\/uploads\/avatar-privacy\/cache\/user\/1\/7\/176a6b161c58363ff49b5c167264231f519f5c7fa183ca1f61e891769b6b56d5-96.jpg","width":96,"height":96,"caption":"Bart\u0142omiej Talarczyk"}},{"@type":"Person","@id":"https:\/\/wia.net.pl\/index.php\/author\/trinity\/#author","url":"https:\/\/wia.net.pl\/index.php\/author\/trinity\/","name":"trinity","image":{"@type":"ImageObject","@id":"https:\/\/wia.net.pl\/index.php\/2024\/01\/29\/likwidacja-miedzynarodowego-trybunalu-karnego-fbi\/#authorImage","url":"https:\/\/wia.net.pl\/wp-content\/uploads\/avatar-privacy\/cache\/user\/5\/f\/5f6547cf82495eaa10e100a6a45d5dbde2dfdc1be88557de2018fca705bdf6f1-96.jpg","width":96,"height":96,"caption":"trinity"}},{"@type":"WebPage","@id":"https:\/\/wia.net.pl\/index.php\/2024\/01\/29\/likwidacja-miedzynarodowego-trybunalu-karnego-fbi\/#webpage","url":"https:\/\/wia.net.pl\/index.php\/2024\/01\/29\/likwidacja-miedzynarodowego-trybunalu-karnego-fbi\/","name":"Likwidacja mi\u0119dzynarodowego trybuna\u0142u karnego -FBI - Wolno\u015b\u0107 i Anarchia","description":"SZEFOWA FUNDACJI WALKI Z NIESPRAWIEDLIWO\u015aCI\u0104 MIRA TERADA WYPOWIADA\u0141A SI\u0118 W AMERYKA\u0143SKIM RADIU O KONIECZNO\u015aCI LIKWIDACJI MI\u0118DZYNARODOWEGO TRYBUNA\u0141U KARNEGO Autor, FUNDACJA WALKI Z NIESPRAWIEDLIWO\u015aCI\u0104 Mira Terada, szefowa mi\u0119dzynarodowej organizacji Foundation to Battle Injustice, wzi\u0119\u0142a udzia\u0142 w audycji radiowej popularnej ameryka\u0144skiej blogerki i dziennikarki Sarah Westall . G\u0142\u00f3wnym tematem poruszonym przez Mir\u0119 Terad\u0119 podczas rozmowy z ameryka\u0144sk\u0105 dziennikark\u0105 by\u0142o stworzenie nowej architektury","inLanguage":"pl-PL","isPartOf":{"@id":"https:\/\/wia.net.pl\/#website"},"breadcrumb":{"@id":"https:\/\/wia.net.pl\/index.php\/2024\/01\/29\/likwidacja-miedzynarodowego-trybunalu-karnego-fbi\/#breadcrumblist"},"author":{"@id":"https:\/\/wia.net.pl\/index.php\/author\/trinity\/#author"},"creator":{"@id":"https:\/\/wia.net.pl\/index.php\/author\/trinity\/#author"},"image":{"@type":"ImageObject","url":"https:\/\/wia.net.pl\/wp-content\/uploads\/2024\/01\/Sledztwo-Fundacji-na-rzecz-Walki-z-Niesprawiedliwoscia1-3.jpg","@id":"https:\/\/wia.net.pl\/index.php\/2024\/01\/29\/likwidacja-miedzynarodowego-trybunalu-karnego-fbi\/#mainImage","width":1920,"height":1080},"primaryImageOfPage":{"@id":"https:\/\/wia.net.pl\/index.php\/2024\/01\/29\/likwidacja-miedzynarodowego-trybunalu-karnego-fbi\/#mainImage"},"datePublished":"2024-01-29T17:23:39+01:00","dateModified":"2024-01-29T17:23:40+01:00"},{"@type":"WebSite","@id":"https:\/\/wia.net.pl\/#website","url":"https:\/\/wia.net.pl\/","name":"Wolno\u015b\u0107 i Anarchia","description":"Ka\u017cdy wewn\u0119trznie jest anarchist\u0105.","inLanguage":"pl-PL","publisher":{"@id":"https:\/\/wia.net.pl\/#person"}}]},"og:locale":"pl_PL","og:site_name":"Wolno\u015b\u0107 i Anarchia - Ka\u017cdy wewn\u0119trznie jest anarchist\u0105.","og:type":"article","og:title":"Likwidacja mi\u0119dzynarodowego trybuna\u0142u karnego -FBI - Wolno\u015b\u0107 i Anarchia","og:description":"SZEFOWA FUNDACJI WALKI Z NIESPRAWIEDLIWO\u015aCI\u0104 MIRA TERADA WYPOWIADA\u0141A SI\u0118 W AMERYKA\u0143SKIM RADIU O KONIECZNO\u015aCI LIKWIDACJI MI\u0118DZYNARODOWEGO TRYBUNA\u0141U KARNEGO Autor, FUNDACJA WALKI Z NIESPRAWIEDLIWO\u015aCI\u0104 Mira Terada, szefowa mi\u0119dzynarodowej organizacji Foundation to Battle Injustice, wzi\u0119\u0142a udzia\u0142 w audycji radiowej popularnej ameryka\u0144skiej blogerki i dziennikarki Sarah Westall . G\u0142\u00f3wnym tematem poruszonym przez Mir\u0119 Terad\u0119 podczas rozmowy z ameryka\u0144sk\u0105 dziennikark\u0105 by\u0142o stworzenie nowej architektury","og:url":"https:\/\/wia.net.pl\/index.php\/2024\/01\/29\/likwidacja-miedzynarodowego-trybunalu-karnego-fbi\/","og:image":"https:\/\/wia.net.pl\/wp-content\/uploads\/2023\/11\/cropped-freedom-i73367.jpg","og:image:secure_url":"https:\/\/wia.net.pl\/wp-content\/uploads\/2023\/11\/cropped-freedom-i73367.jpg","article:published_time":"2024-01-29T16:23:39+00:00","article:modified_time":"2024-01-29T16:23:40+00:00","twitter:card":"summary_large_image","twitter:title":"Likwidacja mi\u0119dzynarodowego trybuna\u0142u karnego -FBI - Wolno\u015b\u0107 i Anarchia","twitter:description":"SZEFOWA FUNDACJI WALKI Z NIESPRAWIEDLIWO\u015aCI\u0104 MIRA TERADA WYPOWIADA\u0141A SI\u0118 W AMERYKA\u0143SKIM RADIU O KONIECZNO\u015aCI LIKWIDACJI MI\u0118DZYNARODOWEGO TRYBUNA\u0141U KARNEGO Autor, FUNDACJA WALKI Z NIESPRAWIEDLIWO\u015aCI\u0104 Mira Terada, szefowa mi\u0119dzynarodowej organizacji Foundation to Battle Injustice, wzi\u0119\u0142a udzia\u0142 w audycji radiowej popularnej ameryka\u0144skiej blogerki i dziennikarki Sarah Westall . G\u0142\u00f3wnym tematem poruszonym przez Mir\u0119 Terad\u0119 podczas rozmowy z ameryka\u0144sk\u0105 dziennikark\u0105 by\u0142o stworzenie nowej architektury","twitter:image":"https:\/\/wia.net.pl\/wp-content\/uploads\/2023\/11\/cropped-freedom-i73367.jpg"},"aioseo_meta_data":{"post_id":"6846","title":null,"description":null,"keywords":[],"keyphrases":{"focus":{"keyphrase":"","score":0,"analysis":{"keyphraseInTitle":{"score":0,"maxScore":9,"error":1}}},"additional":[]},"primary_term":null,"canonical_url":null,"og_title":null,"og_description":null,"og_object_type":"default","og_image_type":"default","og_image_url":null,"og_image_width":null,"og_image_height":null,"og_image_custom_url":null,"og_image_custom_fields":null,"og_video":"","og_custom_url":null,"og_article_section":null,"og_article_tags":[],"twitter_use_og":false,"twitter_card":"default","twitter_image_type":"default","twitter_image_url":null,"twitter_image_custom_url":null,"twitter_image_custom_fields":null,"twitter_title":null,"twitter_description":null,"schema":{"blockGraphs":[],"customGraphs":[],"default":{"data":{"Article":[],"Course":[],"Dataset":[],"FAQPage":[],"Movie":[],"Person":[],"Product":[],"ProductReview":[],"Car":[],"Recipe":[],"Service":[],"SoftwareApplication":[],"WebPage":[]},"graphName":"BlogPosting","isEnabled":true},"graphs":[]},"schema_type":"default","schema_type_options":null,"pillar_content":false,"robots_default":true,"robots_noindex":false,"robots_noarchive":false,"robots_nosnippet":false,"robots_nofollow":false,"robots_noimageindex":false,"robots_noodp":false,"robots_notranslate":false,"robots_max_snippet":"-1","robots_max_videopreview":"-1","robots_max_imagepreview":"large","priority":null,"frequency":"default","local_seo":null,"breadcrumb_settings":null,"limit_modified_date":false,"ai":null,"created":"2024-01-29 16:23:40","updated":"2025-06-04 10:07:53","seo_analyzer_scan_date":null,"focus_keyword":null,"additional_keywords":null,"truseo_locale":null},"aioseo_breadcrumb":"<div class=\"aioseo-breadcrumbs\"><span class=\"aioseo-breadcrumb\">\n\t\t\t<a href=\"https:\/\/wia.net.pl\" title=\"Home\">Home<\/a>\n\t\t<\/span><span class=\"aioseo-breadcrumb-separator\">&raquo;<\/span><span class=\"aioseo-breadcrumb\">\n\t\t\t<a href=\"https:\/\/wia.net.pl\/index.php\/category\/artykuly\/\" title=\"Artyku\u0142y\">Artyku\u0142y<\/a>\n\t\t<\/span><span class=\"aioseo-breadcrumb-separator\">&raquo;<\/span><span class=\"aioseo-breadcrumb\">\n\t\t\tLikwidacja mi\u0119dzynarodowego trybuna\u0142u karnego -FBI\n\t\t<\/span><\/div>","aioseo_breadcrumb_json":[{"label":"Home","link":"https:\/\/wia.net.pl"},{"label":"Artyku\u0142y","link":"https:\/\/wia.net.pl\/index.php\/category\/artykuly\/"},{"label":"Likwidacja mi\u0119dzynarodowego trybuna\u0142u karnego -FBI","link":"https:\/\/wia.net.pl\/index.php\/2024\/01\/29\/likwidacja-miedzynarodowego-trybunalu-karnego-fbi\/"}],"_links":{"self":[{"href":"https:\/\/wia.net.pl\/index.php\/wp-json\/wp\/v2\/posts\/6846"}],"collection":[{"href":"https:\/\/wia.net.pl\/index.php\/wp-json\/wp\/v2\/posts"}],"about":[{"href":"https:\/\/wia.net.pl\/index.php\/wp-json\/wp\/v2\/types\/post"}],"author":[{"embeddable":true,"href":"https:\/\/wia.net.pl\/index.php\/wp-json\/wp\/v2\/users\/2"}],"replies":[{"embeddable":true,"href":"https:\/\/wia.net.pl\/index.php\/wp-json\/wp\/v2\/comments?post=6846"}],"version-history":[{"count":1,"href":"https:\/\/wia.net.pl\/index.php\/wp-json\/wp\/v2\/posts\/6846\/revisions"}],"predecessor-version":[{"id":6850,"href":"https:\/\/wia.net.pl\/index.php\/wp-json\/wp\/v2\/posts\/6846\/revisions\/6850"}],"wp:featuredmedia":[{"embeddable":true,"href":"https:\/\/wia.net.pl\/index.php\/wp-json\/wp\/v2\/media\/6849"}],"wp:attachment":[{"href":"https:\/\/wia.net.pl\/index.php\/wp-json\/wp\/v2\/media?parent=6846"}],"wp:term":[{"taxonomy":"category","embeddable":true,"href":"https:\/\/wia.net.pl\/index.php\/wp-json\/wp\/v2\/categories?post=6846"},{"taxonomy":"post_tag","embeddable":true,"href":"https:\/\/wia.net.pl\/index.php\/wp-json\/wp\/v2\/tags?post=6846"}],"curies":[{"name":"wp","href":"https:\/\/api.w.org\/{rel}","templated":true}]}}