{"id":6943,"date":"2024-02-07T02:35:54","date_gmt":"2024-02-07T01:35:54","guid":{"rendered":"https:\/\/wia.net.pl\/?p=6943"},"modified":"2024-02-07T02:35:55","modified_gmt":"2024-02-07T01:35:55","slug":"od-demokracji-do-dystopii-potajemne-przejecie-wef","status":"publish","type":"post","link":"https:\/\/wia.net.pl\/index.php\/2024\/02\/07\/od-demokracji-do-dystopii-potajemne-przejecie-wef\/","title":{"rendered":"Od demokracji do dystopii: potajemne przej\u0119cie WEF"},"content":{"rendered":"\n<p>Wersja Audio Na Substack<\/p>\n\n\n\n<p><a href=\"https:\/\/wolnoscanarchia.substack.com\/p\/od-demokracji-do-dystopi-potajemne?utm_source=profile&amp;utm_medium=reader2\">https:\/\/wolnoscanarchia.substack.com\/p\/od-demokracji-do-dystopi-potajemne?utm_source=profile&amp;utm_medium=reader2<\/a><\/p>\n\n\n\n<p>Od demokracji do dystopii: potajemne przej\u0119cie \u015awiatowego Forum Ekonomicznego<\/p>\n\n\n\n<p>PRZEZ\u00a0<a href=\"https:\/\/expose-news.com\/author\/the-expose\/\">THE EXPOS\u00c9<\/a>\u00a0NA\u00a0<a href=\"https:\/\/expose-news.com\/2024\/02\/06\/the-world-economic-forums-stealth-takeover\/\">6 LUTEGO 2024 R<\/a><\/p>\n\n\n\n<p><strong>W \u015bwiecie w coraz wi\u0119kszym stopniu kszta\u0142towanym przez tajemnicze postacie i tajne spotkania \u015awiatowe Forum Ekonomiczne (WEF), na kt\u00f3rego czele stoi Klaus Schwab, jawi si\u0119 jako pot\u0119\u017cny architekt przysz\u0142o\u015bci, w kt\u00f3rej granice pa\u0144stw si\u0119 zacieraj\u0105, a g\u0142osy niewybranych odbijaj\u0105 si\u0119 najg\u0142o\u015bniej w salach w\u0142adzy .<\/strong><\/p>\n\n\n\n<p><strong>Ta narracja zag\u0142\u0119bia si\u0119 w mroczne podbrzusze globalnego zarz\u0105dzania, gdzie wp\u0142yw WEF wykracza daleko poza jego nag\u0142o\u015bnion\u0105 misj\u0119, rzucaj\u0105c d\u0142ugie cienie na istot\u0119 demokracji i suwerenno\u015bci.<\/strong><\/p>\n\n\n\n<figure class=\"wp-block-image size-large\"><img loading=\"lazy\" decoding=\"async\" width=\"1024\" height=\"346\" src=\"https:\/\/wia.net.pl\/wp-content\/uploads\/2024\/02\/image-2-1024x346.png\" alt=\"\" class=\"wp-image-6944\" srcset=\"https:\/\/wia.net.pl\/wp-content\/uploads\/2024\/02\/image-2-1024x346.png 1024w, https:\/\/wia.net.pl\/wp-content\/uploads\/2024\/02\/image-2-300x102.png 300w, https:\/\/wia.net.pl\/wp-content\/uploads\/2024\/02\/image-2-768x260.png 768w, https:\/\/wia.net.pl\/wp-content\/uploads\/2024\/02\/image-2.png 1200w\" sizes=\"(max-width: 1024px) 100vw, 1024px\" \/><\/figure>\n\n\n\n<h3 class=\"wp-block-heading\">Wprowadzenie do nowego porz\u0105dku<\/h3>\n\n\n\n<p>W cieniu Alp Szwajcarskich \u015awiatowe Forum Ekonomiczne przekszta\u0142ci\u0142o si\u0119 od swego powstania w 1971 r. w o\u015brodek w\u0142adzy, w kt\u00f3rym \u015bwiatowe elity spotykaj\u0105 si\u0119, aby opracowa\u0107 plan nowego porz\u0105dku \u015bwiatowego.&nbsp;Za\u0142o\u017cona przez Klausa Schwaba, posta\u0107 zar\u00f3wno chwalon\u0105, jak i oczernian\u0105, WEF przekroczy\u0142a sw\u00f3j pierwotny cel gospodarczy, przekszta\u0142caj\u0105c si\u0119 w kolosa, kt\u00f3ry organizuje konwergencj\u0119 przyw\u00f3dc\u00f3w politycznych, biznesowych i akademickich, aby zaprojektowa\u0107 przysz\u0142o\u015b\u0107.&nbsp;W obliczu tej transformacji rozbrzmiewaj\u0105 alarmy dotycz\u0105ce erozji suwerenno\u015bci narodowej, sk\u0142aniaj\u0105c nas do zbadania tajnej roli WEF w kszta\u0142towaniu globalnego modelu zarz\u0105dzania, kt\u00f3ry przynosi korzy\u015bci nielicznym kosztem wielu.<\/p>\n\n\n\n<h3 class=\"wp-block-heading\">Klaus Schwab: Lalkarz w Genewie<\/h3>\n\n\n\n<figure class=\"wp-block-image\"><img decoding=\"async\" src=\"https:\/\/i0.wp.com\/expose-news.com\/wp-content\/uploads\/2024\/02\/image-56.png?resize=639%2C462&amp;ssl=1\" alt=\"\" class=\"wp-image-311399\"\/><\/figure>\n\n\n\n<p>Klaus Schwab, tw\u00f3rca WEF, dzier\u017cy wodze \u015bwiata ze swojej twierdzy w Genewie, dzier\u017c\u0105c wp\u0142ywy przekraczaj\u0105ce kontynenty i przenikaj\u0105ce do rz\u0105d\u00f3w.&nbsp;Pod jego kierownictwem coroczne spotkania w Davos sta\u0142y si\u0119 synonimem tajemnicy i elitarnego osi\u0105gania konsensusu, podczas kt\u00f3rego ustala si\u0119 porz\u0105dek obrad nie w otwartych salach demokracji, ale w zamkni\u0119tych pokojach i podczas szeptanych rozm\u00f3w.&nbsp;Wizja Schwaba dotycz\u0105ca sp\u00f3jnego spo\u0142ecze\u0144stwa globalnego zostaje zak\u0142\u00f3cona przez widmo zjednoczonej elity, dyktuj\u0105cej warunki i polityk\u0119, kt\u00f3ra s\u0142u\u017cy ich interesom, udaj\u0105c jednocze\u015bnie globalne inicjatywy na rzecz poprawy.<\/p>\n\n\n\n<h3 class=\"wp-block-heading\">Instrumenty wywierania wp\u0142ywu WEF<\/h3>\n\n\n\n<p>Poza ol\u015bniewaj\u0105c\u0105 fasad\u0105 swoich corocznych spotka\u0144 WEF dzia\u0142a podst\u0119pnymi \u015brodkami, zapuszczaj\u0105c swoje macki w rz\u0105dach krajowych za po\u015brednictwem program\u00f3w takich jak M\u0142odzi Globalni Liderzy.&nbsp;Ta inicjatywa, zamaskowana rozwojem przyw\u00f3dztwa, jest fabryk\u0105 produkuj\u0105c\u0105 zwolennik\u00f3w wiary w WEF, zapewniaj\u0105c\u0105, \u017ce przyszli przyw\u00f3dcy suwerennych narod\u00f3w b\u0119d\u0105 pod\u0105\u017ca\u0107 za globalistycznym programem Forum.&nbsp;Infiltracja jest cicha, ale szybka, w miar\u0119 jak te namaszczone osoby wspinaj\u0105 si\u0119 na stanowiska w\u0142adzy, nios\u0105c ze sob\u0105 nasiona wizji Schwaba, gotowe wykie\u0142kowa\u0107 w sercach rz\u0105d\u00f3w na ca\u0142ym \u015bwiecie.<\/p>\n\n\n\n<p>W labiryntach \u015bwiatowej pot\u0119gi \u015awiatowe Forum Ekonomiczne (WEF) sprawuje wp\u0142ywy poprzez starannie opracowany arsena\u0142 instrument\u00f3w zaprojektowanych tak, aby osadzi\u0107 sw\u00f3j program g\u0142\u0119boko w strukturze globalnego zarz\u0105dzania.&nbsp;To rozszerzenie zag\u0142\u0119bia si\u0119 w wieloaspektowe strategie stosowane przez WEF, aby rozszerzy\u0107 sw\u00f3j zasi\u0119g poza coroczne spotkania w Davos, subtelnie koordynuj\u0105c przekszta\u0142canie krajobrazu politycznego, gospodarczego i spo\u0142ecznego na ca\u0142ym \u015bwiecie.<\/p>\n\n\n\n<h3 class=\"wp-block-heading\">Inicjatywy strategiczne i partnerstwa<\/h3>\n\n\n\n<p>U podstaw wp\u0142ywu WEF le\u017cy jego zdolno\u015b\u0107 do tworzenia pot\u0119\u017cnych sojuszy mi\u0119dzysektorowych.&nbsp;Poprzez inicjatywy strategiczne ukierunkowane na krytyczne obszary, takie jak zmiany klimatyczne, cyberbezpiecze\u0144stwo i opieka zdrowotna, WEF tworzy platformy wsp\u00f3\u0142pracy, kt\u00f3re przyci\u0105gaj\u0105 lider\u00f3w rz\u0105dowych, korporacyjnych i spo\u0142ecze\u0144stwa obywatelskiego.&nbsp;Inicjatywy te cz\u0119sto wyznaczaj\u0105 program dzia\u0142a\u0144 globalnych, subtelnie dopasowuj\u0105c go do wizji WEF.&nbsp;Organizuj\u0105c te mi\u0119dzysektorowe partnerstwa, WEF pozycjonuje si\u0119 jako niezb\u0119dny w\u0119ze\u0142 w sieci globalnego zarz\u0105dzania, wyznaczaj\u0105cy kierunek polityki i inwestycji bez sprawowania formalnej w\u0142adzy.<\/p>\n\n\n\n<h3 class=\"wp-block-heading\">Gabinet Cieni: Absolwenci WEF u w\u0142adzy<\/h3>\n\n\n\n<p>Koncepcja \u201eGabintu Cieni\u201d sk\u0142adaj\u0105cego si\u0119 z absolwent\u00f3w \u015awiatowego Forum Ekonomicznego (WEF) na stanowiskach w\u0142adzy nie jest jedynie spekulacj\u0105;&nbsp;jest to przejaw dalekosi\u0119\u017cnego wp\u0142ywu Forum na ca\u0142y \u015bwiat.&nbsp;Ta elitarna kadra lider\u00f3w, uformowana na korytarzach Davos i w klasach programu Young Global Leaders (YGL), wspi\u0119\u0142a si\u0119 na kluczowe role w rz\u0105dach, korporacjach i organizacjach spo\u0142ecze\u0144stwa obywatelskiego, maj\u0105c znaczny wp\u0142yw na kierunek globalnej polityki i zarz\u0105dzanie.&nbsp;To rozszerzenie bada g\u0142\u0119boko\u015b\u0107 i implikacje sieci absolwent\u00f3w WEF, kt\u00f3rzy poruszaj\u0105 si\u0119 po korytarzach w\u0142adzy, osadzaj\u0105c program Forum w strukturze globalnego przyw\u00f3dztwa.<\/p>\n\n\n\n<h3 class=\"wp-block-heading\">Absolwenci WEF: \u015bwiatowi liderzy o wsp\u00f3lnym wyznaniu wiary<\/h3>\n\n\n\n<p>WEF odnios\u0142o niezwyk\u0142y sukces, pozycjonuj\u0105c swoich absolwent\u00f3w na strategicznych stanowiskach na ca\u0142ym \u015bwiecie.&nbsp;Osoby te, po zapoznaniu si\u0119 z etosem WEF dotycz\u0105cym globalnej wsp\u00f3\u0142pracy i zarz\u0105dzania, nios\u0105 ze sob\u0105 zestaw idea\u0142\u00f3w i priorytet\u00f3w, kt\u00f3re cz\u0119sto \u015bci\u015ble pokrywaj\u0105 si\u0119 z celami Forum.<\/p>\n\n\n\n<p>Niezale\u017cnie od tego, czy chodzi o wdra\u017canie polityk faworyzuj\u0105cych interesy globalne nad narodowymi, promowanie globalizacji gospodarczej, czy te\u017c wspieranie inicjatyw \u015brodowiskowych i spo\u0142ecznych odzwierciedlaj\u0105cych program WEF, wp\u0142yw tych absolwent\u00f3w jest wyczuwalny w zmianach politycznych i wspieranych przez nich inicjatywach.<\/p>\n\n\n\n<p>Zasi\u0119g sieci absolwent\u00f3w WEF jest zar\u00f3wno g\u0142\u0119boki, jak i niepokoj\u0105cy, a kluczowe postacie polityki mi\u0119dzynarodowej nosz\u0105 pi\u0119tno swojej indoktrynacji w Davos.&nbsp;Od Emmanuela Macrona we Francji po Justina Trudeau w Kanadzie \u2013 przyw\u00f3dcy ci, niegdy\u015b okrzykni\u0119ci zwiastunami zmian, obecnie oskar\u017cani s\u0105 o bycie marionetkami ta\u0144cz\u0105cymi w rytm orkiestry Schwaba.&nbsp;W Stanach Zjednoczonych szepcze si\u0119, \u017ce korytarze administracji Bidena by\u0142y wype\u0142nione uczniami WEF, co jeszcze bardziej zaciera granice mi\u0119dzy rz\u0105dem wybieranym a globalnym rz\u0105dzeniem przez pe\u0142nomocnika.<\/p>\n\n\n\n<p>W mrocznych korytarzach \u015bwiatowych wp\u0142yw\u00f3w program M\u0142odych Globalnych Lider\u00f3w (YGL) \u015awiatowego Forum Ekonomicznego wy\u0142ania si\u0119 jako skrupulatnie zaprojektowany tygiel dla elity, wyl\u0119garnia nowej klasy w\u0142adc\u00f3w w \u015bwiecie coraz bardziej spowijanym dystopijnymi wyd\u017awi\u0119kami.&nbsp;Inicjatywa ta, skierowana do najzdolniejszych m\u0142odych umys\u0142\u00f3w z r\u00f3\u017cnych dziedzin \u2013 biznesu, rz\u0105du, \u015brodowiska akademickiego i nie tylko \u2013 s\u0142u\u017cy nie tylko sprostaniu pal\u0105cym wyzwaniom naszych czas\u00f3w, ale raczej ukszta\u0142towaniu przysz\u0142o\u015bci, w kt\u00f3rej w\u0142adza jest skoncentrowana w r\u0119kach os\u00f3b indoktrynowanych pojedyncza, globalistyczna wizja.<\/p>\n\n\n\n<h3 class=\"wp-block-heading\">Architekci przesz\u0142o\u015bci: podstawa kontroli<\/h3>\n\n\n\n<p>Program YGL w pocz\u0105tkowych latach po cichu po\u0142o\u017cy\u0142 podwaliny pod skomplikowan\u0105 sie\u0107 wp\u0142yw\u00f3w, wybieraj\u0105c osoby, kt\u00f3re p\u00f3\u017aniej zajmowa\u0142yby kluczowe stanowiska w globalnej elicie.&nbsp;Te wczesne kohorty, chwalone za sw\u00f3j wk\u0142ad w technologi\u0119, finanse i polityk\u0119, by\u0142y awangard\u0105 cichej rewolucji, subtelnie kieruj\u0105c biegiem ludzkiego post\u0119pu w kierunku cel\u00f3w wyznaczonych przez ich dobroczy\u0144c\u00f3w.&nbsp;Postacie takie jak Jack Ma i Sheryl Sandberg, pod przykrywk\u0105 innowacji i przyw\u00f3dztwa, odegra\u0142y kluczow\u0105 rol\u0119 w utkaniu cyfrowej tkanki, kt\u00f3ra obecnie otacza \u015bwiat, wi\u0105\u017c\u0105c nas sieci\u0105 nadzoru i zale\u017cno\u015bci, kt\u00f3ra kiedy\u015b by\u0142a sfer\u0105 science fiction.<\/p>\n\n\n\n<h3 class=\"wp-block-heading\">Stra\u017cnicy tera\u017aniejszo\u015bci: nowy porz\u0105dek<\/h3>\n\n\n\n<p>Dzi\u015b program YGL ewoluowa\u0142, a mo\u017ce dok\u0142adniej ujawni\u0142 sw\u00f3j prawdziwy cel \u2013 nieustann\u0105 pogo\u0144 za \u015bwiatem rz\u0105dzonym nie przez wielu, ale przez nielicznych o\u015bwieconych.&nbsp;Obecne pokolenie M\u0142odych Globalnych Lider\u00f3w stoi na czele tego nowego porz\u0105dku, or\u0119downicy zr\u00f3wnowa\u017conego rozwoju i sprawiedliwo\u015bci spo\u0142ecznej, jednak ich szlachetne cele maskuj\u0105 g\u0142\u0119bszy program.&nbsp;Pod sztandarem dzia\u0142a\u0144 klimatycznych i r\u00f3wno\u015bci opowiadaj\u0105 si\u0119 za polityk\u0105, kt\u00f3ra jeszcze bardziej podwa\u017ca suwerenno\u015b\u0107 narodow\u0105, opowiadaj\u0105c si\u0119 za jednolitym globalnym zarz\u0105dzaniem, kt\u00f3re wykracza poza przestarza\u0142e poj\u0119cia demokracji i wolno\u015bci.<\/p>\n\n\n\n<p>Osoby takie jak Greta Thunberg i Sanna Marin s\u0105 twarzami tego ruchu, uciele\u015bniaj\u0105c cnoty m\u0142odo\u015bci i post\u0119pu, prowadz\u0105c jednocze\u015bnie masy ku przysz\u0142o\u015bci, w kt\u00f3rej indywidualny wyb\u00f3r zostanie z\u0142o\u017cony w ofierze na o\u0142tarzu zbiorowego zbawienia.&nbsp;Ich wzrost popularno\u015bci nie jest przypadkiem, ale raczej \u015bwiadectwem sukcesu programu YGL w kszta\u0142towaniu lider\u00f3w, kt\u00f3rzy potrafi\u0105 wp\u0142ywa\u0107 na opini\u0119 publiczn\u0105 i polityk\u0119 z wdzi\u0119kiem dyrygenta prowadz\u0105cego orkiestr\u0119.<\/p>\n\n\n\n<p>Przej\u015bcie od architekt\u00f3w przesz\u0142o\u015bci do stra\u017cnik\u00f3w tera\u017aniejszo\u015bci w ramach programu YGL to narracja przesi\u0105kni\u0119ta dystopijn\u0105 rzeczywisto\u015bci\u0105.&nbsp;To opowie\u015b\u0107 o tym, jak d\u0105\u017cenie do utopijnej przysz\u0142o\u015bci utorowa\u0142o drog\u0119 do ery niezr\u00f3wnanej kontroli, w kt\u00f3rej idea\u0142y demokracji i to\u017csamo\u015bci narodowej zanurzaj\u0105 si\u0119 pod wznosz\u0105c\u0105 si\u0119 fal\u0105 globalnego zarz\u0105dzania.<\/p>\n\n\n\n<p>Ta kadra m\u0142odych przyw\u00f3dc\u00f3w, wybranych i ukszta\u0142towanych na wz\u00f3r swoich przodk\u00f3w, jest gotowa odziedziczy\u0107 \u015bwiat, w kt\u00f3rym zacieraj\u0105 si\u0119 granice mi\u0119dzy przyw\u00f3dztwem a dominacj\u0105, zwiastuj\u0105c now\u0105 er\u0119 o\u015bwiecenia cieniem widma tyranii.&nbsp;W tej przysz\u0142o\u015bci YGL s\u0105 nie tylko wp\u0142ywowymi osobami, ale tak\u017ce architektami nowego porz\u0105dku \u015bwiata, w kt\u00f3rym wielu jest kierowanych przez nielicznych, pod czujnym okiem tych, kt\u00f3rzy kiedy\u015b marzyli o przekszta\u0142ceniu \u015bwiata.<\/p>\n\n\n\n<h3 class=\"wp-block-heading\">Wniosek: Przygasaj\u0105ce \u015bwiat\u0142o suwerenno\u015bci<\/h3>\n\n\n\n<p>W miar\u0119 jak \u015awiatowe Forum Ekonomiczne w dalszym ci\u0105gu rozszerza sw\u00f3j cie\u0144 na sprawy globalne, sama koncepcja suwerenno\u015bci narodowej i rz\u0105d\u00f3w demokratycznych znajduje si\u0119 pod obl\u0119\u017ceniem.<\/p>\n\n\n\n<p>Dystopijna wizja WEF \u015bwiata rz\u0105dzonego przez elity i dla elit podwa\u017ca podstawowe zasady samostanowienia i odpowiedzialno\u015bci publicznej.<\/p>\n\n\n\n<p>W tych mrocznych czasach wezwanie do dzia\u0142ania nie dotyczy zaanga\u017cowania czy reform, ale odzyskania g\u0142osu i w\u0142adzy przez obywateli \u015bwiata, aby nie stali si\u0119 mieszka\u0144cami \u015bwiata, w kt\u00f3rym niewielu rz\u0105dzi wieloma, a \u015bwiat\u0142o demokracji zgas\u0142o przez cie\u0144 Klausa Schwaba i jego \u015awiatowego Forum Ekonomicznego.<\/p>\n\n\n\n<p>\u0179r\u00f3d\u0142o <a href=\"https:\/\/expose-news.com\/2024\/02\/06\/the-world-economic-forums-stealth-takeover\/\">https:\/\/expose-news.com\/2024\/02\/06\/the-world-economic-forums-stealth-takeover\/<\/a><\/p>\n","protected":false},"excerpt":{"rendered":"<p>Wersja Audio Na Substack https:\/\/wolnoscanarchia.substack.com\/p\/od-demokracji-do-dystopi-potajemne?utm_source=profile&amp;utm_medium=reader2 Od demokracji do dystopii: potajemne przej\u0119cie \u015awiatowego Forum Ekonomicznego PRZEZ\u00a0THE EXPOS\u00c9\u00a0NA\u00a06 LUTEGO 2024 R W \u015bwiecie w coraz wi\u0119kszym stopniu kszta\u0142towanym przez tajemnicze postacie i tajne spotkania \u015awiatowe Forum Ekonomiczne (WEF), na kt\u00f3rego czele stoi&#8230; <\/p>\n","protected":false},"author":2,"featured_media":6945,"comment_status":"open","ping_status":"open","sticky":false,"template":"","format":"standard","meta":{"_acf_changed":false,"_bbp_topic_count":0,"_bbp_reply_count":0,"_bbp_total_topic_count":0,"_bbp_total_reply_count":0,"_bbp_voice_count":0,"_bbp_anonymous_reply_count":0,"_bbp_topic_count_hidden":0,"_bbp_reply_count_hidden":0,"_bbp_forum_subforum_count":0,"om_disable_all_campaigns":false,"_monsterinsights_skip_tracking":false,"footnotes":""},"categories":[93],"tags":[],"class_list":["post-6943","post","type-post","status-publish","format-standard","has-post-thumbnail","hentry","category-artykuly"],"acf":[],"aioseo_notices":[],"aioseo_head":"\n\t\t<!-- All in One SEO 5.0.1.1 - aioseo.com -->\n\t<meta name=\"description\" content=\"Wersja Audio Na Substack https:\/\/wolnoscanarchia.substack.com\/p\/od-demokracji-do-dystopi-potajemne?utm_source=profile&amp;utm_medium=reader2 Od demokracji do dystopii: potajemne przej\u0119cie \u015awiatowego Forum Ekonomicznego PRZEZ THE EXPOS\u00c9 NA 6 LUTEGO 2024 R W \u015bwiecie w coraz wi\u0119kszym stopniu kszta\u0142towanym przez tajemnicze postacie i tajne spotkania \u015awiatowe Forum Ekonomiczne (WEF), na kt\u00f3rego czele stoi Klaus Schwab, jawi si\u0119 jako pot\u0119\u017cny architekt przysz\u0142o\u015bci, w kt\u00f3rej granice pa\u0144stw si\u0119 zacieraj\u0105, a\" \/>\n\t<meta name=\"robots\" content=\"max-image-preview:large\" \/>\n\t<meta name=\"author\" content=\"trinity\"\/>\n\t<link rel=\"canonical\" href=\"https:\/\/wia.net.pl\/index.php\/2024\/02\/07\/od-demokracji-do-dystopii-potajemne-przejecie-wef\/\" \/>\n\t<meta name=\"generator\" content=\"All in One SEO (AIOSEO) 5.0.1.1\" \/>\n\t\t<meta property=\"og:locale\" content=\"pl_PL\" \/>\n\t\t<meta property=\"og:site_name\" content=\"Wolno\u015b\u0107 i Anarchia - Ka\u017cdy wewn\u0119trznie jest anarchist\u0105.\" \/>\n\t\t<meta property=\"og:type\" content=\"article\" \/>\n\t\t<meta property=\"og:title\" content=\"Od demokracji do dystopii: potajemne przej\u0119cie WEF - Wolno\u015b\u0107 i Anarchia\" \/>\n\t\t<meta property=\"og:description\" content=\"Wersja Audio Na Substack https:\/\/wolnoscanarchia.substack.com\/p\/od-demokracji-do-dystopi-potajemne?utm_source=profile&amp;utm_medium=reader2 Od demokracji do dystopii: potajemne przej\u0119cie \u015awiatowego Forum Ekonomicznego PRZEZ THE EXPOS\u00c9 NA 6 LUTEGO 2024 R W \u015bwiecie w coraz wi\u0119kszym stopniu kszta\u0142towanym przez tajemnicze postacie i tajne spotkania \u015awiatowe Forum Ekonomiczne (WEF), na kt\u00f3rego czele stoi Klaus Schwab, jawi si\u0119 jako pot\u0119\u017cny architekt przysz\u0142o\u015bci, w kt\u00f3rej granice pa\u0144stw si\u0119 zacieraj\u0105, a\" \/>\n\t\t<meta property=\"og:url\" content=\"https:\/\/wia.net.pl\/index.php\/2024\/02\/07\/od-demokracji-do-dystopii-potajemne-przejecie-wef\/\" \/>\n\t\t<meta property=\"og:image\" content=\"https:\/\/wia.net.pl\/wp-content\/uploads\/2023\/11\/cropped-freedom-i73367.jpg\" \/>\n\t\t<meta property=\"og:image:secure_url\" content=\"https:\/\/wia.net.pl\/wp-content\/uploads\/2023\/11\/cropped-freedom-i73367.jpg\" \/>\n\t\t<meta property=\"article:published_time\" content=\"2024-02-07T01:35:54+00:00\" \/>\n\t\t<meta property=\"article:modified_time\" content=\"2024-02-07T01:35:55+00:00\" \/>\n\t\t<meta name=\"twitter:card\" content=\"summary_large_image\" \/>\n\t\t<meta name=\"twitter:title\" content=\"Od demokracji do dystopii: potajemne przej\u0119cie WEF - Wolno\u015b\u0107 i Anarchia\" \/>\n\t\t<meta name=\"twitter:description\" content=\"Wersja Audio Na Substack https:\/\/wolnoscanarchia.substack.com\/p\/od-demokracji-do-dystopi-potajemne?utm_source=profile&amp;utm_medium=reader2 Od demokracji do dystopii: potajemne przej\u0119cie \u015awiatowego Forum Ekonomicznego PRZEZ THE EXPOS\u00c9 NA 6 LUTEGO 2024 R W \u015bwiecie w coraz wi\u0119kszym stopniu kszta\u0142towanym przez tajemnicze postacie i tajne spotkania \u015awiatowe Forum Ekonomiczne (WEF), na kt\u00f3rego czele stoi Klaus Schwab, jawi si\u0119 jako pot\u0119\u017cny architekt przysz\u0142o\u015bci, w kt\u00f3rej granice pa\u0144stw si\u0119 zacieraj\u0105, a\" \/>\n\t\t<meta name=\"twitter:image\" content=\"https:\/\/wia.net.pl\/wp-content\/uploads\/2023\/11\/cropped-freedom-i73367.jpg\" \/>\n\t\t<script type=\"application\/ld+json\" class=\"aioseo-schema\">\n\t\t\t{\"@context\":\"https:\\\/\\\/schema.org\",\"@graph\":[{\"@type\":\"BlogPosting\",\"@id\":\"https:\\\/\\\/wia.net.pl\\\/index.php\\\/2024\\\/02\\\/07\\\/od-demokracji-do-dystopii-potajemne-przejecie-wef\\\/#blogposting\",\"name\":\"Od demokracji do dystopii: potajemne przej\\u0119cie WEF - Wolno\\u015b\\u0107 i Anarchia\",\"headline\":\"Od demokracji do dystopii: potajemne przej\\u0119cie WEF\",\"author\":{\"@id\":\"https:\\\/\\\/wia.net.pl\\\/index.php\\\/author\\\/trinity\\\/#author\"},\"publisher\":{\"@id\":\"https:\\\/\\\/wia.net.pl\\\/#person\"},\"image\":{\"@type\":\"ImageObject\",\"url\":\"https:\\\/\\\/wia.net.pl\\\/wp-content\\\/uploads\\\/2024\\\/02\\\/dystopia.jpg\",\"width\":1920,\"height\":1080},\"datePublished\":\"2024-02-07T02:35:54+01:00\",\"dateModified\":\"2024-02-07T02:35:55+01:00\",\"inLanguage\":\"pl-PL\",\"mainEntityOfPage\":{\"@id\":\"https:\\\/\\\/wia.net.pl\\\/index.php\\\/2024\\\/02\\\/07\\\/od-demokracji-do-dystopii-potajemne-przejecie-wef\\\/#webpage\"},\"isPartOf\":{\"@id\":\"https:\\\/\\\/wia.net.pl\\\/index.php\\\/2024\\\/02\\\/07\\\/od-demokracji-do-dystopii-potajemne-przejecie-wef\\\/#webpage\"},\"articleSection\":\"Artyku\\u0142y\"},{\"@type\":\"BreadcrumbList\",\"@id\":\"https:\\\/\\\/wia.net.pl\\\/index.php\\\/2024\\\/02\\\/07\\\/od-demokracji-do-dystopii-potajemne-przejecie-wef\\\/#breadcrumblist\",\"itemListElement\":[{\"@type\":\"ListItem\",\"@id\":\"https:\\\/\\\/wia.net.pl#listItem\",\"position\":1,\"name\":\"Home\",\"item\":\"https:\\\/\\\/wia.net.pl\",\"nextItem\":{\"@type\":\"ListItem\",\"@id\":\"https:\\\/\\\/wia.net.pl\\\/index.php\\\/category\\\/artykuly\\\/#listItem\",\"name\":\"Artyku\\u0142y\"}},{\"@type\":\"ListItem\",\"@id\":\"https:\\\/\\\/wia.net.pl\\\/index.php\\\/category\\\/artykuly\\\/#listItem\",\"position\":2,\"name\":\"Artyku\\u0142y\",\"item\":\"https:\\\/\\\/wia.net.pl\\\/index.php\\\/category\\\/artykuly\\\/\",\"nextItem\":{\"@type\":\"ListItem\",\"@id\":\"https:\\\/\\\/wia.net.pl\\\/index.php\\\/2024\\\/02\\\/07\\\/od-demokracji-do-dystopii-potajemne-przejecie-wef\\\/#listItem\",\"name\":\"Od demokracji do dystopii: potajemne przej\\u0119cie WEF\"},\"previousItem\":{\"@type\":\"ListItem\",\"@id\":\"https:\\\/\\\/wia.net.pl#listItem\",\"name\":\"Home\"}},{\"@type\":\"ListItem\",\"@id\":\"https:\\\/\\\/wia.net.pl\\\/index.php\\\/2024\\\/02\\\/07\\\/od-demokracji-do-dystopii-potajemne-przejecie-wef\\\/#listItem\",\"position\":3,\"name\":\"Od demokracji do dystopii: potajemne przej\\u0119cie WEF\",\"previousItem\":{\"@type\":\"ListItem\",\"@id\":\"https:\\\/\\\/wia.net.pl\\\/index.php\\\/category\\\/artykuly\\\/#listItem\",\"name\":\"Artyku\\u0142y\"}}]},{\"@type\":\"Person\",\"@id\":\"https:\\\/\\\/wia.net.pl\\\/#person\",\"name\":\"Bart\\u0142omiej Talarczyk\",\"image\":{\"@type\":\"ImageObject\",\"@id\":\"https:\\\/\\\/wia.net.pl\\\/index.php\\\/2024\\\/02\\\/07\\\/od-demokracji-do-dystopii-potajemne-przejecie-wef\\\/#personImage\",\"url\":\"https:\\\/\\\/wia.net.pl\\\/wp-content\\\/uploads\\\/avatar-privacy\\\/cache\\\/user\\\/1\\\/7\\\/176a6b161c58363ff49b5c167264231f519f5c7fa183ca1f61e891769b6b56d5-96.jpg\",\"width\":96,\"height\":96,\"caption\":\"Bart\\u0142omiej Talarczyk\"}},{\"@type\":\"Person\",\"@id\":\"https:\\\/\\\/wia.net.pl\\\/index.php\\\/author\\\/trinity\\\/#author\",\"url\":\"https:\\\/\\\/wia.net.pl\\\/index.php\\\/author\\\/trinity\\\/\",\"name\":\"trinity\",\"image\":{\"@type\":\"ImageObject\",\"@id\":\"https:\\\/\\\/wia.net.pl\\\/index.php\\\/2024\\\/02\\\/07\\\/od-demokracji-do-dystopii-potajemne-przejecie-wef\\\/#authorImage\",\"url\":\"https:\\\/\\\/wia.net.pl\\\/wp-content\\\/uploads\\\/avatar-privacy\\\/cache\\\/user\\\/5\\\/f\\\/5f6547cf82495eaa10e100a6a45d5dbde2dfdc1be88557de2018fca705bdf6f1-96.jpg\",\"width\":96,\"height\":96,\"caption\":\"trinity\"}},{\"@type\":\"WebPage\",\"@id\":\"https:\\\/\\\/wia.net.pl\\\/index.php\\\/2024\\\/02\\\/07\\\/od-demokracji-do-dystopii-potajemne-przejecie-wef\\\/#webpage\",\"url\":\"https:\\\/\\\/wia.net.pl\\\/index.php\\\/2024\\\/02\\\/07\\\/od-demokracji-do-dystopii-potajemne-przejecie-wef\\\/\",\"name\":\"Od demokracji do dystopii: potajemne przej\\u0119cie WEF - Wolno\\u015b\\u0107 i Anarchia\",\"description\":\"Wersja Audio Na Substack https:\\\/\\\/wolnoscanarchia.substack.com\\\/p\\\/od-demokracji-do-dystopi-potajemne?utm_source=profile&utm_medium=reader2 Od demokracji do dystopii: potajemne przej\\u0119cie \\u015awiatowego Forum Ekonomicznego PRZEZ THE EXPOS\\u00c9 NA 6 LUTEGO 2024 R W \\u015bwiecie w coraz wi\\u0119kszym stopniu kszta\\u0142towanym przez tajemnicze postacie i tajne spotkania \\u015awiatowe Forum Ekonomiczne (WEF), na kt\\u00f3rego czele stoi Klaus Schwab, jawi si\\u0119 jako pot\\u0119\\u017cny architekt przysz\\u0142o\\u015bci, w kt\\u00f3rej granice pa\\u0144stw si\\u0119 zacieraj\\u0105, a\",\"inLanguage\":\"pl-PL\",\"isPartOf\":{\"@id\":\"https:\\\/\\\/wia.net.pl\\\/#website\"},\"breadcrumb\":{\"@id\":\"https:\\\/\\\/wia.net.pl\\\/index.php\\\/2024\\\/02\\\/07\\\/od-demokracji-do-dystopii-potajemne-przejecie-wef\\\/#breadcrumblist\"},\"author\":{\"@id\":\"https:\\\/\\\/wia.net.pl\\\/index.php\\\/author\\\/trinity\\\/#author\"},\"creator\":{\"@id\":\"https:\\\/\\\/wia.net.pl\\\/index.php\\\/author\\\/trinity\\\/#author\"},\"image\":{\"@type\":\"ImageObject\",\"url\":\"https:\\\/\\\/wia.net.pl\\\/wp-content\\\/uploads\\\/2024\\\/02\\\/dystopia.jpg\",\"@id\":\"https:\\\/\\\/wia.net.pl\\\/index.php\\\/2024\\\/02\\\/07\\\/od-demokracji-do-dystopii-potajemne-przejecie-wef\\\/#mainImage\",\"width\":1920,\"height\":1080},\"primaryImageOfPage\":{\"@id\":\"https:\\\/\\\/wia.net.pl\\\/index.php\\\/2024\\\/02\\\/07\\\/od-demokracji-do-dystopii-potajemne-przejecie-wef\\\/#mainImage\"},\"datePublished\":\"2024-02-07T02:35:54+01:00\",\"dateModified\":\"2024-02-07T02:35:55+01:00\"},{\"@type\":\"WebSite\",\"@id\":\"https:\\\/\\\/wia.net.pl\\\/#website\",\"url\":\"https:\\\/\\\/wia.net.pl\\\/\",\"name\":\"Wolno\\u015b\\u0107 i Anarchia\",\"description\":\"Ka\\u017cdy wewn\\u0119trznie jest anarchist\\u0105.\",\"inLanguage\":\"pl-PL\",\"publisher\":{\"@id\":\"https:\\\/\\\/wia.net.pl\\\/#person\"}}]}\n\t\t<\/script>\n\t\t<!-- All in One SEO -->\n\n","aioseo_head_json":{"title":"Od demokracji do dystopii: potajemne przej\u0119cie WEF - Wolno\u015b\u0107 i Anarchia","description":"Wersja Audio Na Substack https:\/\/wolnoscanarchia.substack.com\/p\/od-demokracji-do-dystopi-potajemne?utm_source=profile&utm_medium=reader2 Od demokracji do dystopii: potajemne przej\u0119cie \u015awiatowego Forum Ekonomicznego PRZEZ THE EXPOS\u00c9 NA 6 LUTEGO 2024 R W \u015bwiecie w coraz wi\u0119kszym stopniu kszta\u0142towanym przez tajemnicze postacie i tajne spotkania \u015awiatowe Forum Ekonomiczne (WEF), na kt\u00f3rego czele stoi Klaus Schwab, jawi si\u0119 jako pot\u0119\u017cny architekt przysz\u0142o\u015bci, w kt\u00f3rej granice pa\u0144stw si\u0119 zacieraj\u0105, a","canonical_url":"https:\/\/wia.net.pl\/index.php\/2024\/02\/07\/od-demokracji-do-dystopii-potajemne-przejecie-wef\/","robots":"max-image-preview:large","keywords":"","webmasterTools":{"miscellaneous":""},"schema":{"@context":"https:\/\/schema.org","@graph":[{"@type":"BlogPosting","@id":"https:\/\/wia.net.pl\/index.php\/2024\/02\/07\/od-demokracji-do-dystopii-potajemne-przejecie-wef\/#blogposting","name":"Od demokracji do dystopii: potajemne przej\u0119cie WEF - Wolno\u015b\u0107 i Anarchia","headline":"Od demokracji do dystopii: potajemne przej\u0119cie WEF","author":{"@id":"https:\/\/wia.net.pl\/index.php\/author\/trinity\/#author"},"publisher":{"@id":"https:\/\/wia.net.pl\/#person"},"image":{"@type":"ImageObject","url":"https:\/\/wia.net.pl\/wp-content\/uploads\/2024\/02\/dystopia.jpg","width":1920,"height":1080},"datePublished":"2024-02-07T02:35:54+01:00","dateModified":"2024-02-07T02:35:55+01:00","inLanguage":"pl-PL","mainEntityOfPage":{"@id":"https:\/\/wia.net.pl\/index.php\/2024\/02\/07\/od-demokracji-do-dystopii-potajemne-przejecie-wef\/#webpage"},"isPartOf":{"@id":"https:\/\/wia.net.pl\/index.php\/2024\/02\/07\/od-demokracji-do-dystopii-potajemne-przejecie-wef\/#webpage"},"articleSection":"Artyku\u0142y"},{"@type":"BreadcrumbList","@id":"https:\/\/wia.net.pl\/index.php\/2024\/02\/07\/od-demokracji-do-dystopii-potajemne-przejecie-wef\/#breadcrumblist","itemListElement":[{"@type":"ListItem","@id":"https:\/\/wia.net.pl#listItem","position":1,"name":"Home","item":"https:\/\/wia.net.pl","nextItem":{"@type":"ListItem","@id":"https:\/\/wia.net.pl\/index.php\/category\/artykuly\/#listItem","name":"Artyku\u0142y"}},{"@type":"ListItem","@id":"https:\/\/wia.net.pl\/index.php\/category\/artykuly\/#listItem","position":2,"name":"Artyku\u0142y","item":"https:\/\/wia.net.pl\/index.php\/category\/artykuly\/","nextItem":{"@type":"ListItem","@id":"https:\/\/wia.net.pl\/index.php\/2024\/02\/07\/od-demokracji-do-dystopii-potajemne-przejecie-wef\/#listItem","name":"Od demokracji do dystopii: potajemne przej\u0119cie WEF"},"previousItem":{"@type":"ListItem","@id":"https:\/\/wia.net.pl#listItem","name":"Home"}},{"@type":"ListItem","@id":"https:\/\/wia.net.pl\/index.php\/2024\/02\/07\/od-demokracji-do-dystopii-potajemne-przejecie-wef\/#listItem","position":3,"name":"Od demokracji do dystopii: potajemne przej\u0119cie WEF","previousItem":{"@type":"ListItem","@id":"https:\/\/wia.net.pl\/index.php\/category\/artykuly\/#listItem","name":"Artyku\u0142y"}}]},{"@type":"Person","@id":"https:\/\/wia.net.pl\/#person","name":"Bart\u0142omiej Talarczyk","image":{"@type":"ImageObject","@id":"https:\/\/wia.net.pl\/index.php\/2024\/02\/07\/od-demokracji-do-dystopii-potajemne-przejecie-wef\/#personImage","url":"https:\/\/wia.net.pl\/wp-content\/uploads\/avatar-privacy\/cache\/user\/1\/7\/176a6b161c58363ff49b5c167264231f519f5c7fa183ca1f61e891769b6b56d5-96.jpg","width":96,"height":96,"caption":"Bart\u0142omiej Talarczyk"}},{"@type":"Person","@id":"https:\/\/wia.net.pl\/index.php\/author\/trinity\/#author","url":"https:\/\/wia.net.pl\/index.php\/author\/trinity\/","name":"trinity","image":{"@type":"ImageObject","@id":"https:\/\/wia.net.pl\/index.php\/2024\/02\/07\/od-demokracji-do-dystopii-potajemne-przejecie-wef\/#authorImage","url":"https:\/\/wia.net.pl\/wp-content\/uploads\/avatar-privacy\/cache\/user\/5\/f\/5f6547cf82495eaa10e100a6a45d5dbde2dfdc1be88557de2018fca705bdf6f1-96.jpg","width":96,"height":96,"caption":"trinity"}},{"@type":"WebPage","@id":"https:\/\/wia.net.pl\/index.php\/2024\/02\/07\/od-demokracji-do-dystopii-potajemne-przejecie-wef\/#webpage","url":"https:\/\/wia.net.pl\/index.php\/2024\/02\/07\/od-demokracji-do-dystopii-potajemne-przejecie-wef\/","name":"Od demokracji do dystopii: potajemne przej\u0119cie WEF - Wolno\u015b\u0107 i Anarchia","description":"Wersja Audio Na Substack https:\/\/wolnoscanarchia.substack.com\/p\/od-demokracji-do-dystopi-potajemne?utm_source=profile&utm_medium=reader2 Od demokracji do dystopii: potajemne przej\u0119cie \u015awiatowego Forum Ekonomicznego PRZEZ THE EXPOS\u00c9 NA 6 LUTEGO 2024 R W \u015bwiecie w coraz wi\u0119kszym stopniu kszta\u0142towanym przez tajemnicze postacie i tajne spotkania \u015awiatowe Forum Ekonomiczne (WEF), na kt\u00f3rego czele stoi Klaus Schwab, jawi si\u0119 jako pot\u0119\u017cny architekt przysz\u0142o\u015bci, w kt\u00f3rej granice pa\u0144stw si\u0119 zacieraj\u0105, a","inLanguage":"pl-PL","isPartOf":{"@id":"https:\/\/wia.net.pl\/#website"},"breadcrumb":{"@id":"https:\/\/wia.net.pl\/index.php\/2024\/02\/07\/od-demokracji-do-dystopii-potajemne-przejecie-wef\/#breadcrumblist"},"author":{"@id":"https:\/\/wia.net.pl\/index.php\/author\/trinity\/#author"},"creator":{"@id":"https:\/\/wia.net.pl\/index.php\/author\/trinity\/#author"},"image":{"@type":"ImageObject","url":"https:\/\/wia.net.pl\/wp-content\/uploads\/2024\/02\/dystopia.jpg","@id":"https:\/\/wia.net.pl\/index.php\/2024\/02\/07\/od-demokracji-do-dystopii-potajemne-przejecie-wef\/#mainImage","width":1920,"height":1080},"primaryImageOfPage":{"@id":"https:\/\/wia.net.pl\/index.php\/2024\/02\/07\/od-demokracji-do-dystopii-potajemne-przejecie-wef\/#mainImage"},"datePublished":"2024-02-07T02:35:54+01:00","dateModified":"2024-02-07T02:35:55+01:00"},{"@type":"WebSite","@id":"https:\/\/wia.net.pl\/#website","url":"https:\/\/wia.net.pl\/","name":"Wolno\u015b\u0107 i Anarchia","description":"Ka\u017cdy wewn\u0119trznie jest anarchist\u0105.","inLanguage":"pl-PL","publisher":{"@id":"https:\/\/wia.net.pl\/#person"}}]},"og:locale":"pl_PL","og:site_name":"Wolno\u015b\u0107 i Anarchia - Ka\u017cdy wewn\u0119trznie jest anarchist\u0105.","og:type":"article","og:title":"Od demokracji do dystopii: potajemne przej\u0119cie WEF - Wolno\u015b\u0107 i Anarchia","og:description":"Wersja Audio Na Substack https:\/\/wolnoscanarchia.substack.com\/p\/od-demokracji-do-dystopi-potajemne?utm_source=profile&amp;utm_medium=reader2 Od demokracji do dystopii: potajemne przej\u0119cie \u015awiatowego Forum Ekonomicznego PRZEZ THE EXPOS\u00c9 NA 6 LUTEGO 2024 R W \u015bwiecie w coraz wi\u0119kszym stopniu kszta\u0142towanym przez tajemnicze postacie i tajne spotkania \u015awiatowe Forum Ekonomiczne (WEF), na kt\u00f3rego czele stoi Klaus Schwab, jawi si\u0119 jako pot\u0119\u017cny architekt przysz\u0142o\u015bci, w kt\u00f3rej granice pa\u0144stw si\u0119 zacieraj\u0105, a","og:url":"https:\/\/wia.net.pl\/index.php\/2024\/02\/07\/od-demokracji-do-dystopii-potajemne-przejecie-wef\/","og:image":"https:\/\/wia.net.pl\/wp-content\/uploads\/2023\/11\/cropped-freedom-i73367.jpg","og:image:secure_url":"https:\/\/wia.net.pl\/wp-content\/uploads\/2023\/11\/cropped-freedom-i73367.jpg","article:published_time":"2024-02-07T01:35:54+00:00","article:modified_time":"2024-02-07T01:35:55+00:00","twitter:card":"summary_large_image","twitter:title":"Od demokracji do dystopii: potajemne przej\u0119cie WEF - Wolno\u015b\u0107 i Anarchia","twitter:description":"Wersja Audio Na Substack https:\/\/wolnoscanarchia.substack.com\/p\/od-demokracji-do-dystopi-potajemne?utm_source=profile&amp;utm_medium=reader2 Od demokracji do dystopii: potajemne przej\u0119cie \u015awiatowego Forum Ekonomicznego PRZEZ THE EXPOS\u00c9 NA 6 LUTEGO 2024 R W \u015bwiecie w coraz wi\u0119kszym stopniu kszta\u0142towanym przez tajemnicze postacie i tajne spotkania \u015awiatowe Forum Ekonomiczne (WEF), na kt\u00f3rego czele stoi Klaus Schwab, jawi si\u0119 jako pot\u0119\u017cny architekt przysz\u0142o\u015bci, w kt\u00f3rej granice pa\u0144stw si\u0119 zacieraj\u0105, a","twitter:image":"https:\/\/wia.net.pl\/wp-content\/uploads\/2023\/11\/cropped-freedom-i73367.jpg"},"aioseo_meta_data":{"post_id":"6943","title":null,"description":null,"keywords":[],"keyphrases":{"focus":{"keyphrase":"","score":0,"analysis":{"keyphraseInTitle":{"score":0,"maxScore":9,"error":1}}},"additional":[]},"primary_term":null,"canonical_url":null,"og_title":null,"og_description":null,"og_object_type":"default","og_image_type":"default","og_image_url":null,"og_image_width":null,"og_image_height":null,"og_image_custom_url":null,"og_image_custom_fields":null,"og_video":"","og_custom_url":null,"og_article_section":null,"og_article_tags":[],"twitter_use_og":false,"twitter_card":"default","twitter_image_type":"default","twitter_image_url":null,"twitter_image_custom_url":null,"twitter_image_custom_fields":null,"twitter_title":null,"twitter_description":null,"schema":{"blockGraphs":[],"customGraphs":[],"default":{"data":{"Article":[],"Course":[],"Dataset":[],"FAQPage":[],"Movie":[],"Person":[],"Product":[],"ProductReview":[],"Car":[],"Recipe":[],"Service":[],"SoftwareApplication":[],"WebPage":[]},"graphName":"BlogPosting","isEnabled":true},"graphs":[]},"schema_type":"default","schema_type_options":null,"pillar_content":false,"robots_default":true,"robots_noindex":false,"robots_noarchive":false,"robots_nosnippet":false,"robots_nofollow":false,"robots_noimageindex":false,"robots_noodp":false,"robots_notranslate":false,"robots_max_snippet":"-1","robots_max_videopreview":"-1","robots_max_imagepreview":"large","priority":null,"frequency":"default","local_seo":null,"breadcrumb_settings":null,"limit_modified_date":false,"ai":null,"created":"2024-02-07 01:35:55","updated":"2025-06-04 10:10:20","seo_analyzer_scan_date":null,"focus_keyword":null,"additional_keywords":null,"truseo_locale":null},"aioseo_breadcrumb":"<div class=\"aioseo-breadcrumbs\"><span class=\"aioseo-breadcrumb\">\n\t\t\t<a href=\"https:\/\/wia.net.pl\" title=\"Home\">Home<\/a>\n\t\t<\/span><span class=\"aioseo-breadcrumb-separator\">&raquo;<\/span><span class=\"aioseo-breadcrumb\">\n\t\t\t<a href=\"https:\/\/wia.net.pl\/index.php\/category\/artykuly\/\" title=\"Artyku\u0142y\">Artyku\u0142y<\/a>\n\t\t<\/span><span class=\"aioseo-breadcrumb-separator\">&raquo;<\/span><span class=\"aioseo-breadcrumb\">\n\t\t\tOd demokracji do dystopii: potajemne przej\u0119cie WEF\n\t\t<\/span><\/div>","aioseo_breadcrumb_json":[{"label":"Home","link":"https:\/\/wia.net.pl"},{"label":"Artyku\u0142y","link":"https:\/\/wia.net.pl\/index.php\/category\/artykuly\/"},{"label":"Od demokracji do dystopii: potajemne przej\u0119cie WEF","link":"https:\/\/wia.net.pl\/index.php\/2024\/02\/07\/od-demokracji-do-dystopii-potajemne-przejecie-wef\/"}],"_links":{"self":[{"href":"https:\/\/wia.net.pl\/index.php\/wp-json\/wp\/v2\/posts\/6943"}],"collection":[{"href":"https:\/\/wia.net.pl\/index.php\/wp-json\/wp\/v2\/posts"}],"about":[{"href":"https:\/\/wia.net.pl\/index.php\/wp-json\/wp\/v2\/types\/post"}],"author":[{"embeddable":true,"href":"https:\/\/wia.net.pl\/index.php\/wp-json\/wp\/v2\/users\/2"}],"replies":[{"embeddable":true,"href":"https:\/\/wia.net.pl\/index.php\/wp-json\/wp\/v2\/comments?post=6943"}],"version-history":[{"count":1,"href":"https:\/\/wia.net.pl\/index.php\/wp-json\/wp\/v2\/posts\/6943\/revisions"}],"predecessor-version":[{"id":6946,"href":"https:\/\/wia.net.pl\/index.php\/wp-json\/wp\/v2\/posts\/6943\/revisions\/6946"}],"wp:featuredmedia":[{"embeddable":true,"href":"https:\/\/wia.net.pl\/index.php\/wp-json\/wp\/v2\/media\/6945"}],"wp:attachment":[{"href":"https:\/\/wia.net.pl\/index.php\/wp-json\/wp\/v2\/media?parent=6943"}],"wp:term":[{"taxonomy":"category","embeddable":true,"href":"https:\/\/wia.net.pl\/index.php\/wp-json\/wp\/v2\/categories?post=6943"},{"taxonomy":"post_tag","embeddable":true,"href":"https:\/\/wia.net.pl\/index.php\/wp-json\/wp\/v2\/tags?post=6943"}],"curies":[{"name":"wp","href":"https:\/\/api.w.org\/{rel}","templated":true}]}}