{"id":697,"date":"2023-05-31T18:45:55","date_gmt":"2023-05-31T16:45:55","guid":{"rendered":"https:\/\/wia.net.pl\/?p=697"},"modified":"2023-05-31T18:45:55","modified_gmt":"2023-05-31T16:45:55","slug":"wszechwidzace-oko-i-starozytni-giganci","status":"publish","type":"post","link":"https:\/\/wia.net.pl\/index.php\/2023\/05\/31\/wszechwidzace-oko-i-starozytni-giganci\/","title":{"rendered":"Wszechwidz\u0105ce oko i staro\u017cytni giganci"},"content":{"rendered":"\n<p>Wiele kultur na ca\u0142ym \u015bwiecie, takich jak staro\u017cytni Mezoamerykanie i klasyczni Grecy, opowiada\u0142o historie o gigantach, opisuj\u0105c ich jako ras\u0119 z krwi i ko\u015bci, kt\u00f3ra \u017cy\u0142a i umar\u0142a &#8211; i kt\u00f3rej ko\u015bci mo\u017cna by\u0142o znale\u017a\u0107 w ziemi, gdzie zostali pochowani dawno temu. Wiele odkry\u0107 ludzi o niezwykle du\u017cej posturze zosta\u0142o udokumentowanych w staro\u017cytnych kopcach i opublikowanych w gazetach, niekt\u00f3re z nich om\u00f3wi\u0142em w innych filmach.<\/p>\n\n\n\n<p>Opowie\u015bci o wielkiej powodzi pojawiaj\u0105 si\u0119 w wielu r\u00f3\u017cnych greckich i rzymskich dokumentach, takich jak Teogonia Hezjoda z VIII wieku p.n.e., Timeaus Platona z V wieku p.n.e., Meteorologia Arystotelesa z IV wieku p.n.e. i wiele innych. Wielu uczonych uwa\u017ca, \u017ce wszystkie te r\u00f3\u017cne wersje dotyczy\u0142y jednej staro\u017cytnej powodzi, podobnej do biblijnej historii Noego, kt\u00f3ra dotkn\u0119\u0142a region Morza \u015ar\u00f3dziemnego w czasach staro\u017cytnych.<\/p>\n\n\n\n<p>\u0179R\u00d3D\u0141O:<\/p>\n\n\n\n<p>Kana\u0142 Atlantean gardens \u2013 https:\/\/www.youtube.com\/c\/AtlanteangardensOrg <\/p>\n\n\n\n<p>Kana\u0142 Robert Sepehr \u2013 https:\/\/www.youtube.com\/user\/818encino<\/p>\n\n\n\n<figure class=\"wp-block-video\"><video controls src=\"https:\/\/wia.net.pl\/wp-content\/uploads\/2023\/05\/Robert-Sepehr-Wszechwidzace-oko-i-starozytni-giganci.mp4\"><\/video><\/figure>\n","protected":false},"excerpt":{"rendered":"<p>Wiele kultur na ca\u0142ym \u015bwiecie, takich jak staro\u017cytni Mezoamerykanie i klasyczni Grecy, opowiada\u0142o historie o gigantach, opisuj\u0105c ich jako ras\u0119 z krwi i ko\u015bci, kt\u00f3ra \u017cy\u0142a i umar\u0142a &#8211; i kt\u00f3rej ko\u015bci mo\u017cna by\u0142o znale\u017a\u0107 w ziemi, gdzie zostali pochowani&#8230; <\/p>\n","protected":false},"author":3,"featured_media":698,"comment_status":"open","ping_status":"open","sticky":false,"template":"","format":"standard","meta":{"_acf_changed":false,"_bbp_topic_count":0,"_bbp_reply_count":0,"_bbp_total_topic_count":0,"_bbp_total_reply_count":0,"_bbp_voice_count":0,"_bbp_anonymous_reply_count":0,"_bbp_topic_count_hidden":0,"_bbp_reply_count_hidden":0,"_bbp_forum_subforum_count":0,"om_disable_all_campaigns":false,"_monsterinsights_skip_tracking":false,"footnotes":""},"categories":[11],"tags":[89,44,42,67,88,32,70],"class_list":["post-697","post","type-post","status-publish","format-standard","has-post-thumbnail","hentry","category-antropologia","tag-atlantean-gardens","tag-historia","tag-illuminati","tag-religie","tag-robert-sepehr","tag-rzad","tag-tajne-stowarzyszenia"],"acf":[],"aioseo_notices":[],"aioseo_head":"\n\t\t<!-- All in One SEO 5.0.1.1 - aioseo.com -->\n\t<meta name=\"description\" content=\"Wiele kultur na ca\u0142ym \u015bwiecie, takich jak staro\u017cytni Mezoamerykanie i klasyczni Grecy, opowiada\u0142o historie o gigantach, opisuj\u0105c ich jako ras\u0119 z krwi i ko\u015bci, kt\u00f3ra \u017cy\u0142a i umar\u0142a - i kt\u00f3rej ko\u015bci mo\u017cna by\u0142o znale\u017a\u0107 w ziemi, gdzie zostali pochowani dawno temu. Wiele odkry\u0107 ludzi o niezwykle du\u017cej posturze zosta\u0142o udokumentowanych w staro\u017cytnych kopcach i\" \/>\n\t<meta name=\"robots\" content=\"max-image-preview:large\" \/>\n\t<meta name=\"author\" content=\"Bart\u0142omiej Talarczyk\"\/>\n\t<link rel=\"canonical\" href=\"https:\/\/wia.net.pl\/index.php\/2023\/05\/31\/wszechwidzace-oko-i-starozytni-giganci\/\" \/>\n\t<meta name=\"generator\" content=\"All in One SEO (AIOSEO) 5.0.1.1\" \/>\n\t\t<meta property=\"og:locale\" content=\"pl_PL\" \/>\n\t\t<meta property=\"og:site_name\" content=\"Wolno\u015b\u0107 i Anarchia - Ka\u017cdy wewn\u0119trznie jest anarchist\u0105.\" \/>\n\t\t<meta property=\"og:type\" content=\"article\" \/>\n\t\t<meta property=\"og:title\" content=\"Wszechwidz\u0105ce oko i staro\u017cytni giganci - Wolno\u015b\u0107 i Anarchia\" \/>\n\t\t<meta property=\"og:description\" content=\"Wiele kultur na ca\u0142ym \u015bwiecie, takich jak staro\u017cytni Mezoamerykanie i klasyczni Grecy, opowiada\u0142o historie o gigantach, opisuj\u0105c ich jako ras\u0119 z krwi i ko\u015bci, kt\u00f3ra \u017cy\u0142a i umar\u0142a - i kt\u00f3rej ko\u015bci mo\u017cna by\u0142o znale\u017a\u0107 w ziemi, gdzie zostali pochowani dawno temu. Wiele odkry\u0107 ludzi o niezwykle du\u017cej posturze zosta\u0142o udokumentowanych w staro\u017cytnych kopcach i\" \/>\n\t\t<meta property=\"og:url\" content=\"https:\/\/wia.net.pl\/index.php\/2023\/05\/31\/wszechwidzace-oko-i-starozytni-giganci\/\" \/>\n\t\t<meta property=\"og:image\" content=\"https:\/\/wia.net.pl\/wp-content\/uploads\/2023\/11\/cropped-freedom-i73367.jpg\" \/>\n\t\t<meta property=\"og:image:secure_url\" content=\"https:\/\/wia.net.pl\/wp-content\/uploads\/2023\/11\/cropped-freedom-i73367.jpg\" \/>\n\t\t<meta property=\"article:published_time\" content=\"2023-05-31T16:45:55+00:00\" \/>\n\t\t<meta property=\"article:modified_time\" content=\"2023-05-31T16:45:55+00:00\" \/>\n\t\t<meta name=\"twitter:card\" content=\"summary_large_image\" \/>\n\t\t<meta name=\"twitter:title\" content=\"Wszechwidz\u0105ce oko i staro\u017cytni giganci - Wolno\u015b\u0107 i Anarchia\" \/>\n\t\t<meta name=\"twitter:description\" content=\"Wiele kultur na ca\u0142ym \u015bwiecie, takich jak staro\u017cytni Mezoamerykanie i klasyczni Grecy, opowiada\u0142o historie o gigantach, opisuj\u0105c ich jako ras\u0119 z krwi i ko\u015bci, kt\u00f3ra \u017cy\u0142a i umar\u0142a - i kt\u00f3rej ko\u015bci mo\u017cna by\u0142o znale\u017a\u0107 w ziemi, gdzie zostali pochowani dawno temu. Wiele odkry\u0107 ludzi o niezwykle du\u017cej posturze zosta\u0142o udokumentowanych w staro\u017cytnych kopcach i\" \/>\n\t\t<meta name=\"twitter:image\" content=\"https:\/\/wia.net.pl\/wp-content\/uploads\/2023\/11\/cropped-freedom-i73367.jpg\" \/>\n\t\t<script type=\"application\/ld+json\" class=\"aioseo-schema\">\n\t\t\t{\"@context\":\"https:\\\/\\\/schema.org\",\"@graph\":[{\"@type\":\"BlogPosting\",\"@id\":\"https:\\\/\\\/wia.net.pl\\\/index.php\\\/2023\\\/05\\\/31\\\/wszechwidzace-oko-i-starozytni-giganci\\\/#blogposting\",\"name\":\"Wszechwidz\\u0105ce oko i staro\\u017cytni giganci - Wolno\\u015b\\u0107 i Anarchia\",\"headline\":\"Wszechwidz\\u0105ce oko i staro\\u017cytni giganci\",\"author\":{\"@id\":\"https:\\\/\\\/wia.net.pl\\\/index.php\\\/author\\\/talar\\\/#author\"},\"publisher\":{\"@id\":\"https:\\\/\\\/wia.net.pl\\\/#person\"},\"image\":{\"@type\":\"ImageObject\",\"url\":\"https:\\\/\\\/wia.net.pl\\\/wp-content\\\/uploads\\\/2023\\\/05\\\/184622-scaled.jpg\",\"width\":2560,\"height\":1978},\"datePublished\":\"2023-05-31T18:45:55+02:00\",\"dateModified\":\"2023-05-31T18:45:55+02:00\",\"inLanguage\":\"pl-PL\",\"mainEntityOfPage\":{\"@id\":\"https:\\\/\\\/wia.net.pl\\\/index.php\\\/2023\\\/05\\\/31\\\/wszechwidzace-oko-i-starozytni-giganci\\\/#webpage\"},\"isPartOf\":{\"@id\":\"https:\\\/\\\/wia.net.pl\\\/index.php\\\/2023\\\/05\\\/31\\\/wszechwidzace-oko-i-starozytni-giganci\\\/#webpage\"},\"articleSection\":\"Antropologia, Atlantean gardens, Historia, Illuminati, Religie, Robert Sepehr, Rz\\u0105d, Tajne stowarzyszenia\"},{\"@type\":\"BreadcrumbList\",\"@id\":\"https:\\\/\\\/wia.net.pl\\\/index.php\\\/2023\\\/05\\\/31\\\/wszechwidzace-oko-i-starozytni-giganci\\\/#breadcrumblist\",\"itemListElement\":[{\"@type\":\"ListItem\",\"@id\":\"https:\\\/\\\/wia.net.pl#listItem\",\"position\":1,\"name\":\"Home\",\"item\":\"https:\\\/\\\/wia.net.pl\",\"nextItem\":{\"@type\":\"ListItem\",\"@id\":\"https:\\\/\\\/wia.net.pl\\\/index.php\\\/category\\\/antropologia\\\/#listItem\",\"name\":\"Antropologia\"}},{\"@type\":\"ListItem\",\"@id\":\"https:\\\/\\\/wia.net.pl\\\/index.php\\\/category\\\/antropologia\\\/#listItem\",\"position\":2,\"name\":\"Antropologia\",\"item\":\"https:\\\/\\\/wia.net.pl\\\/index.php\\\/category\\\/antropologia\\\/\",\"nextItem\":{\"@type\":\"ListItem\",\"@id\":\"https:\\\/\\\/wia.net.pl\\\/index.php\\\/2023\\\/05\\\/31\\\/wszechwidzace-oko-i-starozytni-giganci\\\/#listItem\",\"name\":\"Wszechwidz\\u0105ce oko i staro\\u017cytni giganci\"},\"previousItem\":{\"@type\":\"ListItem\",\"@id\":\"https:\\\/\\\/wia.net.pl#listItem\",\"name\":\"Home\"}},{\"@type\":\"ListItem\",\"@id\":\"https:\\\/\\\/wia.net.pl\\\/index.php\\\/2023\\\/05\\\/31\\\/wszechwidzace-oko-i-starozytni-giganci\\\/#listItem\",\"position\":3,\"name\":\"Wszechwidz\\u0105ce oko i staro\\u017cytni giganci\",\"previousItem\":{\"@type\":\"ListItem\",\"@id\":\"https:\\\/\\\/wia.net.pl\\\/index.php\\\/category\\\/antropologia\\\/#listItem\",\"name\":\"Antropologia\"}}]},{\"@type\":\"Person\",\"@id\":\"https:\\\/\\\/wia.net.pl\\\/#person\",\"name\":\"Bart\\u0142omiej Talarczyk\",\"image\":{\"@type\":\"ImageObject\",\"@id\":\"https:\\\/\\\/wia.net.pl\\\/index.php\\\/2023\\\/05\\\/31\\\/wszechwidzace-oko-i-starozytni-giganci\\\/#personImage\",\"url\":\"https:\\\/\\\/wia.net.pl\\\/wp-content\\\/uploads\\\/avatar-privacy\\\/cache\\\/user\\\/1\\\/7\\\/176a6b161c58363ff49b5c167264231f519f5c7fa183ca1f61e891769b6b56d5-96.jpg\",\"width\":96,\"height\":96,\"caption\":\"Bart\\u0142omiej Talarczyk\"}},{\"@type\":\"Person\",\"@id\":\"https:\\\/\\\/wia.net.pl\\\/index.php\\\/author\\\/talar\\\/#author\",\"url\":\"https:\\\/\\\/wia.net.pl\\\/index.php\\\/author\\\/talar\\\/\",\"name\":\"Bart\\u0142omiej Talarczyk\",\"image\":{\"@type\":\"ImageObject\",\"@id\":\"https:\\\/\\\/wia.net.pl\\\/index.php\\\/2023\\\/05\\\/31\\\/wszechwidzace-oko-i-starozytni-giganci\\\/#authorImage\",\"url\":\"https:\\\/\\\/wia.net.pl\\\/wp-content\\\/uploads\\\/avatar-privacy\\\/cache\\\/user\\\/1\\\/7\\\/176a6b161c58363ff49b5c167264231f519f5c7fa183ca1f61e891769b6b56d5-96.jpg\",\"width\":96,\"height\":96,\"caption\":\"Bart\\u0142omiej Talarczyk\"}},{\"@type\":\"WebPage\",\"@id\":\"https:\\\/\\\/wia.net.pl\\\/index.php\\\/2023\\\/05\\\/31\\\/wszechwidzace-oko-i-starozytni-giganci\\\/#webpage\",\"url\":\"https:\\\/\\\/wia.net.pl\\\/index.php\\\/2023\\\/05\\\/31\\\/wszechwidzace-oko-i-starozytni-giganci\\\/\",\"name\":\"Wszechwidz\\u0105ce oko i staro\\u017cytni giganci - Wolno\\u015b\\u0107 i Anarchia\",\"description\":\"Wiele kultur na ca\\u0142ym \\u015bwiecie, takich jak staro\\u017cytni Mezoamerykanie i klasyczni Grecy, opowiada\\u0142o historie o gigantach, opisuj\\u0105c ich jako ras\\u0119 z krwi i ko\\u015bci, kt\\u00f3ra \\u017cy\\u0142a i umar\\u0142a - i kt\\u00f3rej ko\\u015bci mo\\u017cna by\\u0142o znale\\u017a\\u0107 w ziemi, gdzie zostali pochowani dawno temu. Wiele odkry\\u0107 ludzi o niezwykle du\\u017cej posturze zosta\\u0142o udokumentowanych w staro\\u017cytnych kopcach i\",\"inLanguage\":\"pl-PL\",\"isPartOf\":{\"@id\":\"https:\\\/\\\/wia.net.pl\\\/#website\"},\"breadcrumb\":{\"@id\":\"https:\\\/\\\/wia.net.pl\\\/index.php\\\/2023\\\/05\\\/31\\\/wszechwidzace-oko-i-starozytni-giganci\\\/#breadcrumblist\"},\"author\":{\"@id\":\"https:\\\/\\\/wia.net.pl\\\/index.php\\\/author\\\/talar\\\/#author\"},\"creator\":{\"@id\":\"https:\\\/\\\/wia.net.pl\\\/index.php\\\/author\\\/talar\\\/#author\"},\"image\":{\"@type\":\"ImageObject\",\"url\":\"https:\\\/\\\/wia.net.pl\\\/wp-content\\\/uploads\\\/2023\\\/05\\\/184622-scaled.jpg\",\"@id\":\"https:\\\/\\\/wia.net.pl\\\/index.php\\\/2023\\\/05\\\/31\\\/wszechwidzace-oko-i-starozytni-giganci\\\/#mainImage\",\"width\":2560,\"height\":1978},\"primaryImageOfPage\":{\"@id\":\"https:\\\/\\\/wia.net.pl\\\/index.php\\\/2023\\\/05\\\/31\\\/wszechwidzace-oko-i-starozytni-giganci\\\/#mainImage\"},\"datePublished\":\"2023-05-31T18:45:55+02:00\",\"dateModified\":\"2023-05-31T18:45:55+02:00\"},{\"@type\":\"WebSite\",\"@id\":\"https:\\\/\\\/wia.net.pl\\\/#website\",\"url\":\"https:\\\/\\\/wia.net.pl\\\/\",\"name\":\"Wolno\\u015b\\u0107 i Anarchia\",\"description\":\"Ka\\u017cdy wewn\\u0119trznie jest anarchist\\u0105.\",\"inLanguage\":\"pl-PL\",\"publisher\":{\"@id\":\"https:\\\/\\\/wia.net.pl\\\/#person\"}}]}\n\t\t<\/script>\n\t\t<!-- All in One SEO -->\n\n","aioseo_head_json":{"title":"Wszechwidz\u0105ce oko i staro\u017cytni giganci - Wolno\u015b\u0107 i Anarchia","description":"Wiele kultur na ca\u0142ym \u015bwiecie, takich jak staro\u017cytni Mezoamerykanie i klasyczni Grecy, opowiada\u0142o historie o gigantach, opisuj\u0105c ich jako ras\u0119 z krwi i ko\u015bci, kt\u00f3ra \u017cy\u0142a i umar\u0142a - i kt\u00f3rej ko\u015bci mo\u017cna by\u0142o znale\u017a\u0107 w ziemi, gdzie zostali pochowani dawno temu. Wiele odkry\u0107 ludzi o niezwykle du\u017cej posturze zosta\u0142o udokumentowanych w staro\u017cytnych kopcach i","canonical_url":"https:\/\/wia.net.pl\/index.php\/2023\/05\/31\/wszechwidzace-oko-i-starozytni-giganci\/","robots":"max-image-preview:large","keywords":"","webmasterTools":{"miscellaneous":""},"schema":{"@context":"https:\/\/schema.org","@graph":[{"@type":"BlogPosting","@id":"https:\/\/wia.net.pl\/index.php\/2023\/05\/31\/wszechwidzace-oko-i-starozytni-giganci\/#blogposting","name":"Wszechwidz\u0105ce oko i staro\u017cytni giganci - Wolno\u015b\u0107 i Anarchia","headline":"Wszechwidz\u0105ce oko i staro\u017cytni giganci","author":{"@id":"https:\/\/wia.net.pl\/index.php\/author\/talar\/#author"},"publisher":{"@id":"https:\/\/wia.net.pl\/#person"},"image":{"@type":"ImageObject","url":"https:\/\/wia.net.pl\/wp-content\/uploads\/2023\/05\/184622-scaled.jpg","width":2560,"height":1978},"datePublished":"2023-05-31T18:45:55+02:00","dateModified":"2023-05-31T18:45:55+02:00","inLanguage":"pl-PL","mainEntityOfPage":{"@id":"https:\/\/wia.net.pl\/index.php\/2023\/05\/31\/wszechwidzace-oko-i-starozytni-giganci\/#webpage"},"isPartOf":{"@id":"https:\/\/wia.net.pl\/index.php\/2023\/05\/31\/wszechwidzace-oko-i-starozytni-giganci\/#webpage"},"articleSection":"Antropologia, Atlantean gardens, Historia, Illuminati, Religie, Robert Sepehr, Rz\u0105d, Tajne stowarzyszenia"},{"@type":"BreadcrumbList","@id":"https:\/\/wia.net.pl\/index.php\/2023\/05\/31\/wszechwidzace-oko-i-starozytni-giganci\/#breadcrumblist","itemListElement":[{"@type":"ListItem","@id":"https:\/\/wia.net.pl#listItem","position":1,"name":"Home","item":"https:\/\/wia.net.pl","nextItem":{"@type":"ListItem","@id":"https:\/\/wia.net.pl\/index.php\/category\/antropologia\/#listItem","name":"Antropologia"}},{"@type":"ListItem","@id":"https:\/\/wia.net.pl\/index.php\/category\/antropologia\/#listItem","position":2,"name":"Antropologia","item":"https:\/\/wia.net.pl\/index.php\/category\/antropologia\/","nextItem":{"@type":"ListItem","@id":"https:\/\/wia.net.pl\/index.php\/2023\/05\/31\/wszechwidzace-oko-i-starozytni-giganci\/#listItem","name":"Wszechwidz\u0105ce oko i staro\u017cytni giganci"},"previousItem":{"@type":"ListItem","@id":"https:\/\/wia.net.pl#listItem","name":"Home"}},{"@type":"ListItem","@id":"https:\/\/wia.net.pl\/index.php\/2023\/05\/31\/wszechwidzace-oko-i-starozytni-giganci\/#listItem","position":3,"name":"Wszechwidz\u0105ce oko i staro\u017cytni giganci","previousItem":{"@type":"ListItem","@id":"https:\/\/wia.net.pl\/index.php\/category\/antropologia\/#listItem","name":"Antropologia"}}]},{"@type":"Person","@id":"https:\/\/wia.net.pl\/#person","name":"Bart\u0142omiej Talarczyk","image":{"@type":"ImageObject","@id":"https:\/\/wia.net.pl\/index.php\/2023\/05\/31\/wszechwidzace-oko-i-starozytni-giganci\/#personImage","url":"https:\/\/wia.net.pl\/wp-content\/uploads\/avatar-privacy\/cache\/user\/1\/7\/176a6b161c58363ff49b5c167264231f519f5c7fa183ca1f61e891769b6b56d5-96.jpg","width":96,"height":96,"caption":"Bart\u0142omiej Talarczyk"}},{"@type":"Person","@id":"https:\/\/wia.net.pl\/index.php\/author\/talar\/#author","url":"https:\/\/wia.net.pl\/index.php\/author\/talar\/","name":"Bart\u0142omiej Talarczyk","image":{"@type":"ImageObject","@id":"https:\/\/wia.net.pl\/index.php\/2023\/05\/31\/wszechwidzace-oko-i-starozytni-giganci\/#authorImage","url":"https:\/\/wia.net.pl\/wp-content\/uploads\/avatar-privacy\/cache\/user\/1\/7\/176a6b161c58363ff49b5c167264231f519f5c7fa183ca1f61e891769b6b56d5-96.jpg","width":96,"height":96,"caption":"Bart\u0142omiej Talarczyk"}},{"@type":"WebPage","@id":"https:\/\/wia.net.pl\/index.php\/2023\/05\/31\/wszechwidzace-oko-i-starozytni-giganci\/#webpage","url":"https:\/\/wia.net.pl\/index.php\/2023\/05\/31\/wszechwidzace-oko-i-starozytni-giganci\/","name":"Wszechwidz\u0105ce oko i staro\u017cytni giganci - Wolno\u015b\u0107 i Anarchia","description":"Wiele kultur na ca\u0142ym \u015bwiecie, takich jak staro\u017cytni Mezoamerykanie i klasyczni Grecy, opowiada\u0142o historie o gigantach, opisuj\u0105c ich jako ras\u0119 z krwi i ko\u015bci, kt\u00f3ra \u017cy\u0142a i umar\u0142a - i kt\u00f3rej ko\u015bci mo\u017cna by\u0142o znale\u017a\u0107 w ziemi, gdzie zostali pochowani dawno temu. Wiele odkry\u0107 ludzi o niezwykle du\u017cej posturze zosta\u0142o udokumentowanych w staro\u017cytnych kopcach i","inLanguage":"pl-PL","isPartOf":{"@id":"https:\/\/wia.net.pl\/#website"},"breadcrumb":{"@id":"https:\/\/wia.net.pl\/index.php\/2023\/05\/31\/wszechwidzace-oko-i-starozytni-giganci\/#breadcrumblist"},"author":{"@id":"https:\/\/wia.net.pl\/index.php\/author\/talar\/#author"},"creator":{"@id":"https:\/\/wia.net.pl\/index.php\/author\/talar\/#author"},"image":{"@type":"ImageObject","url":"https:\/\/wia.net.pl\/wp-content\/uploads\/2023\/05\/184622-scaled.jpg","@id":"https:\/\/wia.net.pl\/index.php\/2023\/05\/31\/wszechwidzace-oko-i-starozytni-giganci\/#mainImage","width":2560,"height":1978},"primaryImageOfPage":{"@id":"https:\/\/wia.net.pl\/index.php\/2023\/05\/31\/wszechwidzace-oko-i-starozytni-giganci\/#mainImage"},"datePublished":"2023-05-31T18:45:55+02:00","dateModified":"2023-05-31T18:45:55+02:00"},{"@type":"WebSite","@id":"https:\/\/wia.net.pl\/#website","url":"https:\/\/wia.net.pl\/","name":"Wolno\u015b\u0107 i Anarchia","description":"Ka\u017cdy wewn\u0119trznie jest anarchist\u0105.","inLanguage":"pl-PL","publisher":{"@id":"https:\/\/wia.net.pl\/#person"}}]},"og:locale":"pl_PL","og:site_name":"Wolno\u015b\u0107 i Anarchia - Ka\u017cdy wewn\u0119trznie jest anarchist\u0105.","og:type":"article","og:title":"Wszechwidz\u0105ce oko i staro\u017cytni giganci - Wolno\u015b\u0107 i Anarchia","og:description":"Wiele kultur na ca\u0142ym \u015bwiecie, takich jak staro\u017cytni Mezoamerykanie i klasyczni Grecy, opowiada\u0142o historie o gigantach, opisuj\u0105c ich jako ras\u0119 z krwi i ko\u015bci, kt\u00f3ra \u017cy\u0142a i umar\u0142a - i kt\u00f3rej ko\u015bci mo\u017cna by\u0142o znale\u017a\u0107 w ziemi, gdzie zostali pochowani dawno temu. Wiele odkry\u0107 ludzi o niezwykle du\u017cej posturze zosta\u0142o udokumentowanych w staro\u017cytnych kopcach i","og:url":"https:\/\/wia.net.pl\/index.php\/2023\/05\/31\/wszechwidzace-oko-i-starozytni-giganci\/","og:image":"https:\/\/wia.net.pl\/wp-content\/uploads\/2023\/11\/cropped-freedom-i73367.jpg","og:image:secure_url":"https:\/\/wia.net.pl\/wp-content\/uploads\/2023\/11\/cropped-freedom-i73367.jpg","article:published_time":"2023-05-31T16:45:55+00:00","article:modified_time":"2023-05-31T16:45:55+00:00","twitter:card":"summary_large_image","twitter:title":"Wszechwidz\u0105ce oko i staro\u017cytni giganci - Wolno\u015b\u0107 i Anarchia","twitter:description":"Wiele kultur na ca\u0142ym \u015bwiecie, takich jak staro\u017cytni Mezoamerykanie i klasyczni Grecy, opowiada\u0142o historie o gigantach, opisuj\u0105c ich jako ras\u0119 z krwi i ko\u015bci, kt\u00f3ra \u017cy\u0142a i umar\u0142a - i kt\u00f3rej ko\u015bci mo\u017cna by\u0142o znale\u017a\u0107 w ziemi, gdzie zostali pochowani dawno temu. Wiele odkry\u0107 ludzi o niezwykle du\u017cej posturze zosta\u0142o udokumentowanych w staro\u017cytnych kopcach i","twitter:image":"https:\/\/wia.net.pl\/wp-content\/uploads\/2023\/11\/cropped-freedom-i73367.jpg"},"aioseo_meta_data":{"post_id":"697","title":null,"description":null,"keywords":null,"keyphrases":null,"primary_term":null,"canonical_url":null,"og_title":null,"og_description":null,"og_object_type":"default","og_image_type":"default","og_image_url":null,"og_image_width":null,"og_image_height":null,"og_image_custom_url":null,"og_image_custom_fields":null,"og_video":null,"og_custom_url":null,"og_article_section":null,"og_article_tags":null,"twitter_use_og":false,"twitter_card":"default","twitter_image_type":"default","twitter_image_url":null,"twitter_image_custom_url":null,"twitter_image_custom_fields":null,"twitter_title":null,"twitter_description":null,"schema":{"blockGraphs":[],"customGraphs":[],"default":{"data":{"Article":[],"Course":[],"Dataset":[],"FAQPage":[],"Movie":[],"Person":[],"Product":[],"ProductReview":[],"Car":[],"Recipe":[],"Service":[],"SoftwareApplication":[],"WebPage":[]},"graphName":"","isEnabled":true},"graphs":[]},"schema_type":"default","schema_type_options":null,"pillar_content":false,"robots_default":true,"robots_noindex":false,"robots_noarchive":false,"robots_nosnippet":false,"robots_nofollow":false,"robots_noimageindex":false,"robots_noodp":false,"robots_notranslate":false,"robots_max_snippet":null,"robots_max_videopreview":null,"robots_max_imagepreview":"large","priority":null,"frequency":null,"local_seo":null,"breadcrumb_settings":null,"limit_modified_date":false,"ai":null,"created":"2023-06-06 13:27:52","updated":"2025-06-04 07:19:46","seo_analyzer_scan_date":null,"focus_keyword":null,"additional_keywords":null,"truseo_locale":null},"aioseo_breadcrumb":"<div class=\"aioseo-breadcrumbs\"><span class=\"aioseo-breadcrumb\">\n\t\t\t<a href=\"https:\/\/wia.net.pl\" title=\"Home\">Home<\/a>\n\t\t<\/span><span class=\"aioseo-breadcrumb-separator\">&raquo;<\/span><span class=\"aioseo-breadcrumb\">\n\t\t\t<a href=\"https:\/\/wia.net.pl\/index.php\/category\/antropologia\/\" title=\"Antropologia\">Antropologia<\/a>\n\t\t<\/span><span class=\"aioseo-breadcrumb-separator\">&raquo;<\/span><span class=\"aioseo-breadcrumb\">\n\t\t\tWszechwidz\u0105ce oko i staro\u017cytni giganci\n\t\t<\/span><\/div>","aioseo_breadcrumb_json":[{"label":"Home","link":"https:\/\/wia.net.pl"},{"label":"Antropologia","link":"https:\/\/wia.net.pl\/index.php\/category\/antropologia\/"},{"label":"Wszechwidz\u0105ce oko i staro\u017cytni giganci","link":"https:\/\/wia.net.pl\/index.php\/2023\/05\/31\/wszechwidzace-oko-i-starozytni-giganci\/"}],"_links":{"self":[{"href":"https:\/\/wia.net.pl\/index.php\/wp-json\/wp\/v2\/posts\/697"}],"collection":[{"href":"https:\/\/wia.net.pl\/index.php\/wp-json\/wp\/v2\/posts"}],"about":[{"href":"https:\/\/wia.net.pl\/index.php\/wp-json\/wp\/v2\/types\/post"}],"author":[{"embeddable":true,"href":"https:\/\/wia.net.pl\/index.php\/wp-json\/wp\/v2\/users\/3"}],"replies":[{"embeddable":true,"href":"https:\/\/wia.net.pl\/index.php\/wp-json\/wp\/v2\/comments?post=697"}],"version-history":[{"count":1,"href":"https:\/\/wia.net.pl\/index.php\/wp-json\/wp\/v2\/posts\/697\/revisions"}],"predecessor-version":[{"id":700,"href":"https:\/\/wia.net.pl\/index.php\/wp-json\/wp\/v2\/posts\/697\/revisions\/700"}],"wp:featuredmedia":[{"embeddable":true,"href":"https:\/\/wia.net.pl\/index.php\/wp-json\/wp\/v2\/media\/698"}],"wp:attachment":[{"href":"https:\/\/wia.net.pl\/index.php\/wp-json\/wp\/v2\/media?parent=697"}],"wp:term":[{"taxonomy":"category","embeddable":true,"href":"https:\/\/wia.net.pl\/index.php\/wp-json\/wp\/v2\/categories?post=697"},{"taxonomy":"post_tag","embeddable":true,"href":"https:\/\/wia.net.pl\/index.php\/wp-json\/wp\/v2\/tags?post=697"}],"curies":[{"name":"wp","href":"https:\/\/api.w.org\/{rel}","templated":true}]}}