{"id":707,"date":"2023-05-31T19:04:33","date_gmt":"2023-05-31T17:04:33","guid":{"rendered":"https:\/\/wia.net.pl\/?p=707"},"modified":"2023-05-31T19:04:33","modified_gmt":"2023-05-31T17:04:33","slug":"transhumanizm-i-inzynieria-genetyczna-ludzi","status":"publish","type":"post","link":"https:\/\/wia.net.pl\/index.php\/2023\/05\/31\/transhumanizm-i-inzynieria-genetyczna-ludzi\/","title":{"rendered":"Transhumanizm i in\u017cynieria genetyczna ludzi"},"content":{"rendered":"\n<p>Transhumanizm opowiada si\u0119 za wykorzystaniem obecnych i pojawiaj\u0105cych si\u0119 technologii, takich jak in\u017cynieria genetyczna, sztuczna inteligencja i nanotechnologia, w celu zwi\u0119kszenia ludzkich mo\u017cliwo\u015bci, zwi\u0119kszenia d\u0142ugowieczno\u015bci i poprawy poznania. Termin &#8222;designer baby&#8221; odnosi si\u0119 do dziecka, kt\u00f3re powsta\u0142oby z embrionu, plemnika lub jajka, kt\u00f3re zosta\u0142y zmienione genetycznie. Czy za tym rzekomo altruistycznym ruchem naukowym kryje si\u0119 ukryta agenda polityczna?<\/p>\n\n\n\n<p>\u0179R\u00d3D\u0141O: <\/p>\n\n\n\n<p>Kana\u0142 Atlantean Gardens &#8211; https:\/\/www.youtube.com\/c\/AtlanteangardensOrg <\/p>\n\n\n\n<p>Kana\u0142 Robert Sepehr &#8211; https:\/\/www.youtube.com\/user\/818encino<\/p>\n\n\n\n<figure class=\"wp-block-video\"><video controls src=\"https:\/\/wia.net.pl\/wp-content\/uploads\/2023\/05\/Robert-Sepehr-Transhumanizm-i-inzynieria-genetyczna-ludzi.mp4\"><\/video><\/figure>\n<div class=\"remoji_bar\"><div class=\"remoji_add_container\" data-remoji-id=\"707\" data-remoji-type=\"post\"><div class=\"remoji_add_icon\"><\/div><\/div><div class=\"remoji_error_bar\" data-remoji-id=\"707\" data-remoji-type=\"post\" style=\"display: none;\">Error happened.<\/div><\/div>","protected":false},"excerpt":{"rendered":"<p>Transhumanizm opowiada si\u0119 za wykorzystaniem obecnych i pojawiaj\u0105cych si\u0119 technologii, takich jak in\u017cynieria genetyczna, sztuczna inteligencja i nanotechnologia, w celu zwi\u0119kszenia ludzkich mo\u017cliwo\u015bci, zwi\u0119kszenia d\u0142ugowieczno\u015bci i poprawy poznania. Termin &#8222;designer baby&#8221; odnosi si\u0119 do dziecka, kt\u00f3re powsta\u0142oby z embrionu, plemnika&#8230; <\/p>\n","protected":false},"author":3,"featured_media":713,"comment_status":"open","ping_status":"open","sticky":false,"template":"","format":"standard","meta":{"_acf_changed":false,"_bbp_topic_count":0,"_bbp_reply_count":0,"_bbp_total_topic_count":0,"_bbp_total_reply_count":0,"_bbp_voice_count":0,"_bbp_anonymous_reply_count":0,"_bbp_topic_count_hidden":0,"_bbp_reply_count_hidden":0,"_bbp_forum_subforum_count":0,"om_disable_all_campaigns":false,"_monsterinsights_skip_tracking":false,"_monsterinsights_sitenote_active":false,"_monsterinsights_sitenote_note":"","_monsterinsights_sitenote_category":0,"footnotes":""},"categories":[11],"tags":[73,89,44,42,23,88,32,70,74],"class_list":["post-707","post","type-post","status-publish","format-standard","has-post-thumbnail","hentry","category-antropologia","tag-a-i","tag-atlantean-gardens","tag-historia","tag-illuminati","tag-niewolnictwo","tag-robert-sepehr","tag-rzad","tag-tajne-stowarzyszenia","tag-transhumanizm"],"acf":[],"aioseo_notices":[],"_links":{"self":[{"href":"https:\/\/wia.net.pl\/index.php\/wp-json\/wp\/v2\/posts\/707"}],"collection":[{"href":"https:\/\/wia.net.pl\/index.php\/wp-json\/wp\/v2\/posts"}],"about":[{"href":"https:\/\/wia.net.pl\/index.php\/wp-json\/wp\/v2\/types\/post"}],"author":[{"embeddable":true,"href":"https:\/\/wia.net.pl\/index.php\/wp-json\/wp\/v2\/users\/3"}],"replies":[{"embeddable":true,"href":"https:\/\/wia.net.pl\/index.php\/wp-json\/wp\/v2\/comments?post=707"}],"version-history":[{"count":1,"href":"https:\/\/wia.net.pl\/index.php\/wp-json\/wp\/v2\/posts\/707\/revisions"}],"predecessor-version":[{"id":715,"href":"https:\/\/wia.net.pl\/index.php\/wp-json\/wp\/v2\/posts\/707\/revisions\/715"}],"wp:featuredmedia":[{"embeddable":true,"href":"https:\/\/wia.net.pl\/index.php\/wp-json\/wp\/v2\/media\/713"}],"wp:attachment":[{"href":"https:\/\/wia.net.pl\/index.php\/wp-json\/wp\/v2\/media?parent=707"}],"wp:term":[{"taxonomy":"category","embeddable":true,"href":"https:\/\/wia.net.pl\/index.php\/wp-json\/wp\/v2\/categories?post=707"},{"taxonomy":"post_tag","embeddable":true,"href":"https:\/\/wia.net.pl\/index.php\/wp-json\/wp\/v2\/tags?post=707"}],"curies":[{"name":"wp","href":"https:\/\/api.w.org\/{rel}","templated":true}]}}